{"applied_filters":{"end_date":"","lang":"","language":"","network":"","page":1,"per_page":20,"search":"","source":"dengeamerika_com_direct","start_date":"","topic":"","type":""},"available_filters":{"language_choices":[{"label":"Choose Language","value":""},{"label":"English","value":"English"},{"label":"Espa\u00f1ol","value":"Espa\u00f1ol"},{"label":"Kurdish","value":"Kurdish"}],"network_choices":[{"label":"All networks","value":""},{"label":"VOA","value":"VOA"}],"source_choices":[{"label":"All sources","value":""},{"label":"Current Time","value":"currenttime_tv_direct"},{"label":"Current Time","value":"currenttime_tv_rss"},{"label":"Da Azadi Radio","value":"da_azadiradio_com_rss"},{"label":"Darivoa","value":"darivoa_com_rss"},{"label":"Dengeamerika","value":"dengeamerika_com_direct"},{"label":"Dengeamerika","value":"dengeamerika_com_rss"},{"label":"Dengiamerika","value":"dengiamerika_com_direct"},{"label":"Dengiamerika","value":"dengiamerika_com_rss"},{"label":"Editorials VOA","value":"editorials_voa_gov_rss"},{"label":"Golosameriki","value":"golosameriki_com_direct"},{"label":"Golosameriki","value":"golosameriki_com_rss"},{"label":"Ir VOA News","value":"ir_voanews_com_rss"},{"label":"Mashaalradio","value":"mashaalradio_com_direct"},{"label":"Moldova Europalibera","value":"moldova_europalibera_org_direct"},{"label":"Moldova Europalibera","value":"moldova_europalibera_org_rss"},{"label":"OCB Spanish Video","value":"ocb_spanish_video_scrape"},{"label":"Pa Azadi Radio","value":"pa_azadiradio_com_rss"},{"label":"Pashtovoa","value":"pashtovoa_com_rss"},{"label":"Radiofaarda","value":"radiofaarda_com_direct"},{"label":"Radio Farda","value":"radiofarda_com_direct"},{"label":"Radio Farda","value":"radiofarda_com_rss"},{"label":"Radiosvoboda","value":"radiosvoboda_org_rss"},{"label":"Radiotavisupleba","value":"radiotavisupleba_ge_direct"},{"label":"Radiotavisupleba","value":"radiotavisupleba_ge_rss"},{"label":"Radiotelevisionmarti","value":"radiotelevisionmarti_com_direct"},{"label":"Radiotelevisionmarti","value":"radiotelevisionmarti_com_rss"},{"label":"RFA Burmese","value":"rfa_burmese_rss"},{"label":"RFA Burmese Video Scrape","value":"rfa_burmese_video_scrape"},{"label":"RFA Cantonese","value":"rfa_cantonese_rss"},{"label":"RFA Cantonese Video Scrape","value":"rfa_cantonese_video_scrape"},{"label":"RFA English RSS","value":"rfa_english_rss"},{"label":"RFA English Video","value":"rfa_english_video_scrape"},{"label":"RFA Khmer","value":"rfa_khmer_rss"},{"label":"RFA Khmer Video Scrape","value":"rfa_khmer_video_scrape"},{"label":"RFA Korean","value":"rfa_korean_rss"},{"label":"RFA Korean Video Scrape","value":"rfa_korean_video_scrape"},{"label":"RFA Lao","value":"rfa_lao_rss"},{"label":"RFA Lao Video Scrape","value":"rfa_lao_video_scrape"},{"label":"RFA Mandarin","value":"rfa_mandarin_rss"},{"label":"RFA Mandarin Video Scrape","value":"rfa_mandarin_video_scrape"},{"label":"RFA Tibetan","value":"rfa_tibetan_rss"},{"label":"RFA Tibetan Video Scrape","value":"rfa_tibetan_video_scrape"},{"label":"RFA Uyghur","value":"rfa_uyghur_rss"},{"label":"RFA Uyghur Video Scrape","value":"rfa_uyghur_video_scrape"},{"label":"RFA Vietnamese","value":"rfa_vietnamese_rss"},{"label":"RFA Vietnamese Video Scrape","value":"rfa_vietnamese_video_scrape"},{"label":"RFE/RL Direct","value":"rferl_direct"},{"label":"RFE/RL","value":"rferl_org_rss"},{"label":"Slobodnaevropa","value":"slobodnaevropa_org_direct"},{"label":"Slobodnaevropa","value":"slobodnaevropa_org_rss"},{"label":"Svoboda","value":"svoboda_org_direct"},{"label":"Svoboda","value":"svoboda_org_rss"},{"label":"Ukrainian VOA News","value":"ukrainian_voanews_com_rss"},{"label":"VOA Chinese Direct","value":"voa_chinese_direct"},{"label":"VOA Chinese RSS","value":"voa_chinese_rss"},{"label":"VOA Dari Direct","value":"voa_dari_direct"},{"label":"VOA Korea Direct","value":"voa_korea_direct"},{"label":"VOA Pashto Direct","value":"voa_pashto_direct"},{"label":"VOA Persian Direct","value":"voa_persian_direct"},{"label":"Voakorea","value":"voakorea_com_rss"}],"sources":["currenttime_tv_direct","currenttime_tv_rss","da_azadiradio_com_rss","darivoa_com_rss","dengeamerika_com_direct","dengeamerika_com_rss","dengiamerika_com_direct","dengiamerika_com_rss","editorials_voa_gov_rss","golosameriki_com_direct","golosameriki_com_rss","ir_voanews_com_rss","mashaalradio_com_direct","moldova_europalibera_org_direct","moldova_europalibera_org_rss","ocb_spanish_video_scrape","pa_azadiradio_com_rss","pashtovoa_com_rss","radiofaarda_com_direct","radiofarda_com_direct","radiofarda_com_rss","radiosvoboda_org_rss","radiotavisupleba_ge_direct","radiotavisupleba_ge_rss","radiotelevisionmarti_com_direct","radiotelevisionmarti_com_rss","rfa_burmese_rss","rfa_burmese_video_scrape","rfa_cantonese_rss","rfa_cantonese_video_scrape","rfa_english_rss","rfa_english_video_scrape","rfa_khmer_rss","rfa_khmer_video_scrape","rfa_korean_rss","rfa_korean_video_scrape","rfa_lao_rss","rfa_lao_video_scrape","rfa_mandarin_rss","rfa_mandarin_video_scrape","rfa_tibetan_rss","rfa_tibetan_video_scrape","rfa_uyghur_rss","rfa_uyghur_video_scrape","rfa_vietnamese_rss","rfa_vietnamese_video_scrape","rferl_direct","rferl_org_rss","slobodnaevropa_org_direct","slobodnaevropa_org_rss","svoboda_org_direct","svoboda_org_rss","ukrainian_voanews_com_rss","voa_chinese_direct","voa_chinese_rss","voa_dari_direct","voa_korea_direct","voa_pashto_direct","voa_persian_direct","voakorea_com_rss"],"topics":["250em\u00een Salvegera Serxweb\u00fbna Amer\u00eekay\u00ea","Amer\u00eeka","Bernameya Televizyon\u00ee ya Rojane","Bernamey\u00ean radyoy\u00ea y\u00ean rojane","C\u00eehan","N\u00fb\u00e7ey\u00ean C\u00eehan\u00ea 1","N\u00fb\u00e7ey\u00ean C\u00eehan\u00ea 2","Radyo","V\u00eedyo Galer\u00ee"],"types":[["","All types"],["audio","Audio"],["video","Videos"],["clips","Clips"],["media","Media"]]},"has_next":true,"has_prev":false,"items":[{"audio_source_url":null,"author":null,"available_dubs":[],"downloadable_assets":["https://voa-video-ns.akamaized.net/pangeavideo/2026/09/4/42/423d96af-5526-4e3f-48d8-08decadaa577_1080p.mp4?cb=ee22a4c6a"],"duration_display":"1:00","duration_seconds":60.01,"embed_url":null,"id":13216,"image_caption":null,"image_url":"https://gdb.voanews.com/423d96af-5526-4e3f-48d8-08decadaa577_tv_mw2048_mh2048_n.jpg","is_clip":true,"item_type":"video","item_type_label":"Video","language_label":"Kurdish","media_credit":"VOA","micro_label":"Video report","micro_label_kind":"video","network_label":"VOA","network_logo_url":"/static/uploads/direct_network_logos/voa_1ef13eedbd2f.svg","published_at":"2026-09-02T16:57:14.103000","published_at_display":"2 Sep 2026, 16:57 GMT","sequence_badge_label":null,"sequence_count":null,"sequence_count_label":null,"sequence_frames":[],"sequence_kind":null,"source_name":"dengeamerika_com_direct","source_name_label":"Dengeamerika","source_type":"direct_api","summary":"L\u00eakoler \u00fb pis\u00fbr\u00ean tendrust\u00eey\u00ea di hewldanan de ne, ku bikarin j\u00ee bermay\u00ean plast\u00eek\u00ea, madey\u00ean xwarin\u00ea hilber\u00eenin.","title":"L\u00eakoler\u00ean Austral\u00ee ji Bermay\u00ean Plast\u00eekan Xwarine \u00c7edikin","topic":"V\u00eedyo Galer\u00ee","translation_language":"","url":"https://voa-video-ns.akamaized.net/pangeavideo/2026/09/4/42/423d96af-5526-4e3f-48d8-08decadaa577_1080p.mp4?cb=ee22a4c6a","video_url":"https://voa-video-ns.akamaized.net/pangeavideo/2026/09/4/42/423d96af-5526-4e3f-48d8-08decadaa577_1080p.mp4?cb=ee22a4c6a"},{"audio_source_url":null,"author":null,"available_dubs":[],"downloadable_assets":["https://voa-video-ns.akamaized.net/pangeavideo/2026/09/2/2f/2f184913-5881-4cf7-48d9-08decadaa577_1080p.mp4?cb=ee22a4b59"],"duration_display":"2:21","duration_seconds":141.97,"embed_url":null,"id":13217,"image_caption":null,"image_url":"https://gdb.voanews.com/2f184913-5881-4cf7-48d9-08decadaa577_tv_mw2048_mh2048_n.jpg","is_clip":true,"item_type":"video","item_type_label":"Video","language_label":"Kurdish","media_credit":"VOA","micro_label":"Video report","micro_label_kind":"video","network_label":"VOA","network_logo_url":"/static/uploads/direct_network_logos/voa_1ef13eedbd2f.svg","published_at":"2026-09-02T16:52:41.127000","published_at_display":"2 Sep 2026, 16:52 GMT","sequence_badge_label":null,"sequence_count":null,"sequence_count_label":null,"sequence_frames":[],"sequence_kind":null,"source_name":"dengeamerika_com_direct","source_name_label":"Dengeamerika","source_type":"direct_api","summary":"N\u00fb\u00e7ey\u00ean Zanist\u00ee y\u00ean ji seranser\u00ee c\u00eehan\u00ea di v\u00ea raport\u00ea de bib\u00eenin ku Fatima Sind\u00ee wergerand\u00eeye ser ziman\u00ea kurd\u00ee.","title":"N\u00fb\u00e7ey\u00ean Zanist\u00ee y\u00ean Her\u00ee Daw\u00ee ji Seranser\u00ea C\u00eehan\u00ea","topic":"V\u00eedyo Galer\u00ee","translation_language":"","url":"https://voa-video-ns.akamaized.net/pangeavideo/2026/09/2/2f/2f184913-5881-4cf7-48d9-08decadaa577_1080p.mp4?cb=ee22a4b59","video_url":"https://voa-video-ns.akamaized.net/pangeavideo/2026/09/2/2f/2f184913-5881-4cf7-48d9-08decadaa577_1080p.mp4?cb=ee22a4b59"},{"audio_source_url":null,"author":null,"available_dubs":[],"downloadable_assets":["https://voa-video-ns.akamaized.net/pangeavideo/2026/09/b/ba/baf52335-d7ac-46e1-48d2-08decadaa577_1080p.mp4?cb=ee22a3234"],"duration_display":"3:03","duration_seconds":183.06,"embed_url":null,"id":13115,"image_caption":null,"image_url":"https://gdb.voanews.com/baf52335-d7ac-46e1-48d2-08decadaa577_tv_mw2048_mh2048_n.jpg","is_clip":true,"item_type":"video","item_type_label":"Video","language_label":"Kurdish","media_credit":"VOA","micro_label":"Video report","micro_label_kind":"video","network_label":"VOA","network_logo_url":"/static/uploads/direct_network_logos/voa_1ef13eedbd2f.svg","published_at":"2026-09-02T15:05:24.147000","published_at_display":"2 Sep 2026, 15:05 GMT","sequence_badge_label":null,"sequence_count":null,"sequence_count_label":null,"sequence_frames":[],"sequence_kind":null,"source_name":"dengeamerika_com_direct","source_name_label":"Dengeamerika","source_type":"direct_api","summary":"Saz\u00ee \u00fb navend\u00ean kultura Kurd\u00ee, di nav de Komeleya Mala Kurd\u00ee be\u015fdar\u00ee Global Fest\u00eeval a li bajar\u00ea Calgary y\u00ea Keneday\u00ea b\u00fbn. Kurdan bi m\u00fbz\u00eek, d\u00eelan, xwarin \u00fb hunera xwe ya kevne\u015fop\u00ee fest\u00eeval xemiland. Raporta Ebdo Seyd\u00ee ji Calgary.","title":"Be\u015fdar\u00eeya Kurdan di Global Fest\u00eeval a li Bajar\u00ea Calgary y\u00ea Kendeday\u00ea de","topic":"V\u00eedyo Galer\u00ee","translation_language":"","url":"https://voa-video-ns.akamaized.net/pangeavideo/2026/09/b/ba/baf52335-d7ac-46e1-48d2-08decadaa577_1080p.mp4?cb=ee22a3234","video_url":"https://voa-video-ns.akamaized.net/pangeavideo/2026/09/b/ba/baf52335-d7ac-46e1-48d2-08decadaa577_1080p.mp4?cb=ee22a3234"},{"audio_source_url":null,"author":"Emced Kurdo","available_dubs":[],"downloadable_assets":["https://voa-video-ns.akamaized.net/pangeavideo/2026/09/a/a6/a6dcf022-6610-4296-82ad-08decae8682a_1080p.mp4?cb=ee22a2f78"],"duration_display":"2:47","duration_seconds":167.76,"embed_url":null,"id":13062,"image_caption":null,"image_url":"https://gdb.voanews.com/a6dcf022-6610-4296-82ad-08decae8682a_tv_mw2048_mh2048_n.jpg","is_clip":true,"item_type":"video","item_type_label":"Video","language_label":"Kurdish","media_credit":"VOA","micro_label":"Video report","micro_label_kind":"video","network_label":"VOA","network_logo_url":"/static/uploads/direct_network_logos/voa_1ef13eedbd2f.svg","published_at":"2026-09-02T14:23:00.120000","published_at_display":"2 Sep 2026, 14:23 GMT","sequence_badge_label":null,"sequence_count":null,"sequence_count_label":null,"sequence_frames":[],"sequence_kind":null,"source_name":"dengeamerika_com_direct","source_name_label":"Dengeamerika","source_type":"direct_api","summary":"Ciwan\u00ean Kurd di Koma Ar\u00ee de li Qami\u015flo hewl didin kevne\u015fopiy\u00ean folklora Kurd\u00ee bipar\u00eazin.","title":"Koma Ar\u00ee Hewla Parastina Folklora Kurd\u00ee Dide","topic":"V\u00eedyo Galer\u00ee","translation_language":"","url":"https://voa-video-ns.akamaized.net/pangeavideo/2026/09/a/a6/a6dcf022-6610-4296-82ad-08decae8682a_1080p.mp4?cb=ee22a2f78","video_url":"https://voa-video-ns.akamaized.net/pangeavideo/2026/09/a/a6/a6dcf022-6610-4296-82ad-08decae8682a_1080p.mp4?cb=ee22a2f78"},{"audio_source_url":null,"author":null,"available_dubs":[],"downloadable_assets":["https://voa-video-ns.akamaized.net/pangeavideo/2026/09/9/91/918dc924-bee7-4ef8-7fd3-08def2ed48ad_1080p.mp4?cb=ee2295354"],"duration_display":"59:55","duration_seconds":3595.26,"embed_url":null,"id":12632,"image_caption":null,"image_url":"https://gdb.voanews.com/918dc924-bee7-4ef8-7fd3-08def2ed48ad_tv_mw2048_mh2048_n.jpg","is_clip":false,"item_type":"video","item_type_label":"Video","language_label":"Kurdish","media_credit":"VOA","micro_label":"Video report","micro_label_kind":"video","network_label":"VOA","network_logo_url":"/static/uploads/direct_network_logos/voa_1ef13eedbd2f.svg","published_at":"2026-09-01T23:00:05.860000","published_at_display":"1 Sep 2026, 23:00 GMT","sequence_badge_label":null,"sequence_count":null,"sequence_count_label":null,"sequence_frames":[],"sequence_kind":null,"source_name":"dengeamerika_com_direct","source_name_label":"Dengeamerika","source_type":"direct_api","summary":"N\u00fb\u00e7e \u00fb agah\u00eey\u00ean n\u00fb y\u00ean derbar\u00ea Amer\u00eeka, her\u00eam\u00ean kurdan \u00fb c\u00eehan\u00ea di Bernameya Televizyon\u00ee ya 1\u2019\u00ea \u00celona 2026\u2019an de.","title":"Bernameya Televizyon\u00ee ya 1\u2019\u00ea \u00celona 2026\u2019an","topic":"Bernameya Televizyon\u00ee ya Rojane","translation_language":"","url":"https://voa-video-ns.akamaized.net/pangeavideo/2026/09/9/91/918dc924-bee7-4ef8-7fd3-08def2ed48ad_1080p.mp4?cb=ee2295354","video_url":"https://voa-video-ns.akamaized.net/pangeavideo/2026/09/9/91/918dc924-bee7-4ef8-7fd3-08def2ed48ad_1080p.mp4?cb=ee2295354"},{"audio_source_url":null,"author":"Huner Ehmed","available_dubs":[{"dubbed_video_url":"/static/video/direct_dubs/direct_dub_57_17e1bf5e3f24.mp4","id":57,"label":"Espa\u00f1ol","target_language":"es","target_language_label":"Espa\u00f1ol","voice":"alloy"}],"downloadable_assets":["https://voa-video-ns.akamaized.net/pangeavideo/2026/09/0/05/05bb9e04-5707-4181-f359-08def2b12219_1080p.mp4?cb=ee2294a59"],"duration_display":"2:29","duration_seconds":149.2,"embed_url":null,"id":12607,"image_caption":null,"image_url":"https://gdb.voanews.com/05bb9e04-5707-4181-f359-08def2b12219_tv_mw2048_mh2048_n.jpg","is_clip":true,"item_type":"video","item_type_label":"Video","language_label":"Kurdish","media_credit":"VOA","micro_label":"Video report","micro_label_kind":"video","network_label":"VOA","network_logo_url":"/static/uploads/direct_network_logos/voa_1ef13eedbd2f.svg","published_at":"2026-09-01T22:36:09.930000","published_at_display":"1 Sep 2026, 22:36 GMT","sequence_badge_label":null,"sequence_count":null,"sequence_count_label":null,"sequence_frames":[],"sequence_kind":null,"source_name":"dengeamerika_com_direct","source_name_label":"Dengeamerika","source_type":"direct_api","summary":"Endam\u00ea fraksiyona Yek\u00eetiya Ni\u015ftiman\u00ee ya Kurdistan\u00ea (YNK)\u00ea li parlamentoya \u00ceraq\u00ea ji Deng\u00ea Amer\u00eekay\u00ea re got ku rew\u015f guheriye \u00fb partiy\u00ean siyas\u00ee namzed\u00ean xwe ji bo serokwez\u00eer p\u00ea\u015fk\u00ea\u015f kirine.","title":"Parlamenterk\u00ee \u00ceraq\u00ee: Partiy\u00ean Siyas\u00ee Kand\u00eed\u00ean Xwe ji bo Wezaret\u00ean May\u00ee Dane Serokwez\u00eer","topic":"V\u00eedyo Galer\u00ee","translation_language":"","url":"https://voa-video-ns.akamaized.net/pangeavideo/2026/09/0/05/05bb9e04-5707-4181-f359-08def2b12219_1080p.mp4?cb=ee2294a59","video_url":"https://voa-video-ns.akamaized.net/pangeavideo/2026/09/0/05/05bb9e04-5707-4181-f359-08def2b12219_1080p.mp4?cb=ee2294a59"},{"audio_source_url":null,"author":"S\u00eenor Ker\u00eem","available_dubs":[{"dubbed_video_url":"/static/video/direct_dubs/direct_dub_52_4caf220b815f.mp4","id":52,"label":"English","target_language":"en","target_language_label":"English","voice":"alloy"}],"downloadable_assets":["https://voa-video-ns.akamaized.net/pangeavideo/2026/09/d/dd/dd3e7e8c-5f57-477b-caf1-08decaecd3b3_1080p.mp4?cb=ee229494b"],"duration_display":"2:32","duration_seconds":152.17,"embed_url":null,"id":12608,"image_caption":null,"image_url":"https://gdb.voanews.com/dd3e7e8c-5f57-477b-caf1-08decaecd3b3_tv_mw2048_mh2048_n.jpg","is_clip":true,"item_type":"video","item_type_label":"Video","language_label":"Kurdish","media_credit":"VOA","micro_label":"Video report","micro_label_kind":"video","network_label":"VOA","network_logo_url":"/static/uploads/direct_network_logos/voa_1ef13eedbd2f.svg","published_at":"2026-09-01T22:31:39.130000","published_at_display":"1 Sep 2026, 22:31 GMT","sequence_badge_label":null,"sequence_count":null,"sequence_count_label":null,"sequence_frames":[],"sequence_kind":null,"source_name":"dengeamerika_com_direct","source_name_label":"Dengeamerika","source_type":"direct_api","summary":"Dadgeha Cezay\u00ea ya \u00ceraq\u00ea bi 15 sal cezay\u00ea girt\u00eegeh\u00ea dan du endam\u00ean kom\u00ean \u00e7ekdar ji ber \u00ear\u00ee\u015fa li ser saz\u00ee \u00fb bingeh\u00ean d\u00eeplomat\u00eek \u00fb balyozxaneya Amer\u00eek\u00ee li Bexday\u00ea.","title":"Cezakirina \u00c7end Endam\u00ean Kom\u00ean \u00c7ekdar li \u00ceraq\u00ea","topic":"V\u00eedyo Galer\u00ee","translation_language":"","url":"https://voa-video-ns.akamaized.net/pangeavideo/2026/09/d/dd/dd3e7e8c-5f57-477b-caf1-08decaecd3b3_1080p.mp4?cb=ee229494b","video_url":"https://voa-video-ns.akamaized.net/pangeavideo/2026/09/d/dd/dd3e7e8c-5f57-477b-caf1-08decaecd3b3_1080p.mp4?cb=ee229494b"},{"audio_source_url":null,"author":"D\u00eeyar Cemal","available_dubs":[],"downloadable_assets":["https://voa-video-ns.akamaized.net/pangeavideo/2026/09/e/ef/effbc8d6-a4c4-4c8b-7fd2-08def2ed48ad_1080p.mp4?cb=ee2294c32"],"duration_display":"3:57","duration_seconds":237.41,"embed_url":null,"id":12606,"image_caption":null,"image_url":"https://gdb.voanews.com/effbc8d6-a4c4-4c8b-7fd2-08def2ed48ad_tv_mw2048_mh2048_n.jpg","is_clip":true,"item_type":"video","item_type_label":"Video","language_label":"Kurdish","media_credit":"VOA","micro_label":"Video report","micro_label_kind":"video","network_label":"VOA","network_logo_url":"/static/uploads/direct_network_logos/voa_1ef13eedbd2f.svg","published_at":"2026-09-01T22:27:30.670000","published_at_display":"1 Sep 2026, 22:27 GMT","sequence_badge_label":null,"sequence_count":null,"sequence_count_label":null,"sequence_frames":[],"sequence_kind":null,"source_name":"dengeamerika_com_direct","source_name_label":"Dengeamerika","source_type":"direct_api","summary":"Bajarok\u00ea Xaneq\u00een y\u00ea li par\u00eazgeha Diyalay\u00ea \u00e7end roj in di nav aloziy\u00ea de ye, dema ku welatiyan \u00fb partiy\u00ean siyas\u00ee hewl dan xwep\u00ea\u015fandanek a\u015ftiyane li dij\u00ee erebkirina w\u00ee bajar\u00ea Kurdan li her\u00eam\u00ea encam bidin, h\u00eaz\u00ean \u00ceraq\u00ee r\u00ea li ber xwep\u00ea\u015fandan\u00ea girtin \u00fb du kes girtin.","title":"Rew\u015fa Guhertina Demograf\u00ee ya Xaneq\u00een\u00ea Part\u00eey\u00ean Kurd\u00ee An\u00een ba Hev","topic":"V\u00eedyo Galer\u00ee","translation_language":"","url":"https://voa-video-ns.akamaized.net/pangeavideo/2026/09/e/ef/effbc8d6-a4c4-4c8b-7fd2-08def2ed48ad_1080p.mp4?cb=ee2294c32","video_url":"https://voa-video-ns.akamaized.net/pangeavideo/2026/09/e/ef/effbc8d6-a4c4-4c8b-7fd2-08def2ed48ad_1080p.mp4?cb=ee2294c32"},{"audio_source_url":null,"author":null,"available_dubs":[],"downloadable_assets":["https://voa-video-ns.akamaized.net/pangeavideo/2026/09/1/1d/1df67133-e47a-42a6-48c7-08decadaa577_1080p.mp4?cb=ee229457f"],"duration_display":"7:59","duration_seconds":479.61,"embed_url":null,"id":12609,"image_caption":null,"image_url":"https://gdb.voanews.com/1df67133-e47a-42a6-48c7-08decadaa577_tv_mw2048_mh2048_n.jpg","is_clip":false,"item_type":"video","item_type_label":"Video","language_label":"Kurdish","media_credit":"VOA","micro_label":"Video report","micro_label_kind":"video","network_label":"VOA","network_logo_url":"/static/uploads/direct_network_logos/voa_1ef13eedbd2f.svg","published_at":"2026-09-01T22:15:27.330000","published_at_display":"1 Sep 2026, 22:15 GMT","sequence_badge_label":null,"sequence_count":null,"sequence_count_label":null,"sequence_frames":[],"sequence_kind":null,"source_name":"dengeamerika_com_direct","source_name_label":"Dengeamerika","source_type":"direct_api","summary":"Del\u00eel Doxan, Mamostey\u00ea Zan\u00eengeh\u00ea, ji Qami\u015flo n\u00ear\u00een\u00ean xwe derbar\u00ea v\u00ea mijar\u00ea parve dike","title":"\u00c7aren\u00fbsa Zan\u00eengeh\u00ean Rojava Pist\u00ee Hilwe\u015fandina HSD\u2019\u00ea","topic":"V\u00eedyo Galer\u00ee","translation_language":"","url":"https://voa-video-ns.akamaized.net/pangeavideo/2026/09/1/1d/1df67133-e47a-42a6-48c7-08decadaa577_1080p.mp4?cb=ee229457f","video_url":"https://voa-video-ns.akamaized.net/pangeavideo/2026/09/1/1d/1df67133-e47a-42a6-48c7-08decadaa577_1080p.mp4?cb=ee229457f"},{"audio_source_url":null,"author":"Xec\u00eecan Farq\u00een","available_dubs":[],"downloadable_assets":["https://voa-video-ns.akamaized.net/pangeavideo/2026/09/2/27/27e204ec-9e0a-4108-48c4-08decadaa577_1080p.mp4?cb=ee2292213"],"duration_display":"4:32","duration_seconds":272.15,"embed_url":null,"id":12480,"image_caption":null,"image_url":"https://gdb.voanews.com/27e204ec-9e0a-4108-48c4-08decadaa577_tv_mw2048_mh2048_n.jpg","is_clip":true,"item_type":"video","item_type_label":"Video","language_label":"Kurdish","media_credit":"VOA","micro_label":"Video report","micro_label_kind":"video","network_label":"VOA","network_logo_url":"/static/uploads/direct_network_logos/voa_1ef13eedbd2f.svg","published_at":"2026-09-01T19:44:19.340000","published_at_display":"1 Sep 2026, 19:44 GMT","sequence_badge_label":null,"sequence_count":null,"sequence_count_label":null,"sequence_frames":[],"sequence_kind":null,"source_name":"dengeamerika_com_direct","source_name_label":"Dengeamerika","source_type":"direct_api","summary":"Li Tirk\u00eey\u00ea 1\u00ea \u00celon\u00ea weke roja A\u015ftiy\u00ea t\u00ea p\u00ea\u015fwaz\u00eekirin, DEM Part\u00ee bi boneya roja A\u015ftiy\u00ea me\u015fek girsey\u00ee encam da. Xec\u00eecan Farq\u00een derbar\u00ea \u00e7alak\u00eey\u00ea zanyar\u00eeyan radigih\u00eene.","title":"\u00c7alak\u00eey\u00ean Roja A\u015ftiy\u00ea li Tirk\u00eey\u00ea","topic":"V\u00eedyo Galer\u00ee","translation_language":"","url":"https://voa-video-ns.akamaized.net/pangeavideo/2026/09/2/27/27e204ec-9e0a-4108-48c4-08decadaa577_1080p.mp4?cb=ee2292213","video_url":"https://voa-video-ns.akamaized.net/pangeavideo/2026/09/2/27/27e204ec-9e0a-4108-48c4-08decadaa577_1080p.mp4?cb=ee2292213"},{"audio_source_url":null,"author":null,"available_dubs":[],"downloadable_assets":["https://voa-video-ns.akamaized.net/pangeavideo/2026/09/8/8f/8f7ad131-7d6a-4521-48c3-08decadaa577_1080p.mp4?cb=ee2294316"],"duration_display":"5:25","duration_seconds":325.67,"embed_url":null,"id":12479,"image_caption":null,"image_url":"https://gdb.voanews.com/8f7ad131-7d6a-4521-48c3-08decadaa577_tv_mw2048_mh2048_n.jpg","is_clip":false,"item_type":"video","item_type_label":"Video","language_label":"Kurdish","media_credit":"VOA","micro_label":"Video report","micro_label_kind":"video","network_label":"VOA","network_logo_url":"/static/uploads/direct_network_logos/voa_1ef13eedbd2f.svg","published_at":"2026-09-01T19:40:29.573000","published_at_display":"1 Sep 2026, 19:40 GMT","sequence_badge_label":null,"sequence_count":null,"sequence_count_label":null,"sequence_frames":[],"sequence_kind":null,"source_name":"dengeamerika_com_direct","source_name_label":"Dengeamerika","source_type":"direct_api","summary":"Raport didin zan\u00een ku hejmarek \u015fervan\u00ean PKK\u00ea li gor lihevhatina bi Tirkiy\u00ea re d\u00ea li \u00ceraq \u00fb Her\u00eama Kurdsitan\u00ea bim\u00eenin. Ozlem Yasak li ser mjiar\u00ea p\u00eazan\u00een\u00ean z\u00eadetir dide.","title":"Rola \u00ceraq \u00fb Her\u00eama Kurdistan\u00ea di B\u00ea\u00e7ekkirina PKK'\u00ea de","topic":"V\u00eedyo Galer\u00ee","translation_language":"","url":"https://voa-video-ns.akamaized.net/pangeavideo/2026/09/8/8f/8f7ad131-7d6a-4521-48c3-08decadaa577_1080p.mp4?cb=ee2294316","video_url":"https://voa-video-ns.akamaized.net/pangeavideo/2026/09/8/8f/8f7ad131-7d6a-4521-48c3-08decadaa577_1080p.mp4?cb=ee2294316"},{"audio_source_url":null,"author":"Ridwan B\u00eazar","available_dubs":[],"downloadable_assets":["https://voa-video-ns.akamaized.net/pangeavideo/2026/09/9/9c/9cc26587-bbe9-4843-f354-08def2b12219_1080p.mp4?cb=ee2290f7b"],"duration_display":"2:41","duration_seconds":161.7,"embed_url":null,"id":12438,"image_caption":null,"image_url":"https://gdb.voanews.com/9cc26587-bbe9-4843-f354-08def2b12219_tv_mw2048_mh2048_n.jpg","is_clip":true,"item_type":"video","item_type_label":"Video","language_label":"Kurdish","media_credit":"VOA","micro_label":"Video report","micro_label_kind":"video","network_label":"VOA","network_logo_url":"/static/uploads/direct_network_logos/voa_1ef13eedbd2f.svg","published_at":"2026-09-01T18:24:59.780000","published_at_display":"1 Sep 2026, 18:24 GMT","sequence_badge_label":null,"sequence_count":null,"sequence_count_label":null,"sequence_frames":[],"sequence_kind":null,"source_name":"dengeamerika_com_direct","source_name_label":"Dengeamerika","source_type":"direct_api","summary":"Ji bo zext\u00ea li hik\u00fbmeta demk\u00ee ya S\u00fbr\u00eey\u00ea bike, malbata yek ji girt\u00eey\u00ean di dest\u00ea hik\u00fbmeta \u015eam\u00ea de li p\u00ea\u015f\u00ee avah\u00eeya r\u00eaveber\u00eeya her\u00eam\u00ea ya li Koban\u00eey\u00ea konek\u00ee vedigire. Ridwan B\u00eazar b\u00eatir agah\u00eeyan dide.","title":"Malbateke Koban\u00ee Banga Azadkirina Kur\u00ea Xwe y\u00ea Girt\u00ee Dike","topic":"V\u00eedyo Galer\u00ee","translation_language":"","url":"https://voa-video-ns.akamaized.net/pangeavideo/2026/09/9/9c/9cc26587-bbe9-4843-f354-08def2b12219_1080p.mp4?cb=ee2290f7b","video_url":"https://voa-video-ns.akamaized.net/pangeavideo/2026/09/9/9c/9cc26587-bbe9-4843-f354-08def2b12219_1080p.mp4?cb=ee2290f7b"},{"audio_source_url":null,"author":"\u00cevan Hes\u00eeb","available_dubs":[],"downloadable_assets":["https://voa-video-ns.akamaized.net/pangeavideo/2026/09/c/c1/c148c2d2-043f-4b8e-caea-08decaecd3b3_1080p.mp4?cb=ee2290b0a"],"duration_display":"3:24","duration_seconds":204.88,"embed_url":null,"id":12433,"image_caption":null,"image_url":"https://gdb.voanews.com/c148c2d2-043f-4b8e-caea-08decaecd3b3_tv_mw2048_mh2048_n.jpg","is_clip":true,"item_type":"video","item_type_label":"Video","language_label":"Kurdish","media_credit":"VOA","micro_label":"Video report","micro_label_kind":"video","network_label":"VOA","network_logo_url":"/static/uploads/direct_network_logos/voa_1ef13eedbd2f.svg","published_at":"2026-09-01T18:06:02.693000","published_at_display":"1 Sep 2026, 18:06 GMT","sequence_badge_label":null,"sequence_count":null,"sequence_count_label":null,"sequence_frames":[],"sequence_kind":null,"source_name":"dengeamerika_com_direct","source_name_label":"Dengeamerika","source_type":"direct_api","summary":"Hik\u00fbmeta demk\u00ee ya S\u00fbr\u00eey\u00ea dab\u00eenkirina mazot\u00ea bi buhayek\u00ee k\u00eamkir\u00ee ji jenerator\u00ean elektr\u00eek\u00ea rawestand\u00eeye \u00fb ev yek b\u00fbye sedema rawestandina kar\u00ea jeneratoran \u00fb bilindb\u00fbna buhay\u00ea amp\u00earan. \u00cevan Hes\u00eeb b\u00eatir zanyar\u00ee di v\u00ea raport\u00ea de hene.","title":"Bilindb\u00fbna Buhay\u00ea Mazot\u00ea Kr\u00eeza Elektr\u00eek\u00ea li Qami\u015flo Xirabtir Dike","topic":"V\u00eedyo Galer\u00ee","translation_language":"","url":"https://voa-video-ns.akamaized.net/pangeavideo/2026/09/c/c1/c148c2d2-043f-4b8e-caea-08decaecd3b3_1080p.mp4?cb=ee2290b0a","video_url":"https://voa-video-ns.akamaized.net/pangeavideo/2026/09/c/c1/c148c2d2-043f-4b8e-caea-08decaecd3b3_1080p.mp4?cb=ee2290b0a"},{"audio_source_url":null,"author":"Del\u00eel Sil\u00eaman","available_dubs":[],"downloadable_assets":["https://voa-video-ns.akamaized.net/pangeavideo/2026/09/c/cb/cba15edf-2cfb-4d68-a31c-08def2b10d93_1080p.mp4?cb=ee228e56d"],"duration_display":"3:31","duration_seconds":211.99,"embed_url":null,"id":11998,"image_caption":null,"image_url":"https://gdb.voanews.com/cba15edf-2cfb-4d68-a31c-08def2b10d93_tv_mw2048_mh2048_n.jpg","is_clip":true,"item_type":"video","item_type_label":"Video","language_label":"Kurdish","media_credit":"VOA","micro_label":"Video report","micro_label_kind":"video","network_label":"VOA","network_logo_url":"/static/uploads/direct_network_logos/voa_1ef13eedbd2f.svg","published_at":"2026-09-01T15:22:30.187000","published_at_display":"1 Sep 2026, 15:22 GMT","sequence_badge_label":null,"sequence_count":null,"sequence_count_label":null,"sequence_frames":[],"sequence_kind":null,"source_name":"dengeamerika_com_direct","source_name_label":"Dengeamerika","source_type":"direct_api","summary":"D\u00fbrketina ciwan\u00ean kurd ji xebata siyas\u00ee \u00fb b\u00ea h\u00eav\u00ee b\u00fbna wan ji partiy\u00ean siyas\u00ee y\u00ean li Rojava di sal\u00ean daw\u00ee de, b\u00fbye mijarek giring, \u00e7avd\u00ear \u00fb xelk\u00ea her\u00eam\u00ea v\u00ea yek\u00ea vediger\u00eenin bo \u00e7end\u00een sedeman. Raporta Del\u00eel Sil\u00eaman ji Am\u00fbd\u00ea behsa mijar\u00ea dike.","title":"\u00c7ima Ciwan\u00ean Rojava ji Siyaset\u00ea D\u00fbr Dikevin","topic":"V\u00eedyo Galer\u00ee","translation_language":"","url":"https://voa-video-ns.akamaized.net/pangeavideo/2026/09/c/cb/cba15edf-2cfb-4d68-a31c-08def2b10d93_1080p.mp4?cb=ee228e56d","video_url":"https://voa-video-ns.akamaized.net/pangeavideo/2026/09/c/cb/cba15edf-2cfb-4d68-a31c-08def2b10d93_1080p.mp4?cb=ee228e56d"},{"audio_source_url":null,"author":"\u00cevan Hes\u00eeb","available_dubs":[],"downloadable_assets":["https://voa-video-ns.akamaized.net/pangeavideo/2026/09/c/c0/c0ccc5ad-c648-444c-48bb-08decadaa577_1080p.mp4?cb=ee228e25c"],"duration_display":"3:21","duration_seconds":201.77,"embed_url":null,"id":11999,"image_caption":null,"image_url":"https://gdb.voanews.com/c0ccc5ad-c648-444c-48bb-08decadaa577_tv_mw2048_mh2048_n.jpg","is_clip":true,"item_type":"video","item_type_label":"Video","language_label":"Kurdish","media_credit":"VOA","micro_label":"Video report","micro_label_kind":"video","network_label":"VOA","network_logo_url":"/static/uploads/direct_network_logos/voa_1ef13eedbd2f.svg","published_at":"2026-09-01T15:12:28.547000","published_at_display":"1 Sep 2026, 15:12 GMT","sequence_badge_label":null,"sequence_count":null,"sequence_count_label":null,"sequence_frames":[],"sequence_kind":null,"source_name":"dengeamerika_com_direct","source_name_label":"Dengeamerika","source_type":"direct_api","summary":"Ji bo ku di war\u00ea abor\u00ee de be\u015fdar\u00ee dahat \u00fb debara malbat\u00ea bibin, jin\u00ean Qami\u015flo dest bi proje \u00fb kar\u00ean taybet kirine. Raporta \u00cevan Hes\u00eeb qala hewlidan\u00ean jinan \u00fb projey\u00ean wan y\u00ean abor\u00ee \u00fb karsaziy\u00ea dike.","title":"Jin\u00ean Qami\u015flo ji bo Serxweb\u00fbna Abor\u00ee Dest bi Kar \u00fb Projey\u00ean Taybet Dikin","topic":"V\u00eedyo Galer\u00ee","translation_language":"","url":"https://voa-video-ns.akamaized.net/pangeavideo/2026/09/c/c0/c0ccc5ad-c648-444c-48bb-08decadaa577_1080p.mp4?cb=ee228e25c","video_url":"https://voa-video-ns.akamaized.net/pangeavideo/2026/09/c/c0/c0ccc5ad-c648-444c-48bb-08decadaa577_1080p.mp4?cb=ee228e25c"},{"audio_source_url":null,"author":"Ridwan B\u00eazar","available_dubs":[],"downloadable_assets":["https://voa-video-ns.akamaized.net/pangeavideo/2026/09/d/d0/d0ae127b-775f-4b91-8294-08decae8682a_1080p.mp4?cb=ee228dbfe"],"duration_display":"2:31","duration_seconds":151.01,"embed_url":null,"id":11308,"image_caption":null,"image_url":"https://gdb.voanews.com/d0ae127b-775f-4b91-8294-08decae8682a_tv_mw2048_mh2048_n.jpg","is_clip":true,"item_type":"video","item_type_label":"Video","language_label":"Kurdish","media_credit":"VOA","micro_label":"Video report","micro_label_kind":"video","network_label":"VOA","network_logo_url":"/static/uploads/direct_network_logos/voa_1ef13eedbd2f.svg","published_at":"2026-09-01T14:27:52.917000","published_at_display":"1 Sep 2026, 14:27 GMT","sequence_badge_label":null,"sequence_count":null,"sequence_count_label":null,"sequence_frames":[],"sequence_kind":null,"source_name":"dengeamerika_com_direct","source_name_label":"Dengeamerika","source_type":"direct_api","summary":"Li gund\u00ea \u015e\u00earan\u00ea y\u00ea Koban\u00eey\u00ea ciwan\u00ean ku di l\u00eest\u00eeka futbol\u00ea de serkeft b\u00fbn hatin xelatkirin \u00fb projey\u00ean p\u00ea\u015fxer\u00eey\u00ean gencan hatine destp\u00eakirin, da ku wan ji kar \u00fb \u00e7alak\u00eey\u00ean neba\u015f d\u00fbr bixin.","title":"Li Koban\u00eey\u00ea Destp\u00eakirina Projey\u00ean Hi\u015fyarkirina Gencan \u00fb D\u00fbrxistina Wan ji Kar\u00ean Neba\u015f","topic":"V\u00eedyo Galer\u00ee","translation_language":"","url":"https://voa-video-ns.akamaized.net/pangeavideo/2026/09/d/d0/d0ae127b-775f-4b91-8294-08decae8682a_1080p.mp4?cb=ee228dbfe","video_url":"https://voa-video-ns.akamaized.net/pangeavideo/2026/09/d/d0/d0ae127b-775f-4b91-8294-08decae8682a_1080p.mp4?cb=ee228dbfe"},{"audio_source_url":null,"author":null,"available_dubs":[],"downloadable_assets":["https://voa-video-ns.akamaized.net/pangeavideo/2026/08/9/96/96c386a6-9e42-44fb-48a7-08decadaa577_1080p.mp4?cb=ee228c651"],"duration_display":"2:24","duration_seconds":144.66,"embed_url":null,"id":11274,"image_caption":null,"image_url":"https://gdb.voanews.com/96c386a6-9e42-44fb-48a7-08decadaa577_tv_mw2048_mh2048_n.jpg","is_clip":true,"item_type":"video","item_type_label":"Video","language_label":"Kurdish","media_credit":"VOA","micro_label":"Video report","micro_label_kind":"video","network_label":"VOA","network_logo_url":"/static/uploads/direct_network_logos/voa_1ef13eedbd2f.svg","published_at":"2026-09-01T13:12:49.393000","published_at_display":"1 Sep 2026, 13:12 GMT","sequence_badge_label":null,"sequence_count":null,"sequence_count_label":null,"sequence_frames":[],"sequence_kind":null,"source_name":"dengeamerika_com_direct","source_name_label":"Dengeamerika","source_type":"direct_api","summary":"Di teq\u00eenek\u00ea de li taxeke ni\u015ftecihb\u00fbn\u00ea li Heleb\u00e7e, ku ji encama bi bermay\u00ean teqemen\u00eey\u00ean kevin l\u00eestin\u00ea gule topek teq\u00ee \u00fb di encam de du ciwan hatin ku\u015ftin. Ji bo b\u00eatir agahdar\u00ee di v\u00ea rapor\u00ea de ji h\u00eala Ferhan Hawramany ve hat\u00ee niv\u00eesandin bin\u00eare.","title":"Li Heleb\u00e7ey\u00ea 2 Ciwan di Teq\u00eenek\u00ea de Hatin Ku\u015ftin","topic":"V\u00eedyo Galer\u00ee","translation_language":"","url":"https://voa-video-ns.akamaized.net/pangeavideo/2026/08/9/96/96c386a6-9e42-44fb-48a7-08decadaa577_1080p.mp4?cb=ee228c651","video_url":"https://voa-video-ns.akamaized.net/pangeavideo/2026/08/9/96/96c386a6-9e42-44fb-48a7-08decadaa577_1080p.mp4?cb=ee228c651"},{"audio_source_url":null,"author":"Ferhan Hamaxan","available_dubs":[],"downloadable_assets":["https://voa-video-ns.akamaized.net/pangeavideo/2026/08/f/fd/fd4a3eff-95a4-4704-7f9f-08def2ed48ad_1080p.mp4?cb=ee228bd29"],"duration_display":"3:15","duration_seconds":195.44,"embed_url":null,"id":11260,"image_caption":null,"image_url":"https://gdb.voanews.com/fd4a3eff-95a4-4704-7f9f-08def2ed48ad_tv_mw2048_mh2048_n.jpg","is_clip":true,"item_type":"video","item_type_label":"Video","language_label":"Kurdish","media_credit":"VOA","micro_label":"Video report","micro_label_kind":"video","network_label":"VOA","network_logo_url":"/static/uploads/direct_network_logos/voa_1ef13eedbd2f.svg","published_at":"2026-09-01T12:33:45.197000","published_at_display":"1 Sep 2026, 12:33 GMT","sequence_badge_label":null,"sequence_count":null,"sequence_count_label":null,"sequence_frames":[],"sequence_kind":null,"source_name":"dengeamerika_com_direct","source_name_label":"Dengeamerika","source_type":"direct_api","summary":"Saleke din a xwendin\u00ea li Her\u00eama Kurdistan\u00ea dest p\u00ea dike \u00fb soz\u00ean ku zaravay\u00ea Hewram\u00ee di dersan de were z\u00eadekirin, nehatine bicihan\u00een. Ji bo b\u00eatir agahdar\u00ee di v\u00ea rapora Ferhan Hewram\u00ee de bib\u00eenin.","title":"N\u00eegeraniya Xelk\u00ea Hewraman\u00ea ji ber Neb\u00fbna Dersa bi Zaravay\u00ea Hewram\u00ee","topic":"V\u00eedyo Galer\u00ee","translation_language":"","url":"https://voa-video-ns.akamaized.net/pangeavideo/2026/08/f/fd/fd4a3eff-95a4-4704-7f9f-08def2ed48ad_1080p.mp4?cb=ee228bd29","video_url":"https://voa-video-ns.akamaized.net/pangeavideo/2026/08/f/fd/fd4a3eff-95a4-4704-7f9f-08def2ed48ad_1080p.mp4?cb=ee228bd29"},{"audio_source_url":null,"author":null,"available_dubs":[],"downloadable_assets":["https://voa-video-ns.akamaized.net/pangeavideo/2026/08/c/cb/cbd5bdea-1a77-4c11-48af-08decadaa577_1080p.mp4?cb=ee227e561"],"duration_display":"7:49","duration_seconds":469.84,"embed_url":null,"id":11088,"image_caption":null,"image_url":"https://gdb.voanews.com/cbd5bdea-1a77-4c11-48af-08decadaa577_tv_mw2048_mh2048_n.jpg","is_clip":false,"item_type":"video","item_type_label":"Video","language_label":"Kurdish","media_credit":"VOA","micro_label":"Video report","micro_label_kind":"video","network_label":"VOA","network_logo_url":"/static/uploads/direct_network_logos/voa_1ef13eedbd2f.svg","published_at":"2026-08-31T21:13:05.170000","published_at_display":"31 Aug 2026, 21:13 GMT","sequence_badge_label":null,"sequence_count":null,"sequence_count_label":null,"sequence_frames":[],"sequence_kind":null,"source_name":"dengeamerika_com_direct","source_name_label":"Dengeamerika","source_type":"direct_api","summary":"Senator\u00ean Amer\u00eek\u00ee daxwaz dikin ku Kurd\u00ean Rojhilat li dij\u00ee Komara \u00ceslam\u00ee werin pir\u00e7ekkirin. L\u00eakoler \u00fb \u00c7avd\u00ear\u00ea Siyas\u00ee Ehmed Eskender\u00ee niv\u00eeskar n\u00ear\u00een\u00ean xwe derbar\u00ea mijar\u00ea t\u00eene ziman.","title":"Kurd\u00ean Rojhilat di Navbera Nakok\u00eey\u00ean Amer\u00eeka \u00fb \u00ceran\u00ea de","topic":"V\u00eedyo Galer\u00ee","translation_language":"","url":"https://voa-video-ns.akamaized.net/pangeavideo/2026/08/c/cb/cbd5bdea-1a77-4c11-48af-08decadaa577_1080p.mp4?cb=ee227e561","video_url":"https://voa-video-ns.akamaized.net/pangeavideo/2026/08/c/cb/cbd5bdea-1a77-4c11-48af-08decadaa577_1080p.mp4?cb=ee227e561"},{"audio_source_url":null,"author":null,"available_dubs":[],"downloadable_assets":["https://voa-video-ns.akamaized.net/pangeavideo/2026/08/7/70/7086770f-39a5-48bd-cad3-08decaecd3b3_1080p.mp4?cb=ee227eaca"],"duration_display":"59:41","duration_seconds":3581.12,"embed_url":null,"id":11087,"image_caption":null,"image_url":"https://gdb.voanews.com/7086770f-39a5-48bd-cad3-08decaecd3b3_tv_mw2048_mh2048_n.jpg","is_clip":false,"item_type":"video","item_type_label":"Video","language_label":"Kurdish","media_credit":"VOA","micro_label":"Video report","micro_label_kind":"video","network_label":"VOA","network_logo_url":"/static/uploads/direct_network_logos/voa_1ef13eedbd2f.svg","published_at":"2026-08-31T21:12:21.560000","published_at_display":"31 Aug 2026, 21:12 GMT","sequence_badge_label":null,"sequence_count":null,"sequence_count_label":null,"sequence_frames":[],"sequence_kind":null,"source_name":"dengeamerika_com_direct","source_name_label":"Dengeamerika","source_type":"direct_api","summary":"N\u00fb\u00e7e \u00fb agah\u00eey\u00ean n\u00fb y\u00ean derbar\u00ea Amer\u00eeka, her\u00eam\u00ean kurdan \u00fb c\u00eehan\u00ea di Bernameya Televizyon\u00ee ya 31\u2019\u00ea Tebaxa 2026\u2019an de.","title":"Bernameya Televizyon\u00ee ya 31\u2019\u00ea Tebaxa 2026\u2019an","topic":"Bernameya Televizyon\u00ee ya Rojane","translation_language":"","url":"https://voa-video-ns.akamaized.net/pangeavideo/2026/08/7/70/7086770f-39a5-48bd-cad3-08decaecd3b3_1080p.mp4?cb=ee227eaca","video_url":"https://voa-video-ns.akamaized.net/pangeavideo/2026/08/7/70/7086770f-39a5-48bd-cad3-08decaecd3b3_1080p.mp4?cb=ee227eaca"}],"next_num":2,"page":1,"pages":26,"per_page":20,"prev_num":null,"total":503}
