{"applied_filters":{"end_date":"","lang":"","language":"","network":"","page":1,"per_page":20,"search":"","source":"dengeamerika_com_rss","start_date":"","topic":"","type":""},"available_filters":{"language_choices":[{"label":"Choose Language","value":""},{"label":"Kurdish","value":"Kurdish"}],"network_choices":[{"label":"All networks","value":""},{"label":"VOA","value":"VOA"}],"source_choices":[{"label":"All sources","value":""},{"label":"Current Time","value":"currenttime_tv_direct"},{"label":"Current Time","value":"currenttime_tv_rss"},{"label":"Da Azadi Radio","value":"da_azadiradio_com_rss"},{"label":"Darivoa","value":"darivoa_com_rss"},{"label":"Dengeamerika","value":"dengeamerika_com_direct"},{"label":"Dengeamerika","value":"dengeamerika_com_rss"},{"label":"Dengiamerika","value":"dengiamerika_com_direct"},{"label":"Dengiamerika","value":"dengiamerika_com_rss"},{"label":"Editorials VOA","value":"editorials_voa_gov_rss"},{"label":"Golosameriki","value":"golosameriki_com_direct"},{"label":"Golosameriki","value":"golosameriki_com_rss"},{"label":"Ir VOA News","value":"ir_voanews_com_rss"},{"label":"Mashaalradio","value":"mashaalradio_com_direct"},{"label":"Moldova Europalibera","value":"moldova_europalibera_org_direct"},{"label":"Moldova Europalibera","value":"moldova_europalibera_org_rss"},{"label":"OCB Spanish Video","value":"ocb_spanish_video_scrape"},{"label":"Pa Azadi Radio","value":"pa_azadiradio_com_rss"},{"label":"Pashtovoa","value":"pashtovoa_com_rss"},{"label":"Radiofaarda","value":"radiofaarda_com_direct"},{"label":"Radio Farda","value":"radiofarda_com_direct"},{"label":"Radio Farda","value":"radiofarda_com_rss"},{"label":"Radiosvoboda","value":"radiosvoboda_org_rss"},{"label":"Radiotavisupleba","value":"radiotavisupleba_ge_direct"},{"label":"Radiotavisupleba","value":"radiotavisupleba_ge_rss"},{"label":"Radiotelevisionmarti","value":"radiotelevisionmarti_com_direct"},{"label":"Radiotelevisionmarti","value":"radiotelevisionmarti_com_rss"},{"label":"RFA Burmese","value":"rfa_burmese_rss"},{"label":"RFA Burmese Video Scrape","value":"rfa_burmese_video_scrape"},{"label":"RFA Cantonese","value":"rfa_cantonese_rss"},{"label":"RFA Cantonese Video Scrape","value":"rfa_cantonese_video_scrape"},{"label":"RFA English RSS","value":"rfa_english_rss"},{"label":"RFA English Video","value":"rfa_english_video_scrape"},{"label":"RFA Khmer","value":"rfa_khmer_rss"},{"label":"RFA Khmer Video Scrape","value":"rfa_khmer_video_scrape"},{"label":"RFA Korean","value":"rfa_korean_rss"},{"label":"RFA Korean Video Scrape","value":"rfa_korean_video_scrape"},{"label":"RFA Lao","value":"rfa_lao_rss"},{"label":"RFA Lao Video Scrape","value":"rfa_lao_video_scrape"},{"label":"RFA Mandarin","value":"rfa_mandarin_rss"},{"label":"RFA Mandarin Video Scrape","value":"rfa_mandarin_video_scrape"},{"label":"RFA Tibetan","value":"rfa_tibetan_rss"},{"label":"RFA Tibetan Video Scrape","value":"rfa_tibetan_video_scrape"},{"label":"RFA Uyghur","value":"rfa_uyghur_rss"},{"label":"RFA Uyghur Video Scrape","value":"rfa_uyghur_video_scrape"},{"label":"RFA Vietnamese","value":"rfa_vietnamese_rss"},{"label":"RFA Vietnamese Video Scrape","value":"rfa_vietnamese_video_scrape"},{"label":"RFE/RL Direct","value":"rferl_direct"},{"label":"RFE/RL","value":"rferl_org_rss"},{"label":"Slobodnaevropa","value":"slobodnaevropa_org_direct"},{"label":"Slobodnaevropa","value":"slobodnaevropa_org_rss"},{"label":"Svoboda","value":"svoboda_org_direct"},{"label":"Svoboda","value":"svoboda_org_rss"},{"label":"Ukrainian VOA News","value":"ukrainian_voanews_com_rss"},{"label":"VOA Chinese Direct","value":"voa_chinese_direct"},{"label":"VOA Chinese RSS","value":"voa_chinese_rss"},{"label":"VOA Dari Direct","value":"voa_dari_direct"},{"label":"VOA Korea Direct","value":"voa_korea_direct"},{"label":"VOA Pashto Direct","value":"voa_pashto_direct"},{"label":"VOA Persian Direct","value":"voa_persian_direct"},{"label":"Voakorea","value":"voakorea_com_rss"}],"sources":["currenttime_tv_direct","currenttime_tv_rss","da_azadiradio_com_rss","darivoa_com_rss","dengeamerika_com_direct","dengeamerika_com_rss","dengiamerika_com_direct","dengiamerika_com_rss","editorials_voa_gov_rss","golosameriki_com_direct","golosameriki_com_rss","ir_voanews_com_rss","mashaalradio_com_direct","moldova_europalibera_org_direct","moldova_europalibera_org_rss","ocb_spanish_video_scrape","pa_azadiradio_com_rss","pashtovoa_com_rss","radiofaarda_com_direct","radiofarda_com_direct","radiofarda_com_rss","radiosvoboda_org_rss","radiotavisupleba_ge_direct","radiotavisupleba_ge_rss","radiotelevisionmarti_com_direct","radiotelevisionmarti_com_rss","rfa_burmese_rss","rfa_burmese_video_scrape","rfa_cantonese_rss","rfa_cantonese_video_scrape","rfa_english_rss","rfa_english_video_scrape","rfa_khmer_rss","rfa_khmer_video_scrape","rfa_korean_rss","rfa_korean_video_scrape","rfa_lao_rss","rfa_lao_video_scrape","rfa_mandarin_rss","rfa_mandarin_video_scrape","rfa_tibetan_rss","rfa_tibetan_video_scrape","rfa_uyghur_rss","rfa_uyghur_video_scrape","rfa_vietnamese_rss","rfa_vietnamese_video_scrape","rferl_direct","rferl_org_rss","slobodnaevropa_org_direct","slobodnaevropa_org_rss","svoboda_org_direct","svoboda_org_rss","ukrainian_voanews_com_rss","voa_chinese_direct","voa_chinese_rss","voa_dari_direct","voa_korea_direct","voa_pashto_direct","voa_persian_direct","voakorea_com_rss"],"topics":[],"types":[["","All types"],["article","Articles"],["video","Videos"],["clips","Clips"],["media","Media"]]},"has_next":true,"has_prev":false,"items":[{"audio_source_url":null,"author":null,"available_dubs":[],"downloadable_assets":["https://gdb.voanews.com/8280458f-d17b-49d8-ab0d-c1b21e311472_w1600_r1_n_s.jpg"],"duration_display":"0:00","duration_seconds":null,"embed_url":null,"id":13154,"image_caption":"Serok\u00ea Amer\u00eekay\u00ea Donald Trump","image_url":"https://gdb.voanews.com/8280458f-d17b-49d8-ab0d-c1b21e311472_w1600_r1_n_s.jpg","is_clip":false,"item_type":"article","item_type_label":"Article","language_label":"Kurdish","media_credit":null,"micro_label":"Photo","micro_label_kind":"gallery","network_label":"VOA","network_logo_url":"/static/uploads/direct_network_logos/voa_1ef13eedbd2f.svg","published_at":"2026-09-02T15:38:28","published_at_display":"2 Sep 2026, 15:38 GMT","sequence_badge_label":null,"sequence_count":null,"sequence_count_label":null,"sequence_frames":[],"sequence_kind":null,"source_name":"dengeamerika_com_rss","source_name_label":"Dengeamerika","source_type":"rss","summary":"Serok\u00ea Amer\u00eekay\u00ea Donald Trump di peyamek\u00ea de li ser malpera civak\u00ee Truth Social got ku armanca w\u00ee ne ew e ku \u00ceran\u00ea ne\u00e7ar bike ku vegere ser maseya dan\u00fbstandinan. Trump got, niha rew\u015fa ku \u00ceran t\u00eade ye, ji rew\u015fa dan\u00fbstandinan ji w\u00ee re ba\u015ftire. Trump, \u00ee\u015faret bi raporek ABC-y\u00ea kir ku \u00eedia dikir ku Washington hewl dide \u00ceran\u00ea b\u00eene ser maseya dan\u00fbstandinan. \"Ew hewl nade ku \u00ceran\u00ea ne\u00e7ar bike ku li ser maseya dan\u00fbstandin\u00ea r\u00fbne, wek\u00ee ku ABC Fake News ragihandiye,\" Serok Trump got. Trump niv\u00eesand: \"Ez weha nakim ku peymanek b\u00eawate bi [\u00ceran\u00ea] re \u00eemze bikim.\" W\u00ee got: \"Ez ji rew\u015fa hey\u00ee k\u00eafxwe\u015f im ku em Tengava Hormuz\u00ea kontrol dikin \u00fb aboriya \u00ceran\u00ea bi tevah\u00ee hildiwe\u015fe.\" Serok Trump di dawiya peyama xwe de, axiftina xwe arastey\u00ee gel\u00ea \u00ceran\u00ea kir \u00fb got, \"Gel\u00ea \u00ceran\u00ea keng\u00ee d\u00ea rabe serxwe \u00fb ser\u00ee hilde?\"","title":"Trump: Gel\u00ea \u00ceran\u00ea Keng\u00ee D\u00ea Rabe Ser Xwe \u00fb Serhildan\u00ea Bike?","topic":null,"translation_language":"","url":"https://www.dengeamerika.com/a/trump-iran/8193342.html","video_url":null},{"audio_source_url":null,"author":null,"available_dubs":[],"downloadable_assets":["https://gdb.voanews.com/2b3a6a14-040e-4f77-48c6-08decadaa577_w1600_r1_n_s.jpg"],"duration_display":"0:00","duration_seconds":null,"embed_url":null,"id":13051,"image_caption":null,"image_url":"https://gdb.voanews.com/2b3a6a14-040e-4f77-48c6-08decadaa577_w1600_r1_n_s.jpg","is_clip":false,"item_type":"article","item_type_label":"Article","language_label":"Kurdish","media_credit":null,"micro_label":"Photo","micro_label_kind":"gallery","network_label":"VOA","network_logo_url":"/static/uploads/direct_network_logos/voa_1ef13eedbd2f.svg","published_at":"2026-09-02T13:02:15","published_at_display":"2 Sep 2026, 13:02 GMT","sequence_badge_label":null,"sequence_count":null,"sequence_count_label":null,"sequence_frames":[],"sequence_kind":null,"source_name":"dengeamerika_com_rss","source_name_label":"Dengeamerika","source_type":"rss","summary":"Wez\u00eer\u00ea Xez\u00eeneya Amer\u00eekay\u00ea Scott Bessent \u00eero \u00c7ar\u015fem\u00ea ragihand ku dibe ku kompan\u00eey\u00ean firokan, sektora deryay\u00ee \u00fb perey\u00ean d\u00eej\u00eetal bibin armanc\u00ean n\u00fb y\u00ean cezay\u00ean Amer\u00eekay\u00ea. Wez\u00eer Bessent di hevpeyv\u00eenek\u00ea de ligel kanala Fox News, pi\u015ft\u00ee civ\u00eena G20 a v\u00ea heftey\u00ea ya li Karol\u00eenaya Bakur, li ser pi\u015ftgir\u00eeya R\u00fbsyay\u00ea ya ji bo \u00ceran\u00ea hat pirs\u00een \u00fb hi\u015fyar\u00ee da hem\u00fb kes\u00ee ku pi\u015ftgir\u00eeya rej\u00eema \u00ceran\u00ea nekin. Bessent ji Fox News re got \"Peyama min ji bo hem\u00fb kes\u00ee ev e: Xwe j\u00ea d\u00fbr bixin. Em hem\u00fb dixwazin ev \u015fer bidaw\u00ee bibe, \u00fb her\u00ee lez r\u00eaya qedandina v\u00ea aloz\u00eey\u00ea ew e ku ti kes ti pi\u015ftgir\u00eey\u00ea nede v\u00ea rej\u00eem\u00ea.\" Ev hi\u015fyar\u00eeya Bessent rojek pi\u015ft\u00ee w\u00ea yek\u00ea hat ku Serok\u00ea R\u00fbsyay\u00ea Vladimir Putin pi\u015ftgir\u00eeya xwe ya ji bo \u00ceran\u00ea ragihand.","title":"Bessent Dib\u00eaje Cezay\u00ean N\u00fb li Dij\u00ee \u00ceran\u00ea \u00fb Hevkar\u00ean W\u00ea bi R\u00ea de Ne","topic":null,"translation_language":"","url":"https://www.dengeamerika.com/a/bessent-amer%c3%aeka-%c3%aeran/8193298.html","video_url":null},{"audio_source_url":null,"author":null,"available_dubs":[],"downloadable_assets":["https://gdb.voanews.com/01000000-0a00-0242-f02c-08dc561f7371_w1600_r1_n_s.jpg"],"duration_display":"0:00","duration_seconds":null,"embed_url":null,"id":13005,"image_caption":"Wezareta Derve ya Pakistan\u00ea- \u00ceslamabad","image_url":"https://gdb.voanews.com/01000000-0a00-0242-f02c-08dc561f7371_w1600_r1_n_s.jpg","is_clip":false,"item_type":"article","item_type_label":"Article","language_label":"Kurdish","media_credit":null,"micro_label":"Photo","micro_label_kind":"gallery","network_label":"VOA","network_logo_url":"/static/uploads/direct_network_logos/voa_1ef13eedbd2f.svg","published_at":"2026-09-02T12:09:47","published_at_display":"2 Sep 2026, 12:09 GMT","sequence_badge_label":null,"sequence_count":null,"sequence_count_label":null,"sequence_frames":[],"sequence_kind":null,"source_name":"dengeamerika_com_rss","source_name_label":"Dengeamerika","source_type":"rss","summary":"Pakistan\u00ea roja \u00c7ar\u015fem\u00ea ragihand ku ew bi Amer\u00eekay\u00ea \u00fb \u00ceran\u00ea re di nava dan\u00fbstandinan de ye bi armanca bidaw\u00eean\u00eena pev\u00e7\u00fbn\u00ean di navbera herdu welatan de. Berdevk\u00ea Wezareta Derve ya Pakistan\u00ea Tahir Endrab\u00ee di civ\u00eeneke \u00e7apemen\u00eey\u00ea de diyar kir ku serdana fermandar\u00ea Art\u00ea\u015fa Pakistan\u00ea Asim Mun\u00eer bo Tehran\u00ea di Tebaxa bor\u00ee de di derbar\u00ea kr\u00eeza Tengava Hormuz\u00ea de hewildan\u00ean gir\u00eeng p\u00eakan\u00eene. Tahir Endrab\u00ee di civ\u00eena \u00e7apemen\u00eey\u00ea ya heftane de red kir ku B\u00eernameya Lihevt\u00eagihi\u015ftin\u00ea ya di navbera Amer\u00eeka \u00fb \u00ceran\u00ea de hat\u00ee \u00eemzekirin, b\u00ea b\u00eanador maye. Pakistan tekez dike ku ew pabend e bi hewildan\u00ean berdewam\u00eeya dan\u00fbstandin\u00ean di navbera Amer\u00eekay\u00ea \u00fb \u00ceran\u00ea de. Ber\u00ea, Serokwez\u00eer\u00ea Pakistan\u00ea \u015eehbaz \u015eer\u00eef pi\u015ftrast kir ku Pakistan bi bawer\u00eeyek mezin kar dike di \u00e7ar\u00e7oveya a\u015ft\u00eey\u00ea ya di navbera Amer\u00eeka \u00fb \u00ceran\u00ea de, \u00fb navbenkar\u00eeya w\u00ea, h\u00eav\u00eeya her\u00ee ba\u015f ji bo a\u015ft\u00eey\u00ea li her\u00eam\u00ea p\u00ea\u015fk\u00ea\u015f dike. \u015eer\u00eef diyar kir, \"Hewldan\u00ean me y\u00ean d\u00eeplomat\u00eek \u00ean domdar b\u00fbne sedema \u00eemzekirina B\u00eernameya Lihevt\u00eagihi\u015ftin\u00ea, ku gavek gir\u00eeng ber bi k\u00eamkirina aloziy\u00ea \u00fb vegerandina a\u015ftiy\u00ea li her\u00eam\u00ea tems\u00eel dike.\" H\u00eajay\u00ee gotin\u00ea ye ku di \u00e7ar\u00e7ova girj\u00eey\u00ean n\u00fb de, Fermandar\u00eeya Navend\u00ee ya Amer\u00eekay\u00ea (CENTCOM) ragihand ku h\u00eaz\u00ean w\u00ea li bingeh\u00ean Pasdar\u00ean \u015eore\u015fa \u00ceslam\u00ee ya \u00ceran\u00ea (IRGC) xistine, di nav de \"Bingeh\u00ean berevan\u00eeya esman\u00ee, s\u00eestema radaran, bingeh\u00ean h\u00eaz\u00ean deryay\u00ee, \u015fiyan\u00ean dan\u00eena may\u00eenan \u00fb cih\u00ean ragihandin\u00ea.\" Pa\u015f\u00ea \u00ceran\u00ea diyar kir ku wan operasyoneke tolhildan\u00ea daye destp\u00eakirin. Serok\u00ea Amer\u00eekay\u00ea Donald Trump, bi r\u00eaya platforma xwe ya Truth Social, gef xwar ku eger \u00ceran li dij\u00ee \u00ear\u00ee\u015fa Amer\u00eekay\u00ea bersiv\u00ea bide, ew \u00ea \u00ear\u00ee\u015f\u00ean \"gelek bih\u00eaztir \u00fb dijwartir\" li dij\u00ee rej\u00eema \u00ceran\u00ea encam bidin.","title":"Pakistan Dib\u00eaje Ew Pabend e bi Navbeynkar\u00eeya Dan\u00fbstandin\u00ean Amer\u00eeka \u00fb \u00ceran\u00ea","topic":null,"translation_language":"","url":"https://www.dengeamerika.com/a/pakistan-amerika-iran/8193286.html","video_url":null},{"audio_source_url":null,"author":null,"available_dubs":[],"downloadable_assets":["https://gdb.voanews.com/5ad899b6-4aa0-474c-a66e-6be7fcd2af65_cx0_cy5_cw0_w1600_r1_n_s.jpg"],"duration_display":"0:00","duration_seconds":null,"embed_url":null,"id":12981,"image_caption":null,"image_url":"https://gdb.voanews.com/5ad899b6-4aa0-474c-a66e-6be7fcd2af65_cx0_cy5_cw0_w1600_r1_n_s.jpg","is_clip":false,"item_type":"article","item_type_label":"Article","language_label":"Kurdish","media_credit":null,"micro_label":"Photo","micro_label_kind":"gallery","network_label":"VOA","network_logo_url":"/static/uploads/direct_network_logos/voa_1ef13eedbd2f.svg","published_at":"2026-09-02T11:56:25","published_at_display":"2 Sep 2026, 11:56 GMT","sequence_badge_label":null,"sequence_count":null,"sequence_count_label":null,"sequence_frames":[],"sequence_kind":null,"source_name":"dengeamerika_com_rss","source_name_label":"Dengeamerika","source_type":"rss","summary":"Wez\u00eer\u00ea Enerj\u00eeya Amer\u00eekay\u00ea Chris Wright ragihand ku ew gih\u00ee\u015ft\u00eeye Venezuelay\u00ea. Wright doh \u00eavara S\u00ea\u015fem\u00ea li ser platforma X\u2019\u00ea got ku peywend\u00eey\u00ean Serok\u00ea Amer\u00eekay\u00ea Donald Trump \u00ean bi Venezuelay\u00ea re di war\u00ea enerj\u00eey\u00ea de encam\u00ean ba\u015f dide. W\u00ee tekez kir ku ev peywend\u00ee r\u00ea li ber peyman\u00ean n\u00fb y\u00ean enerj\u00eey\u00ea vedike, der\u00eeyan ji bo kompan\u00eey\u00ean neft \u00fb gaza Amer\u00eek\u00ee vedike \u00fb ewlekar\u00eeya enerj\u00eey\u00ea li her\u00eam\u00ea xurttir dike. Wez\u00eer Wright herwiha ragihand ku armanca sereke z\u00eadekirina hilber\u00eena nefta Venezuelay\u00ea ye di sal\u00ean p\u00ea\u015f de \u00fb e\u015fkere kir ku Amer\u00eeka plan dike 30 heta 50 m\u00eelyon berm\u00eel nefta ku hat\u00eeye cezakirin bifro\u015fe bazaran da ku bihay\u00ea neft\u00ea li c\u00eehan\u00ea \u00fb li Amer\u00eekay\u00ea dax\u00eene.","title":"Wez\u00eer\u00ea Enerj\u00eeya Amer\u00eekay\u00ea Gih\u00ee\u015ft Venezuelay\u00ea","topic":null,"translation_language":"","url":"https://www.dengeamerika.com/a/amer%c3%aeka-venezuela-neft/8193285.html","video_url":null},{"audio_source_url":null,"author":null,"available_dubs":[],"downloadable_assets":["https://gdb.voanews.com/bce747a0-a29f-4c3f-d8e5-08ddeae678fe_w1600_r1_n_s.jpg"],"duration_display":"0:00","duration_seconds":null,"embed_url":null,"id":12960,"image_caption":"Ar\u015f\u00eev: Endam\u00ean IDF li Bakur\u00ea Xezay\u00ea","image_url":"https://gdb.voanews.com/bce747a0-a29f-4c3f-d8e5-08ddeae678fe_w1600_r1_n_s.jpg","is_clip":false,"item_type":"article","item_type_label":"Article","language_label":"Kurdish","media_credit":null,"micro_label":"Photo","micro_label_kind":"gallery","network_label":"VOA","network_logo_url":"/static/uploads/direct_network_logos/voa_1ef13eedbd2f.svg","published_at":"2026-09-02T11:23:43","published_at_display":"2 Sep 2026, 11:23 GMT","sequence_badge_label":null,"sequence_count":null,"sequence_count_label":null,"sequence_frames":[],"sequence_kind":null,"source_name":"dengeamerika_com_rss","source_name_label":"Dengeamerika","source_type":"rss","summary":"Li gor\u00ee ragihandina H\u00eaz\u00ean Berevan\u00eeya \u00cesra\u00eel\u00ea (IDF), ku \u00c7ar\u015fem\u00ea di platforma X'\u00ea de we\u015fand, Telal Mistefa Salih Bedew\u00ee, fermandarek\u00ee Be\u015f\u00ea Ewlekar\u00eeya Le\u015fker\u00ee ya Hemas\u00ea li Xezay\u00ea, \u00fb Momin Se'\u00eed Mihemed Hewar\u00ee, ku wek\u00ee endamek\u00ee Hemas\u00ea hat binavkirin, di \u00ear\u00ee\u015fek\u00ea de hatin ku\u015ftin. IDF'\u00ea ragihand ku herdu kes di p\u00ea\u015fxistina \u00ear\u00ee\u015f\u00ean teror\u00ea li dij\u00ee siv\u00eel\u00ean \u00cesra\u00eel\u00ee \u00fb le\u015fker\u00ean IDF'\u00ea de rol heb\u00fbn \u00fb ji bo vegerandina \u015fiyan\u00ean r\u00eaxistina \u00e7ekdar\u00ee ya Hemas\u00ea dixebit\u00een. Li gor\u00ee daxuyan\u00eey\u00ea, kes\u00ean hatine ku\u015ftin bi \u015f\u00eawek\u00ea sistemat\u00eek agirbesta hey\u00ee binp\u00ea kirine. \u00cesra\u00eel dib\u00eaje \u00ear\u00ee\u015fa li dij\u00ee wan p\u00eakhat\u00ee, ji bo rakirina gefek\u00ea ku n\u00eaz\u00eek b\u00fb bihata encamdan. Di peyameke din de ku ew j\u00ee li ser X'\u00ea hat belavkirin, h\u00eaz\u00ean \u00cesra\u00eel\u00ea got ku binesaz\u00eeya teror\u00ea ya Hizbullaha Libnan\u00ea li her\u00eama Nebet\u00eeye, li ba\u015f\u00fbr\u00ea Libnan\u00ea, hatiye armancgirtin. Li gor\u00ee daxuyan\u00eey\u00ea, ev binesaz\u00ee ji bo plankirin \u00fb r\u00eavebirina \u00ear\u00ee\u015f\u00ean teror\u00ea li dij\u00ee siv\u00eel\u00ean \u00cesra\u00eel\u00ee \u00fb le\u015fker\u00ean IDF'\u00ea di her\u00eama ewleh\u00eey\u00ea de dihat bikaran\u00een. \u00cesra\u00eel\u00ea diyar kir ku \u00ear\u00ee\u015f\u00ean li ba\u015f\u00fbr\u00ea Libnan\u00ea pi\u015ft\u00ee ku Hizbullah du dron\u00ean bi madey\u00ean teqemen\u00ee ve ber bi le\u015fker\u00ean IDF'\u00ea ve \u015fandib\u00fbn, hatin kirin.","title":"\u00cesra\u00eel Dib\u00eaje w\u00ea Fermandarek \u00fb Endamek\u00ee Hemas\u00ea li Xezay\u00ea Ku\u015ftine","topic":null,"translation_language":"","url":"https://www.dengeamerika.com/a/israil-hemas-hizbullah/8193282.html","video_url":null},{"audio_source_url":null,"author":null,"available_dubs":[],"downloadable_assets":["https://gdb.voanews.com/bcfb731b-2800-4885-ab1a-4b16a87ce7c5_w1600_r1_n_s.jpg"],"duration_display":"0:00","duration_seconds":null,"embed_url":null,"id":12658,"image_caption":"Bahrain US Rubio Gulf","image_url":"https://gdb.voanews.com/bcfb731b-2800-4885-ab1a-4b16a87ce7c5_w1600_r1_n_s.jpg","is_clip":false,"item_type":"article","item_type_label":"Article","language_label":"Kurdish","media_credit":null,"micro_label":"Photo","micro_label_kind":"gallery","network_label":"VOA","network_logo_url":"/static/uploads/direct_network_logos/voa_1ef13eedbd2f.svg","published_at":"2026-09-02T00:05:23","published_at_display":"2 Sep 2026, 00:05 GMT","sequence_badge_label":null,"sequence_count":null,"sequence_count_label":null,"sequence_frames":[],"sequence_kind":null,"source_name":"dengeamerika_com_rss","source_name_label":"Dengeamerika","source_type":"rss","summary":"Wezareta Navxwey\u00ee ya welat\u00ea Behreyn\u00ea \u00eero S\u00ea\u015fem\u00ea Hi\u015fyar\u00eeyek ji bo gef\u00ean muhtemel da welat\u00eey\u00ean xwe. Wezaret\u00ea li ser platforma X\u2019\u00ea ji welat\u00ee \u00fb ni\u015ftecihan xwest ku \"aram bim\u00eenin, ber bi cih\u00ean ewle y\u00ean her\u00ee n\u00eaz\u00eek ve bi\u00e7in \u00fb ji bo parastina ewleh\u00eeya gi\u015ft\u00ee, bi r\u00eaya kenal\u00ean ferm\u00ee n\u00fb\u00e7eyan bi\u015fop\u00eenin.\u201d Ev hi\u015fyar\u00ee t\u00ea di demek\u00ea de ku nakok\u00eey\u00ean di navbera Amer\u00eeka \u00fb \u00ceran\u00ea de li her\u00eam\u00ea gur dibin. \u00ceran\u00ea bi m\u00fb\u015fekan \u00ear\u00ee\u015f\u00ee bingeha le\u015fker\u00ee ya Amer\u00eeka li Urdun\u00ea kirib\u00fb, \u00fb Amer\u00eeka bi p\u00ealeke \u00ear\u00ee\u015fan bersiva \u00ceran\u00ea da. Serok\u00ea Amer\u00eeka Donald Trump \u00eero hi\u015fyar\u00ee da \u00fb got: \"Eger \u00ceran a t\u00eak\u00e7\u00fby\u00ee bersiva v\u00ea \u00ear\u00ee\u015fa me ya mafdar bide, em\u00ea h\u00een tundtir \u00fb di asteke bilindtir de li wan bixin.","title":"Behreyn Hi\u015fyar\u00eeya Gef\u00ean Muhtemel Dide Welat\u00eey\u00ean xwe","topic":null,"translation_language":"","url":"https://www.dengeamerika.com/a/bahrain-iran-us/8193259.html","video_url":null},{"audio_source_url":null,"author":null,"available_dubs":[],"downloadable_assets":["https://gdb.voanews.com/cd4aded7-08ff-4925-a103-5deb332360ab_w1600_r1_n_s.jpg"],"duration_display":"0:00","duration_seconds":null,"embed_url":null,"id":12646,"image_caption":"Sekreter\u00ea Gi\u015ft\u00ee y\u00ea Netewey\u00ean Yekb\u00fby\u00ee Antonio Guterres","image_url":"https://gdb.voanews.com/cd4aded7-08ff-4925-a103-5deb332360ab_w1600_r1_n_s.jpg","is_clip":false,"item_type":"article","item_type_label":"Article","language_label":"Kurdish","media_credit":null,"micro_label":"Photo","micro_label_kind":"gallery","network_label":"VOA","network_logo_url":"/static/uploads/direct_network_logos/voa_1ef13eedbd2f.svg","published_at":"2026-09-01T23:27:02","published_at_display":"1 Sep 2026, 23:27 GMT","sequence_badge_label":null,"sequence_count":null,"sequence_count_label":null,"sequence_frames":[],"sequence_kind":null,"source_name":"dengeamerika_com_rss","source_name_label":"Dengeamerika","source_type":"rss","summary":"Sekreter\u00ea Gi\u015ft\u00ee y\u00ea Netewey\u00ean Yekb\u00fby\u00ee Antonio Guterres \u00eero S\u00ea\u015fem\u00ea xem\u00ean xwe li dor nakok\u00eey\u00ean li Rojhilata Nav\u00een der bir\u00een \u00fb got ku wan bandor\u00ean dermdir\u00eaj kirine. Guterres li ser platforma X\u2019\u00ea an\u00ee ziman ku \u201cPeyman \u00fb agirbest bi berdewam\u00ee t\u00eane binp\u00eakirin, \u00fb \u00ear\u00ee\u015f berdewam dikin.\u201d W\u00ee got, \u201cEz banga aram\u00eeya her\u00ee z\u00eade \u00fb r\u00eazgirtina li peyman \u00fb qan\u00fbn\u00ean navnetewey\u00ee dikim.\u201d \u201cJi her dem\u00ea b\u00eahtir, me p\u00eaw\u00eest\u00ee bi dan\u00fbstandinan heye ji bo a\u015ft\u00eeyeke dadmend \u00fb may\u00eende li gor\u00ee qan\u00fbn\u00ean navnetewey\u00ee, di nav de j\u00ee Peymana Netewey\u00ean Yekb\u00fby\u00ee \u00fb biryar\u00ean t\u00eakildar \u00ean w\u00ea,\u201d Guterres got. Axaftina Guterres t\u00ea di demek\u00ea de ku \u00ceran \u00ear\u00ee\u015f\u00ee ke\u015ft\u00eey\u00ean bazirgan\u00ee y\u00ean li Tengava Hormuz\u00ea dike \u00fb welat\u00ean her\u00eam\u00ea dike armanc. Amer\u00eeka j\u00ee, wek\u00ee bersivdan, \u00ear\u00ee\u015f\u00ee armanc\u00ean le\u015fker\u00ee y\u00ean w\u00ee welat\u00ee dike.","title":"Guterres: Nakok\u00eey\u00ean li Rojhilata Nav\u00een Bandor\u00ean D\u00fbr \u00fb Dir\u00eaj Kirine","topic":null,"translation_language":"","url":"https://www.dengeamerika.com/a/guterres-middle-east/8193041.html","video_url":null},{"audio_source_url":null,"author":null,"available_dubs":[],"downloadable_assets":["https://gdb.voanews.com/51e1d7b2-13c6-4471-a73b-c38bd1bd693a_w1600_r1_n_s.jpg"],"duration_display":"0:00","duration_seconds":null,"embed_url":null,"id":12648,"image_caption":null,"image_url":"https://gdb.voanews.com/51e1d7b2-13c6-4471-a73b-c38bd1bd693a_w1600_r1_n_s.jpg","is_clip":false,"item_type":"article","item_type_label":"Article","language_label":"Kurdish","media_credit":null,"micro_label":"Photo","micro_label_kind":"gallery","network_label":"VOA","network_logo_url":"/static/uploads/direct_network_logos/voa_1ef13eedbd2f.svg","published_at":"2026-09-01T23:02:09","published_at_display":"1 Sep 2026, 23:02 GMT","sequence_badge_label":null,"sequence_count":null,"sequence_count_label":null,"sequence_frames":[],"sequence_kind":null,"source_name":"dengeamerika_com_rss","source_name_label":"Dengeamerika","source_type":"rss","summary":"Fermandar\u00eeya Navend\u00ee ya Amer\u00eeka(CENTCOM) \u00eero S\u00ea\u015fem\u00ea ragihand ku w\u00ea p\u00eala \u00ear\u00ee\u015fan a dij\u00ee armanc\u00ean \u00ceran\u00ea bi awayek\u00ee serkeft\u00ee temam kir. CENTCOM\u2019\u00ea di daxuyan\u00eeyek\u00ea de li ser platforma X\u2019\u00ea got,\u201d H\u00eaz\u00ean Fermandar\u00eeya Navend\u00ee ya Amer\u00eekay\u00ea di 1\u2019\u00ea \u00celon\u00ea de bi serkeft\u00ee p\u00ealek \u00ear\u00ee\u015fan li dij\u00ee armanc\u00ean le\u015fker\u00ee y\u00ean \u00ceran\u00ea temam kir.\u201d W\u00ea got, \u201cH\u00eaz\u00ean Amer\u00eekay\u00ea li armanc\u00ean Supaya Pasdar\u00ean \u015eore\u015fa \u00ceslam\u00ee ya \u00ceran\u00ea (IRGC) xistin, di nav de j\u00ee cih\u00ean parastina esman\u00ee, s\u00eestem\u00ean radar\u00ea, bingeh\u00ean deryay\u00ee, \u015f\u00eeyan\u00ean dan\u00eena may\u00eenan \u00fb cih\u00ean ragihandin\u00ea.\u201d \u201cEv \u00ear\u00ee\u015f pi\u015ft\u00ee \u00ear\u00ee\u015f\u00ean daw\u00ee y\u00ean IRGC\u2019y\u00ea li dij\u00ee ke\u015ft\u00eey\u00ean bazirgan\u00ee li Tengava Hormuz \u00fb li dij\u00ee endam\u00ean xizmeta Amer\u00eek\u00ee t\u00ean,\u201d CENTCOM\u2019\u00ea got. H\u00eaz\u00ean Amer\u00eek\u00ee an\u00ee ziman ku \u201cZ\u00eadetir\u00ee 50,000 endam\u00ean xizmeta Amer\u00eek\u00ee niha li seranser\u00ea Rojhilata Nav\u00een dixebitin \u00fb hi\u015fyar \u00fb amade ne ku operasyon\u00ean ku ji h\u00eala Fermandar\u00ea Gi\u015ft\u00ee ve t\u00eane r\u00eavebirin, bidom\u00eenin.\u201d","title":"Amer\u00eeka P\u00eala \u00eero ya \u00car\u00ee\u015f\u00ean Dij\u00ee \u00ceran\u00ea Temam Kir","topic":null,"translation_language":"","url":"https://www.dengeamerika.com/a/centcom-iran/8193034.html","video_url":null},{"audio_source_url":null,"author":null,"available_dubs":[],"downloadable_assets":["https://gdb.voanews.com/f1c92e6c-0bc9-4c57-a381-79d18d79706c_w1600_r1_n_s.jpg"],"duration_display":"0:00","duration_seconds":null,"embed_url":null,"id":12449,"image_caption":null,"image_url":"https://gdb.voanews.com/f1c92e6c-0bc9-4c57-a381-79d18d79706c_w1600_r1_n_s.jpg","is_clip":false,"item_type":"article","item_type_label":"Article","language_label":"Kurdish","media_credit":null,"micro_label":"Photo","micro_label_kind":"gallery","network_label":"VOA","network_logo_url":"/static/uploads/direct_network_logos/voa_1ef13eedbd2f.svg","published_at":"2026-09-01T18:03:10","published_at_display":"1 Sep 2026, 18:03 GMT","sequence_badge_label":null,"sequence_count":null,"sequence_count_label":null,"sequence_frames":[],"sequence_kind":null,"source_name":"dengeamerika_com_rss","source_name_label":"Dengeamerika","source_type":"rss","summary":"Serok\u00ea Amer\u00eekay\u00ea Donald Trump \u00eero S\u00ea\u015fem\u00ea ragihand ku h\u00eaz\u00ean Amer\u00eekay\u00ea niha \u00ear\u00ee\u015f\u00ee armanc\u00ean \u00ceran\u00ea y\u00ean li n\u00eaz\u00eek\u00ee Tengava Hormuz\u00ea dikin. Serok Trump li ser platforma Truth Social diyar kir ku ev \u00ear\u00ee\u015f\u00ean wan \u201cmezin \u00fb bi h\u00eaz in.\u201d W\u00ee got ku ev wek bersivek e ji bo hewldan\u00ean \u00ceran\u00ea y\u00ean ji bo dan\u00eena may\u00een\u00ean deryay\u00ea li Tengava Hormuz\u00ea, ku niha \u201cti may\u00een t\u00ea de n\u00eenin, ji ber ku hem\u00fb hatine rakirin an teqandin.\u201d Serok\u00ea Amer\u00eekay\u00ea herwiha e\u015fkere kir ku \u00ceran\u00ea 8 m\u00fb\u015fek av\u00eatine ser bingeha wan a le\u015fker\u00ee ya li Urdun\u00ea, l\u00ea hem\u00fb m\u00fb\u015fek li heway\u00ea hatine p\u00fb\u00e7kirin. Trump hi\u015fyar\u00ee da \u00fb got: \"Eger \u00ceran a t\u00eak\u00e7\u00fby\u00ee bersiva v\u00ea \u00ear\u00ee\u015fa me ya mafdar bide, em\u00ea h\u00een tundtir \u00fb di asteke bilindtir de li wan bixin. L\u00ea ew\u00ea d\u00eesan nebe \u00ear\u00ee\u015fa me ya her\u00ee mezin. \u00car\u00ee\u015fa me ya her\u00ee mezin li benda ferman\u00ea ye \u00fb dema ew \u00e7\u00ea bibe, ji Komara \u00ceslam\u00ee ya \u00ceran\u00ea rti\u015ftek gelek k\u00eam dim\u00eene!\"","title":"Trump: H\u00eaz\u00ean Amer\u00eekay\u00ea Niha li Armanc\u00ean \u00ceran\u00ea Didin","topic":null,"translation_language":"","url":"https://www.dengeamerika.com/a/trump-amer%c3%aeka-%c3%aeran/8192940.html","video_url":null},{"audio_source_url":null,"author":null,"available_dubs":[],"downloadable_assets":["https://gdb.voanews.com/8cb0efa2-bfda-47e4-cbf4-08decd2a5d35_w1600_r1_n_s.jpeg"],"duration_display":"0:00","duration_seconds":null,"embed_url":null,"id":12391,"image_caption":"CENTCOM \u00ear\u00ee\u015f\u00ean dike ser armanc\u00ean \u00ceran\u00ea","image_url":"https://gdb.voanews.com/8cb0efa2-bfda-47e4-cbf4-08decd2a5d35_w1600_r1_n_s.jpeg","is_clip":false,"item_type":"article","item_type_label":"Article","language_label":"Kurdish","media_credit":null,"micro_label":"Photo","micro_label_kind":"gallery","network_label":"VOA","network_logo_url":"/static/uploads/direct_network_logos/voa_1ef13eedbd2f.svg","published_at":"2026-09-01T17:01:51","published_at_display":"1 Sep 2026, 17:01 GMT","sequence_badge_label":null,"sequence_count":null,"sequence_count_label":null,"sequence_frames":[],"sequence_kind":null,"source_name":"dengeamerika_com_rss","source_name_label":"Dengeamerika","source_type":"rss","summary":"Fermandar\u00eeya Navend\u00ee ya Amer\u00eekay\u00ea (CENTCOM) ragihand ku \u00eero S\u00ea\u015fem\u00ea demjim\u00ear 12:00\u2019\u00ea n\u00eevro bi dema Rojhilat\u00ea Amer\u00eekay\u00ea(ET), h\u00eaz\u00ean wan dest bi l\u00eadana armanc\u00ean Supaya Pasdar\u00ean \u00ceran\u00ea kirine. CENTCOM\u2019\u00ea li ser platforma X\u2019\u00ea e\u015fkere kir ku ev \u00ear\u00ee\u015f pi\u015ft\u00ee wan hewldan\u00ean Pasdar\u00ean \u00ceran\u00ea hatin, y\u00ean ku v\u00ea daw\u00eey\u00ea li Tengava Hormuz\u00ea \u00ear\u00ee\u015f\u00ee ke\u015ft\u00eey\u00ean bazirgan\u00ee \u00fb li her\u00eam\u00ea j\u00ee \u00ear\u00ee\u015f\u00ee le\u015fker\u00ean Amer\u00eekay\u00ea kirib\u00fbn. Serok\u00ea Amer\u00eekay\u00ea Donald Trump doh roja Du\u015fem\u00ea got ku pi\u015ft\u00ee \u00ear\u00ee\u015f\u00ean \u00ceran\u00ea y\u00ean li ser h\u00eaz\u00ean Amer\u00eekay\u00ea, bersiva wan d\u00ea tund be. Serok Trump herwiha d\u00eesa hi\u015fyar\u00ee da r\u00eaber\u00ean \u00ceran\u00ea \u00fb diyar kir ku ew\u00ea dest\u00fbr\u00ea nedin ku \u00ceran ziyan\u00ea bide berjewend\u00eey\u00ean Amer\u00eekay\u00ea.","title":"CENTCOM: Me Dest Bi \u00car\u00ee\u015f\u00ean li ser \u00ceran\u00ea Kir","topic":null,"translation_language":"","url":"https://www.dengeamerika.com/a/centcom-amer%c3%aeka-%c3%aeran/8192921.html","video_url":null},{"audio_source_url":null,"author":null,"available_dubs":[],"downloadable_assets":["https://gdb.voanews.com/09840000-0aff-0242-bfef-08da95a700de_cx0_cy15_cw0_w1600_r1_n_s.jpg"],"duration_display":"0:00","duration_seconds":null,"embed_url":null,"id":12008,"image_caption":"OPEC Meeting","image_url":"https://gdb.voanews.com/09840000-0aff-0242-bfef-08da95a700de_cx0_cy15_cw0_w1600_r1_n_s.jpg","is_clip":false,"item_type":"article","item_type_label":"Article","language_label":"Kurdish","media_credit":null,"micro_label":"Photo","micro_label_kind":"gallery","network_label":"VOA","network_logo_url":"/static/uploads/direct_network_logos/voa_1ef13eedbd2f.svg","published_at":"2026-09-01T15:01:30","published_at_display":"1 Sep 2026, 15:01 GMT","sequence_badge_label":null,"sequence_count":null,"sequence_count_label":null,"sequence_frames":[],"sequence_kind":null,"source_name":"dengeamerika_com_rss","source_name_label":"Dengeamerika","source_type":"rss","summary":"Kompaniyay\u00ean Amer\u00eek\u00ee d\u00ea zeviy\u00ean Petrol\u00ea y\u00ean ku di dest \u00c7\u00een \u00fb R\u00fbsyay\u00ea de b\u00fbn li Venezuelay\u00ea dixe dest xwe \u00fb d\u00ea bir\u00eave bibin. Li gor\u00ee Reuters \u00fb du berpirs\u00ean Amer\u00eek\u00ee, 'North American Blue Energy Partners' d\u00ea kontrola zeviy\u00ean petrol\u00ea y\u00ean Venezuelay\u00ea bist\u00eene ku ber\u00ea ji h\u00eala p\u00eanc kompaniy\u00ean \u00c7\u00een\u00ee \u00fb yek kompaniya R\u00fbs\u00ee ve dihatin xebitandin. Ev gav be\u015fek ji peymaneke berfireh a enerjiy\u00ea ye ku Serok\u00ea Amer\u00eekay\u00ea Donald Trump bi Venezuelay\u00ea re ragihand\u00ee ye. Di \u00e7ar\u00e7oveya 14 peymanan de, kompaniy\u00ean Amer\u00eek\u00ee d\u00ea roleke mezin di sektora petrol\u00ea ya Venezuelay\u00ea de bist\u00eenin \u00fb bandora \u00c7\u00een \u00fb R\u00fbsyay\u00ea k\u00eam bikin. Trump got ku Amer\u00eeka bi sektora taybet dikare bigih\u00eeje n\u00eaz\u00eek\u00ee 64 m\u00eelyar berm\u00eel rezervy\u00ean petrol\u00ea y\u00ean Venezuelay\u00ea. Kompaniy\u00ean Amer\u00eek\u00ee gotin ku kontrola karkirin\u00ea di zev\u00eey\u00ean petrol\u00ea de di dest wan de ye, \u00fb hik\u00fbmeta Amer\u00eekay\u00ea j\u00ee pi\u015fka w\u00ea d\u00ea 35% be \u00ea maf\u00ea \u00eemtiyaz\u00ea y\u00ea dest gehi\u015ftina 20% y\u00ea berheman\u00eena kompaniy\u00ea. Ko\u015fka Sp\u00ee amaje bi w\u00ea yek\u00ea da ku Komaniy\u00ea mafek p\u00ea\u015fwext daye ku Wezareta Derve dikare 80% ji berhem\u00ea may\u00ee ya hilber\u00eena petrola Venezuelay\u00ea bikire. Amer\u00eekay\u00ea d\u00eesan d\u00ea maf\u00ea veto'y\u00ea li ser karg\u00ear\u00ee \u00fb r\u00eaveber\u00eeya kompaniy\u00ea hebe. H\u00eajay\u00ee gotin\u00ea ye ku North American Blue Energy Partners (NABEP), \u015f\u00eerketeke taybet a l\u00eager\u00een \u00fb hilber\u00eena petrol\u00ea ye ku xwediy\u00ea w\u00ea karsaz\u00ea Venezuelay\u00ee Alejandro Betancourt L\u00f3pez e.","title":"Kompaniy\u00ean Amer\u00eek\u00ee D\u00ea Zeviy\u00ean Petrol\u00ea y\u00ean Venezuelay\u00ea Bir\u00eave Dibin","topic":null,"translation_language":"","url":"https://www.dengeamerika.com/a/amerika-venezuela-/8192877.html","video_url":null},{"audio_source_url":null,"author":null,"available_dubs":[],"downloadable_assets":["https://gdb.voanews.com/4f3166c8-ed2f-488b-9538-c2c62e801937_cx0_cy2_cw0_w1600_r1_n_s.jpg"],"duration_display":"0:00","duration_seconds":null,"embed_url":null,"id":11822,"image_caption":"Mike Waltz Balyoz\u00ea Amer\u00eekay\u00ea li Netew\u00ean yekb\u00fby\u00ee (UN)","image_url":"https://gdb.voanews.com/4f3166c8-ed2f-488b-9538-c2c62e801937_cx0_cy2_cw0_w1600_r1_n_s.jpg","is_clip":false,"item_type":"article","item_type_label":"Article","language_label":"Kurdish","media_credit":null,"micro_label":"Photo","micro_label_kind":"gallery","network_label":"VOA","network_logo_url":"/static/uploads/direct_network_logos/voa_1ef13eedbd2f.svg","published_at":"2026-09-01T13:59:00","published_at_display":"1 Sep 2026, 13:59 GMT","sequence_badge_label":null,"sequence_count":null,"sequence_count_label":null,"sequence_frames":[],"sequence_kind":null,"source_name":"dengeamerika_com_rss","source_name_label":"Dengeamerika","source_type":"rss","summary":"Balyoz\u00ea Amer\u00eekay\u00ea li Netewey\u00ean Yekb\u00fby\u00ee Mike Waltz di hesaba xwe ya platforma X'\u00ea de dib\u00eaje ku xema rej\u00eema \u00ceran\u00ea ten\u00ea pere ye da ku rej\u00eema xwe bipar\u00eaze. Waltz di hevpeyv\u00eenek\u00ea de ku bi Fox News re encam daye dib\u00eaje, \"Rej\u00eema \u00ceran\u00ea ne bi gel\u00ea xwe re eleqedar e, l\u00ea ew ten\u00ea bi pereyan eleqedar e da ku kontrola rej\u00eema xwe bipar\u00eaze.\" Waltz her wiha dib\u00eaje ji ber w\u00ea yek\u00ea Serok Trump perey\u00ean rej\u00eema \u00ceran\u00ea hedef digire. Waltz her wiha bang li c\u00eehan\u00ea kir ku dev ji pa\u015fguhkirina rej\u00eema \u00ceran\u00ea berde \u00fb bang li welatan kir ku rola xwe di sepandina cezay\u00ean daray\u00ee de bil\u00eezin. W\u00ee her wiha bang li wan welatan kir ku \"gir\u00eadan\u00ean abor\u00ee y\u00ean ku jiyana rej\u00eem\u00ea p\u00ea ve gir\u00eaday\u00ee ye qut bikin.\"","title":"Balyoz\u00ea Amer\u00eekay\u00ea li Netewey\u00ean Yekb\u00fby\u00ee: Xema \u00ceran\u00ea Ten\u00ea Pere ye, Ne Millet","topic":null,"translation_language":"","url":"https://www.dengeamerika.com/a/mike-waltz/8192856.html","video_url":null},{"audio_source_url":null,"author":null,"available_dubs":[],"downloadable_assets":["https://gdb.voanews.com/0bde915a-5bad-427b-9e51-9244eca6671b_cx0_cy10_cw0_w1600_r1_n_s.jpg"],"duration_display":"0:00","duration_seconds":null,"embed_url":null,"id":11262,"image_caption":"Bendera Fujeyrah li n\u00eaz\u00eek Tengava Hormuz\u00ea","image_url":"https://gdb.voanews.com/0bde915a-5bad-427b-9e51-9244eca6671b_cx0_cy10_cw0_w1600_r1_n_s.jpg","is_clip":false,"item_type":"article","item_type_label":"Article","language_label":"Kurdish","media_credit":null,"micro_label":"Photo","micro_label_kind":"gallery","network_label":"VOA","network_logo_url":"/static/uploads/direct_network_logos/voa_1ef13eedbd2f.svg","published_at":"2026-09-01T12:29:30","published_at_display":"1 Sep 2026, 12:29 GMT","sequence_badge_label":null,"sequence_count":null,"sequence_count_label":null,"sequence_frames":[],"sequence_kind":null,"source_name":"dengeamerika_com_rss","source_name_label":"Dengeamerika","source_type":"rss","summary":"Du tanker\u00ean mezin \u00ean neft\u00ea ku nefta Erebistana Si\u00fbd\u00ee hildigirtb\u00fbn, di navbera \u00e7end deqeyan de dema ku ji Tengava Hormuz\u00ea derbas dib\u00fbn, li n\u00eaz\u00ee Xesab'\u00ea li Oman\u00ea rast\u00ee \u00ear\u00ee\u015f\u00ea hatine. Kompan\u00eeya ewlekar\u00eeya deryay\u00ee \"Marsec\" got ku tankera Sidr, ku ala Erebistana Si\u00fbd\u00ee hildab\u00fb, li dora 16,6 m\u00eel\u00ean deryay\u00ee li bakur\u00ea rojhilat\u00ea Xesab'\u00ea rast\u00ee \u00ear\u00ee\u015f\u00ea hat. \u00c7end xulekan pi\u015ft\u00ee w\u00ea, tankera Senegal Prosperity, ku ala L\u00eeberyay\u00ea hildab\u00fb, bi s\u00ea roketan li dora 17 m\u00eel\u00ean deryay\u00ee li rojhilat\u00ea Xesab hat armancgirtin. Li gor ajansa Reuters, t\u00eema ke\u015ft\u00eey\u00ea her hem\u00fb ewle ne \u00fb ti ziyan\u00ean mirov\u00ee \u00e7\u00eaneb\u00fbn. Li gor datay\u00ean Kpler, ku bazirgan\u00eeya deryay\u00ee di nav de petrola xav di\u015fop\u00eene got ku her du tanker hefteya bor\u00ee ji bender\u00ea Ju'aymah \u00ea Erebistana Si\u00fbd\u00ee ku 2 milyon berm\u00eel nefta xav hilgirtb\u00fbn. Aramco ya Si\u00fbd\u00ee, di Tebax\u00ea de, pi\u015ft\u00ee rawestandina \u00e7end hefteyan, barkirina neft\u00ea ji dever\u00ean hundir\u00ea Tengava Hormuz\u00ea ji n\u00fb ve destp\u00ea kirib\u00fb. Tengava Hormuz\u00ea, ku ber\u00ee girj\u00eeyan n\u00eaz\u00eek\u00ee p\u00eanc yeka peydakirina nefta c\u00eehan\u00ea ji wir derbas dib\u00fb, niha bi k\u00eamb\u00fbna traf\u00eeka ke\u015ft\u00eeyan re r\u00fb bi r\u00fb ye \u00fb kr\u00eeza sotemen\u00eey\u00ea li seranser\u00ee c\u00eehan\u00ea z\u00eade dike. Roja Du\u015fem\u00ea ten\u00ea p\u00eanc ke\u015ft\u00ee ji tengav\u00ea derbas b\u00fbn, ku di 10 roj\u00ean bor\u00ee de her roj\u00ea n\u00eaz\u00eek\u00ee 14 ke\u015ft\u00eeyan derbas dib\u00fbn. B\u00fbyer\u00ean n\u00fb metirs\u00eeya li ser veguhastina enerj\u00eey\u00ea ji Kendava Fars\u00ea z\u00eade kirine. Bihay\u00ea neft\u00ea j\u00ee roja S\u00ea\u015fem\u00ea bilind b\u00fb, di demek\u00ea de ku tengezor\u00eey\u00ean di navbera \u00ceran \u00fb Amer\u00eekay\u00ea de d\u00eesa z\u00eade b\u00fbne. Heta niha ne Marsec \u00fb ne j\u00ee al\u00eekar\u00ean din \u00ean deryay\u00ee e\u015fkere nekir\u00eeye ku k\u00ee li pi\u015ft \u00ear\u00ee\u015fan e.","title":"Li Tengava Hormuz\u00ea 2 Ke\u015ft\u00eey\u00ean Petrol\u00ea Rast\u00ee \u00car\u00ee\u015f\u00ea Hatin","topic":null,"translation_language":"","url":"https://www.dengeamerika.com/a/tengava-hormuze/8192837.html","video_url":null},{"audio_source_url":null,"author":null,"available_dubs":[],"downloadable_assets":["https://gdb.voanews.com/91421d3d-7959-4f93-afda-903a57ab0886_w1600_r1_n_s.jpg"],"duration_display":"0:00","duration_seconds":null,"embed_url":null,"id":11263,"image_caption":null,"image_url":"https://gdb.voanews.com/91421d3d-7959-4f93-afda-903a57ab0886_w1600_r1_n_s.jpg","is_clip":false,"item_type":"article","item_type_label":"Article","language_label":"Kurdish","media_credit":null,"micro_label":"Photo","micro_label_kind":"gallery","network_label":"VOA","network_logo_url":"/static/uploads/direct_network_logos/voa_1ef13eedbd2f.svg","published_at":"2026-09-01T12:22:17","published_at_display":"1 Sep 2026, 12:22 GMT","sequence_badge_label":null,"sequence_count":null,"sequence_count_label":null,"sequence_frames":[],"sequence_kind":null,"source_name":"dengeamerika_com_rss","source_name_label":"Dengeamerika","source_type":"rss","summary":"Serok\u00ea Amer\u00eekay\u00ea Donald Trump bersive pirseke rojnamevanek\u00ee da. Dema j\u00ea pirs\u00ee ka gelo ew\u00ea \u00e7ek\u00ea navok\u00ee li dij\u00ee \u00ceran\u00ea bi kar b\u00eene yan na, w\u00ee got: \"\u00ceran t\u00eak\u00e7\u00fbye, loma hewcedar\u00ee bikaran\u00eena \u00e7ek\u00ea navok\u00ee n\u00eene.\" Serok Trump doh \u00eavar\u00ea roja Du\u015fem\u00ea li Ko\u015fka Sp\u00ee di berdewam\u00eeya bersiva xwe de got, \"\u00c7ima div\u00ea mirov \u00e7ek\u00ea navok\u00ee li dij\u00ee welatek\u00ee ku binket\u00eeye bi kar b\u00eene? Ev ne pirsek j\u00eerane ye.\" W\u00ee d\u00eesa behsa \u00ceran\u00ea kir wek welatek\u00ee binket\u00ee ku h\u00eaza w\u00ea ya deryay\u00ee \u00fb esman\u00ee w\u00earan b\u00fbye \u00fb perey\u00ea w\u00ea b\u00eaq\u00eemet b\u00fbye. L\u00ea d\u00eesa j\u00ee \u00eeht\u00eemala l\u00eadan\u00ean z\u00eadetir heye. Derbar\u00ea Tengava Hormuz\u00ea w\u00ee got ku her ti\u015ft di bin kontrola h\u00eaz\u00ean deryay\u00ee y\u00ean Amer\u00eekay\u00ea de ye \u00fb rew\u015fa w\u00ea her\u00eam\u00ea ba\u015f e. Niha hejmara hatin \u00fb \u00e7\u00fbna ke\u015ft\u00eeyan di \u015fevan de derket\u00eeye 30 ke\u015ft\u00eeyan. Di daw\u00eeya axaftina xwe de j\u00ee w\u00ee e\u015fkere kir ku ev hem\u00fb kar ji bo w\u00ea yek\u00ea ne ku \u00ceran ti car\u00ee negih\u00eeje \u00e7ek\u00ea navok\u00ee.","title":"Trump: \u00c7ek\u00ea Navok\u00ee li Dij\u00ee Kes\u00ean T\u00eak\u00e7\u00fby\u00ee Nay\u00ea Bikaran\u00een","topic":null,"translation_language":"","url":"https://www.dengeamerika.com/a/trump-atom%c3%ae-%c3%aeran/8192833.html","video_url":null},{"audio_source_url":null,"author":null,"available_dubs":[],"downloadable_assets":["https://gdb.voanews.com/186721b3-3301-41f2-b92a-726d03184575_cx0_cy2_cw0_w1600_r1_n_s.jpg"],"duration_display":"0:00","duration_seconds":null,"embed_url":null,"id":11092,"image_caption":null,"image_url":"https://gdb.voanews.com/186721b3-3301-41f2-b92a-726d03184575_cx0_cy2_cw0_w1600_r1_n_s.jpg","is_clip":false,"item_type":"article","item_type_label":"Article","language_label":"Kurdish","media_credit":null,"micro_label":"Photo","micro_label_kind":"gallery","network_label":"VOA","network_logo_url":"/static/uploads/direct_network_logos/voa_1ef13eedbd2f.svg","published_at":"2026-08-31T21:27:12","published_at_display":"31 Aug 2026, 21:27 GMT","sequence_badge_label":null,"sequence_count":null,"sequence_count_label":null,"sequence_frames":[],"sequence_kind":null,"source_name":"dengeamerika_com_rss","source_name_label":"Dengeamerika","source_type":"rss","summary":"Wezareta Ceng\u00ea ya Amer\u00eekay\u00ea 'Pentagon'\u00ea roja Du\u015fem\u00ea, ragihand ku w\u00ea bi du kompanyay\u00ean Amer\u00eek\u00ee re, General Dynamics \u00fb Lockheed Martin, peyman\u00ean heft salan \u00eemze kirine, da ku hilber\u00eena m\u00fb\u015fekan z\u00eade bikin. Li gor Ajansa Reuters Pentagon got ku armanca van peymanan \"z\u00eadekirina qebareya hilber\u00een\u00ea \u00fb lezandina bernamey\u00ean radestkirin\u00ea ji bo p\u00eakhatey\u00ean gir\u00eeng \u00ean ku pi\u015ftgiriy\u00ea didin bernameya parastina m\u00fb\u015fek\u00ean ji c\u00fbr\u00ea THAAD \u00fb bernameya m\u00fb\u015fek\u00ean p\u00ea\u015fket\u00ee y\u00ean Patriot (PAC-3 MSE) ye.\" C\u00eegir\u00ea Wez\u00eer\u00ea Ceng \u00ea ji bo Kir\u00een\u00ea Michael P. Duffey di daxuyaniyek\u00ea de got, \"General Dynamics \u00fb Lockheed Martin bersiva v\u00ea bang\u00ea dane. Em burokrasiy\u00ea k\u00eam dikin, dem\u00ea kurt dikin, \u00fb \u015f\u00eeyan\u00ean xwe y\u00ean hilber\u00eena navxwey\u00ee bi lez \u00fb bez mezin dikin da ku \u015fiyan\u00ean berevan\u00eeya esman\u00ee \u00fb m\u00fb\u015fek\u00ean p\u00ea\u015fkeft\u00ee peyda bikin.\" Kompan\u00eeya Lockheed Martin diyar dike ku s\u00eestema THAAD\u00ea dikare li dij\u00ee m\u00fb\u015fek\u00ean bal\u00eest\u00eek \u00ean kin, nav\u00een \u00fb d\u00fbrav\u00eaj berevan\u00eey\u00ea bike, di heman dem\u00ea de s\u00eestema Patriot\u00ea j\u00ee dikare li dij\u00ee m\u00fb\u015fek\u00ean Kruz \u00fb balafiran were bikaran\u00een. Ji al\u00eey\u00ea xwe ve j\u00ee General Dynamics Ordnance and Tactical Systems di daxuyaniyek\u00ea de ragihand ku ev peyman be\u015fek e ji \"hewldan\u00ean Wezareta Ceng \u00ean ji bo z\u00eadekirina bilez a \u015f\u00eeyan\u00ean hilber\u00een\u00ea ji bo s\u00eestem\u00ean parastina esman\u00ee \u00fb m\u00fb\u015fek\u00ee y\u00ean kr\u00eet\u00eek.\"","title":"Pentagon Peyman\u00ean 7 Sal\u00ee ji bo \u00c7\u00eakirina Z\u00eadetir M\u00fb\u015fekan \u00cemze Dike","topic":null,"translation_language":"","url":"https://www.dengeamerika.com/a/usa-pentagon/8192524.html","video_url":null},{"audio_source_url":null,"author":null,"available_dubs":[],"downloadable_assets":["https://gdb.voanews.com/2578bca9-62ef-42ee-8074-0653a460e753_w1600_r1_n_s.jpg"],"duration_display":"0:00","duration_seconds":null,"embed_url":null,"id":11050,"image_caption":null,"image_url":"https://gdb.voanews.com/2578bca9-62ef-42ee-8074-0653a460e753_w1600_r1_n_s.jpg","is_clip":false,"item_type":"article","item_type_label":"Article","language_label":"Kurdish","media_credit":null,"micro_label":"Photo","micro_label_kind":"gallery","network_label":"VOA","network_logo_url":"/static/uploads/direct_network_logos/voa_1ef13eedbd2f.svg","published_at":"2026-08-31T19:32:19","published_at_display":"31 Aug 2026, 19:32 GMT","sequence_badge_label":null,"sequence_count":null,"sequence_count_label":null,"sequence_frames":[],"sequence_kind":null,"source_name":"dengeamerika_com_rss","source_name_label":"Dengeamerika","source_type":"rss","summary":"Wez\u00eer\u00ea Xez\u00eeneya Amer\u00eekay\u00ea Scott Bessent roja Du\u015fem\u00ea got ku armanca sizay\u00ean Amer\u00eekay\u00ea y\u00ean li ser \u00ceran\u00ea \"afirandina \u015fert \u00fb mercan e ku \u00ceran amade be ku were ser maseya dan\u00fbstandinan.\" Di hevpeyv\u00eenek\u00ea de bi kanala CNBC re, Bessent tekez kir ku plana Amer\u00eekay\u00ea ya ji bo xendiqandina aboriya \u00ceran\u00ea ye, bi r\u00eaya sizay\u00ean abor\u00ee, \u00fb plan dikare ser bikeve eger \u00c7\u00een (ku hevkara her\u00ee mezin a bazirganiy\u00ea \u00fb kir\u00eena petrola ran\u00ea ye) pi\u015ftgiriy\u00ea bide w\u00ea an j\u00ee nede w\u00ea. Bessent her wiha got ku Amer\u00eeka \u00fb \u00c7\u00een li ser gelek ti\u015ftan li hev dikin l\u00ea li ser \u00ceran\u00ea nakok in. Wez\u00eer\u00ea Xez\u00eeney\u00ea y\u00ea Amer\u00eekay\u00ea di civ\u00eena wez\u00eer\u00ean daray\u00ee y\u00ean koma G20 \u00fb r\u00eaveber\u00ean bankay\u00ean navend\u00ee de li w\u00eelayeta North Carolina ji rojnamevanan re got ku \u00ceran sizay\u00ean Amer\u00eekay\u00ea pir cid\u00ee digire \u00fb niha bi tund\u00ee bersiv dide ji ber ku ew zirar\u00ean abor\u00ee diki\u015f\u00eene. \"Ez bawer dikim ew bi tund\u00ee bersiv didin ji ber ku ew ji h\u00eala abor\u00ee ve rast\u00ee ziyan\u00ea hatine,\" Bessent got.","title":"Bessent: Armanca Sizay\u00ean Amer\u00eekay\u00ea Ewe ku \u00ceran\u00ea B\u00eenin ser Maseya Dan\u00fbstandinan","topic":null,"translation_language":"","url":"https://www.dengeamerika.com/a/usa-iran-bessent-g20/8192505.html","video_url":null},{"audio_source_url":null,"author":null,"available_dubs":[],"downloadable_assets":["https://gdb.voanews.com/d9ae9698-2607-45fd-87ba-55e583c09a69_w1600_r1_n_s.jpg"],"duration_display":"0:00","duration_seconds":null,"embed_url":null,"id":10956,"image_caption":"Trump","image_url":"https://gdb.voanews.com/d9ae9698-2607-45fd-87ba-55e583c09a69_w1600_r1_n_s.jpg","is_clip":false,"item_type":"article","item_type_label":"Article","language_label":"Kurdish","media_credit":null,"micro_label":"Photo","micro_label_kind":"gallery","network_label":"VOA","network_logo_url":"/static/uploads/direct_network_logos/voa_1ef13eedbd2f.svg","published_at":"2026-08-31T16:06:27","published_at_display":"31 Aug 2026, 16:06 GMT","sequence_badge_label":null,"sequence_count":null,"sequence_count_label":null,"sequence_frames":[],"sequence_kind":null,"source_name":"dengeamerika_com_rss","source_name_label":"Dengeamerika","source_type":"rss","summary":"Serok\u00ea Amer\u00eekay\u00ea Donald Trump roja Du\u015fem\u00ea di posteke xwe ya li ser Truth Social de got, \"\u00ceran bi ferm\u00ee ni\u015ft\u00eemanek hilwe\u015fiyay\u00ee \u00fb t\u00eak\u00e7\u00fby\u00ee ye. Trump niv\u00eesand ku \"\u00ceran bi ferm\u00ee welatek\u00ee t\u00eak\u00e7\u00fby\u00ee ye. EW MIR\u00ce YE! Wan ne h\u00eaza deryay\u00ee heye, ne h\u00eaza esman\u00ee heye, ne pereyek\u00ee wan heye, ew nikarin heta m\u00fb\u00e7ey\u00ea pol\u00ees\u00ean xwe j\u00ee bidin \u00fb r\u00eajeya enflasyon\u00ea ya wel\u00eat ji sed\u00ee 300 e. R\u00eaber\u00ean wan \u00ead\u00ee nikarin welat\u00ea xwe bir\u00eave bibin.\" Derbar\u00ea tund\u00fbt\u00fbjiy\u00ean \u00ceran\u00ea y\u00ean li dij\u00ee welatiyan, Trump got, ku \u00ceran\u00ea z\u00eadetir\u00ee sed hezar welatiy\u00ean xwe ku\u015ftine \u00fb div\u00ea ji wan tawan\u00ean berdewam \u00ean ku p\u00eak t\u00eenin b\u00eazar bibin. H\u00eajay\u00ee gotin\u00ea ye ku ev gotin\u00ean Serok\u00ea Amer\u00eekay\u00ea pi\u015ft\u00ee aloziy\u00ean roja Yek\u015fem\u00ea t\u00ean, ku t\u00ea de h\u00eaz\u00ean amer\u00eek\u00ee \u00e7end bargeh\u00ean m\u00fb\u015fekav\u00eaj \u00ean \u00ceran\u00ea armanc girtin \u00fb di beramber de \u00ceran\u00ea bi m\u00fb\u015fekan \u00ear\u00ee\u015f\u00ee welat\u00ea Urdin\u00ea kir.","title":"Trump Dib\u00eaje \u00ceran bi Ferm\u00ee Welatek\u00ee T\u00eak\u00e7\u00fby\u00ee ye","topic":null,"translation_language":"","url":"https://www.dengeamerika.com/a/iran-trump/8192420.html","video_url":null},{"audio_source_url":null,"author":null,"available_dubs":[],"downloadable_assets":["https://gdb.voanews.com/9c549334-84ec-4c1b-80bc-0d3e89735e88_w1600_r1_n_s.jpg"],"duration_display":"0:00","duration_seconds":null,"embed_url":null,"id":10989,"image_caption":"Egypt -  Flag - Flags - Mideast Israel Palestinians","image_url":"https://gdb.voanews.com/9c549334-84ec-4c1b-80bc-0d3e89735e88_w1600_r1_n_s.jpg","is_clip":false,"item_type":"article","item_type_label":"Article","language_label":"Kurdish","media_credit":null,"micro_label":"Photo","micro_label_kind":"gallery","network_label":"VOA","network_logo_url":"/static/uploads/direct_network_logos/voa_1ef13eedbd2f.svg","published_at":"2026-08-31T16:00:00","published_at_display":"31 Aug 2026, 16:00 GMT","sequence_badge_label":null,"sequence_count":null,"sequence_count_label":null,"sequence_frames":[],"sequence_kind":null,"source_name":"dengeamerika_com_rss","source_name_label":"Dengeamerika","source_type":"rss","summary":"Misir\u00ea, \u00eero Du\u015fem\u00ea, bi tund\u00ee dubarekirina \u00ear\u00ee\u015f\u00ean \u00ceran\u00ea li ser \u00cemarat\u00ean Ereb\u00ee y\u00ean Yekb\u00fby\u00ee \u00fb Urdun\u00ea, \u015fermezar kir. Qah\u00eer\u00ea n\u00eegeraniya xwe diyar kir derbar\u00ea metirs\u00eey\u00ean berdewamiya van \u00ear\u00ee\u015fan y\u00ean weke hovane bi nav kirin. Di daxuyaniyeke ferm\u00ee de ku ji aliy\u00ea Wezareta Derve hatiyr we\u015fandin, dide za\u00een ku Misir\u00ea pi\u015ftevaniya xwe ya tam \u00fb xurt ji bo \u00cemarat\u00ea \u00fb Urdin\u00ea dubare kir. Qah\u00eer\u00ea tekez\u00ee li ser p\u00eaw\u00eestiya her\u00ee mezin a r\u00eazgirtina serweriya dewletan \u00fb parastina axa wan kir. Her wiha tekez\u00ee li ser parastina ewleh\u00ee deryay\u00ee \u00fb misogerkirina azadiya tevgera ke\u015ftiyan li kor\u00eedor \u00fb tengav\u00ean av\u00ee y\u00ean giring kir. Hik\u00fbmeta Misir\u00ea her wiha hi\u015fyar da ji encam\u00ean giran \u00fb metirs\u00eedar \u00ean berdewamiya aloziy\u00ean meydan\u00ee \u00fb le\u015fker\u00ee li ser s\u00eestema ewleh\u00ee \u00fb aramiya her\u00eam\u00ee \u00fb c\u00eehan\u00ea. Misir\u00ea tekez\u00ee li ser gir\u00eengiya rawestandina lezg\u00een a hem\u00fb \u00ear\u00ee\u015fan kir \u00fb daxwaza k\u00eamkirina asta aloz\u00ee \u00fb girjiy\u00ean hey\u00ee kir. D\u00eesan banga lezg\u00een li aliy\u00ean peywend\u00eedar kir ku vegerin ser maseya dan\u00fbstandinan.","title":"Misir \u00car\u00ee\u015f\u00ean \u00ceran\u00ea li ser \u00cemarat\u00ean Ereb\u00ee \u00fb Urdin\u00ea \u015eermezar Dike","topic":null,"translation_language":"","url":"https://www.dengeamerika.com/a/iran-jordan-egypt-uae/8192438.html","video_url":null},{"audio_source_url":null,"author":null,"available_dubs":[],"downloadable_assets":["https://gdb.voanews.com/91421d3d-7959-4f93-afda-903a57ab0886_w1600_r1_n_s.jpg"],"duration_display":"0:00","duration_seconds":null,"embed_url":null,"id":10923,"image_caption":null,"image_url":"https://gdb.voanews.com/91421d3d-7959-4f93-afda-903a57ab0886_w1600_r1_n_s.jpg","is_clip":false,"item_type":"article","item_type_label":"Article","language_label":"Kurdish","media_credit":null,"micro_label":"Photo","micro_label_kind":"gallery","network_label":"VOA","network_logo_url":"/static/uploads/direct_network_logos/voa_1ef13eedbd2f.svg","published_at":"2026-08-31T15:15:34","published_at_display":"31 Aug 2026, 15:15 GMT","sequence_badge_label":null,"sequence_count":null,"sequence_count_label":null,"sequence_frames":[],"sequence_kind":null,"source_name":"dengeamerika_com_rss","source_name_label":"Dengeamerika","source_type":"rss","summary":"Serok\u00ea Amer\u00eekay\u00ea Donald Trump, roja Du\u015fem\u00ea, pi\u015ft\u00ee \u00ear\u00ee\u015fa \u00ceran\u00ea li ser h\u00eaz\u00ean Amer\u00eek\u00ee li Urdun\u00ea, gef xwar \u00fb got ku Amer\u00eeka d\u00ea \u00ear\u00ee\u015feke tund \u00fb bi h\u00eazeke mezin li \u00ceran\u00ea bixe. Trump ji Trey Yingst, Peyamn\u00ear\u00ea Fox News re got,\" Amer\u00eeka d\u00ea bersiva \u00ear\u00ee\u015fa \u00ceran\u00ea ya ku duh bi \u015fev li ser h\u00eaz\u00ean Amer\u00eek\u00ee li Urdun\u00ea p\u00eak an\u00ee, bidin. Em \u00ea bi h\u00eazeke mezin li wan bixin.\" W\u00ee herwiha got Parastina esman\u00ee ya Amer\u00eekay\u00ea hem\u00fb m\u00fb\u015fek\u00ean \u00ceran\u00ee asteng kirin, ji bil\u00ee m\u00fb\u015fekek\u00ea ku hi\u015ftin derbas bibe, ji ber ku wan dizan\u00ee ew d\u00ea li cihek\u00ee gir\u00eeng nekevin.\" Trump diyar kir ku \u00ceran\u00ee dixwazin dan\u00fbstandinan bikin, l\u00ea ew bi gomane bawer\u00ee bi Tehran re tune ye \u00fb got, \"min h\u00een biryar nedaye ku bi wan re bicivim.\" Di daxuyaniyeke din de li gel Fox News Trump pesn\u00ea serkeftina dorp\u00ea\u00e7kirina bender\u00ean \u00ceran\u00ea da, herwiha pesn\u00ea fi\u015far\u00ean daray\u00ee y\u00ean ku Washington li ser Tehran\u00ea sepandine da. Ew bawer dike ku tedb\u00eeran abor\u00ee y\u00ean li dij\u00ee \u00ceran\u00ea hatine standin, b\u00fbne sedema pa\u015fve\u00e7\u00fbna w\u00ea rej\u00eem\u00ea, \u00fb w\u00ee \u00ceran wek\u00ee welatek ku b\u00fbye dewleteke t\u00eak\u00e7\u00fby\u00ee binav kir. Trump di bernameya \"Sunday Night in America\" de diyar kir ku berpirsiyar\u00ean \u00ceran\u00ee \"mirov\u00ean pir tund \u00fb pir xerab in\", \u00fb bi giran\u00ee rawestiya li ser metirsiy\u00ean heb\u00fbna \u015f\u00eeyan\u00ean navok\u00ee li cem wan. W\u00ee z\u00eade kir, \"heke wan \u00e7ek\u00ean navok\u00ee heb\u00fbna, ew \u00ea wan bi kar an\u00eeb\u00fbna.\"","title":"Trump: Em \u00ea bi Giran\u00ee \u00cari\u015f\u00ee \u00ceran\u00ea Bikin","topic":null,"translation_language":"","url":"https://www.dengeamerika.com/a/trump-iran-foxnews/8192432.html","video_url":null},{"audio_source_url":null,"author":null,"available_dubs":[],"downloadable_assets":["https://gdb.voanews.com/3bce9bfb-a812-476f-a8cb-09f15988f741_cx0_cy4_cw0_w1600_r1_n_s.jpg"],"duration_display":"0:00","duration_seconds":null,"embed_url":null,"id":10890,"image_caption":null,"image_url":"https://gdb.voanews.com/3bce9bfb-a812-476f-a8cb-09f15988f741_cx0_cy4_cw0_w1600_r1_n_s.jpg","is_clip":false,"item_type":"article","item_type_label":"Article","language_label":"Kurdish","media_credit":null,"micro_label":"Photo","micro_label_kind":"gallery","network_label":"VOA","network_logo_url":"/static/uploads/direct_network_logos/voa_1ef13eedbd2f.svg","published_at":"2026-08-31T14:31:44","published_at_display":"31 Aug 2026, 14:31 GMT","sequence_badge_label":null,"sequence_count":null,"sequence_count_label":null,"sequence_frames":[],"sequence_kind":null,"source_name":"dengeamerika_com_rss","source_name_label":"Dengeamerika","source_type":"rss","summary":"Wezareta Berevan\u00eey\u00ea ya \u00cemarat\u00ean Ereb\u00ee y\u00ean Yekb\u00fby\u00ee, roja Du\u015fem\u00ea ragehand ku h\u00eaz\u00ean wan \u00ean esmnan\u00ee sereder\u00ee ligel dronek\u00ea kir\u00eeye li ser av\u00ean her\u00eam\u00ee y\u00ean wel\u00eat ku ji \u00ceran\u00ea hatib\u00fb, l\u00ea h\u00fbrgiliy\u00ean din derbar\u00ea \u00ear\u00ee\u015fa dron\u00ee nedan. Wezaret\u00ea di daxuyaniyek\u00ea de tekez kir ku \" h\u00eaz\u00ean \u00e7ekdar bi tevah\u00ee amade ne ku bersiva her gefek\u00ea bibin, \u00fb s\u00eestem\u00ean berevan\u00eeya esman\u00ee j\u00ee, m\u00eesyon\u00ean xwe y\u00ean \u00e7avd\u00ear\u00eekirin \u00fb \u015fopandina qada esman\u00ee 24 demjim\u00earan didom\u00eenin.\" Pi\u015ftre, Wezareta Kar\u00ean Derve ya \u00cemaratan \u00ear\u00ee\u015fa drona \u00ceran\u00ea weke \u00ear\u00ee\u015fa her\u00ee n\u00fb \u00fb bi \"\u00ear\u00ee\u015fkar\" bi nav kir \u00fb got ku \" \u00cemart\u00ean Ereb\u00ee maf\u00ea xwe y\u00ea tevah\u00ee \u00fb rewa dipar\u00eaze ku bersiva van \u00ear\u00ee\u015fan bide\" \u00fb bang kir ku div\u00ea ev \u00ear\u00ee\u015f derhal werin rawestandin. Wezareta Derve \u00eari\u015f bi tund\u00ee \u015fermezar kir, \u00fb diyar kir ku ew aloziyeke metirs\u00eedare ku binp\u00eakirineke e\u015fkere ya serwer\u00ee, ewleh\u00ee \u00fb aramiya dewlet\u00ea ye, \u00fb gefeke rasterast e li ser ewlehiya welat\u00ee \u00fb ni\u015ftecihan.","title":"\u00cemarat\u00ean Ereb\u00ee: Em Maf\u00ea Xwe y\u00ea Rewa Dipar\u00eaz\u00een ku Bersiva \u00car\u00ee\u015f\u00ean \u00ceran\u00ea Bid\u00een","topic":null,"translation_language":"","url":"https://www.dengeamerika.com/a/iran-uae-drone-attack/8192408.html","video_url":null}],"next_num":2,"page":1,"pages":2,"per_page":20,"prev_num":null,"total":22}
