{"applied_filters":{"end_date":"","lang":"","language":"","network":"","page":1,"per_page":20,"search":"","source":"manual_ocb_espanol","start_date":"","topic":"Mart\u00ed en el Mundial 2026","type":""},"available_filters":{"language_choices":[{"label":"Choose Language","value":""}],"network_choices":[{"label":"All networks","value":""},{"label":"OCB","value":"OCB"}],"source_choices":[{"label":"All sources","value":""},{"label":"Manual Ocb Espanol","value":"manual_ocb_espanol"}],"sources":["manual_ocb_espanol"],"topics":["Mart\u00ed en el Mundial 2026"],"types":[["","All types"],["video","Videos"],["media","Media"]]},"has_next":false,"has_prev":false,"items":[{"article_body_paragraphs":["An\u00e1lisis, emoci\u00f3n y toda la informaci\u00f3n del torneo m\u00e1s grande de la historia, con 48 selecciones y tres sedes, directo al pueblo de Cuba."],"audio_source_url":null,"author":"Jos\u00e9 \"Pepe\" Lacayo","available_dubs":[],"downloadable_assets":["https://focalgroup.s3.us-east-1.amazonaws.com/direct/uploads/manual/videos/2026/09/03/user_4/20260903121938_a786d2232cae.mp4"],"duration_display":"0:00","duration_seconds":null,"embed_url":null,"id":13936,"image_caption":null,"image_url":"https://focalgroup.s3.us-east-1.amazonaws.com/direct/uploads/manual/images/2026/09/03/user_4/20260903122704_80a7eabc6f8c.avif","is_clip":false,"is_youtube_embed":false,"item_type":"video","item_type_label":"Video","language_label":"Espa\u00f1ol","media_credit":"Jos\u00e9 \"Pepe\" Lacayo","micro_label":"Video report","micro_label_kind":"video","network_label":"OCB","network_logo_url":"/static/uploads/direct_network_logos/ocb_0888427dcb1d.svg","published_at":"2026-07-17T12:00:00","published_at_display":"17 Jul 2026, 12:00 GMT","sequence_badge_label":null,"sequence_count":null,"sequence_count_label":null,"sequence_frames":[],"sequence_kind":null,"source_name":"manual_ocb_espanol","source_name_label":"OCB","source_type":"manual","summary":"Comienza \u201cMart\u00ed en el Mundial\u201d, la cobertura especial de Radio Mart\u00ed para vivir la Copa del Mundo 2026 d\u00eda a d\u00eda.","title":"Mart\u00ed en el Mundial 2026","topic":"Mart\u00ed en el Mundial 2026","translation_language":"","url":"https://www.martinoticias.com/a/mart%C3%AD-en-el-mundial-2026/471513.html?withmediaplayer=1","video_url":"https://focalgroup.s3.us-east-1.amazonaws.com/direct/uploads/manual/videos/2026/09/03/user_4/20260903121938_a786d2232cae.mp4","youtube_conversion_active":false,"youtube_conversion_error":"","youtube_conversion_status":""}],"next_num":null,"page":1,"pages":1,"per_page":20,"prev_num":null,"total":1}
