{"applied_filters":{"end_date":"","lang":"","language":"","network":"","page":1,"per_page":20,"search":"","source":"moldova_europalibera_org_rss","start_date":"","topic":"","type":""},"available_filters":{"language_choices":[{"label":"Choose Language","value":""},{"label":"Romanian","value":"Romanian"}],"network_choices":[{"label":"All networks","value":""},{"label":"RFE/RL","value":"RFE/RL"}],"source_choices":[{"label":"All sources","value":""},{"label":"Current Time","value":"currenttime_tv_direct"},{"label":"Current Time","value":"currenttime_tv_rss"},{"label":"Da Azadi Radio","value":"da_azadiradio_com_rss"},{"label":"Darivoa","value":"darivoa_com_rss"},{"label":"Dengeamerika","value":"dengeamerika_com_direct"},{"label":"Dengeamerika","value":"dengeamerika_com_rss"},{"label":"Dengiamerika","value":"dengiamerika_com_direct"},{"label":"Dengiamerika","value":"dengiamerika_com_rss"},{"label":"Editorials VOA","value":"editorials_voa_gov_rss"},{"label":"Golosameriki","value":"golosameriki_com_direct"},{"label":"Golosameriki","value":"golosameriki_com_rss"},{"label":"Ir VOA News","value":"ir_voanews_com_rss"},{"label":"Mashaalradio","value":"mashaalradio_com_direct"},{"label":"Moldova Europalibera","value":"moldova_europalibera_org_direct"},{"label":"Moldova Europalibera","value":"moldova_europalibera_org_rss"},{"label":"OCB Spanish Video","value":"ocb_spanish_video_scrape"},{"label":"Pa Azadi Radio","value":"pa_azadiradio_com_rss"},{"label":"Pashtovoa","value":"pashtovoa_com_rss"},{"label":"Radiofaarda","value":"radiofaarda_com_direct"},{"label":"Radio Farda","value":"radiofarda_com_direct"},{"label":"Radio Farda","value":"radiofarda_com_rss"},{"label":"Radiosvoboda","value":"radiosvoboda_org_rss"},{"label":"Radiotavisupleba","value":"radiotavisupleba_ge_direct"},{"label":"Radiotavisupleba","value":"radiotavisupleba_ge_rss"},{"label":"Radiotelevisionmarti","value":"radiotelevisionmarti_com_direct"},{"label":"Radiotelevisionmarti","value":"radiotelevisionmarti_com_rss"},{"label":"RFA Burmese","value":"rfa_burmese_rss"},{"label":"RFA Burmese Video Scrape","value":"rfa_burmese_video_scrape"},{"label":"RFA Cantonese","value":"rfa_cantonese_rss"},{"label":"RFA Cantonese Video Scrape","value":"rfa_cantonese_video_scrape"},{"label":"RFA English RSS","value":"rfa_english_rss"},{"label":"RFA English Video","value":"rfa_english_video_scrape"},{"label":"RFA Khmer","value":"rfa_khmer_rss"},{"label":"RFA Khmer Video Scrape","value":"rfa_khmer_video_scrape"},{"label":"RFA Korean","value":"rfa_korean_rss"},{"label":"RFA Korean Video Scrape","value":"rfa_korean_video_scrape"},{"label":"RFA Lao","value":"rfa_lao_rss"},{"label":"RFA Lao Video Scrape","value":"rfa_lao_video_scrape"},{"label":"RFA Mandarin","value":"rfa_mandarin_rss"},{"label":"RFA Mandarin Video Scrape","value":"rfa_mandarin_video_scrape"},{"label":"RFA Tibetan","value":"rfa_tibetan_rss"},{"label":"RFA Tibetan Video Scrape","value":"rfa_tibetan_video_scrape"},{"label":"RFA Uyghur","value":"rfa_uyghur_rss"},{"label":"RFA Uyghur Video Scrape","value":"rfa_uyghur_video_scrape"},{"label":"RFA Vietnamese","value":"rfa_vietnamese_rss"},{"label":"RFA Vietnamese Video Scrape","value":"rfa_vietnamese_video_scrape"},{"label":"RFE/RL Direct","value":"rferl_direct"},{"label":"RFE/RL","value":"rferl_org_rss"},{"label":"Slobodnaevropa","value":"slobodnaevropa_org_direct"},{"label":"Slobodnaevropa","value":"slobodnaevropa_org_rss"},{"label":"Svoboda","value":"svoboda_org_direct"},{"label":"Svoboda","value":"svoboda_org_rss"},{"label":"Ukrainian VOA News","value":"ukrainian_voanews_com_rss"},{"label":"VOA Chinese Direct","value":"voa_chinese_direct"},{"label":"VOA Chinese RSS","value":"voa_chinese_rss"},{"label":"VOA Dari Direct","value":"voa_dari_direct"},{"label":"VOA Korea Direct","value":"voa_korea_direct"},{"label":"VOA Pashto Direct","value":"voa_pashto_direct"},{"label":"VOA Persian Direct","value":"voa_persian_direct"},{"label":"Voakorea","value":"voakorea_com_rss"}],"sources":["currenttime_tv_direct","currenttime_tv_rss","da_azadiradio_com_rss","darivoa_com_rss","dengeamerika_com_direct","dengeamerika_com_rss","dengiamerika_com_direct","dengiamerika_com_rss","editorials_voa_gov_rss","golosameriki_com_direct","golosameriki_com_rss","ir_voanews_com_rss","mashaalradio_com_direct","moldova_europalibera_org_direct","moldova_europalibera_org_rss","ocb_spanish_video_scrape","pa_azadiradio_com_rss","pashtovoa_com_rss","radiofaarda_com_direct","radiofarda_com_direct","radiofarda_com_rss","radiosvoboda_org_rss","radiotavisupleba_ge_direct","radiotavisupleba_ge_rss","radiotelevisionmarti_com_direct","radiotelevisionmarti_com_rss","rfa_burmese_rss","rfa_burmese_video_scrape","rfa_cantonese_rss","rfa_cantonese_video_scrape","rfa_english_rss","rfa_english_video_scrape","rfa_khmer_rss","rfa_khmer_video_scrape","rfa_korean_rss","rfa_korean_video_scrape","rfa_lao_rss","rfa_lao_video_scrape","rfa_mandarin_rss","rfa_mandarin_video_scrape","rfa_tibetan_rss","rfa_tibetan_video_scrape","rfa_uyghur_rss","rfa_uyghur_video_scrape","rfa_vietnamese_rss","rfa_vietnamese_video_scrape","rferl_direct","rferl_org_rss","slobodnaevropa_org_direct","slobodnaevropa_org_rss","svoboda_org_direct","svoboda_org_rss","ukrainian_voanews_com_rss","voa_chinese_direct","voa_chinese_rss","voa_dari_direct","voa_korea_direct","voa_pashto_direct","voa_persian_direct","voakorea_com_rss"],"topics":[],"types":[["","All types"],["article","Articles"],["audio","Audio"],["video","Videos"],["clips","Clips"],["media","Media"]]},"has_next":true,"has_prev":false,"items":[{"audio_source_url":null,"author":"Ionu\u021b Benea, Daniela Calmis","available_dubs":[],"downloadable_assets":["https://gdb.rferl.org/a0e481d3-810d-4271-fcd3-08def2b08775_cx0_cy13_cw0_w1600_r1_n_s.jpg"],"duration_display":"0:00","duration_seconds":null,"embed_url":null,"id":13227,"image_caption":"O br\u0103\u021bar\u0103 de supraveghere dintr-un lot mai vechi al Inspectoratului Na\u021bional de Proba\u021biune. Imagine generic\u0103.","image_url":"https://gdb.rferl.org/a0e481d3-810d-4271-fcd3-08def2b08775_cx0_cy13_cw0_w1600_r1_n_s.jpg","is_clip":false,"item_type":"article","item_type_label":"Article","language_label":"Romanian","media_credit":"Ionu\u021b Benea, Daniela Calmis","micro_label":"Photo","micro_label_kind":"gallery","network_label":"RFE/RL","network_logo_url":"/static/uploads/direct_network_logos/rfe_rl_e69d397fdd7d.png","published_at":"2026-09-02T16:51:35","published_at_display":"2 Sep 2026, 16:51 GMT","sequence_badge_label":null,"sequence_count":null,"sequence_count_label":null,"sequence_frames":[],"sequence_kind":null,"source_name":"moldova_europalibera_org_rss","source_name_label":"Moldova Europalibera","source_type":"rss","summary":"O companie cu o m\u00e2n\u0103 de angaja\u021bi \u0219i controverse privind licita\u021bii cu dedica\u021bie se afl\u0103 \u00een spatele br\u0103\u021b\u0103rilor electronice prin care statul moldovean \u00eencearc\u0103 s\u0103-i \u021bin\u0103 pe agresori departe de victime. \u00cen ultimii ani, aceea\u0219i firm\u0103 a primit bani de la Inspectoratul Na\u021bional de Proba\u021biune pentru a-\u0219i repara propriile dispozitive. Face\u021bi cuno\u0219tin\u021b\u0103 cu firma Infoexpres. Autoproclamat\u0103 \u201esingurul dezvoltator \u0219i produc\u0103tor certificat de sisteme GPS de pe pia\u021ba din Moldova\u201d, compania cu sediul \u00een Chi\u0219in\u0103u este de mai mul\u021bi ani unicul distribuitor de dispozitive electronice de supraveghere pentru Inspectoratul Na\u021bional de Proba\u021biune (INP). Doar anul acesta, a v\u00e2ndut br\u0103\u021b\u0103ri electronice c\u0103tre INP \u00een valoare de dou\u0103 milioane de lei, aproape c\u00e2t toate v\u00e2nz\u0103rile din 2025. Infoexpres a confec\u021bionat \u0219i a v\u00e2ndut INP \u0219i dispozitivul electronic purtat de Vasile E., b\u0103rbatul din M\u0103gd\u0103ce\u0219ti care, pe 31 august, \u0219i-a ucis so\u021bia, dup\u0103 care s-a sinucis. Echipamentul s-a defectat la scurt timp dup\u0103 ce inspectorii de proba\u021biune i l-au pus pe picior, pe 25 august, \u0219i nu a fost g\u0103sit nici \u00een prezent. Tragedia de la M\u0103gd\u0103ce\u0219ti a scos la iveal\u0103 starea proast\u0103 \u00een care se afl\u0103 sistemul de supraveghere GPS prin care statul moldovean \u00eei monitorizeaz\u0103, teoretic, pe cei \u00eempotriva c\u0103rora s-a emis un ordin de protec\u021bie sau care sunt aresta\u021bi la domiciliu. \u00cen prezent, 354 de cet\u0103\u021beni moldoveni poart\u0103 un dispozitiv de urm\u0103rire \u2013 190 dintre ei sunt persoane agresive, \u00eempotriva c\u0103rora a fost emis un ordin de protec\u021bie. La fel ca Vasile E. Problema dispozitivelor de urm\u0103rire de la INP nu este o noutate pentru autorit\u0103\u021bile din R. Moldova. \u00cen 2023, un raport al Asocia\u021biei pentru Guvernare \u0219i Eficient\u0103 \u0219i Responsabil\u0103 acuza INP c\u0103 a ignorat recomand\u0103rile unor exper\u021bi din str\u0103in\u0103tate \u00een privin\u021ba criteriilor tehnice pe care trebuie s\u0103 le respecte dispozitivele, continu\u00e2nd s\u0103-\u0219i redacteze caietele de sarcini ale licita\u021biilor pentru a favoriza o anumit\u0103 firm\u0103: Infoexpres. Reprezentan\u021bii companiei au negat dintotdeauna acuza\u021biile, inclusiv \u00eentr-un dialog de miercuri, 2 septembrie, purtat cu Europa Liber\u0103. Centrul Na\u021bional Anticorup\u021bie (CNA) a deschis acum trei ani un dosar penal \u00een privin\u021ba posibilei favoriz\u0103ri a Infoexpres, \u00eens\u0103 acesta nu a fost finalizat nici p\u00e2n\u0103 azi. \u00cen prim\u0103vara acestui an, Ministerul Justi\u021biei (MJ) era informat de un fost angajat al INP despre situa\u021bia \u201efoarte critic\u0103\u201d referitoare la modul \u00een care statul supravegheaz\u0103 persoanele violente. \u201eEchipamentele sunt la limita existen\u021bei\u201d, scria angajatul, \u00eentr-o adres\u0103 recep\u021bionat\u0103 de MJ pe 12 martie. Ast\u0103zi, dup\u0103 crima de la M\u0103gd\u0103ce\u0219ti, ministrul Justi\u021biei promite anchete. \u201eSistemul de monitorizare electronic\u0103 a e\u0219uat \u00een a oferi victimei protec\u021bia necesar\u0103. Deficitul de resurse, bre\u0219ele de procedur\u0103, deficien\u021bele utiliz\u0103rii echipamentelor \u00een afara \u021b\u0103rii nu pot atenua gravitatea acestei tragedii\u201d, a declarat ministrul Vladislav Cojuhari. \u00cenceputurile mariajului INP-Infoexpres Infoexpres a fost \u00eenfiin\u021bat\u0103 pe 12 octombrie 2006 \u0219i este condus\u0103, \u00een acte, de Ivan T\u00eep\u00ee\u0219ev, un b\u0103rbat al c\u0103rui istoric Europa Liber\u0103 nu a putut s\u0103 \u00eel verifice. De facto, documentele din licita\u021biile ultimilor ani au fost semnate \u00een numele Infoexpres de directorul adjunct, Igor Iaschevici, care ne-a \u0219i r\u0103spuns, miercuri, la num\u0103rul de contact al companiei. Infoexpres a c\u00e2\u0219tigat ultimul contract cu INP pe 10 iulie 2026. A fost singurul participant la o licita\u021bie \u00een care s-a oferit s\u0103 v\u00e2nd\u0103 cu 1.612.000 de lei, f\u0103r\u0103 TVA, 200 de dispozitive electronice de supraveghere, adic\u0103 pu\u021bin peste 8.000 de lei per echipament + TVA. Din documenta\u021bia tehnic\u0103 depus\u0103 de INP la procedur\u0103 afl\u0103m c\u0103 regulile de participare la licita\u021bie au fost draconice. De pild\u0103, ofertan\u021bilor li s-a cerut s\u0103 garanteze sub semn\u0103tur\u0103 c\u0103 \u201eechipamentele de monitorizare electronic\u0103 a persoanelor \u0219i piesele de schimb propuse \u00een ofert\u0103 nu vor fi expuse, pe pia\u021ba Republicii Moldova, spre v\u00e2nzare altor persoane fizice \u0219i juridice\u201d. O alt\u0103 condi\u021bie era compatibilitatea pe care dispozitivele trebuie s\u0103 o aib\u0103 cu softul folosit de INP, adic\u0103 programul informatic prin intermediul c\u0103ruia s\u0103 gestioneaz\u0103 \u00eentreg sistemul de supraveghere. INP folose\u0219te de mai mul\u021bi ani o platform\u0103 care se nume\u0219te sugestiv \u201eAplica\u021bie de monitorizare electronic\u0103 (AME)\u201d. \u00cen documenta\u021bia tehnic\u0103 studiat\u0103 de Europa Liber\u0103 nu exist\u0103 referin\u021be tehnice cu privire la acest program informatic, astfel \u00eenc\u00e2t o firm\u0103 interesat\u0103 de licita\u021bie s\u0103 poat\u0103 \u0219ti dac\u0103 dispozitivele sale sunt sau nu compatibile. \u201eCompatibilitatea va fi verificat\u0103 la etapa de testare a echipamentului propus\u201d, au r\u0103spuns, \u00een timpul licita\u021biei, reprezentan\u021bii INP, c\u00e2nd au fost \u00eentreba\u021bi despre softul pe care \u00eel folosesc. Cu alte cuvinte, un ofertant ar fi trebuit s\u0103 produc\u0103 un dispozitiv pe care nu \u00eel poate vinde altcuiva \u00een R. Moldova dec\u00e2t INP, \u00eens\u0103 f\u0103r\u0103 s\u0103 \u0219tie ce configura\u021bii tehnice s\u0103 foloseasc\u0103 pentru ca acesta s\u0103 fie compatibil cu programul folosit de institu\u021bie. Aplica\u021bia de monitorizare electronic\u0103 (AME) folosit\u0103 de INP nu este \u00eens\u0103 un mister pentru to\u021bi juc\u0103torii de pe pia\u021b\u0103. Ea a fost realizat\u0103 chiar de Infoexpres \u0219i doar reprezentan\u021bii acestei companii, \u00een afar\u0103 de institu\u021bia public\u0103, \u00eei \u0219tiu configura\u021bia. Acesta este \u0219i motivul pentru care Infoexpres a c\u00e2\u0219tigat \u00een ultimii ani licita\u021biile pentru dispozitivele electronice. \u201eLa noi, corespund datele tehnice de care ei au nevoie. \u00cen primul r\u00e2nd, nimeni nu poate oferi server de tip \u00eenchis, care lucreaz\u0103 doar \u00een regim \u00eenchis. To\u021bi care ofer\u0103, dac\u0103 ofer\u0103, doar cloud \u2013 \u00een care cine vrea poate intra, mai ales hackerii\u201d, a declarat Igor Iaschevici pentru Europa Liber\u0103. E firma sa favorizat\u0103?, l-am \u00eentrebat pe reprezentantul Infoexpres. \u201eTenderul a f\u0103cut public, noi am participat public la el. La noi, to\u021bi parametrii corespund, a\u0219a cum au solicitat ei (INP, n.r.). \u0218i de asta noi am c\u00e2\u0219tigat. Dac\u0103 ar fi c\u00e2\u0219tigat o alt\u0103 companie care corespunde, alta ar fi livrat\u201d, a fost r\u0103spunsul lui. O br\u0103tar\u0103 de supraveghere electronic\u0103 este montat\u0103 de c\u0103tre angaja\u021bii INP. Dac\u0103 regulile de participare la licita\u021bie par restrictive, condi\u021biile tehnice ale echipamentelor cerute de INP nu sunt. Caietul de sarcini al licita\u021biei din 2026 accept\u0103 explicit comunica\u021bii pe \u201etehnologie GSM (minim 2G)\u201d \u2013 o genera\u021bie pe care unii operatori au \u00eenceput deja s\u0103 o retrag\u0103, cere doar certificare IP67 pentru un dispozitiv purtat permanent pe corp \u0219i nu impune un algoritm de criptare anume, ci doar \u201ealgoritmi standard de criptare\u201d. Ca s\u0103 \u00een\u021belege\u021bi diferen\u021ba: dac\u0103 ave\u021bi un telefon sau un smartwatch performante, cel mai probabil, au certificare IP68 \u2013 adic\u0103 ofer\u0103 protec\u021bie ridicat\u0103 \u00eempotriva prafului \u0219i rezisten\u021b\u0103 ridicat\u0103 la ap\u0103. Dispozitivele IP67 sunt \u0219i ele rezistente la praf sau ap\u0103, \u00eens\u0103 au o performan\u021b\u0103 inferioar\u0103. \u201eDispozitivele noastre sunt sigure\u201d, ne-a spus Igori Iaschevici, care a ad\u0103ugat \u00eens\u0103 c\u0103, la fel ca orice alt dispozitiv, acestea pot fi distruse de c\u0103tre cei care le poart\u0103. Europa Liber\u0103 a cerut l\u0103muriri cu privire la licita\u021biile c\u00e2\u0219tigate de Infoexpres de la reprezentantul INP din aceste licita\u021bii, \u0219eful departamentului de logistic\u0103, Oleg Obreja. Acesta ne-a transmis telefonic c\u0103 nu dore\u0219te s\u0103 comenteze. Nici al\u021bi reprezentan\u021bi ai INP nu au dorit s\u0103 ofere detalii despre acest subiect. Potrivit datelor de pe portalul achizi\u021biilor publice consultate de Europa Liber\u0103, Infoexpres a c\u00e2\u0219tigat primul contract cu INP \u00een octombrie 2019, c\u00e2nd s-a angajat s\u0103 furnizeze un sistem GPS pentru urm\u0103rirea persoanelor \u0219i o aplica\u021bie de monitorizare electronic\u0103, pentru 448.000 de lei. De atunci, INP a atribuit companiei \u0219ase contracte pentru sisteme \u0219i dispozitive de monitorizare electronic\u0103, \u00een valoare total\u0103 de circa 6,2 milioane de lei. Infoexpres nu doar a livrat produsele, ci le-a \u0219i reparat, prin intermediul altor licita\u021bii, \u0219i a primit pentru asta circa jum\u0103tate de milion de lei \u00een ultimii doi ani. Din caietul de sarcini al repara\u021biilor din 2026 afl\u0103m \u0219i care sunt cele mai dese defec\u021biuni ale dispozitivelor: la pl\u0103cile electronice, baterii \u0219i blocuri de alimentare, carcase, cabluri, module GPS \u0219i GSM \u0219i componente de comunica\u021bie radio (RF). Ce s-a \u00eent\u00e2mplat c\u00e2nd a existat, totu\u0219i, competi\u021bie? Din c\u00e2nd \u00een c\u00e2nd, la licita\u021biile organizate de INP pentru dispozitivele electronice a mai participat c\u00e2te o firm\u0103. Dumitru Boaghe este reprezentantul firmei Dalu Mol \u0219i are \u0219i alte afaceri \u00een domeniul dispozitivelor GPS. A participat de c\u00e2teva ori la licita\u021bii, \u00eens\u0103 de fiecare dat\u0103 procedurile au fost anulate. Ultima oar\u0103, \u00een toamna anului 2025. Atunci, firma sa a fost descalificat\u0103, printre altele, pentru c\u0103 dispozitivele propuse nu aveau standardul IP68. C\u00e2teva luni mai t\u00e2rziu, c\u00e2nd licita\u021bia s-a reluat \u2013 \u00een prim\u0103vara acestui an \u2013 acest criteriu a fost scos din caietul de sarcini \u0219i procedura a fost c\u00e2\u0219tigat\u0103 de Infoexpres. Dumitru Boaghe spune c\u0103 a renun\u021bat s\u0103 participe la licita\u021biile organizate de INP c\u00e2nd \u0219i-a dat seama c\u0103 licita\u021biile sunt \u201ec\u00e2\u0219tigate de cine trebuie\u201d. El men\u021bioneaz\u0103 c\u0103 inspectoratul a evitat \u00een mod constant s\u0103 testeze \u0219i s\u0103 integreze echipamentele altor firme de pe pia\u021b\u0103, prefer\u00e2nd o cale simpl\u0103, care avantaja Infoexpres. \u201eCompania local\u0103 (Infoexpres, n.r.) a dezvoltat acest sistem, cel mai probabil, la nivelul de proiectare. Inspectoratul de Proba\u021biune nu a prev\u0103zut sub nicio form\u0103 ca alte echipamente s\u0103 poat\u0103 fi utilizate cu acest software. Este un software \u00eenchis, pe care compania local\u0103 \u0219i l-a dezvoltat \u0219i care func\u021bioneaz\u0103 exclusiv cu dispozitivele lor...\u201d \u201eAutorit\u0103\u021bile statului, cu regret, din banii no\u0219tri, nu au manifestat niciodat\u0103 un interes real de a identifica solu\u021bii tehnologice moderne \u0219i potrivite, la pre\u021buri mai potrivite\u201d, concluzioneaz\u0103 Boaghe. Omul de afaceri spune c\u0103, dup\u0103 raportul din 2023 \u2013 c\u00e2nd Asocia\u021bia pentru Guvernare \u0219i Eficient\u0103 \u0219i Responsabil\u0103 acuza INP c\u0103 d\u0103 contracte cu dedica\u021bie c\u0103tre Infoexpres \u2013 a fost chemat la CNA, unde a fost audiat \u00eentr-un dosar \u00een care era vizat inclusiv fostul director al INP. Nu mai \u0219tie nimic despre acel dosar. Reprezentan\u021bii CNA nu au putut fi contacta\u021bi miercuri pentru a oferi detalii despre acea procedur\u0103. Dup\u0103 tragedia de la M\u0103gd\u0103ce\u0219ti, ministrul Justi\u021biei, Vladislav Cojuhari, spune c\u0103 R. Moldova trebuie s\u0103 corecteze \u201eurgent\u201d procedurile \u0219i s\u0103 aloce resurse acolo unde este necesar: \u201eVom veni cu propunerea ca Inspectoratul General al Poli\u021biei s\u0103 aib\u0103 acces direct la sistemul de monitorizare pentru a putea interveni prompt. De asemenea, vom recomanda ca agresorii familiali, chiar dac\u0103 nu au interdic\u021bie de p\u0103r\u0103sire a teritoriului \u021b\u0103rii, s\u0103 fie pu\u0219i pe consemn la trecerea frontierei, a\u0219a \u00eenc\u00e2t s\u0103 exist\u0103 informare \u00eentre institu\u021bii\u201d. Cronologia crimei de la M\u0103gd\u0103ce\u0219ti Pe 31 august 2026, Vasile E.(47 de ani) a intrat \u00een casa din satul M\u0103gd\u0103ce\u0219ti, raionul Criuleni, \u00een care locuia so\u021bia lui, \u0219i a \u00eempu\u0219cat-o cu o arm\u0103 de\u021binut\u0103 ilegal. Apoi, s-a sinucis. Poli\u021bia a fost alertat\u0103 de fiica de 15 ani. Cei doi aveau trei fiice, dintre care dou\u0103 minore. Femeia de 42 de ani ceruse protec\u021bia statului \u00eenc\u0103 de pe 13 iulie. Judec\u0103toria Criuleni a emis o prim\u0103 ordonan\u021b\u0103 de protec\u021bie, pe care Vasile E. a \u00eenc\u0103lcat-o c\u00e2teva zile mai t\u00e2rziu, pe 3 august. Pe 24 august, femeia a cerut o nou\u0103 ordonan\u021b\u0103, emis\u0103 a doua zi. Pe 25 august, la ora 16:50, br\u0103\u021bara electronic\u0103 i-a fost aplicat\u0103 la Biroul de Proba\u021biune Criuleni. Peste c\u00e2teva ore, semnalul GPS a disp\u0103rut de pe platforma de monitorizare \u2013 cartela SIM continua s\u0103 transmit\u0103 date, dar f\u0103r\u0103 loca\u021bie. La 20:34, b\u0103rbatul a anun\u021bat c\u0103 pleac\u0103 din \u021bar\u0103 pentru patru-cinci zile. Nu avea interdic\u021bie de a p\u0103r\u0103si teritoriul \u0219i nici consemn la frontier\u0103. A revenit pe 30 august. Echipamentul lui r\u0103m\u0103sese, \u00eentre timp, invizibil pe platform\u0103. Inclusiv a doua zi, pe 31 august, c\u00e2nd \u0219i-a ucis so\u021bia. Procuratura General\u0103 a deschis o cauz\u0103 penal\u0103 pentru a stabili cum a fost posibil ca un agresor aflat sub monitorizare electronic\u0103 s\u0103 ajung\u0103 la victim\u0103. Avocatul Poporului s-a autosesizat \u0219i verific\u0103 dac\u0103 s-au respectat normele Conven\u021biei Europene a Drepturilor Omului. Directorul INP, Viorel Sochirc\u0103, a demisionat. Europa Liber\u0103 Moldova este \u0219i pe Google News. Aboneaz\u0103-te .","title":"Crima de la M\u0103gd\u0103ce\u0219ti \u0219i monopolul br\u0103\u021b\u0103rilor electronice. Cum a ajuns statul dependent de o singur\u0103 firm\u0103","topic":null,"translation_language":"","url":"https://moldova.europalibera.org/a/33845716.html","video_url":null},{"audio_source_url":null,"author":"Eugen Uru\u0219ciuc","available_dubs":[],"downloadable_assets":["https://rfe-video-ns.akamaized.net/pangeavideo/2026/07/0/0c/0c459c57-5a67-4d88-44b7-08decacf94d0_1080p.mp4?cb=ee1fd102c","https://gdb.rferl.org/a6f4171d-8958-4ab2-868f-08decad17715_w1600_r1_n_s.jpg"],"duration_display":"0:00","duration_seconds":null,"embed_url":null,"id":13134,"image_caption":"Satul Sire\u021bi (\u00een imagine) din raionul Str\u0103\u0219eni se va amalgama cu satul Ro\u0219cani din acela\u0219i raion","image_url":"https://gdb.rferl.org/a6f4171d-8958-4ab2-868f-08decad17715_w1600_r1_n_s.jpg","is_clip":true,"item_type":"video","item_type_label":"Video","language_label":"Romanian","media_credit":"Eugen Uru\u0219ciuc","micro_label":"Video report","micro_label_kind":"video","network_label":"RFE/RL","network_logo_url":"/static/uploads/direct_network_logos/rfe_rl_e69d397fdd7d.png","published_at":"2026-09-02T14:19:55","published_at_display":"2 Sep 2026, 14:19 GMT","sequence_badge_label":null,"sequence_count":null,"sequence_count_label":null,"sequence_frames":[],"sequence_kind":null,"source_name":"moldova_europalibera_org_rss","source_name_label":"Moldova Europalibera","source_type":"rss","summary":"Nicio localitate din G\u0103g\u0103uzia nu a ini\u021biat procesul de amalgamare voluntar\u0103, care se \u00eencheie pe 31 iulie. \u00cen autonomie, astfel de decizii ar trebui s\u0103 fie aprobate \u0219i de Adunarea Popular\u0103, care are, \u00eens\u0103, un mandat limitat. Din august, amalgamarea va fi normativ\u0103, adic\u0103 obligatorie, prin lege.","title":"Reforma administrativ\u0103, blocat\u0103 \u00een G\u0103g\u0103uzia","topic":null,"translation_language":"","url":"https://moldova.europalibera.org/a/de-trei-ori-mai-putine-primarii-tinta-reformei-administratiei-publice-locale-din-r-moldova/33845653.html","video_url":"https://rfe-video-ns.akamaized.net/pangeavideo/2026/07/0/0c/0c459c57-5a67-4d88-44b7-08decacf94d0_1080p.mp4?cb=ee1fd102c"},{"audio_source_url":"https://rfe-audio-ns.akamaized.net/md/2026/09/02/c5b853ae-df29-4c5b-882d-08decad17715_hq.mp3","author":"Eugen Uru\u0219ciuc","available_dubs":[],"downloadable_assets":["https://rfe-audio-ns.akamaized.net/md/2026/09/02/c5b853ae-df29-4c5b-882d-08decad17715_hq.mp3","https://gdb.rferl.org/a6f4171d-8958-4ab2-868f-08decad17715_w1600_r1_n_s.jpg"],"duration_display":"3:51","duration_seconds":231.0,"embed_url":null,"id":13133,"image_caption":"Satul Sire\u021bi (\u00een imagine) din raionul Str\u0103\u0219eni se va amalgama cu satul Ro\u0219cani din acela\u0219i raion","image_url":"https://gdb.rferl.org/a6f4171d-8958-4ab2-868f-08decad17715_w1600_r1_n_s.jpg","is_clip":false,"item_type":"audio","item_type_label":"Audio","language_label":"Romanian","media_credit":"Eugen Uru\u0219ciuc","micro_label":"Audio program","micro_label_kind":"audio","network_label":"RFE/RL","network_logo_url":"/static/uploads/direct_network_logos/rfe_rl_e69d397fdd7d.png","published_at":"2026-09-02T14:19:55","published_at_display":"2 Sep 2026, 14:19 GMT","sequence_badge_label":null,"sequence_count":null,"sequence_count_label":null,"sequence_frames":[],"sequence_kind":null,"source_name":"moldova_europalibera_org_rss","source_name_label":"Moldova Europalibera","source_type":"rss","summary":"Guvernul a f\u0103cut bilan\u021bul primei etape a reformei administra\u021biei publice locale \u2013 amalgamarea voluntar\u0103, \u0219i a anun\u021bat c\u0103 \u00ee\u0219i propune ca, \u00een urma tuturor etapelor \u0219i a alegerilor locale din 2027, \u00een R. Moldova s\u0103 r\u0103m\u00e2n\u0103 292 din cele 892 de prim\u0103rii care exist\u0103 \u00een prezent.","title":"Interviu cu Viorel Furdui, director executiv al CALM","topic":null,"translation_language":"","url":"https://moldova.europalibera.org/a/de-trei-ori-mai-putine-primarii-tinta-reformei-administratiei-publice-locale-din-r-moldova/33845653.html","video_url":null},{"audio_source_url":null,"author":"Eugen Uru\u0219ciuc","available_dubs":[],"downloadable_assets":["https://gdb.rferl.org/a6f4171d-8958-4ab2-868f-08decad17715_w1600_r1_n_s.jpg"],"duration_display":"0:00","duration_seconds":null,"embed_url":null,"id":13132,"image_caption":"Satul Sire\u021bi (\u00een imagine) din raionul Str\u0103\u0219eni se va amalgama cu satul Ro\u0219cani din acela\u0219i raion","image_url":"https://gdb.rferl.org/a6f4171d-8958-4ab2-868f-08decad17715_w1600_r1_n_s.jpg","is_clip":false,"item_type":"article","item_type_label":"Article","language_label":"Romanian","media_credit":"Eugen Uru\u0219ciuc","micro_label":"Photo","micro_label_kind":"gallery","network_label":"RFE/RL","network_logo_url":"/static/uploads/direct_network_logos/rfe_rl_e69d397fdd7d.png","published_at":"2026-09-02T14:19:55","published_at_display":"2 Sep 2026, 14:19 GMT","sequence_badge_label":null,"sequence_count":null,"sequence_count_label":null,"sequence_frames":[],"sequence_kind":null,"source_name":"moldova_europalibera_org_rss","source_name_label":"Moldova Europalibera","source_type":"rss","summary":"Guvernul a f\u0103cut bilan\u021bul primei etape a reformei administra\u021biei publice locale \u2013 amalgamarea voluntar\u0103, \u0219i a anun\u021bat c\u0103 \u00ee\u0219i propune ca, \u00een urma tuturor etapelor \u0219i a alegerilor locale din 2027, \u00een R. Moldova s\u0103 r\u0103m\u00e2n\u0103 292 din cele 892 de prim\u0103rii care exist\u0103 \u00een prezent. Procesul de amalgamare voluntar\u0103 \u2013 care vizeaz\u0103 comasarea localit\u0103\u021bilor cu mai pu\u021bin de 3.000 de locuitori \u2013 s-a \u00eencheiat cu decizii finale \u00een cazul a 63% sau 561 din totalul de 892 de prim\u0103rii existente acum \u00een R. Moldova. Alte 254 de prim\u0103rii urmeaz\u0103 s\u0103 treac\u0103 printr-un proces de amalgamare normativ\u0103. Supranumit\u0103 de critici \u201eamalgamare for\u021bat\u0103\u201d, aceast\u0103 etap\u0103 este contestat\u0103 de Congresul Autorit\u0103\u021bilor Locale din Moldova (CALM), cea mai reprezentativ\u0103 organiza\u021bie a administra\u021biilor locale din \u021bar\u0103. \u201eNicio localitate cu o popula\u021bie mai mic\u0103 de 3.000 de locuitori nu va r\u0103m\u00e2ne neamalgamat\u0103\u201d, a declarat, de cealalt\u0103 parte, Alexei Buzu, secretarul general al Guvernului, la prezentarea bilan\u021bului, pe 2 septembrie. Comasarea benevol\u0103 urma s\u0103 se \u00eencheie pe 31 iulie, \u00eens\u0103 termenul a fost extins p\u00e2n\u0103 pe 31 august printr-un amendament legislativ, pe care CALM l-a calificat drept un \u201eabuz\u201d. Totodat\u0103, autorit\u0103\u021bile au anun\u021bat c\u0103 urm\u0103toarea etap\u0103 a reformei [amalgamarea normativ\u0103] se va desf\u0103\u0219ura pe parcursul acestei toamne \u0219i c\u0103 se vor mai face ajust\u0103ri p\u00e2n\u0103 la alegerile locale generale din noiembrie 2027. Ce roade a dat amalgamarea voluntar\u0103 Alexei Buzu sus\u021bine c\u0103 reforma va consolida administra\u021bia local\u0103, spun\u00e2nd c\u0103, \u00een prezent, \u00een R. Moldova exist\u0103 \u201eprimari puternici, dar prim\u0103rii slabe\u201d. 776 din cele 892 de prim\u0103rii din \u021bar\u0103 au o popula\u021bie sub 3.000 de oameni, configur\u00e2nd un sistem \u201eextrem de fragmentat\u201d. Opt din zece familii care nu au ap\u0103 la robinet \u0219i canalizare tr\u0103iesc anume \u00een aceste localit\u0103\u021bi cu pu\u021bini locuitori \u0219i cu bugete foarte mici. P\u00e2n\u0103 la sf\u00e2r\u0219itul lunii august, 788 de consilii locale au adoptat 1.226 de decizii privind amalgamarea voluntar\u0103, iar num\u0103rul total al prim\u0103riilor care au ini\u021biat acest proces a atins 85%. Dintre acestea, 561 de prim\u0103rii au ajuns la decizii definitive. \u201e\u00cen luna august, aproximativ 150 de prim\u0103rii au reu\u0219it s\u0103 negocieze \u0219i s\u0103 finalizeze procedurile. Este o distribu\u021bie destul de echilibrat\u0103 \u00een toate regiunile \u021b\u0103rii\u201d, a spus Buzu. Prim\u0103riile comasate vor primi \u00een total 4,5 miliarde de lei din bugetul de stat, prin trei tipuri de stimulente: pentru preg\u0103tirea procesului (2026), pentru dezvoltarea infrastructurii (3.000 de lei per locuitor) \u0219i post-amalgamare (care va fi acordat noilor prim\u0103rii \u00eencep\u00e2nd din 2028). Buzu a oferit \u0219i c\u00e2teva exemple. Clusterul Ungheni, cu 10 prim\u0103rii unificate, va primi 157 de milioane de lei; clusterul C\u0103l\u0103ra\u0219i, format din 14 prim\u0103rii \u2013 116 milioane de lei; clusterul Rezina, nou\u0103 prim\u0103rii \u2013 85 de milioane de lei \u0219i clusterul R\u00e2\u0219cani, cu \u0219apte prim\u0103rii \u2013 72 de milioane de lei. \u201eBanii vor fi investi\u021bi \u00eentr-o infrastructur\u0103 mai bun\u0103 \u0219i servicii moderne\u201d, a precizat Buzu. Secretarul general al Guvernului, Alexei Buzu, prezint\u0103 rezultatele primei etape a reformei administra\u021biei publice locale, Chi\u0219in\u0103u, 2 septembrie 2026 Cum va decurge amalgamarea normativ\u0103 254 de prim\u0103rii vor trece prin procesul de amalgamare normativ\u0103, adic\u0103 vor fi comasate de autorit\u0103\u021bile centrale, \u00een consultare cu cele locale. \u201eAm expediat deja notific\u0103ri, am discutat cu ale\u0219ii locali, iar dezbaterile cu cet\u0103\u021benii vor continua \u00een luna septembrie\u201d, a spus Buzu. \u00cen aceast\u0103 toamn\u0103, Guvernul urmeaz\u0103 s\u0103 adopte un pachet legislativ care va redefini competen\u021bele prim\u0103riilor (nivelul I al administra\u021biei publice locale) \u0219i ale raioanelor (nivelul II) \u0219i va contura o nou\u0103 hart\u0103 administrativ\u0103 a Republicii Moldova. Fiecare localitate \u00ee\u0219i va p\u0103stra denumirea, chiar dac\u0103 va face parte dintr-o alt\u0103 prim\u0103rie. Autorit\u0103\u021bile vor avea la dispozi\u021bie un an pentru a preg\u0103ti tranzi\u021bia, astfel \u00eenc\u00e2t noua structur\u0103 s\u0103 fie func\u021bional\u0103 dup\u0103 alegerile locale din 2027, c\u00e2nd, potrivit a\u0219tept\u0103rilor, vor r\u0103m\u00e2ne 292 de prim\u0103rii. \u201eVom avea mai pu\u021bine prim\u0103rii, dar mai puternice, mai capabile s\u0103 accelereze dezvoltarea localit\u0103\u021bilor\u201d, sus\u021bine Buzu. P\u00e2n\u0103 la alegerile de anul viitor autorit\u0103\u021bile trebuie s\u0103 decid\u0103 cum vor fi unificate taxele, bugetele, institu\u021biile, cum vor ar\u0103ta noile prim\u0103rii \u0219i cum vor func\u021biona Centrele Unificate de Prestare a Serviciilor(CUPS). Urmeaz\u0103 s\u0103 fie digitalizate registrele cadastrale, ale patrimoniilor locale \u0219i extins\u0103 baza fiscal\u0103. \u201eImpasul temporar\u201d din G\u0103g\u0103uzia \u00cen autonomia g\u0103g\u0103uz\u0103, procesul de amalgamare nici m\u0103car nu a \u00eenceput, deoarece Adunarea Popular\u0103 (legislativul local) nu are mandat deplin de mai bine de un an \u0219i nu poate aviza deciziile de amalgamare. Guvernul spune \u00eens\u0103 c\u0103 este \u201eun impas temporar\u201d \u0219i c\u0103, dup\u0103 alegerile care vor avea loc \u00een G\u0103g\u0103uzia pe 15 noiembrie, vor fi comasate \u0219i prim\u0103riile mici din regiune. \u00cen autonomia g\u0103g\u0103uz\u0103 sunt 26 de localit\u0103\u021bi, majoritatea dintre care au sub 3.000 de locuitori. Reforma administrativ\u0103, blocat\u0103 \u00een G\u0103g\u0103uzia Primari nemul\u021bumi\u021bi de reform\u0103 Congresul Autorit\u0103\u021bilor Locale din Moldova (CALM) \u2013 o asocia\u021bie ce reune\u0219te 700 de prim\u0103rii \u0219i consilii raionale, contest\u0103 nu at\u00e2t necesitatea unei reforme administrative, c\u00e2t metodele prin care Guvernul o realizeaz\u0103. \u00centr-un interviu pentru Europa Liber\u0103, directorul executiv al CALM, Viorel Furdui, a spus c\u0103 autorit\u0103\u021bile centrale \u201elichideaz\u0103, de fapt, autoguvernarea \u0219i reprezentativitatea local\u0103\u201d. Potrivit lui, la prima etap\u0103, amalgamarea nu a fost cu adev\u0103rat voluntar\u0103, fiind realizat\u0103 \u201esub o presiune administrativ\u0103 \u0219i politic\u0103 enorm\u0103\u201d. Furdui a invocat exemplul Georgiei, unde o reform\u0103 administrativ\u0103 radical\u0103 a dus la centralizarea excesiv\u0103 a puterii. \u201eToat\u0103 puterea se va concentra la centru\u201d, crede el. Referitor la etapa normativ\u0103 a reformei, Furdui sus\u021bine c\u0103 aceasta nu are o baz\u0103 legal\u0103 clar\u0103 \u0219i c\u0103 \u00eencalc\u0103 autonomia local\u0103. El crede c\u0103, pe fondul problemelor social-economice, c\u00e2nd \u021bara are nevoie de o coeziune mai mare, reforma guvern\u0103rii PAS scindeaz\u0103 comunit\u0103\u021bile. Autorit\u0103\u021bile au respins toate aceste acuza\u021bii \u00een reac\u021bii anterioare, spun\u00e2nd c\u0103 reforma va reduce fragmentarea \u0219i cheltuielile administrative excesive \u0219i va stimula dezvoltarea localit\u0103\u021bilor \u2013 prim\u0103riile mai mari vor avea bugete mai mari. Reforma este \u0219i o cerin\u021b\u0103 a Uniunii Europene \u00een procesul de aderare a R. Moldova la blocul comunitar. \u00cen ceea ce prive\u0219te administra\u021biile publice locale de nivelul doi, Alexei Buzu a spus \u00eentr-un interviu recent pentru Europa Liber\u0103 c\u0103, dup\u0103 reform\u0103, \u00een R. Moldova vor r\u0103m\u00e2ne \u201ecu siguran\u021b\u0103\u201d mai pu\u021bin de zece raioane din cele 32 din prezent. Europa Liber\u0103 Moldova este \u0219i pe Google News. Aboneaz\u0103-te .","title":"De trei ori mai pu\u021bine prim\u0103rii: \u021binta reformei administra\u021biei publice locale din R. Moldova","topic":null,"translation_language":"","url":"https://moldova.europalibera.org/a/de-trei-ori-mai-putine-primarii-tinta-reformei-administratiei-publice-locale-din-r-moldova/33845653.html","video_url":null},{"audio_source_url":null,"author":"Eugen Uru\u0219ciuc","available_dubs":[],"downloadable_assets":["https://rfe-video-ns.akamaized.net/pangeavideo/2026/07/0/0c/0c459c57-5a67-4d88-44b7-08decacf94d0_1080p.mp4?cb=ee1fd102c","https://gdb.rferl.org/a6f4171d-8958-4ab2-868f-08decad17715_w1600_r1_n_s.jpg"],"duration_display":"0:00","duration_seconds":null,"embed_url":null,"id":13093,"image_caption":"Satul Sire\u021bi (\u00een imagine) din raionul Str\u0103\u0219eni se va amalgama cu satul Ro\u0219cani din acela\u0219i raion","image_url":"https://gdb.rferl.org/a6f4171d-8958-4ab2-868f-08decad17715_w1600_r1_n_s.jpg","is_clip":true,"item_type":"video","item_type_label":"Video","language_label":"Romanian","media_credit":"Eugen Uru\u0219ciuc","micro_label":"Video report","micro_label_kind":"video","network_label":"RFE/RL","network_logo_url":"/static/uploads/direct_network_logos/rfe_rl_e69d397fdd7d.png","published_at":"2026-09-02T14:19:55","published_at_display":"2 Sep 2026, 14:19 GMT","sequence_badge_label":null,"sequence_count":null,"sequence_count_label":null,"sequence_frames":[],"sequence_kind":null,"source_name":"moldova_europalibera_org_rss","source_name_label":"Moldova Europalibera","source_type":"rss","summary":"Nicio localitate din G\u0103g\u0103uzia nu a ini\u021biat procesul de amalgamare voluntar\u0103, care se \u00eencheie pe 31 iulie. \u00cen autonomie, astfel de decizii ar trebui s\u0103 fie aprobate \u0219i de Adunarea Popular\u0103, care are, \u00eens\u0103, un mandat limitat. Din august, amalgamarea va fi normativ\u0103, adic\u0103 obligatorie, prin lege.","title":"Reforma administrativ\u0103, blocat\u0103 \u00een G\u0103g\u0103uzia","topic":null,"translation_language":"","url":"https://www.europalibera.md/a/de-trei-ori-mai-putine-primarii-tinta-reformei-administratiei-publice-locale-din-r-moldova/33845653.html","video_url":"https://rfe-video-ns.akamaized.net/pangeavideo/2026/07/0/0c/0c459c57-5a67-4d88-44b7-08decacf94d0_1080p.mp4?cb=ee1fd102c"},{"audio_source_url":"https://rfe-audio-ns.akamaized.net/md/2026/09/02/c5b853ae-df29-4c5b-882d-08decad17715_hq.mp3","author":"Eugen Uru\u0219ciuc","available_dubs":[],"downloadable_assets":["https://rfe-audio-ns.akamaized.net/md/2026/09/02/c5b853ae-df29-4c5b-882d-08decad17715_hq.mp3","https://gdb.rferl.org/a6f4171d-8958-4ab2-868f-08decad17715_w1600_r1_n_s.jpg"],"duration_display":"3:51","duration_seconds":231.0,"embed_url":null,"id":13092,"image_caption":"Satul Sire\u021bi (\u00een imagine) din raionul Str\u0103\u0219eni se va amalgama cu satul Ro\u0219cani din acela\u0219i raion","image_url":"https://gdb.rferl.org/a6f4171d-8958-4ab2-868f-08decad17715_w1600_r1_n_s.jpg","is_clip":false,"item_type":"audio","item_type_label":"Audio","language_label":"Romanian","media_credit":"Eugen Uru\u0219ciuc","micro_label":"Audio program","micro_label_kind":"audio","network_label":"RFE/RL","network_logo_url":"/static/uploads/direct_network_logos/rfe_rl_e69d397fdd7d.png","published_at":"2026-09-02T14:19:55","published_at_display":"2 Sep 2026, 14:19 GMT","sequence_badge_label":null,"sequence_count":null,"sequence_count_label":null,"sequence_frames":[],"sequence_kind":null,"source_name":"moldova_europalibera_org_rss","source_name_label":"Moldova Europalibera","source_type":"rss","summary":"Guvernul a f\u0103cut bilan\u021bul primei etape a reformei administra\u021biei publice locale \u2013 amalgamarea voluntar\u0103, \u0219i a anun\u021bat c\u0103 \u00ee\u0219i propune ca, \u00een urma tuturor etapelor \u0219i a alegerilor locale din 2027, \u00een R. Moldova s\u0103 r\u0103m\u00e2n\u0103 292 din cele 892 de prim\u0103rii care exist\u0103 \u00een prezent.","title":"Interviu cu Viorel Furdui, director executiv al CALM","topic":null,"translation_language":"","url":"https://www.europalibera.md/a/de-trei-ori-mai-putine-primarii-tinta-reformei-administratiei-publice-locale-din-r-moldova/33845653.html","video_url":null},{"audio_source_url":null,"author":"Eugen Uru\u0219ciuc","available_dubs":[],"downloadable_assets":["https://gdb.rferl.org/a6f4171d-8958-4ab2-868f-08decad17715_w1600_r1_n_s.jpg"],"duration_display":"0:00","duration_seconds":null,"embed_url":null,"id":13091,"image_caption":"Satul Sire\u021bi (\u00een imagine) din raionul Str\u0103\u0219eni se va amalgama cu satul Ro\u0219cani din acela\u0219i raion","image_url":"https://gdb.rferl.org/a6f4171d-8958-4ab2-868f-08decad17715_w1600_r1_n_s.jpg","is_clip":false,"item_type":"article","item_type_label":"Article","language_label":"Romanian","media_credit":"Eugen Uru\u0219ciuc","micro_label":"Photo","micro_label_kind":"gallery","network_label":"RFE/RL","network_logo_url":"/static/uploads/direct_network_logos/rfe_rl_e69d397fdd7d.png","published_at":"2026-09-02T14:19:55","published_at_display":"2 Sep 2026, 14:19 GMT","sequence_badge_label":null,"sequence_count":null,"sequence_count_label":null,"sequence_frames":[],"sequence_kind":null,"source_name":"moldova_europalibera_org_rss","source_name_label":"Moldova Europalibera","source_type":"rss","summary":"Guvernul a f\u0103cut bilan\u021bul primei etape a reformei administra\u021biei publice locale \u2013 amalgamarea voluntar\u0103, \u0219i a anun\u021bat c\u0103 \u00ee\u0219i propune ca, \u00een urma tuturor etapelor \u0219i a alegerilor locale din 2027, \u00een R. Moldova s\u0103 r\u0103m\u00e2n\u0103 292 din cele 892 de prim\u0103rii care exist\u0103 \u00een prezent. Procesul de amalgamare voluntar\u0103 \u2013 care vizeaz\u0103 comasarea localit\u0103\u021bilor cu mai pu\u021bin de 3.000 de locuitori \u2013 s-a \u00eencheiat cu decizii finale \u00een cazul a 63% sau 561 din totalul de 892 de prim\u0103rii existente acum \u00een R. Moldova. Alte 254 de prim\u0103rii urmeaz\u0103 s\u0103 treac\u0103 printr-un proces de amalgamare normativ\u0103. Supranumit\u0103 de critici \u201eamalgamare for\u021bat\u0103\u201d, aceast\u0103 etap\u0103 este contestat\u0103 de Congresul Autorit\u0103\u021bilor Locale din Moldova (CALM), cea mai reprezentativ\u0103 organiza\u021bie a administra\u021biilor locale din \u021bar\u0103. \u201eNicio localitate cu o popula\u021bie mai mic\u0103 de 3.000 de locuitori nu va r\u0103m\u00e2ne neamalgamat\u0103\u201d, a declarat, de cealalt\u0103 parte, Alexei Buzu, secretarul general al Guvernului, la prezentarea bilan\u021bului, pe 2 septembrie. Comasarea benevol\u0103 urma s\u0103 se \u00eencheie pe 31 iulie, \u00eens\u0103 termenul a fost extins p\u00e2n\u0103 pe 31 august printr-un amendament legislativ, pe care CALM l-a calificat drept un \u201eabuz\u201d. Totodat\u0103, autorit\u0103\u021bile au anun\u021bat c\u0103 urm\u0103toarea etap\u0103 a reformei [amalgamarea normativ\u0103] se va desf\u0103\u0219ura pe parcursul acestei toamne \u0219i c\u0103 se vor mai face ajust\u0103ri p\u00e2n\u0103 la alegerile locale generale din noiembrie 2027. Ce roade a dat amalgamarea voluntar\u0103 Alexei Buzu sus\u021bine c\u0103 reforma va consolida administra\u021bia local\u0103, spun\u00e2nd c\u0103, \u00een prezent, \u00een R. Moldova exist\u0103 \u201eprimari puternici, dar prim\u0103rii slabe\u201d. 776 din cele 892 de prim\u0103rii din \u021bar\u0103 au o popula\u021bie sub 3.000 de oameni, configur\u00e2nd un sistem \u201eextrem de fragmentat\u201d. Opt din zece familii care nu au ap\u0103 la robinet \u0219i canalizare tr\u0103iesc anume \u00een aceste localit\u0103\u021bi cu pu\u021bini locuitori \u0219i cu bugete foarte mici. P\u00e2n\u0103 la sf\u00e2r\u0219itul lunii august, 788 de consilii locale au adoptat 1.226 de decizii privind amalgamarea voluntar\u0103, iar num\u0103rul total al prim\u0103riilor care au ini\u021biat acest proces a atins 85%. Dintre acestea, 561 de prim\u0103rii au ajuns la decizii definitive. \u201e\u00cen luna august, aproximativ 150 de prim\u0103rii au reu\u0219it s\u0103 negocieze \u0219i s\u0103 finalizeze procedurile. Este o distribu\u021bie destul de echilibrat\u0103 \u00een toate regiunile \u021b\u0103rii\u201d, a spus Buzu. Prim\u0103riile comasate vor primi \u00een total 4,5 miliarde de lei din bugetul de stat, prin trei tipuri de stimulente: pentru preg\u0103tirea procesului (2026), pentru dezvoltarea infrastructurii (3.000 de lei per locuitor) \u0219i post-amalgamare (care va fi acordat noilor prim\u0103rii \u00eencep\u00e2nd din 2028). Buzu a oferit \u0219i c\u00e2teva exemple. Clusterul Ungheni, cu 10 prim\u0103rii unificate, va primi 157 de milioane de lei; clusterul C\u0103l\u0103ra\u0219i, format din 14 prim\u0103rii \u2013 116 milioane de lei; clusterul Rezina, nou\u0103 prim\u0103rii \u2013 85 de milioane de lei \u0219i clusterul R\u00e2\u0219cani, cu \u0219apte prim\u0103rii \u2013 72 de milioane de lei. \u201eBanii vor fi investi\u021bi \u00eentr-o infrastructur\u0103 mai bun\u0103 \u0219i servicii moderne\u201d, a precizat Buzu. Secretarul general al Guvernului, Alexei Buzu, prezint\u0103 rezultatele primei etape a reformei administra\u021biei publice locale, Chi\u0219in\u0103u, 2 septembrie 2026 Cum va decurge amalgamarea normativ\u0103 254 de prim\u0103rii vor trece prin procesul de amalgamare normativ\u0103, adic\u0103 vor fi comasate de autorit\u0103\u021bile centrale, \u00een consultare cu cele locale. \u201eAm expediat deja notific\u0103ri, am discutat cu ale\u0219ii locali, iar dezbaterile cu cet\u0103\u021benii vor continua \u00een luna septembrie\u201d, a spus Buzu. \u00cen aceast\u0103 toamn\u0103, Guvernul urmeaz\u0103 s\u0103 adopte un pachet legislativ care va redefini competen\u021bele prim\u0103riilor (nivelul I al administra\u021biei publice locale) \u0219i ale raioanelor (nivelul II) \u0219i va contura o nou\u0103 hart\u0103 administrativ\u0103 a Republicii Moldova. Fiecare localitate \u00ee\u0219i va p\u0103stra denumirea, chiar dac\u0103 va face parte dintr-o alt\u0103 prim\u0103rie. Autorit\u0103\u021bile vor avea la dispozi\u021bie un an pentru a preg\u0103ti tranzi\u021bia, astfel \u00eenc\u00e2t noua structur\u0103 s\u0103 fie func\u021bional\u0103 dup\u0103 alegerile locale din 2027, c\u00e2nd, potrivit a\u0219tept\u0103rilor, vor r\u0103m\u00e2ne 292 de prim\u0103rii. \u201eVom avea mai pu\u021bine prim\u0103rii, dar mai puternice, mai capabile s\u0103 accelereze dezvoltarea localit\u0103\u021bilor\u201d, sus\u021bine Buzu. P\u00e2n\u0103 la alegerile de anul viitor autorit\u0103\u021bile trebuie s\u0103 decid\u0103 cum vor fi unificate taxele, bugetele, institu\u021biile, cum vor ar\u0103ta noile prim\u0103rii \u0219i cum vor func\u021biona Centrele Unificate de Prestare a Serviciilor(CUPS). Urmeaz\u0103 s\u0103 fie digitalizate registrele cadastrale, ale patrimoniilor locale \u0219i extins\u0103 baza fiscal\u0103. \u201eImpasul temporar\u201d din G\u0103g\u0103uzia \u00cen autonomia g\u0103g\u0103uz\u0103, procesul de amalgamare nici m\u0103car nu a \u00eenceput, deoarece Adunarea Popular\u0103 (legislativul local) nu are mandat deplin de mai bine de un an \u0219i nu poate aviza deciziile de amalgamare. Guvernul spune \u00eens\u0103 c\u0103 este \u201eun impas temporar\u201d \u0219i c\u0103, dup\u0103 alegerile care vor avea loc \u00een G\u0103g\u0103uzia pe 15 noiembrie, vor fi comasate \u0219i prim\u0103riile mici din regiune. \u00cen autonomia g\u0103g\u0103uz\u0103 sunt 26 de localit\u0103\u021bi, majoritatea dintre care au sub 3.000 de locuitori. Reforma administrativ\u0103, blocat\u0103 \u00een G\u0103g\u0103uzia Primari nemul\u021bumi\u021bi de reform\u0103 Congresul Autorit\u0103\u021bilor Locale din Moldova (CALM) \u2013 o asocia\u021bie ce reune\u0219te 700 de prim\u0103rii \u0219i consilii raionale, contest\u0103 nu at\u00e2t necesitatea unei reforme administrative, c\u00e2t metodele prin care Guvernul o realizeaz\u0103. \u00centr-un interviu pentru Europa Liber\u0103, directorul executiv al CALM, Viorel Furdui, a spus c\u0103 autorit\u0103\u021bile centrale \u201elichideaz\u0103, de fapt, autoguvernarea \u0219i reprezentativitatea local\u0103\u201d. Potrivit lui, la prima etap\u0103, amalgamarea nu a fost cu adev\u0103rat voluntar\u0103, fiind realizat\u0103 \u201esub o presiune administrativ\u0103 \u0219i politic\u0103 enorm\u0103\u201d. Furdui a invocat exemplul Georgiei, unde o reform\u0103 administrativ\u0103 radical\u0103 a dus la centralizarea excesiv\u0103 a puterii. \u201eToat\u0103 puterea se va concentra la centru\u201d, crede el. Referitor la etapa normativ\u0103 a reformei, Furdui sus\u021bine c\u0103 aceasta nu are o baz\u0103 legal\u0103 clar\u0103 \u0219i c\u0103 \u00eencalc\u0103 autonomia local\u0103. El crede c\u0103, pe fondul problemelor social-economice, c\u00e2nd \u021bara are nevoie de o coeziune mai mare, reforma guvern\u0103rii PAS scindeaz\u0103 comunit\u0103\u021bile. Autorit\u0103\u021bile au respins toate aceste acuza\u021bii \u00een reac\u021bii anterioare, spun\u00e2nd c\u0103 reforma va reduce fragmentarea \u0219i cheltuielile administrative excesive \u0219i va stimula dezvoltarea localit\u0103\u021bilor \u2013 prim\u0103riile mai mari vor avea bugete mai mari. Reforma este \u0219i o cerin\u021b\u0103 a Uniunii Europene \u00een procesul de aderare a R. Moldova la blocul comunitar. \u00cen ceea ce prive\u0219te administra\u021biile publice locale de nivelul doi, Alexei Buzu a spus \u00eentr-un interviu recent pentru Europa Liber\u0103 c\u0103, dup\u0103 reform\u0103, \u00een R. Moldova vor r\u0103m\u00e2ne \u201ecu siguran\u021b\u0103\u201d mai pu\u021bin de zece raioane din cele 32 din prezent. Europa Liber\u0103 Moldova este \u0219i pe Google News. Aboneaz\u0103-te .","title":"De trei ori mai pu\u021bine prim\u0103rii: \u021binta reformei administra\u021biei publice locale din R. Moldova","topic":null,"translation_language":"","url":"https://www.europalibera.md/a/de-trei-ori-mai-putine-primarii-tinta-reformei-administratiei-publice-locale-din-r-moldova/33845653.html","video_url":null},{"audio_source_url":null,"author":"Europa Liber\u0103 Moldova","available_dubs":[],"downloadable_assets":["https://gdb.rferl.org/fcf1d067-951f-4a00-bdff-4a311e15627b_cx0_cy9_cw0_w1600_r1_n_s.jpg"],"duration_display":"0:00","duration_seconds":null,"embed_url":null,"id":13136,"image_caption":"Exper\u021bii germani lu\u00e2nd probe pe aeroportul din Leipzig dup\u0103 ce o dron\u0103 cu explozivi a fost g\u0103sit\u0103 \u00een preajma aeronavelor de marf\u0103 ucrainene.","image_url":"https://gdb.rferl.org/fcf1d067-951f-4a00-bdff-4a311e15627b_cx0_cy9_cw0_w1600_r1_n_s.jpg","is_clip":false,"item_type":"article","item_type_label":"Article","language_label":"Romanian","media_credit":"Europa Liber\u0103 Moldova","micro_label":"Photo","micro_label_kind":"gallery","network_label":"RFE/RL","network_logo_url":"/static/uploads/direct_network_logos/rfe_rl_e69d397fdd7d.png","published_at":"2026-09-02T13:35:00","published_at_display":"2 Sep 2026, 13:35 GMT","sequence_badge_label":null,"sequence_count":null,"sequence_count_label":null,"sequence_frames":[],"sequence_kind":null,"source_name":"moldova_europalibera_org_rss","source_name_label":"Moldova Europalibera","source_type":"rss","summary":"Un b\u0103rbat de origine rus\u0103, cu pa\u0219aport leton, \u0219i un b\u0103rbat din Belarus, cu antecedente penale, care de\u021bine un pa\u0219aport rus, ar fi potrivit anchetatorilor germani suspecta\u021bi \u00een leg\u0103tur\u0103 cu atentatul planificat \u00eempotriva unui avion de transport ucrainean pe aeroportul din Leipzig/Halle, luna trecut\u0103. Informa\u021bia a fost publicat\u0103 miercuri de trei institu\u021bii mari de pres\u0103 din Germania: ziarul S\u00fcddeutsche Zeitung \u0219i posturile de televiziune NDR \u0219i WDR. \u00cen ajun, ministrul de Interne german, Alexander Dobrindt, anun\u021b\u00e2nd oficial c\u0103 Berlinul acuz\u0103 Rusia de a fi pus la cale atentatul, spusese c\u0103 exist\u0103 suspiciuni legate de ofi\u021beri de rang inferior al serviciilor secrete ruse, dar nu a dat niciun fel de detalii. Presa german\u0103 scrie \u00eens\u0103 c\u0103 anchetatorii sunt siguri c\u0103 \u00eel cunosc pe cel care a pus la cale atentatul de la Leipzig. B\u0103rbatul, n\u0103scut \u00een Rusia \u0219i de\u021bin\u0103tor al unui pa\u0219aport leton, ar avea leg\u0103turi cu serviciile secrete ruse. Se pare c\u0103 a intrat \u00een Germania la sf\u00e2r\u0219itul lunii iulie prin aeroportul din Berlin \u0219i c\u0103, ulterior, s-ar fi \u00eendreptat spre Leipzig cu o ma\u0219in\u0103 \u00eenchiriat\u0103. Cu dou\u0103 zile \u00eenainte de atentatul e\u0219uat cu drona, suspectul a p\u0103r\u0103sit din nou Germania \u2013 din nou cu avionul, prin aeroportul berlinez. La locul faptei, anchetatorii au descoperit, de asemenea, urme de ADN care i-au condus c\u0103tre un al doilea suspect. Au g\u0103sit urme genetice pe una dintre drone, pe interiorul unei cutii de conserve umplute cu exploziv, precum \u0219i pe o anten\u0103 fixat\u0103 de un copac \u00een apropierea aeroportului, aparent pentru a amplifica semnalele destinate dronelor controlate prin re\u021beaua de telefonie mobil\u0103. Compararea probelor cu bazele de date europene a dat rezultate pozitive \u00een Lituania \u0219i Finlanda. Astfel, autorit\u0103\u021bile au ajuns pe urmele unui individ din Belarus, care fusese deja semnalat \u00een diferite \u021b\u0103ri pentru alte infrac\u021biuni. Anchetatorii au reu\u0219it \u00eentre timp s\u0103 reconstituie \u0219i traseul intr\u0103rii \u0219i ie\u0219irii sale din Germania. Conform cercet\u0103rilor efectuate de SZ, NDR \u0219i WDR, suspectul, care de\u021bine \u0219i un pa\u0219aport rus, ar fi intrat \u00een \u021bar\u0103 cu o viz\u0103 turistic\u0103 italian\u0103. Din informa\u021biile autorit\u0103\u021bilor reiese c\u0103 documentul a fost eliberat la sf\u00e2r\u0219itul lunii aprilie la o reprezentan\u021b\u0103 diplomatic\u0103 italian\u0103 din Minsk. Ministrul german de interne Alexander Dobrindt a anun\u021bat mar\u021bi mai multe contram\u0103suri \u00eempotriva Rusiei, inclusiv \u00eenchiderea consulatului rusesc de la Bonn \u0219i a \u201eCasei Ruse\u201d de la Berlin. Rusia a respins miercuri acuza\u021bia c\u0103 ar fi pus la cale atentatul de la Leipzig, pre\u0219edintele Vladimir Putin spun\u00e2nd c\u0103 germanii ar trebui s\u0103 arate dovezi \u0219i c\u0103 ar fi vorba de inven\u021bii menite s\u0103 sprijine guvernarea de la Berlin \u00eentr-un an electoral important. S\u00fcddeutsche Zeitung noteaz\u0103 c\u0103 \u0219i \u00een trecut Rusia a negat \u00eentotdeauna orice implicare \u00een atentate \u0219i ac\u021biuni de sabotaj, inclusiv \u00een Germania. A\u0219a s-a \u00eent\u00e2mplat \u0219i \u00een cazul asasin\u0103rii unui georgian \u00een parcul Kleiner Tiergarten din Berlin, \u00een august 2019. La acea vreme, un asasin pl\u0103tit din Rusia a fost arestat \u0219i condamnat ulterior la \u00eenchisoare pe via\u021b\u0103. Rusul a fost eliberat \u00een cele din urm\u0103 \u00een 2024, \u00een cadrul unui schimb de de\u021binu\u021bi \u0219i a fost \u00eent\u00e2mpinat \u0219i \u00eembr\u0103\u021bi\u0219at personal la Moscova de c\u0103tre pre\u0219edintele rus Vladimir Putin. Incidentul de la Leipzig a fost condamnat de alia\u021bii Ucrainei, inclusiv de R. Moldova \u0219i de Uniunea European\u0103, mai ales dup\u0103 ce Berlinul a atribuit oficial vina Rusiei, mar\u021bi sear\u0103. \u00centr-o postare pe re\u021bele, pre\u0219edinta Maia Sandu \u0219i-a exprimat solidaritatea deplin\u0103 cu Germania. \u201eAtacuri precum cel din Leipzig au scopul de a testa limitele Europei \u0219i de a submina sprijinul acordat Ucrainei. Rusia aplic\u0103 aceea\u0219i strategie pe \u00eentreg continentul. Europa ar trebui s\u0103 r\u0103m\u00e2n\u0103 unit\u0103 \u00eempotriva ei \u0219i s\u0103 fie mereu cu un pas \u00eenainte\u201d, a scris Sandu. Europa Liber\u0103 Moldova este \u0219i pe Google News. Aboneaz\u0103-te .","title":"Autorii atacului cu dron\u0103 e\u0219uat de la Leipzig erau un rus cu pa\u0219aport leton \u0219i un belarus cu pa\u0219aport rusesc (presa german\u0103)","topic":null,"translation_language":"","url":"https://moldova.europalibera.org/a/autorii-atacului-cu-drona-esuat-de-la-leipzig-erau-un-rus-cu-pasaport-leton-si-un-belarus-cu-pasaport-rusesc-presa-germana/33845573.html","video_url":null},{"audio_source_url":null,"author":"Europa Liber\u0103 Moldova","available_dubs":[],"downloadable_assets":["https://gdb.rferl.org/fcf1d067-951f-4a00-bdff-4a311e15627b_cx0_cy9_cw0_w1600_r1_n_s.jpg"],"duration_display":"0:00","duration_seconds":null,"embed_url":null,"id":13042,"image_caption":"Exper\u021bii germani lu\u00e2nd probe pe aeroportul din Leipzig dup\u0103 ce o dron\u0103 cu explozivi a fost g\u0103sit\u0103 \u00een preajma aeronavelor de marf\u0103 ucrainene.","image_url":"https://gdb.rferl.org/fcf1d067-951f-4a00-bdff-4a311e15627b_cx0_cy9_cw0_w1600_r1_n_s.jpg","is_clip":false,"item_type":"article","item_type_label":"Article","language_label":"Romanian","media_credit":"Europa Liber\u0103 Moldova","micro_label":"Photo","micro_label_kind":"gallery","network_label":"RFE/RL","network_logo_url":"/static/uploads/direct_network_logos/rfe_rl_e69d397fdd7d.png","published_at":"2026-09-02T13:35:00","published_at_display":"2 Sep 2026, 13:35 GMT","sequence_badge_label":null,"sequence_count":null,"sequence_count_label":null,"sequence_frames":[],"sequence_kind":null,"source_name":"moldova_europalibera_org_rss","source_name_label":"Moldova Europalibera","source_type":"rss","summary":"Un b\u0103rbat de origine rus\u0103, cu pa\u0219aport leton, \u0219i un b\u0103rbat din Belarus, cu antecedente penale, care de\u021bine un pa\u0219aport rus, ar fi potrivit anchetatorilor germani suspecta\u021bi \u00een leg\u0103tur\u0103 cu atentatul planificat \u00eempotriva unui avion de transport ucrainean pe aeroportul din Leipzig/Halle, luna trecut\u0103. Informa\u021bia a fost publicat\u0103 miercuri de trei institu\u021bii mari de pres\u0103 din Germania: ziarul S\u00fcddeutsche Zeitung \u0219i posturile de televiziune NDR \u0219i WDR. \u00cen ajun, ministrul de Interne german, Alexander Dobrindt, anun\u021b\u00e2nd oficial c\u0103 Berlinul acuz\u0103 Rusia de a fi pus la cale atentatul, spusese c\u0103 exist\u0103 suspiciuni legate de ofi\u021beri de rang inferior al serviciilor secrete ruse, dar nu a dat niciun fel de detalii. Presa german\u0103 scrie \u00eens\u0103 c\u0103 anchetatorii sunt siguri c\u0103 \u00eel cunosc pe cel care a pus la cale atentatul de la Leipzig. B\u0103rbatul, n\u0103scut \u00een Rusia \u0219i de\u021bin\u0103tor al unui pa\u0219aport leton, ar avea leg\u0103turi cu serviciile secrete ruse. Se pare c\u0103 a intrat \u00een Germania la sf\u00e2r\u0219itul lunii iulie prin aeroportul din Berlin \u0219i c\u0103, ulterior, s-ar fi \u00eendreptat spre Leipzig cu o ma\u0219in\u0103 \u00eenchiriat\u0103. Cu dou\u0103 zile \u00eenainte de atentatul e\u0219uat cu drona, suspectul a p\u0103r\u0103sit din nou Germania \u2013 din nou cu avionul, prin aeroportul berlinez. La locul faptei, anchetatorii au descoperit, de asemenea, urme de ADN care i-au condus c\u0103tre un al doilea suspect. Au g\u0103sit urme genetice pe una dintre drone, pe interiorul unei cutii de conserve umplute cu exploziv, precum \u0219i pe o anten\u0103 fixat\u0103 de un copac \u00een apropierea aeroportului, aparent pentru a amplifica semnalele destinate dronelor controlate prin re\u021beaua de telefonie mobil\u0103. Compararea probelor cu bazele de date europene a dat rezultate pozitive \u00een Lituania \u0219i Finlanda. Astfel, autorit\u0103\u021bile au ajuns pe urmele unui individ din Belarus, care fusese deja semnalat \u00een diferite \u021b\u0103ri pentru alte infrac\u021biuni. Anchetatorii au reu\u0219it \u00eentre timp s\u0103 reconstituie \u0219i traseul intr\u0103rii \u0219i ie\u0219irii sale din Germania. Conform cercet\u0103rilor efectuate de SZ, NDR \u0219i WDR, suspectul, care de\u021bine \u0219i un pa\u0219aport rus, ar fi intrat \u00een \u021bar\u0103 cu o viz\u0103 turistic\u0103 italian\u0103. Din informa\u021biile autorit\u0103\u021bilor reiese c\u0103 documentul a fost eliberat la sf\u00e2r\u0219itul lunii aprilie la o reprezentan\u021b\u0103 diplomatic\u0103 italian\u0103 din Minsk. Ministrul german de interne Alexander Dobrindt a anun\u021bat mar\u021bi mai multe contram\u0103suri \u00eempotriva Rusiei, inclusiv \u00eenchiderea consulatului rusesc de la Bonn \u0219i a \u201eCasei Ruse\u201d de la Berlin. Rusia a respins miercuri acuza\u021bia c\u0103 ar fi pus la cale atentatul de la Leipzig, pre\u0219edintele Vladimir Putin spun\u00e2nd c\u0103 germanii ar trebui s\u0103 arate dovezi \u0219i c\u0103 ar fi vorba de inven\u021bii menite s\u0103 sprijine guvernarea de la Berlin \u00eentr-un an electoral important. S\u00fcddeutsche Zeitung noteaz\u0103 c\u0103 \u0219i \u00een trecut Rusia a negat \u00eentotdeauna orice implicare \u00een atentate \u0219i ac\u021biuni de sabotaj, inclusiv \u00een Germania. A\u0219a s-a \u00eent\u00e2mplat \u0219i \u00een cazul asasin\u0103rii unui georgian \u00een parcul Kleiner Tiergarten din Berlin, \u00een august 2019. La acea vreme, un asasin pl\u0103tit din Rusia a fost arestat \u0219i condamnat ulterior la \u00eenchisoare pe via\u021b\u0103. Rusul a fost eliberat \u00een cele din urm\u0103 \u00een 2024, \u00een cadrul unui schimb de de\u021binu\u021bi \u0219i a fost \u00eent\u00e2mpinat \u0219i \u00eembr\u0103\u021bi\u0219at personal la Moscova de c\u0103tre pre\u0219edintele rus Vladimir Putin. Incidentul de la Leipzig a fost condamnat de alia\u021bii Ucrainei, inclusiv de R. Moldova \u0219i de Uniunea European\u0103, mai ales dup\u0103 ce Berlinul a atribuit oficial vina Rusiei, mar\u021bi sear\u0103. \u00centr-o postare pe re\u021bele, pre\u0219edinta Maia Sandu \u0219i-a exprimat solidaritatea deplin\u0103 cu Germania. \u201eAtacuri precum cel din Leipzig au scopul de a testa limitele Europei \u0219i de a submina sprijinul acordat Ucrainei. Rusia aplic\u0103 aceea\u0219i strategie pe \u00eentreg continentul. Europa ar trebui s\u0103 r\u0103m\u00e2n\u0103 unit\u0103 \u00eempotriva ei \u0219i s\u0103 fie mereu cu un pas \u00eenainte\u201d, a scris Sandu. Europa Liber\u0103 Moldova este \u0219i pe Google News. Aboneaz\u0103-te .","title":"Autorii atacului cu dron\u0103 e\u0219uat de la Leipzig erau un rus cu pa\u0219aport leton \u0219i un belarus cu pa\u0219aport rusesc (presa german\u0103)","topic":null,"translation_language":"","url":"https://www.europalibera.md/a/autorii-atacului-cu-drona-esuat-de-la-leipzig-erau-un-rus-cu-pasaport-leton-si-un-belarus-cu-pasaport-rusesc-presa-germana/33845573.html","video_url":null},{"audio_source_url":null,"author":"Europa Liber\u0103 Moldova","available_dubs":[],"downloadable_assets":["https://gdb.rferl.org/b3c6d152-2a14-451a-a6fc-08dd4a814ce6_w1600_r1_n_s.jpg"],"duration_display":"0:00","duration_seconds":null,"embed_url":null,"id":12971,"image_caption":"Corpul ne\u00eensufle\u021bit al lui Jan Masaryk \u00een curtea interioar\u0103 a ministerului, din Praga, \u00een martie 1948","image_url":"https://gdb.rferl.org/b3c6d152-2a14-451a-a6fc-08dd4a814ce6_w1600_r1_n_s.jpg","is_clip":false,"item_type":"article","item_type_label":"Article","language_label":"Romanian","media_credit":"Europa Liber\u0103 Moldova","micro_label":"Photo","micro_label_kind":"gallery","network_label":"RFE/RL","network_logo_url":"/static/uploads/direct_network_logos/rfe_rl_e69d397fdd7d.png","published_at":"2026-09-02T11:40:36","published_at_display":"2 Sep 2026, 11:40 GMT","sequence_badge_label":null,"sequence_count":null,"sequence_count_label":null,"sequence_frames":[],"sequence_kind":null,"source_name":"moldova_europalibera_org_rss","source_name_label":"Moldova Europalibera","source_type":"rss","summary":"Ancheta privind moartea misterioas\u0103, survenit\u0103 \u00een urm\u0103 cu 78 de ani, a ministrului de externe cehoslovac Jan Masaryk intr\u0103 \u00eentr-o nou\u0103 etap\u0103. Poli\u021bia a \u00eenceput exhumarea r\u0103m\u0103\u0219i\u021belor p\u0103m\u00e2nte\u0219ti ale politicianului de la cimitirul din Lany, l\u00e2ng\u0103 Praga, a declarat miercuri un purt\u0103tor de cuv\u00e2nt. Acestea vor fi examinate ulterior cu ajutorul \u201ecelor mai moderne metode criminalistice\u201d, spun poli\u021bi\u0219tii. Masaryk a fost g\u0103sit mort pe 10 martie 1948 \u00een curtea Ministerului Afacerilor Externe, la Palatul Czernin, din Praga \u2014 sub fereastra b\u0103ii de la etajul al doilea al re\u0219edin\u021bei sale oficiale. Presupusa c\u0103dere de la fereastr\u0103, care a avut loc \u00een perioada c\u00e2nd comuni\u0219tii preluau puterea \u00een Cehoslovacia, r\u0103m\u00e2ne un mister p\u00e2n\u0103 \u00een ziua de azi. Masaryk era considerat un liberal \u0219i un pro-occidental, ceea ce i-a determinat pe unii istorici s\u0103 cread\u0103 c\u0103 a fost asasinat de agen\u021bi sovietici. Al\u021bii b\u0103nuiesc c\u0103 a fost vorba de o sinucidere sau de un accident. Cea mai cunoscut\u0103 fotografie portret a lui Jan Masaryk, f\u0103cut\u0103 probabil \u00een septembrie 1946. Motivul redeschiderii anchetei a fost descoperirea unor documente noi din arhivele diplomatice din Fran\u021ba, SUA \u0219i Marea Britanie. Masaryk s-a n\u0103scut pe 14 septembrie 1886, fiind fiul fondatorului statului, primul pre\u0219edinte cehoslovac, Tom\u00e1\u0161 Garrigue Masaryk. Era foarte popular \u0219i, \u00een urma loviturii de stat comuniste din februarie 1948, a refuzat s\u0103 demisioneze din func\u021bia de ministru de externe. Trei variante \u0219i multe semne de \u00eentrebare Dup\u0103 moartea lui Masaryk, explica\u021bia oficial\u0103 a fost a sinuciderii, dar imediat a \u00eenceput s\u0103 circule \u0219i ideea c\u0103 a fost asasinat, aminte\u0219te radioul public cehesc. Potrivit cercet\u0103toarei \u0219i scriitoarei V\u00e1clava Jande\u010dkov\u00e1, care studiaz\u0103 de mult timp circumstan\u021bele mor\u021bii lui Masaryk, fiind autoarea c\u0103r\u021bii \u201eCazul Masaryk\u201d, exhumarea ar putea reprezenta un moment decisiv \u00een anchet\u0103. Ea este convins\u0103 c\u0103 Masaryk a fost asasinat de cineva din mediul politic. Dimpotriv\u0103, istoricul Jan Kalous de la Institutul pentru Studiul Regimurilor Totalitare, cu sediul la Praga, \u00eenclin\u0103 acum mai degrab\u0103 spre ipoteza sinuciderii. Potrivit lui, moartea lui Jan Masaryk nu era convenabil\u0103 pentru fostul regim. \u201eEi aveau nevoie de el \u00een guvernul de atunci, deoarece el reprezenta o anumit\u0103 m\u0103sur\u0103 de legitimitate a puterii nou instaurate. Comuni\u0219tilor le prindea foarte bine s\u0103 poat\u0103 spune: \u00abUita\u021bi-v\u0103, chiar \u0219i Jan Masaryk, fiul fondatorului acestui stat, este de acord cu noi \u0219i face parte din guvern\u00bb\u201d, consider\u0103 el. Fereastra deschis\u0103 a b\u0103ii de unde a c\u0103zut Masaryk. Jan Masaryk a ocupat func\u021bia de ambasador \u00een Marea Britanie \u00een perioada interbelic\u0103, numit\u0103 a \u201ePrimei republici\u201d de cehi. \u00cen timpul celui de-al Doilea R\u0103zboi Mondial, a fost ministru al afacerilor externe al guvernului \u00een exil de la Londra. Dup\u0103 r\u0103zboi, s-a \u00eentors \u00een Cehoslovacia. A r\u0103mas \u00een func\u021bia de ministru chiar \u0219i dup\u0103 lovitura de stat comunist\u0103 din februarie 1948. De\u0219i nu era membru al Partidului Comunist, a f\u0103cut parte din noul guvern al lui Klement Gottwald. Dar doar pentru scurt timp \u2013 a murit, de fapt, la doar dou\u0103 s\u0103pt\u0103m\u00e2ni dup\u0103 lovitura de stat. Regimul comunist a fost \u00eenl\u0103turat prin Revolu\u021bia de Catifea, tranzi\u021bia c\u0103tre democra\u021bie din 1989 din ceea ce era atunci Cehoslovacia. Ulterior, la 1 ianuarie 1993, \u021bara s-a divizat \u00een Republica Ceh\u0103 \u0219i Slovacia. Scris cu informa\u021bii de la dpa, IRozhlas.cz Europa Liber\u0103 Moldova este \u0219i pe Google News. Aboneaz\u0103-te .","title":"Omor? Sinucidere? Accident? Cehia reia ancheta asupra mor\u021bii ministrului de externe Jan Masaryk, din 1948","topic":null,"translation_language":"","url":"https://www.europalibera.md/a/omor-sinucidere-accident-cehia-reia-ancheta-asupra-mortii-ministrului-de-externe-jan-masaryk-din-1948/33845493.html","video_url":null},{"audio_source_url":null,"author":"Europa Liber\u0103 Moldova","available_dubs":[],"downloadable_assets":["https://gdb.rferl.org/b3c6d152-2a14-451a-a6fc-08dd4a814ce6_w1600_r1_n_s.jpg"],"duration_display":"0:00","duration_seconds":null,"embed_url":null,"id":12952,"image_caption":"Corpul ne\u00eensufle\u021bit al lui Jan Masaryk \u00een curtea interioar\u0103 a ministerului, din Praga, \u00een martie 1948","image_url":"https://gdb.rferl.org/b3c6d152-2a14-451a-a6fc-08dd4a814ce6_w1600_r1_n_s.jpg","is_clip":false,"item_type":"article","item_type_label":"Article","language_label":"Romanian","media_credit":"Europa Liber\u0103 Moldova","micro_label":"Photo","micro_label_kind":"gallery","network_label":"RFE/RL","network_logo_url":"/static/uploads/direct_network_logos/rfe_rl_e69d397fdd7d.png","published_at":"2026-09-02T11:40:36","published_at_display":"2 Sep 2026, 11:40 GMT","sequence_badge_label":null,"sequence_count":null,"sequence_count_label":null,"sequence_frames":[],"sequence_kind":null,"source_name":"moldova_europalibera_org_rss","source_name_label":"Moldova Europalibera","source_type":"rss","summary":"Ancheta privind moartea misterioas\u0103, survenit\u0103 \u00een urm\u0103 cu 78 de ani, a ministrului de externe cehoslovac Jan Masaryk intr\u0103 \u00eentr-o nou\u0103 etap\u0103. Poli\u021bia a \u00eenceput exhumarea r\u0103m\u0103\u0219i\u021belor p\u0103m\u00e2nte\u0219ti ale politicianului de la cimitirul din Lany, l\u00e2ng\u0103 Praga, a declarat miercuri un purt\u0103tor de cuv\u00e2nt. Acestea vor fi examinate ulterior cu ajutorul \u201ecelor mai moderne metode criminalistice\u201d, spun poli\u021bi\u0219tii. Masaryk a fost g\u0103sit mort pe 10 martie 1948 \u00een curtea Ministerului Afacerilor Externe, la Palatul Czernin, din Praga \u2014 sub fereastra b\u0103ii de la etajul al doilea al re\u0219edin\u021bei sale oficiale. Presupusa c\u0103dere de la fereastr\u0103, care a avut loc \u00een perioada c\u00e2nd comuni\u0219tii preluau puterea \u00een Cehoslovacia, r\u0103m\u00e2ne un mister p\u00e2n\u0103 \u00een ziua de azi. Masaryk era considerat un liberal \u0219i un pro-occidental, ceea ce i-a determinat pe unii istorici s\u0103 cread\u0103 c\u0103 a fost asasinat de agen\u021bi sovietici. Al\u021bii b\u0103nuiesc c\u0103 a fost vorba de o sinucidere sau de un accident. Cea mai cunoscut\u0103 fotografie portret a lui Jan Masaryk, f\u0103cut\u0103 probabil \u00een septembrie 1946. Motivul redeschiderii anchetei a fost descoperirea unor documente noi din arhivele diplomatice din Fran\u021ba, SUA \u0219i Marea Britanie. Masaryk s-a n\u0103scut pe 14 septembrie 1886, fiind fiul fondatorului statului, primul pre\u0219edinte cehoslovac, Tom\u00e1\u0161 Garrigue Masaryk. Era foarte popular \u0219i, \u00een urma loviturii de stat comuniste din februarie 1948, a refuzat s\u0103 demisioneze din func\u021bia de ministru de externe. Trei variante \u0219i multe semne de \u00eentrebare Dup\u0103 moartea lui Masaryk, explica\u021bia oficial\u0103 a fost a sinuciderii, dar imediat a \u00eenceput s\u0103 circule \u0219i ideea c\u0103 a fost asasinat, aminte\u0219te radioul public cehesc. Potrivit cercet\u0103toarei \u0219i scriitoarei V\u00e1clava Jande\u010dkov\u00e1, care studiaz\u0103 de mult timp circumstan\u021bele mor\u021bii lui Masaryk, fiind autoarea c\u0103r\u021bii \u201eCazul Masaryk\u201d, exhumarea ar putea reprezenta un moment decisiv \u00een anchet\u0103. Ea este convins\u0103 c\u0103 Masaryk a fost asasinat de cineva din mediul politic. Dimpotriv\u0103, istoricul Jan Kalous de la Institutul pentru Studiul Regimurilor Totalitare, cu sediul la Praga, \u00eenclin\u0103 acum mai degrab\u0103 spre ipoteza sinuciderii. Potrivit lui, moartea lui Jan Masaryk nu era convenabil\u0103 pentru fostul regim. \u201eEi aveau nevoie de el \u00een guvernul de atunci, deoarece el reprezenta o anumit\u0103 m\u0103sur\u0103 de legitimitate a puterii nou instaurate. Comuni\u0219tilor le prindea foarte bine s\u0103 poat\u0103 spune: \u00abUita\u021bi-v\u0103, chiar \u0219i Jan Masaryk, fiul fondatorului acestui stat, este de acord cu noi \u0219i face parte din guvern\u00bb\u201d, consider\u0103 el. Fereastra deschis\u0103 a b\u0103ii de unde a c\u0103zut Masaryk. Jan Masaryk a ocupat func\u021bia de ambasador \u00een Marea Britanie \u00een perioada interbelic\u0103, numit\u0103 a \u201ePrimei republici\u201d de cehi. \u00cen timpul celui de-al Doilea R\u0103zboi Mondial, a fost ministru al afacerilor externe al guvernului \u00een exil de la Londra. Dup\u0103 r\u0103zboi, s-a \u00eentors \u00een Cehoslovacia. A r\u0103mas \u00een func\u021bia de ministru chiar \u0219i dup\u0103 lovitura de stat comunist\u0103 din februarie 1948. De\u0219i nu era membru al Partidului Comunist, a f\u0103cut parte din noul guvern al lui Klement Gottwald. Dar doar pentru scurt timp \u2013 a murit, de fapt, la doar dou\u0103 s\u0103pt\u0103m\u00e2ni dup\u0103 lovitura de stat. Regimul comunist a fost \u00eenl\u0103turat prin Revolu\u021bia de Catifea, tranzi\u021bia c\u0103tre democra\u021bie din 1989 din ceea ce era atunci Cehoslovacia. Ulterior, la 1 ianuarie 1993, \u021bara s-a divizat \u00een Republica Ceh\u0103 \u0219i Slovacia. Scris cu informa\u021bii de la dpa, IRozhlas.cz Europa Liber\u0103 Moldova este \u0219i pe Google News. Aboneaz\u0103-te .","title":"Omor? Sinucidere? Accident? Cehia reia ancheta asupra mor\u021bii ministrului de externe Jan Masaryk, din 1948","topic":null,"translation_language":"","url":"https://moldova.europalibera.org/a/omor-sinucidere-accident-cehia-reia-ancheta-asupra-mortii-ministrului-de-externe-jan-masaryk-din-1948/33845493.html","video_url":null},{"audio_source_url":null,"author":"Europa Liber\u0103 Moldova","available_dubs":[],"downloadable_assets":["https://gdb.rferl.org/e755492f-b781-4e44-a035-6e6cbb937767_cx0_cy10_cw0_w1600_r1_n_s.jpg"],"duration_display":"0:00","duration_seconds":null,"embed_url":null,"id":12973,"image_caption":"Armenia \u00eenvesele\u0219te Europa. Imagine de arhiv\u0103 dintr-un magazin de cognacuri armene\u0219ti, la Erevan.","image_url":"https://gdb.rferl.org/e755492f-b781-4e44-a035-6e6cbb937767_cx0_cy10_cw0_w1600_r1_n_s.jpg","is_clip":false,"item_type":"article","item_type_label":"Article","language_label":"Romanian","media_credit":"Europa Liber\u0103 Moldova","micro_label":"Photo","micro_label_kind":"gallery","network_label":"RFE/RL","network_logo_url":"/static/uploads/direct_network_logos/rfe_rl_e69d397fdd7d.png","published_at":"2026-09-02T10:53:53","published_at_display":"2 Sep 2026, 10:53 GMT","sequence_badge_label":null,"sequence_count":null,"sequence_count_label":null,"sequence_frames":[],"sequence_kind":null,"source_name":"moldova_europalibera_org_rss","source_name_label":"Moldova Europalibera","source_type":"rss","summary":"Mini\u0219trii din \u021b\u0103rile Uniunii Europene au anun\u021bat miercuri introducerea unor m\u0103suri temporare de liberalizare a intr\u0103rii m\u0103rfurilor armene\u0219ti pe pia\u021ba UE, pe fondul unor blocaje impuse de clientul tradi\u021bional al Armeniei, Rusia, ca pedeaps\u0103 pentru c\u0103 Erevanul prive\u0219te mai nou spre vest. M\u0103surile propuse de Comisia European\u0103, aprobate miercuri de \u021b\u0103rile membre \u00een UE, introduc o suspendare temporar\u0103 a taxelor de import pentru o gam\u0103 larg\u0103 de produse armene, inclusiv anumite produse agricole. \u201eM\u0103surile se vor aplica pe o perioad\u0103 de doi ani de la intrarea \u00een vigoare a regulamentului \u0219i vor acoperi aproape 99 % din exporturile Armeniei de fructe proaspete, legume \u0219i plante c\u0103tre Rusia, precum \u0219i peste 91 % din b\u0103uturi \u0219i b\u0103uturi spirtoase\u201d, se spune \u00een comunicatul dat publicit\u0103\u021bii de Consiliul European la 2 septembrie. Documentul face o leg\u0103tur\u0103 clar\u0103 cu represaliile economice la care a recurs \u00een ultima vreme Rusia fa\u021b\u0103 de fostul ei satelit sovietic, orientat tot mai limpede \u00een ultima vreme spre Uniunea European\u0103. \u201eM\u0103surile propuse au ca scop sprijinirea Armeniei, \u00een contextul \u00een care restric\u021biile comerciale impuse de Rusia au perturbat exporturile \u0219i rutele de tranzit ale acestei \u021b\u0103ri. De asemenea, ele vizeaz\u0103 consolidarea rela\u021biilor comerciale dintre UE \u0219i Armenia, \u00een conformitate cu Acordul de parteneriat cuprinz\u0103tor \u0219i consolidat (CEPA)\u201d, se arat\u0103 \u00een comunicatul publicat \u00een urma unei reuniuni informale a mini\u0219trilor de externe din cele 27 de \u021b\u0103ri UE. Comunicatul mai precizeaz\u0103 c\u0103 liberalizarea importului de produse armene\u0219ti \u00een UE se va face cu grij\u0103, pentru a nu atinge interesele produc\u0103torilor din \u021b\u0103rile membre - adic\u0103 este condi\u021bionat de anumite clauze care vor fi activate dac\u0103 se va observa vreun \u201edezechilibru\u201d. Putin se r\u0103ste\u0219te la armeni Anun\u021bul european vine \u00een aceea\u0219i zi c\u00e2nd pre\u0219edintele rus Vladimir Putin \u0219i-a \u00eente\u021bit amenin\u021b\u0103rile la adresa armenilor, pentru noul lor curs, pro-UE. La un summit regional la Bi\u0219kek, liderul rus a spus c\u0103 Armenia va trebui s\u0103 ias\u0103 din Uniunea Eurasiatic\u0103, pierz\u00e2nd, \u00een opinia lui, toate avantajele economice decurg\u00e2nd din aceasta. \u201e\u0218i nu e vorba numai de energie la pre\u021b preferen\u021bial\u201d, a avertizat pre\u0219edintele rus. Armenia a pornit recent procesul apropierii de UE, ini\u021biind dezbateri pe tema depunerii eventuale a cererii de aderare - ceva ce R. Moldova a f\u0103cut \u00een 2022. \u00cen ultimele luni, Moscova a impus tot felul de embargouri m\u0103rfurilor armene\u0219ti, cam \u00een acela\u0219i fel cum proceda \u00een urm\u0103 cu mai mul\u021bi ani cu Moldova, invoc\u00e2nd mai ales motive de calitate, prin cunoscuta agen\u021bie Roskomnadzor. Prim-ministrul Nikol Pa\u0219inian se \u00eent\u00e2lne\u0219te cu liderii UE Antonio Costa \u0219i Ursula von der Leyen, la Erevan, pe 5 mai 2026. La Bi\u0219kek, premierul armean Nikol Pa\u0219inian a avut o \u00eent\u00e2lnire bilateral\u0103 cu Vladimir Putin, repet\u00e2ndu-i, potrivit relat\u0103rii Interfax, c\u0103 \u021bara sa dore\u0219te s\u0103 men\u021bin\u0103 rela\u021biile bune cu Federa\u021bia Rus\u0103. Pa\u0219inian a mai spus \u00eens\u0103 c\u0103 interconexiunea economic\u0103 dintre cele dou\u0103 \u021b\u0103ri trebuie revizuit\u0103 - o aluzie la faptul c\u0103 Rusia controleaz\u0103 infrastructur\u0103 armean\u0103 strategic\u0103, inclusiv re\u021beaua de c\u0103i ferate, exploatat\u0103 exclusiv de o filial\u0103 a C\u0103ilor Ferate Ruse (RZD) \u00eencep\u00e2nd din 2008. Pa\u0219inian exercit\u0103 presiuni active asupra Moscovei pentru ca aceasta s\u0103 renun\u021be la control, avertiz\u00e2nd c\u0103 domina\u021bia rus\u0103 descurajeaz\u0103 investitorii interna\u021bionali din cauza sanc\u021biunilor occidentale. Rusia s-a opus cu fermitate, ceea ce a dus la amenin\u021b\u0103ri reciproce cu ac\u021biuni \u00een justi\u021bie \u0219i proceduri de arbitraj \u00een valoare de milioane de dolari. La reuniunea de la Bi\u0219kek a Organiza\u021biei de Cooperare \u0218anhai, Pa\u0219inian \u0219i-a \u021binut discursul \u00een adunarea plenar\u0103 \u00een limba armean\u0103, nu rus\u0103, ca \u00een trecut \u00een asemenea ocazii, st\u00e2rnind ironii din partea presei ruse de stat, controlat\u0103 de Kremlin. Influentul consilier preziden\u021bial rus Iuri U\u0219akov a declarat reporterilor c\u0103 \u201ea fost ciudat\u201d, dar a ad\u0103ugat c\u0103 \u201enu merit\u0103 mai mult\u0103 aten\u021bie\u201d. Europa Liber\u0103 Moldova este \u0219i pe Google News. Aboneaz\u0103-te .","title":"Europenii vor primi produse armene\u0219ti respinse de Moscova din cauza orient\u0103rii pro-occidentale a Erevanului","topic":null,"translation_language":"","url":"https://www.europalibera.md/a/europenii-vor-primi-produse-armenesti-respinse-de-moscova-din-cauza-orientarii-pro-occidentale-a-erevanului/33845467.html","video_url":null},{"audio_source_url":null,"author":"Europa Liber\u0103 Moldova","available_dubs":[],"downloadable_assets":["https://gdb.rferl.org/e755492f-b781-4e44-a035-6e6cbb937767_cx0_cy10_cw0_w1600_r1_n_s.jpg"],"duration_display":"0:00","duration_seconds":null,"embed_url":null,"id":12934,"image_caption":"Armenia \u00eenvesele\u0219te Europa. Imagine de arhiv\u0103 dintr-un magazin de cognacuri armene\u0219ti, la Erevan.","image_url":"https://gdb.rferl.org/e755492f-b781-4e44-a035-6e6cbb937767_cx0_cy10_cw0_w1600_r1_n_s.jpg","is_clip":false,"item_type":"article","item_type_label":"Article","language_label":"Romanian","media_credit":"Europa Liber\u0103 Moldova","micro_label":"Photo","micro_label_kind":"gallery","network_label":"RFE/RL","network_logo_url":"/static/uploads/direct_network_logos/rfe_rl_e69d397fdd7d.png","published_at":"2026-09-02T10:53:53","published_at_display":"2 Sep 2026, 10:53 GMT","sequence_badge_label":null,"sequence_count":null,"sequence_count_label":null,"sequence_frames":[],"sequence_kind":null,"source_name":"moldova_europalibera_org_rss","source_name_label":"Moldova Europalibera","source_type":"rss","summary":"Mini\u0219trii din \u021b\u0103rile Uniunii Europene au anun\u021bat miercuri introducerea unor m\u0103suri temporare de liberalizare a intr\u0103rii m\u0103rfurilor armene\u0219ti pe pia\u021ba UE, pe fondul unor blocaje impuse de clientul tradi\u021bional al Armeniei, Rusia, ca pedeaps\u0103 pentru c\u0103 Erevanul prive\u0219te mai nou spre vest. M\u0103surile propuse de Comisia European\u0103, aprobate miercuri de \u021b\u0103rile membre \u00een UE, introduc o suspendare temporar\u0103 a taxelor de import pentru o gam\u0103 larg\u0103 de produse armene, inclusiv anumite produse agricole. \u201eM\u0103surile se vor aplica pe o perioad\u0103 de doi ani de la intrarea \u00een vigoare a regulamentului \u0219i vor acoperi aproape 99 % din exporturile Armeniei de fructe proaspete, legume \u0219i plante c\u0103tre Rusia, precum \u0219i peste 91 % din b\u0103uturi \u0219i b\u0103uturi spirtoase\u201d, se spune \u00een comunicatul dat publicit\u0103\u021bii de Consiliul European la 2 septembrie. Documentul face o leg\u0103tur\u0103 clar\u0103 cu represaliile economice la care a recurs \u00een ultima vreme Rusia fa\u021b\u0103 de fostul ei satelit sovietic, orientat tot mai limpede \u00een ultima vreme spre Uniunea European\u0103. \u201eM\u0103surile propuse au ca scop sprijinirea Armeniei, \u00een contextul \u00een care restric\u021biile comerciale impuse de Rusia au perturbat exporturile \u0219i rutele de tranzit ale acestei \u021b\u0103ri. De asemenea, ele vizeaz\u0103 consolidarea rela\u021biilor comerciale dintre UE \u0219i Armenia, \u00een conformitate cu Acordul de parteneriat cuprinz\u0103tor \u0219i consolidat (CEPA)\u201d, se arat\u0103 \u00een comunicatul publicat \u00een urma unei reuniuni informale a mini\u0219trilor de externe din cele 27 de \u021b\u0103ri UE. Comunicatul mai precizeaz\u0103 c\u0103 liberalizarea importului de produse armene\u0219ti \u00een UE se va face cu grij\u0103, pentru a nu atinge interesele produc\u0103torilor din \u021b\u0103rile membre - adic\u0103 este condi\u021bionat de anumite clauze care vor fi activate dac\u0103 se va observa vreun \u201edezechilibru\u201d. Putin se r\u0103ste\u0219te la armeni Anun\u021bul european vine \u00een aceea\u0219i zi c\u00e2nd pre\u0219edintele rus Vladimir Putin \u0219i-a \u00eente\u021bit amenin\u021b\u0103rile la adresa armenilor, pentru noul lor curs, pro-UE. La un summit regional la Bi\u0219kek, liderul rus a spus c\u0103 Armenia va trebui s\u0103 ias\u0103 din Uniunea Eurasiatic\u0103, pierz\u00e2nd, \u00een opinia lui, toate avantajele economice decurg\u00e2nd din aceasta. \u201e\u0218i nu e vorba numai de energie la pre\u021b preferen\u021bial\u201d, a avertizat pre\u0219edintele rus. Armenia a pornit recent procesul apropierii de UE, ini\u021biind dezbateri pe tema depunerii eventuale a cererii de aderare - ceva ce R. Moldova a f\u0103cut \u00een 2022. \u00cen ultimele luni, Moscova a impus tot felul de embargouri m\u0103rfurilor armene\u0219ti, cam \u00een acela\u0219i fel cum proceda \u00een urm\u0103 cu mai mul\u021bi ani cu Moldova, invoc\u00e2nd mai ales motive de calitate, prin cunoscuta agen\u021bie Roskomnadzor. Prim-ministrul Nikol Pa\u0219inian se \u00eent\u00e2lne\u0219te cu liderii UE Antonio Costa \u0219i Ursula von der Leyen, la Erevan, pe 5 mai 2026. La Bi\u0219kek, premierul armean Nikol Pa\u0219inian a avut o \u00eent\u00e2lnire bilateral\u0103 cu Vladimir Putin, repet\u00e2ndu-i, potrivit relat\u0103rii Interfax, c\u0103 \u021bara sa dore\u0219te s\u0103 men\u021bin\u0103 rela\u021biile bune cu Federa\u021bia Rus\u0103. Pa\u0219inian a mai spus \u00eens\u0103 c\u0103 interconexiunea economic\u0103 dintre cele dou\u0103 \u021b\u0103ri trebuie revizuit\u0103 - o aluzie la faptul c\u0103 Rusia controleaz\u0103 infrastructur\u0103 armean\u0103 strategic\u0103, inclusiv re\u021beaua de c\u0103i ferate, exploatat\u0103 exclusiv de o filial\u0103 a C\u0103ilor Ferate Ruse (RZD) \u00eencep\u00e2nd din 2008. Pa\u0219inian exercit\u0103 presiuni active asupra Moscovei pentru ca aceasta s\u0103 renun\u021be la control, avertiz\u00e2nd c\u0103 domina\u021bia rus\u0103 descurajeaz\u0103 investitorii interna\u021bionali din cauza sanc\u021biunilor occidentale. Rusia s-a opus cu fermitate, ceea ce a dus la amenin\u021b\u0103ri reciproce cu ac\u021biuni \u00een justi\u021bie \u0219i proceduri de arbitraj \u00een valoare de milioane de dolari. La reuniunea de la Bi\u0219kek a Organiza\u021biei de Cooperare \u0218anhai, Pa\u0219inian \u0219i-a \u021binut discursul \u00een adunarea plenar\u0103 \u00een limba armean\u0103, nu rus\u0103, ca \u00een trecut \u00een asemenea ocazii, st\u00e2rnind ironii din partea presei ruse de stat, controlat\u0103 de Kremlin. Influentul consilier preziden\u021bial rus Iuri U\u0219akov a declarat reporterilor c\u0103 \u201ea fost ciudat\u201d, dar a ad\u0103ugat c\u0103 \u201enu merit\u0103 mai mult\u0103 aten\u021bie\u201d. Europa Liber\u0103 Moldova este \u0219i pe Google News. Aboneaz\u0103-te .","title":"Europenii vor primi produse armene\u0219ti respinse de Moscova din cauza orient\u0103rii pro-occidentale a Erevanului","topic":null,"translation_language":"","url":"https://moldova.europalibera.org/a/europenii-vor-primi-produse-armenesti-respinse-de-moscova-din-cauza-orientarii-pro-occidentale-a-erevanului/33845467.html","video_url":null},{"audio_source_url":null,"author":"Silvia Rotaru","available_dubs":[],"downloadable_assets":["https://gdb.rferl.org/01000000-0aff-0242-9e9d-08dc07acd75d_cx4_cy0_cw90_w1600_r1_n_s.jpg"],"duration_display":"0:00","duration_seconds":null,"embed_url":null,"id":12975,"image_caption":"Fondul din care vor fi desp\u0103gubi\u021bi pacien\u021bii ar putea fi format din contribu\u021biile institu\u021biilor medicale. Imagine generic\u0103","image_url":"https://gdb.rferl.org/01000000-0aff-0242-9e9d-08dc07acd75d_cx4_cy0_cw90_w1600_r1_n_s.jpg","is_clip":false,"item_type":"article","item_type_label":"Article","language_label":"Romanian","media_credit":"Silvia Rotaru","micro_label":"Photo","micro_label_kind":"gallery","network_label":"RFE/RL","network_logo_url":"/static/uploads/direct_network_logos/rfe_rl_e69d397fdd7d.png","published_at":"2026-09-02T09:40:00","published_at_display":"2 Sep 2026, 09:40 GMT","sequence_badge_label":null,"sequence_count":null,"sequence_count_label":null,"sequence_frames":[],"sequence_kind":null,"source_name":"moldova_europalibera_org_rss","source_name_label":"Moldova Europalibera","source_type":"rss","summary":"\u00cen locul unei legi a malpraxisului, a\u0219teptat\u0103 de mult\u0103 vreme \u00een R. Moldova, doi deputa\u021bi PAS propun s\u0103 fie completate c\u00e2teva legi, astfel \u00eenc\u00e2t pacien\u021bii care au de suferit \u00een urma unei proceduri medicale s\u0103 poat\u0103 primi desp\u0103gubiri, iar doctorii s\u0103 nu mai fie atra\u0219i \u00een procese de judecat\u0103. Cum v\u0103 pare ideea de a desp\u0103gubi pacien\u021bii f\u0103r\u0103 ca medicii s\u0103 ajung\u0103 automat \u00een instan\u021b\u0103? Click pentru a participa la un SONDAJ Discu\u021biile despre necesitatea unei legi care s\u0103-i apere at\u00e2t pe pacien\u021bi, c\u00e2t \u0219i pe medici reapar dup\u0103 fiecare caz r\u0103sun\u0103tor \u00een care doctorii sunt acuza\u021bi c\u0103 au comis o eroare grav\u0103. Ultima dat\u0103 s-a \u00eent\u00e2mplat \u00een iulie 2026, c\u00e2nd presa a scris despre un chirurg din Chi\u0219in\u0103u care a fost condamnat pentru moartea unui pacient. Parlamentul a reluat atunci discu\u021biile cu reprezentan\u021bii Ministerului S\u0103n\u0103t\u0103\u021bii, ai organiza\u021biilor neguvernamentale \u0219i juri\u0219ti despre o eventual\u0103 lege a malpraxisului, iar acum, doi deputa\u021bi din partidul de guvern\u0103m\u00e2nt (PAS), medicii Ana Oglind\u0103 \u0219i Adrian Bel\u00eei, propun s\u0103 fie modificate patru legi din domeniul s\u0103n\u0103t\u0103\u021bii. Autorii proiectului propun ca \u00een legisla\u021bie s\u0103 fie introduse no\u021biunile de \u201eprejudiciu evitabil\u201d \u0219i \u201einevitabil\u201d adus s\u0103n\u0103t\u0103\u021bii pacientului, cu urm\u0103toarele defini\u021bii: Prejudiciu evitabil \u2013 v\u0103t\u0103marea s\u0103n\u0103t\u0103\u021bii pacientului sau decesul acestuia, cauzate de o interven\u021bie medical\u0103 ori de desf\u0103\u0219urarea unei cercet\u0103ri biomedicale. Prejudiciu inevitabil - prejudiciul cauzat s\u0103n\u0103t\u0103\u021bii pacientului \u00een cadrul interven\u021biei medicale sau al desf\u0103\u0219ur\u0103rii unei cercet\u0103ri biomedicale care implic\u0103 doar un risc de efecte adverse temporare minore, rezultat din \u00eemprejur\u0103ri care nu puteau fi prev\u0103zute, controlate sau prevenite de c\u0103tre prestatorul de servicii medicale ori profesionistul \u00een domeniul s\u0103n\u0103t\u0103\u021bii. Mai simplu spus, \u00een primul caz, este vorba de un r\u0103u produs pacientului care putea fi evitat, de exemplu, dac\u0103 doctorul gre\u0219e\u0219te doza unui medicament administrat pacientului. \u00cen cel de-al doilea \u2013 de o situa\u021bie care nu putea fi prev\u0103zut\u0103 \u0219i care nu are efecte grave, cum ar fi o reac\u021bie advers\u0103 rar\u0103 pe care un pacient o dezvolt\u0103 la un preparat. Cine va stabili \u0219i va pl\u0103ti daunele? Gravitatea daunelor va fi determinat\u0103 de c\u0103tre Comisia pentru stabilirea prejudiciului adus s\u0103n\u0103t\u0103\u021bii pacien\u021bilor, care ar urma s\u0103 fie creat\u0103 dup\u0103 modificarea legii cu privire la drepturile \u0219i responsabilit\u0103\u021bile pacientului. Pacientul va trebui s\u0103 depun\u0103 o pl\u00e2ngere cel t\u00e2rziu \u00een 3 ani de la data la care a aflat sau trebuia s\u0103 \u0219tie despre producerea prejudiciului. \u201eVrem s\u0103 renun\u021b\u0103m la litigii, de aceea introducem termenul de \u00abprejudiciu\u00bb, ceea ce presupune o cale amiabil\u0103 de compensare a pacientului, extra-judiciar\u0103. A\u0219a prevede \u0219i sistemul scandinav, care nu acuz\u0103 doctorul, cum se \u00eent\u00e2mpl\u0103 acum la noi\u201d, explic\u0103 unul dintre autorii proiectului \u0219i pre\u0219edintele Comisiei parlamentare protec\u021bie social\u0103, s\u0103n\u0103tate \u0219i familie, Adrian Bel\u00eei. Deputatul PAS Adrian Bel\u00eei, medic anesteziolog \u0219i profesor universitar, este unul dintre autorii proiectului de lege. Aceea\u0219i comisie va stabili cuantumul desp\u0103gubirilor. Banii vor veni dintr-un fond care ar urma s\u0103 fie gestionat de Compania Na\u021bional\u0103 de Asigur\u0103ri \u00een Medicin\u0103 (CNAM) \u0219i va fi separat de fondurile asigur\u0103rii obligatorii de asisten\u021b\u0103 medical\u0103. Cum se vor aduna bani \u00een fondul de desp\u0103gubire? Proiectul propune ca fondul de desp\u0103gubire s\u0103 fie constituit din contribu\u021biile de 0,2% din veniturile ob\u021binute \u00een anul precedent de prestatorii de servicii medicale (institu\u021biile medicale publice sau private autorizate sanitar \u0219i acreditate) \u0219i de 0,1%, din veniturile ob\u021binute de medicii de familie. De asemenea, din acest fond ar urma s\u0103 fie finan\u021bat\u0103 activitatea Comisiei pentru prevenirea prejudiciilor aduse s\u0103n\u0103t\u0103\u021bii pacien\u021bilor, inclusiv remunerarea exper\u021bilor, \u0219i s\u0103 fie acoperite cheltuielile Colegiului profesioni\u0219tilor \u00een s\u0103n\u0103tate pentru reprezentarea statului \u00een instan\u021bele de judecat\u0103. \u201eSunt c\u00e2teva chestiuni pe care le vom pune \u00een consult\u0103ri publice: cine va fi pl\u0103titorul ca s\u0103 se formeze fondul de compensare \u2013 fie lucr\u0103torul medical, care se asigur\u0103 pe sine, fie spitalul \u2013 \u0219i care este cuantumul acestei cotiza\u021bii. Vom dezbate \u0219i mecanismul de estimare financiar\u0103 a prejudiciului \u0219i cel de rambursare\u201d, explic\u0103 deputatul Adrian Bel\u00eei. Desp\u0103gubirea stabilit\u0103 prin decizia comisiei ar urma s\u0103 fie achitat\u0103 \u00een decurs de 30 de zile. Banii vor ajunge fie la pacient, fie \u2013 \u00een cazul decesului lui \u2013 la persoanele pe care le avea la \u00eentre\u021binere, copilul lui n\u0103scut dup\u0103 deces sau la alte rude apropiate. Dac\u0103 pacientul sau o alt\u0103 persoan\u0103 \u00eendrept\u0103\u021bit\u0103 la desp\u0103gubiri nu va fi de acord cu decizia comisiei, va putea merge \u00een instan\u021b\u0103, \u00een urm\u0103toarele 30 de zile. Ulterior, dac\u0103 instan\u021ba va decide printr-o hot\u0103r\u00e2re definitiv\u0103 c\u0103 i se cuvine o desp\u0103gubire mai mic\u0103 dec\u00e2t cea acordat\u0103 prin decizia comisiei, reclamantul va trebui s\u0103 restituie diferen\u021ba. \u201eNe dorim ca doctorul s\u0103 nu mai fie supus unui lin\u0219aj public, a\u0219a cum se \u00eent\u00e2mpl\u0103 ast\u0103zi. Pacientului i se va compensa dauna produs\u0103 s\u0103n\u0103t\u0103\u021bii sale, inclusiv moral\u0103, din acest fond, \u00een cuantumul stabilit de comisie\u201d, spune deputatul Adrian Bel\u00eei, medic anestezist \u0219i profesor universitar. \u25c9 SONDAJ Cine va face parte din comisia care va decide prejudiciile? Potrivit proiectului de lege, Comisia pentru stabilirea prejudiciilor aduse s\u0103n\u0103t\u0103\u021bii pacien\u021bilor va fi \u201eun organ colegial independent\u201d, constituit din profesioni\u0219ti \u00een domeniul s\u0103n\u0103t\u0103\u021bii, juridic \u0219i din societatea civil\u0103. Regulamentul privind organizarea \u0219i func\u021bionarea acestei comisii urmeaz\u0103 s\u0103 fie stabilit prin hot\u0103r\u00e2re de Guvern. Va fi instituit\u0103 \u0219i Comisia pentru prevenirea prejudiciilor, care va analiza deciziile Comisiei pentru stabilirea prejudiciului adus s\u0103n\u0103t\u0103\u021bii pacientului, va identifica problemele de sistem, va veni cu recomand\u0103ri pentru a pre\u00eent\u00e2mpina repetarea gre\u0219elilor \u0219i va monitoriza cum sunt aplicate acestea. De asemenea, va fi creat Colegiul Profesionali\u0219tilor din S\u0103n\u0103tate \u2013 o \u201eorganiza\u021bie profesional\u0103 autonom\u0103 de drept public, apolitic\u0103 \u0219i f\u0103r\u0103 scop lucrativ\u201d, care va fi responsabil de: autorizarea medicilor \u0219i farmaci\u0219tilor, re\u00eennoirea autoriz\u0103rii profesionale \u0219i reautorizarea profesional\u0103 a acestora; adoptarea Codului de etic\u0103 \u0219i deontologie profesional\u0103; eliberarea cardului profesional na\u021bional; suspendarea \u0219i retragerea dreptul de exercitare a profesiunii medicale \u0219i farmaceutice; gestionarea Registrului unic al profesioni\u0219tilor \u00een domeniul s\u0103n\u0103t\u0103\u021bii autoriza\u021bi; organizarea \u0219i monitorizarea dezvolt\u0103rii profesionale continue a membrilor s\u0103i. Cum vor fi autoriza\u021bi medicii \u0219i farmaci\u0219tii? Pentru a ob\u021bine o autorizare profesional\u0103, medicii \u0219i farmaci\u0219tii vor depune la Colegiul Profesioni\u0219tilor \u00een S\u0103n\u0103tate o cerere \u0219i documentele care confirm\u0103 \u00eendeplinirea condi\u021biilor prev\u0103zute de lege pentru exercitarea profesiunii. \u00cen baza deciziei de autorizare, vor primi un card profesional na\u021bional, valabil pentru o perioad\u0103 de 5 ani, \u0219i vor fi \u00eenscri\u0219i \u00een Registrul unic al profesioni\u0219tilor \u00een domeniul s\u0103n\u0103t\u0103\u021bii autoriza\u021bi. Colegiul profesioni\u0219tilor \u00een s\u0103n\u0103tate va fi condus de congres, consiliu na\u021bional, birou executiv \u0219i pre\u0219edinte, iar fiecare membru va achita o cotiza\u021bie anual\u0103. Dac\u0103 va fi aprobat\u0103 de Parlament, legea respectiv\u0103 ar urma s\u0103 intre \u00een vigoare peste un an dup\u0103 ce va fi publicat\u0103 \u00een Monitorul Oficial, \u00eens\u0103 modific\u0103rile la legea cu privire la drepturile \u0219i responsabilit\u0103\u021bile pacientului \u2013 care se refer\u0103 tocmai la prejudicii \u2013 vor intra \u00een vigoare abia la 1 ianuarie 2029. \u00cen decurs de jum\u0103tate de an de la publicare, Ministerul S\u0103n\u0103t\u0103\u021bii ar urma s\u0103 identifice un sediu \u0219i s\u0103 numeasc\u0103 o conducere provizorie a Colegiului profesioni\u0219tilor \u00een s\u0103n\u0103tate, care s\u0103 preg\u0103teasc\u0103 actele normative necesare pentru a pune \u00een aplicare legea. Europa Liber\u0103 Moldova este \u0219i pe Google News. Aboneaz\u0103-te .","title":"Desp\u0103gubiri pentru pacien\u021bi, f\u0103r\u0103 procese pentru medici: Parlamentul preg\u0103te\u0219te un mecanism pentru cazurile de malpraxis","topic":null,"translation_language":"","url":"https://www.europalibera.md/a/despagubiri-pentru-pacienti-fara-procese-pentru-medici-parlamentul-pregateste-un-mecanism-pentru-cazurile-de-malpraxis/33845448.html","video_url":null},{"audio_source_url":null,"author":"Silvia Rotaru","available_dubs":[],"downloadable_assets":["https://gdb.rferl.org/01000000-0aff-0242-9e9d-08dc07acd75d_cx4_cy0_cw90_w1600_r1_n_s.jpg"],"duration_display":"0:00","duration_seconds":null,"embed_url":null,"id":12891,"image_caption":"Fondul din care vor fi desp\u0103gubi\u021bi pacien\u021bii ar putea fi format din contribu\u021biile institu\u021biilor medicale. Imagine generic\u0103","image_url":"https://gdb.rferl.org/01000000-0aff-0242-9e9d-08dc07acd75d_cx4_cy0_cw90_w1600_r1_n_s.jpg","is_clip":false,"item_type":"article","item_type_label":"Article","language_label":"Romanian","media_credit":"Silvia Rotaru","micro_label":"Photo","micro_label_kind":"gallery","network_label":"RFE/RL","network_logo_url":"/static/uploads/direct_network_logos/rfe_rl_e69d397fdd7d.png","published_at":"2026-09-02T09:40:00","published_at_display":"2 Sep 2026, 09:40 GMT","sequence_badge_label":null,"sequence_count":null,"sequence_count_label":null,"sequence_frames":[],"sequence_kind":null,"source_name":"moldova_europalibera_org_rss","source_name_label":"Moldova Europalibera","source_type":"rss","summary":"\u00cen locul unei legi a malpraxisului, a\u0219teptat\u0103 de mult\u0103 vreme \u00een R. Moldova, doi deputa\u021bi PAS propun s\u0103 fie completate c\u00e2teva legi, astfel \u00eenc\u00e2t pacien\u021bii care au de suferit \u00een urma unei proceduri medicale s\u0103 poat\u0103 primi desp\u0103gubiri, iar doctorii s\u0103 nu mai fie atra\u0219i \u00een procese de judecat\u0103. Cum v\u0103 pare ideea de a desp\u0103gubi pacien\u021bii f\u0103r\u0103 ca medicii s\u0103 ajung\u0103 automat \u00een instan\u021b\u0103? Click pentru a participa la un SONDAJ Discu\u021biile despre necesitatea unei legi care s\u0103-i apere at\u00e2t pe pacien\u021bi, c\u00e2t \u0219i pe medici reapar dup\u0103 fiecare caz r\u0103sun\u0103tor \u00een care doctorii sunt acuza\u021bi c\u0103 au comis o eroare grav\u0103. Ultima dat\u0103 s-a \u00eent\u00e2mplat \u00een iulie 2026, c\u00e2nd presa a scris despre un chirurg din Chi\u0219in\u0103u care a fost condamnat pentru moartea unui pacient. Parlamentul a reluat atunci discu\u021biile cu reprezentan\u021bii Ministerului S\u0103n\u0103t\u0103\u021bii, ai organiza\u021biilor neguvernamentale \u0219i juri\u0219ti despre o eventual\u0103 lege a malpraxisului, iar acum, doi deputa\u021bi din partidul de guvern\u0103m\u00e2nt (PAS), medicii Ana Oglind\u0103 \u0219i Adrian Bel\u00eei, propun s\u0103 fie modificate patru legi din domeniul s\u0103n\u0103t\u0103\u021bii. Autorii proiectului propun ca \u00een legisla\u021bie s\u0103 fie introduse no\u021biunile de \u201eprejudiciu evitabil\u201d \u0219i \u201einevitabil\u201d adus s\u0103n\u0103t\u0103\u021bii pacientului, cu urm\u0103toarele defini\u021bii: Prejudiciu evitabil \u2013 v\u0103t\u0103marea s\u0103n\u0103t\u0103\u021bii pacientului sau decesul acestuia, cauzate de o interven\u021bie medical\u0103 ori de desf\u0103\u0219urarea unei cercet\u0103ri biomedicale. Prejudiciu inevitabil - prejudiciul cauzat s\u0103n\u0103t\u0103\u021bii pacientului \u00een cadrul interven\u021biei medicale sau al desf\u0103\u0219ur\u0103rii unei cercet\u0103ri biomedicale care implic\u0103 doar un risc de efecte adverse temporare minore, rezultat din \u00eemprejur\u0103ri care nu puteau fi prev\u0103zute, controlate sau prevenite de c\u0103tre prestatorul de servicii medicale ori profesionistul \u00een domeniul s\u0103n\u0103t\u0103\u021bii. Mai simplu spus, \u00een primul caz, este vorba de un r\u0103u produs pacientului care putea fi evitat, de exemplu, dac\u0103 doctorul gre\u0219e\u0219te doza unui medicament administrat pacientului. \u00cen cel de-al doilea \u2013 de o situa\u021bie care nu putea fi prev\u0103zut\u0103 \u0219i care nu are efecte grave, cum ar fi o reac\u021bie advers\u0103 rar\u0103 pe care un pacient o dezvolt\u0103 la un preparat. Cine va stabili \u0219i va pl\u0103ti daunele? Gravitatea daunelor va fi determinat\u0103 de c\u0103tre Comisia pentru stabilirea prejudiciului adus s\u0103n\u0103t\u0103\u021bii pacien\u021bilor, care ar urma s\u0103 fie creat\u0103 dup\u0103 modificarea legii cu privire la drepturile \u0219i responsabilit\u0103\u021bile pacientului. Pacientul va trebui s\u0103 depun\u0103 o pl\u00e2ngere cel t\u00e2rziu \u00een 3 ani de la data la care a aflat sau trebuia s\u0103 \u0219tie despre producerea prejudiciului. \u201eVrem s\u0103 renun\u021b\u0103m la litigii, de aceea introducem termenul de \u00abprejudiciu\u00bb, ceea ce presupune o cale amiabil\u0103 de compensare a pacientului, extra-judiciar\u0103. A\u0219a prevede \u0219i sistemul scandinav, care nu acuz\u0103 doctorul, cum se \u00eent\u00e2mpl\u0103 acum la noi\u201d, explic\u0103 unul dintre autorii proiectului \u0219i pre\u0219edintele Comisiei parlamentare protec\u021bie social\u0103, s\u0103n\u0103tate \u0219i familie, Adrian Bel\u00eei. Deputatul PAS Adrian Bel\u00eei, medic anesteziolog \u0219i profesor universitar, este unul dintre autorii proiectului de lege. Aceea\u0219i comisie va stabili cuantumul desp\u0103gubirilor. Banii vor veni dintr-un fond care ar urma s\u0103 fie gestionat de Compania Na\u021bional\u0103 de Asigur\u0103ri \u00een Medicin\u0103 (CNAM) \u0219i va fi separat de fondurile asigur\u0103rii obligatorii de asisten\u021b\u0103 medical\u0103. Cum se vor aduna bani \u00een fondul de desp\u0103gubire? Proiectul propune ca fondul de desp\u0103gubire s\u0103 fie constituit din contribu\u021biile de 0,2% din veniturile ob\u021binute \u00een anul precedent de prestatorii de servicii medicale (institu\u021biile medicale publice sau private autorizate sanitar \u0219i acreditate) \u0219i de 0,1%, din veniturile ob\u021binute de medicii de familie. De asemenea, din acest fond ar urma s\u0103 fie finan\u021bat\u0103 activitatea Comisiei pentru prevenirea prejudiciilor aduse s\u0103n\u0103t\u0103\u021bii pacien\u021bilor, inclusiv remunerarea exper\u021bilor, \u0219i s\u0103 fie acoperite cheltuielile Colegiului profesioni\u0219tilor \u00een s\u0103n\u0103tate pentru reprezentarea statului \u00een instan\u021bele de judecat\u0103. \u201eSunt c\u00e2teva chestiuni pe care le vom pune \u00een consult\u0103ri publice: cine va fi pl\u0103titorul ca s\u0103 se formeze fondul de compensare \u2013 fie lucr\u0103torul medical, care se asigur\u0103 pe sine, fie spitalul \u2013 \u0219i care este cuantumul acestei cotiza\u021bii. Vom dezbate \u0219i mecanismul de estimare financiar\u0103 a prejudiciului \u0219i cel de rambursare\u201d, explic\u0103 deputatul Adrian Bel\u00eei. Desp\u0103gubirea stabilit\u0103 prin decizia comisiei ar urma s\u0103 fie achitat\u0103 \u00een decurs de 30 de zile. Banii vor ajunge fie la pacient, fie \u2013 \u00een cazul decesului lui \u2013 la persoanele pe care le avea la \u00eentre\u021binere, copilul lui n\u0103scut dup\u0103 deces sau la alte rude apropiate. Dac\u0103 pacientul sau o alt\u0103 persoan\u0103 \u00eendrept\u0103\u021bit\u0103 la desp\u0103gubiri nu va fi de acord cu decizia comisiei, va putea merge \u00een instan\u021b\u0103, \u00een urm\u0103toarele 30 de zile. Ulterior, dac\u0103 instan\u021ba va decide printr-o hot\u0103r\u00e2re definitiv\u0103 c\u0103 i se cuvine o desp\u0103gubire mai mic\u0103 dec\u00e2t cea acordat\u0103 prin decizia comisiei, reclamantul va trebui s\u0103 restituie diferen\u021ba. \u201eNe dorim ca doctorul s\u0103 nu mai fie supus unui lin\u0219aj public, a\u0219a cum se \u00eent\u00e2mpl\u0103 ast\u0103zi. Pacientului i se va compensa dauna produs\u0103 s\u0103n\u0103t\u0103\u021bii sale, inclusiv moral\u0103, din acest fond, \u00een cuantumul stabilit de comisie\u201d, spune deputatul Adrian Bel\u00eei, medic anestezist \u0219i profesor universitar. \u25c9 SONDAJ Cine va face parte din comisia care va decide prejudiciile? Potrivit proiectului de lege, Comisia pentru stabilirea prejudiciilor aduse s\u0103n\u0103t\u0103\u021bii pacien\u021bilor va fi \u201eun organ colegial independent\u201d, constituit din profesioni\u0219ti \u00een domeniul s\u0103n\u0103t\u0103\u021bii, juridic \u0219i din societatea civil\u0103. Regulamentul privind organizarea \u0219i func\u021bionarea acestei comisii urmeaz\u0103 s\u0103 fie stabilit prin hot\u0103r\u00e2re de Guvern. Va fi instituit\u0103 \u0219i Comisia pentru prevenirea prejudiciilor, care va analiza deciziile Comisiei pentru stabilirea prejudiciului adus s\u0103n\u0103t\u0103\u021bii pacientului, va identifica problemele de sistem, va veni cu recomand\u0103ri pentru a pre\u00eent\u00e2mpina repetarea gre\u0219elilor \u0219i va monitoriza cum sunt aplicate acestea. De asemenea, va fi creat Colegiul Profesionali\u0219tilor din S\u0103n\u0103tate \u2013 o \u201eorganiza\u021bie profesional\u0103 autonom\u0103 de drept public, apolitic\u0103 \u0219i f\u0103r\u0103 scop lucrativ\u201d, care va fi responsabil de: autorizarea medicilor \u0219i farmaci\u0219tilor, re\u00eennoirea autoriz\u0103rii profesionale \u0219i reautorizarea profesional\u0103 a acestora; adoptarea Codului de etic\u0103 \u0219i deontologie profesional\u0103; eliberarea cardului profesional na\u021bional; suspendarea \u0219i retragerea dreptul de exercitare a profesiunii medicale \u0219i farmaceutice; gestionarea Registrului unic al profesioni\u0219tilor \u00een domeniul s\u0103n\u0103t\u0103\u021bii autoriza\u021bi; organizarea \u0219i monitorizarea dezvolt\u0103rii profesionale continue a membrilor s\u0103i. Cum vor fi autoriza\u021bi medicii \u0219i farmaci\u0219tii? Pentru a ob\u021bine o autorizare profesional\u0103, medicii \u0219i farmaci\u0219tii vor depune la Colegiul Profesioni\u0219tilor \u00een S\u0103n\u0103tate o cerere \u0219i documentele care confirm\u0103 \u00eendeplinirea condi\u021biilor prev\u0103zute de lege pentru exercitarea profesiunii. \u00cen baza deciziei de autorizare, vor primi un card profesional na\u021bional, valabil pentru o perioad\u0103 de 5 ani, \u0219i vor fi \u00eenscri\u0219i \u00een Registrul unic al profesioni\u0219tilor \u00een domeniul s\u0103n\u0103t\u0103\u021bii autoriza\u021bi. Colegiul profesioni\u0219tilor \u00een s\u0103n\u0103tate va fi condus de congres, consiliu na\u021bional, birou executiv \u0219i pre\u0219edinte, iar fiecare membru va achita o cotiza\u021bie anual\u0103. Dac\u0103 va fi aprobat\u0103 de Parlament, legea respectiv\u0103 ar urma s\u0103 intre \u00een vigoare peste un an dup\u0103 ce va fi publicat\u0103 \u00een Monitorul Oficial, \u00eens\u0103 modific\u0103rile la legea cu privire la drepturile \u0219i responsabilit\u0103\u021bile pacientului \u2013 care se refer\u0103 tocmai la prejudicii \u2013 vor intra \u00een vigoare abia la 1 ianuarie 2029. \u00cen decurs de jum\u0103tate de an de la publicare, Ministerul S\u0103n\u0103t\u0103\u021bii ar urma s\u0103 identifice un sediu \u0219i s\u0103 numeasc\u0103 o conducere provizorie a Colegiului profesioni\u0219tilor \u00een s\u0103n\u0103tate, care s\u0103 preg\u0103teasc\u0103 actele normative necesare pentru a pune \u00een aplicare legea. Europa Liber\u0103 Moldova este \u0219i pe Google News. Aboneaz\u0103-te .","title":"Desp\u0103gubiri pentru pacien\u021bi, f\u0103r\u0103 procese pentru medici: Parlamentul preg\u0103te\u0219te un mecanism pentru cazurile de malpraxis","topic":null,"translation_language":"","url":"https://moldova.europalibera.org/a/despagubiri-pentru-pacienti-fara-procese-pentru-medici-parlamentul-pregateste-un-mecanism-pentru-cazurile-de-malpraxis/33845448.html","video_url":null},{"audio_source_url":null,"author":"RFE/RL","available_dubs":[],"downloadable_assets":["https://gdb.rferl.org/49900426-ee36-4a54-4a43-08decacf94d0_cx0_cy1_cw0_w1600_r1_n_s.jpg"],"duration_display":"0:00","duration_seconds":null,"embed_url":null,"id":12977,"image_caption":"Pre\u0219edintele ucrainean Volodimir Zelenski \u00een vizit\u0103 \u00een regiunea Zaporijia, din sudul Ucrainei, pe 26 august.","image_url":"https://gdb.rferl.org/49900426-ee36-4a54-4a43-08decacf94d0_cx0_cy1_cw0_w1600_r1_n_s.jpg","is_clip":false,"item_type":"article","item_type_label":"Article","language_label":"Romanian","media_credit":"RFE/RL","micro_label":"Photo","micro_label_kind":"gallery","network_label":"RFE/RL","network_logo_url":"/static/uploads/direct_network_logos/rfe_rl_e69d397fdd7d.png","published_at":"2026-09-02T08:52:17","published_at_display":"2 Sep 2026, 08:52 GMT","sequence_badge_label":null,"sequence_count":null,"sequence_count_label":null,"sequence_frames":[],"sequence_kind":null,"source_name":"moldova_europalibera_org_rss","source_name_label":"Moldova Europalibera","source_type":"rss","summary":"Pre\u0219edintele Volodimir Zelenski a avertizat companiile aeriene care utilizeaz\u0103 spa\u021biul aerian rus cu privire la amenin\u021barea reprezentat\u0103 de dronele ucrainene, afirm\u00e2nd c\u0103 spa\u021biul aerian deasupra Rusiei nu mai este sigur pe fondul escalad\u0103rii continue a conflictului din partea Moscovei. \u201eAst\u0103zi, dorim s\u0103 avertiz\u0103m toate companiile aeriene care utilizeaz\u0103 spa\u021biul aerian rus, toate companiile de asigur\u0103ri \u0219i pe to\u021bi cei care \u00eenc\u0103 folosesc aeroporturile ruse\u0219ti importante: cerul rus devine extrem de periculos\u201d, a declarat Zelenski \u00een discursul s\u0103u video seral din 1 septembrie. \u201eCerul infestat de drone nu este un loc potrivit pentru avia\u021bia civil\u0103\u201d, a mai afirmat el, f\u0103r\u0103 a oferi detalii suplimentare cu privire la amploarea activit\u0103\u021bii dronelor la care ar trebui s\u0103 ne a\u0219tept\u0103m \u00een spa\u021biul aerian rus sau la momentul \u00een care amenin\u021barea s-ar intensifica. Declara\u021bia lui Zelenski a venit \u00een contextul \u00een care Kievul \u0219i-a intensificat atacurile de lung\u0103 distan\u021b\u0103 pe teritoriul Rusiei, viz\u00e2nd obiective militare, instala\u021bii petroliere \u0219i de gaze, precum \u0219i centre logistice de retail, \u00een \u00eencercarea de a determina Kremlinul s\u0103 se angajeze \u00een negocieri de pace. Pre\u0219edintele ucrainean a subliniat c\u0103 Kievul nu amenin\u021b\u0103 nicio aeronav\u0103 civil\u0103, dar a afirmat c\u0103 \u201evor exista pur \u0219i simplu drone \u00een spa\u021biul aerian al Rusiei, la o scar\u0103 care trebuie luat\u0103 \u00een considerare\u201d. Ucraina a anun\u021bat apoi miercuri c\u0103 a notificat oficial Organiza\u021bia Avia\u021biei Civile Interna\u021bionale c\u0103 spa\u021biul aerian rus nu este sigur pentru avia\u021bia civil\u0103 din cauza intensific\u0103rii activit\u0103\u021bii militare. A\u0219a a declarat miercuri ministrul ucrainean de Externe, Andrii Sibiha. \u201eVrem s\u0103 prevenim incidentele neinten\u021bionate\u201d, a scris el pe platforma X. \u201eR\u0103zboiul se \u00eentoarce acas\u0103, \u00een Rusia. Ucraina \u00ee\u0219i exercit\u0103 dreptul inerent la autoap\u0103rare, \u00een temeiul articolului 51 din Carta ONU.\u201d Traficul aerian deasupra Europei miercuri, 2 septembrie, la ora 16, potrivit site-ului Flightradar24.com. Deasupra Rusiei se afl\u0103 aproape exclusiv avioane ale companiilor ruse\u0219ti \u0219i chineze. \u00centrebat despre afirma\u021bia lui Zelenski \u00een cadrul unei conferin\u021be de pres\u0103 din K\u00e2rg\u00e2zstan, pre\u0219edintele rus Vladimir Putin a declarat c\u0103 Moscova va reac\u021biona \u00een cazul unor incidente, ad\u0103ug\u00e2nd c\u0103 astfel de declara\u021bii echivaleaz\u0103 cu \u201eterorism de stat\u201d. \u201eDesigur, ne preg\u0103tim pentru acest lucru \u0219i lu\u0103m \u00een considerare toate aceste amenin\u021b\u0103ri. \u00cembun\u0103t\u0103\u021bim constant cerin\u021bele privind siguran\u021ba zborurilor \u0219i securitatea aeroportuar\u0103 \u0219i avem solu\u021bii pentru toate aceste situa\u021bii. Avem solu\u021bii pentru toate amenin\u021b\u0103rile pe care le exprim\u0103 terori\u0219tii\u201d, a declarat la r\u00e2ndul lui Andrei Nikitin, ministrul transporturilor din Rusia, potrivit agen\u021biei de \u0219tiri Interfax. Zborurile comerciale nu opereaz\u0103 \u00een Ucraina \u0219i nici nu traverseaz\u0103 teritoriul acesteia pe durata r\u0103zboiului pe scar\u0103 larg\u0103 pe care Putin l-a declan\u0219at \u00eempotriva vecinei Rusiei \u00een februarie 2022. \u00cen iulie 2014, la \u00eenceputul conflictului care a opus for\u021bele de la Kiev for\u021belor ruse \u0219i celor sus\u021binute de Rusia \u00een regiunea Donbas din estul Ucrainei, o rachet\u0103 rus\u0103 a dobor\u00e2t un avion al companiei Malaysia Airlines care zbura de la Amsterdam la Kuala Lumpur, ucig\u00e2nd to\u021bi cei 298 de pasageri \u0219i membri ai echipajului afla\u021bi la bord. Demonstra\u021bie anti-Kremlin la Sydney dup\u0103 dobor\u00e2rea zborului MH17 deasupra estului ocupat al Ucrainei (arhiv\u0103). De c\u00e2nd cu invazia pe scar\u0103 larg\u0103, dronele ucrainene au f\u0103cut necesar\u0103 \u00eenchiderea temporar\u0103 a multor aeroporturi ruse\u0219ti, inclusiv cele mai mari, dar nu sunt cunoscute cazuri \u00een care s\u0103 avioanele civile s\u0103 fi avut de suferit. Cine zboar\u0103 deasupra Rusiei? R\u0103zboiul pornit de ru\u0219i \u00een Ucraina a avut printre consecin\u021be reducerea dramatic\u0103 a leg\u0103turilor aeriene cu restul lumii nu doar ale \u021b\u0103rii invadate, ci \u0219i ale statului agresor. H\u0103r\u021bile de trafic aerian ale site-urilor specializate, precum Flightradar24.com , arat\u0103 la orice or\u0103 o densitate extrem de redus\u0103 a zborurilor deasupra Federa\u021biei Ruse, fiind vorba aproape exclusiv de rute interne. Companiile din Uniunea European\u0103, vestul Europei \u00een general \u0219i America de Nord \u0219i-au suspendat leg\u0103turile directe cu Rusia, ca \u0219i survolul prin spa\u021biul rusesc. \u00cen prezent, au zboruri spre \u0219i dinspre Rusia, dintre companiile europene, numai Air Serbia, companiile turce\u0219ti Turkish Airlines \u0219i Pegasus \u0219i Belavia, din Belarus. Compania na\u021bional\u0103 uzbek\u0103 are \u0219i ea curse. La scar\u0103 mai larg\u0103, continu\u0103 s\u0103 aib\u0103 curse \u00een Rusia companiile aeriene mari din zona Golfului Persic (Etihad, Emirates, Qatar, FlyDubai), companiile chineze\u0219ti (Air China, China Eastern, China Southern \u0219i Hainan Airlines). Exist\u0103 \u0219i companii aeriene care nu au leg\u0103turi directe cu Rusia, dar folosesc spa\u021biul aerian rus pentru alte curse, de exemplu Air India sau Sri Lankan, din regiunea sud-asiatic\u0103, sau Air Marocco, Egyptair \u0219i Air Algeria, din nordul Africii. Companiile din zona Golfului, inclusiv Etihad, continu\u0103 s\u0103 opereze curse spre Rusia, inclusiv \u00een condi\u021biile r\u0103zboiului din Ucraina \u00eenvecinat\u0103. Ce cred exper\u021bii independen\u021bi? Nu este clar care este amploarea riscului pe care \u00eel reprezint\u0103 dronele ucrainene pentru avia\u021bia deasupra Rusiei, cea mai mare \u021bar\u0103 din lume ca suprafa\u021b\u0103 terestr\u0103, dar au avut loc incidente mortale \u00een care aeronave civile au fost \u021bintite din gre\u0219eal\u0103 \u00een regiune, noteaz\u0103 Reuters. Firma de consultan\u021b\u0103 \u00een domeniul riscurilor aviatice Osprey Flight Solutions a declarat \u00eentr-o alert\u0103 adresat\u0103 clien\u021bilor c\u0103, de\u0219i majoritatea atacurilor cu drone \u0219i rachete ale Ucrainei vor avea loc probabil la o distan\u021b\u0103 de p\u00e2n\u0103 la 300 km (186 mile) de grani\u021b\u0103, atacurile zilnice mai ad\u00e2nc \u00een interiorul Rusiei sunt aproape certe de-a lungul anului 2026, inclusiv \u00een apropierea Moscovei \u0219i a Sankt Petersburgului. \u201eExist\u0103, de asemenea, o posibilitate realist\u0103 ca frecven\u021ba atacurilor ucrainene s\u0103 continue s\u0103 creasc\u0103 pe termen scurt ad\u00e2nc \u00een interiorul teritoriului rus\u201d, se mai men\u021bioneaz\u0103 \u00een alert\u0103. \u201eSe estimeaz\u0103 c\u0103 este probabil s\u0103 apar\u0103 erori de calcul \u0219i/sau de identificare \u00een zonele legate de conflictul din Ucraina.\u201d Osprey a mai precizat c\u0103 ap\u0103rarea aerian\u0103 militar\u0103 rus\u0103 include sisteme conven\u021bionale de rachete sol-aer capabile s\u0103 ac\u021bioneze la toate altitudinile. Europa Liber\u0103 Moldova este \u0219i pe Google News. Aboneaz\u0103-te .","title":"Zelenski avertizeaz\u0103 c\u0103 spa\u021biul aerian al Rusiei \u201edevine extrem de periculos\u201d datorit\u0103 dronelor ucrainene. \u201eTerorism de stat!\u201d, sare Putin","topic":null,"translation_language":"","url":"https://www.europalibera.md/a/zelenski-avertizeaza-ca-spatiul-aerian-al-rusiei-devine-extrem-de-periculos-datorita-dronelor-ucrainene-terorism-de-stat-sare-putin/33845389.html","video_url":null},{"audio_source_url":null,"author":"RFE/RL","available_dubs":[],"downloadable_assets":["https://gdb.rferl.org/49900426-ee36-4a54-4a43-08decacf94d0_cx0_cy1_cw0_w1600_r1_n_s.jpg"],"duration_display":"0:00","duration_seconds":null,"embed_url":null,"id":12876,"image_caption":"Pre\u0219edintele ucrainean Volodimir Zelenski \u00een vizit\u0103 \u00een regiunea Zaporijia, din sudul Ucrainei, pe 26 august.","image_url":"https://gdb.rferl.org/49900426-ee36-4a54-4a43-08decacf94d0_cx0_cy1_cw0_w1600_r1_n_s.jpg","is_clip":false,"item_type":"article","item_type_label":"Article","language_label":"Romanian","media_credit":"RFE/RL","micro_label":"Photo","micro_label_kind":"gallery","network_label":"RFE/RL","network_logo_url":"/static/uploads/direct_network_logos/rfe_rl_e69d397fdd7d.png","published_at":"2026-09-02T08:52:17","published_at_display":"2 Sep 2026, 08:52 GMT","sequence_badge_label":null,"sequence_count":null,"sequence_count_label":null,"sequence_frames":[],"sequence_kind":null,"source_name":"moldova_europalibera_org_rss","source_name_label":"Moldova Europalibera","source_type":"rss","summary":"Pre\u0219edintele Volodimir Zelenski a avertizat companiile aeriene care utilizeaz\u0103 spa\u021biul aerian rus cu privire la amenin\u021barea reprezentat\u0103 de dronele ucrainene, afirm\u00e2nd c\u0103 spa\u021biul aerian deasupra Rusiei nu mai este sigur pe fondul escalad\u0103rii continue a conflictului din partea Moscovei. \u201eAst\u0103zi, dorim s\u0103 avertiz\u0103m toate companiile aeriene care utilizeaz\u0103 spa\u021biul aerian rus, toate companiile de asigur\u0103ri \u0219i pe to\u021bi cei care \u00eenc\u0103 folosesc aeroporturile ruse\u0219ti importante: cerul rus devine extrem de periculos\u201d, a declarat Zelenski \u00een discursul s\u0103u video seral din 1 septembrie. \u201eCerul infestat de drone nu este un loc potrivit pentru avia\u021bia civil\u0103\u201d, a mai afirmat el, f\u0103r\u0103 a oferi detalii suplimentare cu privire la amploarea activit\u0103\u021bii dronelor la care ar trebui s\u0103 ne a\u0219tept\u0103m \u00een spa\u021biul aerian rus sau la momentul \u00een care amenin\u021barea s-ar intensifica. Declara\u021bia lui Zelenski a venit \u00een contextul \u00een care Kievul \u0219i-a intensificat atacurile de lung\u0103 distan\u021b\u0103 pe teritoriul Rusiei, viz\u00e2nd obiective militare, instala\u021bii petroliere \u0219i de gaze, precum \u0219i centre logistice de retail, \u00een \u00eencercarea de a determina Kremlinul s\u0103 se angajeze \u00een negocieri de pace. Pre\u0219edintele ucrainean a subliniat c\u0103 Kievul nu amenin\u021b\u0103 nicio aeronav\u0103 civil\u0103, dar a afirmat c\u0103 \u201evor exista pur \u0219i simplu drone \u00een spa\u021biul aerian al Rusiei, la o scar\u0103 care trebuie luat\u0103 \u00een considerare\u201d. Ucraina a anun\u021bat apoi miercuri c\u0103 a notificat oficial Organiza\u021bia Avia\u021biei Civile Interna\u021bionale c\u0103 spa\u021biul aerian rus nu este sigur pentru avia\u021bia civil\u0103 din cauza intensific\u0103rii activit\u0103\u021bii militare. A\u0219a a declarat miercuri ministrul ucrainean de Externe, Andrii Sibiha. \u201eVrem s\u0103 prevenim incidentele neinten\u021bionate\u201d, a scris el pe platforma X. \u201eR\u0103zboiul se \u00eentoarce acas\u0103, \u00een Rusia. Ucraina \u00ee\u0219i exercit\u0103 dreptul inerent la autoap\u0103rare, \u00een temeiul articolului 51 din Carta ONU.\u201d Traficul aerian deasupra Europei miercuri, 2 septembrie, la ora 16, potrivit site-ului Flightradar24.com. Deasupra Rusiei se afl\u0103 aproape exclusiv avioane ale companiilor ruse\u0219ti \u0219i chineze. \u00centrebat despre afirma\u021bia lui Zelenski \u00een cadrul unei conferin\u021be de pres\u0103 din K\u00e2rg\u00e2zstan, pre\u0219edintele rus Vladimir Putin a declarat c\u0103 Moscova va reac\u021biona \u00een cazul unor incidente, ad\u0103ug\u00e2nd c\u0103 astfel de declara\u021bii echivaleaz\u0103 cu \u201eterorism de stat\u201d. \u201eDesigur, ne preg\u0103tim pentru acest lucru \u0219i lu\u0103m \u00een considerare toate aceste amenin\u021b\u0103ri. \u00cembun\u0103t\u0103\u021bim constant cerin\u021bele privind siguran\u021ba zborurilor \u0219i securitatea aeroportuar\u0103 \u0219i avem solu\u021bii pentru toate aceste situa\u021bii. Avem solu\u021bii pentru toate amenin\u021b\u0103rile pe care le exprim\u0103 terori\u0219tii\u201d, a declarat la r\u00e2ndul lui Andrei Nikitin, ministrul transporturilor din Rusia, potrivit agen\u021biei de \u0219tiri Interfax. Zborurile comerciale nu opereaz\u0103 \u00een Ucraina \u0219i nici nu traverseaz\u0103 teritoriul acesteia pe durata r\u0103zboiului pe scar\u0103 larg\u0103 pe care Putin l-a declan\u0219at \u00eempotriva vecinei Rusiei \u00een februarie 2022. \u00cen iulie 2014, la \u00eenceputul conflictului care a opus for\u021bele de la Kiev for\u021belor ruse \u0219i celor sus\u021binute de Rusia \u00een regiunea Donbas din estul Ucrainei, o rachet\u0103 rus\u0103 a dobor\u00e2t un avion al companiei Malaysia Airlines care zbura de la Amsterdam la Kuala Lumpur, ucig\u00e2nd to\u021bi cei 298 de pasageri \u0219i membri ai echipajului afla\u021bi la bord. Demonstra\u021bie anti-Kremlin la Sydney dup\u0103 dobor\u00e2rea zborului MH17 deasupra estului ocupat al Ucrainei (arhiv\u0103). De c\u00e2nd cu invazia pe scar\u0103 larg\u0103, dronele ucrainene au f\u0103cut necesar\u0103 \u00eenchiderea temporar\u0103 a multor aeroporturi ruse\u0219ti, inclusiv cele mai mari, dar nu sunt cunoscute cazuri \u00een care s\u0103 avioanele civile s\u0103 fi avut de suferit. Cine zboar\u0103 deasupra Rusiei? R\u0103zboiul pornit de ru\u0219i \u00een Ucraina a avut printre consecin\u021be reducerea dramatic\u0103 a leg\u0103turilor aeriene cu restul lumii nu doar ale \u021b\u0103rii invadate, ci \u0219i ale statului agresor. H\u0103r\u021bile de trafic aerian ale site-urilor specializate, precum Flightradar24.com , arat\u0103 la orice or\u0103 o densitate extrem de redus\u0103 a zborurilor deasupra Federa\u021biei Ruse, fiind vorba aproape exclusiv de rute interne. Companiile din Uniunea European\u0103, vestul Europei \u00een general \u0219i America de Nord \u0219i-au suspendat leg\u0103turile directe cu Rusia, ca \u0219i survolul prin spa\u021biul rusesc. \u00cen prezent, au zboruri spre \u0219i dinspre Rusia, dintre companiile europene, numai Air Serbia, companiile turce\u0219ti Turkish Airlines \u0219i Pegasus \u0219i Belavia, din Belarus. Compania na\u021bional\u0103 uzbek\u0103 are \u0219i ea curse. La scar\u0103 mai larg\u0103, continu\u0103 s\u0103 aib\u0103 curse \u00een Rusia companiile aeriene mari din zona Golfului Persic (Etihad, Emirates, Qatar, FlyDubai), companiile chineze\u0219ti (Air China, China Eastern, China Southern \u0219i Hainan Airlines). Exist\u0103 \u0219i companii aeriene care nu au leg\u0103turi directe cu Rusia, dar folosesc spa\u021biul aerian rus pentru alte curse, de exemplu Air India sau Sri Lankan, din regiunea sud-asiatic\u0103, sau Air Marocco, Egyptair \u0219i Air Algeria, din nordul Africii. Companiile din zona Golfului, inclusiv Etihad, continu\u0103 s\u0103 opereze curse spre Rusia, inclusiv \u00een condi\u021biile r\u0103zboiului din Ucraina \u00eenvecinat\u0103. Ce cred exper\u021bii independen\u021bi? Nu este clar care este amploarea riscului pe care \u00eel reprezint\u0103 dronele ucrainene pentru avia\u021bia deasupra Rusiei, cea mai mare \u021bar\u0103 din lume ca suprafa\u021b\u0103 terestr\u0103, dar au avut loc incidente mortale \u00een care aeronave civile au fost \u021bintite din gre\u0219eal\u0103 \u00een regiune, noteaz\u0103 Reuters. Firma de consultan\u021b\u0103 \u00een domeniul riscurilor aviatice Osprey Flight Solutions a declarat \u00eentr-o alert\u0103 adresat\u0103 clien\u021bilor c\u0103, de\u0219i majoritatea atacurilor cu drone \u0219i rachete ale Ucrainei vor avea loc probabil la o distan\u021b\u0103 de p\u00e2n\u0103 la 300 km (186 mile) de grani\u021b\u0103, atacurile zilnice mai ad\u00e2nc \u00een interiorul Rusiei sunt aproape certe de-a lungul anului 2026, inclusiv \u00een apropierea Moscovei \u0219i a Sankt Petersburgului. \u201eExist\u0103, de asemenea, o posibilitate realist\u0103 ca frecven\u021ba atacurilor ucrainene s\u0103 continue s\u0103 creasc\u0103 pe termen scurt ad\u00e2nc \u00een interiorul teritoriului rus\u201d, se mai men\u021bioneaz\u0103 \u00een alert\u0103. \u201eSe estimeaz\u0103 c\u0103 este probabil s\u0103 apar\u0103 erori de calcul \u0219i/sau de identificare \u00een zonele legate de conflictul din Ucraina.\u201d Osprey a mai precizat c\u0103 ap\u0103rarea aerian\u0103 militar\u0103 rus\u0103 include sisteme conven\u021bionale de rachete sol-aer capabile s\u0103 ac\u021bioneze la toate altitudinile. Europa Liber\u0103 Moldova este \u0219i pe Google News. Aboneaz\u0103-te .","title":"Zelenski avertizeaz\u0103 c\u0103 spa\u021biul aerian al Rusiei \u201edevine extrem de periculos\u201d datorit\u0103 dronelor ucrainene. \u201eTerorism de stat!\u201d, sare Putin","topic":null,"translation_language":"","url":"https://moldova.europalibera.org/a/zelenski-avertizeaza-ca-spatiul-aerian-al-rusiei-devine-extrem-de-periculos-datorita-dronelor-ucrainene-terorism-de-stat-sare-putin/33845389.html","video_url":null},{"audio_source_url":null,"author":"Europa Liber\u0103 Moldova","available_dubs":[],"downloadable_assets":["https://gdb.rferl.org/653799b7-a9e3-4dc8-96f9-fbc587b153ac_w1600_r1_n_s.jpg"],"duration_display":"0:00","duration_seconds":null,"embed_url":null,"id":12841,"image_caption":"Un avion de marf\u0103 ucrainean \u201eAntonov\u201d pe 5 august 2026 la aeroportul german Leipzig-Halle din Schkeuditz, \u00een estul Germaniei, dup\u0103 ce, \u00een noaptea precedent\u0103, fusese descoperit\u0103 acolo o dron\u0103 \u00eenc\u0103rcat\u0103 cu explozibili.","image_url":"https://gdb.rferl.org/653799b7-a9e3-4dc8-96f9-fbc587b153ac_w1600_r1_n_s.jpg","is_clip":false,"item_type":"article","item_type_label":"Article","language_label":"Romanian","media_credit":"Europa Liber\u0103 Moldova","micro_label":"Photo","micro_label_kind":"gallery","network_label":"RFE/RL","network_logo_url":"/static/uploads/direct_network_logos/rfe_rl_e69d397fdd7d.png","published_at":"2026-09-02T06:54:48","published_at_display":"2 Sep 2026, 06:54 GMT","sequence_badge_label":null,"sequence_count":null,"sequence_count_label":null,"sequence_frames":[],"sequence_kind":null,"source_name":"moldova_europalibera_org_rss","source_name_label":"Moldova Europalibera","source_type":"rss","summary":"\u0218efa politicii externe a Uniunii Europene, Kaja Kallas, a numit miercuri \u201eterorism sponsorizat de stat\u201d incidentul de luna trecut\u0103 de pe aeroportul din Leipzig (Germania), unde a fost g\u0103sit\u0103 o dron\u0103 cu explozivi \u00een preajma unor aeronave ucrainene de marf\u0103. Mar\u021bi, Kallas spusese c\u0103 UE preg\u0103te\u0219te cele mai cuprinz\u0103toare sanc\u021biuni de p\u00e2n\u0103 acum \u00eempotriva Rusiei, ad\u0103ug\u00e2nd: \u201eAsta este cea mai bun\u0103 metod\u0103 de a-l opri pe Putin\u201d. Mar\u021bi, Germania a declarat c\u0103 Rusia este responsabil\u0103 pentru atacul e\u0219uat de la Aeroportul Leipzig/Halle, un punct important pentru transportul de armament destinat Ucrainei. Ministrul german de Interne, Alexander Dobrindt, a spus c\u0103 anchetele poli\u021biei, \u201etiparele\u201d de activitate criminal\u0103 \u0219i concluziile serviciilor de informa\u021bii indic\u0103 faptul c\u0103 Rusia este responsabil\u0103 pentru tentativa de atac. Pe 4 august, \u00een zona de securitate a aeroportului, \u00eentre avioanele de marf\u0103 ucrainene, a fost descoperit\u0103 o dron\u0103 echipat\u0103 cu explozivi \u0219i un mecanism de detonare, ceea ce a determinat suspendarea temporar\u0103 a zborurilor. Ministrul de Externe, Johann Wadephul, a anun\u021bat mar\u021bi represalii \u00eempotriva Rusiei, printre care \u00eenchiderea consulatului general al Rusiei din Bonn pe 18 septembrie \u0219i rezilierea contractului de \u00eenchiriere pentru \u201eCasa Rusiei\u201d, o institu\u021bie cultural\u0103 rus\u0103 situat\u0103 \u00een inima Berlinului. Uniunea European\u0103 \u0219i-a exprimat \u201esolidaritatea deplin\u0103\u201d fa\u021b\u0103 de Germania, NATO a dat asigur\u0103ri c\u0103 \u00ee\u0219i va ap\u0103ra membrii, iar \u021b\u0103ri precum Marea Britanie, Fran\u021ba \u0219i Polonia \u0219i-au oferit sprijinul ferm. Pre\u0219edinta Comisiei Europene, Ursula von der Leyen, a declarat c\u0103 va discuta miercuri despre atac cu secretarul general al NATO, Mark Rutte, iar mini\u0219trii de externe ai UE vor preg\u0103ti un r\u0103spuns comun. Putin vrea dovezi \u00cen replic\u0103, pre\u0219edintele rus Vladimir Putin a calificat m\u0103surile punitive luate de Germania drept o \u201egre\u0219eal\u0103 grav\u0103\u201d \u0219i a respins acuza\u021biile aduse de Berlin la adresa Moscovei. Ca \u0219i mai to\u021bi oficialii ru\u0219i confrunta\u021bi cu asemenea incidente, de pild\u0103 cu c\u0103deri de drone \u00een Moldova, Rom\u00e2nia sau Polonia, liderul de la Kremlin a pretins dovezi. \u201eUnde sunt dovezile?\u201d, a \u00eentrebat Putin la o conferin\u021b\u0103 de pres\u0103 \u021binut\u0103 \u00een capitala K\u00e2rg\u00e2zstanului, Bi\u0219kek. El a respins probele prezentate p\u00e2n\u0103 \u00een prezent, calific\u00e2ndu-le drept \u201efabricate\u201d, \u0219i a afirmat c\u0103 reac\u021bia guvernului cancelarului german Friedrich Merz a fost determinat\u0103 \u00een primul r\u00e2nd de considerente de politic\u0103 intern\u0103. \u201eCasa Rus\u0103\u201d de la Berlin, o institu\u021bie asem\u0103n\u0103toare cu aceea \u00eenchis\u0103 de R. Moldova la Chi\u0219in\u0103u, va trebui s\u0103-\u0219i \u00eencheie activitatea la 18 septembrie. Germania a trecut printr-o serie de incidente care au determinat autorit\u0103\u021bile s\u0103 analizeze modalit\u0103\u021bi de a proteja mai bine infrastructura critic\u0103 \u00eempotriva a ceea ce oficialii descriu drept amenin\u021barea tot mai mare a atacurilor cibernetice \u0219i hibride. Re\u021beaua electric\u0103 din landul Brandenburg, din estul Germaniei, a fost \u021binta unui act de sabotaj mar\u021bi, dup\u0103 ce dispozitive incendiare neexplodate au avariat liniile electrice, a declarat ministrul de interne al landului, f\u0103r\u0103 a exclude posibilitatea ca \u00een spatele atacului s\u0103 se afle \u201eputeri str\u0103ine\u201d. Surse: dpa, AFP, Reuters Europa Liber\u0103 Moldova este \u0219i pe Google News. Aboneaz\u0103-te .","title":"\u201eTerorism de stat\u201d. UE condamn\u0103 tentativa de atac de la Leipzig, pus\u0103 de Germania pe seama Rusiei","topic":null,"translation_language":"","url":"https://moldova.europalibera.org/a/terorism-de-stat-ue-condamna-tentativa-de-atac-de-la-leipzig-pusa-de-germania-pe-seama-rusiei/33845341.html","video_url":null},{"audio_source_url":null,"author":"Europa Liber\u0103 Moldova","available_dubs":[],"downloadable_assets":["https://gdb.rferl.org/653799b7-a9e3-4dc8-96f9-fbc587b153ac_w1600_r1_n_s.jpg"],"duration_display":"0:00","duration_seconds":null,"embed_url":null,"id":12829,"image_caption":"Un avion de marf\u0103 ucrainean \u201eAntonov\u201d pe 5 august 2026 la aeroportul german Leipzig-Halle din Schkeuditz, \u00een estul Germaniei, dup\u0103 ce, \u00een noaptea precedent\u0103, fusese descoperit\u0103 acolo o dron\u0103 \u00eenc\u0103rcat\u0103 cu explozibili.","image_url":"https://gdb.rferl.org/653799b7-a9e3-4dc8-96f9-fbc587b153ac_w1600_r1_n_s.jpg","is_clip":false,"item_type":"article","item_type_label":"Article","language_label":"Romanian","media_credit":"Europa Liber\u0103 Moldova","micro_label":"Photo","micro_label_kind":"gallery","network_label":"RFE/RL","network_logo_url":"/static/uploads/direct_network_logos/rfe_rl_e69d397fdd7d.png","published_at":"2026-09-02T06:54:48","published_at_display":"2 Sep 2026, 06:54 GMT","sequence_badge_label":null,"sequence_count":null,"sequence_count_label":null,"sequence_frames":[],"sequence_kind":null,"source_name":"moldova_europalibera_org_rss","source_name_label":"Moldova Europalibera","source_type":"rss","summary":"\u0218efa politicii externe a Uniunii Europene, Kaja Kallas, a numit miercuri \u201eterorism sponsorizat de stat\u201d incidentul de luna trecut\u0103 de pe aeroportul din Leipzig (Germania), unde a fost g\u0103sit\u0103 o dron\u0103 cu explozivi \u00een preajma unor aeronave ucrainene de marf\u0103. Mar\u021bi, Kallas spusese c\u0103 UE preg\u0103te\u0219te cele mai cuprinz\u0103toare sanc\u021biuni de p\u00e2n\u0103 acum \u00eempotriva Rusiei, ad\u0103ug\u00e2nd: \u201eAsta este cea mai bun\u0103 metod\u0103 de a-l opri pe Putin\u201d. Mar\u021bi, Germania a declarat c\u0103 Rusia este responsabil\u0103 pentru atacul e\u0219uat de la Aeroportul Leipzig/Halle, un punct important pentru transportul de armament destinat Ucrainei. Ministrul german de Interne, Alexander Dobrindt, a spus c\u0103 anchetele poli\u021biei, \u201etiparele\u201d de activitate criminal\u0103 \u0219i concluziile serviciilor de informa\u021bii indic\u0103 faptul c\u0103 Rusia este responsabil\u0103 pentru tentativa de atac. Pe 4 august, \u00een zona de securitate a aeroportului, \u00eentre avioanele de marf\u0103 ucrainene, a fost descoperit\u0103 o dron\u0103 echipat\u0103 cu explozivi \u0219i un mecanism de detonare, ceea ce a determinat suspendarea temporar\u0103 a zborurilor. Ministrul de Externe, Johann Wadephul, a anun\u021bat mar\u021bi represalii \u00eempotriva Rusiei, printre care \u00eenchiderea consulatului general al Rusiei din Bonn pe 18 septembrie \u0219i rezilierea contractului de \u00eenchiriere pentru \u201eCasa Rusiei\u201d, o institu\u021bie cultural\u0103 rus\u0103 situat\u0103 \u00een inima Berlinului. Uniunea European\u0103 \u0219i-a exprimat \u201esolidaritatea deplin\u0103\u201d fa\u021b\u0103 de Germania, NATO a dat asigur\u0103ri c\u0103 \u00ee\u0219i va ap\u0103ra membrii, iar \u021b\u0103ri precum Marea Britanie, Fran\u021ba \u0219i Polonia \u0219i-au oferit sprijinul ferm. Pre\u0219edinta Comisiei Europene, Ursula von der Leyen, a declarat c\u0103 va discuta miercuri despre atac cu secretarul general al NATO, Mark Rutte, iar mini\u0219trii de externe ai UE vor preg\u0103ti un r\u0103spuns comun. Putin vrea dovezi \u00cen replic\u0103, pre\u0219edintele rus Vladimir Putin a calificat m\u0103surile punitive luate de Germania drept o \u201egre\u0219eal\u0103 grav\u0103\u201d \u0219i a respins acuza\u021biile aduse de Berlin la adresa Moscovei. Ca \u0219i mai to\u021bi oficialii ru\u0219i confrunta\u021bi cu asemenea incidente, de pild\u0103 cu c\u0103deri de drone \u00een Moldova, Rom\u00e2nia sau Polonia, liderul de la Kremlin a pretins dovezi. \u201eUnde sunt dovezile?\u201d, a \u00eentrebat Putin la o conferin\u021b\u0103 de pres\u0103 \u021binut\u0103 \u00een capitala K\u00e2rg\u00e2zstanului, Bi\u0219kek. El a respins probele prezentate p\u00e2n\u0103 \u00een prezent, calific\u00e2ndu-le drept \u201efabricate\u201d, \u0219i a afirmat c\u0103 reac\u021bia guvernului cancelarului german Friedrich Merz a fost determinat\u0103 \u00een primul r\u00e2nd de considerente de politic\u0103 intern\u0103. \u201eCasa Rus\u0103\u201d de la Berlin, o institu\u021bie asem\u0103n\u0103toare cu aceea \u00eenchis\u0103 de R. Moldova la Chi\u0219in\u0103u, va trebui s\u0103-\u0219i \u00eencheie activitatea la 18 septembrie. Germania a trecut printr-o serie de incidente care au determinat autorit\u0103\u021bile s\u0103 analizeze modalit\u0103\u021bi de a proteja mai bine infrastructura critic\u0103 \u00eempotriva a ceea ce oficialii descriu drept amenin\u021barea tot mai mare a atacurilor cibernetice \u0219i hibride. Re\u021beaua electric\u0103 din landul Brandenburg, din estul Germaniei, a fost \u021binta unui act de sabotaj mar\u021bi, dup\u0103 ce dispozitive incendiare neexplodate au avariat liniile electrice, a declarat ministrul de interne al landului, f\u0103r\u0103 a exclude posibilitatea ca \u00een spatele atacului s\u0103 se afle \u201eputeri str\u0103ine\u201d. Surse: dpa, AFP, Reuters Europa Liber\u0103 Moldova este \u0219i pe Google News. Aboneaz\u0103-te .","title":"\u201eTerorism de stat\u201d. UE condamn\u0103 tentativa de atac de la Leipzig, pus\u0103 de Germania pe seama Rusiei","topic":null,"translation_language":"","url":"https://www.europalibera.md/a/terorism-de-stat-ue-condamna-tentativa-de-atac-de-la-leipzig-pusa-de-germania-pe-seama-rusiei/33845341.html","video_url":null},{"audio_source_url":null,"author":"Eugen Uru\u0219ciuc","available_dubs":[],"downloadable_assets":["https://gdb.rferl.org/69382675-9c6c-4777-eac4-08def2afcad7_cx11_cy3_cw80_w1600_r1_n_s.png"],"duration_display":"0:00","duration_seconds":null,"embed_url":null,"id":12395,"image_caption":"Pe 1 septembrie, Adunarea Popular\u0103 a G\u0103g\u0103uziei urma s\u0103 decid\u0103 data alegerilor pentru func\u021bia de ba\u0219can al autonomiei, \u00eens\u0103 nu a \u00eentrunit cvorumul necesar.","image_url":"https://gdb.rferl.org/69382675-9c6c-4777-eac4-08def2afcad7_cx11_cy3_cw80_w1600_r1_n_s.png","is_clip":false,"item_type":"article","item_type_label":"Article","language_label":"Romanian","media_credit":"Eugen Uru\u0219ciuc","micro_label":"Photo","micro_label_kind":"gallery","network_label":"RFE/RL","network_logo_url":"/static/uploads/direct_network_logos/rfe_rl_e69d397fdd7d.png","published_at":"2026-09-01T14:53:20","published_at_display":"1 Sep 2026, 14:53 GMT","sequence_badge_label":null,"sequence_count":null,"sequence_count_label":null,"sequence_frames":[],"sequence_kind":null,"source_name":"moldova_europalibera_org_rss","source_name_label":"Moldova Europalibera","source_type":"rss","summary":"Adunarea Popular\u0103 de la Comrat nu a reu\u0219it s\u0103 stabileasc\u0103 data alegerilor anticipate pentru func\u021bia de ba\u0219can al G\u0103g\u0103uziei, dar Comisia Electoral\u0103 Central\u0103 a decis, \u00een baza modific\u0103rilor recente a Codului Electoral, c\u0103 scrutinul va avea loc pe 15 noiembrie, odat\u0103 cu cel pentru legislativul local. Ce crede\u021bi despre faptul c\u0103 data alegerilor pentru func\u021bia de ba\u0219can al G\u0103g\u0103uziei a fost stabilit\u0103 de CEC? Click pentru a participa la un SONDAJ La \u0219edin\u021ba de mar\u021bi a Adun\u0103rii Populare a G\u0103g\u0103uziei au fost prezen\u021bi doar 10 din totalul celor 35 de deputa\u021bi, respectiv, nu a fost \u00eentrunit cvorumul pentru a putea fi stabilit\u0103 data alegerilor anticipate pentru func\u021bia de guvernator (ba\u0219can) al autonomiei. Func\u021bia a fost declarat\u0103 vacant\u0103 la mijlocul lunii august, la un an de la condamnarea Evgheniei Gu\u021bul, \u00een prima instan\u021b\u0103, la 7 ani de \u00eenchisoare pentru complicitate la finan\u021barea ilegal\u0103 a fostului Partid \u0218or. Vicespicherul Nicolae Ormanji a spus Europei Libere c\u0103 \u201eatitudinea de boicot\u201d din partea unor deputa\u021bi este mai veche \u0219i c\u0103 \u00een Adunarea Popular\u0103 sunt mai multe \u201egrupuri de interese\u201d. Un alt vicepre\u0219edinte al Adun\u0103rii Populare, Gheorghe Leiciu, a spus c\u0103, \u00een aceste condi\u021bii, decizia poate fi luat\u0103 de Comisia Electoral\u0103 Central\u0103 (CEC) \u00een baza prevederilor aprobate s\u0103pt\u0103m\u00e2na trecut\u0103 de Parlament, chiar dac\u0103 \u201emajoritatea din G\u0103g\u0103uzia nu este de acord cu ele\u201d. Leiciu a admis, \u00eentr-o discu\u021bie cu Europa Liber\u0103, c\u0103 cele dou\u0103 scrutine vor avea loc concomitent, chiar dac\u0103 vor fi contestate de o parte din cet\u0103\u021beni \u0219i de elitele politice locale, deoarece mul\u021bi g\u0103g\u0103uzi consider\u0103 ilegal\u0103 condamnarea Evgheniei Gu\u021bul, \u00een timp ce \u201eo alt\u0103 parte crede c\u0103 acum trebuie ales un ba\u0219can legitim\u201d. La un briefing \u021binut \u00een dup\u0103 amiaza zilei, spicherul g\u0103g\u0103uz Valentin Gaidarji a acuzat guvernarea de la Chi\u0219in\u0103u c\u0103 alimenteaz\u0103 criza din G\u0103g\u0103uzia, iar pe deputa\u021bii care nu au venit la \u0219edin\u021b\u0103 \u2013 c\u0103 ar face jocul autorit\u0103\u021bilor centrale. Nici Guvernul, nici partidul de guvern\u0103m\u00e2nt (PAS) nu au comentat situa\u021bia din G\u0103g\u0103uzia \u0219i declara\u021biile oficialilor de la Comrat. CEC: \u201eNu putem admite ca cet\u0103\u021benii s\u0103 fie priva\u021bi de dreptul de a alege\u201d La dou\u0103 ore distan\u021b\u0103, CEC s-a \u00eentrunit \u00een \u0219edin\u021b\u0103 \u0219i a decis, cu \u0219ase voturi pro \u0219i dou\u0103 ab\u021bineri, c\u0103 alegerile ba\u0219canului vor avea loc concomitent cu cele pentru legislativul de la Comrat, adic\u0103 pe 15 noiembrie, dup\u0103 ce a constatat c\u0103 Adunarea Popular\u0103 a avut trei tentative e\u0219uate de a stabili data anticipatelor. Decizia CEC poate fi contestat\u0103 \u00een termen de trei zile. Vicepre\u0219edintele CEC, Pavel Postica, a explicat Europei Libere c\u0103 1 septembrie a fost data limit\u0103 c\u00e2nd Adunarea Popular\u0103 mai putea fixa ziua scrutinului pentru postul de guvernator. Dar pentru c\u0103 a ratat aceast\u0103 posibilitate, decizia a trecut \u00een competen\u021ba Comisiei Electorale de la Chi\u0219in\u0103u. Postica a precizat c\u0103, atunci c\u00e2nd a fost modificat Codul Electoral, s-a urm\u0103rit, inclusiv, prevenirea unor astfel de blocaje: \u201eNu mai putem admite ca aleg\u0103torii din autonomie s\u0103 fie priva\u021bi de dreptul de alege \u0219i de a fi ale\u0219i\u201d. CEC a stabilit cu 6 voturi pro \u0219i dou\u0103 ab\u021bineri c\u0103 alegerile ba\u0219canului g\u0103g\u0103uz vor avea loc pe 15 noiembrie, concomitent cu cele \u00een legislativul local. Atmosfer\u0103 incert\u0103 \u00een G\u0103g\u0103uzia \u201eIncert\u0103\u201d, a\u0219a descrie atmosfera din cercurile politice \u0219i cele decizionale de la Comrat directorul portalului de \u0219tiri din G\u0103g\u0103uzia laf.md , Vitali Gaidarji. Potrivit lui, elitele politice de la Comrat nu \u0219i-ar dori nici alegeri pentru Adunarea Popular\u0103, nici pentru ba\u0219can. Dar, spune Gaidarji, Comratul nu va mai putea bloca procesele electorale, iar scrutinele vor fi organizate \u0219i desf\u0103\u0219urate cu implicarea Comisiei Electorale de la Chi\u0219in\u0103u. Scrutinul din 15 noiembrie ar putea fi boicotate mai pu\u021bin de aleg\u0103tori, dar \u00eentr-o m\u0103sur\u0103 mai mare de politicieni locali. \u201eUnii dintre ei ar putea s\u0103 refuze s\u0103 se \u00eenscrie \u00een curs\u0103 pentru alegerile \u00een Adunarea Popular\u0103\u201d, a spus jurnalistul \u00eentr-o discu\u021bie cu Europa Liber\u0103. Se ivesc primii candida\u021bi Unii politicieni g\u0103g\u0103uzi au anun\u021bat deja c\u0103 vor candida pentru func\u021bia de guvernator, printre ei num\u0103r\u00e2ndu-se \u0219i fostul deputat comunist Fiodor Gagauz. Anterior, s-a vehiculat \u00een spa\u021biul public c\u0103 \u0219i actualul spicher al G\u0103g\u0103uziei, Valentin Gaidarji, ar putea candida. Pe de alt\u0103 parte, Evghenia Gu\u021bul se crede \u00een continuare ba\u0219can\u0103, chiar dac\u0103 Adunarea Popular\u0103 a declarat vacant\u0103 func\u021bia pe 17 august. Prin avoca\u021bii s\u0103i, ea transmite mesaje pe re\u021belele de socializare din numele ba\u0219canului autonomiei. Un ultim asemenea mesaj a fost adresat elevilor, profesorilor \u0219i p\u0103rin\u021bilor din G\u0103g\u0103uzia cu ocazia \u00eenceputului anului \u0219colar, la 1 septembrie. Sergiu Moraru, unul dintre avoca\u021bii Evgheniei Gu\u021bul, a sugerat, \u00eentr-o discu\u021bie cu Europa Liber\u0103, c\u0103 este dreptul clientei sale s\u0103 se considere sau nu ba\u0219can al autonomiei. \u201eEa insist\u0103 c\u0103 este nevinovat\u0103 \u0219i, respectiv, respinge toate consecin\u021bele care decurg din acuza\u021biile din dosar\u201d, a spus Moraru. Legea privind statutul juridic al G\u0103g\u0103uziei spune c\u0103 ba\u0219canul este \u201epersoana oficial\u0103 suprem\u0103 a G\u0103g\u0103uziei\u201d, c\u0103reia i se subordoneaz\u0103 toate autorit\u0103\u021bile administra\u021biei publice ale autonomiei. Este ales pentru un mandat de patru ani, fiind \u0219i membru din oficiu al Guvernului R. Moldova. Viitorul ba\u0219can va fi al nou\u0103lea la num\u0103r. \u25c9 SONDAJ S-a dat startul perioadei electorale Mandatul Adun\u0103rii Populare a expirat \u00eenc\u0103 noiembrie 2025, av\u00e2nd de atunci atribu\u021bii limitate, dar autonomia g\u0103g\u0103uz\u0103 nu a reu\u0219it s\u0103 organizeze alegeri din cauza unor dispute de ordin juridic \u0219i politic cu autorit\u0103\u021bile centrale. Blocajul electoral a fost dep\u0103\u0219it dup\u0103 ce Parlamentul a modificat \u2013 \u00een urma unei decizii a Cur\u021bii Constitu\u021bionale \u2013 Codul Electoral, la sf\u00e2r\u0219it de august, \u00eentr-o \u0219edin\u021b\u0103 extraordinar\u0103. Pre\u0219edinta Maia Sandu a promulgat modific\u0103rile pe 26 august. Tot pe 26 august, CEC a aprobat calendarul electoral, stabilind c\u0103 alegerile \u00een Adunarea Popular\u0103 vor avea loc pe 15 noiembrie. Pe 28 august, CEC a anun\u021bat \u00eenceputul perioadei electorale, c\u00e2nd urmeaz\u0103 s\u0103 fie constituite organele electorale locale \u0219i sec\u021biile de votare \u0219i s\u0103 fie recep\u021bionate dosarele pentru \u00eenregistrarea candida\u021bilor la func\u021bia de deputat. Campania electoral\u0103 pentru alegerile \u00een legislativul g\u0103g\u0103uz va \u00eencepe pe 16 octombrie, adic\u0103 cu o lun\u0103 p\u00e2n\u0103 \u00een ziua alegerilor. La fel, CEC a publicat lista partidelor care au dreptul s\u0103 participe la alegerile din 15 noiembrie \u2013 37 din cele 66 de forma\u021biuni politice \u00eenregistrate la Agen\u021bia Servicii Publice \u2013 \u0219i a \u00eendemnat media \u0219i difuzorii de publicitate s\u0103 anun\u021be condi\u021biile de oferire a spa\u021biului publicitar concuren\u021bilor electorali. Potrivit recentelor modific\u0103ri ale Codului Electoral al R. Moldova, alegerile \u00een Adunarea Popular\u0103 din acest an vor fi ultimele c\u00e2nd deputa\u021bii g\u0103g\u0103uzi vor fi ale\u0219i \u00een 35 de circumscrip\u021bii electorale uninominale, c\u00e2te unul \u00een fiecare. \u00cencep\u00e2nd cu alegerile urm\u0103toare, cele din 2030, autonomia va trece la sistemul electoral propor\u021bional, \u00een care mandatele se atribuie propor\u021bional cu num\u0103rul de voturi ob\u021binute la nivel regional, pe liste de partid, a\u0219a cum sunt ale\u0219i deputa\u021bii din Parlament \u0219i consilierii locali \u00een restul \u021b\u0103rii. Guvernatorul va fi \u00een continuare ales cu votul direct al locuitorilor autonomiei. Dar legea spune acum c\u0103 un candidat pentru acest post trebuie s\u0103 cunoasc\u0103 limbile rom\u00e2n\u0103 \u0219i g\u0103g\u0103uz\u0103, s\u0103 aib\u0103 35 de ani \u00eemplini\u021bi, s\u0103 fi locuit p\u00e2n\u0103 la alegeri cel pu\u021bin 10 ani \u00een autonomia g\u0103g\u0103uz\u0103 \u0219i s\u0103 prezinte dovada studiilor superioare. \u00cen cazul \u00een care Comratul va refuza s\u0103-\u0219i delege reprezentan\u021bi \u00een Consiliul Electoral local, CEC va putea suplini num\u0103rul necesar de membri. Conducerea Adun\u0103rii Populare a criticat modific\u0103rile operate la Codul Electoral, acuz\u00e2nd Chi\u0219in\u0103ul c\u0103 a decis \u201eunilateral\u201d \u0219i a solicitat Comisiei de la Vene\u021bia o expertiz\u0103. Europa Liber\u0103 Moldova este \u0219i pe Google News. Aboneaz\u0103-te .","title":"G\u0103g\u0103uzii urmeaz\u0103 s\u0103-\u0219i aleag\u0103 ba\u0219canul \u0219i deputa\u021bii locali \u00een aceea\u0219i zi, pe 15 noiembrie","topic":null,"translation_language":"","url":"https://www.europalibera.md/a/gagauzii-urmeaza-sa-si-aleaga-bascanul-si-deputatii-locali-in-aceeasi-zi-pe-15-noiembrie/33844918.html","video_url":null}],"next_num":2,"page":1,"pages":3,"per_page":20,"prev_num":null,"total":49}
