{"applied_filters":{"end_date":"","lang":"","language":"","network":"","page":1,"per_page":20,"search":"","source":"ocb_spanish_audio_html_scrape_1016","start_date":"","topic":"Programas de Radio Nuestra Am\u00e9rica","type":""},"available_filters":{"language_choices":[{"label":"Choose Language","value":""},{"label":"Espa\u00f1ol","value":"Espa\u00f1ol"}],"network_choices":[{"label":"All networks","value":""},{"label":"OCB","value":"OCB"}],"source_choices":[{"label":"All sources","value":""},{"label":"OCB \u00b7 Programas de Radio Nuestra Am\u00e9rica","value":"ocb_spanish_audio_html_scrape_1016"}],"sources":["ocb_spanish_audio_html_scrape_1016"],"topics":["Programas de Radio Nuestra Am\u00e9rica"],"types":[["","All types"],["audio","Audio"],["media","Media"]]},"has_next":false,"has_prev":false,"items":[{"article_body_paragraphs":[],"audio_source_url":"https://ocb-audio-ns.akamaized.net/cu/2026/09/02/759658e0-305c-4641-6918-08def2ff2efe.mp3","author":null,"available_dubs":[],"downloadable_assets":["https://ocb-audio-ns.akamaized.net/cu/2026/09/02/759658e0-305c-4641-6918-08def2ff2efe.mp3"],"duration_display":"0:00","duration_seconds":null,"embed_url":null,"id":13518,"image_caption":null,"image_url":"https://gdb.martinoticias.com/1a884833-f8ec-4515-b569-42d51908d950_w1200_h630.jpg","is_clip":false,"item_type":"audio","item_type_label":"Audio","language_label":"Espa\u00f1ol","media_credit":null,"micro_label":"Audio program","micro_label_kind":"audio","network_label":"OCB","network_logo_url":"/static/uploads/direct_network_logos/ocb_0888427dcb1d.svg","published_at":"2026-09-02T18:55:46","published_at_display":"2 Sep 2026, 18:55 GMT","sequence_badge_label":null,"sequence_count":null,"sequence_count_label":null,"sequence_frames":[],"sequence_kind":null,"source_name":"ocb_spanish_audio_html_scrape_1016","source_name_label":"OCB \u00b7 Programas de Radio Nuestra Am\u00e9rica","source_type":"scrape","summary":"El poder ejecutivo peruano decide extender los estados de emergencia en Lima y el puerto de el Callao, por graves hechos en materia de seguridad...Colombia pone punto final a conversaciones de paz con grupos al m\u00e1rgen de la ley y refuerza cooperaci\u00f3n contra el narcotr\u00e1fico junto a EEUU y Ecuador","title":"Nuevos Gobiernos de Per\u00fa y Colombia priorizan sus agendas en el tema de \"la seguridad\"","topic":"Programas de Radio Nuestra Am\u00e9rica","translation_language":"","url":"https://www.martinoticias.com/a/476815.html","video_url":null},{"article_body_paragraphs":[],"audio_source_url":"https://ocb-audio-ns.akamaized.net/cu/2026/08/28/4c81a9eb-0c42-4af6-6901-08def2ff2efe.mp3","author":null,"available_dubs":[],"downloadable_assets":["https://ocb-audio-ns.akamaized.net/cu/2026/08/28/4c81a9eb-0c42-4af6-6901-08def2ff2efe.mp3"],"duration_display":"0:00","duration_seconds":null,"embed_url":null,"id":13519,"image_caption":null,"image_url":"https://gdb.martinoticias.com/d5df7b31-937f-4e30-03d5-08decd63a0c8_cx0_cy6_cw100_w1200_h630.jpeg","is_clip":false,"item_type":"audio","item_type_label":"Audio","language_label":"Espa\u00f1ol","media_credit":null,"micro_label":"Audio program","micro_label_kind":"audio","network_label":"OCB","network_logo_url":"/static/uploads/direct_network_logos/ocb_0888427dcb1d.svg","published_at":"2026-08-28T17:19:08","published_at_display":"28 Aug 2026, 17:19 GMT","sequence_badge_label":null,"sequence_count":null,"sequence_count_label":null,"sequence_frames":[],"sequence_kind":null,"source_name":"ocb_spanish_audio_html_scrape_1016","source_name_label":"OCB \u00b7 Programas de Radio Nuestra Am\u00e9rica","source_type":"scrape","summary":"El Modelo Bukele de seguridad y el Centro de Confinamiento del Terrorismo (CECOT) desarticula las principales pandillas salvadore\u00f1as brindando un respiro a la sociedad salvadore\u00f1a y catapulta el respaldo al mandatario que es visto como un h\u00e9roe nacional. Un periodista de Radio Mart\u00ed visit\u00f3 el lugar","title":"El modelo Bukele de seguridad se consolida como un ejemplo para Am\u00e9rica Latina","topic":"Programas de Radio Nuestra Am\u00e9rica","translation_language":"","url":"https://www.martinoticias.com/a/476489.html","video_url":null},{"article_body_paragraphs":[],"audio_source_url":"https://ocb-audio-ns.akamaized.net/cu/2026/08/26/12a38d0f-9b1b-44f1-68f4-08def2ff2efe.mp3","author":null,"available_dubs":[],"downloadable_assets":["https://ocb-audio-ns.akamaized.net/cu/2026/08/26/12a38d0f-9b1b-44f1-68f4-08def2ff2efe.mp3"],"duration_display":"0:00","duration_seconds":null,"embed_url":null,"id":13520,"image_caption":null,"image_url":"https://gdb.martinoticias.com/7f93a5e8-6e2f-4559-aae0-b8da6ad26520_cx0_cy1_cw100_w1200_h630.jpg","is_clip":false,"item_type":"audio","item_type_label":"Audio","language_label":"Espa\u00f1ol","media_credit":null,"micro_label":"Audio program","micro_label_kind":"audio","network_label":"OCB","network_logo_url":"/static/uploads/direct_network_logos/ocb_0888427dcb1d.svg","published_at":"2026-08-26T18:32:30","published_at_display":"26 Aug 2026, 18:32 GMT","sequence_badge_label":null,"sequence_count":null,"sequence_count_label":null,"sequence_frames":[],"sequence_kind":null,"source_name":"ocb_spanish_audio_html_scrape_1016","source_name_label":"OCB \u00b7 Programas de Radio Nuestra Am\u00e9rica","source_type":"scrape","summary":"El gobernador de Sinaloa, Rub\u00e9n Rocha Moya, se\u00f1alado de presuntos nexos con el c\u00e1rtel local, luego de 112 dias separado del cargo regresa a su puesto, pero a s\u00f3lo horas de haber reasumido solicita nueva licencia para ausentarse en medio de una fuerte presi\u00f3n de la Presidenta y su partido Morena","title":"Caso del Gobernador de Sinaloa, Rub\u00e9n Rocha Moya, aumenta tensi\u00f3n pol\u00edtica en M\u00e9xico","topic":"Programas de Radio Nuestra Am\u00e9rica","translation_language":"","url":"https://www.martinoticias.com/a/476325.html","video_url":null},{"article_body_paragraphs":[],"audio_source_url":"https://ocb-audio-ns.akamaized.net/cu/2026/08/20/db49dc5d-ec45-4ce2-7c53-08def2b1c8fe.mp3","author":null,"available_dubs":[],"downloadable_assets":["https://ocb-audio-ns.akamaized.net/cu/2026/08/20/db49dc5d-ec45-4ce2-7c53-08def2b1c8fe.mp3"],"duration_display":"0:00","duration_seconds":null,"embed_url":null,"id":13521,"image_caption":null,"image_url":"https://gdb.martinoticias.com/e9dab06a-be26-40e8-85f5-a8bd1df1d557_w1200_h630.jpg","is_clip":false,"item_type":"audio","item_type_label":"Audio","language_label":"Espa\u00f1ol","media_credit":null,"micro_label":"Audio program","micro_label_kind":"audio","network_label":"OCB","network_logo_url":"/static/uploads/direct_network_logos/ocb_0888427dcb1d.svg","published_at":"2026-08-20T18:46:12","published_at_display":"20 Aug 2026, 18:46 GMT","sequence_badge_label":null,"sequence_count":null,"sequence_count_label":null,"sequence_frames":[],"sequence_kind":null,"source_name":"ocb_spanish_audio_html_scrape_1016","source_name_label":"OCB \u00b7 Programas de Radio Nuestra Am\u00e9rica","source_type":"scrape","summary":"La Coalici\u00f3n de las Am\u00e9ricas contra los c\u00e1rteles de la droga se consolida como una alianza regional encabezada por Washington, tras la realizaci\u00f3n en Panam\u00e1 del ejercicio militar multinacional Panamax 2026. Colombia ingresa como el miembro n\u00famero 19.","title":"La Coalici\u00f3n de las Am\u00e9ricas liderada por EEUU, se consolida como una alianza regional","topic":"Programas de Radio Nuestra Am\u00e9rica","translation_language":"","url":"https://www.martinoticias.com/a/475881.html","video_url":null},{"article_body_paragraphs":[],"audio_source_url":"https://ocb-audio-ns.akamaized.net/cu/2026/08/18/a5c87626-e2c8-4195-bc32-08def2b1d8dc.mp3","author":null,"available_dubs":[],"downloadable_assets":["https://ocb-audio-ns.akamaized.net/cu/2026/08/18/a5c87626-e2c8-4195-bc32-08def2b1d8dc.mp3"],"duration_display":"0:00","duration_seconds":null,"embed_url":null,"id":13522,"image_caption":null,"image_url":"https://gdb.martinoticias.com/55f445da-53bb-4eaf-b1d6-c7c210db72ca_cx0_cy1_cw100_w1200_h630.jpg","is_clip":false,"item_type":"audio","item_type_label":"Audio","language_label":"Espa\u00f1ol","media_credit":null,"micro_label":"Audio program","micro_label_kind":"audio","network_label":"OCB","network_logo_url":"/static/uploads/direct_network_logos/ocb_0888427dcb1d.svg","published_at":"2026-08-18T18:39:25","published_at_display":"18 Aug 2026, 18:39 GMT","sequence_badge_label":null,"sequence_count":null,"sequence_count_label":null,"sequence_frames":[],"sequence_kind":null,"source_name":"ocb_spanish_audio_html_scrape_1016","source_name_label":"OCB \u00b7 Programas de Radio Nuestra Am\u00e9rica","source_type":"scrape","summary":"Pereira, capital del Departamento de Risaralda,una de las ciudades m\u00e1s golpeadas por el terremoto del pasado 10 de agosto en Colombia se convierte en ejemplo de solidaridad...Chile apunta a la aprobaci\u00f3n de una agenda contra el cr\u00edmen organizado y terrorismo, bajo la iniciativa del presidente Kast","title":"Pereira, una ciudad de las m\u00e1s golpeadas por el terremoto es ejemplo de solidaridad","topic":"Programas de Radio Nuestra Am\u00e9rica","translation_language":"","url":"https://www.martinoticias.com/a/475719.html","video_url":null},{"article_body_paragraphs":[],"audio_source_url":"https://ocb-audio-ns.akamaized.net/cu/2026/08/13/aef88457-79e8-4ea1-6893-08def2ff2efe.mp3","author":null,"available_dubs":[],"downloadable_assets":["https://ocb-audio-ns.akamaized.net/cu/2026/08/13/aef88457-79e8-4ea1-6893-08def2ff2efe.mp3"],"duration_display":"0:00","duration_seconds":null,"embed_url":null,"id":13523,"image_caption":null,"image_url":"https://gdb.martinoticias.com/88598a9e-1ae8-4f83-a4c7-57498cab0fe2_cx0_cy3_cw100_w1200_h630.jpg","is_clip":false,"item_type":"audio","item_type_label":"Audio","language_label":"Espa\u00f1ol","media_credit":null,"micro_label":"Audio program","micro_label_kind":"audio","network_label":"OCB","network_logo_url":"/static/uploads/direct_network_logos/ocb_0888427dcb1d.svg","published_at":"2026-08-13T18:31:46","published_at_display":"13 Aug 2026, 18:31 GMT","sequence_badge_label":null,"sequence_count":null,"sequence_count_label":null,"sequence_frames":[],"sequence_kind":null,"source_name":"ocb_spanish_audio_html_scrape_1016","source_name_label":"OCB \u00b7 Programas de Radio Nuestra Am\u00e9rica","source_type":"scrape","summary":"La Unidad Nacional para la Gesti\u00f3n del Riesgo del Desastre confirm\u00f3 este jueves que la cifra de fallecidos por terremoto en Colombia ascendi\u00f3 el jueves a 273, los desaparecidos alcanzan los 377 y 40.756 familias han resultado afectadas por el sismo del lunes que castig\u00f3 el occidente del pa\u00eds.","title":"Cifra de fallecidos asciende a 273 y m\u00e1s de 300 desparecidos por terremoto en Colombia","topic":"Programas de Radio Nuestra Am\u00e9rica","translation_language":"","url":"https://www.martinoticias.com/a/475384.html","video_url":null},{"article_body_paragraphs":[],"audio_source_url":"https://ocb-audio-ns.akamaized.net/cu/2026/08/11/8f722e2a-77bc-43de-6884-08def2ff2efe.mp3","author":null,"available_dubs":[],"downloadable_assets":["https://ocb-audio-ns.akamaized.net/cu/2026/08/11/8f722e2a-77bc-43de-6884-08def2ff2efe.mp3"],"duration_display":"0:00","duration_seconds":null,"embed_url":null,"id":13524,"image_caption":null,"image_url":"https://gdb.martinoticias.com/f2525cf6-6d81-4500-9f76-cd72868104e4_cx0_cy6_cw100_w1200_h630.jpg","is_clip":false,"item_type":"audio","item_type_label":"Audio","language_label":"Espa\u00f1ol","media_credit":null,"micro_label":"Audio program","micro_label_kind":"audio","network_label":"OCB","network_logo_url":"/static/uploads/direct_network_logos/ocb_0888427dcb1d.svg","published_at":"2026-08-11T19:07:22","published_at_display":"11 Aug 2026, 19:07 GMT","sequence_badge_label":null,"sequence_count":null,"sequence_count_label":null,"sequence_frames":[],"sequence_kind":null,"source_name":"ocb_spanish_audio_html_scrape_1016","source_name_label":"OCB \u00b7 Programas de Radio Nuestra Am\u00e9rica","source_type":"scrape","summary":"M\u00e1s de 270 personas han fallecido en Colombia tras el terremoto ocurrido hace poco m\u00e1s de 24 horas, seg\u00fan el informe #12 de Asocapitales. De las v\u00edctimas, 181 corresponden a ciudades capitales, siendo Cali y Pereira las m\u00e1s afectadas, con 95 y 90 fallecidos, respectivamente.","title":"Cifra de fallecidos por terremoto en Colombia supera los 270, hay m\u00e1s de 3.500 heridos","topic":"Programas de Radio Nuestra Am\u00e9rica","translation_language":"","url":"https://www.martinoticias.com/a/474880.html","video_url":null},{"article_body_paragraphs":[],"audio_source_url":"https://ocb-audio-ns.akamaized.net/cu/2026/08/06/f636b27c-cd66-427e-5a20-08decd6ea425.mp3","author":null,"available_dubs":[],"downloadable_assets":["https://ocb-audio-ns.akamaized.net/cu/2026/08/06/f636b27c-cd66-427e-5a20-08decd6ea425.mp3"],"duration_display":"0:00","duration_seconds":null,"embed_url":null,"id":13525,"image_caption":null,"image_url":"https://gdb.martinoticias.com/01000000-0a00-0242-3dd8-08dcb56df3d9_w1200_h630.jpg","is_clip":false,"item_type":"audio","item_type_label":"Audio","language_label":"Espa\u00f1ol","media_credit":null,"micro_label":"Audio program","micro_label_kind":"audio","network_label":"OCB","network_logo_url":"/static/uploads/direct_network_logos/ocb_0888427dcb1d.svg","published_at":"2026-08-06T18:46:40","published_at_display":"6 Aug 2026, 18:46 GMT","sequence_badge_label":null,"sequence_count":null,"sequence_count_label":null,"sequence_frames":[],"sequence_kind":null,"source_name":"ocb_spanish_audio_html_scrape_1016","source_name_label":"OCB \u00b7 Programas de Radio Nuestra Am\u00e9rica","source_type":"scrape","summary":"La UNAM confirma haber detectado fraude durante proceso de admisi\u00f3n a la licenciatura 2026.La prestigiosa universidad identific\u00f3 un inusual n\u00famero de pruebas fraudulentas en ex\u00e1menes aplicados en l\u00ednea,la vulnerabilidad tecnol\u00f3gica fu\u00e9 victima al parecer de la inteligencia artificial.","title":"La UNAM detecta fraude durante admisi\u00f3n en l\u00ednea a licenciatura 2026","topic":"Programas de Radio Nuestra Am\u00e9rica","translation_language":"","url":"https://www.martinoticias.com/a/473883.html","video_url":null},{"article_body_paragraphs":[],"audio_source_url":"https://ocb-audio-ns.akamaized.net/cu/2026/08/04/cf739502-b4f7-45d3-0381-08decd63a0c8.mp3","author":null,"available_dubs":[],"downloadable_assets":["https://ocb-audio-ns.akamaized.net/cu/2026/08/04/cf739502-b4f7-45d3-0381-08decd63a0c8.mp3"],"duration_display":"0:00","duration_seconds":null,"embed_url":null,"id":13526,"image_caption":null,"image_url":"https://gdb.martinoticias.com/0ea64733-6ea9-480b-9076-08ddfa7b3662_w1200_h630.jpg","is_clip":false,"item_type":"audio","item_type_label":"Audio","language_label":"Espa\u00f1ol","media_credit":null,"micro_label":"Audio program","micro_label_kind":"audio","network_label":"OCB","network_logo_url":"/static/uploads/direct_network_logos/ocb_0888427dcb1d.svg","published_at":"2026-08-04T20:03:15","published_at_display":"4 Aug 2026, 20:03 GMT","sequence_badge_label":null,"sequence_count":null,"sequence_count_label":null,"sequence_frames":[],"sequence_kind":null,"source_name":"ocb_spanish_audio_html_scrape_1016","source_name_label":"OCB \u00b7 Programas de Radio Nuestra Am\u00e9rica","source_type":"scrape","summary":"Cuatro gobiernos democr\u00e1ticos de Am\u00e9rica Latina le ponen \"freno\" al avance de la izquierda, neutralizando los intereses de la Habana con rupturas de relaciones, cierres de Embajadas o rebaja del nivel diplom\u00e1tico. Hablamos con una estratega politica sobre c\u00f3mo termina Gustavo Petro","title":"Varios gobiernos de Am\u00e9rica Latina cierran embajadas o rebajan nivel con Cuba","topic":"Programas de Radio Nuestra Am\u00e9rica","translation_language":"","url":"https://www.martinoticias.com/a/473650.html","video_url":null},{"article_body_paragraphs":[],"audio_source_url":"https://ocb-audio-ns.akamaized.net/cu/2026/07/30/f77c0b7d-52ea-438c-aca6-08decd4f1c2d.mp3","author":null,"available_dubs":[],"downloadable_assets":["https://ocb-audio-ns.akamaized.net/cu/2026/07/30/f77c0b7d-52ea-438c-aca6-08decd4f1c2d.mp3"],"duration_display":"0:00","duration_seconds":null,"embed_url":null,"id":13527,"image_caption":null,"image_url":"https://gdb.martinoticias.com/650df83b-07e2-4ff4-9012-e6dbb3c9d096_cx0_cy6_cw100_w1200_h630.jpg","is_clip":false,"item_type":"audio","item_type_label":"Audio","language_label":"Espa\u00f1ol","media_credit":null,"micro_label":"Audio program","micro_label_kind":"audio","network_label":"OCB","network_logo_url":"/static/uploads/direct_network_logos/ocb_0888427dcb1d.svg","published_at":"2026-07-30T18:50:32","published_at_display":"30 Jul 2026, 18:50 GMT","sequence_badge_label":null,"sequence_count":null,"sequence_count_label":null,"sequence_frames":[],"sequence_kind":null,"source_name":"ocb_spanish_audio_html_scrape_1016","source_name_label":"OCB \u00b7 Programas de Radio Nuestra Am\u00e9rica","source_type":"scrape","summary":"Keiko Fujimori enfatiza \"mano dura\" y \"seguridad institucional\" durante su primer mensaje a la naci\u00f3n tras la juramentaci\u00f3n de su gabinete ministerial...Mientras escala la tensi\u00f3n por tema de aranceles con Washington , Brasil se encamina a una enconada disputa electoral entre Lula y Flavio Bolsonaro","title":"Keiko Fujimori dicta directrices de lo que ser\u00e1n 1.826 dias como Presidenta del Per\u00fa","topic":"Programas de Radio Nuestra Am\u00e9rica","translation_language":"","url":"https://www.martinoticias.com/a/473266.html","video_url":null},{"article_body_paragraphs":[],"audio_source_url":"https://ocb-audio-ns.akamaized.net/cu/2026/07/28/9f4d1f91-21c8-4c6d-cf0a-08decd5b38e4.mp3","author":null,"available_dubs":[],"downloadable_assets":["https://ocb-audio-ns.akamaized.net/cu/2026/07/28/9f4d1f91-21c8-4c6d-cf0a-08decd5b38e4.mp3"],"duration_display":"0:00","duration_seconds":null,"embed_url":null,"id":13528,"image_caption":null,"image_url":"https://gdb.martinoticias.com/323DF3BE-E5C1-4246-AC2C-5846F3CCE7E2_w1200_h630.jpg","is_clip":false,"item_type":"audio","item_type_label":"Audio","language_label":"Espa\u00f1ol","media_credit":null,"micro_label":"Audio program","micro_label_kind":"audio","network_label":"OCB","network_logo_url":"/static/uploads/direct_network_logos/ocb_0888427dcb1d.svg","published_at":"2026-07-28T18:19:06","published_at_display":"28 Jul 2026, 18:19 GMT","sequence_badge_label":null,"sequence_count":null,"sequence_count_label":null,"sequence_frames":[],"sequence_kind":null,"source_name":"ocb_spanish_audio_html_scrape_1016","source_name_label":"OCB \u00b7 Programas de Radio Nuestra Am\u00e9rica","source_type":"scrape","summary":"Un an\u00e1lisis de expertos del Adrienne Arsht Latin America Center, revela que EEUU es y sigue siendo el mayor inversor extranjero en Am\u00e9rica Latina y el Caribe, seg\u00fan m\u00faltiples indicadores. El informe revela que la estrategia de seguridad de Washington ha frenado la ofensiva China en la regi\u00f3n.","title":"EEUU sigue siendo el mayor inversor extranjero en Am\u00e9rica Latina y el Caribe, revelan expertos","topic":"Programas de Radio Nuestra Am\u00e9rica","translation_language":"","url":"https://www.martinoticias.com/a/473074.html","video_url":null},{"article_body_paragraphs":[],"audio_source_url":"https://ocb-audio-ns.akamaized.net/cu/2026/07/23/810829bb-f4fd-4e56-0343-08decd63a0c8.mp3","author":null,"available_dubs":[],"downloadable_assets":["https://ocb-audio-ns.akamaized.net/cu/2026/07/23/810829bb-f4fd-4e56-0343-08decd63a0c8.mp3"],"duration_display":"0:00","duration_seconds":null,"embed_url":null,"id":13529,"image_caption":null,"image_url":"https://gdb.martinoticias.com/d5315f79-ada8-4d60-e449-08decd478c11_cx0_cy0_cw99_w1200_h630.jpg","is_clip":false,"item_type":"audio","item_type_label":"Audio","language_label":"Espa\u00f1ol","media_credit":null,"micro_label":"Audio program","micro_label_kind":"audio","network_label":"OCB","network_logo_url":"/static/uploads/direct_network_logos/ocb_0888427dcb1d.svg","published_at":"2026-07-23T19:42:43","published_at_display":"23 Jul 2026, 19:42 GMT","sequence_badge_label":null,"sequence_count":null,"sequence_count_label":null,"sequence_frames":[],"sequence_kind":null,"source_name":"ocb_spanish_audio_html_scrape_1016","source_name_label":"OCB \u00b7 Programas de Radio Nuestra Am\u00e9rica","source_type":"scrape","summary":"Informe del Departamento de Estado aborda la trayectoria del r\u00e9gimen de la Habana no s\u00f3lo dentro de EEUU, sino como el epicentro de un proyecto de subversi\u00f3n, desestabilizaci\u00f3n y violencia armada en Am\u00e9rica Latina a lo largo de casi siete d\u00e9cadas.","title":"Cuba y su historial de exportaci\u00f3n de terrorismo y violencia armada hacia Am\u00e9rica Latina","topic":"Programas de Radio Nuestra Am\u00e9rica","translation_language":"","url":"https://www.martinoticias.com/a/472743.html","video_url":null}],"next_num":null,"page":1,"pages":1,"per_page":20,"prev_num":null,"total":12}
