{"applied_filters":{"end_date":"","lang":"","language":"","network":"","page":1,"per_page":20,"search":"","source":"ocb_spanish_video_scrape","start_date":"","topic":"Info Mart\u00ed","type":""},"available_filters":{"language_choices":[{"label":"Choose Language","value":""},{"label":"Espa\u00f1ol","value":"Espa\u00f1ol"}],"network_choices":[{"label":"All networks","value":""},{"label":"OCB","value":"OCB"}],"source_choices":[{"label":"All sources","value":""},{"label":"OCB Spanish Video","value":"ocb_spanish_video_scrape"}],"sources":["ocb_spanish_video_scrape"],"topics":["Am\u00e9rica Latina, VENEZUELA, Maiquetia","Asuntos de Estado","Audiovisuales Mart\u00ed","Audiovisuales Mart\u00ed, Cuba turismo, crisis del turismo en Cuba","Audiovisuales Mart\u00ed, VENEZUELA, apagones","Como Come Cuba, cuba, Como Come Cuba","Cuba Habla","Cuba Habla, Cuba","Cuba al D\u00eda, Cuba","Derechos Humanos, cuba, exilio, c\u00e1ncer, Ram\u00f3n Sa\u00fal S\u00e1nchez","Especiales, Exilio cubano, Freedom tower, \"Libertad\", Torre de la Libertad de Miami, Exilio cubano en Miami","Especiales, jos\u00e9 mart\u00ed, Exilio cubano","Esperando un techo, cuba, crisis, vivienda, derrumbes, techo, paredes, EsperandounTecho","Info Mart\u00ed","Info Mart\u00ed , Brigada 2506","Info Mart\u00ed , Cuba","Info Mart\u00ed , Estados Unidos, Colombia","Info Mart\u00ed , Estados Unidos, VENEZUELA","Info Mart\u00ed , estados unidos, Venezuela","Info Mart\u00ed , presos politicos, torturas, VENEZUELA","Kentu-Cubano, cuba, cubanos, Kentucky, migrantes, KentoCubano","Las Noticias Como Son, Cuba","Noticiero Mart\u00ed Noticias","Ser Madre en cuba, cuba, hambre, r\u00e9gimen, madre, negligencia, Testimonios, Crisis Econ\u00f3mica, madre cubana, Crisis Alimentaria","Ser viejo en Cuba, cuba, cubanos, crisis, alimentos, ancianos, viejos, vejez"],"types":[["","All types"],["video","Videos"],["clips","Clips"],["media","Media"]]},"has_next":false,"has_prev":false,"items":[{"article_body_paragraphs":[],"audio_source_url":null,"author":"Jany Gonz\u00e1lez","available_dubs":[],"downloadable_assets":["https://ocb-video-ns.akamaized.net/pangeavideo/2026/09/3/3e/3ec08f3f-80ac-4a02-7c97-08def2b1c8fe_1080p.mp4?cb=ee2292622"],"duration_display":"3:00","duration_seconds":180.0,"embed_url":null,"id":12692,"image_caption":null,"image_url":"https://gdb.martinoticias.com/3ec08f3f-80ac-4a02-7c97-08def2b1c8fe_tv_w1080_h608.jpg","is_clip":true,"item_type":"video","item_type_label":"Video","language_label":"Espa\u00f1ol","media_credit":"Jany Gonz\u00e1lez","micro_label":"Video report","micro_label_kind":"video","network_label":"OCB","network_logo_url":"/static/uploads/direct_network_logos/ocb_0888427dcb1d.svg","published_at":"2026-09-01T20:01:38","published_at_display":"1 Sep 2026, 20:01 GMT","sequence_badge_label":null,"sequence_count":null,"sequence_count_label":null,"sequence_frames":[],"sequence_kind":null,"source_name":"ocb_spanish_video_scrape","source_name_label":"OCB Spanish Video","source_type":"scrape","summary":"\u201cNo est\u00e1 preparado este pa\u00eds para que empiece el curso escolar\u201d. Madres cubanas denuncian falta de alimentos, uniformes y \u00fatiles, adem\u00e1s de apagones y jornadas reducidas. Algunas aseguran que no enviar\u00e1n a sus hijos a la escuela.","title":"Comienza el curso escolar en Cuba entre carencias y jornadas reducidas.","topic":"Info Mart\u00ed","translation_language":"","url":"https://www.martinoticias.com/a/476749.html","video_url":"https://ocb-video-ns.akamaized.net/pangeavideo/2026/09/3/3e/3ec08f3f-80ac-4a02-7c97-08def2b1c8fe_1080p.mp4?cb=ee2292622"},{"article_body_paragraphs":[],"audio_source_url":null,"author":"Jany Gonz\u00e1lez","available_dubs":[],"downloadable_assets":["https://ocb-video-ns.akamaized.net/pangeavideo/2026/06/5/59/597d071d-a3c8-442a-e43d-08decd478c11_1080p.mp4?cb=ee1ec46b0"],"duration_display":"12:24","duration_seconds":744.0,"embed_url":null,"id":12731,"image_caption":null,"image_url":"https://gdb.martinoticias.com/597d071d-a3c8-442a-e43d-08decd478c11_tv_w1080_h608.jpg","is_clip":false,"item_type":"video","item_type_label":"Video","language_label":"Espa\u00f1ol","media_credit":"Jany Gonz\u00e1lez","micro_label":"Video report","micro_label_kind":"video","network_label":"OCB","network_logo_url":"/static/uploads/direct_network_logos/ocb_0888427dcb1d.svg","published_at":"2026-06-24T21:05:30","published_at_display":"24 Jun 2026, 21:05 GMT","sequence_badge_label":null,"sequence_count":null,"sequence_count_label":null,"sequence_frames":[],"sequence_kind":null,"source_name":"ocb_spanish_video_scrape","source_name_label":"OCB Spanish Video","source_type":"scrape","summary":"En un reportaje desde el Centro Espacial Kennedy, un equipo de Mart\u00ed Noticias documenta la huella, el talento y la pasi\u00f3n de los profesionales hispanos de la NASA que lideran el hist\u00f3rico regreso a la Luna con la misi\u00f3n Artemis II.","title":"Hispanos en la NASA: Regreso a la Luna con el Artemis II","topic":"Info Mart\u00ed","translation_language":"","url":"https://www.martinoticias.com/a/hispanos-en-la-nasa-regreso-a-la-luna-con-el-artemis-ii/469367.html","video_url":"https://ocb-video-ns.akamaized.net/pangeavideo/2026/06/5/59/597d071d-a3c8-442a-e43d-08decd478c11_1080p.mp4?cb=ee1ec46b0"},{"article_body_paragraphs":[],"audio_source_url":null,"author":"Mart\u00ed Noticias","available_dubs":[],"downloadable_assets":["https://ocb-video-ns.akamaized.net/pangeavideo/2026/06/f/f7/f7aaf61b-2987-485c-2713-08decaf7ed85_1080p.mp4?cb=ee1c3ab36"],"duration_display":"12:29","duration_seconds":749.0,"embed_url":null,"id":12733,"image_caption":null,"image_url":"https://gdb.martinoticias.com/f7aaf61b-2987-485c-2713-08decaf7ed85_tv_w1080_h608.jpg","is_clip":false,"item_type":"video","item_type_label":"Video","language_label":"Espa\u00f1ol","media_credit":"Mart\u00ed Noticias","micro_label":"Video report","micro_label_kind":"video","network_label":"OCB","network_logo_url":"/static/uploads/direct_network_logos/ocb_0888427dcb1d.svg","published_at":"2026-06-16T20:38:14","published_at_display":"16 Jun 2026, 20:38 GMT","sequence_badge_label":null,"sequence_count":null,"sequence_count_label":null,"sequence_frames":[],"sequence_kind":null,"source_name":"ocb_spanish_video_scrape","source_name_label":"OCB Spanish Video","source_type":"scrape","summary":"En una democracia, la libertad tambi\u00e9n se construye en las aulas. El trabajo de Silvina Macho en Mater Academy refleja el poder de la educaci\u00f3n, el pensamiento libre y el compromiso con las nuevas generaciones. M\u00e1s que una consejera, es una gu\u00eda que ayuda a convertir el potencial en \u00e9xito.","title":"Estampas de Libertad: Silvina, la consejera","topic":"Info Mart\u00ed","translation_language":"","url":"https://www.martinoticias.com/a/estampas-de-libertad-silvina-la-consejera/468747.html","video_url":"https://ocb-video-ns.akamaized.net/pangeavideo/2026/06/f/f7/f7aaf61b-2987-485c-2713-08decaf7ed85_1080p.mp4?cb=ee1c3ab36"}],"next_num":null,"page":1,"pages":1,"per_page":20,"prev_num":null,"total":3}
