{"applied_filters":{"end_date":"","lang":"","language":"","network":"","page":1,"per_page":20,"search":"","source":"slobodnaevropa_org_direct","start_date":"","topic":"","type":""},"available_filters":{"language_choices":[{"label":"Choose Language","value":""},{"label":"Serbo-Croatian","value":"Serbo-Croatian"}],"network_choices":[{"label":"All networks","value":""},{"label":"RFE/RL","value":"RFE/RL"}],"source_choices":[{"label":"All sources","value":""},{"label":"Current Time","value":"currenttime_tv_direct"},{"label":"Current Time","value":"currenttime_tv_rss"},{"label":"Da Azadi Radio","value":"da_azadiradio_com_rss"},{"label":"Darivoa","value":"darivoa_com_rss"},{"label":"Dengeamerika","value":"dengeamerika_com_direct"},{"label":"Dengeamerika","value":"dengeamerika_com_rss"},{"label":"Dengiamerika","value":"dengiamerika_com_direct"},{"label":"Dengiamerika","value":"dengiamerika_com_rss"},{"label":"Editorials VOA","value":"editorials_voa_gov_rss"},{"label":"Golosameriki","value":"golosameriki_com_direct"},{"label":"Golosameriki","value":"golosameriki_com_rss"},{"label":"Ir VOA News","value":"ir_voanews_com_rss"},{"label":"Mashaalradio","value":"mashaalradio_com_direct"},{"label":"Moldova Europalibera","value":"moldova_europalibera_org_direct"},{"label":"Moldova Europalibera","value":"moldova_europalibera_org_rss"},{"label":"OCB Spanish Video","value":"ocb_spanish_video_scrape"},{"label":"Pa Azadi Radio","value":"pa_azadiradio_com_rss"},{"label":"Pashtovoa","value":"pashtovoa_com_rss"},{"label":"Radiofaarda","value":"radiofaarda_com_direct"},{"label":"Radio Farda","value":"radiofarda_com_direct"},{"label":"Radio Farda","value":"radiofarda_com_rss"},{"label":"Radiosvoboda","value":"radiosvoboda_org_rss"},{"label":"Radiotavisupleba","value":"radiotavisupleba_ge_direct"},{"label":"Radiotavisupleba","value":"radiotavisupleba_ge_rss"},{"label":"Radiotelevisionmarti","value":"radiotelevisionmarti_com_direct"},{"label":"Radiotelevisionmarti","value":"radiotelevisionmarti_com_rss"},{"label":"RFA Burmese","value":"rfa_burmese_rss"},{"label":"RFA Burmese Video Scrape","value":"rfa_burmese_video_scrape"},{"label":"RFA Cantonese","value":"rfa_cantonese_rss"},{"label":"RFA Cantonese Video Scrape","value":"rfa_cantonese_video_scrape"},{"label":"RFA English RSS","value":"rfa_english_rss"},{"label":"RFA English Video","value":"rfa_english_video_scrape"},{"label":"RFA Khmer","value":"rfa_khmer_rss"},{"label":"RFA Khmer Video Scrape","value":"rfa_khmer_video_scrape"},{"label":"RFA Korean","value":"rfa_korean_rss"},{"label":"RFA Korean Video Scrape","value":"rfa_korean_video_scrape"},{"label":"RFA Lao","value":"rfa_lao_rss"},{"label":"RFA Lao Video Scrape","value":"rfa_lao_video_scrape"},{"label":"RFA Mandarin","value":"rfa_mandarin_rss"},{"label":"RFA Mandarin Video Scrape","value":"rfa_mandarin_video_scrape"},{"label":"RFA Tibetan","value":"rfa_tibetan_rss"},{"label":"RFA Tibetan Video Scrape","value":"rfa_tibetan_video_scrape"},{"label":"RFA Uyghur","value":"rfa_uyghur_rss"},{"label":"RFA Uyghur Video Scrape","value":"rfa_uyghur_video_scrape"},{"label":"RFA Vietnamese","value":"rfa_vietnamese_rss"},{"label":"RFA Vietnamese Video Scrape","value":"rfa_vietnamese_video_scrape"},{"label":"RFE/RL Direct","value":"rferl_direct"},{"label":"RFE/RL","value":"rferl_org_rss"},{"label":"Slobodnaevropa","value":"slobodnaevropa_org_direct"},{"label":"Slobodnaevropa","value":"slobodnaevropa_org_rss"},{"label":"Svoboda","value":"svoboda_org_direct"},{"label":"Svoboda","value":"svoboda_org_rss"},{"label":"Ukrainian VOA News","value":"ukrainian_voanews_com_rss"},{"label":"VOA Chinese Direct","value":"voa_chinese_direct"},{"label":"VOA Chinese RSS","value":"voa_chinese_rss"},{"label":"VOA Dari Direct","value":"voa_dari_direct"},{"label":"VOA Korea Direct","value":"voa_korea_direct"},{"label":"VOA Pashto Direct","value":"voa_pashto_direct"},{"label":"VOA Persian Direct","value":"voa_persian_direct"},{"label":"Voakorea","value":"voakorea_com_rss"}],"sources":["currenttime_tv_direct","currenttime_tv_rss","da_azadiradio_com_rss","darivoa_com_rss","dengeamerika_com_direct","dengeamerika_com_rss","dengiamerika_com_direct","dengiamerika_com_rss","editorials_voa_gov_rss","golosameriki_com_direct","golosameriki_com_rss","ir_voanews_com_rss","mashaalradio_com_direct","moldova_europalibera_org_direct","moldova_europalibera_org_rss","ocb_spanish_video_scrape","pa_azadiradio_com_rss","pashtovoa_com_rss","radiofaarda_com_direct","radiofarda_com_direct","radiofarda_com_rss","radiosvoboda_org_rss","radiotavisupleba_ge_direct","radiotavisupleba_ge_rss","radiotelevisionmarti_com_direct","radiotelevisionmarti_com_rss","rfa_burmese_rss","rfa_burmese_video_scrape","rfa_cantonese_rss","rfa_cantonese_video_scrape","rfa_english_rss","rfa_english_video_scrape","rfa_khmer_rss","rfa_khmer_video_scrape","rfa_korean_rss","rfa_korean_video_scrape","rfa_lao_rss","rfa_lao_video_scrape","rfa_mandarin_rss","rfa_mandarin_video_scrape","rfa_tibetan_rss","rfa_tibetan_video_scrape","rfa_uyghur_rss","rfa_uyghur_video_scrape","rfa_vietnamese_rss","rfa_vietnamese_video_scrape","rferl_direct","rferl_org_rss","slobodnaevropa_org_direct","slobodnaevropa_org_rss","svoboda_org_direct","svoboda_org_rss","ukrainian_voanews_com_rss","voa_chinese_direct","voa_chinese_rss","voa_dari_direct","voa_korea_direct","voa_pashto_direct","voa_persian_direct","voakorea_com_rss"],"topics":["Iz RSE sveta","Izme\u0111u redova","Mozaik \u017eivota","Multimedija","Perspektiva","Srbija","Uvid","Video","Zaviri ispod povr\u0161ine"],"types":[["","All types"],["audio","Audio"],["video","Videos"],["clips","Clips"],["media","Media"]]},"has_next":true,"has_prev":false,"items":[{"audio_source_url":null,"author":null,"available_dubs":[],"downloadable_assets":["https://rfe-video-ns.akamaized.net/pangeavideo/2026/08/0/03/034a4cbd-c451-4868-4afa-08decacf94d0_1080p.mp4?cb=ee225f931"],"duration_display":"27:25","duration_seconds":1645.76,"embed_url":null,"id":10528,"image_caption":null,"image_url":"https://gdb.rferl.org/1ffa580e-f137-4ed1-4afb-08decacf94d0_mw2048_mh2048_n.jpg","is_clip":false,"item_type":"video","item_type_label":"Video","language_label":"Serbo-Croatian","media_credit":"RFE","micro_label":"Video report","micro_label_kind":"video","network_label":"RFE/RL","network_logo_url":"/static/uploads/direct_network_logos/rfe_rl_e69d397fdd7d.png","published_at":"2026-08-30T10:13:05.187000","published_at_display":"30 Aug 2026, 10:13 GMT","sequence_badge_label":null,"sequence_count":null,"sequence_count_label":null,"sequence_frames":[],"sequence_kind":null,"source_name":"slobodnaevropa_org_direct","source_name_label":"Slobodnaevropa","source_type":"direct_api","summary":"U serijalu Perspektiva u Kotoru mladi su govorili o va\u017enosti o\u010duvanja kulturnog naslije\u0111a, problemu partijskog zapo\u0161ljavanja, ekstremizmu, rodnoj ravnopravnosti, LGBTQ pravima, i nedostatku podr\u0161ke mladima. U ovoj Retrospektivi svoj osvrt na njihove izjave donose: Nikola Zirojevi\u0107, poslanik u Skup\u0161tini Crne Gore, Ivan Vuk\u010devi\u0107, koordinator programa Ljudska prava, Centar za gra\u0111ansko obrazovanje, Sr\u0111an Peri\u0107, predsjednik Skup\u0161tine Glavnog grada, Jovana Marovi\u0107, dr. politi\u010dkih nauka i gra\u0111anska aktivistkinja, I Aleksandar Dragi\u0107evi\u0107, gra\u0111anski i ekolo\u0161ki aktivista.","title":"Retrospektiva Perspektive u Kotoru: Sistem mladima ne daje dovoljno prilike ni podr\u0161ke","topic":"Perspektiva","translation_language":"","url":"https://rfe-video-ns.akamaized.net/pangeavideo/2026/08/0/03/034a4cbd-c451-4868-4afa-08decacf94d0_1080p.mp4?cb=ee225f931","video_url":"https://rfe-video-ns.akamaized.net/pangeavideo/2026/08/0/03/034a4cbd-c451-4868-4afa-08decacf94d0_1080p.mp4?cb=ee225f931"},{"audio_source_url":"https://rfe-audio-ns.akamaized.net/sc/2026/08/27/96321fd0-d214-48e6-e9e5-08def2afcad7_hq.mp3","author":"Lejla Omeragi\u0107 \u0106ati\u0107","available_dubs":[],"downloadable_assets":["https://rfe-audio-ns.akamaized.net/sc/2026/08/27/96321fd0-d214-48e6-e9e5-08def2afcad7_hq.mp3"],"duration_display":"39:15","duration_seconds":2355.0,"embed_url":null,"id":9944,"image_caption":null,"image_url":"https://gdb.rferl.org/da38624b-df88-468a-b063-6087fc48943e_mw2048_mh2048_n.jpg","is_clip":false,"item_type":"audio","item_type_label":"Audio","language_label":"Serbo-Croatian","media_credit":"RFE","micro_label":"Audio program","micro_label_kind":"audio","network_label":"RFE/RL","network_logo_url":"/static/uploads/direct_network_logos/rfe_rl_e69d397fdd7d.png","published_at":"2026-08-28T10:03:30.980000","published_at_display":"28 Aug 2026, 10:03 GMT","sequence_badge_label":null,"sequence_count":null,"sequence_count_label":null,"sequence_frames":[],"sequence_kind":null,"source_name":"slobodnaevropa_org_direct","source_name_label":"Slobodnaevropa","source_type":"direct_api","summary":"Bosna i Hercegovina i ove godine po\u017earnu sezonu do\u010dekuje bez vlastite zra\u010dne flote, iako bilje\u017ei polovinu od ukupno opo\u017earene povr\u0161ine na Zapadnom Balkanu. Nova epizoda istra\u017euje za\u0161to Federacija BiH jo\u0161 nema sistemsko rje\u0161enje \u2013 od nabavke Air Tractora do \u010dinjenice da od 2009. nema krovni Zakon o \u0161umama. Sagovornici su parlamentarka Sanela Klari\u0107, direktor FUCZ Aldin Bra\u0161nji\u0107 i portparol Vlade i \u0160taba civilne za\u0161tite HNK, jednog od najizlo\u017eenijih po\u017earima.","title":"Po\u017eare ne zanimaju obe\u0107anja \u2013 gdje su Air traktori i Zakon o \u0161umama FBiH?","topic":"Zaviri ispod povr\u0161ine","translation_language":"","url":"https://rfe-audio-ns.akamaized.net/sc/2026/08/27/96321fd0-d214-48e6-e9e5-08def2afcad7_hq.mp3","video_url":null},{"audio_source_url":"https://rfe-audio-ns.akamaized.net/sc/2026/08/27/040f8ac8-5fb0-46f0-e9ca-08def2afcad7_hq.mp3","author":"Lejla Omeragi\u0107 \u0106ati\u0107","available_dubs":[],"downloadable_assets":["https://rfe-audio-ns.akamaized.net/sc/2026/08/27/040f8ac8-5fb0-46f0-e9ca-08def2afcad7_hq.mp3"],"duration_display":"6:30","duration_seconds":390.0,"embed_url":null,"id":9646,"image_caption":null,"image_url":"https://gdb.rferl.org/05320000-0a00-0242-8586-08d9b0128e85_mw2048_mh2048_n.jpg","is_clip":false,"item_type":"audio","item_type_label":"Audio","language_label":"Serbo-Croatian","media_credit":"RFE","micro_label":"Audio program","micro_label_kind":"audio","network_label":"RFE/RL","network_logo_url":"/static/uploads/direct_network_logos/rfe_rl_e69d397fdd7d.png","published_at":"2026-08-27T15:01:30.320000","published_at_display":"27 Aug 2026, 15:01 GMT","sequence_badge_label":null,"sequence_count":null,"sequence_count_label":null,"sequence_frames":[],"sequence_kind":null,"source_name":"slobodnaevropa_org_direct","source_name_label":"Slobodnaevropa","source_type":"direct_api","summary":"U vanrednom izdanju epizode podkasta \"Izme\u0111u redova\" pregled ratne uloge i presude Ratku Mladi\u0107u, koji je preminuo u zatvoru slu\u017ee\u0107i do\u017eivotnu kaznu za genocid u Srebrenici, zlo\u010dine protiv \u010dovje\u010dnosti i ratne zlo\u010dine u Bosni i Hercegovini. Podsje\u0107amo na \u010dinjenice utvr\u0111ene pred me\u0111unarodnim sudovima i svjedo\u010danstva iz tog vremena.","title":"Ratko Mladi\u0107: Ratni zlo\u010dini, skrivanje, presuda, zatvor i smrt","topic":"Izme\u0111u redova","translation_language":"","url":"https://rfe-audio-ns.akamaized.net/sc/2026/08/27/040f8ac8-5fb0-46f0-e9ca-08def2afcad7_hq.mp3","video_url":null},{"audio_source_url":null,"author":"Katarina Vojnovi\u0107","available_dubs":[],"downloadable_assets":["https://rfe-video-ns.akamaized.net/pangeavideo/2026/08/e/ed/ed633bb7-3212-46c0-81dd-08def2afcceb_1080p.mp4?cb=ee21e5fc9"],"duration_display":"2:48","duration_seconds":168.29,"embed_url":null,"id":8389,"image_caption":null,"image_url":"https://gdb.rferl.org/fe89b4d0-ecf2-4684-5ad1-08decd277110_mw2048_mh2048_n.jpg","is_clip":true,"item_type":"video","item_type_label":"Video","language_label":"Serbo-Croatian","media_credit":"RFE","micro_label":"Video report","micro_label_kind":"video","network_label":"RFE/RL","network_logo_url":"/static/uploads/direct_network_logos/rfe_rl_e69d397fdd7d.png","published_at":"2026-08-24T15:26:08.287000","published_at_display":"24 Aug 2026, 15:26 GMT","sequence_badge_label":null,"sequence_count":null,"sequence_count_label":null,"sequence_frames":[],"sequence_kind":null,"source_name":"slobodnaevropa_org_direct","source_name_label":"Slobodnaevropa","source_type":"direct_api","summary":"Iranski film, objavljen na Jutjubu (YouTube), izazvao je rasprave jer otvoreno kritikuje pitanje zabrana koje se odnose na \u017eensko pevanje i obavezno no\u0161enje hid\u017eaba u Iranu. Film Bidad, (Uzvik), reditelja Sohejla Bejragija, snimljen je bez dozvole vlasti.","title":"Alternativni iranski film svedo\u010di o represiji vlasti prema peva\u010dicama","topic":"Iz RSE sveta","translation_language":"","url":"https://rfe-video-ns.akamaized.net/pangeavideo/2026/08/e/ed/ed633bb7-3212-46c0-81dd-08def2afcceb_1080p.mp4?cb=ee21e5fc9","video_url":"https://rfe-video-ns.akamaized.net/pangeavideo/2026/08/e/ed/ed633bb7-3212-46c0-81dd-08def2afcceb_1080p.mp4?cb=ee21e5fc9"},{"audio_source_url":null,"author":null,"available_dubs":[],"downloadable_assets":["https://rfe-video-ns.akamaized.net/pangeavideo/2026/08/3/32/323dc9d8-afd0-4785-e89d-08def2afcad7_1080p.mp4?cb=ee21ce069"],"duration_display":"27:01","duration_seconds":1621.28,"embed_url":null,"id":8050,"image_caption":null,"image_url":"https://gdb.rferl.org/323dc9d8-afd0-4785-e89d-08def2afcad7_tv_mw2048_mh2048_n.jpg","is_clip":false,"item_type":"video","item_type_label":"Video","language_label":"Serbo-Croatian","media_credit":"RFE","micro_label":"Video report","micro_label_kind":"video","network_label":"RFE/RL","network_logo_url":"/static/uploads/direct_network_logos/rfe_rl_e69d397fdd7d.png","published_at":"2026-08-23T12:36:12.627000","published_at_display":"23 Aug 2026, 12:36 GMT","sequence_badge_label":null,"sequence_count":null,"sequence_count_label":null,"sequence_frames":[],"sequence_kind":null,"source_name":"slobodnaevropa_org_direct","source_name_label":"Slobodnaevropa","source_type":"direct_api","summary":"Perspektiva je u Grazu, u Austriji, razgovarala s mladima iz zemalja Zapadnog Balkana koji tamo grade svoje \u017eivote, studiraju i rade. Svoj osvrt na njihove izjave dala je Alma Zadi\u0107, austrijska pravnica i politi\u010darka bosanskohercegova\u010dkog porijekla, koja je od 2020. do 2025. godine bila na \u010delu Ministarstva pravde Austrije, a trenutno je glasnogovornica Zelenih za pravosu\u0111e.","title":"Perspektiva u Grazu: Treba jednostavno biti ponosan na ono \u0161to jeste","topic":"Perspektiva","translation_language":"","url":"https://rfe-video-ns.akamaized.net/pangeavideo/2026/08/3/32/323dc9d8-afd0-4785-e89d-08def2afcad7_1080p.mp4?cb=ee21ce069","video_url":"https://rfe-video-ns.akamaized.net/pangeavideo/2026/08/3/32/323dc9d8-afd0-4785-e89d-08def2afcad7_1080p.mp4?cb=ee21ce069"},{"audio_source_url":"https://rfe-audio-ns.akamaized.net/sc/2026/08/20/3acbfea0-25e8-4155-8126-08def2afcceb_hq.mp3","author":"Lejla Omeragi\u0107 \u0106ati\u0107","available_dubs":[],"downloadable_assets":["https://rfe-audio-ns.akamaized.net/sc/2026/08/20/3acbfea0-25e8-4155-8126-08def2afcceb_hq.mp3"],"duration_display":"24:14","duration_seconds":1454.0,"embed_url":null,"id":7512,"image_caption":null,"image_url":"https://gdb.rferl.org/c8fcecf6-8d5f-4c4f-c523-08debadc7311_mw2048_mh2048_n.jpg","is_clip":false,"item_type":"audio","item_type_label":"Audio","language_label":"Serbo-Croatian","media_credit":"RFE","micro_label":"Audio program","micro_label_kind":"audio","network_label":"RFE/RL","network_logo_url":"/static/uploads/direct_network_logos/rfe_rl_e69d397fdd7d.png","published_at":"2026-08-21T09:59:47.420000","published_at_display":"21 Aug 2026, 09:59 GMT","sequence_badge_label":null,"sequence_count":null,"sequence_count_label":null,"sequence_frames":[],"sequence_kind":null,"source_name":"slobodnaevropa_org_direct","source_name_label":"Slobodnaevropa","source_type":"direct_api","summary":"Od zabrane \u0161kolovanja do zabrane govora u javnom prostoru - \u017eene u Afganistanu se sistemski bri\u0161u. Ova epizoda je i poziv da se ne \u017emiri pred sistemskim uni\u0161tavanjem \u017eenskog bi\u0107a, glas koji odbija prepustiti njihove sudbine zaboravu i mraku pod kojim \u017eive. Donosimo pri\u010du o \u017eivotu pod 100 dekreta, sudbinama majki i glasu aktivistica, uz razgovor sa Milicom \u0160vabi\u0107 (KlikAktiv) o ljudima koji se kriju po \u0161umama Srbije.","title":"Glasom protiv talibanskog mraka za \u017eene Afganistana","topic":"Zaviri ispod povr\u0161ine","translation_language":"","url":"https://rfe-audio-ns.akamaized.net/sc/2026/08/20/3acbfea0-25e8-4155-8126-08def2afcceb_hq.mp3","video_url":null},{"audio_source_url":null,"author":"Will Tizard, Current Time","available_dubs":[],"downloadable_assets":["https://rfe-video-ns.akamaized.net/pangeavideo/2026/08/8/8a/8ab25c0f-c1e9-4eee-f9e0-08def2b08775_1080p.mp4?cb=ee2179f1d"],"duration_display":"1:13","duration_seconds":73.57,"embed_url":null,"id":6763,"image_caption":null,"image_url":"https://gdb.rferl.org/45e98d91-3752-4722-7f1f-08def2afcceb_mw2048_mh2048_n.jpg","is_clip":true,"item_type":"video","item_type_label":"Video","language_label":"Serbo-Croatian","media_credit":"RFE","micro_label":"Video report","micro_label_kind":"video","network_label":"RFE/RL","network_logo_url":"/static/uploads/direct_network_logos/rfe_rl_e69d397fdd7d.png","published_at":"2026-08-19T11:41:32.867000","published_at_display":"19 Aug 2026, 11:41 GMT","sequence_badge_label":null,"sequence_count":null,"sequence_count_label":null,"sequence_frames":[],"sequence_kind":null,"source_name":"slobodnaevropa_org_direct","source_name_label":"Slobodnaevropa","source_type":"direct_api","summary":"Ruski voza\u010di suo\u010davaju se s dugim \u010dekanjima u redovima na benzinskim pumpama u nekoliko regija, dok se nastavljaju ukrajinski zra\u010dni napadi na rafinerije. Gra\u0111ani reaguju na nesta\u0161ice goriva i ograni\u010denja prodaje na benzinskim pumpama koja je uveo Kremlj.","title":"Ruski voza\u010di ponovo suo\u010deni s dugim \u010dekanjima zbog novog vala nesta\u0161ice goriva","topic":"Video","translation_language":"","url":"https://rfe-video-ns.akamaized.net/pangeavideo/2026/08/8/8a/8ab25c0f-c1e9-4eee-f9e0-08def2b08775_1080p.mp4?cb=ee2179f1d","video_url":"https://rfe-video-ns.akamaized.net/pangeavideo/2026/08/8/8a/8ab25c0f-c1e9-4eee-f9e0-08def2b08775_1080p.mp4?cb=ee2179f1d"},{"audio_source_url":null,"author":null,"available_dubs":[],"downloadable_assets":["https://rfe-video-ns.akamaized.net/pangeavideo/2026/08/8/88/889e1a6a-1490-4474-f970-08def2b08775_1080p.mp4?cb=ee2138c70"],"duration_display":"27:00","duration_seconds":1620.12,"embed_url":null,"id":5681,"image_caption":null,"image_url":"https://gdb.rferl.org/889e1a6a-1490-4474-f970-08def2b08775_tv_mw2048_mh2048_n.jpg","is_clip":false,"item_type":"video","item_type_label":"Video","language_label":"Serbo-Croatian","media_credit":"RFE","micro_label":"Video report","micro_label_kind":"video","network_label":"RFE/RL","network_logo_url":"/static/uploads/direct_network_logos/rfe_rl_e69d397fdd7d.png","published_at":"2026-08-16T10:48:16.977000","published_at_display":"16 Aug 2026, 10:48 GMT","sequence_badge_label":null,"sequence_count":null,"sequence_count_label":null,"sequence_frames":[],"sequence_kind":null,"source_name":"slobodnaevropa_org_direct","source_name_label":"Slobodnaevropa","source_type":"direct_api","summary":"Mladi iz cijele Crne Gore u Perspektivi u Podgorici su otvorili pitanja koja nadilaze njihovu generaciju i govore o stanju dru\u0161tva u cjelini. Govorili su o nepovjerenju u sistem, osje\u0107aju ekonomske i fizi\u010dke nesigurnosti, zdravstvu koje postaje privilegija te tr\u017ei\u0161tu rada u kojem se pre\u010desto pita \"ko te \u0161alje\" i \"\u010diji si\". Komentar na njihove izjave donose: Nikola Zirojevi\u0107, poslanik u Skup\u0161tini Crne Gore, Sr\u0111an Peri\u0107, predsjednik Skup\u0161tine Glavnog grada, Jovana Marovi\u0107, dr. politi\u010dkih nauka i gra\u0111anska aktivistkinja, Aleksandar Dragi\u0107evi\u0107, gra\u0111anski i ekolo\u0161ki aktivista, i Katarina Vukadinovi\u0107, psiholo\u0161kinja i omladinska radnica.","title":"Retrospektiva Perspektive u Podgorici: Mladima ne ostavljamo dobru po\u010detnu poziciju","topic":"Perspektiva","translation_language":"","url":"https://rfe-video-ns.akamaized.net/pangeavideo/2026/08/8/88/889e1a6a-1490-4474-f970-08def2b08775_1080p.mp4?cb=ee2138c70","video_url":"https://rfe-video-ns.akamaized.net/pangeavideo/2026/08/8/88/889e1a6a-1490-4474-f970-08def2b08775_1080p.mp4?cb=ee2138c70"},{"audio_source_url":null,"author":null,"available_dubs":[],"downloadable_assets":["https://rfe-video-ns.akamaized.net/pangeavideo/2026/08/1/1f/1f357796-7948-401b-e6e2-08def2afcad7_1080p.mp4?cb=ee2122a6f"],"duration_display":"4:01","duration_seconds":241.92,"embed_url":null,"id":5447,"image_caption":null,"image_url":"https://gdb.rferl.org/b8a46b26-5909-4fbc-f8b8-08def2b08775_mw2048_mh2048_n.jpg","is_clip":true,"item_type":"video","item_type_label":"Video","language_label":"Serbo-Croatian","media_credit":"RFE","micro_label":"Video report","micro_label_kind":"video","network_label":"RFE/RL","network_logo_url":"/static/uploads/direct_network_logos/rfe_rl_e69d397fdd7d.png","published_at":"2026-08-15T09:37:51.577000","published_at_display":"15 Aug 2026, 09:37 GMT","sequence_badge_label":null,"sequence_count":null,"sequence_count_label":null,"sequence_frames":[],"sequence_kind":null,"source_name":"slobodnaevropa_org_direct","source_name_label":"Slobodnaevropa","source_type":"direct_api","summary":"Dana 15. augusta 2021. godine, dok su se ameri\u010dke snage pribli\u017eavale kraju povla\u010denja iz Afganistana, talibanski borci zauzeli su predsjedni\u010dku pala\u010du u Kabulu i ponovo uspostavili kontrolu nad zemljom.","title":"Dan kada je Kabul pao: Pet godina otkako su talibani preuzeli vlasti u Afganistanu","topic":"Iz RSE sveta","translation_language":"","url":"https://rfe-video-ns.akamaized.net/pangeavideo/2026/08/1/1f/1f357796-7948-401b-e6e2-08def2afcad7_1080p.mp4?cb=ee2122a6f","video_url":"https://rfe-video-ns.akamaized.net/pangeavideo/2026/08/1/1f/1f357796-7948-401b-e6e2-08def2afcad7_1080p.mp4?cb=ee2122a6f"},{"audio_source_url":null,"author":null,"available_dubs":[],"downloadable_assets":["https://rfe-video-ns.akamaized.net/pangeavideo/2026/08/0/08/0873f35e-52d5-4e57-47a9-08decacf94d0_1080p.mp4?cb=ee21119b0"],"duration_display":"1:48","duration_seconds":108.28,"embed_url":null,"id":5170,"image_caption":null,"image_url":"https://gdb.rferl.org/9385d7ed-4a1a-41e1-86ab-8f54369b2780_mw2048_mh2048_n.jpg","is_clip":true,"item_type":"video","item_type_label":"Video","language_label":"Serbo-Croatian","media_credit":"RFE","micro_label":"Video report","micro_label_kind":"video","network_label":"RFE/RL","network_logo_url":"/static/uploads/direct_network_logos/rfe_rl_e69d397fdd7d.png","published_at":"2026-08-14T14:14:08.250000","published_at_display":"14 Aug 2026, 14:14 GMT","sequence_badge_label":null,"sequence_count":null,"sequence_count_label":null,"sequence_frames":[],"sequence_kind":null,"source_name":"slobodnaevropa_org_direct","source_name_label":"Slobodnaevropa","source_type":"direct_api","summary":"Dugi redovi stvaraju se na benzinskim pumpama \u0161irom Irana dok rat sa Sjedinjenim Ameri\u010dkim Dr\u017eavama ometa snabdijevanje gorivom.","title":"Iranci \u010dekaju u dugim redovima zbog nesta\u0161ice goriva","topic":"Iz RSE sveta","translation_language":"","url":"https://rfe-video-ns.akamaized.net/pangeavideo/2026/08/0/08/0873f35e-52d5-4e57-47a9-08decacf94d0_1080p.mp4?cb=ee21119b0","video_url":"https://rfe-video-ns.akamaized.net/pangeavideo/2026/08/0/08/0873f35e-52d5-4e57-47a9-08decacf94d0_1080p.mp4?cb=ee21119b0"},{"audio_source_url":"https://rfe-audio-ns.akamaized.net/sc/2026/08/13/cfa2ed84-e54c-40b4-476c-08decacf94d0_hq.mp3","author":"Lejla Omeragi\u0107 \u0106ati\u0107","available_dubs":[],"downloadable_assets":["https://rfe-audio-ns.akamaized.net/sc/2026/08/13/cfa2ed84-e54c-40b4-476c-08decacf94d0_hq.mp3"],"duration_display":"23:56","duration_seconds":1436.0,"embed_url":null,"id":5094,"image_caption":null,"image_url":"https://gdb.rferl.org/43C35238-19BE-4339-9E74-236125750FA6_cx0_cy7_cw100_mw2048_mh2048_n.jpg","is_clip":false,"item_type":"audio","item_type_label":"Audio","language_label":"Serbo-Croatian","media_credit":"RFE","micro_label":"Audio program","micro_label_kind":"audio","network_label":"RFE/RL","network_logo_url":"/static/uploads/direct_network_logos/rfe_rl_e69d397fdd7d.png","published_at":"2026-08-14T10:02:07.960000","published_at_display":"14 Aug 2026, 10:02 GMT","sequence_badge_label":null,"sequence_count":null,"sequence_count_label":null,"sequence_frames":[],"sequence_kind":null,"source_name":"slobodnaevropa_org_direct","source_name_label":"Slobodnaevropa","source_type":"direct_api","summary":"Reflektori Sarajevo Film Festivala, premijere najboljih regionalnih i svjetskih filmova, crveni tepih, filmske zvijezde \u2013 samo su dio su festivalske pri\u010de. I dio su sadr\u017eaja ove epizode, ali u fokusu je CineLink - sredi\u0161te, srce i pogonski motor filmske industrije tokom \u010ditave godine. O ulozi te platforme, novim partnerima i polo\u017eaju autorica u regiji, razgovaramo s voditeljicom CineLinka Ma\u0161om Markovi\u0107.","title":"SFF i CineLink: Sjaj koji ne blijedi i generator regionalne kinematografije","topic":"Zaviri ispod povr\u0161ine","translation_language":"","url":"https://rfe-audio-ns.akamaized.net/sc/2026/08/13/cfa2ed84-e54c-40b4-476c-08decacf94d0_hq.mp3","video_url":null},{"audio_source_url":null,"author":"Radio Azadi, RSE","available_dubs":[],"downloadable_assets":["https://rfe-video-ns.akamaized.net/pangeavideo/2026/08/1/1a/1a3c6b40-0b69-4ab8-f88a-08def2b08775_1080p.mp4?cb=ee20fa313"],"duration_display":"2:27","duration_seconds":147.52,"embed_url":null,"id":4726,"image_caption":null,"image_url":"https://gdb.rferl.org/e79cbfa1-8d85-421d-e65f-08def2afcad7_mw2048_mh2048_n.jpg","is_clip":true,"item_type":"video","item_type_label":"Video","language_label":"Serbo-Croatian","media_credit":"RFE","micro_label":"Video report","micro_label_kind":"video","network_label":"RFE/RL","network_logo_url":"/static/uploads/direct_network_logos/rfe_rl_e69d397fdd7d.png","published_at":"2026-08-13T11:35:47.380000","published_at_display":"13 Aug 2026, 11:35 GMT","sequence_badge_label":null,"sequence_count":null,"sequence_count_label":null,"sequence_frames":[],"sequence_kind":null,"source_name":"slobodnaevropa_org_direct","source_name_label":"Slobodnaevropa","source_type":"direct_api","summary":"Avganistan ima jednu od najvi\u0161ih stopa smrtnosti majki pri poro\u0111aju u svetu, u velikoj meri zbog siroma\u0161tva, lo\u0161e infrastrukture i nedovoljne zdravstvene za\u0161tite. Posle pet godina talibanske vlasti, me\u0111unarodne organizacije upozoravaju da su rizici za majke i bebe ve\u0107i nego ikad. Nevladine organizacije i strano finansiranje, koji su nekada podr\u017eavali zdravstveni sistem, u me\u0111uvremenu su nestali, a \u017eenama je uskra\u0107eno obrazovanje neophodno za rad lekara i babica. Zbog toga mnoge \u017eene nemaju pristup ni najosnovnijoj zdravstvenoj nezi.","title":"Pod talibanima trudno\u0107a nosi ozbiljne rizike po \u017eivot Avganistanki","topic":"Iz RSE sveta","translation_language":"","url":"https://rfe-video-ns.akamaized.net/pangeavideo/2026/08/1/1a/1a3c6b40-0b69-4ab8-f88a-08def2b08775_1080p.mp4?cb=ee20fa313","video_url":"https://rfe-video-ns.akamaized.net/pangeavideo/2026/08/1/1a/1a3c6b40-0b69-4ab8-f88a-08def2b08775_1080p.mp4?cb=ee20fa313"},{"audio_source_url":null,"author":null,"available_dubs":[],"downloadable_assets":["https://rfe-video-ns.akamaized.net/pangeavideo/2026/08/6/66/66e6b95b-63e6-4ae8-e62c-08def2afcad7_1080p.mp4?cb=ee20a9da4"],"duration_display":"25:09","duration_seconds":1509.25,"embed_url":null,"id":3363,"image_caption":null,"image_url":"https://gdb.rferl.org/00b36be3-e3f7-443a-94b9-08ddfa9b85de_cx0_cy10_cw0_mw2048_mh2048_n.jpg","is_clip":false,"item_type":"video","item_type_label":"Video","language_label":"Serbo-Croatian","media_credit":"RFE","micro_label":"Video report","micro_label_kind":"video","network_label":"RFE/RL","network_logo_url":"/static/uploads/direct_network_logos/rfe_rl_e69d397fdd7d.png","published_at":"2026-08-09T16:11:02.590000","published_at_display":"9 Aug 2026, 16:11 GMT","sequence_badge_label":null,"sequence_count":null,"sequence_count_label":null,"sequence_frames":[],"sequence_kind":null,"source_name":"slobodnaevropa_org_direct","source_name_label":"Slobodnaevropa","source_type":"direct_api","summary":"U Novom Pazaru Perspektiva je sa generacijom koja je odbila da \u0161uti, odustane i napusti svoju zemlju. Mladi u Srbiji bore se za pravdu, slobodu i bolji \u017eivot. Svojim primjerom pokazuju budu\u0107im nara\u0161tajima \"kako treba da \u017eive i kakvi ljudi treba da budu\".","title":"Perspektiva u Novom Pazaru: 'Primer budu\u0107im nara\u0161tajima'","topic":"Perspektiva","translation_language":"","url":"https://rfe-video-ns.akamaized.net/pangeavideo/2026/08/6/66/66e6b95b-63e6-4ae8-e62c-08def2afcad7_1080p.mp4?cb=ee20a9da4","video_url":"https://rfe-video-ns.akamaized.net/pangeavideo/2026/08/6/66/66e6b95b-63e6-4ae8-e62c-08def2afcad7_1080p.mp4?cb=ee20a9da4"},{"audio_source_url":null,"author":"Katarina Vojnovi\u0107","available_dubs":[],"downloadable_assets":["https://rfe-video-ns.akamaized.net/pangeavideo/2026/08/2/29/29a65590-430c-4500-834a-08decad17715_1080p.mp4?cb=ee20c18b4"],"duration_display":"2:16","duration_seconds":136.57,"embed_url":null,"id":3303,"image_caption":null,"image_url":"https://gdb.rferl.org/b63007de-485d-4869-bc45-e08c38de6315_cx0_cy8_cw0_mw2048_mh2048_n.jpg","is_clip":true,"item_type":"video","item_type_label":"Video","language_label":"Serbo-Croatian","media_credit":"RFE","micro_label":"Video report","micro_label_kind":"video","network_label":"RFE/RL","network_logo_url":"/static/uploads/direct_network_logos/rfe_rl_e69d397fdd7d.png","published_at":"2026-08-09T12:59:43.553000","published_at_display":"9 Aug 2026, 12:59 GMT","sequence_badge_label":null,"sequence_count":null,"sequence_count_label":null,"sequence_frames":[],"sequence_kind":null,"source_name":"slobodnaevropa_org_direct","source_name_label":"Slobodnaevropa","source_type":"direct_api","summary":"Od februara niko nije video niti \u010duo iranskog vrhovnog vo\u0111u Mod\u017etabu Hamneija. \u0160ta nam to govori o tome ko je zapravo glavni?","title":"Iranskog vrhovnog vo\u0111e nema nigde. Ko onda vodi Iran?","topic":"Multimedija","translation_language":"","url":"https://rfe-video-ns.akamaized.net/pangeavideo/2026/08/2/29/29a65590-430c-4500-834a-08decad17715_1080p.mp4?cb=ee20c18b4","video_url":"https://rfe-video-ns.akamaized.net/pangeavideo/2026/08/2/29/29a65590-430c-4500-834a-08decad17715_1080p.mp4?cb=ee20c18b4"},{"audio_source_url":null,"author":null,"available_dubs":[],"downloadable_assets":["https://rfe-video-ns.akamaized.net/pangeavideo/2026/08/4/41/413defc1-9d78-46eb-7eb2-08def2afcceb_1080p.mp4?cb=ee20821cc"],"duration_display":"1:39","duration_seconds":99.6,"embed_url":null,"id":2892,"image_caption":null,"image_url":"https://gdb.rferl.org/83e8f65a-20d7-4b2a-e58c-08def2afcad7_mw2048_mh2048_n.jpg","is_clip":true,"item_type":"video","item_type_label":"Video","language_label":"Serbo-Croatian","media_credit":"RFE","micro_label":"Video report","micro_label_kind":"video","network_label":"RFE/RL","network_logo_url":"/static/uploads/direct_network_logos/rfe_rl_e69d397fdd7d.png","published_at":"2026-08-07T18:58:20.933000","published_at_display":"7 Aug 2026, 18:58 GMT","sequence_badge_label":null,"sequence_count":null,"sequence_count_label":null,"sequence_frames":[],"sequence_kind":null,"source_name":"slobodnaevropa_org_direct","source_name_label":"Slobodnaevropa","source_type":"direct_api","summary":"Komemoracije se odr\u017eavaju u \u010dast Oleksija Jukova, koji je svoj \u017eivot posvetio pronala\u017eenju i izvla\u010denju tijela poginulih vojnika s rati\u0161ta \u0161irom Ukrajine. Radio Slobodna Evropa je snimila jednu od njegovih posljednjih misija prije nego \u0161to je poginuo tokom ekshumacije posmrtnih ostataka u blizini linije fronta.","title":"Ukrajina se opra\u0161ta od \u010dovjeka koji je vra\u0107ao poginule vojnike njihovim porodicama","topic":"Multimedija","translation_language":"","url":"https://rfe-video-ns.akamaized.net/pangeavideo/2026/08/4/41/413defc1-9d78-46eb-7eb2-08def2afcceb_1080p.mp4?cb=ee20821cc","video_url":"https://rfe-video-ns.akamaized.net/pangeavideo/2026/08/4/41/413defc1-9d78-46eb-7eb2-08def2afcceb_1080p.mp4?cb=ee20821cc"},{"audio_source_url":"https://rfe-audio-ns.akamaized.net/sc/2026/08/06/d035d762-a85c-439a-f79d-08def2b08775_hq.mp3","author":"Lejla Omeragi\u0107 \u0106ati\u0107","available_dubs":[],"downloadable_assets":["https://rfe-audio-ns.akamaized.net/sc/2026/08/06/d035d762-a85c-439a-f79d-08def2b08775_hq.mp3"],"duration_display":"39:48","duration_seconds":2388.0,"embed_url":null,"id":2692,"image_caption":null,"image_url":"https://gdb.rferl.org/084a0000-0aff-0242-95b0-08d9db5ff50f_mw2048_mh2048_n.jpg","is_clip":false,"item_type":"audio","item_type_label":"Audio","language_label":"Serbo-Croatian","media_credit":"RFE","micro_label":"Audio program","micro_label_kind":"audio","network_label":"RFE/RL","network_logo_url":"/static/uploads/direct_network_logos/rfe_rl_e69d397fdd7d.png","published_at":"2026-08-07T10:03:46.563000","published_at_display":"7 Aug 2026, 10:03 GMT","sequence_badge_label":null,"sequence_count":null,"sequence_count_label":null,"sequence_frames":[],"sequence_kind":null,"source_name":"slobodnaevropa_org_direct","source_name_label":"Slobodnaevropa","source_type":"direct_api","summary":"Koliko su klimatske promjene promijenile visokogorje, a koliko su ljudi nedovoljno oprezni? U ovoj epizodi govorimo o sigurnosti u planinama, psihologiji pre\u017eivljavanja, procjeni rizika i presudnoj va\u017enosti odustajanja kada planina daje znakove u tom pravcu. Legenda bh. alpinizma Muhamed Gafi\u0107 dijeli iskustva ste\u010dena na najve\u0107im svjetskim vrhovima, a dugogodi\u0161nji planinski vodi\u010d Ajdin Zebi\u0107 govori o turistima koji vjeruju aplikacijama i u planinu kre\u0107u nespremni.","title":"O poniznosti, opasnostima i odlukama u visinama: 'Ljudi ne mogu osvojiti planinu'","topic":"Zaviri ispod povr\u0161ine","translation_language":"","url":"https://rfe-audio-ns.akamaized.net/sc/2026/08/06/d035d762-a85c-439a-f79d-08def2b08775_hq.mp3","video_url":null},{"audio_source_url":null,"author":null,"available_dubs":[],"downloadable_assets":["https://rfe-video-ns.akamaized.net/pangeavideo/2026/08/a/ab/abc0be3e-c554-4f53-3467-08decd1f5434_1080p.mp4?cb=ee20147b4"],"duration_display":"25:08","duration_seconds":1508.6,"embed_url":null,"id":1115,"image_caption":null,"image_url":"https://gdb.rferl.org/abc0be3e-c554-4f53-3467-08decd1f5434_tv_mw2048_mh2048_n.jpg","is_clip":false,"item_type":"video","item_type_label":"Video","language_label":"Serbo-Croatian","media_credit":"RFE","micro_label":"Video report","micro_label_kind":"video","network_label":"RFE/RL","network_logo_url":"/static/uploads/direct_network_logos/rfe_rl_e69d397fdd7d.png","published_at":"2026-08-02T12:24:37.027000","published_at_display":"2 Aug 2026, 12:24 GMT","sequence_badge_label":null,"sequence_count":null,"sequence_count_label":null,"sequence_frames":[],"sequence_kind":null,"source_name":"slobodnaevropa_org_direct","source_name_label":"Slobodnaevropa","source_type":"direct_api","summary":"Fokus specijalnog izdanja Perspektive iz Novog Pazara je generacija mladih koja se bori za bolju sada\u0161njost i budu\u0107nost. Gotovo dvije godine protesta donijele su promjenu koja je \"ireverzibilna\", trajno promijenile svijest dru\u0161tva i vratile nadu. Ova generacija odbija ravnodu\u0161nost, poru\u010duju da se nisu umorili i da ne\u0107e stati: \"Mi \u0107emo nastaviti da se borimo\".","title":"Perspektiva u Novom Pazaru: 'Generacija koja je odbila da \u0107uti'","topic":"Perspektiva","translation_language":"","url":"https://rfe-video-ns.akamaized.net/pangeavideo/2026/08/a/ab/abc0be3e-c554-4f53-3467-08decd1f5434_1080p.mp4?cb=ee20147b4","video_url":"https://rfe-video-ns.akamaized.net/pangeavideo/2026/08/a/ab/abc0be3e-c554-4f53-3467-08decd1f5434_1080p.mp4?cb=ee20147b4"},{"audio_source_url":null,"author":"Ukrajinski servis RSE","available_dubs":[],"downloadable_assets":["https://rfe-video-ns.akamaized.net/pangeavideo/2026/07/5/5b/5b8da106-bde2-4ce1-33ca-08decd1f5434_1080p.mp4?cb=ee200efe7"],"duration_display":"0:54","duration_seconds":54.48,"embed_url":null,"id":1116,"image_caption":null,"image_url":"https://gdb.rferl.org/a2ad9c1b-0c50-4485-8177-08decad17715_mw2048_mh2048_n.png","is_clip":true,"item_type":"video","item_type_label":"Video","language_label":"Serbo-Croatian","media_credit":"RFE","micro_label":"Video report","micro_label_kind":"video","network_label":"RFE/RL","network_logo_url":"/static/uploads/direct_network_logos/rfe_rl_e69d397fdd7d.png","published_at":"2026-08-02T07:59:35.083000","published_at_display":"2 Aug 2026, 07:59 GMT","sequence_badge_label":null,"sequence_count":null,"sequence_count_label":null,"sequence_frames":[],"sequence_kind":null,"source_name":"slobodnaevropa_org_direct","source_name_label":"Slobodnaevropa","source_type":"direct_api","summary":"Oleksandra Paskal izgubila je 2022. godine nogu u ruskom raketnom napadu na ukrajinsku Odesku oblast. Tada je imala samo \u0161est godina. Nakon vi\u0161emjese\u010dne intenzivne rehabilitacije nau\u010dila je hodati uz pomo\u0107 proteze i ostvarila izuzetan uspjeh u ritmi\u010dkoj gimnastici.","title":"Zlatna medalja za ukrajinsku gimnasti\u010darku koja je izgubila nogu u ruskom napadu","topic":"Multimedija","translation_language":"","url":"https://rfe-video-ns.akamaized.net/pangeavideo/2026/07/5/5b/5b8da106-bde2-4ce1-33ca-08decd1f5434_1080p.mp4?cb=ee200efe7","video_url":"https://rfe-video-ns.akamaized.net/pangeavideo/2026/07/5/5b/5b8da106-bde2-4ce1-33ca-08decd1f5434_1080p.mp4?cb=ee200efe7"},{"audio_source_url":null,"author":"Svetlana Bo\u017ei\u0107 Krain\u010dani\u0107","available_dubs":[],"downloadable_assets":["https://rfe-video-ns.akamaized.net/pangeavideo/2026/07/c/cf/cf8a5eb3-86b0-4805-1991-08decad58b60_1080p.mp4?cb=ee1febaf4"],"duration_display":"2:23","duration_seconds":143.29,"embed_url":null,"id":1117,"image_caption":null,"image_url":"https://gdb.rferl.org/40f800a3-c88b-49e0-4517-08decacf94d0_mw2048_mh2048_n.jpg","is_clip":true,"item_type":"video","item_type_label":"Video","language_label":"Serbo-Croatian","media_credit":"RFE","micro_label":"Video report","micro_label_kind":"video","network_label":"RFE/RL","network_logo_url":"/static/uploads/direct_network_logos/rfe_rl_e69d397fdd7d.png","published_at":"2026-07-31T15:49:08.250000","published_at_display":"31 Jul 2026, 15:49 GMT","sequence_badge_label":null,"sequence_count":null,"sequence_count_label":null,"sequence_frames":[],"sequence_kind":null,"source_name":"slobodnaevropa_org_direct","source_name_label":"Slobodnaevropa","source_type":"direct_api","summary":"Nivo jedne od najve\u0107ih evropskih reka, Dunava, danima je sve ni\u017ei. Dugotrajna su\u0161a i temperature do 40 stepeni uticale su na vodostaj reke u brojnim dr\u017eavama du\u017e njenog toka. U Srbiji je najkriti\u010dnije na severu zemlje, zbog \u010dega je na teritoriji tri gradska naselja Vojvodine uvedena vanredna situacija. Davno potonuli brodovi, sidra, buradi, pe\u0161\u010dani sprudovi \u2013 sve to isplivalo je na povr\u0161inu. Plitka voda je i na dunavskom toku kroz Beograd. (Snimatelj: Slaven Milju\u0161, monta\u017ea: Ana Toader)","title":"Plitke vode Dunava","topic":"Srbija","translation_language":"","url":"https://rfe-video-ns.akamaized.net/pangeavideo/2026/07/c/cf/cf8a5eb3-86b0-4805-1991-08decad58b60_1080p.mp4?cb=ee1febaf4","video_url":"https://rfe-video-ns.akamaized.net/pangeavideo/2026/07/c/cf/cf8a5eb3-86b0-4805-1991-08decad58b60_1080p.mp4?cb=ee1febaf4"},{"audio_source_url":"https://rfe-audio-ns.akamaized.net/sc/2026/07/23/5168e97e-a431-4938-17ba-08decad58b60_hq.mp3","author":"Miljana Mileti\u0107","available_dubs":[],"downloadable_assets":["https://rfe-audio-ns.akamaized.net/sc/2026/07/23/5168e97e-a431-4938-17ba-08decad58b60_hq.mp3"],"duration_display":"31:33","duration_seconds":1893.0,"embed_url":null,"id":1118,"image_caption":null,"image_url":"https://gdb.rferl.org/f720679b-0059-4e4c-15fb-08decd1d5d42_cx5_cy20_cw85_mw2048_mh2048_n.jpg","is_clip":false,"item_type":"audio","item_type_label":"Audio","language_label":"Serbo-Croatian","media_credit":"RFE","micro_label":"Audio program","micro_label_kind":"audio","network_label":"RFE/RL","network_logo_url":"/static/uploads/direct_network_logos/rfe_rl_e69d397fdd7d.png","published_at":"2026-07-31T10:41:31.120000","published_at_display":"31 Jul 2026, 10:41 GMT","sequence_badge_label":null,"sequence_count":null,"sequence_count_label":null,"sequence_frames":[],"sequence_kind":null,"source_name":"slobodnaevropa_org_direct","source_name_label":"Slobodnaevropa","source_type":"direct_api","summary":"Mila je bila tinejd\u017eerka u Beogradu, Boro otac osmogodi\u0161njaka u okupiranom Sarajevu te 1992. godine. Kako su izgledale devedesete godine pro\u0161log veka iz njihovog ugla? Koji predmet ih je najvi\u0161e asocirao na taj period, a sa\u010duvali su ga. Mila Turajli\u0107, dokumentarna rediteljka i novinar Boro Konti\u0107 govorili su za Zaviri ispod povr\u0161ine o izlo\u017ebi \"Devedesete, li\u010dno\" \u010diji su deo, a kako je postavka nastala, govori Dejan Ubovi\u0107, ko-autor izlo\u017ebe u Beogradu.","title":"Kako su ratni recepti i lego-vitezovi vra\u0107ali \u017eivot u normalu devedesetih","topic":"Zaviri ispod povr\u0161ine","translation_language":"","url":"https://rfe-audio-ns.akamaized.net/sc/2026/07/23/5168e97e-a431-4938-17ba-08decad58b60_hq.mp3","video_url":null}],"next_num":2,"page":1,"pages":3,"per_page":20,"prev_num":null,"total":55}
