{"applied_filters":{"end_date":"","lang":"","language":"","network":"","page":1,"per_page":20,"search":"","source":"slobodnaevropa_org_direct","start_date":"","topic":"Izme\u0111u redova","type":""},"available_filters":{"language_choices":[{"label":"Choose Language","value":""},{"label":"Serbo-Croatian","value":"Serbo-Croatian"}],"network_choices":[{"label":"All networks","value":""},{"label":"RFE/RL","value":"RFE/RL"}],"source_choices":[{"label":"All sources","value":""},{"label":"Slobodnaevropa","value":"slobodnaevropa_org_direct"}],"sources":["slobodnaevropa_org_direct"],"topics":["Iz RSE sveta","Izme\u0111u redova","Mozaik \u017eivota","Multimedija","Perspektiva","Srbija","Uvid","Video","Zaviri ispod povr\u0161ine"],"types":[["","All types"],["audio","Audio"],["media","Media"]]},"has_next":false,"has_prev":false,"items":[{"article_body_paragraphs":[],"audio_source_url":"https://rfe-audio-ns.akamaized.net/sc/2026/08/27/040f8ac8-5fb0-46f0-e9ca-08def2afcad7_hq.mp3","author":"Lejla Omeragi\u0107 \u0106ati\u0107","available_dubs":[],"downloadable_assets":["https://rfe-audio-ns.akamaized.net/sc/2026/08/27/040f8ac8-5fb0-46f0-e9ca-08def2afcad7_hq.mp3"],"duration_display":"6:30","duration_seconds":390.0,"embed_url":null,"id":9646,"image_caption":null,"image_url":"https://gdb.rferl.org/05320000-0a00-0242-8586-08d9b0128e85_mw2048_mh2048_n.jpg","is_clip":false,"item_type":"audio","item_type_label":"Audio","language_label":"Serbo-Croatian","media_credit":"RFE","micro_label":"Audio program","micro_label_kind":"audio","network_label":"RFE/RL","network_logo_url":"/static/uploads/direct_network_logos/rfe_rl_e69d397fdd7d.png","published_at":"2026-08-27T15:01:30.320000","published_at_display":"27 Aug 2026, 15:01 GMT","sequence_badge_label":null,"sequence_count":null,"sequence_count_label":null,"sequence_frames":[],"sequence_kind":null,"source_name":"slobodnaevropa_org_direct","source_name_label":"Slobodnaevropa","source_type":"direct_api","summary":"U vanrednom izdanju epizode podkasta \"Izme\u0111u redova\" pregled ratne uloge i presude Ratku Mladi\u0107u, koji je preminuo u zatvoru slu\u017ee\u0107i do\u017eivotnu kaznu za genocid u Srebrenici, zlo\u010dine protiv \u010dovje\u010dnosti i ratne zlo\u010dine u Bosni i Hercegovini. Podsje\u0107amo na \u010dinjenice utvr\u0111ene pred me\u0111unarodnim sudovima i svjedo\u010danstva iz tog vremena.","title":"Ratko Mladi\u0107: Ratni zlo\u010dini, skrivanje, presuda, zatvor i smrt","topic":"Izme\u0111u redova","translation_language":"","url":"https://rfe-audio-ns.akamaized.net/sc/2026/08/27/040f8ac8-5fb0-46f0-e9ca-08def2afcad7_hq.mp3","video_url":null},{"article_body_paragraphs":[],"audio_source_url":"https://rfe-audio-ns.akamaized.net/sc/2026/02/23/da5e568d-e63b-4d14-2f8a-08de3be37656_hq.mp3","author":"Meliha Ke\u0161mer, Aida \u0110ugum","available_dubs":[],"downloadable_assets":["https://rfe-audio-ns.akamaized.net/sc/2026/02/23/da5e568d-e63b-4d14-2f8a-08de3be37656_hq.mp3"],"duration_display":"40:06","duration_seconds":2406.0,"embed_url":null,"id":242,"image_caption":null,"image_url":"https://gdb.rferl.org/0743c27f-b48e-4400-5791-08ddc38053ec_cx0_cy3_cw100_mw2048_mh2048_n.jpg","is_clip":false,"item_type":"audio","item_type_label":"Audio","language_label":"Serbo-Croatian","media_credit":"RFE","micro_label":"Audio program","micro_label_kind":"audio","network_label":"RFE/RL","network_logo_url":"/static/uploads/direct_network_logos/rfe_rl_e69d397fdd7d.png","published_at":"2026-02-24T06:31:42.573000","published_at_display":"24 Feb 2026, 06:31 GMT","sequence_badge_label":null,"sequence_count":null,"sequence_count_label":null,"sequence_frames":[],"sequence_kind":null,"source_name":"slobodnaevropa_org_direct","source_name_label":"Slobodnaevropa","source_type":"direct_api","summary":"Rat u Ukrajini traje pune \u010detiri godine. Prema procjenama zapadnih obavje\u0161tajnih slu\u017ebi poginulo je ili ranjeno vi\u0161e od milion i po vojnika. Dr\u017eavljani BiH bore se na obje strane. U podcastu Izme\u0111u redova govorimo o motivima odlaska dobrovoljaca i sigurnosnim rizicima za BiH.","title":"Bh. dr\u017eavljani u Ukrajini na strani Rusije: Koliko ko\u0161ta rat za tu\u0111u zastavu?","topic":"Izme\u0111u redova","translation_language":"","url":"https://rfe-audio-ns.akamaized.net/sc/2026/02/23/da5e568d-e63b-4d14-2f8a-08de3be37656_hq.mp3","video_url":null}],"next_num":null,"page":1,"pages":1,"per_page":20,"prev_num":null,"total":2}
