{"applied_filters":{"end_date":"","lang":"","language":"","network":"","page":1,"per_page":20,"search":"","source":"slobodnaevropa_org_direct","start_date":"","topic":"Mozaik \u017eivota","type":""},"available_filters":{"language_choices":[{"label":"Choose Language","value":""},{"label":"Serbo-Croatian","value":"Serbo-Croatian"}],"network_choices":[{"label":"All networks","value":""},{"label":"RFE/RL","value":"RFE/RL"}],"source_choices":[{"label":"All sources","value":""},{"label":"Slobodnaevropa","value":"slobodnaevropa_org_direct"}],"sources":["slobodnaevropa_org_direct"],"topics":["Iz RSE sveta","Izme\u0111u redova","Mozaik \u017eivota","Multimedija","Perspektiva","Srbija","Uvid","Video","Zaviri ispod povr\u0161ine"],"types":[["","All types"],["audio","Audio"],["media","Media"]]},"has_next":false,"has_prev":false,"items":[{"article_body_paragraphs":[],"audio_source_url":"https://rfe-audio-ns.akamaized.net/sc/2026/07/09/8a71b09d-420b-4de4-7d1b-08decad17715_hq.mp3","author":"Una \u010cili\u0107, Katarina Vojnovi\u0107","available_dubs":[],"downloadable_assets":["https://rfe-audio-ns.akamaized.net/sc/2026/07/09/8a71b09d-420b-4de4-7d1b-08decad17715_hq.mp3"],"duration_display":"27:50","duration_seconds":1670.0,"embed_url":null,"id":251,"image_caption":null,"image_url":"https://gdb.rferl.org/5ea556b4-301e-4aa5-176f-08decd1d5d42_mw2048_mh2048_n.jpg","is_clip":false,"item_type":"audio","item_type_label":"Audio","language_label":"Serbo-Croatian","media_credit":"RFE","micro_label":"Audio program","micro_label_kind":"audio","network_label":"RFE/RL","network_logo_url":"/static/uploads/direct_network_logos/rfe_rl_e69d397fdd7d.png","published_at":"2026-07-09T08:48:05.910000","published_at_display":"9 Jul 2026, 08:48 GMT","sequence_badge_label":null,"sequence_count":null,"sequence_count_label":null,"sequence_frames":[],"sequence_kind":null,"source_name":"slobodnaevropa_org_direct","source_name_label":"Slobodnaevropa","source_type":"direct_api","summary":"Istraga, svjedo\u010denja, tri su\u0111enja, jedna presuda i \u017eena kojoj se gubi svaki trag. Kako je Svetlana \u010cabotarenko, \u0161irom Crne Gore poznata kao Moldavka S.\u010c. \u017eena koja je optu\u017eila \u010detvoricu utjecajnih mu\u0161karaca za primoravanje na prostituciju na kraju sama zavr\u0161ila na optu\u017eeni\u010dkoj klupi?","title":"\u017dena koju je Crna Gora zaboravila: Moldavka S.\u010c.","topic":"Mozaik \u017eivota","translation_language":"","url":"https://rfe-audio-ns.akamaized.net/sc/2026/07/09/8a71b09d-420b-4de4-7d1b-08decad17715_hq.mp3","video_url":null},{"article_body_paragraphs":[],"audio_source_url":"https://rfe-audio.rferl.org/sc/2022/07/29/01160000-0aff-0242-bca7-08da71adce86_hq.mp3","author":"Una \u010cili\u0107, Aida \u0110ugum","available_dubs":[],"downloadable_assets":["https://rfe-audio.rferl.org/sc/2022/07/29/01160000-0aff-0242-bca7-08da71adce86_hq.mp3"],"duration_display":"30:00","duration_seconds":1800.0,"embed_url":null,"id":253,"image_caption":null,"image_url":"https://gdb.rferl.org/80280000-c0a8-0242-e26a-08da721ebe66_mw2048_mh2048_n.png","is_clip":false,"item_type":"audio","item_type_label":"Audio","language_label":"Serbo-Croatian","media_credit":"RFE","micro_label":"Audio program","micro_label_kind":"audio","network_label":"RFE/RL","network_logo_url":"/static/uploads/direct_network_logos/rfe_rl_e69d397fdd7d.png","published_at":"2022-07-30T11:41:57.697000","published_at_display":"30 Jul 2022, 11:41 GMT","sequence_badge_label":null,"sequence_count":null,"sequence_count_label":null,"sequence_frames":[],"sequence_kind":null,"source_name":"slobodnaevropa_org_direct","source_name_label":"Slobodnaevropa","source_type":"direct_api","summary":"Pro\u0161lo je skoro 20 godina od kako je u Bosni i Hercegovini preminula Olena Popik, ukrajinska dr\u017eavljanka, \u017ertva trgovine ljudima i prisilne prostitucije, djevojka od 21 godinu. Na Me\u0111unarodni dan borbe protiv trgovine ljudima slu\u0161ajte: kako se se danas sje\u0107amo Olene Popik?","title":"Sje\u0107a\u0161 li se Olene Popik?","topic":"Mozaik \u017eivota","translation_language":"","url":"https://rfe-audio.rferl.org/sc/2022/07/29/01160000-0aff-0242-bca7-08da71adce86_hq.mp3","video_url":null}],"next_num":null,"page":1,"pages":1,"per_page":20,"prev_num":null,"total":2}
