{"applied_filters":{"end_date":"","lang":"","language":"","network":"","page":1,"per_page":20,"search":"","source":"slobodnaevropa_org_direct","start_date":"","topic":"Multimedija","type":""},"available_filters":{"language_choices":[{"label":"Choose Language","value":""},{"label":"Serbo-Croatian","value":"Serbo-Croatian"}],"network_choices":[{"label":"All networks","value":""},{"label":"RFE/RL","value":"RFE/RL"}],"source_choices":[{"label":"All sources","value":""},{"label":"Slobodnaevropa","value":"slobodnaevropa_org_direct"}],"sources":["slobodnaevropa_org_direct"],"topics":["Iz RSE sveta","Izme\u0111u redova","Mozaik \u017eivota","Multimedija","Perspektiva","Srbija","Uvid","Video","Zaviri ispod povr\u0161ine"],"types":[["","All types"],["video","Videos"],["clips","Clips"],["media","Media"]]},"has_next":false,"has_prev":false,"items":[{"article_body_paragraphs":[],"audio_source_url":null,"author":"Katarina Vojnovi\u0107","available_dubs":[],"downloadable_assets":["https://rfe-video-ns.akamaized.net/pangeavideo/2026/08/2/29/29a65590-430c-4500-834a-08decad17715_1080p.mp4?cb=ee20c18b4"],"duration_display":"2:16","duration_seconds":136.57,"embed_url":null,"id":3303,"image_caption":null,"image_url":"https://gdb.rferl.org/b63007de-485d-4869-bc45-e08c38de6315_cx0_cy8_cw0_mw2048_mh2048_n.jpg","is_clip":true,"item_type":"video","item_type_label":"Video","language_label":"Serbo-Croatian","media_credit":"RFE","micro_label":"Video report","micro_label_kind":"video","network_label":"RFE/RL","network_logo_url":"/static/uploads/direct_network_logos/rfe_rl_e69d397fdd7d.png","published_at":"2026-08-09T12:59:43.553000","published_at_display":"9 Aug 2026, 12:59 GMT","sequence_badge_label":null,"sequence_count":null,"sequence_count_label":null,"sequence_frames":[],"sequence_kind":null,"source_name":"slobodnaevropa_org_direct","source_name_label":"Slobodnaevropa","source_type":"direct_api","summary":"Od februara niko nije video niti \u010duo iranskog vrhovnog vo\u0111u Mod\u017etabu Hamneija. \u0160ta nam to govori o tome ko je zapravo glavni?","title":"Iranskog vrhovnog vo\u0111e nema nigde. Ko onda vodi Iran?","topic":"Multimedija","translation_language":"","url":"https://rfe-video-ns.akamaized.net/pangeavideo/2026/08/2/29/29a65590-430c-4500-834a-08decad17715_1080p.mp4?cb=ee20c18b4","video_url":"https://rfe-video-ns.akamaized.net/pangeavideo/2026/08/2/29/29a65590-430c-4500-834a-08decad17715_1080p.mp4?cb=ee20c18b4"},{"article_body_paragraphs":[],"audio_source_url":null,"author":null,"available_dubs":[],"downloadable_assets":["https://rfe-video-ns.akamaized.net/pangeavideo/2026/08/4/41/413defc1-9d78-46eb-7eb2-08def2afcceb_1080p.mp4?cb=ee20821cc"],"duration_display":"1:39","duration_seconds":99.6,"embed_url":null,"id":2892,"image_caption":null,"image_url":"https://gdb.rferl.org/83e8f65a-20d7-4b2a-e58c-08def2afcad7_mw2048_mh2048_n.jpg","is_clip":true,"item_type":"video","item_type_label":"Video","language_label":"Serbo-Croatian","media_credit":"RFE","micro_label":"Video report","micro_label_kind":"video","network_label":"RFE/RL","network_logo_url":"/static/uploads/direct_network_logos/rfe_rl_e69d397fdd7d.png","published_at":"2026-08-07T18:58:20.933000","published_at_display":"7 Aug 2026, 18:58 GMT","sequence_badge_label":null,"sequence_count":null,"sequence_count_label":null,"sequence_frames":[],"sequence_kind":null,"source_name":"slobodnaevropa_org_direct","source_name_label":"Slobodnaevropa","source_type":"direct_api","summary":"Komemoracije se odr\u017eavaju u \u010dast Oleksija Jukova, koji je svoj \u017eivot posvetio pronala\u017eenju i izvla\u010denju tijela poginulih vojnika s rati\u0161ta \u0161irom Ukrajine. Radio Slobodna Evropa je snimila jednu od njegovih posljednjih misija prije nego \u0161to je poginuo tokom ekshumacije posmrtnih ostataka u blizini linije fronta.","title":"Ukrajina se opra\u0161ta od \u010dovjeka koji je vra\u0107ao poginule vojnike njihovim porodicama","topic":"Multimedija","translation_language":"","url":"https://rfe-video-ns.akamaized.net/pangeavideo/2026/08/4/41/413defc1-9d78-46eb-7eb2-08def2afcceb_1080p.mp4?cb=ee20821cc","video_url":"https://rfe-video-ns.akamaized.net/pangeavideo/2026/08/4/41/413defc1-9d78-46eb-7eb2-08def2afcceb_1080p.mp4?cb=ee20821cc"},{"article_body_paragraphs":[],"audio_source_url":null,"author":"Ukrajinski servis RSE","available_dubs":[],"downloadable_assets":["https://rfe-video-ns.akamaized.net/pangeavideo/2026/07/5/5b/5b8da106-bde2-4ce1-33ca-08decd1f5434_1080p.mp4?cb=ee200efe7"],"duration_display":"0:54","duration_seconds":54.48,"embed_url":null,"id":1116,"image_caption":null,"image_url":"https://gdb.rferl.org/a2ad9c1b-0c50-4485-8177-08decad17715_mw2048_mh2048_n.png","is_clip":true,"item_type":"video","item_type_label":"Video","language_label":"Serbo-Croatian","media_credit":"RFE","micro_label":"Video report","micro_label_kind":"video","network_label":"RFE/RL","network_logo_url":"/static/uploads/direct_network_logos/rfe_rl_e69d397fdd7d.png","published_at":"2026-08-02T07:59:35.083000","published_at_display":"2 Aug 2026, 07:59 GMT","sequence_badge_label":null,"sequence_count":null,"sequence_count_label":null,"sequence_frames":[],"sequence_kind":null,"source_name":"slobodnaevropa_org_direct","source_name_label":"Slobodnaevropa","source_type":"direct_api","summary":"Oleksandra Paskal izgubila je 2022. godine nogu u ruskom raketnom napadu na ukrajinsku Odesku oblast. Tada je imala samo \u0161est godina. Nakon vi\u0161emjese\u010dne intenzivne rehabilitacije nau\u010dila je hodati uz pomo\u0107 proteze i ostvarila izuzetan uspjeh u ritmi\u010dkoj gimnastici.","title":"Zlatna medalja za ukrajinsku gimnasti\u010darku koja je izgubila nogu u ruskom napadu","topic":"Multimedija","translation_language":"","url":"https://rfe-video-ns.akamaized.net/pangeavideo/2026/07/5/5b/5b8da106-bde2-4ce1-33ca-08decd1f5434_1080p.mp4?cb=ee200efe7","video_url":"https://rfe-video-ns.akamaized.net/pangeavideo/2026/07/5/5b/5b8da106-bde2-4ce1-33ca-08decd1f5434_1080p.mp4?cb=ee200efe7"}],"next_num":null,"page":1,"pages":1,"per_page":20,"prev_num":null,"total":3}
