{"applied_filters":{"end_date":"","lang":"","language":"","network":"","page":1,"per_page":20,"search":"","source":"slobodnaevropa_org_direct","start_date":"","topic":"Uvid","type":""},"available_filters":{"language_choices":[{"label":"Choose Language","value":""},{"label":"Serbo-Croatian","value":"Serbo-Croatian"}],"network_choices":[{"label":"All networks","value":""},{"label":"RFE/RL","value":"RFE/RL"}],"source_choices":[{"label":"All sources","value":""},{"label":"Slobodnaevropa","value":"slobodnaevropa_org_direct"}],"sources":["slobodnaevropa_org_direct"],"topics":["Iz RSE sveta","Izme\u0111u redova","Mozaik \u017eivota","Multimedija","Perspektiva","Srbija","Uvid","Video","Zaviri ispod povr\u0161ine"],"types":[["","All types"],["video","Videos"],["media","Media"]]},"has_next":false,"has_prev":false,"items":[{"article_body_paragraphs":[],"audio_source_url":null,"author":"Milo\u0161 Teodorovi\u0107, Sini\u0161a Nenadi\u0107","available_dubs":[],"downloadable_assets":["https://rfe-video-ns.akamaized.net/pangeavideo/2026/07/4/4f/4fe18a7a-49da-44b0-41f2-08decacf94d0_1080p.mp4?cb=ee1e9a45a"],"duration_display":"32:09","duration_seconds":1929.96,"embed_url":null,"id":241,"image_caption":null,"image_url":"https://gdb.rferl.org/c0503876-71c9-4088-15ff-08decad58b60_mw2048_mh2048_n.jpg","is_clip":false,"item_type":"video","item_type_label":"Video","language_label":"Serbo-Croatian","media_credit":"RFE","micro_label":"Video report","micro_label_kind":"video","network_label":"RFE/RL","network_logo_url":"/static/uploads/direct_network_logos/rfe_rl_e69d397fdd7d.png","published_at":"2026-07-15T13:07:41.070000","published_at_display":"15 Jul 2026, 13:07 GMT","sequence_badge_label":null,"sequence_count":null,"sequence_count_label":null,"sequence_frames":[],"sequence_kind":null,"source_name":"slobodnaevropa_org_direct","source_name_label":"Slobodnaevropa","source_type":"direct_api","summary":"Ta\u010dan obim izvoza oru\u017eja iz Srbije u Izrael nije zvani\u010dno poznat, ali teretni avioni saobra\u0107aju izme\u0111u Tel Aviva i Beograda. Kobi Majkl iz Instituta za studije nacionalne bezbednosti u Tel Avivu ka\u017ee da je Srbija pomogla Izraelu da prevazi\u0111e \"krizu nesta\u0161ice naoru\u017eanja\" sa kojom se suo\u010dio nakon napada Hamasa u oktobru 2023. godine. U \"Uvidu\" se izme\u0111u ostalog, govori i o tome: za\u0161to je srpski \u010dlan Predsedni\u0161tva Bosne i Hercegovine u Jerusalimu do\u010dekan sa zastavom entiteta, a ne dr\u017eavnom zastavom; kako Izrael gleda na bliske veze Srbije sa Iranom; za\u0161to se saradnja sa Izraelom u Albaniji smatra izrazom lojalnosti Sjedinjenim Ameri\u010dkim Dr\u017eavama; i kako je Izrael izazvao politi\u010dku krizu u Sloveniji. Sagovornici: Kobi Majkl, Institut za studije nacionalne bezbednosti (Tel Aviv); Roland Bimo, biv\u0161i ambasador Albanije u SAD (Tirana); Luka Lisjak Gabrijel\u010di\u010d, istori\u010dar (Ljubljana); Du\u0161ko Lopandi\u0107, Evropski pokret u Srbiji (Beograd); Vedran Obu\u0107ina, Centar za me\u0111ureligijski dijalog (Rijeka).","title":"Kakve interese Izrael ima na Balkanu?","topic":"Uvid","translation_language":"","url":"https://rfe-video-ns.akamaized.net/pangeavideo/2026/07/4/4f/4fe18a7a-49da-44b0-41f2-08decacf94d0_1080p.mp4?cb=ee1e9a45a","video_url":"https://rfe-video-ns.akamaized.net/pangeavideo/2026/07/4/4f/4fe18a7a-49da-44b0-41f2-08decacf94d0_1080p.mp4?cb=ee1e9a45a"},{"article_body_paragraphs":[],"audio_source_url":null,"author":"Milo\u0161 Teodorovi\u0107, Sini\u0161a Nenadi\u0107","available_dubs":[],"downloadable_assets":["https://rfe-video-ns.akamaized.net/pangeavideo/2026/06/0/00/00fb693c-a526-403d-75ae-08debadc3b87_1080p.mp4?cb=ee1e6f598"],"duration_display":"24:03","duration_seconds":1443.69,"embed_url":null,"id":247,"image_caption":null,"image_url":"https://gdb.rferl.org/319e4c94-881d-4be2-a45e-08debadd8a36_cx9_cy5_cw87_mw2048_mh2048_n.jpg","is_clip":false,"item_type":"video","item_type_label":"Video","language_label":"Serbo-Croatian","media_credit":"RFE","micro_label":"Video report","micro_label_kind":"video","network_label":"RFE/RL","network_logo_url":"/static/uploads/direct_network_logos/rfe_rl_e69d397fdd7d.png","published_at":"2026-06-03T09:52:28.457000","published_at_display":"3 Jun 2026, 09:52 GMT","sequence_badge_label":null,"sequence_count":null,"sequence_count_label":null,"sequence_frames":[],"sequence_kind":null,"source_name":"slobodnaevropa_org_direct","source_name_label":"Slobodnaevropa","source_type":"direct_api","summary":"\"Mo\u0107ne grupe operi\u0161u na Zapadnom Balkanu, a balkanska ruta ostaje va\u017ena ulazna ruta za trgovinu drogom, oru\u017ejem i ljudima\", stoji u jednom od \u010desto citiranih izve\u0161taja Evropske unije, u kom se opisuju okolnosti u regiji koja se decenijama bori sa silama organizovanog kriminala. O tome u \"Uvidu\" su razgovarali Jelena Jankovi\u0107, novinarka podgori\u010dkih \"Vijesti\" koja pi\u0161e o organizovanom kriminalu, a pod merama je policijske za\u0161tite zbog pretnji koje dobija, i Du\u0161an Stankovi\u0107, iz Beogradskog centra za bezbednost, nekada zaposlen u policiji Srbije, danas na doktorskim studijama u \u0160vedskoj.","title":"Ko zna odgovore na slu\u010dajeve 'Mili\u0107' i 'Medenica'?","topic":"Uvid","translation_language":"","url":"https://rfe-video-ns.akamaized.net/pangeavideo/2026/06/0/00/00fb693c-a526-403d-75ae-08debadc3b87_1080p.mp4?cb=ee1e6f598","video_url":"https://rfe-video-ns.akamaized.net/pangeavideo/2026/06/0/00/00fb693c-a526-403d-75ae-08debadc3b87_1080p.mp4?cb=ee1e6f598"}],"next_num":null,"page":1,"pages":1,"per_page":20,"prev_num":null,"total":2}
