{"applied_filters":{"end_date":"","lang":"","language":"","network":"","page":1,"per_page":20,"search":"","source":"","start_date":"","topic":"\u0421\u043a\u0430\u0436\u0438 \u041f\u0420\u0410\u0412\u0414\u0423","type":""},"available_filters":{"language_choices":[{"label":"Choose Language","value":""},{"label":"\u0423\u043a\u0440\u0430\u0457\u043d\u0441\u044c\u043a\u0430","value":"\u0423\u043a\u0440\u0430\u0457\u043d\u0441\u044c\u043a\u0430"}],"network_choices":[{"label":"All networks","value":""},{"label":"RFE/RL","value":"RFE/RL"}],"source_choices":[{"label":"All sources","value":""},{"label":"\u0423\u043a\u0440\u0430\u0457\u043d\u0441\u044c\u043a\u0430 \u043f\u0440\u0430\u0432\u0434\u0430 YouTube","value":"ukrainska_pravda_youtube_playlists"}],"sources":["ukrainska_pravda_youtube_playlists"],"topics":["250em\u00een Salvegera Serxweb\u00fbna Amer\u00eekay\u00ea","250\u0647\u06d5\u0645\u06cc\u0646 \u0633\u0627\u06b5\u06cc\u0627\u062f\u06cc \u0633\u06d5\u0631\u0628\u06d5\u062e\u06c6\u06cc\u06cc \u0626\u06d5\u0645\u06d5\u0631\u06cc\u06a9\u0627","8 \u10e4\u10dd\u10e2\u10dd \u10d0\u10e0\u10e5\u10d8\u10d5\u10d8\u10d3\u10d0\u10dc","Abriendo Espacios","Afghanistan","Agenda hemisf\u00e9rica","Amer\u00eeka","Am\u00e9rica Latina, VENEZUELA, Maiquetia","Asuntos de Estado","Audiovisuales Mart\u00ed","Audiovisuales Mart\u00ed, Cuba turismo, crisis del turismo en Cuba","Audiovisuales Mart\u00ed, VENEZUELA, apagones","Barrio Adentro","Bernameya Televizyon\u00ee ya Rojane","Bernamey\u00ean radyoy\u00ea y\u00ean rojane","Bosna i Hercegovina","B\u00ecnh lu\u1eadn","Caf\u00e9 Digital","China","Como Come Cuba, cuba, Como Come Cuba","Cuba Habla","Cuba Habla, Cuba","Cuba al D\u00eda","Cuba al D\u00eda, Cuba","Cuba en la Memoria","C\u00eehan","De cara al sol","Derechos Humanos, cuba, exilio, c\u00e1ncer, Ram\u00f3n Sa\u00fal S\u00e1nchez","Economy & Trade","El futuro es ya","Especiales, Exilio cubano, Freedom tower, \"Libertad\", Torre de la Libertad de Miami, Exilio cubano en Miami","Especiales, jos\u00e9 mart\u00ed, Exilio cubano","Esperando un techo, cuba, crisis, vivienda, derrumbes, techo, paredes, EsperandounTecho","Foro abierto","Hablando claro","Human Rights","Info Mart\u00ed","Info Mart\u00ed , Brigada 2506","Info Mart\u00ed , Cuba","Info Mart\u00ed , Estados Unidos, Colombia","Info Mart\u00ed , Estados Unidos, VENEZUELA","Info Mart\u00ed , estados unidos, Venezuela","Info Mart\u00ed , presos politicos, torturas, VENEZUELA","Iran","Iran Briefing","Iz RSE sveta","Izme\u0111u redova","Kentu-Cubano, cuba, cubanos, Kentucky, migrantes, KentoCubano","Korea","Kyiv Independent","La libertad es una librer\u00eda","Laos","Las Noticias Como Son, Cuba","Las noticias como son","Lawton Libre","Liberaci\u00f3n","MBN Agenda","Magazine","Mart\u00ed Noticias A.M.","Mart\u00ed Noticias AM","Mart\u00ed en el Mundial 2026","Mozaik \u017eivota","Multimedija","Myanmar","Nicaragua al d\u00eda","Noticiero Mart\u00ed Noticias","Noticiero Mart\u00ed Noticias, Cuba","N\u00fb\u00e7ey\u00ean C\u00eehan\u00ea 1","N\u00fb\u00e7ey\u00ean C\u00eehan\u00ea 2","Pacific","Pe Agend\u0103","Pe Agend\u0103 cu Cristina Popu\u0219oi","Perspektiva","Politics & Policy","Programas de Radio Nuestra Am\u00e9rica","RFA Explains","RFA Mandarin Shorts","RFE/RL Shorts","Radio Mart\u00ed","Radyo","Security & Conflict","Ser Madre en cuba, cuba, hambre, r\u00e9gimen, madre, negligencia, Testimonios, Crisis Econ\u00f3mica, madre cubana, Crisis Alimentaria","Ser viejo en Cuba, cuba, cubanos, crisis, alimentos, ancianos, viejos, vejez","South China Sea","Srbija","Syria","Taller de prensa","Th\u1eddi S\u1ef1","Tibet","Trong n\u01b0\u1edbc","Ukraine","Uvid","Uyghur","VOA \ud55c\uad6d\uc5b4 \ubcf4\uc774\ub294 \ub77c\ub514\uc624","VOA\u4eca\u65e5\u7126\u70b9","Video","Videos","V\u00eedyo Galer\u00ee","Zaviri ispod povr\u0161ine","adri%C3%A1n del sol mi padre est%C3%A1 muy d%C3%A9bil"],"types":[["","All types"],["video","Videos"],["media","Media"]]},"has_next":false,"has_prev":false,"items":[{"article_body_paragraphs":[],"audio_source_url":null,"author":"\u0423\u043a\u0440\u0430\u0457\u043d\u0441\u044c\u043a\u0430 \u043f\u0440\u0430\u0432\u0434\u0430","available_dubs":[],"downloadable_assets":[],"duration_display":"21:49","duration_seconds":1309.0,"embed_url":"https://www.youtube.com/embed/eH9EjwlryiI","id":14383,"image_caption":null,"image_url":"https://i.ytimg.com/vi/eH9EjwlryiI/hqdefault.jpg?sqp=-oaymwEcCNACELwBSFXyq4qpAw4IARUAAIhCGAFwAcABBg==&rs=AOn4CLDzi7Mu33Bdc31kCxxGGSIHxRz05Q","is_clip":false,"is_youtube_embed":true,"item_type":"video","item_type_label":"Video","language_label":"\u0423\u043a\u0440\u0430\u0457\u043d\u0441\u044c\u043a\u0430","media_credit":"\u0423\u043a\u0440\u0430\u0457\u043d\u0441\u044c\u043a\u0430 \u043f\u0440\u0430\u0432\u0434\u0430","micro_label":"Video report","micro_label_kind":"video","network_label":"Ukrainska Pravda","network_logo_url":"","published_at":"2025-07-24T00:00:00","published_at_display":"24 Jul 2025, 00:00 GMT","sequence_badge_label":null,"sequence_count":null,"sequence_count_label":null,"sequence_frames":[],"sequence_kind":null,"source_name":"ukrainska_pravda_youtube_playlists","source_name_label":"Ukrainska Pravda","source_type":"scrape","summary":null,"title":"Second day of protests near the Franko Theater in Kyiv | Tell the TRUTH","topic":"\u0421\u043a\u0430\u0436\u0438 \u041f\u0420\u0410\u0412\u0414\u0423","translation_language":"","url":"https://www.youtube.com/watch?v=eH9EjwlryiI","video_url":null,"youtube_conversion_active":false,"youtube_conversion_error":"","youtube_conversion_status":""},{"article_body_paragraphs":[],"audio_source_url":null,"author":"\u0423\u043a\u0440\u0430\u0457\u043d\u0441\u044c\u043a\u0430 \u043f\u0440\u0430\u0432\u0434\u0430","available_dubs":[],"downloadable_assets":[],"duration_display":"16:08","duration_seconds":968.0,"embed_url":"https://www.youtube.com/embed/Wsl4P0CkPWU","id":14384,"image_caption":null,"image_url":"https://i.ytimg.com/vi/Wsl4P0CkPWU/hqdefault.jpg?sqp=-oaymwEcCNACELwBSFXyq4qpAw4IARUAAIhCGAFwAcABBg==&rs=AOn4CLC2FzDL42vJJgS7kKsM7soC0tLPXA","is_clip":false,"is_youtube_embed":true,"item_type":"video","item_type_label":"Video","language_label":"\u0423\u043a\u0440\u0430\u0457\u043d\u0441\u044c\u043a\u0430","media_credit":"\u0423\u043a\u0440\u0430\u0457\u043d\u0441\u044c\u043a\u0430 \u043f\u0440\u0430\u0432\u0434\u0430","micro_label":"Video report","micro_label_kind":"video","network_label":"Ukrainska Pravda","network_logo_url":"","published_at":"2025-07-22T00:00:00","published_at_display":"22 Jul 2025, 00:00 GMT","sequence_badge_label":null,"sequence_count":null,"sequence_count_label":null,"sequence_frames":[],"sequence_kind":null,"source_name":"ukrainska_pravda_youtube_playlists","source_name_label":"Ukrainska Pravda","source_type":"scrape","summary":null,"title":"Participants of the rally for NABU and SAPO | Tell the TRUTH","topic":"\u0421\u043a\u0430\u0436\u0438 \u041f\u0420\u0410\u0412\u0414\u0423","translation_language":"","url":"https://www.youtube.com/watch?v=Wsl4P0CkPWU","video_url":null,"youtube_conversion_active":false,"youtube_conversion_error":"","youtube_conversion_status":""}],"next_num":null,"page":1,"pages":1,"per_page":20,"prev_num":null,"total":2}
