{"applied_filters":{"end_date":"","lang":"","language":"","network":"","page":1,"per_page":20,"search":"","source":"","start_date":"","topic":"Audiovisuales Mart\u00ed","type":""},"available_filters":{"language_choices":[{"label":"Choose Language","value":""},{"label":"Espa\u00f1ol","value":"Espa\u00f1ol"}],"network_choices":[{"label":"All networks","value":""},{"label":"OCB","value":"OCB"}],"source_choices":[{"label":"All sources","value":""},{"label":"OCB Spanish Video","value":"ocb_spanish_video_scrape"}],"sources":["ocb_spanish_video_scrape"],"topics":["250em\u00een Salvegera Serxweb\u00fbna Amer\u00eekay\u00ea","250\u0647\u06d5\u0645\u06cc\u0646 \u0633\u0627\u06b5\u06cc\u0627\u062f\u06cc \u0633\u06d5\u0631\u0628\u06d5\u062e\u06c6\u06cc\u06cc \u0626\u06d5\u0645\u06d5\u0631\u06cc\u06a9\u0627","8 \u10e4\u10dd\u10e2\u10dd \u10d0\u10e0\u10e5\u10d8\u10d5\u10d8\u10d3\u10d0\u10dc","Abriendo Espacios","Afghanistan","Agenda hemisf\u00e9rica","Amer\u00eeka","Am\u00e9rica Latina, VENEZUELA, Maiquetia","Asuntos de Estado","Audiovisuales Mart\u00ed","Audiovisuales Mart\u00ed, Cuba turismo, crisis del turismo en Cuba","Audiovisuales Mart\u00ed, VENEZUELA, apagones","Barrio Adentro","Bernameya Televizyon\u00ee ya Rojane","Bernamey\u00ean radyoy\u00ea y\u00ean rojane","B\u00ecnh lu\u1eadn","Caf\u00e9 Digital","China","Como Come Cuba, cuba, Como Come Cuba","Cuba Habla","Cuba Habla, Cuba","Cuba al D\u00eda","Cuba al D\u00eda, Cuba","Cuba en la Memoria","C\u00eehan","De cara al sol","Derechos Humanos, cuba, exilio, c\u00e1ncer, Ram\u00f3n Sa\u00fal S\u00e1nchez","El futuro es ya","Especiales, Exilio cubano, Freedom tower, \"Libertad\", Torre de la Libertad de Miami, Exilio cubano en Miami","Especiales, jos\u00e9 mart\u00ed, Exilio cubano","Esperando un techo, cuba, crisis, vivienda, derrumbes, techo, paredes, EsperandounTecho","Foro abierto","Hablando claro","Human Rights","Info Mart\u00ed","Info Mart\u00ed , Brigada 2506","Info Mart\u00ed , Cuba","Info Mart\u00ed , Estados Unidos, Colombia","Info Mart\u00ed , Estados Unidos, VENEZUELA","Info Mart\u00ed , estados unidos, Venezuela","Info Mart\u00ed , presos politicos, torturas, VENEZUELA","Iran","Iz RSE sveta","Izme\u0111u redova","Kentu-Cubano, cuba, cubanos, Kentucky, migrantes, KentoCubano","Korea","La libertad es una librer\u00eda","Laos","Las Noticias Como Son, Cuba","Las noticias como son","Lawton Libre","Liberaci\u00f3n","Mart\u00ed Noticias A.M.","Mozaik \u017eivota","Multimedija","Myanmar","Nicaragua al d\u00eda","Noticiero Mart\u00ed Noticias","Noticiero Mart\u00ed Noticias, Cuba","N\u00fb\u00e7ey\u00ean C\u00eehan\u00ea 1","N\u00fb\u00e7ey\u00ean C\u00eehan\u00ea 2","Pacific","Pe Agend\u0103","Pe Agend\u0103 cu Cristina Popu\u0219oi","Perspektiva","Programas de Radio Nuestra Am\u00e9rica","Radio Mart\u00ed","Radyo","Ser Madre en cuba, cuba, hambre, r\u00e9gimen, madre, negligencia, Testimonios, Crisis Econ\u00f3mica, madre cubana, Crisis Alimentaria","Ser viejo en Cuba, cuba, cubanos, crisis, alimentos, ancianos, viejos, vejez","South China Sea","Srbija","Taller de prensa","Th\u1eddi S\u1ef1","Tibet","Trong n\u01b0\u1edbc","Ukraine","Uvid","Uyghur","VOA \ud55c\uad6d\uc5b4 \ubcf4\uc774\ub294 \ub77c\ub514\uc624","VOA\u4eca\u65e5\u7126\u70b9","Video","Videos","V\u00eedyo Galer\u00ee","Zaviri ispod povr\u0161ine","adri%C3%A1n del sol mi padre est%C3%A1 muy d%C3%A9bil","atienden a mas de 50 personas en santiago de cuba por presunta intoxicacion alimentaria","auge en contagios de dengue en cuba","aumenta a 379 la cifra de desaparecidos por terremoto en colombia hay 285 fallecidos","banco mundial desembolsa millonaria ayuda para afectados por terremoto en colombia","casi 300 fallecidos almenos 4 000 heridos y 140 desaparecidos a 7 dias del terremoto en colombia","cifra de muertos por el terremoto en colombia supera las 200 personas seg%C3%BAn reporte","colombia declara estado de emergencia durante 30 dias por grave calamidad","colombia ingresa formalmente al escudo de las am%C3%A9ricas liderado por washington","convocan marcha pac%C3%ADfica por la libertad de todos los presos pol%C3%ADticos en venezuela","crece reclutamiento de ni%C3%B1os y ni%C3%B1as en colombia por parte de grupos ilegales seg%C3%BAn hrw","creo que el presidente trump ir%C3%A1 a la habana antes de que termine su mandato","eeuu cierra acuerdo petrolero que le dar%C3%A1 importante control de reservas venezolanas","eeuu ecuador y colombia se reunen para acordar lucha contra mafias del narcotr%C3%A1fico","eeuu sostiene operaciones militares junto a ecuador cerca de la frontera con colombia"],"types":[["","All types"],["video","Videos"],["clips","Clips"],["media","Media"]]},"has_next":false,"has_prev":false,"items":[{"article_body_paragraphs":[],"audio_source_url":null,"author":"Rolando N\u00e1poles","available_dubs":[],"downloadable_assets":["https://ocb-video-ns.akamaized.net/pangeavideo/2026/09/4/4a/4af4b113-c55d-4ee1-0426-08decd63a0c8_1080p.mp4?cb=ee22a5bae"],"duration_display":"2:28","duration_seconds":148.0,"embed_url":null,"id":13262,"image_caption":null,"image_url":"https://gdb.martinoticias.com/4af4b113-c55d-4ee1-0426-08decd63a0c8_tv_w1080_h608.jpg","is_clip":true,"item_type":"video","item_type_label":"Video","language_label":"Espa\u00f1ol","media_credit":"Rolando N\u00e1poles","micro_label":"Video report","micro_label_kind":"video","network_label":"OCB","network_logo_url":"/static/uploads/direct_network_logos/ocb_0888427dcb1d.svg","published_at":"2026-09-02T18:02:22","published_at_display":"2 Sep 2026, 18:02 GMT","sequence_badge_label":null,"sequence_count":null,"sequence_count_label":null,"sequence_frames":[],"sequence_kind":null,"source_name":"ocb_spanish_video_scrape","source_name_label":"OCB Spanish Video","source_type":"scrape","summary":"Madre califica de \"catastr\u00f3fico\" nuevo curso escolar en Cuba.","title":"\"El m\u00e1s catastr\u00f3fico de todos\": madre sobre curso escolar en Cuba","topic":"Audiovisuales Mart\u00ed","translation_language":"","url":"https://www.martinoticias.com/a/476810.html","video_url":"https://ocb-video-ns.akamaized.net/pangeavideo/2026/09/4/4a/4af4b113-c55d-4ee1-0426-08decd63a0c8_1080p.mp4?cb=ee22a5bae"},{"article_body_paragraphs":[],"audio_source_url":null,"author":"Rolando N\u00e1poles","available_dubs":[],"downloadable_assets":["https://ocb-video-ns.akamaized.net/pangeavideo/2026/09/7/7c/7c60ed48-bfc4-430a-690f-08def2ff2efe_1080p.mp4?cb=ee2291750"],"duration_display":"3:58","duration_seconds":238.0,"embed_url":null,"id":12693,"image_caption":null,"image_url":"https://gdb.martinoticias.com/7c60ed48-bfc4-430a-690f-08def2ff2efe_tv_w1080_h608.jpg","is_clip":true,"item_type":"video","item_type_label":"Video","language_label":"Espa\u00f1ol","media_credit":"Rolando N\u00e1poles","micro_label":"Video report","micro_label_kind":"video","network_label":"OCB","network_logo_url":"/static/uploads/direct_network_logos/ocb_0888427dcb1d.svg","published_at":"2026-09-01T18:58:16","published_at_display":"1 Sep 2026, 18:58 GMT","sequence_badge_label":null,"sequence_count":null,"sequence_count_label":null,"sequence_frames":[],"sequence_kind":null,"source_name":"ocb_spanish_video_scrape","source_name_label":"OCB Spanish Video","source_type":"scrape","summary":"Investigaci\u00f3n revel\u00f3 c\u00f3mo el r\u00e9gimen cubano prioriz\u00f3 la inversi\u00f3n extranjera en el turismo antes de producir alimentos","title":"R\u00e9gimen prioriz\u00f3 inversi\u00f3n extranjera en el turismo antes de producir alimentos en Cuba","topic":"Audiovisuales Mart\u00ed","translation_language":"","url":"https://www.martinoticias.com/a/r%C3%A9gimen-prioriz%C3%B3-inversi%C3%B3n-extranjera-en-el-turismo-antes-de-producir-alimentos-en-cuba/476746.html","video_url":"https://ocb-video-ns.akamaized.net/pangeavideo/2026/09/7/7c/7c60ed48-bfc4-430a-690f-08def2ff2efe_1080p.mp4?cb=ee2291750"},{"article_body_paragraphs":[],"audio_source_url":null,"author":"Rolando N\u00e1poles","available_dubs":[],"downloadable_assets":["https://ocb-video-ns.akamaized.net/pangeavideo/2026/08/0/00/00f92552-0ad0-4405-bc70-08def2b1d8dc_1080p.mp4?cb=ee227a789"],"duration_display":"3:35","duration_seconds":215.0,"embed_url":null,"id":12696,"image_caption":null,"image_url":"https://gdb.martinoticias.com/00f92552-0ad0-4405-bc70-08def2b1d8dc_tv_w1080_h608.jpg","is_clip":true,"item_type":"video","item_type_label":"Video","language_label":"Espa\u00f1ol","media_credit":"Rolando N\u00e1poles","micro_label":"Video report","micro_label_kind":"video","network_label":"OCB","network_logo_url":"/static/uploads/direct_network_logos/ocb_0888427dcb1d.svg","published_at":"2026-08-31T16:49:13","published_at_display":"31 Aug 2026, 16:49 GMT","sequence_badge_label":null,"sequence_count":null,"sequence_count_label":null,"sequence_frames":[],"sequence_kind":null,"source_name":"ocb_spanish_video_scrape","source_name_label":"OCB Spanish Video","source_type":"scrape","summary":"Economista advierte que medidas del r\u00e9gimen no va a beneficiar a empresas privadas en Cuba","title":"Las medidas que no beneficiar\u00edan a los negocios privados en Cuba","topic":"Audiovisuales Mart\u00ed","translation_language":"","url":"https://www.martinoticias.com/a/las-medidas-que-no-beneficiar%C3%ADan-a-los-negocios-privados-en-cuba/476655.html","video_url":"https://ocb-video-ns.akamaized.net/pangeavideo/2026/08/0/00/00f92552-0ad0-4405-bc70-08def2b1d8dc_1080p.mp4?cb=ee227a789"},{"article_body_paragraphs":[],"audio_source_url":null,"author":"Jany Gonz\u00e1lez","available_dubs":[],"downloadable_assets":["https://ocb-video-ns.akamaized.net/pangeavideo/2026/08/b/bc/bc78fb55-568f-42a3-0412-08decd63a0c8_1080p.mp4?cb=ee223fe70"],"duration_display":"3:16","duration_seconds":196.0,"embed_url":null,"id":12697,"image_caption":null,"image_url":"https://gdb.martinoticias.com/bc78fb55-568f-42a3-0412-08decd63a0c8_tv_w1080_h608.jpg","is_clip":true,"item_type":"video","item_type_label":"Video","language_label":"Espa\u00f1ol","media_credit":"Jany Gonz\u00e1lez","micro_label":"Video report","micro_label_kind":"video","network_label":"OCB","network_logo_url":"/static/uploads/direct_network_logos/ocb_0888427dcb1d.svg","published_at":"2026-08-28T21:56:25","published_at_display":"28 Aug 2026, 21:56 GMT","sequence_badge_label":null,"sequence_count":null,"sequence_count_label":null,"sequence_frames":[],"sequence_kind":null,"source_name":"ocb_spanish_video_scrape","source_name_label":"OCB Spanish Video","source_type":"scrape","summary":"Julio Rebull naci\u00f3 en Estados Unidos, pero hered\u00f3 de su padre, miembro de la Brigada 2506, un profundo v\u00ednculo con Cuba. Ahora dedica \u201cSu Majestad\u201d a quienes siguen en la isla y sue\u00f1a con ver una Cuba libre.","title":"\"Su Majestad\u201d: una canci\u00f3n que busca unir a los cubanos dentro y fuera de la isla","topic":"Audiovisuales Mart\u00ed","translation_language":"","url":"https://www.martinoticias.com/a/su-majestad-una-canci%C3%B3n-que-busca-unir-a-los-cubanos-dentro-y-fuera-de-la-isla/476510.html","video_url":"https://ocb-video-ns.akamaized.net/pangeavideo/2026/08/b/bc/bc78fb55-568f-42a3-0412-08decd63a0c8_1080p.mp4?cb=ee223fe70"},{"article_body_paragraphs":[],"audio_source_url":null,"author":"Rolando N\u00e1poles","available_dubs":[],"downloadable_assets":["https://ocb-video-ns.akamaized.net/pangeavideo/2026/08/5/57/57c1b373-c21a-4cfb-0409-08decd63a0c8_1080p.mp4?cb=ee22289a4"],"duration_display":"3:09","duration_seconds":189.0,"embed_url":null,"id":12700,"image_caption":null,"image_url":"https://gdb.martinoticias.com/57c1b373-c21a-4cfb-0409-08decd63a0c8_tv_w1080_h608.jpg","is_clip":true,"item_type":"video","item_type_label":"Video","language_label":"Espa\u00f1ol","media_credit":"Rolando N\u00e1poles","micro_label":"Video report","micro_label_kind":"video","network_label":"OCB","network_logo_url":"/static/uploads/direct_network_logos/ocb_0888427dcb1d.svg","published_at":"2026-08-27T19:40:20","published_at_display":"27 Aug 2026, 19:40 GMT","sequence_badge_label":null,"sequence_count":null,"sequence_count_label":null,"sequence_frames":[],"sequence_kind":null,"source_name":"ocb_spanish_video_scrape","source_name_label":"OCB Spanish Video","source_type":"scrape","summary":"Investigaci\u00f3n revela los encuentros del embajador cubano con l\u00edderes del Partido Comunista en Chile","title":"Reporte detalla los encuentros del embajador cubano en Chile con l\u00edderes del Partido Comunista","topic":"Audiovisuales Mart\u00ed","translation_language":"","url":"https://www.martinoticias.com/a/reporte-detalla-los-encuentros-del-embajador-cubano-en-chile-con-l%C3%ADderes-del-partido-comunista/476414.html","video_url":"https://ocb-video-ns.akamaized.net/pangeavideo/2026/08/5/57/57c1b373-c21a-4cfb-0409-08decd63a0c8_1080p.mp4?cb=ee22289a4"},{"article_body_paragraphs":[],"audio_source_url":null,"author":"Mart\u00ed Noticias","available_dubs":[],"downloadable_assets":["https://ocb-video-ns.akamaized.net/pangeavideo/2026/08/c/c8/c8d76117-0d55-49a8-cfcb-08decd5b38e4_1080p.mp4?cb=ee22012b9"],"duration_display":"7:15","duration_seconds":435.0,"embed_url":null,"id":12703,"image_caption":null,"image_url":"https://gdb.martinoticias.com/c8d76117-0d55-49a8-cfcb-08decd5b38e4_tv_w1080_h608.jpg","is_clip":false,"item_type":"video","item_type_label":"Video","language_label":"Espa\u00f1ol","media_credit":"Mart\u00ed Noticias","micro_label":"Video report","micro_label_kind":"video","network_label":"OCB","network_logo_url":"/static/uploads/direct_network_logos/ocb_0888427dcb1d.svg","published_at":"2026-08-25T22:48:25","published_at_display":"25 Aug 2026, 22:48 GMT","sequence_badge_label":null,"sequence_count":null,"sequence_count_label":null,"sequence_frames":[],"sequence_kind":null,"source_name":"ocb_spanish_video_scrape","source_name_label":"OCB Spanish Video","source_type":"scrape","summary":"\u201cEl misil cubano\u201d es el l\u00edder en ponches de todos los tiempos entre los relevistas que han pasado por Grandes Ligas y pr\u00f3ximamente debe llegar a los 1400 abanicados y 400 juegos salvados, por los que se ubica en el noveno lugar en este departamento. La entrevista fue realizada por Pelota Cubana USA.","title":"Aroldis Chapman camino al Sal\u00f3n de la Fama de Cooperstown","topic":"Audiovisuales Mart\u00ed","translation_language":"","url":"https://www.martinoticias.com/a/aroldis-chapman-camino-al-salon-de-la-fama-de-cooperstown/476266.html","video_url":"https://ocb-video-ns.akamaized.net/pangeavideo/2026/08/c/c8/c8d76117-0d55-49a8-cfcb-08decd5b38e4_1080p.mp4?cb=ee22012b9"},{"article_body_paragraphs":[],"audio_source_url":null,"author":"Jany Gonz\u00e1lez","available_dubs":[],"downloadable_assets":["https://ocb-video-ns.akamaized.net/pangeavideo/2026/08/8/85/850278bb-dc7d-41b3-68eb-08def2ff2efe_1080p.mp4?cb=ee21ff800"],"duration_display":"2:51","duration_seconds":171.0,"embed_url":null,"id":12704,"image_caption":null,"image_url":"https://gdb.martinoticias.com/850278bb-dc7d-41b3-68eb-08def2ff2efe_tv_w1080_h608.jpg","is_clip":true,"item_type":"video","item_type_label":"Video","language_label":"Espa\u00f1ol","media_credit":"Jany Gonz\u00e1lez","micro_label":"Video report","micro_label_kind":"video","network_label":"OCB","network_logo_url":"/static/uploads/direct_network_logos/ocb_0888427dcb1d.svg","published_at":"2026-08-25T20:54:24","published_at_display":"25 Aug 2026, 20:54 GMT","sequence_badge_label":null,"sequence_count":null,"sequence_count_label":null,"sequence_frames":[],"sequence_kind":null,"source_name":"ocb_spanish_video_scrape","source_name_label":"OCB Spanish Video","source_type":"scrape","summary":"Cuba no logra frenar el embarazo precoz. La escasez de anticonceptivos, las dificultades en el acceso a la salud y la vulnerabilidad econ\u00f3mica son algunos de los factores detr\u00e1s de una realidad que cada a\u00f1o lleva a miles de adolescentes a convertirse en madres.","title":"Embarazo adolescente en Cuba: cientos de ni\u00f1as son madres antes de cumplir los 15 a\u00f1os","topic":"Audiovisuales Mart\u00ed","translation_language":"","url":"https://www.martinoticias.com/a/476263.html","video_url":"https://ocb-video-ns.akamaized.net/pangeavideo/2026/08/8/85/850278bb-dc7d-41b3-68eb-08def2ff2efe_1080p.mp4?cb=ee21ff800"},{"article_body_paragraphs":[],"audio_source_url":null,"author":"Laura Artal","available_dubs":[],"downloadable_assets":["https://ocb-video-ns.akamaized.net/pangeavideo/2026/08/6/63/63d49e7c-6e19-45bd-7c73-08def2b1c8fe_1080p.mp4?cb=ee21ff76e"],"duration_display":"2:21","duration_seconds":141.0,"embed_url":null,"id":12706,"image_caption":null,"image_url":"https://gdb.martinoticias.com/63d49e7c-6e19-45bd-7c73-08def2b1c8fe_tv_w1080_h608.jpg","is_clip":true,"item_type":"video","item_type_label":"Video","language_label":"Espa\u00f1ol","media_credit":"Laura Artal","micro_label":"Video report","micro_label_kind":"video","network_label":"OCB","network_logo_url":"/static/uploads/direct_network_logos/ocb_0888427dcb1d.svg","published_at":"2026-08-25T20:05:03","published_at_display":"25 Aug 2026, 20:05 GMT","sequence_badge_label":null,"sequence_count":null,"sequence_count_label":null,"sequence_frames":[],"sequence_kind":null,"source_name":"ocb_spanish_video_scrape","source_name_label":"OCB Spanish Video","source_type":"scrape","summary":"La decisi\u00f3n genera preocupaci\u00f3n entre representantes de la comunidad venezolana, que piden diferenciar entre quienes cometen delitos y quienes permanecen en condici\u00f3n irregular, adem\u00e1s de evitar discursos que puedan derivar en estigmatizaci\u00f3n o xenofobia.","title":"El presidente de Colombia, Abelardo De La Espriella, orden\u00f3 iniciar operativos contra migrantes en...","topic":"Audiovisuales Mart\u00ed","translation_language":"","url":"https://www.martinoticias.com/a/el-presidente-de-colombia-abelardo-de-la-espriella-orden%C3%B3-iniciar-operativos-contra-migrantes-en-situaci%C3%B3n-irregular/476256.html","video_url":"https://ocb-video-ns.akamaized.net/pangeavideo/2026/08/6/63/63d49e7c-6e19-45bd-7c73-08def2b1c8fe_1080p.mp4?cb=ee21ff76e"},{"article_body_paragraphs":[],"audio_source_url":null,"author":"Rolando N\u00e1poles","available_dubs":[],"downloadable_assets":["https://ocb-video-ns.akamaized.net/pangeavideo/2026/08/a/a5/a50d26a3-6d9b-4957-68e7-08def2ff2efe_1080p.mp4?cb=ee21fdfd2"],"duration_display":"3:05","duration_seconds":185.0,"embed_url":null,"id":12708,"image_caption":null,"image_url":"https://gdb.martinoticias.com/a50d26a3-6d9b-4957-68e7-08def2ff2efe_tv_w1080_h608.jpg","is_clip":true,"item_type":"video","item_type_label":"Video","language_label":"Espa\u00f1ol","media_credit":"Rolando N\u00e1poles","micro_label":"Video report","micro_label_kind":"video","network_label":"OCB","network_logo_url":"/static/uploads/direct_network_logos/ocb_0888427dcb1d.svg","published_at":"2026-08-25T19:11:11","published_at_display":"25 Aug 2026, 19:11 GMT","sequence_badge_label":null,"sequence_count":null,"sequence_count_label":null,"sequence_frames":[],"sequence_kind":null,"source_name":"ocb_spanish_video_scrape","source_name_label":"OCB Spanish Video","source_type":"scrape","summary":"Prisoners Defenders denunci\u00f3 la explotaci\u00f3n de m\u00e9dicos cubanos en Botsuana","title":"Denuncian otro caso de explotaci\u00f3n de m\u00e9dicos cubanos en pa\u00eds africano","topic":"Audiovisuales Mart\u00ed","translation_language":"","url":"https://www.martinoticias.com/a/denuncian-otro-caso-de-explotaci%C3%B3n-de-m%C3%A9dicos-cubanos-en-pa%C3%ADs-africano/476247.html","video_url":"https://ocb-video-ns.akamaized.net/pangeavideo/2026/08/a/a5/a50d26a3-6d9b-4957-68e7-08def2ff2efe_1080p.mp4?cb=ee21fdfd2"},{"article_body_paragraphs":[],"audio_source_url":null,"author":"Jany Gonz\u00e1lez","available_dubs":[],"downloadable_assets":["https://ocb-video-ns.akamaized.net/pangeavideo/2026/06/4/4a/4ac2c504-c984-4315-02b2-08decd63a0c8_1080p.mp4?cb=ee1d61e6b"],"duration_display":"17:29","duration_seconds":1049.0,"embed_url":null,"id":12736,"image_caption":null,"image_url":"https://gdb.martinoticias.com/4ac2c504-c984-4315-02b2-08decd63a0c8_tv_w1080_h608.jpg","is_clip":false,"item_type":"video","item_type_label":"Video","language_label":"Espa\u00f1ol","media_credit":"Jany Gonz\u00e1lez","micro_label":"Video report","micro_label_kind":"video","network_label":"OCB","network_logo_url":"/static/uploads/direct_network_logos/ocb_0888427dcb1d.svg","published_at":"2026-06-30T20:30:20","published_at_display":"30 Jun 2026, 20:30 GMT","sequence_badge_label":null,"sequence_count":null,"sequence_count_label":null,"sequence_frames":[],"sequence_kind":null,"source_name":"ocb_spanish_video_scrape","source_name_label":"OCB Spanish Video","source_type":"scrape","summary":"Jos\u00e9 Daniel Ferrer es mucho m\u00e1s que un l\u00edder opositor. Es un padre, un esposo y un hombre que ha pagado un alto precio por mantenerse firme en sus convicciones. Esta es la historia de su lucha y resistencia.","title":"\u201cMe humillaron pero no me doblegaron\u201d: La historia de Jos\u00e9 Daniel Ferrer","topic":"Audiovisuales Mart\u00ed","translation_language":"","url":"https://www.martinoticias.com/a/me-humillaron-pero-no-me-doblegaron-la-historia-de-jos%C3%A9-daniel-ferrer/469805.html","video_url":"https://ocb-video-ns.akamaized.net/pangeavideo/2026/06/4/4a/4ac2c504-c984-4315-02b2-08decd63a0c8_1080p.mp4?cb=ee1d61e6b"},{"article_body_paragraphs":[],"audio_source_url":null,"author":"Mart\u00ed Noticias","available_dubs":[],"downloadable_assets":["https://ocb-video-ns.akamaized.net/pangeavideo/2026/06/e/e7/e788bf4e-a46c-42de-abcb-08decd4f1c2d_1080p.mp4?cb=ee1e0a1bd"],"duration_display":"8:59","duration_seconds":539.0,"embed_url":null,"id":12735,"image_caption":null,"image_url":"https://gdb.martinoticias.com/e788bf4e-a46c-42de-abcb-08decd4f1c2d_tv_w1080_h608.jpg","is_clip":false,"item_type":"video","item_type_label":"Video","language_label":"Espa\u00f1ol","media_credit":"Mart\u00ed Noticias","micro_label":"Video report","micro_label_kind":"video","network_label":"OCB","network_logo_url":"/static/uploads/direct_network_logos/ocb_0888427dcb1d.svg","published_at":"2026-06-26T19:54:26","published_at_display":"26 Jun 2026, 19:54 GMT","sequence_badge_label":null,"sequence_count":null,"sequence_count_label":null,"sequence_frames":[],"sequence_kind":null,"source_name":"ocb_spanish_video_scrape","source_name_label":"OCB Spanish Video","source_type":"scrape","summary":"En este reportaje especial, el periodista Jos\u00e9 Pernalete nos sumerge en las historias de los \"Caza-Huracanes\": cient\u00edficos y tripulantes que desaf\u00edan turbulencias brutales y vientos de 250 km/h, arriesg\u00e1ndolo todo en el cielo para proteger a millones de vidas en tierra.","title":"Cazadores de huracanes: Los cient\u00edficos que vuelan al coraz\u00f3n del infierno.","topic":"Audiovisuales Mart\u00ed","translation_language":"","url":"https://www.martinoticias.com/a/cazadores-de-tormentas-los-cient%C3%ADficos-que-vuelan-al-coraz%C3%B3n-del-infierno/469528.html","video_url":"https://ocb-video-ns.akamaized.net/pangeavideo/2026/06/e/e7/e788bf4e-a46c-42de-abcb-08decd4f1c2d_1080p.mp4?cb=ee1e0a1bd"},{"article_body_paragraphs":[],"audio_source_url":null,"author":"Mart\u00ed Noticias","available_dubs":[],"downloadable_assets":["https://ocb-video-ns.akamaized.net/pangeavideo/2026/06/d/de/de56b006-6f97-4769-5908-08decd6ea425_1080p.mp4?cb=ee1ca4806"],"duration_display":"13:33","duration_seconds":813.0,"embed_url":null,"id":12732,"image_caption":null,"image_url":"https://gdb.martinoticias.com/de56b006-6f97-4769-5908-08decd6ea425_tv_w1080_h608.jpg","is_clip":false,"item_type":"video","item_type_label":"Video","language_label":"Espa\u00f1ol","media_credit":"Mart\u00ed Noticias","micro_label":"Video report","micro_label_kind":"video","network_label":"OCB","network_logo_url":"/static/uploads/direct_network_logos/ocb_0888427dcb1d.svg","published_at":"2026-06-21T21:00:54","published_at_display":"21 Jun 2026, 21:00 GMT","sequence_badge_label":null,"sequence_count":null,"sequence_count_label":null,"sequence_frames":[],"sequence_kind":null,"source_name":"ocb_spanish_video_scrape","source_name_label":"OCB Spanish Video","source_type":"scrape","summary":"Desde los campos de Mount Vernon hasta el Capitolio y el Cementerio Nacional de Arlington, este reportaje explora los momentos, l\u00edderes pol\u00edticos y desaf\u00edos que han marcado a los Estados Unidos en sus 250 a\u00f1os de Independencia, una naci\u00f3n construida sobre las bases de la libertad.","title":"Estampas de Libertad: 250 a\u00f1os de Independencia","topic":"Audiovisuales Mart\u00ed","translation_language":"","url":"https://www.martinoticias.com/a/estampas-de-libertad-250-a%C3%B1os-de-independencia/469115.html","video_url":"https://ocb-video-ns.akamaized.net/pangeavideo/2026/06/d/de/de56b006-6f97-4769-5908-08decd6ea425_1080p.mp4?cb=ee1ca4806"},{"article_body_paragraphs":[],"audio_source_url":null,"author":"Mart\u00ed Noticias","available_dubs":[],"downloadable_assets":["https://ocb-video-ns.akamaized.net/pangeavideo/2026/06/b/b0/b0fcc9ab-62b3-4514-88b2-08decaf582f0_1080p.mp4?cb=ee1c3d96e"],"duration_display":"8:26","duration_seconds":506.0,"embed_url":null,"id":12737,"image_caption":null,"image_url":"https://gdb.martinoticias.com/b0fcc9ab-62b3-4514-88b2-08decaf582f0_tv_w1080_h608.jpg","is_clip":false,"item_type":"video","item_type_label":"Video","language_label":"Espa\u00f1ol","media_credit":"Mart\u00ed Noticias","micro_label":"Video report","micro_label_kind":"video","network_label":"OCB","network_logo_url":"/static/uploads/direct_network_logos/ocb_0888427dcb1d.svg","published_at":"2026-06-16T22:52:18","published_at_display":"16 Jun 2026, 22:52 GMT","sequence_badge_label":null,"sequence_count":null,"sequence_count_label":null,"sequence_frames":[],"sequence_kind":null,"source_name":"ocb_spanish_video_scrape","source_name_label":"OCB Spanish Video","source_type":"scrape","summary":"Hija del l\u00edder opositor Oswaldo Pay\u00e1, Rosa Mar\u00eda Pay\u00e1 ha dedicado su vida a la defensa de la libertad, los derechos humanos y la democracia en Cuba. En medio de la profunda crisis en la isla, conversa sobre los desaf\u00edos del cambio pol\u00edtico y la responsabilidad de construir un futuro democr\u00e1tico.","title":"Rosa Mar\u00eda Pay\u00e1: La libertad de Cuba como legado","topic":"Audiovisuales Mart\u00ed","translation_language":"","url":"https://www.martinoticias.com/a/rosa-mar%C3%ADa-pay%C3%A1-la-libertad-de-cuba-como-legado/468766.html","video_url":"https://ocb-video-ns.akamaized.net/pangeavideo/2026/06/b/b0/b0fcc9ab-62b3-4514-88b2-08decaf582f0_1080p.mp4?cb=ee1c3d96e"}],"next_num":null,"page":1,"pages":1,"per_page":20,"prev_num":null,"total":13}
