{"applied_filters":{"end_date":"","lang":"","language":"","network":"","page":1,"per_page":20,"search":"","source":"","start_date":"","topic":"Multimedija","type":""},"available_filters":{"language_choices":[{"label":"Choose Language","value":""},{"label":"Serbo-Croatian","value":"Serbo-Croatian"}],"network_choices":[{"label":"All networks","value":""},{"label":"RFE/RL","value":"RFE/RL"}],"source_choices":[{"label":"All sources","value":""},{"label":"Slobodnaevropa","value":"slobodnaevropa_org_direct"}],"sources":["slobodnaevropa_org_direct"],"topics":["250em\u00een Salvegera Serxweb\u00fbna Amer\u00eekay\u00ea","250\u0647\u06d5\u0645\u06cc\u0646 \u0633\u0627\u06b5\u06cc\u0627\u062f\u06cc \u0633\u06d5\u0631\u0628\u06d5\u062e\u06c6\u06cc\u06cc \u0626\u06d5\u0645\u06d5\u0631\u06cc\u06a9\u0627","8 \u10e4\u10dd\u10e2\u10dd \u10d0\u10e0\u10e5\u10d8\u10d5\u10d8\u10d3\u10d0\u10dc","Abriendo Espacios","Afghanistan","Agenda hemisf\u00e9rica","Amer\u00eeka","Am\u00e9rica Latina, VENEZUELA, Maiquetia","Asuntos de Estado","Audiovisuales Mart\u00ed","Audiovisuales Mart\u00ed, Cuba turismo, crisis del turismo en Cuba","Audiovisuales Mart\u00ed, VENEZUELA, apagones","Barrio Adentro","Bernameya Televizyon\u00ee ya Rojane","Bernamey\u00ean radyoy\u00ea y\u00ean rojane","B\u00ecnh lu\u1eadn","Caf\u00e9 Digital","China","Como Come Cuba, cuba, Como Come Cuba","Cuba Habla","Cuba Habla, Cuba","Cuba al D\u00eda","Cuba al D\u00eda, Cuba","Cuba en la Memoria","C\u00eehan","De cara al sol","Derechos Humanos, cuba, exilio, c\u00e1ncer, Ram\u00f3n Sa\u00fal S\u00e1nchez","El futuro es ya","Especiales, Exilio cubano, Freedom tower, \"Libertad\", Torre de la Libertad de Miami, Exilio cubano en Miami","Especiales, jos\u00e9 mart\u00ed, Exilio cubano","Esperando un techo, cuba, crisis, vivienda, derrumbes, techo, paredes, EsperandounTecho","Foro abierto","Hablando claro","Human Rights","Info Mart\u00ed","Info Mart\u00ed , Brigada 2506","Info Mart\u00ed , Cuba","Info Mart\u00ed , Estados Unidos, Colombia","Info Mart\u00ed , Estados Unidos, VENEZUELA","Info Mart\u00ed , estados unidos, Venezuela","Info Mart\u00ed , presos politicos, torturas, VENEZUELA","Iran","Iz RSE sveta","Izme\u0111u redova","Kentu-Cubano, cuba, cubanos, Kentucky, migrantes, KentoCubano","Korea","La libertad es una librer\u00eda","Laos","Las Noticias Como Son, Cuba","Las noticias como son","Lawton Libre","Liberaci\u00f3n","Mart\u00ed Noticias A.M.","Mozaik \u017eivota","Multimedija","Myanmar","Nicaragua al d\u00eda","Noticiero Mart\u00ed Noticias","N\u00fb\u00e7ey\u00ean C\u00eehan\u00ea 1","N\u00fb\u00e7ey\u00ean C\u00eehan\u00ea 2","Pacific","Pe Agend\u0103","Pe Agend\u0103 cu Cristina Popu\u0219oi","Perspektiva","Programas de Radio Nuestra Am\u00e9rica","Radio Mart\u00ed","Radyo","Ser Madre en cuba, cuba, hambre, r\u00e9gimen, madre, negligencia, Testimonios, Crisis Econ\u00f3mica, madre cubana, Crisis Alimentaria","Ser viejo en Cuba, cuba, cubanos, crisis, alimentos, ancianos, viejos, vejez","South China Sea","Srbija","Taller de prensa","Th\u1eddi S\u1ef1","Tibet","Trong n\u01b0\u1edbc","Ukraine","Uvid","Uyghur","VOA \ud55c\uad6d\uc5b4 \ubcf4\uc774\ub294 \ub77c\ub514\uc624","VOA\u4eca\u65e5\u7126\u70b9","Video","Videos","V\u00eedyo Galer\u00ee","Zaviri ispod povr\u0161ine","adri%C3%A1n del sol mi padre est%C3%A1 muy d%C3%A9bil","atienden a mas de 50 personas en santiago de cuba por presunta intoxicacion alimentaria","auge en contagios de dengue en cuba","aumenta a 379 la cifra de desaparecidos por terremoto en colombia hay 285 fallecidos","banco mundial desembolsa millonaria ayuda para afectados por terremoto en colombia","casi 300 fallecidos almenos 4 000 heridos y 140 desaparecidos a 7 dias del terremoto en colombia","cifra de muertos por el terremoto en colombia supera las 200 personas seg%C3%BAn reporte","colombia declara estado de emergencia durante 30 dias por grave calamidad","colombia ingresa formalmente al escudo de las am%C3%A9ricas liderado por washington","convocan marcha pac%C3%ADfica por la libertad de todos los presos pol%C3%ADticos en venezuela","crece reclutamiento de ni%C3%B1os y ni%C3%B1as en colombia por parte de grupos ilegales seg%C3%BAn hrw","creo que el presidente trump ir%C3%A1 a la habana antes de que termine su mandato","eeuu cierra acuerdo petrolero que le dar%C3%A1 importante control de reservas venezolanas","eeuu ecuador y colombia se reunen para acordar lucha contra mafias del narcotr%C3%A1fico","eeuu sostiene operaciones militares junto a ecuador cerca de la frontera con colombia","el papel peri%C3%B3dico de la habana autores sociedad patri%C3%B3tica de la habana y sociedad econ%C3%B3mica de amigos del pa%C3"],"types":[["","All types"],["video","Videos"],["clips","Clips"],["media","Media"]]},"has_next":false,"has_prev":false,"items":[{"article_body_paragraphs":[],"audio_source_url":null,"author":"Katarina Vojnovi\u0107","available_dubs":[],"downloadable_assets":["https://rfe-video-ns.akamaized.net/pangeavideo/2026/08/2/29/29a65590-430c-4500-834a-08decad17715_1080p.mp4?cb=ee20c18b4"],"duration_display":"2:16","duration_seconds":136.57,"embed_url":null,"id":3303,"image_caption":null,"image_url":"https://gdb.rferl.org/b63007de-485d-4869-bc45-e08c38de6315_cx0_cy8_cw0_mw2048_mh2048_n.jpg","is_clip":true,"item_type":"video","item_type_label":"Video","language_label":"Serbo-Croatian","media_credit":"RFE","micro_label":"Video report","micro_label_kind":"video","network_label":"RFE/RL","network_logo_url":"/static/uploads/direct_network_logos/rfe_rl_e69d397fdd7d.png","published_at":"2026-08-09T12:59:43.553000","published_at_display":"9 Aug 2026, 12:59 GMT","sequence_badge_label":null,"sequence_count":null,"sequence_count_label":null,"sequence_frames":[],"sequence_kind":null,"source_name":"slobodnaevropa_org_direct","source_name_label":"Slobodnaevropa","source_type":"direct_api","summary":"Od februara niko nije video niti \u010duo iranskog vrhovnog vo\u0111u Mod\u017etabu Hamneija. \u0160ta nam to govori o tome ko je zapravo glavni?","title":"Iranskog vrhovnog vo\u0111e nema nigde. Ko onda vodi Iran?","topic":"Multimedija","translation_language":"","url":"https://rfe-video-ns.akamaized.net/pangeavideo/2026/08/2/29/29a65590-430c-4500-834a-08decad17715_1080p.mp4?cb=ee20c18b4","video_url":"https://rfe-video-ns.akamaized.net/pangeavideo/2026/08/2/29/29a65590-430c-4500-834a-08decad17715_1080p.mp4?cb=ee20c18b4"},{"article_body_paragraphs":[],"audio_source_url":null,"author":null,"available_dubs":[],"downloadable_assets":["https://rfe-video-ns.akamaized.net/pangeavideo/2026/08/4/41/413defc1-9d78-46eb-7eb2-08def2afcceb_1080p.mp4?cb=ee20821cc"],"duration_display":"1:39","duration_seconds":99.6,"embed_url":null,"id":2892,"image_caption":null,"image_url":"https://gdb.rferl.org/83e8f65a-20d7-4b2a-e58c-08def2afcad7_mw2048_mh2048_n.jpg","is_clip":true,"item_type":"video","item_type_label":"Video","language_label":"Serbo-Croatian","media_credit":"RFE","micro_label":"Video report","micro_label_kind":"video","network_label":"RFE/RL","network_logo_url":"/static/uploads/direct_network_logos/rfe_rl_e69d397fdd7d.png","published_at":"2026-08-07T18:58:20.933000","published_at_display":"7 Aug 2026, 18:58 GMT","sequence_badge_label":null,"sequence_count":null,"sequence_count_label":null,"sequence_frames":[],"sequence_kind":null,"source_name":"slobodnaevropa_org_direct","source_name_label":"Slobodnaevropa","source_type":"direct_api","summary":"Komemoracije se odr\u017eavaju u \u010dast Oleksija Jukova, koji je svoj \u017eivot posvetio pronala\u017eenju i izvla\u010denju tijela poginulih vojnika s rati\u0161ta \u0161irom Ukrajine. Radio Slobodna Evropa je snimila jednu od njegovih posljednjih misija prije nego \u0161to je poginuo tokom ekshumacije posmrtnih ostataka u blizini linije fronta.","title":"Ukrajina se opra\u0161ta od \u010dovjeka koji je vra\u0107ao poginule vojnike njihovim porodicama","topic":"Multimedija","translation_language":"","url":"https://rfe-video-ns.akamaized.net/pangeavideo/2026/08/4/41/413defc1-9d78-46eb-7eb2-08def2afcceb_1080p.mp4?cb=ee20821cc","video_url":"https://rfe-video-ns.akamaized.net/pangeavideo/2026/08/4/41/413defc1-9d78-46eb-7eb2-08def2afcceb_1080p.mp4?cb=ee20821cc"},{"article_body_paragraphs":[],"audio_source_url":null,"author":"Ukrajinski servis RSE","available_dubs":[],"downloadable_assets":["https://rfe-video-ns.akamaized.net/pangeavideo/2026/07/5/5b/5b8da106-bde2-4ce1-33ca-08decd1f5434_1080p.mp4?cb=ee200efe7"],"duration_display":"0:54","duration_seconds":54.48,"embed_url":null,"id":1116,"image_caption":null,"image_url":"https://gdb.rferl.org/a2ad9c1b-0c50-4485-8177-08decad17715_mw2048_mh2048_n.png","is_clip":true,"item_type":"video","item_type_label":"Video","language_label":"Serbo-Croatian","media_credit":"RFE","micro_label":"Video report","micro_label_kind":"video","network_label":"RFE/RL","network_logo_url":"/static/uploads/direct_network_logos/rfe_rl_e69d397fdd7d.png","published_at":"2026-08-02T07:59:35.083000","published_at_display":"2 Aug 2026, 07:59 GMT","sequence_badge_label":null,"sequence_count":null,"sequence_count_label":null,"sequence_frames":[],"sequence_kind":null,"source_name":"slobodnaevropa_org_direct","source_name_label":"Slobodnaevropa","source_type":"direct_api","summary":"Oleksandra Paskal izgubila je 2022. godine nogu u ruskom raketnom napadu na ukrajinsku Odesku oblast. Tada je imala samo \u0161est godina. Nakon vi\u0161emjese\u010dne intenzivne rehabilitacije nau\u010dila je hodati uz pomo\u0107 proteze i ostvarila izuzetan uspjeh u ritmi\u010dkoj gimnastici.","title":"Zlatna medalja za ukrajinsku gimnasti\u010darku koja je izgubila nogu u ruskom napadu","topic":"Multimedija","translation_language":"","url":"https://rfe-video-ns.akamaized.net/pangeavideo/2026/07/5/5b/5b8da106-bde2-4ce1-33ca-08decd1f5434_1080p.mp4?cb=ee200efe7","video_url":"https://rfe-video-ns.akamaized.net/pangeavideo/2026/07/5/5b/5b8da106-bde2-4ce1-33ca-08decd1f5434_1080p.mp4?cb=ee200efe7"}],"next_num":null,"page":1,"pages":1,"per_page":20,"prev_num":null,"total":3}
