{"applied_filters":{"end_date":"","lang":"","language":"","network":"","page":1,"per_page":20,"search":"","source":"","start_date":"","topic":"Pe Agend\u0103 cu Cristina Popu\u0219oi","type":""},"available_filters":{"language_choices":[{"label":"Choose Language","value":""},{"label":"Romanian","value":"Romanian"}],"network_choices":[{"label":"All networks","value":""},{"label":"RFE/RL","value":"RFE/RL"}],"source_choices":[{"label":"All sources","value":""},{"label":"Moldova Europalibera","value":"moldova_europalibera_org_direct"}],"sources":["moldova_europalibera_org_direct"],"topics":["250em\u00een Salvegera Serxweb\u00fbna Amer\u00eekay\u00ea","250\u0647\u06d5\u0645\u06cc\u0646 \u0633\u0627\u06b5\u06cc\u0627\u062f\u06cc \u0633\u06d5\u0631\u0628\u06d5\u062e\u06c6\u06cc\u06cc \u0626\u06d5\u0645\u06d5\u0631\u06cc\u06a9\u0627","8 \u10e4\u10dd\u10e2\u10dd \u10d0\u10e0\u10e5\u10d8\u10d5\u10d8\u10d3\u10d0\u10dc","Abriendo Espacios","Afghanistan","Agenda hemisf\u00e9rica","Amer\u00eeka","Am\u00e9rica Latina, VENEZUELA, Maiquetia","Asuntos de Estado","Audiovisuales Mart\u00ed","Audiovisuales Mart\u00ed, Cuba turismo, crisis del turismo en Cuba","Audiovisuales Mart\u00ed, VENEZUELA, apagones","Barrio Adentro","Bernameya Televizyon\u00ee ya Rojane","Bernamey\u00ean radyoy\u00ea y\u00ean rojane","B\u00ecnh lu\u1eadn","Caf\u00e9 Digital","China","Como Come Cuba, cuba, Como Come Cuba","Cuba Habla","Cuba Habla, Cuba","Cuba al D\u00eda","Cuba al D\u00eda, Cuba","Cuba en la Memoria","C\u00eehan","De cara al sol","Derechos Humanos, cuba, exilio, c\u00e1ncer, Ram\u00f3n Sa\u00fal S\u00e1nchez","El futuro es ya","Especiales, Exilio cubano, Freedom tower, \"Libertad\", Torre de la Libertad de Miami, Exilio cubano en Miami","Especiales, jos\u00e9 mart\u00ed, Exilio cubano","Esperando un techo, cuba, crisis, vivienda, derrumbes, techo, paredes, EsperandounTecho","Foro abierto","Hablando claro","Human Rights","Info Mart\u00ed","Info Mart\u00ed , Brigada 2506","Info Mart\u00ed , Cuba","Info Mart\u00ed , Estados Unidos, Colombia","Info Mart\u00ed , Estados Unidos, VENEZUELA","Info Mart\u00ed , estados unidos, Venezuela","Info Mart\u00ed , presos politicos, torturas, VENEZUELA","Iran","Iz RSE sveta","Izme\u0111u redova","Kentu-Cubano, cuba, cubanos, Kentucky, migrantes, KentoCubano","Korea","La libertad es una librer\u00eda","Laos","Las Noticias Como Son, Cuba","Las noticias como son","Lawton Libre","Liberaci\u00f3n","Mart\u00ed Noticias A.M.","Mozaik \u017eivota","Multimedija","Myanmar","Nicaragua al d\u00eda","Noticiero Mart\u00ed Noticias","N\u00fb\u00e7ey\u00ean C\u00eehan\u00ea 1","N\u00fb\u00e7ey\u00ean C\u00eehan\u00ea 2","Pacific","Pe Agend\u0103","Pe Agend\u0103 cu Cristina Popu\u0219oi","Perspektiva","Programas de Radio Nuestra Am\u00e9rica","Radio Mart\u00ed","Radyo","Ser Madre en cuba, cuba, hambre, r\u00e9gimen, madre, negligencia, Testimonios, Crisis Econ\u00f3mica, madre cubana, Crisis Alimentaria","Ser viejo en Cuba, cuba, cubanos, crisis, alimentos, ancianos, viejos, vejez","South China Sea","Srbija","Taller de prensa","Th\u1eddi S\u1ef1","Tibet","Trong n\u01b0\u1edbc","Ukraine","Uvid","Uyghur","VOA \ud55c\uad6d\uc5b4 \ubcf4\uc774\ub294 \ub77c\ub514\uc624","VOA\u4eca\u65e5\u7126\u70b9","Video","Videos","V\u00eedyo Galer\u00ee","Zaviri ispod povr\u0161ine","adri%C3%A1n del sol mi padre est%C3%A1 muy d%C3%A9bil","atienden a mas de 50 personas en santiago de cuba por presunta intoxicacion alimentaria","auge en contagios de dengue en cuba","aumenta a 379 la cifra de desaparecidos por terremoto en colombia hay 285 fallecidos","banco mundial desembolsa millonaria ayuda para afectados por terremoto en colombia","casi 300 fallecidos almenos 4 000 heridos y 140 desaparecidos a 7 dias del terremoto en colombia","cifra de muertos por el terremoto en colombia supera las 200 personas seg%C3%BAn reporte","colombia declara estado de emergencia durante 30 dias por grave calamidad","colombia ingresa formalmente al escudo de las am%C3%A9ricas liderado por washington","convocan marcha pac%C3%ADfica por la libertad de todos los presos pol%C3%ADticos en venezuela","crece reclutamiento de ni%C3%B1os y ni%C3%B1as en colombia por parte de grupos ilegales seg%C3%BAn hrw","creo que el presidente trump ir%C3%A1 a la habana antes de que termine su mandato","eeuu cierra acuerdo petrolero que le dar%C3%A1 importante control de reservas venezolanas","eeuu ecuador y colombia se reunen para acordar lucha contra mafias del narcotr%C3%A1fico","eeuu sostiene operaciones militares junto a ecuador cerca de la frontera con colombia","el papel peri%C3%B3dico de la habana autores sociedad patri%C3%B3tica de la habana y sociedad econ%C3%B3mica de amigos del pa%C3"],"types":[["","All types"],["video","Videos"],["media","Media"]]},"has_next":false,"has_prev":false,"items":[{"article_body_paragraphs":[],"audio_source_url":null,"author":"Cristina Popu\u0219oi","available_dubs":[],"downloadable_assets":["https://rfe-video-ns.akamaized.net/pangeavideo/2026/08/d/d0/d00aaa2a-5a9e-4237-86c2-08decad17715_1080p.mp4?cb=ee220eb64"],"duration_display":"48:17","duration_seconds":2897.32,"embed_url":null,"id":9198,"image_caption":null,"image_url":"https://gdb.rferl.org/4fe23b74-c8db-438c-4a30-08decacf94d0_mw2048_mh2048_n.jpg","is_clip":false,"item_type":"video","item_type_label":"Video","language_label":"Romanian","media_credit":"RFE","micro_label":"Video report","micro_label_kind":"video","network_label":"RFE/RL","network_logo_url":"/static/uploads/direct_network_logos/rfe_rl_e69d397fdd7d.png","published_at":"2026-08-26T14:59:00","published_at_display":"26 Aug 2026, 14:59 GMT","sequence_badge_label":null,"sequence_count":null,"sequence_count_label":null,"sequence_frames":[],"sequence_kind":null,"source_name":"moldova_europalibera_org_direct","source_name_label":"Moldova Europalibera","source_type":"direct_api","summary":"\u00cen acest episod \u201ePe Agend\u0103\u201d, dedicat celor 35 de ani de la proclamarea independen\u021bei Republicii Moldova, istoricul Octavian \u021a\u00eecu sus\u021bine c\u0103 viitorul acesteia depinde de felul \u00een care se va \u00eencheia r\u0103zboiul din Ucraina, dar orice scenariu ar trebui \u201es\u0103 conving\u0103 Uniunea European\u0103 c\u0103 este mai bine s\u0103 integreze R. Moldova\u201d. Despre felul \u00een care \u00ee\u0219i va s\u0103rb\u0103tori R. Moldova independen\u021ba \u2013 cu vizita pre\u0219edin\u021bilor Rom\u00e2niei \u0219i Ucrainei la Chi\u0219in\u0103u \u2013 \u021a\u00eecu crede c\u0103 acest lucru este unul firesc \u0219i din punct de vedere politic, \u0219i al vecin\u0103t\u0103\u021bii.","title":"Octavian \u021a\u00eecu, despre 35 de ani de independen\u021b\u0103, Zelenski \u0219i Dan la Chi\u0219in\u0103u \u0219i aderarea la UE","topic":"Pe Agend\u0103 cu Cristina Popu\u0219oi","translation_language":"","url":"https://rfe-video-ns.akamaized.net/pangeavideo/2026/08/d/d0/d00aaa2a-5a9e-4237-86c2-08decad17715_1080p.mp4?cb=ee220eb64","video_url":"https://rfe-video-ns.akamaized.net/pangeavideo/2026/08/d/d0/d00aaa2a-5a9e-4237-86c2-08decad17715_1080p.mp4?cb=ee220eb64"},{"article_body_paragraphs":[],"audio_source_url":null,"author":"Cristina Popu\u0219oi","available_dubs":[],"downloadable_assets":["https://rfe-video-ns.akamaized.net/pangeavideo/2026/08/f/f4/f498765c-5b19-4858-f9e1-08def2b08775_1080p.mp4?cb=ee217ae42"],"duration_display":"59:16","duration_seconds":3556.65,"embed_url":null,"id":6843,"image_caption":null,"image_url":"https://gdb.rferl.org/ed40659b-f6f0-4cef-1d17-08decad58b60_mw2048_mh2048_n.jpg","is_clip":false,"item_type":"video","item_type_label":"Video","language_label":"Romanian","media_credit":"RFE","micro_label":"Video report","micro_label_kind":"video","network_label":"RFE/RL","network_logo_url":"/static/uploads/direct_network_logos/rfe_rl_e69d397fdd7d.png","published_at":"2026-08-19T14:59:00","published_at_display":"19 Aug 2026, 14:59 GMT","sequence_badge_label":null,"sequence_count":null,"sequence_count_label":null,"sequence_frames":[],"sequence_kind":null,"source_name":"moldova_europalibera_org_direct","source_name_label":"Moldova Europalibera","source_type":"direct_api","summary":"Cel de-al doilea pre\u0219edinte al R. Moldova, Petru Lucinschi, care l-a cunoscut pe Vladimir Putin, spune c\u0103 nu se a\u0219tepta c\u0103 acesta va invada Ucraina \u00een februarie 2022. La peste patru ani \u0219i jum\u0103tate de atunci, Lucinschi spune c\u0103 nu vede \u00eenc\u0103 o solu\u021bie \u00een r\u0103zboi, dar crede c\u0103 liderul rus va supravie\u021bui politic. \u00cen aceast\u0103 edi\u021bie, care este parte a unei mini-serii \u201ePe Agend\u0103\u201d dedicat\u0103 celor 35 de ani de la proclamarea independen\u021bei, am mai vorbit cu Petru Lucinschi despre \u201epolitica f\u0103r\u0103 r\u0103d\u0103cini a R. Moldova\u201d, aderarea la UE, \u201eepoca comuni\u0219tilor\u201d \u0219i nevoia \u201eunui model de dezvoltare economic\u0103\u201d.","title":"Cu Petru Lucinschi despre r\u0103zboiul din Ucraina, ambi\u021bia lui Putin \u0219i \u201ecancerul\u201d Ilan \u0218or","topic":"Pe Agend\u0103 cu Cristina Popu\u0219oi","translation_language":"","url":"https://rfe-video-ns.akamaized.net/pangeavideo/2026/08/f/f4/f498765c-5b19-4858-f9e1-08def2b08775_1080p.mp4?cb=ee217ae42","video_url":"https://rfe-video-ns.akamaized.net/pangeavideo/2026/08/f/f4/f498765c-5b19-4858-f9e1-08def2b08775_1080p.mp4?cb=ee217ae42"},{"article_body_paragraphs":[],"audio_source_url":null,"author":"Cristina Popu\u0219oi","available_dubs":[],"downloadable_assets":["https://rfe-video-ns.akamaized.net/pangeavideo/2026/08/e/eb/ebf498e6-e65e-4064-4735-08decacf94d0_1080p.mp4?cb=ee20e73d4"],"duration_display":"1:02:00","duration_seconds":3720.68,"embed_url":null,"id":4408,"image_caption":null,"image_url":"https://gdb.rferl.org/bfe4628a-cdcd-4e56-83cf-08decad17715_mw2048_mh2048_n.jpg","is_clip":false,"item_type":"video","item_type_label":"Video","language_label":"Romanian","media_credit":"RFE","micro_label":"Video report","micro_label_kind":"video","network_label":"RFE/RL","network_logo_url":"/static/uploads/direct_network_logos/rfe_rl_e69d397fdd7d.png","published_at":"2026-08-12T14:59:00","published_at_display":"12 Aug 2026, 14:59 GMT","sequence_badge_label":null,"sequence_count":null,"sequence_count_label":null,"sequence_frames":[],"sequence_kind":null,"source_name":"moldova_europalibera_org_direct","source_name_label":"Moldova Europalibera","source_type":"direct_api","summary":"\u00cen numai trei s\u0103pt\u0103m\u00e2ni de mandat, premierul Vasile Tofan \u0219i-a rescris \u201elegenda\u201d din tehnocrat \u00een politician, PAS are un candidat la preziden\u021bialele din 2028, dar nu pe Tofan, iar R. Moldova are nevoie \u0219i de un plan C, nu doar de A \u0219i B \u2013 a\u0219a putem rezuma noul episod din Pe Agend\u0103, cu Ion Sturza.","title":"Ion Sturza, despre politicianul Tofan, misteriosul candidat PAS la preziden\u021biale, UE \u0219i unire","topic":"Pe Agend\u0103 cu Cristina Popu\u0219oi","translation_language":"","url":"https://rfe-video-ns.akamaized.net/pangeavideo/2026/08/e/eb/ebf498e6-e65e-4064-4735-08decacf94d0_1080p.mp4?cb=ee20e73d4","video_url":"https://rfe-video-ns.akamaized.net/pangeavideo/2026/08/e/eb/ebf498e6-e65e-4064-4735-08decacf94d0_1080p.mp4?cb=ee20e73d4"},{"article_body_paragraphs":[],"audio_source_url":null,"author":"Cristina Popu\u0219oi","available_dubs":[],"downloadable_assets":["https://rfe-video-ns.akamaized.net/pangeavideo/2026/08/7/75/75e44cbf-eee6-4fa8-f743-08def2b08775_1080p.mp4?cb=ee2053e0f"],"duration_display":"59:01","duration_seconds":3541.84,"embed_url":null,"id":1876,"image_caption":null,"image_url":"https://gdb.rferl.org/fce037fc-f60d-4ee7-828e-08decad17715_mw2048_mh2048_n.jpg","is_clip":false,"item_type":"video","item_type_label":"Video","language_label":"Romanian","media_credit":"RFE","micro_label":"Video report","micro_label_kind":"video","network_label":"RFE/RL","network_logo_url":"/static/uploads/direct_network_logos/rfe_rl_e69d397fdd7d.png","published_at":"2026-08-05T14:59:00","published_at_display":"5 Aug 2026, 14:59 GMT","sequence_badge_label":null,"sequence_count":null,"sequence_count_label":null,"sequence_frames":[],"sequence_kind":null,"source_name":"moldova_europalibera_org_direct","source_name_label":"Moldova Europalibera","source_type":"direct_api","summary":"Fosta deputat\u0103 Vitalia Pavlicenco, o nou\u0103 invitat\u0103 a mini-seriei \u201ePe Agend\u0103\u201d \u00eenainte de Ziua Independen\u021bei, spune c\u0103 ea crede mai mult \u00een \u201eplanul B\u201d pentru garantarea securit\u0103\u021bii \u0219i bun\u0103st\u0103rii Republicii Moldova \u2013 anume unirea cu Rom\u00e2nia, dec\u00e2t \u00een \u201eplanul A\u201d \u2013 aderarea la UE. O veteran\u0103 a politicii moldovene \u0219i unionist\u0103 convins\u0103, Pavlicenco crede c\u0103 politicienii de pe ambele maluri ale Prutului ar trebui \u201es\u0103 conving\u0103\u201d \u0219i UE c\u0103 unirea estre calea de urmat.","title":"Vitalia Pavlicenco: Independen\u021ba \u201eca frunza pe ap\u0103\u201d, unirea \u201ela modul serios\u201d \u0219i \u201ehibele\u201d lui Simion","topic":"Pe Agend\u0103 cu Cristina Popu\u0219oi","translation_language":"","url":"https://rfe-video-ns.akamaized.net/pangeavideo/2026/08/7/75/75e44cbf-eee6-4fa8-f743-08def2b08775_1080p.mp4?cb=ee2053e0f","video_url":"https://rfe-video-ns.akamaized.net/pangeavideo/2026/08/7/75/75e44cbf-eee6-4fa8-f743-08def2b08775_1080p.mp4?cb=ee2053e0f"},{"article_body_paragraphs":[],"audio_source_url":null,"author":"Cristina Popu\u0219oi","available_dubs":[],"downloadable_assets":["https://rfe-video-ns.akamaized.net/pangeavideo/2026/07/d/d8/d80a0169-3d69-4f5a-1a4b-08decd1d5d42_1080p.mp4?cb=ee1f2c9ad"],"duration_display":"54:34","duration_seconds":3274.81,"embed_url":null,"id":327,"image_caption":null,"image_url":"https://gdb.rferl.org/b3923423-f7c6-4303-7fdb-08decad17715_mw2048_mh2048_n.jpg","is_clip":false,"item_type":"video","item_type_label":"Video","language_label":"Romanian","media_credit":"RFE","micro_label":"Video report","micro_label_kind":"video","network_label":"RFE/RL","network_logo_url":"/static/uploads/direct_network_logos/rfe_rl_e69d397fdd7d.png","published_at":"2026-07-22T14:59:00","published_at_display":"22 Jul 2026, 14:59 GMT","sequence_badge_label":null,"sequence_count":null,"sequence_count_label":null,"sequence_frames":[],"sequence_kind":null,"source_name":"moldova_europalibera_org_direct","source_name_label":"Moldova Europalibera","source_type":"direct_api","summary":"Cunoscutul politician \u0219i comentator Oazu Nantoi spune \u00een acest episod c\u0103 dezbaterile parlamentare la votul pentru Guvernul Tofan l-au convins c\u0103 noul prim-ministru are o \u201eviziune\u201d pentru Republica Moldova, spre deosebire de \u201emajoritatea\u201d guvernelor de p\u00e2n\u0103 acum, care nu se puteau neap\u0103rat l\u0103uda cu a\u0219a ceva. Pe l\u00e2ng\u0103 viziune, la Vasile Tofan \u201ese simte \u0219i competen\u021b\u0103\u201d \u0219i trebuie l\u0103sat \u201es\u0103 se manifeste\u201d mai spune Nantoi, care i-a fost consilier premierului precedent, Alexandru Munteanu. Acest episod este parte dintr-o miniserie \u00een care discut\u0103m cu veterani ai politicii moldovene \u00eenainte de \u00eemplinirea a 35 de ani de la proclamarea independen\u021bei Republicii Moldova.","title":"Oazu Nantoi despre guvernul Tofan, regimul \u201emai vulnerabil\u201d din st\u00e2nga Nistrului \u0219i G\u0103g\u0103uzia","topic":"Pe Agend\u0103 cu Cristina Popu\u0219oi","translation_language":"","url":"https://rfe-video-ns.akamaized.net/pangeavideo/2026/07/d/d8/d80a0169-3d69-4f5a-1a4b-08decd1d5d42_1080p.mp4?cb=ee1f2c9ad","video_url":"https://rfe-video-ns.akamaized.net/pangeavideo/2026/07/d/d8/d80a0169-3d69-4f5a-1a4b-08decd1d5d42_1080p.mp4?cb=ee1f2c9ad"},{"article_body_paragraphs":[],"audio_source_url":null,"author":"Cristina Popu\u0219oi","available_dubs":[],"downloadable_assets":["https://rfe-video-ns.akamaized.net/pangeavideo/2026/07/8/84/84d84c34-acb8-492d-7e48-08decad17715_1080p.mp4?cb=ee1e996b1"],"duration_display":"1:21:32","duration_seconds":4892.84,"embed_url":null,"id":329,"image_caption":null,"image_url":"https://gdb.rferl.org/67acd9ff-eefe-46c7-18cc-08decd1d5d42_mw2048_mh2048_n.jpg","is_clip":false,"item_type":"video","item_type_label":"Video","language_label":"Romanian","media_credit":"RFE","micro_label":"Video report","micro_label_kind":"video","network_label":"RFE/RL","network_logo_url":"/static/uploads/direct_network_logos/rfe_rl_e69d397fdd7d.png","published_at":"2026-07-15T14:59:00","published_at_display":"15 Jul 2026, 14:59 GMT","sequence_badge_label":null,"sequence_count":null,"sequence_count_label":null,"sequence_frames":[],"sequence_kind":null,"source_name":"moldova_europalibera_org_direct","source_name_label":"Moldova Europalibera","source_type":"direct_api","summary":"\u00cen cea de-a doua edi\u021bie a mini-seriei \u201ePe Agend\u0103\u201d \u00eenainte de \u00eemplinirea a 35 de ani de la proclamarea independen\u021bei R. Moldova, fostul lider democrat Dumitru Diacov vorbe\u0219te despre nevoia cre\u0103rii unui bloc politic de centru \u00een R. Moldova. De\u0219i a renun\u021bat la politic\u0103, el urm\u0103re\u0219te ce se \u00eent\u00e2mpl\u0103 pe scena politic\u0103 de la Chi\u0219in\u0103u, \u0219i crede c\u0103 urm\u0103torul premier s-ar putea confrunta cu \u201eo situa\u021bie complicat\u0103\u201d \u0219i va conta cum va fi abordarea PAS \u00een raport cu Vasile Tofan. C\u00e2t despre fostul s\u0103u coleg de partid, Vladimir Plahotniuc, condamnat \u00een dosarul furtul miliardului, Diacov spune c\u0103 nu a vorbit cu el \u00een ultima perioad\u0103. De\u0219i PD-ul nu mai exist\u0103 acum ca partid politic, Diacov spune c\u0103 forma\u021biunea sa a \u201eaprovizionat\u201d mai multe partide cu politicieni, f\u0103c\u00e2nd referire la migrarea unor democra\u021bi spre alte partide politice.","title":"Dumitru Diacov, despre \u201esitua\u021bia\u201d lui Tofan, mo\u0219tenirea PD \u0219i ce are Plahotniuc cu ce face guvernarea","topic":"Pe Agend\u0103 cu Cristina Popu\u0219oi","translation_language":"","url":"https://rfe-video-ns.akamaized.net/pangeavideo/2026/07/8/84/84d84c34-acb8-492d-7e48-08decad17715_1080p.mp4?cb=ee1e996b1","video_url":"https://rfe-video-ns.akamaized.net/pangeavideo/2026/07/8/84/84d84c34-acb8-492d-7e48-08decad17715_1080p.mp4?cb=ee1e996b1"},{"article_body_paragraphs":[],"audio_source_url":null,"author":"Cristina Popu\u0219oi","available_dubs":[],"downloadable_assets":["https://rfe-video-ns.akamaized.net/pangeavideo/2026/07/2/2e/2e738c44-c100-423a-1490-08decad58b60_1080p.mp4?cb=ee1e0446c"],"duration_display":"1:02:02","duration_seconds":3722.41,"embed_url":null,"id":331,"image_caption":null,"image_url":"https://gdb.rferl.org/9f90f939-9806-48f0-1498-08decad58b60_mw2048_mh2048_n.jpg","is_clip":false,"item_type":"video","item_type_label":"Video","language_label":"Romanian","media_credit":"RFE","micro_label":"Video report","micro_label_kind":"video","network_label":"RFE/RL","network_logo_url":"/static/uploads/direct_network_logos/rfe_rl_e69d397fdd7d.png","published_at":"2026-07-08T14:59:00","published_at_display":"8 Jul 2026, 14:59 GMT","sequence_badge_label":null,"sequence_count":null,"sequence_count_label":null,"sequence_frames":[],"sequence_kind":null,"source_name":"moldova_europalibera_org_direct","source_name_label":"Moldova Europalibera","source_type":"direct_api","summary":"Cum poate fi explicat\u0103 plecarea nea\u0219teptat\u0103 \u0219i rapid\u0103 din func\u021bia de premier a lui Alexandru Munteanu? Pe l\u00e2ng\u0103 semnele de \u00eentrebare, ce reforme neterminate las\u0103 \u00een urm\u0103 cabinetul s\u0103u de mini\u0219tri? Care vor fi principalele sarcini ale viitorului Guvern \u0219i de ce un premier tehnocrat nu e potrivit pentru R. Moldova? Sunt doar c\u00e2teva \u00eentreb\u0103ri la care au r\u0103spuns invita\u021bii acestei edi\u021bii a podcastului \u201ePe Agend\u0103\u201d \u2013 directoarea de programe a Centrului de Politici \u0219i Reforme, Vlada Ciobanu, \u0219i analistul politic Ion T\u0103b\u00e2r\u021b\u0103.","title":"Plecarea lui Munteanu \u0219i misiunea viitorului premier al R. Moldova","topic":"Pe Agend\u0103 cu Cristina Popu\u0219oi","translation_language":"","url":"https://rfe-video-ns.akamaized.net/pangeavideo/2026/07/2/2e/2e738c44-c100-423a-1490-08decad58b60_1080p.mp4?cb=ee1e0446c","video_url":"https://rfe-video-ns.akamaized.net/pangeavideo/2026/07/2/2e/2e738c44-c100-423a-1490-08decad58b60_1080p.mp4?cb=ee1e0446c"},{"article_body_paragraphs":[],"audio_source_url":null,"author":"Cristina Popu\u0219oi","available_dubs":[],"downloadable_assets":["https://rfe-video-ns.akamaized.net/pangeavideo/2026/07/2/25/25bdb5a9-e6a7-4592-5c90-08decd277110_1080p.mp4?cb=ee1d70358"],"duration_display":"57:54","duration_seconds":3474.53,"embed_url":null,"id":333,"image_caption":null,"image_url":"https://gdb.rferl.org/c071d0c0-7408-48bf-3f11-08decacf94d0_mw2048_mh2048_n.png","is_clip":false,"item_type":"video","item_type_label":"Video","language_label":"Romanian","media_credit":"RFE","micro_label":"Video report","micro_label_kind":"video","network_label":"RFE/RL","network_logo_url":"/static/uploads/direct_network_logos/rfe_rl_e69d397fdd7d.png","published_at":"2026-07-01T14:59:00","published_at_display":"1 Jul 2026, 14:59 GMT","sequence_badge_label":null,"sequence_count":null,"sequence_count_label":null,"sequence_frames":[],"sequence_kind":null,"source_name":"moldova_europalibera_org_direct","source_name_label":"Moldova Europalibera","source_type":"direct_api","summary":"Liderul Partidului Liberal, Mihai Ghimpu, este primul invitat dintr-o mini-serie a podcastului Pe Agend\u0103, \u00een care vom discuta cu veterani ai politicii moldovene, \u00eenainte de \u00eemplinirea a 35 de ani de la proclamarea independen\u021bei Republicii Moldova. L-am \u00eentrebat despre actualele scandaluri de la Chi\u0219in\u0103u, criza politic\u0103 de la Bucure\u0219ti \u0219i despre inten\u021bia de a crea o for\u021b\u0103 politic\u0103 de alternativ\u0103 fa\u021b\u0103 de actuala guvernare. Unionist convins, Ghimpu crede c\u0103 integrarea Moldovei \u00een UE va duce mai rapid spre unirea cu Rom\u00e2nia.","title":"Mihai Ghimpu despre unire, AUR \u0219i \u201em\u00e2na Moscovei\u201d la Bucure\u0219ti","topic":"Pe Agend\u0103 cu Cristina Popu\u0219oi","translation_language":"","url":"https://rfe-video-ns.akamaized.net/pangeavideo/2026/07/2/25/25bdb5a9-e6a7-4592-5c90-08decd277110_1080p.mp4?cb=ee1d70358","video_url":"https://rfe-video-ns.akamaized.net/pangeavideo/2026/07/2/25/25bdb5a9-e6a7-4592-5c90-08decd277110_1080p.mp4?cb=ee1d70358"},{"article_body_paragraphs":[],"audio_source_url":null,"author":"Cristina Popu\u0219oi","available_dubs":[],"downloadable_assets":["https://rfe-video-ns.akamaized.net/pangeavideo/2026/06/d/d8/d835e903-3e71-422b-7a01-08decad17715_1080p.mp4?cb=ee1cda376"],"duration_display":"59:04","duration_seconds":3544.21,"embed_url":null,"id":335,"image_caption":null,"image_url":"https://gdb.rferl.org/3a4fbb59-03fa-478f-11c7-08decad58b60_mw2048_mh2048_n.jpg","is_clip":false,"item_type":"video","item_type_label":"Video","language_label":"Romanian","media_credit":"RFE","micro_label":"Video report","micro_label_kind":"video","network_label":"RFE/RL","network_logo_url":"/static/uploads/direct_network_logos/rfe_rl_e69d397fdd7d.png","published_at":"2026-06-24T14:59:00","published_at_display":"24 Jun 2026, 14:59 GMT","sequence_badge_label":null,"sequence_count":null,"sequence_count_label":null,"sequence_frames":[],"sequence_kind":null,"source_name":"moldova_europalibera_org_direct","source_name_label":"Moldova Europalibera","source_type":"direct_api","summary":"Reputatul istoric rom\u00e2no-britanic Dennis Deletant vorbe\u0219te \u00een aceast\u0103 edi\u021bie a podcastului \u201ePe Agend\u0103\u201d despre cum a evoluat R. Moldova de la un \u201estat sovietic\u201d la unul independent, care \u201etrebuie s\u0103-\u0219i croiasc\u0103 singur\u201d drumul spre UE. Primul traduc\u0103tor \u00een englez\u0103 al Constitu\u021biei moldovene, profesorul Deletant \u2013 care a studiat decenii la r\u00e2nd istoria Rom\u00e2niei, crede c\u0103 acum nu este un moment oportun pentru o poten\u021bial\u0103 unire dintre R. Moldova \u0219i Rom\u00e2nia, de\u0219i discu\u021bia devine tot mai intens\u0103.","title":"Dennis Deletant, despre unirea R. Moldova cu Rom\u00e2nia, criza de la Bucure\u0219ti \u0219i efectele Brexitului","topic":"Pe Agend\u0103 cu Cristina Popu\u0219oi","translation_language":"","url":"https://rfe-video-ns.akamaized.net/pangeavideo/2026/06/d/d8/d835e903-3e71-422b-7a01-08decad17715_1080p.mp4?cb=ee1cda376","video_url":"https://rfe-video-ns.akamaized.net/pangeavideo/2026/06/d/d8/d835e903-3e71-422b-7a01-08decad17715_1080p.mp4?cb=ee1cda376"}],"next_num":null,"page":1,"pages":1,"per_page":20,"prev_num":null,"total":9}
