{"applied_filters":{"end_date":"","lang":"","language":"","network":"","page":1,"per_page":20,"search":"","source":"","start_date":"","topic":"Perspektiva","type":""},"available_filters":{"language_choices":[{"label":"Choose Language","value":""},{"label":"Serbo-Croatian","value":"Serbo-Croatian"}],"network_choices":[{"label":"All networks","value":""},{"label":"RFE/RL","value":"RFE/RL"}],"source_choices":[{"label":"All sources","value":""},{"label":"Slobodnaevropa","value":"slobodnaevropa_org_direct"}],"sources":["slobodnaevropa_org_direct"],"topics":["250em\u00een Salvegera Serxweb\u00fbna Amer\u00eekay\u00ea","250\u0647\u06d5\u0645\u06cc\u0646 \u0633\u0627\u06b5\u06cc\u0627\u062f\u06cc \u0633\u06d5\u0631\u0628\u06d5\u062e\u06c6\u06cc\u06cc \u0626\u06d5\u0645\u06d5\u0631\u06cc\u06a9\u0627","8 \u10e4\u10dd\u10e2\u10dd \u10d0\u10e0\u10e5\u10d8\u10d5\u10d8\u10d3\u10d0\u10dc","Afghanistan","Amer\u00eeka","Am\u00e9rica Latina, VENEZUELA, Maiquetia","Asuntos de Estado","Audiovisuales Mart\u00ed","Audiovisuales Mart\u00ed, Cuba turismo, crisis del turismo en Cuba","Audiovisuales Mart\u00ed, VENEZUELA, apagones","Barrio Adentro","Bernameya Televizyon\u00ee ya Rojane","Bernamey\u00ean radyoy\u00ea y\u00ean rojane","B\u00ecnh lu\u1eadn","China","Como Come Cuba, cuba, Como Come Cuba","Cuba Habla","Cuba Habla, Cuba","Cuba al D\u00eda","Cuba al D\u00eda, Cuba","Cuba en la Memoria","C\u00eehan","De cara al sol","Derechos Humanos, cuba, exilio, c\u00e1ncer, Ram\u00f3n Sa\u00fal S\u00e1nchez","Especiales, Exilio cubano, Freedom tower, \"Libertad\", Torre de la Libertad de Miami, Exilio cubano en Miami","Especiales, jos\u00e9 mart\u00ed, Exilio cubano","Esperando un techo, cuba, crisis, vivienda, derrumbes, techo, paredes, EsperandounTecho","Hablando claro","Human Rights","Info Mart\u00ed","Info Mart\u00ed , Brigada 2506","Info Mart\u00ed , Cuba","Info Mart\u00ed , Estados Unidos, Colombia","Info Mart\u00ed , Estados Unidos, VENEZUELA","Info Mart\u00ed , estados unidos, Venezuela","Info Mart\u00ed , presos politicos, torturas, VENEZUELA","Iran","Iz RSE sveta","Izme\u0111u redova","Kentu-Cubano, cuba, cubanos, Kentucky, migrantes, KentoCubano","Korea","La libertad es una librer\u00eda","Laos","Las Noticias Como Son, Cuba","Lawton Libre","Liberaci\u00f3n","Mozaik \u017eivota","Multimedija","Myanmar","Noticiero Mart\u00ed Noticias","N\u00fb\u00e7ey\u00ean C\u00eehan\u00ea 1","N\u00fb\u00e7ey\u00ean C\u00eehan\u00ea 2","Pacific","Pe Agend\u0103","Pe Agend\u0103 cu Cristina Popu\u0219oi","Perspektiva","Radyo","Ser Madre en cuba, cuba, hambre, r\u00e9gimen, madre, negligencia, Testimonios, Crisis Econ\u00f3mica, madre cubana, Crisis Alimentaria","Ser viejo en Cuba, cuba, cubanos, crisis, alimentos, ancianos, viejos, vejez","South China Sea","Srbija","Taller de prensa","Th\u1eddi S\u1ef1","Tibet","Trong n\u01b0\u1edbc","Ukraine","Uvid","Uyghur","VOA \ud55c\uad6d\uc5b4 \ubcf4\uc774\ub294 \ub77c\ub514\uc624","VOA\u4eca\u65e5\u7126\u70b9","Video","Videos","V\u00eedyo Galer\u00ee","Zaviri ispod povr\u0161ine","a","adri%C3%A1n del sol mi padre est%C3%A1 muy d%C3%A9bil","atienden a mas de 50 personas en santiago de cuba por presunta intoxicacion alimentaria","auge en contagios de dengue en cuba","aumenta a 379 la cifra de desaparecidos por terremoto en colombia hay 285 fallecidos","banco mundial desembolsa millonaria ayuda para afectados por terremoto en colombia","casi 300 fallecidos almenos 4 000 heridos y 140 desaparecidos a 7 dias del terremoto en colombia","cifra de muertos por el terremoto en colombia supera las 200 personas seg%C3%BAn reporte","colombia declara estado de emergencia durante 30 dias por grave calamidad","colombia ingresa formalmente al escudo de las am%C3%A9ricas liderado por washington","convocan marcha pac%C3%ADfica por la libertad de todos los presos pol%C3%ADticos en venezuela","crece reclutamiento de ni%C3%B1os y ni%C3%B1as en colombia por parte de grupos ilegales seg%C3%BAn hrw","creo que el presidente trump ir%C3%A1 a la habana antes de que termine su mandato","eeuu cierra acuerdo petrolero que le dar%C3%A1 importante control de reservas venezolanas","eeuu ecuador y colombia se reunen para acordar lucha contra mafias del narcotr%C3%A1fico","eeuu sostiene operaciones militares junto a ecuador cerca de la frontera con colombia","el papel peri%C3%B3dico de la habana autores sociedad patri%C3%B3tica de la habana y sociedad econ%C3%B3mica de amigos del pa%C3","gobierno de colombia da por terminada conversaciones con otros tres grupos armados ilegales","informe pide mayor presencia militar en cuba","joven con vih permanece encarcelado tras protesta por apagones en guanabacoa","la periodista independiente yoanni limonta reporta una protesta frente al gobierno provincial de cienfuegos tras apagones de mas","las farmacias privadas abren en cuba entre criticas por sus altos precios y dudas medicas sobre sus controles","m%C3%A1s hoteles menos hospitales","oea aprueba convocatoria urgente de cancilleres para condenar a la dictadura de nicaragua","padre castor %C3%A1lvarez devesa","rechazo en cuba a los festejos estatales durante el colapso de los servicios basicos"],"types":[["","All types"],["video","Videos"],["media","Media"]]},"has_next":false,"has_prev":false,"items":[{"article_body_paragraphs":[],"audio_source_url":null,"author":null,"available_dubs":[],"downloadable_assets":["https://rfe-video-ns.akamaized.net/pangeavideo/2026/08/0/03/034a4cbd-c451-4868-4afa-08decacf94d0_1080p.mp4?cb=ee225f931"],"duration_display":"27:25","duration_seconds":1645.76,"embed_url":null,"id":10528,"image_caption":null,"image_url":"https://gdb.rferl.org/1ffa580e-f137-4ed1-4afb-08decacf94d0_mw2048_mh2048_n.jpg","is_clip":false,"item_type":"video","item_type_label":"Video","language_label":"Serbo-Croatian","media_credit":"RFE","micro_label":"Video report","micro_label_kind":"video","network_label":"RFE/RL","network_logo_url":"/static/uploads/direct_network_logos/rfe_rl_e69d397fdd7d.png","published_at":"2026-08-30T10:13:05.187000","published_at_display":"30 Aug 2026, 10:13 GMT","sequence_badge_label":null,"sequence_count":null,"sequence_count_label":null,"sequence_frames":[],"sequence_kind":null,"source_name":"slobodnaevropa_org_direct","source_name_label":"Slobodnaevropa","source_type":"direct_api","summary":"U serijalu Perspektiva u Kotoru mladi su govorili o va\u017enosti o\u010duvanja kulturnog naslije\u0111a, problemu partijskog zapo\u0161ljavanja, ekstremizmu, rodnoj ravnopravnosti, LGBTQ pravima, i nedostatku podr\u0161ke mladima. U ovoj Retrospektivi svoj osvrt na njihove izjave donose: Nikola Zirojevi\u0107, poslanik u Skup\u0161tini Crne Gore, Ivan Vuk\u010devi\u0107, koordinator programa Ljudska prava, Centar za gra\u0111ansko obrazovanje, Sr\u0111an Peri\u0107, predsjednik Skup\u0161tine Glavnog grada, Jovana Marovi\u0107, dr. politi\u010dkih nauka i gra\u0111anska aktivistkinja, I Aleksandar Dragi\u0107evi\u0107, gra\u0111anski i ekolo\u0161ki aktivista.","title":"Retrospektiva Perspektive u Kotoru: Sistem mladima ne daje dovoljno prilike ni podr\u0161ke","topic":"Perspektiva","translation_language":"","url":"https://rfe-video-ns.akamaized.net/pangeavideo/2026/08/0/03/034a4cbd-c451-4868-4afa-08decacf94d0_1080p.mp4?cb=ee225f931","video_url":"https://rfe-video-ns.akamaized.net/pangeavideo/2026/08/0/03/034a4cbd-c451-4868-4afa-08decacf94d0_1080p.mp4?cb=ee225f931"},{"article_body_paragraphs":[],"audio_source_url":null,"author":null,"available_dubs":[],"downloadable_assets":["https://rfe-video-ns.akamaized.net/pangeavideo/2026/08/3/32/323dc9d8-afd0-4785-e89d-08def2afcad7_1080p.mp4?cb=ee21ce069"],"duration_display":"27:01","duration_seconds":1621.28,"embed_url":null,"id":8050,"image_caption":null,"image_url":"https://gdb.rferl.org/323dc9d8-afd0-4785-e89d-08def2afcad7_tv_mw2048_mh2048_n.jpg","is_clip":false,"item_type":"video","item_type_label":"Video","language_label":"Serbo-Croatian","media_credit":"RFE","micro_label":"Video report","micro_label_kind":"video","network_label":"RFE/RL","network_logo_url":"/static/uploads/direct_network_logos/rfe_rl_e69d397fdd7d.png","published_at":"2026-08-23T12:36:12.627000","published_at_display":"23 Aug 2026, 12:36 GMT","sequence_badge_label":null,"sequence_count":null,"sequence_count_label":null,"sequence_frames":[],"sequence_kind":null,"source_name":"slobodnaevropa_org_direct","source_name_label":"Slobodnaevropa","source_type":"direct_api","summary":"Perspektiva je u Grazu, u Austriji, razgovarala s mladima iz zemalja Zapadnog Balkana koji tamo grade svoje \u017eivote, studiraju i rade. Svoj osvrt na njihove izjave dala je Alma Zadi\u0107, austrijska pravnica i politi\u010darka bosanskohercegova\u010dkog porijekla, koja je od 2020. do 2025. godine bila na \u010delu Ministarstva pravde Austrije, a trenutno je glasnogovornica Zelenih za pravosu\u0111e.","title":"Perspektiva u Grazu: Treba jednostavno biti ponosan na ono \u0161to jeste","topic":"Perspektiva","translation_language":"","url":"https://rfe-video-ns.akamaized.net/pangeavideo/2026/08/3/32/323dc9d8-afd0-4785-e89d-08def2afcad7_1080p.mp4?cb=ee21ce069","video_url":"https://rfe-video-ns.akamaized.net/pangeavideo/2026/08/3/32/323dc9d8-afd0-4785-e89d-08def2afcad7_1080p.mp4?cb=ee21ce069"},{"article_body_paragraphs":[],"audio_source_url":null,"author":null,"available_dubs":[],"downloadable_assets":["https://rfe-video-ns.akamaized.net/pangeavideo/2026/08/8/88/889e1a6a-1490-4474-f970-08def2b08775_1080p.mp4?cb=ee2138c70"],"duration_display":"27:00","duration_seconds":1620.12,"embed_url":null,"id":5681,"image_caption":null,"image_url":"https://gdb.rferl.org/889e1a6a-1490-4474-f970-08def2b08775_tv_mw2048_mh2048_n.jpg","is_clip":false,"item_type":"video","item_type_label":"Video","language_label":"Serbo-Croatian","media_credit":"RFE","micro_label":"Video report","micro_label_kind":"video","network_label":"RFE/RL","network_logo_url":"/static/uploads/direct_network_logos/rfe_rl_e69d397fdd7d.png","published_at":"2026-08-16T10:48:16.977000","published_at_display":"16 Aug 2026, 10:48 GMT","sequence_badge_label":null,"sequence_count":null,"sequence_count_label":null,"sequence_frames":[],"sequence_kind":null,"source_name":"slobodnaevropa_org_direct","source_name_label":"Slobodnaevropa","source_type":"direct_api","summary":"Mladi iz cijele Crne Gore u Perspektivi u Podgorici su otvorili pitanja koja nadilaze njihovu generaciju i govore o stanju dru\u0161tva u cjelini. Govorili su o nepovjerenju u sistem, osje\u0107aju ekonomske i fizi\u010dke nesigurnosti, zdravstvu koje postaje privilegija te tr\u017ei\u0161tu rada u kojem se pre\u010desto pita \"ko te \u0161alje\" i \"\u010diji si\". Komentar na njihove izjave donose: Nikola Zirojevi\u0107, poslanik u Skup\u0161tini Crne Gore, Sr\u0111an Peri\u0107, predsjednik Skup\u0161tine Glavnog grada, Jovana Marovi\u0107, dr. politi\u010dkih nauka i gra\u0111anska aktivistkinja, Aleksandar Dragi\u0107evi\u0107, gra\u0111anski i ekolo\u0161ki aktivista, i Katarina Vukadinovi\u0107, psiholo\u0161kinja i omladinska radnica.","title":"Retrospektiva Perspektive u Podgorici: Mladima ne ostavljamo dobru po\u010detnu poziciju","topic":"Perspektiva","translation_language":"","url":"https://rfe-video-ns.akamaized.net/pangeavideo/2026/08/8/88/889e1a6a-1490-4474-f970-08def2b08775_1080p.mp4?cb=ee2138c70","video_url":"https://rfe-video-ns.akamaized.net/pangeavideo/2026/08/8/88/889e1a6a-1490-4474-f970-08def2b08775_1080p.mp4?cb=ee2138c70"},{"article_body_paragraphs":[],"audio_source_url":null,"author":null,"available_dubs":[],"downloadable_assets":["https://rfe-video-ns.akamaized.net/pangeavideo/2026/08/6/66/66e6b95b-63e6-4ae8-e62c-08def2afcad7_1080p.mp4?cb=ee20a9da4"],"duration_display":"25:09","duration_seconds":1509.25,"embed_url":null,"id":3363,"image_caption":null,"image_url":"https://gdb.rferl.org/00b36be3-e3f7-443a-94b9-08ddfa9b85de_cx0_cy10_cw0_mw2048_mh2048_n.jpg","is_clip":false,"item_type":"video","item_type_label":"Video","language_label":"Serbo-Croatian","media_credit":"RFE","micro_label":"Video report","micro_label_kind":"video","network_label":"RFE/RL","network_logo_url":"/static/uploads/direct_network_logos/rfe_rl_e69d397fdd7d.png","published_at":"2026-08-09T16:11:02.590000","published_at_display":"9 Aug 2026, 16:11 GMT","sequence_badge_label":null,"sequence_count":null,"sequence_count_label":null,"sequence_frames":[],"sequence_kind":null,"source_name":"slobodnaevropa_org_direct","source_name_label":"Slobodnaevropa","source_type":"direct_api","summary":"U Novom Pazaru Perspektiva je sa generacijom koja je odbila da \u0161uti, odustane i napusti svoju zemlju. Mladi u Srbiji bore se za pravdu, slobodu i bolji \u017eivot. Svojim primjerom pokazuju budu\u0107im nara\u0161tajima \"kako treba da \u017eive i kakvi ljudi treba da budu\".","title":"Perspektiva u Novom Pazaru: 'Primer budu\u0107im nara\u0161tajima'","topic":"Perspektiva","translation_language":"","url":"https://rfe-video-ns.akamaized.net/pangeavideo/2026/08/6/66/66e6b95b-63e6-4ae8-e62c-08def2afcad7_1080p.mp4?cb=ee20a9da4","video_url":"https://rfe-video-ns.akamaized.net/pangeavideo/2026/08/6/66/66e6b95b-63e6-4ae8-e62c-08def2afcad7_1080p.mp4?cb=ee20a9da4"},{"article_body_paragraphs":[],"audio_source_url":null,"author":null,"available_dubs":[],"downloadable_assets":["https://rfe-video-ns.akamaized.net/pangeavideo/2026/08/a/ab/abc0be3e-c554-4f53-3467-08decd1f5434_1080p.mp4?cb=ee20147b4"],"duration_display":"25:08","duration_seconds":1508.6,"embed_url":null,"id":1115,"image_caption":null,"image_url":"https://gdb.rferl.org/abc0be3e-c554-4f53-3467-08decd1f5434_tv_mw2048_mh2048_n.jpg","is_clip":false,"item_type":"video","item_type_label":"Video","language_label":"Serbo-Croatian","media_credit":"RFE","micro_label":"Video report","micro_label_kind":"video","network_label":"RFE/RL","network_logo_url":"/static/uploads/direct_network_logos/rfe_rl_e69d397fdd7d.png","published_at":"2026-08-02T12:24:37.027000","published_at_display":"2 Aug 2026, 12:24 GMT","sequence_badge_label":null,"sequence_count":null,"sequence_count_label":null,"sequence_frames":[],"sequence_kind":null,"source_name":"slobodnaevropa_org_direct","source_name_label":"Slobodnaevropa","source_type":"direct_api","summary":"Fokus specijalnog izdanja Perspektive iz Novog Pazara je generacija mladih koja se bori za bolju sada\u0161njost i budu\u0107nost. Gotovo dvije godine protesta donijele su promjenu koja je \"ireverzibilna\", trajno promijenile svijest dru\u0161tva i vratile nadu. Ova generacija odbija ravnodu\u0161nost, poru\u010duju da se nisu umorili i da ne\u0107e stati: \"Mi \u0107emo nastaviti da se borimo\".","title":"Perspektiva u Novom Pazaru: 'Generacija koja je odbila da \u0107uti'","topic":"Perspektiva","translation_language":"","url":"https://rfe-video-ns.akamaized.net/pangeavideo/2026/08/a/ab/abc0be3e-c554-4f53-3467-08decd1f5434_1080p.mp4?cb=ee20147b4","video_url":"https://rfe-video-ns.akamaized.net/pangeavideo/2026/08/a/ab/abc0be3e-c554-4f53-3467-08decd1f5434_1080p.mp4?cb=ee20147b4"},{"article_body_paragraphs":[],"audio_source_url":null,"author":null,"available_dubs":[],"downloadable_assets":["https://rfe-video-ns.akamaized.net/pangeavideo/2026/07/c/c5/c54239eb-7a20-4d43-8087-08decad17715_1080p.mp4?cb=ee1f7e9c6"],"duration_display":"27:01","duration_seconds":1621.89,"embed_url":null,"id":1120,"image_caption":null,"image_url":"https://gdb.rferl.org/b072c07c-67db-4b7a-8086-08decad17715_mw2048_mh2048_n.jpg","is_clip":false,"item_type":"video","item_type_label":"Video","language_label":"Serbo-Croatian","media_credit":"RFE","micro_label":"Video report","micro_label_kind":"video","network_label":"RFE/RL","network_logo_url":"/static/uploads/direct_network_logos/rfe_rl_e69d397fdd7d.png","published_at":"2026-07-26T11:43:02.077000","published_at_display":"26 Jul 2026, 11:43 GMT","sequence_badge_label":null,"sequence_count":null,"sequence_count_label":null,"sequence_frames":[],"sequence_kind":null,"source_name":"slobodnaevropa_org_direct","source_name_label":"Slobodnaevropa","source_type":"direct_api","summary":"Specijalno izdanje serijala Perspektiva iz Novog Pazara posve\u0107eno je studentskom pokretu u Srbiji. Kroz razgovor mladih i starijih otvaramo pitanja cijene slobode i pravde, odgovornosti, uloge medija i posljedica koje mogu uslijediti kada ljudi javno stanu iza svojih uvjerenja.","title":"Perspektiva specijal u Novom Pazaru: Cijena slobode","topic":"Perspektiva","translation_language":"","url":"https://rfe-video-ns.akamaized.net/pangeavideo/2026/07/c/c5/c54239eb-7a20-4d43-8087-08decad17715_1080p.mp4?cb=ee1f7e9c6","video_url":"https://rfe-video-ns.akamaized.net/pangeavideo/2026/07/c/c5/c54239eb-7a20-4d43-8087-08decad17715_1080p.mp4?cb=ee1f7e9c6"},{"article_body_paragraphs":[],"audio_source_url":null,"author":null,"available_dubs":[],"downloadable_assets":["https://rfe-video-ns.akamaized.net/pangeavideo/2026/07/4/43/4397a925-7314-4f39-42af-08decacf94d0_1080p.mp4?cb=ee1eeb3b7"],"duration_display":"26:32","duration_seconds":1592.17,"embed_url":null,"id":236,"image_caption":null,"image_url":"https://gdb.rferl.org/01000000-c0a8-0242-2db7-08dbe903ba25_cx0_cy5_cw0_mw2048_mh2048_n.png","is_clip":false,"item_type":"video","item_type_label":"Video","language_label":"Serbo-Croatian","media_credit":"RFE","micro_label":"Video report","micro_label_kind":"video","network_label":"RFE/RL","network_logo_url":"/static/uploads/direct_network_logos/rfe_rl_e69d397fdd7d.png","published_at":"2026-07-19T12:01:59.410000","published_at_display":"19 Jul 2026, 12:01 GMT","sequence_badge_label":null,"sequence_count":null,"sequence_count_label":null,"sequence_frames":[],"sequence_kind":null,"source_name":"slobodnaevropa_org_direct","source_name_label":"Slobodnaevropa","source_type":"direct_api","summary":"U Perspektivi iz Novog Pazara razgovaramo o mladima koji su odlu\u010dili preuzeti odgovornost za dru\u0161tvo u kojem \u017eive. Njihove pri\u010de govore o strahu, solidarnosti, nadi i osje\u0107aju da nisu sami: \"Najvrednije \u0161to ova generacija brani je smisao za zajedni\u0161tvo, svoju budu\u0107nost i svoju zemlju.\"","title":"Perspektiva specijal u Novom Pazaru: 'Ova generacija brani smisao za zajedni\u0161tvo'","topic":"Perspektiva","translation_language":"","url":"https://rfe-video-ns.akamaized.net/pangeavideo/2026/07/4/43/4397a925-7314-4f39-42af-08decacf94d0_1080p.mp4?cb=ee1eeb3b7","video_url":"https://rfe-video-ns.akamaized.net/pangeavideo/2026/07/4/43/4397a925-7314-4f39-42af-08decacf94d0_1080p.mp4?cb=ee1eeb3b7"},{"article_body_paragraphs":[],"audio_source_url":null,"author":null,"available_dubs":[],"downloadable_assets":["https://rfe-video-ns.akamaized.net/pangeavideo/2026/07/0/01/01e25bec-2587-40f7-5f11-08decd277110_1080p.mp4?cb=ee1e7ea88"],"duration_display":"25:55","duration_seconds":1555.41,"embed_url":null,"id":245,"image_caption":null,"image_url":"https://gdb.rferl.org/5c978b56-c5cb-4813-948f-08ddfa9b85de_mw2048_mh2048_n.jpg","is_clip":false,"item_type":"video","item_type_label":"Video","language_label":"Serbo-Croatian","media_credit":"RFE","micro_label":"Video report","micro_label_kind":"video","network_label":"RFE/RL","network_logo_url":"/static/uploads/direct_network_logos/rfe_rl_e69d397fdd7d.png","published_at":"2026-07-12T11:54:29.963000","published_at_display":"12 Jul 2026, 11:54 GMT","sequence_badge_label":null,"sequence_count":null,"sequence_count_label":null,"sequence_frames":[],"sequence_kind":null,"source_name":"slobodnaevropa_org_direct","source_name_label":"Slobodnaevropa","source_type":"direct_api","summary":"U specijalnom izdanju Perspektive iz Novog Pazara razgovaramo s mladima, generacijom koja je odbila da \u0107uti i postala glas promjena u Srbiji. Zajedno sa starijima koji su prepoznali njihovu borbu i pru\u017eili im podr\u0161ku otvaraju pitanja odgovornosti, demokratije i uloge mladih u dru\u0161tvu. Kako je nastao ovaj pokret i \u0161ta zna\u010di za budu\u0107nost?","title":"Perspektiva specijal u Novom Pazaru: 'Generacija koja je odbila da \u0107uti'","topic":"Perspektiva","translation_language":"","url":"https://rfe-video-ns.akamaized.net/pangeavideo/2026/07/0/01/01e25bec-2587-40f7-5f11-08decd277110_1080p.mp4?cb=ee1e7ea88","video_url":"https://rfe-video-ns.akamaized.net/pangeavideo/2026/07/0/01/01e25bec-2587-40f7-5f11-08decd277110_1080p.mp4?cb=ee1e7ea88"},{"article_body_paragraphs":[],"audio_source_url":null,"author":null,"available_dubs":[],"downloadable_assets":["https://rfe-video-ns.akamaized.net/pangeavideo/2026/07/3/36/3615db65-913f-4899-1413-08decad58b60_1080p.mp4?cb=ee1dc2b41"],"duration_display":"28:00","duration_seconds":1680.89,"embed_url":null,"id":254,"image_caption":null,"image_url":"https://gdb.rferl.org/3615db65-913f-4899-1413-08decad58b60_tv_mw2048_mh2048_n.jpg","is_clip":false,"item_type":"video","item_type_label":"Video","language_label":"Serbo-Croatian","media_credit":"RFE","micro_label":"Video report","micro_label_kind":"video","network_label":"RFE/RL","network_logo_url":"/static/uploads/direct_network_logos/rfe_rl_e69d397fdd7d.png","published_at":"2026-07-05T10:38:57.540000","published_at_display":"5 Jul 2026, 10:38 GMT","sequence_badge_label":null,"sequence_count":null,"sequence_count_label":null,"sequence_frames":[],"sequence_kind":null,"source_name":"slobodnaevropa_org_direct","source_name_label":"Slobodnaevropa","source_type":"direct_api","summary":"U Perspektivi zamjenik gradona\u010delnika Br\u010dko distrikta Dr. Anto Domi\u0107 razgovara sa studenticama i studentima EUBD-a o prilikama i izazovima mladih u BiH. Poru\u010dio je da se dru\u0161tvo i polo\u017eaj mladih moraju mijenjati iznutra i istaknuo je da uspjeh dolazi kroz li\u010dnu motivaciju i suo\u010davanje s problemima, poru\u010duju\u0107i da: \"Veliki ljudi se mjere prema te\u017eini problema koje rje\u0161avaju, a ne onih od kojih bje\u017ee\".","title":"Perspektiva u Br\u010dko distriktu: Probleme treba rje\u0161avati, a ne izbjegavati","topic":"Perspektiva","translation_language":"","url":"https://rfe-video-ns.akamaized.net/pangeavideo/2026/07/3/36/3615db65-913f-4899-1413-08decad58b60_1080p.mp4?cb=ee1dc2b41","video_url":"https://rfe-video-ns.akamaized.net/pangeavideo/2026/07/3/36/3615db65-913f-4899-1413-08decad58b60_1080p.mp4?cb=ee1dc2b41"},{"article_body_paragraphs":[],"audio_source_url":null,"author":null,"available_dubs":[],"downloadable_assets":["https://rfe-video-ns.akamaized.net/pangeavideo/2026/06/9/99/99b59921-9d9c-4b46-5bfe-08decd277110_1080p.mp4?cb=ee1d2f1ca"],"duration_display":"25:23","duration_seconds":1523.74,"embed_url":null,"id":260,"image_caption":null,"image_url":"https://gdb.rferl.org/10040000-0aff-0242-6674-08da5d20f799_mw2048_mh2048_n.png","is_clip":false,"item_type":"video","item_type_label":"Video","language_label":"Serbo-Croatian","media_credit":"RFE","micro_label":"Video report","micro_label_kind":"video","network_label":"RFE/RL","network_logo_url":"/static/uploads/direct_network_logos/rfe_rl_e69d397fdd7d.png","published_at":"2026-06-28T10:39:19.303000","published_at_display":"28 Jun 2026, 10:39 GMT","sequence_badge_label":null,"sequence_count":null,"sequence_count_label":null,"sequence_frames":[],"sequence_kind":null,"source_name":"slobodnaevropa_org_direct","source_name_label":"Slobodnaevropa","source_type":"direct_api","summary":"U Perspektivi dr. Anto Domi\u0107, doktor medicine i zamjenik gradona\u010delnika Br\u010dko distrikta, razgovara sa studenticama i studentima EUBD-a o izazovima s kojima se suo\u010davaju mladi te njihovoj ulozi u razvoju dru\u0161tva.","title":"Perspektiva u Br\u010dkom: Sinergija novog i starog","topic":"Perspektiva","translation_language":"","url":"https://rfe-video-ns.akamaized.net/pangeavideo/2026/06/9/99/99b59921-9d9c-4b46-5bfe-08decd277110_1080p.mp4?cb=ee1d2f1ca","video_url":"https://rfe-video-ns.akamaized.net/pangeavideo/2026/06/9/99/99b59921-9d9c-4b46-5bfe-08decd277110_1080p.mp4?cb=ee1d2f1ca"}],"next_num":null,"page":1,"pages":1,"per_page":20,"prev_num":null,"total":10}
