{"applied_filters":{"end_date":"","lang":"","language":"","network":"","page":1,"per_page":20,"search":"","source":"","start_date":"","topic":"Srbija","type":""},"available_filters":{"language_choices":[{"label":"Choose Language","value":""},{"label":"Serbo-Croatian","value":"Serbo-Croatian"}],"network_choices":[{"label":"All networks","value":""},{"label":"RFE/RL","value":"RFE/RL"}],"source_choices":[{"label":"All sources","value":""},{"label":"Slobodnaevropa","value":"slobodnaevropa_org_direct"}],"sources":["slobodnaevropa_org_direct"],"topics":["250em\u00een Salvegera Serxweb\u00fbna Amer\u00eekay\u00ea","250\u0647\u06d5\u0645\u06cc\u0646 \u0633\u0627\u06b5\u06cc\u0627\u062f\u06cc \u0633\u06d5\u0631\u0628\u06d5\u062e\u06c6\u06cc\u06cc \u0626\u06d5\u0645\u06d5\u0631\u06cc\u06a9\u0627","8 \u10e4\u10dd\u10e2\u10dd \u10d0\u10e0\u10e5\u10d8\u10d5\u10d8\u10d3\u10d0\u10dc","Afghanistan","Amer\u00eeka","Am\u00e9rica Latina, VENEZUELA, Maiquetia","Asuntos de Estado","Audiovisuales Mart\u00ed","Audiovisuales Mart\u00ed, Cuba turismo, crisis del turismo en Cuba","Audiovisuales Mart\u00ed, VENEZUELA, apagones","Barrio Adentro","Bernameya Televizyon\u00ee ya Rojane","Bernamey\u00ean radyoy\u00ea y\u00ean rojane","B\u00ecnh lu\u1eadn","China","Como Come Cuba, cuba, Como Come Cuba","Cuba Habla","Cuba Habla, Cuba","Cuba al D\u00eda","Cuba al D\u00eda, Cuba","Cuba en la Memoria","C\u00eehan","De cara al sol","Derechos Humanos, cuba, exilio, c\u00e1ncer, Ram\u00f3n Sa\u00fal S\u00e1nchez","Especiales, Exilio cubano, Freedom tower, \"Libertad\", Torre de la Libertad de Miami, Exilio cubano en Miami","Especiales, jos\u00e9 mart\u00ed, Exilio cubano","Esperando un techo, cuba, crisis, vivienda, derrumbes, techo, paredes, EsperandounTecho","Hablando claro","Human Rights","Info Mart\u00ed","Info Mart\u00ed , Brigada 2506","Info Mart\u00ed , Cuba","Info Mart\u00ed , Estados Unidos, Colombia","Info Mart\u00ed , Estados Unidos, VENEZUELA","Info Mart\u00ed , estados unidos, Venezuela","Info Mart\u00ed , presos politicos, torturas, VENEZUELA","Iran","Iz RSE sveta","Izme\u0111u redova","Kentu-Cubano, cuba, cubanos, Kentucky, migrantes, KentoCubano","Korea","La libertad es una librer\u00eda","Laos","Las Noticias Como Son, Cuba","Lawton Libre","Liberaci\u00f3n","Mozaik \u017eivota","Multimedija","Myanmar","Noticiero Mart\u00ed Noticias","N\u00fb\u00e7ey\u00ean C\u00eehan\u00ea 1","N\u00fb\u00e7ey\u00ean C\u00eehan\u00ea 2","Pacific","Pe Agend\u0103","Pe Agend\u0103 cu Cristina Popu\u0219oi","Perspektiva","Radyo","Ser Madre en cuba, cuba, hambre, r\u00e9gimen, madre, negligencia, Testimonios, Crisis Econ\u00f3mica, madre cubana, Crisis Alimentaria","Ser viejo en Cuba, cuba, cubanos, crisis, alimentos, ancianos, viejos, vejez","South China Sea","Srbija","Taller de prensa","Th\u1eddi S\u1ef1","Tibet","Trong n\u01b0\u1edbc","Ukraine","Uvid","Uyghur","VOA \ud55c\uad6d\uc5b4 \ubcf4\uc774\ub294 \ub77c\ub514\uc624","VOA\u4eca\u65e5\u7126\u70b9","Video","Videos","V\u00eedyo Galer\u00ee","Zaviri ispod povr\u0161ine","a","adri%C3%A1n del sol mi padre est%C3%A1 muy d%C3%A9bil","atienden a mas de 50 personas en santiago de cuba por presunta intoxicacion alimentaria","auge en contagios de dengue en cuba","aumenta a 379 la cifra de desaparecidos por terremoto en colombia hay 285 fallecidos","banco mundial desembolsa millonaria ayuda para afectados por terremoto en colombia","casi 300 fallecidos almenos 4 000 heridos y 140 desaparecidos a 7 dias del terremoto en colombia","cifra de muertos por el terremoto en colombia supera las 200 personas seg%C3%BAn reporte","colombia declara estado de emergencia durante 30 dias por grave calamidad","colombia ingresa formalmente al escudo de las am%C3%A9ricas liderado por washington","convocan marcha pac%C3%ADfica por la libertad de todos los presos pol%C3%ADticos en venezuela","crece reclutamiento de ni%C3%B1os y ni%C3%B1as en colombia por parte de grupos ilegales seg%C3%BAn hrw","creo que el presidente trump ir%C3%A1 a la habana antes de que termine su mandato","eeuu cierra acuerdo petrolero que le dar%C3%A1 importante control de reservas venezolanas","eeuu ecuador y colombia se reunen para acordar lucha contra mafias del narcotr%C3%A1fico","eeuu sostiene operaciones militares junto a ecuador cerca de la frontera con colombia","el papel peri%C3%B3dico de la habana autores sociedad patri%C3%B3tica de la habana y sociedad econ%C3%B3mica de amigos del pa%C3","gobierno de colombia da por terminada conversaciones con otros tres grupos armados ilegales","informe pide mayor presencia militar en cuba","joven con vih permanece encarcelado tras protesta por apagones en guanabacoa","la periodista independiente yoanni limonta reporta una protesta frente al gobierno provincial de cienfuegos tras apagones de mas","las farmacias privadas abren en cuba entre criticas por sus altos precios y dudas medicas sobre sus controles","m%C3%A1s hoteles menos hospitales","oea aprueba convocatoria urgente de cancilleres para condenar a la dictadura de nicaragua","padre castor %C3%A1lvarez devesa","rechazo en cuba a los festejos estatales durante el colapso de los servicios basicos"],"types":[["","All types"],["video","Videos"],["clips","Clips"],["media","Media"]]},"has_next":false,"has_prev":false,"items":[{"article_body_paragraphs":[],"audio_source_url":null,"author":"Svetlana Bo\u017ei\u0107 Krain\u010dani\u0107","available_dubs":[],"downloadable_assets":["https://rfe-video-ns.akamaized.net/pangeavideo/2026/07/c/cf/cf8a5eb3-86b0-4805-1991-08decad58b60_1080p.mp4?cb=ee1febaf4"],"duration_display":"2:23","duration_seconds":143.29,"embed_url":null,"id":1117,"image_caption":null,"image_url":"https://gdb.rferl.org/40f800a3-c88b-49e0-4517-08decacf94d0_mw2048_mh2048_n.jpg","is_clip":true,"item_type":"video","item_type_label":"Video","language_label":"Serbo-Croatian","media_credit":"RFE","micro_label":"Video report","micro_label_kind":"video","network_label":"RFE/RL","network_logo_url":"/static/uploads/direct_network_logos/rfe_rl_e69d397fdd7d.png","published_at":"2026-07-31T15:49:08.250000","published_at_display":"31 Jul 2026, 15:49 GMT","sequence_badge_label":null,"sequence_count":null,"sequence_count_label":null,"sequence_frames":[],"sequence_kind":null,"source_name":"slobodnaevropa_org_direct","source_name_label":"Slobodnaevropa","source_type":"direct_api","summary":"Nivo jedne od najve\u0107ih evropskih reka, Dunava, danima je sve ni\u017ei. Dugotrajna su\u0161a i temperature do 40 stepeni uticale su na vodostaj reke u brojnim dr\u017eavama du\u017e njenog toka. U Srbiji je najkriti\u010dnije na severu zemlje, zbog \u010dega je na teritoriji tri gradska naselja Vojvodine uvedena vanredna situacija. Davno potonuli brodovi, sidra, buradi, pe\u0161\u010dani sprudovi \u2013 sve to isplivalo je na povr\u0161inu. Plitka voda je i na dunavskom toku kroz Beograd. (Snimatelj: Slaven Milju\u0161, monta\u017ea: Ana Toader)","title":"Plitke vode Dunava","topic":"Srbija","translation_language":"","url":"https://rfe-video-ns.akamaized.net/pangeavideo/2026/07/c/cf/cf8a5eb3-86b0-4805-1991-08decad58b60_1080p.mp4?cb=ee1febaf4","video_url":"https://rfe-video-ns.akamaized.net/pangeavideo/2026/07/c/cf/cf8a5eb3-86b0-4805-1991-08decad58b60_1080p.mp4?cb=ee1febaf4"},{"article_body_paragraphs":[],"audio_source_url":null,"author":"Iva Martinovi\u0107","available_dubs":[],"downloadable_assets":["https://rfe-video-ns.akamaized.net/pangeavideo/2026/07/3/3f/3f36c359-db1b-476c-4140-08decacf94d0_1080p.mp4?cb=ee1e67289"],"duration_display":"4:08","duration_seconds":248.0,"embed_url":null,"id":248,"image_caption":null,"image_url":"https://gdb.rferl.org/0463b56e-9791-44e5-1820-08decd1d5d42_cx18_cy5_cw81_mw2048_mh2048_n.jpg","is_clip":true,"item_type":"video","item_type_label":"Video","language_label":"Serbo-Croatian","media_credit":"RFE","micro_label":"Video report","micro_label_kind":"video","network_label":"RFE/RL","network_logo_url":"/static/uploads/direct_network_logos/rfe_rl_e69d397fdd7d.png","published_at":"2026-07-13T05:29:33.900000","published_at_display":"13 Jul 2026, 05:29 GMT","sequence_badge_label":null,"sequence_count":null,"sequence_count_label":null,"sequence_frames":[],"sequence_kind":null,"source_name":"slobodnaevropa_org_direct","source_name_label":"Slobodnaevropa","source_type":"direct_api","summary":"Tri meseca nakon pogibije kineskog radnika na gradili\u0161tu novog mosta preko Save u Beogradu, radovi su nastavljeni, a epiloga o uzrocima i odgovornosti za nesre\u0107u nema. Radnik je stradao 7. aprila kada je ispao iz korpe, nakon \u0161to se kran nakrivio i obru\u0161io pod teretom. Novi most je jedan u nizu projekata koji Beograd gradi sa Pekingom, a svi ugovori sa kineskim partnerima su tajni. (snimatelj: Slaven Milju\u0161, monta\u017ea: Ana Toader)","title":"Most u Beogradu se gradi, istraga o pogibiji radnika iz Kine stoji","topic":"Srbija","translation_language":"","url":"https://rfe-video-ns.akamaized.net/pangeavideo/2026/07/3/3f/3f36c359-db1b-476c-4140-08decacf94d0_1080p.mp4?cb=ee1e67289","video_url":"https://rfe-video-ns.akamaized.net/pangeavideo/2026/07/3/3f/3f36c359-db1b-476c-4140-08decacf94d0_1080p.mp4?cb=ee1e67289"},{"article_body_paragraphs":[],"audio_source_url":null,"author":"Sonja Go\u010danin","available_dubs":[],"downloadable_assets":["https://rfe-video-ns.akamaized.net/pangeavideo/2026/07/4/48/482b5bea-7f07-4c7a-3ff3-08decacf94d0_1080p.mp4?cb=ee1db2524"],"duration_display":"2:50","duration_seconds":170.68,"embed_url":null,"id":256,"image_caption":null,"image_url":"https://gdb.rferl.org/938bdb70-ee17-4554-13db-08decad58b60_mw2048_mh2048_n.jpg","is_clip":true,"item_type":"video","item_type_label":"Video","language_label":"Serbo-Croatian","media_credit":"RFE","micro_label":"Video report","micro_label_kind":"video","network_label":"RFE/RL","network_logo_url":"/static/uploads/direct_network_logos/rfe_rl_e69d397fdd7d.png","published_at":"2026-07-04T16:00:36.447000","published_at_display":"4 Jul 2026, 16:00 GMT","sequence_badge_label":null,"sequence_count":null,"sequence_count_label":null,"sequence_frames":[],"sequence_kind":null,"source_name":"slobodnaevropa_org_direct","source_name_label":"Slobodnaevropa","source_type":"direct_api","summary":"Srbija nastavlja da se oprema kineskim naoru\u017eanjem. Nabavku dodatnih supersoni\u010dnih balisti\u010dkih raketa, kao i kupovinu novih vazduhoplova, najavio je predsednik Srbije. Prema me\u0111unarodno dostupnim registrima naoru\u017eanja, Srbija je jedina zemlja u Evropi koja poseduje rakete CM-400, a Peking je najve\u0107i vojni snabdeva\u010d Beograda. Evropska unija i Sjedinjene Dr\u017eave vi\u0161e puta su upozoravale na opasnosti produbljivanja vojne saradnje sa Kinom, imaju\u0107i u vidu da je Srbija kandidatkinja za \u010dlanstvo u EU. (Snimatelj: Slaven Milju\u0161, monta\u017ea: Ana Toader)","title":"Peking najve\u0107i vojni snabdeva\u010d Beograda, Srbija najavljuje nove nabavke","topic":"Srbija","translation_language":"","url":"https://rfe-video-ns.akamaized.net/pangeavideo/2026/07/4/48/482b5bea-7f07-4c7a-3ff3-08decacf94d0_1080p.mp4?cb=ee1db2524","video_url":"https://rfe-video-ns.akamaized.net/pangeavideo/2026/07/4/48/482b5bea-7f07-4c7a-3ff3-08decacf94d0_1080p.mp4?cb=ee1db2524"},{"article_body_paragraphs":[],"audio_source_url":null,"author":"Katarina Vojnovi\u0107, Ana Toader","available_dubs":[],"downloadable_assets":["https://rfe-video-ns.akamaized.net/pangeavideo/2026/07/6/68/685d0bd9-2239-4ecc-1352-08decad58b60_1080p.mp4?cb=ee1d831eb"],"duration_display":"2:24","duration_seconds":144.49,"embed_url":null,"id":258,"image_caption":null,"image_url":"https://gdb.rferl.org/412634e1-5a05-4914-1596-08decd1d5d42_mw2048_mh2048_n.jpg","is_clip":true,"item_type":"video","item_type_label":"Video","language_label":"Serbo-Croatian","media_credit":"RFE","micro_label":"Video report","micro_label_kind":"video","network_label":"RFE/RL","network_logo_url":"/static/uploads/direct_network_logos/rfe_rl_e69d397fdd7d.png","published_at":"2026-07-02T10:18:19.310000","published_at_display":"2 Jul 2026, 10:18 GMT","sequence_badge_label":null,"sequence_count":null,"sequence_count_label":null,"sequence_frames":[],"sequence_kind":null,"source_name":"slobodnaevropa_org_direct","source_name_label":"Slobodnaevropa","source_type":"direct_api","summary":"Nakon najave predsednika Srbije Aleksandra Vu\u010di\u0107a da \u0107e podneti ostavku na tu funkciju pre isteka mandata, otvara se pitanje da li to zna\u010di njegov odlazak u politi\u010dku penziju ili ipak prelazak na neku drugu funkciju. Analiti\u010dari ka\u017eu da je mogu\u0107 scenario u kom bi Vu\u010di\u0107 ovaj potez iskoristio da se zadr\u017ei na vlasti, s obzirom da, po Ustavu, ne mo\u017ee postati predsednik Srbije i po tre\u0107i put. Iz Srpske napredne stranke i Vu\u010di\u0107evog kabineta do sada nisu komentarisali ove mogu\u0107e scenarije.","title":"Mo\u017ee li Vu\u010di\u0107 ponovo postati premijer Srbije?","topic":"Srbija","translation_language":"","url":"https://rfe-video-ns.akamaized.net/pangeavideo/2026/07/6/68/685d0bd9-2239-4ecc-1352-08decad58b60_1080p.mp4?cb=ee1d831eb","video_url":"https://rfe-video-ns.akamaized.net/pangeavideo/2026/07/6/68/685d0bd9-2239-4ecc-1352-08decad58b60_1080p.mp4?cb=ee1d831eb"},{"article_body_paragraphs":[],"audio_source_url":null,"author":"Svetlana Bo\u017ei\u0107 Krain\u010dani\u0107","available_dubs":[],"downloadable_assets":["https://rfe-video-ns.akamaized.net/pangeavideo/2026/06/9/97/9794e044-e707-4703-a648-08debadd8a36_1080p.mp4?cb=ee1f5708f"],"duration_display":"3:23","duration_seconds":203.81,"embed_url":null,"id":1122,"image_caption":null,"image_url":"https://gdb.rferl.org/08530000-0a00-0242-eae6-08dafec22e98_mw2048_mh2048_n.jpg","is_clip":true,"item_type":"video","item_type_label":"Video","language_label":"Serbo-Croatian","media_credit":"RFE","micro_label":"Video report","micro_label_kind":"video","network_label":"RFE/RL","network_logo_url":"/static/uploads/direct_network_logos/rfe_rl_e69d397fdd7d.png","published_at":"2026-06-12T13:33:48.777000","published_at_display":"12 Jun 2026, 13:33 GMT","sequence_badge_label":null,"sequence_count":null,"sequence_count_label":null,"sequence_frames":[],"sequence_kind":null,"source_name":"slobodnaevropa_org_direct","source_name_label":"Slobodnaevropa","source_type":"direct_api","summary":"Vlada Srbije je od po\u010detka 2026. godine dodelila \u010detiri puta vi\u0161e dr\u017eavljanstava ruskim gra\u0111anima nego svima ostalima zajedno. Me\u0111u njima je troje Rusa pod me\u0111unarodnim sankcijama, utvrdio je Radio Slobodna Evropa uvidom u vladine odluke. Trend rasta broja ruskih gra\u0111ana sa srpskim paso\u0161ima, po\u010deo je od 2022. godine, s po\u010detkom rata u Ukrajini. Pored redovne procedure, u Srbiji je do dr\u017eavljanstva mogu\u0107e do\u0107i i po ubrzanom postupku - odlukom Vlade u slu\u010dajevima kada proceni da je to \"u interesu\" zemlje. (Monta\u017ea: Ana Toader)","title":"Ko su sankcionisani Rusi sa srpskim paso\u0161ima?","topic":"Srbija","translation_language":"","url":"https://rfe-video-ns.akamaized.net/pangeavideo/2026/06/9/97/9794e044-e707-4703-a648-08debadd8a36_1080p.mp4?cb=ee1f5708f","video_url":"https://rfe-video-ns.akamaized.net/pangeavideo/2026/06/9/97/9794e044-e707-4703-a648-08debadd8a36_1080p.mp4?cb=ee1f5708f"}],"next_num":null,"page":1,"pages":1,"per_page":20,"prev_num":null,"total":5}
