{"applied_filters":{"end_date":"","lang":"","language":"","network":"","page":1,"per_page":20,"search":"","source":"","start_date":"","topic":"Zaviri ispod povr\u0161ine","type":""},"available_filters":{"language_choices":[{"label":"Choose Language","value":""},{"label":"Serbo-Croatian","value":"Serbo-Croatian"}],"network_choices":[{"label":"All networks","value":""},{"label":"RFE/RL","value":"RFE/RL"}],"source_choices":[{"label":"All sources","value":""},{"label":"Slobodnaevropa","value":"slobodnaevropa_org_direct"}],"sources":["slobodnaevropa_org_direct"],"topics":["250em\u00een Salvegera Serxweb\u00fbna Amer\u00eekay\u00ea","250\u0647\u06d5\u0645\u06cc\u0646 \u0633\u0627\u06b5\u06cc\u0627\u062f\u06cc \u0633\u06d5\u0631\u0628\u06d5\u062e\u06c6\u06cc\u06cc \u0626\u06d5\u0645\u06d5\u0631\u06cc\u06a9\u0627","8 \u10e4\u10dd\u10e2\u10dd \u10d0\u10e0\u10e5\u10d8\u10d5\u10d8\u10d3\u10d0\u10dc","Abriendo Espacios","Afghanistan","Agenda hemisf\u00e9rica","Amer\u00eeka","Am\u00e9rica Latina, VENEZUELA, Maiquetia","Asuntos de Estado","Audiovisuales Mart\u00ed","Audiovisuales Mart\u00ed, Cuba turismo, crisis del turismo en Cuba","Audiovisuales Mart\u00ed, VENEZUELA, apagones","Barrio Adentro","Bernameya Televizyon\u00ee ya Rojane","Bernamey\u00ean radyoy\u00ea y\u00ean rojane","B\u00ecnh lu\u1eadn","Caf\u00e9 Digital","China","Como Come Cuba, cuba, Como Come Cuba","Cuba Habla","Cuba Habla, Cuba","Cuba al D\u00eda","Cuba al D\u00eda, Cuba","Cuba en la Memoria","C\u00eehan","De cara al sol","Derechos Humanos, cuba, exilio, c\u00e1ncer, Ram\u00f3n Sa\u00fal S\u00e1nchez","El futuro es ya","Especiales, Exilio cubano, Freedom tower, \"Libertad\", Torre de la Libertad de Miami, Exilio cubano en Miami","Especiales, jos\u00e9 mart\u00ed, Exilio cubano","Esperando un techo, cuba, crisis, vivienda, derrumbes, techo, paredes, EsperandounTecho","Foro abierto","Hablando claro","Human Rights","Info Mart\u00ed","Info Mart\u00ed , Brigada 2506","Info Mart\u00ed , Cuba","Info Mart\u00ed , Estados Unidos, Colombia","Info Mart\u00ed , Estados Unidos, VENEZUELA","Info Mart\u00ed , estados unidos, Venezuela","Info Mart\u00ed , presos politicos, torturas, VENEZUELA","Iran","Iz RSE sveta","Izme\u0111u redova","Kentu-Cubano, cuba, cubanos, Kentucky, migrantes, KentoCubano","Korea","La libertad es una librer\u00eda","Laos","Las Noticias Como Son, Cuba","Las noticias como son","Lawton Libre","Liberaci\u00f3n","Mart\u00ed Noticias A.M.","Mozaik \u017eivota","Multimedija","Myanmar","Nicaragua al d\u00eda","Noticiero Mart\u00ed Noticias","N\u00fb\u00e7ey\u00ean C\u00eehan\u00ea 1","N\u00fb\u00e7ey\u00ean C\u00eehan\u00ea 2","Pacific","Pe Agend\u0103","Pe Agend\u0103 cu Cristina Popu\u0219oi","Perspektiva","Programas de Radio Nuestra Am\u00e9rica","Radio Mart\u00ed","Radyo","Ser Madre en cuba, cuba, hambre, r\u00e9gimen, madre, negligencia, Testimonios, Crisis Econ\u00f3mica, madre cubana, Crisis Alimentaria","Ser viejo en Cuba, cuba, cubanos, crisis, alimentos, ancianos, viejos, vejez","South China Sea","Srbija","Taller de prensa","Th\u1eddi S\u1ef1","Tibet","Trong n\u01b0\u1edbc","Ukraine","Uvid","Uyghur","VOA \ud55c\uad6d\uc5b4 \ubcf4\uc774\ub294 \ub77c\ub514\uc624","VOA\u4eca\u65e5\u7126\u70b9","Video","Videos","V\u00eedyo Galer\u00ee","Zaviri ispod povr\u0161ine","adri%C3%A1n del sol mi padre est%C3%A1 muy d%C3%A9bil","atienden a mas de 50 personas en santiago de cuba por presunta intoxicacion alimentaria","auge en contagios de dengue en cuba","aumenta a 379 la cifra de desaparecidos por terremoto en colombia hay 285 fallecidos","banco mundial desembolsa millonaria ayuda para afectados por terremoto en colombia","casi 300 fallecidos almenos 4 000 heridos y 140 desaparecidos a 7 dias del terremoto en colombia","cifra de muertos por el terremoto en colombia supera las 200 personas seg%C3%BAn reporte","colombia declara estado de emergencia durante 30 dias por grave calamidad","colombia ingresa formalmente al escudo de las am%C3%A9ricas liderado por washington","convocan marcha pac%C3%ADfica por la libertad de todos los presos pol%C3%ADticos en venezuela","crece reclutamiento de ni%C3%B1os y ni%C3%B1as en colombia por parte de grupos ilegales seg%C3%BAn hrw","creo que el presidente trump ir%C3%A1 a la habana antes de que termine su mandato","eeuu cierra acuerdo petrolero que le dar%C3%A1 importante control de reservas venezolanas","eeuu ecuador y colombia se reunen para acordar lucha contra mafias del narcotr%C3%A1fico","eeuu sostiene operaciones militares junto a ecuador cerca de la frontera con colombia","el papel peri%C3%B3dico de la habana autores sociedad patri%C3%B3tica de la habana y sociedad econ%C3%B3mica de amigos del pa%C3"],"types":[["","All types"],["audio","Audio"],["media","Media"]]},"has_next":false,"has_prev":false,"items":[{"article_body_paragraphs":[],"audio_source_url":"https://rfe-audio-ns.akamaized.net/sc/2026/08/27/96321fd0-d214-48e6-e9e5-08def2afcad7_hq.mp3","author":"Lejla Omeragi\u0107 \u0106ati\u0107","available_dubs":[],"downloadable_assets":["https://rfe-audio-ns.akamaized.net/sc/2026/08/27/96321fd0-d214-48e6-e9e5-08def2afcad7_hq.mp3"],"duration_display":"39:15","duration_seconds":2355.0,"embed_url":null,"id":9944,"image_caption":null,"image_url":"https://gdb.rferl.org/da38624b-df88-468a-b063-6087fc48943e_mw2048_mh2048_n.jpg","is_clip":false,"item_type":"audio","item_type_label":"Audio","language_label":"Serbo-Croatian","media_credit":"RFE","micro_label":"Audio program","micro_label_kind":"audio","network_label":"RFE/RL","network_logo_url":"/static/uploads/direct_network_logos/rfe_rl_e69d397fdd7d.png","published_at":"2026-08-28T10:03:30.980000","published_at_display":"28 Aug 2026, 10:03 GMT","sequence_badge_label":null,"sequence_count":null,"sequence_count_label":null,"sequence_frames":[],"sequence_kind":null,"source_name":"slobodnaevropa_org_direct","source_name_label":"Slobodnaevropa","source_type":"direct_api","summary":"Bosna i Hercegovina i ove godine po\u017earnu sezonu do\u010dekuje bez vlastite zra\u010dne flote, iako bilje\u017ei polovinu od ukupno opo\u017earene povr\u0161ine na Zapadnom Balkanu. Nova epizoda istra\u017euje za\u0161to Federacija BiH jo\u0161 nema sistemsko rje\u0161enje \u2013 od nabavke Air Tractora do \u010dinjenice da od 2009. nema krovni Zakon o \u0161umama. Sagovornici su parlamentarka Sanela Klari\u0107, direktor FUCZ Aldin Bra\u0161nji\u0107 i portparol Vlade i \u0160taba civilne za\u0161tite HNK, jednog od najizlo\u017eenijih po\u017earima.","title":"Po\u017eare ne zanimaju obe\u0107anja \u2013 gdje su Air traktori i Zakon o \u0161umama FBiH?","topic":"Zaviri ispod povr\u0161ine","translation_language":"","url":"https://rfe-audio-ns.akamaized.net/sc/2026/08/27/96321fd0-d214-48e6-e9e5-08def2afcad7_hq.mp3","video_url":null},{"article_body_paragraphs":[],"audio_source_url":"https://rfe-audio-ns.akamaized.net/sc/2026/08/20/3acbfea0-25e8-4155-8126-08def2afcceb_hq.mp3","author":"Lejla Omeragi\u0107 \u0106ati\u0107","available_dubs":[],"downloadable_assets":["https://rfe-audio-ns.akamaized.net/sc/2026/08/20/3acbfea0-25e8-4155-8126-08def2afcceb_hq.mp3"],"duration_display":"24:14","duration_seconds":1454.0,"embed_url":null,"id":7512,"image_caption":null,"image_url":"https://gdb.rferl.org/c8fcecf6-8d5f-4c4f-c523-08debadc7311_mw2048_mh2048_n.jpg","is_clip":false,"item_type":"audio","item_type_label":"Audio","language_label":"Serbo-Croatian","media_credit":"RFE","micro_label":"Audio program","micro_label_kind":"audio","network_label":"RFE/RL","network_logo_url":"/static/uploads/direct_network_logos/rfe_rl_e69d397fdd7d.png","published_at":"2026-08-21T09:59:47.420000","published_at_display":"21 Aug 2026, 09:59 GMT","sequence_badge_label":null,"sequence_count":null,"sequence_count_label":null,"sequence_frames":[],"sequence_kind":null,"source_name":"slobodnaevropa_org_direct","source_name_label":"Slobodnaevropa","source_type":"direct_api","summary":"Od zabrane \u0161kolovanja do zabrane govora u javnom prostoru - \u017eene u Afganistanu se sistemski bri\u0161u. Ova epizoda je i poziv da se ne \u017emiri pred sistemskim uni\u0161tavanjem \u017eenskog bi\u0107a, glas koji odbija prepustiti njihove sudbine zaboravu i mraku pod kojim \u017eive. Donosimo pri\u010du o \u017eivotu pod 100 dekreta, sudbinama majki i glasu aktivistica, uz razgovor sa Milicom \u0160vabi\u0107 (KlikAktiv) o ljudima koji se kriju po \u0161umama Srbije.","title":"Glasom protiv talibanskog mraka za \u017eene Afganistana","topic":"Zaviri ispod povr\u0161ine","translation_language":"","url":"https://rfe-audio-ns.akamaized.net/sc/2026/08/20/3acbfea0-25e8-4155-8126-08def2afcceb_hq.mp3","video_url":null},{"article_body_paragraphs":[],"audio_source_url":"https://rfe-audio-ns.akamaized.net/sc/2026/08/13/cfa2ed84-e54c-40b4-476c-08decacf94d0_hq.mp3","author":"Lejla Omeragi\u0107 \u0106ati\u0107","available_dubs":[],"downloadable_assets":["https://rfe-audio-ns.akamaized.net/sc/2026/08/13/cfa2ed84-e54c-40b4-476c-08decacf94d0_hq.mp3"],"duration_display":"23:56","duration_seconds":1436.0,"embed_url":null,"id":5094,"image_caption":null,"image_url":"https://gdb.rferl.org/43C35238-19BE-4339-9E74-236125750FA6_cx0_cy7_cw100_mw2048_mh2048_n.jpg","is_clip":false,"item_type":"audio","item_type_label":"Audio","language_label":"Serbo-Croatian","media_credit":"RFE","micro_label":"Audio program","micro_label_kind":"audio","network_label":"RFE/RL","network_logo_url":"/static/uploads/direct_network_logos/rfe_rl_e69d397fdd7d.png","published_at":"2026-08-14T10:02:07.960000","published_at_display":"14 Aug 2026, 10:02 GMT","sequence_badge_label":null,"sequence_count":null,"sequence_count_label":null,"sequence_frames":[],"sequence_kind":null,"source_name":"slobodnaevropa_org_direct","source_name_label":"Slobodnaevropa","source_type":"direct_api","summary":"Reflektori Sarajevo Film Festivala, premijere najboljih regionalnih i svjetskih filmova, crveni tepih, filmske zvijezde \u2013 samo su dio su festivalske pri\u010de. I dio su sadr\u017eaja ove epizode, ali u fokusu je CineLink - sredi\u0161te, srce i pogonski motor filmske industrije tokom \u010ditave godine. O ulozi te platforme, novim partnerima i polo\u017eaju autorica u regiji, razgovaramo s voditeljicom CineLinka Ma\u0161om Markovi\u0107.","title":"SFF i CineLink: Sjaj koji ne blijedi i generator regionalne kinematografije","topic":"Zaviri ispod povr\u0161ine","translation_language":"","url":"https://rfe-audio-ns.akamaized.net/sc/2026/08/13/cfa2ed84-e54c-40b4-476c-08decacf94d0_hq.mp3","video_url":null},{"article_body_paragraphs":[],"audio_source_url":"https://rfe-audio-ns.akamaized.net/sc/2026/08/06/d035d762-a85c-439a-f79d-08def2b08775_hq.mp3","author":"Lejla Omeragi\u0107 \u0106ati\u0107","available_dubs":[],"downloadable_assets":["https://rfe-audio-ns.akamaized.net/sc/2026/08/06/d035d762-a85c-439a-f79d-08def2b08775_hq.mp3"],"duration_display":"39:48","duration_seconds":2388.0,"embed_url":null,"id":2692,"image_caption":null,"image_url":"https://gdb.rferl.org/084a0000-0aff-0242-95b0-08d9db5ff50f_mw2048_mh2048_n.jpg","is_clip":false,"item_type":"audio","item_type_label":"Audio","language_label":"Serbo-Croatian","media_credit":"RFE","micro_label":"Audio program","micro_label_kind":"audio","network_label":"RFE/RL","network_logo_url":"/static/uploads/direct_network_logos/rfe_rl_e69d397fdd7d.png","published_at":"2026-08-07T10:03:46.563000","published_at_display":"7 Aug 2026, 10:03 GMT","sequence_badge_label":null,"sequence_count":null,"sequence_count_label":null,"sequence_frames":[],"sequence_kind":null,"source_name":"slobodnaevropa_org_direct","source_name_label":"Slobodnaevropa","source_type":"direct_api","summary":"Koliko su klimatske promjene promijenile visokogorje, a koliko su ljudi nedovoljno oprezni? U ovoj epizodi govorimo o sigurnosti u planinama, psihologiji pre\u017eivljavanja, procjeni rizika i presudnoj va\u017enosti odustajanja kada planina daje znakove u tom pravcu. Legenda bh. alpinizma Muhamed Gafi\u0107 dijeli iskustva ste\u010dena na najve\u0107im svjetskim vrhovima, a dugogodi\u0161nji planinski vodi\u010d Ajdin Zebi\u0107 govori o turistima koji vjeruju aplikacijama i u planinu kre\u0107u nespremni.","title":"O poniznosti, opasnostima i odlukama u visinama: 'Ljudi ne mogu osvojiti planinu'","topic":"Zaviri ispod povr\u0161ine","translation_language":"","url":"https://rfe-audio-ns.akamaized.net/sc/2026/08/06/d035d762-a85c-439a-f79d-08def2b08775_hq.mp3","video_url":null},{"article_body_paragraphs":[],"audio_source_url":"https://rfe-audio-ns.akamaized.net/sc/2026/07/23/5168e97e-a431-4938-17ba-08decad58b60_hq.mp3","author":"Miljana Mileti\u0107","available_dubs":[],"downloadable_assets":["https://rfe-audio-ns.akamaized.net/sc/2026/07/23/5168e97e-a431-4938-17ba-08decad58b60_hq.mp3"],"duration_display":"31:33","duration_seconds":1893.0,"embed_url":null,"id":1118,"image_caption":null,"image_url":"https://gdb.rferl.org/f720679b-0059-4e4c-15fb-08decd1d5d42_cx5_cy20_cw85_mw2048_mh2048_n.jpg","is_clip":false,"item_type":"audio","item_type_label":"Audio","language_label":"Serbo-Croatian","media_credit":"RFE","micro_label":"Audio program","micro_label_kind":"audio","network_label":"RFE/RL","network_logo_url":"/static/uploads/direct_network_logos/rfe_rl_e69d397fdd7d.png","published_at":"2026-07-31T10:41:31.120000","published_at_display":"31 Jul 2026, 10:41 GMT","sequence_badge_label":null,"sequence_count":null,"sequence_count_label":null,"sequence_frames":[],"sequence_kind":null,"source_name":"slobodnaevropa_org_direct","source_name_label":"Slobodnaevropa","source_type":"direct_api","summary":"Mila je bila tinejd\u017eerka u Beogradu, Boro otac osmogodi\u0161njaka u okupiranom Sarajevu te 1992. godine. Kako su izgledale devedesete godine pro\u0161log veka iz njihovog ugla? Koji predmet ih je najvi\u0161e asocirao na taj period, a sa\u010duvali su ga. Mila Turajli\u0107, dokumentarna rediteljka i novinar Boro Konti\u0107 govorili su za Zaviri ispod povr\u0161ine o izlo\u017ebi \"Devedesete, li\u010dno\" \u010diji su deo, a kako je postavka nastala, govori Dejan Ubovi\u0107, ko-autor izlo\u017ebe u Beogradu.","title":"Kako su ratni recepti i lego-vitezovi vra\u0107ali \u017eivot u normalu devedesetih","topic":"Zaviri ispod povr\u0161ine","translation_language":"","url":"https://rfe-audio-ns.akamaized.net/sc/2026/07/23/5168e97e-a431-4938-17ba-08decad58b60_hq.mp3","video_url":null},{"article_body_paragraphs":[],"audio_source_url":"https://rfe-audio-ns.akamaized.net/sc/2026/07/23/df7bf053-5d08-4904-43b8-08decacf94d0_hq.mp3","author":"Lejla Omeragi\u0107 \u0106ati\u0107","available_dubs":[],"downloadable_assets":["https://rfe-audio-ns.akamaized.net/sc/2026/07/23/df7bf053-5d08-4904-43b8-08decacf94d0_hq.mp3"],"duration_display":"52:00","duration_seconds":3120.0,"embed_url":null,"id":1123,"image_caption":null,"image_url":"https://gdb.rferl.org/01000000-0aff-0242-3b82-08dc8ea87648_cx0_cy4_cw100_mw2048_mh2048_n.jpg","is_clip":false,"item_type":"audio","item_type_label":"Audio","language_label":"Serbo-Croatian","media_credit":"RFE","micro_label":"Audio program","micro_label_kind":"audio","network_label":"RFE/RL","network_logo_url":"/static/uploads/direct_network_logos/rfe_rl_e69d397fdd7d.png","published_at":"2026-07-24T10:21:08.250000","published_at_display":"24 Jul 2026, 10:21 GMT","sequence_badge_label":null,"sequence_count":null,"sequence_count_label":null,"sequence_frames":[],"sequence_kind":null,"source_name":"slobodnaevropa_org_direct","source_name_label":"Slobodnaevropa","source_type":"direct_api","summary":"Rat u Ukrajini promijenio je evropsku sigurnosnu politiku. Dr\u017eave koje su godinama imale profesionalne vojske ponovo razmatraju obavezni vojni rok, a taj trend stigao je i na Balkan. U ovoj epizodi istra\u017eujemo \u0161ta stoji iza povratka uniformi: sigurnosne potrebe, politikantstvo, nedostatak kadra ili ne\u0161to drugo. Razgovaramo s vojnim i sigurnosnim analiti\u010darima iz Bosne i Hercegovine i Srbije, ministrom odbrane Kosova, i mladi\u0107ima koji bi mogli biti prvi pozvani.","title":"\u0160ta se de\u0161ava sa slu\u017eenjem vojnog roka na Zapadnom Balkanu?","topic":"Zaviri ispod povr\u0161ine","translation_language":"","url":"https://rfe-audio-ns.akamaized.net/sc/2026/07/23/df7bf053-5d08-4904-43b8-08decacf94d0_hq.mp3","video_url":null},{"article_body_paragraphs":[],"audio_source_url":"https://rfe-audio-ns.akamaized.net/sc/2026/07/16/8c0209ee-7d0f-46bc-7e62-08decad17715_hq.mp3","author":"Lejla Omeragi\u0107 \u0106ati\u0107","available_dubs":[],"downloadable_assets":["https://rfe-audio-ns.akamaized.net/sc/2026/07/16/8c0209ee-7d0f-46bc-7e62-08decad17715_hq.mp3"],"duration_display":"27:00","duration_seconds":1620.0,"embed_url":null,"id":238,"image_caption":null,"image_url":"https://gdb.rferl.org/966075dc-3ebb-4946-191d-08decd1d5d42_mw2048_mh2048_n.jpeg","is_clip":false,"item_type":"audio","item_type_label":"Audio","language_label":"Serbo-Croatian","media_credit":"RFE","micro_label":"Audio program","micro_label_kind":"audio","network_label":"RFE/RL","network_logo_url":"/static/uploads/direct_network_logos/rfe_rl_e69d397fdd7d.png","published_at":"2026-07-17T05:28:46.450000","published_at_display":"17 Jul 2026, 05:28 GMT","sequence_badge_label":null,"sequence_count":null,"sequence_count_label":null,"sequence_frames":[],"sequence_kind":null,"source_name":"slobodnaevropa_org_direct","source_name_label":"Slobodnaevropa","source_type":"direct_api","summary":"Zbog \u010dega policija u pola tri ujutro kuca gra\u0111anima na vrata, cijepa zastave s ljiljanima i pi\u0161e prekr\u0161ajne prijave koje ni prema jednom zakonu uop\u0161te nisu zabranjene? U ovoj epizodi pri\u010damo o hitnim izmjenama Krivi\u010dnog zakonika entiteta RS, kojima se obilje\u017eja Armije RBiH izjedna\u010davaju s usta\u0161kim simbolima. Sa stru\u010dnjacima za ustavno pravo i istoriju razgovaramo o heraldici, pravnom paradoksu, predizbornim motivima, te mogu\u0107im posljedicama koje ovakvi politi\u010dki \"performansi\" proizvode.","title":"Od kralja Tvrtka do Krivi\u010dnog zakona: 'Ljiljani pred sudom' u BiH","topic":"Zaviri ispod povr\u0161ine","translation_language":"","url":"https://rfe-audio-ns.akamaized.net/sc/2026/07/16/8c0209ee-7d0f-46bc-7e62-08decad17715_hq.mp3","video_url":null},{"article_body_paragraphs":[],"audio_source_url":"https://rfe-audio-ns.akamaized.net/sc/2026/07/09/c7050718-c2b7-4ed8-7d2c-08decad17715_hq.mp3","author":"Lejla Omeragi\u0107 \u0106ati\u0107","available_dubs":[],"downloadable_assets":["https://rfe-audio-ns.akamaized.net/sc/2026/07/09/c7050718-c2b7-4ed8-7d2c-08decad17715_hq.mp3"],"duration_display":"31:26","duration_seconds":1886.0,"embed_url":null,"id":249,"image_caption":null,"image_url":"https://gdb.rferl.org/248f4ef1-a4d0-4ce3-134a-08decad58b60_mw2048_mh2048_n.jpg","is_clip":false,"item_type":"audio","item_type_label":"Audio","language_label":"Serbo-Croatian","media_credit":"RFE","micro_label":"Audio program","micro_label_kind":"audio","network_label":"RFE/RL","network_logo_url":"/static/uploads/direct_network_logos/rfe_rl_e69d397fdd7d.png","published_at":"2026-07-10T10:08:57.423000","published_at_display":"10 Jul 2026, 10:08 GMT","sequence_badge_label":null,"sequence_count":null,"sequence_count_label":null,"sequence_frames":[],"sequence_kind":null,"source_name":"slobodnaevropa_org_direct","source_name_label":"Slobodnaevropa","source_type":"direct_api","summary":"Mundijal je gra\u0111anima BiH donio energiju i ponos kakvi se nisu osjetili decenijama. U ovoj epizodi slu\u0161amo mladu dijasporu koja je u BiH doputovala iz raznih krajeva svijeta, novinarske utiske iz Amerike, analizu sportske psihologinje i komentar sarajevske pijanistice s metlom u rukama. Za\u0161to red, rad, disciplinu, sistem i timski rad o\u010dekujemo od igra\u010da na terenu, a isto to ne tra\u017eimo od politi\u010dara i u sopstvenom \u017eivotu i dru\u0161tvu?","title":"'Non paper' sa Mundijala: \u0160ta su postigli reprezentacija BiH i Zmajevi?","topic":"Zaviri ispod povr\u0161ine","translation_language":"","url":"https://rfe-audio-ns.akamaized.net/sc/2026/07/09/c7050718-c2b7-4ed8-7d2c-08decad17715_hq.mp3","video_url":null}],"next_num":null,"page":1,"pages":1,"per_page":20,"prev_num":null,"total":8}
