{"applied_filters":{"end_date":"","lang":"","language":"","network":"","page":10,"per_page":20,"search":"","source":"dengeamerika_com_direct","start_date":"","topic":"","type":""},"available_filters":{"language_choices":[{"label":"Choose Language","value":""},{"label":"English","value":"English"},{"label":"Espa\u00f1ol","value":"Espa\u00f1ol"},{"label":"Kurdish","value":"Kurdish"}],"network_choices":[{"label":"All networks","value":""},{"label":"VOA","value":"VOA"}],"source_choices":[{"label":"All sources","value":""},{"label":"Current Time","value":"currenttime_tv_direct"},{"label":"Current Time","value":"currenttime_tv_rss"},{"label":"Da Azadi Radio","value":"da_azadiradio_com_rss"},{"label":"Darivoa","value":"darivoa_com_rss"},{"label":"Dengeamerika","value":"dengeamerika_com_direct"},{"label":"Dengeamerika","value":"dengeamerika_com_rss"},{"label":"Dengiamerika","value":"dengiamerika_com_direct"},{"label":"Dengiamerika","value":"dengiamerika_com_rss"},{"label":"Editorials VOA","value":"editorials_voa_gov_rss"},{"label":"Golosameriki","value":"golosameriki_com_direct"},{"label":"Golosameriki","value":"golosameriki_com_rss"},{"label":"Ir VOA News","value":"ir_voanews_com_rss"},{"label":"Mashaalradio","value":"mashaalradio_com_direct"},{"label":"Moldova Europalibera","value":"moldova_europalibera_org_direct"},{"label":"Moldova Europalibera","value":"moldova_europalibera_org_rss"},{"label":"OCB \u00b7 Caf\u00e9 Digital","value":"ocb_spanish_audio_html_scrape"},{"label":"OCB \u00b7 Liberaci\u00f3n","value":"ocb_spanish_audio_html_scrape_1001"},{"label":"OCB \u00b7 Programas de Radio Nuestra Am\u00e9rica","value":"ocb_spanish_audio_html_scrape_1016"},{"label":"OCB \u00b7 Agenda hemisf\u00e9rica","value":"ocb_spanish_audio_html_scrape_1028"},{"label":"OCB \u00b7 El futuro es ya","value":"ocb_spanish_audio_html_scrape_1056"},{"label":"OCB \u00b7 Foro abierto","value":"ocb_spanish_audio_html_scrape_1061"},{"label":"OCB \u00b7 Nicaragua al d\u00eda","value":"ocb_spanish_audio_html_scrape_1077"},{"label":"OCB \u00b7 La bola nostra","value":"ocb_spanish_audio_html_scrape_1078"},{"label":"OCB \u00b7 Taller de prensa","value":"ocb_spanish_audio_html_scrape_1103"},{"label":"OCB \u00b7 Las noticias como son","value":"ocb_spanish_audio_html_scrape_142"},{"label":"OCB \u00b7 Abriendo Espacios","value":"ocb_spanish_audio_html_scrape_562"},{"label":"OCB \u00b7 Mart\u00ed Noticias A.M.","value":"ocb_spanish_audio_html_scrape_668"},{"label":"OCB Spanish Audio","value":"ocb_spanish_audio_scrape"},{"label":"OCB Spanish Video","value":"ocb_spanish_video_scrape"},{"label":"Pa Azadi Radio","value":"pa_azadiradio_com_rss"},{"label":"Pashtovoa","value":"pashtovoa_com_rss"},{"label":"Radiofaarda","value":"radiofaarda_com_direct"},{"label":"Radio Farda","value":"radiofarda_com_direct"},{"label":"Radio Farda","value":"radiofarda_com_rss"},{"label":"Radiosvoboda","value":"radiosvoboda_org_rss"},{"label":"Radiotavisupleba","value":"radiotavisupleba_ge_direct"},{"label":"Radiotavisupleba","value":"radiotavisupleba_ge_rss"},{"label":"Radiotelevisionmarti","value":"radiotelevisionmarti_com_direct"},{"label":"Radiotelevisionmarti","value":"radiotelevisionmarti_com_rss"},{"label":"RFA Burmese","value":"rfa_burmese_rss"},{"label":"RFA Burmese Video Scrape","value":"rfa_burmese_video_scrape"},{"label":"RFA Cantonese","value":"rfa_cantonese_rss"},{"label":"RFA Cantonese Video Scrape","value":"rfa_cantonese_video_scrape"},{"label":"RFA English RSS","value":"rfa_english_rss"},{"label":"RFA English Video","value":"rfa_english_video_scrape"},{"label":"RFA Khmer","value":"rfa_khmer_rss"},{"label":"RFA Khmer Video Scrape","value":"rfa_khmer_video_scrape"},{"label":"RFA Korean","value":"rfa_korean_rss"},{"label":"RFA Korean Video Scrape","value":"rfa_korean_video_scrape"},{"label":"RFA Lao","value":"rfa_lao_rss"},{"label":"RFA Lao Video Scrape","value":"rfa_lao_video_scrape"},{"label":"RFA Mandarin","value":"rfa_mandarin_rss"},{"label":"RFA Mandarin Video Scrape","value":"rfa_mandarin_video_scrape"},{"label":"RFA Tibetan","value":"rfa_tibetan_rss"},{"label":"RFA Tibetan Video Scrape","value":"rfa_tibetan_video_scrape"},{"label":"RFA Uyghur","value":"rfa_uyghur_rss"},{"label":"RFA Uyghur Video Scrape","value":"rfa_uyghur_video_scrape"},{"label":"RFA Vietnamese","value":"rfa_vietnamese_rss"},{"label":"RFA Vietnamese Video Scrape","value":"rfa_vietnamese_video_scrape"},{"label":"RFE/RL Direct","value":"rferl_direct"},{"label":"RFE/RL","value":"rferl_org_rss"},{"label":"Slobodnaevropa","value":"slobodnaevropa_org_direct"},{"label":"Slobodnaevropa","value":"slobodnaevropa_org_rss"},{"label":"Svoboda","value":"svoboda_org_direct"},{"label":"Svoboda","value":"svoboda_org_rss"},{"label":"Ukrainian VOA News","value":"ukrainian_voanews_com_rss"},{"label":"VOA Chinese Direct","value":"voa_chinese_direct"},{"label":"VOA Chinese RSS","value":"voa_chinese_rss"},{"label":"VOA Dari Direct","value":"voa_dari_direct"},{"label":"VOA Korea Direct","value":"voa_korea_direct"},{"label":"VOA Pashto Direct","value":"voa_pashto_direct"},{"label":"VOA Persian Direct","value":"voa_persian_direct"},{"label":"Voakorea","value":"voakorea_com_rss"}],"sources":["currenttime_tv_direct","currenttime_tv_rss","da_azadiradio_com_rss","darivoa_com_rss","dengeamerika_com_direct","dengeamerika_com_rss","dengiamerika_com_direct","dengiamerika_com_rss","editorials_voa_gov_rss","golosameriki_com_direct","golosameriki_com_rss","ir_voanews_com_rss","mashaalradio_com_direct","moldova_europalibera_org_direct","moldova_europalibera_org_rss","ocb_spanish_audio_html_scrape","ocb_spanish_audio_html_scrape_1001","ocb_spanish_audio_html_scrape_1016","ocb_spanish_audio_html_scrape_1028","ocb_spanish_audio_html_scrape_1056","ocb_spanish_audio_html_scrape_1061","ocb_spanish_audio_html_scrape_1077","ocb_spanish_audio_html_scrape_1078","ocb_spanish_audio_html_scrape_1103","ocb_spanish_audio_html_scrape_142","ocb_spanish_audio_html_scrape_562","ocb_spanish_audio_html_scrape_668","ocb_spanish_audio_scrape","ocb_spanish_video_scrape","pa_azadiradio_com_rss","pashtovoa_com_rss","radiofaarda_com_direct","radiofarda_com_direct","radiofarda_com_rss","radiosvoboda_org_rss","radiotavisupleba_ge_direct","radiotavisupleba_ge_rss","radiotelevisionmarti_com_direct","radiotelevisionmarti_com_rss","rfa_burmese_rss","rfa_burmese_video_scrape","rfa_cantonese_rss","rfa_cantonese_video_scrape","rfa_english_rss","rfa_english_video_scrape","rfa_khmer_rss","rfa_khmer_video_scrape","rfa_korean_rss","rfa_korean_video_scrape","rfa_lao_rss","rfa_lao_video_scrape","rfa_mandarin_rss","rfa_mandarin_video_scrape","rfa_tibetan_rss","rfa_tibetan_video_scrape","rfa_uyghur_rss","rfa_uyghur_video_scrape","rfa_vietnamese_rss","rfa_vietnamese_video_scrape","rferl_direct","rferl_org_rss","slobodnaevropa_org_direct","slobodnaevropa_org_rss","svoboda_org_direct","svoboda_org_rss","ukrainian_voanews_com_rss","voa_chinese_direct","voa_chinese_rss","voa_dari_direct","voa_korea_direct","voa_pashto_direct","voa_persian_direct","voakorea_com_rss"],"topics":["250em\u00een Salvegera Serxweb\u00fbna Amer\u00eekay\u00ea","Amer\u00eeka","Bernameya Televizyon\u00ee ya Rojane","Bernamey\u00ean radyoy\u00ea y\u00ean rojane","C\u00eehan","N\u00fb\u00e7ey\u00ean C\u00eehan\u00ea 1","N\u00fb\u00e7ey\u00ean C\u00eehan\u00ea 2","Radyo","V\u00eedyo Galer\u00ee"],"types":[["","All types"],["audio","Audio"],["video","Videos"],["clips","Clips"],["media","Media"]]},"has_next":true,"has_prev":true,"items":[{"article_body_paragraphs":[],"audio_source_url":"https://voa-audio-ns.akamaized.net/vku/2026/08/21/20260821-140000-vku053-program_hq.mp3","author":null,"available_dubs":[],"downloadable_assets":["https://voa-audio-ns.akamaized.net/vku/2026/08/21/20260821-140000-vku053-program_hq.mp3"],"duration_display":"59:59","duration_seconds":3599.0,"embed_url":null,"id":7601,"image_caption":null,"image_url":null,"is_clip":false,"item_type":"audio","item_type_label":"Audio","language_label":"Kurdish","media_credit":"VOA","micro_label":"Audio program","micro_label_kind":"audio","network_label":"VOA","network_logo_url":"/static/uploads/direct_network_logos/voa_1ef13eedbd2f.svg","published_at":"2026-08-21T14:00:00","published_at_display":"21 Aug 2026, 14:00 GMT","sequence_badge_label":null,"sequence_count":null,"sequence_count_label":null,"sequence_frames":[],"sequence_kind":null,"source_name":"dengeamerika_com_direct","source_name_label":"Dengeamerika","source_type":"direct_api","summary":null,"title":"Bernamey\u00ean radyoy\u00ea y\u00ean rojane","topic":"Bernamey\u00ean radyoy\u00ea y\u00ean rojane","translation_language":"","url":"https://voa-audio-ns.akamaized.net/vku/2026/08/21/20260821-140000-vku053-program_hq.mp3","video_url":null},{"article_body_paragraphs":[],"audio_source_url":null,"author":"Emced Kurdo","available_dubs":[],"downloadable_assets":["https://voa-video-ns.akamaized.net/pangeavideo/2026/08/8/81/81d9bd60-e965-4ba9-f270-08def2b12219_1080p.mp4?cb=ee21a4f7b"],"duration_display":"2:34","duration_seconds":154.54,"embed_url":null,"id":7569,"image_caption":null,"image_url":"https://gdb.voanews.com/81d9bd60-e965-4ba9-f270-08def2b12219_tv_mw2048_mh2048_n.jpg","is_clip":true,"item_type":"video","item_type_label":"Video","language_label":"Kurdish","media_credit":"VOA","micro_label":"Video report","micro_label_kind":"video","network_label":"VOA","network_logo_url":"/static/uploads/direct_network_logos/voa_1ef13eedbd2f.svg","published_at":"2026-08-21T13:53:03.240000","published_at_display":"21 Aug 2026, 13:53 GMT","sequence_badge_label":null,"sequence_count":null,"sequence_count_label":null,"sequence_frames":[],"sequence_kind":null,"source_name":"dengeamerika_com_direct","source_name_label":"Dengeamerika","source_type":"direct_api","summary":"Bi amadeb\u00fbna bi hezaran welat\u00ee, li parka Azad\u00ee ya Qami\u015flo, ahenga sedsal\u00eeya damezirandina baj\u00ear hat lidarxistin. Di v\u00ea aheng\u00ea de, fermandar\u00ea Gi\u015ft\u00ee y\u00ea H\u00eaz\u00ean S\u00fbr\u00eeya Demokrat\u00eek Mazl\u00fbm Ebd\u00ee \u00fb n\u00fbner\u00ea Hik\u00fbmeta S\u00fbr\u00eey\u00ea Ehmed H\u00eelal\u00ee j\u00ee amade b\u00fbn. Raporta Emced Kurdo ron\u00ee dide ser v\u00ea boney\u00ea.","title":"Sedsal\u00eeya Qami\u015flo li Parka Baj\u00ear Hat P\u00eerozkirin","topic":"V\u00eedyo Galer\u00ee","translation_language":"","url":"https://voa-video-ns.akamaized.net/pangeavideo/2026/08/8/81/81d9bd60-e965-4ba9-f270-08def2b12219_1080p.mp4?cb=ee21a4f7b","video_url":"https://voa-video-ns.akamaized.net/pangeavideo/2026/08/8/81/81d9bd60-e965-4ba9-f270-08def2b12219_1080p.mp4?cb=ee21a4f7b"},{"article_body_paragraphs":[],"audio_source_url":null,"author":"\u00cevan Hes\u00eeb","available_dubs":[],"downloadable_assets":["https://voa-video-ns.akamaized.net/pangeavideo/2026/08/c/c4/c47dc1c8-4d39-4be1-7ef9-08def2ed48ad_1080p.mp4?cb=ee21a4ebe"],"duration_display":"3:12","duration_seconds":192.28,"embed_url":null,"id":7570,"image_caption":null,"image_url":"https://gdb.voanews.com/c47dc1c8-4d39-4be1-7ef9-08def2ed48ad_tv_mw2048_mh2048_n.jpg","is_clip":true,"item_type":"video","item_type_label":"Video","language_label":"Kurdish","media_credit":"VOA","micro_label":"Video report","micro_label_kind":"video","network_label":"VOA","network_logo_url":"/static/uploads/direct_network_logos/voa_1ef13eedbd2f.svg","published_at":"2026-08-21T13:50:54.417000","published_at_display":"21 Aug 2026, 13:50 GMT","sequence_badge_label":null,"sequence_count":null,"sequence_count_label":null,"sequence_frames":[],"sequence_kind":null,"source_name":"dengeamerika_com_direct","source_name_label":"Dengeamerika","source_type":"direct_api","summary":"Malbata Bidrosiyan a Ermen\u00ee ya her\u00ee navdar li bajar\u00ea Qami\u015flo, z\u00eadetir\u00ee 460 salan e p\u00ee\u015feya \u00e7\u00eakirina k\u00fbpan didom\u00eene. Bav \u00fb kal\u00ean wan di sala 1915\u2019an de ji bajar\u00ea Sason\u00ea y\u00ea Tirk\u00eey\u00ea reviyane \u00fb li qerax\u00ean \u00e7em\u00ea Cexceq\u00ea bi cih b\u00fbne. \u00cevan Hes\u00eeb ron\u00ee dide ser \u00e7\u00eeroka wan.","title":"Li Qami\u015flo Malbeteke Ermen Kevne\u015fop\u00eeya \u00c7\u00eakirina K\u00fbpan Parastiye","topic":"V\u00eedyo Galer\u00ee","translation_language":"","url":"https://voa-video-ns.akamaized.net/pangeavideo/2026/08/c/c4/c47dc1c8-4d39-4be1-7ef9-08def2ed48ad_1080p.mp4?cb=ee21a4ebe","video_url":"https://voa-video-ns.akamaized.net/pangeavideo/2026/08/c/c4/c47dc1c8-4d39-4be1-7ef9-08def2ed48ad_1080p.mp4?cb=ee21a4ebe"},{"article_body_paragraphs":[],"audio_source_url":"https://voa-audio-ns.akamaized.net/vku/2026/08/21/20260821-050000-vku053-program_hq.mp3","author":null,"available_dubs":[],"downloadable_assets":["https://voa-audio-ns.akamaized.net/vku/2026/08/21/20260821-050000-vku053-program_hq.mp3"],"duration_display":"4:59","duration_seconds":299.0,"embed_url":null,"id":7460,"image_caption":null,"image_url":null,"is_clip":false,"item_type":"audio","item_type_label":"Audio","language_label":"Kurdish","media_credit":"VOA","micro_label":"Audio program","micro_label_kind":"audio","network_label":"VOA","network_logo_url":"/static/uploads/direct_network_logos/voa_1ef13eedbd2f.svg","published_at":"2026-08-21T05:00:00","published_at_display":"21 Aug 2026, 05:00 GMT","sequence_badge_label":null,"sequence_count":null,"sequence_count_label":null,"sequence_frames":[],"sequence_kind":null,"source_name":"dengeamerika_com_direct","source_name_label":"Dengeamerika","source_type":"direct_api","summary":"N\u00fb\u00e7ey\u00ean C\u00eehan\u00ea ji Deng\u00ea Amer\u00eeka","title":"N\u00fb\u00e7ey\u00ean C\u00eehan\u00ea 2","topic":"N\u00fb\u00e7ey\u00ean C\u00eehan\u00ea 2","translation_language":"","url":"https://voa-audio-ns.akamaized.net/vku/2026/08/21/20260821-050000-vku053-program_hq.mp3","video_url":null},{"article_body_paragraphs":[],"audio_source_url":null,"author":null,"available_dubs":[],"downloadable_assets":["https://voa-video-ns.akamaized.net/pangeavideo/2026/08/8/89/89bdf703-56c6-4fb9-f277-08def2b12219_1080p.mp4?cb=ee21aa722"],"duration_display":"59:09","duration_seconds":3549.84,"embed_url":null,"id":7417,"image_caption":null,"image_url":"https://gdb.voanews.com/89bdf703-56c6-4fb9-f277-08def2b12219_tv_mw2048_mh2048_n.jpg","is_clip":false,"item_type":"video","item_type_label":"Video","language_label":"Kurdish","media_credit":"VOA","micro_label":"Video report","micro_label_kind":"video","network_label":"VOA","network_logo_url":"/static/uploads/direct_network_logos/voa_1ef13eedbd2f.svg","published_at":"2026-08-20T21:39:24.693000","published_at_display":"20 Aug 2026, 21:39 GMT","sequence_badge_label":null,"sequence_count":null,"sequence_count_label":null,"sequence_frames":[],"sequence_kind":null,"source_name":"dengeamerika_com_direct","source_name_label":"Dengeamerika","source_type":"direct_api","summary":"N\u00fb\u00e7e \u00fb agah\u00eey\u00ean n\u00fb y\u00ean derbar\u00ea Amer\u00eeka, her\u00eam\u00ean kurdan \u00fb c\u00eehan\u00ea di Bernameya Televizyon\u00ee ya 20\u2019\u00ea Tebaxa 2026\u2019an de.","title":"Bernameya Televizyon\u00ee ya 20'\u00ea Tebaxa 2026\u2019an","topic":"Bernameya Televizyon\u00ee ya Rojane","translation_language":"","url":"https://voa-video-ns.akamaized.net/pangeavideo/2026/08/8/89/89bdf703-56c6-4fb9-f277-08def2b12219_1080p.mp4?cb=ee21aa722","video_url":"https://voa-video-ns.akamaized.net/pangeavideo/2026/08/8/89/89bdf703-56c6-4fb9-f277-08def2b12219_1080p.mp4?cb=ee21aa722"},{"article_body_paragraphs":[],"audio_source_url":null,"author":"D\u00eeyar Cemal","available_dubs":[],"downloadable_assets":["https://voa-video-ns.akamaized.net/pangeavideo/2026/08/2/29/29e9d178-5810-4a09-47e9-08decadaa577_1080p.mp4?cb=ee21964dd"],"duration_display":"3:54","duration_seconds":234.21,"embed_url":null,"id":7404,"image_caption":null,"image_url":"https://gdb.voanews.com/29e9d178-5810-4a09-47e9-08decadaa577_tv_mw2048_mh2048_n.jpg","is_clip":true,"item_type":"video","item_type_label":"Video","language_label":"Kurdish","media_credit":"VOA","micro_label":"Video report","micro_label_kind":"video","network_label":"VOA","network_logo_url":"/static/uploads/direct_network_logos/voa_1ef13eedbd2f.svg","published_at":"2026-08-20T21:13:01.647000","published_at_display":"20 Aug 2026, 21:13 GMT","sequence_badge_label":null,"sequence_count":null,"sequence_count_label":null,"sequence_frames":[],"sequence_kind":null,"source_name":"dengeamerika_com_direct","source_name_label":"Dengeamerika","source_type":"direct_api","summary":"Serokat\u00eeya Amer\u00eeka \u00fb Wezareta Xez\u00eeney\u00ea ya Amer\u00eekay\u00ea ragihand ku ew\u00ea fi\u015fra\u00ean dijawr \u00fb tundtir danin ser \u00ceran\u00ea \u00fb ew welat \u00fb al\u00eey\u00ean bi \u00ceran\u00ea re bazirgan\u00eey\u00ea dikin. Ev biryara Amer\u00eekay\u00ea rasterast d\u00ea bandor\u00ea li Her\u00eama Kurdsitan\u00ea bik. Diyar Cema ji Hewl\u00ear sedeman zelal dike.","title":"Fi\u015far\u00ean N\u00fb y\u00ean Amer\u00eekay\u00ea li Dij\u00ee \u00ceran\u00ea \u00fb Bandora li Ser Her\u00eama Kurdistan\u00ea","topic":"V\u00eedyo Galer\u00ee","translation_language":"","url":"https://voa-video-ns.akamaized.net/pangeavideo/2026/08/2/29/29e9d178-5810-4a09-47e9-08decadaa577_1080p.mp4?cb=ee21964dd","video_url":"https://voa-video-ns.akamaized.net/pangeavideo/2026/08/2/29/29e9d178-5810-4a09-47e9-08decadaa577_1080p.mp4?cb=ee21964dd"},{"article_body_paragraphs":[],"audio_source_url":null,"author":"Ferhan Hamaxan","available_dubs":[],"downloadable_assets":["https://voa-video-ns.akamaized.net/pangeavideo/2026/08/c/ca/ca59ad50-f006-4588-c9ff-08decaecd3b3_1080p.mp4?cb=ee2196226"],"duration_display":"3:31","duration_seconds":211.45,"embed_url":null,"id":7405,"image_caption":null,"image_url":"https://gdb.voanews.com/ca59ad50-f006-4588-c9ff-08decaecd3b3_tv_mw2048_mh2048_n.jpg","is_clip":true,"item_type":"video","item_type_label":"Video","language_label":"Kurdish","media_credit":"VOA","micro_label":"Video report","micro_label_kind":"video","network_label":"VOA","network_logo_url":"/static/uploads/direct_network_logos/voa_1ef13eedbd2f.svg","published_at":"2026-08-20T21:01:26.667000","published_at_display":"20 Aug 2026, 21:01 GMT","sequence_badge_label":null,"sequence_count":null,"sequence_count_label":null,"sequence_frames":[],"sequence_kind":null,"source_name":"dengeamerika_com_direct","source_name_label":"Dengeamerika","source_type":"direct_api","summary":"Hunera dengb\u00eaj\u00eey\u00ea, Siya\u00e7eman, m\u00fbz\u00eek \u00fb stran\u00ean taybet y\u00ean Hewram\u00ee, wek\u00ee yek ji \u00e7and\u00ean deng\u00ee y\u00ean her\u00ee rast\u00een \u00fb kevnar \u00ean Kurdistan\u00ea ne, l\u00ea gil\u00ee hene ku giring\u00ee bi w\u00ea huner\u00ea \u00fb dengb\u00eaj\u00ean w\u00ea nay\u00ea day\u00een, ew huner li ber neman\u00ea ye.","title":"Metis\u00eeya Lawazb\u00fbn \u00fb Nemana Hunera Dengb\u00eaj\u00eey\u00ea li Hewraman","topic":"V\u00eedyo Galer\u00ee","translation_language":"","url":"https://voa-video-ns.akamaized.net/pangeavideo/2026/08/c/ca/ca59ad50-f006-4588-c9ff-08decaecd3b3_1080p.mp4?cb=ee2196226","video_url":"https://voa-video-ns.akamaized.net/pangeavideo/2026/08/c/ca/ca59ad50-f006-4588-c9ff-08decaecd3b3_1080p.mp4?cb=ee2196226"},{"article_body_paragraphs":[],"audio_source_url":null,"author":"Eyy\u00fbp Dem\u00eer","available_dubs":[],"downloadable_assets":["https://voa-video-ns.akamaized.net/pangeavideo/2026/08/2/2c/2c4a792c-6c7a-4972-81c1-08decae8682a_1080p.mp4?cb=ee21959a9"],"duration_display":"2:08","duration_seconds":128.17,"embed_url":null,"id":7375,"image_caption":null,"image_url":"https://gdb.voanews.com/2c4a792c-6c7a-4972-81c1-08decae8682a_tv_mw2048_mh2048_n.jpg","is_clip":true,"item_type":"video","item_type_label":"Video","language_label":"Kurdish","media_credit":"VOA","micro_label":"Video report","micro_label_kind":"video","network_label":"VOA","network_logo_url":"/static/uploads/direct_network_logos/voa_1ef13eedbd2f.svg","published_at":"2026-08-20T20:22:00.260000","published_at_display":"20 Aug 2026, 20:22 GMT","sequence_badge_label":null,"sequence_count":null,"sequence_count_label":null,"sequence_frames":[],"sequence_kind":null,"source_name":"dengeamerika_com_direct","source_name_label":"Dengeamerika","source_type":"direct_api","summary":"Pi\u015ft\u00ee \u00ear\u00ee\u015fa \u00cesra\u00eel\u00ea ya ser bingeheke h\u00eaz\u00ean esman\u00ee li bakur\u00ea S\u00fbriy\u00ea, girj\u00eey\u00ean di navbera Tirkiy\u00ea \u00fb \u00cesra\u00eel\u00ea de z\u00eade b\u00fbne. Eyy\u00fbp Dem\u00eer ji Stenbol\u00ea, ser w\u00ea mijar\u00ea p\u00eazan\u00een\u00ean z\u00eadetir radigih\u00eene","title":"Girj\u00eey\u00ean Tirk\u00eey\u00ea \u00fb \u00cesra\u00eel\u00ea Derbar\u00ea S\u00fbr\u00eey\u00ea Z\u00eadetir Dibin","topic":"V\u00eedyo Galer\u00ee","translation_language":"","url":"https://voa-video-ns.akamaized.net/pangeavideo/2026/08/2/2c/2c4a792c-6c7a-4972-81c1-08decae8682a_1080p.mp4?cb=ee21959a9","video_url":"https://voa-video-ns.akamaized.net/pangeavideo/2026/08/2/2c/2c4a792c-6c7a-4972-81c1-08decae8682a_1080p.mp4?cb=ee21959a9"},{"article_body_paragraphs":[],"audio_source_url":null,"author":null,"available_dubs":[],"downloadable_assets":[],"duration_display":"0:00","duration_seconds":null,"embed_url":null,"id":7376,"image_caption":null,"image_url":"https://gdb.voanews.com/63f4a6db-132f-4176-c9fc-08decaecd3b3_tv_mw2048_mh2048_n.jpg","is_clip":false,"item_type":"video","item_type_label":"Video","language_label":"Kurdish","media_credit":"VOA","micro_label":"Photo","micro_label_kind":"gallery","network_label":"VOA","network_logo_url":"/static/uploads/direct_network_logos/voa_1ef13eedbd2f.svg","published_at":"2026-08-20T20:11:53.710000","published_at_display":"20 Aug 2026, 20:11 GMT","sequence_badge_label":null,"sequence_count":null,"sequence_count_label":null,"sequence_frames":[],"sequence_kind":null,"source_name":"dengeamerika_com_direct","source_name_label":"Dengeamerika","source_type":"direct_api","summary":"Pi\u015ft\u00ee derbasb\u00fbna qan\u00fbna \u00e7ar\u00e7ovey\u00ee \u00fb pejirandina w\u00ea ji al\u00eey\u00ea piran\u00eeya h\u00eaz\u00ean siyas\u00ee \u00fb civak\u00ee ve li Tirk\u00eey\u00ea, niha t\u00ea \u00e7aver\u00eakirin ku hik\u00fbmeta Tirk\u00eey\u00ea p\u00eangav\u00ean siyas\u00ee \u00fb qan\u00fbn\u00ee biav\u00eaje. Ozlem Yasak zanyar\u00eey\u00ean z\u00eadetir dide.","title":"Proseya A\u015ft\u00eey\u00ea li Tirk\u00eey\u00ea Dikeve di Qonaxek N\u00fb de","topic":"V\u00eedyo Galer\u00ee","translation_language":"","url":null,"video_url":null},{"article_body_paragraphs":[],"audio_source_url":null,"author":"Emced Kurdo","available_dubs":[],"downloadable_assets":["https://voa-video-ns.akamaized.net/pangeavideo/2026/08/2/22/2288f142-8fca-4e75-f26a-08def2b12219_1080p.mp4?cb=ee219558b"],"duration_display":"3:37","duration_seconds":217.49,"embed_url":null,"id":7377,"image_caption":null,"image_url":"https://gdb.voanews.com/2288f142-8fca-4e75-f26a-08def2b12219_tv_mw2048_mh2048_n.jpg","is_clip":true,"item_type":"video","item_type_label":"Video","language_label":"Kurdish","media_credit":"VOA","micro_label":"Video report","micro_label_kind":"video","network_label":"VOA","network_logo_url":"/static/uploads/direct_network_logos/voa_1ef13eedbd2f.svg","published_at":"2026-08-20T20:07:39.583000","published_at_display":"20 Aug 2026, 20:07 GMT","sequence_badge_label":null,"sequence_count":null,"sequence_count_label":null,"sequence_frames":[],"sequence_kind":null,"source_name":"dengeamerika_com_direct","source_name_label":"Dengeamerika","source_type":"direct_api","summary":"Qami\u015flo bajar\u00ea her\u00ee mezin \u00ea Kurd\u00ean Rojava ye, di sedsal\u00eeya baj\u00ear de gelek \u00e7alak\u00ee hatine lidarxistin \u00fb ew \u00e7alak\u00ee dom dikin. T\u00ea \u00e7aver\u00eakirin ku di \u015fah\u00eeya li Parka Azad\u00ee de, girseya gel \u00fb berpirs\u00ean R\u00eaveber\u00eeya Xweser \u00fb Hik\u00fbmeta demk\u00ee ya S\u00fbr\u00eey\u00ea be\u015fdar\u00ee aheng\u00ea bibin.","title":"P\u00eerozbah\u00eey\u00ean Sedsal\u00eeya Bajar\u00ea Qami\u015flo li Parka Azad\u00ee","topic":"V\u00eedyo Galer\u00ee","translation_language":"","url":"https://voa-video-ns.akamaized.net/pangeavideo/2026/08/2/22/2288f142-8fca-4e75-f26a-08def2b12219_1080p.mp4?cb=ee219558b","video_url":"https://voa-video-ns.akamaized.net/pangeavideo/2026/08/2/22/2288f142-8fca-4e75-f26a-08def2b12219_1080p.mp4?cb=ee219558b"},{"article_body_paragraphs":[],"audio_source_url":"https://voa-audio-ns.akamaized.net/vku/2026/08/20/20260820-190000-vku053-program_hq.mp3","author":null,"available_dubs":[],"downloadable_assets":["https://voa-audio-ns.akamaized.net/vku/2026/08/20/20260820-190000-vku053-program_hq.mp3"],"duration_display":"4:59","duration_seconds":299.0,"embed_url":null,"id":7346,"image_caption":null,"image_url":null,"is_clip":false,"item_type":"audio","item_type_label":"Audio","language_label":"Kurdish","media_credit":"VOA","micro_label":"Audio program","micro_label_kind":"audio","network_label":"VOA","network_logo_url":"/static/uploads/direct_network_logos/voa_1ef13eedbd2f.svg","published_at":"2026-08-20T19:00:00","published_at_display":"20 Aug 2026, 19:00 GMT","sequence_badge_label":null,"sequence_count":null,"sequence_count_label":null,"sequence_frames":[],"sequence_kind":null,"source_name":"dengeamerika_com_direct","source_name_label":"Dengeamerika","source_type":"direct_api","summary":"N\u00fb\u00e7ey\u00ean C\u00eehan\u00ea ji Deng\u00ea Amer\u00eeka","title":"N\u00fb\u00e7ey\u00ean 3\u2019y\u00ea pa\u015fn\u00eevro","topic":null,"translation_language":"","url":"https://voa-audio-ns.akamaized.net/vku/2026/08/20/20260820-190000-vku053-program_hq.mp3","video_url":null},{"article_body_paragraphs":[],"audio_source_url":null,"author":"R\u00eaj\u00een Ehmed","available_dubs":[],"downloadable_assets":["https://voa-video-ns.akamaized.net/pangeavideo/2026/08/5/54/5425c672-627c-4b69-7ee9-08def2ed48ad_1080p.mp4?cb=ee2193e22"],"duration_display":"3:30","duration_seconds":210.4,"embed_url":null,"id":7319,"image_caption":null,"image_url":"https://gdb.voanews.com/5425c672-627c-4b69-7ee9-08def2ed48ad_tv_mw2048_mh2048_n.jpg","is_clip":true,"item_type":"video","item_type_label":"Video","language_label":"Kurdish","media_credit":"VOA","micro_label":"Video report","micro_label_kind":"video","network_label":"VOA","network_logo_url":"/static/uploads/direct_network_logos/voa_1ef13eedbd2f.svg","published_at":"2026-08-20T18:27:37.280000","published_at_display":"20 Aug 2026, 18:27 GMT","sequence_badge_label":null,"sequence_count":null,"sequence_count_label":null,"sequence_frames":[],"sequence_kind":null,"source_name":"dengeamerika_com_direct","source_name_label":"Dengeamerika","source_type":"direct_api","summary":"Simaqa devera Z\u00eabar\u00ee li Akr\u00ea ya Her\u00eama Kurdistan\u00ea ne ten\u00ea behemeke \u00e7andin\u00ee, bazirgan\u00ee, \u00fb abor\u00ee ye, bel\u00ea ew be\u015feke ji nasname \u00fb kult\u00fbra dever\u00ea. L\u00ea \u00cesal berhema simaq\u00ea k\u00eam b\u00fbye. Raporta R\u00eaj\u00een Ehmed b\u00eahtir zanyar\u00ee hene.","title":"Werza \u00c7in\u00eena Simaq\u00ea li Devera Z\u00eabar\u00ee ya Her\u00eama Kurdistan\u00ea","topic":"V\u00eedyo Galer\u00ee","translation_language":"","url":"https://voa-video-ns.akamaized.net/pangeavideo/2026/08/5/54/5425c672-627c-4b69-7ee9-08def2ed48ad_1080p.mp4?cb=ee2193e22","video_url":"https://voa-video-ns.akamaized.net/pangeavideo/2026/08/5/54/5425c672-627c-4b69-7ee9-08def2ed48ad_1080p.mp4?cb=ee2193e22"},{"article_body_paragraphs":[],"audio_source_url":null,"author":"Sem\u00eera El\u00ee Mend\u00ee","available_dubs":[],"downloadable_assets":["https://voa-video-ns.akamaized.net/pangeavideo/2026/08/6/63/636f8ba4-afcd-41a4-a233-08def2b10d93_1080p.mp4?cb=ee2193d07"],"duration_display":"2:27","duration_seconds":147.16,"embed_url":null,"id":7320,"image_caption":null,"image_url":"https://gdb.voanews.com/636f8ba4-afcd-41a4-a233-08def2b10d93_tv_mw2048_mh2048_n.jpg","is_clip":true,"item_type":"video","item_type_label":"Video","language_label":"Kurdish","media_credit":"VOA","micro_label":"Video report","micro_label_kind":"video","network_label":"VOA","network_logo_url":"/static/uploads/direct_network_logos/voa_1ef13eedbd2f.svg","published_at":"2026-08-20T18:22:49.040000","published_at_display":"20 Aug 2026, 18:22 GMT","sequence_badge_label":null,"sequence_count":null,"sequence_count_label":null,"sequence_frames":[],"sequence_kind":null,"source_name":"dengeamerika_com_direct","source_name_label":"Dengeamerika","source_type":"direct_api","summary":"Serok\u00ea Amer\u00eekay\u00ea Donald Trump di peyameke tund de ku li ser hesab\u00ea w\u00ee y\u00ea ferm\u00ee y\u00ea Truth Social hate we\u015fandin, destp\u00eakirina \"operasyona abor\u00ee ya her\u00ee kujer\" a d\u00eerok\u00ea li dij\u00ee Komara \u00ceslam\u00ee ya \u00ceran\u00ea ragihand. Sem\u00eera El\u00ee Mend\u00ee b\u00eahtir zanyar\u00ee hene.","title":"Operasyona Abor\u00ee ya Amer\u00eeka li Dij\u00ee \u00ceran\u00ea","topic":"V\u00eedyo Galer\u00ee","translation_language":"","url":"https://voa-video-ns.akamaized.net/pangeavideo/2026/08/6/63/636f8ba4-afcd-41a4-a233-08def2b10d93_1080p.mp4?cb=ee2193d07","video_url":"https://voa-video-ns.akamaized.net/pangeavideo/2026/08/6/63/636f8ba4-afcd-41a4-a233-08def2b10d93_1080p.mp4?cb=ee2193d07"},{"article_body_paragraphs":[],"audio_source_url":"https://voa-audio-ns.akamaized.net/vku/2026/08/20/20260820-170500-vku053-program_hq.mp3","author":null,"available_dubs":[],"downloadable_assets":["https://voa-audio-ns.akamaized.net/vku/2026/08/20/20260820-170500-vku053-program_hq.mp3"],"duration_display":"54:59","duration_seconds":3299.0,"embed_url":null,"id":7321,"image_caption":null,"image_url":null,"is_clip":false,"item_type":"audio","item_type_label":"Audio","language_label":"Kurdish","media_credit":"VOA","micro_label":"Audio program","micro_label_kind":"audio","network_label":"VOA","network_logo_url":"/static/uploads/direct_network_logos/voa_1ef13eedbd2f.svg","published_at":"2026-08-20T17:05:00","published_at_display":"20 Aug 2026, 17:05 GMT","sequence_badge_label":null,"sequence_count":null,"sequence_count_label":null,"sequence_frames":[],"sequence_kind":null,"source_name":"dengeamerika_com_direct","source_name_label":"Dengeamerika","source_type":"direct_api","summary":null,"title":"Bernama Duy\u00ea","topic":null,"translation_language":"","url":"https://voa-audio-ns.akamaized.net/vku/2026/08/20/20260820-170500-vku053-program_hq.mp3","video_url":null},{"article_body_paragraphs":[],"audio_source_url":"https://voa-audio-ns.akamaized.net/vku/2026/08/20/20260820-170000-vku053-program_hq.mp3","author":null,"available_dubs":[],"downloadable_assets":["https://voa-audio-ns.akamaized.net/vku/2026/08/20/20260820-170000-vku053-program_hq.mp3"],"duration_display":"5:00","duration_seconds":300.0,"embed_url":null,"id":7288,"image_caption":null,"image_url":null,"is_clip":false,"item_type":"audio","item_type_label":"Audio","language_label":"Kurdish","media_credit":"VOA","micro_label":"Audio program","micro_label_kind":"audio","network_label":"VOA","network_logo_url":"/static/uploads/direct_network_logos/voa_1ef13eedbd2f.svg","published_at":"2026-08-20T17:00:00","published_at_display":"20 Aug 2026, 17:00 GMT","sequence_badge_label":null,"sequence_count":null,"sequence_count_label":null,"sequence_frames":[],"sequence_kind":null,"source_name":"dengeamerika_com_direct","source_name_label":"Dengeamerika","source_type":"direct_api","summary":"N\u00fb\u00e7ey\u00ean C\u00eehan\u00ea ji Deng\u00ea Amer\u00eeka","title":"N\u00fb\u00e7ey\u00ean 1\u2019\u00ea pa\u015fn\u00eevro","topic":"Radyo","translation_language":"","url":"https://voa-audio-ns.akamaized.net/vku/2026/08/20/20260820-170000-vku053-program_hq.mp3","video_url":null},{"article_body_paragraphs":[],"audio_source_url":null,"author":"D\u00eeyar Cemal","available_dubs":[],"downloadable_assets":["https://voa-video-ns.akamaized.net/pangeavideo/2026/08/3/30/306af7f8-5299-4f00-c9f8-08decaecd3b3_1080p.mp4?cb=ee219342d"],"duration_display":"2:41","duration_seconds":161.81,"embed_url":null,"id":7280,"image_caption":null,"image_url":"https://gdb.voanews.com/306af7f8-5299-4f00-c9f8-08decaecd3b3_tv_mw2048_mh2048_n.jpg","is_clip":true,"item_type":"video","item_type_label":"Video","language_label":"Kurdish","media_credit":"VOA","micro_label":"Video report","micro_label_kind":"video","network_label":"VOA","network_logo_url":"/static/uploads/direct_network_logos/voa_1ef13eedbd2f.svg","published_at":"2026-08-20T16:55:52.147000","published_at_display":"20 Aug 2026, 16:55 GMT","sequence_badge_label":null,"sequence_count":null,"sequence_count_label":null,"sequence_frames":[],"sequence_kind":null,"source_name":"dengeamerika_com_direct","source_name_label":"Dengeamerika","source_type":"direct_api","summary":"R\u00fbni\u015ftvanek\u00ee nav\u00e7eya Erbet a par\u00eazgeha Sil\u00eaman\u00eey\u00ea ji ber qelewb\u00fbn\u00ea \u00fb nexwe\u015f\u00eey\u00ean c\u00fbrbic\u00fbr di rew\u015feke tendurist\u00eeya neba\u015f re derbas dibe \u00fb rew\u015fa daray\u00ee ya xerab r\u00ea li ber \u00e7areser\u00eeyan girtiye. Raporta Diyar Cemal ron\u00ee dide ser \u00e7\u00eeroka w\u00ee.","title":"Hejar\u00ee R\u00eay\u00ean \u00c7areser\u00eey\u00ea li Nexwe\u015fek\u00ee Sil\u00eaman\u00eey\u00ea Digire","topic":"V\u00eedyo Galer\u00ee","translation_language":"","url":"https://voa-video-ns.akamaized.net/pangeavideo/2026/08/3/30/306af7f8-5299-4f00-c9f8-08decaecd3b3_1080p.mp4?cb=ee219342d","video_url":"https://voa-video-ns.akamaized.net/pangeavideo/2026/08/3/30/306af7f8-5299-4f00-c9f8-08decaecd3b3_1080p.mp4?cb=ee219342d"},{"article_body_paragraphs":[],"audio_source_url":null,"author":"Eyy\u00fbp Dem\u00eer","available_dubs":[],"downloadable_assets":["https://voa-video-ns.akamaized.net/pangeavideo/2026/08/e/ef/efe59d08-e98d-4bda-f262-08def2b12219_1080p.mp4?cb=ee219195b"],"duration_display":"2:17","duration_seconds":137.98,"embed_url":null,"id":7248,"image_caption":null,"image_url":"https://gdb.voanews.com/efe59d08-e98d-4bda-f262-08def2b12219_tv_mw2048_mh2048_n.jpg","is_clip":true,"item_type":"video","item_type_label":"Video","language_label":"Kurdish","media_credit":"VOA","micro_label":"Video report","micro_label_kind":"video","network_label":"VOA","network_logo_url":"/static/uploads/direct_network_logos/voa_1ef13eedbd2f.svg","published_at":"2026-08-20T15:50:51.460000","published_at_display":"20 Aug 2026, 15:50 GMT","sequence_badge_label":null,"sequence_count":null,"sequence_count_label":null,"sequence_frames":[],"sequence_kind":null,"source_name":"dengeamerika_com_direct","source_name_label":"Dengeamerika","source_type":"direct_api","summary":"Hunermend\u00ea Kurd Orhan Onuk di p\u00ea\u015fengeheke \u015f\u00eawekar\u00eey\u00ea de li Stenbol\u00ea bi fir\u00e7e \u00fb behreya xwe bala serdaneran diki\u015f\u00eene. Onuk dib\u00eaje ku ew xeyal\u00ean xwe y\u00ean wel\u00eat bi w\u00eaneyan ji n\u00fb ve vedij\u00eene. Raporta Eyy\u00fbp Dem\u00eer ron\u00ee dide ser v\u00ea p\u00ea\u015fangeh\u00ea.","title":"Orhan Onuk bi W\u00eanesaz\u00eey\u00ea B\u00eerewer\u00eeya xwe ya Kurd\u00ee Vedij\u00eene","topic":"V\u00eedyo Galer\u00ee","translation_language":"","url":"https://voa-video-ns.akamaized.net/pangeavideo/2026/08/e/ef/efe59d08-e98d-4bda-f262-08def2b12219_1080p.mp4?cb=ee219195b","video_url":"https://voa-video-ns.akamaized.net/pangeavideo/2026/08/e/ef/efe59d08-e98d-4bda-f262-08def2b12219_1080p.mp4?cb=ee219195b"},{"article_body_paragraphs":[],"audio_source_url":"https://voa-audio-ns.akamaized.net/vku/2026/08/20/20260820-150000-vku053-program_hq.mp3","author":null,"available_dubs":[],"downloadable_assets":["https://voa-audio-ns.akamaized.net/vku/2026/08/20/20260820-150000-vku053-program_hq.mp3"],"duration_display":"10:00","duration_seconds":600.0,"embed_url":null,"id":7226,"image_caption":null,"image_url":null,"is_clip":false,"item_type":"audio","item_type_label":"Audio","language_label":"Kurdish","media_credit":"VOA","micro_label":"Audio program","micro_label_kind":"audio","network_label":"VOA","network_logo_url":"/static/uploads/direct_network_logos/voa_1ef13eedbd2f.svg","published_at":"2026-08-20T15:00:00","published_at_display":"20 Aug 2026, 15:00 GMT","sequence_badge_label":null,"sequence_count":null,"sequence_count_label":null,"sequence_frames":[],"sequence_kind":null,"source_name":"dengeamerika_com_direct","source_name_label":"Dengeamerika","source_type":"direct_api","summary":"N\u00fb\u00e7ey\u00ean C\u00eehan\u00ea ji Deng\u00ea Amer\u00eeka","title":"N\u00fb\u00e7ey\u00ean C\u00eehan\u00ea 1","topic":"N\u00fb\u00e7ey\u00ean C\u00eehan\u00ea 1","translation_language":"","url":"https://voa-audio-ns.akamaized.net/vku/2026/08/20/20260820-150000-vku053-program_hq.mp3","video_url":null},{"article_body_paragraphs":[],"audio_source_url":null,"author":"Del\u00eel Sil\u00eaman","available_dubs":[],"downloadable_assets":["https://voa-video-ns.akamaized.net/pangeavideo/2026/08/b/bc/bc58a2a9-b37d-4c13-47d9-08decadaa577_1080p.mp4?cb=ee2190bdc"],"duration_display":"3:18","duration_seconds":198.03,"embed_url":null,"id":7212,"image_caption":null,"image_url":"https://gdb.voanews.com/bc58a2a9-b37d-4c13-47d9-08decadaa577_tv_mw2048_mh2048_n.jpg","is_clip":true,"item_type":"video","item_type_label":"Video","language_label":"Kurdish","media_credit":"VOA","micro_label":"Video report","micro_label_kind":"video","network_label":"VOA","network_logo_url":"/static/uploads/direct_network_logos/voa_1ef13eedbd2f.svg","published_at":"2026-08-20T14:53:16.180000","published_at_display":"20 Aug 2026, 14:53 GMT","sequence_badge_label":null,"sequence_count":null,"sequence_count_label":null,"sequence_frames":[],"sequence_kind":null,"source_name":"dengeamerika_com_direct","source_name_label":"Dengeamerika","source_type":"direct_api","summary":"Di werza hav\u00een\u00ea de \u00fb bi bilindb\u00fbna piley\u00ean germ\u00ea re, \u00e7em\u00ea ku \u00e7avkan\u00eeya jiyan\u00ea b\u00fb li bajarok\u00ea Tirbesp\u00eey\u00ea, \u00eero b\u00fbye metirs\u00eeyeke mezin li ser jiyana welat\u00eeyan ji ber av\u00eatina gil\u00ea\u015f \u00fb \u00e7op\u00ea li nava \u00e7em. Raporta Del\u00eel Sil\u00eaman b\u00eahtir agah\u00ee hene.","title":"Av\u00eatina Gil\u00ea\u015f \u00fb \u00c7op\u00ea li Nav \u00c7em\u00ea Tirbesip\u00eey\u00ea","topic":"V\u00eedyo Galer\u00ee","translation_language":"","url":"https://voa-video-ns.akamaized.net/pangeavideo/2026/08/b/bc/bc58a2a9-b37d-4c13-47d9-08decadaa577_1080p.mp4?cb=ee2190bdc","video_url":"https://voa-video-ns.akamaized.net/pangeavideo/2026/08/b/bc/bc58a2a9-b37d-4c13-47d9-08decadaa577_1080p.mp4?cb=ee2190bdc"},{"article_body_paragraphs":[],"audio_source_url":null,"author":"Emced Kurdo","available_dubs":[],"downloadable_assets":["https://voa-video-ns.akamaized.net/pangeavideo/2026/08/5/5d/5d4d36f3-8d0c-4891-f25f-08def2b12219_1080p.mp4?cb=ee219056e"],"duration_display":"2:51","duration_seconds":171.8,"embed_url":null,"id":7194,"image_caption":null,"image_url":"https://gdb.voanews.com/5d4d36f3-8d0c-4891-f25f-08def2b12219_tv_mw2048_mh2048_n.jpg","is_clip":true,"item_type":"video","item_type_label":"Video","language_label":"Kurdish","media_credit":"VOA","micro_label":"Video report","micro_label_kind":"video","network_label":"VOA","network_logo_url":"/static/uploads/direct_network_logos/voa_1ef13eedbd2f.svg","published_at":"2026-08-20T14:25:43.160000","published_at_display":"20 Aug 2026, 14:25 GMT","sequence_badge_label":null,"sequence_count":null,"sequence_count_label":null,"sequence_frames":[],"sequence_kind":null,"source_name":"dengeamerika_com_direct","source_name_label":"Dengeamerika","source_type":"direct_api","summary":"Li bajar\u00ea Qami\u015flo, tevgera avakirin\u00ea \u00fb weberh\u00eanana abor\u00ee di van dem\u00ean daw\u00ee de guhertineke berbi\u00e7av dib\u00eene. Bi destp\u00eakirina projey\u00ean mezin \u00ean bazirgan\u00ee \u00fb ni\u015ftec\u00eeb\u00fbn\u00ea, bajar derbas\u00ee qonaxeke n\u00fb ya ge\u015fep\u00eadana avakirin\u00ea dibe, ku armanca w\u00ea n\u00fbjenkirina binesaz\u00eey\u00ea \u00fb afirandina derfet\u00ean kar e.","title":"Ge\u015fb\u00fbna Projey\u00ean Avakirin\u00ea li Bajar\u00ea Qami\u015flo","topic":"V\u00eedyo Galer\u00ee","translation_language":"","url":"https://voa-video-ns.akamaized.net/pangeavideo/2026/08/5/5d/5d4d36f3-8d0c-4891-f25f-08def2b12219_1080p.mp4?cb=ee219056e","video_url":"https://voa-video-ns.akamaized.net/pangeavideo/2026/08/5/5d/5d4d36f3-8d0c-4891-f25f-08def2b12219_1080p.mp4?cb=ee219056e"}],"next_num":11,"page":10,"pages":26,"per_page":20,"prev_num":9,"total":513}
