{"applied_filters":{"end_date":"","lang":"","language":"","network":"","page":11,"per_page":20,"search":"","source":"dengeamerika_com_direct","start_date":"","topic":"V\u00eedyo Galer\u00ee","type":""},"available_filters":{"language_choices":[{"label":"Choose Language","value":""},{"label":"English","value":"English"},{"label":"Espa\u00f1ol","value":"Espa\u00f1ol"},{"label":"Kurdish","value":"Kurdish"}],"network_choices":[{"label":"All networks","value":""},{"label":"VOA","value":"VOA"}],"source_choices":[{"label":"All sources","value":""},{"label":"Dengeamerika","value":"dengeamerika_com_direct"}],"sources":["dengeamerika_com_direct"],"topics":["250em\u00een Salvegera Serxweb\u00fbna Amer\u00eekay\u00ea","Amer\u00eeka","Bernameya Televizyon\u00ee ya Rojane","Bernamey\u00ean radyoy\u00ea y\u00ean rojane","C\u00eehan","N\u00fb\u00e7ey\u00ean C\u00eehan\u00ea 1","N\u00fb\u00e7ey\u00ean C\u00eehan\u00ea 2","Radyo","V\u00eedyo Galer\u00ee"],"types":[["","All types"],["video","Videos"],["clips","Clips"],["media","Media"]]},"has_next":true,"has_prev":true,"items":[{"article_body_paragraphs":[],"audio_source_url":null,"author":null,"available_dubs":[],"downloadable_assets":["https://voa-video-ns.akamaized.net/pangeavideo/2026/08/2/27/271d092b-d86c-40bd-80f2-08decae8682a_1080p.mp4?cb=ee20c5e18"],"duration_display":"2:15","duration_seconds":135.52,"embed_url":null,"id":3818,"image_caption":null,"image_url":"https://gdb.voanews.com/271d092b-d86c-40bd-80f2-08decae8682a_tv_mw2048_mh2048_n.jpg","is_clip":true,"item_type":"video","item_type_label":"Video","language_label":"Kurdish","media_credit":"VOA","micro_label":"Video report","micro_label_kind":"video","network_label":"VOA","network_logo_url":"/static/uploads/direct_network_logos/voa_1ef13eedbd2f.svg","published_at":"2026-08-11T00:04:40.327000","published_at_display":"11 Aug 2026, 00:04 GMT","sequence_badge_label":null,"sequence_count":null,"sequence_count_label":null,"sequence_frames":[],"sequence_kind":null,"source_name":"dengeamerika_com_direct","source_name_label":"Dengeamerika","source_type":"direct_api","summary":"Senator\u00ea Komar\u00ee y\u00ea Teksas\u00ea (Texas) Ted Cruz got ku Kurd hevalbend\u00ean dilsoz \u00ean Amer\u00eekay\u00ea ne \u00fb di gelek \u015fer \u00fb pev\u00e7\u00fbnan de hevbe\u015f b\u00fbn, dikarin bibin be\u015fek ji lawazkirina Komara \u00ceslam\u00ee ya \u00ceran\u00ea.","title":"Senator\u00ea Komar\u00ee Ted Cruz Banga Pi\u015ftevan\u00eey\u00ea bo Kurdan Dike","topic":"V\u00eedyo Galer\u00ee","translation_language":"","url":"https://voa-video-ns.akamaized.net/pangeavideo/2026/08/2/27/271d092b-d86c-40bd-80f2-08decae8682a_1080p.mp4?cb=ee20c5e18","video_url":"https://voa-video-ns.akamaized.net/pangeavideo/2026/08/2/27/271d092b-d86c-40bd-80f2-08decae8682a_1080p.mp4?cb=ee20c5e18"},{"article_body_paragraphs":[],"audio_source_url":null,"author":null,"available_dubs":[],"downloadable_assets":["https://voa-video-ns.akamaized.net/pangeavideo/2026/08/e/e3/e32c9dca-7b1e-4146-a165-08def2b10d93_1080p.mp4?cb=ee20c60c4"],"duration_display":"1:13","duration_seconds":73.64,"embed_url":null,"id":3817,"image_caption":null,"image_url":"https://gdb.voanews.com/e32c9dca-7b1e-4146-a165-08def2b10d93_tv_mw2048_mh2048_n.jpg","is_clip":true,"item_type":"video","item_type_label":"Video","language_label":"Kurdish","media_credit":"VOA","micro_label":"Video report","micro_label_kind":"video","network_label":"VOA","network_logo_url":"/static/uploads/direct_network_logos/voa_1ef13eedbd2f.svg","published_at":"2026-08-11T00:00:30.840000","published_at_display":"11 Aug 2026, 00:00 GMT","sequence_badge_label":null,"sequence_count":null,"sequence_count_label":null,"sequence_frames":[],"sequence_kind":null,"source_name":"dengeamerika_com_direct","source_name_label":"Dengeamerika","source_type":"direct_api","summary":"Li welat\u00ea Kolomb\u00eeyay\u00ea erdhejek bih\u00eaze 7.4 pile p\u00eakhat her\u00ee k\u00eam 47 kesan jiyana xwe ji dest da. P\u00eazan\u00een\u00ean z\u00eadetiir di raport\u00ea de hene.","title":"Kolomb\u00eeya Rast\u00ee Erdhejek Bih\u00eaz Hat","topic":"V\u00eedyo Galer\u00ee","translation_language":"","url":"https://voa-video-ns.akamaized.net/pangeavideo/2026/08/e/e3/e32c9dca-7b1e-4146-a165-08def2b10d93_1080p.mp4?cb=ee20c60c4","video_url":"https://voa-video-ns.akamaized.net/pangeavideo/2026/08/e/e3/e32c9dca-7b1e-4146-a165-08def2b10d93_1080p.mp4?cb=ee20c60c4"},{"article_body_paragraphs":[],"audio_source_url":null,"author":null,"available_dubs":[],"downloadable_assets":["https://voa-video-ns.akamaized.net/pangeavideo/2026/08/8/82/8231ec3d-f5b0-4d3b-46fd-08decadaa577_1080p.mp4?cb=ee20c534e"],"duration_display":"2:00","duration_seconds":120.87,"embed_url":null,"id":3801,"image_caption":null,"image_url":"https://gdb.voanews.com/8231ec3d-f5b0-4d3b-46fd-08decadaa577_tv_mw2048_mh2048_n.jpg","is_clip":true,"item_type":"video","item_type_label":"Video","language_label":"Kurdish","media_credit":"VOA","micro_label":"Video report","micro_label_kind":"video","network_label":"VOA","network_logo_url":"/static/uploads/direct_network_logos/voa_1ef13eedbd2f.svg","published_at":"2026-08-10T23:18:38.170000","published_at_display":"10 Aug 2026, 23:18 GMT","sequence_badge_label":null,"sequence_count":null,"sequence_count_label":null,"sequence_frames":[],"sequence_kind":null,"source_name":"dengeamerika_com_direct","source_name_label":"Dengeamerika","source_type":"direct_api","summary":"Z\u00eadekirina fi\u015far\u00ean abor\u00ee li ser \u00ceran\u00ea di rojeva siyas\u00ee ya Amer\u00eekay\u00ea de ye, hin Amer\u00eek\u00ee difikirin ku bandora z\u00eadekirin zext\u00ean abor\u00ee bo ser hik\u00fbmeta Tehran\u00ea d\u00ea ji zext\u00ean le\u015fker\u00ee bih\u00eaztir be.","title":"Amer\u00eeka Difikire Zext\u00ean Abor\u00ee li Ser \u00ceran\u00ea Z\u00eade Bike","topic":"V\u00eedyo Galer\u00ee","translation_language":"","url":"https://voa-video-ns.akamaized.net/pangeavideo/2026/08/8/82/8231ec3d-f5b0-4d3b-46fd-08decadaa577_1080p.mp4?cb=ee20c534e","video_url":"https://voa-video-ns.akamaized.net/pangeavideo/2026/08/8/82/8231ec3d-f5b0-4d3b-46fd-08decadaa577_1080p.mp4?cb=ee20c534e"},{"article_body_paragraphs":[],"audio_source_url":null,"author":null,"available_dubs":[],"downloadable_assets":["https://voa-video-ns.akamaized.net/pangeavideo/2026/08/d/db/db7d67ba-8e69-48d2-f19a-08def2b12219_1080p.mp4?cb=ee20c22ea"],"duration_display":"8:30","duration_seconds":510.72,"embed_url":null,"id":3751,"image_caption":null,"image_url":"https://gdb.voanews.com/db7d67ba-8e69-48d2-f19a-08def2b12219_tv_mw2048_mh2048_n.jpg","is_clip":false,"item_type":"video","item_type_label":"Video","language_label":"Kurdish","media_credit":"VOA","micro_label":"Video report","micro_label_kind":"video","network_label":"VOA","network_logo_url":"/static/uploads/direct_network_logos/voa_1ef13eedbd2f.svg","published_at":"2026-08-10T19:52:10.503000","published_at_display":"10 Aug 2026, 19:52 GMT","sequence_badge_label":null,"sequence_count":null,"sequence_count_label":null,"sequence_frames":[],"sequence_kind":null,"source_name":"dengeamerika_com_direct","source_name_label":"Dengeamerika","source_type":"direct_api","summary":"Senator\u00ea Komar\u00ee Ted Cruz di roj\u00ean bor\u00ee de daxuyan\u00ee li ser bih\u00eazkirina opozisyona li dij\u00ee hik\u00fbmeta Tehran\u00ea dab\u00fbn, w\u00ee gotb\u00fb ku p\u00eaw\u00eeste Amer\u00eeka pi\u015ftevan\u00eeya Kurdan bike. Meysem Morad\u00ee, Pispor\u00ea T\u00eakiliy\u00ean Navnetewey\u00ee, bersiva pirs\u00ean Deng\u00ea Amer\u00eeka dide.","title":"Nirxandin Derbar\u00ea Pir\u00e7ekkirin Kurdan li \u00ceran\u00ea","topic":"V\u00eedyo Galer\u00ee","translation_language":"","url":"https://voa-video-ns.akamaized.net/pangeavideo/2026/08/d/db/db7d67ba-8e69-48d2-f19a-08def2b12219_1080p.mp4?cb=ee20c22ea","video_url":"https://voa-video-ns.akamaized.net/pangeavideo/2026/08/d/db/db7d67ba-8e69-48d2-f19a-08def2b12219_1080p.mp4?cb=ee20c22ea"},{"article_body_paragraphs":[],"audio_source_url":null,"author":"Eyy\u00fbp Dem\u00eer","available_dubs":[],"downloadable_assets":["https://voa-video-ns.akamaized.net/pangeavideo/2026/08/7/7a/7a4e1131-a7d5-4b88-c91a-08decaecd3b3_1080p.mp4?cb=ee20c1fa9"],"duration_display":"2:49","duration_seconds":169.51,"embed_url":null,"id":3731,"image_caption":null,"image_url":"https://gdb.voanews.com/7a4e1131-a7d5-4b88-c91a-08decaecd3b3_tv_mw2048_mh2048_n.jpg","is_clip":true,"item_type":"video","item_type_label":"Video","language_label":"Kurdish","media_credit":"VOA","micro_label":"Video report","micro_label_kind":"video","network_label":"VOA","network_logo_url":"/static/uploads/direct_network_logos/voa_1ef13eedbd2f.svg","published_at":"2026-08-10T19:38:17.217000","published_at_display":"10 Aug 2026, 19:38 GMT","sequence_badge_label":null,"sequence_count":null,"sequence_count_label":null,"sequence_frames":[],"sequence_kind":null,"source_name":"dengeamerika_com_direct","source_name_label":"Dengeamerika","source_type":"direct_api","summary":"Roja Du\u015fem\u00ea qan\u00fbna \u00e7ar\u00e7ovey\u00ee li parlemantoy\u00ea Tirk\u00eeye b\u00fb, ji bo ku dengdan li ser were kirin. Eyy\u00fbp Dem\u00eer, ji Stenbol, agah\u00eey\u00ean z\u00eadetir ser mijar\u00ea dide.","title":"Dengdan li ser Qan\u00fbna \u00c7ar\u00e7ovey\u00ee di Parlemantoya Tirk\u00eey\u00ea de","topic":"V\u00eedyo Galer\u00ee","translation_language":"","url":"https://voa-video-ns.akamaized.net/pangeavideo/2026/08/7/7a/7a4e1131-a7d5-4b88-c91a-08decaecd3b3_1080p.mp4?cb=ee20c1fa9","video_url":"https://voa-video-ns.akamaized.net/pangeavideo/2026/08/7/7a/7a4e1131-a7d5-4b88-c91a-08decaecd3b3_1080p.mp4?cb=ee20c1fa9"},{"article_body_paragraphs":[],"audio_source_url":null,"author":null,"available_dubs":[],"downloadable_assets":["https://voa-video-ns.akamaized.net/pangeavideo/2026/08/8/80/8049d700-e233-4a6e-4702-08decadaa577_1080p.mp4?cb=ee20c1b2f"],"duration_display":"8:23","duration_seconds":503.68,"embed_url":null,"id":3732,"image_caption":null,"image_url":"https://gdb.voanews.com/8049d700-e233-4a6e-4702-08decadaa577_tv_mw2048_mh2048_n.jpg","is_clip":false,"item_type":"video","item_type_label":"Video","language_label":"Kurdish","media_credit":"VOA","micro_label":"Video report","micro_label_kind":"video","network_label":"VOA","network_logo_url":"/static/uploads/direct_network_logos/voa_1ef13eedbd2f.svg","published_at":"2026-08-10T19:19:11.527000","published_at_display":"10 Aug 2026, 19:19 GMT","sequence_badge_label":null,"sequence_count":null,"sequence_count_label":null,"sequence_frames":[],"sequence_kind":null,"source_name":"dengeamerika_com_direct","source_name_label":"Dengeamerika","source_type":"direct_api","summary":"\u00cero Du\u015fem\u00ea yekem\u00een Karwan\u00ea derbider\u00ean Ser\u00ea Kan\u00eey\u00ea ku ji 410 malbatan p\u00eak t\u00ea, ji Kampa Wa\u015fokan\u00ee dest bi vegera ser mal \u00fb war\u00ean xwe kir li bakur\u00ea rojhilt\u00ea S\u00fbr\u00eey\u00ea. Dema ew gihi\u015ftin rast\u00ee \u00eart\u00ee\u015fan hatin. \u015eirovekar\u00ea Siyas\u00ee Ebdulhel\u00eem Sil\u00eaman mijar\u00ea dinirx\u00eene","title":"\u015eirovekar\u00ea Siyas\u00ee Ebdulhel\u00eem Sil\u00eaman Vegera Derbider\u00ean Ser\u00ea Kan\u00eey\u00ea Dinirx\u00eene","topic":"V\u00eedyo Galer\u00ee","translation_language":"","url":"https://voa-video-ns.akamaized.net/pangeavideo/2026/08/8/80/8049d700-e233-4a6e-4702-08decadaa577_1080p.mp4?cb=ee20c1b2f","video_url":"https://voa-video-ns.akamaized.net/pangeavideo/2026/08/8/80/8049d700-e233-4a6e-4702-08decadaa577_1080p.mp4?cb=ee20c1b2f"},{"article_body_paragraphs":[],"audio_source_url":null,"author":"Ferhan Hamaxan","available_dubs":[],"downloadable_assets":["https://voa-video-ns.akamaized.net/pangeavideo/2026/08/a/ae/ae39c431-4217-422d-f192-08def2b12219_1080p.mp4?cb=ee20bfa65"],"duration_display":"3:01","duration_seconds":181.48,"embed_url":null,"id":3667,"image_caption":null,"image_url":"https://gdb.voanews.com/ae39c431-4217-422d-f192-08def2b12219_tv_mw2048_mh2048_n.jpg","is_clip":true,"item_type":"video","item_type_label":"Video","language_label":"Kurdish","media_credit":"VOA","micro_label":"Video report","micro_label_kind":"video","network_label":"VOA","network_logo_url":"/static/uploads/direct_network_logos/voa_1ef13eedbd2f.svg","published_at":"2026-08-10T16:59:17.280000","published_at_display":"10 Aug 2026, 16:59 GMT","sequence_badge_label":null,"sequence_count":null,"sequence_count_label":null,"sequence_frames":[],"sequence_kind":null,"source_name":"dengeamerika_com_direct","source_name_label":"Dengeamerika","source_type":"direct_api","summary":"Pispor\u00ean tenduristiya der\u00fbn\u00ee dib\u00eajin ku bandor\u00ean der\u00fbn\u00ee y\u00ean k\u00eemyabarana Heleb\u00e7ey\u00ea ne ten\u00ea bandor li nif\u015f\u00ea yek\u00ea y\u00ea rizgarb\u00fbyan kiriye, l\u00ea di heman dem\u00ea de bandor li nif\u015f\u00ea duyan j\u00ee kiriye.","title":"K\u00eemyabarana Heleb\u00e7ey\u00ea \u00fb Bandora Der\u00fbn\u00ee li Ser Nif\u015fan","topic":"V\u00eedyo Galer\u00ee","translation_language":"","url":"https://voa-video-ns.akamaized.net/pangeavideo/2026/08/a/ae/ae39c431-4217-422d-f192-08def2b12219_1080p.mp4?cb=ee20bfa65","video_url":"https://voa-video-ns.akamaized.net/pangeavideo/2026/08/a/ae/ae39c431-4217-422d-f192-08def2b12219_1080p.mp4?cb=ee20bfa65"},{"article_body_paragraphs":[],"audio_source_url":null,"author":"Emced Kurdo","available_dubs":[],"downloadable_assets":["https://voa-video-ns.akamaized.net/pangeavideo/2026/08/6/63/633b8208-0b4a-41e2-7e05-08def2ed48ad_1080p.mp4?cb=ee20bfa2d"],"duration_display":"2:58","duration_seconds":178.6,"embed_url":null,"id":3668,"image_caption":null,"image_url":"https://gdb.voanews.com/633b8208-0b4a-41e2-7e05-08def2ed48ad_tv_mw2048_mh2048_n.jpg","is_clip":true,"item_type":"video","item_type_label":"Video","language_label":"Kurdish","media_credit":"VOA","micro_label":"Video report","micro_label_kind":"video","network_label":"VOA","network_logo_url":"/static/uploads/direct_network_logos/voa_1ef13eedbd2f.svg","published_at":"2026-08-10T16:58:21.390000","published_at_display":"10 Aug 2026, 16:58 GMT","sequence_badge_label":null,"sequence_count":null,"sequence_count_label":null,"sequence_frames":[],"sequence_kind":null,"source_name":"dengeamerika_com_direct","source_name_label":"Dengeamerika","source_type":"direct_api","summary":"\u00cero Du\u015fem\u00ea yekem\u00een Karwan\u00ea derbider\u00ean Ser\u00ea Kan\u00eey\u00ea ku ji 410 malbatan p\u00eak t\u00ea, ji Kampa Wa\u015fokan\u00ee dest bi vegera ser mal \u00fb war\u00ean xwe kir li bakur\u00ea rojhilt\u00ea S\u00fbr\u00eey\u00ea. Raporta Emced Kurdo b\u00eahtir agah\u00ee hene.","title":"Karwan\u00ea Yekem \u00ea Derbider\u00ean Ser\u00ea Kan\u00eey\u00ea Vedigere Baj\u00ear","topic":"V\u00eedyo Galer\u00ee","translation_language":"","url":"https://voa-video-ns.akamaized.net/pangeavideo/2026/08/6/63/633b8208-0b4a-41e2-7e05-08def2ed48ad_1080p.mp4?cb=ee20bfa2d","video_url":"https://voa-video-ns.akamaized.net/pangeavideo/2026/08/6/63/633b8208-0b4a-41e2-7e05-08def2ed48ad_1080p.mp4?cb=ee20bfa2d"},{"article_body_paragraphs":[],"audio_source_url":null,"author":"D\u00eeyar Cemal","available_dubs":[],"downloadable_assets":["https://voa-video-ns.akamaized.net/pangeavideo/2026/08/3/3c/3c171628-0752-4fdd-46fc-08decadaa577_1080p.mp4?cb=ee20bf356"],"duration_display":"3:18","duration_seconds":198.64,"embed_url":null,"id":3647,"image_caption":null,"image_url":"https://gdb.voanews.com/3c171628-0752-4fdd-46fc-08decadaa577_tv_mw2048_mh2048_n.jpg","is_clip":true,"item_type":"video","item_type_label":"Video","language_label":"Kurdish","media_credit":"VOA","micro_label":"Video report","micro_label_kind":"video","network_label":"VOA","network_logo_url":"/static/uploads/direct_network_logos/voa_1ef13eedbd2f.svg","published_at":"2026-08-10T16:29:10.370000","published_at_display":"10 Aug 2026, 16:29 GMT","sequence_badge_label":null,"sequence_count":null,"sequence_count_label":null,"sequence_frames":[],"sequence_kind":null,"source_name":"dengeamerika_com_direct","source_name_label":"Dengeamerika","source_type":"direct_api","summary":"Her \u00e7iqas hej\u00eer\u00ean her\u00eama Teq Teq a Her\u00eama Kurdistan\u00ea bi nav \u00fb bang in j\u00ee, l\u00ea ber\u00ea destp\u00eak\u00ea y\u00ea darhej\u00eeran rast\u00ee nexwe\u015f\u00eeyerk\u00ea hat\u00eeye \u00fb cotkar dib\u00eajin zirareke mezin gihaye wan.","title":"Hej\u00eer\u00ean Teq Teq Rast\u00ee Nexwe\u015f\u00eeyek\u00ea Hatine","topic":"V\u00eedyo Galer\u00ee","translation_language":"","url":"https://voa-video-ns.akamaized.net/pangeavideo/2026/08/3/3c/3c171628-0752-4fdd-46fc-08decadaa577_1080p.mp4?cb=ee20bf356","video_url":"https://voa-video-ns.akamaized.net/pangeavideo/2026/08/3/3c/3c171628-0752-4fdd-46fc-08decadaa577_1080p.mp4?cb=ee20bf356"},{"article_body_paragraphs":[],"audio_source_url":null,"author":"\u00cevan Hes\u00eeb","available_dubs":[],"downloadable_assets":["https://voa-video-ns.akamaized.net/pangeavideo/2026/08/8/8f/8f95fd9e-9fbf-4011-c916-08decaecd3b3_1080p.mp4?cb=ee20bf168"],"duration_display":"3:24","duration_seconds":204.26,"embed_url":null,"id":3648,"image_caption":null,"image_url":"https://gdb.voanews.com/8f95fd9e-9fbf-4011-c916-08decaecd3b3_tv_mw2048_mh2048_n.jpg","is_clip":true,"item_type":"video","item_type_label":"Video","language_label":"Kurdish","media_credit":"VOA","micro_label":"Video report","micro_label_kind":"video","network_label":"VOA","network_logo_url":"/static/uploads/direct_network_logos/voa_1ef13eedbd2f.svg","published_at":"2026-08-10T16:20:50.143000","published_at_display":"10 Aug 2026, 16:20 GMT","sequence_badge_label":null,"sequence_count":null,"sequence_count_label":null,"sequence_frames":[],"sequence_kind":null,"source_name":"dengeamerika_com_direct","source_name_label":"Dengeamerika","source_type":"direct_api","summary":"Pi\u015ft\u00ee radestkirina Berhem\u00ean Genim\u00ea wezra \u00cesal bo hik\u00fbmeta S\u00fbr\u00eey\u00ea, cotkar\u00ean par\u00eazgeha Hesek\u00ea gazinan ji wernegirtina perey\u00ean xwe dikin. Ew dib\u00eajin wan p\u00eaw\u00eest\u00ee bi pereyan heye da ku xwe ji bo weza b\u00ea re amade bikin.","title":"Cotkar\u00ean Hesek\u00ea bo Wernegirtina Fat\u00fbrey\u00ean G\u00eanim Gazinan Dikin","topic":"V\u00eedyo Galer\u00ee","translation_language":"","url":"https://voa-video-ns.akamaized.net/pangeavideo/2026/08/8/8f/8f95fd9e-9fbf-4011-c916-08decaecd3b3_1080p.mp4?cb=ee20bf168","video_url":"https://voa-video-ns.akamaized.net/pangeavideo/2026/08/8/8f/8f95fd9e-9fbf-4011-c916-08decaecd3b3_1080p.mp4?cb=ee20bf168"},{"article_body_paragraphs":[],"audio_source_url":null,"author":"Ridwan B\u00eazar","available_dubs":[],"downloadable_assets":["https://voa-video-ns.akamaized.net/pangeavideo/2026/08/2/21/2106b55a-6e60-4598-7e00-08def2ed48ad_1080p.mp4?cb=ee20be00b"],"duration_display":"2:41","duration_seconds":161.43,"embed_url":null,"id":3614,"image_caption":null,"image_url":"https://gdb.voanews.com/2106b55a-6e60-4598-7e00-08def2ed48ad_tv_mw2048_mh2048_n.jpg","is_clip":true,"item_type":"video","item_type_label":"Video","language_label":"Kurdish","media_credit":"VOA","micro_label":"Video report","micro_label_kind":"video","network_label":"VOA","network_logo_url":"/static/uploads/direct_network_logos/voa_1ef13eedbd2f.svg","published_at":"2026-08-10T15:06:16.787000","published_at_display":"10 Aug 2026, 15:06 GMT","sequence_badge_label":null,"sequence_count":null,"sequence_count_label":null,"sequence_frames":[],"sequence_kind":null,"source_name":"dengeamerika_com_direct","source_name_label":"Dengeamerika","source_type":"direct_api","summary":"Li bajar\u00ea Koban\u00eey\u00ea k\u00eamb\u00fbn \u00fb buhab\u00fbna sotemen\u00eey\u00ea pirsgir\u00eak di ewleh\u00eeya xwarin\u00ea de derxitine p\u00ea\u015f. Cotkar nema \u00e7andin\u00eey\u00ea dikin, \u00fb bandoreke ney\u00een\u00ee li sektor\u00ean veguhestin, kargeh \u00fb tendurist\u00eey\u00ea j\u00ee kiriye. Raporta Ridwan B\u00eazar b\u00eahtir agah\u00ee hene.","title":"Li Koban\u00eey\u00ea K\u00eamb\u00fbna Sotemen\u00eey\u00ea Gelek Sektor Asteng Kirine","topic":"V\u00eedyo Galer\u00ee","translation_language":"","url":"https://voa-video-ns.akamaized.net/pangeavideo/2026/08/2/21/2106b55a-6e60-4598-7e00-08def2ed48ad_1080p.mp4?cb=ee20be00b","video_url":"https://voa-video-ns.akamaized.net/pangeavideo/2026/08/2/21/2106b55a-6e60-4598-7e00-08def2ed48ad_1080p.mp4?cb=ee20be00b"},{"article_body_paragraphs":[],"audio_source_url":null,"author":"Eyy\u00fbp Dem\u00eer","available_dubs":[],"downloadable_assets":["https://voa-video-ns.akamaized.net/pangeavideo/2026/08/9/9b/9b601886-5627-4def-a150-08def2b10d93_1080p.mp4?cb=ee20bd627"],"duration_display":"3:12","duration_seconds":192.85,"embed_url":null,"id":3593,"image_caption":null,"image_url":"https://gdb.voanews.com/9b601886-5627-4def-a150-08def2b10d93_tv_mw2048_mh2048_n.jpg","is_clip":true,"item_type":"video","item_type_label":"Video","language_label":"Kurdish","media_credit":"VOA","micro_label":"Video report","micro_label_kind":"video","network_label":"VOA","network_logo_url":"/static/uploads/direct_network_logos/voa_1ef13eedbd2f.svg","published_at":"2026-08-10T14:22:53.740000","published_at_display":"10 Aug 2026, 14:22 GMT","sequence_badge_label":null,"sequence_count":null,"sequence_count_label":null,"sequence_frames":[],"sequence_kind":null,"source_name":"dengeamerika_com_direct","source_name_label":"Dengeamerika","source_type":"direct_api","summary":"Koma Agir\u00ea J\u00eeyan ya muz\u00eek\u00ea, pi\u015ft\u00ee rawestana 7 salan, \u00eesal careke din veger\u00eeyaye ser \u00e7alak\u00eey\u00ean xwe y\u00ean huner\u00ee \u00fb dest bi konsertan kiriye. Endam\u00ean kom\u00ea behsa serbora w\u00ea ya muz\u00eek\u00ea dikin. Raporta Eyy\u00fbp Dem\u00eer b\u00eahtir agah\u00ee hene.","title":"Koma Agir\u00ea J\u00eeyan Serbora Xwe ya Muz\u00eek\u00ee D\u00eesa Vedij\u00eene","topic":"V\u00eedyo Galer\u00ee","translation_language":"","url":"https://voa-video-ns.akamaized.net/pangeavideo/2026/08/9/9b/9b601886-5627-4def-a150-08def2b10d93_1080p.mp4?cb=ee20bd627","video_url":"https://voa-video-ns.akamaized.net/pangeavideo/2026/08/9/9b/9b601886-5627-4def-a150-08def2b10d93_1080p.mp4?cb=ee20bd627"},{"article_body_paragraphs":[],"audio_source_url":null,"author":"Emced Kurdo","available_dubs":[],"downloadable_assets":["https://voa-video-ns.akamaized.net/pangeavideo/2026/08/5/52/523878e9-5735-4e0d-c910-08decaecd3b3_1080p.mp4?cb=ee20bce13"],"duration_display":"1:18","duration_seconds":78.44,"embed_url":null,"id":3583,"image_caption":null,"image_url":"https://gdb.voanews.com/523878e9-5735-4e0d-c910-08decaecd3b3_tv_mw2048_mh2048_n.jpg","is_clip":true,"item_type":"video","item_type_label":"Video","language_label":"Kurdish","media_credit":"VOA","micro_label":"Video report","micro_label_kind":"video","network_label":"VOA","network_logo_url":"/static/uploads/direct_network_logos/voa_1ef13eedbd2f.svg","published_at":"2026-08-10T13:50:11.303000","published_at_display":"10 Aug 2026, 13:50 GMT","sequence_badge_label":null,"sequence_count":null,"sequence_count_label":null,"sequence_frames":[],"sequence_kind":null,"source_name":"dengeamerika_com_direct","source_name_label":"Dengeamerika","source_type":"direct_api","summary":"Roja Du\u015fem\u00ea 10\u00ea Tebax\u00ea b\u00eatir\u00ee 400 malbat\u00ean Ser\u00ea Kan\u00eey\u00ea li gor peymana HSD\u00ea \u00fb Hik\u00fbmeta Demk\u00ee ya \u015eam\u00ea vegeriyan ser mal \u00fb cih\u00ean xwe. Peyamn\u00ear Emced Kurdo k\u00eal\u00eeka vegera malbat\u00ean derbider ya Ser\u00ea Kan\u00eey\u00ea bo cih \u00fb war\u00ean xwe belge dike.","title":"Kameraya Deng\u00ea Amer\u00eeka Pi\u015ft\u00ee 7 Salan bo Cara Yek\u00ea Vedigere Bajar\u00ea Ser\u00ea Kan\u00eey\u00ea","topic":"V\u00eedyo Galer\u00ee","translation_language":"","url":"https://voa-video-ns.akamaized.net/pangeavideo/2026/08/5/52/523878e9-5735-4e0d-c910-08decaecd3b3_1080p.mp4?cb=ee20bce13","video_url":"https://voa-video-ns.akamaized.net/pangeavideo/2026/08/5/52/523878e9-5735-4e0d-c910-08decaecd3b3_1080p.mp4?cb=ee20bce13"},{"article_body_paragraphs":[],"audio_source_url":null,"author":"Emced Kurdo","available_dubs":[],"downloadable_assets":["https://voa-video-ns.akamaized.net/pangeavideo/2026/08/3/33/337846e2-7a50-4754-7dfd-08def2ed48ad_1080p.mp4?cb=ee20bb55a"],"duration_display":"1:08","duration_seconds":68.8,"embed_url":null,"id":3535,"image_caption":null,"image_url":"https://gdb.voanews.com/337846e2-7a50-4754-7dfd-08def2ed48ad_tv_mw2048_mh2048_n.jpg","is_clip":true,"item_type":"video","item_type_label":"Video","language_label":"Kurdish","media_credit":"VOA","micro_label":"Video report","micro_label_kind":"video","network_label":"VOA","network_logo_url":"/static/uploads/direct_network_logos/voa_1ef13eedbd2f.svg","published_at":"2026-08-10T11:08:50.610000","published_at_display":"10 Aug 2026, 11:08 GMT","sequence_badge_label":null,"sequence_count":null,"sequence_count_label":null,"sequence_frames":[],"sequence_kind":null,"source_name":"dengeamerika_com_direct","source_name_label":"Dengeamerika","source_type":"direct_api","summary":"\u00cero Du\u015fem\u00ea 10 Tebax\u00ea yekem\u00een Karwan\u00ea derbider\u00ean Ser\u00eakan\u00eey\u00ea ku ji 410 malbatan p\u00eak t\u00ea, ji Kampa Wa\u015fokan\u00ee dest bi vegera ser mal \u00fb war\u00ean xwe kir. Agah\u00eey\u00ean z\u00eadetir di raporta Emced Kurdo de.","title":"Yekem\u00een Karwan\u00ea Derbider\u00ean Ser\u00eakan\u00eey\u00ea Dest bi Veger\u00ea Kir","topic":"V\u00eedyo Galer\u00ee","translation_language":"","url":"https://voa-video-ns.akamaized.net/pangeavideo/2026/08/3/33/337846e2-7a50-4754-7dfd-08def2ed48ad_1080p.mp4?cb=ee20bb55a","video_url":"https://voa-video-ns.akamaized.net/pangeavideo/2026/08/3/33/337846e2-7a50-4754-7dfd-08def2ed48ad_1080p.mp4?cb=ee20bb55a"},{"article_body_paragraphs":[],"audio_source_url":null,"author":"Emced Kurdo","available_dubs":[],"downloadable_assets":["https://voa-video-ns.akamaized.net/pangeavideo/2026/08/1/12/12afbbce-32af-4783-46eb-08decadaa577_1080p.mp4?cb=ee20a8e3a"],"duration_display":"2:26","duration_seconds":146.09,"embed_url":null,"id":3346,"image_caption":null,"image_url":"https://gdb.voanews.com/12afbbce-32af-4783-46eb-08decadaa577_tv_mw2048_mh2048_n.jpg","is_clip":true,"item_type":"video","item_type_label":"Video","language_label":"Kurdish","media_credit":"VOA","micro_label":"Video report","micro_label_kind":"video","network_label":"VOA","network_logo_url":"/static/uploads/direct_network_logos/voa_1ef13eedbd2f.svg","published_at":"2026-08-09T15:05:30.620000","published_at_display":"9 Aug 2026, 15:05 GMT","sequence_badge_label":null,"sequence_count":null,"sequence_count_label":null,"sequence_frames":[],"sequence_kind":null,"source_name":"dengeamerika_com_direct","source_name_label":"Dengeamerika","source_type":"direct_api","summary":"Li gund\u00ea \u015eewit\u00ee y\u00ea rojhilat\u00ea bajar\u00ea Qami\u015flo, du xort\u00ean Kurd navendeke perwerdekirina siwarb\u00fbna hespan ava kirine ku bala bi hezaran hezkir\u00eey\u00ean v\u00ea werz\u00ee\u015f\u00ea ki\u015fandiye. Raporta Emced Kurdo b\u00eahtir agah\u00ee hene.","title":"Vekirina Navendeke Siwarb\u00fbna Hespan li Qami\u015flo","topic":"V\u00eedyo Galer\u00ee","translation_language":"","url":"https://voa-video-ns.akamaized.net/pangeavideo/2026/08/1/12/12afbbce-32af-4783-46eb-08decadaa577_1080p.mp4?cb=ee20a8e3a","video_url":"https://voa-video-ns.akamaized.net/pangeavideo/2026/08/1/12/12afbbce-32af-4783-46eb-08decadaa577_1080p.mp4?cb=ee20a8e3a"},{"article_body_paragraphs":[],"audio_source_url":null,"author":"Hem\u00eed Mistefa","available_dubs":[],"downloadable_assets":["https://voa-video-ns.akamaized.net/pangeavideo/2026/08/a/a1/a1daee35-f6af-40c1-a14a-08def2b10d93_1080p.mp4?cb=ee20a9883"],"duration_display":"3:01","duration_seconds":181.05,"embed_url":null,"id":3309,"image_caption":null,"image_url":"https://gdb.voanews.com/a1daee35-f6af-40c1-a14a-08def2b10d93_tv_mw2048_mh2048_n.jpg","is_clip":true,"item_type":"video","item_type_label":"Video","language_label":"Kurdish","media_credit":"VOA","micro_label":"Video report","micro_label_kind":"video","network_label":"VOA","network_logo_url":"/static/uploads/direct_network_logos/voa_1ef13eedbd2f.svg","published_at":"2026-08-09T13:10:28.460000","published_at_display":"9 Aug 2026, 13:10 GMT","sequence_badge_label":null,"sequence_count":null,"sequence_count_label":null,"sequence_frames":[],"sequence_kind":null,"source_name":"dengeamerika_com_direct","source_name_label":"Dengeamerika","source_type":"direct_api","summary":"Li bajar\u00ea Duseldorfa Almanyay\u00ea salavegera ko\u00e7a daw\u00ee ya hunermend\u00ea naskir\u00ee Aram T\u00eegran hate vejandin. Di v\u00ea \u00e7alak\u00eey\u00ea de hejmarek hunermend \u00fb hezkir\u00eey\u00ean T\u00eegran amade b\u00fbn \u00fb niv\u00eeskar Kak\u015far Oramar pirt\u00fbka xwe ya li ser jiyana w\u00ee \u00eemze kir.","title":"Salvegera Ko\u00e7a Daw\u00ee ya Aram T\u00eegran li Almanyay\u00ea Hat Vejandin","topic":"V\u00eedyo Galer\u00ee","translation_language":"","url":"https://voa-video-ns.akamaized.net/pangeavideo/2026/08/a/a1/a1daee35-f6af-40c1-a14a-08def2b10d93_1080p.mp4?cb=ee20a9883","video_url":"https://voa-video-ns.akamaized.net/pangeavideo/2026/08/a/a1/a1daee35-f6af-40c1-a14a-08def2b10d93_1080p.mp4?cb=ee20a9883"},{"article_body_paragraphs":[],"audio_source_url":null,"author":"\u00cevan Hes\u00eeb","available_dubs":[],"downloadable_assets":["https://voa-video-ns.akamaized.net/pangeavideo/2026/08/c/c9/c9b94564-1401-4769-80d0-08decae8682a_1080p.mp4?cb=ee20935f9"],"duration_display":"3:09","duration_seconds":189.69,"embed_url":null,"id":3098,"image_caption":null,"image_url":"https://gdb.voanews.com/c9b94564-1401-4769-80d0-08decae8682a_tv_mw2048_mh2048_n.jpg","is_clip":true,"item_type":"video","item_type_label":"Video","language_label":"Kurdish","media_credit":"VOA","micro_label":"Video report","micro_label_kind":"video","network_label":"VOA","network_logo_url":"/static/uploads/direct_network_logos/voa_1ef13eedbd2f.svg","published_at":"2026-08-08T14:36:41.170000","published_at_display":"8 Aug 2026, 14:36 GMT","sequence_badge_label":null,"sequence_count":null,"sequence_count_label":null,"sequence_frames":[],"sequence_kind":null,"source_name":"dengeamerika_com_direct","source_name_label":"Dengeamerika","source_type":"direct_api","summary":"K\u00eamb\u00fbna perey\u00ean n\u00fb li par\u00eazgeha Hesek\u00ea b\u00fbye sedema kr\u00eezek\u00ea di bazaran \u00fb tevgera kir\u00een \u00fb firotin\u00ea de. Banka Navend\u00ee ya S\u00fbr\u00eey\u00ea p\u00eavajoya guhertina pereyan li Hesek\u00ea, Reqa \u00fb D\u00eara Zor\u00ea dir\u00eaj kiriye, l\u00ea ji ber k\u00eamb\u00fbna navend\u00ean guhertina pereyan kr\u00eez berdewam dike.","title":"Kemb\u00fbna Perey\u00ean N\u00fb li Par\u00eazgeha Hesek\u00ea Kr\u00eezek\u00ea Peyda Dike","topic":"V\u00eedyo Galer\u00ee","translation_language":"","url":"https://voa-video-ns.akamaized.net/pangeavideo/2026/08/c/c9/c9b94564-1401-4769-80d0-08decae8682a_1080p.mp4?cb=ee20935f9","video_url":"https://voa-video-ns.akamaized.net/pangeavideo/2026/08/c/c9/c9b94564-1401-4769-80d0-08decae8682a_1080p.mp4?cb=ee20935f9"},{"article_body_paragraphs":[],"audio_source_url":null,"author":null,"available_dubs":[],"downloadable_assets":["https://voa-video-ns.akamaized.net/pangeavideo/2026/08/4/49/49147778-c93d-4884-c8f0-08decaecd3b3_1080p.mp4?cb=ee20924ff"],"duration_display":"0:53","duration_seconds":53.78,"embed_url":null,"id":3076,"image_caption":null,"image_url":"https://gdb.voanews.com/49147778-c93d-4884-c8f0-08decaecd3b3_tv_mw2048_mh2048_n.jpg","is_clip":true,"item_type":"video","item_type_label":"Video","language_label":"Kurdish","media_credit":"VOA","micro_label":"Video report","micro_label_kind":"video","network_label":"VOA","network_logo_url":"/static/uploads/direct_network_logos/voa_1ef13eedbd2f.svg","published_at":"2026-08-08T13:24:15.827000","published_at_display":"8 Aug 2026, 13:24 GMT","sequence_badge_label":null,"sequence_count":null,"sequence_count_label":null,"sequence_frames":[],"sequence_kind":null,"source_name":"dengeamerika_com_direct","source_name_label":"Dengeamerika","source_type":"direct_api","summary":"Civata Senatoya Kongresa Amer\u00eekay\u00ea \u015eem\u00eey\u00ea Todd Blanche berbijar\u00ea Serok Donald Trump bo posta wez\u00eer\u00ea dad\u00ea bi ferm\u00ee pi\u015ftrast kir.","title":"Senatoya Amer\u00eek\u00ee Todd Blanche Wek\u00ee Wez\u00eer\u00ea Dad\u00ea Pi\u015ftrast Dike","topic":"V\u00eedyo Galer\u00ee","translation_language":"","url":"https://voa-video-ns.akamaized.net/pangeavideo/2026/08/4/49/49147778-c93d-4884-c8f0-08decaecd3b3_1080p.mp4?cb=ee20924ff","video_url":"https://voa-video-ns.akamaized.net/pangeavideo/2026/08/4/49/49147778-c93d-4884-c8f0-08decaecd3b3_1080p.mp4?cb=ee20924ff"},{"article_body_paragraphs":[],"audio_source_url":null,"author":"Emced Kurdo","available_dubs":[],"downloadable_assets":["https://voa-video-ns.akamaized.net/pangeavideo/2026/08/e/ea/eabd8edb-1544-4dd5-46e2-08decadaa577_1080p.mp4?cb=ee2091000"],"duration_display":"2:54","duration_seconds":174.4,"embed_url":null,"id":3051,"image_caption":null,"image_url":"https://gdb.voanews.com/eabd8edb-1544-4dd5-46e2-08decadaa577_tv_mw2048_mh2048_n.jpg","is_clip":true,"item_type":"video","item_type_label":"Video","language_label":"Kurdish","media_credit":"VOA","micro_label":"Video report","micro_label_kind":"video","network_label":"VOA","network_logo_url":"/static/uploads/direct_network_logos/voa_1ef13eedbd2f.svg","published_at":"2026-08-08T11:54:40.957000","published_at_display":"8 Aug 2026, 11:54 GMT","sequence_badge_label":null,"sequence_count":null,"sequence_count_label":null,"sequence_frames":[],"sequence_kind":null,"source_name":"dengeamerika_com_direct","source_name_label":"Dengeamerika","source_type":"direct_api","summary":"Li taxeke bajar\u00ea Qami\u015flo welat\u00ee dilgiran\u00eeya xwe ji b\u00een \u00fb d\u00fbmana ku ji kargeheke n\u00fb ya bater\u00eeyan derdikeve n\u00ee\u015fan didin. Di navbera gil\u00ee \u00fb gazin\u00ean \u015f\u00ean\u00eeyan \u00fb pi\u015ftrastkirina r\u00eaveber\u00eeya kargeh\u00ea li ser \u015fopandina p\u00eevan\u00ean navnetew\u00ee de, \u015faredar\u00ee tekez dike ku ti binp\u00eakirin nehatine d\u00eetin.","title":"Li Qami\u015flo Welat\u00ee Gazinan ji Heb\u00fbna Kargeheke Bater\u00eeyan li Taxeke Siv\u00eelan Dikin","topic":"V\u00eedyo Galer\u00ee","translation_language":"","url":"https://voa-video-ns.akamaized.net/pangeavideo/2026/08/e/ea/eabd8edb-1544-4dd5-46e2-08decadaa577_1080p.mp4?cb=ee2091000","video_url":"https://voa-video-ns.akamaized.net/pangeavideo/2026/08/e/ea/eabd8edb-1544-4dd5-46e2-08decadaa577_1080p.mp4?cb=ee2091000"},{"article_body_paragraphs":[],"audio_source_url":null,"author":null,"available_dubs":[],"downloadable_assets":["https://voa-video-ns.akamaized.net/pangeavideo/2026/08/3/36/3652fb4d-7ff1-40c9-80cc-08decae8682a_1080p.mp4?cb=ee2084934"],"duration_display":"7:01","duration_seconds":421.14,"embed_url":null,"id":2944,"image_caption":null,"image_url":"https://gdb.voanews.com/3652fb4d-7ff1-40c9-80cc-08decae8682a_tv_mw2048_mh2048_n.jpg","is_clip":false,"item_type":"video","item_type_label":"Video","language_label":"Kurdish","media_credit":"VOA","micro_label":"Video report","micro_label_kind":"video","network_label":"VOA","network_logo_url":"/static/uploads/direct_network_logos/voa_1ef13eedbd2f.svg","published_at":"2026-08-07T21:41:10.913000","published_at_display":"7 Aug 2026, 21:41 GMT","sequence_badge_label":null,"sequence_count":null,"sequence_count_label":null,"sequence_frames":[],"sequence_kind":null,"source_name":"dengeamerika_com_direct","source_name_label":"Dengeamerika","source_type":"direct_api","summary":"Berpirs\u00ean Amer\u00eek\u00ee \u00fb hin raport behsa \u00eeht\u00eemala r\u00eakeftinek\u00ea di navbera Washington \u00fb Tehran\u00ea de dikin ji bo bidaw\u00eean\u00eena pev\u00e7\u00fbnan, vegerandina aram\u00eeya her\u00eam\u00ea \u00fb vekirina Tengava Hormuz\u00ea. Dr. Ram\u00een Mefaxir\u00ee, Profesor\u00ea Zan\u00eengeh\u00ea li Br\u00eetanyay\u00ea li ser v\u00ea mijar\u00ea diaxive.","title":"Asoy\u00ean R\u00eakeftina Washingon \u00fb Tehran\u00ea","topic":"V\u00eedyo Galer\u00ee","translation_language":"","url":"https://voa-video-ns.akamaized.net/pangeavideo/2026/08/3/36/3652fb4d-7ff1-40c9-80cc-08decae8682a_1080p.mp4?cb=ee2084934","video_url":"https://voa-video-ns.akamaized.net/pangeavideo/2026/08/3/36/3652fb4d-7ff1-40c9-80cc-08decae8682a_1080p.mp4?cb=ee2084934"}],"next_num":12,"page":11,"pages":15,"per_page":20,"prev_num":10,"total":298}
