{"applied_filters":{"end_date":"","lang":"","language":"","network":"","page":12,"per_page":20,"search":"","source":"dengeamerika_com_direct","start_date":"","topic":"","type":""},"available_filters":{"language_choices":[{"label":"Choose Language","value":""},{"label":"English","value":"English"},{"label":"Espa\u00f1ol","value":"Espa\u00f1ol"},{"label":"Kurdish","value":"Kurdish"}],"network_choices":[{"label":"All networks","value":""},{"label":"VOA","value":"VOA"}],"source_choices":[{"label":"All sources","value":""},{"label":"Current Time","value":"currenttime_tv_direct"},{"label":"Current Time","value":"currenttime_tv_rss"},{"label":"Da Azadi Radio","value":"da_azadiradio_com_rss"},{"label":"Darivoa","value":"darivoa_com_rss"},{"label":"Dengeamerika","value":"dengeamerika_com_direct"},{"label":"Dengeamerika","value":"dengeamerika_com_rss"},{"label":"Dengiamerika","value":"dengiamerika_com_direct"},{"label":"Dengiamerika","value":"dengiamerika_com_rss"},{"label":"Editorials VOA","value":"editorials_voa_gov_rss"},{"label":"Golosameriki","value":"golosameriki_com_direct"},{"label":"Golosameriki","value":"golosameriki_com_rss"},{"label":"Ir VOA News","value":"ir_voanews_com_rss"},{"label":"Mashaalradio","value":"mashaalradio_com_direct"},{"label":"Moldova Europalibera","value":"moldova_europalibera_org_direct"},{"label":"Moldova Europalibera","value":"moldova_europalibera_org_rss"},{"label":"OCB \u00b7 Caf\u00e9 Digital","value":"ocb_spanish_audio_html_scrape"},{"label":"OCB \u00b7 Liberaci\u00f3n","value":"ocb_spanish_audio_html_scrape_1001"},{"label":"OCB \u00b7 Programas de Radio Nuestra Am\u00e9rica","value":"ocb_spanish_audio_html_scrape_1016"},{"label":"OCB \u00b7 Agenda hemisf\u00e9rica","value":"ocb_spanish_audio_html_scrape_1028"},{"label":"OCB \u00b7 El futuro es ya","value":"ocb_spanish_audio_html_scrape_1056"},{"label":"OCB \u00b7 Foro abierto","value":"ocb_spanish_audio_html_scrape_1061"},{"label":"OCB \u00b7 Nicaragua al d\u00eda","value":"ocb_spanish_audio_html_scrape_1077"},{"label":"OCB \u00b7 La bola nostra","value":"ocb_spanish_audio_html_scrape_1078"},{"label":"OCB \u00b7 Taller de prensa","value":"ocb_spanish_audio_html_scrape_1103"},{"label":"OCB \u00b7 Las noticias como son","value":"ocb_spanish_audio_html_scrape_142"},{"label":"OCB \u00b7 Abriendo Espacios","value":"ocb_spanish_audio_html_scrape_562"},{"label":"OCB \u00b7 Mart\u00ed Noticias A.M.","value":"ocb_spanish_audio_html_scrape_668"},{"label":"OCB Spanish Audio","value":"ocb_spanish_audio_scrape"},{"label":"OCB Spanish Video","value":"ocb_spanish_video_scrape"},{"label":"Pa Azadi Radio","value":"pa_azadiradio_com_rss"},{"label":"Pashtovoa","value":"pashtovoa_com_rss"},{"label":"Radiofaarda","value":"radiofaarda_com_direct"},{"label":"Radio Farda","value":"radiofarda_com_direct"},{"label":"Radio Farda","value":"radiofarda_com_rss"},{"label":"Radiosvoboda","value":"radiosvoboda_org_rss"},{"label":"Radiotavisupleba","value":"radiotavisupleba_ge_direct"},{"label":"Radiotavisupleba","value":"radiotavisupleba_ge_rss"},{"label":"Radiotelevisionmarti","value":"radiotelevisionmarti_com_direct"},{"label":"Radiotelevisionmarti","value":"radiotelevisionmarti_com_rss"},{"label":"RFA Burmese","value":"rfa_burmese_rss"},{"label":"RFA Burmese Video Scrape","value":"rfa_burmese_video_scrape"},{"label":"RFA Cantonese","value":"rfa_cantonese_rss"},{"label":"RFA Cantonese Video Scrape","value":"rfa_cantonese_video_scrape"},{"label":"RFA English RSS","value":"rfa_english_rss"},{"label":"RFA English Video","value":"rfa_english_video_scrape"},{"label":"RFA Khmer","value":"rfa_khmer_rss"},{"label":"RFA Khmer Video Scrape","value":"rfa_khmer_video_scrape"},{"label":"RFA Korean","value":"rfa_korean_rss"},{"label":"RFA Korean Video Scrape","value":"rfa_korean_video_scrape"},{"label":"RFA Lao","value":"rfa_lao_rss"},{"label":"RFA Lao Video Scrape","value":"rfa_lao_video_scrape"},{"label":"RFA Mandarin","value":"rfa_mandarin_rss"},{"label":"RFA Mandarin Video Scrape","value":"rfa_mandarin_video_scrape"},{"label":"RFA Tibetan","value":"rfa_tibetan_rss"},{"label":"RFA Tibetan Video Scrape","value":"rfa_tibetan_video_scrape"},{"label":"RFA Uyghur","value":"rfa_uyghur_rss"},{"label":"RFA Uyghur Video Scrape","value":"rfa_uyghur_video_scrape"},{"label":"RFA Vietnamese","value":"rfa_vietnamese_rss"},{"label":"RFA Vietnamese Video Scrape","value":"rfa_vietnamese_video_scrape"},{"label":"RFE/RL Direct","value":"rferl_direct"},{"label":"RFE/RL","value":"rferl_org_rss"},{"label":"Slobodnaevropa","value":"slobodnaevropa_org_direct"},{"label":"Slobodnaevropa","value":"slobodnaevropa_org_rss"},{"label":"Svoboda","value":"svoboda_org_direct"},{"label":"Svoboda","value":"svoboda_org_rss"},{"label":"Ukrainian VOA News","value":"ukrainian_voanews_com_rss"},{"label":"VOA Chinese Direct","value":"voa_chinese_direct"},{"label":"VOA Chinese RSS","value":"voa_chinese_rss"},{"label":"VOA Dari Direct","value":"voa_dari_direct"},{"label":"VOA Korea Direct","value":"voa_korea_direct"},{"label":"VOA Pashto Direct","value":"voa_pashto_direct"},{"label":"VOA Persian Direct","value":"voa_persian_direct"},{"label":"Voakorea","value":"voakorea_com_rss"}],"sources":["currenttime_tv_direct","currenttime_tv_rss","da_azadiradio_com_rss","darivoa_com_rss","dengeamerika_com_direct","dengeamerika_com_rss","dengiamerika_com_direct","dengiamerika_com_rss","editorials_voa_gov_rss","golosameriki_com_direct","golosameriki_com_rss","ir_voanews_com_rss","mashaalradio_com_direct","moldova_europalibera_org_direct","moldova_europalibera_org_rss","ocb_spanish_audio_html_scrape","ocb_spanish_audio_html_scrape_1001","ocb_spanish_audio_html_scrape_1016","ocb_spanish_audio_html_scrape_1028","ocb_spanish_audio_html_scrape_1056","ocb_spanish_audio_html_scrape_1061","ocb_spanish_audio_html_scrape_1077","ocb_spanish_audio_html_scrape_1078","ocb_spanish_audio_html_scrape_1103","ocb_spanish_audio_html_scrape_142","ocb_spanish_audio_html_scrape_562","ocb_spanish_audio_html_scrape_668","ocb_spanish_audio_scrape","ocb_spanish_video_scrape","pa_azadiradio_com_rss","pashtovoa_com_rss","radiofaarda_com_direct","radiofarda_com_direct","radiofarda_com_rss","radiosvoboda_org_rss","radiotavisupleba_ge_direct","radiotavisupleba_ge_rss","radiotelevisionmarti_com_direct","radiotelevisionmarti_com_rss","rfa_burmese_rss","rfa_burmese_video_scrape","rfa_cantonese_rss","rfa_cantonese_video_scrape","rfa_english_rss","rfa_english_video_scrape","rfa_khmer_rss","rfa_khmer_video_scrape","rfa_korean_rss","rfa_korean_video_scrape","rfa_lao_rss","rfa_lao_video_scrape","rfa_mandarin_rss","rfa_mandarin_video_scrape","rfa_tibetan_rss","rfa_tibetan_video_scrape","rfa_uyghur_rss","rfa_uyghur_video_scrape","rfa_vietnamese_rss","rfa_vietnamese_video_scrape","rferl_direct","rferl_org_rss","slobodnaevropa_org_direct","slobodnaevropa_org_rss","svoboda_org_direct","svoboda_org_rss","ukrainian_voanews_com_rss","voa_chinese_direct","voa_chinese_rss","voa_dari_direct","voa_korea_direct","voa_pashto_direct","voa_persian_direct","voakorea_com_rss"],"topics":["250em\u00een Salvegera Serxweb\u00fbna Amer\u00eekay\u00ea","Amer\u00eeka","Bernameya Televizyon\u00ee ya Rojane","Bernamey\u00ean radyoy\u00ea y\u00ean rojane","C\u00eehan","N\u00fb\u00e7ey\u00ean C\u00eehan\u00ea 1","N\u00fb\u00e7ey\u00ean C\u00eehan\u00ea 2","Radyo","V\u00eedyo Galer\u00ee"],"types":[["","All types"],["audio","Audio"],["video","Videos"],["clips","Clips"],["media","Media"]]},"has_next":true,"has_prev":true,"items":[{"article_body_paragraphs":[],"audio_source_url":null,"author":null,"available_dubs":[],"downloadable_assets":["https://voa-video-ns.akamaized.net/pangeavideo/2026/08/0/01/01728d1e-42b1-496f-7ec8-08def2ed48ad_1080p.mp4?cb=ee216b146"],"duration_display":"7:08","duration_seconds":428.37,"embed_url":null,"id":6599,"image_caption":null,"image_url":"https://gdb.voanews.com/01728d1e-42b1-496f-7ec8-08def2ed48ad_tv_mw2048_mh2048_n.jpg","is_clip":false,"item_type":"video","item_type_label":"Video","language_label":"Kurdish","media_credit":"VOA","micro_label":"Video report","micro_label_kind":"video","network_label":"VOA","network_logo_url":"/static/uploads/direct_network_logos/voa_1ef13eedbd2f.svg","published_at":"2026-08-18T20:02:14.263000","published_at_display":"18 Aug 2026, 20:02 GMT","sequence_badge_label":null,"sequence_count":null,"sequence_count_label":null,"sequence_frames":[],"sequence_kind":null,"source_name":"dengeamerika_com_direct","source_name_label":"Dengeamerika","source_type":"direct_api","summary":"PDK li Washington DC sem\u00eenerek li ser p\u00ea\u015feroja \u00ceran\u00ea, rola Kurdan di p\u00eavajoya veguheztina demokrat\u00eek de, maf\u00ean gel\u00ean \u00ceran\u00ea \u00fb rola siyaseta Amer\u00eekay\u00ea encam da. Hejar Birinc\u00ee, N\u00fbner\u00ea PDKI li Washington qala \u00e7alak\u00eey\u00ea dike.","title":"Rola Kurdan di Siberjoa Siyas\u00ee ya \u00ceran\u00ea de","topic":"V\u00eedyo Galer\u00ee","translation_language":"","url":"https://voa-video-ns.akamaized.net/pangeavideo/2026/08/0/01/01728d1e-42b1-496f-7ec8-08def2ed48ad_1080p.mp4?cb=ee216b146","video_url":"https://voa-video-ns.akamaized.net/pangeavideo/2026/08/0/01/01728d1e-42b1-496f-7ec8-08def2ed48ad_1080p.mp4?cb=ee216b146"},{"article_body_paragraphs":[],"audio_source_url":null,"author":"Eyy\u00fbp Dem\u00eer","available_dubs":[],"downloadable_assets":["https://voa-video-ns.akamaized.net/pangeavideo/2026/08/6/65/65b18d22-9841-48a4-7ec7-08def2ed48ad_1080p.mp4?cb=ee216ae2c"],"duration_display":"3:26","duration_seconds":206.84,"embed_url":null,"id":6590,"image_caption":null,"image_url":"https://gdb.voanews.com/65b18d22-9841-48a4-7ec7-08def2ed48ad_tv_mw2048_mh2048_n.jpg","is_clip":true,"item_type":"video","item_type_label":"Video","language_label":"Kurdish","media_credit":"VOA","micro_label":"Video report","micro_label_kind":"video","network_label":"VOA","network_logo_url":"/static/uploads/direct_network_logos/voa_1ef13eedbd2f.svg","published_at":"2026-08-18T19:49:00.063000","published_at_display":"18 Aug 2026, 19:49 GMT","sequence_badge_label":null,"sequence_count":null,"sequence_count_label":null,"sequence_frames":[],"sequence_kind":null,"source_name":"dengeamerika_com_direct","source_name_label":"Dengeamerika","source_type":"direct_api","summary":"Pi\u015ft\u00ee ku qan\u00fbna \u00e7ar\u00e7ovey\u00ee ku ev demeke di rojeva Tirk\u00eey\u00ea de ye di rojnameya ferm\u00ee ya dewlet\u00ea de hat we\u015fandin, niha \u00e7av li ser p\u00eakan\u00eena w\u00ea qan\u00fbn\u00ea ye. Eyy\u00fbp Dem\u00eer ji Stenbol\u00ea agah\u00eey\u00ean z\u00eadetir dide.","title":"Ragihandina Qan\u00fbna \u00c7ar\u00e7ovey\u00ee di Ronameya Ferm\u00ee ya Tirk\u00eey\u00ea de Hat We\u015fandin","topic":"V\u00eedyo Galer\u00ee","translation_language":"","url":"https://voa-video-ns.akamaized.net/pangeavideo/2026/08/6/65/65b18d22-9841-48a4-7ec7-08def2ed48ad_1080p.mp4?cb=ee216ae2c","video_url":"https://voa-video-ns.akamaized.net/pangeavideo/2026/08/6/65/65b18d22-9841-48a4-7ec7-08def2ed48ad_1080p.mp4?cb=ee216ae2c"},{"article_body_paragraphs":[],"audio_source_url":null,"author":"\u00cevan Hes\u00eeb","available_dubs":[],"downloadable_assets":["https://voa-video-ns.akamaized.net/pangeavideo/2026/08/4/42/42d360a2-e2a2-46fb-7ec6-08def2ed48ad_1080p.mp4?cb=ee216a2fd"],"duration_display":"4:09","duration_seconds":249.62,"embed_url":null,"id":6571,"image_caption":null,"image_url":"https://gdb.voanews.com/42d360a2-e2a2-46fb-7ec6-08def2ed48ad_tv_mw2048_mh2048_n.jpg","is_clip":true,"item_type":"video","item_type_label":"Video","language_label":"Kurdish","media_credit":"VOA","micro_label":"Video report","micro_label_kind":"video","network_label":"VOA","network_logo_url":"/static/uploads/direct_network_logos/voa_1ef13eedbd2f.svg","published_at":"2026-08-18T19:01:17.633000","published_at_display":"18 Aug 2026, 19:01 GMT","sequence_badge_label":null,"sequence_count":null,"sequence_count_label":null,"sequence_frames":[],"sequence_kind":null,"source_name":"dengeamerika_com_direct","source_name_label":"Dengeamerika","source_type":"direct_api","summary":"Qami\u015flo yek ji wan bajar\u00ean Kurdan e ku di nava kolan\u00ean xwe de d\u00eeroka bihevre jiyan\u00ea ya p\u00eakhatey\u00ean cuda tomar kiriye. Niv\u00eeskar Faris Osman di 100 sal\u00eeya baj\u00ear\u00ea Qami\u015flo de, qala d\u00eeroka avakirin \u00fb rew\u015fa jiyana xelk\u00ea baj\u00ear dike.","title":"Niv\u00eeskar \u00fb D\u00eerokanas Faris Osman di 100 Sal\u00eeya Qami\u015flo de Qala D\u00eeroka Baj\u00ear Dike","topic":"V\u00eedyo Galer\u00ee","translation_language":"","url":"https://voa-video-ns.akamaized.net/pangeavideo/2026/08/4/42/42d360a2-e2a2-46fb-7ec6-08def2ed48ad_1080p.mp4?cb=ee216a2fd","video_url":"https://voa-video-ns.akamaized.net/pangeavideo/2026/08/4/42/42d360a2-e2a2-46fb-7ec6-08def2ed48ad_1080p.mp4?cb=ee216a2fd"},{"article_body_paragraphs":[],"audio_source_url":"https://voa-audio-ns.akamaized.net/vku/2026/08/18/20260818-190000-vku053-program_hq.mp3","author":null,"available_dubs":[],"downloadable_assets":["https://voa-audio-ns.akamaized.net/vku/2026/08/18/20260818-190000-vku053-program_hq.mp3"],"duration_display":"4:59","duration_seconds":299.0,"embed_url":null,"id":6570,"image_caption":null,"image_url":null,"is_clip":false,"item_type":"audio","item_type_label":"Audio","language_label":"Kurdish","media_credit":"VOA","micro_label":"Audio program","micro_label_kind":"audio","network_label":"VOA","network_logo_url":"/static/uploads/direct_network_logos/voa_1ef13eedbd2f.svg","published_at":"2026-08-18T19:00:00","published_at_display":"18 Aug 2026, 19:00 GMT","sequence_badge_label":null,"sequence_count":null,"sequence_count_label":null,"sequence_frames":[],"sequence_kind":null,"source_name":"dengeamerika_com_direct","source_name_label":"Dengeamerika","source_type":"direct_api","summary":"N\u00fb\u00e7ey\u00ean C\u00eehan\u00ea ji Deng\u00ea Amer\u00eeka","title":"N\u00fb\u00e7ey\u00ean 3\u2019y\u00ea pa\u015fn\u00eevro","topic":null,"translation_language":"","url":"https://voa-audio-ns.akamaized.net/vku/2026/08/18/20260818-190000-vku053-program_hq.mp3","video_url":null},{"article_body_paragraphs":[],"audio_source_url":null,"author":null,"available_dubs":[],"downloadable_assets":["https://voa-video-ns.akamaized.net/pangeavideo/2026/08/6/6b/6b96a2b1-a9a3-44a2-c9c4-08decaecd3b3_1080p.mp4?cb=ee216a052"],"duration_display":"2:23","duration_seconds":143.51,"embed_url":null,"id":6566,"image_caption":null,"image_url":"https://gdb.voanews.com/6b96a2b1-a9a3-44a2-c9c4-08decaecd3b3_tv_mw2048_mh2048_n.jpg","is_clip":true,"item_type":"video","item_type_label":"Video","language_label":"Kurdish","media_credit":"VOA","micro_label":"Video report","micro_label_kind":"video","network_label":"VOA","network_logo_url":"/static/uploads/direct_network_logos/voa_1ef13eedbd2f.svg","published_at":"2026-08-18T18:49:54.343000","published_at_display":"18 Aug 2026, 18:49 GMT","sequence_badge_label":null,"sequence_count":null,"sequence_count_label":null,"sequence_frames":[],"sequence_kind":null,"source_name":"dengeamerika_com_direct","source_name_label":"Dengeamerika","source_type":"direct_api","summary":"Raporteke Wall Street Journal dib\u00eaje ku pi\u015ft\u00ee 60 rojan ji \u00eemzekirina peymana lihevt\u00eagih\u00ee\u015ftin\u00ea di navbera Amer\u00eeka \u00fb \u00ceran\u00ea de, girj\u00ee z\u00eade dibin \u00fb bawer\u00eeya r\u00eaveberiya Amer\u00eekay\u00ea bi \u00ceran\u00ea re k\u00eam dibe.","title":"60 Roj\u00eeya \u00cemzekirina Peymana Lihevt\u00eagih\u00ee\u015ftin\u00ea ya di Navbera Amer\u00eeka \u00fb \u00ceran\u00ea de","topic":"V\u00eedyo Galer\u00ee","translation_language":"","url":"https://voa-video-ns.akamaized.net/pangeavideo/2026/08/6/6b/6b96a2b1-a9a3-44a2-c9c4-08decaecd3b3_1080p.mp4?cb=ee216a052","video_url":"https://voa-video-ns.akamaized.net/pangeavideo/2026/08/6/6b/6b96a2b1-a9a3-44a2-c9c4-08decaecd3b3_1080p.mp4?cb=ee216a052"},{"article_body_paragraphs":[],"audio_source_url":null,"author":null,"available_dubs":[],"downloadable_assets":["https://voa-video-ns.akamaized.net/pangeavideo/2026/08/9/95/956e097e-73ca-46d6-a20a-08def2b10d93_1080p.mp4?cb=ee216c703"],"duration_display":"1:36","duration_seconds":96.64,"embed_url":null,"id":6547,"image_caption":null,"image_url":"https://gdb.voanews.com/956e097e-73ca-46d6-a20a-08def2b10d93_tv_mw2048_mh2048_n.jpg","is_clip":true,"item_type":"video","item_type_label":"Video","language_label":"Kurdish","media_credit":"VOA","micro_label":"Video report","micro_label_kind":"video","network_label":"VOA","network_logo_url":"/static/uploads/direct_network_logos/voa_1ef13eedbd2f.svg","published_at":"2026-08-18T18:43:39.323000","published_at_display":"18 Aug 2026, 18:43 GMT","sequence_badge_label":null,"sequence_count":null,"sequence_count_label":null,"sequence_frames":[],"sequence_kind":null,"source_name":"dengeamerika_com_direct","source_name_label":"Dengeamerika","source_type":"direct_api","summary":"N\u00fbner\u00ea Taybet \u00ea Serok\u00ea Amer\u00eekay\u00ea Jared Kushner dib\u00eaje ku bala Serok Trump niha li ser zexta abor\u00ee ya li ser \u00ceran\u00ea \u00fb dorp\u00ea\u00e7a deryay\u00ee li Tengava Hurmuz\u00ea ye. \u00db serok her tim israr kiriye ku div\u00ea \u00ceran nebe xwed\u00ee \u00e7ek\u00ean navok\u00ee.","title":"Kushner N\u00fbner\u00ea Trump Ser Dan\u00fbstandin\u00eann Amer\u00eeka \u00fb \u00ceran\u00ea Axiv\u00ee","topic":"V\u00eedyo Galer\u00ee","translation_language":"","url":"https://voa-video-ns.akamaized.net/pangeavideo/2026/08/9/95/956e097e-73ca-46d6-a20a-08def2b10d93_1080p.mp4?cb=ee216c703","video_url":"https://voa-video-ns.akamaized.net/pangeavideo/2026/08/9/95/956e097e-73ca-46d6-a20a-08def2b10d93_1080p.mp4?cb=ee216c703"},{"article_body_paragraphs":[],"audio_source_url":null,"author":"D\u00eeyar Cemal","available_dubs":[],"downloadable_assets":["https://voa-video-ns.akamaized.net/pangeavideo/2026/08/9/94/94873ca2-18a5-4a02-8184-08decae8682a_1080p.mp4?cb=ee2169bd9"],"duration_display":"2:13","duration_seconds":133.18,"embed_url":null,"id":6548,"image_caption":null,"image_url":"https://gdb.voanews.com/94873ca2-18a5-4a02-8184-08decae8682a_tv_mw2048_mh2048_n.jpg","is_clip":true,"item_type":"video","item_type_label":"Video","language_label":"Kurdish","media_credit":"VOA","micro_label":"Video report","micro_label_kind":"video","network_label":"VOA","network_logo_url":"/static/uploads/direct_network_logos/voa_1ef13eedbd2f.svg","published_at":"2026-08-18T18:30:49.337000","published_at_display":"18 Aug 2026, 18:30 GMT","sequence_badge_label":null,"sequence_count":null,"sequence_count_label":null,"sequence_frames":[],"sequence_kind":null,"source_name":"dengeamerika_com_direct","source_name_label":"Dengeamerika","source_type":"direct_api","summary":"Fest\u00eevala De\u015fta Hewl\u00ear\u00ea bi amadeb\u00fbna hejmareke mezin ji gund\u00ee \u00fb welatiy\u00ean baj\u00ear hate lidarxistin. Di fest\u00eeval\u00ea de gelek \u00e7alak\u00eey\u00ean kevne\u015fop\u00ee y\u00ean weke hespsiwar\u00ee, Xwarin\u00ean Kurd\u00ee \u00fb kar\u00ean dest\u00ee y\u00ean jinan hatin p\u00ea\u015fke\u015fkirin.","title":"Fest\u00eevala De\u015fta Hewl\u00ear\u00ea ya \u00c7and \u00fb Huner\u00ea","topic":"V\u00eedyo Galer\u00ee","translation_language":"","url":"https://voa-video-ns.akamaized.net/pangeavideo/2026/08/9/94/94873ca2-18a5-4a02-8184-08decae8682a_1080p.mp4?cb=ee2169bd9","video_url":"https://voa-video-ns.akamaized.net/pangeavideo/2026/08/9/94/94873ca2-18a5-4a02-8184-08decae8682a_1080p.mp4?cb=ee2169bd9"},{"article_body_paragraphs":[],"audio_source_url":null,"author":"Ridwan B\u00eazar","available_dubs":[],"downloadable_assets":["https://voa-video-ns.akamaized.net/pangeavideo/2026/08/9/92/92c45ee9-b862-460b-479d-08decadaa577_1080p.mp4?cb=ee21691ad"],"duration_display":"2:43","duration_seconds":163.21,"embed_url":null,"id":6541,"image_caption":null,"image_url":"https://gdb.voanews.com/92c45ee9-b862-460b-479d-08decadaa577_tv_mw2048_mh2048_n.jpg","is_clip":true,"item_type":"video","item_type_label":"Video","language_label":"Kurdish","media_credit":"VOA","micro_label":"Video report","micro_label_kind":"video","network_label":"VOA","network_logo_url":"/static/uploads/direct_network_logos/voa_1ef13eedbd2f.svg","published_at":"2026-08-18T17:46:53.380000","published_at_display":"18 Aug 2026, 17:46 GMT","sequence_badge_label":null,"sequence_count":null,"sequence_count_label":null,"sequence_frames":[],"sequence_kind":null,"source_name":"dengeamerika_com_direct","source_name_label":"Dengeamerika","source_type":"direct_api","summary":"Bajar\u00ea Koban\u00ee di war\u00ea xizmetguzariy\u00ea de bi pirsgir\u00eak\u00ean mezin \u00fb k\u00eamasiy\u00ean giran re r\u00fb bi r\u00fb ye. \u015earedariya baj\u00ear j\u00ee dib\u00eaje ku derfet\u00ean p\u00eaw\u00eest n\u00eenin. Di Raporta Ridwan B\u00eazar de, zanyar\u00eey\u00ean b\u00eahtir hene.","title":"Bajar\u00ea Koban\u00ee Rast\u00ee Kr\u00eeza Xizmetguzariyan Hatiye","topic":"V\u00eedyo Galer\u00ee","translation_language":"","url":"https://voa-video-ns.akamaized.net/pangeavideo/2026/08/9/92/92c45ee9-b862-460b-479d-08decadaa577_1080p.mp4?cb=ee21691ad","video_url":"https://voa-video-ns.akamaized.net/pangeavideo/2026/08/9/92/92c45ee9-b862-460b-479d-08decadaa577_1080p.mp4?cb=ee21691ad"},{"article_body_paragraphs":[],"audio_source_url":"https://voa-audio-ns.akamaized.net/vku/2026/08/18/20260818-170500-vku053-program_hq.mp3","author":null,"available_dubs":[],"downloadable_assets":["https://voa-audio-ns.akamaized.net/vku/2026/08/18/20260818-170500-vku053-program_hq.mp3"],"duration_display":"54:59","duration_seconds":3299.0,"embed_url":null,"id":6549,"image_caption":null,"image_url":null,"is_clip":false,"item_type":"audio","item_type_label":"Audio","language_label":"Kurdish","media_credit":"VOA","micro_label":"Audio program","micro_label_kind":"audio","network_label":"VOA","network_logo_url":"/static/uploads/direct_network_logos/voa_1ef13eedbd2f.svg","published_at":"2026-08-18T17:05:00","published_at_display":"18 Aug 2026, 17:05 GMT","sequence_badge_label":null,"sequence_count":null,"sequence_count_label":null,"sequence_frames":[],"sequence_kind":null,"source_name":"dengeamerika_com_direct","source_name_label":"Dengeamerika","source_type":"direct_api","summary":null,"title":"Bernama Duy\u00ea","topic":null,"translation_language":"","url":"https://voa-audio-ns.akamaized.net/vku/2026/08/18/20260818-170500-vku053-program_hq.mp3","video_url":null},{"article_body_paragraphs":[],"audio_source_url":"https://voa-audio-ns.akamaized.net/vku/2026/08/18/20260818-170000-vku053-program_hq.mp3","author":null,"available_dubs":[],"downloadable_assets":["https://voa-audio-ns.akamaized.net/vku/2026/08/18/20260818-170000-vku053-program_hq.mp3"],"duration_display":"4:59","duration_seconds":299.0,"embed_url":null,"id":6522,"image_caption":null,"image_url":null,"is_clip":false,"item_type":"audio","item_type_label":"Audio","language_label":"Kurdish","media_credit":"VOA","micro_label":"Audio program","micro_label_kind":"audio","network_label":"VOA","network_logo_url":"/static/uploads/direct_network_logos/voa_1ef13eedbd2f.svg","published_at":"2026-08-18T17:00:00","published_at_display":"18 Aug 2026, 17:00 GMT","sequence_badge_label":null,"sequence_count":null,"sequence_count_label":null,"sequence_frames":[],"sequence_kind":null,"source_name":"dengeamerika_com_direct","source_name_label":"Dengeamerika","source_type":"direct_api","summary":"N\u00fb\u00e7ey\u00ean C\u00eehan\u00ea ji Deng\u00ea Amer\u00eeka","title":"N\u00fb\u00e7ey\u00ean 1\u2019\u00ea pa\u015fn\u00eevro","topic":"Radyo","translation_language":"","url":"https://voa-audio-ns.akamaized.net/vku/2026/08/18/20260818-170000-vku053-program_hq.mp3","video_url":null},{"article_body_paragraphs":[],"audio_source_url":null,"author":"Emced Kurdo","available_dubs":[],"downloadable_assets":["https://voa-video-ns.akamaized.net/pangeavideo/2026/08/1/11/11651b3f-de6d-44b1-8183-08decae8682a_1080p.mp4?cb=ee2167a0c"],"duration_display":"2:54","duration_seconds":174.29,"embed_url":null,"id":6488,"image_caption":null,"image_url":"https://gdb.voanews.com/11651b3f-de6d-44b1-8183-08decae8682a_tv_mw2048_mh2048_n.jpg","is_clip":true,"item_type":"video","item_type_label":"Video","language_label":"Kurdish","media_credit":"VOA","micro_label":"Video report","micro_label_kind":"video","network_label":"VOA","network_logo_url":"/static/uploads/direct_network_logos/voa_1ef13eedbd2f.svg","published_at":"2026-08-18T16:06:36.430000","published_at_display":"18 Aug 2026, 16:06 GMT","sequence_badge_label":null,"sequence_count":null,"sequence_count_label":null,"sequence_frames":[],"sequence_kind":null,"source_name":"dengeamerika_com_direct","source_name_label":"Dengeamerika","source_type":"direct_api","summary":"Bi boneya 100 saliya damezrandina Qami\u015flo, 15 hunermend\u00ean w\u00eanesaz be\u015fdar\u00ee komxebateke vekir\u00ee dibin da ku hezkirina xwe ji bo v\u00ee bajar\u00ee bi reng \u00fb tabloy\u00ean bijarde derbibirin.","title":"Li B\u00eeran\u00eena 100 Sal\u00eeya Qami\u015flo, 15 W\u00eanesaz Be\u015fdar\u00ee Komxebateke Huner\u00ee ya Vekir\u00ee Dibin","topic":"V\u00eedyo Galer\u00ee","translation_language":"","url":"https://voa-video-ns.akamaized.net/pangeavideo/2026/08/1/11/11651b3f-de6d-44b1-8183-08decae8682a_1080p.mp4?cb=ee2167a0c","video_url":"https://voa-video-ns.akamaized.net/pangeavideo/2026/08/1/11/11651b3f-de6d-44b1-8183-08decae8682a_1080p.mp4?cb=ee2167a0c"},{"article_body_paragraphs":[],"audio_source_url":"https://voa-audio-ns.akamaized.net/vku/2026/08/18/20260818-150000-vku053-program_hq.mp3","author":null,"available_dubs":[],"downloadable_assets":["https://voa-audio-ns.akamaized.net/vku/2026/08/18/20260818-150000-vku053-program_hq.mp3"],"duration_display":"9:59","duration_seconds":599.0,"embed_url":null,"id":6452,"image_caption":null,"image_url":null,"is_clip":false,"item_type":"audio","item_type_label":"Audio","language_label":"Kurdish","media_credit":"VOA","micro_label":"Audio program","micro_label_kind":"audio","network_label":"VOA","network_logo_url":"/static/uploads/direct_network_logos/voa_1ef13eedbd2f.svg","published_at":"2026-08-18T15:00:00","published_at_display":"18 Aug 2026, 15:00 GMT","sequence_badge_label":null,"sequence_count":null,"sequence_count_label":null,"sequence_frames":[],"sequence_kind":null,"source_name":"dengeamerika_com_direct","source_name_label":"Dengeamerika","source_type":"direct_api","summary":"N\u00fb\u00e7ey\u00ean C\u00eehan\u00ea ji Deng\u00ea Amer\u00eeka","title":"N\u00fb\u00e7ey\u00ean C\u00eehan\u00ea 1","topic":"N\u00fb\u00e7ey\u00ean C\u00eehan\u00ea 1","translation_language":"","url":"https://voa-audio-ns.akamaized.net/vku/2026/08/18/20260818-150000-vku053-program_hq.mp3","video_url":null},{"article_body_paragraphs":[],"audio_source_url":"https://voa-audio-ns.akamaized.net/vku/2026/08/18/20260818-140000-vku053-program_hq.mp3","author":null,"available_dubs":[],"downloadable_assets":["https://voa-audio-ns.akamaized.net/vku/2026/08/18/20260818-140000-vku053-program_hq.mp3"],"duration_display":"59:58","duration_seconds":3598.0,"embed_url":null,"id":6453,"image_caption":null,"image_url":null,"is_clip":false,"item_type":"audio","item_type_label":"Audio","language_label":"Kurdish","media_credit":"VOA","micro_label":"Audio program","micro_label_kind":"audio","network_label":"VOA","network_logo_url":"/static/uploads/direct_network_logos/voa_1ef13eedbd2f.svg","published_at":"2026-08-18T14:00:00","published_at_display":"18 Aug 2026, 14:00 GMT","sequence_badge_label":null,"sequence_count":null,"sequence_count_label":null,"sequence_frames":[],"sequence_kind":null,"source_name":"dengeamerika_com_direct","source_name_label":"Dengeamerika","source_type":"direct_api","summary":null,"title":"Bernamey\u00ean radyoy\u00ea y\u00ean rojane","topic":"Bernamey\u00ean radyoy\u00ea y\u00ean rojane","translation_language":"","url":"https://voa-audio-ns.akamaized.net/vku/2026/08/18/20260818-140000-vku053-program_hq.mp3","video_url":null},{"article_body_paragraphs":[],"audio_source_url":"https://voa-audio-ns.akamaized.net/vku/2026/08/18/20260818-050000-vku053-program_hq.mp3","author":null,"available_dubs":[],"downloadable_assets":["https://voa-audio-ns.akamaized.net/vku/2026/08/18/20260818-050000-vku053-program_hq.mp3"],"duration_display":"4:59","duration_seconds":299.0,"embed_url":null,"id":6285,"image_caption":null,"image_url":null,"is_clip":false,"item_type":"audio","item_type_label":"Audio","language_label":"Kurdish","media_credit":"VOA","micro_label":"Audio program","micro_label_kind":"audio","network_label":"VOA","network_logo_url":"/static/uploads/direct_network_logos/voa_1ef13eedbd2f.svg","published_at":"2026-08-18T05:00:00","published_at_display":"18 Aug 2026, 05:00 GMT","sequence_badge_label":null,"sequence_count":null,"sequence_count_label":null,"sequence_frames":[],"sequence_kind":null,"source_name":"dengeamerika_com_direct","source_name_label":"Dengeamerika","source_type":"direct_api","summary":"N\u00fb\u00e7ey\u00ean C\u00eehan\u00ea ji Deng\u00ea Amer\u00eeka","title":"N\u00fb\u00e7ey\u00ean C\u00eehan\u00ea 2","topic":"N\u00fb\u00e7ey\u00ean C\u00eehan\u00ea 2","translation_language":"","url":"https://voa-audio-ns.akamaized.net/vku/2026/08/18/20260818-050000-vku053-program_hq.mp3","video_url":null},{"article_body_paragraphs":[],"audio_source_url":null,"author":null,"available_dubs":[],"downloadable_assets":["https://voa-video-ns.akamaized.net/pangeavideo/2026/08/5/5f/5fc229c8-48ba-4b7e-a1fa-08def2b10d93_1080p.mp4?cb=ee2157039"],"duration_display":"59:57","duration_seconds":3597.2,"embed_url":null,"id":6232,"image_caption":null,"image_url":"https://gdb.voanews.com/5fc229c8-48ba-4b7e-a1fa-08def2b10d93_tv_mw2048_mh2048_n.jpg","is_clip":false,"item_type":"video","item_type_label":"Video","language_label":"Kurdish","media_credit":"VOA","micro_label":"Video report","micro_label_kind":"video","network_label":"VOA","network_logo_url":"/static/uploads/direct_network_logos/voa_1ef13eedbd2f.svg","published_at":"2026-08-17T21:12:25.400000","published_at_display":"17 Aug 2026, 21:12 GMT","sequence_badge_label":null,"sequence_count":null,"sequence_count_label":null,"sequence_frames":[],"sequence_kind":null,"source_name":"dengeamerika_com_direct","source_name_label":"Dengeamerika","source_type":"direct_api","summary":"N\u00fb\u00e7e \u00fb agah\u00eey\u00ean n\u00fb y\u00ean derbar\u00ea Amer\u00eeka, her\u00eam\u00ean kurdan \u00fb c\u00eehan\u00ea di Bernameya Televizyon\u00ee ya 17\u2019\u00ea Tebaxa 2026\u2019an de.","title":"Bernameya Televizyon\u00ee ya 17\u2019\u00ea Tebaxa 2026\u2019an","topic":"Bernameya Televizyon\u00ee ya Rojane","translation_language":"","url":"https://voa-video-ns.akamaized.net/pangeavideo/2026/08/5/5f/5fc229c8-48ba-4b7e-a1fa-08def2b10d93_1080p.mp4?cb=ee2157039","video_url":"https://voa-video-ns.akamaized.net/pangeavideo/2026/08/5/5f/5fc229c8-48ba-4b7e-a1fa-08def2b10d93_1080p.mp4?cb=ee2157039"},{"article_body_paragraphs":[],"audio_source_url":null,"author":null,"available_dubs":[],"downloadable_assets":["https://voa-video-ns.akamaized.net/pangeavideo/2026/08/c/c0/c0455f3a-9ba7-46f3-4794-08decadaa577_1080p.mp4?cb=ee2163618"],"duration_display":"7:33","duration_seconds":453.63,"embed_url":null,"id":6216,"image_caption":null,"image_url":"https://gdb.voanews.com/c0455f3a-9ba7-46f3-4794-08decadaa577_tv_mw2048_mh2048_n.jpg","is_clip":false,"item_type":"video","item_type_label":"Video","language_label":"Kurdish","media_credit":"VOA","micro_label":"Video report","micro_label_kind":"video","network_label":"VOA","network_logo_url":"/static/uploads/direct_network_logos/voa_1ef13eedbd2f.svg","published_at":"2026-08-17T20:30:52.947000","published_at_display":"17 Aug 2026, 20:30 GMT","sequence_badge_label":null,"sequence_count":null,"sequence_count_label":null,"sequence_frames":[],"sequence_kind":null,"source_name":"dengeamerika_com_direct","source_name_label":"Dengeamerika","source_type":"direct_api","summary":"\u00ceran fi\u015far\u00ean xwe li ser Her\u00eama Kurdistan\u00ea bi \u00ear\u00ee\u015f\u00ean m\u00fb\u015fek \u00fb dronan z\u00eade dike \u00fb li ser \u00ceraq\u00ea bi gi\u015ft\u00ee zext\u00ean siyas\u00ee bikar t\u00eene. \u015earezay\u00ea Siyas\u00ee Helmet Palan\u00ee girjiy\u00ean li her\u00eam\u00ea \u00fb zext\u00ean \u00ceran\u00ea li ser her\u00eam\u00ea \u015firove dike.","title":"Nirxandin Derbar\u00ea Fi\u015far\u00ean \u00ceran\u00ea li ser Her\u00eama Kurdistan\u00ea \u00fb \u00ceraq\u00ea","topic":"V\u00eedyo Galer\u00ee","translation_language":"","url":"https://voa-video-ns.akamaized.net/pangeavideo/2026/08/c/c0/c0455f3a-9ba7-46f3-4794-08decadaa577_1080p.mp4?cb=ee2163618","video_url":"https://voa-video-ns.akamaized.net/pangeavideo/2026/08/c/c0/c0455f3a-9ba7-46f3-4794-08decadaa577_1080p.mp4?cb=ee2163618"},{"article_body_paragraphs":[],"audio_source_url":null,"author":"D\u00eeyar Cemal","available_dubs":[],"downloadable_assets":["https://voa-video-ns.akamaized.net/pangeavideo/2026/08/c/c2/c27ee565-b66e-4014-8175-08decae8682a_1080p.mp4?cb=ee215647e"],"duration_display":"4:58","duration_seconds":298.07,"embed_url":null,"id":6217,"image_caption":null,"image_url":"https://gdb.voanews.com/c27ee565-b66e-4014-8175-08decae8682a_tv_mw2048_mh2048_n.jpg","is_clip":true,"item_type":"video","item_type_label":"Video","language_label":"Kurdish","media_credit":"VOA","micro_label":"Video report","micro_label_kind":"video","network_label":"VOA","network_logo_url":"/static/uploads/direct_network_logos/voa_1ef13eedbd2f.svg","published_at":"2026-08-17T20:21:14.860000","published_at_display":"17 Aug 2026, 20:21 GMT","sequence_badge_label":null,"sequence_count":null,"sequence_count_label":null,"sequence_frames":[],"sequence_kind":null,"source_name":"dengeamerika_com_direct","source_name_label":"Dengeamerika","source_type":"direct_api","summary":"Pi\u015ft\u00ee ku \u00ear\u00ee\u015f\u00ean dronan bo ser P\u00eermam ku of\u00ees\u00ean Serokwez\u00eer\u00ea Her\u00eama Kurdistan\u00ea \u00fb serok\u00ea Dezgeha parastin\u00ea l\u00ea dim\u00eenin, reaksyon\u00ean cuda derketin hol\u00ea. Diyar Cemal ji Hewl\u00ear\u00ea p\u00eazan\u00een\u00ean n\u00fb radigih\u00eene.","title":"P\u00eazan\u00een\u00ean N\u00fb Derbar\u00ea \u00car\u00ee\u015f\u00ean ser Of\u00eesa Serokwez\u00eer\u00ea Her\u00eama Kurdistan\u00ea","topic":"V\u00eedyo Galer\u00ee","translation_language":"","url":"https://voa-video-ns.akamaized.net/pangeavideo/2026/08/c/c2/c27ee565-b66e-4014-8175-08decae8682a_1080p.mp4?cb=ee215647e","video_url":"https://voa-video-ns.akamaized.net/pangeavideo/2026/08/c/c2/c27ee565-b66e-4014-8175-08decae8682a_1080p.mp4?cb=ee215647e"},{"article_body_paragraphs":[],"audio_source_url":null,"author":"Eyy\u00fbp Dem\u00eer","available_dubs":[],"downloadable_assets":["https://voa-video-ns.akamaized.net/pangeavideo/2026/08/9/9c/9c62dfe8-197b-485a-8176-08decae8682a_1080p.mp4?cb=ee2155886"],"duration_display":"3:47","duration_seconds":227.26,"embed_url":null,"id":6190,"image_caption":null,"image_url":"https://gdb.voanews.com/9c62dfe8-197b-485a-8176-08decae8682a_tv_mw2048_mh2048_n.jpg","is_clip":true,"item_type":"video","item_type_label":"Video","language_label":"Kurdish","media_credit":"VOA","micro_label":"Video report","micro_label_kind":"video","network_label":"VOA","network_logo_url":"/static/uploads/direct_network_logos/voa_1ef13eedbd2f.svg","published_at":"2026-08-17T19:31:18.640000","published_at_display":"17 Aug 2026, 19:31 GMT","sequence_badge_label":null,"sequence_count":null,"sequence_count_label":null,"sequence_frames":[],"sequence_kind":null,"source_name":"dengeamerika_com_direct","source_name_label":"Dengeamerika","source_type":"direct_api","summary":"Serokomar\u00ea Tirk\u00eey\u00ea di hevpeyv\u00eenek\u00ea ya bi kanala 'Al-Jazeera' re got ku ew bi Kurd\u00ean li her\u00eam\u00ea dij\u00een re t\u00eakil\u00eey\u00ean xwe xurt bikin \u00fb al\u00eekar\u00eeya wan bikin. Eyy\u00fbp Dem\u00eer ji Stenbol\u00ea z\u00eadetir ser daxuyan\u00eey\u00ean Erdogan diaxive.","title":"Erdogan Dib\u00eaje, Kurd\u00ean S\u00fbriy\u00ea j\u00ee d\u00ea ji Proseya A\u015ftiy\u00ea S\u00fbdmend Bin","topic":"V\u00eedyo Galer\u00ee","translation_language":"","url":"https://voa-video-ns.akamaized.net/pangeavideo/2026/08/9/9c/9c62dfe8-197b-485a-8176-08decae8682a_1080p.mp4?cb=ee2155886","video_url":"https://voa-video-ns.akamaized.net/pangeavideo/2026/08/9/9c/9c62dfe8-197b-485a-8176-08decae8682a_1080p.mp4?cb=ee2155886"},{"article_body_paragraphs":[],"audio_source_url":"https://voa-audio-ns.akamaized.net/vku/2026/08/17/20260817-190000-vku053-program_hq.mp3","author":null,"available_dubs":[],"downloadable_assets":["https://voa-audio-ns.akamaized.net/vku/2026/08/17/20260817-190000-vku053-program_hq.mp3"],"duration_display":"5:00","duration_seconds":300.0,"embed_url":null,"id":6191,"image_caption":null,"image_url":null,"is_clip":false,"item_type":"audio","item_type_label":"Audio","language_label":"Kurdish","media_credit":"VOA","micro_label":"Audio program","micro_label_kind":"audio","network_label":"VOA","network_logo_url":"/static/uploads/direct_network_logos/voa_1ef13eedbd2f.svg","published_at":"2026-08-17T19:00:00","published_at_display":"17 Aug 2026, 19:00 GMT","sequence_badge_label":null,"sequence_count":null,"sequence_count_label":null,"sequence_frames":[],"sequence_kind":null,"source_name":"dengeamerika_com_direct","source_name_label":"Dengeamerika","source_type":"direct_api","summary":"N\u00fb\u00e7ey\u00ean C\u00eehan\u00ea ji Deng\u00ea Amer\u00eeka","title":"N\u00fb\u00e7ey\u00ean 3\u2019y\u00ea pa\u015fn\u00eevro","topic":null,"translation_language":"","url":"https://voa-audio-ns.akamaized.net/vku/2026/08/17/20260817-190000-vku053-program_hq.mp3","video_url":null},{"article_body_paragraphs":[],"audio_source_url":null,"author":null,"available_dubs":[],"downloadable_assets":["https://voa-video-ns.akamaized.net/pangeavideo/2026/08/e/e8/e83e3b72-eb94-47e4-a1f0-08def2b10d93_1080p.mp4?cb=ee2154ae1"],"duration_display":"2:57","duration_seconds":177.81,"embed_url":null,"id":6167,"image_caption":null,"image_url":"https://gdb.voanews.com/e83e3b72-eb94-47e4-a1f0-08def2b10d93_tv_mw2048_mh2048_n.jpg","is_clip":true,"item_type":"video","item_type_label":"Video","language_label":"Kurdish","media_credit":"VOA","micro_label":"Video report","micro_label_kind":"video","network_label":"VOA","network_logo_url":"/static/uploads/direct_network_logos/voa_1ef13eedbd2f.svg","published_at":"2026-08-17T18:33:05.253000","published_at_display":"17 Aug 2026, 18:33 GMT","sequence_badge_label":null,"sequence_count":null,"sequence_count_label":null,"sequence_frames":[],"sequence_kind":null,"source_name":"dengeamerika_com_direct","source_name_label":"Dengeamerika","source_type":"direct_api","summary":"Serok Donald Trump peymana n\u00fb ya berevaniya hevbe\u015f ya di navbera Tirk\u00eey\u00ea, Erebistana Sa\u00fbd\u00ee \u00fb Pakistan\u00ea de p\u00ea\u015fwaz\u00ee kir \u00fb ew wek \"gaveke yekem a mezin, w\u00earek \u00fb gir\u00eeng\" bi nav kir.","title":"Trump P\u00ea\u015fwaz\u00eeya Peymana Berevan\u00eey\u00ea ya Mekkey\u00ea Dike","topic":"V\u00eedyo Galer\u00ee","translation_language":"","url":"https://voa-video-ns.akamaized.net/pangeavideo/2026/08/e/e8/e83e3b72-eb94-47e4-a1f0-08def2b10d93_1080p.mp4?cb=ee2154ae1","video_url":"https://voa-video-ns.akamaized.net/pangeavideo/2026/08/e/e8/e83e3b72-eb94-47e4-a1f0-08def2b10d93_1080p.mp4?cb=ee2154ae1"}],"next_num":13,"page":12,"pages":26,"per_page":20,"prev_num":11,"total":513}
