{"applied_filters":{"end_date":"","lang":"","language":"","network":"","page":14,"per_page":20,"search":"","source":"dengeamerika_com_direct","start_date":"","topic":"","type":""},"available_filters":{"language_choices":[{"label":"Choose Language","value":""},{"label":"English","value":"English"},{"label":"Espa\u00f1ol","value":"Espa\u00f1ol"},{"label":"Kurdish","value":"Kurdish"}],"network_choices":[{"label":"All networks","value":""},{"label":"VOA","value":"VOA"}],"source_choices":[{"label":"All sources","value":""},{"label":"Current Time","value":"currenttime_tv_direct"},{"label":"Current Time","value":"currenttime_tv_rss"},{"label":"Da Azadi Radio","value":"da_azadiradio_com_rss"},{"label":"Darivoa","value":"darivoa_com_rss"},{"label":"Dengeamerika","value":"dengeamerika_com_direct"},{"label":"Dengeamerika","value":"dengeamerika_com_rss"},{"label":"Dengiamerika","value":"dengiamerika_com_direct"},{"label":"Dengiamerika","value":"dengiamerika_com_rss"},{"label":"Editorials VOA","value":"editorials_voa_gov_rss"},{"label":"Golosameriki","value":"golosameriki_com_direct"},{"label":"Golosameriki","value":"golosameriki_com_rss"},{"label":"Ir VOA News","value":"ir_voanews_com_rss"},{"label":"Mashaalradio","value":"mashaalradio_com_direct"},{"label":"Moldova Europalibera","value":"moldova_europalibera_org_direct"},{"label":"Moldova Europalibera","value":"moldova_europalibera_org_rss"},{"label":"OCB \u00b7 Caf\u00e9 Digital","value":"ocb_spanish_audio_html_scrape"},{"label":"OCB \u00b7 Liberaci\u00f3n","value":"ocb_spanish_audio_html_scrape_1001"},{"label":"OCB \u00b7 Programas de Radio Nuestra Am\u00e9rica","value":"ocb_spanish_audio_html_scrape_1016"},{"label":"OCB \u00b7 Agenda hemisf\u00e9rica","value":"ocb_spanish_audio_html_scrape_1028"},{"label":"OCB \u00b7 El futuro es ya","value":"ocb_spanish_audio_html_scrape_1056"},{"label":"OCB \u00b7 Foro abierto","value":"ocb_spanish_audio_html_scrape_1061"},{"label":"OCB \u00b7 Nicaragua al d\u00eda","value":"ocb_spanish_audio_html_scrape_1077"},{"label":"OCB \u00b7 La bola nostra","value":"ocb_spanish_audio_html_scrape_1078"},{"label":"OCB \u00b7 Taller de prensa","value":"ocb_spanish_audio_html_scrape_1103"},{"label":"OCB \u00b7 Las noticias como son","value":"ocb_spanish_audio_html_scrape_142"},{"label":"OCB \u00b7 Abriendo Espacios","value":"ocb_spanish_audio_html_scrape_562"},{"label":"OCB \u00b7 Mart\u00ed Noticias A.M.","value":"ocb_spanish_audio_html_scrape_668"},{"label":"OCB Spanish Audio","value":"ocb_spanish_audio_scrape"},{"label":"OCB Spanish Video","value":"ocb_spanish_video_scrape"},{"label":"Pa Azadi Radio","value":"pa_azadiradio_com_rss"},{"label":"Pashtovoa","value":"pashtovoa_com_rss"},{"label":"Radiofaarda","value":"radiofaarda_com_direct"},{"label":"Radio Farda","value":"radiofarda_com_direct"},{"label":"Radio Farda","value":"radiofarda_com_rss"},{"label":"Radiosvoboda","value":"radiosvoboda_org_rss"},{"label":"Radiotavisupleba","value":"radiotavisupleba_ge_direct"},{"label":"Radiotavisupleba","value":"radiotavisupleba_ge_rss"},{"label":"Radiotelevisionmarti","value":"radiotelevisionmarti_com_direct"},{"label":"Radiotelevisionmarti","value":"radiotelevisionmarti_com_rss"},{"label":"RFA Burmese","value":"rfa_burmese_rss"},{"label":"RFA Burmese Video Scrape","value":"rfa_burmese_video_scrape"},{"label":"RFA Cantonese","value":"rfa_cantonese_rss"},{"label":"RFA Cantonese Video Scrape","value":"rfa_cantonese_video_scrape"},{"label":"RFA English RSS","value":"rfa_english_rss"},{"label":"RFA English Video","value":"rfa_english_video_scrape"},{"label":"RFA Khmer","value":"rfa_khmer_rss"},{"label":"RFA Khmer Video Scrape","value":"rfa_khmer_video_scrape"},{"label":"RFA Korean","value":"rfa_korean_rss"},{"label":"RFA Korean Video Scrape","value":"rfa_korean_video_scrape"},{"label":"RFA Lao","value":"rfa_lao_rss"},{"label":"RFA Lao Video Scrape","value":"rfa_lao_video_scrape"},{"label":"RFA Mandarin","value":"rfa_mandarin_rss"},{"label":"RFA Mandarin Video Scrape","value":"rfa_mandarin_video_scrape"},{"label":"RFA Tibetan","value":"rfa_tibetan_rss"},{"label":"RFA Tibetan Video Scrape","value":"rfa_tibetan_video_scrape"},{"label":"RFA Uyghur","value":"rfa_uyghur_rss"},{"label":"RFA Uyghur Video Scrape","value":"rfa_uyghur_video_scrape"},{"label":"RFA Vietnamese","value":"rfa_vietnamese_rss"},{"label":"RFA Vietnamese Video Scrape","value":"rfa_vietnamese_video_scrape"},{"label":"RFE/RL Direct","value":"rferl_direct"},{"label":"RFE/RL","value":"rferl_org_rss"},{"label":"Slobodnaevropa","value":"slobodnaevropa_org_direct"},{"label":"Slobodnaevropa","value":"slobodnaevropa_org_rss"},{"label":"Svoboda","value":"svoboda_org_direct"},{"label":"Svoboda","value":"svoboda_org_rss"},{"label":"Ukrainian VOA News","value":"ukrainian_voanews_com_rss"},{"label":"VOA Chinese Direct","value":"voa_chinese_direct"},{"label":"VOA Chinese RSS","value":"voa_chinese_rss"},{"label":"VOA Dari Direct","value":"voa_dari_direct"},{"label":"VOA Korea Direct","value":"voa_korea_direct"},{"label":"VOA Pashto Direct","value":"voa_pashto_direct"},{"label":"VOA Persian Direct","value":"voa_persian_direct"},{"label":"Voakorea","value":"voakorea_com_rss"}],"sources":["currenttime_tv_direct","currenttime_tv_rss","da_azadiradio_com_rss","darivoa_com_rss","dengeamerika_com_direct","dengeamerika_com_rss","dengiamerika_com_direct","dengiamerika_com_rss","editorials_voa_gov_rss","golosameriki_com_direct","golosameriki_com_rss","ir_voanews_com_rss","mashaalradio_com_direct","moldova_europalibera_org_direct","moldova_europalibera_org_rss","ocb_spanish_audio_html_scrape","ocb_spanish_audio_html_scrape_1001","ocb_spanish_audio_html_scrape_1016","ocb_spanish_audio_html_scrape_1028","ocb_spanish_audio_html_scrape_1056","ocb_spanish_audio_html_scrape_1061","ocb_spanish_audio_html_scrape_1077","ocb_spanish_audio_html_scrape_1078","ocb_spanish_audio_html_scrape_1103","ocb_spanish_audio_html_scrape_142","ocb_spanish_audio_html_scrape_562","ocb_spanish_audio_html_scrape_668","ocb_spanish_audio_scrape","ocb_spanish_video_scrape","pa_azadiradio_com_rss","pashtovoa_com_rss","radiofaarda_com_direct","radiofarda_com_direct","radiofarda_com_rss","radiosvoboda_org_rss","radiotavisupleba_ge_direct","radiotavisupleba_ge_rss","radiotelevisionmarti_com_direct","radiotelevisionmarti_com_rss","rfa_burmese_rss","rfa_burmese_video_scrape","rfa_cantonese_rss","rfa_cantonese_video_scrape","rfa_english_rss","rfa_english_video_scrape","rfa_khmer_rss","rfa_khmer_video_scrape","rfa_korean_rss","rfa_korean_video_scrape","rfa_lao_rss","rfa_lao_video_scrape","rfa_mandarin_rss","rfa_mandarin_video_scrape","rfa_tibetan_rss","rfa_tibetan_video_scrape","rfa_uyghur_rss","rfa_uyghur_video_scrape","rfa_vietnamese_rss","rfa_vietnamese_video_scrape","rferl_direct","rferl_org_rss","slobodnaevropa_org_direct","slobodnaevropa_org_rss","svoboda_org_direct","svoboda_org_rss","ukrainian_voanews_com_rss","voa_chinese_direct","voa_chinese_rss","voa_dari_direct","voa_korea_direct","voa_pashto_direct","voa_persian_direct","voakorea_com_rss"],"topics":["250em\u00een Salvegera Serxweb\u00fbna Amer\u00eekay\u00ea","Amer\u00eeka","Bernameya Televizyon\u00ee ya Rojane","Bernamey\u00ean radyoy\u00ea y\u00ean rojane","C\u00eehan","N\u00fb\u00e7ey\u00ean C\u00eehan\u00ea 1","N\u00fb\u00e7ey\u00ean C\u00eehan\u00ea 2","Radyo","V\u00eedyo Galer\u00ee"],"types":[["","All types"],["audio","Audio"],["video","Videos"],["clips","Clips"],["media","Media"]]},"has_next":true,"has_prev":true,"items":[{"article_body_paragraphs":[],"audio_source_url":"https://voa-audio-ns.akamaized.net/vku/2026/08/15/20260815-170500-vku053-program_hq.mp3","author":null,"available_dubs":[],"downloadable_assets":["https://voa-audio-ns.akamaized.net/vku/2026/08/15/20260815-170500-vku053-program_hq.mp3"],"duration_display":"54:59","duration_seconds":3299.0,"embed_url":null,"id":5570,"image_caption":null,"image_url":null,"is_clip":false,"item_type":"audio","item_type_label":"Audio","language_label":"Kurdish","media_credit":"VOA","micro_label":"Audio program","micro_label_kind":"audio","network_label":"VOA","network_logo_url":"/static/uploads/direct_network_logos/voa_1ef13eedbd2f.svg","published_at":"2026-08-15T17:05:00","published_at_display":"15 Aug 2026, 17:05 GMT","sequence_badge_label":null,"sequence_count":null,"sequence_count_label":null,"sequence_frames":[],"sequence_kind":null,"source_name":"dengeamerika_com_direct","source_name_label":"Dengeamerika","source_type":"direct_api","summary":null,"title":"Bernama Duy\u00ea","topic":null,"translation_language":"","url":"https://voa-audio-ns.akamaized.net/vku/2026/08/15/20260815-170500-vku053-program_hq.mp3","video_url":null},{"article_body_paragraphs":[],"audio_source_url":"https://voa-audio-ns.akamaized.net/vku/2026/08/15/20260815-170000-vku053-program_hq.mp3","author":null,"available_dubs":[],"downloadable_assets":["https://voa-audio-ns.akamaized.net/vku/2026/08/15/20260815-170000-vku053-program_hq.mp3"],"duration_display":"4:59","duration_seconds":299.0,"embed_url":null,"id":5551,"image_caption":null,"image_url":null,"is_clip":false,"item_type":"audio","item_type_label":"Audio","language_label":"Kurdish","media_credit":"VOA","micro_label":"Audio program","micro_label_kind":"audio","network_label":"VOA","network_logo_url":"/static/uploads/direct_network_logos/voa_1ef13eedbd2f.svg","published_at":"2026-08-15T17:00:00","published_at_display":"15 Aug 2026, 17:00 GMT","sequence_badge_label":null,"sequence_count":null,"sequence_count_label":null,"sequence_frames":[],"sequence_kind":null,"source_name":"dengeamerika_com_direct","source_name_label":"Dengeamerika","source_type":"direct_api","summary":"N\u00fb\u00e7ey\u00ean C\u00eehan\u00ea ji Deng\u00ea Amer\u00eeka","title":"N\u00fb\u00e7ey\u00ean 1\u2019\u00ea pa\u015fn\u00eevro","topic":"Radyo","translation_language":"","url":"https://voa-audio-ns.akamaized.net/vku/2026/08/15/20260815-170000-vku053-program_hq.mp3","video_url":null},{"article_body_paragraphs":[],"audio_source_url":null,"author":"Ridwan B\u00eazar","available_dubs":[],"downloadable_assets":["https://voa-video-ns.akamaized.net/pangeavideo/2026/08/d/d5/d517c1dd-b914-4f17-f215-08def2b12219_1080p.mp4?cb=ee2129083"],"duration_display":"2:48","duration_seconds":168.06,"embed_url":null,"id":5546,"image_caption":null,"image_url":"https://gdb.voanews.com/d517c1dd-b914-4f17-f215-08def2b12219_tv_mw2048_mh2048_n.jpg","is_clip":true,"item_type":"video","item_type_label":"Video","language_label":"Kurdish","media_credit":"VOA","micro_label":"Video report","micro_label_kind":"video","network_label":"VOA","network_logo_url":"/static/uploads/direct_network_logos/voa_1ef13eedbd2f.svg","published_at":"2026-08-15T16:53:23.710000","published_at_display":"15 Aug 2026, 16:53 GMT","sequence_badge_label":null,"sequence_count":null,"sequence_count_label":null,"sequence_frames":[],"sequence_kind":null,"source_name":"dengeamerika_com_direct","source_name_label":"Dengeamerika","source_type":"direct_api","summary":"Roj\u00ean \u015fer \u00fb dorp\u00ea\u00e7a li ser Koban\u00eey\u00ea bandor li ser xwendekar\u00ean baj\u00ear kir, l\u00ea tev\u00ee w\u00ea j\u00ee, hin xwendekar\u00ean wek\u00ee El\u00ee Mihemed Qadir di xwendina xwe de serkeft\u00ee ne. Raporta Ridwan b\u00eazar zanyar\u00eey\u00ean b\u00eahtir hene.","title":"Xwendekar\u00ean Koban\u00eey\u00ea di Rew\u015f\u00ean Zehmet de Biser Dikevin","topic":"V\u00eedyo Galer\u00ee","translation_language":"","url":"https://voa-video-ns.akamaized.net/pangeavideo/2026/08/d/d5/d517c1dd-b914-4f17-f215-08def2b12219_1080p.mp4?cb=ee2129083","video_url":"https://voa-video-ns.akamaized.net/pangeavideo/2026/08/d/d5/d517c1dd-b914-4f17-f215-08def2b12219_1080p.mp4?cb=ee2129083"},{"article_body_paragraphs":[],"audio_source_url":null,"author":"\u00cevan Hes\u00eeb","available_dubs":[],"downloadable_assets":["https://voa-video-ns.akamaized.net/pangeavideo/2026/08/3/3b/3bbd4996-b3fc-4e2e-8155-08decae8682a_1080p.mp4?cb=ee2168221"],"duration_display":"3:29","duration_seconds":209.43,"embed_url":null,"id":5515,"image_caption":null,"image_url":"https://gdb.voanews.com/3bbd4996-b3fc-4e2e-8155-08decae8682a_tv_mw2048_mh2048_n.jpg","is_clip":true,"item_type":"video","item_type_label":"Video","language_label":"Kurdish","media_credit":"VOA","micro_label":"Video report","micro_label_kind":"video","network_label":"VOA","network_logo_url":"/static/uploads/direct_network_logos/voa_1ef13eedbd2f.svg","published_at":"2026-08-15T15:13:57.760000","published_at_display":"15 Aug 2026, 15:13 GMT","sequence_badge_label":null,"sequence_count":null,"sequence_count_label":null,"sequence_frames":[],"sequence_kind":null,"source_name":"dengeamerika_com_direct","source_name_label":"Dengeamerika","source_type":"direct_api","summary":"Li bajar\u00ea Qami\u015flo, ni\u015ftecih ji ber neb\u00fbna bankeke xw\u00een\u00ea zehmetyan diki\u015f\u00eenin \u00fb z\u00eeyan gihi\u015ft\u00eeye sektora tendurist\u00eey\u00ea. V\u00ea yek\u00ea bi taybet\u00ee rew\u015fa nexwe\u015f\u00ean talas\u00eema \u00fb pence\u015f\u00ear\u00ea xerabtir kiriye. Raporta \u00cevan Hes\u00eeb b\u00eahtir agah\u00ee hene.","title":"Neb\u00fbna Bankeke Xw\u00een\u00ea li Qami\u015flo Rew\u015fa Nexwe\u015fan Aloz Kiriye","topic":"V\u00eedyo Galer\u00ee","translation_language":"","url":"https://voa-video-ns.akamaized.net/pangeavideo/2026/08/3/3b/3bbd4996-b3fc-4e2e-8155-08decae8682a_1080p.mp4?cb=ee2168221","video_url":"https://voa-video-ns.akamaized.net/pangeavideo/2026/08/3/3b/3bbd4996-b3fc-4e2e-8155-08decae8682a_1080p.mp4?cb=ee2168221"},{"article_body_paragraphs":[],"audio_source_url":"https://voa-audio-ns.akamaized.net/vku/2026/08/15/20260815-150000-vku053-program_hq.mp3","author":null,"available_dubs":[],"downloadable_assets":["https://voa-audio-ns.akamaized.net/vku/2026/08/15/20260815-150000-vku053-program_hq.mp3"],"duration_display":"10:00","duration_seconds":600.0,"embed_url":null,"id":5516,"image_caption":null,"image_url":null,"is_clip":false,"item_type":"audio","item_type_label":"Audio","language_label":"Kurdish","media_credit":"VOA","micro_label":"Audio program","micro_label_kind":"audio","network_label":"VOA","network_logo_url":"/static/uploads/direct_network_logos/voa_1ef13eedbd2f.svg","published_at":"2026-08-15T15:00:00","published_at_display":"15 Aug 2026, 15:00 GMT","sequence_badge_label":null,"sequence_count":null,"sequence_count_label":null,"sequence_frames":[],"sequence_kind":null,"source_name":"dengeamerika_com_direct","source_name_label":"Dengeamerika","source_type":"direct_api","summary":"N\u00fb\u00e7ey\u00ean C\u00eehan\u00ea ji Deng\u00ea Amer\u00eeka","title":"N\u00fb\u00e7ey\u00ean C\u00eehan\u00ea 1","topic":"N\u00fb\u00e7ey\u00ean C\u00eehan\u00ea 1","translation_language":"","url":"https://voa-audio-ns.akamaized.net/vku/2026/08/15/20260815-150000-vku053-program_hq.mp3","video_url":null},{"article_body_paragraphs":[],"audio_source_url":"https://voa-audio-ns.akamaized.net/vku/2026/08/15/20260815-140000-vku053-program_hq.mp3","author":null,"available_dubs":[],"downloadable_assets":["https://voa-audio-ns.akamaized.net/vku/2026/08/15/20260815-140000-vku053-program_hq.mp3"],"duration_display":"59:59","duration_seconds":3599.0,"embed_url":null,"id":5517,"image_caption":null,"image_url":null,"is_clip":false,"item_type":"audio","item_type_label":"Audio","language_label":"Kurdish","media_credit":"VOA","micro_label":"Audio program","micro_label_kind":"audio","network_label":"VOA","network_logo_url":"/static/uploads/direct_network_logos/voa_1ef13eedbd2f.svg","published_at":"2026-08-15T14:00:00","published_at_display":"15 Aug 2026, 14:00 GMT","sequence_badge_label":null,"sequence_count":null,"sequence_count_label":null,"sequence_frames":[],"sequence_kind":null,"source_name":"dengeamerika_com_direct","source_name_label":"Dengeamerika","source_type":"direct_api","summary":null,"title":"Bernamey\u00ean radyoy\u00ea y\u00ean rojane","topic":"Bernamey\u00ean radyoy\u00ea y\u00ean rojane","translation_language":"","url":"https://voa-audio-ns.akamaized.net/vku/2026/08/15/20260815-140000-vku053-program_hq.mp3","video_url":null},{"article_body_paragraphs":[],"audio_source_url":null,"author":null,"available_dubs":[],"downloadable_assets":["https://voa-video-ns.akamaized.net/pangeavideo/2026/08/3/34/3485938b-1f83-4886-a1c8-08def2b10d93_1080p.mp4?cb=ee21245c0"],"duration_display":"59:55","duration_seconds":3595.13,"embed_url":null,"id":5357,"image_caption":null,"image_url":"https://gdb.voanews.com/3485938b-1f83-4886-a1c8-08def2b10d93_tv_mw2048_mh2048_n.jpg","is_clip":false,"item_type":"video","item_type_label":"Video","language_label":"Kurdish","media_credit":"VOA","micro_label":"Video report","micro_label_kind":"video","network_label":"VOA","network_logo_url":"/static/uploads/direct_network_logos/voa_1ef13eedbd2f.svg","published_at":"2026-08-14T20:59:40.613000","published_at_display":"14 Aug 2026, 20:59 GMT","sequence_badge_label":null,"sequence_count":null,"sequence_count_label":null,"sequence_frames":[],"sequence_kind":null,"source_name":"dengeamerika_com_direct","source_name_label":"Dengeamerika","source_type":"direct_api","summary":"N\u00fb\u00e7e \u00fb agah\u00eey\u00ean n\u00fb y\u00ean derbar\u00ea Amer\u00eeka, her\u00eam\u00ean kurdan \u00fb c\u00eehan\u00ea di Bernameya Televizyon\u00ee ya 14\u2019\u00ea Tebaxa 2026\u2019an de.","title":"Bernameya Televizyon\u00ee ya 14\u2019\u00ea Tebaxa 2026\u2019an","topic":"Bernameya Televizyon\u00ee ya Rojane","translation_language":"","url":"https://voa-video-ns.akamaized.net/pangeavideo/2026/08/3/34/3485938b-1f83-4886-a1c8-08def2b10d93_1080p.mp4?cb=ee21245c0","video_url":"https://voa-video-ns.akamaized.net/pangeavideo/2026/08/3/34/3485938b-1f83-4886-a1c8-08def2b10d93_1080p.mp4?cb=ee21245c0"},{"article_body_paragraphs":[],"audio_source_url":null,"author":null,"available_dubs":[],"downloadable_assets":["https://voa-video-ns.akamaized.net/pangeavideo/2026/08/8/80/8070532f-632d-48fd-7e8b-08def2ed48ad_1080p.mp4?cb=ee2116a35"],"duration_display":"2:26","duration_seconds":146.41,"embed_url":null,"id":5338,"image_caption":null,"image_url":"https://gdb.voanews.com/8070532f-632d-48fd-7e8b-08def2ed48ad_tv_mw2048_mh2048_n.jpg","is_clip":true,"item_type":"video","item_type_label":"Video","language_label":"Kurdish","media_credit":"VOA","micro_label":"Video report","micro_label_kind":"video","network_label":"VOA","network_logo_url":"/static/uploads/direct_network_logos/voa_1ef13eedbd2f.svg","published_at":"2026-08-14T19:57:41.797000","published_at_display":"14 Aug 2026, 19:57 GMT","sequence_badge_label":null,"sequence_count":null,"sequence_count_label":null,"sequence_frames":[],"sequence_kind":null,"source_name":"dengeamerika_com_direct","source_name_label":"Dengeamerika","source_type":"direct_api","summary":"Z\u00eadeb\u00fbna Giring\u00eeya Tengava Hormuz\u00ea di Opresyon\u00ean Le\u015fker\u00ea Amer\u00eekay\u00ea de, Are\u015f Salih di v\u00ea raport\u00ea de p\u00eazan\u00een\u00ean z\u00eadetir radigih\u00eene.","title":"Z\u00eadeb\u00fbna Giring\u00eeya Tengava Hormuz\u00ea di Opresyon\u00ean Le\u015fker\u00ea Amer\u00eekay\u00ea de","topic":"V\u00eedyo Galer\u00ee","translation_language":"","url":"https://voa-video-ns.akamaized.net/pangeavideo/2026/08/8/80/8070532f-632d-48fd-7e8b-08def2ed48ad_1080p.mp4?cb=ee2116a35","video_url":"https://voa-video-ns.akamaized.net/pangeavideo/2026/08/8/80/8070532f-632d-48fd-7e8b-08def2ed48ad_1080p.mp4?cb=ee2116a35"},{"article_body_paragraphs":[],"audio_source_url":null,"author":"S\u00eenor Ker\u00eem","available_dubs":[],"downloadable_assets":["https://voa-video-ns.akamaized.net/pangeavideo/2026/08/1/18/18ae97d5-2b18-444a-f20c-08def2b12219_1080p.mp4?cb=ee211679b"],"duration_display":"3:02","duration_seconds":182.52,"embed_url":null,"id":5339,"image_caption":null,"image_url":"https://gdb.voanews.com/18ae97d5-2b18-444a-f20c-08def2b12219_tv_mw2048_mh2048_n.jpg","is_clip":true,"item_type":"video","item_type_label":"Video","language_label":"Kurdish","media_credit":"VOA","micro_label":"Video report","micro_label_kind":"video","network_label":"VOA","network_logo_url":"/static/uploads/direct_network_logos/voa_1ef13eedbd2f.svg","published_at":"2026-08-14T19:46:35.067000","published_at_display":"14 Aug 2026, 19:46 GMT","sequence_badge_label":null,"sequence_count":null,"sequence_count_label":null,"sequence_frames":[],"sequence_kind":null,"source_name":"dengeamerika_com_direct","source_name_label":"Dengeamerika","source_type":"direct_api","summary":"Hik\u00fbmeta \u00ceraq\u00ea dib\u00eaje ku dawiya \u00celon\u00ea wek\u00ee roja daw\u00ee ji bo veki\u015f\u00eena h\u00eaz\u00ean biyan\u00ee ye li \u00ceraq\u00ea, hin Parlemanter \u00fb welat\u00ee daxwaz dikin ku le\u015fker\u00ean Tirk \u00ean ku 30 k\u00eelometreyan ketine Her\u00eama Kurdistan\u00ea, derkevin.","title":"Hin Parlemanter \u00fb Welat\u00ee Daxwaz Dikin ku H\u00eaz\u00ean Tirkiy\u00eay\u00ea ji \u00ceraq \u00fb Her\u00eaam Kurdistan\u00ea derkevin","topic":"V\u00eedyo Galer\u00ee","translation_language":"","url":"https://voa-video-ns.akamaized.net/pangeavideo/2026/08/1/18/18ae97d5-2b18-444a-f20c-08def2b12219_1080p.mp4?cb=ee211679b","video_url":"https://voa-video-ns.akamaized.net/pangeavideo/2026/08/1/18/18ae97d5-2b18-444a-f20c-08def2b12219_1080p.mp4?cb=ee211679b"},{"article_body_paragraphs":[],"audio_source_url":null,"author":null,"available_dubs":[],"downloadable_assets":["https://voa-video-ns.akamaized.net/pangeavideo/2026/08/e/e0/e08bfe18-1e97-4c40-7e89-08def2ed48ad_1080p.mp4?cb=ee21163db"],"duration_display":"11:29","duration_seconds":689.49,"embed_url":null,"id":5327,"image_caption":null,"image_url":"https://gdb.voanews.com/e08bfe18-1e97-4c40-7e89-08def2ed48ad_tv_mw2048_mh2048_n.jpg","is_clip":false,"item_type":"video","item_type_label":"Video","language_label":"Kurdish","media_credit":"VOA","micro_label":"Video report","micro_label_kind":"video","network_label":"VOA","network_logo_url":"/static/uploads/direct_network_logos/voa_1ef13eedbd2f.svg","published_at":"2026-08-14T19:30:35.187000","published_at_display":"14 Aug 2026, 19:30 GMT","sequence_badge_label":null,"sequence_count":null,"sequence_count_label":null,"sequence_frames":[],"sequence_kind":null,"source_name":"dengeamerika_com_direct","source_name_label":"Dengeamerika","source_type":"direct_api","summary":"Qan\u00fbna \u00c7ar\u00e7ovey\u00ee di rojeva siyas\u00ee ya Tirk\u00eey\u00ea de d\u00eesan germe, hin part\u00eey\u00ean Kurd bi dudil\u00ee n\u00eaz\u00ee rew\u015fa hey\u00ee dibin. Mustafa Oz\u00e7elik Serok\u00ea Part\u00eeya Welatpar\u00eaz\u00ean Kurdistan\u00ea ji Stenbol\u00ea v\u00ea mijar\u00ea dinirx\u00eene.","title":"Part\u00eey\u00ean Kurd \u00ean Tirk\u00eey\u00ea Qan\u00fbna \u00c7ar\u00e7ovey\u00ee \u00c7awa Dib\u00eenin?","topic":"V\u00eedyo Galer\u00ee","translation_language":"","url":"https://voa-video-ns.akamaized.net/pangeavideo/2026/08/e/e0/e08bfe18-1e97-4c40-7e89-08def2ed48ad_1080p.mp4?cb=ee21163db","video_url":"https://voa-video-ns.akamaized.net/pangeavideo/2026/08/e/e0/e08bfe18-1e97-4c40-7e89-08def2ed48ad_1080p.mp4?cb=ee21163db"},{"article_body_paragraphs":[],"audio_source_url":null,"author":null,"available_dubs":[],"downloadable_assets":["https://voa-video-ns.akamaized.net/pangeavideo/2026/08/f/fb/fbb77ba9-60a0-458d-476a-08decadaa577_1080p.mp4?cb=ee21160cc"],"duration_display":"4:56","duration_seconds":296.38,"embed_url":null,"id":5328,"image_caption":null,"image_url":"https://gdb.voanews.com/fbb77ba9-60a0-458d-476a-08decadaa577_tv_mw2048_mh2048_n.jpg","is_clip":true,"item_type":"video","item_type_label":"Video","language_label":"Kurdish","media_credit":"VOA","micro_label":"Video report","micro_label_kind":"video","network_label":"VOA","network_logo_url":"/static/uploads/direct_network_logos/voa_1ef13eedbd2f.svg","published_at":"2026-08-14T19:17:32.917000","published_at_display":"14 Aug 2026, 19:17 GMT","sequence_badge_label":null,"sequence_count":null,"sequence_count_label":null,"sequence_frames":[],"sequence_kind":null,"source_name":"dengeamerika_com_direct","source_name_label":"Dengeamerika","source_type":"direct_api","summary":"A\u015ftiya li Tirk\u00eey\u00ea pi\u015ft\u00ee pejirandina Qan\u00fbna \u00c7ar\u00e7ovey\u00ee ji aliy\u00ea piran\u00ee ya h\u00eaz\u00ean siyas\u00ee \u00fb parlemantoya Tirk\u00eey\u00ea ve, niha dikeve di qonaxa c\u00eebic\u00eekirin\u00ea de. Ozlem Yasak p\u00eazan\u00een\u00ean z\u00eadetir dide.","title":"Qan\u00fbna \u00c7ar\u00e7ovey\u00ee li Tirk\u00eey\u00ea Dikeve di Qonaxa C\u00eebic\u00eekirin\u00ea de","topic":"V\u00eedyo Galer\u00ee","translation_language":"","url":"https://voa-video-ns.akamaized.net/pangeavideo/2026/08/f/fb/fbb77ba9-60a0-458d-476a-08decadaa577_1080p.mp4?cb=ee21160cc","video_url":"https://voa-video-ns.akamaized.net/pangeavideo/2026/08/f/fb/fbb77ba9-60a0-458d-476a-08decadaa577_1080p.mp4?cb=ee21160cc"},{"article_body_paragraphs":[],"audio_source_url":"https://voa-audio-ns.akamaized.net/vku/2026/08/14/20260814-190000-vku053-program_hq.mp3","author":null,"available_dubs":[],"downloadable_assets":["https://voa-audio-ns.akamaized.net/vku/2026/08/14/20260814-190000-vku053-program_hq.mp3"],"duration_display":"4:59","duration_seconds":299.0,"embed_url":null,"id":5329,"image_caption":null,"image_url":null,"is_clip":false,"item_type":"audio","item_type_label":"Audio","language_label":"Kurdish","media_credit":"VOA","micro_label":"Audio program","micro_label_kind":"audio","network_label":"VOA","network_logo_url":"/static/uploads/direct_network_logos/voa_1ef13eedbd2f.svg","published_at":"2026-08-14T19:00:00","published_at_display":"14 Aug 2026, 19:00 GMT","sequence_badge_label":null,"sequence_count":null,"sequence_count_label":null,"sequence_frames":[],"sequence_kind":null,"source_name":"dengeamerika_com_direct","source_name_label":"Dengeamerika","source_type":"direct_api","summary":"N\u00fb\u00e7ey\u00ean C\u00eehan\u00ea ji Deng\u00ea Amer\u00eeka","title":"N\u00fb\u00e7ey\u00ean 3\u2019y\u00ea pa\u015fn\u00eevro","topic":null,"translation_language":"","url":"https://voa-audio-ns.akamaized.net/vku/2026/08/14/20260814-190000-vku053-program_hq.mp3","video_url":null},{"article_body_paragraphs":[],"audio_source_url":null,"author":"Eyy\u00fbp Dem\u00eer","available_dubs":[],"downloadable_assets":["https://voa-video-ns.akamaized.net/pangeavideo/2026/08/3/31/31d32c3f-92a6-45aa-8148-08decae8682a_1080p.mp4?cb=ee21147b0"],"duration_display":"2:45","duration_seconds":165.84,"embed_url":null,"id":5263,"image_caption":null,"image_url":"https://gdb.voanews.com/31d32c3f-92a6-45aa-8148-08decae8682a_tv_mw2048_mh2048_n.jpg","is_clip":true,"item_type":"video","item_type_label":"Video","language_label":"Kurdish","media_credit":"VOA","micro_label":"Video report","micro_label_kind":"video","network_label":"VOA","network_logo_url":"/static/uploads/direct_network_logos/voa_1ef13eedbd2f.svg","published_at":"2026-08-14T17:30:24.497000","published_at_display":"14 Aug 2026, 17:30 GMT","sequence_badge_label":null,"sequence_count":null,"sequence_count_label":null,"sequence_frames":[],"sequence_kind":null,"source_name":"dengeamerika_com_direct","source_name_label":"Dengeamerika","source_type":"direct_api","summary":"Li Tirk\u00eey\u00ea gelek avah\u00eey\u00ean d\u00eerok\u00ee y\u00ean mes\u00eeh\u00eeyan pediv\u00ee bi lin\u00ear\u00een \u00fb \u00e7avd\u00ear\u00eey\u00ea ne, l\u00ea ew hatine mandila kirin \u00fb li ber r\u00fbxan \u00fb hilwe\u015f\u00een\u00ea ne. Yek ji wan d\u00eara ku weke \u201cS\u00eaw\u00eexaneya R\u00fbm\u201d t\u00ea naskirin li ber hilwe\u015f\u00een\u00ea ye.","title":"S\u00eaw\u00eexaneya R\u00fbm a D\u00eerok\u00ee li Stenbol\u00ea Ber bi Hilwe\u015f\u00een\u00ea ve Di\u00e7e","topic":"V\u00eedyo Galer\u00ee","translation_language":"","url":"https://voa-video-ns.akamaized.net/pangeavideo/2026/08/3/31/31d32c3f-92a6-45aa-8148-08decae8682a_1080p.mp4?cb=ee21147b0","video_url":"https://voa-video-ns.akamaized.net/pangeavideo/2026/08/3/31/31d32c3f-92a6-45aa-8148-08decae8682a_1080p.mp4?cb=ee21147b0"},{"article_body_paragraphs":[],"audio_source_url":null,"author":"R\u00eaj\u00een Ehmed","available_dubs":[],"downloadable_assets":["https://voa-video-ns.akamaized.net/pangeavideo/2026/08/9/9e/9ef4d513-e59f-49ae-a1c2-08def2b10d93_1080p.mp4?cb=ee211f2b8"],"duration_display":"3:49","duration_seconds":229.97,"embed_url":null,"id":5264,"image_caption":null,"image_url":"https://gdb.voanews.com/9ef4d513-e59f-49ae-a1c2-08def2b10d93_tv_mw2048_mh2048_n.jpg","is_clip":true,"item_type":"video","item_type_label":"Video","language_label":"Kurdish","media_credit":"VOA","micro_label":"Video report","micro_label_kind":"video","network_label":"VOA","network_logo_url":"/static/uploads/direct_network_logos/voa_1ef13eedbd2f.svg","published_at":"2026-08-14T17:09:31.033000","published_at_display":"14 Aug 2026, 17:09 GMT","sequence_badge_label":null,"sequence_count":null,"sequence_count_label":null,"sequence_frames":[],"sequence_kind":null,"source_name":"dengeamerika_com_direct","source_name_label":"Dengeamerika","source_type":"direct_api","summary":"Ev b\u00fbn z\u00eadetir\u00ee du hefteyan kr\u00eezeke dijwar ya sotemn\u00eey\u00ea li Her\u00eama Kurdistan\u00ea heye, gel gil\u00eeya hik\u00fbmet\u00ea dike \u00fb hik\u00fbmet j\u00ee sedeman n\u00ee\u015fan dide ku ti\u015ft\u00ea \u00e7\u00ea dibe ji dervey\u00ee kontrola w\u00ea ye. R\u00eaj\u00een Ehmed li Par\u00eazgeha Duhok\u00ea, kr\u00eeza hey\u00ee \u015fopandiye \u00fb ev raport amade kir\u00eeye","title":"\u00c7ima Kr\u00eezek Dijwar a Sotemeniy\u00ea li Her\u00eama Kurdistan\u00ea \u00c7\u00eab\u00fbye?","topic":"V\u00eedyo Galer\u00ee","translation_language":"","url":"https://voa-video-ns.akamaized.net/pangeavideo/2026/08/9/9e/9ef4d513-e59f-49ae-a1c2-08def2b10d93_1080p.mp4?cb=ee211f2b8","video_url":"https://voa-video-ns.akamaized.net/pangeavideo/2026/08/9/9e/9ef4d513-e59f-49ae-a1c2-08def2b10d93_1080p.mp4?cb=ee211f2b8"},{"article_body_paragraphs":[],"audio_source_url":"https://voa-audio-ns.akamaized.net/vku/2026/08/14/20260814-170500-vku053-program_hq.mp3","author":null,"available_dubs":[],"downloadable_assets":["https://voa-audio-ns.akamaized.net/vku/2026/08/14/20260814-170500-vku053-program_hq.mp3"],"duration_display":"54:59","duration_seconds":3299.0,"embed_url":null,"id":5293,"image_caption":null,"image_url":null,"is_clip":false,"item_type":"audio","item_type_label":"Audio","language_label":"Kurdish","media_credit":"VOA","micro_label":"Audio program","micro_label_kind":"audio","network_label":"VOA","network_logo_url":"/static/uploads/direct_network_logos/voa_1ef13eedbd2f.svg","published_at":"2026-08-14T17:05:00","published_at_display":"14 Aug 2026, 17:05 GMT","sequence_badge_label":null,"sequence_count":null,"sequence_count_label":null,"sequence_frames":[],"sequence_kind":null,"source_name":"dengeamerika_com_direct","source_name_label":"Dengeamerika","source_type":"direct_api","summary":null,"title":"Bernama Duy\u00ea","topic":null,"translation_language":"","url":"https://voa-audio-ns.akamaized.net/vku/2026/08/14/20260814-170500-vku053-program_hq.mp3","video_url":null},{"article_body_paragraphs":[],"audio_source_url":"https://voa-audio-ns.akamaized.net/vku/2026/08/14/20260814-170000-vku053-program_hq.mp3","author":null,"available_dubs":[],"downloadable_assets":["https://voa-audio-ns.akamaized.net/vku/2026/08/14/20260814-170000-vku053-program_hq.mp3"],"duration_display":"5:00","duration_seconds":300.0,"embed_url":null,"id":5265,"image_caption":null,"image_url":null,"is_clip":false,"item_type":"audio","item_type_label":"Audio","language_label":"Kurdish","media_credit":"VOA","micro_label":"Audio program","micro_label_kind":"audio","network_label":"VOA","network_logo_url":"/static/uploads/direct_network_logos/voa_1ef13eedbd2f.svg","published_at":"2026-08-14T17:00:00","published_at_display":"14 Aug 2026, 17:00 GMT","sequence_badge_label":null,"sequence_count":null,"sequence_count_label":null,"sequence_frames":[],"sequence_kind":null,"source_name":"dengeamerika_com_direct","source_name_label":"Dengeamerika","source_type":"direct_api","summary":"N\u00fb\u00e7ey\u00ean C\u00eehan\u00ea ji Deng\u00ea Amer\u00eeka","title":"N\u00fb\u00e7ey\u00ean 1\u2019\u00ea pa\u015fn\u00eevro","topic":"Radyo","translation_language":"","url":"https://voa-audio-ns.akamaized.net/vku/2026/08/14/20260814-170000-vku053-program_hq.mp3","video_url":null},{"article_body_paragraphs":[],"audio_source_url":null,"author":"Ridwan B\u00eazar","available_dubs":[],"downloadable_assets":["https://voa-video-ns.akamaized.net/pangeavideo/2026/08/e/e3/e3ab4a0d-6575-4f92-c971-08decaecd3b3_1080p.mp4?cb=ee2112c9f"],"duration_display":"2:23","duration_seconds":143.65,"embed_url":null,"id":5196,"image_caption":null,"image_url":"https://gdb.voanews.com/e3ab4a0d-6575-4f92-c971-08decaecd3b3_tv_mw2048_mh2048_n.jpg","is_clip":true,"item_type":"video","item_type_label":"Video","language_label":"Kurdish","media_credit":"VOA","micro_label":"Video report","micro_label_kind":"video","network_label":"VOA","network_logo_url":"/static/uploads/direct_network_logos/voa_1ef13eedbd2f.svg","published_at":"2026-08-14T15:34:55.390000","published_at_display":"14 Aug 2026, 15:34 GMT","sequence_badge_label":null,"sequence_count":null,"sequence_count_label":null,"sequence_frames":[],"sequence_kind":null,"source_name":"dengeamerika_com_direct","source_name_label":"Dengeamerika","source_type":"direct_api","summary":"Day\u00eek\u00ean Kurd li Koban\u00eey\u00ea bi \u00e7\u00eakirina xwarin\u00ean Kurd\u00ee \u00fb kar\u00ean dest\u00ee y\u00ean kevne\u015fop\u00ee be\u015fdar\u00ee Fest\u00eevala \u00c7and\u00ea ya li her\u00eama Koban\u00eey\u00ea dibin.","title":"Koban\u00ee Fest\u00eevala \u00c7anda Day\u00eek\u00ea Lidar Dixin","topic":"V\u00eedyo Galer\u00ee","translation_language":"","url":"https://voa-video-ns.akamaized.net/pangeavideo/2026/08/e/e3/e3ab4a0d-6575-4f92-c971-08decaecd3b3_1080p.mp4?cb=ee2112c9f","video_url":"https://voa-video-ns.akamaized.net/pangeavideo/2026/08/e/e3/e3ab4a0d-6575-4f92-c971-08decaecd3b3_1080p.mp4?cb=ee2112c9f"},{"article_body_paragraphs":[],"audio_source_url":null,"author":"J\u00eero M\u00eetan\u00ee","available_dubs":[],"downloadable_assets":["https://voa-video-ns.akamaized.net/pangeavideo/2026/08/c/cb/cb60d61e-f370-41ee-8141-08decae8682a_1080p.mp4?cb=ee2112716"],"duration_display":"2:44","duration_seconds":164.95,"embed_url":null,"id":5197,"image_caption":null,"image_url":"https://gdb.voanews.com/cb60d61e-f370-41ee-8141-08decae8682a_tv_mw2048_mh2048_n.jpg","is_clip":true,"item_type":"video","item_type_label":"Video","language_label":"Kurdish","media_credit":"VOA","micro_label":"Video report","micro_label_kind":"video","network_label":"VOA","network_logo_url":"/static/uploads/direct_network_logos/voa_1ef13eedbd2f.svg","published_at":"2026-08-14T15:11:18.960000","published_at_display":"14 Aug 2026, 15:11 GMT","sequence_badge_label":null,"sequence_count":null,"sequence_count_label":null,"sequence_frames":[],"sequence_kind":null,"source_name":"dengeamerika_com_direct","source_name_label":"Dengeamerika","source_type":"direct_api","summary":"Bajar\u00ea Girk\u00ea Leg\u00ea li Rojava, di S\u00eestema S\u00fbr\u00eey\u00ea de h\u00eaj\u00ee neb\u00fbye nav\u00e7ek \u00fb dezgeh\u00ean ferm\u00ee l\u00ea n\u00eenin, ev yek kar \u00fb jiyana xelk\u00ea baj\u00ear zehmet dike, r\u00fbni\u015ftvan\u00ean baj\u00ear daxwaza bicihan\u00eenan biriyara 2008an ya ku Girk\u00ea Leg\u00ea bibe nav\u00e7eyek taybet dikin.","title":"Bandora Neb\u00fbna Dezgeh\u00ean Ferm\u00ee li Girk\u00ea Leg\u00ea y\u00ea Rojava","topic":"V\u00eedyo Galer\u00ee","translation_language":"","url":"https://voa-video-ns.akamaized.net/pangeavideo/2026/08/c/cb/cb60d61e-f370-41ee-8141-08decae8682a_1080p.mp4?cb=ee2112716","video_url":"https://voa-video-ns.akamaized.net/pangeavideo/2026/08/c/cb/cb60d61e-f370-41ee-8141-08decae8682a_1080p.mp4?cb=ee2112716"},{"article_body_paragraphs":[],"audio_source_url":"https://voa-audio-ns.akamaized.net/vku/2026/08/14/20260814-150000-vku053-program_hq.mp3","author":null,"available_dubs":[],"downloadable_assets":["https://voa-audio-ns.akamaized.net/vku/2026/08/14/20260814-150000-vku053-program_hq.mp3"],"duration_display":"9:59","duration_seconds":599.0,"embed_url":null,"id":5198,"image_caption":null,"image_url":null,"is_clip":false,"item_type":"audio","item_type_label":"Audio","language_label":"Kurdish","media_credit":"VOA","micro_label":"Audio program","micro_label_kind":"audio","network_label":"VOA","network_logo_url":"/static/uploads/direct_network_logos/voa_1ef13eedbd2f.svg","published_at":"2026-08-14T15:00:00","published_at_display":"14 Aug 2026, 15:00 GMT","sequence_badge_label":null,"sequence_count":null,"sequence_count_label":null,"sequence_frames":[],"sequence_kind":null,"source_name":"dengeamerika_com_direct","source_name_label":"Dengeamerika","source_type":"direct_api","summary":"N\u00fb\u00e7ey\u00ean C\u00eehan\u00ea ji Deng\u00ea Amer\u00eeka","title":"N\u00fb\u00e7ey\u00ean C\u00eehan\u00ea 1","topic":"N\u00fb\u00e7ey\u00ean C\u00eehan\u00ea 1","translation_language":"","url":"https://voa-audio-ns.akamaized.net/vku/2026/08/14/20260814-150000-vku053-program_hq.mp3","video_url":null},{"article_body_paragraphs":[],"audio_source_url":null,"author":"Emced Kurdo","available_dubs":[],"downloadable_assets":["https://voa-video-ns.akamaized.net/pangeavideo/2026/08/b/be/be025b79-8e1b-43c8-7e7b-08def2ed48ad_1080p.mp4?cb=ee2111d32"],"duration_display":"2:42","duration_seconds":162.88,"embed_url":null,"id":5172,"image_caption":null,"image_url":"https://gdb.voanews.com/be025b79-8e1b-43c8-7e7b-08def2ed48ad_tv_mw2048_mh2048_n.jpg","is_clip":true,"item_type":"video","item_type_label":"Video","language_label":"Kurdish","media_credit":"VOA","micro_label":"Video report","micro_label_kind":"video","network_label":"VOA","network_logo_url":"/static/uploads/direct_network_logos/voa_1ef13eedbd2f.svg","published_at":"2026-08-14T14:29:06.987000","published_at_display":"14 Aug 2026, 14:29 GMT","sequence_badge_label":null,"sequence_count":null,"sequence_count_label":null,"sequence_frames":[],"sequence_kind":null,"source_name":"dengeamerika_com_direct","source_name_label":"Dengeamerika","source_type":"direct_api","summary":"Di van dem\u00ean daw\u00ee de li Rojava, d\u00eeyardeya vexwarin\u00ean enerj\u00eey\u00ea di nav zarok \u00fb ciwanan de bi awayek\u00ee berbi\u00e7av z\u00eade b\u00fbye. Malbat ditirsin ku ew vexwarin bandorek xirab li ser tendirustiy\u00ea zarok\u00ean wan bih\u00eale. Emced Kurdo ev raport ji Qami\u015flo amade kiriye.","title":"D\u00eeyardeya Vexwarin\u00ean Enerj\u00eey\u00ea li Bajar\u00ea Qami\u015flo","topic":"V\u00eedyo Galer\u00ee","translation_language":"","url":"https://voa-video-ns.akamaized.net/pangeavideo/2026/08/b/be/be025b79-8e1b-43c8-7e7b-08def2ed48ad_1080p.mp4?cb=ee2111d32","video_url":"https://voa-video-ns.akamaized.net/pangeavideo/2026/08/b/be/be025b79-8e1b-43c8-7e7b-08def2ed48ad_1080p.mp4?cb=ee2111d32"}],"next_num":15,"page":14,"pages":26,"per_page":20,"prev_num":13,"total":513}
