{"applied_filters":{"end_date":"","lang":"","language":"","network":"","page":15,"per_page":20,"search":"","source":"dengeamerika_com_direct","start_date":"","topic":"","type":""},"available_filters":{"language_choices":[{"label":"Choose Language","value":""},{"label":"English","value":"English"},{"label":"Espa\u00f1ol","value":"Espa\u00f1ol"},{"label":"Kurdish","value":"Kurdish"}],"network_choices":[{"label":"All networks","value":""},{"label":"VOA","value":"VOA"}],"source_choices":[{"label":"All sources","value":""},{"label":"Current Time","value":"currenttime_tv_direct"},{"label":"Current Time","value":"currenttime_tv_rss"},{"label":"Da Azadi Radio","value":"da_azadiradio_com_rss"},{"label":"Darivoa","value":"darivoa_com_rss"},{"label":"Dengeamerika","value":"dengeamerika_com_direct"},{"label":"Dengeamerika","value":"dengeamerika_com_rss"},{"label":"Dengiamerika","value":"dengiamerika_com_direct"},{"label":"Dengiamerika","value":"dengiamerika_com_rss"},{"label":"Editorials VOA","value":"editorials_voa_gov_rss"},{"label":"Golosameriki","value":"golosameriki_com_direct"},{"label":"Golosameriki","value":"golosameriki_com_rss"},{"label":"Ir VOA News","value":"ir_voanews_com_rss"},{"label":"Mashaalradio","value":"mashaalradio_com_direct"},{"label":"Moldova Europalibera","value":"moldova_europalibera_org_direct"},{"label":"Moldova Europalibera","value":"moldova_europalibera_org_rss"},{"label":"OCB \u00b7 Caf\u00e9 Digital","value":"ocb_spanish_audio_html_scrape"},{"label":"OCB \u00b7 Liberaci\u00f3n","value":"ocb_spanish_audio_html_scrape_1001"},{"label":"OCB \u00b7 Programas de Radio Nuestra Am\u00e9rica","value":"ocb_spanish_audio_html_scrape_1016"},{"label":"OCB \u00b7 Agenda hemisf\u00e9rica","value":"ocb_spanish_audio_html_scrape_1028"},{"label":"OCB \u00b7 El futuro es ya","value":"ocb_spanish_audio_html_scrape_1056"},{"label":"OCB \u00b7 Foro abierto","value":"ocb_spanish_audio_html_scrape_1061"},{"label":"OCB \u00b7 Nicaragua al d\u00eda","value":"ocb_spanish_audio_html_scrape_1077"},{"label":"OCB \u00b7 La bola nostra","value":"ocb_spanish_audio_html_scrape_1078"},{"label":"OCB \u00b7 Taller de prensa","value":"ocb_spanish_audio_html_scrape_1103"},{"label":"OCB \u00b7 Las noticias como son","value":"ocb_spanish_audio_html_scrape_142"},{"label":"OCB \u00b7 Abriendo Espacios","value":"ocb_spanish_audio_html_scrape_562"},{"label":"OCB \u00b7 Mart\u00ed Noticias A.M.","value":"ocb_spanish_audio_html_scrape_668"},{"label":"OCB Spanish Audio","value":"ocb_spanish_audio_scrape"},{"label":"OCB Spanish Video","value":"ocb_spanish_video_scrape"},{"label":"Pa Azadi Radio","value":"pa_azadiradio_com_rss"},{"label":"Pashtovoa","value":"pashtovoa_com_rss"},{"label":"Radiofaarda","value":"radiofaarda_com_direct"},{"label":"Radio Farda","value":"radiofarda_com_direct"},{"label":"Radio Farda","value":"radiofarda_com_rss"},{"label":"Radiosvoboda","value":"radiosvoboda_org_rss"},{"label":"Radiotavisupleba","value":"radiotavisupleba_ge_direct"},{"label":"Radiotavisupleba","value":"radiotavisupleba_ge_rss"},{"label":"Radiotelevisionmarti","value":"radiotelevisionmarti_com_direct"},{"label":"Radiotelevisionmarti","value":"radiotelevisionmarti_com_rss"},{"label":"RFA Burmese","value":"rfa_burmese_rss"},{"label":"RFA Burmese Video Scrape","value":"rfa_burmese_video_scrape"},{"label":"RFA Cantonese","value":"rfa_cantonese_rss"},{"label":"RFA Cantonese Video Scrape","value":"rfa_cantonese_video_scrape"},{"label":"RFA English RSS","value":"rfa_english_rss"},{"label":"RFA English Video","value":"rfa_english_video_scrape"},{"label":"RFA Khmer","value":"rfa_khmer_rss"},{"label":"RFA Khmer Video Scrape","value":"rfa_khmer_video_scrape"},{"label":"RFA Korean","value":"rfa_korean_rss"},{"label":"RFA Korean Video Scrape","value":"rfa_korean_video_scrape"},{"label":"RFA Lao","value":"rfa_lao_rss"},{"label":"RFA Lao Video Scrape","value":"rfa_lao_video_scrape"},{"label":"RFA Mandarin","value":"rfa_mandarin_rss"},{"label":"RFA Mandarin Video Scrape","value":"rfa_mandarin_video_scrape"},{"label":"RFA Tibetan","value":"rfa_tibetan_rss"},{"label":"RFA Tibetan Video Scrape","value":"rfa_tibetan_video_scrape"},{"label":"RFA Uyghur","value":"rfa_uyghur_rss"},{"label":"RFA Uyghur Video Scrape","value":"rfa_uyghur_video_scrape"},{"label":"RFA Vietnamese","value":"rfa_vietnamese_rss"},{"label":"RFA Vietnamese Video Scrape","value":"rfa_vietnamese_video_scrape"},{"label":"RFE/RL Direct","value":"rferl_direct"},{"label":"RFE/RL","value":"rferl_org_rss"},{"label":"Slobodnaevropa","value":"slobodnaevropa_org_direct"},{"label":"Slobodnaevropa","value":"slobodnaevropa_org_rss"},{"label":"Svoboda","value":"svoboda_org_direct"},{"label":"Svoboda","value":"svoboda_org_rss"},{"label":"Ukrainian VOA News","value":"ukrainian_voanews_com_rss"},{"label":"VOA Chinese Direct","value":"voa_chinese_direct"},{"label":"VOA Chinese RSS","value":"voa_chinese_rss"},{"label":"VOA Dari Direct","value":"voa_dari_direct"},{"label":"VOA Korea Direct","value":"voa_korea_direct"},{"label":"VOA Pashto Direct","value":"voa_pashto_direct"},{"label":"VOA Persian Direct","value":"voa_persian_direct"},{"label":"Voakorea","value":"voakorea_com_rss"}],"sources":["currenttime_tv_direct","currenttime_tv_rss","da_azadiradio_com_rss","darivoa_com_rss","dengeamerika_com_direct","dengeamerika_com_rss","dengiamerika_com_direct","dengiamerika_com_rss","editorials_voa_gov_rss","golosameriki_com_direct","golosameriki_com_rss","ir_voanews_com_rss","mashaalradio_com_direct","moldova_europalibera_org_direct","moldova_europalibera_org_rss","ocb_spanish_audio_html_scrape","ocb_spanish_audio_html_scrape_1001","ocb_spanish_audio_html_scrape_1016","ocb_spanish_audio_html_scrape_1028","ocb_spanish_audio_html_scrape_1056","ocb_spanish_audio_html_scrape_1061","ocb_spanish_audio_html_scrape_1077","ocb_spanish_audio_html_scrape_1078","ocb_spanish_audio_html_scrape_1103","ocb_spanish_audio_html_scrape_142","ocb_spanish_audio_html_scrape_562","ocb_spanish_audio_html_scrape_668","ocb_spanish_audio_scrape","ocb_spanish_video_scrape","pa_azadiradio_com_rss","pashtovoa_com_rss","radiofaarda_com_direct","radiofarda_com_direct","radiofarda_com_rss","radiosvoboda_org_rss","radiotavisupleba_ge_direct","radiotavisupleba_ge_rss","radiotelevisionmarti_com_direct","radiotelevisionmarti_com_rss","rfa_burmese_rss","rfa_burmese_video_scrape","rfa_cantonese_rss","rfa_cantonese_video_scrape","rfa_english_rss","rfa_english_video_scrape","rfa_khmer_rss","rfa_khmer_video_scrape","rfa_korean_rss","rfa_korean_video_scrape","rfa_lao_rss","rfa_lao_video_scrape","rfa_mandarin_rss","rfa_mandarin_video_scrape","rfa_tibetan_rss","rfa_tibetan_video_scrape","rfa_uyghur_rss","rfa_uyghur_video_scrape","rfa_vietnamese_rss","rfa_vietnamese_video_scrape","rferl_direct","rferl_org_rss","slobodnaevropa_org_direct","slobodnaevropa_org_rss","svoboda_org_direct","svoboda_org_rss","ukrainian_voanews_com_rss","voa_chinese_direct","voa_chinese_rss","voa_dari_direct","voa_korea_direct","voa_pashto_direct","voa_persian_direct","voakorea_com_rss"],"topics":["250em\u00een Salvegera Serxweb\u00fbna Amer\u00eekay\u00ea","Amer\u00eeka","Bernameya Televizyon\u00ee ya Rojane","Bernamey\u00ean radyoy\u00ea y\u00ean rojane","C\u00eehan","N\u00fb\u00e7ey\u00ean C\u00eehan\u00ea 1","N\u00fb\u00e7ey\u00ean C\u00eehan\u00ea 2","Radyo","V\u00eedyo Galer\u00ee"],"types":[["","All types"],["audio","Audio"],["video","Videos"],["clips","Clips"],["media","Media"]]},"has_next":true,"has_prev":true,"items":[{"article_body_paragraphs":[],"audio_source_url":"https://voa-audio-ns.akamaized.net/vku/2026/08/14/20260814-140000-vku053-program_hq.mp3","author":null,"available_dubs":[],"downloadable_assets":["https://voa-audio-ns.akamaized.net/vku/2026/08/14/20260814-140000-vku053-program_hq.mp3"],"duration_display":"59:59","duration_seconds":3599.0,"embed_url":null,"id":5199,"image_caption":null,"image_url":null,"is_clip":false,"item_type":"audio","item_type_label":"Audio","language_label":"Kurdish","media_credit":"VOA","micro_label":"Audio program","micro_label_kind":"audio","network_label":"VOA","network_logo_url":"/static/uploads/direct_network_logos/voa_1ef13eedbd2f.svg","published_at":"2026-08-14T14:00:00","published_at_display":"14 Aug 2026, 14:00 GMT","sequence_badge_label":null,"sequence_count":null,"sequence_count_label":null,"sequence_frames":[],"sequence_kind":null,"source_name":"dengeamerika_com_direct","source_name_label":"Dengeamerika","source_type":"direct_api","summary":null,"title":"Bernamey\u00ean radyoy\u00ea y\u00ean rojane","topic":"Bernamey\u00ean radyoy\u00ea y\u00ean rojane","translation_language":"","url":"https://voa-audio-ns.akamaized.net/vku/2026/08/14/20260814-140000-vku053-program_hq.mp3","video_url":null},{"article_body_paragraphs":[],"audio_source_url":"https://voa-audio-ns.akamaized.net/vku/2026/08/14/20260814-050000-vku053-program_hq.mp3","author":null,"available_dubs":[],"downloadable_assets":["https://voa-audio-ns.akamaized.net/vku/2026/08/14/20260814-050000-vku053-program_hq.mp3"],"duration_display":"5:00","duration_seconds":300.0,"embed_url":null,"id":5038,"image_caption":null,"image_url":null,"is_clip":false,"item_type":"audio","item_type_label":"Audio","language_label":"Kurdish","media_credit":"VOA","micro_label":"Audio program","micro_label_kind":"audio","network_label":"VOA","network_logo_url":"/static/uploads/direct_network_logos/voa_1ef13eedbd2f.svg","published_at":"2026-08-14T05:00:00","published_at_display":"14 Aug 2026, 05:00 GMT","sequence_badge_label":null,"sequence_count":null,"sequence_count_label":null,"sequence_frames":[],"sequence_kind":null,"source_name":"dengeamerika_com_direct","source_name_label":"Dengeamerika","source_type":"direct_api","summary":"N\u00fb\u00e7ey\u00ean C\u00eehan\u00ea ji Deng\u00ea Amer\u00eeka","title":"N\u00fb\u00e7ey\u00ean C\u00eehan\u00ea 2","topic":"N\u00fb\u00e7ey\u00ean C\u00eehan\u00ea 2","translation_language":"","url":"https://voa-audio-ns.akamaized.net/vku/2026/08/14/20260814-050000-vku053-program_hq.mp3","video_url":null},{"article_body_paragraphs":[],"audio_source_url":null,"author":null,"available_dubs":[],"downloadable_assets":["https://voa-video-ns.akamaized.net/pangeavideo/2026/08/b/bf/bfb1741b-5b96-4841-c96a-08decaecd3b3_1080p.mp4?cb=ee2105638"],"duration_display":"59:18","duration_seconds":3558.46,"embed_url":null,"id":5010,"image_caption":null,"image_url":"https://gdb.voanews.com/bfb1741b-5b96-4841-c96a-08decaecd3b3_tv_mw2048_mh2048_n.jpg","is_clip":false,"item_type":"video","item_type_label":"Video","language_label":"Kurdish","media_credit":"VOA","micro_label":"Video report","micro_label_kind":"video","network_label":"VOA","network_logo_url":"/static/uploads/direct_network_logos/voa_1ef13eedbd2f.svg","published_at":"2026-08-14T00:20:08.387000","published_at_display":"14 Aug 2026, 00:20 GMT","sequence_badge_label":null,"sequence_count":null,"sequence_count_label":null,"sequence_frames":[],"sequence_kind":null,"source_name":"dengeamerika_com_direct","source_name_label":"Dengeamerika","source_type":"direct_api","summary":"N\u00fb\u00e7e \u00fb agah\u00eey\u00ean n\u00fb y\u00ean derbar\u00ea Amer\u00eeka, her\u00eam\u00ean kurdan \u00fb c\u00eehan\u00ea di Bernameya Televizyon\u00ee ya 13\u2019\u00ea Tebaxa 2026\u2019an de.","title":"Bernameya Televizyon\u00ee ya 13\u2019\u00ea Tebaxa 2026\u2019an","topic":"Bernameya Televizyon\u00ee ya Rojane","translation_language":"","url":"https://voa-video-ns.akamaized.net/pangeavideo/2026/08/b/bf/bfb1741b-5b96-4841-c96a-08decaecd3b3_1080p.mp4?cb=ee2105638","video_url":"https://voa-video-ns.akamaized.net/pangeavideo/2026/08/b/bf/bfb1741b-5b96-4841-c96a-08decaecd3b3_1080p.mp4?cb=ee2105638"},{"article_body_paragraphs":[],"audio_source_url":null,"author":null,"available_dubs":[],"downloadable_assets":["https://voa-video-ns.akamaized.net/pangeavideo/2026/08/b/b3/b3d3904b-9133-4d53-8136-08decae8682a_1080p.mp4?cb=ee21055bb"],"duration_display":"2:36","duration_seconds":156.49,"embed_url":null,"id":5011,"image_caption":null,"image_url":"https://gdb.voanews.com/b3d3904b-9133-4d53-8136-08decae8682a_tv_mw2048_mh2048_n.jpg","is_clip":true,"item_type":"video","item_type_label":"Video","language_label":"Kurdish","media_credit":"VOA","micro_label":"Video report","micro_label_kind":"video","network_label":"VOA","network_logo_url":"/static/uploads/direct_network_logos/voa_1ef13eedbd2f.svg","published_at":"2026-08-14T00:18:03.317000","published_at_display":"14 Aug 2026, 00:18 GMT","sequence_badge_label":null,"sequence_count":null,"sequence_count_label":null,"sequence_frames":[],"sequence_kind":null,"source_name":"dengeamerika_com_direct","source_name_label":"Dengeamerika","source_type":"direct_api","summary":"W\u00eaney\u00ean berpirs\u00ean \u015e\u00ee'a y\u00ean \u00ceraq\u00ee \u00fb \u00ceran\u00ee li Kolan \u00fb Meydan\u00ean gi\u015ft\u00ee y\u00ean bajar\u00ea Kerkuk\u00ea t\u00ean d\u00eetin, ev yek bo sedema neraz\u00eeb\u00fbna Kurd\u00ean Kerkuk\u00ea. Raporta Huner Ehmed \u00fb p\u00eazan\u00een\u00ean z\u00eadetir.","title":"Kurd\u00ean Kerkuk\u00ea ji Hilwas\u00eena W\u00eaney\u00ean Berpirs\u00ean \u015e\u00ee'a y\u00ean \u00ceraq\u00ee \u00fb \u00ceran\u00ee Neraz\u00eene","topic":"V\u00eedyo Galer\u00ee","translation_language":"","url":"https://voa-video-ns.akamaized.net/pangeavideo/2026/08/b/b3/b3d3904b-9133-4d53-8136-08decae8682a_1080p.mp4?cb=ee21055bb","video_url":"https://voa-video-ns.akamaized.net/pangeavideo/2026/08/b/b3/b3d3904b-9133-4d53-8136-08decae8682a_1080p.mp4?cb=ee21055bb"},{"article_body_paragraphs":[],"audio_source_url":null,"author":null,"available_dubs":[],"downloadable_assets":["https://voa-video-ns.akamaized.net/pangeavideo/2026/08/8/8e/8e3bd82f-a319-4cb1-474b-08decadaa577_1080p.mp4?cb=ee21052d4"],"duration_display":"6:29","duration_seconds":389.5,"embed_url":null,"id":5012,"image_caption":null,"image_url":"https://gdb.voanews.com/8e3bd82f-a319-4cb1-474b-08decadaa577_tv_mw2048_mh2048_n.jpg","is_clip":false,"item_type":"video","item_type_label":"Video","language_label":"Kurdish","media_credit":"VOA","micro_label":"Video report","micro_label_kind":"video","network_label":"VOA","network_logo_url":"/static/uploads/direct_network_logos/voa_1ef13eedbd2f.svg","published_at":"2026-08-14T00:05:40.703000","published_at_display":"14 Aug 2026, 00:05 GMT","sequence_badge_label":null,"sequence_count":null,"sequence_count_label":null,"sequence_frames":[],"sequence_kind":null,"source_name":"dengeamerika_com_direct","source_name_label":"Dengeamerika","source_type":"direct_api","summary":"S\u00eaderadana welat\u00eeyan bi tohmet\u00ean cuda li \u00ceran\u00ea berdewam dike, maf\u00ean mirov t\u00ean binp\u00eakirin. L\u00eakoler N\u00eahr\u00fbz \u00c7emen Ara ji Almanya v\u00ea mijar\u00ea \u015firove dike.","title":"Binp\u00eakirina Mafan \u00fb S\u00eadaredan li \u00ceran\u00ea Didom in","topic":"V\u00eedyo Galer\u00ee","translation_language":"","url":"https://voa-video-ns.akamaized.net/pangeavideo/2026/08/8/8e/8e3bd82f-a319-4cb1-474b-08decadaa577_1080p.mp4?cb=ee21052d4","video_url":"https://voa-video-ns.akamaized.net/pangeavideo/2026/08/8/8e/8e3bd82f-a319-4cb1-474b-08decadaa577_1080p.mp4?cb=ee21052d4"},{"article_body_paragraphs":[],"audio_source_url":null,"author":null,"available_dubs":[],"downloadable_assets":["https://voa-video-ns.akamaized.net/pangeavideo/2026/08/1/1d/1d0180dc-06f5-415a-4756-08decadaa577_1080p.mp4?cb=ee21051bc"],"duration_display":"4:59","duration_seconds":299.05,"embed_url":null,"id":5013,"image_caption":null,"image_url":"https://gdb.voanews.com/1d0180dc-06f5-415a-4756-08decadaa577_tv_mw2048_mh2048_n.jpg","is_clip":true,"item_type":"video","item_type_label":"Video","language_label":"Kurdish","media_credit":"VOA","micro_label":"Video report","micro_label_kind":"video","network_label":"VOA","network_logo_url":"/static/uploads/direct_network_logos/voa_1ef13eedbd2f.svg","published_at":"2026-08-14T00:01:00.423000","published_at_display":"14 Aug 2026, 00:01 GMT","sequence_badge_label":null,"sequence_count":null,"sequence_count_label":null,"sequence_frames":[],"sequence_kind":null,"source_name":"dengeamerika_com_direct","source_name_label":"Dengeamerika","source_type":"direct_api","summary":"Hin H\u00eaz\u00ean Art\u00ea\u015fa \u00ceraq\u00ea ji firokxaneya Hil\u00eawe \u00fb li derora kerkuk\u00ea \u00fb n\u00eaz\u00ee Toz X\u00fbrmato veki\u015fyan, di demek\u00ea de ku piran\u00eeya xelk\u00ea \u00ceraq\u00ea n\u00eegeranin ji ber veki\u015f\u00eena H\u00eaz\u00ean Hevpeyman\u00eeya Navnetew\u00ee ji w\u00ee welat\u00ea wan. Raporta S\u00eenor Ker\u00eem ji Sil\u00eaman\u00eey\u00ea.","title":"Veki\u015f\u00eena H\u00eaz\u00ean Le\u015fker\u00ea \u00ceraq\u00ea ji Ba\u015f\u00fbr\u00ea Kerk\u00fbk\u00ea","topic":"V\u00eedyo Galer\u00ee","translation_language":"","url":"https://voa-video-ns.akamaized.net/pangeavideo/2026/08/1/1d/1d0180dc-06f5-415a-4756-08decadaa577_1080p.mp4?cb=ee21051bc","video_url":"https://voa-video-ns.akamaized.net/pangeavideo/2026/08/1/1d/1d0180dc-06f5-415a-4756-08decadaa577_1080p.mp4?cb=ee21051bc"},{"article_body_paragraphs":[],"audio_source_url":null,"author":null,"available_dubs":[],"downloadable_assets":["https://voa-video-ns.akamaized.net/pangeavideo/2026/08/7/7b/7b5e7d59-e033-42cd-8134-08decae8682a_1080p.mp4?cb=ee2101a14"],"duration_display":"3:30","duration_seconds":210.49,"embed_url":null,"id":4959,"image_caption":null,"image_url":"https://gdb.voanews.com/7b5e7d59-e033-42cd-8134-08decae8682a_tv_mw2048_mh2048_n.jpg","is_clip":true,"item_type":"video","item_type_label":"Video","language_label":"Kurdish","media_credit":"VOA","micro_label":"Video report","micro_label_kind":"video","network_label":"VOA","network_logo_url":"/static/uploads/direct_network_logos/voa_1ef13eedbd2f.svg","published_at":"2026-08-13T20:03:32.820000","published_at_display":"13 Aug 2026, 20:03 GMT","sequence_badge_label":null,"sequence_count":null,"sequence_count_label":null,"sequence_frames":[],"sequence_kind":null,"source_name":"dengeamerika_com_direct","source_name_label":"Dengeamerika","source_type":"direct_api","summary":"Bi n\u00eaz\u00eekb\u00fbna veki\u015f\u00eena h\u00eaz\u00ean hevpeymaniya navnetewey\u00ee re, \u00ceraq ji bo qonaxek n\u00fb xwe amade dike. Karox Xo\u015fnaw, Serok\u00ea Enst\u00eetuya L\u00eakol\u00een\u00ea ya Amer\u00eek\u00ee li Her\u00eama Kurdistan\u00ea v\u00ea mijar\u00ea dinirx\u00eene.","title":"\u015eanda \u00cemral\u00ee bi Serokomar\u00ea Tirk\u00eey\u00ea Erdogan re Kom Dibe","topic":"V\u00eedyo Galer\u00ee","translation_language":"","url":"https://voa-video-ns.akamaized.net/pangeavideo/2026/08/7/7b/7b5e7d59-e033-42cd-8134-08decae8682a_1080p.mp4?cb=ee2101a14","video_url":"https://voa-video-ns.akamaized.net/pangeavideo/2026/08/7/7b/7b5e7d59-e033-42cd-8134-08decae8682a_1080p.mp4?cb=ee2101a14"},{"article_body_paragraphs":[],"audio_source_url":null,"author":null,"available_dubs":[],"downloadable_assets":["https://voa-video-ns.akamaized.net/pangeavideo/2026/08/6/61/61c08581-80cc-4bdc-8135-08decae8682a_1080p.mp4?cb=ee21017b3"],"duration_display":"8:15","duration_seconds":495.97,"embed_url":null,"id":4947,"image_caption":null,"image_url":"https://gdb.voanews.com/61c08581-80cc-4bdc-8135-08decae8682a_tv_mw2048_mh2048_n.jpg","is_clip":false,"item_type":"video","item_type_label":"Video","language_label":"Kurdish","media_credit":"VOA","micro_label":"Video report","micro_label_kind":"video","network_label":"VOA","network_logo_url":"/static/uploads/direct_network_logos/voa_1ef13eedbd2f.svg","published_at":"2026-08-13T19:50:39.220000","published_at_display":"13 Aug 2026, 19:50 GMT","sequence_badge_label":null,"sequence_count":null,"sequence_count_label":null,"sequence_frames":[],"sequence_kind":null,"source_name":"dengeamerika_com_direct","source_name_label":"Dengeamerika","source_type":"direct_api","summary":"Bi n\u00eaz\u00eekb\u00fbna veki\u015f\u00eena h\u00eaz\u00ean hevpeymaniya navnetewey\u00ee re, \u00ceraq ji bo qonaxek n\u00fb xwe amade dike. Karox Xo\u015fnaw, Serok\u00ea Enst\u00eetuya L\u00eakol\u00een\u00ea ya Amer\u00eek\u00ee li Her\u00eama Kurdistan\u00ea v\u00ea mijar\u00ea dinirx\u00eene.","title":"Pispor Hi\u015fyar\u00eey\u00ea Derbar\u00ea Veki\u015f\u00eena H\u00eaz\u00ean Hevpeyman\u00eeya Navnetew\u00ee ji \u00ceraq\u00ea Didin","topic":"V\u00eedyo Galer\u00ee","translation_language":"","url":"https://voa-video-ns.akamaized.net/pangeavideo/2026/08/6/61/61c08581-80cc-4bdc-8135-08decae8682a_1080p.mp4?cb=ee21017b3","video_url":"https://voa-video-ns.akamaized.net/pangeavideo/2026/08/6/61/61c08581-80cc-4bdc-8135-08decae8682a_1080p.mp4?cb=ee21017b3"},{"article_body_paragraphs":[],"audio_source_url":"https://voa-audio-ns.akamaized.net/vku/2026/08/13/20260813-190000-vku053-program_hq.mp3","author":null,"available_dubs":[],"downloadable_assets":["https://voa-audio-ns.akamaized.net/vku/2026/08/13/20260813-190000-vku053-program_hq.mp3"],"duration_display":"5:00","duration_seconds":300.0,"embed_url":null,"id":4929,"image_caption":null,"image_url":null,"is_clip":false,"item_type":"audio","item_type_label":"Audio","language_label":"Kurdish","media_credit":"VOA","micro_label":"Audio program","micro_label_kind":"audio","network_label":"VOA","network_logo_url":"/static/uploads/direct_network_logos/voa_1ef13eedbd2f.svg","published_at":"2026-08-13T19:00:00","published_at_display":"13 Aug 2026, 19:00 GMT","sequence_badge_label":null,"sequence_count":null,"sequence_count_label":null,"sequence_frames":[],"sequence_kind":null,"source_name":"dengeamerika_com_direct","source_name_label":"Dengeamerika","source_type":"direct_api","summary":"N\u00fb\u00e7ey\u00ean C\u00eehan\u00ea ji Deng\u00ea Amer\u00eeka","title":"N\u00fb\u00e7ey\u00ean 3\u2019y\u00ea pa\u015fn\u00eevro","topic":null,"translation_language":"","url":"https://voa-audio-ns.akamaized.net/vku/2026/08/13/20260813-190000-vku053-program_hq.mp3","video_url":null},{"article_body_paragraphs":[],"audio_source_url":null,"author":"S\u00eenor Ker\u00eem","available_dubs":[],"downloadable_assets":["https://voa-video-ns.akamaized.net/pangeavideo/2026/08/b/bb/bbfd9367-c74d-4d81-f1e8-08def2b12219_1080p.mp4?cb=ee2100357"],"duration_display":"3:17","duration_seconds":197.28,"embed_url":null,"id":4902,"image_caption":null,"image_url":"https://gdb.voanews.com/bbfd9367-c74d-4d81-f1e8-08def2b12219_tv_mw2048_mh2048_n.jpg","is_clip":true,"item_type":"video","item_type_label":"Video","language_label":"Kurdish","media_credit":"VOA","micro_label":"Video report","micro_label_kind":"video","network_label":"VOA","network_logo_url":"/static/uploads/direct_network_logos/voa_1ef13eedbd2f.svg","published_at":"2026-08-13T18:26:31.887000","published_at_display":"13 Aug 2026, 18:26 GMT","sequence_badge_label":null,"sequence_count":null,"sequence_count_label":null,"sequence_frames":[],"sequence_kind":null,"source_name":"dengeamerika_com_direct","source_name_label":"Dengeamerika","source_type":"direct_api","summary":"Her\u00eama Kurdistan\u00ea bi xwezaya xwe ve, yek ji her\u00eam\u00ean her\u00ee ba\u015f \u00fb guncaye ji bo xwed\u00eekirina m\u00ea\u015f\u00ean hingiv. Raporta S\u00eenor Ker\u00eem p\u00eazan\u00een\u00ean z\u00eadetir dide.","title":"Hingiv\u00ea Kurdistan\u00ea Ba\u015ftir\u00een Cur\u00ea Hingiv e, li Her\u00eam\u00ea","topic":"V\u00eedyo Galer\u00ee","translation_language":"","url":"https://voa-video-ns.akamaized.net/pangeavideo/2026/08/b/bb/bbfd9367-c74d-4d81-f1e8-08def2b12219_1080p.mp4?cb=ee2100357","video_url":"https://voa-video-ns.akamaized.net/pangeavideo/2026/08/b/bb/bbfd9367-c74d-4d81-f1e8-08def2b12219_1080p.mp4?cb=ee2100357"},{"article_body_paragraphs":[],"audio_source_url":null,"author":"\u00cevan Hes\u00eeb","available_dubs":[],"downloadable_assets":["https://voa-video-ns.akamaized.net/pangeavideo/2026/08/4/46/46bdeac2-8174-4e85-7e68-08def2ed48ad_1080p.mp4?cb=ee20ff0b6"],"duration_display":"3:35","duration_seconds":215.32,"embed_url":null,"id":4876,"image_caption":null,"image_url":"https://gdb.voanews.com/46bdeac2-8174-4e85-7e68-08def2ed48ad_tv_mw2048_mh2048_n.jpg","is_clip":true,"item_type":"video","item_type_label":"Video","language_label":"Kurdish","media_credit":"VOA","micro_label":"Video report","micro_label_kind":"video","network_label":"VOA","network_logo_url":"/static/uploads/direct_network_logos/voa_1ef13eedbd2f.svg","published_at":"2026-08-13T17:07:02.533000","published_at_display":"13 Aug 2026, 17:07 GMT","sequence_badge_label":null,"sequence_count":null,"sequence_count_label":null,"sequence_frames":[],"sequence_kind":null,"source_name":"dengeamerika_com_direct","source_name_label":"Dengeamerika","source_type":"direct_api","summary":"Li bajar\u00ea Qami\u015flo p\u00ea\u015fangehek bi nav\u00ea \"Ar\u015f\u00eeva Civaka \u00caz\u00eed\u00ee\" hate lidarxistin bi mebesta danas\u00eena p\u00eakhatey\u00ean baj\u00ear bi d\u00eerok \u00fb \u00e7anda \u00caz\u00eed\u00eeyan.","title":"Li Qami\u015flo P\u00ea\u015fangeha 'Ar\u015f\u00eeva Civaka \u00caz\u00eed\u00ee' Hate Lidarxistin","topic":"V\u00eedyo Galer\u00ee","translation_language":"","url":"https://voa-video-ns.akamaized.net/pangeavideo/2026/08/4/46/46bdeac2-8174-4e85-7e68-08def2ed48ad_1080p.mp4?cb=ee20ff0b6","video_url":"https://voa-video-ns.akamaized.net/pangeavideo/2026/08/4/46/46bdeac2-8174-4e85-7e68-08def2ed48ad_1080p.mp4?cb=ee20ff0b6"},{"article_body_paragraphs":[],"audio_source_url":"https://voa-audio-ns.akamaized.net/vku/2026/08/13/20260813-170500-vku053-program_hq.mp3","author":null,"available_dubs":[],"downloadable_assets":["https://voa-audio-ns.akamaized.net/vku/2026/08/13/20260813-170500-vku053-program_hq.mp3"],"duration_display":"54:59","duration_seconds":3299.0,"embed_url":null,"id":4903,"image_caption":null,"image_url":null,"is_clip":false,"item_type":"audio","item_type_label":"Audio","language_label":"Kurdish","media_credit":"VOA","micro_label":"Audio program","micro_label_kind":"audio","network_label":"VOA","network_logo_url":"/static/uploads/direct_network_logos/voa_1ef13eedbd2f.svg","published_at":"2026-08-13T17:05:00","published_at_display":"13 Aug 2026, 17:05 GMT","sequence_badge_label":null,"sequence_count":null,"sequence_count_label":null,"sequence_frames":[],"sequence_kind":null,"source_name":"dengeamerika_com_direct","source_name_label":"Dengeamerika","source_type":"direct_api","summary":null,"title":"Bernama Duy\u00ea","topic":null,"translation_language":"","url":"https://voa-audio-ns.akamaized.net/vku/2026/08/13/20260813-170500-vku053-program_hq.mp3","video_url":null},{"article_body_paragraphs":[],"audio_source_url":"https://voa-audio-ns.akamaized.net/vku/2026/08/13/20260813-170000-vku053-program_hq.mp3","author":null,"available_dubs":[],"downloadable_assets":["https://voa-audio-ns.akamaized.net/vku/2026/08/13/20260813-170000-vku053-program_hq.mp3"],"duration_display":"5:00","duration_seconds":300.0,"embed_url":null,"id":4877,"image_caption":null,"image_url":null,"is_clip":false,"item_type":"audio","item_type_label":"Audio","language_label":"Kurdish","media_credit":"VOA","micro_label":"Audio program","micro_label_kind":"audio","network_label":"VOA","network_logo_url":"/static/uploads/direct_network_logos/voa_1ef13eedbd2f.svg","published_at":"2026-08-13T17:00:00","published_at_display":"13 Aug 2026, 17:00 GMT","sequence_badge_label":null,"sequence_count":null,"sequence_count_label":null,"sequence_frames":[],"sequence_kind":null,"source_name":"dengeamerika_com_direct","source_name_label":"Dengeamerika","source_type":"direct_api","summary":"N\u00fb\u00e7ey\u00ean C\u00eehan\u00ea ji Deng\u00ea Amer\u00eeka","title":"N\u00fb\u00e7ey\u00ean 1\u2019\u00ea pa\u015fn\u00eevro","topic":"Radyo","translation_language":"","url":"https://voa-audio-ns.akamaized.net/vku/2026/08/13/20260813-170000-vku053-program_hq.mp3","video_url":null},{"article_body_paragraphs":[],"audio_source_url":null,"author":"D\u00eeyar Cemal","available_dubs":[],"downloadable_assets":["https://voa-video-ns.akamaized.net/pangeavideo/2026/08/2/2f/2fcdfffb-97e1-4421-c956-08decaecd3b3_1080p.mp4?cb=ee20fd7cc"],"duration_display":"3:36","duration_seconds":216.68,"embed_url":null,"id":4816,"image_caption":null,"image_url":"https://gdb.voanews.com/2fcdfffb-97e1-4421-c956-08decaecd3b3_tv_mw2048_mh2048_n.jpg","is_clip":true,"item_type":"video","item_type_label":"Video","language_label":"Kurdish","media_credit":"VOA","micro_label":"Video report","micro_label_kind":"video","network_label":"VOA","network_logo_url":"/static/uploads/direct_network_logos/voa_1ef13eedbd2f.svg","published_at":"2026-08-13T15:11:12.883000","published_at_display":"13 Aug 2026, 15:11 GMT","sequence_badge_label":null,"sequence_count":null,"sequence_count_label":null,"sequence_frames":[],"sequence_kind":null,"source_name":"dengeamerika_com_direct","source_name_label":"Dengeamerika","source_type":"direct_api","summary":"Ligel n\u00eaz\u00eekb\u00fbna veki\u015f\u00eena tevah\u00ee ya h\u00eaz\u00ean hevpeymaniya navnetewey\u00ee, \u00ceraq ji bo qonaxeke n\u00fb xwe amade dike. N\u00eegeran\u00ee heye ku rew\u015fa ewleh\u00eey\u00ea li \u00ceraq\u00ea were guhertin. Raporta Diyar Cemal v\u00ea mijar\u00ea ron\u00ee dike.","title":"N\u00eegeran\u00eeya Kolana \u00ceraq\u00ee Derbar\u00ea Veki\u015f\u00eena H\u00eaz\u00ean Hevpeymaniy\u00ea ji \u00ceraq\u00ea","topic":"V\u00eedyo Galer\u00ee","translation_language":"","url":"https://voa-video-ns.akamaized.net/pangeavideo/2026/08/2/2f/2fcdfffb-97e1-4421-c956-08decaecd3b3_1080p.mp4?cb=ee20fd7cc","video_url":"https://voa-video-ns.akamaized.net/pangeavideo/2026/08/2/2f/2fcdfffb-97e1-4421-c956-08decaecd3b3_1080p.mp4?cb=ee20fd7cc"},{"article_body_paragraphs":[],"audio_source_url":"https://voa-audio-ns.akamaized.net/vku/2026/08/13/20260813-150000-vku053-program_hq.mp3","author":null,"available_dubs":[],"downloadable_assets":["https://voa-audio-ns.akamaized.net/vku/2026/08/13/20260813-150000-vku053-program_hq.mp3"],"duration_display":"9:59","duration_seconds":599.0,"embed_url":null,"id":4817,"image_caption":null,"image_url":null,"is_clip":false,"item_type":"audio","item_type_label":"Audio","language_label":"Kurdish","media_credit":"VOA","micro_label":"Audio program","micro_label_kind":"audio","network_label":"VOA","network_logo_url":"/static/uploads/direct_network_logos/voa_1ef13eedbd2f.svg","published_at":"2026-08-13T15:00:00","published_at_display":"13 Aug 2026, 15:00 GMT","sequence_badge_label":null,"sequence_count":null,"sequence_count_label":null,"sequence_frames":[],"sequence_kind":null,"source_name":"dengeamerika_com_direct","source_name_label":"Dengeamerika","source_type":"direct_api","summary":"N\u00fb\u00e7ey\u00ean C\u00eehan\u00ea ji Deng\u00ea Amer\u00eeka","title":"N\u00fb\u00e7ey\u00ean C\u00eehan\u00ea 1","topic":"N\u00fb\u00e7ey\u00ean C\u00eehan\u00ea 1","translation_language":"","url":"https://voa-audio-ns.akamaized.net/vku/2026/08/13/20260813-150000-vku053-program_hq.mp3","video_url":null},{"article_body_paragraphs":[],"audio_source_url":"https://voa-audio-ns.akamaized.net/vku/2026/08/13/20260813-140000-vku053-program_hq.mp3","author":null,"available_dubs":[],"downloadable_assets":["https://voa-audio-ns.akamaized.net/vku/2026/08/13/20260813-140000-vku053-program_hq.mp3"],"duration_display":"59:59","duration_seconds":3599.0,"embed_url":null,"id":4818,"image_caption":null,"image_url":null,"is_clip":false,"item_type":"audio","item_type_label":"Audio","language_label":"Kurdish","media_credit":"VOA","micro_label":"Audio program","micro_label_kind":"audio","network_label":"VOA","network_logo_url":"/static/uploads/direct_network_logos/voa_1ef13eedbd2f.svg","published_at":"2026-08-13T14:00:00","published_at_display":"13 Aug 2026, 14:00 GMT","sequence_badge_label":null,"sequence_count":null,"sequence_count_label":null,"sequence_frames":[],"sequence_kind":null,"source_name":"dengeamerika_com_direct","source_name_label":"Dengeamerika","source_type":"direct_api","summary":null,"title":"Bernamey\u00ean radyoy\u00ea y\u00ean rojane","topic":"Bernamey\u00ean radyoy\u00ea y\u00ean rojane","translation_language":"","url":"https://voa-audio-ns.akamaized.net/vku/2026/08/13/20260813-140000-vku053-program_hq.mp3","video_url":null},{"article_body_paragraphs":[],"audio_source_url":null,"author":"Eyy\u00fbp Dem\u00eer","available_dubs":[],"downloadable_assets":["https://voa-video-ns.akamaized.net/pangeavideo/2026/08/d/da/dab14773-b1bd-45d2-7e5a-08def2ed48ad_1080p.mp4?cb=ee20fbde0"],"duration_display":"2:57","duration_seconds":177.75,"embed_url":null,"id":4409,"image_caption":null,"image_url":"https://gdb.voanews.com/dab14773-b1bd-45d2-7e5a-08def2ed48ad_tv_mw2048_mh2048_n.jpg","is_clip":true,"item_type":"video","item_type_label":"Video","language_label":"Kurdish","media_credit":"VOA","micro_label":"Video report","micro_label_kind":"video","network_label":"VOA","network_logo_url":"/static/uploads/direct_network_logos/voa_1ef13eedbd2f.svg","published_at":"2026-08-13T13:29:25.013000","published_at_display":"13 Aug 2026, 13:29 GMT","sequence_badge_label":null,"sequence_count":null,"sequence_count_label":null,"sequence_frames":[],"sequence_kind":null,"source_name":"dengeamerika_com_direct","source_name_label":"Dengeamerika","source_type":"direct_api","summary":"Xort\u00ea Kurd Ozcan Aksu di zindaneke Tirk\u00eey\u00ea de jiyana xwe ji dest daye \u00fb mirina w\u00ee ya pi\u015ft\u00ee 14 rojan ji girtin\u00ea pirs\u00ean cid\u00ee li ba xwed\u00eey\u00ean w\u00ee derxistine p\u00ea\u015f. Desthilatdaran sedema mirina w\u00ee negot\u00eeye \u00fb bav\u00ea w\u00ee j\u00ee dib\u00eaje n\u00ee\u015fan\u00ean \u00ea\u015fkencey\u00ea li ser la\u015f\u00ea w\u00ee hene. Raporta Eyy\u00fbp Dem\u00eer b\u00eahtir agah\u00ee hene.","title":"Li Stenbol\u00ea Mirina Kurdek\u00ee di Zindan\u00ea de Dibe Cih\u00ea Guman\u00ea","topic":"V\u00eedyo Galer\u00ee","translation_language":"","url":"https://voa-video-ns.akamaized.net/pangeavideo/2026/08/d/da/dab14773-b1bd-45d2-7e5a-08def2ed48ad_1080p.mp4?cb=ee20fbde0","video_url":"https://voa-video-ns.akamaized.net/pangeavideo/2026/08/d/da/dab14773-b1bd-45d2-7e5a-08def2ed48ad_1080p.mp4?cb=ee20fbde0"},{"article_body_paragraphs":[],"audio_source_url":null,"author":"Ridwan B\u00eazar","available_dubs":[],"downloadable_assets":["https://voa-video-ns.akamaized.net/pangeavideo/2026/08/4/45/45626cfa-5a03-480e-4739-08decadaa577_1080p.mp4?cb=ee20fba6d"],"duration_display":"2:32","duration_seconds":152.04,"embed_url":null,"id":4762,"image_caption":null,"image_url":"https://gdb.voanews.com/45626cfa-5a03-480e-4739-08decadaa577_tv_mw2048_mh2048_n.jpg","is_clip":true,"item_type":"video","item_type_label":"Video","language_label":"Kurdish","media_credit":"VOA","micro_label":"Video report","micro_label_kind":"video","network_label":"VOA","network_logo_url":"/static/uploads/direct_network_logos/voa_1ef13eedbd2f.svg","published_at":"2026-08-13T13:15:25.090000","published_at_display":"13 Aug 2026, 13:15 GMT","sequence_badge_label":null,"sequence_count":null,"sequence_count_label":null,"sequence_frames":[],"sequence_kind":null,"source_name":"dengeamerika_com_direct","source_name_label":"Dengeamerika","source_type":"direct_api","summary":"Alj\u00een Mislim ke\u00e7eke 16 sal\u00ee ye ku piran\u00eeya jiyana xwe li derbider\u00eey\u00ea qedand\u00eeye. Niha ew li bajar\u00ea Koban\u00eey\u00ea dixwaze bi r\u00eaya muz\u00eek\u00ea h\u00eav\u00eey\u00ean xwe \u00fb derbider\u00ean din ge\u015f bike.","title":"Li Koban\u00eey\u00ea Ke\u00e7eke Derbider bi Muz\u00eek\u00ea H\u00eav\u00eey\u00ean Xwe Ge\u015f Dike","topic":"V\u00eedyo Galer\u00ee","translation_language":"","url":"https://voa-video-ns.akamaized.net/pangeavideo/2026/08/4/45/45626cfa-5a03-480e-4739-08decadaa577_1080p.mp4?cb=ee20fba6d","video_url":"https://voa-video-ns.akamaized.net/pangeavideo/2026/08/4/45/45626cfa-5a03-480e-4739-08decadaa577_1080p.mp4?cb=ee20fba6d"},{"article_body_paragraphs":[],"audio_source_url":"https://voa-audio-ns.akamaized.net/vku/2026/08/13/20260813-050000-vku053-program_hq.mp3","author":null,"available_dubs":[],"downloadable_assets":["https://voa-audio-ns.akamaized.net/vku/2026/08/13/20260813-050000-vku053-program_hq.mp3"],"duration_display":"4:59","duration_seconds":299.0,"embed_url":null,"id":4656,"image_caption":null,"image_url":null,"is_clip":false,"item_type":"audio","item_type_label":"Audio","language_label":"Kurdish","media_credit":"VOA","micro_label":"Audio program","micro_label_kind":"audio","network_label":"VOA","network_logo_url":"/static/uploads/direct_network_logos/voa_1ef13eedbd2f.svg","published_at":"2026-08-13T05:00:00","published_at_display":"13 Aug 2026, 05:00 GMT","sequence_badge_label":null,"sequence_count":null,"sequence_count_label":null,"sequence_frames":[],"sequence_kind":null,"source_name":"dengeamerika_com_direct","source_name_label":"Dengeamerika","source_type":"direct_api","summary":"N\u00fb\u00e7ey\u00ean C\u00eehan\u00ea ji Deng\u00ea Amer\u00eeka","title":"N\u00fb\u00e7ey\u00ean C\u00eehan\u00ea 2","topic":"N\u00fb\u00e7ey\u00ean C\u00eehan\u00ea 2","translation_language":"","url":"https://voa-audio-ns.akamaized.net/vku/2026/08/13/20260813-050000-vku053-program_hq.mp3","video_url":null},{"article_body_paragraphs":[],"audio_source_url":null,"author":null,"available_dubs":[],"downloadable_assets":["https://voa-video-ns.akamaized.net/pangeavideo/2026/08/2/20/20c9aa97-2bf3-4ac3-8123-08decae8682a_1080p.mp4?cb=ee20eeeac"],"duration_display":"59:40","duration_seconds":3580.75,"embed_url":null,"id":4599,"image_caption":null,"image_url":"https://gdb.voanews.com/20c9aa97-2bf3-4ac3-8123-08decae8682a_tv_mw2048_mh2048_n.jpg","is_clip":false,"item_type":"video","item_type_label":"Video","language_label":"Kurdish","media_credit":"VOA","micro_label":"Video report","micro_label_kind":"video","network_label":"VOA","network_logo_url":"/static/uploads/direct_network_logos/voa_1ef13eedbd2f.svg","published_at":"2026-08-12T22:25:06.010000","published_at_display":"12 Aug 2026, 22:25 GMT","sequence_badge_label":null,"sequence_count":null,"sequence_count_label":null,"sequence_frames":[],"sequence_kind":null,"source_name":"dengeamerika_com_direct","source_name_label":"Dengeamerika","source_type":"direct_api","summary":"N\u00fb\u00e7e \u00fb agah\u00eey\u00ean n\u00fb y\u00ean derbar\u00ea Amer\u00eeka, her\u00eam\u00ean kurdan \u00fb c\u00eehan\u00ea di Bernameya Televizyon\u00ee ya 12\u2019\u00ea Tebaxa 2026\u2019an de.","title":"Bernameya Televizyon\u00ee ya 12\u2019\u00ea Tebaxa 2026\u2019an","topic":"Bernameya Televizyon\u00ee ya Rojane","translation_language":"","url":"https://voa-video-ns.akamaized.net/pangeavideo/2026/08/2/20/20c9aa97-2bf3-4ac3-8123-08decae8682a_1080p.mp4?cb=ee20eeeac","video_url":"https://voa-video-ns.akamaized.net/pangeavideo/2026/08/2/20/20c9aa97-2bf3-4ac3-8123-08decae8682a_1080p.mp4?cb=ee20eeeac"}],"next_num":16,"page":15,"pages":26,"per_page":20,"prev_num":14,"total":513}
