{"applied_filters":{"end_date":"","lang":"","language":"","network":"","page":16,"per_page":20,"search":"","source":"dengeamerika_com_direct","start_date":"","topic":"","type":""},"available_filters":{"language_choices":[{"label":"Choose Language","value":""},{"label":"English","value":"English"},{"label":"Espa\u00f1ol","value":"Espa\u00f1ol"},{"label":"Kurdish","value":"Kurdish"}],"network_choices":[{"label":"All networks","value":""},{"label":"VOA","value":"VOA"}],"source_choices":[{"label":"All sources","value":""},{"label":"Current Time","value":"currenttime_tv_direct"},{"label":"Current Time","value":"currenttime_tv_rss"},{"label":"Da Azadi Radio","value":"da_azadiradio_com_rss"},{"label":"Darivoa","value":"darivoa_com_rss"},{"label":"Dengeamerika","value":"dengeamerika_com_direct"},{"label":"Dengeamerika","value":"dengeamerika_com_rss"},{"label":"Dengiamerika","value":"dengiamerika_com_direct"},{"label":"Dengiamerika","value":"dengiamerika_com_rss"},{"label":"Editorials VOA","value":"editorials_voa_gov_rss"},{"label":"Golosameriki","value":"golosameriki_com_direct"},{"label":"Golosameriki","value":"golosameriki_com_rss"},{"label":"Ir VOA News","value":"ir_voanews_com_rss"},{"label":"Mashaalradio","value":"mashaalradio_com_direct"},{"label":"Moldova Europalibera","value":"moldova_europalibera_org_direct"},{"label":"Moldova Europalibera","value":"moldova_europalibera_org_rss"},{"label":"OCB \u00b7 Caf\u00e9 Digital","value":"ocb_spanish_audio_html_scrape"},{"label":"OCB \u00b7 Liberaci\u00f3n","value":"ocb_spanish_audio_html_scrape_1001"},{"label":"OCB \u00b7 Programas de Radio Nuestra Am\u00e9rica","value":"ocb_spanish_audio_html_scrape_1016"},{"label":"OCB \u00b7 Agenda hemisf\u00e9rica","value":"ocb_spanish_audio_html_scrape_1028"},{"label":"OCB \u00b7 El futuro es ya","value":"ocb_spanish_audio_html_scrape_1056"},{"label":"OCB \u00b7 Foro abierto","value":"ocb_spanish_audio_html_scrape_1061"},{"label":"OCB \u00b7 Nicaragua al d\u00eda","value":"ocb_spanish_audio_html_scrape_1077"},{"label":"OCB \u00b7 La bola nostra","value":"ocb_spanish_audio_html_scrape_1078"},{"label":"OCB \u00b7 Taller de prensa","value":"ocb_spanish_audio_html_scrape_1103"},{"label":"OCB \u00b7 Las noticias como son","value":"ocb_spanish_audio_html_scrape_142"},{"label":"OCB \u00b7 Abriendo Espacios","value":"ocb_spanish_audio_html_scrape_562"},{"label":"OCB \u00b7 Mart\u00ed Noticias A.M.","value":"ocb_spanish_audio_html_scrape_668"},{"label":"OCB Spanish Audio","value":"ocb_spanish_audio_scrape"},{"label":"OCB Spanish Video","value":"ocb_spanish_video_scrape"},{"label":"Pa Azadi Radio","value":"pa_azadiradio_com_rss"},{"label":"Pashtovoa","value":"pashtovoa_com_rss"},{"label":"Radiofaarda","value":"radiofaarda_com_direct"},{"label":"Radio Farda","value":"radiofarda_com_direct"},{"label":"Radio Farda","value":"radiofarda_com_rss"},{"label":"Radiosvoboda","value":"radiosvoboda_org_rss"},{"label":"Radiotavisupleba","value":"radiotavisupleba_ge_direct"},{"label":"Radiotavisupleba","value":"radiotavisupleba_ge_rss"},{"label":"Radiotelevisionmarti","value":"radiotelevisionmarti_com_direct"},{"label":"Radiotelevisionmarti","value":"radiotelevisionmarti_com_rss"},{"label":"RFA Burmese","value":"rfa_burmese_rss"},{"label":"RFA Burmese Video Scrape","value":"rfa_burmese_video_scrape"},{"label":"RFA Cantonese","value":"rfa_cantonese_rss"},{"label":"RFA Cantonese Video Scrape","value":"rfa_cantonese_video_scrape"},{"label":"RFA English RSS","value":"rfa_english_rss"},{"label":"RFA English Video","value":"rfa_english_video_scrape"},{"label":"RFA Khmer","value":"rfa_khmer_rss"},{"label":"RFA Khmer Video Scrape","value":"rfa_khmer_video_scrape"},{"label":"RFA Korean","value":"rfa_korean_rss"},{"label":"RFA Korean Video Scrape","value":"rfa_korean_video_scrape"},{"label":"RFA Lao","value":"rfa_lao_rss"},{"label":"RFA Lao Video Scrape","value":"rfa_lao_video_scrape"},{"label":"RFA Mandarin","value":"rfa_mandarin_rss"},{"label":"RFA Mandarin Video Scrape","value":"rfa_mandarin_video_scrape"},{"label":"RFA Tibetan","value":"rfa_tibetan_rss"},{"label":"RFA Tibetan Video Scrape","value":"rfa_tibetan_video_scrape"},{"label":"RFA Uyghur","value":"rfa_uyghur_rss"},{"label":"RFA Uyghur Video Scrape","value":"rfa_uyghur_video_scrape"},{"label":"RFA Vietnamese","value":"rfa_vietnamese_rss"},{"label":"RFA Vietnamese Video Scrape","value":"rfa_vietnamese_video_scrape"},{"label":"RFE/RL Direct","value":"rferl_direct"},{"label":"RFE/RL","value":"rferl_org_rss"},{"label":"Slobodnaevropa","value":"slobodnaevropa_org_direct"},{"label":"Slobodnaevropa","value":"slobodnaevropa_org_rss"},{"label":"Svoboda","value":"svoboda_org_direct"},{"label":"Svoboda","value":"svoboda_org_rss"},{"label":"Ukrainian VOA News","value":"ukrainian_voanews_com_rss"},{"label":"VOA Chinese Direct","value":"voa_chinese_direct"},{"label":"VOA Chinese RSS","value":"voa_chinese_rss"},{"label":"VOA Dari Direct","value":"voa_dari_direct"},{"label":"VOA Korea Direct","value":"voa_korea_direct"},{"label":"VOA Pashto Direct","value":"voa_pashto_direct"},{"label":"VOA Persian Direct","value":"voa_persian_direct"},{"label":"Voakorea","value":"voakorea_com_rss"}],"sources":["currenttime_tv_direct","currenttime_tv_rss","da_azadiradio_com_rss","darivoa_com_rss","dengeamerika_com_direct","dengeamerika_com_rss","dengiamerika_com_direct","dengiamerika_com_rss","editorials_voa_gov_rss","golosameriki_com_direct","golosameriki_com_rss","ir_voanews_com_rss","mashaalradio_com_direct","moldova_europalibera_org_direct","moldova_europalibera_org_rss","ocb_spanish_audio_html_scrape","ocb_spanish_audio_html_scrape_1001","ocb_spanish_audio_html_scrape_1016","ocb_spanish_audio_html_scrape_1028","ocb_spanish_audio_html_scrape_1056","ocb_spanish_audio_html_scrape_1061","ocb_spanish_audio_html_scrape_1077","ocb_spanish_audio_html_scrape_1078","ocb_spanish_audio_html_scrape_1103","ocb_spanish_audio_html_scrape_142","ocb_spanish_audio_html_scrape_562","ocb_spanish_audio_html_scrape_668","ocb_spanish_audio_scrape","ocb_spanish_video_scrape","pa_azadiradio_com_rss","pashtovoa_com_rss","radiofaarda_com_direct","radiofarda_com_direct","radiofarda_com_rss","radiosvoboda_org_rss","radiotavisupleba_ge_direct","radiotavisupleba_ge_rss","radiotelevisionmarti_com_direct","radiotelevisionmarti_com_rss","rfa_burmese_rss","rfa_burmese_video_scrape","rfa_cantonese_rss","rfa_cantonese_video_scrape","rfa_english_rss","rfa_english_video_scrape","rfa_khmer_rss","rfa_khmer_video_scrape","rfa_korean_rss","rfa_korean_video_scrape","rfa_lao_rss","rfa_lao_video_scrape","rfa_mandarin_rss","rfa_mandarin_video_scrape","rfa_tibetan_rss","rfa_tibetan_video_scrape","rfa_uyghur_rss","rfa_uyghur_video_scrape","rfa_vietnamese_rss","rfa_vietnamese_video_scrape","rferl_direct","rferl_org_rss","slobodnaevropa_org_direct","slobodnaevropa_org_rss","svoboda_org_direct","svoboda_org_rss","ukrainian_voanews_com_rss","voa_chinese_direct","voa_chinese_rss","voa_dari_direct","voa_korea_direct","voa_pashto_direct","voa_persian_direct","voakorea_com_rss"],"topics":["250em\u00een Salvegera Serxweb\u00fbna Amer\u00eekay\u00ea","Amer\u00eeka","Bernameya Televizyon\u00ee ya Rojane","Bernamey\u00ean radyoy\u00ea y\u00ean rojane","C\u00eehan","N\u00fb\u00e7ey\u00ean C\u00eehan\u00ea 1","N\u00fb\u00e7ey\u00ean C\u00eehan\u00ea 2","Radyo","V\u00eedyo Galer\u00ee"],"types":[["","All types"],["audio","Audio"],["video","Videos"],["clips","Clips"],["media","Media"]]},"has_next":true,"has_prev":true,"items":[{"article_body_paragraphs":[],"audio_source_url":null,"author":"S\u00eenor Ker\u00eem","available_dubs":[],"downloadable_assets":["https://voa-video-ns.akamaized.net/pangeavideo/2026/08/1/12/1212f7c2-9bf5-4a10-a18f-08def2b10d93_1080p.mp4?cb=ee20ee554"],"duration_display":"4:58","duration_seconds":298.53,"embed_url":null,"id":4600,"image_caption":null,"image_url":"https://gdb.voanews.com/1212f7c2-9bf5-4a10-a18f-08def2b10d93_tv_mw2048_mh2048_n.jpg","is_clip":true,"item_type":"video","item_type_label":"Video","language_label":"Kurdish","media_credit":"VOA","micro_label":"Video report","micro_label_kind":"video","network_label":"VOA","network_logo_url":"/static/uploads/direct_network_logos/voa_1ef13eedbd2f.svg","published_at":"2026-08-12T22:06:12.607000","published_at_display":"12 Aug 2026, 22:06 GMT","sequence_badge_label":null,"sequence_count":null,"sequence_count_label":null,"sequence_frames":[],"sequence_kind":null,"source_name":"dengeamerika_com_direct","source_name_label":"Dengeamerika","source_type":"direct_api","summary":"S\u00eenor Ker\u00eem ji Her\u00eama Kurdistan\u00ea p\u00eazan\u00eenan derbar\u00ea \u00ear\u00ee\u015f\u00ean berdewam \u00ean dron \u00fb m\u00fb\u015fekan li Ser Her\u00eama Kurdistan\u00ea \u00fb d\u00eetina s\u00ea gor\u00ean bikom li M\u00fbsil\u00ea radigih\u00eene.","title":"P\u00eazan\u00een\u00ean Derbar\u00ea \u00car\u00ee\u015f\u00ean ser Her\u00eama Kurdistan\u00ea \u00fb D\u00eetina S\u00ea Gor\u00ean Bikom li M\u00fbsil\u00ea","topic":"V\u00eedyo Galer\u00ee","translation_language":"","url":"https://voa-video-ns.akamaized.net/pangeavideo/2026/08/1/12/1212f7c2-9bf5-4a10-a18f-08def2b10d93_1080p.mp4?cb=ee20ee554","video_url":"https://voa-video-ns.akamaized.net/pangeavideo/2026/08/1/12/1212f7c2-9bf5-4a10-a18f-08def2b10d93_1080p.mp4?cb=ee20ee554"},{"article_body_paragraphs":[],"audio_source_url":null,"author":"Ozlem Yasak","available_dubs":[],"downloadable_assets":["https://voa-video-ns.akamaized.net/pangeavideo/2026/08/5/59/596150fe-0330-4240-7e43-08def2ed48ad_1080p.mp4?cb=ee20ec55d"],"duration_display":"4:41","duration_seconds":281.68,"embed_url":null,"id":4561,"image_caption":null,"image_url":"https://gdb.voanews.com/596150fe-0330-4240-7e43-08def2ed48ad_tv_mw2048_mh2048_n.jpg","is_clip":true,"item_type":"video","item_type_label":"Video","language_label":"Kurdish","media_credit":"VOA","micro_label":"Video report","micro_label_kind":"video","network_label":"VOA","network_logo_url":"/static/uploads/direct_network_logos/voa_1ef13eedbd2f.svg","published_at":"2026-08-12T19:49:49.813000","published_at_display":"12 Aug 2026, 19:49 GMT","sequence_badge_label":null,"sequence_count":null,"sequence_count_label":null,"sequence_frames":[],"sequence_kind":null,"source_name":"dengeamerika_com_direct","source_name_label":"Dengeamerika","source_type":"direct_api","summary":"Pi\u015ft\u00ee ku Parlamentoy\u00ea bi 467 dengan qan\u00fbna \u00e7ar\u00e7ovey\u00ee pejirand ew, Tirk\u00eey\u00ea dest bi amadekar\u00eey\u00ean qonaxa din ya qan\u00fbna \u00e7ar\u00e7ovey\u00ee kir. Ozlem Yasak mijar\u00ea z\u00eadetir zelal dike.","title":"Qonaxa C\u00eebic\u00eekirina Qan\u00fbna \u00c7ar\u00e7ovey\u00ee li Tirk\u00eey\u00ea","topic":"V\u00eedyo Galer\u00ee","translation_language":"","url":"https://voa-video-ns.akamaized.net/pangeavideo/2026/08/5/59/596150fe-0330-4240-7e43-08def2ed48ad_1080p.mp4?cb=ee20ec55d","video_url":"https://voa-video-ns.akamaized.net/pangeavideo/2026/08/5/59/596150fe-0330-4240-7e43-08def2ed48ad_1080p.mp4?cb=ee20ec55d"},{"article_body_paragraphs":[],"audio_source_url":null,"author":"Befraw N\u00fbr\u00ee","available_dubs":[],"downloadable_assets":["https://voa-video-ns.akamaized.net/pangeavideo/2026/08/2/2f/2f914f8a-0d2b-4587-7e44-08def2ed48ad_1080p.mp4?cb=ee20ec161"],"duration_display":"6:47","duration_seconds":407.61,"embed_url":null,"id":4548,"image_caption":null,"image_url":"https://gdb.voanews.com/2f914f8a-0d2b-4587-7e44-08def2ed48ad_tv_mw2048_mh2048_n.jpg","is_clip":false,"item_type":"video","item_type_label":"Video","language_label":"Kurdish","media_credit":"VOA","micro_label":"Video report","micro_label_kind":"video","network_label":"VOA","network_logo_url":"/static/uploads/direct_network_logos/voa_1ef13eedbd2f.svg","published_at":"2026-08-12T19:32:49.430000","published_at_display":"12 Aug 2026, 19:32 GMT","sequence_badge_label":null,"sequence_count":null,"sequence_count_label":null,"sequence_frames":[],"sequence_kind":null,"source_name":"dengeamerika_com_direct","source_name_label":"Dengeamerika","source_type":"direct_api","summary":"Di demek\u00ea de ku Qa'an\u00ee seredana Bexday\u00ea dike \u00fb fi\u015far\u00ean ser Tehran\u00ea z\u00eade dibin, \u00ceran, Bafil Taleban\u00ee bo seredaneke Tehran\u00ea bang dike. Civaknas \u00fb Pispor\u00ea Pirs\u00ean Rojhilata Nav\u00een Dr. Fereydon Rehman\u00ee mijar\u00ea dinirx\u00eene.","title":"Serdana Qa'an\u00ee ya Bexday\u00ea \u00fb Z\u00eadeb\u00fbna Fi\u015far\u00ean li ser Tehran\u00ea","topic":"V\u00eedyo Galer\u00ee","translation_language":"","url":"https://voa-video-ns.akamaized.net/pangeavideo/2026/08/2/2f/2f914f8a-0d2b-4587-7e44-08def2ed48ad_1080p.mp4?cb=ee20ec161","video_url":"https://voa-video-ns.akamaized.net/pangeavideo/2026/08/2/2f/2f914f8a-0d2b-4587-7e44-08def2ed48ad_1080p.mp4?cb=ee20ec161"},{"article_body_paragraphs":[],"audio_source_url":"https://voa-audio-ns.akamaized.net/vku/2026/08/12/20260812-190000-vku053-program_hq.mp3","author":null,"available_dubs":[],"downloadable_assets":["https://voa-audio-ns.akamaized.net/vku/2026/08/12/20260812-190000-vku053-program_hq.mp3"],"duration_display":"4:58","duration_seconds":298.0,"embed_url":null,"id":4549,"image_caption":null,"image_url":null,"is_clip":false,"item_type":"audio","item_type_label":"Audio","language_label":"Kurdish","media_credit":"VOA","micro_label":"Audio program","micro_label_kind":"audio","network_label":"VOA","network_logo_url":"/static/uploads/direct_network_logos/voa_1ef13eedbd2f.svg","published_at":"2026-08-12T19:00:00","published_at_display":"12 Aug 2026, 19:00 GMT","sequence_badge_label":null,"sequence_count":null,"sequence_count_label":null,"sequence_frames":[],"sequence_kind":null,"source_name":"dengeamerika_com_direct","source_name_label":"Dengeamerika","source_type":"direct_api","summary":"N\u00fb\u00e7ey\u00ean C\u00eehan\u00ea ji Deng\u00ea Amer\u00eeka","title":"N\u00fb\u00e7ey\u00ean 3\u2019y\u00ea pa\u015fn\u00eevro","topic":null,"translation_language":"","url":"https://voa-audio-ns.akamaized.net/vku/2026/08/12/20260812-190000-vku053-program_hq.mp3","video_url":null},{"article_body_paragraphs":[],"audio_source_url":null,"author":"D\u00eeyar Cemal","available_dubs":[],"downloadable_assets":["https://voa-video-ns.akamaized.net/pangeavideo/2026/08/b/b9/b9eec554-fad6-4b0c-a18e-08def2b10d93_1080p.mp4?cb=ee20eb8bb"],"duration_display":"3:29","duration_seconds":209.16,"embed_url":null,"id":4541,"image_caption":null,"image_url":"https://gdb.voanews.com/b9eec554-fad6-4b0c-a18e-08def2b10d93_tv_mw2048_mh2048_n.jpg","is_clip":true,"item_type":"video","item_type_label":"Video","language_label":"Kurdish","media_credit":"VOA","micro_label":"Video report","micro_label_kind":"video","network_label":"VOA","network_logo_url":"/static/uploads/direct_network_logos/voa_1ef13eedbd2f.svg","published_at":"2026-08-12T18:55:55.367000","published_at_display":"12 Aug 2026, 18:55 GMT","sequence_badge_label":null,"sequence_count":null,"sequence_count_label":null,"sequence_frames":[],"sequence_kind":null,"source_name":"dengeamerika_com_direct","source_name_label":"Dengeamerika","source_type":"direct_api","summary":"Navenda Metro ji bo Parastina Rojnamevanan li Her\u00eama Kurdistana \u00ceraq\u00ea, deng\u00ean cuda di panelek\u00ea de li Hewl\u00eara paytex kom kirin ji bo got\u00fbb\u00eajkirina \u015f\u00eawaz\u00ean ku t\u00ea de medyaya Kurd\u00ee di dema pev\u00e7\u00fbn\u00ean navxwey\u00ee de bi awayek\u00ee profesyonel \u00fb b\u00eaal\u00ee bixebitin. Raporta Diyar Cemal agah\u00eey\u00ean b\u00eahtir hene.","title":"Hewl\u00ean Parastina B\u00eaal\u00eeb\u00fbna Medyay\u00ea li Her\u00eama Kurdistan\u00ea","topic":"V\u00eedyo Galer\u00ee","translation_language":"","url":"https://voa-video-ns.akamaized.net/pangeavideo/2026/08/b/b9/b9eec554-fad6-4b0c-a18e-08def2b10d93_1080p.mp4?cb=ee20eb8bb","video_url":"https://voa-video-ns.akamaized.net/pangeavideo/2026/08/b/b9/b9eec554-fad6-4b0c-a18e-08def2b10d93_1080p.mp4?cb=ee20eb8bb"},{"article_body_paragraphs":[],"audio_source_url":null,"author":"R\u00eaj\u00een Ehmed","available_dubs":[],"downloadable_assets":["https://voa-video-ns.akamaized.net/pangeavideo/2026/08/f/f6/f6066077-c0b6-46d9-811d-08decae8682a_1080p.mp4?cb=ee211f29e"],"duration_display":"3:36","duration_seconds":216.81,"embed_url":null,"id":4518,"image_caption":null,"image_url":"https://gdb.voanews.com/f6066077-c0b6-46d9-811d-08decae8682a_tv_mw2048_mh2048_n.jpg","is_clip":true,"item_type":"video","item_type_label":"Video","language_label":"Kurdish","media_credit":"VOA","micro_label":"Video report","micro_label_kind":"video","network_label":"VOA","network_logo_url":"/static/uploads/direct_network_logos/voa_1ef13eedbd2f.svg","published_at":"2026-08-12T18:32:34.287000","published_at_display":"12 Aug 2026, 18:32 GMT","sequence_badge_label":null,"sequence_count":null,"sequence_count_label":null,"sequence_frames":[],"sequence_kind":null,"source_name":"dengeamerika_com_direct","source_name_label":"Dengeamerika","source_type":"direct_api","summary":"Xwezaya ciwan a hav\u00eengeha Gel\u00eey\u00ea \u015e\u00earane di navbera \u00e7iyay\u00ean bilind \u00ean devera Am\u00ead\u00eey\u00ea de, di werza germ a hav\u00een\u00ea de dibe meqseda ge\u015ft\u00eeyaran ji seranser\u00ee \u00ceraq\u00ea. Raporta R\u00eaj\u00een Ehmed zanyar\u00eey\u00ean b\u00eahtir hene.","title":"Gel\u00eey\u00ea \u015e\u00earane li Duhok\u00ea Bala Ge\u015ft\u00eeyaran Diki\u015f\u00eene","topic":"V\u00eedyo Galer\u00ee","translation_language":"","url":"https://voa-video-ns.akamaized.net/pangeavideo/2026/08/f/f6/f6066077-c0b6-46d9-811d-08decae8682a_1080p.mp4?cb=ee211f29e","video_url":"https://voa-video-ns.akamaized.net/pangeavideo/2026/08/f/f6/f6066077-c0b6-46d9-811d-08decae8682a_1080p.mp4?cb=ee211f29e"},{"article_body_paragraphs":[],"audio_source_url":null,"author":"Emced Kurdo","available_dubs":[],"downloadable_assets":["https://voa-video-ns.akamaized.net/pangeavideo/2026/08/3/34/34852a85-18f8-47b5-7e3d-08def2ed48ad_1080p.mp4?cb=ee20eae32"],"duration_display":"2:49","duration_seconds":169.08,"embed_url":null,"id":4519,"image_caption":null,"image_url":"https://gdb.voanews.com/34852a85-18f8-47b5-7e3d-08def2ed48ad_tv_mw2048_mh2048_n.jpg","is_clip":true,"item_type":"video","item_type_label":"Video","language_label":"Kurdish","media_credit":"VOA","micro_label":"Video report","micro_label_kind":"video","network_label":"VOA","network_logo_url":"/static/uploads/direct_network_logos/voa_1ef13eedbd2f.svg","published_at":"2026-08-12T18:10:58.887000","published_at_display":"12 Aug 2026, 18:10 GMT","sequence_badge_label":null,"sequence_count":null,"sequence_count_label":null,"sequence_frames":[],"sequence_kind":null,"source_name":"dengeamerika_com_direct","source_name_label":"Dengeamerika","source_type":"direct_api","summary":"\u00car\u00ee\u015f\u00ean dij\u00ee derbider\u00ean Ser\u00ea Kan\u00eey\u00ea b\u00fbn cih\u00ea neraz\u00eeb\u00fbneke berfereh ji al\u00eey\u00ea welat\u00ee \u00fb al\u00eey\u00ean siyas\u00ee y\u00ean Kurd\u00ean S\u00fbr\u00eey\u00ea ve, di nav de j\u00ee Mecl\u00eesa S\u00fbr\u00eeya Demokrat\u00eek(MSD) \u00fb Enc\u00fbmena Ni\u015ftiman\u00ee ya Kurd\u00ee li S\u00fbr\u00eey\u00ea(ENKS). Raporta Emced Kurdo b\u00eahtir agah\u00ee hene.","title":"Part\u00eey\u00ean Rojava Tund\u00fbt\u00fbj\u00eeya li Ser\u00ea Kan\u00eey\u00ea \u015eermezar Dikin","topic":"V\u00eedyo Galer\u00ee","translation_language":"","url":"https://voa-video-ns.akamaized.net/pangeavideo/2026/08/3/34/34852a85-18f8-47b5-7e3d-08def2ed48ad_1080p.mp4?cb=ee20eae32","video_url":"https://voa-video-ns.akamaized.net/pangeavideo/2026/08/3/34/34852a85-18f8-47b5-7e3d-08def2ed48ad_1080p.mp4?cb=ee20eae32"},{"article_body_paragraphs":[],"audio_source_url":null,"author":"Xetab Omer","available_dubs":[],"downloadable_assets":["https://voa-video-ns.akamaized.net/pangeavideo/2026/08/4/47/47561ae7-c45d-4729-f1c7-08def2b12219_1080p.mp4?cb=ee20ea60f"],"duration_display":"2:50","duration_seconds":170.62,"embed_url":null,"id":4488,"image_caption":null,"image_url":"https://gdb.voanews.com/47561ae7-c45d-4729-f1c7-08def2b12219_tv_mw2048_mh2048_n.jpg","is_clip":true,"item_type":"video","item_type_label":"Video","language_label":"Kurdish","media_credit":"VOA","micro_label":"Video report","micro_label_kind":"video","network_label":"VOA","network_logo_url":"/static/uploads/direct_network_logos/voa_1ef13eedbd2f.svg","published_at":"2026-08-12T17:35:06.130000","published_at_display":"12 Aug 2026, 17:35 GMT","sequence_badge_label":null,"sequence_count":null,"sequence_count_label":null,"sequence_frames":[],"sequence_kind":null,"source_name":"dengeamerika_com_direct","source_name_label":"Dengeamerika","source_type":"direct_api","summary":"Pi\u015ft\u00ee biryara Hik\u00fbmeta \u00ceraq\u00ea ya kontrolirina \u00e7ekan di dest\u00ea hik\u00fbmet\u00ea de, pirsa \u00e7ekdar\u00ean \u015eigal\u00ea derdikeve p\u00ea\u015f. Hin Berpirs \u00fb kesayet\u00eey\u00ean \u015eingal\u00ea dibijin p\u00eaw\u00eest e ev h\u00eaz\u00ean \u00e7ekdar bibin be\u015fek ji h\u00eaz\u00ean ferm\u00ee y\u00ean \u00ceraq\u00ea. Raporta Xetab Omer zanyar\u00eey\u00ean b\u00eahtir hene.","title":"Siberoj \u00fb \u00c7aren\u00fbsa H\u00eaz\u00ean \u00c7ekdar li \u015eingal\u00ea","topic":"V\u00eedyo Galer\u00ee","translation_language":"","url":"https://voa-video-ns.akamaized.net/pangeavideo/2026/08/4/47/47561ae7-c45d-4729-f1c7-08def2b12219_1080p.mp4?cb=ee20ea60f","video_url":"https://voa-video-ns.akamaized.net/pangeavideo/2026/08/4/47/47561ae7-c45d-4729-f1c7-08def2b12219_1080p.mp4?cb=ee20ea60f"},{"article_body_paragraphs":[],"audio_source_url":"https://voa-audio-ns.akamaized.net/vku/2026/08/12/20260812-170500-vku053-program_hq.mp3","author":null,"available_dubs":[],"downloadable_assets":["https://voa-audio-ns.akamaized.net/vku/2026/08/12/20260812-170500-vku053-program_hq.mp3"],"duration_display":"54:50","duration_seconds":3290.0,"embed_url":null,"id":4520,"image_caption":null,"image_url":null,"is_clip":false,"item_type":"audio","item_type_label":"Audio","language_label":"Kurdish","media_credit":"VOA","micro_label":"Audio program","micro_label_kind":"audio","network_label":"VOA","network_logo_url":"/static/uploads/direct_network_logos/voa_1ef13eedbd2f.svg","published_at":"2026-08-12T17:05:00","published_at_display":"12 Aug 2026, 17:05 GMT","sequence_badge_label":null,"sequence_count":null,"sequence_count_label":null,"sequence_frames":[],"sequence_kind":null,"source_name":"dengeamerika_com_direct","source_name_label":"Dengeamerika","source_type":"direct_api","summary":null,"title":"Bernama Duy\u00ea","topic":null,"translation_language":"","url":"https://voa-audio-ns.akamaized.net/vku/2026/08/12/20260812-170500-vku053-program_hq.mp3","video_url":null},{"article_body_paragraphs":[],"audio_source_url":"https://voa-audio-ns.akamaized.net/vku/2026/08/12/20260812-170000-vku053-program_hq.mp3","author":null,"available_dubs":[],"downloadable_assets":["https://voa-audio-ns.akamaized.net/vku/2026/08/12/20260812-170000-vku053-program_hq.mp3"],"duration_display":"4:58","duration_seconds":298.0,"embed_url":null,"id":4489,"image_caption":null,"image_url":null,"is_clip":false,"item_type":"audio","item_type_label":"Audio","language_label":"Kurdish","media_credit":"VOA","micro_label":"Audio program","micro_label_kind":"audio","network_label":"VOA","network_logo_url":"/static/uploads/direct_network_logos/voa_1ef13eedbd2f.svg","published_at":"2026-08-12T17:00:00","published_at_display":"12 Aug 2026, 17:00 GMT","sequence_badge_label":null,"sequence_count":null,"sequence_count_label":null,"sequence_frames":[],"sequence_kind":null,"source_name":"dengeamerika_com_direct","source_name_label":"Dengeamerika","source_type":"direct_api","summary":"N\u00fb\u00e7ey\u00ean C\u00eehan\u00ea ji Deng\u00ea Amer\u00eeka","title":"N\u00fb\u00e7ey\u00ean 1\u2019\u00ea pa\u015fn\u00eevro","topic":"Radyo","translation_language":"","url":"https://voa-audio-ns.akamaized.net/vku/2026/08/12/20260812-170000-vku053-program_hq.mp3","video_url":null},{"article_body_paragraphs":[],"audio_source_url":null,"author":"Del\u00eel Sil\u00eaman","available_dubs":[],"downloadable_assets":["https://voa-video-ns.akamaized.net/pangeavideo/2026/08/a/a9/a9fda8b2-893a-4ef0-7e37-08def2ed48ad_1080p.mp4?cb=ee20e9f61"],"duration_display":"2:46","duration_seconds":166.68,"embed_url":null,"id":4475,"image_caption":null,"image_url":"https://gdb.voanews.com/a9fda8b2-893a-4ef0-7e37-08def2ed48ad_tv_mw2048_mh2048_n.jpg","is_clip":true,"item_type":"video","item_type_label":"Video","language_label":"Kurdish","media_credit":"VOA","micro_label":"Video report","micro_label_kind":"video","network_label":"VOA","network_logo_url":"/static/uploads/direct_network_logos/voa_1ef13eedbd2f.svg","published_at":"2026-08-12T16:50:09.073000","published_at_display":"12 Aug 2026, 16:50 GMT","sequence_badge_label":null,"sequence_count":null,"sequence_count_label":null,"sequence_frames":[],"sequence_kind":null,"source_name":"dengeamerika_com_direct","source_name_label":"Dengeamerika","source_type":"direct_api","summary":"Parastina navend \u00fb cih\u00ean \u00cazd\u00eeyan li Rojava di van sal\u00ean daw\u00ee de b\u00fbye p\u00eaw\u00eestek\u00ea ji bo piran\u00eeya endam\u00ean civaka \u00cazd\u00ee. Ew li S\u00fbr\u00eey\u00ea dixwazin ku maf\u00ean wan di dest\u00fbra wel\u00eat de werin parastin. Raporta Del\u00eel Sil\u00eaman b\u00eahtir zanyar\u00ee hene.","title":"\u00cazd\u00eey\u00ean Rojava Daxwaza Maf\u00ean Xwe di Dest\u00fbra S\u00fbr\u00eey\u00ea de Dikin","topic":"V\u00eedyo Galer\u00ee","translation_language":"","url":"https://voa-video-ns.akamaized.net/pangeavideo/2026/08/a/a9/a9fda8b2-893a-4ef0-7e37-08def2ed48ad_1080p.mp4?cb=ee20e9f61","video_url":"https://voa-video-ns.akamaized.net/pangeavideo/2026/08/a/a9/a9fda8b2-893a-4ef0-7e37-08def2ed48ad_1080p.mp4?cb=ee20e9f61"},{"article_body_paragraphs":[],"audio_source_url":null,"author":"Ferhan Hamaxan","available_dubs":[],"downloadable_assets":["https://voa-video-ns.akamaized.net/pangeavideo/2026/08/7/79/7960cc51-6d9c-43b2-c938-08decaecd3b3_1080p.mp4?cb=ee20e8ba0"],"duration_display":"3:23","duration_seconds":203.54,"embed_url":null,"id":4414,"image_caption":null,"image_url":"https://gdb.voanews.com/7960cc51-6d9c-43b2-c938-08decaecd3b3_tv_mw2048_mh2048_n.jpg","is_clip":true,"item_type":"video","item_type_label":"Video","language_label":"Kurdish","media_credit":"VOA","micro_label":"Video report","micro_label_kind":"video","network_label":"VOA","network_logo_url":"/static/uploads/direct_network_logos/voa_1ef13eedbd2f.svg","published_at":"2026-08-12T15:43:28.320000","published_at_display":"12 Aug 2026, 15:43 GMT","sequence_badge_label":null,"sequence_count":null,"sequence_count_label":null,"sequence_frames":[],"sequence_kind":null,"source_name":"dengeamerika_com_direct","source_name_label":"Dengeamerika","source_type":"direct_api","summary":"Li par\u00eazgeha Heleb\u00e7e ya Her\u00eama Kurdiustana \u00ceraq\u00ea, weke hem\u00fb par\u00eazgeh\u00ean \u00ceraq \u00fb Her\u00eama Kurdistan\u00ea, r\u00eajeya b\u00eakar\u00eey\u00ea di nava r\u00eaz\u00ean g\u00eancan de bilind e. Raporta Ferhan Hawraman\u00ee agah\u00eey\u00ean b\u00eahtir hene.","title":"Di Roja C\u00eehan\u00ee ya Gencan de B\u00eakar\u00eeya Genc\u00ean Heleb\u00e7ey\u00ea Bilind Dibe","topic":"V\u00eedyo Galer\u00ee","translation_language":"","url":"https://voa-video-ns.akamaized.net/pangeavideo/2026/08/7/79/7960cc51-6d9c-43b2-c938-08decaecd3b3_1080p.mp4?cb=ee20e8ba0","video_url":"https://voa-video-ns.akamaized.net/pangeavideo/2026/08/7/79/7960cc51-6d9c-43b2-c938-08decaecd3b3_1080p.mp4?cb=ee20e8ba0"},{"article_body_paragraphs":[],"audio_source_url":"https://voa-audio-ns.akamaized.net/vku/2026/08/12/20260812-150000-vku053-program_hq.mp3","author":null,"available_dubs":[],"downloadable_assets":["https://voa-audio-ns.akamaized.net/vku/2026/08/12/20260812-150000-vku053-program_hq.mp3"],"duration_display":"9:58","duration_seconds":598.0,"embed_url":null,"id":4415,"image_caption":null,"image_url":null,"is_clip":false,"item_type":"audio","item_type_label":"Audio","language_label":"Kurdish","media_credit":"VOA","micro_label":"Audio program","micro_label_kind":"audio","network_label":"VOA","network_logo_url":"/static/uploads/direct_network_logos/voa_1ef13eedbd2f.svg","published_at":"2026-08-12T15:00:00","published_at_display":"12 Aug 2026, 15:00 GMT","sequence_badge_label":null,"sequence_count":null,"sequence_count_label":null,"sequence_frames":[],"sequence_kind":null,"source_name":"dengeamerika_com_direct","source_name_label":"Dengeamerika","source_type":"direct_api","summary":"N\u00fb\u00e7ey\u00ean C\u00eehan\u00ea ji Deng\u00ea Amer\u00eeka","title":"N\u00fb\u00e7ey\u00ean C\u00eehan\u00ea 1","topic":"N\u00fb\u00e7ey\u00ean C\u00eehan\u00ea 1","translation_language":"","url":"https://voa-audio-ns.akamaized.net/vku/2026/08/12/20260812-150000-vku053-program_hq.mp3","video_url":null},{"article_body_paragraphs":[],"audio_source_url":null,"author":null,"available_dubs":[],"downloadable_assets":["https://voa-video-ns.akamaized.net/pangeavideo/2026/08/5/51/511296d6-318c-4ee5-8112-08decae8682a_1080p.mp4?cb=ee20e75d9"],"duration_display":"3:22","duration_seconds":202.6,"embed_url":null,"id":4390,"image_caption":null,"image_url":"https://gdb.voanews.com/511296d6-318c-4ee5-8112-08decae8682a_tv_mw2048_mh2048_n.jpg","is_clip":true,"item_type":"video","item_type_label":"Video","language_label":"Kurdish","media_credit":"VOA","micro_label":"Video report","micro_label_kind":"video","network_label":"VOA","network_logo_url":"/static/uploads/direct_network_logos/voa_1ef13eedbd2f.svg","published_at":"2026-08-12T14:10:33.527000","published_at_display":"12 Aug 2026, 14:10 GMT","sequence_badge_label":null,"sequence_count":null,"sequence_count_label":null,"sequence_frames":[],"sequence_kind":null,"source_name":"dengeamerika_com_direct","source_name_label":"Dengeamerika","source_type":"direct_api","summary":"Mozexaneya ni\u015ftiman\u00ee ya d\u00eerok\u00ee ya Smithsonian li Washingtona paytext bi p\u00ea\u015fangeheke taybet a d\u00eerok \u00fb \u00e7anda wel\u00eat, salvegera 250 sal\u00eeya serxweb\u00fbna Amer\u00eekay\u00ea p\u00eeroz kir. Fatima Sind\u00ee raport\u00ea dixw\u00eene.","title":"Mozexaneya Smithsonian Serxweb\u00fbna Amer\u00eekay\u00ea P\u00eeroz Dike","topic":"V\u00eedyo Galer\u00ee","translation_language":"","url":"https://voa-video-ns.akamaized.net/pangeavideo/2026/08/5/51/511296d6-318c-4ee5-8112-08decae8682a_1080p.mp4?cb=ee20e75d9","video_url":"https://voa-video-ns.akamaized.net/pangeavideo/2026/08/5/51/511296d6-318c-4ee5-8112-08decae8682a_1080p.mp4?cb=ee20e75d9"},{"article_body_paragraphs":[],"audio_source_url":"https://voa-audio-ns.akamaized.net/vku/2026/08/12/20260812-140000-vku053-program_hq.mp3","author":null,"available_dubs":[],"downloadable_assets":["https://voa-audio-ns.akamaized.net/vku/2026/08/12/20260812-140000-vku053-program_hq.mp3"],"duration_display":"59:55","duration_seconds":3595.0,"embed_url":null,"id":4416,"image_caption":null,"image_url":null,"is_clip":false,"item_type":"audio","item_type_label":"Audio","language_label":"Kurdish","media_credit":"VOA","micro_label":"Audio program","micro_label_kind":"audio","network_label":"VOA","network_logo_url":"/static/uploads/direct_network_logos/voa_1ef13eedbd2f.svg","published_at":"2026-08-12T14:00:00","published_at_display":"12 Aug 2026, 14:00 GMT","sequence_badge_label":null,"sequence_count":null,"sequence_count_label":null,"sequence_frames":[],"sequence_kind":null,"source_name":"dengeamerika_com_direct","source_name_label":"Dengeamerika","source_type":"direct_api","summary":null,"title":"Bernamey\u00ean radyoy\u00ea y\u00ean rojane","topic":"Bernamey\u00ean radyoy\u00ea y\u00ean rojane","translation_language":"","url":"https://voa-audio-ns.akamaized.net/vku/2026/08/12/20260812-140000-vku053-program_hq.mp3","video_url":null},{"article_body_paragraphs":[],"audio_source_url":null,"author":"Hem\u00eed Mistefa","available_dubs":[],"downloadable_assets":["https://voa-video-ns.akamaized.net/pangeavideo/2026/08/2/29/29e4e454-ce63-4f0f-c935-08decaecd3b3_1080p.mp4?cb=ee20e5e1d"],"duration_display":"2:54","duration_seconds":174.62,"embed_url":null,"id":4334,"image_caption":null,"image_url":"https://gdb.voanews.com/29e4e454-ce63-4f0f-c935-08decaecd3b3_tv_mw2048_mh2048_n.jpg","is_clip":true,"item_type":"video","item_type_label":"Video","language_label":"Kurdish","media_credit":"VOA","micro_label":"Video report","micro_label_kind":"video","network_label":"VOA","network_logo_url":"/static/uploads/direct_network_logos/voa_1ef13eedbd2f.svg","published_at":"2026-08-12T12:28:50.167000","published_at_display":"12 Aug 2026, 12:28 GMT","sequence_badge_label":null,"sequence_count":null,"sequence_count_label":null,"sequence_frames":[],"sequence_kind":null,"source_name":"dengeamerika_com_direct","source_name_label":"Dengeamerika","source_type":"direct_api","summary":"Li bajar\u00ea M\u00eelano y\u00ea \u00cetalyay\u00ea, Xezal Koyuncuer, Kurda Anatolyay\u00ea ku bo sal\u00ean dir\u00eaj karmenda send\u00eekaya Karker\u00ean M\u00eelano ye, bi Deng\u00ea Amer\u00eeka y\u00ea re serbora xwe ya derbar\u00ea rew\u015fa kar \u00fb karkar\u00ean Kurd \u00ean li w\u00ee welat\u00ee parve kir. Raporeta Hem\u00eed Mistefa ron\u00ee dide ser \u00e7\u00eeroka w\u00ea.","title":"Jineke Kurd Berevan\u00eeya Maf\u00ean Karkeran li \u00cetalyay\u00ea Dike","topic":"V\u00eedyo Galer\u00ee","translation_language":"","url":"https://voa-video-ns.akamaized.net/pangeavideo/2026/08/2/29/29e4e454-ce63-4f0f-c935-08decaecd3b3_1080p.mp4?cb=ee20e5e1d","video_url":"https://voa-video-ns.akamaized.net/pangeavideo/2026/08/2/29/29e4e454-ce63-4f0f-c935-08decaecd3b3_1080p.mp4?cb=ee20e5e1d"},{"article_body_paragraphs":[],"audio_source_url":null,"author":null,"available_dubs":[],"downloadable_assets":["https://voa-video-ns.akamaized.net/pangeavideo/2026/08/3/32/323ab647-662d-4ec4-a184-08def2b10d93_1080p.mp4?cb=ee20e5062"],"duration_display":"59:53","duration_seconds":3593.64,"embed_url":null,"id":4321,"image_caption":null,"image_url":"https://gdb.voanews.com/323ab647-662d-4ec4-a184-08def2b10d93_tv_mw2048_mh2048_n.jpg","is_clip":false,"item_type":"video","item_type_label":"Video","language_label":"Kurdish","media_credit":"VOA","micro_label":"Video report","micro_label_kind":"video","network_label":"VOA","network_logo_url":"/static/uploads/direct_network_logos/voa_1ef13eedbd2f.svg","published_at":"2026-08-12T11:23:45.740000","published_at_display":"12 Aug 2026, 11:23 GMT","sequence_badge_label":null,"sequence_count":null,"sequence_count_label":null,"sequence_frames":[],"sequence_kind":null,"source_name":"dengeamerika_com_direct","source_name_label":"Dengeamerika","source_type":"direct_api","summary":"N\u00fb\u00e7e \u00fb agah\u00eey\u00ean n\u00fb y\u00ean derbar\u00ea Amer\u00eeka, her\u00eam\u00ean kurdan \u00fb c\u00eehan\u00ea di Bernameya Televizyon\u00ee ya 11\u2019\u00ea Tebaxa 2026\u2019an de.","title":"Bernameya Televizyon\u00ee ya 11\u2019\u00ea Tebaxa 2026\u2019an","topic":"Bernameya Televizyon\u00ee ya Rojane","translation_language":"","url":"https://voa-video-ns.akamaized.net/pangeavideo/2026/08/3/32/323ab647-662d-4ec4-a184-08def2b10d93_1080p.mp4?cb=ee20e5062","video_url":"https://voa-video-ns.akamaized.net/pangeavideo/2026/08/3/32/323ab647-662d-4ec4-a184-08def2b10d93_1080p.mp4?cb=ee20e5062"},{"article_body_paragraphs":[],"audio_source_url":"https://voa-audio-ns.akamaized.net/vku/2026/08/12/20260812-050000-vku053-program_hq.mp3","author":null,"available_dubs":[],"downloadable_assets":["https://voa-audio-ns.akamaized.net/vku/2026/08/12/20260812-050000-vku053-program_hq.mp3"],"duration_display":"4:59","duration_seconds":299.0,"embed_url":null,"id":4244,"image_caption":null,"image_url":null,"is_clip":false,"item_type":"audio","item_type_label":"Audio","language_label":"Kurdish","media_credit":"VOA","micro_label":"Audio program","micro_label_kind":"audio","network_label":"VOA","network_logo_url":"/static/uploads/direct_network_logos/voa_1ef13eedbd2f.svg","published_at":"2026-08-12T05:00:00","published_at_display":"12 Aug 2026, 05:00 GMT","sequence_badge_label":null,"sequence_count":null,"sequence_count_label":null,"sequence_frames":[],"sequence_kind":null,"source_name":"dengeamerika_com_direct","source_name_label":"Dengeamerika","source_type":"direct_api","summary":"N\u00fb\u00e7ey\u00ean C\u00eehan\u00ea ji Deng\u00ea Amer\u00eeka","title":"N\u00fb\u00e7ey\u00ean C\u00eehan\u00ea 2","topic":"N\u00fb\u00e7ey\u00ean C\u00eehan\u00ea 2","translation_language":"","url":"https://voa-audio-ns.akamaized.net/vku/2026/08/12/20260812-050000-vku053-program_hq.mp3","video_url":null},{"article_body_paragraphs":[],"audio_source_url":null,"author":null,"available_dubs":[],"downloadable_assets":["https://voa-video-ns.akamaized.net/pangeavideo/2026/08/2/26/266e0e1a-d85c-490e-471b-08decadaa577_1080p.mp4?cb=ee20dac46"],"duration_display":"6:26","duration_seconds":386.62,"embed_url":null,"id":4212,"image_caption":null,"image_url":"https://gdb.voanews.com/266e0e1a-d85c-490e-471b-08decadaa577_tv_mw2048_mh2048_n.jpg","is_clip":false,"item_type":"video","item_type_label":"Video","language_label":"Kurdish","media_credit":"VOA","micro_label":"Video report","micro_label_kind":"video","network_label":"VOA","network_logo_url":"/static/uploads/direct_network_logos/voa_1ef13eedbd2f.svg","published_at":"2026-08-11T23:50:30.613000","published_at_display":"11 Aug 2026, 23:50 GMT","sequence_badge_label":null,"sequence_count":null,"sequence_count_label":null,"sequence_frames":[],"sequence_kind":null,"source_name":"dengeamerika_com_direct","source_name_label":"Dengeamerika","source_type":"direct_api","summary":"Di v\u00ea rapor\u00ea de, vegeryanek bo Tebaxa 2014an dema ku DAI\u015e\u00ea \u00ear\u00ee\u015f\u00ee \u015eingal\u00ea kir \u00fb Amer\u00eekay\u00ea dest bi dab\u00eenkirina al\u00eekariy\u00ean mirov\u00ee \u00fb \u00ear\u00ee\u015f\u00ean esman\u00ee li dij\u00ee DAI\u015e\u00ea kir. Mer\u00eewan Heme agah\u00eey\u00ean z\u00eadetir li ser rew\u015fa w\u00ea dem\u00ea \u00fb al\u00eekar\u00eey\u00ean Amer\u00eekay\u00ea dide.","title":"Civaka \u00cazid\u00ee ji J\u00eanos\u00eed\u00ea bo Rizgarkirin \u00fb Al\u00eekar\u00eeya ji Al\u00eey\u00ea Amer\u00eeka \u00fb Civaka Navnetew\u00ee ve","topic":"V\u00eedyo Galer\u00ee","translation_language":"","url":"https://voa-video-ns.akamaized.net/pangeavideo/2026/08/2/26/266e0e1a-d85c-490e-471b-08decadaa577_1080p.mp4?cb=ee20dac46","video_url":"https://voa-video-ns.akamaized.net/pangeavideo/2026/08/2/26/266e0e1a-d85c-490e-471b-08decadaa577_1080p.mp4?cb=ee20dac46"},{"article_body_paragraphs":[],"audio_source_url":null,"author":null,"available_dubs":[],"downloadable_assets":["https://voa-video-ns.akamaized.net/pangeavideo/2026/08/4/4f/4f78f0cc-bf4f-414e-f1b6-08def2b12219_1080p.mp4?cb=ee20d777a"],"duration_display":"6:48","duration_seconds":408.51,"embed_url":null,"id":4157,"image_caption":null,"image_url":"https://gdb.voanews.com/4f78f0cc-bf4f-414e-f1b6-08def2b12219_tv_mw2048_mh2048_n.jpg","is_clip":false,"item_type":"video","item_type_label":"Video","language_label":"Kurdish","media_credit":"VOA","micro_label":"Video report","micro_label_kind":"video","network_label":"VOA","network_logo_url":"/static/uploads/direct_network_logos/voa_1ef13eedbd2f.svg","published_at":"2026-08-11T20:01:42.520000","published_at_display":"11 Aug 2026, 20:01 GMT","sequence_badge_label":null,"sequence_count":null,"sequence_count_label":null,"sequence_frames":[],"sequence_kind":null,"source_name":"dengeamerika_com_direct","source_name_label":"Dengeamerika","source_type":"direct_api","summary":"Li hin her\u00eam\u00ean Kurdan li S\u00fbriy\u00ea aloz\u00ee derketine, bi taybet\u00ee pi\u015ft\u00ee vegera karwan\u00ea yek\u00ea y\u00ea derbider\u00ean Ser\u00ea Kan\u00eey\u00ea \u00fb p\u00eakhatina \u00ear\u00ee\u015f\u00ean tund\u00eey\u00ea li dij\u00ee derbideran. Par\u00eazer Ewaz El\u00ee ji Koban\u00eey\u00ea rew\u015fa hey\u00ee dinirx\u00eene","title":"Metirs\u00eeya Aloz\u00eey\u00ean Daw\u00ee li Ser Ewleh\u00eeya Kurd\u00ean Rojava","topic":"V\u00eedyo Galer\u00ee","translation_language":"","url":"https://voa-video-ns.akamaized.net/pangeavideo/2026/08/4/4f/4f78f0cc-bf4f-414e-f1b6-08def2b12219_1080p.mp4?cb=ee20d777a","video_url":"https://voa-video-ns.akamaized.net/pangeavideo/2026/08/4/4f/4f78f0cc-bf4f-414e-f1b6-08def2b12219_1080p.mp4?cb=ee20d777a"}],"next_num":17,"page":16,"pages":26,"per_page":20,"prev_num":15,"total":513}
