{"applied_filters":{"end_date":"","lang":"","language":"","network":"","page":17,"per_page":20,"search":"","source":"dengeamerika_com_direct","start_date":"","topic":"","type":""},"available_filters":{"language_choices":[{"label":"Choose Language","value":""},{"label":"English","value":"English"},{"label":"Espa\u00f1ol","value":"Espa\u00f1ol"},{"label":"Kurdish","value":"Kurdish"}],"network_choices":[{"label":"All networks","value":""},{"label":"VOA","value":"VOA"}],"source_choices":[{"label":"All sources","value":""},{"label":"Current Time","value":"currenttime_tv_direct"},{"label":"Current Time","value":"currenttime_tv_rss"},{"label":"Da Azadi Radio","value":"da_azadiradio_com_rss"},{"label":"Darivoa","value":"darivoa_com_rss"},{"label":"Dengeamerika","value":"dengeamerika_com_direct"},{"label":"Dengeamerika","value":"dengeamerika_com_rss"},{"label":"Dengiamerika","value":"dengiamerika_com_direct"},{"label":"Dengiamerika","value":"dengiamerika_com_rss"},{"label":"Editorials VOA","value":"editorials_voa_gov_rss"},{"label":"Golosameriki","value":"golosameriki_com_direct"},{"label":"Golosameriki","value":"golosameriki_com_rss"},{"label":"Ir VOA News","value":"ir_voanews_com_rss"},{"label":"Mashaalradio","value":"mashaalradio_com_direct"},{"label":"Moldova Europalibera","value":"moldova_europalibera_org_direct"},{"label":"Moldova Europalibera","value":"moldova_europalibera_org_rss"},{"label":"OCB \u00b7 Caf\u00e9 Digital","value":"ocb_spanish_audio_html_scrape"},{"label":"OCB \u00b7 Liberaci\u00f3n","value":"ocb_spanish_audio_html_scrape_1001"},{"label":"OCB \u00b7 Programas de Radio Nuestra Am\u00e9rica","value":"ocb_spanish_audio_html_scrape_1016"},{"label":"OCB \u00b7 Agenda hemisf\u00e9rica","value":"ocb_spanish_audio_html_scrape_1028"},{"label":"OCB \u00b7 El futuro es ya","value":"ocb_spanish_audio_html_scrape_1056"},{"label":"OCB \u00b7 Foro abierto","value":"ocb_spanish_audio_html_scrape_1061"},{"label":"OCB \u00b7 Nicaragua al d\u00eda","value":"ocb_spanish_audio_html_scrape_1077"},{"label":"OCB \u00b7 La bola nostra","value":"ocb_spanish_audio_html_scrape_1078"},{"label":"OCB \u00b7 Taller de prensa","value":"ocb_spanish_audio_html_scrape_1103"},{"label":"OCB \u00b7 Las noticias como son","value":"ocb_spanish_audio_html_scrape_142"},{"label":"OCB \u00b7 Abriendo Espacios","value":"ocb_spanish_audio_html_scrape_562"},{"label":"OCB \u00b7 Mart\u00ed Noticias A.M.","value":"ocb_spanish_audio_html_scrape_668"},{"label":"OCB Spanish Audio","value":"ocb_spanish_audio_scrape"},{"label":"OCB Spanish Video","value":"ocb_spanish_video_scrape"},{"label":"Pa Azadi Radio","value":"pa_azadiradio_com_rss"},{"label":"Pashtovoa","value":"pashtovoa_com_rss"},{"label":"Radiofaarda","value":"radiofaarda_com_direct"},{"label":"Radio Farda","value":"radiofarda_com_direct"},{"label":"Radio Farda","value":"radiofarda_com_rss"},{"label":"Radiosvoboda","value":"radiosvoboda_org_rss"},{"label":"Radiotavisupleba","value":"radiotavisupleba_ge_direct"},{"label":"Radiotavisupleba","value":"radiotavisupleba_ge_rss"},{"label":"Radiotelevisionmarti","value":"radiotelevisionmarti_com_direct"},{"label":"Radiotelevisionmarti","value":"radiotelevisionmarti_com_rss"},{"label":"RFA Burmese","value":"rfa_burmese_rss"},{"label":"RFA Burmese Video Scrape","value":"rfa_burmese_video_scrape"},{"label":"RFA Cantonese","value":"rfa_cantonese_rss"},{"label":"RFA Cantonese Video Scrape","value":"rfa_cantonese_video_scrape"},{"label":"RFA English RSS","value":"rfa_english_rss"},{"label":"RFA English Video","value":"rfa_english_video_scrape"},{"label":"RFA Khmer","value":"rfa_khmer_rss"},{"label":"RFA Khmer Video Scrape","value":"rfa_khmer_video_scrape"},{"label":"RFA Korean","value":"rfa_korean_rss"},{"label":"RFA Korean Video Scrape","value":"rfa_korean_video_scrape"},{"label":"RFA Lao","value":"rfa_lao_rss"},{"label":"RFA Lao Video Scrape","value":"rfa_lao_video_scrape"},{"label":"RFA Mandarin","value":"rfa_mandarin_rss"},{"label":"RFA Mandarin Video Scrape","value":"rfa_mandarin_video_scrape"},{"label":"RFA Tibetan","value":"rfa_tibetan_rss"},{"label":"RFA Tibetan Video Scrape","value":"rfa_tibetan_video_scrape"},{"label":"RFA Uyghur","value":"rfa_uyghur_rss"},{"label":"RFA Uyghur Video Scrape","value":"rfa_uyghur_video_scrape"},{"label":"RFA Vietnamese","value":"rfa_vietnamese_rss"},{"label":"RFA Vietnamese Video Scrape","value":"rfa_vietnamese_video_scrape"},{"label":"RFE/RL Direct","value":"rferl_direct"},{"label":"RFE/RL","value":"rferl_org_rss"},{"label":"Slobodnaevropa","value":"slobodnaevropa_org_direct"},{"label":"Slobodnaevropa","value":"slobodnaevropa_org_rss"},{"label":"Svoboda","value":"svoboda_org_direct"},{"label":"Svoboda","value":"svoboda_org_rss"},{"label":"Ukrainian VOA News","value":"ukrainian_voanews_com_rss"},{"label":"VOA Chinese Direct","value":"voa_chinese_direct"},{"label":"VOA Chinese RSS","value":"voa_chinese_rss"},{"label":"VOA Dari Direct","value":"voa_dari_direct"},{"label":"VOA Korea Direct","value":"voa_korea_direct"},{"label":"VOA Pashto Direct","value":"voa_pashto_direct"},{"label":"VOA Persian Direct","value":"voa_persian_direct"},{"label":"Voakorea","value":"voakorea_com_rss"}],"sources":["currenttime_tv_direct","currenttime_tv_rss","da_azadiradio_com_rss","darivoa_com_rss","dengeamerika_com_direct","dengeamerika_com_rss","dengiamerika_com_direct","dengiamerika_com_rss","editorials_voa_gov_rss","golosameriki_com_direct","golosameriki_com_rss","ir_voanews_com_rss","mashaalradio_com_direct","moldova_europalibera_org_direct","moldova_europalibera_org_rss","ocb_spanish_audio_html_scrape","ocb_spanish_audio_html_scrape_1001","ocb_spanish_audio_html_scrape_1016","ocb_spanish_audio_html_scrape_1028","ocb_spanish_audio_html_scrape_1056","ocb_spanish_audio_html_scrape_1061","ocb_spanish_audio_html_scrape_1077","ocb_spanish_audio_html_scrape_1078","ocb_spanish_audio_html_scrape_1103","ocb_spanish_audio_html_scrape_142","ocb_spanish_audio_html_scrape_562","ocb_spanish_audio_html_scrape_668","ocb_spanish_audio_scrape","ocb_spanish_video_scrape","pa_azadiradio_com_rss","pashtovoa_com_rss","radiofaarda_com_direct","radiofarda_com_direct","radiofarda_com_rss","radiosvoboda_org_rss","radiotavisupleba_ge_direct","radiotavisupleba_ge_rss","radiotelevisionmarti_com_direct","radiotelevisionmarti_com_rss","rfa_burmese_rss","rfa_burmese_video_scrape","rfa_cantonese_rss","rfa_cantonese_video_scrape","rfa_english_rss","rfa_english_video_scrape","rfa_khmer_rss","rfa_khmer_video_scrape","rfa_korean_rss","rfa_korean_video_scrape","rfa_lao_rss","rfa_lao_video_scrape","rfa_mandarin_rss","rfa_mandarin_video_scrape","rfa_tibetan_rss","rfa_tibetan_video_scrape","rfa_uyghur_rss","rfa_uyghur_video_scrape","rfa_vietnamese_rss","rfa_vietnamese_video_scrape","rferl_direct","rferl_org_rss","slobodnaevropa_org_direct","slobodnaevropa_org_rss","svoboda_org_direct","svoboda_org_rss","ukrainian_voanews_com_rss","voa_chinese_direct","voa_chinese_rss","voa_dari_direct","voa_korea_direct","voa_pashto_direct","voa_persian_direct","voakorea_com_rss"],"topics":["250em\u00een Salvegera Serxweb\u00fbna Amer\u00eekay\u00ea","Amer\u00eeka","Bernameya Televizyon\u00ee ya Rojane","Bernamey\u00ean radyoy\u00ea y\u00ean rojane","C\u00eehan","N\u00fb\u00e7ey\u00ean C\u00eehan\u00ea 1","N\u00fb\u00e7ey\u00ean C\u00eehan\u00ea 2","Radyo","V\u00eedyo Galer\u00ee"],"types":[["","All types"],["audio","Audio"],["video","Videos"],["clips","Clips"],["media","Media"]]},"has_next":true,"has_prev":true,"items":[{"article_body_paragraphs":[],"audio_source_url":null,"author":"Emced Kurdo","available_dubs":[],"downloadable_assets":["https://voa-video-ns.akamaized.net/pangeavideo/2026/08/b/b0/b065c270-fb75-4b1d-f1b5-08def2b12219_1080p.mp4?cb=ee20d780a"],"duration_display":"4:12","duration_seconds":252.36,"embed_url":null,"id":4151,"image_caption":null,"image_url":"https://gdb.voanews.com/b065c270-fb75-4b1d-f1b5-08def2b12219_tv_mw2048_mh2048_n.jpg","is_clip":true,"item_type":"video","item_type_label":"Video","language_label":"Kurdish","media_credit":"VOA","micro_label":"Video report","micro_label_kind":"video","network_label":"VOA","network_logo_url":"/static/uploads/direct_network_logos/voa_1ef13eedbd2f.svg","published_at":"2026-08-11T19:50:54.497000","published_at_display":"11 Aug 2026, 19:50 GMT","sequence_badge_label":null,"sequence_count":null,"sequence_count_label":null,"sequence_frames":[],"sequence_kind":null,"source_name":"dengeamerika_com_direct","source_name_label":"Dengeamerika","source_type":"direct_api","summary":"Pi\u015ft\u00ee ku hejmarek malbat\u00ean Kurd roja Du\u015fem\u00ea veger\u00eeyan ser mal \u00fb war\u00ean xwe li Ser\u00ea kan\u00eey\u00ea rast\u00ee \u00ear\u00ee\u015f\u00ean hin kes \u00fb gr\u00fbp\u00ean tundr\u00ea hatin. Emced Kurd ji her\u00eam\u00ea agah\u00eey\u00ean n\u00fb radigih\u00eene.","title":"Prosesa Vegera Derbider\u00ean Ser\u00ea Kan\u00eey\u00ea Rast\u00ee Aloz\u00eeyan T\u00ea","topic":"V\u00eedyo Galer\u00ee","translation_language":"","url":"https://voa-video-ns.akamaized.net/pangeavideo/2026/08/b/b0/b065c270-fb75-4b1d-f1b5-08def2b12219_1080p.mp4?cb=ee20d780a","video_url":"https://voa-video-ns.akamaized.net/pangeavideo/2026/08/b/b0/b065c270-fb75-4b1d-f1b5-08def2b12219_1080p.mp4?cb=ee20d780a"},{"article_body_paragraphs":[],"audio_source_url":null,"author":null,"available_dubs":[],"downloadable_assets":["https://voa-video-ns.akamaized.net/pangeavideo/2026/08/3/3e/3e0230f7-dd9d-43c7-7e27-08def2ed48ad_1080p.mp4?cb=ee20d7046"],"duration_display":"4:11","duration_seconds":251.86,"embed_url":null,"id":4126,"image_caption":null,"image_url":"https://gdb.voanews.com/3e0230f7-dd9d-43c7-7e27-08def2ed48ad_tv_mw2048_mh2048_n.jpg","is_clip":true,"item_type":"video","item_type_label":"Video","language_label":"Kurdish","media_credit":"VOA","micro_label":"Video report","micro_label_kind":"video","network_label":"VOA","network_logo_url":"/static/uploads/direct_network_logos/voa_1ef13eedbd2f.svg","published_at":"2026-08-11T19:34:30.020000","published_at_display":"11 Aug 2026, 19:34 GMT","sequence_badge_label":null,"sequence_count":null,"sequence_count_label":null,"sequence_frames":[],"sequence_kind":null,"source_name":"dengeamerika_com_direct","source_name_label":"Dengeamerika","source_type":"direct_api","summary":"Bi 467 deng\u00ean er\u00ea qan\u00fbna \u00e7ar\u00e7ovey\u00ee di meclisa Tirk\u00eey\u00ea de hate pejirandin \u00fb derbas b\u00fb. Ozlem Yasak h\u00fbrgiliy\u00ean dengdan\u00ea \u00fb qonaxa pi\u015ft\u00ee dengdana ser qan\u00fbna \u00e7ar\u00e7ovey\u00ee behs dike.","title":"Qonaxa Pi\u015ft\u00ee Dengdan\u00ea ya ser Qan\u00fbna \u00c7ar\u00e7ovey\u00ee li Tirkiy\u00ea","topic":"V\u00eedyo Galer\u00ee","translation_language":"","url":"https://voa-video-ns.akamaized.net/pangeavideo/2026/08/3/3e/3e0230f7-dd9d-43c7-7e27-08def2ed48ad_1080p.mp4?cb=ee20d7046","video_url":"https://voa-video-ns.akamaized.net/pangeavideo/2026/08/3/3e/3e0230f7-dd9d-43c7-7e27-08def2ed48ad_1080p.mp4?cb=ee20d7046"},{"article_body_paragraphs":[],"audio_source_url":null,"author":null,"available_dubs":[],"downloadable_assets":["https://voa-video-ns.akamaized.net/pangeavideo/2026/08/9/92/9293381f-4d8b-4555-80fe-08decae8682a_1080p.mp4?cb=ee20d6eae"],"duration_display":"8:00","duration_seconds":480.21,"embed_url":null,"id":4127,"image_caption":null,"image_url":"https://gdb.voanews.com/9293381f-4d8b-4555-80fe-08decae8682a_tv_mw2048_mh2048_n.jpg","is_clip":false,"item_type":"video","item_type_label":"Video","language_label":"Kurdish","media_credit":"VOA","micro_label":"Video report","micro_label_kind":"video","network_label":"VOA","network_logo_url":"/static/uploads/direct_network_logos/voa_1ef13eedbd2f.svg","published_at":"2026-08-11T19:27:42.410000","published_at_display":"11 Aug 2026, 19:27 GMT","sequence_badge_label":null,"sequence_count":null,"sequence_count_label":null,"sequence_frames":[],"sequence_kind":null,"source_name":"dengeamerika_com_direct","source_name_label":"Dengeamerika","source_type":"direct_api","summary":"Rojhilata Nav\u00een li ber guher\u00een\u00ea ye, gelo Kurd bi xwe dikarin di r\u00eaziknameya n\u00fb ya her\u00eam\u00ee de pa\u015feroja xwe diyar bikin an j\u00ee y\u00ean din d\u00ea \u00e7aren\u00fbsa wan diyar bikin? \u015eirovekar\u00ea siyas\u00ee Kawe Ahinger\u00ee ji Bruksel\u00ea v\u00ea mijar\u00ea \u015firove dike.","title":"Kurd \u00fb S\u00eestema N\u00fb ya Rojhilata Nav\u00een","topic":"V\u00eedyo Galer\u00ee","translation_language":"","url":"https://voa-video-ns.akamaized.net/pangeavideo/2026/08/9/92/9293381f-4d8b-4555-80fe-08decae8682a_1080p.mp4?cb=ee20d6eae","video_url":"https://voa-video-ns.akamaized.net/pangeavideo/2026/08/9/92/9293381f-4d8b-4555-80fe-08decae8682a_1080p.mp4?cb=ee20d6eae"},{"article_body_paragraphs":[],"audio_source_url":null,"author":"Eyy\u00fbp Dem\u00eer","available_dubs":[],"downloadable_assets":["https://voa-video-ns.akamaized.net/pangeavideo/2026/08/4/4a/4acff061-5015-4625-a179-08def2b10d93_1080p.mp4?cb=ee20d6d5f"],"duration_display":"3:07","duration_seconds":187.6,"embed_url":null,"id":4128,"image_caption":null,"image_url":"https://gdb.voanews.com/4acff061-5015-4625-a179-08def2b10d93_tv_mw2048_mh2048_n.jpg","is_clip":true,"item_type":"video","item_type_label":"Video","language_label":"Kurdish","media_credit":"VOA","micro_label":"Video report","micro_label_kind":"video","network_label":"VOA","network_logo_url":"/static/uploads/direct_network_logos/voa_1ef13eedbd2f.svg","published_at":"2026-08-11T19:22:07.417000","published_at_display":"11 Aug 2026, 19:22 GMT","sequence_badge_label":null,"sequence_count":null,"sequence_count_label":null,"sequence_frames":[],"sequence_kind":null,"source_name":"dengeamerika_com_direct","source_name_label":"Dengeamerika","source_type":"direct_api","summary":"Roja Du\u015fem\u00ea Qan\u00fbna \u00c7ar\u00e7ovey\u00ee ya b\u00ea\u00e7ekkirina PKK\u00ea li Parlemana Tirk\u00eey\u00ea b\u00fb, dengdan p\u00eakhat, bi piran\u00eeya deng\u00ean endaman qan\u00fbna hat derbazkirin. Eyy\u00fbp Dem\u00eer ji Stenbol\u00ea p\u00eazan\u00een\u00ean z\u00eadetir radigih\u00eene.","title":"Qan\u00fbna \u00c7ar\u015fovey\u00ee di Parlemana Tirkiy\u00ea de bi Piran\u00eeya Dengan Hat Pejirandin","topic":"V\u00eedyo Galer\u00ee","translation_language":"","url":"https://voa-video-ns.akamaized.net/pangeavideo/2026/08/4/4a/4acff061-5015-4625-a179-08def2b10d93_1080p.mp4?cb=ee20d6d5f","video_url":"https://voa-video-ns.akamaized.net/pangeavideo/2026/08/4/4a/4acff061-5015-4625-a179-08def2b10d93_1080p.mp4?cb=ee20d6d5f"},{"article_body_paragraphs":[],"audio_source_url":"https://voa-audio-ns.akamaized.net/vku/2026/08/11/20260811-190000-vku053-program_hq.mp3","author":null,"available_dubs":[],"downloadable_assets":["https://voa-audio-ns.akamaized.net/vku/2026/08/11/20260811-190000-vku053-program_hq.mp3"],"duration_display":"4:59","duration_seconds":299.0,"embed_url":null,"id":4129,"image_caption":null,"image_url":null,"is_clip":false,"item_type":"audio","item_type_label":"Audio","language_label":"Kurdish","media_credit":"VOA","micro_label":"Audio program","micro_label_kind":"audio","network_label":"VOA","network_logo_url":"/static/uploads/direct_network_logos/voa_1ef13eedbd2f.svg","published_at":"2026-08-11T19:00:00","published_at_display":"11 Aug 2026, 19:00 GMT","sequence_badge_label":null,"sequence_count":null,"sequence_count_label":null,"sequence_frames":[],"sequence_kind":null,"source_name":"dengeamerika_com_direct","source_name_label":"Dengeamerika","source_type":"direct_api","summary":"N\u00fb\u00e7ey\u00ean C\u00eehan\u00ea ji Deng\u00ea Amer\u00eeka","title":"N\u00fb\u00e7ey\u00ean 3\u2019y\u00ea pa\u015fn\u00eevro","topic":null,"translation_language":"","url":"https://voa-audio-ns.akamaized.net/vku/2026/08/11/20260811-190000-vku053-program_hq.mp3","video_url":null},{"article_body_paragraphs":[],"audio_source_url":null,"author":"S\u00eenor Ker\u00eem","available_dubs":[],"downloadable_assets":["https://voa-video-ns.akamaized.net/pangeavideo/2026/08/7/78/78681212-7cd6-4507-4717-08decadaa577_1080p.mp4?cb=ee20d6c33"],"duration_display":"4:22","duration_seconds":262.61,"embed_url":null,"id":4121,"image_caption":null,"image_url":"https://gdb.voanews.com/78681212-7cd6-4507-4717-08decadaa577_tv_mw2048_mh2048_n.jpg","is_clip":true,"item_type":"video","item_type_label":"Video","language_label":"Kurdish","media_credit":"VOA","micro_label":"Video report","micro_label_kind":"video","network_label":"VOA","network_logo_url":"/static/uploads/direct_network_logos/voa_1ef13eedbd2f.svg","published_at":"2026-08-11T18:52:46.167000","published_at_display":"11 Aug 2026, 18:52 GMT","sequence_badge_label":null,"sequence_count":null,"sequence_count_label":null,"sequence_frames":[],"sequence_kind":null,"source_name":"dengeamerika_com_direct","source_name_label":"Dengeamerika","source_type":"direct_api","summary":"S\u00eenor Ker\u00eem ji Her\u00eama Kurdistan\u00ea p\u00eazan\u00een \u00fb agah\u00eey\u00ean n\u00fb derbar\u00ea \u00ear\u00ee\u015f\u00ean ser part\u00eey\u00ean Kurd y\u00ean opozisyona rej\u00eema \u00ceran\u00ea radigih\u00eene.","title":"P\u00eazan\u00een\u00ean N\u00fb ser \u00car\u00ee\u015f\u00ean \u00ceran\u00ea bo Ser Bingeh\u00ean Partiy\u00ean Kurd\u00ee","topic":"V\u00eedyo Galer\u00ee","translation_language":"","url":"https://voa-video-ns.akamaized.net/pangeavideo/2026/08/7/78/78681212-7cd6-4507-4717-08decadaa577_1080p.mp4?cb=ee20d6c33","video_url":"https://voa-video-ns.akamaized.net/pangeavideo/2026/08/7/78/78681212-7cd6-4507-4717-08decadaa577_1080p.mp4?cb=ee20d6c33"},{"article_body_paragraphs":[],"audio_source_url":null,"author":null,"available_dubs":[],"downloadable_assets":["https://voa-video-ns.akamaized.net/pangeavideo/2026/08/9/97/97928e1f-a0b3-485f-a171-08def2b10d93_1080p.mp4?cb=ee20d5a69"],"duration_display":"2:20","duration_seconds":140.01,"embed_url":null,"id":4083,"image_caption":null,"image_url":"https://gdb.voanews.com/97928e1f-a0b3-485f-a171-08def2b10d93_tv_mw2048_mh2048_n.jpg","is_clip":true,"item_type":"video","item_type_label":"Video","language_label":"Kurdish","media_credit":"VOA","micro_label":"Video report","micro_label_kind":"video","network_label":"VOA","network_logo_url":"/static/uploads/direct_network_logos/voa_1ef13eedbd2f.svg","published_at":"2026-08-11T17:59:12.333000","published_at_display":"11 Aug 2026, 17:59 GMT","sequence_badge_label":null,"sequence_count":null,"sequence_count_label":null,"sequence_frames":[],"sequence_kind":null,"source_name":"dengeamerika_com_direct","source_name_label":"Dengeamerika","source_type":"direct_api","summary":"Serok\u00ea Amer\u00eekay\u00ea Donald Trump \u00eero S\u00ea\u015fem\u00ea di hevpeyv\u00eeneke telefon\u00ee de ligel telev\u00eezyona 'Real America\u2019s Voice\" li ser \u00e7end mijaran axiv\u00ee. W\u00ee got, li hember \u00ceran\u00ea s\u00ea bijarde hene; berdewamkirina rew\u015fa niha, \u00ear\u00ee\u015f\u00ean le\u015fker\u00ee y\u00ean tundtir \u00fb berdewamkirina zext\u00ean abor\u00ee.","title":"Trump: Ji bo Sereder\u00eeya bi \u00ceran\u00ea re S\u00ea Bijardey\u00ean Berdest Hene","topic":"V\u00eedyo Galer\u00ee","translation_language":"","url":"https://voa-video-ns.akamaized.net/pangeavideo/2026/08/9/97/97928e1f-a0b3-485f-a171-08def2b10d93_1080p.mp4?cb=ee20d5a69","video_url":"https://voa-video-ns.akamaized.net/pangeavideo/2026/08/9/97/97928e1f-a0b3-485f-a171-08def2b10d93_1080p.mp4?cb=ee20d5a69"},{"article_body_paragraphs":[],"audio_source_url":null,"author":"Huner Ehmed","available_dubs":[],"downloadable_assets":["https://voa-video-ns.akamaized.net/pangeavideo/2026/08/9/9b/9b654c01-a7c3-4dd7-a16f-08def2b10d93_1080p.mp4?cb=ee20d4d57"],"duration_display":"2:54","duration_seconds":174.37,"embed_url":null,"id":4065,"image_caption":null,"image_url":"https://gdb.voanews.com/9b654c01-a7c3-4dd7-a16f-08def2b10d93_tv_mw2048_mh2048_n.jpg","is_clip":true,"item_type":"video","item_type_label":"Video","language_label":"Kurdish","media_credit":"VOA","micro_label":"Video report","micro_label_kind":"video","network_label":"VOA","network_logo_url":"/static/uploads/direct_network_logos/voa_1ef13eedbd2f.svg","published_at":"2026-08-11T17:05:27.510000","published_at_display":"11 Aug 2026, 17:05 GMT","sequence_badge_label":null,"sequence_count":null,"sequence_count_label":null,"sequence_frames":[],"sequence_kind":null,"source_name":"dengeamerika_com_direct","source_name_label":"Dengeamerika","source_type":"direct_api","summary":"Li \u00ceraq\u00ea qonaxeke n\u00fb ya girtina gumanbar\u00ean gendeliy\u00ea dest p\u00ea kiriye, niha fermana girtin\u00ea ji bo Ehmed Esed\u00ee Wez\u00eer\u00ea Kar \u00fb Kar\u00fbbar\u00ean Civak\u00ee y\u00ea di dema hik\u00fbmeta S\u00fbdan\u00ee de der\u00e7\u00fbye, waliy\u00ea ber\u00ea y\u00ea Tikr\u00eet\u00ea \u00fb sekreter\u00ea gi\u015ft\u00ee y\u00ea partiya \"Cemah\u00eer\u00ee ya Ni\u015ft\u00eeman\u00ee\" Eb\u00fb Mazin aht\u00eeye girtin.","title":"Li \u00ceraq\u00ea Qonaxek N\u00fb ya Girtina Gendelan Destp\u00eakir","topic":"V\u00eedyo Galer\u00ee","translation_language":"","url":"https://voa-video-ns.akamaized.net/pangeavideo/2026/08/9/9b/9b654c01-a7c3-4dd7-a16f-08def2b10d93_1080p.mp4?cb=ee20d4d57","video_url":"https://voa-video-ns.akamaized.net/pangeavideo/2026/08/9/9b/9b654c01-a7c3-4dd7-a16f-08def2b10d93_1080p.mp4?cb=ee20d4d57"},{"article_body_paragraphs":[],"audio_source_url":"https://voa-audio-ns.akamaized.net/vku/2026/08/11/20260811-170500-vku053-program_hq.mp3","author":null,"available_dubs":[],"downloadable_assets":["https://voa-audio-ns.akamaized.net/vku/2026/08/11/20260811-170500-vku053-program_hq.mp3"],"duration_display":"54:56","duration_seconds":3296.0,"embed_url":null,"id":4094,"image_caption":null,"image_url":null,"is_clip":false,"item_type":"audio","item_type_label":"Audio","language_label":"Kurdish","media_credit":"VOA","micro_label":"Audio program","micro_label_kind":"audio","network_label":"VOA","network_logo_url":"/static/uploads/direct_network_logos/voa_1ef13eedbd2f.svg","published_at":"2026-08-11T17:05:00","published_at_display":"11 Aug 2026, 17:05 GMT","sequence_badge_label":null,"sequence_count":null,"sequence_count_label":null,"sequence_frames":[],"sequence_kind":null,"source_name":"dengeamerika_com_direct","source_name_label":"Dengeamerika","source_type":"direct_api","summary":null,"title":"Bernama Duy\u00ea","topic":null,"translation_language":"","url":"https://voa-audio-ns.akamaized.net/vku/2026/08/11/20260811-170500-vku053-program_hq.mp3","video_url":null},{"article_body_paragraphs":[],"audio_source_url":"https://voa-audio-ns.akamaized.net/vku/2026/08/11/20260811-170000-vku053-program_hq.mp3","author":null,"available_dubs":[],"downloadable_assets":["https://voa-audio-ns.akamaized.net/vku/2026/08/11/20260811-170000-vku053-program_hq.mp3"],"duration_display":"4:59","duration_seconds":299.0,"embed_url":null,"id":4066,"image_caption":null,"image_url":null,"is_clip":false,"item_type":"audio","item_type_label":"Audio","language_label":"Kurdish","media_credit":"VOA","micro_label":"Audio program","micro_label_kind":"audio","network_label":"VOA","network_logo_url":"/static/uploads/direct_network_logos/voa_1ef13eedbd2f.svg","published_at":"2026-08-11T17:00:00","published_at_display":"11 Aug 2026, 17:00 GMT","sequence_badge_label":null,"sequence_count":null,"sequence_count_label":null,"sequence_frames":[],"sequence_kind":null,"source_name":"dengeamerika_com_direct","source_name_label":"Dengeamerika","source_type":"direct_api","summary":"N\u00fb\u00e7ey\u00ean C\u00eehan\u00ea ji Deng\u00ea Amer\u00eeka","title":"N\u00fb\u00e7ey\u00ean 1\u2019\u00ea pa\u015fn\u00eevro","topic":"Radyo","translation_language":"","url":"https://voa-audio-ns.akamaized.net/vku/2026/08/11/20260811-170000-vku053-program_hq.mp3","video_url":null},{"article_body_paragraphs":[],"audio_source_url":null,"author":"Ferhan Hamaxan","available_dubs":[],"downloadable_assets":["https://voa-video-ns.akamaized.net/pangeavideo/2026/08/a/a8/a8562d90-2140-4735-7e1b-08def2ed48ad_1080p.mp4?cb=ee20d3f94"],"duration_display":"2:13","duration_seconds":133.8,"embed_url":null,"id":4036,"image_caption":null,"image_url":"https://gdb.voanews.com/a8562d90-2140-4735-7e1b-08def2ed48ad_tv_mw2048_mh2048_n.jpg","is_clip":true,"item_type":"video","item_type_label":"Video","language_label":"Kurdish","media_credit":"VOA","micro_label":"Video report","micro_label_kind":"video","network_label":"VOA","network_logo_url":"/static/uploads/direct_network_logos/voa_1ef13eedbd2f.svg","published_at":"2026-08-11T16:06:44.933000","published_at_display":"11 Aug 2026, 16:06 GMT","sequence_badge_label":null,"sequence_count":null,"sequence_count_label":null,"sequence_frames":[],"sequence_kind":null,"source_name":"dengeamerika_com_direct","source_name_label":"Dengeamerika","source_type":"direct_api","summary":"Li gund\u00ea Hewar\u00ee ku r\u00fbni\u015ftvan\u00ean w\u00ee ji bawermend\u00ean Kakey\u00ee ne, xaniyek\u00ee kevin \u00ea bi\u00e7\u00fbk bi p\u00ea\u015fxer\u00eeya Hunermend Erdelan Kakey\u00ee ve dibe gel\u00ear\u00eeyek w\u00eaneyan da ku d\u00eeroka Kakey\u00eeyan were parastin.","title":"Hunermendek Hewl Dide D\u00eeroka Kakey\u00eeyan Bipar\u00eaze","topic":"V\u00eedyo Galer\u00ee","translation_language":"","url":"https://voa-video-ns.akamaized.net/pangeavideo/2026/08/a/a8/a8562d90-2140-4735-7e1b-08def2ed48ad_1080p.mp4?cb=ee20d3f94","video_url":"https://voa-video-ns.akamaized.net/pangeavideo/2026/08/a/a8/a8562d90-2140-4735-7e1b-08def2ed48ad_1080p.mp4?cb=ee20d3f94"},{"article_body_paragraphs":[],"audio_source_url":null,"author":"Ridwan B\u00eazar","available_dubs":[],"downloadable_assets":["https://voa-video-ns.akamaized.net/pangeavideo/2026/08/7/7d/7d9cc9a6-f874-4565-7e1a-08def2ed48ad_1080p.mp4?cb=ee20d3751"],"duration_display":"2:43","duration_seconds":163.68,"embed_url":null,"id":3996,"image_caption":null,"image_url":"https://gdb.voanews.com/7d9cc9a6-f874-4565-7e1a-08def2ed48ad_tv_mw2048_mh2048_n.jpg","is_clip":true,"item_type":"video","item_type_label":"Video","language_label":"Kurdish","media_credit":"VOA","micro_label":"Video report","micro_label_kind":"video","network_label":"VOA","network_logo_url":"/static/uploads/direct_network_logos/voa_1ef13eedbd2f.svg","published_at":"2026-08-11T15:31:29.173000","published_at_display":"11 Aug 2026, 15:31 GMT","sequence_badge_label":null,"sequence_count":null,"sequence_count_label":null,"sequence_frames":[],"sequence_kind":null,"source_name":"dengeamerika_com_direct","source_name_label":"Dengeamerika","source_type":"direct_api","summary":"Pi\u015ft\u00ee ku roja Du\u015fem\u00ea 10\u00ea Tebax\u00ea 410 malbat\u00ean Kurd y\u00ean derbider \u00ean Ser\u00ea Kan\u00eey\u00ea gihi\u015ftin baj\u00ear, rast\u00ee \u00ear\u00ee\u015f\u00ean tundiy\u00ea y\u00ean hin kes \u00fb gr\u00fbpan hatin. Li bajar\u00ea Koban\u00eey\u00ea ew \u00ear\u00ee\u015f di xwep\u00ea\u015fandaneke girsey\u00ee de hat \u015fermezar kirin \u00fb daxwaza parastina Kurdan hat kirin.","title":"Li Koban\u00eey\u00ea Xwep\u00ea\u015fandan li Dij\u00ee \u00car\u00ee\u015f\u00ean ser Kurd\u00ean Ser\u00ea Kan\u00eey\u00ea Derketin","topic":"V\u00eedyo Galer\u00ee","translation_language":"","url":"https://voa-video-ns.akamaized.net/pangeavideo/2026/08/7/7d/7d9cc9a6-f874-4565-7e1a-08def2ed48ad_1080p.mp4?cb=ee20d3751","video_url":"https://voa-video-ns.akamaized.net/pangeavideo/2026/08/7/7d/7d9cc9a6-f874-4565-7e1a-08def2ed48ad_1080p.mp4?cb=ee20d3751"},{"article_body_paragraphs":[],"audio_source_url":"https://voa-audio-ns.akamaized.net/vku/2026/08/11/20260811-150000-vku053-program_hq.mp3","author":null,"available_dubs":[],"downloadable_assets":["https://voa-audio-ns.akamaized.net/vku/2026/08/11/20260811-150000-vku053-program_hq.mp3"],"duration_display":"9:59","duration_seconds":599.0,"embed_url":null,"id":3997,"image_caption":null,"image_url":null,"is_clip":false,"item_type":"audio","item_type_label":"Audio","language_label":"Kurdish","media_credit":"VOA","micro_label":"Audio program","micro_label_kind":"audio","network_label":"VOA","network_logo_url":"/static/uploads/direct_network_logos/voa_1ef13eedbd2f.svg","published_at":"2026-08-11T15:00:00","published_at_display":"11 Aug 2026, 15:00 GMT","sequence_badge_label":null,"sequence_count":null,"sequence_count_label":null,"sequence_frames":[],"sequence_kind":null,"source_name":"dengeamerika_com_direct","source_name_label":"Dengeamerika","source_type":"direct_api","summary":"N\u00fb\u00e7ey\u00ean C\u00eehan\u00ea ji Deng\u00ea Amer\u00eeka","title":"N\u00fb\u00e7ey\u00ean C\u00eehan\u00ea 1","topic":"N\u00fb\u00e7ey\u00ean C\u00eehan\u00ea 1","translation_language":"","url":"https://voa-audio-ns.akamaized.net/vku/2026/08/11/20260811-150000-vku053-program_hq.mp3","video_url":null},{"article_body_paragraphs":[],"audio_source_url":"https://voa-audio-ns.akamaized.net/vku/2026/08/11/20260811-140000-vku053-program_hq.mp3","author":null,"available_dubs":[],"downloadable_assets":["https://voa-audio-ns.akamaized.net/vku/2026/08/11/20260811-140000-vku053-program_hq.mp3"],"duration_display":"59:54","duration_seconds":3594.0,"embed_url":null,"id":3998,"image_caption":null,"image_url":null,"is_clip":false,"item_type":"audio","item_type_label":"Audio","language_label":"Kurdish","media_credit":"VOA","micro_label":"Audio program","micro_label_kind":"audio","network_label":"VOA","network_logo_url":"/static/uploads/direct_network_logos/voa_1ef13eedbd2f.svg","published_at":"2026-08-11T14:00:00","published_at_display":"11 Aug 2026, 14:00 GMT","sequence_badge_label":null,"sequence_count":null,"sequence_count_label":null,"sequence_frames":[],"sequence_kind":null,"source_name":"dengeamerika_com_direct","source_name_label":"Dengeamerika","source_type":"direct_api","summary":null,"title":"Bernamey\u00ean radyoy\u00ea y\u00ean rojane","topic":"Bernamey\u00ean radyoy\u00ea y\u00ean rojane","translation_language":"","url":"https://voa-audio-ns.akamaized.net/vku/2026/08/11/20260811-140000-vku053-program_hq.mp3","video_url":null},{"article_body_paragraphs":[],"audio_source_url":null,"author":null,"available_dubs":[],"downloadable_assets":["https://voa-video-ns.akamaized.net/pangeavideo/2026/08/d/d8/d8b44b7c-a5a4-4beb-80f5-08decae8682a_1080p.mp4?cb=ee20d1123"],"duration_display":"58:55","duration_seconds":3535.17,"embed_url":null,"id":3934,"image_caption":null,"image_url":"https://gdb.voanews.com/d8b44b7c-a5a4-4beb-80f5-08decae8682a_tv_mw2048_mh2048_n.jpg","is_clip":false,"item_type":"video","item_type_label":"Video","language_label":"Kurdish","media_credit":"VOA","micro_label":"Video report","micro_label_kind":"video","network_label":"VOA","network_logo_url":"/static/uploads/direct_network_logos/voa_1ef13eedbd2f.svg","published_at":"2026-08-11T12:48:35.980000","published_at_display":"11 Aug 2026, 12:48 GMT","sequence_badge_label":null,"sequence_count":null,"sequence_count_label":null,"sequence_frames":[],"sequence_kind":null,"source_name":"dengeamerika_com_direct","source_name_label":"Dengeamerika","source_type":"direct_api","summary":"N\u00fb\u00e7e \u00fb agah\u00eey\u00ean n\u00fb y\u00ean derbar\u00ea Amer\u00eeka, her\u00eam\u00ean kurdan \u00fb c\u00eehan\u00ea di Bernameya Televizyon\u00ee ya 10\u2019\u00ea Tebaxa 2026\u2019an de.","title":"Bernameya Televizyon\u00ee ya 10\u2019\u00ea Tebaxa 2026\u2019an","topic":"Bernameya Televizyon\u00ee ya Rojane","translation_language":"","url":"https://voa-video-ns.akamaized.net/pangeavideo/2026/08/d/d8/d8b44b7c-a5a4-4beb-80f5-08decae8682a_1080p.mp4?cb=ee20d1123","video_url":"https://voa-video-ns.akamaized.net/pangeavideo/2026/08/d/d8/d8b44b7c-a5a4-4beb-80f5-08decae8682a_1080p.mp4?cb=ee20d1123"},{"article_body_paragraphs":[],"audio_source_url":"https://voa-audio-ns.akamaized.net/vku/2026/08/11/20260811-050000-vku053-program_hq.mp3","author":null,"available_dubs":[],"downloadable_assets":["https://voa-audio-ns.akamaized.net/vku/2026/08/11/20260811-050000-vku053-program_hq.mp3"],"duration_display":"4:59","duration_seconds":299.0,"embed_url":null,"id":3837,"image_caption":null,"image_url":null,"is_clip":false,"item_type":"audio","item_type_label":"Audio","language_label":"Kurdish","media_credit":"VOA","micro_label":"Audio program","micro_label_kind":"audio","network_label":"VOA","network_logo_url":"/static/uploads/direct_network_logos/voa_1ef13eedbd2f.svg","published_at":"2026-08-11T05:00:00","published_at_display":"11 Aug 2026, 05:00 GMT","sequence_badge_label":null,"sequence_count":null,"sequence_count_label":null,"sequence_frames":[],"sequence_kind":null,"source_name":"dengeamerika_com_direct","source_name_label":"Dengeamerika","source_type":"direct_api","summary":"N\u00fb\u00e7ey\u00ean C\u00eehan\u00ea ji Deng\u00ea Amer\u00eeka","title":"N\u00fb\u00e7ey\u00ean C\u00eehan\u00ea 2","topic":"N\u00fb\u00e7ey\u00ean C\u00eehan\u00ea 2","translation_language":"","url":"https://voa-audio-ns.akamaized.net/vku/2026/08/11/20260811-050000-vku053-program_hq.mp3","video_url":null},{"article_body_paragraphs":[],"audio_source_url":null,"author":null,"available_dubs":[],"downloadable_assets":["https://voa-video-ns.akamaized.net/pangeavideo/2026/08/2/27/271d092b-d86c-40bd-80f2-08decae8682a_1080p.mp4?cb=ee20c5e18"],"duration_display":"2:15","duration_seconds":135.52,"embed_url":null,"id":3818,"image_caption":null,"image_url":"https://gdb.voanews.com/271d092b-d86c-40bd-80f2-08decae8682a_tv_mw2048_mh2048_n.jpg","is_clip":true,"item_type":"video","item_type_label":"Video","language_label":"Kurdish","media_credit":"VOA","micro_label":"Video report","micro_label_kind":"video","network_label":"VOA","network_logo_url":"/static/uploads/direct_network_logos/voa_1ef13eedbd2f.svg","published_at":"2026-08-11T00:04:40.327000","published_at_display":"11 Aug 2026, 00:04 GMT","sequence_badge_label":null,"sequence_count":null,"sequence_count_label":null,"sequence_frames":[],"sequence_kind":null,"source_name":"dengeamerika_com_direct","source_name_label":"Dengeamerika","source_type":"direct_api","summary":"Senator\u00ea Komar\u00ee y\u00ea Teksas\u00ea (Texas) Ted Cruz got ku Kurd hevalbend\u00ean dilsoz \u00ean Amer\u00eekay\u00ea ne \u00fb di gelek \u015fer \u00fb pev\u00e7\u00fbnan de hevbe\u015f b\u00fbn, dikarin bibin be\u015fek ji lawazkirina Komara \u00ceslam\u00ee ya \u00ceran\u00ea.","title":"Senator\u00ea Komar\u00ee Ted Cruz Banga Pi\u015ftevan\u00eey\u00ea bo Kurdan Dike","topic":"V\u00eedyo Galer\u00ee","translation_language":"","url":"https://voa-video-ns.akamaized.net/pangeavideo/2026/08/2/27/271d092b-d86c-40bd-80f2-08decae8682a_1080p.mp4?cb=ee20c5e18","video_url":"https://voa-video-ns.akamaized.net/pangeavideo/2026/08/2/27/271d092b-d86c-40bd-80f2-08decae8682a_1080p.mp4?cb=ee20c5e18"},{"article_body_paragraphs":[],"audio_source_url":null,"author":null,"available_dubs":[],"downloadable_assets":["https://voa-video-ns.akamaized.net/pangeavideo/2026/08/e/e3/e32c9dca-7b1e-4146-a165-08def2b10d93_1080p.mp4?cb=ee20c60c4"],"duration_display":"1:13","duration_seconds":73.64,"embed_url":null,"id":3817,"image_caption":null,"image_url":"https://gdb.voanews.com/e32c9dca-7b1e-4146-a165-08def2b10d93_tv_mw2048_mh2048_n.jpg","is_clip":true,"item_type":"video","item_type_label":"Video","language_label":"Kurdish","media_credit":"VOA","micro_label":"Video report","micro_label_kind":"video","network_label":"VOA","network_logo_url":"/static/uploads/direct_network_logos/voa_1ef13eedbd2f.svg","published_at":"2026-08-11T00:00:30.840000","published_at_display":"11 Aug 2026, 00:00 GMT","sequence_badge_label":null,"sequence_count":null,"sequence_count_label":null,"sequence_frames":[],"sequence_kind":null,"source_name":"dengeamerika_com_direct","source_name_label":"Dengeamerika","source_type":"direct_api","summary":"Li welat\u00ea Kolomb\u00eeyay\u00ea erdhejek bih\u00eaze 7.4 pile p\u00eakhat her\u00ee k\u00eam 47 kesan jiyana xwe ji dest da. P\u00eazan\u00een\u00ean z\u00eadetiir di raport\u00ea de hene.","title":"Kolomb\u00eeya Rast\u00ee Erdhejek Bih\u00eaz Hat","topic":"V\u00eedyo Galer\u00ee","translation_language":"","url":"https://voa-video-ns.akamaized.net/pangeavideo/2026/08/e/e3/e32c9dca-7b1e-4146-a165-08def2b10d93_1080p.mp4?cb=ee20c60c4","video_url":"https://voa-video-ns.akamaized.net/pangeavideo/2026/08/e/e3/e32c9dca-7b1e-4146-a165-08def2b10d93_1080p.mp4?cb=ee20c60c4"},{"article_body_paragraphs":[],"audio_source_url":null,"author":null,"available_dubs":[],"downloadable_assets":["https://voa-video-ns.akamaized.net/pangeavideo/2026/08/8/82/8231ec3d-f5b0-4d3b-46fd-08decadaa577_1080p.mp4?cb=ee20c534e"],"duration_display":"2:00","duration_seconds":120.87,"embed_url":null,"id":3801,"image_caption":null,"image_url":"https://gdb.voanews.com/8231ec3d-f5b0-4d3b-46fd-08decadaa577_tv_mw2048_mh2048_n.jpg","is_clip":true,"item_type":"video","item_type_label":"Video","language_label":"Kurdish","media_credit":"VOA","micro_label":"Video report","micro_label_kind":"video","network_label":"VOA","network_logo_url":"/static/uploads/direct_network_logos/voa_1ef13eedbd2f.svg","published_at":"2026-08-10T23:18:38.170000","published_at_display":"10 Aug 2026, 23:18 GMT","sequence_badge_label":null,"sequence_count":null,"sequence_count_label":null,"sequence_frames":[],"sequence_kind":null,"source_name":"dengeamerika_com_direct","source_name_label":"Dengeamerika","source_type":"direct_api","summary":"Z\u00eadekirina fi\u015far\u00ean abor\u00ee li ser \u00ceran\u00ea di rojeva siyas\u00ee ya Amer\u00eekay\u00ea de ye, hin Amer\u00eek\u00ee difikirin ku bandora z\u00eadekirin zext\u00ean abor\u00ee bo ser hik\u00fbmeta Tehran\u00ea d\u00ea ji zext\u00ean le\u015fker\u00ee bih\u00eaztir be.","title":"Amer\u00eeka Difikire Zext\u00ean Abor\u00ee li Ser \u00ceran\u00ea Z\u00eade Bike","topic":"V\u00eedyo Galer\u00ee","translation_language":"","url":"https://voa-video-ns.akamaized.net/pangeavideo/2026/08/8/82/8231ec3d-f5b0-4d3b-46fd-08decadaa577_1080p.mp4?cb=ee20c534e","video_url":"https://voa-video-ns.akamaized.net/pangeavideo/2026/08/8/82/8231ec3d-f5b0-4d3b-46fd-08decadaa577_1080p.mp4?cb=ee20c534e"},{"article_body_paragraphs":[],"audio_source_url":null,"author":null,"available_dubs":[],"downloadable_assets":["https://voa-video-ns.akamaized.net/pangeavideo/2026/08/d/db/db7d67ba-8e69-48d2-f19a-08def2b12219_1080p.mp4?cb=ee20c22ea"],"duration_display":"8:30","duration_seconds":510.72,"embed_url":null,"id":3751,"image_caption":null,"image_url":"https://gdb.voanews.com/db7d67ba-8e69-48d2-f19a-08def2b12219_tv_mw2048_mh2048_n.jpg","is_clip":false,"item_type":"video","item_type_label":"Video","language_label":"Kurdish","media_credit":"VOA","micro_label":"Video report","micro_label_kind":"video","network_label":"VOA","network_logo_url":"/static/uploads/direct_network_logos/voa_1ef13eedbd2f.svg","published_at":"2026-08-10T19:52:10.503000","published_at_display":"10 Aug 2026, 19:52 GMT","sequence_badge_label":null,"sequence_count":null,"sequence_count_label":null,"sequence_frames":[],"sequence_kind":null,"source_name":"dengeamerika_com_direct","source_name_label":"Dengeamerika","source_type":"direct_api","summary":"Senator\u00ea Komar\u00ee Ted Cruz di roj\u00ean bor\u00ee de daxuyan\u00ee li ser bih\u00eazkirina opozisyona li dij\u00ee hik\u00fbmeta Tehran\u00ea dab\u00fbn, w\u00ee gotb\u00fb ku p\u00eaw\u00eeste Amer\u00eeka pi\u015ftevan\u00eeya Kurdan bike. Meysem Morad\u00ee, Pispor\u00ea T\u00eakiliy\u00ean Navnetewey\u00ee, bersiva pirs\u00ean Deng\u00ea Amer\u00eeka dide.","title":"Nirxandin Derbar\u00ea Pir\u00e7ekkirin Kurdan li \u00ceran\u00ea","topic":"V\u00eedyo Galer\u00ee","translation_language":"","url":"https://voa-video-ns.akamaized.net/pangeavideo/2026/08/d/db/db7d67ba-8e69-48d2-f19a-08def2b12219_1080p.mp4?cb=ee20c22ea","video_url":"https://voa-video-ns.akamaized.net/pangeavideo/2026/08/d/db/db7d67ba-8e69-48d2-f19a-08def2b12219_1080p.mp4?cb=ee20c22ea"}],"next_num":18,"page":17,"pages":26,"per_page":20,"prev_num":16,"total":513}
