{"applied_filters":{"end_date":"","lang":"","language":"","network":"","page":2,"per_page":20,"search":"","source":"dengeamerika_com_direct","start_date":"","topic":"","type":""},"available_filters":{"language_choices":[{"label":"Choose Language","value":""},{"label":"English","value":"English"},{"label":"Espa\u00f1ol","value":"Espa\u00f1ol"},{"label":"Kurdish","value":"Kurdish"}],"network_choices":[{"label":"All networks","value":""},{"label":"VOA","value":"VOA"}],"source_choices":[{"label":"All sources","value":""},{"label":"Current Time","value":"currenttime_tv_direct"},{"label":"Current Time","value":"currenttime_tv_rss"},{"label":"Da Azadi Radio","value":"da_azadiradio_com_rss"},{"label":"Darivoa","value":"darivoa_com_rss"},{"label":"Dengeamerika","value":"dengeamerika_com_direct"},{"label":"Dengeamerika","value":"dengeamerika_com_rss"},{"label":"Dengiamerika","value":"dengiamerika_com_direct"},{"label":"Dengiamerika","value":"dengiamerika_com_rss"},{"label":"Editorials VOA","value":"editorials_voa_gov_rss"},{"label":"Golosameriki","value":"golosameriki_com_direct"},{"label":"Golosameriki","value":"golosameriki_com_rss"},{"label":"Ir VOA News","value":"ir_voanews_com_rss"},{"label":"Mashaalradio","value":"mashaalradio_com_direct"},{"label":"Moldova Europalibera","value":"moldova_europalibera_org_direct"},{"label":"Moldova Europalibera","value":"moldova_europalibera_org_rss"},{"label":"OCB Spanish Audio","value":"ocb_spanish_audio_scrape"},{"label":"OCB Spanish Video","value":"ocb_spanish_video_scrape"},{"label":"Pa Azadi Radio","value":"pa_azadiradio_com_rss"},{"label":"Pashtovoa","value":"pashtovoa_com_rss"},{"label":"Radiofaarda","value":"radiofaarda_com_direct"},{"label":"Radio Farda","value":"radiofarda_com_direct"},{"label":"Radio Farda","value":"radiofarda_com_rss"},{"label":"Radiosvoboda","value":"radiosvoboda_org_rss"},{"label":"Radiotavisupleba","value":"radiotavisupleba_ge_direct"},{"label":"Radiotavisupleba","value":"radiotavisupleba_ge_rss"},{"label":"Radiotelevisionmarti","value":"radiotelevisionmarti_com_direct"},{"label":"Radiotelevisionmarti","value":"radiotelevisionmarti_com_rss"},{"label":"RFA Burmese","value":"rfa_burmese_rss"},{"label":"RFA Burmese Video Scrape","value":"rfa_burmese_video_scrape"},{"label":"RFA Cantonese","value":"rfa_cantonese_rss"},{"label":"RFA Cantonese Video Scrape","value":"rfa_cantonese_video_scrape"},{"label":"RFA English RSS","value":"rfa_english_rss"},{"label":"RFA English Video","value":"rfa_english_video_scrape"},{"label":"RFA Khmer","value":"rfa_khmer_rss"},{"label":"RFA Khmer Video Scrape","value":"rfa_khmer_video_scrape"},{"label":"RFA Korean","value":"rfa_korean_rss"},{"label":"RFA Korean Video Scrape","value":"rfa_korean_video_scrape"},{"label":"RFA Lao","value":"rfa_lao_rss"},{"label":"RFA Lao Video Scrape","value":"rfa_lao_video_scrape"},{"label":"RFA Mandarin","value":"rfa_mandarin_rss"},{"label":"RFA Mandarin Video Scrape","value":"rfa_mandarin_video_scrape"},{"label":"RFA Tibetan","value":"rfa_tibetan_rss"},{"label":"RFA Tibetan Video Scrape","value":"rfa_tibetan_video_scrape"},{"label":"RFA Uyghur","value":"rfa_uyghur_rss"},{"label":"RFA Uyghur Video Scrape","value":"rfa_uyghur_video_scrape"},{"label":"RFA Vietnamese","value":"rfa_vietnamese_rss"},{"label":"RFA Vietnamese Video Scrape","value":"rfa_vietnamese_video_scrape"},{"label":"RFE/RL Direct","value":"rferl_direct"},{"label":"RFE/RL","value":"rferl_org_rss"},{"label":"Slobodnaevropa","value":"slobodnaevropa_org_direct"},{"label":"Slobodnaevropa","value":"slobodnaevropa_org_rss"},{"label":"Svoboda","value":"svoboda_org_direct"},{"label":"Svoboda","value":"svoboda_org_rss"},{"label":"Ukrainian VOA News","value":"ukrainian_voanews_com_rss"},{"label":"VOA Chinese Direct","value":"voa_chinese_direct"},{"label":"VOA Chinese RSS","value":"voa_chinese_rss"},{"label":"VOA Dari Direct","value":"voa_dari_direct"},{"label":"VOA Korea Direct","value":"voa_korea_direct"},{"label":"VOA Pashto Direct","value":"voa_pashto_direct"},{"label":"VOA Persian Direct","value":"voa_persian_direct"},{"label":"Voakorea","value":"voakorea_com_rss"}],"sources":["currenttime_tv_direct","currenttime_tv_rss","da_azadiradio_com_rss","darivoa_com_rss","dengeamerika_com_direct","dengeamerika_com_rss","dengiamerika_com_direct","dengiamerika_com_rss","editorials_voa_gov_rss","golosameriki_com_direct","golosameriki_com_rss","ir_voanews_com_rss","mashaalradio_com_direct","moldova_europalibera_org_direct","moldova_europalibera_org_rss","ocb_spanish_audio_scrape","ocb_spanish_video_scrape","pa_azadiradio_com_rss","pashtovoa_com_rss","radiofaarda_com_direct","radiofarda_com_direct","radiofarda_com_rss","radiosvoboda_org_rss","radiotavisupleba_ge_direct","radiotavisupleba_ge_rss","radiotelevisionmarti_com_direct","radiotelevisionmarti_com_rss","rfa_burmese_rss","rfa_burmese_video_scrape","rfa_cantonese_rss","rfa_cantonese_video_scrape","rfa_english_rss","rfa_english_video_scrape","rfa_khmer_rss","rfa_khmer_video_scrape","rfa_korean_rss","rfa_korean_video_scrape","rfa_lao_rss","rfa_lao_video_scrape","rfa_mandarin_rss","rfa_mandarin_video_scrape","rfa_tibetan_rss","rfa_tibetan_video_scrape","rfa_uyghur_rss","rfa_uyghur_video_scrape","rfa_vietnamese_rss","rfa_vietnamese_video_scrape","rferl_direct","rferl_org_rss","slobodnaevropa_org_direct","slobodnaevropa_org_rss","svoboda_org_direct","svoboda_org_rss","ukrainian_voanews_com_rss","voa_chinese_direct","voa_chinese_rss","voa_dari_direct","voa_korea_direct","voa_pashto_direct","voa_persian_direct","voakorea_com_rss"],"topics":["250em\u00een Salvegera Serxweb\u00fbna Amer\u00eekay\u00ea","Amer\u00eeka","Bernameya Televizyon\u00ee ya Rojane","Bernamey\u00ean radyoy\u00ea y\u00ean rojane","C\u00eehan","N\u00fb\u00e7ey\u00ean C\u00eehan\u00ea 1","N\u00fb\u00e7ey\u00ean C\u00eehan\u00ea 2","Radyo","V\u00eedyo Galer\u00ee"],"types":[["","All types"],["audio","Audio"],["video","Videos"],["clips","Clips"],["media","Media"]]},"has_next":true,"has_prev":true,"items":[{"article_body_paragraphs":[],"audio_source_url":null,"author":"Ferhan Hamaxan","available_dubs":[],"downloadable_assets":["https://voa-video-ns.akamaized.net/pangeavideo/2026/08/f/fd/fd4a3eff-95a4-4704-7f9f-08def2ed48ad_1080p.mp4?cb=ee228bd29"],"duration_display":"3:15","duration_seconds":195.44,"embed_url":null,"id":11260,"image_caption":null,"image_url":"https://gdb.voanews.com/fd4a3eff-95a4-4704-7f9f-08def2ed48ad_tv_mw2048_mh2048_n.jpg","is_clip":true,"item_type":"video","item_type_label":"Video","language_label":"Kurdish","media_credit":"VOA","micro_label":"Video report","micro_label_kind":"video","network_label":"VOA","network_logo_url":"/static/uploads/direct_network_logos/voa_1ef13eedbd2f.svg","published_at":"2026-09-01T12:33:45.197000","published_at_display":"1 Sep 2026, 12:33 GMT","sequence_badge_label":null,"sequence_count":null,"sequence_count_label":null,"sequence_frames":[],"sequence_kind":null,"source_name":"dengeamerika_com_direct","source_name_label":"Dengeamerika","source_type":"direct_api","summary":"Saleke din a xwendin\u00ea li Her\u00eama Kurdistan\u00ea dest p\u00ea dike \u00fb soz\u00ean ku zaravay\u00ea Hewram\u00ee di dersan de were z\u00eadekirin, nehatine bicihan\u00een. Ji bo b\u00eatir agahdar\u00ee di v\u00ea rapora Ferhan Hewram\u00ee de bib\u00eenin.","title":"N\u00eegeraniya Xelk\u00ea Hewraman\u00ea ji ber Neb\u00fbna Dersa bi Zaravay\u00ea Hewram\u00ee","topic":"V\u00eedyo Galer\u00ee","translation_language":"","url":"https://voa-video-ns.akamaized.net/pangeavideo/2026/08/f/fd/fd4a3eff-95a4-4704-7f9f-08def2ed48ad_1080p.mp4?cb=ee228bd29","video_url":"https://voa-video-ns.akamaized.net/pangeavideo/2026/08/f/fd/fd4a3eff-95a4-4704-7f9f-08def2ed48ad_1080p.mp4?cb=ee228bd29"},{"article_body_paragraphs":[],"audio_source_url":null,"author":null,"available_dubs":[],"downloadable_assets":["https://voa-video-ns.akamaized.net/pangeavideo/2026/08/c/cb/cbd5bdea-1a77-4c11-48af-08decadaa577_1080p.mp4?cb=ee227e561"],"duration_display":"7:49","duration_seconds":469.84,"embed_url":null,"id":11088,"image_caption":null,"image_url":"https://gdb.voanews.com/cbd5bdea-1a77-4c11-48af-08decadaa577_tv_mw2048_mh2048_n.jpg","is_clip":false,"item_type":"video","item_type_label":"Video","language_label":"Kurdish","media_credit":"VOA","micro_label":"Video report","micro_label_kind":"video","network_label":"VOA","network_logo_url":"/static/uploads/direct_network_logos/voa_1ef13eedbd2f.svg","published_at":"2026-08-31T21:13:05.170000","published_at_display":"31 Aug 2026, 21:13 GMT","sequence_badge_label":null,"sequence_count":null,"sequence_count_label":null,"sequence_frames":[],"sequence_kind":null,"source_name":"dengeamerika_com_direct","source_name_label":"Dengeamerika","source_type":"direct_api","summary":"Senator\u00ean Amer\u00eek\u00ee daxwaz dikin ku Kurd\u00ean Rojhilat li dij\u00ee Komara \u00ceslam\u00ee werin pir\u00e7ekkirin. L\u00eakoler \u00fb \u00c7avd\u00ear\u00ea Siyas\u00ee Ehmed Eskender\u00ee niv\u00eeskar n\u00ear\u00een\u00ean xwe derbar\u00ea mijar\u00ea t\u00eene ziman.","title":"Kurd\u00ean Rojhilat di Navbera Nakok\u00eey\u00ean Amer\u00eeka \u00fb \u00ceran\u00ea de","topic":"V\u00eedyo Galer\u00ee","translation_language":"","url":"https://voa-video-ns.akamaized.net/pangeavideo/2026/08/c/cb/cbd5bdea-1a77-4c11-48af-08decadaa577_1080p.mp4?cb=ee227e561","video_url":"https://voa-video-ns.akamaized.net/pangeavideo/2026/08/c/cb/cbd5bdea-1a77-4c11-48af-08decadaa577_1080p.mp4?cb=ee227e561"},{"article_body_paragraphs":[],"audio_source_url":null,"author":null,"available_dubs":[],"downloadable_assets":["https://voa-video-ns.akamaized.net/pangeavideo/2026/08/7/70/7086770f-39a5-48bd-cad3-08decaecd3b3_1080p.mp4?cb=ee227eaca"],"duration_display":"59:41","duration_seconds":3581.12,"embed_url":null,"id":11087,"image_caption":null,"image_url":"https://gdb.voanews.com/7086770f-39a5-48bd-cad3-08decaecd3b3_tv_mw2048_mh2048_n.jpg","is_clip":false,"item_type":"video","item_type_label":"Video","language_label":"Kurdish","media_credit":"VOA","micro_label":"Video report","micro_label_kind":"video","network_label":"VOA","network_logo_url":"/static/uploads/direct_network_logos/voa_1ef13eedbd2f.svg","published_at":"2026-08-31T21:12:21.560000","published_at_display":"31 Aug 2026, 21:12 GMT","sequence_badge_label":null,"sequence_count":null,"sequence_count_label":null,"sequence_frames":[],"sequence_kind":null,"source_name":"dengeamerika_com_direct","source_name_label":"Dengeamerika","source_type":"direct_api","summary":"N\u00fb\u00e7e \u00fb agah\u00eey\u00ean n\u00fb y\u00ean derbar\u00ea Amer\u00eeka, her\u00eam\u00ean kurdan \u00fb c\u00eehan\u00ea di Bernameya Televizyon\u00ee ya 31\u2019\u00ea Tebaxa 2026\u2019an de.","title":"Bernameya Televizyon\u00ee ya 31\u2019\u00ea Tebaxa 2026\u2019an","topic":"Bernameya Televizyon\u00ee ya Rojane","translation_language":"","url":"https://voa-video-ns.akamaized.net/pangeavideo/2026/08/7/70/7086770f-39a5-48bd-cad3-08decaecd3b3_1080p.mp4?cb=ee227eaca","video_url":"https://voa-video-ns.akamaized.net/pangeavideo/2026/08/7/70/7086770f-39a5-48bd-cad3-08decaecd3b3_1080p.mp4?cb=ee227eaca"},{"article_body_paragraphs":[],"audio_source_url":null,"author":null,"available_dubs":[],"downloadable_assets":["https://voa-video-ns.akamaized.net/pangeavideo/2026/08/4/47/472b461d-00fb-4d75-828a-08decae8682a_1080p.mp4?cb=ee227e3f8"],"duration_display":"4:33","duration_seconds":273.32,"embed_url":null,"id":11089,"image_caption":null,"image_url":"https://gdb.voanews.com/472b461d-00fb-4d75-828a-08decae8682a_tv_mw2048_mh2048_n.jpg","is_clip":true,"item_type":"video","item_type_label":"Video","language_label":"Kurdish","media_credit":"VOA","micro_label":"Video report","micro_label_kind":"video","network_label":"VOA","network_logo_url":"/static/uploads/direct_network_logos/voa_1ef13eedbd2f.svg","published_at":"2026-08-31T21:07:04.180000","published_at_display":"31 Aug 2026, 21:07 GMT","sequence_badge_label":null,"sequence_count":null,"sequence_count_label":null,"sequence_frames":[],"sequence_kind":null,"source_name":"dengeamerika_com_direct","source_name_label":"Dengeamerika","source_type":"direct_api","summary":"Serokomar\u00ea Tirk\u00eey\u00ea R. T. Erdogan, ragihand ku rew\u015fa li S\u00fbriy\u00ea xizmeta her\u00eameke b\u00ea teror dike. Ozlem Yasak z\u00eadetir ron\u00ee dide ser n\u00ear\u00een \u00fb daxuyan\u00eeya Erdogan.","title":"Erdogan got, P\u00ea\u015fketin\u00ean li S\u00fbriy\u00ea Xizmeta Her\u00eameke B\u00ea Teror Dike","topic":"V\u00eedyo Galer\u00ee","translation_language":"","url":"https://voa-video-ns.akamaized.net/pangeavideo/2026/08/4/47/472b461d-00fb-4d75-828a-08decae8682a_1080p.mp4?cb=ee227e3f8","video_url":"https://voa-video-ns.akamaized.net/pangeavideo/2026/08/4/47/472b461d-00fb-4d75-828a-08decae8682a_1080p.mp4?cb=ee227e3f8"},{"article_body_paragraphs":[],"audio_source_url":null,"author":"Emced Kurdo","available_dubs":[],"downloadable_assets":["https://voa-video-ns.akamaized.net/pangeavideo/2026/08/8/82/8233b883-12f0-4403-f332-08def2b12219_1080p.mp4?cb=ee227ccb1"],"duration_display":"4:17","duration_seconds":257.56,"embed_url":null,"id":11044,"image_caption":null,"image_url":"https://gdb.voanews.com/8233b883-12f0-4403-f332-08def2b12219_tv_mw2048_mh2048_n.jpg","is_clip":true,"item_type":"video","item_type_label":"Video","language_label":"Kurdish","media_credit":"VOA","micro_label":"Video report","micro_label_kind":"video","network_label":"VOA","network_logo_url":"/static/uploads/direct_network_logos/voa_1ef13eedbd2f.svg","published_at":"2026-08-31T19:27:45.760000","published_at_display":"31 Aug 2026, 19:27 GMT","sequence_badge_label":null,"sequence_count":null,"sequence_count_label":null,"sequence_frames":[],"sequence_kind":null,"source_name":"dengeamerika_com_direct","source_name_label":"Dengeamerika","source_type":"direct_api","summary":"Kurd\u00ean Rojava bi gi\u015ft\u00ee \u00fb li Qami\u015flo bi taybet\u00ee di xwep\u00ea\u015fandan\u00ean girsey\u00ee de biryara hik\u00fbmeta S\u00fbr\u00ee ya derbar\u00ea perwerdeya bi ziman\u00ea Kurd\u00ee \u015fermezarkirin. Emced Kurdo zaniyar\u00eey\u00ean z\u00eadetir derbar\u00ea wan neraz\u00eeb\u00fbnan parve dike.","title":"Kurd\u00ean Rojav Biryara Hik\u00fbmeta S\u00fbr\u00ee Derbar\u00ea Ziman\u00ea Kurd\u00ee, di Xwep\u00ea\u015fandan\u00ean Neraz\u00ee de Red Dikin","topic":"V\u00eedyo Galer\u00ee","translation_language":"","url":"https://voa-video-ns.akamaized.net/pangeavideo/2026/08/8/82/8233b883-12f0-4403-f332-08def2b12219_1080p.mp4?cb=ee227ccb1","video_url":"https://voa-video-ns.akamaized.net/pangeavideo/2026/08/8/82/8233b883-12f0-4403-f332-08def2b12219_1080p.mp4?cb=ee227ccb1"},{"article_body_paragraphs":[],"audio_source_url":null,"author":"Xec\u00eecan Farq\u00een","available_dubs":[],"downloadable_assets":["https://voa-video-ns.akamaized.net/pangeavideo/2026/08/9/90/90b8c138-529c-4218-48a9-08decadaa577_1080p.mp4?cb=ee227caf3"],"duration_display":"4:18","duration_seconds":258.03,"embed_url":null,"id":11045,"image_caption":null,"image_url":"https://gdb.voanews.com/90b8c138-529c-4218-48a9-08decadaa577_tv_mw2048_mh2048_n.jpg","is_clip":true,"item_type":"video","item_type_label":"Video","language_label":"Kurdish","media_credit":"VOA","micro_label":"Video report","micro_label_kind":"video","network_label":"VOA","network_logo_url":"/static/uploads/direct_network_logos/voa_1ef13eedbd2f.svg","published_at":"2026-08-31T19:20:19.260000","published_at_display":"31 Aug 2026, 19:20 GMT","sequence_badge_label":null,"sequence_count":null,"sequence_count_label":null,"sequence_frames":[],"sequence_kind":null,"source_name":"dengeamerika_com_direct","source_name_label":"Dengeamerika","source_type":"direct_api","summary":"Di Superl\u00eegaya Tirk\u00eay\u00ea de \u00ee\u015fev 31\u00ea Tebax\u00ea li Yar\u00eegeha Amed\u00ea t\u00eema navdar a Amedspor \u00fb Trapzonspor t\u00ean ba hev, Xec\u00eecan Farq\u00een li hember Yar\u00eegeha Amed\u00ea p\u00eazan\u00eenan derbar\u00ea L\u00eestik\u00ea dide.","title":"Amedspor \u00fb Trapzonspor \u00ce\u015fv li Yar\u00eegeha Amed\u00ea Dil\u00eezin","topic":"V\u00eedyo Galer\u00ee","translation_language":"","url":"https://voa-video-ns.akamaized.net/pangeavideo/2026/08/9/90/90b8c138-529c-4218-48a9-08decadaa577_1080p.mp4?cb=ee227caf3","video_url":"https://voa-video-ns.akamaized.net/pangeavideo/2026/08/9/90/90b8c138-529c-4218-48a9-08decadaa577_1080p.mp4?cb=ee227caf3"},{"article_body_paragraphs":[],"audio_source_url":null,"author":null,"available_dubs":[],"downloadable_assets":["https://voa-video-ns.akamaized.net/pangeavideo/2026/08/5/52/5294f3ba-8d34-4c1d-a30c-08def2b10d93_1080p.mp4?cb=ee227c018"],"duration_display":"2:16","duration_seconds":136.75,"embed_url":null,"id":11014,"image_caption":null,"image_url":"https://gdb.voanews.com/5294f3ba-8d34-4c1d-a30c-08def2b10d93_tv_mw2048_mh2048_n.jpg","is_clip":true,"item_type":"video","item_type_label":"Video","language_label":"Kurdish","media_credit":"VOA","micro_label":"Video report","micro_label_kind":"video","network_label":"VOA","network_logo_url":"/static/uploads/direct_network_logos/voa_1ef13eedbd2f.svg","published_at":"2026-08-31T18:34:00.707000","published_at_display":"31 Aug 2026, 18:34 GMT","sequence_badge_label":null,"sequence_count":null,"sequence_count_label":null,"sequence_frames":[],"sequence_kind":null,"source_name":"dengeamerika_com_direct","source_name_label":"Dengeamerika","source_type":"direct_api","summary":"Amer\u00eeka dide zan\u00een ku her hewildaneke \u00ceran\u00ea bo \u00ear\u00ee\u015feke n\u00fb li ser her\u00eam\u00ea yan \u00e7andina m\u00eenan li av\u00ean deryay\u00ee d\u00ea rast\u00ee derbey\u00ean kujer \u00fb w\u00earankar were.","title":"Amer\u00eeka Derbar\u00ea \u00car\u00ee\u015f\u00ean \u00ceran\u00ea y\u00ean T\u00eakder Hi\u015fyar Dike","topic":"V\u00eedyo Galer\u00ee","translation_language":"","url":"https://voa-video-ns.akamaized.net/pangeavideo/2026/08/5/52/5294f3ba-8d34-4c1d-a30c-08def2b10d93_1080p.mp4?cb=ee227c018","video_url":"https://voa-video-ns.akamaized.net/pangeavideo/2026/08/5/52/5294f3ba-8d34-4c1d-a30c-08def2b10d93_1080p.mp4?cb=ee227c018"},{"article_body_paragraphs":[],"audio_source_url":null,"author":null,"available_dubs":[],"downloadable_assets":["https://voa-video-ns.akamaized.net/pangeavideo/2026/08/9/9e/9ecf8784-faa6-4a09-7f9b-08def2ed48ad_1080p.mp4?cb=ee227b9c5"],"duration_display":"2:30","duration_seconds":150.6,"embed_url":null,"id":11015,"image_caption":null,"image_url":"https://gdb.voanews.com/9ecf8784-faa6-4a09-7f9b-08def2ed48ad_tv_mw2048_mh2048_n.jpg","is_clip":true,"item_type":"video","item_type_label":"Video","language_label":"Kurdish","media_credit":"VOA","micro_label":"Video report","micro_label_kind":"video","network_label":"VOA","network_logo_url":"/static/uploads/direct_network_logos/voa_1ef13eedbd2f.svg","published_at":"2026-08-31T18:07:01.830000","published_at_display":"31 Aug 2026, 18:07 GMT","sequence_badge_label":null,"sequence_count":null,"sequence_count_label":null,"sequence_frames":[],"sequence_kind":null,"source_name":"dengeamerika_com_direct","source_name_label":"Dengeamerika","source_type":"direct_api","summary":"Niha di Kongres\u00ea Amer\u00eekay\u00ea de deng\u00ean ku dib\u00eajin div\u00ea Kurd li dij\u00ee rej\u00eema \u00ceran\u00ea werin pir\u00e7ekkirin \u00fb pi\u015ftevan\u00eeya gr\u00fbp\u00ean opzisyona rej\u00eema \u00ceran\u00ea were kirin z\u00eade dibin.h. Di nav de senator\u00ea Komar\u00ee Ted Cruz.","title":"Di Kongres\u00ea de Deng\u00ean Pi\u015ftevan\u00eeya Kurdan \u00fb Gr\u00fbp\u00ean Opozisyona \u00ceran\u00ea Bilind Dibin","topic":"V\u00eedyo Galer\u00ee","translation_language":"","url":"https://voa-video-ns.akamaized.net/pangeavideo/2026/08/9/9e/9ecf8784-faa6-4a09-7f9b-08def2ed48ad_1080p.mp4?cb=ee227b9c5","video_url":"https://voa-video-ns.akamaized.net/pangeavideo/2026/08/9/9e/9ecf8784-faa6-4a09-7f9b-08def2ed48ad_1080p.mp4?cb=ee227b9c5"},{"article_body_paragraphs":[],"audio_source_url":null,"author":null,"available_dubs":[],"downloadable_assets":["https://voa-video-ns.akamaized.net/pangeavideo/2026/08/1/19/191f9e89-efc6-43d4-7f9a-08def2ed48ad_1080p.mp4?cb=ee227b8a2"],"duration_display":"1:53","duration_seconds":113.13,"embed_url":null,"id":11016,"image_caption":null,"image_url":"https://gdb.voanews.com/191f9e89-efc6-43d4-7f9a-08def2ed48ad_tv_mw2048_mh2048_n.jpg","is_clip":true,"item_type":"video","item_type_label":"Video","language_label":"Kurdish","media_credit":"VOA","micro_label":"Video report","micro_label_kind":"video","network_label":"VOA","network_logo_url":"/static/uploads/direct_network_logos/voa_1ef13eedbd2f.svg","published_at":"2026-08-31T18:02:10.570000","published_at_display":"31 Aug 2026, 18:02 GMT","sequence_badge_label":null,"sequence_count":null,"sequence_count_label":null,"sequence_frames":[],"sequence_kind":null,"source_name":"dengeamerika_com_direct","source_name_label":"Dengeamerika","source_type":"direct_api","summary":"Hin berpirs\u00ean Amer\u00eek\u00ee dib\u00eajin ku wan \u00ear\u00ee\u015f\u00ee hewildan\u00ean r\u00eagir\u00eeya m\u00een \u00e7andin\u00ea li h\u00eaz\u00ean pasdar\u00ean \u00ceran\u00ea kiriye \u00fb \u00ear\u00ee\u015f\u00ee du bingeh\u00ean wan kirine li girava Larek ya n\u00eaz\u00eek Bender Ebas pi\u015ft\u00ee ku \u00ceran\u00ea \u00ear\u00ee\u015f\u00ee bingeheke h\u00eaz\u00ean Amer\u00eek\u00ee kir li Urdun\u00ea.","title":"\u00car\u00ee\u015f \u00fb Girj\u00eey\u00ean N\u00fb di Navbera Amer\u00eeka \u00fb \u00ceran\u00ea de","topic":"V\u00eedyo Galer\u00ee","translation_language":"","url":"https://voa-video-ns.akamaized.net/pangeavideo/2026/08/1/19/191f9e89-efc6-43d4-7f9a-08def2ed48ad_1080p.mp4?cb=ee227b8a2","video_url":"https://voa-video-ns.akamaized.net/pangeavideo/2026/08/1/19/191f9e89-efc6-43d4-7f9a-08def2ed48ad_1080p.mp4?cb=ee227b8a2"},{"article_body_paragraphs":[],"audio_source_url":null,"author":null,"available_dubs":[],"downloadable_assets":["https://voa-video-ns.akamaized.net/pangeavideo/2026/08/f/f5/f5523286-1437-4d5e-f32d-08def2b12219_1080p.mp4?cb=ee227b1a1"],"duration_display":"2:26","duration_seconds":146.96,"embed_url":null,"id":10981,"image_caption":null,"image_url":"https://gdb.voanews.com/f5523286-1437-4d5e-f32d-08def2b12219_tv_mw2048_mh2048_n.jpg","is_clip":true,"item_type":"video","item_type_label":"Video","language_label":"Kurdish","media_credit":"VOA","micro_label":"Video report","micro_label_kind":"video","network_label":"VOA","network_logo_url":"/static/uploads/direct_network_logos/voa_1ef13eedbd2f.svg","published_at":"2026-08-31T17:32:17.427000","published_at_display":"31 Aug 2026, 17:32 GMT","sequence_badge_label":null,"sequence_count":null,"sequence_count_label":null,"sequence_frames":[],"sequence_kind":null,"source_name":"dengeamerika_com_direct","source_name_label":"Dengeamerika","source_type":"direct_api","summary":"Li Tirk\u00eey\u00ea \u00fb Rojhilata Nav\u00een bi gi\u015ft\u00ee vexwarina \u00e7ay\u00ea b\u00fbye be\u015fek giring ji j\u00eeyana civak\u00ean li w\u00ea her\u00eam\u00ea dij\u00een. Raport qala vexwarina \u00e7ay\u00ea li Tirk\u00eey\u00ea dike.","title":"Vexwarina \u00c7ay\u00ea Weke Kevne\u015fop\u00eeyek di Civak\u00ean Rojhilata Nav\u00een de","topic":"V\u00eedyo Galer\u00ee","translation_language":"","url":"https://voa-video-ns.akamaized.net/pangeavideo/2026/08/f/f5/f5523286-1437-4d5e-f32d-08def2b12219_1080p.mp4?cb=ee227b1a1","video_url":"https://voa-video-ns.akamaized.net/pangeavideo/2026/08/f/f5/f5523286-1437-4d5e-f32d-08def2b12219_1080p.mp4?cb=ee227b1a1"},{"article_body_paragraphs":[],"audio_source_url":null,"author":"Emced Kurdo","available_dubs":[],"downloadable_assets":["https://voa-video-ns.akamaized.net/pangeavideo/2026/08/3/32/32918c76-64a8-4bfb-489b-08decadaa577_1080p.mp4?cb=ee2277b5a"],"duration_display":"20:20","duration_seconds":1220.7,"embed_url":null,"id":10853,"image_caption":null,"image_url":"https://gdb.voanews.com/32918c76-64a8-4bfb-489b-08decadaa577_tv_mw2048_mh2048_n.jpg","is_clip":false,"item_type":"video","item_type_label":"Video","language_label":"Kurdish","media_credit":"VOA","micro_label":"Video report","micro_label_kind":"video","network_label":"VOA","network_logo_url":"/static/uploads/direct_network_logos/voa_1ef13eedbd2f.svg","published_at":"2026-08-31T13:40:42.753000","published_at_display":"31 Aug 2026, 13:40 GMT","sequence_badge_label":null,"sequence_count":null,"sequence_count_label":null,"sequence_frames":[],"sequence_kind":null,"source_name":"dengeamerika_com_direct","source_name_label":"Dengeamerika","source_type":"direct_api","summary":"Di hevpeyv\u00eeneke taybet a bi Deng\u00ea Amer\u00eekay\u00ea re, siyasetmedara Kurd ya naskir\u00ee \u00celham Ehmed qala qonaxa n\u00fb ya pi\u015ft\u00ee hilwe\u015fandina HSD\u00ea \u00fb rew\u015fa Kurd\u00ean Rojava dike.","title":"Siyasetmedara Naskir\u00ee \u00celham Ehmed Qala Rew\u015fa N\u00fb ya Rojava \u00fb S\u00fbr\u00eey\u00ea Dike","topic":"V\u00eedyo Galer\u00ee","translation_language":"","url":"https://voa-video-ns.akamaized.net/pangeavideo/2026/08/3/32/32918c76-64a8-4bfb-489b-08decadaa577_1080p.mp4?cb=ee2277b5a","video_url":"https://voa-video-ns.akamaized.net/pangeavideo/2026/08/3/32/32918c76-64a8-4bfb-489b-08decadaa577_1080p.mp4?cb=ee2277b5a"},{"article_body_paragraphs":[],"audio_source_url":null,"author":null,"available_dubs":[],"downloadable_assets":["https://voa-video-ns.akamaized.net/pangeavideo/2026/08/5/53/53ef1422-c90d-4813-f324-08def2b12219_1080p.mp4?cb=ee22779cd"],"duration_display":"1:48","duration_seconds":108.16,"embed_url":null,"id":10854,"image_caption":null,"image_url":"https://gdb.voanews.com/53ef1422-c90d-4813-f324-08def2b12219_tv_mw2048_mh2048_n.jpg","is_clip":true,"item_type":"video","item_type_label":"Video","language_label":"Kurdish","media_credit":"VOA","micro_label":"Video report","micro_label_kind":"video","network_label":"VOA","network_logo_url":"/static/uploads/direct_network_logos/voa_1ef13eedbd2f.svg","published_at":"2026-08-31T13:34:05.850000","published_at_display":"31 Aug 2026, 13:34 GMT","sequence_badge_label":null,"sequence_count":null,"sequence_count_label":null,"sequence_frames":[],"sequence_kind":null,"source_name":"dengeamerika_com_direct","source_name_label":"Dengeamerika","source_type":"direct_api","summary":"Art\u00ea\u015fa N\u00eepal\u00ea roja Yek\u015fem\u00ea operasyon\u00ean rizgarkirin\u00ea li projey\u00ean h\u00eedroelektr\u00eek\u00ea li Trishuli \u00fb Rasuwa y\u00ean ku ji ber lehiy\u00ea w\u00earan b\u00fbne, z\u00eade kirine, ku t\u00ea de bi sedan karker di tunelan de as\u00ea mane.","title":"Art\u00ea\u015fa N\u00eepal\u00ea Ooperasyon\u00ean Rizgarkirina Tunelan Destp\u00ea Dike","topic":"V\u00eedyo Galer\u00ee","translation_language":"","url":"https://voa-video-ns.akamaized.net/pangeavideo/2026/08/5/53/53ef1422-c90d-4813-f324-08def2b12219_1080p.mp4?cb=ee22779cd","video_url":"https://voa-video-ns.akamaized.net/pangeavideo/2026/08/5/53/53ef1422-c90d-4813-f324-08def2b12219_1080p.mp4?cb=ee22779cd"},{"article_body_paragraphs":[],"audio_source_url":null,"author":"\u00cevan Hes\u00eeb","available_dubs":[],"downloadable_assets":["https://voa-video-ns.akamaized.net/pangeavideo/2026/08/b/bf/bf9602ed-677e-475a-a2fd-08def2b10d93_1080p.mp4?cb=ee2277965"],"duration_display":"3:26","duration_seconds":206.84,"embed_url":null,"id":10855,"image_caption":null,"image_url":"https://gdb.voanews.com/bf9602ed-677e-475a-a2fd-08def2b10d93_tv_mw2048_mh2048_n.jpg","is_clip":true,"item_type":"video","item_type_label":"Video","language_label":"Kurdish","media_credit":"VOA","micro_label":"Video report","micro_label_kind":"video","network_label":"VOA","network_logo_url":"/static/uploads/direct_network_logos/voa_1ef13eedbd2f.svg","published_at":"2026-08-31T13:32:21.853000","published_at_display":"31 Aug 2026, 13:32 GMT","sequence_badge_label":null,"sequence_count":null,"sequence_count_label":null,"sequence_frames":[],"sequence_kind":null,"source_name":"dengeamerika_com_direct","source_name_label":"Dengeamerika","source_type":"direct_api","summary":"Li gund\u00ea Me\u2019\u015f\u00fbq \u00ea gundewar\u00ea \u00c7il Axa, Hizn\u00eeya Osman, ku bi nav\u00ea \"Ke\u00e7a Kurda\" t\u00ea nas\u00een, muzexaneyeke bi\u00e7\u00fbk di mala xwe de \u00e7\u00ea kiriye ku am\u00fbr\u00ean kelepor\u00ee, ant\u00eek \u00fb cil\u00ean gel\u00ear\u00ee y\u00ean Kurd\u00ee n\u00ee\u015fan dide. Raporta \u00cevan Hes\u00eeb b\u00eahtir zanyar\u00ee hene.","title":"Hizniya Osman Mala xwe Dike Muzexaneyeke Berhem\u00ean Kevnar","topic":"V\u00eedyo Galer\u00ee","translation_language":"","url":"https://voa-video-ns.akamaized.net/pangeavideo/2026/08/b/bf/bf9602ed-677e-475a-a2fd-08def2b10d93_1080p.mp4?cb=ee2277965","video_url":"https://voa-video-ns.akamaized.net/pangeavideo/2026/08/b/bf/bf9602ed-677e-475a-a2fd-08def2b10d93_1080p.mp4?cb=ee2277965"},{"article_body_paragraphs":[],"audio_source_url":null,"author":"R\u00eaj\u00een Ehmed","available_dubs":[],"downloadable_assets":["https://voa-video-ns.akamaized.net/pangeavideo/2026/08/5/5b/5b14e10b-a10c-4477-f317-08def2b12219_1080p.mp4?cb=ee2265bdd"],"duration_display":"3:36","duration_seconds":216.68,"embed_url":null,"id":10638,"image_caption":null,"image_url":"https://gdb.voanews.com/5b14e10b-a10c-4477-f317-08def2b12219_tv_mw2048_mh2048_n.jpg","is_clip":true,"item_type":"video","item_type_label":"Video","language_label":"Kurdish","media_credit":"VOA","micro_label":"Video report","micro_label_kind":"video","network_label":"VOA","network_logo_url":"/static/uploads/direct_network_logos/voa_1ef13eedbd2f.svg","published_at":"2026-08-30T17:07:57.530000","published_at_display":"30 Aug 2026, 17:07 GMT","sequence_badge_label":null,"sequence_count":null,"sequence_count_label":null,"sequence_frames":[],"sequence_kind":null,"source_name":"dengeamerika_com_direct","source_name_label":"Dengeamerika","source_type":"direct_api","summary":"Bajar\u00ea Akr\u00ea y\u00ea Her\u00eama Kurdistan\u00ea xwed\u00ee kolan\u00ean kevin \u00fb ciwan e ku bi awayek\u00ee rojane bala serdaner \u00fb ge\u015ft\u00eeyaran diki\u015f\u00eenin\u00fb hin r\u00fbni\u015ftvan\u00ean baj\u00ear mal\u00ean xwe kirine tabloy\u00ean huner\u00ee y\u00ean ciwan.","title":"Kolan\u00ean Kevin \u00ean Akr\u00ea Bala Ge\u015ft\u00eeyaran Diki\u015f\u00eenin","topic":"V\u00eedyo Galer\u00ee","translation_language":"","url":"https://voa-video-ns.akamaized.net/pangeavideo/2026/08/5/5b/5b14e10b-a10c-4477-f317-08def2b12219_1080p.mp4?cb=ee2265bdd","video_url":"https://voa-video-ns.akamaized.net/pangeavideo/2026/08/5/5b/5b14e10b-a10c-4477-f317-08def2b12219_1080p.mp4?cb=ee2265bdd"},{"article_body_paragraphs":[],"audio_source_url":"https://voa-audio-ns.akamaized.net/vku/2026/08/30/20260830-170500-vku053-program_hq.mp3","author":null,"available_dubs":[],"downloadable_assets":["https://voa-audio-ns.akamaized.net/vku/2026/08/30/20260830-170500-vku053-program_hq.mp3"],"duration_display":"54:59","duration_seconds":3299.0,"embed_url":null,"id":10652,"image_caption":null,"image_url":null,"is_clip":false,"item_type":"audio","item_type_label":"Audio","language_label":"Kurdish","media_credit":"VOA","micro_label":"Audio program","micro_label_kind":"audio","network_label":"VOA","network_logo_url":"/static/uploads/direct_network_logos/voa_1ef13eedbd2f.svg","published_at":"2026-08-30T17:05:00","published_at_display":"30 Aug 2026, 17:05 GMT","sequence_badge_label":null,"sequence_count":null,"sequence_count_label":null,"sequence_frames":[],"sequence_kind":null,"source_name":"dengeamerika_com_direct","source_name_label":"Dengeamerika","source_type":"direct_api","summary":null,"title":"Bernama Duy\u00ea","topic":null,"translation_language":"","url":"https://voa-audio-ns.akamaized.net/vku/2026/08/30/20260830-170500-vku053-program_hq.mp3","video_url":null},{"article_body_paragraphs":[],"audio_source_url":null,"author":"R\u00eaj\u00een Ehmed","available_dubs":[],"downloadable_assets":["https://voa-video-ns.akamaized.net/pangeavideo/2026/08/7/7f/7fb5b317-24ff-4642-a2f2-08def2b10d93_1080p.mp4?cb=ee22659a1"],"duration_display":"2:34","duration_seconds":154.09,"embed_url":null,"id":10640,"image_caption":null,"image_url":"https://gdb.voanews.com/7fb5b317-24ff-4642-a2f2-08def2b10d93_tv_mw2048_mh2048_n.jpg","is_clip":true,"item_type":"video","item_type_label":"Video","language_label":"Kurdish","media_credit":"VOA","micro_label":"Video report","micro_label_kind":"video","network_label":"VOA","network_logo_url":"/static/uploads/direct_network_logos/voa_1ef13eedbd2f.svg","published_at":"2026-08-30T17:03:33.787000","published_at_display":"30 Aug 2026, 17:03 GMT","sequence_badge_label":null,"sequence_count":null,"sequence_count_label":null,"sequence_frames":[],"sequence_kind":null,"source_name":"dengeamerika_com_direct","source_name_label":"Dengeamerika","source_type":"direct_api","summary":"\u00car\u00ee\u015f\u00ean \u00ceran\u00ea li ser Her\u00eama Kurdistan \u00ceraq\u00ea ku bandoreke mezin li ser gelek al\u00eey\u00ean jiyan\u00ea kirin, b\u00fbne cih\u00ea neraz\u00eeb\u00fbna xelk\u00ea Her\u00eam\u00ea. Ew dib\u00eajin ku p\u00eaw\u00eest hik\u00fbmeta \u00ceraq\u00ea bi erk\u00ea xwe rabe \u00fb axa her\u00eam\u00ea bipar\u00eaze. Raporta R\u00eaj\u00een Ehmed b\u00eahtir agah\u00ee hene.","title":"Kar\u00eeger\u00eeya \u00car\u00ee\u015f\u00ean \u00ceran\u00ea li Her\u00eama Kurdistan\u00ea","topic":"V\u00eedyo Galer\u00ee","translation_language":"","url":"https://voa-video-ns.akamaized.net/pangeavideo/2026/08/7/7f/7fb5b317-24ff-4642-a2f2-08def2b10d93_1080p.mp4?cb=ee22659a1","video_url":"https://voa-video-ns.akamaized.net/pangeavideo/2026/08/7/7f/7fb5b317-24ff-4642-a2f2-08def2b10d93_1080p.mp4?cb=ee22659a1"},{"article_body_paragraphs":[],"audio_source_url":"https://voa-audio-ns.akamaized.net/vku/2026/08/30/20260830-170000-vku053-program_hq.mp3","author":null,"available_dubs":[],"downloadable_assets":["https://voa-audio-ns.akamaized.net/vku/2026/08/30/20260830-170000-vku053-program_hq.mp3"],"duration_display":"4:59","duration_seconds":299.0,"embed_url":null,"id":10639,"image_caption":null,"image_url":null,"is_clip":false,"item_type":"audio","item_type_label":"Audio","language_label":"Kurdish","media_credit":"VOA","micro_label":"Audio program","micro_label_kind":"audio","network_label":"VOA","network_logo_url":"/static/uploads/direct_network_logos/voa_1ef13eedbd2f.svg","published_at":"2026-08-30T17:00:00","published_at_display":"30 Aug 2026, 17:00 GMT","sequence_badge_label":null,"sequence_count":null,"sequence_count_label":null,"sequence_frames":[],"sequence_kind":null,"source_name":"dengeamerika_com_direct","source_name_label":"Dengeamerika","source_type":"direct_api","summary":"N\u00fb\u00e7ey\u00ean C\u00eehan\u00ea ji Deng\u00ea Amer\u00eeka","title":"N\u00fb\u00e7ey\u00ean 1\u2019\u00ea pa\u015fn\u00eevro","topic":"Radyo","translation_language":"","url":"https://voa-audio-ns.akamaized.net/vku/2026/08/30/20260830-170000-vku053-program_hq.mp3","video_url":null},{"article_body_paragraphs":[],"audio_source_url":null,"author":"Xec\u00eecan Farq\u00een","available_dubs":[],"downloadable_assets":["https://voa-video-ns.akamaized.net/pangeavideo/2026/08/0/09/091fd142-e355-4cc4-8272-08decae8682a_1080p.mp4?cb=ee2265857"],"duration_display":"3:35","duration_seconds":215.61,"embed_url":null,"id":10632,"image_caption":null,"image_url":"https://gdb.voanews.com/091fd142-e355-4cc4-8272-08decae8682a_tv_mw2048_mh2048_n.jpg","is_clip":true,"item_type":"video","item_type_label":"Video","language_label":"Kurdish","media_credit":"VOA","micro_label":"Video report","micro_label_kind":"video","network_label":"VOA","network_logo_url":"/static/uploads/direct_network_logos/voa_1ef13eedbd2f.svg","published_at":"2026-08-30T16:59:03.587000","published_at_display":"30 Aug 2026, 16:59 GMT","sequence_badge_label":null,"sequence_count":null,"sequence_count_label":null,"sequence_frames":[],"sequence_kind":null,"source_name":"dengeamerika_com_direct","source_name_label":"Dengeamerika","source_type":"direct_api","summary":"S\u00eeyasetmedar\u00ea navdar \u00ea Kurd Mehd\u00ee Zana, ku doh \u015eem\u00eey\u00ea di 86 sal\u00eeya xwe de li Amed\u00ea ko\u00e7a daw\u00ee kir, li p\u00ea\u015f avah\u00eeya \u015faredar\u00eeya baj\u00ear bi meras\u00eemek\u00ea hate oxirkirin \u00fb pi\u015ftre li goristana Yenikoy\u00ea bi ax\u00ea hat sipartin. Raporta Xec\u00eecan Farq\u00een b\u00eahtir zanyar\u00ee hene.","title":"Medh\u00ee Zana li Bajar\u00ea Amed\u00ea t\u00ea Binaxkirin","topic":"V\u00eedyo Galer\u00ee","translation_language":"","url":"https://voa-video-ns.akamaized.net/pangeavideo/2026/08/0/09/091fd142-e355-4cc4-8272-08decae8682a_1080p.mp4?cb=ee2265857","video_url":"https://voa-video-ns.akamaized.net/pangeavideo/2026/08/0/09/091fd142-e355-4cc4-8272-08decae8682a_1080p.mp4?cb=ee2265857"},{"article_body_paragraphs":[],"audio_source_url":"https://voa-audio-ns.akamaized.net/vku/2026/08/30/20260830-150000-vku053-program_hq.mp3","author":null,"available_dubs":[],"downloadable_assets":["https://voa-audio-ns.akamaized.net/vku/2026/08/30/20260830-150000-vku053-program_hq.mp3"],"duration_display":"9:59","duration_seconds":599.0,"embed_url":null,"id":10591,"image_caption":null,"image_url":null,"is_clip":false,"item_type":"audio","item_type_label":"Audio","language_label":"Kurdish","media_credit":"VOA","micro_label":"Audio program","micro_label_kind":"audio","network_label":"VOA","network_logo_url":"/static/uploads/direct_network_logos/voa_1ef13eedbd2f.svg","published_at":"2026-08-30T15:00:00","published_at_display":"30 Aug 2026, 15:00 GMT","sequence_badge_label":null,"sequence_count":null,"sequence_count_label":null,"sequence_frames":[],"sequence_kind":null,"source_name":"dengeamerika_com_direct","source_name_label":"Dengeamerika","source_type":"direct_api","summary":"N\u00fb\u00e7ey\u00ean C\u00eehan\u00ea ji Deng\u00ea Amer\u00eeka","title":"N\u00fb\u00e7ey\u00ean C\u00eehan\u00ea 1","topic":"N\u00fb\u00e7ey\u00ean C\u00eehan\u00ea 1","translation_language":"","url":"https://voa-audio-ns.akamaized.net/vku/2026/08/30/20260830-150000-vku053-program_hq.mp3","video_url":null},{"article_body_paragraphs":[],"audio_source_url":null,"author":"Xetab Omer","available_dubs":[],"downloadable_assets":["https://voa-video-ns.akamaized.net/pangeavideo/2026/08/9/95/954b1c95-5958-4358-7f83-08def2ed48ad_1080p.mp4?cb=ee2263788"],"duration_display":"3:09","duration_seconds":189.5,"embed_url":null,"id":10571,"image_caption":null,"image_url":"https://gdb.voanews.com/954b1c95-5958-4358-7f83-08def2ed48ad_tv_mw2048_mh2048_n.jpg","is_clip":true,"item_type":"video","item_type_label":"Video","language_label":"Kurdish","media_credit":"VOA","micro_label":"Video report","micro_label_kind":"video","network_label":"VOA","network_logo_url":"/static/uploads/direct_network_logos/voa_1ef13eedbd2f.svg","published_at":"2026-08-30T14:37:52.160000","published_at_display":"30 Aug 2026, 14:37 GMT","sequence_badge_label":null,"sequence_count":null,"sequence_count_label":null,"sequence_frames":[],"sequence_kind":null,"source_name":"dengeamerika_com_direct","source_name_label":"Dengeamerika","source_type":"direct_api","summary":"Hec\u00ee Ferest \u00c7emcan\u00ee, ku xwed\u00eey\u00ea a\u015fek\u00ee \u00e7\u00eakirina teh\u00eena kezwan\u00ean ku dever\u00ean \u00e7iyay\u00ee y\u00ean nav\u00e7eya Am\u00ead\u00eey\u00ea p\u00ea naskir\u00ee ne, behsa proseya \u00e7\u00eakirina teh\u00een\u00ea dike. Raporta Xetab Omer, b\u00eahtir zanyar\u00ee hene.","title":"\u00c7\u00eakirina Teh\u00een\u00ea ji Kezwan\u00ean \u00c7iyay\u00ea Kurejar\u00ea","topic":"V\u00eedyo Galer\u00ee","translation_language":"","url":"https://voa-video-ns.akamaized.net/pangeavideo/2026/08/9/95/954b1c95-5958-4358-7f83-08def2ed48ad_1080p.mp4?cb=ee2263788","video_url":"https://voa-video-ns.akamaized.net/pangeavideo/2026/08/9/95/954b1c95-5958-4358-7f83-08def2ed48ad_1080p.mp4?cb=ee2263788"}],"next_num":3,"page":2,"pages":26,"per_page":20,"prev_num":1,"total":506}
