{"applied_filters":{"end_date":"","lang":"","language":"","network":"","page":2,"per_page":20,"search":"","source":"dengeamerika_com_rss","start_date":"","topic":"","type":""},"available_filters":{"language_choices":[{"label":"Choose Language","value":""},{"label":"Kurdish","value":"Kurdish"}],"network_choices":[{"label":"All networks","value":""},{"label":"VOA","value":"VOA"}],"source_choices":[{"label":"All sources","value":""},{"label":"Current Time","value":"currenttime_tv_direct"},{"label":"Current Time","value":"currenttime_tv_rss"},{"label":"Da Azadi Radio","value":"da_azadiradio_com_rss"},{"label":"Darivoa","value":"darivoa_com_rss"},{"label":"Dengeamerika","value":"dengeamerika_com_direct"},{"label":"Dengeamerika","value":"dengeamerika_com_rss"},{"label":"Dengiamerika","value":"dengiamerika_com_direct"},{"label":"Dengiamerika","value":"dengiamerika_com_rss"},{"label":"Editorials VOA","value":"editorials_voa_gov_rss"},{"label":"Golosameriki","value":"golosameriki_com_direct"},{"label":"Golosameriki","value":"golosameriki_com_rss"},{"label":"Ir VOA News","value":"ir_voanews_com_rss"},{"label":"Mashaalradio","value":"mashaalradio_com_direct"},{"label":"Moldova Europalibera","value":"moldova_europalibera_org_direct"},{"label":"Moldova Europalibera","value":"moldova_europalibera_org_rss"},{"label":"OCB Spanish Video","value":"ocb_spanish_video_scrape"},{"label":"Pa Azadi Radio","value":"pa_azadiradio_com_rss"},{"label":"Pashtovoa","value":"pashtovoa_com_rss"},{"label":"Radiofaarda","value":"radiofaarda_com_direct"},{"label":"Radio Farda","value":"radiofarda_com_direct"},{"label":"Radio Farda","value":"radiofarda_com_rss"},{"label":"Radiosvoboda","value":"radiosvoboda_org_rss"},{"label":"Radiotavisupleba","value":"radiotavisupleba_ge_direct"},{"label":"Radiotavisupleba","value":"radiotavisupleba_ge_rss"},{"label":"Radiotelevisionmarti","value":"radiotelevisionmarti_com_direct"},{"label":"Radiotelevisionmarti","value":"radiotelevisionmarti_com_rss"},{"label":"RFA Burmese","value":"rfa_burmese_rss"},{"label":"RFA Burmese Video Scrape","value":"rfa_burmese_video_scrape"},{"label":"RFA Cantonese","value":"rfa_cantonese_rss"},{"label":"RFA Cantonese Video Scrape","value":"rfa_cantonese_video_scrape"},{"label":"RFA English RSS","value":"rfa_english_rss"},{"label":"RFA English Video","value":"rfa_english_video_scrape"},{"label":"RFA Khmer","value":"rfa_khmer_rss"},{"label":"RFA Khmer Video Scrape","value":"rfa_khmer_video_scrape"},{"label":"RFA Korean","value":"rfa_korean_rss"},{"label":"RFA Korean Video Scrape","value":"rfa_korean_video_scrape"},{"label":"RFA Lao","value":"rfa_lao_rss"},{"label":"RFA Lao Video Scrape","value":"rfa_lao_video_scrape"},{"label":"RFA Mandarin","value":"rfa_mandarin_rss"},{"label":"RFA Mandarin Video Scrape","value":"rfa_mandarin_video_scrape"},{"label":"RFA Tibetan","value":"rfa_tibetan_rss"},{"label":"RFA Tibetan Video Scrape","value":"rfa_tibetan_video_scrape"},{"label":"RFA Uyghur","value":"rfa_uyghur_rss"},{"label":"RFA Uyghur Video Scrape","value":"rfa_uyghur_video_scrape"},{"label":"RFA Vietnamese","value":"rfa_vietnamese_rss"},{"label":"RFA Vietnamese Video Scrape","value":"rfa_vietnamese_video_scrape"},{"label":"RFE/RL Direct","value":"rferl_direct"},{"label":"RFE/RL","value":"rferl_org_rss"},{"label":"Slobodnaevropa","value":"slobodnaevropa_org_direct"},{"label":"Slobodnaevropa","value":"slobodnaevropa_org_rss"},{"label":"Svoboda","value":"svoboda_org_direct"},{"label":"Svoboda","value":"svoboda_org_rss"},{"label":"Ukrainian VOA News","value":"ukrainian_voanews_com_rss"},{"label":"VOA Chinese Direct","value":"voa_chinese_direct"},{"label":"VOA Chinese RSS","value":"voa_chinese_rss"},{"label":"VOA Dari Direct","value":"voa_dari_direct"},{"label":"VOA Korea Direct","value":"voa_korea_direct"},{"label":"VOA Pashto Direct","value":"voa_pashto_direct"},{"label":"VOA Persian Direct","value":"voa_persian_direct"},{"label":"Voakorea","value":"voakorea_com_rss"}],"sources":["currenttime_tv_direct","currenttime_tv_rss","da_azadiradio_com_rss","darivoa_com_rss","dengeamerika_com_direct","dengeamerika_com_rss","dengiamerika_com_direct","dengiamerika_com_rss","editorials_voa_gov_rss","golosameriki_com_direct","golosameriki_com_rss","ir_voanews_com_rss","mashaalradio_com_direct","moldova_europalibera_org_direct","moldova_europalibera_org_rss","ocb_spanish_video_scrape","pa_azadiradio_com_rss","pashtovoa_com_rss","radiofaarda_com_direct","radiofarda_com_direct","radiofarda_com_rss","radiosvoboda_org_rss","radiotavisupleba_ge_direct","radiotavisupleba_ge_rss","radiotelevisionmarti_com_direct","radiotelevisionmarti_com_rss","rfa_burmese_rss","rfa_burmese_video_scrape","rfa_cantonese_rss","rfa_cantonese_video_scrape","rfa_english_rss","rfa_english_video_scrape","rfa_khmer_rss","rfa_khmer_video_scrape","rfa_korean_rss","rfa_korean_video_scrape","rfa_lao_rss","rfa_lao_video_scrape","rfa_mandarin_rss","rfa_mandarin_video_scrape","rfa_tibetan_rss","rfa_tibetan_video_scrape","rfa_uyghur_rss","rfa_uyghur_video_scrape","rfa_vietnamese_rss","rfa_vietnamese_video_scrape","rferl_direct","rferl_org_rss","slobodnaevropa_org_direct","slobodnaevropa_org_rss","svoboda_org_direct","svoboda_org_rss","ukrainian_voanews_com_rss","voa_chinese_direct","voa_chinese_rss","voa_dari_direct","voa_korea_direct","voa_pashto_direct","voa_persian_direct","voakorea_com_rss"],"topics":[],"types":[["","All types"],["article","Articles"],["video","Videos"],["clips","Clips"],["media","Media"]]},"has_next":false,"has_prev":true,"items":[{"article_body_paragraphs":[],"audio_source_url":null,"author":null,"available_dubs":[],"downloadable_assets":["https://gdb.voanews.com/f7b68e77-f382-4bf8-8ce8-01aea281558e_cx0_cy4_cw0_w1600_r1_n_s.jpg"],"duration_display":"0:00","duration_seconds":null,"embed_url":"https://www.youtube.com/embed/5x8_BNunf68?&amp;&amp;","id":11832,"image_caption":"Ted Cruz ligel Serok\u00ea Amer\u00eekay\u00ea Donald Trump li Ko\u015fka Sp\u00ee.","image_url":"https://gdb.voanews.com/f7b68e77-f382-4bf8-8ce8-01aea281558e_cx0_cy4_cw0_w1600_r1_n_s.jpg","is_clip":true,"item_type":"video","item_type_label":"Video","language_label":"Kurdish","media_credit":null,"micro_label":"Video report","micro_label_kind":"video","network_label":"VOA","network_logo_url":"/static/uploads/direct_network_logos/voa_1ef13eedbd2f.svg","published_at":"2026-08-31T13:27:26","published_at_display":"31 Aug 2026, 13:27 GMT","sequence_badge_label":null,"sequence_count":null,"sequence_count_label":null,"sequence_frames":[],"sequence_kind":null,"source_name":"dengeamerika_com_rss","source_name_label":"Dengeamerika","source_type":"rss","summary":"Senator\u00ea Komar\u00ee Ted Cruz dib\u00eaje w\u00ee daxwaz ji Serok\u00ea Amer\u00eekay\u00ea Donald Trump kir ku Kurdan \u00fb xwep\u00ea\u015fander\u00ean li \u00ceran\u00ea bi \u00e7ek bike \u00fb wan bi al\u00eekariya le\u015fker\u00ee destek bike, da ku gel\u00ea \u00ceran\u00ea bi xwe rej\u00eema Komara \u00ceslam\u00ee ji desthilat\u00ea rake. Cruz di hevpeyv\u00eenek\u00ea de ya bi NBC News re got ku ne div\u00ea h\u00eaz\u00ean Amer\u00eek\u00ee bo \u00ceran\u00ea werin \u015fandin, l\u00ea div\u00ea xwep\u00ea\u015fander\u00ean \u00ceran\u00ee bi alav\u00ean p\u00eaw\u00eest b\u00eane destek kirin. Ted Cruz, bi taybet\u00ee Kurd wek\u00ee h\u00eazeke ku dikare di v\u00ea p\u00eavajoy\u00ea de roleke gir\u00eeng bil\u00eeze n\u00ee\u015fan da. Cruz herwiha got ku armanca demdir\u00eaj ya siyaseta Washington\u00ea div\u00ea hilwe\u015fandina rej\u00eema \u00ceran\u00ea be. Derabr\u00ea neraz\u00eeb\u00fbna Tirk\u00eey\u00ea ji \u00e7ekdarkirina Kurdan j\u00ee, Ted Cruz got ku baweriya min ewe ku Enqere div\u00ea nebe asteng\u00ee li hember v\u00ea siyaset\u00ea. Ev daxwaz di demek\u00ea de t\u00ea ku girj\u00eey\u00ean di navbera Washington \u00fb Tehran\u00ea de berdewam e \u00fb Amer\u00eekay\u00ea di 31\u00ea Tebax\u00ea de li ser girava Larek \u00ear\u00ee\u015f\u00ean n\u00fb li dij\u00ee h\u00eaz\u00ean \u00ceran\u00ea encam dane.","title":"Ted Cruz Daxwaza Pir\u00e7ekkirna Kurdan ji Serok Trump Dike","topic":null,"translation_language":"","url":"https://www.dengeamerika.com/a/ted-cruz/8192410.html","video_url":null},{"article_body_paragraphs":[],"audio_source_url":null,"author":null,"available_dubs":[],"downloadable_assets":["https://gdb.voanews.com/f7b68e77-f382-4bf8-8ce8-01aea281558e_cx0_cy4_cw0_w1600_r1_n_s.jpg"],"duration_display":"0:00","duration_seconds":null,"embed_url":null,"id":10862,"image_caption":"Ted Cruz ligel Serok\u00ea Amer\u00eekay\u00ea Donald Trump li Ko\u015fka Sp\u00ee.","image_url":"https://gdb.voanews.com/f7b68e77-f382-4bf8-8ce8-01aea281558e_cx0_cy4_cw0_w1600_r1_n_s.jpg","is_clip":false,"item_type":"article","item_type_label":"Article","language_label":"Kurdish","media_credit":null,"micro_label":"Photo","micro_label_kind":"gallery","network_label":"VOA","network_logo_url":"/static/uploads/direct_network_logos/voa_1ef13eedbd2f.svg","published_at":"2026-08-31T13:27:26","published_at_display":"31 Aug 2026, 13:27 GMT","sequence_badge_label":null,"sequence_count":null,"sequence_count_label":null,"sequence_frames":[],"sequence_kind":null,"source_name":"dengeamerika_com_rss","source_name_label":"Dengeamerika","source_type":"rss","summary":"Senator\u00ea Komar\u00ee Ted Cruz dib\u00eaje w\u00ee daxwaz ji Serok\u00ea Amer\u00eekay\u00ea Donald Trump kir ku Kurdan \u00fb xwep\u00ea\u015fander\u00ean li \u00ceran\u00ea bi \u00e7ek bike \u00fb wan bi al\u00eekariya le\u015fker\u00ee destek bike, da ku gel\u00ea \u00ceran\u00ea bi xwe rej\u00eema Komara \u00ceslam\u00ee ji desthilat\u00ea rake. Cruz di hevpeyv\u00eenek\u00ea de ya bi NBC News re got ku ne div\u00ea h\u00eaz\u00ean Amer\u00eek\u00ee bo \u00ceran\u00ea werin \u015fandin, l\u00ea div\u00ea xwep\u00ea\u015fander\u00ean \u00ceran\u00ee bi alav\u00ean p\u00eaw\u00eest b\u00eane destek kirin. Ted Cruz, bi taybet\u00ee Kurd wek\u00ee h\u00eazeke ku dikare di v\u00ea p\u00eavajoy\u00ea de roleke gir\u00eeng bil\u00eeze n\u00ee\u015fan da. Cruz herwiha got ku armanca demdir\u00eaj ya siyaseta Washington\u00ea div\u00ea hilwe\u015fandina rej\u00eema \u00ceran\u00ea be. Derabr\u00ea neraz\u00eeb\u00fbna Tirk\u00eey\u00ea ji \u00e7ekdarkirina Kurdan j\u00ee, Ted Cruz got ku baweriya min ewe ku Enqere div\u00ea nebe asteng\u00ee li hember v\u00ea siyaset\u00ea. Ev daxwaz di demek\u00ea de t\u00ea ku girj\u00eey\u00ean di navbera Washington \u00fb Tehran\u00ea de berdewam e \u00fb Amer\u00eekay\u00ea di 31\u00ea Tebax\u00ea de li ser girava Larek \u00ear\u00ee\u015f\u00ean n\u00fb li dij\u00ee h\u00eaz\u00ean \u00ceran\u00ea encam dane.","title":"Ted Cruz Daxwaza Pir\u00e7ekkirna Kurdan ji Serok Trump Dike","topic":null,"translation_language":"","url":"https://www.dengeamerika.com/a/ted-cruz/8192410.html","video_url":null}],"next_num":null,"page":2,"pages":2,"per_page":20,"prev_num":1,"total":22}
