{"applied_filters":{"end_date":"","lang":"","language":"","network":"","page":2,"per_page":20,"search":"","source":"moldova_europalibera_org_rss","start_date":"","topic":"","type":""},"available_filters":{"language_choices":[{"label":"Choose Language","value":""},{"label":"Romanian","value":"Romanian"}],"network_choices":[{"label":"All networks","value":""},{"label":"RFE/RL","value":"RFE/RL"}],"source_choices":[{"label":"All sources","value":""},{"label":"Current Time","value":"currenttime_tv_direct"},{"label":"Current Time","value":"currenttime_tv_rss"},{"label":"Da Azadi Radio","value":"da_azadiradio_com_rss"},{"label":"Darivoa","value":"darivoa_com_rss"},{"label":"Dengeamerika","value":"dengeamerika_com_direct"},{"label":"Dengeamerika","value":"dengeamerika_com_rss"},{"label":"Dengiamerika","value":"dengiamerika_com_direct"},{"label":"Dengiamerika","value":"dengiamerika_com_rss"},{"label":"Editorials VOA","value":"editorials_voa_gov_rss"},{"label":"Golosameriki","value":"golosameriki_com_direct"},{"label":"Golosameriki","value":"golosameriki_com_rss"},{"label":"Ir VOA News","value":"ir_voanews_com_rss"},{"label":"Mashaalradio","value":"mashaalradio_com_direct"},{"label":"Moldova Europalibera","value":"moldova_europalibera_org_direct"},{"label":"Moldova Europalibera","value":"moldova_europalibera_org_rss"},{"label":"OCB Spanish Audio","value":"ocb_spanish_audio_scrape"},{"label":"OCB Spanish Video","value":"ocb_spanish_video_scrape"},{"label":"Pa Azadi Radio","value":"pa_azadiradio_com_rss"},{"label":"Pashtovoa","value":"pashtovoa_com_rss"},{"label":"Radiofaarda","value":"radiofaarda_com_direct"},{"label":"Radio Farda","value":"radiofarda_com_direct"},{"label":"Radio Farda","value":"radiofarda_com_rss"},{"label":"Radiosvoboda","value":"radiosvoboda_org_rss"},{"label":"Radiotavisupleba","value":"radiotavisupleba_ge_direct"},{"label":"Radiotavisupleba","value":"radiotavisupleba_ge_rss"},{"label":"Radiotelevisionmarti","value":"radiotelevisionmarti_com_direct"},{"label":"Radiotelevisionmarti","value":"radiotelevisionmarti_com_rss"},{"label":"RFA Burmese","value":"rfa_burmese_rss"},{"label":"RFA Burmese Video Scrape","value":"rfa_burmese_video_scrape"},{"label":"RFA Cantonese","value":"rfa_cantonese_rss"},{"label":"RFA Cantonese Video Scrape","value":"rfa_cantonese_video_scrape"},{"label":"RFA English RSS","value":"rfa_english_rss"},{"label":"RFA English Video","value":"rfa_english_video_scrape"},{"label":"RFA Khmer","value":"rfa_khmer_rss"},{"label":"RFA Khmer Video Scrape","value":"rfa_khmer_video_scrape"},{"label":"RFA Korean","value":"rfa_korean_rss"},{"label":"RFA Korean Video Scrape","value":"rfa_korean_video_scrape"},{"label":"RFA Lao","value":"rfa_lao_rss"},{"label":"RFA Lao Video Scrape","value":"rfa_lao_video_scrape"},{"label":"RFA Mandarin","value":"rfa_mandarin_rss"},{"label":"RFA Mandarin Video Scrape","value":"rfa_mandarin_video_scrape"},{"label":"RFA Tibetan","value":"rfa_tibetan_rss"},{"label":"RFA Tibetan Video Scrape","value":"rfa_tibetan_video_scrape"},{"label":"RFA Uyghur","value":"rfa_uyghur_rss"},{"label":"RFA Uyghur Video Scrape","value":"rfa_uyghur_video_scrape"},{"label":"RFA Vietnamese","value":"rfa_vietnamese_rss"},{"label":"RFA Vietnamese Video Scrape","value":"rfa_vietnamese_video_scrape"},{"label":"RFE/RL Direct","value":"rferl_direct"},{"label":"RFE/RL","value":"rferl_org_rss"},{"label":"Slobodnaevropa","value":"slobodnaevropa_org_direct"},{"label":"Slobodnaevropa","value":"slobodnaevropa_org_rss"},{"label":"Svoboda","value":"svoboda_org_direct"},{"label":"Svoboda","value":"svoboda_org_rss"},{"label":"Ukrainian VOA News","value":"ukrainian_voanews_com_rss"},{"label":"VOA Chinese Direct","value":"voa_chinese_direct"},{"label":"VOA Chinese RSS","value":"voa_chinese_rss"},{"label":"VOA Dari Direct","value":"voa_dari_direct"},{"label":"VOA Korea Direct","value":"voa_korea_direct"},{"label":"VOA Pashto Direct","value":"voa_pashto_direct"},{"label":"VOA Persian Direct","value":"voa_persian_direct"},{"label":"Voakorea","value":"voakorea_com_rss"}],"sources":["currenttime_tv_direct","currenttime_tv_rss","da_azadiradio_com_rss","darivoa_com_rss","dengeamerika_com_direct","dengeamerika_com_rss","dengiamerika_com_direct","dengiamerika_com_rss","editorials_voa_gov_rss","golosameriki_com_direct","golosameriki_com_rss","ir_voanews_com_rss","mashaalradio_com_direct","moldova_europalibera_org_direct","moldova_europalibera_org_rss","ocb_spanish_audio_scrape","ocb_spanish_video_scrape","pa_azadiradio_com_rss","pashtovoa_com_rss","radiofaarda_com_direct","radiofarda_com_direct","radiofarda_com_rss","radiosvoboda_org_rss","radiotavisupleba_ge_direct","radiotavisupleba_ge_rss","radiotelevisionmarti_com_direct","radiotelevisionmarti_com_rss","rfa_burmese_rss","rfa_burmese_video_scrape","rfa_cantonese_rss","rfa_cantonese_video_scrape","rfa_english_rss","rfa_english_video_scrape","rfa_khmer_rss","rfa_khmer_video_scrape","rfa_korean_rss","rfa_korean_video_scrape","rfa_lao_rss","rfa_lao_video_scrape","rfa_mandarin_rss","rfa_mandarin_video_scrape","rfa_tibetan_rss","rfa_tibetan_video_scrape","rfa_uyghur_rss","rfa_uyghur_video_scrape","rfa_vietnamese_rss","rfa_vietnamese_video_scrape","rferl_direct","rferl_org_rss","slobodnaevropa_org_direct","slobodnaevropa_org_rss","svoboda_org_direct","svoboda_org_rss","ukrainian_voanews_com_rss","voa_chinese_direct","voa_chinese_rss","voa_dari_direct","voa_korea_direct","voa_pashto_direct","voa_persian_direct","voakorea_com_rss"],"topics":[],"types":[["","All types"],["article","Articles"],["audio","Audio"],["video","Videos"],["clips","Clips"],["media","Media"]]},"has_next":true,"has_prev":true,"items":[{"article_body_paragraphs":[],"audio_source_url":null,"author":"Eugen Uru\u0219ciuc","available_dubs":[],"downloadable_assets":["https://gdb.rferl.org/69382675-9c6c-4777-eac4-08def2afcad7_cx11_cy3_cw80_w1600_r1_n_s.png"],"duration_display":"0:00","duration_seconds":null,"embed_url":null,"id":12395,"image_caption":"Pe 1 septembrie, Adunarea Popular\u0103 a G\u0103g\u0103uziei urma s\u0103 decid\u0103 data alegerilor pentru func\u021bia de ba\u0219can al autonomiei, \u00eens\u0103 nu a \u00eentrunit cvorumul necesar.","image_url":"https://gdb.rferl.org/69382675-9c6c-4777-eac4-08def2afcad7_cx11_cy3_cw80_w1600_r1_n_s.png","is_clip":false,"item_type":"article","item_type_label":"Article","language_label":"Romanian","media_credit":"Eugen Uru\u0219ciuc","micro_label":"Photo","micro_label_kind":"gallery","network_label":"RFE/RL","network_logo_url":"/static/uploads/direct_network_logos/rfe_rl_e69d397fdd7d.png","published_at":"2026-09-01T14:53:20","published_at_display":"1 Sep 2026, 14:53 GMT","sequence_badge_label":null,"sequence_count":null,"sequence_count_label":null,"sequence_frames":[],"sequence_kind":null,"source_name":"moldova_europalibera_org_rss","source_name_label":"Moldova Europalibera","source_type":"rss","summary":"Adunarea Popular\u0103 de la Comrat nu a reu\u0219it s\u0103 stabileasc\u0103 data alegerilor anticipate pentru func\u021bia de ba\u0219can al G\u0103g\u0103uziei, dar Comisia Electoral\u0103 Central\u0103 a decis, \u00een baza modific\u0103rilor recente a Codului Electoral, c\u0103 scrutinul va avea loc pe 15 noiembrie, odat\u0103 cu cel pentru legislativul local. Ce crede\u021bi despre faptul c\u0103 data alegerilor pentru func\u021bia de ba\u0219can al G\u0103g\u0103uziei a fost stabilit\u0103 de CEC? Click pentru a participa la un SONDAJ La \u0219edin\u021ba de mar\u021bi a Adun\u0103rii Populare a G\u0103g\u0103uziei au fost prezen\u021bi doar 10 din totalul celor 35 de deputa\u021bi, respectiv, nu a fost \u00eentrunit cvorumul pentru a putea fi stabilit\u0103 data alegerilor anticipate pentru func\u021bia de guvernator (ba\u0219can) al autonomiei. Func\u021bia a fost declarat\u0103 vacant\u0103 la mijlocul lunii august, la un an de la condamnarea Evgheniei Gu\u021bul, \u00een prima instan\u021b\u0103, la 7 ani de \u00eenchisoare pentru complicitate la finan\u021barea ilegal\u0103 a fostului Partid \u0218or. Vicespicherul Nicolae Ormanji a spus Europei Libere c\u0103 \u201eatitudinea de boicot\u201d din partea unor deputa\u021bi este mai veche \u0219i c\u0103 \u00een Adunarea Popular\u0103 sunt mai multe \u201egrupuri de interese\u201d. Un alt vicepre\u0219edinte al Adun\u0103rii Populare, Gheorghe Leiciu, a spus c\u0103, \u00een aceste condi\u021bii, decizia poate fi luat\u0103 de Comisia Electoral\u0103 Central\u0103 (CEC) \u00een baza prevederilor aprobate s\u0103pt\u0103m\u00e2na trecut\u0103 de Parlament, chiar dac\u0103 \u201emajoritatea din G\u0103g\u0103uzia nu este de acord cu ele\u201d. Leiciu a admis, \u00eentr-o discu\u021bie cu Europa Liber\u0103, c\u0103 cele dou\u0103 scrutine vor avea loc concomitent, chiar dac\u0103 vor fi contestate de o parte din cet\u0103\u021beni \u0219i de elitele politice locale, deoarece mul\u021bi g\u0103g\u0103uzi consider\u0103 ilegal\u0103 condamnarea Evgheniei Gu\u021bul, \u00een timp ce \u201eo alt\u0103 parte crede c\u0103 acum trebuie ales un ba\u0219can legitim\u201d. La un briefing \u021binut \u00een dup\u0103 amiaza zilei, spicherul g\u0103g\u0103uz Valentin Gaidarji a acuzat guvernarea de la Chi\u0219in\u0103u c\u0103 alimenteaz\u0103 criza din G\u0103g\u0103uzia, iar pe deputa\u021bii care nu au venit la \u0219edin\u021b\u0103 \u2013 c\u0103 ar face jocul autorit\u0103\u021bilor centrale. Nici Guvernul, nici partidul de guvern\u0103m\u00e2nt (PAS) nu au comentat situa\u021bia din G\u0103g\u0103uzia \u0219i declara\u021biile oficialilor de la Comrat. CEC: \u201eNu putem admite ca cet\u0103\u021benii s\u0103 fie priva\u021bi de dreptul de a alege\u201d La dou\u0103 ore distan\u021b\u0103, CEC s-a \u00eentrunit \u00een \u0219edin\u021b\u0103 \u0219i a decis, cu \u0219ase voturi pro \u0219i dou\u0103 ab\u021bineri, c\u0103 alegerile ba\u0219canului vor avea loc concomitent cu cele pentru legislativul de la Comrat, adic\u0103 pe 15 noiembrie, dup\u0103 ce a constatat c\u0103 Adunarea Popular\u0103 a avut trei tentative e\u0219uate de a stabili data anticipatelor. Decizia CEC poate fi contestat\u0103 \u00een termen de trei zile. Vicepre\u0219edintele CEC, Pavel Postica, a explicat Europei Libere c\u0103 1 septembrie a fost data limit\u0103 c\u00e2nd Adunarea Popular\u0103 mai putea fixa ziua scrutinului pentru postul de guvernator. Dar pentru c\u0103 a ratat aceast\u0103 posibilitate, decizia a trecut \u00een competen\u021ba Comisiei Electorale de la Chi\u0219in\u0103u. Postica a precizat c\u0103, atunci c\u00e2nd a fost modificat Codul Electoral, s-a urm\u0103rit, inclusiv, prevenirea unor astfel de blocaje: \u201eNu mai putem admite ca aleg\u0103torii din autonomie s\u0103 fie priva\u021bi de dreptul de alege \u0219i de a fi ale\u0219i\u201d. CEC a stabilit cu 6 voturi pro \u0219i dou\u0103 ab\u021bineri c\u0103 alegerile ba\u0219canului g\u0103g\u0103uz vor avea loc pe 15 noiembrie, concomitent cu cele \u00een legislativul local. Atmosfer\u0103 incert\u0103 \u00een G\u0103g\u0103uzia \u201eIncert\u0103\u201d, a\u0219a descrie atmosfera din cercurile politice \u0219i cele decizionale de la Comrat directorul portalului de \u0219tiri din G\u0103g\u0103uzia laf.md , Vitali Gaidarji. Potrivit lui, elitele politice de la Comrat nu \u0219i-ar dori nici alegeri pentru Adunarea Popular\u0103, nici pentru ba\u0219can. Dar, spune Gaidarji, Comratul nu va mai putea bloca procesele electorale, iar scrutinele vor fi organizate \u0219i desf\u0103\u0219urate cu implicarea Comisiei Electorale de la Chi\u0219in\u0103u. Scrutinul din 15 noiembrie ar putea fi boicotate mai pu\u021bin de aleg\u0103tori, dar \u00eentr-o m\u0103sur\u0103 mai mare de politicieni locali. \u201eUnii dintre ei ar putea s\u0103 refuze s\u0103 se \u00eenscrie \u00een curs\u0103 pentru alegerile \u00een Adunarea Popular\u0103\u201d, a spus jurnalistul \u00eentr-o discu\u021bie cu Europa Liber\u0103. Se ivesc primii candida\u021bi Unii politicieni g\u0103g\u0103uzi au anun\u021bat deja c\u0103 vor candida pentru func\u021bia de guvernator, printre ei num\u0103r\u00e2ndu-se \u0219i fostul deputat comunist Fiodor Gagauz. Anterior, s-a vehiculat \u00een spa\u021biul public c\u0103 \u0219i actualul spicher al G\u0103g\u0103uziei, Valentin Gaidarji, ar putea candida. Pe de alt\u0103 parte, Evghenia Gu\u021bul se crede \u00een continuare ba\u0219can\u0103, chiar dac\u0103 Adunarea Popular\u0103 a declarat vacant\u0103 func\u021bia pe 17 august. Prin avoca\u021bii s\u0103i, ea transmite mesaje pe re\u021belele de socializare din numele ba\u0219canului autonomiei. Un ultim asemenea mesaj a fost adresat elevilor, profesorilor \u0219i p\u0103rin\u021bilor din G\u0103g\u0103uzia cu ocazia \u00eenceputului anului \u0219colar, la 1 septembrie. Sergiu Moraru, unul dintre avoca\u021bii Evgheniei Gu\u021bul, a sugerat, \u00eentr-o discu\u021bie cu Europa Liber\u0103, c\u0103 este dreptul clientei sale s\u0103 se considere sau nu ba\u0219can al autonomiei. \u201eEa insist\u0103 c\u0103 este nevinovat\u0103 \u0219i, respectiv, respinge toate consecin\u021bele care decurg din acuza\u021biile din dosar\u201d, a spus Moraru. Legea privind statutul juridic al G\u0103g\u0103uziei spune c\u0103 ba\u0219canul este \u201epersoana oficial\u0103 suprem\u0103 a G\u0103g\u0103uziei\u201d, c\u0103reia i se subordoneaz\u0103 toate autorit\u0103\u021bile administra\u021biei publice ale autonomiei. Este ales pentru un mandat de patru ani, fiind \u0219i membru din oficiu al Guvernului R. Moldova. Viitorul ba\u0219can va fi al nou\u0103lea la num\u0103r. \u25c9 SONDAJ S-a dat startul perioadei electorale Mandatul Adun\u0103rii Populare a expirat \u00eenc\u0103 noiembrie 2025, av\u00e2nd de atunci atribu\u021bii limitate, dar autonomia g\u0103g\u0103uz\u0103 nu a reu\u0219it s\u0103 organizeze alegeri din cauza unor dispute de ordin juridic \u0219i politic cu autorit\u0103\u021bile centrale. Blocajul electoral a fost dep\u0103\u0219it dup\u0103 ce Parlamentul a modificat \u2013 \u00een urma unei decizii a Cur\u021bii Constitu\u021bionale \u2013 Codul Electoral, la sf\u00e2r\u0219it de august, \u00eentr-o \u0219edin\u021b\u0103 extraordinar\u0103. Pre\u0219edinta Maia Sandu a promulgat modific\u0103rile pe 26 august. Tot pe 26 august, CEC a aprobat calendarul electoral, stabilind c\u0103 alegerile \u00een Adunarea Popular\u0103 vor avea loc pe 15 noiembrie. Pe 28 august, CEC a anun\u021bat \u00eenceputul perioadei electorale, c\u00e2nd urmeaz\u0103 s\u0103 fie constituite organele electorale locale \u0219i sec\u021biile de votare \u0219i s\u0103 fie recep\u021bionate dosarele pentru \u00eenregistrarea candida\u021bilor la func\u021bia de deputat. Campania electoral\u0103 pentru alegerile \u00een legislativul g\u0103g\u0103uz va \u00eencepe pe 16 octombrie, adic\u0103 cu o lun\u0103 p\u00e2n\u0103 \u00een ziua alegerilor. La fel, CEC a publicat lista partidelor care au dreptul s\u0103 participe la alegerile din 15 noiembrie \u2013 37 din cele 66 de forma\u021biuni politice \u00eenregistrate la Agen\u021bia Servicii Publice \u2013 \u0219i a \u00eendemnat media \u0219i difuzorii de publicitate s\u0103 anun\u021be condi\u021biile de oferire a spa\u021biului publicitar concuren\u021bilor electorali. Potrivit recentelor modific\u0103ri ale Codului Electoral al R. Moldova, alegerile \u00een Adunarea Popular\u0103 din acest an vor fi ultimele c\u00e2nd deputa\u021bii g\u0103g\u0103uzi vor fi ale\u0219i \u00een 35 de circumscrip\u021bii electorale uninominale, c\u00e2te unul \u00een fiecare. \u00cencep\u00e2nd cu alegerile urm\u0103toare, cele din 2030, autonomia va trece la sistemul electoral propor\u021bional, \u00een care mandatele se atribuie propor\u021bional cu num\u0103rul de voturi ob\u021binute la nivel regional, pe liste de partid, a\u0219a cum sunt ale\u0219i deputa\u021bii din Parlament \u0219i consilierii locali \u00een restul \u021b\u0103rii. Guvernatorul va fi \u00een continuare ales cu votul direct al locuitorilor autonomiei. Dar legea spune acum c\u0103 un candidat pentru acest post trebuie s\u0103 cunoasc\u0103 limbile rom\u00e2n\u0103 \u0219i g\u0103g\u0103uz\u0103, s\u0103 aib\u0103 35 de ani \u00eemplini\u021bi, s\u0103 fi locuit p\u00e2n\u0103 la alegeri cel pu\u021bin 10 ani \u00een autonomia g\u0103g\u0103uz\u0103 \u0219i s\u0103 prezinte dovada studiilor superioare. \u00cen cazul \u00een care Comratul va refuza s\u0103-\u0219i delege reprezentan\u021bi \u00een Consiliul Electoral local, CEC va putea suplini num\u0103rul necesar de membri. Conducerea Adun\u0103rii Populare a criticat modific\u0103rile operate la Codul Electoral, acuz\u00e2nd Chi\u0219in\u0103ul c\u0103 a decis \u201eunilateral\u201d \u0219i a solicitat Comisiei de la Vene\u021bia o expertiz\u0103. Europa Liber\u0103 Moldova este \u0219i pe Google News. Aboneaz\u0103-te .","title":"G\u0103g\u0103uzii urmeaz\u0103 s\u0103-\u0219i aleag\u0103 ba\u0219canul \u0219i deputa\u021bii locali \u00een aceea\u0219i zi, pe 15 noiembrie","topic":null,"translation_language":"","url":"https://www.europalibera.md/a/gagauzii-urmeaza-sa-si-aleaga-bascanul-si-deputatii-locali-in-aceeasi-zi-pe-15-noiembrie/33844918.html","video_url":null},{"article_body_paragraphs":[],"audio_source_url":null,"author":"Eugen Uru\u0219ciuc","available_dubs":[],"downloadable_assets":["https://gdb.rferl.org/69382675-9c6c-4777-eac4-08def2afcad7_cx11_cy3_cw80_w1600_r1_n_s.png"],"duration_display":"0:00","duration_seconds":null,"embed_url":null,"id":12016,"image_caption":"Pe 1 septembrie, Adunarea Popular\u0103 a G\u0103g\u0103uziei urma s\u0103 decid\u0103 data alegerilor pentru func\u021bia de ba\u0219can al autonomiei, \u00eens\u0103 nu a \u00eentrunit cvorumul necesar.","image_url":"https://gdb.rferl.org/69382675-9c6c-4777-eac4-08def2afcad7_cx11_cy3_cw80_w1600_r1_n_s.png","is_clip":false,"item_type":"article","item_type_label":"Article","language_label":"Romanian","media_credit":"Eugen Uru\u0219ciuc","micro_label":"Photo","micro_label_kind":"gallery","network_label":"RFE/RL","network_logo_url":"/static/uploads/direct_network_logos/rfe_rl_e69d397fdd7d.png","published_at":"2026-09-01T14:53:20","published_at_display":"1 Sep 2026, 14:53 GMT","sequence_badge_label":null,"sequence_count":null,"sequence_count_label":null,"sequence_frames":[],"sequence_kind":null,"source_name":"moldova_europalibera_org_rss","source_name_label":"Moldova Europalibera","source_type":"rss","summary":"Adunarea Popular\u0103 de la Comrat nu a reu\u0219it s\u0103 stabileasc\u0103 data alegerilor anticipate pentru func\u021bia de ba\u0219can al G\u0103g\u0103uziei, dar Comisia Electoral\u0103 Central\u0103 a decis, \u00een baza modific\u0103rilor recente a Codului Electoral, c\u0103 scrutinul va avea loc pe 15 noiembrie, odat\u0103 cu cel pentru legislativul local. Ce crede\u021bi despre faptul c\u0103 data alegerilor pentru func\u021bia de ba\u0219can al G\u0103g\u0103uziei a fost stabilit\u0103 de CEC? Click pentru a participa la un SONDAJ La \u0219edin\u021ba de mar\u021bi a Adun\u0103rii Populare a G\u0103g\u0103uziei au fost prezen\u021bi doar 10 din totalul celor 35 de deputa\u021bi, respectiv, nu a fost \u00eentrunit cvorumul pentru a putea fi stabilit\u0103 data alegerilor anticipate pentru func\u021bia de guvernator (ba\u0219can) al autonomiei. Func\u021bia a fost declarat\u0103 vacant\u0103 la mijlocul lunii august, la un an de la condamnarea Evgheniei Gu\u021bul, \u00een prima instan\u021b\u0103, la 7 ani de \u00eenchisoare pentru complicitate la finan\u021barea ilegal\u0103 a fostului Partid \u0218or. Vicespicherul Nicolae Ormanji a spus Europei Libere c\u0103 \u201eatitudinea de boicot\u201d din partea unor deputa\u021bi este mai veche \u0219i c\u0103 \u00een Adunarea Popular\u0103 sunt mai multe \u201egrupuri de interese\u201d. Un alt vicepre\u0219edinte al Adun\u0103rii Populare, Gheorghe Leiciu, a spus c\u0103, \u00een aceste condi\u021bii, decizia poate fi luat\u0103 de Comisia Electoral\u0103 Central\u0103 (CEC) \u00een baza prevederilor aprobate s\u0103pt\u0103m\u00e2na trecut\u0103 de Parlament, chiar dac\u0103 \u201emajoritatea din G\u0103g\u0103uzia nu este de acord cu ele\u201d. Leiciu a admis, \u00eentr-o discu\u021bie cu Europa Liber\u0103, c\u0103 cele dou\u0103 scrutine vor avea loc concomitent, chiar dac\u0103 vor fi contestate de o parte din cet\u0103\u021beni \u0219i de elitele politice locale, deoarece mul\u021bi g\u0103g\u0103uzi consider\u0103 ilegal\u0103 condamnarea Evgheniei Gu\u021bul, \u00een timp ce \u201eo alt\u0103 parte crede c\u0103 acum trebuie ales un ba\u0219can legitim\u201d. La un briefing \u021binut \u00een dup\u0103 amiaza zilei, spicherul g\u0103g\u0103uz Valentin Gaidarji a acuzat guvernarea de la Chi\u0219in\u0103u c\u0103 alimenteaz\u0103 criza din G\u0103g\u0103uzia, iar pe deputa\u021bii care nu au venit la \u0219edin\u021b\u0103 \u2013 c\u0103 ar face jocul autorit\u0103\u021bilor centrale. Nici Guvernul, nici partidul de guvern\u0103m\u00e2nt (PAS) nu au comentat situa\u021bia din G\u0103g\u0103uzia \u0219i declara\u021biile oficialilor de la Comrat. CEC: \u201eNu putem admite ca cet\u0103\u021benii s\u0103 fie priva\u021bi de dreptul de a alege\u201d La dou\u0103 ore distan\u021b\u0103, CEC s-a \u00eentrunit \u00een \u0219edin\u021b\u0103 \u0219i a decis, cu \u0219ase voturi pro \u0219i dou\u0103 ab\u021bineri, c\u0103 alegerile ba\u0219canului vor avea loc concomitent cu cele pentru legislativul de la Comrat, adic\u0103 pe 15 noiembrie, dup\u0103 ce a constatat c\u0103 Adunarea Popular\u0103 a avut trei tentative e\u0219uate de a stabili data anticipatelor. Decizia CEC poate fi contestat\u0103 \u00een termen de trei zile. Vicepre\u0219edintele CEC, Pavel Postica, a explicat Europei Libere c\u0103 1 septembrie a fost data limit\u0103 c\u00e2nd Adunarea Popular\u0103 mai putea fixa ziua scrutinului pentru postul de guvernator. Dar pentru c\u0103 a ratat aceast\u0103 posibilitate, decizia a trecut \u00een competen\u021ba Comisiei Electorale de la Chi\u0219in\u0103u. Postica a precizat c\u0103, atunci c\u00e2nd a fost modificat Codul Electoral, s-a urm\u0103rit, inclusiv, prevenirea unor astfel de blocaje: \u201eNu mai putem admite ca aleg\u0103torii din autonomie s\u0103 fie priva\u021bi de dreptul de alege \u0219i de a fi ale\u0219i\u201d. CEC a stabilit cu 6 voturi pro \u0219i dou\u0103 ab\u021bineri c\u0103 alegerile ba\u0219canului g\u0103g\u0103uz vor avea loc pe 15 noiembrie, concomitent cu cele \u00een legislativul local. Atmosfer\u0103 incert\u0103 \u00een G\u0103g\u0103uzia \u201eIncert\u0103\u201d, a\u0219a descrie atmosfera din cercurile politice \u0219i cele decizionale de la Comrat directorul portalului de \u0219tiri din G\u0103g\u0103uzia laf.md , Vitali Gaidarji. Potrivit lui, elitele politice de la Comrat nu \u0219i-ar dori nici alegeri pentru Adunarea Popular\u0103, nici pentru ba\u0219can. Dar, spune Gaidarji, Comratul nu va mai putea bloca procesele electorale, iar scrutinele vor fi organizate \u0219i desf\u0103\u0219urate cu implicarea Comisiei Electorale de la Chi\u0219in\u0103u. Scrutinul din 15 noiembrie ar putea fi boicotate mai pu\u021bin de aleg\u0103tori, dar \u00eentr-o m\u0103sur\u0103 mai mare de politicieni locali. \u201eUnii dintre ei ar putea s\u0103 refuze s\u0103 se \u00eenscrie \u00een curs\u0103 pentru alegerile \u00een Adunarea Popular\u0103\u201d, a spus jurnalistul \u00eentr-o discu\u021bie cu Europa Liber\u0103. Se ivesc primii candida\u021bi Unii politicieni g\u0103g\u0103uzi au anun\u021bat deja c\u0103 vor candida pentru func\u021bia de guvernator, printre ei num\u0103r\u00e2ndu-se \u0219i fostul deputat comunist Fiodor Gagauz. Anterior, s-a vehiculat \u00een spa\u021biul public c\u0103 \u0219i actualul spicher al G\u0103g\u0103uziei, Valentin Gaidarji, ar putea candida. Pe de alt\u0103 parte, Evghenia Gu\u021bul se crede \u00een continuare ba\u0219can\u0103, chiar dac\u0103 Adunarea Popular\u0103 a declarat vacant\u0103 func\u021bia pe 17 august. Prin avoca\u021bii s\u0103i, ea transmite mesaje pe re\u021belele de socializare din numele ba\u0219canului autonomiei. Un ultim asemenea mesaj a fost adresat elevilor, profesorilor \u0219i p\u0103rin\u021bilor din G\u0103g\u0103uzia cu ocazia \u00eenceputului anului \u0219colar, la 1 septembrie. Sergiu Moraru, unul dintre avoca\u021bii Evgheniei Gu\u021bul, a sugerat, \u00eentr-o discu\u021bie cu Europa Liber\u0103, c\u0103 este dreptul clientei sale s\u0103 se considere sau nu ba\u0219can al autonomiei. \u201eEa insist\u0103 c\u0103 este nevinovat\u0103 \u0219i, respectiv, respinge toate consecin\u021bele care decurg din acuza\u021biile din dosar\u201d, a spus Moraru. Legea privind statutul juridic al G\u0103g\u0103uziei spune c\u0103 ba\u0219canul este \u201epersoana oficial\u0103 suprem\u0103 a G\u0103g\u0103uziei\u201d, c\u0103reia i se subordoneaz\u0103 toate autorit\u0103\u021bile administra\u021biei publice ale autonomiei. Este ales pentru un mandat de patru ani, fiind \u0219i membru din oficiu al Guvernului R. Moldova. Viitorul ba\u0219can va fi al nou\u0103lea la num\u0103r. \u25c9 SONDAJ S-a dat startul perioadei electorale Mandatul Adun\u0103rii Populare a expirat \u00eenc\u0103 noiembrie 2025, av\u00e2nd de atunci atribu\u021bii limitate, dar autonomia g\u0103g\u0103uz\u0103 nu a reu\u0219it s\u0103 organizeze alegeri din cauza unor dispute de ordin juridic \u0219i politic cu autorit\u0103\u021bile centrale. Blocajul electoral a fost dep\u0103\u0219it dup\u0103 ce Parlamentul a modificat \u2013 \u00een urma unei decizii a Cur\u021bii Constitu\u021bionale \u2013 Codul Electoral, la sf\u00e2r\u0219it de august, \u00eentr-o \u0219edin\u021b\u0103 extraordinar\u0103. Pre\u0219edinta Maia Sandu a promulgat modific\u0103rile pe 26 august. Tot pe 26 august, CEC a aprobat calendarul electoral, stabilind c\u0103 alegerile \u00een Adunarea Popular\u0103 vor avea loc pe 15 noiembrie. Pe 28 august, CEC a anun\u021bat \u00eenceputul perioadei electorale, c\u00e2nd urmeaz\u0103 s\u0103 fie constituite organele electorale locale \u0219i sec\u021biile de votare \u0219i s\u0103 fie recep\u021bionate dosarele pentru \u00eenregistrarea candida\u021bilor la func\u021bia de deputat. Campania electoral\u0103 pentru alegerile \u00een legislativul g\u0103g\u0103uz va \u00eencepe pe 16 octombrie, adic\u0103 cu o lun\u0103 p\u00e2n\u0103 \u00een ziua alegerilor. La fel, CEC a publicat lista partidelor care au dreptul s\u0103 participe la alegerile din 15 noiembrie \u2013 37 din cele 66 de forma\u021biuni politice \u00eenregistrate la Agen\u021bia Servicii Publice \u2013 \u0219i a \u00eendemnat media \u0219i difuzorii de publicitate s\u0103 anun\u021be condi\u021biile de oferire a spa\u021biului publicitar concuren\u021bilor electorali. Potrivit recentelor modific\u0103ri ale Codului Electoral al R. Moldova, alegerile \u00een Adunarea Popular\u0103 din acest an vor fi ultimele c\u00e2nd deputa\u021bii g\u0103g\u0103uzi vor fi ale\u0219i \u00een 35 de circumscrip\u021bii electorale uninominale, c\u00e2te unul \u00een fiecare. \u00cencep\u00e2nd cu alegerile urm\u0103toare, cele din 2030, autonomia va trece la sistemul electoral propor\u021bional, \u00een care mandatele se atribuie propor\u021bional cu num\u0103rul de voturi ob\u021binute la nivel regional, pe liste de partid, a\u0219a cum sunt ale\u0219i deputa\u021bii din Parlament \u0219i consilierii locali \u00een restul \u021b\u0103rii. Guvernatorul va fi \u00een continuare ales cu votul direct al locuitorilor autonomiei. Dar legea spune acum c\u0103 un candidat pentru acest post trebuie s\u0103 cunoasc\u0103 limbile rom\u00e2n\u0103 \u0219i g\u0103g\u0103uz\u0103, s\u0103 aib\u0103 35 de ani \u00eemplini\u021bi, s\u0103 fi locuit p\u00e2n\u0103 la alegeri cel pu\u021bin 10 ani \u00een autonomia g\u0103g\u0103uz\u0103 \u0219i s\u0103 prezinte dovada studiilor superioare. \u00cen cazul \u00een care Comratul va refuza s\u0103-\u0219i delege reprezentan\u021bi \u00een Consiliul Electoral local, CEC va putea suplini num\u0103rul necesar de membri. Conducerea Adun\u0103rii Populare a criticat modific\u0103rile operate la Codul Electoral, acuz\u00e2nd Chi\u0219in\u0103ul c\u0103 a decis \u201eunilateral\u201d \u0219i a solicitat Comisiei de la Vene\u021bia o expertiz\u0103. Europa Liber\u0103 Moldova este \u0219i pe Google News. Aboneaz\u0103-te .","title":"G\u0103g\u0103uzii urmeaz\u0103 s\u0103-\u0219i aleag\u0103 ba\u0219canul \u0219i deputa\u021bii locali \u00een aceea\u0219i zi, pe 15 noiembrie","topic":null,"translation_language":"","url":"https://moldova.europalibera.org/a/gagauzii-urmeaza-sa-si-aleaga-bascanul-si-deputatii-locali-in-aceeasi-zi-pe-15-noiembrie/33844918.html","video_url":null},{"article_body_paragraphs":[],"audio_source_url":null,"author":"Ionu\u021b Benea","available_dubs":[],"downloadable_assets":["https://gdb.rferl.org/02e21f49-49a0-432e-8388-08def2afcceb_cx0_cy10_cw0_w1600_r1_n_s.png"],"duration_display":"0:00","duration_seconds":null,"embed_url":null,"id":12397,"image_caption":"Lilia Plugaru (\u00een centru), \u00een timpul unei \u00eent\u00e2lnirii de la Vilnius, din aprilie 2025, parte a proiectului \u201eProtejarea condi\u021biilor de munc\u0103 \u00een economia platformelor: dialog social moldo-lituanian\u201d.","image_url":"https://gdb.rferl.org/02e21f49-49a0-432e-8388-08def2afcceb_cx0_cy10_cw0_w1600_r1_n_s.png","is_clip":false,"item_type":"article","item_type_label":"Article","language_label":"Romanian","media_credit":"Ionu\u021b Benea","micro_label":"Photo","micro_label_kind":"gallery","network_label":"RFE/RL","network_logo_url":"/static/uploads/direct_network_logos/rfe_rl_e69d397fdd7d.png","published_at":"2026-09-01T13:39:52","published_at_display":"1 Sep 2026, 13:39 GMT","sequence_badge_label":null,"sequence_count":null,"sequence_count_label":null,"sequence_frames":[],"sequence_kind":null,"source_name":"moldova_europalibera_org_rss","source_name_label":"Moldova Europalibera","source_type":"rss","summary":"Centrul Na\u021bional Anticorup\u021bie (CNA) investigheaz\u0103 modul \u00een care directoarea Agen\u021biei Na\u021bionale pentru Ocuparea For\u021bei de Munc\u0103 a semnat un contract cu una dintre adjunctele sale pentru un proiect european. Contractul a fost semnat dup\u0103 prestarea efectiv\u0103 a serviciilor, fapt catalogat de Curtea de Conturi ca \u201eplat\u0103 nejustificat\u0103\u201d. Imagina\u021bi-v\u0103 c\u0103 v\u0103 angaja\u021bi, lucra\u021bi peste o sut\u0103 de zile c\u00e2te opt ore pe zi, \u00eens\u0103 abia peste jum\u0103tate de an semna\u021bi contractul de munc\u0103. O situa\u021bie ilogic\u0103 conform legilor din R. Moldova, pe care Curtea de Conturi a descoperit-o recent \u00een urma unui audit f\u0103cut la Agen\u021bia Na\u021bional\u0103 pentru Ocuparea For\u021bei de Munc\u0103 (ANOFM). Inspectorii Cur\u021bii de Conturi au investigat un proiect finan\u021bat din fonduri europene \u00een care ANOFM a fost partener\u0103. \u00cen cadrul acelui proiect, una dintre directoarele adjuncte, Lilia Plugaru, ar fi primit aproape 100 de mii de lei \u00een baza unui contract de prest\u0103ri servicii semnat dup\u0103 ce munca a fost prestat\u0103 efectiv. Ba chiar dup\u0103 ce orele de munc\u0103 au fost recep\u021bionate, printr-un act oficial. Inspectorii au concluzionat c\u0103 acea plat\u0103 a fost \u201enejustificat\u0103\u201d, \u00eens\u0103 au suspiciuni c\u0103 s-ar fi comis \u0219i ilegalit\u0103\u021bi, a\u0219a c\u0103 au sesizat procurorii. O investiga\u021bie penal\u0103 cu privire la acest caz este \u00een lucru, a confirmat pentru Europa Liber\u0103 Centrul Na\u021bional Anticorup\u021bie (CNA). \u00centr-un r\u0103spuns pentru Europa Liber\u0103, conducerea ANOFM spune c\u0103 acuza\u021biile Cur\u021bii de Conturi sunt nefondate \u0219i c\u0103 a respectat legea. Lilia Plugaru nu a r\u0103spuns la solicitarea prin care i-am cerut un comentariu. Detaliile cazului Pe 15 septembrie 2025, directoarea ANOFM, Raisa Dogaru, semna un act de recep\u021bie, prin care confirma c\u0103 una dintre colegele sale din conducere \u2013 directoarea adjunct\u0103 Lilila Plugaru \u2013 a muncit 898 de ore la proiectul \u201eProtejarea condi\u021biilor de munc\u0103 \u00een economia platformelor: dialog social moldo-lituanian\u201d, finan\u021bat cu fonduri europene. Valoarea total\u0103 a proiectului a fost de 448 de mii de euro (404 mii, fonduri europene), din care ANOFM i-au revenit pu\u021bin peste 31 de mii de euro. Plugaru ar fi realizat \u201eanaliz\u0103 de con\u021binut, consultare \u0219i feedback pe drafturi, validare institu\u021bional\u0103\u201d, la acel proiect, al c\u0103rui scop a fost elaborarea unui plan de actualizare a legisla\u021biei moldovene\u0219ti \u00een privin\u021ba muncii pe platformele digitale \u2013 adic\u0103 site-urile care intermediaz\u0103 joburi/servicii \u00eentre angajator \u0219i angajat. La dou\u0103 zile dup\u0103 ce orele de munc\u0103 au fost recep\u021bionate de ANOFM, pe 17 septembrie, directoarea \u0219i directoarea adjunct\u0103 au semnat, post-factum, \u0219i contractul \u00een baza c\u0103ruia acele servicii ar fi trebuit prestate. Serviciile fuseser\u0103, teoretic, executate \u00eentre 1 august 2024 \u0219i 30 aprilie 2025 \u2013 cu p\u00e2n\u0103 la 30 luni \u00eenainte ca vreun document s\u0103 existe \u0219i \u00een paralel cu munca pe care Plugaru a prestat-o la ANOFM. Ea era \u0219ef\u0103 de direc\u021bie c\u00e2nd a \u00eenceput proiectul \u0219i a fost promovat\u0103 directoare adjunct\u0103 \u00een octombrie 2024. Inspectorii Cur\u021bii de Conturi au descoperit aceast\u0103 cronologie \u00een timpul unui audit privind modul \u00een care ANOFM a folosit fondurile \u00een ultimii ani \u0219i au ajuns la urm\u0103toarea concluzie: \u201ePlata retroactiv\u0103 a serviciilor, av\u00e2nd \u00een vedere raporturile de serviciu directe, au generat achitarea serviciilor nejustificate, dubla remunerare \u0219i utilizarea neconform\u0103 a fondurilor\u201d. \u201eAceste situa\u021bii denot\u0103 deficien\u021be \u00een verificarea \u0219i acceptarea serviciilor\u201d, mai spun inspectorii CC \u00een raportul de audit, \u0219i \u201enu au corespuns principiilor de legalitate, transparen\u021b\u0103, integritate \u0219i segregare a responsabilit\u0103\u021bilor\u201d. Curtea de Conturi a sesizat Procuratura General\u0103 (PG), care a \u00eenregistrat cauza la Sec\u021bia de combatere a corup\u021biei \u0219i sp\u0103l\u0103rii banilor. De acolo \u2013 ne-au transmis reprezentan\u021bii PG \u2013 documenta\u021bia a fost trimis\u0103 mai departe la Procuratura Anticorup\u021bie, care a direc\u021bionat-o CNA. Centrul Na\u021bional Anticorup\u021bie a precizat pentru Europa Liber\u0103 c\u0103 \u201eexamineaz\u0103 circumstan\u021bele\u201d expuse de Curtea de Conturi, \u201e\u00een limita competen\u021belor atribuite prin lege\u201d. Institu\u021bia a invocat confiden\u021bialitate anchetei penale \u0219i nu ne-a oferit alte detalii. Cum r\u0103spunde ANOFM Agen\u021bia Na\u021bional\u0103 pentru Ocuparea For\u021bei de Munc\u0103 admite, \u00eentr-un r\u0103spuns pentru Europa Liber\u0103, cronologia documentelor \u00eencheiate de institu\u021bie \u00een proiectul european, inclusiv faptul c\u0103 mai \u00eent\u00e2i a recep\u021bionat orele de munc\u0103 \u0219i abia apoi a semnat contractul de prest\u0103ri servicii pentru ele. Reprezentan\u021bii institu\u021biei motiveaz\u0103 c\u0103 tran\u0219a european\u0103 pentru proiect ar fi intrat cu \u00eent\u00e2rziere, \u00een iunie 2025, ceea ce ar fi determinat \u201e\u00eencheierea unui contract post-prestare servicii\u201d. \u201eContractul de prest\u0103ri servicii a fost \u00eencheiat \u00een luna septembrie 2025, pentru reglementarea juridic\u0103 \u0219i financiar\u0103 a activit\u0103\u021bilor realizate \u00een cadrul proiectului, \u00een perioada 1 august 2024 \u2013 30 aprilie 2025. Contractul de prest\u0103ri servicii a fost \u00eencheiat \u00een limita cadrului legal existent\u201d. Proiectul european \u00een care Lilia Plugaru a reprezentat ANOFM a fost coordonat de Universitatea din Vilnius \u0219i s-a desf\u0103\u0219urat \u00eentre 1 noiembrie 2023 \u0219i 30 aprilie 2025. Pe l\u00e2ng\u0103 universitatea lituanian\u0103, parteneri din R. Moldova au mai fost Academia de Studii Economice din Moldova \u0219i Camera de Comer\u021b. Plugaru a reprezentat ANOFM la dou\u0103 evenimente publice dedicate proiectului. Ultimul a fost pe 15 aprilie 2025, la Vilnius, Lituania, c\u00e2nd \u2013 potrivit unui anun\u021b de pe pagina proiectului \u2013 directoarea adjunct\u0103 \u201ea analizat m\u0103surile \u00eentreprinse de Moldova \u00een vederea integr\u0103rii pe pia\u021ba digital\u0103 a muncii din UE\u201d \u0219i a eviden\u021biat \u201eprincipalele provoc\u0103ri\u201d: lacunele juridice, decalajul digital dintre regiuni \u0219i necesitatea consolid\u0103rii garan\u021biilor sociale pentru lucr\u0103torii de pe platforme. O alt\u0103 contribu\u021bie a Liliei Plugaru a fost elaborarea unui document de 41 de pagini, descris ca un plan pentru actualizarea legisla\u021biei moldovene\u0219ti, astfel \u00eenc\u00e2t s\u0103 reflecte realitatea lucr\u0103torilor din economia platformelor. \u00cen iulie, Ministerul Muncii \u0219i Protec\u021biei Sociale a anun\u021bat un proiect de lege privind munca pe platformele digitale. Proiectul este \u00eens\u0103 o transpunere \u00een legisla\u021bia european\u0103 a normelor europene din domeniu, f\u0103r\u0103 referin\u021be la proiectul \u00een care a fost membr\u0103 ANOFM. Europa Liber\u0103 Moldova este \u0219i pe Google News. Aboneaz\u0103-te .","title":"Teoria relativit\u0103\u021bii actelor de la ANOFM. Contract post-factum de 100 de mii de lei, bani europeni, semnat \u00eentre directoare \u0219i adjunct\u0103","topic":null,"translation_language":"","url":"https://www.europalibera.md/a/teoria-relativitatii-actelor-de-la-anofm-contract-post-factum-de-100-de-mii-de-lei-bani-europeni-semnat-intre-directoare-si-adjuncta/33844842.html","video_url":null},{"article_body_paragraphs":[],"audio_source_url":null,"author":"Ionu\u021b Benea","available_dubs":[],"downloadable_assets":["https://gdb.rferl.org/02e21f49-49a0-432e-8388-08def2afcceb_cx0_cy10_cw0_w1600_r1_n_s.png"],"duration_display":"0:00","duration_seconds":null,"embed_url":null,"id":11281,"image_caption":"Lilia Plugaru (\u00een centru), \u00een timpul unei \u00eent\u00e2lnirii de la Vilnius, din aprilie 2025, parte a proiectului \u201eProtejarea condi\u021biilor de munc\u0103 \u00een economia platformelor: dialog social moldo-lituanian\u201d.","image_url":"https://gdb.rferl.org/02e21f49-49a0-432e-8388-08def2afcceb_cx0_cy10_cw0_w1600_r1_n_s.png","is_clip":false,"item_type":"article","item_type_label":"Article","language_label":"Romanian","media_credit":"Ionu\u021b Benea","micro_label":"Photo","micro_label_kind":"gallery","network_label":"RFE/RL","network_logo_url":"/static/uploads/direct_network_logos/rfe_rl_e69d397fdd7d.png","published_at":"2026-09-01T13:39:52","published_at_display":"1 Sep 2026, 13:39 GMT","sequence_badge_label":null,"sequence_count":null,"sequence_count_label":null,"sequence_frames":[],"sequence_kind":null,"source_name":"moldova_europalibera_org_rss","source_name_label":"Moldova Europalibera","source_type":"rss","summary":"Centrul Na\u021bional Anticorup\u021bie (CNA) investigheaz\u0103 modul \u00een care directoarea Agen\u021biei Na\u021bionale pentru Ocuparea For\u021bei de Munc\u0103 a semnat un contract cu una dintre adjunctele sale pentru un proiect european. Contractul a fost semnat dup\u0103 prestarea efectiv\u0103 a serviciilor, fapt catalogat de Curtea de Conturi ca \u201eplat\u0103 nejustificat\u0103\u201d. Imagina\u021bi-v\u0103 c\u0103 v\u0103 angaja\u021bi, lucra\u021bi peste o sut\u0103 de zile c\u00e2te opt ore pe zi, \u00eens\u0103 abia peste jum\u0103tate de an semna\u021bi contractul de munc\u0103. O situa\u021bie ilogic\u0103 conform legilor din R. Moldova, pe care Curtea de Conturi a descoperit-o recent \u00een urma unui audit f\u0103cut la Agen\u021bia Na\u021bional\u0103 pentru Ocuparea For\u021bei de Munc\u0103 (ANOFM). Inspectorii Cur\u021bii de Conturi au investigat un proiect finan\u021bat din fonduri europene \u00een care ANOFM a fost partener\u0103. \u00cen cadrul acelui proiect, una dintre directoarele adjuncte, Lilia Plugaru, ar fi primit aproape 100 de mii de lei \u00een baza unui contract de prest\u0103ri servicii semnat dup\u0103 ce munca a fost prestat\u0103 efectiv. Ba chiar dup\u0103 ce orele de munc\u0103 au fost recep\u021bionate, printr-un act oficial. Inspectorii au concluzionat c\u0103 acea plat\u0103 a fost \u201enejustificat\u0103\u201d, \u00eens\u0103 au suspiciuni c\u0103 s-ar fi comis \u0219i ilegalit\u0103\u021bi, a\u0219a c\u0103 au sesizat procurorii. O investiga\u021bie penal\u0103 cu privire la acest caz este \u00een lucru, a confirmat pentru Europa Liber\u0103 Centrul Na\u021bional Anticorup\u021bie (CNA). \u00centr-un r\u0103spuns pentru Europa Liber\u0103, conducerea ANOFM spune c\u0103 acuza\u021biile Cur\u021bii de Conturi sunt nefondate \u0219i c\u0103 a respectat legea. Lilia Plugaru nu a r\u0103spuns la solicitarea prin care i-am cerut un comentariu. Detaliile cazului Pe 15 septembrie 2025, directoarea ANOFM, Raisa Dogaru, semna un act de recep\u021bie, prin care confirma c\u0103 una dintre colegele sale din conducere \u2013 directoarea adjunct\u0103 Lilila Plugaru \u2013 a muncit 898 de ore la proiectul \u201eProtejarea condi\u021biilor de munc\u0103 \u00een economia platformelor: dialog social moldo-lituanian\u201d, finan\u021bat cu fonduri europene. Valoarea total\u0103 a proiectului a fost de 448 de mii de euro (404 mii, fonduri europene), din care ANOFM i-au revenit pu\u021bin peste 31 de mii de euro. Plugaru ar fi realizat \u201eanaliz\u0103 de con\u021binut, consultare \u0219i feedback pe drafturi, validare institu\u021bional\u0103\u201d, la acel proiect, al c\u0103rui scop a fost elaborarea unui plan de actualizare a legisla\u021biei moldovene\u0219ti \u00een privin\u021ba muncii pe platformele digitale \u2013 adic\u0103 site-urile care intermediaz\u0103 joburi/servicii \u00eentre angajator \u0219i angajat. La dou\u0103 zile dup\u0103 ce orele de munc\u0103 au fost recep\u021bionate de ANOFM, pe 17 septembrie, directoarea \u0219i directoarea adjunct\u0103 au semnat, post-factum, \u0219i contractul \u00een baza c\u0103ruia acele servicii ar fi trebuit prestate. Serviciile fuseser\u0103, teoretic, executate \u00eentre 1 august 2024 \u0219i 30 aprilie 2025 \u2013 cu p\u00e2n\u0103 la 30 luni \u00eenainte ca vreun document s\u0103 existe \u0219i \u00een paralel cu munca pe care Plugaru a prestat-o la ANOFM. Ea era \u0219ef\u0103 de direc\u021bie c\u00e2nd a \u00eenceput proiectul \u0219i a fost promovat\u0103 directoare adjunct\u0103 \u00een octombrie 2024. Inspectorii Cur\u021bii de Conturi au descoperit aceast\u0103 cronologie \u00een timpul unui audit privind modul \u00een care ANOFM a folosit fondurile \u00een ultimii ani \u0219i au ajuns la urm\u0103toarea concluzie: \u201ePlata retroactiv\u0103 a serviciilor, av\u00e2nd \u00een vedere raporturile de serviciu directe, au generat achitarea serviciilor nejustificate, dubla remunerare \u0219i utilizarea neconform\u0103 a fondurilor\u201d. \u201eAceste situa\u021bii denot\u0103 deficien\u021be \u00een verificarea \u0219i acceptarea serviciilor\u201d, mai spun inspectorii CC \u00een raportul de audit, \u0219i \u201enu au corespuns principiilor de legalitate, transparen\u021b\u0103, integritate \u0219i segregare a responsabilit\u0103\u021bilor\u201d. Curtea de Conturi a sesizat Procuratura General\u0103 (PG), care a \u00eenregistrat cauza la Sec\u021bia de combatere a corup\u021biei \u0219i sp\u0103l\u0103rii banilor. De acolo \u2013 ne-au transmis reprezentan\u021bii PG \u2013 documenta\u021bia a fost trimis\u0103 mai departe la Procuratura Anticorup\u021bie, care a direc\u021bionat-o CNA. Centrul Na\u021bional Anticorup\u021bie a precizat pentru Europa Liber\u0103 c\u0103 \u201eexamineaz\u0103 circumstan\u021bele\u201d expuse de Curtea de Conturi, \u201e\u00een limita competen\u021belor atribuite prin lege\u201d. Institu\u021bia a invocat confiden\u021bialitate anchetei penale \u0219i nu ne-a oferit alte detalii. Cum r\u0103spunde ANOFM Agen\u021bia Na\u021bional\u0103 pentru Ocuparea For\u021bei de Munc\u0103 admite, \u00eentr-un r\u0103spuns pentru Europa Liber\u0103, cronologia documentelor \u00eencheiate de institu\u021bie \u00een proiectul european, inclusiv faptul c\u0103 mai \u00eent\u00e2i a recep\u021bionat orele de munc\u0103 \u0219i abia apoi a semnat contractul de prest\u0103ri servicii pentru ele. Reprezentan\u021bii institu\u021biei motiveaz\u0103 c\u0103 tran\u0219a european\u0103 pentru proiect ar fi intrat cu \u00eent\u00e2rziere, \u00een iunie 2025, ceea ce ar fi determinat \u201e\u00eencheierea unui contract post-prestare servicii\u201d. \u201eContractul de prest\u0103ri servicii a fost \u00eencheiat \u00een luna septembrie 2025, pentru reglementarea juridic\u0103 \u0219i financiar\u0103 a activit\u0103\u021bilor realizate \u00een cadrul proiectului, \u00een perioada 1 august 2024 \u2013 30 aprilie 2025. Contractul de prest\u0103ri servicii a fost \u00eencheiat \u00een limita cadrului legal existent\u201d. Proiectul european \u00een care Lilia Plugaru a reprezentat ANOFM a fost coordonat de Universitatea din Vilnius \u0219i s-a desf\u0103\u0219urat \u00eentre 1 noiembrie 2023 \u0219i 30 aprilie 2025. Pe l\u00e2ng\u0103 universitatea lituanian\u0103, parteneri din R. Moldova au mai fost Academia de Studii Economice din Moldova \u0219i Camera de Comer\u021b. Plugaru a reprezentat ANOFM la dou\u0103 evenimente publice dedicate proiectului. Ultimul a fost pe 15 aprilie 2025, la Vilnius, Lituania, c\u00e2nd \u2013 potrivit unui anun\u021b de pe pagina proiectului \u2013 directoarea adjunct\u0103 \u201ea analizat m\u0103surile \u00eentreprinse de Moldova \u00een vederea integr\u0103rii pe pia\u021ba digital\u0103 a muncii din UE\u201d \u0219i a eviden\u021biat \u201eprincipalele provoc\u0103ri\u201d: lacunele juridice, decalajul digital dintre regiuni \u0219i necesitatea consolid\u0103rii garan\u021biilor sociale pentru lucr\u0103torii de pe platforme. O alt\u0103 contribu\u021bie a Liliei Plugaru a fost elaborarea unui document de 41 de pagini, descris ca un plan pentru actualizarea legisla\u021biei moldovene\u0219ti, astfel \u00eenc\u00e2t s\u0103 reflecte realitatea lucr\u0103torilor din economia platformelor. \u00cen iulie, Ministerul Muncii \u0219i Protec\u021biei Sociale a anun\u021bat un proiect de lege privind munca pe platformele digitale. Proiectul este \u00eens\u0103 o transpunere \u00een legisla\u021bia european\u0103 a normelor europene din domeniu, f\u0103r\u0103 referin\u021be la proiectul \u00een care a fost membr\u0103 ANOFM. Europa Liber\u0103 Moldova este \u0219i pe Google News. Aboneaz\u0103-te .","title":"Teoria relativit\u0103\u021bii actelor de la ANOFM. Contract post-factum de 100 de mii de lei, bani europeni, semnat \u00eentre directoare \u0219i adjunct\u0103","topic":null,"translation_language":"","url":"https://moldova.europalibera.org/a/teoria-relativitatii-actelor-de-la-anofm-contract-post-factum-de-100-de-mii-de-lei-bani-europeni-semnat-intre-directoare-si-adjuncta/33844842.html","video_url":null},{"article_body_paragraphs":[],"audio_source_url":null,"author":"Europa Liber\u0103 Moldova","available_dubs":[],"downloadable_assets":["https://gdb.rferl.org/b0f723f7-aa6c-4bfa-b699-903730e953c2_cx0_cy5_cw0_w1600_r1_n_s.jpg"],"duration_display":"0:00","duration_seconds":null,"embed_url":null,"id":11252,"image_caption":"Regele Haakon al VIII-lea al Norvegiei sose\u0219te la ceremonia de depunere a jur\u0103m\u00e2ntului la Storting (Parlamentul Norvegiei) din Oslo, pe 1 septembrie 2026.","image_url":"https://gdb.rferl.org/b0f723f7-aa6c-4bfa-b699-903730e953c2_cx0_cy5_cw0_w1600_r1_n_s.jpg","is_clip":false,"item_type":"article","item_type_label":"Article","language_label":"Romanian","media_credit":"Europa Liber\u0103 Moldova","micro_label":"Photo","micro_label_kind":"gallery","network_label":"RFE/RL","network_logo_url":"/static/uploads/direct_network_logos/rfe_rl_e69d397fdd7d.png","published_at":"2026-09-01T11:43:14","published_at_display":"1 Sep 2026, 11:43 GMT","sequence_badge_label":null,"sequence_count":null,"sequence_count_label":null,"sequence_frames":[],"sequence_kind":null,"source_name":"moldova_europalibera_org_rss","source_name_label":"Moldova Europalibera","source_type":"rss","summary":"Regele Haakon al VIII-lea al Norvegiei, \u00een v\u00e2rst\u0103 de 53 de ani, a depus mar\u021bi jur\u0103m\u00e2ntul de credin\u021b\u0103 pe Constitu\u021bia \u021b\u0103rii nordice, urc\u00e2nd pe tron \u00een locul tat\u0103ului s\u0103u, Harald al V-lea, care a murit s\u0103pt\u0103m\u00e2na trecut\u0103 la v\u00e2rsta de 89 de ani. So\u021bia sa, de-acum regina Mette-Marit, care are tot 53 de ani, nu a putut participa la ceremonie din cauza complica\u021biilor ap\u0103rute \u00een urma unui transplant pulmonar recent. Are Holm, \u0219eful Sec\u021biei de Pneumologie de la Spitalul Universitar din Oslo, a declarat \u00eentr-un comunicat emis de palat c\u0103 complica\u021biile ap\u0103rute dup\u0103 un transplant nu sunt \u201eneobi\u0219nuite\u201d. R\u0103posatul rege Harald s-a bucurat de un sprijin masiv, \u00een ciuda valului de scandaluri care i-au afectat familia \u00een ultima perioad\u0103 a domniei sale de 35 de ani. Printre numero\u0219ii lideri interna\u021bionali care au adresat familiei regale condolean\u021be dup\u0103 moartea lui s-a num\u0103rat \u0219i pre\u0219edinta Maia Sandu. \u00cen 2024, ea a fost primul \u0219ef de stat moldovean care a f\u0103cut o vizit\u0103 de stat \u00een Norvegia , \u021bar\u0103 care ajut\u0103 substan\u021bial R. Moldova \u00eenc\u0103 de la ob\u021binerea independen\u021bei \u00een urm\u0103 cu 35 de ani. Atunci, Maia Sandu a fost primit\u0103 cu c\u0103ldur\u0103 la Oslo de familia regal\u0103, cum atest\u0103 fotografiile publicate \u00een albumul virtual al Palatului Regal. Pre\u0219edinta Moldovei, Maia Sandu (st\u00e2nga), \u00een vizit\u0103 la familia regal\u0103 norvegian\u0103 la Oslo, \u00een 2024, cu prin\u021besa \u0219i prin\u021bul de coroan\u0103 deveni\u021bi azi regin\u0103 \u0219i rege. Monarhia rec\u00e2\u0219tig\u0103 teren Mar\u021bi, un nou sondaj publicat de postul public de televiziune NRK sugera c\u0103 sprijinul pentru monarhie a crescut \u00een mod evident dup\u0103 moartea lui Harald. Aproape trei din patru norvegieni (72 la sut\u0103) au declarat c\u0103 sus\u021bin monarhia, o cre\u0219tere de opt puncte fa\u021b\u0103 de un sondaj anterior din luna mai. Anul trecut a fost unul tumultuos pentru familia regal\u0103 norvegian\u0103. Regele Haakon a fost flancat la ceremonie de fiica sa, prin\u021besa de coroan\u0103 Ingrid Alexandra. Pe l\u00e2ng\u0103 problemele de s\u0103n\u0103tate, Mette-Marit a fost, de asemenea, supus\u0103 unei aten\u021bii intense din cauza leg\u0103turilor sale cu infractorul sexual american decedat \u00een \u00eenchisoare Jeffrey Epstein. Iar fiul ei dintr-o rela\u021bie anterioar\u0103, Marius Borg Hoiby , se afl\u0103 \u00een prezent \u00een arest la domiciliu, \u00een a\u0219teptarea solu\u021bion\u0103rii recursului s\u0103u \u00eempotriva unei condamn\u0103ri la patru ani de \u00eenchisoare pentru dou\u0103 fapte de viol. Europa Liber\u0103 Moldova este \u0219i pe Google News. Aboneaz\u0103-te .","title":"Noul rege norvegian, Haakon, a depus jur\u0103m\u00e2ntul pe Constitu\u021bie, lu\u00e2nd locul tat\u0103lui Harald, recent decedat","topic":null,"translation_language":"","url":"https://moldova.europalibera.org/a/noul-rege-norvegian-haakon-a-depus-juramantul-pe-constitutie-luand-locul-tatalui-harald-recent-decedat/33844798.html","video_url":null},{"article_body_paragraphs":[],"audio_source_url":null,"author":"Europa Liber\u0103 Moldova","available_dubs":[],"downloadable_assets":["https://gdb.rferl.org/b0f723f7-aa6c-4bfa-b699-903730e953c2_cx0_cy5_cw0_w1600_r1_n_s.jpg"],"duration_display":"0:00","duration_seconds":null,"embed_url":null,"id":11246,"image_caption":"Regele Haakon al VIII-lea al Norvegiei sose\u0219te la ceremonia de depunere a jur\u0103m\u00e2ntului la Storting (Parlamentul Norvegiei) din Oslo, pe 1 septembrie 2026.","image_url":"https://gdb.rferl.org/b0f723f7-aa6c-4bfa-b699-903730e953c2_cx0_cy5_cw0_w1600_r1_n_s.jpg","is_clip":false,"item_type":"article","item_type_label":"Article","language_label":"Romanian","media_credit":"Europa Liber\u0103 Moldova","micro_label":"Photo","micro_label_kind":"gallery","network_label":"RFE/RL","network_logo_url":"/static/uploads/direct_network_logos/rfe_rl_e69d397fdd7d.png","published_at":"2026-09-01T11:43:14","published_at_display":"1 Sep 2026, 11:43 GMT","sequence_badge_label":null,"sequence_count":null,"sequence_count_label":null,"sequence_frames":[],"sequence_kind":null,"source_name":"moldova_europalibera_org_rss","source_name_label":"Moldova Europalibera","source_type":"rss","summary":"Regele Haakon al VIII-lea al Norvegiei, \u00een v\u00e2rst\u0103 de 53 de ani, a depus mar\u021bi jur\u0103m\u00e2ntul de credin\u021b\u0103 pe Constitu\u021bia \u021b\u0103rii nordice, urc\u00e2nd pe tron \u00een locul tat\u0103ului s\u0103u, Harald al V-lea, care a murit s\u0103pt\u0103m\u00e2na trecut\u0103 la v\u00e2rsta de 89 de ani. So\u021bia sa, de-acum regina Mette-Marit, care are tot 53 de ani, nu a putut participa la ceremonie din cauza complica\u021biilor ap\u0103rute \u00een urma unui transplant pulmonar recent. Are Holm, \u0219eful Sec\u021biei de Pneumologie de la Spitalul Universitar din Oslo, a declarat \u00eentr-un comunicat emis de palat c\u0103 complica\u021biile ap\u0103rute dup\u0103 un transplant nu sunt \u201eneobi\u0219nuite\u201d. R\u0103posatul rege Harald s-a bucurat de un sprijin masiv, \u00een ciuda valului de scandaluri care i-au afectat familia \u00een ultima perioad\u0103 a domniei sale de 35 de ani. Printre numero\u0219ii lideri interna\u021bionali care au adresat familiei regale condolean\u021be dup\u0103 moartea lui s-a num\u0103rat \u0219i pre\u0219edinta Maia Sandu. \u00cen 2024, ea a fost primul \u0219ef de stat moldovean care a f\u0103cut o vizit\u0103 de stat \u00een Norvegia , \u021bar\u0103 care ajut\u0103 substan\u021bial R. Moldova \u00eenc\u0103 de la ob\u021binerea independen\u021bei \u00een urm\u0103 cu 35 de ani. Atunci, Maia Sandu a fost primit\u0103 cu c\u0103ldur\u0103 la Oslo de familia regal\u0103, cum atest\u0103 fotografiile publicate \u00een albumul virtual al Palatului Regal. Pre\u0219edinta Moldovei, Maia Sandu (st\u00e2nga), \u00een vizit\u0103 la familia regal\u0103 norvegian\u0103 la Oslo, \u00een 2024, cu prin\u021besa \u0219i prin\u021bul de coroan\u0103 deveni\u021bi azi regin\u0103 \u0219i rege. Monarhia rec\u00e2\u0219tig\u0103 teren Mar\u021bi, un nou sondaj publicat de postul public de televiziune NRK sugera c\u0103 sprijinul pentru monarhie a crescut \u00een mod evident dup\u0103 moartea lui Harald. Aproape trei din patru norvegieni (72 la sut\u0103) au declarat c\u0103 sus\u021bin monarhia, o cre\u0219tere de opt puncte fa\u021b\u0103 de un sondaj anterior din luna mai. Anul trecut a fost unul tumultuos pentru familia regal\u0103 norvegian\u0103. Regele Haakon a fost flancat la ceremonie de fiica sa, prin\u021besa de coroan\u0103 Ingrid Alexandra. Pe l\u00e2ng\u0103 problemele de s\u0103n\u0103tate, Mette-Marit a fost, de asemenea, supus\u0103 unei aten\u021bii intense din cauza leg\u0103turilor sale cu infractorul sexual american decedat \u00een \u00eenchisoare Jeffrey Epstein. Iar fiul ei dintr-o rela\u021bie anterioar\u0103, Marius Borg Hoiby , se afl\u0103 \u00een prezent \u00een arest la domiciliu, \u00een a\u0219teptarea solu\u021bion\u0103rii recursului s\u0103u \u00eempotriva unei condamn\u0103ri la patru ani de \u00eenchisoare pentru dou\u0103 fapte de viol. Europa Liber\u0103 Moldova este \u0219i pe Google News. Aboneaz\u0103-te .","title":"Noul rege norvegian, Haakon, a depus jur\u0103m\u00e2ntul pe Constitu\u021bie, lu\u00e2nd locul tat\u0103lui Harald, recent decedat","topic":null,"translation_language":"","url":"https://www.europalibera.md/a/noul-rege-norvegian-haakon-a-depus-juramantul-pe-constitutie-luand-locul-tatalui-harald-recent-decedat/33844798.html","video_url":null},{"article_body_paragraphs":[],"audio_source_url":null,"author":"Europa Liber\u0103 Moldova","available_dubs":[],"downloadable_assets":["https://gdb.rferl.org/35A2F111-8867-4035-83F9-38D1BC46D7C6_w1600_r1_n_s.jpg"],"duration_display":"0:00","duration_seconds":null,"embed_url":null,"id":11253,"image_caption":"Poli\u021bi\u0219tii spun c\u0103 b\u0103rbatul nu avea asupra sa br\u0103\u021bara electronic\u0103. Imagine generic\u0103.","image_url":"https://gdb.rferl.org/35A2F111-8867-4035-83F9-38D1BC46D7C6_w1600_r1_n_s.jpg","is_clip":false,"item_type":"article","item_type_label":"Article","language_label":"Romanian","media_credit":"Europa Liber\u0103 Moldova","micro_label":"Photo","micro_label_kind":"gallery","network_label":"RFE/RL","network_logo_url":"/static/uploads/direct_network_logos/rfe_rl_e69d397fdd7d.png","published_at":"2026-09-01T10:38:51","published_at_display":"1 Sep 2026, 10:38 GMT","sequence_badge_label":null,"sequence_count":null,"sequence_count_label":null,"sequence_frames":[],"sequence_kind":null,"source_name":"moldova_europalibera_org_rss","source_name_label":"Moldova Europalibera","source_type":"rss","summary":"Un b\u0103rbat de 47 de ani din raionul Criuleni, care ar fi trebuit s\u0103 fie supravegheat de autorit\u0103\u021bi, \u0219i-a ucis so\u021bia, dup\u0103 care s-a sinucis. Procuratura General\u0103 investigheaz\u0103 at\u00e2t crima, c\u00e2t \u0219i modul \u00een care acesta a reu\u0219it s\u0103 ajung\u0103 la victim\u0103, de\u0219i avea montat\u0103 o br\u0103\u021bar\u0103 electronic\u0103. Crima a avut loc luni, 31 august. Poli\u021bia din Criuleni a fost informat\u0103 de o adolescent\u0103 c\u0103 \u0219i-a g\u0103sit p\u0103rin\u021bii mor\u021bi \u00een locuin\u021ba lor din satul M\u0103gd\u0103ce\u0219ti. La fa\u021ba locului, poli\u021bi\u0219tii au descoperit dou\u0103 cadavre: pe cel al Anei E. (42 de ani) \u0219i pe cel al so\u021bului ei, Vasile E. \u2013 un b\u0103rbat cunoscut \u00een comunitate ca fiind violent \u0219i care, teoretic, ar fi trebuit supravegheat de autorit\u0103\u021bi prin intermediul unei br\u0103\u021b\u0103ri electronice. Anchetatorii au stabilit c\u0103 individul \u0219i-a \u00eempu\u0219cat so\u021bia \u00een cas\u0103 cu o arm\u0103 artizanal\u0103, pe care o de\u021binea ilegal. Ulterior, a mers \u00een spatele locuin\u021bei \u0219i s-a sinucis cu aceea\u0219i arm\u0103. Procuratura General\u0103 a anun\u021bat mar\u021bi, 1 septembrie, c\u0103 a deschis un dosar penal \u00een acest caz. Procurorii vor investiga at\u00e2t crima, c\u00e2t \u0219i modul \u00een care Vasile E. a izbutit s\u0103 ajung\u0103 la casa \u00een care se afla so\u021bia sa. \u201eProcuratura raionului Criuleni verific\u0103 modul \u00een care a fost executat\u0103 ordonan\u021ba de protec\u021bie emis\u0103 anterior \u00een privin\u021ba b\u0103rbatului, inclusiv circumstan\u021bele care au permis apropierea acestuia de victim\u0103, \u00een pofida m\u0103surii dispuse\u201d, a transmis Procuratura. Ana E. a cerut protec\u021bia statului \u00een fa\u021ba so\u021bului ei violent de dou\u0103 ori \u00een ultimele s\u0103pt\u0103m\u00e2ni. Prima dat\u0103 pe 15 iulie, apoi - pe 24 august. \u00centre cele dou\u0103 cereri, femeia a depus, pe 4 august, \u0219i cerere de divor\u021b \u2013 care nu a fost \u00eenc\u0103 solu\u021bionat\u0103. \u0218eful Poli\u021biei Republicii Moldova, Viorel Cern\u0103u\u021beanu, a confirmat c\u0103, \u00een urma cererilor femeii, pe numele b\u0103rbatului a fost emis nu doar un ordin de protec\u021bie, ci \u0219i m\u0103sura supravegherii sale prin intermediul unei br\u0103\u021b\u0103ri electronice. \u00cen circumstan\u021be neclare \u2013 pe care Poli\u021bia promite c\u0103 le va investiga \u2013 individul a reu\u0219it s\u0103-\u0219i scoat\u0103 acea br\u0103\u021bar\u0103 f\u0103r\u0103 ca anchetatorii s\u0103 sesizeze acest lucru \u0219i \u0219i-a \u00eempu\u0219cat nevasta. Europa Liber\u0103 a \u00eentrebat Poli\u021bia cum de a izbutit b\u0103rbatul s\u0103 se apropie de so\u021bie, \u00eens\u0103 nu am primit un r\u0103spuns p\u00e2n\u0103 la publicarea acestui articol. \u00centr-un comentariu pentru Moldova 1 , \u0219eful Poli\u021biei, Viorel Cern\u0103u\u021beanu, a precizat c\u0103, atunci c\u00e2nd a fost g\u0103sit de poli\u021bi\u0219ti, Vasile E. nu avea asupra sa br\u0103\u021bara electronic\u0103. Inspectoratul de Proba\u021biune \u00ee\u0219i investigheaz\u0103 angaja\u021bii Sistemul de supraveghere electronic\u0103 a celor \u00eempotriva c\u0103rora s-a emis un ordin de protec\u021bie este gestionat \u00een R. Moldova de Inspectoratul Na\u021bional de Proba\u021biune (INP). \u0218eful Poli\u021biei a precizat c\u0103 nu e clar \u201ec\u00e2nd a fost sistat semnalul br\u0103\u021b\u0103rii, dac\u0103 (INP, n.r.) a informat poli\u021bia de la Criuleni despre riscul opririi semnalului\u201d. \u201eLa cercetare, c\u0103utau \u0219i ei br\u0103\u021bara, nu o g\u0103seau \u0219i ne \u00eentrebau pe noi: \u00abDar unde-i br\u0103\u021bara\u00bb? Deci, ei tot nu cuno\u0219teau\u201d, a men\u021bionat Viorel Cern\u0103u\u021beanu. Inspectoratul Na\u021bional de Proba\u021biune a precizat mar\u021bi, 1 septembrie, c\u0103 \u201ea dispus ini\u021bierea unei anchete interne \u00een vederea stabilirii tuturor circumstan\u021belor ce \u021bin de exercitarea atribu\u021biilor de serviciu de c\u0103tre angaja\u021bii responsabili de aplicarea \u0219i monitorizarea supravegherii electronice.\u201d Reprezentan\u021bii INP vor s\u0103 afle dac\u0103 angaja\u021bii s\u0103i au respectat \u201eprocedurile \u0219i obliga\u021biile\u201d \u0219i promit c\u0103 vor colabora cu anchetatorii \u00een acest caz. \u201eINP trateaz\u0103 cu maxim\u0103 seriozitate orice situa\u021bie care poate indica vulnerabilit\u0103\u021bi \u00een func\u021bionarea mecanismului de supraveghere electronic\u0103\u201d. Br\u0103\u021b\u0103rile electronice, care ar trebui s\u0103 supravegheze infractorii sau persoanele violente, au fost introduse \u00een legisla\u021bia din R. Moldova \u00eencep\u00e2nd cu 2021. Anul trecut, de pild\u0103, 2.740 de persoane au fost supravegheate, potrivit INP. O treime dintre acestea au fost persoane \u00eempotriva c\u0103rora fuseser\u0103 emise ordine de protec\u021bie. So\u021bii Vasile \u0219i Ana E. aveau trei fete, dintre care dou\u0103 minore - o adolescent\u0103 de 15 ani \u0219i mezina, care intr\u0103 la 1 septembrie \u00een clasa I-a. Ministerul Muncii \u0219i Protec\u021biei Sociale a anun\u021bat c\u0103 va c\u0103uta solu\u021bii pentru a ajuta copiii. Europa Liber\u0103 Moldova este \u0219i pe Google News. Aboneaz\u0103-te .","title":"Semne de \u00eentrebare dup\u0103 crima de la Criuleni: Poli\u021bia \u0219i Proba\u021biunea nu \u0219tiu cum \u0219i-a scos b\u0103rbatul br\u0103\u021bara \u00eenainte de a-\u0219i ucide so\u021bia","topic":null,"translation_language":"","url":"https://moldova.europalibera.org/a/semne-de-intrebare-dupa-crima-de-la-criuleni-politia-si-probatiunea-nu-stiu-cum-si-a-scos-barbatul-bratara-inainte-de-a-si-ucide-sotia/33844747.html","video_url":null},{"article_body_paragraphs":[],"audio_source_url":null,"author":"Europa Liber\u0103 Moldova","available_dubs":[],"downloadable_assets":["https://gdb.rferl.org/35A2F111-8867-4035-83F9-38D1BC46D7C6_w1600_r1_n_s.jpg"],"duration_display":"0:00","duration_seconds":null,"embed_url":null,"id":11226,"image_caption":"Poli\u021bi\u0219tii spun c\u0103 b\u0103rbatul nu avea asupra sa br\u0103\u021bara electronic\u0103. Imagine generic\u0103.","image_url":"https://gdb.rferl.org/35A2F111-8867-4035-83F9-38D1BC46D7C6_w1600_r1_n_s.jpg","is_clip":false,"item_type":"article","item_type_label":"Article","language_label":"Romanian","media_credit":"Europa Liber\u0103 Moldova","micro_label":"Photo","micro_label_kind":"gallery","network_label":"RFE/RL","network_logo_url":"/static/uploads/direct_network_logos/rfe_rl_e69d397fdd7d.png","published_at":"2026-09-01T10:38:51","published_at_display":"1 Sep 2026, 10:38 GMT","sequence_badge_label":null,"sequence_count":null,"sequence_count_label":null,"sequence_frames":[],"sequence_kind":null,"source_name":"moldova_europalibera_org_rss","source_name_label":"Moldova Europalibera","source_type":"rss","summary":"Un b\u0103rbat de 47 de ani din raionul Criuleni, care ar fi trebuit s\u0103 fie supravegheat de autorit\u0103\u021bi, \u0219i-a ucis so\u021bia, dup\u0103 care s-a sinucis. Procuratura General\u0103 investigheaz\u0103 at\u00e2t crima, c\u00e2t \u0219i modul \u00een care acesta a reu\u0219it s\u0103 ajung\u0103 la victim\u0103, de\u0219i avea montat\u0103 o br\u0103\u021bar\u0103 electronic\u0103. Crima a avut loc luni, 31 august. Poli\u021bia din Criuleni a fost informat\u0103 de o adolescent\u0103 c\u0103 \u0219i-a g\u0103sit p\u0103rin\u021bii mor\u021bi \u00een locuin\u021ba lor din satul M\u0103gd\u0103ce\u0219ti. La fa\u021ba locului, poli\u021bi\u0219tii au descoperit dou\u0103 cadavre: pe cel al Anei E. (42 de ani) \u0219i pe cel al so\u021bului ei, Vasile E. \u2013 un b\u0103rbat cunoscut \u00een comunitate ca fiind violent \u0219i care, teoretic, ar fi trebuit supravegheat de autorit\u0103\u021bi prin intermediul unei br\u0103\u021b\u0103ri electronice. Anchetatorii au stabilit c\u0103 individul \u0219i-a \u00eempu\u0219cat so\u021bia \u00een cas\u0103 cu o arm\u0103 artizanal\u0103, pe care o de\u021binea ilegal. Ulterior, a mers \u00een spatele locuin\u021bei \u0219i s-a sinucis cu aceea\u0219i arm\u0103. Procuratura General\u0103 a anun\u021bat mar\u021bi, 1 septembrie, c\u0103 a deschis un dosar penal \u00een acest caz. Procurorii vor investiga at\u00e2t crima, c\u00e2t \u0219i modul \u00een care Vasile E. a izbutit s\u0103 ajung\u0103 la casa \u00een care se afla so\u021bia sa. \u201eProcuratura raionului Criuleni verific\u0103 modul \u00een care a fost executat\u0103 ordonan\u021ba de protec\u021bie emis\u0103 anterior \u00een privin\u021ba b\u0103rbatului, inclusiv circumstan\u021bele care au permis apropierea acestuia de victim\u0103, \u00een pofida m\u0103surii dispuse\u201d, a transmis Procuratura. Ana E. a cerut protec\u021bia statului \u00een fa\u021ba so\u021bului ei violent de dou\u0103 ori \u00een ultimele s\u0103pt\u0103m\u00e2ni. Prima dat\u0103 pe 15 iulie, apoi - pe 24 august. \u00centre cele dou\u0103 cereri, femeia a depus, pe 4 august, \u0219i cerere de divor\u021b \u2013 care nu a fost \u00eenc\u0103 solu\u021bionat\u0103. \u0218eful Poli\u021biei Republicii Moldova, Viorel Cern\u0103u\u021beanu, a confirmat c\u0103, \u00een urma cererilor femeii, pe numele b\u0103rbatului a fost emis nu doar un ordin de protec\u021bie, ci \u0219i m\u0103sura supravegherii sale prin intermediul unei br\u0103\u021b\u0103ri electronice. \u00cen circumstan\u021be neclare \u2013 pe care Poli\u021bia promite c\u0103 le va investiga \u2013 individul a reu\u0219it s\u0103-\u0219i scoat\u0103 acea br\u0103\u021bar\u0103 f\u0103r\u0103 ca anchetatorii s\u0103 sesizeze acest lucru \u0219i \u0219i-a \u00eempu\u0219cat nevasta. Europa Liber\u0103 a \u00eentrebat Poli\u021bia cum de a izbutit b\u0103rbatul s\u0103 se apropie de so\u021bie, \u00eens\u0103 nu am primit un r\u0103spuns p\u00e2n\u0103 la publicarea acestui articol. \u00centr-un comentariu pentru Moldova 1 , \u0219eful Poli\u021biei, Viorel Cern\u0103u\u021beanu, a precizat c\u0103, atunci c\u00e2nd a fost g\u0103sit de poli\u021bi\u0219ti, Vasile E. nu avea asupra sa br\u0103\u021bara electronic\u0103. Inspectoratul de Proba\u021biune \u00ee\u0219i investigheaz\u0103 angaja\u021bii Sistemul de supraveghere electronic\u0103 a celor \u00eempotriva c\u0103rora s-a emis un ordin de protec\u021bie este gestionat \u00een R. Moldova de Inspectoratul Na\u021bional de Proba\u021biune (INP). \u0218eful Poli\u021biei a precizat c\u0103 nu e clar \u201ec\u00e2nd a fost sistat semnalul br\u0103\u021b\u0103rii, dac\u0103 (INP, n.r.) a informat poli\u021bia de la Criuleni despre riscul opririi semnalului\u201d. \u201eLa cercetare, c\u0103utau \u0219i ei br\u0103\u021bara, nu o g\u0103seau \u0219i ne \u00eentrebau pe noi: \u00abDar unde-i br\u0103\u021bara\u00bb? Deci, ei tot nu cuno\u0219teau\u201d, a men\u021bionat Viorel Cern\u0103u\u021beanu. Inspectoratul Na\u021bional de Proba\u021biune a precizat mar\u021bi, 1 septembrie, c\u0103 \u201ea dispus ini\u021bierea unei anchete interne \u00een vederea stabilirii tuturor circumstan\u021belor ce \u021bin de exercitarea atribu\u021biilor de serviciu de c\u0103tre angaja\u021bii responsabili de aplicarea \u0219i monitorizarea supravegherii electronice.\u201d Reprezentan\u021bii INP vor s\u0103 afle dac\u0103 angaja\u021bii s\u0103i au respectat \u201eprocedurile \u0219i obliga\u021biile\u201d \u0219i promit c\u0103 vor colabora cu anchetatorii \u00een acest caz. \u201eINP trateaz\u0103 cu maxim\u0103 seriozitate orice situa\u021bie care poate indica vulnerabilit\u0103\u021bi \u00een func\u021bionarea mecanismului de supraveghere electronic\u0103\u201d. Br\u0103\u021b\u0103rile electronice, care ar trebui s\u0103 supravegheze infractorii sau persoanele violente, au fost introduse \u00een legisla\u021bia din R. Moldova \u00eencep\u00e2nd cu 2021. Anul trecut, de pild\u0103, 2.740 de persoane au fost supravegheate, potrivit INP. O treime dintre acestea au fost persoane \u00eempotriva c\u0103rora fuseser\u0103 emise ordine de protec\u021bie. So\u021bii Vasile \u0219i Ana E. aveau trei fete, dintre care dou\u0103 minore - o adolescent\u0103 de 15 ani \u0219i mezina, care intr\u0103 la 1 septembrie \u00een clasa I-a. Ministerul Muncii \u0219i Protec\u021biei Sociale a anun\u021bat c\u0103 va c\u0103uta solu\u021bii pentru a ajuta copiii. Europa Liber\u0103 Moldova este \u0219i pe Google News. Aboneaz\u0103-te .","title":"Semne de \u00eentrebare dup\u0103 crima de la Criuleni: Poli\u021bia \u0219i Proba\u021biunea nu \u0219tiu cum \u0219i-a scos b\u0103rbatul br\u0103\u021bara \u00eenainte de a-\u0219i ucide so\u021bia","topic":null,"translation_language":"","url":"https://www.europalibera.md/a/semne-de-intrebare-dupa-crima-de-la-criuleni-politia-si-probatiunea-nu-stiu-cum-si-a-scos-barbatul-bratara-inainte-de-a-si-ucide-sotia/33844747.html","video_url":null},{"article_body_paragraphs":[],"audio_source_url":null,"author":"Europa Liber\u0103 Moldova","available_dubs":[],"downloadable_assets":["https://gdb.rferl.org/01000000-c0a8-0242-ed1f-08dbf7c79e37_cx0_cy8_cw0_w1600_r1_n_s.jpeg"],"duration_display":"0:00","duration_seconds":null,"embed_url":null,"id":11254,"image_caption":"Na\u021bionalistul radical rus Voislav Torden (Ian Petrovski), fotografie nedatat\u0103.","image_url":"https://gdb.rferl.org/01000000-c0a8-0242-ed1f-08dbf7c79e37_cx0_cy8_cw0_w1600_r1_n_s.jpeg","is_clip":false,"item_type":"article","item_type_label":"Article","language_label":"Romanian","media_credit":"Europa Liber\u0103 Moldova","micro_label":"Photo","micro_label_kind":"gallery","network_label":"RFE/RL","network_logo_url":"/static/uploads/direct_network_logos/rfe_rl_e69d397fdd7d.png","published_at":"2026-09-01T09:27:24","published_at_display":"1 Sep 2026, 09:27 GMT","sequence_badge_label":null,"sequence_count":null,"sequence_count_label":null,"sequence_frames":[],"sequence_kind":null,"source_name":"moldova_europalibera_org_rss","source_name_label":"Moldova Europalibera","source_type":"rss","summary":"O curte de apel finlandez\u0103 a anulat \u2060anumite p\u0103r\u021bi ale unei sentin\u021be de condamnare pronun\u021bate \u00eempotriva unui individ de origine rus\u0103, condamnat pentru crime de r\u0103zboi \u00een Ucraina, reduc\u00e2ndu-i pedeapsa cu \u00eenchisoarea pe via\u021b\u0103 la 12 ani \u0219i jum\u0103tate de \u00eenchisoare. Voislav Torden, un ultrana\u021bionalist rus \u00een v\u00e2rst\u0103 de 39 de ani, cunoscut anterior sub numele de Ian Petrovski, a fost condamnat la Helsinki \u00een martie 2025, dup\u0103 ce a fost implicat \u00een moartea a 22 de solda\u021bi ucraineni \u0219i r\u0103nirea altor patru, \u00een 2014. La 31 august, curtea de apel a anulat condamn\u0103rile lui Torden pentru \u00eempu\u0219carea unui soldat ucrainean r\u0103nit \u0219i pentru mutilare, ceea ce a dus la reducerea pedepsei. Instan\u021ba i-a confirmat vinov\u0103\u021bia pentru o ambuscad\u0103 \u00een care atacatorii au folosit un steag ucrainean pentru a induce \u00een eroare trupele ucrainene \u00eenainte de a deschide focul. \u201eCurtea de Apel constat\u0103 c\u0103, \u00een cadrul primului cap de acuzare, Torden este vinovat de moartea celor 22 de solda\u021bi ucraineni men\u021biona\u021bi \u00een rechizitoriu \u0219i de r\u0103nirea grav\u0103 a altor patru solda\u021bi\u201d, se precizeaz\u0103 \u00een verdict. Avocatul lui Torden, Heikki Lampela, a declarat pentru Reuters c\u0103 Torden a negat toate acuza\u021biile \u0219i inten\u021bioneaz\u0103 s\u0103 atace verdictul de vinov\u0103\u021bie privind primul cap de acuzare la Curtea Suprem\u0103 a Finlandei. Torden a fost re\u021binut \u00een Finlanda, la cererea Ucrainei, \u00een 2023, \u00een timp ce \u00eencerca s\u0103 fug\u0103 \u00een Fran\u021ba. Curtea Suprem\u0103 din Finlanda a blocat ulterior extr\u0103darea sa \u00een Ucraina, invoc\u00e2nd \u00eengrijor\u0103ri cu privire la condi\u021biile din \u00eenchisorile ucrainene \u0219i riscul ca Torden s\u0103 fie supus unor umilin\u021be \u00een timpul deten\u021biei. Torden, fost comandant al grupului de sabotaj \u201eRusici\u201d, a luptat \u00eempotriva for\u021belor ucrainene \u00een regiunile Done\u021bk \u0219i Luhansk din estul Ucrainei \u00een 2014, cu ani \u00eenainte de invazia pe scar\u0103 larg\u0103 a Rusiei din februarie 2022. Cu informa\u021bii furnizate de Reuters Europa Liber\u0103 Moldova este \u0219i pe Google News. Aboneaz\u0103-te .","title":"Un rus condamnat pentru crime de r\u0103zboi \u00een Ucraina beneficiaz\u0103 de o reducere a pedepsei \u00een Finlanda","topic":null,"translation_language":"","url":"https://moldova.europalibera.org/a/un-rus-condamnat-pentru-crime-de-razboi-in-ucraina-beneficiaza-de-o-reducere-a-pedepsei-in-finlanda/33844606.html","video_url":null},{"article_body_paragraphs":[],"audio_source_url":null,"author":"Europa Liber\u0103 Moldova","available_dubs":[],"downloadable_assets":["https://gdb.rferl.org/01000000-c0a8-0242-ed1f-08dbf7c79e37_cx0_cy8_cw0_w1600_r1_n_s.jpeg"],"duration_display":"0:00","duration_seconds":null,"embed_url":null,"id":11210,"image_caption":"Na\u021bionalistul radical rus Voislav Torden (Ian Petrovski), fotografie nedatat\u0103.","image_url":"https://gdb.rferl.org/01000000-c0a8-0242-ed1f-08dbf7c79e37_cx0_cy8_cw0_w1600_r1_n_s.jpeg","is_clip":false,"item_type":"article","item_type_label":"Article","language_label":"Romanian","media_credit":"Europa Liber\u0103 Moldova","micro_label":"Photo","micro_label_kind":"gallery","network_label":"RFE/RL","network_logo_url":"/static/uploads/direct_network_logos/rfe_rl_e69d397fdd7d.png","published_at":"2026-09-01T09:27:24","published_at_display":"1 Sep 2026, 09:27 GMT","sequence_badge_label":null,"sequence_count":null,"sequence_count_label":null,"sequence_frames":[],"sequence_kind":null,"source_name":"moldova_europalibera_org_rss","source_name_label":"Moldova Europalibera","source_type":"rss","summary":"O curte de apel finlandez\u0103 a anulat \u2060anumite p\u0103r\u021bi ale unei sentin\u021be de condamnare pronun\u021bate \u00eempotriva unui individ de origine rus\u0103, condamnat pentru crime de r\u0103zboi \u00een Ucraina, reduc\u00e2ndu-i pedeapsa cu \u00eenchisoarea pe via\u021b\u0103 la 12 ani \u0219i jum\u0103tate de \u00eenchisoare. Voislav Torden, un ultrana\u021bionalist rus \u00een v\u00e2rst\u0103 de 39 de ani, cunoscut anterior sub numele de Ian Petrovski, a fost condamnat la Helsinki \u00een martie 2025, dup\u0103 ce a fost implicat \u00een moartea a 22 de solda\u021bi ucraineni \u0219i r\u0103nirea altor patru, \u00een 2014. La 31 august, curtea de apel a anulat condamn\u0103rile lui Torden pentru \u00eempu\u0219carea unui soldat ucrainean r\u0103nit \u0219i pentru mutilare, ceea ce a dus la reducerea pedepsei. Instan\u021ba i-a confirmat vinov\u0103\u021bia pentru o ambuscad\u0103 \u00een care atacatorii au folosit un steag ucrainean pentru a induce \u00een eroare trupele ucrainene \u00eenainte de a deschide focul. \u201eCurtea de Apel constat\u0103 c\u0103, \u00een cadrul primului cap de acuzare, Torden este vinovat de moartea celor 22 de solda\u021bi ucraineni men\u021biona\u021bi \u00een rechizitoriu \u0219i de r\u0103nirea grav\u0103 a altor patru solda\u021bi\u201d, se precizeaz\u0103 \u00een verdict. Avocatul lui Torden, Heikki Lampela, a declarat pentru Reuters c\u0103 Torden a negat toate acuza\u021biile \u0219i inten\u021bioneaz\u0103 s\u0103 atace verdictul de vinov\u0103\u021bie privind primul cap de acuzare la Curtea Suprem\u0103 a Finlandei. Torden a fost re\u021binut \u00een Finlanda, la cererea Ucrainei, \u00een 2023, \u00een timp ce \u00eencerca s\u0103 fug\u0103 \u00een Fran\u021ba. Curtea Suprem\u0103 din Finlanda a blocat ulterior extr\u0103darea sa \u00een Ucraina, invoc\u00e2nd \u00eengrijor\u0103ri cu privire la condi\u021biile din \u00eenchisorile ucrainene \u0219i riscul ca Torden s\u0103 fie supus unor umilin\u021be \u00een timpul deten\u021biei. Torden, fost comandant al grupului de sabotaj \u201eRusici\u201d, a luptat \u00eempotriva for\u021belor ucrainene \u00een regiunile Done\u021bk \u0219i Luhansk din estul Ucrainei \u00een 2014, cu ani \u00eenainte de invazia pe scar\u0103 larg\u0103 a Rusiei din februarie 2022. Cu informa\u021bii furnizate de Reuters Europa Liber\u0103 Moldova este \u0219i pe Google News. Aboneaz\u0103-te .","title":"Un rus condamnat pentru crime de r\u0103zboi \u00een Ucraina beneficiaz\u0103 de o reducere a pedepsei \u00een Finlanda","topic":null,"translation_language":"","url":"https://www.europalibera.md/a/un-rus-condamnat-pentru-crime-de-razboi-in-ucraina-beneficiaza-de-o-reducere-a-pedepsei-in-finlanda/33844606.html","video_url":null},{"article_body_paragraphs":[],"audio_source_url":null,"author":"Europa Liber\u0103 Moldova","available_dubs":[],"downloadable_assets":["https://gdb.rferl.org/c627c7ea-312a-4bd4-a5b4-cd3da4d78a5d_w1600_r1_n_s.jpg"],"duration_display":"0:00","duration_seconds":null,"embed_url":null,"id":11255,"image_caption":"Echipele de salvare care la locul unui atac rusesc din regiunea Odesa, pe 1 septembrie 2026.","image_url":"https://gdb.rferl.org/c627c7ea-312a-4bd4-a5b4-cd3da4d78a5d_w1600_r1_n_s.jpg","is_clip":false,"item_type":"article","item_type_label":"Article","language_label":"Romanian","media_credit":"Europa Liber\u0103 Moldova","micro_label":"Photo","micro_label_kind":"gallery","network_label":"RFE/RL","network_logo_url":"/static/uploads/direct_network_logos/rfe_rl_e69d397fdd7d.png","published_at":"2026-09-01T08:16:40","published_at_display":"1 Sep 2026, 08:16 GMT","sequence_badge_label":null,"sequence_count":null,"sequence_count_label":null,"sequence_frames":[],"sequence_kind":null,"source_name":"moldova_europalibera_org_rss","source_name_label":"Moldova Europalibera","source_type":"rss","summary":"Rusia a atacat \u00een cursul nop\u021bii infrastructura portuar\u0103 a Ucrainei \u0219i un punct de trecere a frontierei cu Rom\u00e2nia din regiunea Odesa, au declarat mar\u021bi oficialii ucraineni. Tot mar\u021bi, Rusia a respins un plan al Turciei de facilitare a exporturilor de gr\u00e2ne, pe mare. Pre\u0219edintele ucrainean Volodimir Zelenski a declarat c\u0103 atacul \u201ea avariat \u00een mod deliberat un punct de trecere a frontierei cu Rom\u00e2nia, precum \u0219i infrastructura de export\u201d. Serviciul de urgen\u021b\u0103 al Ucrainei a precizat c\u0103 atacul a vizat \u0219i infrastructura energetic\u0103 \u0219i a provocat un incendiu la o cl\u0103dire reziden\u021bial\u0103, unde o persoan\u0103 a fost r\u0103nit\u0103, f\u0103r\u0103 a oferi \u00eens\u0103 detalii suplimentare. \u00cen ultimele luni, Rusia a crescut semnificativ at\u00e2t num\u0103rul, c\u00e2t \u0219i intensitatea atacurilor cu drone asupra infrastructurii de export din regiunea Odesa , unde se afl\u0103 principalele porturi ucrainene de la Marea Neagr\u0103, precum \u0219i marile porturi fluviale de pe Dun\u0103re, Reni \u0219i Izmail , noteaz\u0103 Reuters. Atacurile ruse\u0219ti au blocat efectiv porturile maritime, care odinioar\u0103 gestionau 90% din exporturile \u021b\u0103rii, for\u021b\u00e2nd Kievul s\u0103 redirec\u021bioneze m\u0103rfurile prin porturile fluviale de pe Dun\u0103re, cu o capacitate mai redus\u0103, \u0219i c\u0103tre punctele de trecere feroviare de la grani\u021ba de vest. Serviciul de frontier\u0103 ucrainean a declarat mar\u021bi c\u0103, \u00een cadrul atacului din timpul nop\u021bii, Rusia a atacat \u0219i a avariat un punct de control pentru serviciile de feribot de la Orlivka, la grani\u021ba cu Rom\u00e2nia. \u201eTrecerea cet\u0103\u021benilor \u0219i a vehiculelor prin acest punct de control a fost suspendat\u0103 temporar\u201d, a precizat serviciul \u00eentr-un comunicat. Punctul de frontier\u0103 Orlivka a fost \u021bintit de ru\u0219i \u0219i \u00een trecut: \u00een imagine, urm\u0103rile unui atac din 22 noiembrie 2025. Regiunea Odesa s-a confruntat cu peste 300 de alerte de raid aerian \u00een luna august, care au durat \u00een total 238 de ore, potrivit unui serviciu de monitorizare. Reprezentan\u021bii c\u0103ilor ferate afirm\u0103 c\u0103 alertele constante de raid aerian \u0219i atacurile asupra infrastructurii le complic\u0103 semnificativ opera\u021biunile. Cu toate acestea, operatorul feroviar ucrainean Ukrzaliznytsia a declarat c\u0103 a intensificat livr\u0103rile de cereale c\u0103tre porturile de pe Dun\u0103re \u00een vederea exporturilor viitoare. Rusia consider\u0103 c\u0103 un moratoriu asupra atacurilor \u00een Marea Neagr\u0103, o rut\u0103 important\u0103 pentru comer\u021bul cu cereale, nu va contribui la g\u0103sirea unei solu\u021bii pa\u0219nice la conflict, a declarat mar\u021bi viceministrul de externe Alexander Gru\u0219ko, potrivit Interfax. Turcia \u00ee\u0219i pierde r\u0103bdarea Ministrul de Externe al Turciei, Hakan Fidan, declarase pe 31 august c\u0103 Turcia a elaborat un plan pentru transportul \u00een condi\u021bii de siguran\u021b\u0103 al cerealelor prin Marea Neagr\u0103 \u0219i c\u0103 lucreaz\u0103 la un acord similar celui din 2022 privind cerealele, pentru a permite exporturile \u00een condi\u021bii de siguran\u021b\u0103. Fidan a f\u0103cut, de asemenea, un apel c\u0103tre p\u0103r\u021bile beligerante s\u0103 dea dovad\u0103 de re\u021binere \u00een contextul atacurilor cu drone asupra navelor din Marea Neagr\u0103. El a avertizat c\u0103 aceste atacuri reprezint\u0103 o amenin\u021bare nu numai pentru securitatea din Marea Neagr\u0103, ci \u0219i pentru securitatea alimentar\u0103 la nivel mondial. Ministrul rus al Afacerilor Externe, Lavrov (dreapta), \u0219i ministrul turc al Afacerilor Externe, Fidan, s-au \u00eent\u00e2lnit la Moscova \u00een iunie 2026. Ankara \u0219i-a men\u021binut rela\u021biile cu Rusia, chiar \u00een condi\u021biile invaziei ruse\u0219ti din Ucraina. Ucraina \u0219i Rusia se num\u0103r\u0103 printre principalii exportatori de gr\u00e2u din lume. Dac\u0103 aprovizionarea pie\u021bei mondiale cu gr\u00e2u din aceste \u021b\u0103ri ar fi \u00eentrerupt\u0103, exist\u0103 temeri nu numai cu privire la cre\u0219terea pre\u021burilor, ci \u0219i la apari\u021bia unor penurii sau chiar a foametei, de exemplu \u00een \u021b\u0103rile africane. Tensiunile din Marea Neagr\u0103 s-au intensificat recent. S\u00e2mb\u0103t\u0103, Turcia l-a convocat pe ambasadorul ucrainean la Ministerul Afacerilor Externe \u0219i a protestat \u00eempotriva atacurilor asupra a dou\u0103 nave turce\u0219ti \u00een Marea Neagr\u0103, din 26 \u0219i 27 august. Ucraina spune c\u0103 a lovit \u00een August \u00een Marea Neagr\u0103 54 de nave din flota \u201efantom\u0103\u201d a Rusiei, folosit\u0103 pentru ocolirea sanc\u021biunilor. \u00cen imagine: tancherul Kairos, lovit \u00een noiembrie 2025 \u00een largul coastelor Turciei. Duminic\u0103, potrivit agen\u021biei de \u0219tiri DHA, un petrolier sub pavilionul Hong Kongului s-a \u00eempotmolit \u00een largul provinciei turce Samsun, de la Marea Neagr\u0103, \u00een urma unui atac cu drone. Raportul preciza c\u0103 nava fusese deja atacat\u0103 miercurea trecut\u0103 \u0219i, dup\u0103 ce echipajul fusese evacuat \u00een Rusia, plutea f\u0103r\u0103 echipaj pe mare de c\u00e2teva zile. Europa Liber\u0103 Moldova este \u0219i pe Google News. Aboneaz\u0103-te .","title":"Rusia love\u0219te din nou porturile ucrainene \u0219i str\u00e2mb\u0103 din nas la un nou plan turcesc pentru un \u201ecoridor sigur\u201d \u00een Marea Neagr\u0103","topic":null,"translation_language":"","url":"https://moldova.europalibera.org/a/rusia-loveste-din-nou-porturile-ucrainene-si-stramba-din-nas-la-un-nou-plan-turcesc-pentru-un-coridor-sigur-in-marea-neagra/33844655.html","video_url":null},{"article_body_paragraphs":[],"audio_source_url":null,"author":"Europa Liber\u0103 Moldova","available_dubs":[],"downloadable_assets":["https://gdb.rferl.org/c627c7ea-312a-4bd4-a5b4-cd3da4d78a5d_w1600_r1_n_s.jpg"],"duration_display":"0:00","duration_seconds":null,"embed_url":null,"id":11194,"image_caption":"Echipele de salvare care la locul unui atac rusesc din regiunea Odesa, pe 1 septembrie 2026.","image_url":"https://gdb.rferl.org/c627c7ea-312a-4bd4-a5b4-cd3da4d78a5d_w1600_r1_n_s.jpg","is_clip":false,"item_type":"article","item_type_label":"Article","language_label":"Romanian","media_credit":"Europa Liber\u0103 Moldova","micro_label":"Photo","micro_label_kind":"gallery","network_label":"RFE/RL","network_logo_url":"/static/uploads/direct_network_logos/rfe_rl_e69d397fdd7d.png","published_at":"2026-09-01T08:16:40","published_at_display":"1 Sep 2026, 08:16 GMT","sequence_badge_label":null,"sequence_count":null,"sequence_count_label":null,"sequence_frames":[],"sequence_kind":null,"source_name":"moldova_europalibera_org_rss","source_name_label":"Moldova Europalibera","source_type":"rss","summary":"Rusia a atacat \u00een cursul nop\u021bii infrastructura portuar\u0103 a Ucrainei \u0219i un punct de trecere a frontierei cu Rom\u00e2nia din regiunea Odesa, au declarat mar\u021bi oficialii ucraineni. Tot mar\u021bi, Rusia a respins un plan al Turciei de facilitare a exporturilor de gr\u00e2ne, pe mare. Pre\u0219edintele ucrainean Volodimir Zelenski a declarat c\u0103 atacul \u201ea avariat \u00een mod deliberat un punct de trecere a frontierei cu Rom\u00e2nia, precum \u0219i infrastructura de export\u201d. Serviciul de urgen\u021b\u0103 al Ucrainei a precizat c\u0103 atacul a vizat \u0219i infrastructura energetic\u0103 \u0219i a provocat un incendiu la o cl\u0103dire reziden\u021bial\u0103, unde o persoan\u0103 a fost r\u0103nit\u0103, f\u0103r\u0103 a oferi \u00eens\u0103 detalii suplimentare. \u00cen ultimele luni, Rusia a crescut semnificativ at\u00e2t num\u0103rul, c\u00e2t \u0219i intensitatea atacurilor cu drone asupra infrastructurii de export din regiunea Odesa , unde se afl\u0103 principalele porturi ucrainene de la Marea Neagr\u0103, precum \u0219i marile porturi fluviale de pe Dun\u0103re, Reni \u0219i Izmail , noteaz\u0103 Reuters. Atacurile ruse\u0219ti au blocat efectiv porturile maritime, care odinioar\u0103 gestionau 90% din exporturile \u021b\u0103rii, for\u021b\u00e2nd Kievul s\u0103 redirec\u021bioneze m\u0103rfurile prin porturile fluviale de pe Dun\u0103re, cu o capacitate mai redus\u0103, \u0219i c\u0103tre punctele de trecere feroviare de la grani\u021ba de vest. Serviciul de frontier\u0103 ucrainean a declarat mar\u021bi c\u0103, \u00een cadrul atacului din timpul nop\u021bii, Rusia a atacat \u0219i a avariat un punct de control pentru serviciile de feribot de la Orlivka, la grani\u021ba cu Rom\u00e2nia. \u201eTrecerea cet\u0103\u021benilor \u0219i a vehiculelor prin acest punct de control a fost suspendat\u0103 temporar\u201d, a precizat serviciul \u00eentr-un comunicat. Punctul de frontier\u0103 Orlivka a fost \u021bintit de ru\u0219i \u0219i \u00een trecut: \u00een imagine, urm\u0103rile unui atac din 22 noiembrie 2025. Regiunea Odesa s-a confruntat cu peste 300 de alerte de raid aerian \u00een luna august, care au durat \u00een total 238 de ore, potrivit unui serviciu de monitorizare. Reprezentan\u021bii c\u0103ilor ferate afirm\u0103 c\u0103 alertele constante de raid aerian \u0219i atacurile asupra infrastructurii le complic\u0103 semnificativ opera\u021biunile. Cu toate acestea, operatorul feroviar ucrainean Ukrzaliznytsia a declarat c\u0103 a intensificat livr\u0103rile de cereale c\u0103tre porturile de pe Dun\u0103re \u00een vederea exporturilor viitoare. Rusia consider\u0103 c\u0103 un moratoriu asupra atacurilor \u00een Marea Neagr\u0103, o rut\u0103 important\u0103 pentru comer\u021bul cu cereale, nu va contribui la g\u0103sirea unei solu\u021bii pa\u0219nice la conflict, a declarat mar\u021bi viceministrul de externe Alexander Gru\u0219ko, potrivit Interfax. Turcia \u00ee\u0219i pierde r\u0103bdarea Ministrul de Externe al Turciei, Hakan Fidan, declarase pe 31 august c\u0103 Turcia a elaborat un plan pentru transportul \u00een condi\u021bii de siguran\u021b\u0103 al cerealelor prin Marea Neagr\u0103 \u0219i c\u0103 lucreaz\u0103 la un acord similar celui din 2022 privind cerealele, pentru a permite exporturile \u00een condi\u021bii de siguran\u021b\u0103. Fidan a f\u0103cut, de asemenea, un apel c\u0103tre p\u0103r\u021bile beligerante s\u0103 dea dovad\u0103 de re\u021binere \u00een contextul atacurilor cu drone asupra navelor din Marea Neagr\u0103. El a avertizat c\u0103 aceste atacuri reprezint\u0103 o amenin\u021bare nu numai pentru securitatea din Marea Neagr\u0103, ci \u0219i pentru securitatea alimentar\u0103 la nivel mondial. Ministrul rus al Afacerilor Externe, Lavrov (dreapta), \u0219i ministrul turc al Afacerilor Externe, Fidan, s-au \u00eent\u00e2lnit la Moscova \u00een iunie 2026. Ankara \u0219i-a men\u021binut rela\u021biile cu Rusia, chiar \u00een condi\u021biile invaziei ruse\u0219ti din Ucraina. Ucraina \u0219i Rusia se num\u0103r\u0103 printre principalii exportatori de gr\u00e2u din lume. Dac\u0103 aprovizionarea pie\u021bei mondiale cu gr\u00e2u din aceste \u021b\u0103ri ar fi \u00eentrerupt\u0103, exist\u0103 temeri nu numai cu privire la cre\u0219terea pre\u021burilor, ci \u0219i la apari\u021bia unor penurii sau chiar a foametei, de exemplu \u00een \u021b\u0103rile africane. Tensiunile din Marea Neagr\u0103 s-au intensificat recent. S\u00e2mb\u0103t\u0103, Turcia l-a convocat pe ambasadorul ucrainean la Ministerul Afacerilor Externe \u0219i a protestat \u00eempotriva atacurilor asupra a dou\u0103 nave turce\u0219ti \u00een Marea Neagr\u0103, din 26 \u0219i 27 august. Ucraina spune c\u0103 a lovit \u00een August \u00een Marea Neagr\u0103 54 de nave din flota \u201efantom\u0103\u201d a Rusiei, folosit\u0103 pentru ocolirea sanc\u021biunilor. \u00cen imagine: tancherul Kairos, lovit \u00een noiembrie 2025 \u00een largul coastelor Turciei. Duminic\u0103, potrivit agen\u021biei de \u0219tiri DHA, un petrolier sub pavilionul Hong Kongului s-a \u00eempotmolit \u00een largul provinciei turce Samsun, de la Marea Neagr\u0103, \u00een urma unui atac cu drone. Raportul preciza c\u0103 nava fusese deja atacat\u0103 miercurea trecut\u0103 \u0219i, dup\u0103 ce echipajul fusese evacuat \u00een Rusia, plutea f\u0103r\u0103 echipaj pe mare de c\u00e2teva zile. Europa Liber\u0103 Moldova este \u0219i pe Google News. Aboneaz\u0103-te .","title":"Rusia love\u0219te din nou porturile ucrainene \u0219i str\u00e2mb\u0103 din nas la un nou plan turcesc pentru un \u201ecoridor sigur\u201d \u00een Marea Neagr\u0103","topic":null,"translation_language":"","url":"https://www.europalibera.md/a/rusia-loveste-din-nou-porturile-ucrainene-si-stramba-din-nas-la-un-nou-plan-turcesc-pentru-un-coridor-sigur-in-marea-neagra/33844655.html","video_url":null},{"article_body_paragraphs":[],"audio_source_url":null,"author":"Europa Liber\u0103 Moldova","available_dubs":[],"downloadable_assets":["https://gdb.rferl.org/476cfa70-4527-46e9-842e-eb65ed0f2c1d_w1600_r1_n_s.jpg"],"duration_display":"0:00","duration_seconds":null,"embed_url":null,"id":11182,"image_caption":"Un bloc lovit de ru\u0219i \u00een regiunea Kievului, fotografiat \u00een prima diminea\u021b\u0103 de septembrie.","image_url":"https://gdb.rferl.org/476cfa70-4527-46e9-842e-eb65ed0f2c1d_w1600_r1_n_s.jpg","is_clip":false,"item_type":"article","item_type_label":"Article","language_label":"Romanian","media_credit":"Europa Liber\u0103 Moldova","micro_label":"Photo","micro_label_kind":"gallery","network_label":"RFE/RL","network_logo_url":"/static/uploads/direct_network_logos/rfe_rl_e69d397fdd7d.png","published_at":"2026-09-01T06:52:02","published_at_display":"1 Sep 2026, 06:52 GMT","sequence_badge_label":null,"sequence_count":null,"sequence_count_label":null,"sequence_frames":[],"sequence_kind":null,"source_name":"moldova_europalibera_org_rss","source_name_label":"Moldova Europalibera","source_type":"rss","summary":"Un atac \u201emasiv\u201d al Rusiei a provocat moartea a cel pu\u021bin opt persoane la Kiev \u00een cursul nop\u021bii, dintre care \u0219apte \u00eentr-un depou feroviar, au declarat mar\u021bi oficialii, \u00een vreme ce Moscova \u0219i-a continuat campania aerian\u0103 asupra capitalei ucrainene \u0219i a zonelor \u00eenconjur\u0103toare. Atacurile au avut loc tocmai c\u00e2nd copiii se preg\u0103teau s\u0103 se \u00eentoarc\u0103 la \u0219coal\u0103 dup\u0103 vacan\u021ba de var\u0103 \u0219i \u00een contextul \u00een care autorit\u0103\u021bile au \u00eent\u0103rit m\u0103surile de securitate, dup\u0103 s\u0103pt\u0103m\u00e2ni de atacuri ruse\u0219ti intensificate asupra capitalei. Primarul Kievului, Vitali Klitschko, a declarat c\u0103 opt persoane au fost ucise \u0219i cinci r\u0103nite, printre care doi copii, \u00een bombardamentul din timpul nop\u021bii, \u00een care inamicul a folosit rachete balistice \u0219i drone. Oleksandr Per\u021bovski, directorul general al C\u0103ilor Ferate Ucrainene, a declarat c\u0103 o rachet\u0103 a lovit un depou feroviar \u0219i alte instala\u021bii feroviare din Kiev. \u201eAtacul balistic a curmat via\u021ba a 7 persoane, dintre care 6 erau angaja\u021bii no\u0219tri\u201d, a spus el, ad\u0103ug\u00e2nd c\u0103 un alt angajat al c\u0103ilor ferate a fost internat \u00een spital. Per\u021bovski a afirmat c\u0103 atacul a provocat \u201edistrugeri pe scar\u0103 larg\u0103\u201d, inclusiv distrugerea complet\u0103 a unui atelier, \u00een timp ce la unele loca\u021bii incendiile continuau s\u0103 ard\u0103. O persoan\u0103 a fost ucis\u0103 \u00een urma atacurilor din Borispil, la est de Kiev, au declarat oficialii regionali. Ministerul Ap\u0103r\u0103rii al Rusiei a declarat c\u0103 for\u021bele sale au efectuat un \u201eatac masiv\u201d folosind arme cu raz\u0103 lung\u0103 de ac\u021biune \u0219i drone de atac. Ru\u0219ii au mai precizat c\u0103 atacul a vizat instala\u021bii militar-industriale, precum \u0219i instala\u021bii de combustibil \u0219i energie din Kiev \u0219i din regiunea \u00eenconjur\u0103toare. Ministerul a mai declarat c\u0103 a lovit infrastructura din regiunea sudic\u0103 Odesa, precum \u0219i porturile din Odesa \u0219i Ciornomorsk. \u201eRegiunea Kiev a fost \u021binta unui atac masiv cu rachete ruse\u0219ti \u0219i drone de atac \u00een aceast\u0103 sear\u0103\u201d, a declarat pe Telegram \u0219eful administra\u021biei militare regionale din Kiev, Timur Tkacenko. O femeie printre d\u0103r\u0103m\u00e2turile casei sale din Borispil, l\u00e2ng\u0103 Kiev, pe 1 septembrie 2026. Jurnali\u0219tii AFP afla\u021bi \u00een capital\u0103 au auzit mai multe explozii puternice \u0219i au v\u0103zut fulgere pe cer mar\u021bi diminea\u021b\u0103, la scurt timp dup\u0103 ce for\u021bele aeriene au avertizat asupra apropierii rachetelor balistice. For\u021bele aeriene ucrainene au avertizat c\u0103 amenin\u021barea \u201earmelor balistice \u0219i a altor mijloace de atac \u00eempotriva Kievului \u0219i a regiunii r\u0103m\u00e2ne valabil\u0103\u201d \u0219i au \u00eendemnat locuitorii s\u0103 r\u0103m\u00e2n\u0103 \u00een ad\u0103posturi. F\u0103r\u0103 mari ceremonii de la \u0219coal\u0103 Ca \u0219i colegii lor moldoveni, copiii ucraineni se \u00eentorc mar\u021bi la \u0219coal\u0103, iar administra\u021bia militar\u0103 regional\u0103 din Kiev a avertizat c\u0103 nu trebuie organizate evenimente de amploare \u00een zonele cu un nivel ridicat de risc. Kievul \u0219i zonele \u00eenconjur\u0103toare au fost supuse unei presiuni sus\u021binute din partea atacurilor cu drone ruse\u0219ti \u00een ultimele s\u0103pt\u0103m\u00e2ni, dronele cu motor cu reac\u021bie sporind amenin\u021barea \u0219i declan\u0219\u00e2nd p\u00e2n\u0103 la o duzin\u0103 de alerte de raid aerian pe zi. Un atac din weekend asupra unui depozit de muni\u021bie a provocat moartea a 38 de persoane \u00een suburbiile capitalei. Ambele p\u0103r\u021bi au intensificat \u00een ultimele luni atacurile de lung\u0103 distan\u021b\u0103, viz\u00e2nd infrastructura, precum depozite, \u00eentreprinderi \u0219i instala\u021bii petroliere \u0219i portuare, precum \u0219i nave, ceea ce a dus la cre\u0219terea num\u0103rului de victime civile. Ucraina se confrunt\u0103 cu o penurie de rachete interceptoare, \u00een special de sisteme Patriot fabricate \u00een SUA, utilizate \u00eempotriva amenin\u021b\u0103rilor balistice. Surs\u0103: AFP Europa Liber\u0103 Moldova este \u0219i pe Google News. Aboneaz\u0103-te .","title":"La Kiev, \u201eprimul sunet\u201d a fost al rachetelor ruse\u0219ti c\u0103z\u00e2nd peste blocuri","topic":null,"translation_language":"","url":"https://moldova.europalibera.org/a/la-kiev-primul-sunet-a-fost-al-rachetelor-rusesti-cazand-peste-blocuri/33844613.html","video_url":null},{"article_body_paragraphs":[],"audio_source_url":null,"author":"Europa Liber\u0103 Moldova","available_dubs":[],"downloadable_assets":["https://gdb.rferl.org/476cfa70-4527-46e9-842e-eb65ed0f2c1d_w1600_r1_n_s.jpg"],"duration_display":"0:00","duration_seconds":null,"embed_url":null,"id":11176,"image_caption":"Un bloc lovit de ru\u0219i \u00een regiunea Kievului, fotografiat \u00een prima diminea\u021b\u0103 de septembrie.","image_url":"https://gdb.rferl.org/476cfa70-4527-46e9-842e-eb65ed0f2c1d_w1600_r1_n_s.jpg","is_clip":false,"item_type":"article","item_type_label":"Article","language_label":"Romanian","media_credit":"Europa Liber\u0103 Moldova","micro_label":"Photo","micro_label_kind":"gallery","network_label":"RFE/RL","network_logo_url":"/static/uploads/direct_network_logos/rfe_rl_e69d397fdd7d.png","published_at":"2026-09-01T06:52:02","published_at_display":"1 Sep 2026, 06:52 GMT","sequence_badge_label":null,"sequence_count":null,"sequence_count_label":null,"sequence_frames":[],"sequence_kind":null,"source_name":"moldova_europalibera_org_rss","source_name_label":"Moldova Europalibera","source_type":"rss","summary":"Un atac \u201emasiv\u201d al Rusiei a provocat moartea a cel pu\u021bin opt persoane la Kiev \u00een cursul nop\u021bii, dintre care \u0219apte \u00eentr-un depou feroviar, au declarat mar\u021bi oficialii, \u00een vreme ce Moscova \u0219i-a continuat campania aerian\u0103 asupra capitalei ucrainene \u0219i a zonelor \u00eenconjur\u0103toare. Atacurile au avut loc tocmai c\u00e2nd copiii se preg\u0103teau s\u0103 se \u00eentoarc\u0103 la \u0219coal\u0103 dup\u0103 vacan\u021ba de var\u0103 \u0219i \u00een contextul \u00een care autorit\u0103\u021bile au \u00eent\u0103rit m\u0103surile de securitate, dup\u0103 s\u0103pt\u0103m\u00e2ni de atacuri ruse\u0219ti intensificate asupra capitalei. Primarul Kievului, Vitali Klitschko, a declarat c\u0103 opt persoane au fost ucise \u0219i cinci r\u0103nite, printre care doi copii, \u00een bombardamentul din timpul nop\u021bii, \u00een care inamicul a folosit rachete balistice \u0219i drone. Oleksandr Per\u021bovski, directorul general al C\u0103ilor Ferate Ucrainene, a declarat c\u0103 o rachet\u0103 a lovit un depou feroviar \u0219i alte instala\u021bii feroviare din Kiev. \u201eAtacul balistic a curmat via\u021ba a 7 persoane, dintre care 6 erau angaja\u021bii no\u0219tri\u201d, a spus el, ad\u0103ug\u00e2nd c\u0103 un alt angajat al c\u0103ilor ferate a fost internat \u00een spital. Per\u021bovski a afirmat c\u0103 atacul a provocat \u201edistrugeri pe scar\u0103 larg\u0103\u201d, inclusiv distrugerea complet\u0103 a unui atelier, \u00een timp ce la unele loca\u021bii incendiile continuau s\u0103 ard\u0103. O persoan\u0103 a fost ucis\u0103 \u00een urma atacurilor din Borispil, la est de Kiev, au declarat oficialii regionali. Ministerul Ap\u0103r\u0103rii al Rusiei a declarat c\u0103 for\u021bele sale au efectuat un \u201eatac masiv\u201d folosind arme cu raz\u0103 lung\u0103 de ac\u021biune \u0219i drone de atac. Ru\u0219ii au mai precizat c\u0103 atacul a vizat instala\u021bii militar-industriale, precum \u0219i instala\u021bii de combustibil \u0219i energie din Kiev \u0219i din regiunea \u00eenconjur\u0103toare. Ministerul a mai declarat c\u0103 a lovit infrastructura din regiunea sudic\u0103 Odesa, precum \u0219i porturile din Odesa \u0219i Ciornomorsk. \u201eRegiunea Kiev a fost \u021binta unui atac masiv cu rachete ruse\u0219ti \u0219i drone de atac \u00een aceast\u0103 sear\u0103\u201d, a declarat pe Telegram \u0219eful administra\u021biei militare regionale din Kiev, Timur Tkacenko. O femeie printre d\u0103r\u0103m\u00e2turile casei sale din Borispil, l\u00e2ng\u0103 Kiev, pe 1 septembrie 2026. Jurnali\u0219tii AFP afla\u021bi \u00een capital\u0103 au auzit mai multe explozii puternice \u0219i au v\u0103zut fulgere pe cer mar\u021bi diminea\u021b\u0103, la scurt timp dup\u0103 ce for\u021bele aeriene au avertizat asupra apropierii rachetelor balistice. For\u021bele aeriene ucrainene au avertizat c\u0103 amenin\u021barea \u201earmelor balistice \u0219i a altor mijloace de atac \u00eempotriva Kievului \u0219i a regiunii r\u0103m\u00e2ne valabil\u0103\u201d \u0219i au \u00eendemnat locuitorii s\u0103 r\u0103m\u00e2n\u0103 \u00een ad\u0103posturi. F\u0103r\u0103 mari ceremonii de la \u0219coal\u0103 Ca \u0219i colegii lor moldoveni, copiii ucraineni se \u00eentorc mar\u021bi la \u0219coal\u0103, iar administra\u021bia militar\u0103 regional\u0103 din Kiev a avertizat c\u0103 nu trebuie organizate evenimente de amploare \u00een zonele cu un nivel ridicat de risc. Kievul \u0219i zonele \u00eenconjur\u0103toare au fost supuse unei presiuni sus\u021binute din partea atacurilor cu drone ruse\u0219ti \u00een ultimele s\u0103pt\u0103m\u00e2ni, dronele cu motor cu reac\u021bie sporind amenin\u021barea \u0219i declan\u0219\u00e2nd p\u00e2n\u0103 la o duzin\u0103 de alerte de raid aerian pe zi. Un atac din weekend asupra unui depozit de muni\u021bie a provocat moartea a 38 de persoane \u00een suburbiile capitalei. Ambele p\u0103r\u021bi au intensificat \u00een ultimele luni atacurile de lung\u0103 distan\u021b\u0103, viz\u00e2nd infrastructura, precum depozite, \u00eentreprinderi \u0219i instala\u021bii petroliere \u0219i portuare, precum \u0219i nave, ceea ce a dus la cre\u0219terea num\u0103rului de victime civile. Ucraina se confrunt\u0103 cu o penurie de rachete interceptoare, \u00een special de sisteme Patriot fabricate \u00een SUA, utilizate \u00eempotriva amenin\u021b\u0103rilor balistice. Surs\u0103: AFP Europa Liber\u0103 Moldova este \u0219i pe Google News. Aboneaz\u0103-te .","title":"La Kiev, \u201eprimul sunet\u201d a fost al rachetelor ruse\u0219ti c\u0103z\u00e2nd peste blocuri","topic":null,"translation_language":"","url":"https://www.europalibera.md/a/la-kiev-primul-sunet-a-fost-al-rachetelor-rusesti-cazand-peste-blocuri/33844613.html","video_url":null},{"article_body_paragraphs":[],"audio_source_url":null,"author":"Europa Liber\u0103 Moldova","available_dubs":[],"downloadable_assets":["https://gdb.rferl.org/0b4a93e0-993b-4477-9d5a-8d40d83a6f3e_w1600_r1_n_s.jpg"],"duration_display":"0:00","duration_seconds":null,"embed_url":null,"id":10880,"image_caption":"Autostrada A7 leag\u0103 capitala Rom\u00e2niei de inima Moldovei rom\u00e2ne\u0219ti (foto arhiv\u0103).","image_url":"https://gdb.rferl.org/0b4a93e0-993b-4477-9d5a-8d40d83a6f3e_w1600_r1_n_s.jpg","is_clip":false,"item_type":"article","item_type_label":"Article","language_label":"Romanian","media_credit":"Europa Liber\u0103 Moldova","micro_label":"Photo","micro_label_kind":"gallery","network_label":"RFE/RL","network_logo_url":"/static/uploads/direct_network_logos/rfe_rl_e69d397fdd7d.png","published_at":"2026-08-31T13:31:09","published_at_display":"31 Aug 2026, 13:31 GMT","sequence_badge_label":null,"sequence_count":null,"sequence_count_label":null,"sequence_frames":[],"sequence_kind":null,"source_name":"moldova_europalibera_org_rss","source_name_label":"Moldova Europalibera","source_type":"rss","summary":"Luni, 31 august 2026, la ora 16, \u00een Rom\u00e2nia s-a mai dat \u00een folosin\u021b\u0103 un tronson de 46 km din autostrada A7, anume \u00eentre Adjud \u0219i Bac\u0103u, astfel c\u0103 se poate circula de la Bac\u0103u la Bucure\u0219ti \u00een 150 de minute. A7 e autostrada cea mai \u00eendelung cerut\u0103 de localnici, dar \u0219i cea mai iute construit\u0103. Este a doua cea mai mare deschidere dintr-o bucat\u0103 din A7, dup\u0103 ce anul trecut s-au deschis circa 49 de km \u00eentre Foc\u0219ani \u0219i Adjud, potrivit site-ului rom\u00e2nesc de \u0219tiri Hotnews.ro . Noul sector va scurta semnificativ timpul de deplasare dintre Bucure\u0219ti \u0219i Bac\u0103u, estimat acum la circa dou\u0103 ore \u0219i jum\u0103tate Estul Rom\u00e2niei (provincia istoric\u0103 Moldova) a fost ultima regiune \u00een care s-a trecut la construc\u021bia de autostr\u0103zi, dup\u0103 \u00eendelungi presiuni din partea autorit\u0103\u021bilor \u0219i societ\u0103\u021bii civile locale. Pe de alt\u0103 parte, \u00eens\u0103, odat\u0103 ce a primit toate aprob\u0103rile, autostrada A7 s-a construit cel mai rapid dintre toate cele pornite \u00een Rom\u00e2nia vreodat\u0103. Salut\u00e2nd luni momentul, premierul interimar Ilie Bolojan a spus c\u0103 urm\u0103torul tronson de pe A7 se va deschide p\u00e2n\u0103 la sf\u00e2r\u0219itul anului curent, iar p\u00e2n\u0103 la prim\u0103var\u0103 se va putea circula de la Bucure\u0219ti p\u00e2n\u0103 la Pa\u0219cani. \u201ePodul de flori peste Prut cre\u0219te zi de zi\u201d Prima deschidere de autostrad\u0103 din Rom\u00e2nia de anul acesta vine \u00een timp ce alte proiecte de infrastructur\u0103 rutier\u0103 avanseaz\u0103 \u0219i ele, unele urm\u0103rite cu mare interes \u0219i de locuitorii R. Moldova. Secretarul de stat de la Ministerul rom\u00e2n al Transporturilor, Ionel Scriosteanu, a publicat s\u0103pt\u0103m\u00e2na trecut\u0103 imagini de pe \u0219antierul podului de peste Prut de la Ungheni, cel care va \u201eaduce\u201d autostrada rom\u00e2neasc\u0103 a Unirii \u00een R. Moldova. \u201eConstruc\u021bia podului a trecut de 55% grad de execu\u021bie \u0219i a fost demarat\u0103 activitatea de montare a tablierului metalic \u0219i pe malul basarabean\u201d, a anun\u021bat pe re\u021bele oficialul rom\u00e2n, constat\u00e2nd c\u0103 \u201ePodul de flori de la Ungheni cre\u0219te zi de zi, iar Prutul r\u0103m\u00e2ne tot mai mic!\u201d Rom\u00e2nii ar urma s\u0103 construiasc\u0103 \u0219i primii kilometri de autostrad\u0103 de pe teritoriul R. Moldova, \u00een continuarea podului, urm\u00e2nd ca de acolo autostrada s\u0103 continue, la o dat\u0103 care \u00eenc\u0103 nu se \u00eentrevede, spre Chi\u0219in\u0103u \u0219i Odesa. Ziua Z pentru atragerea banilor europeni Un alt proiect pus \u00een lumin\u0103 de Scriosteanu \u00een apropierea grani\u021belor R. Moldova este al podului nou peste Siret peste care va trece drumul expres dintre ora\u0219ele-port dun\u0103rene Gala\u021bi \u0219i Br\u0103ila, aflat \u0219i el \u00eentr-un stadiu avansat de realizare. \u201eDrumul expres - a scris oficialul de la Bucure\u0219ti - va uni provinciile istorice Moldova \u0219i Muntenia, prin asigurarea unei leg\u0103turi rapide \u00eentre Br\u0103ila \u0219i Gala\u021bi, precum \u0219i conexiunea Gala\u021biului cu Podul suspendat peste Dun\u0103re de la Br\u0103ila\u201d. Odat\u0103 cu deschiderea tronsonului din A7 \u00eentre Adjud \u0219i Bac\u0103u, re\u021beaua de autostr\u0103zi din Rom\u00e2nia va \u201eataca\u201d lungimea de 1.500 km (mai exact: 1476 km), apropiindu-se statistic de aceea din Cehia - o \u021bar\u0103 cu tradi\u021bie mai \u00eendelungat\u0103 a drumurilor de mare vitez\u0103 (dar \u0219i mai mic\u0103, la suprafa\u021b\u0103). Pe de alt\u0103 parte, data de 31 august 2026 marcheaz\u0103 un moment critic pentru guvernan\u021bii de la Bucure\u0219ti, \u00een ce prive\u0219te infrastructura, cum scrie ziarul Libertatea . Luni expir\u0103 oficial termenul stabilit de Comisia European\u0103 p\u00e2n\u0103 la care Rom\u00e2nia mai poate implementa reformele \u0219i proiectele de investi\u021bii asumate prin Planul Na\u021bional de Redresare \u0219i Rezilien\u021b\u0103 (PNRR). Toate jaloanele \u0219i \u021bintele din calendarul european trebuiau atinse p\u00e2n\u0103 la aceast\u0103 dat\u0103 pentru a putea fi validate de oficialii de la Bruxelles. Europa Liber\u0103 Moldova este \u0219i pe Google News. Aboneaz\u0103-te .","title":"S-a lungit Autostrada Moldovei, din Rom\u00e2nia. De la Bac\u0103u la Bucure\u0219ti, \u00een dou\u0103 ore \u0219i jum\u0103tate","topic":null,"translation_language":"","url":"https://moldova.europalibera.org/a/s-a-lungit-autostrada-moldovei-din-romania-de-luni-se-circula-pe-ea-300-km-de-la-bucuresti-la-bacau/33844082.html","video_url":null},{"article_body_paragraphs":[],"audio_source_url":null,"author":"Europa Liber\u0103 Moldova","available_dubs":[],"downloadable_assets":["https://gdb.rferl.org/0b4a93e0-993b-4477-9d5a-8d40d83a6f3e_w1600_r1_n_s.jpg"],"duration_display":"0:00","duration_seconds":null,"embed_url":null,"id":10865,"image_caption":"Autostrada A7 leag\u0103 capitala Rom\u00e2niei de inima Moldovei rom\u00e2ne\u0219ti (foto arhiv\u0103).","image_url":"https://gdb.rferl.org/0b4a93e0-993b-4477-9d5a-8d40d83a6f3e_w1600_r1_n_s.jpg","is_clip":false,"item_type":"article","item_type_label":"Article","language_label":"Romanian","media_credit":"Europa Liber\u0103 Moldova","micro_label":"Photo","micro_label_kind":"gallery","network_label":"RFE/RL","network_logo_url":"/static/uploads/direct_network_logos/rfe_rl_e69d397fdd7d.png","published_at":"2026-08-31T13:31:09","published_at_display":"31 Aug 2026, 13:31 GMT","sequence_badge_label":null,"sequence_count":null,"sequence_count_label":null,"sequence_frames":[],"sequence_kind":null,"source_name":"moldova_europalibera_org_rss","source_name_label":"Moldova Europalibera","source_type":"rss","summary":"Luni, 31 august 2026, la ora 16, \u00een Rom\u00e2nia s-a mai dat \u00een folosin\u021b\u0103 un tronson de 46 km din autostrada A7, anume \u00eentre Adjud \u0219i Bac\u0103u, astfel c\u0103 se poate circula de la Bac\u0103u la Bucure\u0219ti \u00een 150 de minute. A7 e autostrada cea mai \u00eendelung cerut\u0103 de localnici, dar \u0219i cea mai iute construit\u0103. Este a doua cea mai mare deschidere dintr-o bucat\u0103 din A7, dup\u0103 ce anul trecut s-au deschis circa 49 de km \u00eentre Foc\u0219ani \u0219i Adjud, potrivit site-ului rom\u00e2nesc de \u0219tiri Hotnews.ro . Noul sector va scurta semnificativ timpul de deplasare dintre Bucure\u0219ti \u0219i Bac\u0103u, estimat acum la circa dou\u0103 ore \u0219i jum\u0103tate Estul Rom\u00e2niei (provincia istoric\u0103 Moldova) a fost ultima regiune \u00een care s-a trecut la construc\u021bia de autostr\u0103zi, dup\u0103 \u00eendelungi presiuni din partea autorit\u0103\u021bilor \u0219i societ\u0103\u021bii civile locale. Pe de alt\u0103 parte, \u00eens\u0103, odat\u0103 ce a primit toate aprob\u0103rile, autostrada A7 s-a construit cel mai rapid dintre toate cele pornite \u00een Rom\u00e2nia vreodat\u0103. Salut\u00e2nd luni momentul, premierul interimar Ilie Bolojan a spus c\u0103 urm\u0103torul tronson de pe A7 se va deschide p\u00e2n\u0103 la sf\u00e2r\u0219itul anului curent, iar p\u00e2n\u0103 la prim\u0103var\u0103 se va putea circula de la Bucure\u0219ti p\u00e2n\u0103 la Pa\u0219cani. \u201ePodul de flori peste Prut cre\u0219te zi de zi\u201d Prima deschidere de autostrad\u0103 din Rom\u00e2nia de anul acesta vine \u00een timp ce alte proiecte de infrastructur\u0103 rutier\u0103 avanseaz\u0103 \u0219i ele, unele urm\u0103rite cu mare interes \u0219i de locuitorii R. Moldova. Secretarul de stat de la Ministerul rom\u00e2n al Transporturilor, Ionel Scriosteanu, a publicat s\u0103pt\u0103m\u00e2na trecut\u0103 imagini de pe \u0219antierul podului de peste Prut de la Ungheni, cel care va \u201eaduce\u201d autostrada rom\u00e2neasc\u0103 a Unirii \u00een R. Moldova. \u201eConstruc\u021bia podului a trecut de 55% grad de execu\u021bie \u0219i a fost demarat\u0103 activitatea de montare a tablierului metalic \u0219i pe malul basarabean\u201d, a anun\u021bat pe re\u021bele oficialul rom\u00e2n, constat\u00e2nd c\u0103 \u201ePodul de flori de la Ungheni cre\u0219te zi de zi, iar Prutul r\u0103m\u00e2ne tot mai mic!\u201d Rom\u00e2nii ar urma s\u0103 construiasc\u0103 \u0219i primii kilometri de autostrad\u0103 de pe teritoriul R. Moldova, \u00een continuarea podului, urm\u00e2nd ca de acolo autostrada s\u0103 continue, la o dat\u0103 care \u00eenc\u0103 nu se \u00eentrevede, spre Chi\u0219in\u0103u \u0219i Odesa. Ziua Z pentru atragerea banilor europeni Un alt proiect pus \u00een lumin\u0103 de Scriosteanu \u00een apropierea grani\u021belor R. Moldova este al podului nou peste Siret peste care va trece drumul expres dintre ora\u0219ele-port dun\u0103rene Gala\u021bi \u0219i Br\u0103ila, aflat \u0219i el \u00eentr-un stadiu avansat de realizare. \u201eDrumul expres - a scris oficialul de la Bucure\u0219ti - va uni provinciile istorice Moldova \u0219i Muntenia, prin asigurarea unei leg\u0103turi rapide \u00eentre Br\u0103ila \u0219i Gala\u021bi, precum \u0219i conexiunea Gala\u021biului cu Podul suspendat peste Dun\u0103re de la Br\u0103ila\u201d. Odat\u0103 cu deschiderea tronsonului din A7 \u00eentre Adjud \u0219i Bac\u0103u, re\u021beaua de autostr\u0103zi din Rom\u00e2nia va \u201eataca\u201d lungimea de 1.500 km (mai exact: 1476 km), apropiindu-se statistic de aceea din Cehia - o \u021bar\u0103 cu tradi\u021bie mai \u00eendelungat\u0103 a drumurilor de mare vitez\u0103 (dar \u0219i mai mic\u0103, la suprafa\u021b\u0103). Pe de alt\u0103 parte, data de 31 august 2026 marcheaz\u0103 un moment critic pentru guvernan\u021bii de la Bucure\u0219ti, \u00een ce prive\u0219te infrastructura, cum scrie ziarul Libertatea . Luni expir\u0103 oficial termenul stabilit de Comisia European\u0103 p\u00e2n\u0103 la care Rom\u00e2nia mai poate implementa reformele \u0219i proiectele de investi\u021bii asumate prin Planul Na\u021bional de Redresare \u0219i Rezilien\u021b\u0103 (PNRR). Toate jaloanele \u0219i \u021bintele din calendarul european trebuiau atinse p\u00e2n\u0103 la aceast\u0103 dat\u0103 pentru a putea fi validate de oficialii de la Bruxelles. Europa Liber\u0103 Moldova este \u0219i pe Google News. Aboneaz\u0103-te .","title":"S-a lungit Autostrada Moldovei, din Rom\u00e2nia. De la Bac\u0103u la Bucure\u0219ti, \u00een dou\u0103 ore \u0219i jum\u0103tate","topic":null,"translation_language":"","url":"https://www.europalibera.md/a/s-a-lungit-autostrada-moldovei-din-romania-de-luni-se-circula-pe-ea-300-km-de-la-bucuresti-la-bacau/33844082.html","video_url":null},{"article_body_paragraphs":[],"audio_source_url":null,"author":"Europa Liber\u0103 Moldova","available_dubs":[],"downloadable_assets":["https://gdb.rferl.org/73063768-972b-4905-8429-92c3eb963a5a_w1600_r1_n_s.jpg"],"duration_display":"0:00","duration_seconds":null,"embed_url":null,"id":10866,"image_caption":"Oamenii afi\u0219eaz\u0103 potretele celor dragi, de care nu mai \u0219tiu nimic, pe zidurile unui spital de la Kathmandu, Nepal, pe 31 august 2026.","image_url":"https://gdb.rferl.org/73063768-972b-4905-8429-92c3eb963a5a_w1600_r1_n_s.jpg","is_clip":false,"item_type":"article","item_type_label":"Article","language_label":"Romanian","media_credit":"Europa Liber\u0103 Moldova","micro_label":"Photo","micro_label_kind":"gallery","network_label":"RFE/RL","network_logo_url":"/static/uploads/direct_network_logos/rfe_rl_e69d397fdd7d.png","published_at":"2026-08-31T12:30:00","published_at_display":"31 Aug 2026, 12:30 GMT","sequence_badge_label":null,"sequence_count":null,"sequence_count_label":null,"sequence_frames":[],"sequence_kind":null,"source_name":"moldova_europalibera_org_rss","source_name_label":"Moldova Europalibera","source_type":"rss","summary":"Cel pu\u021bin 590 de str\u0103ini din 39 de \u021b\u0103ri sunt da\u021bi disp\u0103ru\u021bi \u00een Nepal dup\u0103 inunda\u021bia catastrofal\u0103 care a lovit \u021bara din Himalaia s\u0103pt\u0103m\u00e2na trecut\u0103, a spus luni ministerul nepalez de externe. P\u00e2n\u0103 acum au fost salva\u021bi 323 de str\u0103ini, a spus purt\u0103torul de cuv\u00e2nt Lok Bahadur Chhetri. Moldova nu figureaz\u0103 pe o list\u0103 neoficial\u0103 care circul\u0103 \u00een presa interna\u021bional\u0103, cu \u021b\u0103rile de unde provin persoanele disp\u0103rute. Eforturile echipelor de salvare nepaleze, sprijinite de exper\u021bi chinezi \u0219i indieni, s-au concentrat luni asupra sutelor de oameni despre care se crede c\u0103 se afl\u0103 \u00een tunelele bocate ale centralelor hidroelectrice avariate de dezastru. Rev\u0103rsarea nemaiv\u0103zut\u0103 de ghea\u021b\u0103, piatr\u0103, noroi \u0219i moloz de la grani\u021ba dintre Nepal \u0219i Tibet, de miercuri - pus\u0103 pe seama pr\u0103bu\u0219irii unui ghe\u021bar - a ucis peste 900 de oameni, iar 5.000 sunt \u00eenc\u0103 da\u021bi disp\u0103ru\u021bi. Sute de cadavre, multe neidentificate, au fost \u00eenmorm\u00e2ntate la mic\u0103 ad\u00e2ncime odat\u0103 ce au \u00eenceput s\u0103 se descompun\u0103 \u00een climatul himalaian umed, dup\u0103 ce fuseser\u0103 aduse din mun\u021bi de torente. Oficialii nepalezi au spus c\u0103 accentul se pune pe a ajunge la cei 933 de muncitori care s-ar mai putea afla \u00een 11 proiecte hidroelectrice, inclusiv o mul\u021bime care lucrau \u00een vreo \u0219ase tunele, \u00een districtele Rasuwa \u0219i Nuwakot. P\u00e2n\u0103 luni la pr\u00e2nz (ora Moldovei), trei cadavre fuseser\u0103 extrase din dou\u0103 tunele, dup\u0103 ce salvatorii au dat de c\u0103ile de acces acoperite cu noroi. Un membru al echipelor de salvare la intrarea unui tunel, la centrala hidroelectric\u0103 Chilime, pe 29 august 2026. \u201eI-a r\u0103mas capul afar\u0103\u201d Pe fondul tragediei generale, sunt \u0219i raze de speran\u021b\u0103: o feti\u021b\u0103 de \u0219ase ani a salvat\u0103 din noroi vineri a fost re\u00eencredin\u021bat\u0103 p\u0103rin\u021bilor dup\u0103 ce poli\u021bi\u0219tii au g\u0103sit-o pl\u00e2ng\u00e2nd dup\u0103 mam\u0103. \u201eCorpul \u00eel avea prins \u00een noroi, dar capul i-a r\u0103mas afar\u0103\u201d, a spus purt\u0103torul de cuv\u00e2nt al poli\u021biei nepaleze Netra Bahadur Karki, citat de AFP. Federa\u021bia Interna\u021bional\u0103 a Crucii Ro\u0219ii \u0219i Semilunii Ro\u0219ii a estimat c\u0103 aproximativ 93.000 de persoane ar fi putut fi afectate de inunda\u021bii \u0219i c\u0103 \u201emulte locuin\u021be au fost distruse sau grav avariate\u201d. Peste 40 de poduri au fost avariate sau distruse. India \u0219i China trimit poduri prefabricate de tip Bailey, care pot fi asamblate rapid f\u0103r\u0103 utilaje grele. Prim-ministrul nepalez Balendra Shah a declarat c\u0103 aceast\u0103 misiune este \u201eo provocare din cauza condi\u021biilor meteorologice nefavorabile, a terenului accidentat \u0219i a riscurilor permanente\u201d. \u201eAici este Himalaya... Trebuie s\u0103 fim foarte aten\u021bi atunci c\u00e2nd demar\u0103m orice opera\u021biune de salvare sau de ajutorare\u201d. \u201eDeteriorarea drumurilor, a podurilor, a a\u0219ez\u0103rilor \u0219i a infrastructurii critice a perturbat grav accesul la comunit\u0103\u021bile afectate, cre\u00e2nd provoc\u0103ri semnificative pentru opera\u021biunile de ajutorare\u201d, a declarat Programul Alimentar Mondial al ONU, care livreaz\u0103 2,4 tone de biscui\u021bi cu con\u021binut ridicat de energie pentru familiile care nu au unde s\u0103 g\u0103teasc\u0103. Europa Liber\u0103 Moldova este \u0219i pe Google News. Aboneaz\u0103-te .","title":"Aproape 600 de str\u0103ini din 39 de \u021b\u0103ri sunt da\u021bi disp\u0103ru\u021bi \u00een Nepal. Efortul de salvare se concentreaz\u0103 pe tunelele de hidrocentrale blocate","topic":null,"translation_language":"","url":"https://www.europalibera.md/a/aproape-600-de-straini-din-39-de-tari-sunt-dati-disparuti-in-nepal-efortul-de-salvare-se-concentreaza-pe-tunelele-de-hidrocentrale-blocate/33844029.html","video_url":null},{"article_body_paragraphs":[],"audio_source_url":null,"author":"Europa Liber\u0103 Moldova","available_dubs":[],"downloadable_assets":["https://gdb.rferl.org/73063768-972b-4905-8429-92c3eb963a5a_w1600_r1_n_s.jpg"],"duration_display":"0:00","duration_seconds":null,"embed_url":null,"id":10842,"image_caption":"Oamenii afi\u0219eaz\u0103 potretele celor dragi, de care nu mai \u0219tiu nimic, pe zidurile unui spital de la Kathmandu, Nepal, pe 31 august 2026.","image_url":"https://gdb.rferl.org/73063768-972b-4905-8429-92c3eb963a5a_w1600_r1_n_s.jpg","is_clip":false,"item_type":"article","item_type_label":"Article","language_label":"Romanian","media_credit":"Europa Liber\u0103 Moldova","micro_label":"Photo","micro_label_kind":"gallery","network_label":"RFE/RL","network_logo_url":"/static/uploads/direct_network_logos/rfe_rl_e69d397fdd7d.png","published_at":"2026-08-31T12:30:00","published_at_display":"31 Aug 2026, 12:30 GMT","sequence_badge_label":null,"sequence_count":null,"sequence_count_label":null,"sequence_frames":[],"sequence_kind":null,"source_name":"moldova_europalibera_org_rss","source_name_label":"Moldova Europalibera","source_type":"rss","summary":"Cel pu\u021bin 590 de str\u0103ini din 39 de \u021b\u0103ri sunt da\u021bi disp\u0103ru\u021bi \u00een Nepal dup\u0103 inunda\u021bia catastrofal\u0103 care a lovit \u021bara din Himalaia s\u0103pt\u0103m\u00e2na trecut\u0103, a spus luni ministerul nepalez de externe. P\u00e2n\u0103 acum au fost salva\u021bi 323 de str\u0103ini, a spus purt\u0103torul de cuv\u00e2nt Lok Bahadur Chhetri. Moldova nu figureaz\u0103 pe o list\u0103 neoficial\u0103 care circul\u0103 \u00een presa interna\u021bional\u0103, cu \u021b\u0103rile de unde provin persoanele disp\u0103rute. Eforturile echipelor de salvare nepaleze, sprijinite de exper\u021bi chinezi \u0219i indieni, s-au concentrat luni asupra sutelor de oameni despre care se crede c\u0103 se afl\u0103 \u00een tunelele bocate ale centralelor hidroelectrice avariate de dezastru. Rev\u0103rsarea nemaiv\u0103zut\u0103 de ghea\u021b\u0103, piatr\u0103, noroi \u0219i moloz de la grani\u021ba dintre Nepal \u0219i Tibet, de miercuri - pus\u0103 pe seama pr\u0103bu\u0219irii unui ghe\u021bar - a ucis peste 900 de oameni, iar 5.000 sunt \u00eenc\u0103 da\u021bi disp\u0103ru\u021bi. Sute de cadavre, multe neidentificate, au fost \u00eenmorm\u00e2ntate la mic\u0103 ad\u00e2ncime odat\u0103 ce au \u00eenceput s\u0103 se descompun\u0103 \u00een climatul himalaian umed, dup\u0103 ce fuseser\u0103 aduse din mun\u021bi de torente. Oficialii nepalezi au spus c\u0103 accentul se pune pe a ajunge la cei 933 de muncitori care s-ar mai putea afla \u00een 11 proiecte hidroelectrice, inclusiv o mul\u021bime care lucrau \u00een vreo \u0219ase tunele, \u00een districtele Rasuwa \u0219i Nuwakot. P\u00e2n\u0103 luni la pr\u00e2nz (ora Moldovei), trei cadavre fuseser\u0103 extrase din dou\u0103 tunele, dup\u0103 ce salvatorii au dat de c\u0103ile de acces acoperite cu noroi. Un membru al echipelor de salvare la intrarea unui tunel, la centrala hidroelectric\u0103 Chilime, pe 29 august 2026. \u201eI-a r\u0103mas capul afar\u0103\u201d Pe fondul tragediei generale, sunt \u0219i raze de speran\u021b\u0103: o feti\u021b\u0103 de \u0219ase ani a salvat\u0103 din noroi vineri a fost re\u00eencredin\u021bat\u0103 p\u0103rin\u021bilor dup\u0103 ce poli\u021bi\u0219tii au g\u0103sit-o pl\u00e2ng\u00e2nd dup\u0103 mam\u0103. \u201eCorpul \u00eel avea prins \u00een noroi, dar capul i-a r\u0103mas afar\u0103\u201d, a spus purt\u0103torul de cuv\u00e2nt al poli\u021biei nepaleze Netra Bahadur Karki, citat de AFP. Federa\u021bia Interna\u021bional\u0103 a Crucii Ro\u0219ii \u0219i Semilunii Ro\u0219ii a estimat c\u0103 aproximativ 93.000 de persoane ar fi putut fi afectate de inunda\u021bii \u0219i c\u0103 \u201emulte locuin\u021be au fost distruse sau grav avariate\u201d. Peste 40 de poduri au fost avariate sau distruse. India \u0219i China trimit poduri prefabricate de tip Bailey, care pot fi asamblate rapid f\u0103r\u0103 utilaje grele. Prim-ministrul nepalez Balendra Shah a declarat c\u0103 aceast\u0103 misiune este \u201eo provocare din cauza condi\u021biilor meteorologice nefavorabile, a terenului accidentat \u0219i a riscurilor permanente\u201d. \u201eAici este Himalaya... Trebuie s\u0103 fim foarte aten\u021bi atunci c\u00e2nd demar\u0103m orice opera\u021biune de salvare sau de ajutorare\u201d. \u201eDeteriorarea drumurilor, a podurilor, a a\u0219ez\u0103rilor \u0219i a infrastructurii critice a perturbat grav accesul la comunit\u0103\u021bile afectate, cre\u00e2nd provoc\u0103ri semnificative pentru opera\u021biunile de ajutorare\u201d, a declarat Programul Alimentar Mondial al ONU, care livreaz\u0103 2,4 tone de biscui\u021bi cu con\u021binut ridicat de energie pentru familiile care nu au unde s\u0103 g\u0103teasc\u0103. Europa Liber\u0103 Moldova este \u0219i pe Google News. Aboneaz\u0103-te .","title":"Aproape 600 de str\u0103ini din 39 de \u021b\u0103ri sunt da\u021bi disp\u0103ru\u021bi \u00een Nepal. Efortul de salvare se concentreaz\u0103 pe tunelele de hidrocentrale blocate","topic":null,"translation_language":"","url":"https://moldova.europalibera.org/a/aproape-600-de-straini-din-39-de-tari-sunt-dati-disparuti-in-nepal-efortul-de-salvare-se-concentreaza-pe-tunelele-de-hidrocentrale-blocate/33844029.html","video_url":null},{"article_body_paragraphs":[],"audio_source_url":null,"author":"Europa Liber\u0103 Moldova","available_dubs":[],"downloadable_assets":["https://gdb.rferl.org/c5d24f08-14ba-44f2-8f0d-79ef87fccba1_cx0_cy5_cw0_w1600_r1_n_s.jpg"],"duration_display":"0:00","duration_seconds":null,"embed_url":null,"id":10822,"image_caption":"Premierul socialist Pedro S\u00e1nchez gesticuleaz\u0103 la sosirea \u00een exclava Ceuta, la apogeul \u201ecrizei migran\u021bilor\u201d, pe 31 iulie 2026.","image_url":"https://gdb.rferl.org/c5d24f08-14ba-44f2-8f0d-79ef87fccba1_cx0_cy5_cw0_w1600_r1_n_s.jpg","is_clip":false,"item_type":"article","item_type_label":"Article","language_label":"Romanian","media_credit":"Europa Liber\u0103 Moldova","micro_label":"Photo","micro_label_kind":"gallery","network_label":"RFE/RL","network_logo_url":"/static/uploads/direct_network_logos/rfe_rl_e69d397fdd7d.png","published_at":"2026-08-31T10:57:10","published_at_display":"31 Aug 2026, 10:57 GMT","sequence_badge_label":null,"sequence_count":null,"sequence_count_label":null,"sequence_frames":[],"sequence_kind":null,"source_name":"moldova_europalibera_org_rss","source_name_label":"Moldova Europalibera","source_type":"rss","summary":"Prim-ministrul spaniol Pedro S\u00e1nchez a acuzat re\u021belele de socializare cu \u201eleg\u0103turi cu Rusia \u0219i Israelul\u201d c\u0103 au amplificat dezinformarea \u00een urma afluxului masiv de migran\u021bi \u00een enclava nord-african\u0103 Ceuta, la sf\u00e2r\u0219itul lunii iulie. \u00cen interviul acordat postului de radio spaniol SER \u0219i publicat luni, S\u00e1nchez a acuzat, de asemenea, o \u201emi\u0219care interna\u021bional\u0103 de extrem\u0103 dreapta\u201d care ar folosi constant tema migra\u021biei \u201epentru a ataca \u0219i a diviza nu numai Spania, ci \u0219i Europa\u201d. S\u00e1nchez a afirmat c\u0103 cercet\u0103rile efectuate de Serviciul European de Ac\u021biune Extern\u0103 (SEAE) al UE arat\u0103 c\u0103 re\u021belele ruse\u0219ti \u0219i israeliene s-au aflat \u00een spatele r\u0103sp\u00e2ndirii dezinform\u0103rii, \u00een colaborare cu re\u021belele de extrem\u0103 dreapt\u0103. El a spus c\u0103 este evident c\u0103 cele dou\u0103 \u021b\u0103ri au folosit criza pentru a critica Madridul, din cauza nemul\u021bumirii fa\u021b\u0103 de pozi\u021bia acestuia privind r\u0103zboaiele din Ucraina \u0219i Gaza, dar nu a oferit detalii suplimentare cu privire la dovezile pe care le de\u021bine \u00een leg\u0103tur\u0103 cu implicarea acestora. \u00cen zilele de 30 \u0219i 31 iulie, aproximativ 72.000 de migran\u021bi au traversat \u00eenot din Maroc spre Ceuta sau au escaladat gardurile de frontier\u0103 \u00een exclava spaniol\u0103 din nordul Africii. Majoritatea s-au \u00eentors \u00een c\u00e2teva ore, \u00eens\u0103 aproximativ 5.000 de migran\u021bi se aflau \u00eenc\u0103 pe teritoriu vineri, potrivit guvernului de la Madrid. Dintre ace\u0219tia, 1.200 erau minori, aminte\u0219te dpa. Prezen\u021ba lor a provocat mai multe proteste vehemente ale localnicilor spanioli, care au cerut repetat demisia guvernului central. \u201eNoi vrem pace \u00een Ceuta, nu fric\u0103\u201d este sloganul cel mai des v\u0103zut la demonstra\u021bii. \u00cen interviul acordat postului SER, S\u00e1nchez a repetat c\u0103 cel pu\u021bin o parte din vina pentru afluxul mare de str\u0103ini au avut-o cei care au r\u0103sp\u00e2ndit pe re\u021bele \u0219tirea fals\u0103 c\u0103 dac\u0103 ajungi \u00eenot la Ceuta nu vei fi deportat, gra\u021bie unei legi spaniole noi. Manifestan\u021bii care se opun prezen\u021bei migran\u021bilor privesc grupul de migran\u021bi care \u0219i-au instalat tab\u0103ra pe plaja Trampolin din Ceuta, pe 28 august 2026. Spania se afl\u0103 \u00een rela\u021bii tensionate nu doar cu Rusia, ca mai toate colegele ei din UE \u0219i NATO, dar \u0219i cu Israel. Madridul a denun\u021bat ceea ce consider\u0103 a fi genocidul \u00eempotriva palestinienilor din Gaza, a recunoscut statul Palestina, a boicotat concursul Eurovison din cauza Gazei \u0219i a promovat \u00een UE m\u0103suri de pedepsire a Israelului pentru situa\u021bia din Orientul Mijlociu. \u00centr-o evolu\u021bie legat\u0103 tot de criza de la Ceuta, Italia a anun\u021bat luni c\u0103 va prelungi cu \u00eenc\u0103 dou\u0103 s\u0103pt\u0103m\u00e2ni controalele asupra celor care vin din Spania, chiar dac\u0103 ambele \u021b\u0103ri sunt membre \u00een spa\u021biul Schengen, f\u0103r\u0103 frontiere interne. Italia, care este condus\u0103 de un guvern de dreapta, anti-migra\u021bie, a acuzat Madridul c\u0103 ar fi provocat singur criza prin politicile sale prea bl\u00e2nde cu \u201eilegalii\u201d, cer\u00e2nd la punctul culminant al crizei excluderea Spaniei din spa\u021biul Schengen. \u00cen interviul s\u0103u ap\u0103rut luni, premierul S\u00e1nchez a repetat c\u0103 Marocul a colaborat bine cu Spania pentru atenuarea crizei migran\u021bilor, dup\u0103 ce for\u021bele de dreapta spaniole au acuzat autorit\u0103\u021bile marocane c\u0103 nu i-ar fi \u00eempiedicat pe str\u0103ini s\u0103 intre \u00een Ceuta, dac\u0103 nu chiar i-au \u00eencurajat s\u0103 o fac\u0103. Europa Liber\u0103 Moldova este \u0219i pe Google News. Aboneaz\u0103-te .","title":"Premierul Spaniei spune c\u0103 Rusia \u0219i Israel ar putea fi \u00een spatele dezinform\u0103rii legate de criza migran\u021bilor de la Ceuta","topic":null,"translation_language":"","url":"https://www.europalibera.md/a/premierul-spaniei-spune-ca-rusia-si-israel-ar-putea-fi-in-spatele-dezinformarii-legata-de-criza-migrantilor-de-la-ceuta/33843993.html","video_url":null},{"article_body_paragraphs":[],"audio_source_url":null,"author":"Europa Liber\u0103 Moldova","available_dubs":[],"downloadable_assets":["https://gdb.rferl.org/c5d24f08-14ba-44f2-8f0d-79ef87fccba1_cx0_cy5_cw0_w1600_r1_n_s.jpg"],"duration_display":"0:00","duration_seconds":null,"embed_url":null,"id":10811,"image_caption":"Premierul socialist Pedro S\u00e1nchez gesticuleaz\u0103 la sosirea \u00een exclava Ceuta, la apogeul \u201ecrizei migran\u021bilor\u201d, pe 31 iulie 2026.","image_url":"https://gdb.rferl.org/c5d24f08-14ba-44f2-8f0d-79ef87fccba1_cx0_cy5_cw0_w1600_r1_n_s.jpg","is_clip":false,"item_type":"article","item_type_label":"Article","language_label":"Romanian","media_credit":"Europa Liber\u0103 Moldova","micro_label":"Photo","micro_label_kind":"gallery","network_label":"RFE/RL","network_logo_url":"/static/uploads/direct_network_logos/rfe_rl_e69d397fdd7d.png","published_at":"2026-08-31T10:57:10","published_at_display":"31 Aug 2026, 10:57 GMT","sequence_badge_label":null,"sequence_count":null,"sequence_count_label":null,"sequence_frames":[],"sequence_kind":null,"source_name":"moldova_europalibera_org_rss","source_name_label":"Moldova Europalibera","source_type":"rss","summary":"Prim-ministrul spaniol Pedro S\u00e1nchez a acuzat re\u021belele de socializare cu \u201eleg\u0103turi cu Rusia \u0219i Israelul\u201d c\u0103 au amplificat dezinformarea \u00een urma afluxului masiv de migran\u021bi \u00een enclava nord-african\u0103 Ceuta, la sf\u00e2r\u0219itul lunii iulie. \u00cen interviul acordat postului de radio spaniol SER \u0219i publicat luni, S\u00e1nchez a acuzat, de asemenea, o \u201emi\u0219care interna\u021bional\u0103 de extrem\u0103 dreapta\u201d care ar folosi constant tema migra\u021biei \u201epentru a ataca \u0219i a diviza nu numai Spania, ci \u0219i Europa\u201d. S\u00e1nchez a afirmat c\u0103 cercet\u0103rile efectuate de Serviciul European de Ac\u021biune Extern\u0103 (SEAE) al UE arat\u0103 c\u0103 re\u021belele ruse\u0219ti \u0219i israeliene s-au aflat \u00een spatele r\u0103sp\u00e2ndirii dezinform\u0103rii, \u00een colaborare cu re\u021belele de extrem\u0103 dreapt\u0103. El a spus c\u0103 este evident c\u0103 cele dou\u0103 \u021b\u0103ri au folosit criza pentru a critica Madridul, din cauza nemul\u021bumirii fa\u021b\u0103 de pozi\u021bia acestuia privind r\u0103zboaiele din Ucraina \u0219i Gaza, dar nu a oferit detalii suplimentare cu privire la dovezile pe care le de\u021bine \u00een leg\u0103tur\u0103 cu implicarea acestora. \u00cen zilele de 30 \u0219i 31 iulie, aproximativ 72.000 de migran\u021bi au traversat \u00eenot din Maroc spre Ceuta sau au escaladat gardurile de frontier\u0103 \u00een exclava spaniol\u0103 din nordul Africii. Majoritatea s-au \u00eentors \u00een c\u00e2teva ore, \u00eens\u0103 aproximativ 5.000 de migran\u021bi se aflau \u00eenc\u0103 pe teritoriu vineri, potrivit guvernului de la Madrid. Dintre ace\u0219tia, 1.200 erau minori, aminte\u0219te dpa. Prezen\u021ba lor a provocat mai multe proteste vehemente ale localnicilor spanioli, care au cerut repetat demisia guvernului central. \u201eNoi vrem pace \u00een Ceuta, nu fric\u0103\u201d este sloganul cel mai des v\u0103zut la demonstra\u021bii. \u00cen interviul acordat postului SER, S\u00e1nchez a repetat c\u0103 cel pu\u021bin o parte din vina pentru afluxul mare de str\u0103ini au avut-o cei care au r\u0103sp\u00e2ndit pe re\u021bele \u0219tirea fals\u0103 c\u0103 dac\u0103 ajungi \u00eenot la Ceuta nu vei fi deportat, gra\u021bie unei legi spaniole noi. Manifestan\u021bii care se opun prezen\u021bei migran\u021bilor privesc grupul de migran\u021bi care \u0219i-au instalat tab\u0103ra pe plaja Trampolin din Ceuta, pe 28 august 2026. Spania se afl\u0103 \u00een rela\u021bii tensionate nu doar cu Rusia, ca mai toate colegele ei din UE \u0219i NATO, dar \u0219i cu Israel. Madridul a denun\u021bat ceea ce consider\u0103 a fi genocidul \u00eempotriva palestinienilor din Gaza, a recunoscut statul Palestina, a boicotat concursul Eurovison din cauza Gazei \u0219i a promovat \u00een UE m\u0103suri de pedepsire a Israelului pentru situa\u021bia din Orientul Mijlociu. \u00centr-o evolu\u021bie legat\u0103 tot de criza de la Ceuta, Italia a anun\u021bat luni c\u0103 va prelungi cu \u00eenc\u0103 dou\u0103 s\u0103pt\u0103m\u00e2ni controalele asupra celor care vin din Spania, chiar dac\u0103 ambele \u021b\u0103ri sunt membre \u00een spa\u021biul Schengen, f\u0103r\u0103 frontiere interne. Italia, care este condus\u0103 de un guvern de dreapta, anti-migra\u021bie, a acuzat Madridul c\u0103 ar fi provocat singur criza prin politicile sale prea bl\u00e2nde cu \u201eilegalii\u201d, cer\u00e2nd la punctul culminant al crizei excluderea Spaniei din spa\u021biul Schengen. \u00cen interviul s\u0103u ap\u0103rut luni, premierul S\u00e1nchez a repetat c\u0103 Marocul a colaborat bine cu Spania pentru atenuarea crizei migran\u021bilor, dup\u0103 ce for\u021bele de dreapta spaniole au acuzat autorit\u0103\u021bile marocane c\u0103 nu i-ar fi \u00eempiedicat pe str\u0103ini s\u0103 intre \u00een Ceuta, dac\u0103 nu chiar i-au \u00eencurajat s\u0103 o fac\u0103. Europa Liber\u0103 Moldova este \u0219i pe Google News. Aboneaz\u0103-te .","title":"Premierul Spaniei spune c\u0103 Rusia \u0219i Israel ar putea fi \u00een spatele dezinform\u0103rii legate de criza migran\u021bilor de la Ceuta","topic":null,"translation_language":"","url":"https://moldova.europalibera.org/a/premierul-spaniei-spune-ca-rusia-si-israel-ar-putea-fi-in-spatele-dezinformarii-legata-de-criza-migrantilor-de-la-ceuta/33843993.html","video_url":null}],"next_num":3,"page":2,"pages":3,"per_page":20,"prev_num":1,"total":50}
