{"applied_filters":{"end_date":"","lang":"","language":"","network":"","page":2,"per_page":20,"search":"","source":"ocb_spanish_video_scrape","start_date":"","topic":"","type":""},"available_filters":{"language_choices":[{"label":"Choose Language","value":""},{"label":"English","value":"English"},{"label":"Espa\u00f1ol","value":"Espa\u00f1ol"},{"label":"Fran\u00e7ais","value":"Fran\u00e7ais"}],"network_choices":[{"label":"All networks","value":""},{"label":"OCB","value":"OCB"}],"source_choices":[{"label":"All sources","value":""},{"label":"Current Time","value":"currenttime_tv_direct"},{"label":"Current Time","value":"currenttime_tv_rss"},{"label":"Da Azadi Radio","value":"da_azadiradio_com_rss"},{"label":"Darivoa","value":"darivoa_com_rss"},{"label":"Dengeamerika","value":"dengeamerika_com_direct"},{"label":"Dengeamerika","value":"dengeamerika_com_rss"},{"label":"Dengiamerika","value":"dengiamerika_com_direct"},{"label":"Dengiamerika","value":"dengiamerika_com_rss"},{"label":"Editorials VOA","value":"editorials_voa_gov_rss"},{"label":"Golosameriki","value":"golosameriki_com_direct"},{"label":"Golosameriki","value":"golosameriki_com_rss"},{"label":"Ir VOA News","value":"ir_voanews_com_rss"},{"label":"Mashaalradio","value":"mashaalradio_com_direct"},{"label":"Moldova Europalibera","value":"moldova_europalibera_org_direct"},{"label":"Moldova Europalibera","value":"moldova_europalibera_org_rss"},{"label":"OCB \u00b7 Caf\u00e9 Digital","value":"ocb_spanish_audio_html_scrape"},{"label":"OCB \u00b7 Liberaci\u00f3n","value":"ocb_spanish_audio_html_scrape_1001"},{"label":"OCB \u00b7 Programas de Radio Nuestra Am\u00e9rica","value":"ocb_spanish_audio_html_scrape_1016"},{"label":"OCB \u00b7 Agenda hemisf\u00e9rica","value":"ocb_spanish_audio_html_scrape_1028"},{"label":"OCB \u00b7 El futuro es ya","value":"ocb_spanish_audio_html_scrape_1056"},{"label":"OCB \u00b7 Foro abierto","value":"ocb_spanish_audio_html_scrape_1061"},{"label":"OCB \u00b7 Nicaragua al d\u00eda","value":"ocb_spanish_audio_html_scrape_1077"},{"label":"OCB \u00b7 La bola nostra","value":"ocb_spanish_audio_html_scrape_1078"},{"label":"OCB \u00b7 Taller de prensa","value":"ocb_spanish_audio_html_scrape_1103"},{"label":"OCB \u00b7 Las noticias como son","value":"ocb_spanish_audio_html_scrape_142"},{"label":"OCB \u00b7 Abriendo Espacios","value":"ocb_spanish_audio_html_scrape_562"},{"label":"OCB \u00b7 Mart\u00ed Noticias A.M.","value":"ocb_spanish_audio_html_scrape_668"},{"label":"OCB Spanish Audio","value":"ocb_spanish_audio_scrape"},{"label":"OCB Spanish Video","value":"ocb_spanish_video_scrape"},{"label":"Pa Azadi Radio","value":"pa_azadiradio_com_rss"},{"label":"Pashtovoa","value":"pashtovoa_com_rss"},{"label":"Radiofaarda","value":"radiofaarda_com_direct"},{"label":"Radio Farda","value":"radiofarda_com_direct"},{"label":"Radio Farda","value":"radiofarda_com_rss"},{"label":"Radiosvoboda","value":"radiosvoboda_org_rss"},{"label":"Radiotavisupleba","value":"radiotavisupleba_ge_direct"},{"label":"Radiotavisupleba","value":"radiotavisupleba_ge_rss"},{"label":"Radiotelevisionmarti","value":"radiotelevisionmarti_com_direct"},{"label":"Radiotelevisionmarti","value":"radiotelevisionmarti_com_rss"},{"label":"RFA Burmese","value":"rfa_burmese_rss"},{"label":"RFA Burmese Video Scrape","value":"rfa_burmese_video_scrape"},{"label":"RFA Cantonese","value":"rfa_cantonese_rss"},{"label":"RFA Cantonese Video Scrape","value":"rfa_cantonese_video_scrape"},{"label":"RFA English RSS","value":"rfa_english_rss"},{"label":"RFA English Video","value":"rfa_english_video_scrape"},{"label":"RFA Khmer","value":"rfa_khmer_rss"},{"label":"RFA Khmer Video Scrape","value":"rfa_khmer_video_scrape"},{"label":"RFA Korean","value":"rfa_korean_rss"},{"label":"RFA Korean Video Scrape","value":"rfa_korean_video_scrape"},{"label":"RFA Lao","value":"rfa_lao_rss"},{"label":"RFA Lao Video Scrape","value":"rfa_lao_video_scrape"},{"label":"RFA Mandarin","value":"rfa_mandarin_rss"},{"label":"RFA Mandarin Video Scrape","value":"rfa_mandarin_video_scrape"},{"label":"RFA Tibetan","value":"rfa_tibetan_rss"},{"label":"RFA Tibetan Video Scrape","value":"rfa_tibetan_video_scrape"},{"label":"RFA Uyghur","value":"rfa_uyghur_rss"},{"label":"RFA Uyghur Video Scrape","value":"rfa_uyghur_video_scrape"},{"label":"RFA Vietnamese","value":"rfa_vietnamese_rss"},{"label":"RFA Vietnamese Video Scrape","value":"rfa_vietnamese_video_scrape"},{"label":"RFE/RL Direct","value":"rferl_direct"},{"label":"RFE/RL","value":"rferl_org_rss"},{"label":"Slobodnaevropa","value":"slobodnaevropa_org_direct"},{"label":"Slobodnaevropa","value":"slobodnaevropa_org_rss"},{"label":"Svoboda","value":"svoboda_org_direct"},{"label":"Svoboda","value":"svoboda_org_rss"},{"label":"Ukrainian VOA News","value":"ukrainian_voanews_com_rss"},{"label":"VOA Chinese Direct","value":"voa_chinese_direct"},{"label":"VOA Chinese RSS","value":"voa_chinese_rss"},{"label":"VOA Dari Direct","value":"voa_dari_direct"},{"label":"VOA Korea Direct","value":"voa_korea_direct"},{"label":"VOA Pashto Direct","value":"voa_pashto_direct"},{"label":"VOA Persian Direct","value":"voa_persian_direct"},{"label":"Voakorea","value":"voakorea_com_rss"}],"sources":["currenttime_tv_direct","currenttime_tv_rss","da_azadiradio_com_rss","darivoa_com_rss","dengeamerika_com_direct","dengeamerika_com_rss","dengiamerika_com_direct","dengiamerika_com_rss","editorials_voa_gov_rss","golosameriki_com_direct","golosameriki_com_rss","ir_voanews_com_rss","mashaalradio_com_direct","moldova_europalibera_org_direct","moldova_europalibera_org_rss","ocb_spanish_audio_html_scrape","ocb_spanish_audio_html_scrape_1001","ocb_spanish_audio_html_scrape_1016","ocb_spanish_audio_html_scrape_1028","ocb_spanish_audio_html_scrape_1056","ocb_spanish_audio_html_scrape_1061","ocb_spanish_audio_html_scrape_1077","ocb_spanish_audio_html_scrape_1078","ocb_spanish_audio_html_scrape_1103","ocb_spanish_audio_html_scrape_142","ocb_spanish_audio_html_scrape_562","ocb_spanish_audio_html_scrape_668","ocb_spanish_audio_scrape","ocb_spanish_video_scrape","pa_azadiradio_com_rss","pashtovoa_com_rss","radiofaarda_com_direct","radiofarda_com_direct","radiofarda_com_rss","radiosvoboda_org_rss","radiotavisupleba_ge_direct","radiotavisupleba_ge_rss","radiotelevisionmarti_com_direct","radiotelevisionmarti_com_rss","rfa_burmese_rss","rfa_burmese_video_scrape","rfa_cantonese_rss","rfa_cantonese_video_scrape","rfa_english_rss","rfa_english_video_scrape","rfa_khmer_rss","rfa_khmer_video_scrape","rfa_korean_rss","rfa_korean_video_scrape","rfa_lao_rss","rfa_lao_video_scrape","rfa_mandarin_rss","rfa_mandarin_video_scrape","rfa_tibetan_rss","rfa_tibetan_video_scrape","rfa_uyghur_rss","rfa_uyghur_video_scrape","rfa_vietnamese_rss","rfa_vietnamese_video_scrape","rferl_direct","rferl_org_rss","slobodnaevropa_org_direct","slobodnaevropa_org_rss","svoboda_org_direct","svoboda_org_rss","ukrainian_voanews_com_rss","voa_chinese_direct","voa_chinese_rss","voa_dari_direct","voa_korea_direct","voa_pashto_direct","voa_persian_direct","voakorea_com_rss"],"topics":["Am\u00e9rica Latina, VENEZUELA, Maiquetia","Asuntos de Estado","Audiovisuales Mart\u00ed","Audiovisuales Mart\u00ed, Cuba turismo, crisis del turismo en Cuba","Audiovisuales Mart\u00ed, VENEZUELA, apagones","Como Come Cuba, cuba, Como Come Cuba","Cuba Habla","Cuba Habla, Cuba","Cuba al D\u00eda, Cuba","Derechos Humanos, cuba, exilio, c\u00e1ncer, Ram\u00f3n Sa\u00fal S\u00e1nchez","Especiales, Exilio cubano, Freedom tower, \"Libertad\", Torre de la Libertad de Miami, Exilio cubano en Miami","Especiales, jos\u00e9 mart\u00ed, Exilio cubano","Esperando un techo, cuba, crisis, vivienda, derrumbes, techo, paredes, EsperandounTecho","Info Mart\u00ed","Info Mart\u00ed , Brigada 2506","Info Mart\u00ed , Cuba","Info Mart\u00ed , Estados Unidos, Colombia","Info Mart\u00ed , Estados Unidos, VENEZUELA","Info Mart\u00ed , estados unidos, Venezuela","Info Mart\u00ed , presos politicos, torturas, VENEZUELA","Kentu-Cubano, cuba, cubanos, Kentucky, migrantes, KentoCubano","Las Noticias Como Son, Cuba","Noticiero Mart\u00ed Noticias","Noticiero Mart\u00ed Noticias, Cuba","Ser Madre en cuba, cuba, hambre, r\u00e9gimen, madre, negligencia, Testimonios, Crisis Econ\u00f3mica, madre cubana, Crisis Alimentaria","Ser viejo en Cuba, cuba, cubanos, crisis, alimentos, ancianos, viejos, vejez"],"types":[["","All types"],["video","Videos"],["clips","Clips"],["media","Media"]]},"has_next":true,"has_prev":true,"items":[{"article_body_paragraphs":[],"audio_source_url":null,"author":"Jos\u00e9 Pernalete","available_dubs":[],"downloadable_assets":["https://ocb-video-ns.akamaized.net/pangeavideo/2026/08/4/49/49a36503-24d8-4727-7c81-08def2b1c8fe_1080p.mp4?cb=ee2229b87"],"duration_display":"5:06","duration_seconds":306.0,"embed_url":null,"id":12699,"image_caption":null,"image_url":"https://gdb.martinoticias.com/49a36503-24d8-4727-7c81-08def2b1c8fe_tv_w1080_h608.jpg","is_clip":false,"item_type":"video","item_type_label":"Video","language_label":"Espa\u00f1ol","media_credit":"Jos\u00e9 Pernalete","micro_label":"Video report","micro_label_kind":"video","network_label":"OCB","network_logo_url":"/static/uploads/direct_network_logos/ocb_0888427dcb1d.svg","published_at":"2026-08-27T20:56:39","published_at_display":"27 Aug 2026, 20:56 GMT","sequence_badge_label":null,"sequence_count":null,"sequence_count_label":null,"sequence_frames":[],"sequence_kind":null,"source_name":"ocb_spanish_video_scrape","source_name_label":"OCB Spanish Video","source_type":"scrape","summary":"Rafael Jos\u00e9 Quero Silva, excoronel de la Guardia Nacional Bolivariana deportado por Estados Unidos a Venezuela, estaba bajo la lupa de autoridades federales desde hace a\u00f1os por denuncias de graves violaciones de derechos humanos","title":"Denuncias de tortura pusieron al coronel venezolano Quero Silva bajo la lupa del FBI","topic":"Info Mart\u00ed , Estados Unidos, VENEZUELA","translation_language":"","url":"https://www.martinoticias.com/a/denuncias-de-tortura-pusieron-al-coronel-venezolano-quero-silva-bajo-la-lupa-del-fbi/476422.html","video_url":"https://ocb-video-ns.akamaized.net/pangeavideo/2026/08/4/49/49a36503-24d8-4727-7c81-08def2b1c8fe_1080p.mp4?cb=ee2229b87"},{"article_body_paragraphs":[],"audio_source_url":null,"author":"Rolando N\u00e1poles","available_dubs":[],"downloadable_assets":["https://ocb-video-ns.akamaized.net/pangeavideo/2026/08/5/57/57c1b373-c21a-4cfb-0409-08decd63a0c8_1080p.mp4?cb=ee22289a4"],"duration_display":"3:09","duration_seconds":189.0,"embed_url":null,"id":12700,"image_caption":null,"image_url":"https://gdb.martinoticias.com/57c1b373-c21a-4cfb-0409-08decd63a0c8_tv_w1080_h608.jpg","is_clip":true,"item_type":"video","item_type_label":"Video","language_label":"Espa\u00f1ol","media_credit":"Rolando N\u00e1poles","micro_label":"Video report","micro_label_kind":"video","network_label":"OCB","network_logo_url":"/static/uploads/direct_network_logos/ocb_0888427dcb1d.svg","published_at":"2026-08-27T19:40:20","published_at_display":"27 Aug 2026, 19:40 GMT","sequence_badge_label":null,"sequence_count":null,"sequence_count_label":null,"sequence_frames":[],"sequence_kind":null,"source_name":"ocb_spanish_video_scrape","source_name_label":"OCB Spanish Video","source_type":"scrape","summary":"Investigaci\u00f3n revela los encuentros del embajador cubano con l\u00edderes del Partido Comunista en Chile","title":"Reporte detalla los encuentros del embajador cubano en Chile con l\u00edderes del Partido Comunista","topic":"Audiovisuales Mart\u00ed","translation_language":"","url":"https://www.martinoticias.com/a/reporte-detalla-los-encuentros-del-embajador-cubano-en-chile-con-l%C3%ADderes-del-partido-comunista/476414.html","video_url":"https://ocb-video-ns.akamaized.net/pangeavideo/2026/08/5/57/57c1b373-c21a-4cfb-0409-08decd63a0c8_1080p.mp4?cb=ee22289a4"},{"article_body_paragraphs":[],"audio_source_url":null,"author":"Mart\u00ed Noticias","available_dubs":[],"downloadable_assets":["https://ocb-video-ns.akamaized.net/pangeavideo/2026/08/3/3e/3e3a14ed-8ef2-45ba-cfcc-08decd5b38e4_1080p.mp4?cb=ee2201600"],"duration_display":"1:03","duration_seconds":63.0,"embed_url":null,"id":12715,"image_caption":null,"image_url":"https://gdb.martinoticias.com/3e3a14ed-8ef2-45ba-cfcc-08decd5b38e4_tv_w1080_h608.jpg","is_clip":true,"item_type":"video","item_type_label":"Video","language_label":"Espa\u00f1ol","media_credit":"Mart\u00ed Noticias","micro_label":"Video report","micro_label_kind":"video","network_label":"OCB","network_logo_url":"/static/uploads/direct_network_logos/ocb_0888427dcb1d.svg","published_at":"2026-08-27T11:00:00","published_at_display":"27 Aug 2026, 11:00 GMT","sequence_badge_label":null,"sequence_count":null,"sequence_count_label":null,"sequence_frames":[],"sequence_kind":null,"source_name":"ocb_spanish_video_scrape","source_name_label":"OCB Spanish Video","source_type":"scrape","summary":"Capitalino habla de las protestas en Cuba y reconoce que es un derecho ciudadano.","title":"Cuba Habla: \u201cNo se ha visto soluci\u00f3n\u201d","topic":"Cuba Habla, Cuba","translation_language":"","url":"https://www.martinoticias.com/a/cuba-habla-no-se-ha-visto-soluci%C3%B3n/476268.html","video_url":"https://ocb-video-ns.akamaized.net/pangeavideo/2026/08/3/3e/3e3a14ed-8ef2-45ba-cfcc-08decd5b38e4_1080p.mp4?cb=ee2201600"},{"article_body_paragraphs":[],"audio_source_url":null,"author":"Mart\u00ed Noticias","available_dubs":[],"downloadable_assets":["https://ocb-video-ns.akamaized.net/pangeavideo/2026/08/5/5d/5dbb843a-4f81-4cbc-68f7-08def2ff2efe_720p.mp4?cb=ee22151c7"],"duration_display":"3:12","duration_seconds":192.0,"embed_url":null,"id":12750,"image_caption":null,"image_url":"https://gdb.martinoticias.com/5dbb843a-4f81-4cbc-68f7-08def2ff2efe_tv_w1080_h608.jpg","is_clip":true,"item_type":"video","item_type_label":"Video","language_label":"Espa\u00f1ol","media_credit":"Mart\u00ed Noticias","micro_label":"Video report","micro_label_kind":"video","network_label":"OCB","network_logo_url":"/static/uploads/direct_network_logos/ocb_0888427dcb1d.svg","published_at":"2026-08-26T21:11:51","published_at_display":"26 Aug 2026, 21:11 GMT","sequence_badge_label":null,"sequence_count":null,"sequence_count_label":null,"sequence_frames":[],"sequence_kind":null,"source_name":"ocb_spanish_video_scrape","source_name_label":"OCB Spanish Video","source_type":"scrape","summary":"Natalia Molano, portavoz del Departamento de Estado de Estados Unidos habla sobre nuevas sanciones contra funcionarios y entidades cubanas por presuntas actividades subversivas y amenazas a la seguridad nacional estadounidense.","title":"EEUU sobre ICAP: \"Son dirigentes de redes marxistas que est\u00e1n tratando de radicalizar\"","topic":"Asuntos de Estado","translation_language":"","url":"https://www.martinoticias.com/a/eeuu-sobre-icap-son-dirigentes-de-redes-marxistas-que-est%C3%A1n-tratando-de-radicalizar/476337.html","video_url":"https://ocb-video-ns.akamaized.net/pangeavideo/2026/08/5/5d/5dbb843a-4f81-4cbc-68f7-08def2ff2efe_720p.mp4?cb=ee22151c7"},{"article_body_paragraphs":[],"audio_source_url":null,"author":"Laura Artal","available_dubs":[],"downloadable_assets":["https://ocb-video-ns.akamaized.net/pangeavideo/2026/08/e/e0/e0655bdb-0ebd-4be7-0402-08decd63a0c8_1080p.mp4?cb=ee22147db"],"duration_display":"1:18","duration_seconds":78.0,"embed_url":null,"id":12701,"image_caption":null,"image_url":"https://gdb.martinoticias.com/e0655bdb-0ebd-4be7-0402-08decd63a0c8_tv_w1080_h608.jpg","is_clip":true,"item_type":"video","item_type_label":"Video","language_label":"Espa\u00f1ol","media_credit":"Laura Artal","micro_label":"Video report","micro_label_kind":"video","network_label":"OCB","network_logo_url":"/static/uploads/direct_network_logos/ocb_0888427dcb1d.svg","published_at":"2026-08-26T20:47:23","published_at_display":"26 Aug 2026, 20:47 GMT","sequence_badge_label":null,"sequence_count":null,"sequence_count_label":null,"sequence_frames":[],"sequence_kind":null,"source_name":"ocb_spanish_video_scrape","source_name_label":"OCB Spanish Video","source_type":"scrape","summary":"El Aeropuerto Internacional Sim\u00f3n Bol\u00edvar de Maiquet\u00eda retomar\u00e1 de forma gradual las operaciones nacionales e internacionales, m\u00e1s de dos meses despu\u00e9s del doble terremoto que oblig\u00f3 a cerrar sus terminales.","title":"Principal aeropuerto de Venezuela reanudar\u00e1 vuelos comerciales desde terminales temporales","topic":"Am\u00e9rica Latina, VENEZUELA, Maiquetia","translation_language":"","url":"https://www.martinoticias.com/a/principal-aeropuerto-de-venezuela-reanudar%C3%A1-vuelos-comerciales-desde-terminales-temporales/476338.html","video_url":"https://ocb-video-ns.akamaized.net/pangeavideo/2026/08/e/e0/e0655bdb-0ebd-4be7-0402-08decd63a0c8_1080p.mp4?cb=ee22147db"},{"article_body_paragraphs":[],"audio_source_url":null,"author":"Jos\u00e9 Pernalete","available_dubs":[],"downloadable_assets":["https://ocb-video-ns.akamaized.net/pangeavideo/2026/08/1/12/12464180-d3c4-4461-cfd3-08decd5b38e4_1080p.mp4?cb=ee2212686"],"duration_display":"2:52","duration_seconds":172.0,"embed_url":null,"id":12702,"image_caption":null,"image_url":"https://gdb.martinoticias.com/12464180-d3c4-4461-cfd3-08decd5b38e4_tv_w1080_h608.jpg","is_clip":true,"item_type":"video","item_type_label":"Video","language_label":"Espa\u00f1ol","media_credit":"Jos\u00e9 Pernalete","micro_label":"Video report","micro_label_kind":"video","network_label":"OCB","network_logo_url":"/static/uploads/direct_network_logos/ocb_0888427dcb1d.svg","published_at":"2026-08-26T18:25:10","published_at_display":"26 Aug 2026, 18:25 GMT","sequence_badge_label":null,"sequence_count":null,"sequence_count_label":null,"sequence_frames":[],"sequence_kind":null,"source_name":"ocb_spanish_video_scrape","source_name_label":"OCB Spanish Video","source_type":"scrape","summary":"Un segundo avi\u00f3n cargado con ayuda humanitaria parte desde Miami hacia Colombia para asistir a las comunidades golpeadas por el terremoto del 10 de agosto. La operaci\u00f3n forma parte de una red de solidaridad que moviliza donaciones desde varias ciudades y pa\u00edses.","title":"Avi\u00f3n solidario parte de Miami con ayuda para damnificados en Colombia","topic":"Info Mart\u00ed , Estados Unidos, Colombia","translation_language":"","url":"https://www.martinoticias.com/a/avi%C3%B3n-solidario-parte-de-miami-con-ayuda-para-damnificados-en-colombia/476327.html","video_url":"https://ocb-video-ns.akamaized.net/pangeavideo/2026/08/1/12/12464180-d3c4-4461-cfd3-08decd5b38e4_1080p.mp4?cb=ee2212686"},{"article_body_paragraphs":[],"audio_source_url":null,"author":"Mart\u00ed Noticias","available_dubs":[],"downloadable_assets":["https://ocb-video-ns.akamaized.net/pangeavideo/2026/08/b/b6/b69f27e9-500f-4f4b-5a8d-08decd6ea425_1080p.mp4?cb=ee2201261"],"duration_display":"2:09","duration_seconds":129.0,"embed_url":null,"id":12716,"image_caption":null,"image_url":"https://gdb.martinoticias.com/b69f27e9-500f-4f4b-5a8d-08decd6ea425_tv_w1080_h608.jpg","is_clip":true,"item_type":"video","item_type_label":"Video","language_label":"Espa\u00f1ol","media_credit":"Mart\u00ed Noticias","micro_label":"Video report","micro_label_kind":"video","network_label":"OCB","network_logo_url":"/static/uploads/direct_network_logos/ocb_0888427dcb1d.svg","published_at":"2026-08-26T11:00:00","published_at_display":"26 Aug 2026, 11:00 GMT","sequence_badge_label":null,"sequence_count":null,"sequence_count_label":null,"sequence_frames":[],"sequence_kind":null,"source_name":"ocb_spanish_video_scrape","source_name_label":"OCB Spanish Video","source_type":"scrape","summary":"Desde La Habana, cubana habla de las protestas ciudadanas y las respuestas del gobierno.","title":"Cuba Habla: \"Porque te oprimen mucho\u201d","topic":"Cuba Habla, Cuba","translation_language":"","url":"https://www.martinoticias.com/a/cuba-habla-porque-te-oprimen-mucho/476267.html","video_url":"https://ocb-video-ns.akamaized.net/pangeavideo/2026/08/b/b6/b69f27e9-500f-4f4b-5a8d-08decd6ea425_1080p.mp4?cb=ee2201261"},{"article_body_paragraphs":[],"audio_source_url":null,"author":"Mart\u00ed Noticias","available_dubs":[],"downloadable_assets":["https://ocb-video-ns.akamaized.net/pangeavideo/2026/08/c/c8/c8d76117-0d55-49a8-cfcb-08decd5b38e4_1080p.mp4?cb=ee22012b9"],"duration_display":"7:15","duration_seconds":435.0,"embed_url":null,"id":12703,"image_caption":null,"image_url":"https://gdb.martinoticias.com/c8d76117-0d55-49a8-cfcb-08decd5b38e4_tv_w1080_h608.jpg","is_clip":false,"item_type":"video","item_type_label":"Video","language_label":"Espa\u00f1ol","media_credit":"Mart\u00ed Noticias","micro_label":"Video report","micro_label_kind":"video","network_label":"OCB","network_logo_url":"/static/uploads/direct_network_logos/ocb_0888427dcb1d.svg","published_at":"2026-08-25T22:48:25","published_at_display":"25 Aug 2026, 22:48 GMT","sequence_badge_label":null,"sequence_count":null,"sequence_count_label":null,"sequence_frames":[],"sequence_kind":null,"source_name":"ocb_spanish_video_scrape","source_name_label":"OCB Spanish Video","source_type":"scrape","summary":"\u201cEl misil cubano\u201d es el l\u00edder en ponches de todos los tiempos entre los relevistas que han pasado por Grandes Ligas y pr\u00f3ximamente debe llegar a los 1400 abanicados y 400 juegos salvados, por los que se ubica en el noveno lugar en este departamento. La entrevista fue realizada por Pelota Cubana USA.","title":"Aroldis Chapman camino al Sal\u00f3n de la Fama de Cooperstown","topic":"Audiovisuales Mart\u00ed","translation_language":"","url":"https://www.martinoticias.com/a/aroldis-chapman-camino-al-salon-de-la-fama-de-cooperstown/476266.html","video_url":"https://ocb-video-ns.akamaized.net/pangeavideo/2026/08/c/c8/c8d76117-0d55-49a8-cfcb-08decd5b38e4_1080p.mp4?cb=ee22012b9"},{"article_body_paragraphs":[],"audio_source_url":null,"author":"Jany Gonz\u00e1lez","available_dubs":[],"downloadable_assets":["https://ocb-video-ns.akamaized.net/pangeavideo/2026/08/8/85/850278bb-dc7d-41b3-68eb-08def2ff2efe_1080p.mp4?cb=ee21ff800"],"duration_display":"2:51","duration_seconds":171.0,"embed_url":null,"id":12704,"image_caption":null,"image_url":"https://gdb.martinoticias.com/850278bb-dc7d-41b3-68eb-08def2ff2efe_tv_w1080_h608.jpg","is_clip":true,"item_type":"video","item_type_label":"Video","language_label":"Espa\u00f1ol","media_credit":"Jany Gonz\u00e1lez","micro_label":"Video report","micro_label_kind":"video","network_label":"OCB","network_logo_url":"/static/uploads/direct_network_logos/ocb_0888427dcb1d.svg","published_at":"2026-08-25T20:54:24","published_at_display":"25 Aug 2026, 20:54 GMT","sequence_badge_label":null,"sequence_count":null,"sequence_count_label":null,"sequence_frames":[],"sequence_kind":null,"source_name":"ocb_spanish_video_scrape","source_name_label":"OCB Spanish Video","source_type":"scrape","summary":"Cuba no logra frenar el embarazo precoz. La escasez de anticonceptivos, las dificultades en el acceso a la salud y la vulnerabilidad econ\u00f3mica son algunos de los factores detr\u00e1s de una realidad que cada a\u00f1o lleva a miles de adolescentes a convertirse en madres.","title":"Embarazo adolescente en Cuba: cientos de ni\u00f1as son madres antes de cumplir los 15 a\u00f1os","topic":"Audiovisuales Mart\u00ed","translation_language":"","url":"https://www.martinoticias.com/a/476263.html","video_url":"https://ocb-video-ns.akamaized.net/pangeavideo/2026/08/8/85/850278bb-dc7d-41b3-68eb-08def2ff2efe_1080p.mp4?cb=ee21ff800"},{"article_body_paragraphs":[],"audio_source_url":null,"author":"Mart\u00ed Noticias","available_dubs":[],"downloadable_assets":["https://ocb-video-ns.akamaized.net/pangeavideo/2026/08/f/fc/fcb127d8-954b-496a-03fd-08decd63a0c8_1080p.mp4?cb=ee21feca6"],"duration_display":"2:04","duration_seconds":124.0,"embed_url":null,"id":12705,"image_caption":null,"image_url":"https://gdb.martinoticias.com/fcb127d8-954b-496a-03fd-08decd63a0c8_tv_w1080_h608.jpg","is_clip":true,"item_type":"video","item_type_label":"Video","language_label":"Espa\u00f1ol","media_credit":"Mart\u00ed Noticias","micro_label":"Video report","micro_label_kind":"video","network_label":"OCB","network_logo_url":"/static/uploads/direct_network_logos/ocb_0888427dcb1d.svg","published_at":"2026-08-25T20:05:58","published_at_display":"25 Aug 2026, 20:05 GMT","sequence_badge_label":null,"sequence_count":null,"sequence_count_label":null,"sequence_frames":[],"sequence_kind":null,"source_name":"ocb_spanish_video_scrape","source_name_label":"OCB Spanish Video","source_type":"scrape","summary":"Eddy Acevedo, vicepresidente del Fondo Nacional para la Democracia, destac\u00f3 la importancia de que los propios cubanos participen en la construcci\u00f3n del futuro del pa\u00eds. Tambi\u00e9n se\u00f1al\u00f3 el fuerte impacto de la crisis energ\u00e9tica en la vida cotidiana de la poblaci\u00f3n.","title":"Apoyo a los cubanos frente a los desaf\u00edos que enfrenta la isla","topic":"Info Mart\u00ed , Cuba","translation_language":"","url":"https://www.martinoticias.com/a/apoyo-a-los-cubanos-frente-a-los-desaf%C3%ADos-que-enfrenta-la-isla/476252.html","video_url":"https://ocb-video-ns.akamaized.net/pangeavideo/2026/08/f/fc/fcb127d8-954b-496a-03fd-08decd63a0c8_1080p.mp4?cb=ee21feca6"},{"article_body_paragraphs":[],"audio_source_url":null,"author":"Laura Artal","available_dubs":[],"downloadable_assets":["https://ocb-video-ns.akamaized.net/pangeavideo/2026/08/6/63/63d49e7c-6e19-45bd-7c73-08def2b1c8fe_1080p.mp4?cb=ee21ff76e"],"duration_display":"2:21","duration_seconds":141.0,"embed_url":null,"id":12706,"image_caption":null,"image_url":"https://gdb.martinoticias.com/63d49e7c-6e19-45bd-7c73-08def2b1c8fe_tv_w1080_h608.jpg","is_clip":true,"item_type":"video","item_type_label":"Video","language_label":"Espa\u00f1ol","media_credit":"Laura Artal","micro_label":"Video report","micro_label_kind":"video","network_label":"OCB","network_logo_url":"/static/uploads/direct_network_logos/ocb_0888427dcb1d.svg","published_at":"2026-08-25T20:05:03","published_at_display":"25 Aug 2026, 20:05 GMT","sequence_badge_label":null,"sequence_count":null,"sequence_count_label":null,"sequence_frames":[],"sequence_kind":null,"source_name":"ocb_spanish_video_scrape","source_name_label":"OCB Spanish Video","source_type":"scrape","summary":"La decisi\u00f3n genera preocupaci\u00f3n entre representantes de la comunidad venezolana, que piden diferenciar entre quienes cometen delitos y quienes permanecen en condici\u00f3n irregular, adem\u00e1s de evitar discursos que puedan derivar en estigmatizaci\u00f3n o xenofobia.","title":"El presidente de Colombia, Abelardo De La Espriella, orden\u00f3 iniciar operativos contra migrantes en...","topic":"Audiovisuales Mart\u00ed","translation_language":"","url":"https://www.martinoticias.com/a/el-presidente-de-colombia-abelardo-de-la-espriella-orden%C3%B3-iniciar-operativos-contra-migrantes-en-situaci%C3%B3n-irregular/476256.html","video_url":"https://ocb-video-ns.akamaized.net/pangeavideo/2026/08/6/63/63d49e7c-6e19-45bd-7c73-08def2b1c8fe_1080p.mp4?cb=ee21ff76e"},{"article_body_paragraphs":[],"audio_source_url":null,"author":"Jos\u00e9 Pernalete","available_dubs":[],"downloadable_assets":["https://ocb-video-ns.akamaized.net/pangeavideo/2026/08/4/43/43de05bb-4e4c-4a09-68e8-08def2ff2efe_1080p.mp4?cb=ee21fe0ef"],"duration_display":"2:37","duration_seconds":157.0,"embed_url":null,"id":12707,"image_caption":null,"image_url":"https://gdb.martinoticias.com/43de05bb-4e4c-4a09-68e8-08def2ff2efe_tv_w1080_h608.jpg","is_clip":true,"item_type":"video","item_type_label":"Video","language_label":"Espa\u00f1ol","media_credit":"Jos\u00e9 Pernalete","micro_label":"Video report","micro_label_kind":"video","network_label":"OCB","network_logo_url":"/static/uploads/direct_network_logos/ocb_0888427dcb1d.svg","published_at":"2026-08-25T19:15:59","published_at_display":"25 Aug 2026, 19:15 GMT","sequence_badge_label":null,"sequence_count":null,"sequence_count_label":null,"sequence_frames":[],"sequence_kind":null,"source_name":"ocb_spanish_video_scrape","source_name_label":"OCB Spanish Video","source_type":"scrape","summary":"Foro Penal advierte sobre una \u201cavalancha\u201d de nuevos reportes relacionados con presos pol\u00edticos en Venezuela que no hab\u00edan sido denunciados anteriormente. La organizaci\u00f3n asegura que investiga denuncias de malos tratos y torturas contra detenidos.","title":"Foro Penal alerta sobre \u201cavalancha\u201d de denuncias de presos pol\u00edticos en Venezuela","topic":"Info Mart\u00ed , estados unidos, Venezuela","translation_language":"","url":"https://www.martinoticias.com/a/foro-penal-alerta-sobre-avalancha-de-denuncias-de-presos-pol%C3%ADticos-en-venezuela/476250.html","video_url":"https://ocb-video-ns.akamaized.net/pangeavideo/2026/08/4/43/43de05bb-4e4c-4a09-68e8-08def2ff2efe_1080p.mp4?cb=ee21fe0ef"},{"article_body_paragraphs":[],"audio_source_url":null,"author":"Rolando N\u00e1poles","available_dubs":[],"downloadable_assets":["https://ocb-video-ns.akamaized.net/pangeavideo/2026/08/a/a5/a50d26a3-6d9b-4957-68e7-08def2ff2efe_1080p.mp4?cb=ee21fdfd2"],"duration_display":"3:05","duration_seconds":185.0,"embed_url":null,"id":12708,"image_caption":null,"image_url":"https://gdb.martinoticias.com/a50d26a3-6d9b-4957-68e7-08def2ff2efe_tv_w1080_h608.jpg","is_clip":true,"item_type":"video","item_type_label":"Video","language_label":"Espa\u00f1ol","media_credit":"Rolando N\u00e1poles","micro_label":"Video report","micro_label_kind":"video","network_label":"OCB","network_logo_url":"/static/uploads/direct_network_logos/ocb_0888427dcb1d.svg","published_at":"2026-08-25T19:11:11","published_at_display":"25 Aug 2026, 19:11 GMT","sequence_badge_label":null,"sequence_count":null,"sequence_count_label":null,"sequence_frames":[],"sequence_kind":null,"source_name":"ocb_spanish_video_scrape","source_name_label":"OCB Spanish Video","source_type":"scrape","summary":"Prisoners Defenders denunci\u00f3 la explotaci\u00f3n de m\u00e9dicos cubanos en Botsuana","title":"Denuncian otro caso de explotaci\u00f3n de m\u00e9dicos cubanos en pa\u00eds africano","topic":"Audiovisuales Mart\u00ed","translation_language":"","url":"https://www.martinoticias.com/a/denuncian-otro-caso-de-explotaci%C3%B3n-de-m%C3%A9dicos-cubanos-en-pa%C3%ADs-africano/476247.html","video_url":"https://ocb-video-ns.akamaized.net/pangeavideo/2026/08/a/a5/a50d26a3-6d9b-4957-68e7-08def2ff2efe_1080p.mp4?cb=ee21fdfd2"},{"article_body_paragraphs":[],"audio_source_url":null,"author":"Mart\u00ed Noticias","available_dubs":[],"downloadable_assets":["https://ocb-video-ns.akamaized.net/pangeavideo/2026/08/9/9b/9bf281c0-4585-436c-03e2-08decd63a0c8_1080p.mp4?cb=ee21993fd"],"duration_display":"0:51","duration_seconds":51.0,"embed_url":null,"id":12717,"image_caption":null,"image_url":"https://gdb.martinoticias.com/9bf281c0-4585-436c-03e2-08decd63a0c8_tv_w1080_h608.jpg","is_clip":true,"item_type":"video","item_type_label":"Video","language_label":"Espa\u00f1ol","media_credit":"Mart\u00ed Noticias","micro_label":"Video report","micro_label_kind":"video","network_label":"OCB","network_logo_url":"/static/uploads/direct_network_logos/ocb_0888427dcb1d.svg","published_at":"2026-08-25T11:00:00","published_at_display":"25 Aug 2026, 11:00 GMT","sequence_badge_label":null,"sequence_count":null,"sequence_count_label":null,"sequence_frames":[],"sequence_kind":null,"source_name":"ocb_spanish_video_scrape","source_name_label":"OCB Spanish Video","source_type":"scrape","summary":"\"El Presidente\" dice habanero que es responsable de la crisis que se est\u00e1 viviendo en Cuba.","title":"Cuba Habla: \u201cQue esto cambie\u201d","topic":"Cuba Habla, Cuba","translation_language":"","url":"https://www.martinoticias.com/a/cuba-habla-que-esto-cambie/475958.html","video_url":"https://ocb-video-ns.akamaized.net/pangeavideo/2026/08/9/9b/9bf281c0-4585-436c-03e2-08decd63a0c8_1080p.mp4?cb=ee21993fd"},{"article_body_paragraphs":[],"audio_source_url":null,"author":"Jos\u00e9 Pernalete","available_dubs":[],"downloadable_assets":["https://ocb-video-ns.akamaized.net/pangeavideo/2026/08/4/47/47ab01cd-f823-462e-7c6f-08def2b1c8fe_1080p.mp4?cb=ee21eae48"],"duration_display":"4:01","duration_seconds":241.0,"embed_url":null,"id":12709,"image_caption":null,"image_url":"https://gdb.martinoticias.com/47ab01cd-f823-462e-7c6f-08def2b1c8fe_tv_w1080_h608.jpg","is_clip":true,"item_type":"video","item_type_label":"Video","language_label":"Espa\u00f1ol","media_credit":"Jos\u00e9 Pernalete","micro_label":"Video report","micro_label_kind":"video","network_label":"OCB","network_logo_url":"/static/uploads/direct_network_logos/ocb_0888427dcb1d.svg","published_at":"2026-08-24T21:27:36","published_at_display":"24 Aug 2026, 21:27 GMT","sequence_badge_label":null,"sequence_count":null,"sequence_count_label":null,"sequence_frames":[],"sequence_kind":null,"source_name":"ocb_spanish_video_scrape","source_name_label":"OCB Spanish Video","source_type":"scrape","summary":"A dos meses de los terremotos que golpearon Venezuela, la desolaci\u00f3n persiste en comunidades de La Guaira, donde familias que perdieron sus viviendas contin\u00faan viviendo en carpas y denuncian falta de ayuda oportuna y fallas en servicios b\u00e1sicos.","title":"A dos meses del terremoto en Venezuela, La Guaira sigue entre carpas, miedo y desolaci\u00f3n","topic":"Info Mart\u00ed , Estados Unidos, VENEZUELA","translation_language":"","url":"https://www.martinoticias.com/a/a-dos-meses-del-terremoto-en-venezuela-la-guaira-sigue-entre-carpas-miedo-y-desolaci%C3%B3n/476171.html","video_url":"https://ocb-video-ns.akamaized.net/pangeavideo/2026/08/4/47/47ab01cd-f823-462e-7c6f-08def2b1c8fe_1080p.mp4?cb=ee21eae48"},{"article_body_paragraphs":[],"audio_source_url":null,"author":"Rolando N\u00e1poles","available_dubs":[],"downloadable_assets":["https://ocb-video-ns.akamaized.net/pangeavideo/2026/08/d/d1/d1ebbcd5-cb7a-45bc-5a81-08decd6ea425_1080p.mp4?cb=ee21ea46f"],"duration_display":"3:21","duration_seconds":201.0,"embed_url":null,"id":12710,"image_caption":null,"image_url":"https://gdb.martinoticias.com/d1ebbcd5-cb7a-45bc-5a81-08decd6ea425_tv_w1080_h608.jpg","is_clip":true,"item_type":"video","item_type_label":"Video","language_label":"Espa\u00f1ol","media_credit":"Rolando N\u00e1poles","micro_label":"Video report","micro_label_kind":"video","network_label":"OCB","network_logo_url":"/static/uploads/direct_network_logos/ocb_0888427dcb1d.svg","published_at":"2026-08-24T20:45:35","published_at_display":"24 Aug 2026, 20:45 GMT","sequence_badge_label":null,"sequence_count":null,"sequence_count_label":null,"sequence_frames":[],"sequence_kind":null,"source_name":"ocb_spanish_video_scrape","source_name_label":"OCB Spanish Video","source_type":"scrape","summary":"La caida de casi el 50% del turismo en Cuba est\u00e1 dejando sin empleo a m\u00e1s cubanos que viven de este sector.","title":"Desplome del turismo est\u00e1 dejando sin empleo a m\u00e1s cubanos en la isla","topic":"Audiovisuales Mart\u00ed, Cuba turismo, crisis del turismo en Cuba","translation_language":"","url":"https://www.martinoticias.com/a/desplome-del-turismo-est%C3%A1-dejando-sin-empleo-a-m%C3%A1s-cubanos-en-la-isla/476167.html","video_url":"https://ocb-video-ns.akamaized.net/pangeavideo/2026/08/d/d1/d1ebbcd5-cb7a-45bc-5a81-08decd6ea425_1080p.mp4?cb=ee21ea46f"},{"article_body_paragraphs":[],"audio_source_url":null,"author":"Mart\u00ed Noticias","available_dubs":[],"downloadable_assets":["https://ocb-video-ns.akamaized.net/pangeavideo/2026/08/c/c2/c2aea2f6-e6a4-4b8a-03e0-08decd63a0c8_1080p.mp4?cb=ee2199125"],"duration_display":"1:20","duration_seconds":80.0,"embed_url":null,"id":12718,"image_caption":null,"image_url":"https://gdb.martinoticias.com/c2aea2f6-e6a4-4b8a-03e0-08decd63a0c8_tv_w1080_h608.jpg","is_clip":true,"item_type":"video","item_type_label":"Video","language_label":"Espa\u00f1ol","media_credit":"Mart\u00ed Noticias","micro_label":"Video report","micro_label_kind":"video","network_label":"OCB","network_logo_url":"/static/uploads/direct_network_logos/ocb_0888427dcb1d.svg","published_at":"2026-08-24T11:00:00","published_at_display":"24 Aug 2026, 11:00 GMT","sequence_badge_label":null,"sequence_count":null,"sequence_count_label":null,"sequence_frames":[],"sequence_kind":null,"source_name":"ocb_spanish_video_scrape","source_name_label":"OCB Spanish Video","source_type":"scrape","summary":"\"Todo el mundo tiene derecho a protestar por sus derechos\", asegura joven cubana desde La Habana.","title":"Cuba Habla: \u201cLas personas protestan porque no pueden m\u00e1s\u201d","topic":"Cuba Habla, Cuba","translation_language":"","url":"https://www.martinoticias.com/a/cuba-habla-las-personas-protestan-porque-no-pueden-m%C3%A1s/475955.html","video_url":"https://ocb-video-ns.akamaized.net/pangeavideo/2026/08/c/c2/c2aea2f6-e6a4-4b8a-03e0-08decd63a0c8_1080p.mp4?cb=ee2199125"},{"article_body_paragraphs":[],"audio_source_url":null,"author":"Mart\u00ed Noticias","available_dubs":[],"downloadable_assets":["https://ocb-video-ns.akamaized.net/pangeavideo/2026/08/9/92/9272aebf-dbf0-40ca-03de-08decd63a0c8_1080p.mp4?cb=ee2198235"],"duration_display":"0:51","duration_seconds":51.0,"embed_url":null,"id":12719,"image_caption":null,"image_url":"https://gdb.martinoticias.com/9272aebf-dbf0-40ca-03de-08decd63a0c8_tv_w1080_h608.jpg","is_clip":true,"item_type":"video","item_type_label":"Video","language_label":"Espa\u00f1ol","media_credit":"Mart\u00ed Noticias","micro_label":"Video report","micro_label_kind":"video","network_label":"OCB","network_logo_url":"/static/uploads/direct_network_logos/ocb_0888427dcb1d.svg","published_at":"2026-08-23T11:00:00","published_at_display":"23 Aug 2026, 11:00 GMT","sequence_badge_label":null,"sequence_count":null,"sequence_count_label":null,"sequence_frames":[],"sequence_kind":null,"source_name":"ocb_spanish_video_scrape","source_name_label":"OCB Spanish Video","source_type":"scrape","summary":"\"\u00bfQu\u00e9 gritan la gente? Libertad, hambre\" refiere habanero acerca de las protestas en Cuba.","title":"Cuba Habla: \u201cHay muchas protestas porque aqu\u00ed en el pa\u00eds hay muchas dificultades\u201d","topic":"Cuba Habla, Cuba","translation_language":"","url":"https://www.martinoticias.com/a/cuba-habla-hay-muchas-protestas-porque-aqu%C3%AD-en-el-pa%C3%ADs-hay-muchas-dificultades/475904.html","video_url":"https://ocb-video-ns.akamaized.net/pangeavideo/2026/08/9/92/9272aebf-dbf0-40ca-03de-08decd63a0c8_1080p.mp4?cb=ee2198235"},{"article_body_paragraphs":[],"audio_source_url":null,"author":"Mart\u00ed Noticias","available_dubs":[],"downloadable_assets":["https://ocb-video-ns.akamaized.net/pangeavideo/2026/08/c/cf/cff770d5-133f-4dc8-68c5-08def2ff2efe_1080p.mp4?cb=ee2197b11"],"duration_display":"1:04","duration_seconds":64.0,"embed_url":null,"id":12720,"image_caption":null,"image_url":"https://gdb.martinoticias.com/cff770d5-133f-4dc8-68c5-08def2ff2efe_tv_w1080_h608.jpg","is_clip":true,"item_type":"video","item_type_label":"Video","language_label":"Espa\u00f1ol","media_credit":"Mart\u00ed Noticias","micro_label":"Video report","micro_label_kind":"video","network_label":"OCB","network_logo_url":"/static/uploads/direct_network_logos/ocb_0888427dcb1d.svg","published_at":"2026-08-21T11:00:00","published_at_display":"21 Aug 2026, 11:00 GMT","sequence_badge_label":null,"sequence_count":null,"sequence_count_label":null,"sequence_frames":[],"sequence_kind":null,"source_name":"ocb_spanish_video_scrape","source_name_label":"OCB Spanish Video","source_type":"scrape","summary":"Habanero habla de los reclamos de los ciudadanos que protestan publicamente en la isla.","title":"Cuba Habla: \u201cLa necesidad de la comida\u201d","topic":"Cuba Habla, Cuba","translation_language":"","url":"https://www.martinoticias.com/a/cuba-habla-la-necesidad-de-la-comida/475899.html","video_url":"https://ocb-video-ns.akamaized.net/pangeavideo/2026/08/c/cf/cff770d5-133f-4dc8-68c5-08def2ff2efe_1080p.mp4?cb=ee2197b11"},{"article_body_paragraphs":[],"audio_source_url":null,"author":"Mart\u00ed Noticias","available_dubs":[],"downloadable_assets":["https://ocb-video-ns.akamaized.net/pangeavideo/2026/08/1/11/11f5f8a3-4167-42ce-5a52-08decd6ea425_1080p.mp4?cb=ee215997d"],"duration_display":"0:56","duration_seconds":56.0,"embed_url":null,"id":12721,"image_caption":null,"image_url":"https://gdb.martinoticias.com/11f5f8a3-4167-42ce-5a52-08decd6ea425_tv_w1080_h608.jpg","is_clip":true,"item_type":"video","item_type_label":"Video","language_label":"Espa\u00f1ol","media_credit":"Mart\u00ed Noticias","micro_label":"Video report","micro_label_kind":"video","network_label":"OCB","network_logo_url":"/static/uploads/direct_network_logos/ocb_0888427dcb1d.svg","published_at":"2026-08-20T11:00:00","published_at_display":"20 Aug 2026, 11:00 GMT","sequence_badge_label":null,"sequence_count":null,"sequence_count_label":null,"sequence_frames":[],"sequence_kind":null,"source_name":"ocb_spanish_video_scrape","source_name_label":"OCB Spanish Video","source_type":"scrape","summary":"Joven capitalino asegura que \"el gobierno\" es culpable de lo que est\u00e1 pasando el pueblo.","title":"Cuba Habla: \u201cLas personas protestan con su raz\u00f3n\u201d","topic":"Cuba Habla, Cuba","translation_language":"","url":"https://www.martinoticias.com/a/cuba-habla-las-personas-protestan-con-su-raz%C3%B3n/475705.html","video_url":"https://ocb-video-ns.akamaized.net/pangeavideo/2026/08/1/11/11f5f8a3-4167-42ce-5a52-08decd6ea425_1080p.mp4?cb=ee215997d"}],"next_num":3,"page":2,"pages":4,"per_page":20,"prev_num":1,"total":65}
