{"applied_filters":{"end_date":"","lang":"","language":"","network":"","page":2,"per_page":20,"search":"","source":"slobodnaevropa_org_direct","start_date":"","topic":"","type":""},"available_filters":{"language_choices":[{"label":"Choose Language","value":""},{"label":"Serbo-Croatian","value":"Serbo-Croatian"}],"network_choices":[{"label":"All networks","value":""},{"label":"RFE/RL","value":"RFE/RL"}],"source_choices":[{"label":"All sources","value":""},{"label":"Current Time","value":"currenttime_tv_direct"},{"label":"Current Time","value":"currenttime_tv_rss"},{"label":"Da Azadi Radio","value":"da_azadiradio_com_rss"},{"label":"Darivoa","value":"darivoa_com_rss"},{"label":"Dengeamerika","value":"dengeamerika_com_direct"},{"label":"Dengeamerika","value":"dengeamerika_com_rss"},{"label":"Dengiamerika","value":"dengiamerika_com_direct"},{"label":"Dengiamerika","value":"dengiamerika_com_rss"},{"label":"Editorials VOA","value":"editorials_voa_gov_rss"},{"label":"Golosameriki","value":"golosameriki_com_direct"},{"label":"Golosameriki","value":"golosameriki_com_rss"},{"label":"Ir VOA News","value":"ir_voanews_com_rss"},{"label":"Mashaalradio","value":"mashaalradio_com_direct"},{"label":"Moldova Europalibera","value":"moldova_europalibera_org_direct"},{"label":"Moldova Europalibera","value":"moldova_europalibera_org_rss"},{"label":"OCB \u00b7 Caf\u00e9 Digital","value":"ocb_spanish_audio_html_scrape"},{"label":"OCB \u00b7 Liberaci\u00f3n","value":"ocb_spanish_audio_html_scrape_1001"},{"label":"OCB \u00b7 Programas de Radio Nuestra Am\u00e9rica","value":"ocb_spanish_audio_html_scrape_1016"},{"label":"OCB \u00b7 Agenda hemisf\u00e9rica","value":"ocb_spanish_audio_html_scrape_1028"},{"label":"OCB \u00b7 El futuro es ya","value":"ocb_spanish_audio_html_scrape_1056"},{"label":"OCB \u00b7 Foro abierto","value":"ocb_spanish_audio_html_scrape_1061"},{"label":"OCB \u00b7 Nicaragua al d\u00eda","value":"ocb_spanish_audio_html_scrape_1077"},{"label":"OCB \u00b7 La bola nostra","value":"ocb_spanish_audio_html_scrape_1078"},{"label":"OCB \u00b7 Taller de prensa","value":"ocb_spanish_audio_html_scrape_1103"},{"label":"OCB \u00b7 Las noticias como son","value":"ocb_spanish_audio_html_scrape_142"},{"label":"OCB \u00b7 Abriendo Espacios","value":"ocb_spanish_audio_html_scrape_562"},{"label":"OCB \u00b7 Mart\u00ed Noticias A.M.","value":"ocb_spanish_audio_html_scrape_668"},{"label":"OCB Spanish Audio","value":"ocb_spanish_audio_scrape"},{"label":"OCB Spanish Video","value":"ocb_spanish_video_scrape"},{"label":"Pa Azadi Radio","value":"pa_azadiradio_com_rss"},{"label":"Pashtovoa","value":"pashtovoa_com_rss"},{"label":"Radiofaarda","value":"radiofaarda_com_direct"},{"label":"Radio Farda","value":"radiofarda_com_direct"},{"label":"Radio Farda","value":"radiofarda_com_rss"},{"label":"Radiosvoboda","value":"radiosvoboda_org_rss"},{"label":"Radiotavisupleba","value":"radiotavisupleba_ge_direct"},{"label":"Radiotavisupleba","value":"radiotavisupleba_ge_rss"},{"label":"Radiotelevisionmarti","value":"radiotelevisionmarti_com_direct"},{"label":"Radiotelevisionmarti","value":"radiotelevisionmarti_com_rss"},{"label":"RFA Burmese","value":"rfa_burmese_rss"},{"label":"RFA Burmese Video Scrape","value":"rfa_burmese_video_scrape"},{"label":"RFA Cantonese","value":"rfa_cantonese_rss"},{"label":"RFA Cantonese Video Scrape","value":"rfa_cantonese_video_scrape"},{"label":"RFA English RSS","value":"rfa_english_rss"},{"label":"RFA English Video","value":"rfa_english_video_scrape"},{"label":"RFA Khmer","value":"rfa_khmer_rss"},{"label":"RFA Khmer Video Scrape","value":"rfa_khmer_video_scrape"},{"label":"RFA Korean","value":"rfa_korean_rss"},{"label":"RFA Korean Video Scrape","value":"rfa_korean_video_scrape"},{"label":"RFA Lao","value":"rfa_lao_rss"},{"label":"RFA Lao Video Scrape","value":"rfa_lao_video_scrape"},{"label":"RFA Mandarin","value":"rfa_mandarin_rss"},{"label":"RFA Mandarin Video Scrape","value":"rfa_mandarin_video_scrape"},{"label":"RFA Tibetan","value":"rfa_tibetan_rss"},{"label":"RFA Tibetan Video Scrape","value":"rfa_tibetan_video_scrape"},{"label":"RFA Uyghur","value":"rfa_uyghur_rss"},{"label":"RFA Uyghur Video Scrape","value":"rfa_uyghur_video_scrape"},{"label":"RFA Vietnamese","value":"rfa_vietnamese_rss"},{"label":"RFA Vietnamese Video Scrape","value":"rfa_vietnamese_video_scrape"},{"label":"RFE/RL Direct","value":"rferl_direct"},{"label":"RFE/RL","value":"rferl_org_rss"},{"label":"Slobodnaevropa","value":"slobodnaevropa_org_direct"},{"label":"Slobodnaevropa","value":"slobodnaevropa_org_rss"},{"label":"Svoboda","value":"svoboda_org_direct"},{"label":"Svoboda","value":"svoboda_org_rss"},{"label":"Ukrainian VOA News","value":"ukrainian_voanews_com_rss"},{"label":"VOA Chinese Direct","value":"voa_chinese_direct"},{"label":"VOA Chinese RSS","value":"voa_chinese_rss"},{"label":"VOA Dari Direct","value":"voa_dari_direct"},{"label":"VOA Korea Direct","value":"voa_korea_direct"},{"label":"VOA Pashto Direct","value":"voa_pashto_direct"},{"label":"VOA Persian Direct","value":"voa_persian_direct"},{"label":"Voakorea","value":"voakorea_com_rss"}],"sources":["currenttime_tv_direct","currenttime_tv_rss","da_azadiradio_com_rss","darivoa_com_rss","dengeamerika_com_direct","dengeamerika_com_rss","dengiamerika_com_direct","dengiamerika_com_rss","editorials_voa_gov_rss","golosameriki_com_direct","golosameriki_com_rss","ir_voanews_com_rss","mashaalradio_com_direct","moldova_europalibera_org_direct","moldova_europalibera_org_rss","ocb_spanish_audio_html_scrape","ocb_spanish_audio_html_scrape_1001","ocb_spanish_audio_html_scrape_1016","ocb_spanish_audio_html_scrape_1028","ocb_spanish_audio_html_scrape_1056","ocb_spanish_audio_html_scrape_1061","ocb_spanish_audio_html_scrape_1077","ocb_spanish_audio_html_scrape_1078","ocb_spanish_audio_html_scrape_1103","ocb_spanish_audio_html_scrape_142","ocb_spanish_audio_html_scrape_562","ocb_spanish_audio_html_scrape_668","ocb_spanish_audio_scrape","ocb_spanish_video_scrape","pa_azadiradio_com_rss","pashtovoa_com_rss","radiofaarda_com_direct","radiofarda_com_direct","radiofarda_com_rss","radiosvoboda_org_rss","radiotavisupleba_ge_direct","radiotavisupleba_ge_rss","radiotelevisionmarti_com_direct","radiotelevisionmarti_com_rss","rfa_burmese_rss","rfa_burmese_video_scrape","rfa_cantonese_rss","rfa_cantonese_video_scrape","rfa_english_rss","rfa_english_video_scrape","rfa_khmer_rss","rfa_khmer_video_scrape","rfa_korean_rss","rfa_korean_video_scrape","rfa_lao_rss","rfa_lao_video_scrape","rfa_mandarin_rss","rfa_mandarin_video_scrape","rfa_tibetan_rss","rfa_tibetan_video_scrape","rfa_uyghur_rss","rfa_uyghur_video_scrape","rfa_vietnamese_rss","rfa_vietnamese_video_scrape","rferl_direct","rferl_org_rss","slobodnaevropa_org_direct","slobodnaevropa_org_rss","svoboda_org_direct","svoboda_org_rss","ukrainian_voanews_com_rss","voa_chinese_direct","voa_chinese_rss","voa_dari_direct","voa_korea_direct","voa_pashto_direct","voa_persian_direct","voakorea_com_rss"],"topics":["Iz RSE sveta","Izme\u0111u redova","Mozaik \u017eivota","Multimedija","Perspektiva","Srbija","Uvid","Video","Zaviri ispod povr\u0161ine"],"types":[["","All types"],["audio","Audio"],["video","Videos"],["clips","Clips"],["media","Media"]]},"has_next":true,"has_prev":true,"items":[{"article_body_paragraphs":[],"audio_source_url":null,"author":"Radio Farda","available_dubs":[],"downloadable_assets":["https://rfe-video-ns.akamaized.net/pangeavideo/2026/07/d/d0/d089f983-e770-40d4-3304-08decd1f5434_1080p.mp4?cb=ee1fa841a"],"duration_display":"1:00","duration_seconds":60.92,"embed_url":null,"id":1119,"image_caption":null,"image_url":"https://gdb.rferl.org/5d658458-a0f7-48fc-1b60-08decd1d5d42_mw2048_mh2048_n.jpg","is_clip":true,"item_type":"video","item_type_label":"Video","language_label":"Serbo-Croatian","media_credit":"RFE","micro_label":"Video report","micro_label_kind":"video","network_label":"RFE/RL","network_logo_url":"/static/uploads/direct_network_logos/rfe_rl_e69d397fdd7d.png","published_at":"2026-07-28T11:06:02.740000","published_at_display":"28 Jul 2026, 11:06 GMT","sequence_badge_label":null,"sequence_count":null,"sequence_count_label":null,"sequence_frames":[],"sequence_kind":null,"source_name":"slobodnaevropa_org_direct","source_name_label":"Slobodnaevropa","source_type":"direct_api","summary":"Snimci objavljeni na dru\u0161tvenim mre\u017eama navodno prikazuju demonstrante okupljene u iranskom gradu Isfahanu, 28. jula, zbog pogubljenja dvojice mu\u0161karaca. U strahu od novih pogubljenja, demonstranti su se okupili uprkos jakom prisustvu policije. Iran poslednjih godina pove\u0107ava broj izvr\u0161enih smrtnih kazni.","title":"Protest u Iranu zbog smrtnih kazni u Isfahanu","topic":"Iz RSE sveta","translation_language":"","url":"https://rfe-video-ns.akamaized.net/pangeavideo/2026/07/d/d0/d089f983-e770-40d4-3304-08decd1f5434_1080p.mp4?cb=ee1fa841a","video_url":"https://rfe-video-ns.akamaized.net/pangeavideo/2026/07/d/d0/d089f983-e770-40d4-3304-08decd1f5434_1080p.mp4?cb=ee1fa841a"},{"article_body_paragraphs":[],"audio_source_url":null,"author":null,"available_dubs":[],"downloadable_assets":["https://rfe-video-ns.akamaized.net/pangeavideo/2026/07/c/c5/c54239eb-7a20-4d43-8087-08decad17715_1080p.mp4?cb=ee1f7e9c6"],"duration_display":"27:01","duration_seconds":1621.89,"embed_url":null,"id":1120,"image_caption":null,"image_url":"https://gdb.rferl.org/b072c07c-67db-4b7a-8086-08decad17715_mw2048_mh2048_n.jpg","is_clip":false,"item_type":"video","item_type_label":"Video","language_label":"Serbo-Croatian","media_credit":"RFE","micro_label":"Video report","micro_label_kind":"video","network_label":"RFE/RL","network_logo_url":"/static/uploads/direct_network_logos/rfe_rl_e69d397fdd7d.png","published_at":"2026-07-26T11:43:02.077000","published_at_display":"26 Jul 2026, 11:43 GMT","sequence_badge_label":null,"sequence_count":null,"sequence_count_label":null,"sequence_frames":[],"sequence_kind":null,"source_name":"slobodnaevropa_org_direct","source_name_label":"Slobodnaevropa","source_type":"direct_api","summary":"Specijalno izdanje serijala Perspektiva iz Novog Pazara posve\u0107eno je studentskom pokretu u Srbiji. Kroz razgovor mladih i starijih otvaramo pitanja cijene slobode i pravde, odgovornosti, uloge medija i posljedica koje mogu uslijediti kada ljudi javno stanu iza svojih uvjerenja.","title":"Perspektiva specijal u Novom Pazaru: Cijena slobode","topic":"Perspektiva","translation_language":"","url":"https://rfe-video-ns.akamaized.net/pangeavideo/2026/07/c/c5/c54239eb-7a20-4d43-8087-08decad17715_1080p.mp4?cb=ee1f7e9c6","video_url":"https://rfe-video-ns.akamaized.net/pangeavideo/2026/07/c/c5/c54239eb-7a20-4d43-8087-08decad17715_1080p.mp4?cb=ee1f7e9c6"},{"article_body_paragraphs":[],"audio_source_url":null,"author":"Fereshteh Ghazi, Radio Farda","available_dubs":[],"downloadable_assets":["https://rfe-video-ns.akamaized.net/pangeavideo/2026/07/e/ec/ec2bc0bf-515b-4348-1ae7-08decd1d5d42_1080p.mp4?cb=ee1f6d188"],"duration_display":"2:07","duration_seconds":127.08,"embed_url":null,"id":1121,"image_caption":null,"image_url":"https://gdb.rferl.org/cc27299a-01f4-47ce-8078-08decad17715_mw2048_mh2048_n.jpg","is_clip":true,"item_type":"video","item_type_label":"Video","language_label":"Serbo-Croatian","media_credit":"RFE","micro_label":"Video report","micro_label_kind":"video","network_label":"RFE/RL","network_logo_url":"/static/uploads/direct_network_logos/rfe_rl_e69d397fdd7d.png","published_at":"2026-07-25T15:28:10.890000","published_at_display":"25 Jul 2026, 15:28 GMT","sequence_badge_label":null,"sequence_count":null,"sequence_count_label":null,"sequence_frames":[],"sequence_kind":null,"source_name":"slobodnaevropa_org_direct","source_name_label":"Slobodnaevropa","source_type":"direct_api","summary":"\u0160esnaest osoba suo\u010dava se sa optu\u017ebama u vezi sa protestima u iranskom gradu Isfahanu u januaru, tokom kojih je ubijen pukovnik iranske Revolucionarne garde. Borci za ljudska prava izra\u017eavaju zabrinutost u pogledu legitimnosti ovog slu\u010daja, uklju\u010duju\u0107i i optu\u017ebe protiv dvije mlade sestre bliznakinje, dvadesetogodi\u0161njih Tarane i Romine Rahimi. Izvori u Iranu izjavili su za Radio Farda da su vlasti koristile torturu kako bi izvukle priznanja od optu\u017eenih, te postoji zabrinutost da bi se mogli suo\u010diti sa smrtnom kaznom.","title":"Iranskim sestrama, starim 20 godina, sudi se u istaknutom slu\u010daju povezanom sa januarskim protestima","topic":"Iz RSE sveta","translation_language":"","url":"https://rfe-video-ns.akamaized.net/pangeavideo/2026/07/e/ec/ec2bc0bf-515b-4348-1ae7-08decd1d5d42_1080p.mp4?cb=ee1f6d188","video_url":"https://rfe-video-ns.akamaized.net/pangeavideo/2026/07/e/ec/ec2bc0bf-515b-4348-1ae7-08decd1d5d42_1080p.mp4?cb=ee1f6d188"},{"article_body_paragraphs":[],"audio_source_url":"https://rfe-audio-ns.akamaized.net/sc/2026/07/23/df7bf053-5d08-4904-43b8-08decacf94d0_hq.mp3","author":"Lejla Omeragi\u0107 \u0106ati\u0107","available_dubs":[],"downloadable_assets":["https://rfe-audio-ns.akamaized.net/sc/2026/07/23/df7bf053-5d08-4904-43b8-08decacf94d0_hq.mp3"],"duration_display":"52:00","duration_seconds":3120.0,"embed_url":null,"id":1123,"image_caption":null,"image_url":"https://gdb.rferl.org/01000000-0aff-0242-3b82-08dc8ea87648_cx0_cy4_cw100_mw2048_mh2048_n.jpg","is_clip":false,"item_type":"audio","item_type_label":"Audio","language_label":"Serbo-Croatian","media_credit":"RFE","micro_label":"Audio program","micro_label_kind":"audio","network_label":"RFE/RL","network_logo_url":"/static/uploads/direct_network_logos/rfe_rl_e69d397fdd7d.png","published_at":"2026-07-24T10:21:08.250000","published_at_display":"24 Jul 2026, 10:21 GMT","sequence_badge_label":null,"sequence_count":null,"sequence_count_label":null,"sequence_frames":[],"sequence_kind":null,"source_name":"slobodnaevropa_org_direct","source_name_label":"Slobodnaevropa","source_type":"direct_api","summary":"Rat u Ukrajini promijenio je evropsku sigurnosnu politiku. Dr\u017eave koje su godinama imale profesionalne vojske ponovo razmatraju obavezni vojni rok, a taj trend stigao je i na Balkan. U ovoj epizodi istra\u017eujemo \u0161ta stoji iza povratka uniformi: sigurnosne potrebe, politikantstvo, nedostatak kadra ili ne\u0161to drugo. Razgovaramo s vojnim i sigurnosnim analiti\u010darima iz Bosne i Hercegovine i Srbije, ministrom odbrane Kosova, i mladi\u0107ima koji bi mogli biti prvi pozvani.","title":"\u0160ta se de\u0161ava sa slu\u017eenjem vojnog roka na Zapadnom Balkanu?","topic":"Zaviri ispod povr\u0161ine","translation_language":"","url":"https://rfe-audio-ns.akamaized.net/sc/2026/07/23/df7bf053-5d08-4904-43b8-08decacf94d0_hq.mp3","video_url":null},{"article_body_paragraphs":[],"audio_source_url":null,"author":null,"available_dubs":[],"downloadable_assets":["https://rfe-video-ns.akamaized.net/pangeavideo/2026/07/4/4d/4d50bdc5-da8f-47a2-7f89-08decad17715_1080p.mp4?cb=ee1f28f5d"],"duration_display":"2:17","duration_seconds":137.04,"embed_url":null,"id":232,"image_caption":null,"image_url":"https://gdb.rferl.org/43c04495-95f4-472b-5ab4-08decd277110_mw2048_mh2048_n.jpg","is_clip":true,"item_type":"video","item_type_label":"Video","language_label":"Serbo-Croatian","media_credit":"RFE","micro_label":"Video report","micro_label_kind":"video","network_label":"RFE/RL","network_logo_url":"/static/uploads/direct_network_logos/rfe_rl_e69d397fdd7d.png","published_at":"2026-07-22T10:15:57.563000","published_at_display":"22 Jul 2026, 10:15 GMT","sequence_badge_label":null,"sequence_count":null,"sequence_count_label":null,"sequence_frames":[],"sequence_kind":null,"source_name":"slobodnaevropa_org_direct","source_name_label":"Slobodnaevropa","source_type":"direct_api","summary":"Rusija se suo\u010dava s ozbiljnim nesta\u0161icama goriva kao posljedicom ukrajinskih napada na njenu energetsku infrastrukturu, \u0161to je dovelo do visokih cijena i dugih redova na benzinskim pumpama.","title":"Zemlje Centralne Azije suo\u010davaju se s nesta\u0161icama goriva zbog pada ruskog izvoza nafte","topic":"Iz RSE sveta","translation_language":"","url":"https://rfe-video-ns.akamaized.net/pangeavideo/2026/07/4/4d/4d50bdc5-da8f-47a2-7f89-08decad17715_1080p.mp4?cb=ee1f28f5d","video_url":"https://rfe-video-ns.akamaized.net/pangeavideo/2026/07/4/4d/4d50bdc5-da8f-47a2-7f89-08decad17715_1080p.mp4?cb=ee1f28f5d"},{"article_body_paragraphs":[],"audio_source_url":null,"author":"Katarina Vojnovi\u0107","available_dubs":[],"downloadable_assets":["https://rfe-video-ns.akamaized.net/pangeavideo/2026/07/9/98/987d8039-9273-4d5f-31bb-08decd1f5434_1080p.mp4?cb=ee1f1bac5"],"duration_display":"2:05","duration_seconds":125.72,"embed_url":null,"id":233,"image_caption":null,"image_url":"https://gdb.rferl.org/e7a69faf-5c7d-457e-31b1-08decd1f5434_mw2048_mh2048_n.jpg","is_clip":true,"item_type":"video","item_type_label":"Video","language_label":"Serbo-Croatian","media_credit":"RFE","micro_label":"Video report","micro_label_kind":"video","network_label":"RFE/RL","network_logo_url":"/static/uploads/direct_network_logos/rfe_rl_e69d397fdd7d.png","published_at":"2026-07-21T17:33:58.080000","published_at_display":"21 Jul 2026, 17:33 GMT","sequence_badge_label":null,"sequence_count":null,"sequence_count_label":null,"sequence_frames":[],"sequence_kind":null,"source_name":"slobodnaevropa_org_direct","source_name_label":"Slobodnaevropa","source_type":"direct_api","summary":"Satelitski snimci pokazuju da Iran ubrzava radove na tajnovitoj lokaciji povezanoj s nuklearnim programom, duboko ispod planine Kuh-e Kolang, poznate kao Planina Pijuk (Pickaxe Mountain). Obave\u0161tajne slu\u017ebe sumnjaju da Iran tamo poku\u0161ava da izgradi tajno postrojenje za oboga\u0107ivanje uranijuma. \u0160ta se zna o jednom od najutvr\u0111enijih objekata u Iranu, koji je dospeo na radar predsednika SAD Donalda Trampa?","title":"\u0160ta je 'Pijuk planina', misteriozni iranski nuklearni kompleks na meti Trumpovih pretnji?","topic":"Iz RSE sveta","translation_language":"","url":"https://rfe-video-ns.akamaized.net/pangeavideo/2026/07/9/98/987d8039-9273-4d5f-31bb-08decd1f5434_1080p.mp4?cb=ee1f1bac5","video_url":"https://rfe-video-ns.akamaized.net/pangeavideo/2026/07/9/98/987d8039-9273-4d5f-31bb-08decd1f5434_1080p.mp4?cb=ee1f1bac5"},{"article_body_paragraphs":[],"audio_source_url":null,"author":"Radio Farda","available_dubs":[],"downloadable_assets":["https://rfe-video-ns.akamaized.net/pangeavideo/2026/07/a/a1/a1edaef1-82d8-4c5f-19e8-08decd1d5d42_1080p.mp4?cb=ee1f04f5f"],"duration_display":"1:24","duration_seconds":84.41,"embed_url":null,"id":234,"image_caption":null,"image_url":"https://gdb.rferl.org/2dda514d-a861-4b24-19e3-08decd1d5d42_mw2048_mh2048_n.jpg","is_clip":true,"item_type":"video","item_type_label":"Video","language_label":"Serbo-Croatian","media_credit":"RFE","micro_label":"Video report","micro_label_kind":"video","network_label":"RFE/RL","network_logo_url":"/static/uploads/direct_network_logos/rfe_rl_e69d397fdd7d.png","published_at":"2026-07-20T17:18:23.873000","published_at_display":"20 Jul 2026, 17:18 GMT","sequence_badge_label":null,"sequence_count":null,"sequence_count_label":null,"sequence_frames":[],"sequence_kind":null,"source_name":"slobodnaevropa_org_direct","source_name_label":"Slobodnaevropa","source_type":"direct_api","summary":"Jo\u0161 jedna peva\u010dica u Iranu osu\u0111ena je na 74 udarca bi\u010dem, nakon \u0161to je podelila video u kojem nastupa bez marame. Andergraund peva\u010dica iz Teherana, koja se predstavlja pod imenom Anita Popist, rekla je da je osu\u0111ena zbog \"kr\u0161enja javne pristojnosti\". Iran preduzima mere protiv muzi\u010darki koje nastupaju solo u javnosti i kr\u0161e strogi kodeks obla\u010denja. Ta presuda je doneta mesec dana nakon \u0161to je peva\u010dica Parastu Ahmadi osu\u0111ena na istu kaznu.","title":"Jo\u0161 jedna muzi\u010darka u Iranu osu\u0111ena na 74 udarca bi\u010dem","topic":"Iz RSE sveta","translation_language":"","url":"https://rfe-video-ns.akamaized.net/pangeavideo/2026/07/a/a1/a1edaef1-82d8-4c5f-19e8-08decd1d5d42_1080p.mp4?cb=ee1f04f5f","video_url":"https://rfe-video-ns.akamaized.net/pangeavideo/2026/07/a/a1/a1edaef1-82d8-4c5f-19e8-08decd1d5d42_1080p.mp4?cb=ee1f04f5f"},{"article_body_paragraphs":[],"audio_source_url":null,"author":null,"available_dubs":[],"downloadable_assets":["https://rfe-video-ns.akamaized.net/pangeavideo/2026/07/f/fa/fa6d1139-84bd-4e79-42d4-08decacf94d0_1080p.mp4?cb=ee1f038b8"],"duration_display":"1:06","duration_seconds":66.53,"embed_url":null,"id":235,"image_caption":null,"image_url":"https://gdb.rferl.org/dcc7326a-e87f-4515-315f-08decd1f5434_mw2048_mh2048_n.jpg","is_clip":true,"item_type":"video","item_type_label":"Video","language_label":"Serbo-Croatian","media_credit":"RFE","micro_label":"Video report","micro_label_kind":"video","network_label":"RFE/RL","network_logo_url":"/static/uploads/direct_network_logos/rfe_rl_e69d397fdd7d.png","published_at":"2026-07-20T15:06:09.977000","published_at_display":"20 Jul 2026, 15:06 GMT","sequence_badge_label":null,"sequence_count":null,"sequence_count_label":null,"sequence_frames":[],"sequence_kind":null,"source_name":"slobodnaevropa_org_direct","source_name_label":"Slobodnaevropa","source_type":"direct_api","summary":"Vi\u0161e od 400 ukrajinskih dronova navodno je ciljalo moskovsku regiju u no\u0107nom napadu izme\u0111u 19. i 20. jula. Napadi su navodno pogodili skladi\u0161te nafte i velike logisti\u010dke objekte, \u0161to je izazvalo po\u017eare na nekoliko postrojenja u blizini Moskve.","title":"Ukrajina lansirala 400 dronova na moskovsku regiju u no\u0107nom napadu","topic":"Iz RSE sveta","translation_language":"","url":"https://rfe-video-ns.akamaized.net/pangeavideo/2026/07/f/fa/fa6d1139-84bd-4e79-42d4-08decacf94d0_1080p.mp4?cb=ee1f038b8","video_url":"https://rfe-video-ns.akamaized.net/pangeavideo/2026/07/f/fa/fa6d1139-84bd-4e79-42d4-08decacf94d0_1080p.mp4?cb=ee1f038b8"},{"article_body_paragraphs":[],"audio_source_url":null,"author":null,"available_dubs":[],"downloadable_assets":["https://rfe-video-ns.akamaized.net/pangeavideo/2026/07/4/43/4397a925-7314-4f39-42af-08decacf94d0_1080p.mp4?cb=ee1eeb3b7"],"duration_display":"26:32","duration_seconds":1592.17,"embed_url":null,"id":236,"image_caption":null,"image_url":"https://gdb.rferl.org/01000000-c0a8-0242-2db7-08dbe903ba25_cx0_cy5_cw0_mw2048_mh2048_n.png","is_clip":false,"item_type":"video","item_type_label":"Video","language_label":"Serbo-Croatian","media_credit":"RFE","micro_label":"Video report","micro_label_kind":"video","network_label":"RFE/RL","network_logo_url":"/static/uploads/direct_network_logos/rfe_rl_e69d397fdd7d.png","published_at":"2026-07-19T12:01:59.410000","published_at_display":"19 Jul 2026, 12:01 GMT","sequence_badge_label":null,"sequence_count":null,"sequence_count_label":null,"sequence_frames":[],"sequence_kind":null,"source_name":"slobodnaevropa_org_direct","source_name_label":"Slobodnaevropa","source_type":"direct_api","summary":"U Perspektivi iz Novog Pazara razgovaramo o mladima koji su odlu\u010dili preuzeti odgovornost za dru\u0161tvo u kojem \u017eive. Njihove pri\u010de govore o strahu, solidarnosti, nadi i osje\u0107aju da nisu sami: \"Najvrednije \u0161to ova generacija brani je smisao za zajedni\u0161tvo, svoju budu\u0107nost i svoju zemlju.\"","title":"Perspektiva specijal u Novom Pazaru: 'Ova generacija brani smisao za zajedni\u0161tvo'","topic":"Perspektiva","translation_language":"","url":"https://rfe-video-ns.akamaized.net/pangeavideo/2026/07/4/43/4397a925-7314-4f39-42af-08decacf94d0_1080p.mp4?cb=ee1eeb3b7","video_url":"https://rfe-video-ns.akamaized.net/pangeavideo/2026/07/4/43/4397a925-7314-4f39-42af-08decacf94d0_1080p.mp4?cb=ee1eeb3b7"},{"article_body_paragraphs":[],"audio_source_url":null,"author":"Kunduz Kyzylzharova, Azattyq Asia","available_dubs":[],"downloadable_assets":["https://rfe-video-ns.akamaized.net/pangeavideo/2026/07/8/8b/8b1ec394-23dc-4b7e-7e0e-08decad17715_1080p.mp4?cb=ee1ee7af8"],"duration_display":"2:59","duration_seconds":179.0,"embed_url":null,"id":237,"image_caption":null,"image_url":"https://gdb.rferl.org/08090000-0a00-0242-f0d3-08da52c56f14_mw2048_mh2048_n.jpg","is_clip":true,"item_type":"video","item_type_label":"Video","language_label":"Serbo-Croatian","media_credit":"RFE","micro_label":"Video report","micro_label_kind":"video","network_label":"RFE/RL","network_logo_url":"/static/uploads/direct_network_logos/rfe_rl_e69d397fdd7d.png","published_at":"2026-07-19T07:59:52.267000","published_at_display":"19 Jul 2026, 07:59 GMT","sequence_badge_label":null,"sequence_count":null,"sequence_count_label":null,"sequence_frames":[],"sequence_kind":null,"source_name":"slobodnaevropa_org_direct","source_name_label":"Slobodnaevropa","source_type":"direct_api","summary":"U Kirgistanu je poligamija zabranjena zakonom, ali je u pojedinim zajednicama i dalje rasprostranjena praksa da mu\u0161karci imaju vi\u0161e supruga. Nodira, majka petoro dece, ka\u017ee da se njen mu\u017e o\u017eenio drugi put bez njenog pristanka i da sada poku\u0161ava da je izbaci iz porodi\u010dne ku\u0107e. Iako zakon zabranjuje poligamiju, verski lideri u nekim sredinama i dalje obavljaju takve brakove, koji u\u017eivaju dru\u0161tveno prihvatanje uprkos tome \u0161to nisu priznati pred dr\u017eavom. (Kunduz Kyzylzharova, Azattyq Asia)","title":"U Kirgistanu je poligamija nezakonita, ali su nezvani\u010dni drugi brakovi \u010desta pojava","topic":"Iz RSE sveta","translation_language":"","url":"https://rfe-video-ns.akamaized.net/pangeavideo/2026/07/8/8b/8b1ec394-23dc-4b7e-7e0e-08decad17715_1080p.mp4?cb=ee1ee7af8","video_url":"https://rfe-video-ns.akamaized.net/pangeavideo/2026/07/8/8b/8b1ec394-23dc-4b7e-7e0e-08decad17715_1080p.mp4?cb=ee1ee7af8"},{"article_body_paragraphs":[],"audio_source_url":"https://rfe-audio-ns.akamaized.net/sc/2026/07/16/8c0209ee-7d0f-46bc-7e62-08decad17715_hq.mp3","author":"Lejla Omeragi\u0107 \u0106ati\u0107","available_dubs":[],"downloadable_assets":["https://rfe-audio-ns.akamaized.net/sc/2026/07/16/8c0209ee-7d0f-46bc-7e62-08decad17715_hq.mp3"],"duration_display":"27:00","duration_seconds":1620.0,"embed_url":null,"id":238,"image_caption":null,"image_url":"https://gdb.rferl.org/966075dc-3ebb-4946-191d-08decd1d5d42_mw2048_mh2048_n.jpeg","is_clip":false,"item_type":"audio","item_type_label":"Audio","language_label":"Serbo-Croatian","media_credit":"RFE","micro_label":"Audio program","micro_label_kind":"audio","network_label":"RFE/RL","network_logo_url":"/static/uploads/direct_network_logos/rfe_rl_e69d397fdd7d.png","published_at":"2026-07-17T05:28:46.450000","published_at_display":"17 Jul 2026, 05:28 GMT","sequence_badge_label":null,"sequence_count":null,"sequence_count_label":null,"sequence_frames":[],"sequence_kind":null,"source_name":"slobodnaevropa_org_direct","source_name_label":"Slobodnaevropa","source_type":"direct_api","summary":"Zbog \u010dega policija u pola tri ujutro kuca gra\u0111anima na vrata, cijepa zastave s ljiljanima i pi\u0161e prekr\u0161ajne prijave koje ni prema jednom zakonu uop\u0161te nisu zabranjene? U ovoj epizodi pri\u010damo o hitnim izmjenama Krivi\u010dnog zakonika entiteta RS, kojima se obilje\u017eja Armije RBiH izjedna\u010davaju s usta\u0161kim simbolima. Sa stru\u010dnjacima za ustavno pravo i istoriju razgovaramo o heraldici, pravnom paradoksu, predizbornim motivima, te mogu\u0107im posljedicama koje ovakvi politi\u010dki \"performansi\" proizvode.","title":"Od kralja Tvrtka do Krivi\u010dnog zakona: 'Ljiljani pred sudom' u BiH","topic":"Zaviri ispod povr\u0161ine","translation_language":"","url":"https://rfe-audio-ns.akamaized.net/sc/2026/07/16/8c0209ee-7d0f-46bc-7e62-08decad17715_hq.mp3","video_url":null},{"article_body_paragraphs":[],"audio_source_url":null,"author":"Current Time","available_dubs":[],"downloadable_assets":["https://rfe-video-ns.akamaized.net/pangeavideo/2026/07/a/ac/ac2f37d0-e7b6-4c10-7e94-08decad17715_1080p.mp4?cb=ee1eaff32"],"duration_display":"2:12","duration_seconds":132.45,"embed_url":null,"id":239,"image_caption":null,"image_url":"https://gdb.rferl.org/6a284b37-92c6-42e0-1651-08decad58b60_mw2048_mh2048_n.jpg","is_clip":true,"item_type":"video","item_type_label":"Video","language_label":"Serbo-Croatian","media_credit":"RFE","micro_label":"Video report","micro_label_kind":"video","network_label":"RFE/RL","network_logo_url":"/static/uploads/direct_network_logos/rfe_rl_e69d397fdd7d.png","published_at":"2026-07-16T15:18:13.203000","published_at_display":"16 Jul 2026, 15:18 GMT","sequence_badge_label":null,"sequence_count":null,"sequence_count_label":null,"sequence_frames":[],"sequence_kind":null,"source_name":"slobodnaevropa_org_direct","source_name_label":"Slobodnaevropa","source_type":"direct_api","summary":"Sve vec\u0301a nesta\u0161ica goriva izaziva frustraciju \u0161irom Rusije, a video snimci na dru\u0161tvenim mre\u017eama redovno prikazuju tu\u010de na benzinskim pumpama i voza\u010de koji zahtevaju odgovore od vlasti. Nesta\u0161ice se javljaju u vreme kada ukrajinski napadi dronova sve vi\u0161e ciljaju ruske rafinerije nafte i gorivnu infrastrukturu. Kremlj tvrdi da je energetski sistem zemlje i dalje otporan.","title":"Nesta\u0161ica goriva u Rusiji izaziva sukobe i bes","topic":"Iz RSE sveta","translation_language":"","url":"https://rfe-video-ns.akamaized.net/pangeavideo/2026/07/a/ac/ac2f37d0-e7b6-4c10-7e94-08decad17715_1080p.mp4?cb=ee1eaff32","video_url":"https://rfe-video-ns.akamaized.net/pangeavideo/2026/07/a/ac/ac2f37d0-e7b6-4c10-7e94-08decad17715_1080p.mp4?cb=ee1eaff32"},{"article_body_paragraphs":[],"audio_source_url":null,"author":"Radio Farda, Will Tizard","available_dubs":[],"downloadable_assets":["https://rfe-video-ns.akamaized.net/pangeavideo/2026/07/f/fe/fedaff3d-ad63-4df3-18de-08decd1d5d42_1080p.mp4?cb=ee1e9bf2e"],"duration_display":"0:53","duration_seconds":53.16,"embed_url":null,"id":240,"image_caption":null,"image_url":"https://gdb.rferl.org/8dc030a3-7225-4753-41fa-08decacf94d0_mw2048_mh2048_n.jpg","is_clip":true,"item_type":"video","item_type_label":"Video","language_label":"Serbo-Croatian","media_credit":"RFE","micro_label":"Video report","micro_label_kind":"video","network_label":"RFE/RL","network_logo_url":"/static/uploads/direct_network_logos/rfe_rl_e69d397fdd7d.png","published_at":"2026-07-15T17:49:34.350000","published_at_display":"15 Jul 2026, 17:49 GMT","sequence_badge_label":null,"sequence_count":null,"sequence_count_label":null,"sequence_frames":[],"sequence_kind":null,"source_name":"slobodnaevropa_org_direct","source_name_label":"Slobodnaevropa","source_type":"direct_api","summary":"Nova serija ameri\u010dkih udara \u0161irom Irana pogodila je desetine vojnih ciljeva u podru\u010djima blizu Ormuskog moreuza, uklju\u010duju\u0107i skladi\u0161ta i lansirne polo\u017eaje projektila na ostrvu Veliki Tunb, saop\u0161tili su zapadni vojni zvani\u010dnici. Centralna komanda ameri\u010dke vojske objavila je snimke za koje tvrdi da prikazuju vazdu\u0161ne napade usmerene na iranske lokacije za bespilotne letelice, kao i na vojne i komunikacione objekte.","title":"Ameri\u010dki napadi usmereni na iranske luke, pomorska blokada se nastavlja","topic":"Iz RSE sveta","translation_language":"","url":"https://rfe-video-ns.akamaized.net/pangeavideo/2026/07/f/fe/fedaff3d-ad63-4df3-18de-08decd1d5d42_1080p.mp4?cb=ee1e9bf2e","video_url":"https://rfe-video-ns.akamaized.net/pangeavideo/2026/07/f/fe/fedaff3d-ad63-4df3-18de-08decd1d5d42_1080p.mp4?cb=ee1e9bf2e"},{"article_body_paragraphs":[],"audio_source_url":null,"author":"Milo\u0161 Teodorovi\u0107, Sini\u0161a Nenadi\u0107","available_dubs":[],"downloadable_assets":["https://rfe-video-ns.akamaized.net/pangeavideo/2026/07/4/4f/4fe18a7a-49da-44b0-41f2-08decacf94d0_1080p.mp4?cb=ee1e9a45a"],"duration_display":"32:09","duration_seconds":1929.96,"embed_url":null,"id":241,"image_caption":null,"image_url":"https://gdb.rferl.org/c0503876-71c9-4088-15ff-08decad58b60_mw2048_mh2048_n.jpg","is_clip":false,"item_type":"video","item_type_label":"Video","language_label":"Serbo-Croatian","media_credit":"RFE","micro_label":"Video report","micro_label_kind":"video","network_label":"RFE/RL","network_logo_url":"/static/uploads/direct_network_logos/rfe_rl_e69d397fdd7d.png","published_at":"2026-07-15T13:07:41.070000","published_at_display":"15 Jul 2026, 13:07 GMT","sequence_badge_label":null,"sequence_count":null,"sequence_count_label":null,"sequence_frames":[],"sequence_kind":null,"source_name":"slobodnaevropa_org_direct","source_name_label":"Slobodnaevropa","source_type":"direct_api","summary":"Ta\u010dan obim izvoza oru\u017eja iz Srbije u Izrael nije zvani\u010dno poznat, ali teretni avioni saobra\u0107aju izme\u0111u Tel Aviva i Beograda. Kobi Majkl iz Instituta za studije nacionalne bezbednosti u Tel Avivu ka\u017ee da je Srbija pomogla Izraelu da prevazi\u0111e \"krizu nesta\u0161ice naoru\u017eanja\" sa kojom se suo\u010dio nakon napada Hamasa u oktobru 2023. godine. U \"Uvidu\" se izme\u0111u ostalog, govori i o tome: za\u0161to je srpski \u010dlan Predsedni\u0161tva Bosne i Hercegovine u Jerusalimu do\u010dekan sa zastavom entiteta, a ne dr\u017eavnom zastavom; kako Izrael gleda na bliske veze Srbije sa Iranom; za\u0161to se saradnja sa Izraelom u Albaniji smatra izrazom lojalnosti Sjedinjenim Ameri\u010dkim Dr\u017eavama; i kako je Izrael izazvao politi\u010dku krizu u Sloveniji. Sagovornici: Kobi Majkl, Institut za studije nacionalne bezbednosti (Tel Aviv); Roland Bimo, biv\u0161i ambasador Albanije u SAD (Tirana); Luka Lisjak Gabrijel\u010di\u010d, istori\u010dar (Ljubljana); Du\u0161ko Lopandi\u0107, Evropski pokret u Srbiji (Beograd); Vedran Obu\u0107ina, Centar za me\u0111ureligijski dijalog (Rijeka).","title":"Kakve interese Izrael ima na Balkanu?","topic":"Uvid","translation_language":"","url":"https://rfe-video-ns.akamaized.net/pangeavideo/2026/07/4/4f/4fe18a7a-49da-44b0-41f2-08decacf94d0_1080p.mp4?cb=ee1e9a45a","video_url":"https://rfe-video-ns.akamaized.net/pangeavideo/2026/07/4/4f/4fe18a7a-49da-44b0-41f2-08decacf94d0_1080p.mp4?cb=ee1e9a45a"},{"article_body_paragraphs":[],"audio_source_url":null,"author":"Radio Farda","available_dubs":[],"downloadable_assets":["https://rfe-video-ns.akamaized.net/pangeavideo/2026/07/d/d9/d957b4c2-274f-4a85-15c9-08decad58b60_1080p.mp4?cb=ee1e82e5f"],"duration_display":"1:08","duration_seconds":68.45,"embed_url":null,"id":243,"image_caption":null,"image_url":"https://gdb.rferl.org/519f399c-e05e-4f87-b007-b4b365a986f7_mw2048_mh2048_n.jpg","is_clip":true,"item_type":"video","item_type_label":"Video","language_label":"Serbo-Croatian","media_credit":"RFE","micro_label":"Video report","micro_label_kind":"video","network_label":"RFE/RL","network_logo_url":"/static/uploads/direct_network_logos/rfe_rl_e69d397fdd7d.png","published_at":"2026-07-14T12:58:56.987000","published_at_display":"14 Jul 2026, 12:58 GMT","sequence_badge_label":null,"sequence_count":null,"sequence_count_label":null,"sequence_frames":[],"sequence_kind":null,"source_name":"slobodnaevropa_org_direct","source_name_label":"Slobodnaevropa","source_type":"direct_api","summary":"Pored novih ameri\u010dkih napada na Iran tokom no\u0107i, ameri\u010dka Centralna komanda (CENTCOM) saop\u0161tila je da su njene snage pomorskim dronovima ga\u0111ale postrojenje za odr\u017eavanje podmornica i brodova u Bandar Abasu, \u0161to predstavlja presedan u upotrebi ameri\u010dke vojne tehnologije. Navodno su tri pomorska drona pogodila mornari\u010dku bazu u luci. Iran istovremeno tvrdi da su pogo\u0111ena najmanje dva trgova\u010dka broda u Ormuskom moreuzu.","title":"SAD koriste pomorske dronove dok se sukobi u Ormuskom moreuzu poja\u010davaju","topic":"Iz RSE sveta","translation_language":"","url":"https://rfe-video-ns.akamaized.net/pangeavideo/2026/07/d/d9/d957b4c2-274f-4a85-15c9-08decad58b60_1080p.mp4?cb=ee1e82e5f","video_url":"https://rfe-video-ns.akamaized.net/pangeavideo/2026/07/d/d9/d957b4c2-274f-4a85-15c9-08decad58b60_1080p.mp4?cb=ee1e82e5f"},{"article_body_paragraphs":[],"audio_source_url":null,"author":"Alex Raufoglu, Margot Buff","available_dubs":[],"downloadable_assets":["https://rfe-video-ns.akamaized.net/pangeavideo/2026/07/e/ec/ec811cb6-846a-4e89-1880-08decd1d5d42_1080p.mp4?cb=ee1e81b6e"],"duration_display":"2:23","duration_seconds":143.01,"embed_url":null,"id":244,"image_caption":null,"image_url":"https://gdb.rferl.org/119102a5-92a3-494e-5f0c-08decd277110_mw2048_mh2048_n.jpg","is_clip":true,"item_type":"video","item_type_label":"Video","language_label":"Serbo-Croatian","media_credit":"RFE","micro_label":"Video report","micro_label_kind":"video","network_label":"RFE/RL","network_logo_url":"/static/uploads/direct_network_logos/rfe_rl_e69d397fdd7d.png","published_at":"2026-07-14T11:30:22.177000","published_at_display":"14 Jul 2026, 11:30 GMT","sequence_badge_label":null,"sequence_count":null,"sequence_count_label":null,"sequence_frames":[],"sequence_kind":null,"source_name":"slobodnaevropa_org_direct","source_name_label":"Slobodnaevropa","source_type":"direct_api","summary":"Ameri\u010dki predsednik Donald Trump izjavio je da Sjedinjene Dr\u017eave nameravaju da blokiraju iranske brodove u Ormuskom moreuzu i naplac\u0301uju naknade od brodskog saobrac\u0301aja drugih zemalja kao nadoknadu. Izjava je usledila nakon novog talasa ameri\u010dkih i iranskih vazdu\u0161nih udara u regionu 12. i 13. jula. U intervjuu za RSE, Tim Dejvis, biv\u0161i ameri\u010dki ambasador u Kataru, rekao je da bi takav aran\u017eman bio te\u0161ko odr\u017eati na du\u017ei rok i da bi bio neodr\u017eiv za ameri\u010dke saveznike u regionu Zaliva.","title":"Trump ka\u017ee da c\u0301e SAD kontrolisati Ormuski moreuz i naplac\u0301ivati 20 odsto takse za isporuku","topic":"Iz RSE sveta","translation_language":"","url":"https://rfe-video-ns.akamaized.net/pangeavideo/2026/07/e/ec/ec811cb6-846a-4e89-1880-08decd1d5d42_1080p.mp4?cb=ee1e81b6e","video_url":"https://rfe-video-ns.akamaized.net/pangeavideo/2026/07/e/ec/ec811cb6-846a-4e89-1880-08decd1d5d42_1080p.mp4?cb=ee1e81b6e"},{"article_body_paragraphs":[],"audio_source_url":null,"author":"Iva Martinovi\u0107","available_dubs":[],"downloadable_assets":["https://rfe-video-ns.akamaized.net/pangeavideo/2026/07/3/3f/3f36c359-db1b-476c-4140-08decacf94d0_1080p.mp4?cb=ee1e67289"],"duration_display":"4:08","duration_seconds":248.0,"embed_url":null,"id":248,"image_caption":null,"image_url":"https://gdb.rferl.org/0463b56e-9791-44e5-1820-08decd1d5d42_cx18_cy5_cw81_mw2048_mh2048_n.jpg","is_clip":true,"item_type":"video","item_type_label":"Video","language_label":"Serbo-Croatian","media_credit":"RFE","micro_label":"Video report","micro_label_kind":"video","network_label":"RFE/RL","network_logo_url":"/static/uploads/direct_network_logos/rfe_rl_e69d397fdd7d.png","published_at":"2026-07-13T05:29:33.900000","published_at_display":"13 Jul 2026, 05:29 GMT","sequence_badge_label":null,"sequence_count":null,"sequence_count_label":null,"sequence_frames":[],"sequence_kind":null,"source_name":"slobodnaevropa_org_direct","source_name_label":"Slobodnaevropa","source_type":"direct_api","summary":"Tri meseca nakon pogibije kineskog radnika na gradili\u0161tu novog mosta preko Save u Beogradu, radovi su nastavljeni, a epiloga o uzrocima i odgovornosti za nesre\u0107u nema. Radnik je stradao 7. aprila kada je ispao iz korpe, nakon \u0161to se kran nakrivio i obru\u0161io pod teretom. Novi most je jedan u nizu projekata koji Beograd gradi sa Pekingom, a svi ugovori sa kineskim partnerima su tajni. (snimatelj: Slaven Milju\u0161, monta\u017ea: Ana Toader)","title":"Most u Beogradu se gradi, istraga o pogibiji radnika iz Kine stoji","topic":"Srbija","translation_language":"","url":"https://rfe-video-ns.akamaized.net/pangeavideo/2026/07/3/3f/3f36c359-db1b-476c-4140-08decacf94d0_1080p.mp4?cb=ee1e67289","video_url":"https://rfe-video-ns.akamaized.net/pangeavideo/2026/07/3/3f/3f36c359-db1b-476c-4140-08decacf94d0_1080p.mp4?cb=ee1e67289"},{"article_body_paragraphs":[],"audio_source_url":null,"author":null,"available_dubs":[],"downloadable_assets":["https://rfe-video-ns.akamaized.net/pangeavideo/2026/07/0/01/01e25bec-2587-40f7-5f11-08decd277110_1080p.mp4?cb=ee1e7ea88"],"duration_display":"25:55","duration_seconds":1555.41,"embed_url":null,"id":245,"image_caption":null,"image_url":"https://gdb.rferl.org/5c978b56-c5cb-4813-948f-08ddfa9b85de_mw2048_mh2048_n.jpg","is_clip":false,"item_type":"video","item_type_label":"Video","language_label":"Serbo-Croatian","media_credit":"RFE","micro_label":"Video report","micro_label_kind":"video","network_label":"RFE/RL","network_logo_url":"/static/uploads/direct_network_logos/rfe_rl_e69d397fdd7d.png","published_at":"2026-07-12T11:54:29.963000","published_at_display":"12 Jul 2026, 11:54 GMT","sequence_badge_label":null,"sequence_count":null,"sequence_count_label":null,"sequence_frames":[],"sequence_kind":null,"source_name":"slobodnaevropa_org_direct","source_name_label":"Slobodnaevropa","source_type":"direct_api","summary":"U specijalnom izdanju Perspektive iz Novog Pazara razgovaramo s mladima, generacijom koja je odbila da \u0107uti i postala glas promjena u Srbiji. Zajedno sa starijima koji su prepoznali njihovu borbu i pru\u017eili im podr\u0161ku otvaraju pitanja odgovornosti, demokratije i uloge mladih u dru\u0161tvu. Kako je nastao ovaj pokret i \u0161ta zna\u010di za budu\u0107nost?","title":"Perspektiva specijal u Novom Pazaru: 'Generacija koja je odbila da \u0107uti'","topic":"Perspektiva","translation_language":"","url":"https://rfe-video-ns.akamaized.net/pangeavideo/2026/07/0/01/01e25bec-2587-40f7-5f11-08decd277110_1080p.mp4?cb=ee1e7ea88","video_url":"https://rfe-video-ns.akamaized.net/pangeavideo/2026/07/0/01/01e25bec-2587-40f7-5f11-08decd277110_1080p.mp4?cb=ee1e7ea88"},{"article_body_paragraphs":[],"audio_source_url":"https://rfe-audio-ns.akamaized.net/sc/2026/07/09/c7050718-c2b7-4ed8-7d2c-08decad17715_hq.mp3","author":"Lejla Omeragi\u0107 \u0106ati\u0107","available_dubs":[],"downloadable_assets":["https://rfe-audio-ns.akamaized.net/sc/2026/07/09/c7050718-c2b7-4ed8-7d2c-08decad17715_hq.mp3"],"duration_display":"31:26","duration_seconds":1886.0,"embed_url":null,"id":249,"image_caption":null,"image_url":"https://gdb.rferl.org/248f4ef1-a4d0-4ce3-134a-08decad58b60_mw2048_mh2048_n.jpg","is_clip":false,"item_type":"audio","item_type_label":"Audio","language_label":"Serbo-Croatian","media_credit":"RFE","micro_label":"Audio program","micro_label_kind":"audio","network_label":"RFE/RL","network_logo_url":"/static/uploads/direct_network_logos/rfe_rl_e69d397fdd7d.png","published_at":"2026-07-10T10:08:57.423000","published_at_display":"10 Jul 2026, 10:08 GMT","sequence_badge_label":null,"sequence_count":null,"sequence_count_label":null,"sequence_frames":[],"sequence_kind":null,"source_name":"slobodnaevropa_org_direct","source_name_label":"Slobodnaevropa","source_type":"direct_api","summary":"Mundijal je gra\u0111anima BiH donio energiju i ponos kakvi se nisu osjetili decenijama. U ovoj epizodi slu\u0161amo mladu dijasporu koja je u BiH doputovala iz raznih krajeva svijeta, novinarske utiske iz Amerike, analizu sportske psihologinje i komentar sarajevske pijanistice s metlom u rukama. Za\u0161to red, rad, disciplinu, sistem i timski rad o\u010dekujemo od igra\u010da na terenu, a isto to ne tra\u017eimo od politi\u010dara i u sopstvenom \u017eivotu i dru\u0161tvu?","title":"'Non paper' sa Mundijala: \u0160ta su postigli reprezentacija BiH i Zmajevi?","topic":"Zaviri ispod povr\u0161ine","translation_language":"","url":"https://rfe-audio-ns.akamaized.net/sc/2026/07/09/c7050718-c2b7-4ed8-7d2c-08decad17715_hq.mp3","video_url":null},{"article_body_paragraphs":[],"audio_source_url":null,"author":"Zoriana Stepanenko, RSE","available_dubs":[],"downloadable_assets":["https://rfe-video-ns.akamaized.net/pangeavideo/2026/07/9/96/96b72bef-6b7e-47f4-40df-08decacf94d0_1080p.mp4?cb=ee1e17343"],"duration_display":"1:25","duration_seconds":85.76,"embed_url":null,"id":250,"image_caption":null,"image_url":"https://gdb.rferl.org/22d62af8-711f-47b0-40d7-08decacf94d0_mw2048_mh2048_n.jpg","is_clip":true,"item_type":"video","item_type_label":"Video","language_label":"Serbo-Croatian","media_credit":"RFE","micro_label":"Video report","micro_label_kind":"video","network_label":"RFE/RL","network_logo_url":"/static/uploads/direct_network_logos/rfe_rl_e69d397fdd7d.png","published_at":"2026-07-09T10:47:31.393000","published_at_display":"9 Jul 2026, 10:47 GMT","sequence_badge_label":null,"sequence_count":null,"sequence_count_label":null,"sequence_frames":[],"sequence_kind":null,"source_name":"slobodnaevropa_org_direct","source_name_label":"Slobodnaevropa","source_type":"direct_api","summary":"Govorec\u0301i na samitu NATO-a u Ankari, u Turskoj, predsednik SAD Donald Tramp rekao je da veruje da je Rusija spremna da postigne sporazum o okon\u010danju rata sa Ukrajinom. Dopisnica RSE Zorjana Stepanenko pitala je Trampa \u0161ta je dovelo do tog zaklju\u010dka i koje garancije bi mogle pomoc\u0301i da se osigura da Rusija vi\u0161e ne napadne Ukrajinu u buduc\u0301nosti.","title":"Na samitu NATO-a, Tramp ka\u017ee da Putin '\u017eeli da postigne dogovor'","topic":"Iz RSE sveta","translation_language":"","url":"https://rfe-video-ns.akamaized.net/pangeavideo/2026/07/9/96/96b72bef-6b7e-47f4-40df-08decacf94d0_1080p.mp4?cb=ee1e17343","video_url":"https://rfe-video-ns.akamaized.net/pangeavideo/2026/07/9/96/96b72bef-6b7e-47f4-40df-08decacf94d0_1080p.mp4?cb=ee1e17343"}],"next_num":3,"page":2,"pages":3,"per_page":20,"prev_num":1,"total":55}
