{"applied_filters":{"end_date":"","lang":"","language":"","network":"","page":2,"per_page":20,"search":"","source":"","start_date":"","topic":"Barrio Adentro","type":""},"available_filters":{"language_choices":[{"label":"Choose Language","value":""},{"label":"Espa\u00f1ol","value":"Espa\u00f1ol"}],"network_choices":[{"label":"All networks","value":""},{"label":"OCB","value":"OCB"}],"source_choices":[{"label":"All sources","value":""},{"label":"Radiotelevisionmarti","value":"radiotelevisionmarti_com_direct"}],"sources":["radiotelevisionmarti_com_direct"],"topics":["250em\u00een Salvegera Serxweb\u00fbna Amer\u00eekay\u00ea","250\u0647\u06d5\u0645\u06cc\u0646 \u0633\u0627\u06b5\u06cc\u0627\u062f\u06cc \u0633\u06d5\u0631\u0628\u06d5\u062e\u06c6\u06cc\u06cc \u0626\u06d5\u0645\u06d5\u0631\u06cc\u06a9\u0627","8 \u10e4\u10dd\u10e2\u10dd \u10d0\u10e0\u10e5\u10d8\u10d5\u10d8\u10d3\u10d0\u10dc","Abriendo Espacios","Afghanistan","Agenda hemisf\u00e9rica","Amer\u00eeka","Am\u00e9rica Latina, VENEZUELA, Maiquetia","Asuntos de Estado","Audiovisuales Mart\u00ed","Audiovisuales Mart\u00ed, Cuba turismo, crisis del turismo en Cuba","Audiovisuales Mart\u00ed, VENEZUELA, apagones","Barrio Adentro","Bernameya Televizyon\u00ee ya Rojane","Bernamey\u00ean radyoy\u00ea y\u00ean rojane","B\u00ecnh lu\u1eadn","Caf\u00e9 Digital","China","Como Come Cuba, cuba, Como Come Cuba","Cuba Habla","Cuba Habla, Cuba","Cuba al D\u00eda","Cuba al D\u00eda, Cuba","Cuba en la Memoria","C\u00eehan","De cara al sol","Derechos Humanos, cuba, exilio, c\u00e1ncer, Ram\u00f3n Sa\u00fal S\u00e1nchez","El futuro es ya","Especiales, Exilio cubano, Freedom tower, \"Libertad\", Torre de la Libertad de Miami, Exilio cubano en Miami","Especiales, jos\u00e9 mart\u00ed, Exilio cubano","Esperando un techo, cuba, crisis, vivienda, derrumbes, techo, paredes, EsperandounTecho","Foro abierto","Hablando claro","Human Rights","Info Mart\u00ed","Info Mart\u00ed , Brigada 2506","Info Mart\u00ed , Cuba","Info Mart\u00ed , Estados Unidos, Colombia","Info Mart\u00ed , Estados Unidos, VENEZUELA","Info Mart\u00ed , estados unidos, Venezuela","Info Mart\u00ed , presos politicos, torturas, VENEZUELA","Iran","Iz RSE sveta","Izme\u0111u redova","Kentu-Cubano, cuba, cubanos, Kentucky, migrantes, KentoCubano","Korea","La libertad es una librer\u00eda","Laos","Las Noticias Como Son, Cuba","Las noticias como son","Lawton Libre","Liberaci\u00f3n","Mart\u00ed Noticias A.M.","Mozaik \u017eivota","Multimedija","Myanmar","Nicaragua al d\u00eda","Noticiero Mart\u00ed Noticias","N\u00fb\u00e7ey\u00ean C\u00eehan\u00ea 1","N\u00fb\u00e7ey\u00ean C\u00eehan\u00ea 2","Pacific","Pe Agend\u0103","Pe Agend\u0103 cu Cristina Popu\u0219oi","Perspektiva","Programas de Radio Nuestra Am\u00e9rica","Radio Mart\u00ed","Radyo","Ser Madre en cuba, cuba, hambre, r\u00e9gimen, madre, negligencia, Testimonios, Crisis Econ\u00f3mica, madre cubana, Crisis Alimentaria","Ser viejo en Cuba, cuba, cubanos, crisis, alimentos, ancianos, viejos, vejez","South China Sea","Srbija","Taller de prensa","Th\u1eddi S\u1ef1","Tibet","Trong n\u01b0\u1edbc","Ukraine","Uvid","Uyghur","VOA \ud55c\uad6d\uc5b4 \ubcf4\uc774\ub294 \ub77c\ub514\uc624","VOA\u4eca\u65e5\u7126\u70b9","Video","Videos","V\u00eedyo Galer\u00ee","Zaviri ispod povr\u0161ine","adri%C3%A1n del sol mi padre est%C3%A1 muy d%C3%A9bil","atienden a mas de 50 personas en santiago de cuba por presunta intoxicacion alimentaria","auge en contagios de dengue en cuba","aumenta a 379 la cifra de desaparecidos por terremoto en colombia hay 285 fallecidos","banco mundial desembolsa millonaria ayuda para afectados por terremoto en colombia","casi 300 fallecidos almenos 4 000 heridos y 140 desaparecidos a 7 dias del terremoto en colombia","cifra de muertos por el terremoto en colombia supera las 200 personas seg%C3%BAn reporte","colombia declara estado de emergencia durante 30 dias por grave calamidad","colombia ingresa formalmente al escudo de las am%C3%A9ricas liderado por washington","convocan marcha pac%C3%ADfica por la libertad de todos los presos pol%C3%ADticos en venezuela","crece reclutamiento de ni%C3%B1os y ni%C3%B1as en colombia por parte de grupos ilegales seg%C3%BAn hrw","creo que el presidente trump ir%C3%A1 a la habana antes de que termine su mandato","eeuu cierra acuerdo petrolero que le dar%C3%A1 importante control de reservas venezolanas","eeuu ecuador y colombia se reunen para acordar lucha contra mafias del narcotr%C3%A1fico","eeuu sostiene operaciones militares junto a ecuador cerca de la frontera con colombia","el papel peri%C3%B3dico de la habana autores sociedad patri%C3%B3tica de la habana y sociedad econ%C3%B3mica de amigos del pa%C3"],"types":[["","All types"],["audio","Audio"],["media","Media"]]},"has_next":false,"has_prev":true,"items":[{"article_body_paragraphs":[],"audio_source_url":"https://ocb-audio-ns.akamaized.net/cu/2026/08/05/20260805-153000-cu004-program_hq.mp3","author":"Janisset Rivero","available_dubs":[],"downloadable_assets":["https://ocb-audio-ns.akamaized.net/cu/2026/08/05/20260805-153000-cu004-program_hq.mp3"],"duration_display":"29:58","duration_seconds":1798.0,"embed_url":null,"id":2071,"image_caption":null,"image_url":"https://gdb.martinoticias.com/fc7e35a7-d90f-4f82-7c16-08def2b1c8fe_mw2048_mh2048_n.jpg","is_clip":false,"item_type":"audio","item_type_label":"Audio","language_label":"Espa\u00f1ol","media_credit":"OCB","micro_label":"Audio program","micro_label_kind":"audio","network_label":"OCB","network_logo_url":"/static/uploads/direct_network_logos/ocb_0888427dcb1d.svg","published_at":"2026-08-05T15:30:00","published_at_display":"5 Aug 2026, 15:30 GMT","sequence_badge_label":null,"sequence_count":null,"sequence_count_label":null,"sequence_frames":[],"sequence_kind":null,"source_name":"radiotelevisionmarti_com_direct","source_name_label":"Radiotelevisionmarti","source_type":"direct_api","summary":"La realidad de Cuba a trav\u00e9s del testimonio de residentes dentro de la isla, quienes actualizar\u00e1n el panorama interno de la mano de su conductora, la activista y escritora cubana Janisset Rivero.","title":"Yoanny Limonta Garc\u00eda, Palenque Visi\u00f3n","topic":"Barrio Adentro","translation_language":"","url":"https://ocb-audio-ns.akamaized.net/cu/2026/08/05/20260805-153000-cu004-program_hq.mp3","video_url":null},{"article_body_paragraphs":[],"audio_source_url":"https://ocb-audio-ns.akamaized.net/cu/2026/08/04/20260804-153000-cu004-program_hq.mp3","author":"Janisset Rivero","available_dubs":[],"downloadable_assets":["https://ocb-audio-ns.akamaized.net/cu/2026/08/04/20260804-153000-cu004-program_hq.mp3"],"duration_display":"29:58","duration_seconds":1798.0,"embed_url":null,"id":1701,"image_caption":null,"image_url":"https://gdb.martinoticias.com/eeb68825-b24a-4d83-acc0-08decd4f1c2d_mw2048_mh2048_n.jpg","is_clip":false,"item_type":"audio","item_type_label":"Audio","language_label":"Espa\u00f1ol","media_credit":"OCB","micro_label":"Audio program","micro_label_kind":"audio","network_label":"OCB","network_logo_url":"/static/uploads/direct_network_logos/ocb_0888427dcb1d.svg","published_at":"2026-08-04T15:30:00","published_at_display":"4 Aug 2026, 15:30 GMT","sequence_badge_label":null,"sequence_count":null,"sequence_count_label":null,"sequence_frames":[],"sequence_kind":null,"source_name":"radiotelevisionmarti_com_direct","source_name_label":"Radiotelevisionmarti","source_type":"direct_api","summary":"La realidad de Cuba a trav\u00e9s del testimonio de residentes dentro de la isla, quienes actualizar\u00e1n el panorama interno de la mano de su conductora, la activista y escritora cubana Janisset Rivero.","title":"Masiel desde el barrio Pocitos, en Marianao, Cuba","topic":"Barrio Adentro","translation_language":"","url":"https://ocb-audio-ns.akamaized.net/cu/2026/08/04/20260804-153000-cu004-program_hq.mp3","video_url":null},{"article_body_paragraphs":[],"audio_source_url":"https://ocb-audio-ns.akamaized.net/cu/2026/08/03/20260803-153000-cu004-program_hq.mp3","author":"Janisset Rivero","available_dubs":[],"downloadable_assets":["https://ocb-audio-ns.akamaized.net/cu/2026/08/03/20260803-153000-cu004-program_hq.mp3"],"duration_display":"29:58","duration_seconds":1798.0,"embed_url":null,"id":1125,"image_caption":null,"image_url":"https://gdb.martinoticias.com/ef8b1e95-9607-4911-fc28-08decd3a80a4_mw2048_mh2048_n.jpg","is_clip":false,"item_type":"audio","item_type_label":"Audio","language_label":"Espa\u00f1ol","media_credit":"OCB","micro_label":"Audio program","micro_label_kind":"audio","network_label":"OCB","network_logo_url":"/static/uploads/direct_network_logos/ocb_0888427dcb1d.svg","published_at":"2026-08-03T15:30:00","published_at_display":"3 Aug 2026, 15:30 GMT","sequence_badge_label":null,"sequence_count":null,"sequence_count_label":null,"sequence_frames":[],"sequence_kind":null,"source_name":"radiotelevisionmarti_com_direct","source_name_label":"Radiotelevisionmarti","source_type":"direct_api","summary":"La realidad de Cuba a trav\u00e9s del testimonio de residentes dentro de la isla, quienes actualizar\u00e1n el panorama interno de la mano de su conductora, la activista y escritora cubana Janisset Rivero.","title":"Martin Elgue, Comit\u00e9 Uruguayo por la Democracia en Cuba","topic":"Barrio Adentro","translation_language":"","url":"https://ocb-audio-ns.akamaized.net/cu/2026/08/03/20260803-153000-cu004-program_hq.mp3","video_url":null},{"article_body_paragraphs":[],"audio_source_url":"https://ocb-audio-ns.akamaized.net/cu/2026/07/31/20260731-153000-cu004-program_hq.mp3","author":"Janisset Rivero","available_dubs":[],"downloadable_assets":["https://ocb-audio-ns.akamaized.net/cu/2026/07/31/20260731-153000-cu004-program_hq.mp3"],"duration_display":"29:58","duration_seconds":1798.0,"embed_url":null,"id":1129,"image_caption":null,"image_url":"https://gdb.martinoticias.com/1b7cdc4a-cbf7-4dff-e4b5-08decd478c11_mw2048_mh2048_n.jpg","is_clip":false,"item_type":"audio","item_type_label":"Audio","language_label":"Espa\u00f1ol","media_credit":"OCB","micro_label":"Audio program","micro_label_kind":"audio","network_label":"OCB","network_logo_url":"/static/uploads/direct_network_logos/ocb_0888427dcb1d.svg","published_at":"2026-07-31T15:30:00","published_at_display":"31 Jul 2026, 15:30 GMT","sequence_badge_label":null,"sequence_count":null,"sequence_count_label":null,"sequence_frames":[],"sequence_kind":null,"source_name":"radiotelevisionmarti_com_direct","source_name_label":"Radiotelevisionmarti","source_type":"direct_api","summary":"La realidad de Cuba a trav\u00e9s del testimonio de residentes dentro de la isla, quienes actualizar\u00e1n el panorama interno de la mano de su conductora, la activista y escritora cubana Janisset Rivero.","title":"Juan Moreno Borrego","topic":"Barrio Adentro","translation_language":"","url":"https://ocb-audio-ns.akamaized.net/cu/2026/07/31/20260731-153000-cu004-program_hq.mp3","video_url":null},{"article_body_paragraphs":[],"audio_source_url":"https://ocb-audio-ns.akamaized.net/cu/2026/07/30/20260730-153000-cu004-program_hq.mp3","author":"Janisset Rivero","available_dubs":[],"downloadable_assets":["https://ocb-audio-ns.akamaized.net/cu/2026/07/30/20260730-153000-cu004-program_hq.mp3"],"duration_display":"29:55","duration_seconds":1795.0,"embed_url":null,"id":1131,"image_caption":null,"image_url":"https://gdb.martinoticias.com/b41723b1-24dd-4061-e4b6-08decd478c11_mw2048_mh2048_n.jpg","is_clip":false,"item_type":"audio","item_type_label":"Audio","language_label":"Espa\u00f1ol","media_credit":"OCB","micro_label":"Audio program","micro_label_kind":"audio","network_label":"OCB","network_logo_url":"/static/uploads/direct_network_logos/ocb_0888427dcb1d.svg","published_at":"2026-07-30T15:30:00","published_at_display":"30 Jul 2026, 15:30 GMT","sequence_badge_label":null,"sequence_count":null,"sequence_count_label":null,"sequence_frames":[],"sequence_kind":null,"source_name":"radiotelevisionmarti_com_direct","source_name_label":"Radiotelevisionmarti","source_type":"direct_api","summary":"Las inversiones extranjeras y las medidas anunciadas por el r\u00e9gimen.","title":"Pablo Morales March\u00e1n.","topic":"Barrio Adentro","translation_language":"","url":"https://ocb-audio-ns.akamaized.net/cu/2026/07/30/20260730-153000-cu004-program_hq.mp3","video_url":null},{"article_body_paragraphs":[],"audio_source_url":"https://ocb-audio-ns.akamaized.net/cu/2026/07/29/20260729-153000-cu004-program_hq.mp3","author":"Janisset Rivero","available_dubs":[],"downloadable_assets":["https://ocb-audio-ns.akamaized.net/cu/2026/07/29/20260729-153000-cu004-program_hq.mp3"],"duration_display":"29:54","duration_seconds":1794.0,"embed_url":null,"id":1134,"image_caption":null,"image_url":"https://gdb.martinoticias.com/e8e0a0c3-41ff-48a0-0386-08decd63a0c8_mw2048_mh2048_n.jpg","is_clip":false,"item_type":"audio","item_type_label":"Audio","language_label":"Espa\u00f1ol","media_credit":"OCB","micro_label":"Audio program","micro_label_kind":"audio","network_label":"OCB","network_logo_url":"/static/uploads/direct_network_logos/ocb_0888427dcb1d.svg","published_at":"2026-07-29T15:30:00","published_at_display":"29 Jul 2026, 15:30 GMT","sequence_badge_label":null,"sequence_count":null,"sequence_count_label":null,"sequence_frames":[],"sequence_kind":null,"source_name":"radiotelevisionmarti_com_direct","source_name_label":"Radiotelevisionmarti","source_type":"direct_api","summary":"La corrupci\u00f3n en el manejo del agua y la electricidad en el Municipio Playa","title":"Pablo Morales March\u00e1n","topic":"Barrio Adentro","translation_language":"","url":"https://ocb-audio-ns.akamaized.net/cu/2026/07/29/20260729-153000-cu004-program_hq.mp3","video_url":null},{"article_body_paragraphs":[],"audio_source_url":"https://ocb-audio-ns.akamaized.net/cu/2026/07/28/20260728-153000-cu004-program_hq.mp3","author":"Janisset Rivero","available_dubs":[],"downloadable_assets":["https://ocb-audio-ns.akamaized.net/cu/2026/07/28/20260728-153000-cu004-program_hq.mp3"],"duration_display":"29:56","duration_seconds":1796.0,"embed_url":null,"id":1137,"image_caption":null,"image_url":"https://gdb.martinoticias.com/e9fa1a1b-f41f-4b3d-5a11-08decd6ea425_mw2048_mh2048_n.jpg","is_clip":false,"item_type":"audio","item_type_label":"Audio","language_label":"Espa\u00f1ol","media_credit":"OCB","micro_label":"Audio program","micro_label_kind":"audio","network_label":"OCB","network_logo_url":"/static/uploads/direct_network_logos/ocb_0888427dcb1d.svg","published_at":"2026-07-28T15:30:00","published_at_display":"28 Jul 2026, 15:30 GMT","sequence_badge_label":null,"sequence_count":null,"sequence_count_label":null,"sequence_frames":[],"sequence_kind":null,"source_name":"radiotelevisionmarti_com_direct","source_name_label":"Radiotelevisionmarti","source_type":"direct_api","summary":"La realidad de Cuba a trav\u00e9s del testimonio de residentes dentro de la isla, quienes actualizar\u00e1n el panorama interno de la mano de su conductora, la activista y escritora cubana Janisset Rivero.","title":"Rolando Rodr\u00edguez Lobaina","topic":"Barrio Adentro","translation_language":"","url":"https://ocb-audio-ns.akamaized.net/cu/2026/07/28/20260728-153000-cu004-program_hq.mp3","video_url":null},{"article_body_paragraphs":[],"audio_source_url":"https://ocb-audio-ns.akamaized.net/cu/2026/07/27/20260727-153000-cu004-program_hq.mp3","author":"Janisset Rivero","available_dubs":[],"downloadable_assets":["https://ocb-audio-ns.akamaized.net/cu/2026/07/27/20260727-153000-cu004-program_hq.mp3"],"duration_display":"29:59","duration_seconds":1799.0,"embed_url":null,"id":1139,"image_caption":null,"image_url":"https://gdb.martinoticias.com/934e633c-369a-4eca-5a12-08decd6ea425_mw2048_mh2048_n.jpg","is_clip":false,"item_type":"audio","item_type_label":"Audio","language_label":"Espa\u00f1ol","media_credit":"OCB","micro_label":"Audio program","micro_label_kind":"audio","network_label":"OCB","network_logo_url":"/static/uploads/direct_network_logos/ocb_0888427dcb1d.svg","published_at":"2026-07-27T15:30:00","published_at_display":"27 Jul 2026, 15:30 GMT","sequence_badge_label":null,"sequence_count":null,"sequence_count_label":null,"sequence_frames":[],"sequence_kind":null,"source_name":"radiotelevisionmarti_com_direct","source_name_label":"Radiotelevisionmarti","source_type":"direct_api","summary":"La realidad de Cuba a trav\u00e9s del testimonio de residentes dentro de la isla, quienes actualizar\u00e1n el panorama interno de la mano de su conductora, la activista y escritora cubana Janisset Rivero.","title":"Daniel Avil\u00e9s","topic":"Barrio Adentro","translation_language":"","url":"https://ocb-audio-ns.akamaized.net/cu/2026/07/27/20260727-153000-cu004-program_hq.mp3","video_url":null},{"article_body_paragraphs":[],"audio_source_url":"https://ocb-audio-ns.akamaized.net/cu/2026/07/24/20260724-153000-cu004-program_hq.mp3","author":"Janisset Rivero","available_dubs":[],"downloadable_assets":["https://ocb-audio-ns.akamaized.net/cu/2026/07/24/20260724-153000-cu004-program_hq.mp3"],"duration_display":"29:59","duration_seconds":1799.0,"embed_url":null,"id":1142,"image_caption":null,"image_url":"https://gdb.martinoticias.com/323ed315-36ac-4f65-0387-08decd63a0c8_mw2048_mh2048_n.jpg","is_clip":false,"item_type":"audio","item_type_label":"Audio","language_label":"Espa\u00f1ol","media_credit":"OCB","micro_label":"Audio program","micro_label_kind":"audio","network_label":"OCB","network_logo_url":"/static/uploads/direct_network_logos/ocb_0888427dcb1d.svg","published_at":"2026-07-24T15:30:00","published_at_display":"24 Jul 2026, 15:30 GMT","sequence_badge_label":null,"sequence_count":null,"sequence_count_label":null,"sequence_frames":[],"sequence_kind":null,"source_name":"radiotelevisionmarti_com_direct","source_name_label":"Radiotelevisionmarti","source_type":"direct_api","summary":"La realidad de Cuba a trav\u00e9s del testimonio de residentes dentro de la isla, quienes actualizar\u00e1n el panorama interno de la mano de su conductora, la activista y escritora cubana Janisset Rivero.","title":"Yanet Rodr\u00edguez Santos","topic":"Barrio Adentro","translation_language":"","url":"https://ocb-audio-ns.akamaized.net/cu/2026/07/24/20260724-153000-cu004-program_hq.mp3","video_url":null},{"article_body_paragraphs":[],"audio_source_url":"https://ocb-audio-ns.akamaized.net/cu/2026/07/23/20260723-153000-cu004-program_hq.mp3","author":"Janisset Rivero","available_dubs":[],"downloadable_assets":["https://ocb-audio-ns.akamaized.net/cu/2026/07/23/20260723-153000-cu004-program_hq.mp3"],"duration_display":"29:59","duration_seconds":1799.0,"embed_url":null,"id":262,"image_caption":null,"image_url":"https://gdb.martinoticias.com/58dad536-4428-485c-6860-08def2ff2efe_mw2048_mh2048_n.jpg","is_clip":false,"item_type":"audio","item_type_label":"Audio","language_label":"Espa\u00f1ol","media_credit":"OCB","micro_label":"Audio program","micro_label_kind":"audio","network_label":"OCB","network_logo_url":"/static/uploads/direct_network_logos/ocb_0888427dcb1d.svg","published_at":"2026-07-23T15:30:00","published_at_display":"23 Jul 2026, 15:30 GMT","sequence_badge_label":null,"sequence_count":null,"sequence_count_label":null,"sequence_frames":[],"sequence_kind":null,"source_name":"radiotelevisionmarti_com_direct","source_name_label":"Radiotelevisionmarti","source_type":"direct_api","summary":"La realidad de Cuba a trav\u00e9s del testimonio de residentes dentro de la isla, quienes actualizar\u00e1n el panorama interno de la mano de su conductora, la activista y escritora cubana Janisset Rivero.","title":"Padre Juan L\u00e1zaro Veliz","topic":"Barrio Adentro","translation_language":"","url":"https://ocb-audio-ns.akamaized.net/cu/2026/07/23/20260723-153000-cu004-program_hq.mp3","video_url":null},{"article_body_paragraphs":[],"audio_source_url":"https://ocb-audio-ns.akamaized.net/cu/2026/07/22/20260722-153000-cu004-program_hq.mp3","author":"Janisset Rivero","available_dubs":[],"downloadable_assets":["https://ocb-audio-ns.akamaized.net/cu/2026/07/22/20260722-153000-cu004-program_hq.mp3"],"duration_display":"29:59","duration_seconds":1799.0,"embed_url":null,"id":265,"image_caption":null,"image_url":"https://gdb.martinoticias.com/c011b80e-3d2e-416f-686c-08def2ff2efe_mw2048_mh2048_n.jpg","is_clip":false,"item_type":"audio","item_type_label":"Audio","language_label":"Espa\u00f1ol","media_credit":"OCB","micro_label":"Audio program","micro_label_kind":"audio","network_label":"OCB","network_logo_url":"/static/uploads/direct_network_logos/ocb_0888427dcb1d.svg","published_at":"2026-07-22T15:30:00","published_at_display":"22 Jul 2026, 15:30 GMT","sequence_badge_label":null,"sequence_count":null,"sequence_count_label":null,"sequence_frames":[],"sequence_kind":null,"source_name":"radiotelevisionmarti_com_direct","source_name_label":"Radiotelevisionmarti","source_type":"direct_api","summary":"La realidad de Cuba a trav\u00e9s del testimonio de residentes dentro de la isla, quienes actualizar\u00e1n el panorama interno de la mano de su conductora, la activista y escritora cubana Janisset Rivero.","title":"Yeris Curbelo Aguilera, Periodista Independiente desde Caimanera, Guant\u00e1namo","topic":"Barrio Adentro","translation_language":"","url":"https://ocb-audio-ns.akamaized.net/cu/2026/07/22/20260722-153000-cu004-program_hq.mp3","video_url":null},{"article_body_paragraphs":[],"audio_source_url":"https://ocb-audio-ns.akamaized.net/cu/2026/07/21/20260721-153000-cu004-program_hq.mp3","author":"Janisset Rivero","available_dubs":[],"downloadable_assets":["https://ocb-audio-ns.akamaized.net/cu/2026/07/21/20260721-153000-cu004-program_hq.mp3"],"duration_display":"29:59","duration_seconds":1799.0,"embed_url":null,"id":268,"image_caption":null,"image_url":"https://gdb.martinoticias.com/578bc7b2-61ff-447f-686d-08def2ff2efe_mw2048_mh2048_n.jpg","is_clip":false,"item_type":"audio","item_type_label":"Audio","language_label":"Espa\u00f1ol","media_credit":"OCB","micro_label":"Audio program","micro_label_kind":"audio","network_label":"OCB","network_logo_url":"/static/uploads/direct_network_logos/ocb_0888427dcb1d.svg","published_at":"2026-07-21T15:30:00","published_at_display":"21 Jul 2026, 15:30 GMT","sequence_badge_label":null,"sequence_count":null,"sequence_count_label":null,"sequence_frames":[],"sequence_kind":null,"source_name":"radiotelevisionmarti_com_direct","source_name_label":"Radiotelevisionmarti","source_type":"direct_api","summary":"La realidad de Cuba a trav\u00e9s del testimonio de residentes dentro de la isla, quienes actualizar\u00e1n el panorama interno de la mano de su conductora, la activista y escritora cubana Janisset Rivero.","title":"Aniesky Calder\u00edn Acosta, Hermano del preso pol\u00edtico, Alieski Calder\u00edn Acosta","topic":"Barrio Adentro","translation_language":"","url":"https://ocb-audio-ns.akamaized.net/cu/2026/07/21/20260721-153000-cu004-program_hq.mp3","video_url":null},{"article_body_paragraphs":[],"audio_source_url":"https://ocb-audio-ns.akamaized.net/cu/2026/07/20/20260720-153000-cu004-program_hq.mp3","author":"Janisset Rivero","available_dubs":[],"downloadable_assets":["https://ocb-audio-ns.akamaized.net/cu/2026/07/20/20260720-153000-cu004-program_hq.mp3"],"duration_display":"29:59","duration_seconds":1799.0,"embed_url":null,"id":276,"image_caption":null,"image_url":"https://gdb.martinoticias.com/acd124a4-11bf-47dd-cf53-08decd5b38e4_mw2048_mh2048_n.jpg","is_clip":false,"item_type":"audio","item_type_label":"Audio","language_label":"Espa\u00f1ol","media_credit":"OCB","micro_label":"Audio program","micro_label_kind":"audio","network_label":"OCB","network_logo_url":"/static/uploads/direct_network_logos/ocb_0888427dcb1d.svg","published_at":"2026-07-20T15:30:00","published_at_display":"20 Jul 2026, 15:30 GMT","sequence_badge_label":null,"sequence_count":null,"sequence_count_label":null,"sequence_frames":[],"sequence_kind":null,"source_name":"radiotelevisionmarti_com_direct","source_name_label":"Radiotelevisionmarti","source_type":"direct_api","summary":"La realidad de Cuba a trav\u00e9s del testimonio de residentes dentro de la isla, quienes actualizar\u00e1n el panorama interno de la mano de su conductora, la activista y escritora cubana Janisset Rivero.","title":"Yadisley Rodr\u00edguez Ram\u00edrez, Periodista Independiente Camag\u00fcey","topic":"Barrio Adentro","translation_language":"","url":"https://ocb-audio-ns.akamaized.net/cu/2026/07/20/20260720-153000-cu004-program_hq.mp3","video_url":null},{"article_body_paragraphs":[],"audio_source_url":"https://ocb-audio-ns.akamaized.net/cu/2026/07/17/20260717-153000-cu004-program_hq.mp3","author":"Janisset Rivero","available_dubs":[],"downloadable_assets":["https://ocb-audio-ns.akamaized.net/cu/2026/07/17/20260717-153000-cu004-program_hq.mp3"],"duration_display":"29:59","duration_seconds":1799.0,"embed_url":null,"id":280,"image_caption":null,"image_url":"https://gdb.martinoticias.com/f43d2f8d-a656-4095-cf56-08decd5b38e4_mw2048_mh2048_n.jpg","is_clip":false,"item_type":"audio","item_type_label":"Audio","language_label":"Espa\u00f1ol","media_credit":"OCB","micro_label":"Audio program","micro_label_kind":"audio","network_label":"OCB","network_logo_url":"/static/uploads/direct_network_logos/ocb_0888427dcb1d.svg","published_at":"2026-07-17T15:30:00","published_at_display":"17 Jul 2026, 15:30 GMT","sequence_badge_label":null,"sequence_count":null,"sequence_count_label":null,"sequence_frames":[],"sequence_kind":null,"source_name":"radiotelevisionmarti_com_direct","source_name_label":"Radiotelevisionmarti","source_type":"direct_api","summary":"La realidad de Cuba a trav\u00e9s del testimonio de residentes dentro de la isla, quienes actualizar\u00e1n el panorama interno de la mano de su conductora, la activista y escritora cubana Janisset Rivero.","title":"Esther Arzuaga Garc\u00eda, Hija de los prisioneros pol\u00edticos Ariel Arzuaga y Yaquelin Garc\u00eda Desde Bayamo","topic":"Barrio Adentro","translation_language":"","url":"https://ocb-audio-ns.akamaized.net/cu/2026/07/17/20260717-153000-cu004-program_hq.mp3","video_url":null},{"article_body_paragraphs":[],"audio_source_url":"https://ocb-audio-ns.akamaized.net/cu/2026/07/16/20260716-153000-cu004-program_hq.mp3","author":"Janisset Rivero","available_dubs":[],"downloadable_assets":["https://ocb-audio-ns.akamaized.net/cu/2026/07/16/20260716-153000-cu004-program_hq.mp3"],"duration_display":"29:59","duration_seconds":1799.0,"embed_url":null,"id":282,"image_caption":null,"image_url":"https://gdb.martinoticias.com/209dd362-e3fe-44b1-cf55-08decd5b38e4_mw2048_mh2048_n.jpg","is_clip":false,"item_type":"audio","item_type_label":"Audio","language_label":"Espa\u00f1ol","media_credit":"OCB","micro_label":"Audio program","micro_label_kind":"audio","network_label":"OCB","network_logo_url":"/static/uploads/direct_network_logos/ocb_0888427dcb1d.svg","published_at":"2026-07-16T15:30:00","published_at_display":"16 Jul 2026, 15:30 GMT","sequence_badge_label":null,"sequence_count":null,"sequence_count_label":null,"sequence_frames":[],"sequence_kind":null,"source_name":"radiotelevisionmarti_com_direct","source_name_label":"Radiotelevisionmarti","source_type":"direct_api","summary":"La realidad de Cuba a trav\u00e9s del testimonio de residentes dentro de la isla, quienes actualizar\u00e1n el panorama interno de la mano de su conductora, la activista y escritora cubana Janisset Rivero.","title":"Yeris Curbelo Aguilera, Periodista independiente de Palenque Visi\u00f3n Caimanera, Guant\u00e1namo","topic":"Barrio Adentro","translation_language":"","url":"https://ocb-audio-ns.akamaized.net/cu/2026/07/16/20260716-153000-cu004-program_hq.mp3","video_url":null},{"article_body_paragraphs":[],"audio_source_url":"https://ocb-audio-ns.akamaized.net/cu/2026/07/15/20260715-153000-cu004-program_hq.mp3","author":"Janisset Rivero","available_dubs":[],"downloadable_assets":["https://ocb-audio-ns.akamaized.net/cu/2026/07/15/20260715-153000-cu004-program_hq.mp3"],"duration_display":"29:59","duration_seconds":1799.0,"embed_url":null,"id":272,"image_caption":null,"image_url":"https://gdb.martinoticias.com/f9b7b0e4-8a11-4fad-fbcc-08decd3a80a4_mw2048_mh2048_n.jpg","is_clip":false,"item_type":"audio","item_type_label":"Audio","language_label":"Espa\u00f1ol","media_credit":"OCB","micro_label":"Audio program","micro_label_kind":"audio","network_label":"OCB","network_logo_url":"/static/uploads/direct_network_logos/ocb_0888427dcb1d.svg","published_at":"2026-07-15T15:30:00","published_at_display":"15 Jul 2026, 15:30 GMT","sequence_badge_label":null,"sequence_count":null,"sequence_count_label":null,"sequence_frames":[],"sequence_kind":null,"source_name":"radiotelevisionmarti_com_direct","source_name_label":"Radiotelevisionmarti","source_type":"direct_api","summary":"La realidad de Cuba a trav\u00e9s del testimonio de residentes dentro de la isla, quienes actualizar\u00e1n el panorama interno de la mano de su conductora, la activista y escritora cubana Janisset Rivero.","title":"Anamely Ramos","topic":"Barrio Adentro","translation_language":"","url":"https://ocb-audio-ns.akamaized.net/cu/2026/07/15/20260715-153000-cu004-program_hq.mp3","video_url":null},{"article_body_paragraphs":[],"audio_source_url":"https://ocb-audio-ns.akamaized.net/cu/2026/07/14/20260714-153000-cu004-program_hq.mp3","author":"Janisset Rivero","available_dubs":[],"downloadable_assets":["https://ocb-audio-ns.akamaized.net/cu/2026/07/14/20260714-153000-cu004-program_hq.mp3"],"duration_display":"29:59","duration_seconds":1799.0,"embed_url":null,"id":274,"image_caption":null,"image_url":"https://gdb.martinoticias.com/9d4be7be-b543-49e1-59bc-08decd6ea425_mw2048_mh2048_n.jpg","is_clip":false,"item_type":"audio","item_type_label":"Audio","language_label":"Espa\u00f1ol","media_credit":"OCB","micro_label":"Audio program","micro_label_kind":"audio","network_label":"OCB","network_logo_url":"/static/uploads/direct_network_logos/ocb_0888427dcb1d.svg","published_at":"2026-07-14T15:30:00","published_at_display":"14 Jul 2026, 15:30 GMT","sequence_badge_label":null,"sequence_count":null,"sequence_count_label":null,"sequence_frames":[],"sequence_kind":null,"source_name":"radiotelevisionmarti_com_direct","source_name_label":"Radiotelevisionmarti","source_type":"direct_api","summary":"La realidad de Cuba a trav\u00e9s del testimonio de residentes dentro de la isla, quienes actualizar\u00e1n el panorama interno de la mano de su conductora, la activista y escritora cubana Janisset Rivero.","title":"Juan Carlos Gonz\u00e1lez Leiva, Abogado","topic":"Barrio Adentro","translation_language":"","url":"https://ocb-audio-ns.akamaized.net/cu/2026/07/14/20260714-153000-cu004-program_hq.mp3","video_url":null},{"article_body_paragraphs":[],"audio_source_url":"https://ocb-audio-ns.akamaized.net/cu/2026/07/13/20260713-153000-cu004-program_hq.mp3","author":"Janisset Rivero","available_dubs":[],"downloadable_assets":["https://ocb-audio-ns.akamaized.net/cu/2026/07/13/20260713-153000-cu004-program_hq.mp3"],"duration_display":"29:59","duration_seconds":1799.0,"embed_url":null,"id":273,"image_caption":null,"image_url":"https://gdb.martinoticias.com/c042c818-3ed2-4c6c-ac59-08decd4f1c2d_mw2048_mh2048_n.jpg","is_clip":false,"item_type":"audio","item_type_label":"Audio","language_label":"Espa\u00f1ol","media_credit":"OCB","micro_label":"Audio program","micro_label_kind":"audio","network_label":"OCB","network_logo_url":"/static/uploads/direct_network_logos/ocb_0888427dcb1d.svg","published_at":"2026-07-13T15:30:00","published_at_display":"13 Jul 2026, 15:30 GMT","sequence_badge_label":null,"sequence_count":null,"sequence_count_label":null,"sequence_frames":[],"sequence_kind":null,"source_name":"radiotelevisionmarti_com_direct","source_name_label":"Radiotelevisionmarti","source_type":"direct_api","summary":"La realidad de Cuba a trav\u00e9s del testimonio de residentes dentro de la isla, quienes actualizar\u00e1n el panorama interno de la mano de su conductora, la activista y escritora cubana Janisset Rivero.","title":"Ang\u00e9lica Garrido, ex prisionera pol\u00edtica del 11J","topic":"Barrio Adentro","translation_language":"","url":"https://ocb-audio-ns.akamaized.net/cu/2026/07/13/20260713-153000-cu004-program_hq.mp3","video_url":null}],"next_num":null,"page":2,"pages":2,"per_page":20,"prev_num":1,"total":38}
