{"applied_filters":{"end_date":"","lang":"","language":"","network":"","page":3,"per_page":20,"search":"","source":"dengeamerika_com_direct","start_date":"","topic":"","type":""},"available_filters":{"language_choices":[{"label":"Choose Language","value":""},{"label":"English","value":"English"},{"label":"Espa\u00f1ol","value":"Espa\u00f1ol"},{"label":"Kurdish","value":"Kurdish"}],"network_choices":[{"label":"All networks","value":""},{"label":"VOA","value":"VOA"}],"source_choices":[{"label":"All sources","value":""},{"label":"Current Time","value":"currenttime_tv_direct"},{"label":"Current Time","value":"currenttime_tv_rss"},{"label":"Da Azadi Radio","value":"da_azadiradio_com_rss"},{"label":"Darivoa","value":"darivoa_com_rss"},{"label":"Dengeamerika","value":"dengeamerika_com_direct"},{"label":"Dengeamerika","value":"dengeamerika_com_rss"},{"label":"Dengiamerika","value":"dengiamerika_com_direct"},{"label":"Dengiamerika","value":"dengiamerika_com_rss"},{"label":"Editorials VOA","value":"editorials_voa_gov_rss"},{"label":"Golosameriki","value":"golosameriki_com_direct"},{"label":"Golosameriki","value":"golosameriki_com_rss"},{"label":"Ir VOA News","value":"ir_voanews_com_rss"},{"label":"Mashaalradio","value":"mashaalradio_com_direct"},{"label":"Moldova Europalibera","value":"moldova_europalibera_org_direct"},{"label":"Moldova Europalibera","value":"moldova_europalibera_org_rss"},{"label":"OCB \u00b7 Caf\u00e9 Digital","value":"ocb_spanish_audio_html_scrape"},{"label":"OCB \u00b7 Liberaci\u00f3n","value":"ocb_spanish_audio_html_scrape_1001"},{"label":"OCB \u00b7 Programas de Radio Nuestra Am\u00e9rica","value":"ocb_spanish_audio_html_scrape_1016"},{"label":"OCB \u00b7 Agenda hemisf\u00e9rica","value":"ocb_spanish_audio_html_scrape_1028"},{"label":"OCB \u00b7 El futuro es ya","value":"ocb_spanish_audio_html_scrape_1056"},{"label":"OCB \u00b7 Foro abierto","value":"ocb_spanish_audio_html_scrape_1061"},{"label":"OCB \u00b7 Nicaragua al d\u00eda","value":"ocb_spanish_audio_html_scrape_1077"},{"label":"OCB \u00b7 La bola nostra","value":"ocb_spanish_audio_html_scrape_1078"},{"label":"OCB \u00b7 Taller de prensa","value":"ocb_spanish_audio_html_scrape_1103"},{"label":"OCB \u00b7 Las noticias como son","value":"ocb_spanish_audio_html_scrape_142"},{"label":"OCB \u00b7 Abriendo Espacios","value":"ocb_spanish_audio_html_scrape_562"},{"label":"OCB \u00b7 Mart\u00ed Noticias A.M.","value":"ocb_spanish_audio_html_scrape_668"},{"label":"OCB Spanish Audio","value":"ocb_spanish_audio_scrape"},{"label":"OCB Spanish Video","value":"ocb_spanish_video_scrape"},{"label":"Pa Azadi Radio","value":"pa_azadiradio_com_rss"},{"label":"Pashtovoa","value":"pashtovoa_com_rss"},{"label":"Radiofaarda","value":"radiofaarda_com_direct"},{"label":"Radio Farda","value":"radiofarda_com_direct"},{"label":"Radio Farda","value":"radiofarda_com_rss"},{"label":"Radiosvoboda","value":"radiosvoboda_org_rss"},{"label":"Radiotavisupleba","value":"radiotavisupleba_ge_direct"},{"label":"Radiotavisupleba","value":"radiotavisupleba_ge_rss"},{"label":"Radiotelevisionmarti","value":"radiotelevisionmarti_com_direct"},{"label":"Radiotelevisionmarti","value":"radiotelevisionmarti_com_rss"},{"label":"RFA Burmese","value":"rfa_burmese_rss"},{"label":"RFA Burmese Video Scrape","value":"rfa_burmese_video_scrape"},{"label":"RFA Cantonese","value":"rfa_cantonese_rss"},{"label":"RFA Cantonese Video Scrape","value":"rfa_cantonese_video_scrape"},{"label":"RFA English RSS","value":"rfa_english_rss"},{"label":"RFA English Video","value":"rfa_english_video_scrape"},{"label":"RFA Khmer","value":"rfa_khmer_rss"},{"label":"RFA Khmer Video Scrape","value":"rfa_khmer_video_scrape"},{"label":"RFA Korean","value":"rfa_korean_rss"},{"label":"RFA Korean Video Scrape","value":"rfa_korean_video_scrape"},{"label":"RFA Lao","value":"rfa_lao_rss"},{"label":"RFA Lao Video Scrape","value":"rfa_lao_video_scrape"},{"label":"RFA Mandarin","value":"rfa_mandarin_rss"},{"label":"RFA Mandarin Video Scrape","value":"rfa_mandarin_video_scrape"},{"label":"RFA Tibetan","value":"rfa_tibetan_rss"},{"label":"RFA Tibetan Video Scrape","value":"rfa_tibetan_video_scrape"},{"label":"RFA Uyghur","value":"rfa_uyghur_rss"},{"label":"RFA Uyghur Video Scrape","value":"rfa_uyghur_video_scrape"},{"label":"RFA Vietnamese","value":"rfa_vietnamese_rss"},{"label":"RFA Vietnamese Video Scrape","value":"rfa_vietnamese_video_scrape"},{"label":"RFE/RL Direct","value":"rferl_direct"},{"label":"RFE/RL","value":"rferl_org_rss"},{"label":"Slobodnaevropa","value":"slobodnaevropa_org_direct"},{"label":"Slobodnaevropa","value":"slobodnaevropa_org_rss"},{"label":"Svoboda","value":"svoboda_org_direct"},{"label":"Svoboda","value":"svoboda_org_rss"},{"label":"Ukrainian VOA News","value":"ukrainian_voanews_com_rss"},{"label":"VOA Chinese Direct","value":"voa_chinese_direct"},{"label":"VOA Chinese RSS","value":"voa_chinese_rss"},{"label":"VOA Dari Direct","value":"voa_dari_direct"},{"label":"VOA Korea Direct","value":"voa_korea_direct"},{"label":"VOA Pashto Direct","value":"voa_pashto_direct"},{"label":"VOA Persian Direct","value":"voa_persian_direct"},{"label":"Voakorea","value":"voakorea_com_rss"}],"sources":["currenttime_tv_direct","currenttime_tv_rss","da_azadiradio_com_rss","darivoa_com_rss","dengeamerika_com_direct","dengeamerika_com_rss","dengiamerika_com_direct","dengiamerika_com_rss","editorials_voa_gov_rss","golosameriki_com_direct","golosameriki_com_rss","ir_voanews_com_rss","mashaalradio_com_direct","moldova_europalibera_org_direct","moldova_europalibera_org_rss","ocb_spanish_audio_html_scrape","ocb_spanish_audio_html_scrape_1001","ocb_spanish_audio_html_scrape_1016","ocb_spanish_audio_html_scrape_1028","ocb_spanish_audio_html_scrape_1056","ocb_spanish_audio_html_scrape_1061","ocb_spanish_audio_html_scrape_1077","ocb_spanish_audio_html_scrape_1078","ocb_spanish_audio_html_scrape_1103","ocb_spanish_audio_html_scrape_142","ocb_spanish_audio_html_scrape_562","ocb_spanish_audio_html_scrape_668","ocb_spanish_audio_scrape","ocb_spanish_video_scrape","pa_azadiradio_com_rss","pashtovoa_com_rss","radiofaarda_com_direct","radiofarda_com_direct","radiofarda_com_rss","radiosvoboda_org_rss","radiotavisupleba_ge_direct","radiotavisupleba_ge_rss","radiotelevisionmarti_com_direct","radiotelevisionmarti_com_rss","rfa_burmese_rss","rfa_burmese_video_scrape","rfa_cantonese_rss","rfa_cantonese_video_scrape","rfa_english_rss","rfa_english_video_scrape","rfa_khmer_rss","rfa_khmer_video_scrape","rfa_korean_rss","rfa_korean_video_scrape","rfa_lao_rss","rfa_lao_video_scrape","rfa_mandarin_rss","rfa_mandarin_video_scrape","rfa_tibetan_rss","rfa_tibetan_video_scrape","rfa_uyghur_rss","rfa_uyghur_video_scrape","rfa_vietnamese_rss","rfa_vietnamese_video_scrape","rferl_direct","rferl_org_rss","slobodnaevropa_org_direct","slobodnaevropa_org_rss","svoboda_org_direct","svoboda_org_rss","ukrainian_voanews_com_rss","voa_chinese_direct","voa_chinese_rss","voa_dari_direct","voa_korea_direct","voa_pashto_direct","voa_persian_direct","voakorea_com_rss"],"topics":["250em\u00een Salvegera Serxweb\u00fbna Amer\u00eekay\u00ea","Amer\u00eeka","Bernameya Televizyon\u00ee ya Rojane","Bernamey\u00ean radyoy\u00ea y\u00ean rojane","C\u00eehan","N\u00fb\u00e7ey\u00ean C\u00eehan\u00ea 1","N\u00fb\u00e7ey\u00ean C\u00eehan\u00ea 2","Radyo","V\u00eedyo Galer\u00ee"],"types":[["","All types"],["audio","Audio"],["video","Videos"],["clips","Clips"],["media","Media"]]},"has_next":true,"has_prev":true,"items":[{"article_body_paragraphs":[],"audio_source_url":"https://voa-audio-ns.akamaized.net/vku/2026/08/30/20260830-170500-vku053-program_hq.mp3","author":null,"available_dubs":[],"downloadable_assets":["https://voa-audio-ns.akamaized.net/vku/2026/08/30/20260830-170500-vku053-program_hq.mp3"],"duration_display":"54:59","duration_seconds":3299.0,"embed_url":null,"id":10652,"image_caption":null,"image_url":null,"is_clip":false,"item_type":"audio","item_type_label":"Audio","language_label":"Kurdish","media_credit":"VOA","micro_label":"Audio program","micro_label_kind":"audio","network_label":"VOA","network_logo_url":"/static/uploads/direct_network_logos/voa_1ef13eedbd2f.svg","published_at":"2026-08-30T17:05:00","published_at_display":"30 Aug 2026, 17:05 GMT","sequence_badge_label":null,"sequence_count":null,"sequence_count_label":null,"sequence_frames":[],"sequence_kind":null,"source_name":"dengeamerika_com_direct","source_name_label":"Dengeamerika","source_type":"direct_api","summary":null,"title":"Bernama Duy\u00ea","topic":null,"translation_language":"","url":"https://voa-audio-ns.akamaized.net/vku/2026/08/30/20260830-170500-vku053-program_hq.mp3","video_url":null},{"article_body_paragraphs":[],"audio_source_url":null,"author":"R\u00eaj\u00een Ehmed","available_dubs":[],"downloadable_assets":["https://voa-video-ns.akamaized.net/pangeavideo/2026/08/7/7f/7fb5b317-24ff-4642-a2f2-08def2b10d93_1080p.mp4?cb=ee22659a1"],"duration_display":"2:34","duration_seconds":154.09,"embed_url":null,"id":10640,"image_caption":null,"image_url":"https://gdb.voanews.com/7fb5b317-24ff-4642-a2f2-08def2b10d93_tv_mw2048_mh2048_n.jpg","is_clip":true,"item_type":"video","item_type_label":"Video","language_label":"Kurdish","media_credit":"VOA","micro_label":"Video report","micro_label_kind":"video","network_label":"VOA","network_logo_url":"/static/uploads/direct_network_logos/voa_1ef13eedbd2f.svg","published_at":"2026-08-30T17:03:33.787000","published_at_display":"30 Aug 2026, 17:03 GMT","sequence_badge_label":null,"sequence_count":null,"sequence_count_label":null,"sequence_frames":[],"sequence_kind":null,"source_name":"dengeamerika_com_direct","source_name_label":"Dengeamerika","source_type":"direct_api","summary":"\u00car\u00ee\u015f\u00ean \u00ceran\u00ea li ser Her\u00eama Kurdistan \u00ceraq\u00ea ku bandoreke mezin li ser gelek al\u00eey\u00ean jiyan\u00ea kirin, b\u00fbne cih\u00ea neraz\u00eeb\u00fbna xelk\u00ea Her\u00eam\u00ea. Ew dib\u00eajin ku p\u00eaw\u00eest hik\u00fbmeta \u00ceraq\u00ea bi erk\u00ea xwe rabe \u00fb axa her\u00eam\u00ea bipar\u00eaze. Raporta R\u00eaj\u00een Ehmed b\u00eahtir agah\u00ee hene.","title":"Kar\u00eeger\u00eeya \u00car\u00ee\u015f\u00ean \u00ceran\u00ea li Her\u00eama Kurdistan\u00ea","topic":"V\u00eedyo Galer\u00ee","translation_language":"","url":"https://voa-video-ns.akamaized.net/pangeavideo/2026/08/7/7f/7fb5b317-24ff-4642-a2f2-08def2b10d93_1080p.mp4?cb=ee22659a1","video_url":"https://voa-video-ns.akamaized.net/pangeavideo/2026/08/7/7f/7fb5b317-24ff-4642-a2f2-08def2b10d93_1080p.mp4?cb=ee22659a1"},{"article_body_paragraphs":[],"audio_source_url":"https://voa-audio-ns.akamaized.net/vku/2026/08/30/20260830-170000-vku053-program_hq.mp3","author":null,"available_dubs":[],"downloadable_assets":["https://voa-audio-ns.akamaized.net/vku/2026/08/30/20260830-170000-vku053-program_hq.mp3"],"duration_display":"4:59","duration_seconds":299.0,"embed_url":null,"id":10639,"image_caption":null,"image_url":null,"is_clip":false,"item_type":"audio","item_type_label":"Audio","language_label":"Kurdish","media_credit":"VOA","micro_label":"Audio program","micro_label_kind":"audio","network_label":"VOA","network_logo_url":"/static/uploads/direct_network_logos/voa_1ef13eedbd2f.svg","published_at":"2026-08-30T17:00:00","published_at_display":"30 Aug 2026, 17:00 GMT","sequence_badge_label":null,"sequence_count":null,"sequence_count_label":null,"sequence_frames":[],"sequence_kind":null,"source_name":"dengeamerika_com_direct","source_name_label":"Dengeamerika","source_type":"direct_api","summary":"N\u00fb\u00e7ey\u00ean C\u00eehan\u00ea ji Deng\u00ea Amer\u00eeka","title":"N\u00fb\u00e7ey\u00ean 1\u2019\u00ea pa\u015fn\u00eevro","topic":"Radyo","translation_language":"","url":"https://voa-audio-ns.akamaized.net/vku/2026/08/30/20260830-170000-vku053-program_hq.mp3","video_url":null},{"article_body_paragraphs":[],"audio_source_url":null,"author":"Xec\u00eecan Farq\u00een","available_dubs":[],"downloadable_assets":["https://voa-video-ns.akamaized.net/pangeavideo/2026/08/0/09/091fd142-e355-4cc4-8272-08decae8682a_1080p.mp4?cb=ee2265857"],"duration_display":"3:35","duration_seconds":215.61,"embed_url":null,"id":10632,"image_caption":null,"image_url":"https://gdb.voanews.com/091fd142-e355-4cc4-8272-08decae8682a_tv_mw2048_mh2048_n.jpg","is_clip":true,"item_type":"video","item_type_label":"Video","language_label":"Kurdish","media_credit":"VOA","micro_label":"Video report","micro_label_kind":"video","network_label":"VOA","network_logo_url":"/static/uploads/direct_network_logos/voa_1ef13eedbd2f.svg","published_at":"2026-08-30T16:59:03.587000","published_at_display":"30 Aug 2026, 16:59 GMT","sequence_badge_label":null,"sequence_count":null,"sequence_count_label":null,"sequence_frames":[],"sequence_kind":null,"source_name":"dengeamerika_com_direct","source_name_label":"Dengeamerika","source_type":"direct_api","summary":"S\u00eeyasetmedar\u00ea navdar \u00ea Kurd Mehd\u00ee Zana, ku doh \u015eem\u00eey\u00ea di 86 sal\u00eeya xwe de li Amed\u00ea ko\u00e7a daw\u00ee kir, li p\u00ea\u015f avah\u00eeya \u015faredar\u00eeya baj\u00ear bi meras\u00eemek\u00ea hate oxirkirin \u00fb pi\u015ftre li goristana Yenikoy\u00ea bi ax\u00ea hat sipartin. Raporta Xec\u00eecan Farq\u00een b\u00eahtir zanyar\u00ee hene.","title":"Medh\u00ee Zana li Bajar\u00ea Amed\u00ea t\u00ea Binaxkirin","topic":"V\u00eedyo Galer\u00ee","translation_language":"","url":"https://voa-video-ns.akamaized.net/pangeavideo/2026/08/0/09/091fd142-e355-4cc4-8272-08decae8682a_1080p.mp4?cb=ee2265857","video_url":"https://voa-video-ns.akamaized.net/pangeavideo/2026/08/0/09/091fd142-e355-4cc4-8272-08decae8682a_1080p.mp4?cb=ee2265857"},{"article_body_paragraphs":[],"audio_source_url":"https://voa-audio-ns.akamaized.net/vku/2026/08/30/20260830-150000-vku053-program_hq.mp3","author":null,"available_dubs":[],"downloadable_assets":["https://voa-audio-ns.akamaized.net/vku/2026/08/30/20260830-150000-vku053-program_hq.mp3"],"duration_display":"9:59","duration_seconds":599.0,"embed_url":null,"id":10591,"image_caption":null,"image_url":null,"is_clip":false,"item_type":"audio","item_type_label":"Audio","language_label":"Kurdish","media_credit":"VOA","micro_label":"Audio program","micro_label_kind":"audio","network_label":"VOA","network_logo_url":"/static/uploads/direct_network_logos/voa_1ef13eedbd2f.svg","published_at":"2026-08-30T15:00:00","published_at_display":"30 Aug 2026, 15:00 GMT","sequence_badge_label":null,"sequence_count":null,"sequence_count_label":null,"sequence_frames":[],"sequence_kind":null,"source_name":"dengeamerika_com_direct","source_name_label":"Dengeamerika","source_type":"direct_api","summary":"N\u00fb\u00e7ey\u00ean C\u00eehan\u00ea ji Deng\u00ea Amer\u00eeka","title":"N\u00fb\u00e7ey\u00ean C\u00eehan\u00ea 1","topic":"N\u00fb\u00e7ey\u00ean C\u00eehan\u00ea 1","translation_language":"","url":"https://voa-audio-ns.akamaized.net/vku/2026/08/30/20260830-150000-vku053-program_hq.mp3","video_url":null},{"article_body_paragraphs":[],"audio_source_url":null,"author":"Xetab Omer","available_dubs":[],"downloadable_assets":["https://voa-video-ns.akamaized.net/pangeavideo/2026/08/9/95/954b1c95-5958-4358-7f83-08def2ed48ad_1080p.mp4?cb=ee2263788"],"duration_display":"3:09","duration_seconds":189.5,"embed_url":null,"id":10571,"image_caption":null,"image_url":"https://gdb.voanews.com/954b1c95-5958-4358-7f83-08def2ed48ad_tv_mw2048_mh2048_n.jpg","is_clip":true,"item_type":"video","item_type_label":"Video","language_label":"Kurdish","media_credit":"VOA","micro_label":"Video report","micro_label_kind":"video","network_label":"VOA","network_logo_url":"/static/uploads/direct_network_logos/voa_1ef13eedbd2f.svg","published_at":"2026-08-30T14:37:52.160000","published_at_display":"30 Aug 2026, 14:37 GMT","sequence_badge_label":null,"sequence_count":null,"sequence_count_label":null,"sequence_frames":[],"sequence_kind":null,"source_name":"dengeamerika_com_direct","source_name_label":"Dengeamerika","source_type":"direct_api","summary":"Hec\u00ee Ferest \u00c7emcan\u00ee, ku xwed\u00eey\u00ea a\u015fek\u00ee \u00e7\u00eakirina teh\u00eena kezwan\u00ean ku dever\u00ean \u00e7iyay\u00ee y\u00ean nav\u00e7eya Am\u00ead\u00eey\u00ea p\u00ea naskir\u00ee ne, behsa proseya \u00e7\u00eakirina teh\u00een\u00ea dike. Raporta Xetab Omer, b\u00eahtir zanyar\u00ee hene.","title":"\u00c7\u00eakirina Teh\u00een\u00ea ji Kezwan\u00ean \u00c7iyay\u00ea Kurejar\u00ea","topic":"V\u00eedyo Galer\u00ee","translation_language":"","url":"https://voa-video-ns.akamaized.net/pangeavideo/2026/08/9/95/954b1c95-5958-4358-7f83-08def2ed48ad_1080p.mp4?cb=ee2263788","video_url":"https://voa-video-ns.akamaized.net/pangeavideo/2026/08/9/95/954b1c95-5958-4358-7f83-08def2ed48ad_1080p.mp4?cb=ee2263788"},{"article_body_paragraphs":[],"audio_source_url":"https://voa-audio-ns.akamaized.net/vku/2026/08/30/20260830-140000-vku053-program_hq.mp3","author":null,"available_dubs":[],"downloadable_assets":["https://voa-audio-ns.akamaized.net/vku/2026/08/30/20260830-140000-vku053-program_hq.mp3"],"duration_display":"59:59","duration_seconds":3599.0,"embed_url":null,"id":10592,"image_caption":null,"image_url":null,"is_clip":false,"item_type":"audio","item_type_label":"Audio","language_label":"Kurdish","media_credit":"VOA","micro_label":"Audio program","micro_label_kind":"audio","network_label":"VOA","network_logo_url":"/static/uploads/direct_network_logos/voa_1ef13eedbd2f.svg","published_at":"2026-08-30T14:00:00","published_at_display":"30 Aug 2026, 14:00 GMT","sequence_badge_label":null,"sequence_count":null,"sequence_count_label":null,"sequence_frames":[],"sequence_kind":null,"source_name":"dengeamerika_com_direct","source_name_label":"Dengeamerika","source_type":"direct_api","summary":null,"title":"Bernamey\u00ean radyoy\u00ea y\u00ean rojane","topic":"Bernamey\u00ean radyoy\u00ea y\u00ean rojane","translation_language":"","url":"https://voa-audio-ns.akamaized.net/vku/2026/08/30/20260830-140000-vku053-program_hq.mp3","video_url":null},{"article_body_paragraphs":[],"audio_source_url":null,"author":null,"available_dubs":[],"downloadable_assets":["https://voa-video-ns.akamaized.net/pangeavideo/2026/08/3/3c/3cf2798e-c475-44a2-a2e4-08def2b10d93_1080p.mp4?cb=ee2252a41"],"duration_display":"2:16","duration_seconds":136.72,"embed_url":null,"id":10455,"image_caption":null,"image_url":"https://gdb.voanews.com/3cf2798e-c475-44a2-a2e4-08def2b10d93_tv_mw2048_mh2048_n.jpg","is_clip":true,"item_type":"video","item_type_label":"Video","language_label":"Kurdish","media_credit":"VOA","micro_label":"Video report","micro_label_kind":"video","network_label":"VOA","network_logo_url":"/static/uploads/direct_network_logos/voa_1ef13eedbd2f.svg","published_at":"2026-08-29T19:29:43.230000","published_at_display":"29 Aug 2026, 19:29 GMT","sequence_badge_label":null,"sequence_count":null,"sequence_count_label":null,"sequence_frames":[],"sequence_kind":null,"source_name":"dengeamerika_com_direct","source_name_label":"Dengeamerika","source_type":"direct_api","summary":"Saz\u00eeya Zarok\u00ean \u00ceraq\u00ee (ICF) \u015eem\u00eey\u00ea \u00e7alak\u00eeyeke maraton\u00ea li Washingtona paytexta ji bo al\u00eekar\u00eeya zarokan li \u00ceraq\u00ea p\u00eak an\u00ee. Hejmareke welat\u00eey\u00ean Amer\u00eek\u00ee \u00fb \u00ceraq\u00ee di v\u00ea \u00e7alak\u00eey\u00ea de be\u015fdar b\u00fbn.","title":"Li Washington Maratonek ji bo Pi\u015ftgir\u00eeya Zarok\u00ean \u00ceraq\u00ee Hate Lidarxistin","topic":"Amer\u00eeka","translation_language":"","url":"https://voa-video-ns.akamaized.net/pangeavideo/2026/08/3/3c/3cf2798e-c475-44a2-a2e4-08def2b10d93_1080p.mp4?cb=ee2252a41","video_url":"https://voa-video-ns.akamaized.net/pangeavideo/2026/08/3/3c/3cf2798e-c475-44a2-a2e4-08def2b10d93_1080p.mp4?cb=ee2252a41"},{"article_body_paragraphs":[],"audio_source_url":"https://voa-audio-ns.akamaized.net/vku/2026/08/29/20260829-190000-vku053-program_hq.mp3","author":null,"available_dubs":[],"downloadable_assets":["https://voa-audio-ns.akamaized.net/vku/2026/08/29/20260829-190000-vku053-program_hq.mp3"],"duration_display":"5:00","duration_seconds":300.0,"embed_url":null,"id":10456,"image_caption":null,"image_url":null,"is_clip":false,"item_type":"audio","item_type_label":"Audio","language_label":"Kurdish","media_credit":"VOA","micro_label":"Audio program","micro_label_kind":"audio","network_label":"VOA","network_logo_url":"/static/uploads/direct_network_logos/voa_1ef13eedbd2f.svg","published_at":"2026-08-29T19:00:00","published_at_display":"29 Aug 2026, 19:00 GMT","sequence_badge_label":null,"sequence_count":null,"sequence_count_label":null,"sequence_frames":[],"sequence_kind":null,"source_name":"dengeamerika_com_direct","source_name_label":"Dengeamerika","source_type":"direct_api","summary":"N\u00fb\u00e7ey\u00ean C\u00eehan\u00ea ji Deng\u00ea Amer\u00eeka","title":"N\u00fb\u00e7ey\u00ean 3\u2019y\u00ea pa\u015fn\u00eevro","topic":null,"translation_language":"","url":"https://voa-audio-ns.akamaized.net/vku/2026/08/29/20260829-190000-vku053-program_hq.mp3","video_url":null},{"article_body_paragraphs":[],"audio_source_url":"https://voa-audio-ns.akamaized.net/vku/2026/08/29/20260829-170500-vku053-program_hq.mp3","author":null,"available_dubs":[],"downloadable_assets":["https://voa-audio-ns.akamaized.net/vku/2026/08/29/20260829-170500-vku053-program_hq.mp3"],"duration_display":"54:59","duration_seconds":3299.0,"embed_url":null,"id":10441,"image_caption":null,"image_url":null,"is_clip":false,"item_type":"audio","item_type_label":"Audio","language_label":"Kurdish","media_credit":"VOA","micro_label":"Audio program","micro_label_kind":"audio","network_label":"VOA","network_logo_url":"/static/uploads/direct_network_logos/voa_1ef13eedbd2f.svg","published_at":"2026-08-29T17:05:00","published_at_display":"29 Aug 2026, 17:05 GMT","sequence_badge_label":null,"sequence_count":null,"sequence_count_label":null,"sequence_frames":[],"sequence_kind":null,"source_name":"dengeamerika_com_direct","source_name_label":"Dengeamerika","source_type":"direct_api","summary":null,"title":"Bernama Duy\u00ea","topic":null,"translation_language":"","url":"https://voa-audio-ns.akamaized.net/vku/2026/08/29/20260829-170500-vku053-program_hq.mp3","video_url":null},{"article_body_paragraphs":[],"audio_source_url":"https://voa-audio-ns.akamaized.net/vku/2026/08/29/20260829-170000-vku053-program_hq.mp3","author":null,"available_dubs":[],"downloadable_assets":["https://voa-audio-ns.akamaized.net/vku/2026/08/29/20260829-170000-vku053-program_hq.mp3"],"duration_display":"5:00","duration_seconds":300.0,"embed_url":null,"id":10427,"image_caption":null,"image_url":null,"is_clip":false,"item_type":"audio","item_type_label":"Audio","language_label":"Kurdish","media_credit":"VOA","micro_label":"Audio program","micro_label_kind":"audio","network_label":"VOA","network_logo_url":"/static/uploads/direct_network_logos/voa_1ef13eedbd2f.svg","published_at":"2026-08-29T17:00:00","published_at_display":"29 Aug 2026, 17:00 GMT","sequence_badge_label":null,"sequence_count":null,"sequence_count_label":null,"sequence_frames":[],"sequence_kind":null,"source_name":"dengeamerika_com_direct","source_name_label":"Dengeamerika","source_type":"direct_api","summary":"N\u00fb\u00e7ey\u00ean C\u00eehan\u00ea ji Deng\u00ea Amer\u00eeka","title":"N\u00fb\u00e7ey\u00ean 1\u2019\u00ea pa\u015fn\u00eevro","topic":"Radyo","translation_language":"","url":"https://voa-audio-ns.akamaized.net/vku/2026/08/29/20260829-170000-vku053-program_hq.mp3","video_url":null},{"article_body_paragraphs":[],"audio_source_url":null,"author":"B\u00ear\u00eevan Yusuf\u00ee","available_dubs":[],"downloadable_assets":["https://voa-video-ns.akamaized.net/pangeavideo/2026/08/8/87/8738f23b-a69a-44ff-8267-08decae8682a_1080p.mp4?cb=ee225049f"],"duration_display":"0:44","duration_seconds":44.76,"embed_url":null,"id":10417,"image_caption":null,"image_url":"https://gdb.voanews.com/8738f23b-a69a-44ff-8267-08decae8682a_tv_mw2048_mh2048_n.jpg","is_clip":true,"item_type":"video","item_type_label":"Video","language_label":"Kurdish","media_credit":"VOA","micro_label":"Video report","micro_label_kind":"video","network_label":"VOA","network_logo_url":"/static/uploads/direct_network_logos/voa_1ef13eedbd2f.svg","published_at":"2026-08-29T16:49:35.537000","published_at_display":"29 Aug 2026, 16:49 GMT","sequence_badge_label":null,"sequence_count":null,"sequence_count_label":null,"sequence_frames":[],"sequence_kind":null,"source_name":"dengeamerika_com_direct","source_name_label":"Dengeamerika","source_type":"direct_api","summary":"Douglas Silliman, Balyoz\u00ea ber\u00ea y\u00ea Amer\u00eeka li \u00ceraq\u00ea, behsa gir\u00eeng\u00eeya peywend\u00eey\u00ean di navbera Amer\u00eeka \u00fb Her\u00eama Kurdistan\u00ea de dike.","title":"Balyoz\u00ea Ber\u00ea y\u00ea Amer\u00eeka li \u00ceraq\u00ea: Peywend\u00eey\u00ean Washington \u00fb Hewl\u00ear\u00ea Ba\u015f in","topic":"V\u00eedyo Galer\u00ee","translation_language":"","url":"https://voa-video-ns.akamaized.net/pangeavideo/2026/08/8/87/8738f23b-a69a-44ff-8267-08decae8682a_1080p.mp4?cb=ee225049f","video_url":"https://voa-video-ns.akamaized.net/pangeavideo/2026/08/8/87/8738f23b-a69a-44ff-8267-08decae8682a_1080p.mp4?cb=ee225049f"},{"article_body_paragraphs":[],"audio_source_url":null,"author":"J\u00eero M\u00eetan\u00ee","available_dubs":[],"downloadable_assets":["https://voa-video-ns.akamaized.net/pangeavideo/2026/08/5/53/53fcaa66-674b-4b8f-4882-08decadaa577_1080p.mp4?cb=ee22503f3"],"duration_display":"2:10","duration_seconds":130.81,"embed_url":null,"id":10418,"image_caption":null,"image_url":"https://gdb.voanews.com/53fcaa66-674b-4b8f-4882-08decadaa577_tv_mw2048_mh2048_n.jpg","is_clip":true,"item_type":"video","item_type_label":"Video","language_label":"Kurdish","media_credit":"VOA","micro_label":"Video report","micro_label_kind":"video","network_label":"VOA","network_logo_url":"/static/uploads/direct_network_logos/voa_1ef13eedbd2f.svg","published_at":"2026-08-29T16:46:43.767000","published_at_display":"29 Aug 2026, 16:46 GMT","sequence_badge_label":null,"sequence_count":null,"sequence_count_label":null,"sequence_frames":[],"sequence_kind":null,"source_name":"dengeamerika_com_direct","source_name_label":"Dengeamerika","source_type":"direct_api","summary":"Li bajar\u00ea Girk\u00ea Leg\u00ea y\u00ea Rojava ev \u00e7end roj in nanp\u00eajxaney\u00ean hikumet\u00ea naxebitin. Di demek\u00ea de ku r\u00eaveber\u00eeya bazirgan\u00eeya hundir\u00een behsa bernameya ba\u015fkirina nan li her\u00eam\u00ea dike, peydakirina nan li dever\u00ea ji ber k\u00eamb\u00fbna perey\u00ean n\u00fb y\u00ean S\u00fbr\u00ee b\u00fbye derdek\u00ee rojane.","title":"Li Girk\u00ea Leg\u00ea K\u00eamb\u00fbna Perey\u00ean N\u00fb y\u00ean S\u00fbr\u00ee Kr\u00eeza Nan \u00c7\u00eadike","topic":"V\u00eedyo Galer\u00ee","translation_language":"","url":"https://voa-video-ns.akamaized.net/pangeavideo/2026/08/5/53/53fcaa66-674b-4b8f-4882-08decadaa577_1080p.mp4?cb=ee22503f3","video_url":"https://voa-video-ns.akamaized.net/pangeavideo/2026/08/5/53/53fcaa66-674b-4b8f-4882-08decadaa577_1080p.mp4?cb=ee22503f3"},{"article_body_paragraphs":[],"audio_source_url":null,"author":"Ridwan B\u00eazar","available_dubs":[],"downloadable_assets":["https://voa-video-ns.akamaized.net/pangeavideo/2026/08/8/84/84730ef5-6531-4b26-4881-08decadaa577_1080p.mp4?cb=ee2250529"],"duration_display":"2:59","duration_seconds":179.81,"embed_url":null,"id":10404,"image_caption":null,"image_url":"https://gdb.voanews.com/84730ef5-6531-4b26-4881-08decadaa577_tv_mw2048_mh2048_n.jpg","is_clip":true,"item_type":"video","item_type_label":"Video","language_label":"Kurdish","media_credit":"VOA","micro_label":"Video report","micro_label_kind":"video","network_label":"VOA","network_logo_url":"/static/uploads/direct_network_logos/voa_1ef13eedbd2f.svg","published_at":"2026-08-29T16:30:27.040000","published_at_display":"29 Aug 2026, 16:30 GMT","sequence_badge_label":null,"sequence_count":null,"sequence_count_label":null,"sequence_frames":[],"sequence_kind":null,"source_name":"dengeamerika_com_direct","source_name_label":"Dengeamerika","source_type":"direct_api","summary":"Pi\u015ft\u00ee 13 salan, malbat\u00ean winday\u00ean Koban\u00eey\u00ea h\u00een j\u00ee li zarok\u00ean xwe digerin. Di Roja Navnetew\u00ee ya Windayan de, ku dikeve 30'\u00ea Tebax\u00ea, ew daxwaz\u00ea ji hik\u00fbmeta S\u00fbr\u00eey\u00ea dikin ku gir\u00eeng\u00eey\u00ea bide dosyaya windayan.","title":"Li Koban\u00eey\u00ea Malbat\u00ean Windayan Dixwazin \u00c7aren\u00fbsa Zarok\u00ean Xwe Bizanin","topic":"V\u00eedyo Galer\u00ee","translation_language":"","url":"https://voa-video-ns.akamaized.net/pangeavideo/2026/08/8/84/84730ef5-6531-4b26-4881-08decadaa577_1080p.mp4?cb=ee2250529","video_url":"https://voa-video-ns.akamaized.net/pangeavideo/2026/08/8/84/84730ef5-6531-4b26-4881-08decadaa577_1080p.mp4?cb=ee2250529"},{"article_body_paragraphs":[],"audio_source_url":null,"author":"\u00cevan Hes\u00eeb","available_dubs":[],"downloadable_assets":["https://voa-video-ns.akamaized.net/pangeavideo/2026/08/2/21/21aaaba8-8d1b-4ce4-a2dd-08def2b10d93_1080p.mp4?cb=ee224f32c"],"duration_display":"3:41","duration_seconds":221.67,"embed_url":null,"id":10391,"image_caption":null,"image_url":"https://gdb.voanews.com/21aaaba8-8d1b-4ce4-a2dd-08def2b10d93_tv_mw2048_mh2048_n.jpg","is_clip":true,"item_type":"video","item_type_label":"Video","language_label":"Kurdish","media_credit":"VOA","micro_label":"Video report","micro_label_kind":"video","network_label":"VOA","network_logo_url":"/static/uploads/direct_network_logos/voa_1ef13eedbd2f.svg","published_at":"2026-08-29T15:35:08.337000","published_at_display":"29 Aug 2026, 15:35 GMT","sequence_badge_label":null,"sequence_count":null,"sequence_count_label":null,"sequence_frames":[],"sequence_kind":null,"source_name":"dengeamerika_com_direct","source_name_label":"Dengeamerika","source_type":"direct_api","summary":"Pi\u015ft\u00ee z\u00eadetir\u00ee salek\u00ea ji b\u00fbyer\u00ean tund\u00fbt\u00fbj\u00eeya li par\u00eazgeha Suweyda ya S\u00fbr\u00eey\u00ea h\u00een j\u00ee b\u00eatir 100 hezar Durz\u00ee ji mal \u00fb gund\u00ea xwe ko\u00e7ber b\u00fbne \u00fb di rew\u015feke mirov\u00ee ya dijwar de dij\u00een. Ew bi r\u00eaya Deng\u00ea Amer\u00eeka bang li hik\u00fbmeta S\u00fbr\u00eey\u00ea dikin ku r\u00ea bidin wan vegerin mal \u00fb gund\u00ean xwe.","title":"Ko\u00e7ber\u00ean Durz\u00ee Dixwazin Vegerin Mal \u00fb Gund\u00ean Xwe","topic":"V\u00eedyo Galer\u00ee","translation_language":"","url":"https://voa-video-ns.akamaized.net/pangeavideo/2026/08/2/21/21aaaba8-8d1b-4ce4-a2dd-08def2b10d93_1080p.mp4?cb=ee224f32c","video_url":"https://voa-video-ns.akamaized.net/pangeavideo/2026/08/2/21/21aaaba8-8d1b-4ce4-a2dd-08def2b10d93_1080p.mp4?cb=ee224f32c"},{"article_body_paragraphs":[],"audio_source_url":"https://voa-audio-ns.akamaized.net/vku/2026/08/29/20260829-150000-vku053-program_hq.mp3","author":null,"available_dubs":[],"downloadable_assets":["https://voa-audio-ns.akamaized.net/vku/2026/08/29/20260829-150000-vku053-program_hq.mp3"],"duration_display":"10:00","duration_seconds":600.0,"embed_url":null,"id":10392,"image_caption":null,"image_url":null,"is_clip":false,"item_type":"audio","item_type_label":"Audio","language_label":"Kurdish","media_credit":"VOA","micro_label":"Audio program","micro_label_kind":"audio","network_label":"VOA","network_logo_url":"/static/uploads/direct_network_logos/voa_1ef13eedbd2f.svg","published_at":"2026-08-29T15:00:00","published_at_display":"29 Aug 2026, 15:00 GMT","sequence_badge_label":null,"sequence_count":null,"sequence_count_label":null,"sequence_frames":[],"sequence_kind":null,"source_name":"dengeamerika_com_direct","source_name_label":"Dengeamerika","source_type":"direct_api","summary":"N\u00fb\u00e7ey\u00ean C\u00eehan\u00ea ji Deng\u00ea Amer\u00eeka","title":"N\u00fb\u00e7ey\u00ean C\u00eehan\u00ea 1","topic":"N\u00fb\u00e7ey\u00ean C\u00eehan\u00ea 1","translation_language":"","url":"https://voa-audio-ns.akamaized.net/vku/2026/08/29/20260829-150000-vku053-program_hq.mp3","video_url":null},{"article_body_paragraphs":[],"audio_source_url":null,"author":"S\u00eenor Ker\u00eem","available_dubs":[],"downloadable_assets":["https://voa-video-ns.akamaized.net/pangeavideo/2026/08/b/bb/bba7964b-cb62-4902-8265-08decae8682a_1080p.mp4?cb=ee224e766"],"duration_display":"2:54","duration_seconds":174.97,"embed_url":null,"id":10374,"image_caption":null,"image_url":"https://gdb.voanews.com/bba7964b-cb62-4902-8265-08decae8682a_tv_mw2048_mh2048_n.jpg","is_clip":true,"item_type":"video","item_type_label":"Video","language_label":"Kurdish","media_credit":"VOA","micro_label":"Video report","micro_label_kind":"video","network_label":"VOA","network_logo_url":"/static/uploads/direct_network_logos/voa_1ef13eedbd2f.svg","published_at":"2026-08-29T14:44:54.730000","published_at_display":"29 Aug 2026, 14:44 GMT","sequence_badge_label":null,"sequence_count":null,"sequence_count_label":null,"sequence_frames":[],"sequence_kind":null,"source_name":"dengeamerika_com_direct","source_name_label":"Dengeamerika","source_type":"direct_api","summary":"Li devera \u00c7oman a Her\u00eama Kurdistan\u00ea projeyek t\u00ea kirin ji bo vejandina xan\u00eey\u00ean Kurd\u00ee \u00ean resen ku bi kelp\u00ee\u00e7an t\u00ean avakirin. Ev projeya ge\u015ftyar\u00ee hewl dide bi v\u00ea yek\u00ea van xan\u00eey\u00ean kevne\u015fop bide nas\u00een.","title":"Li Her\u00eama Kurdistan\u00ea Xan\u00eey\u00ean Kelp\u00ee\u00e7\u00ee bi Mebesta Ge\u015ftyar\u00eey\u00ea D\u00eesa Vedigerin","topic":"V\u00eedyo Galer\u00ee","translation_language":"","url":"https://voa-video-ns.akamaized.net/pangeavideo/2026/08/b/bb/bba7964b-cb62-4902-8265-08decae8682a_1080p.mp4?cb=ee224e766","video_url":"https://voa-video-ns.akamaized.net/pangeavideo/2026/08/b/bb/bba7964b-cb62-4902-8265-08decae8682a_1080p.mp4?cb=ee224e766"},{"article_body_paragraphs":[],"audio_source_url":"https://voa-audio-ns.akamaized.net/vku/2026/08/29/20260829-140000-vku053-program_hq.mp3","author":null,"available_dubs":[],"downloadable_assets":["https://voa-audio-ns.akamaized.net/vku/2026/08/29/20260829-140000-vku053-program_hq.mp3"],"duration_display":"59:59","duration_seconds":3599.0,"embed_url":null,"id":10393,"image_caption":null,"image_url":null,"is_clip":false,"item_type":"audio","item_type_label":"Audio","language_label":"Kurdish","media_credit":"VOA","micro_label":"Audio program","micro_label_kind":"audio","network_label":"VOA","network_logo_url":"/static/uploads/direct_network_logos/voa_1ef13eedbd2f.svg","published_at":"2026-08-29T14:00:00","published_at_display":"29 Aug 2026, 14:00 GMT","sequence_badge_label":null,"sequence_count":null,"sequence_count_label":null,"sequence_frames":[],"sequence_kind":null,"source_name":"dengeamerika_com_direct","source_name_label":"Dengeamerika","source_type":"direct_api","summary":null,"title":"Bernamey\u00ean radyoy\u00ea y\u00ean rojane","topic":"Bernamey\u00ean radyoy\u00ea y\u00ean rojane","translation_language":"","url":"https://voa-audio-ns.akamaized.net/vku/2026/08/29/20260829-140000-vku053-program_hq.mp3","video_url":null},{"article_body_paragraphs":[],"audio_source_url":null,"author":"Xec\u00eecan Farq\u00een","available_dubs":[],"downloadable_assets":["https://voa-video-ns.akamaized.net/pangeavideo/2026/08/8/8c/8c12fe42-90a0-490c-8264-08decae8682a_1080p.mp4?cb=ee224c28b"],"duration_display":"2:51","duration_seconds":171.24,"embed_url":null,"id":10345,"image_caption":null,"image_url":"https://gdb.voanews.com/8c12fe42-90a0-490c-8264-08decae8682a_tv_mw2048_mh2048_n.jpg","is_clip":true,"item_type":"video","item_type_label":"Video","language_label":"Kurdish","media_credit":"VOA","micro_label":"Video report","micro_label_kind":"video","network_label":"VOA","network_logo_url":"/static/uploads/direct_network_logos/voa_1ef13eedbd2f.svg","published_at":"2026-08-29T12:07:39.007000","published_at_display":"29 Aug 2026, 12:07 GMT","sequence_badge_label":null,"sequence_count":null,"sequence_count_label":null,"sequence_frames":[],"sequence_kind":null,"source_name":"dengeamerika_com_direct","source_name_label":"Dengeamerika","source_type":"direct_api","summary":"Ku\u015ftina jineke 32 sal\u00ee v\u00ea daw\u00eey\u00ea li Amed\u00ea li ser dest\u00ea hevj\u00een\u00ea xwe d\u00eesa dosyaya ku\u015ftina jinan li Bakur \u00fb Tirk\u00eey\u00ea germ dike. R\u00eaxistin\u00ean maf\u00ean jinan z\u00eadeb\u00fbna v\u00ea diyardey\u00ea \u015fermezar dikin.","title":"Ku\u015ftina Jinan li Tirk\u00eey\u00ea Z\u00eade B\u00fbye","topic":"V\u00eedyo Galer\u00ee","translation_language":"","url":"https://voa-video-ns.akamaized.net/pangeavideo/2026/08/8/8c/8c12fe42-90a0-490c-8264-08decae8682a_1080p.mp4?cb=ee224c28b","video_url":"https://voa-video-ns.akamaized.net/pangeavideo/2026/08/8/8c/8c12fe42-90a0-490c-8264-08decae8682a_1080p.mp4?cb=ee224c28b"},{"article_body_paragraphs":[],"audio_source_url":null,"author":"S\u00eenor Ker\u00eem","available_dubs":[],"downloadable_assets":["https://voa-video-ns.akamaized.net/pangeavideo/2026/08/4/4f/4ff2198e-9f9e-4386-7f78-08def2ed48ad_1080p.mp4?cb=ee224b68a"],"duration_display":"3:54","duration_seconds":234.34,"embed_url":null,"id":10227,"image_caption":null,"image_url":"https://gdb.voanews.com/4ff2198e-9f9e-4386-7f78-08def2ed48ad_tv_mw2048_mh2048_n.jpg","is_clip":true,"item_type":"video","item_type_label":"Video","language_label":"Kurdish","media_credit":"VOA","micro_label":"Video report","micro_label_kind":"video","network_label":"VOA","network_logo_url":"/static/uploads/direct_network_logos/voa_1ef13eedbd2f.svg","published_at":"2026-08-28T21:45:14.560000","published_at_display":"28 Aug 2026, 21:45 GMT","sequence_badge_label":null,"sequence_count":null,"sequence_count_label":null,"sequence_frames":[],"sequence_kind":null,"source_name":"dengeamerika_com_direct","source_name_label":"Dengeamerika","source_type":"direct_api","summary":"Ben\u00ee\u015ft\u00ea Kurd\u00ee berhemeke xwezay\u00ee ye ku li \u00e7iyay\u00ean Kurdistan\u00ea \u00e7\u00ea dibe. Ew di destp\u00eaka hav\u00een\u00ea de dest p\u00ea dike \u00fb di meha daw\u00ee de t\u00ea berhevkirin. Hin gund\u00eey\u00ean her\u00eam\u00ean cuda debara xwe bi \u00e7\u00eakirina ben\u00ee\u015ft dikin. Raporta S\u00eenor Ker\u00eem b\u00eahtir zanyar\u00ee hene.","title":"\u00c7\u00eakirina Ben\u00ee\u015ft\u00ea Kurd\u00ee li \u00c7iyay\u00ean Kurdistan\u00ea","topic":"V\u00eedyo Galer\u00ee","translation_language":"","url":"https://voa-video-ns.akamaized.net/pangeavideo/2026/08/4/4f/4ff2198e-9f9e-4386-7f78-08def2ed48ad_1080p.mp4?cb=ee224b68a","video_url":"https://voa-video-ns.akamaized.net/pangeavideo/2026/08/4/4f/4ff2198e-9f9e-4386-7f78-08def2ed48ad_1080p.mp4?cb=ee224b68a"}],"next_num":4,"page":3,"pages":26,"per_page":20,"prev_num":2,"total":512}
