{"applied_filters":{"end_date":"","lang":"","language":"","network":"","page":3,"per_page":20,"search":"","source":"moldova_europalibera_org_rss","start_date":"","topic":"","type":""},"available_filters":{"language_choices":[{"label":"Choose Language","value":""},{"label":"Romanian","value":"Romanian"}],"network_choices":[{"label":"All networks","value":""},{"label":"RFE/RL","value":"RFE/RL"}],"source_choices":[{"label":"All sources","value":""},{"label":"Current Time","value":"currenttime_tv_direct"},{"label":"Current Time","value":"currenttime_tv_rss"},{"label":"Da Azadi Radio","value":"da_azadiradio_com_rss"},{"label":"Darivoa","value":"darivoa_com_rss"},{"label":"Dengeamerika","value":"dengeamerika_com_direct"},{"label":"Dengeamerika","value":"dengeamerika_com_rss"},{"label":"Dengiamerika","value":"dengiamerika_com_direct"},{"label":"Dengiamerika","value":"dengiamerika_com_rss"},{"label":"Editorials VOA","value":"editorials_voa_gov_rss"},{"label":"Golosameriki","value":"golosameriki_com_direct"},{"label":"Golosameriki","value":"golosameriki_com_rss"},{"label":"Ir VOA News","value":"ir_voanews_com_rss"},{"label":"Mashaalradio","value":"mashaalradio_com_direct"},{"label":"Moldova Europalibera","value":"moldova_europalibera_org_direct"},{"label":"Moldova Europalibera","value":"moldova_europalibera_org_rss"},{"label":"OCB \u00b7 Caf\u00e9 Digital","value":"ocb_spanish_audio_html_scrape"},{"label":"OCB \u00b7 Liberaci\u00f3n","value":"ocb_spanish_audio_html_scrape_1001"},{"label":"OCB \u00b7 Programas de Radio Nuestra Am\u00e9rica","value":"ocb_spanish_audio_html_scrape_1016"},{"label":"OCB \u00b7 Agenda hemisf\u00e9rica","value":"ocb_spanish_audio_html_scrape_1028"},{"label":"OCB \u00b7 El futuro es ya","value":"ocb_spanish_audio_html_scrape_1056"},{"label":"OCB \u00b7 Foro abierto","value":"ocb_spanish_audio_html_scrape_1061"},{"label":"OCB \u00b7 Nicaragua al d\u00eda","value":"ocb_spanish_audio_html_scrape_1077"},{"label":"OCB \u00b7 La bola nostra","value":"ocb_spanish_audio_html_scrape_1078"},{"label":"OCB \u00b7 Taller de prensa","value":"ocb_spanish_audio_html_scrape_1103"},{"label":"OCB \u00b7 Las noticias como son","value":"ocb_spanish_audio_html_scrape_142"},{"label":"OCB \u00b7 Abriendo Espacios","value":"ocb_spanish_audio_html_scrape_562"},{"label":"OCB \u00b7 Mart\u00ed Noticias A.M.","value":"ocb_spanish_audio_html_scrape_668"},{"label":"OCB Spanish Audio","value":"ocb_spanish_audio_scrape"},{"label":"OCB Spanish Video","value":"ocb_spanish_video_scrape"},{"label":"Pa Azadi Radio","value":"pa_azadiradio_com_rss"},{"label":"Pashtovoa","value":"pashtovoa_com_rss"},{"label":"Radiofaarda","value":"radiofaarda_com_direct"},{"label":"Radio Farda","value":"radiofarda_com_direct"},{"label":"Radio Farda","value":"radiofarda_com_rss"},{"label":"Radiosvoboda","value":"radiosvoboda_org_rss"},{"label":"Radiotavisupleba","value":"radiotavisupleba_ge_direct"},{"label":"Radiotavisupleba","value":"radiotavisupleba_ge_rss"},{"label":"Radiotelevisionmarti","value":"radiotelevisionmarti_com_direct"},{"label":"Radiotelevisionmarti","value":"radiotelevisionmarti_com_rss"},{"label":"RFA Burmese","value":"rfa_burmese_rss"},{"label":"RFA Burmese Video Scrape","value":"rfa_burmese_video_scrape"},{"label":"RFA Cantonese","value":"rfa_cantonese_rss"},{"label":"RFA Cantonese Video Scrape","value":"rfa_cantonese_video_scrape"},{"label":"RFA English RSS","value":"rfa_english_rss"},{"label":"RFA English Video","value":"rfa_english_video_scrape"},{"label":"RFA Khmer","value":"rfa_khmer_rss"},{"label":"RFA Khmer Video Scrape","value":"rfa_khmer_video_scrape"},{"label":"RFA Korean","value":"rfa_korean_rss"},{"label":"RFA Korean Video Scrape","value":"rfa_korean_video_scrape"},{"label":"RFA Lao","value":"rfa_lao_rss"},{"label":"RFA Lao Video Scrape","value":"rfa_lao_video_scrape"},{"label":"RFA Mandarin","value":"rfa_mandarin_rss"},{"label":"RFA Mandarin Video Scrape","value":"rfa_mandarin_video_scrape"},{"label":"RFA Tibetan","value":"rfa_tibetan_rss"},{"label":"RFA Tibetan Video Scrape","value":"rfa_tibetan_video_scrape"},{"label":"RFA Uyghur","value":"rfa_uyghur_rss"},{"label":"RFA Uyghur Video Scrape","value":"rfa_uyghur_video_scrape"},{"label":"RFA Vietnamese","value":"rfa_vietnamese_rss"},{"label":"RFA Vietnamese Video Scrape","value":"rfa_vietnamese_video_scrape"},{"label":"RFE/RL Direct","value":"rferl_direct"},{"label":"RFE/RL","value":"rferl_org_rss"},{"label":"Slobodnaevropa","value":"slobodnaevropa_org_direct"},{"label":"Slobodnaevropa","value":"slobodnaevropa_org_rss"},{"label":"Svoboda","value":"svoboda_org_direct"},{"label":"Svoboda","value":"svoboda_org_rss"},{"label":"Ukrainian VOA News","value":"ukrainian_voanews_com_rss"},{"label":"VOA Chinese Direct","value":"voa_chinese_direct"},{"label":"VOA Chinese RSS","value":"voa_chinese_rss"},{"label":"VOA Dari Direct","value":"voa_dari_direct"},{"label":"VOA Korea Direct","value":"voa_korea_direct"},{"label":"VOA Pashto Direct","value":"voa_pashto_direct"},{"label":"VOA Persian Direct","value":"voa_persian_direct"},{"label":"Voakorea","value":"voakorea_com_rss"}],"sources":["currenttime_tv_direct","currenttime_tv_rss","da_azadiradio_com_rss","darivoa_com_rss","dengeamerika_com_direct","dengeamerika_com_rss","dengiamerika_com_direct","dengiamerika_com_rss","editorials_voa_gov_rss","golosameriki_com_direct","golosameriki_com_rss","ir_voanews_com_rss","mashaalradio_com_direct","moldova_europalibera_org_direct","moldova_europalibera_org_rss","ocb_spanish_audio_html_scrape","ocb_spanish_audio_html_scrape_1001","ocb_spanish_audio_html_scrape_1016","ocb_spanish_audio_html_scrape_1028","ocb_spanish_audio_html_scrape_1056","ocb_spanish_audio_html_scrape_1061","ocb_spanish_audio_html_scrape_1077","ocb_spanish_audio_html_scrape_1078","ocb_spanish_audio_html_scrape_1103","ocb_spanish_audio_html_scrape_142","ocb_spanish_audio_html_scrape_562","ocb_spanish_audio_html_scrape_668","ocb_spanish_audio_scrape","ocb_spanish_video_scrape","pa_azadiradio_com_rss","pashtovoa_com_rss","radiofaarda_com_direct","radiofarda_com_direct","radiofarda_com_rss","radiosvoboda_org_rss","radiotavisupleba_ge_direct","radiotavisupleba_ge_rss","radiotelevisionmarti_com_direct","radiotelevisionmarti_com_rss","rfa_burmese_rss","rfa_burmese_video_scrape","rfa_cantonese_rss","rfa_cantonese_video_scrape","rfa_english_rss","rfa_english_video_scrape","rfa_khmer_rss","rfa_khmer_video_scrape","rfa_korean_rss","rfa_korean_video_scrape","rfa_lao_rss","rfa_lao_video_scrape","rfa_mandarin_rss","rfa_mandarin_video_scrape","rfa_tibetan_rss","rfa_tibetan_video_scrape","rfa_uyghur_rss","rfa_uyghur_video_scrape","rfa_vietnamese_rss","rfa_vietnamese_video_scrape","rferl_direct","rferl_org_rss","slobodnaevropa_org_direct","slobodnaevropa_org_rss","svoboda_org_direct","svoboda_org_rss","ukrainian_voanews_com_rss","voa_chinese_direct","voa_chinese_rss","voa_dari_direct","voa_korea_direct","voa_pashto_direct","voa_persian_direct","voakorea_com_rss"],"topics":[],"types":[["","All types"],["article","Articles"],["audio","Audio"],["video","Videos"],["clips","Clips"],["media","Media"]]},"has_next":false,"has_prev":true,"items":[{"article_body_paragraphs":[],"audio_source_url":null,"author":"Daniela Calmis","available_dubs":[],"downloadable_assets":["https://gdb.rferl.org/223377c5-2f8e-40d6-9aa3-d875d614a693_w1600_r1_n_s.jpg"],"duration_display":"0:00","duration_seconds":null,"embed_url":null,"id":10788,"image_caption":"Raid al poli\u021biei legat de presupusa cump\u0103rare de voturi, la Ungheni, \u00een 2024 (colaj din imagini de la Poli\u021bia R. Moldova)","image_url":"https://gdb.rferl.org/223377c5-2f8e-40d6-9aa3-d875d614a693_w1600_r1_n_s.jpg","is_clip":false,"item_type":"article","item_type_label":"Article","language_label":"Romanian","media_credit":"Daniela Calmis","micro_label":"Photo","micro_label_kind":"gallery","network_label":"RFE/RL","network_logo_url":"/static/uploads/direct_network_logos/rfe_rl_e69d397fdd7d.png","published_at":"2026-08-31T09:13:08","published_at_display":"31 Aug 2026, 09:13 GMT","sequence_badge_label":null,"sequence_count":null,"sequence_count_label":null,"sequence_frames":[],"sequence_kind":null,"source_name":"moldova_europalibera_org_rss","source_name_label":"Moldova Europalibera","source_type":"rss","summary":"Statul moldovean a reu\u0219it s\u0103 recupereze p\u00e2n\u0103 acum abia 5% din banii pe care Justi\u021bia a decis c\u0103 trebuie recupera\u021bi de la cei 23 membri din re\u021beaua \u0218or condamna\u021bi definitiv. De ce sc\u00e2r\u021bie \u00een R. Moldova procedura de recuperare a prejudiciilor? Gruparea construit\u0103 de oligarhul fugar Ilan \u0218or n-a fost doar despre corup\u021bie, proteste, influen\u021barea alegerilor sau subminarea democra\u021biei. A fost \u0219i despre bani. Mul\u021bi bani. \u00cen cele 23 de dosare penale \u00een care au fost implica\u021bi acoli\u021bi de-ai lui \u0218or finalizate cu condamn\u0103ri definitive, Justi\u021bia a stabilit un prejudiciu total de 244 de milioane de lei. Acest\u0103 sum\u0103 ar trebui confiscat\u0103 \u0219i virat\u0103 bugetului de stat. Potrivit unor calcule f\u0103cute de Europa Liber\u0103 \u00een baza sentin\u021belor judec\u0103tore\u0219ti definitive \u0219i a unor r\u0103spunsuri oficiale de la autorit\u0103\u021bi, p\u00e2n\u0103 la finele lunii august, R. Moldova a izbutit s\u0103 recupereze din aceast\u0103 sum\u0103 circa 12,5 milioane de lei. Adic\u0103 5% din prejudiciul total. Cei mai mul\u021bi bani \u2013 4,6 milioane de lei \u2013 au fost recupera\u021bi de la fostul bodyguard al lui Ilan \u0218or, Leonid Vaca, condamnat definitiv pentru finan\u021barea ilegal\u0103 a partidului \u201e\u0218ans\u0103\u201d \u2013 o forma\u021biune derivat\u0103 din fostul partid \u201e\u0218or\u201d, declarat neconstitu\u021bional \u00een 2023. Banii \u201edin tot sufletul\u201d au ajuns la buget \u00cen dup\u0103 amiaza zilei de 1 martie 2024, anchetatorii l-au surprins pe Vaca urc\u00e2nd \u00eentr-un Volkswagen condus de Valeriu Racu, curier \u00een re\u021beaua lui \u0218or. Racu tocmai \u00eei \u00eenm\u00e2nase bodyguardului un pachet negru, cu 613.500 de lei. Potrivit procurorilor, Vaca era doar un casier \u0219i urma s\u0103 depoziteze banii \u00eentr-un apartament conspirativ din sectorul Botanica al Chi\u0219in\u0103ului, \u00een care se aflau al\u021bi 4,57 de milioane de lei. Bancnotele urmau s\u0103 fie \u00eemp\u0103r\u021bite \u00een plicuri inscrip\u021bionate cu mesajul \u201eDin tot sufletul! Cu deosebit respect, Ilan \u0218or\u201d \u0219i s\u0103 fie \u00eemp\u0103r\u021bi\u021bi \u2013 clandestin \u2013 celor care prestau servicii pentru partidul \u201e\u0218ans\u0103\u201d. Vaca \u0219i Racu au fost prin\u0219i \u00een flagrant, iar banii ridica\u021bi de anchetatori. Racu \u0219i-a recunoscut vina \u0219i a fost prima persoan\u0103 condamnat\u0103 \u00een R. Moldova pentru finan\u021barea ilegal\u0103 a partidelor politice, primind o amend\u0103 de 45.000 de lei \u0219i confiscarea banilor. Leonid Vaca a fost \u0219i el trimis \u00een judecat\u0103 \u0219i condamnat definitiv abia \u00een martie 2026 la cinci ani de \u00eenchisoare, \u00eens\u0103 a reu\u0219it s\u0103 fug\u0103 din \u021bar\u0103. Este dat \u00een c\u0103utare. Serviciului Fiscal de Stat (SFS) spune pentru Europa Liber\u0103 c\u0103 banii g\u0103si\u021bi \u00een apartamentul conspirativ, dar \u0219i cei primi\u021bi de la Racu, au ajuns la bugetul de stat dup\u0103 condamn\u0103rile definitive. Aceasta este povestea celei mai mari sume pe care statul a reu\u0219it s\u0103 o recupereze din dosarele acoli\u021bilor lui \u0218or finalizate cu condamn\u0103ri. Cum arat\u0103 bilan\u021bul recuper\u0103rii Serviciul Fiscal ne-a precizat c\u0103, pe l\u00e2ng\u0103 cei 4,6 milioane confisca\u021bi din dosarul Vaca/Racu, a mai transferat aproape un milion de lei la bugetul de stat, dup\u0103 executarea a altor patru sentin\u021be definitive. \u00cen total: \u00een jur de 5,5 milioane de lei au ajuns la buget, via Fisc. Alte circa 7 milioane de lei au ajuns la buget din contul bunurilor sechestrate de Agen\u021bia pentru Recuperarea Bunurilor Infrac\u021bionale (ARBI). Printre ace\u0219ti bani se num\u0103r\u0103 \u0219i cei 30.000 de dolari (echivalentul a 505.767 de lei), pe care fosta deputat\u0103 Irina Lozovan \u0219i so\u021bul ei, Pavel G\u00eerleanu, i-au dat mit\u0103 primarului ora\u0219ului Ocni\u021ba, pentru ca acesta s\u0103 treac\u0103 de la Partidul Sociali\u0219tilor la Partidul \u201eRena\u0219tere\u201d \u2013 considerat \u201esuccesor\u201d al Partidului \u201e\u0218or\u201d. So\u021bii au reu\u0219it \u00eentre timp s\u0103 fug\u0103 din \u021bar\u0103 \u0219i au fost condamna\u021bi definitiv la \u0219ase, respectiv cinci ani de \u00eenchisoare. Europa Liber\u0103 a scris c\u0103 17 dintre cei 40 de complici ai lui \u0218or judeca\u021bi \u00een R. Moldova pentru finan\u021barea ilegal\u0103 a partidelor au fugit din \u021bar\u0103 \u00eenainte de a fi condamna\u021bi. Unii dintre ei se relaxau \u00een vacan\u021be \u00een Turcia, iar al\u021bii se ascundeau de justi\u021bie \u00een Federa\u021bia Rus\u0103. Dintre persoanele care au fost condamnate, doar cinci au ajuns s\u0103-\u0219i isp\u0103\u0219easc\u0103 efectiv pedeapsa \u00een penitenciar. Complicii din re\u021beaua lui \u0218or au fost acuza\u021bi c\u0103, dup\u0103 fuga oligarhului, au participat la finan\u021barea ilegal\u0103 a partidelor, organizarea mai multor proteste antiguvernamentale, scheme de corupere electoral\u0103 \u0219i ac\u021biuni de destabilizare politic\u0103 \u00een interesul Kremlinului. Potrivit anchetatorilor, re\u021beaua s-a bazat pe coordonatori teritoriali \u0219i intermediari care recrutau sus\u021bin\u0103tori, distribuiau bani \u2013 veni\u021bi de la Moscova \u2013 prin aplica\u021bii \u0219i conturi controlate prin interpu\u0219i \u0219i mobilizau participan\u021bi la proteste sau la vot. Amploarea dosarelor \u201e\u0218or\u201d Din 2019 \u0219i p\u00e2n\u0103 \u00een prezent, Procuratura General\u0103 (PG) a instrumentat 93 de cauze penale care vizeaz\u0103 coruperea electoral\u0103, finan\u021barea ilegal\u0103 a partidelor politice \u0219i alte infrac\u021biuni conexe, atribuite persoanelor afiliate fostului partid \u201e\u0218or\u201d. 54 au ajuns \u00een instan\u021b\u0103, viz\u00e2nd 66 de persoane, dintre care 29 de\u021bineau func\u021bii elective sau de conducere \u2013 inclusiv trei deputa\u021bi (Marina Tauber, Alexandr Nesterovschi, Irina Lozovan), ba\u0219canul G\u0103g\u0103uziei, Evghenia Gu\u021bul, patru fo\u0219ti pre\u0219edin\u021bi, 17 pre\u0219edin\u021bi, trei vicepre\u0219edin\u021bi \u0219i un fost vicepre\u0219edinte ai oficiilor teritoriale ale partidului. Alte 17 dosare se afl\u0103 \u00een faza de urm\u0103rire penal\u0103. Din cele ajunse \u00een judecat\u0103, 34 de cauze (41 de persoane) s-au \u00eencheiat cu sentin\u021be de condamnare \u2013 definitive sau nu \u2013 prin care s-a cerut confiscarea a peste 326 de milioane de lei. Cum (nu) func\u021bioneaz\u0103 mecanismul de recuperare a bunurilor infrac\u021bionale confiscate \u00centr-un r\u0103spuns pentru Europa Liber\u0103, Agen\u021bia de Recuperare a Bunurilor Infrac\u021bionale (ARBI) spune c\u0103, \u00een ultimii cinci ani, a aplicat sechestre \u00een valoare total\u0103 de circa 30 de milioane de lei \u00een cauzele penale care vizeaz\u0103 finan\u021barea ilegal\u0103 a partidelor politice sau fraude electorale. Suma vizeaz\u0103 toate dosarele de acest fel, nu doar pe cele ale acoli\u021bilor lui \u0218or. Un raport al Cur\u021bii de Conturi (CC) realizat \u00een perioada 2023-2025 arat\u0103 c\u0103, \u00een ultimii opt ani, doar 0,6% din valoarea bunurilor pe care ARBI le pune sub sechestru ajunge efectiv la buget. \u00cen procesul de recuperare a prejudiciilor \u2013 care are mai multe etape \u2013 sunt implicate mai multe institu\u021bii. G\u0103sirea sumelor/bunurilor folosite \u00een infrac\u021biuni apar\u021bine poli\u021bi\u0219tilor sau procurorilor. ARBI este institu\u021bia care le pune sub sechestru. Confiscarea este dispus\u0103 de instan\u021bele judec\u0103tore\u0219ti, iar gestionare \u0219i v\u00e2nzarea bunurilor confiscate cad \u00een sarcina Serviciului Fiscal de Stat (SFS). P\u00e2n\u0103 \u00een iunie 2025, executarea silit\u0103 a hot\u0103r\u00e2rilor de confiscare special\u0103 \u0219i extins\u0103 era atribu\u021bia executorilor judec\u0103tore\u0219ti. Atunci a intrat \u00een vigoare legea privind perfec\u021bionarea mecanismului de confiscare a bunurilor infrac\u021bionale, prin care recuperarea prejudiciilor a trecut integral \u00een competen\u021ba SFS. 550 milioane ratate De\u0219i s-a vrut un sistem mai eficient, Curtea de Conturi a constatat c\u0103 administrarea \u0219i recuperarea bunurilor provenite din infrac\u021biuni este reglementat\u0103 de legi dep\u0103\u0219ite, \u00een timp ce sistemele informatice ale institu\u021biilor implicate sunt defectuoase. De pild\u0103, dintr-un prejudiciu de 567,5 milioane de lei stabilit prin 404 acte executorii, care dateaz\u01ce din perioada 2010-2025, la buget au ajuns doar 17 milioane. De asemenea, bunuri confiscate \u00een valoare de 61,5 milioane de lei au fost v\u00e2ndute de Fisc cu reduceri de 80%, statul \u00eencas\u00e2nd \u00een cele din urm\u0103 doar 11,8 milioane de lei. Ca urmare a acestor constat\u0103ri, Curtea a formulat 18 recomand\u0103ri c\u0103tre institu\u021biile implicate \u00een procesul de recuperare a bunurilor infrac\u021bionale confiscate; cele mai multe c\u0103tre SFS. Pe 13 mai, c\u00e2nd Comisia parlamentar\u0103 pentru control al finan\u021belor publice a examinat raportul Cur\u021bii de Conturi, Sergiu Arhirii, director adjunct SFS, a spus c\u0103 institu\u021bia pe care o reprezint\u0103 a elaborat un plan de ac\u021biuni. \u201eNe-am stabilit ca, p\u00e2n\u0103 la finele anului 2026, SFS s\u0103 dezvolte \u0219i s\u0103 fie opera\u021bional\u0103 o platform\u0103 online (magazin online) de comercializare a bunurilor confiscate\u201d. Arhirii a mai ad\u0103ugat c\u0103 SFS a preluat toate titlurile executorii privind confiscarea special\u0103 \u0219i extins\u0103 emise \u00een perioada 2010-2025, care, p\u00e2n\u0103 la modific\u0103rile legislative din vara anului 2025, se aflau \u00een gestiunea executorilor judec\u0103tore\u0219ti, preciz\u00e2nd c\u0103 \u201ea \u00eenceput acelea\u0219i activit\u0103\u021bi, de la zero, pentru a executa, \u00een m\u0103sura posibilit\u0103\u021bilor, documentele executorii recep\u021bionate\u201d. Europa Liber\u0103 Moldova este \u0219i pe Google News. Aboneaz\u0103-te .","title":"C\u00e2\u021bi bani (nu) a recuperat Republica Moldova de la condamna\u021bii din re\u021beaua \u0218or","topic":null,"translation_language":"","url":"https://moldova.europalibera.org/a/cati-bani-nu-a-recuperat-republica-moldova-de-la-condamnatii-din-reteaua-sor/33843917.html","video_url":null},{"article_body_paragraphs":[],"audio_source_url":null,"author":"Ionu\u021b Benea","available_dubs":[],"downloadable_assets":["https://rfe-video-ns.akamaized.net/pangeavideo/2026/08/f/fc/fc963c7d-c29a-4f27-8724-08decad17715_1080p.mp4?cb=ee222867f"],"duration_display":"0:00","duration_seconds":null,"embed_url":null,"id":10253,"image_caption":null,"image_url":null,"is_clip":false,"item_type":"article","item_type_label":"Article","language_label":"Romanian","media_credit":"Ionu\u021b Benea","micro_label":null,"micro_label_kind":null,"network_label":"RFE/RL","network_logo_url":"/static/uploads/direct_network_logos/rfe_rl_e69d397fdd7d.png","published_at":"2026-08-27T18:39:21","published_at_display":"27 Aug 2026, 18:39 GMT","sequence_badge_label":null,"sequence_count":null,"sequence_count_label":null,"sequence_frames":[],"sequence_kind":null,"source_name":"moldova_europalibera_org_rss","source_name_label":"Moldova Europalibera","source_type":"rss","summary":"Liderul ucrainean Volodimir Zelenski le-a transmis moldovenilor aduna\u021bi \u00een Pia\u021ba Marii Adun\u0103ri Na\u021bionale cu ocazia Zilei Independen\u021bei c\u0103 Ucraina \u0219i R. Moldova vor fi \u00eempreun\u0103 \u00een Europa, \u201ecare este liber\u0103\u201d.","title":"V. Zelenski \u00een fa\u021ba moldovenilor din Pia\u021b\u0103: \u201eUcraina v\u0103 iube\u0219te. O s\u0103 fim \u00eempreun\u0103 \u00een Europa liber\u0103\u201d","topic":null,"translation_language":"","url":"https://www.europalibera.md/a/33842012.html","video_url":null},{"article_body_paragraphs":[],"audio_source_url":null,"author":"Ionu\u021b Benea","available_dubs":[],"downloadable_assets":["https://rfe-video-ns.akamaized.net/pangeavideo/2026/08/f/fc/fc963c7d-c29a-4f27-8724-08decad17715_1080p.mp4?cb=ee222867f"],"duration_display":"0:00","duration_seconds":null,"embed_url":null,"id":9751,"image_caption":null,"image_url":null,"is_clip":false,"item_type":"article","item_type_label":"Article","language_label":"Romanian","media_credit":"Ionu\u021b Benea","micro_label":null,"micro_label_kind":null,"network_label":"RFE/RL","network_logo_url":"/static/uploads/direct_network_logos/rfe_rl_e69d397fdd7d.png","published_at":"2026-08-27T18:39:21","published_at_display":"27 Aug 2026, 18:39 GMT","sequence_badge_label":null,"sequence_count":null,"sequence_count_label":null,"sequence_frames":[],"sequence_kind":null,"source_name":"moldova_europalibera_org_rss","source_name_label":"Moldova Europalibera","source_type":"rss","summary":"Liderul ucrainean Volodimir Zelenski le-a transmis moldovenilor aduna\u021bi \u00een Pia\u021ba Marii Adun\u0103ri Na\u021bionale cu ocazia Zilei Independen\u021bei c\u0103 Ucraina \u0219i R. Moldova vor fi \u00eempreun\u0103 \u00een Europa, \u201ecare este liber\u0103\u201d.","title":"V. Zelenski \u00een fa\u021ba moldovenilor din Pia\u021b\u0103: \u201eUcraina v\u0103 iube\u0219te. O s\u0103 fim \u00eempreun\u0103 \u00een Europa liber\u0103\u201d","topic":null,"translation_language":"","url":"https://moldova.europalibera.org/a/33842012.html","video_url":null},{"article_body_paragraphs":[],"audio_source_url":null,"author":"Ionu\u021b Benea","available_dubs":[],"downloadable_assets":["https://rfe-video-ns.akamaized.net/pangeavideo/2026/08/c/cf/cf374f5a-0553-489b-fb9c-08def2b08775_1080p.mp4?cb=ee221e5e6"],"duration_display":"0:00","duration_seconds":null,"embed_url":null,"id":9457,"image_caption":null,"image_url":null,"is_clip":false,"item_type":"article","item_type_label":"Article","language_label":"Romanian","media_credit":"Ionu\u021b Benea","micro_label":null,"micro_label_kind":null,"network_label":"RFE/RL","network_logo_url":"/static/uploads/direct_network_logos/rfe_rl_e69d397fdd7d.png","published_at":"2026-08-27T04:04:30","published_at_display":"27 Aug 2026, 04:04 GMT","sequence_badge_label":null,"sequence_count":null,"sequence_count_label":null,"sequence_frames":[],"sequence_kind":null,"source_name":"moldova_europalibera_org_rss","source_name_label":"Moldova Europalibera","source_type":"rss","summary":"R. Moldova \u00eempline\u0219te pe 27 august 35 de ani de c\u00e2nd a decis c\u0103 este un \u201estat suveran \u0219i democratic, liber s\u0103-\u0219i hot\u0103rasc\u0103 prezentul \u0219i viitorul\u201d. Aniversarea nu este doar festiv\u0103, ci \u0219i simbolic\u0103: pentru prima dat\u0103 \u00een istoria sa, Moldova nu va mai scoate la parad\u0103 echipamente militare sovietice.","title":"R. Moldova s\u0103rb\u0103tore\u0219te 35 de ani de Independen\u021b\u0103. V. Zelenski \u0219i N. Dan vor fi prezen\u021bi pe scena din Pia\u021ba Marii Adun\u0103ri Na\u021bionale","topic":null,"translation_language":"","url":"https://moldova.europalibera.org/a/33840484.html","video_url":null},{"article_body_paragraphs":[],"audio_source_url":null,"author":"Petru Be\u0219leaga","available_dubs":[],"downloadable_assets":["https://rfe-video-ns.akamaized.net/pangeavideo/2026/08/3/33/33f96e77-c7af-4c26-47a7-08decacf94d0_1080p.mp4?cb=ee210fa7f"],"duration_display":"0:00","duration_seconds":null,"embed_url":null,"id":5189,"image_caption":null,"image_url":null,"is_clip":false,"item_type":"article","item_type_label":"Article","language_label":"Romanian","media_credit":"Petru Be\u0219leaga","micro_label":null,"micro_label_kind":null,"network_label":"RFE/RL","network_logo_url":"/static/uploads/direct_network_logos/rfe_rl_e69d397fdd7d.png","published_at":"2026-08-14T14:57:58","published_at_display":"14 Aug 2026, 14:57 GMT","sequence_badge_label":null,"sequence_count":null,"sequence_count_label":null,"sequence_frames":[],"sequence_kind":null,"source_name":"moldova_europalibera_org_rss","source_name_label":"Moldova Europalibera","source_type":"rss","summary":"Sute de clone ale unor platforme interzise de jocuri de noroc racoleaz\u0103 clien\u021bi din R. Moldova prin intermediul re\u021belelor sociale. Cele mai r\u0103sp\u00e2ndite sunt 1Win \u0219i 1XBet \u2013 dou\u0103 platforme cu origini ruse\u0219ti implicate \u00een trecut \u00een cazuri de fraud\u0103 sau scurgerea de date personale.","title":"Caracati\u021ba sloturilor online din Moldova. Dou\u0103 platforme cu origini ruse\u0219ti concureaz\u0103 pe pia\u021ba ilegal\u0103 a pariurilor","topic":null,"translation_language":"","url":"https://moldova.europalibera.org/a/caracatita-sloturilor-online-din-moldova-doua-platforme-cu-origini-rusesti-concureaza-pe-piata-ilegala-a-pariurilor/33830503.html","video_url":null},{"article_body_paragraphs":[],"audio_source_url":null,"author":"Silvia Rotaru, Veaceslav Ceban","available_dubs":[],"downloadable_assets":["https://rfe-video-ns.akamaized.net/pangeavideo/2026/08/1/14/148ff4e3-f215-407d-7fc6-08def2afcceb_1080p.mp4?cb=ee20fcdfc"],"duration_display":"0:00","duration_seconds":null,"embed_url":null,"id":4808,"image_caption":null,"image_url":null,"is_clip":false,"item_type":"article","item_type_label":"Article","language_label":"Romanian","media_credit":"Silvia Rotaru, Veaceslav Ceban","micro_label":null,"micro_label_kind":null,"network_label":"RFE/RL","network_logo_url":"/static/uploads/direct_network_logos/rfe_rl_e69d397fdd7d.png","published_at":"2026-08-13T14:47:28","published_at_display":"13 Aug 2026, 14:47 GMT","sequence_badge_label":null,"sequence_count":null,"sequence_count_label":null,"sequence_frames":[],"sequence_kind":null,"source_name":"moldova_europalibera_org_rss","source_name_label":"Moldova Europalibera","source_type":"rss","summary":"\u00cen lipsa unei \u0219osele de centur\u0103 care s\u0103 reduc\u0103 traficul infernal din Chi\u0219in\u0103u, prim\u0103ria capitalei vrea s\u0103 construiasc\u0103 \u00een jur de 1.400 de locuri de parcare de tip Park & Ride \u00een cinci zone din ora\u0219. Exper\u021bii spun c\u0103 unele sunt amplasate \u00een locuri nepotrivite, care nu sunt conectate la mijloacele de transport \u00een comun.","title":"Unde vor fi viitoarele parc\u0103ri Park & Ride din Chi\u0219in\u0103u. \u021ai-ai l\u0103sa ma\u0219ina acolo pentru a lua autobuzul spre centru?","topic":null,"translation_language":"","url":"https://moldova.europalibera.org/a/unde-vor-fi-viitoarele-parcari-park-ride-din-chisinau-ti-ai-lasa-masina-acolo-pentru-a-lua-autobuzul-spre-centru/33829744.html","video_url":null},{"article_body_paragraphs":[],"audio_source_url":null,"author":"Cristina Popu\u0219oi, Europa Liber\u0103 Moldova","available_dubs":[],"downloadable_assets":["https://rfe-video-ns.akamaized.net/pangeavideo/2026/08/0/05/05f77f19-eeca-4253-1bd8-08decad58b60_1080p.mp4?cb=ee20e3e54"],"duration_display":"0:00","duration_seconds":null,"embed_url":null,"id":4430,"image_caption":null,"image_url":null,"is_clip":false,"item_type":"article","item_type_label":"Article","language_label":"Romanian","media_credit":"Cristina Popu\u0219oi, Europa Liber\u0103 Moldova","micro_label":null,"micro_label_kind":null,"network_label":"RFE/RL","network_logo_url":"/static/uploads/direct_network_logos/rfe_rl_e69d397fdd7d.png","published_at":"2026-08-12T15:00:00","published_at_display":"12 Aug 2026, 15:00 GMT","sequence_badge_label":null,"sequence_count":null,"sequence_count_label":null,"sequence_frames":[],"sequence_kind":null,"source_name":"moldova_europalibera_org_rss","source_name_label":"Moldova Europalibera","source_type":"rss","summary":"\u00cen numai trei s\u0103pt\u0103m\u00e2ni de mandat, premierul Vasile Tofan \u0219i-a rescris \u201elegenda\u201d din tehnocrat \u00een politician, PAS are un candidat la preziden\u021bialele din 2028, dar nu pe Tofan, iar R. Moldova are nevoie \u0219i de un plan C, nu doar de A \u0219i B \u2013 este rezumatul noului episod din Pe Agend\u0103, cu Ion Sturza.","title":"Pe Agend\u0103 cu Ion Sturza: Despre reforma \u201emoale\u201d a premierului Tofan \u0219i nevoia unui plan C la Chi\u0219in\u0103u","topic":null,"translation_language":"","url":"https://moldova.europalibera.org/a/pe-agenda-cu-ion-sturza-despre-reforma-moale-a-premierului-tofan-si-nevoia-unui-plan-c-la-chisinau/33827689.html","video_url":null},{"article_body_paragraphs":[],"audio_source_url":null,"author":"Eugen Uru\u0219ciuc, Europa Liber\u0103 Moldova","available_dubs":[],"downloadable_assets":["https://rfe-video-ns.akamaized.net/pangeavideo/2026/08/9/9d/9d72ec6f-4922-4765-46cc-08decacf94d0_1080p.mp4?cb=ee20b9116"],"duration_display":"0:00","duration_seconds":null,"embed_url":null,"id":3538,"image_caption":null,"image_url":null,"is_clip":false,"item_type":"article","item_type_label":"Article","language_label":"Romanian","media_credit":"Eugen Uru\u0219ciuc, Europa Liber\u0103 Moldova","micro_label":null,"micro_label_kind":null,"network_label":"RFE/RL","network_logo_url":"/static/uploads/direct_network_logos/rfe_rl_e69d397fdd7d.png","published_at":"2026-08-10T11:44:06","published_at_display":"10 Aug 2026, 11:44 GMT","sequence_badge_label":null,"sequence_count":null,"sequence_count_label":null,"sequence_frames":[],"sequence_kind":null,"source_name":"moldova_europalibera_org_rss","source_name_label":"Moldova Europalibera","source_type":"rss","summary":"Autorit\u0103\u021bile moldovene au condamnat explozia de duminic\u0103 de la marginea satului Crocmaz, care a proiectat schije \u201epe o suprafa\u021b\u0103 extins\u0103\u201d, spun\u00e2nd c\u0103 a fost cauzat\u0103 de o dron\u0103-rachet\u0103 picat\u0103 \u00een premier\u0103 \u00een R. Moldova. Ce sunt dronele hibrid trimise tot mai mult de Rusia \u00een regiunea ucrainean\u0103 Odesa?","title":"Ce sunt \u201eBanderolele\u201d trimise de Rusia asupra Odesei \u0219i ce muni\u021bie a lovit la Crocmaz","topic":null,"translation_language":"","url":"https://moldova.europalibera.org/a/ce-sunt-baderolele-trimise-de-rusia-asupra-odesei-si-ce-munitie-a-lovit-la-crocmaz/33825847.html","video_url":null},{"article_body_paragraphs":[],"audio_source_url":null,"author":"Petru Be\u0219leaga","available_dubs":[],"downloadable_assets":["https://rfe-video-ns.akamaized.net/pangeavideo/2026/08/3/35/3554ec82-7c0a-459c-7f15-08def2afcceb_1080p.mp4?cb=ee20b7363"],"duration_display":"0:00","duration_seconds":null,"embed_url":null,"id":3488,"image_caption":null,"image_url":null,"is_clip":false,"item_type":"article","item_type_label":"Article","language_label":"Romanian","media_credit":"Petru Be\u0219leaga","micro_label":null,"micro_label_kind":null,"network_label":"RFE/RL","network_logo_url":"/static/uploads/direct_network_logos/rfe_rl_e69d397fdd7d.png","published_at":"2026-08-10T07:25:02","published_at_display":"10 Aug 2026, 07:25 GMT","sequence_badge_label":null,"sequence_count":null,"sequence_count_label":null,"sequence_frames":[],"sequence_kind":null,"source_name":"moldova_europalibera_org_rss","source_name_label":"Moldova Europalibera","source_type":"rss","summary":"Moldovenii au cheltuit \u00een 2025 peste 10 miliarde de lei pe jocuri de noroc. Loteria Na\u021bional\u0103, gestionat\u0103 de stat \u0219i care de\u021bine monopol \u00een domeniu, \u0219i-a triplat venitul \u0219i profitul \u00een ultimii cinci ani. Speciali\u0219tii spun c\u0103 unii dependen\u021bi de jocurile de noroc \u201ese g\u00e2ndesc la suicid\u201d.","title":"Moldovenii cheltuie \u00eentr-un an pe jocurile de noroc de cinci ori bugetul ap\u0103r\u0103rii. Loteria Na\u021bional\u0103 \u0219i-a triplat profitul dup\u0103 pandemie","topic":null,"translation_language":"","url":"https://moldova.europalibera.org/a/moldovenii-cheltuie-intr-un-an-pe-jocurile-de-noroc-de-cinci-ori-bugetul-apararii-loteria-nationala-si-a-triplat-profitul-dupa-pandemie/33824315.html","video_url":null},{"article_body_paragraphs":[],"audio_source_url":null,"author":"Ionu\u021b Benea","available_dubs":[],"downloadable_assets":["https://rfe-video-ns.akamaized.net/pangeavideo/2026/07/6/6c/6c211665-9057-406d-1a51-08decd1d5d42_1080p.mp4?cb=ee1f2c045"],"duration_display":"0:00","duration_seconds":null,"embed_url":null,"id":836,"image_caption":null,"image_url":null,"is_clip":false,"item_type":"article","item_type_label":"Article","language_label":"Romanian","media_credit":"Ionu\u021b Benea","micro_label":null,"micro_label_kind":null,"network_label":"RFE/RL","network_logo_url":"/static/uploads/direct_network_logos/rfe_rl_e69d397fdd7d.png","published_at":"2026-07-23T06:46:14","published_at_display":"23 Jul 2026, 06:46 GMT","sequence_badge_label":null,"sequence_count":null,"sequence_count_label":null,"sequence_frames":[],"sequence_kind":null,"source_name":"moldova_europalibera_org_rss","source_name_label":"Moldova Europalibera","source_type":"rss","summary":"Peste 100 de permise de conducere rom\u00e2ne\u0219ti descoperite la gunoi\u0219tea neautorizat\u0103 din satul Porumbeni, raionul Criuleni, sunt autentice, \u00eens\u0103 expirate \u2013 a descoperit Europa Liber\u0103. Ele au fost trimise unei fabrici de h\u00e2rtie din Chi\u0219in\u0103u de o firm\u0103 din Vaslui.","title":"Permisele rom\u00e2ne\u0219ti de la gunoi\u0219tea din Porumbeni sunt autentice. Cum au ajuns de la Vaslui la o fabric\u0103 de h\u00e2rtie igienic\u0103 din Chi\u0219in\u0103u","topic":null,"translation_language":"","url":"https://moldova.europalibera.org/a/permisele-romanesti-de-la-gunoistea-din-porumbeni-sunt-autentice-cum-au-ajuns-de-la-vaslui-la-o-fabrica-de-hartie-igienica-din-chisinau/33809927.html","video_url":null}],"next_num":null,"page":3,"pages":3,"per_page":20,"prev_num":2,"total":50}
