{"applied_filters":{"end_date":"","lang":"","language":"","network":"","page":3,"per_page":20,"search":"","source":"ocb_spanish_video_scrape","start_date":"","topic":"","type":""},"available_filters":{"language_choices":[{"label":"Choose Language","value":""},{"label":"English","value":"English"},{"label":"Espa\u00f1ol","value":"Espa\u00f1ol"},{"label":"Fran\u00e7ais","value":"Fran\u00e7ais"}],"network_choices":[{"label":"All networks","value":""},{"label":"OCB","value":"OCB"}],"source_choices":[{"label":"All sources","value":""},{"label":"Current Time","value":"currenttime_tv_direct"},{"label":"Current Time","value":"currenttime_tv_rss"},{"label":"Da Azadi Radio","value":"da_azadiradio_com_rss"},{"label":"Darivoa","value":"darivoa_com_rss"},{"label":"Dengeamerika","value":"dengeamerika_com_direct"},{"label":"Dengeamerika","value":"dengeamerika_com_rss"},{"label":"Dengiamerika","value":"dengiamerika_com_direct"},{"label":"Dengiamerika","value":"dengiamerika_com_rss"},{"label":"Editorials VOA","value":"editorials_voa_gov_rss"},{"label":"Golosameriki","value":"golosameriki_com_direct"},{"label":"Golosameriki","value":"golosameriki_com_rss"},{"label":"Ir VOA News","value":"ir_voanews_com_rss"},{"label":"Mashaalradio","value":"mashaalradio_com_direct"},{"label":"Moldova Europalibera","value":"moldova_europalibera_org_direct"},{"label":"Moldova Europalibera","value":"moldova_europalibera_org_rss"},{"label":"OCB \u00b7 Caf\u00e9 Digital","value":"ocb_spanish_audio_html_scrape"},{"label":"OCB \u00b7 Liberaci\u00f3n","value":"ocb_spanish_audio_html_scrape_1001"},{"label":"OCB \u00b7 Programas de Radio Nuestra Am\u00e9rica","value":"ocb_spanish_audio_html_scrape_1016"},{"label":"OCB \u00b7 Agenda hemisf\u00e9rica","value":"ocb_spanish_audio_html_scrape_1028"},{"label":"OCB \u00b7 El futuro es ya","value":"ocb_spanish_audio_html_scrape_1056"},{"label":"OCB \u00b7 Foro abierto","value":"ocb_spanish_audio_html_scrape_1061"},{"label":"OCB \u00b7 Nicaragua al d\u00eda","value":"ocb_spanish_audio_html_scrape_1077"},{"label":"OCB \u00b7 La bola nostra","value":"ocb_spanish_audio_html_scrape_1078"},{"label":"OCB \u00b7 Taller de prensa","value":"ocb_spanish_audio_html_scrape_1103"},{"label":"OCB \u00b7 Las noticias como son","value":"ocb_spanish_audio_html_scrape_142"},{"label":"OCB \u00b7 Abriendo Espacios","value":"ocb_spanish_audio_html_scrape_562"},{"label":"OCB \u00b7 Mart\u00ed Noticias A.M.","value":"ocb_spanish_audio_html_scrape_668"},{"label":"OCB Spanish Audio","value":"ocb_spanish_audio_scrape"},{"label":"OCB Spanish Video","value":"ocb_spanish_video_scrape"},{"label":"Pa Azadi Radio","value":"pa_azadiradio_com_rss"},{"label":"Pashtovoa","value":"pashtovoa_com_rss"},{"label":"Radiofaarda","value":"radiofaarda_com_direct"},{"label":"Radio Farda","value":"radiofarda_com_direct"},{"label":"Radio Farda","value":"radiofarda_com_rss"},{"label":"Radiosvoboda","value":"radiosvoboda_org_rss"},{"label":"Radiotavisupleba","value":"radiotavisupleba_ge_direct"},{"label":"Radiotavisupleba","value":"radiotavisupleba_ge_rss"},{"label":"Radiotelevisionmarti","value":"radiotelevisionmarti_com_direct"},{"label":"Radiotelevisionmarti","value":"radiotelevisionmarti_com_rss"},{"label":"RFA Burmese","value":"rfa_burmese_rss"},{"label":"RFA Burmese Video Scrape","value":"rfa_burmese_video_scrape"},{"label":"RFA Cantonese","value":"rfa_cantonese_rss"},{"label":"RFA Cantonese Video Scrape","value":"rfa_cantonese_video_scrape"},{"label":"RFA English RSS","value":"rfa_english_rss"},{"label":"RFA English Video","value":"rfa_english_video_scrape"},{"label":"RFA Khmer","value":"rfa_khmer_rss"},{"label":"RFA Khmer Video Scrape","value":"rfa_khmer_video_scrape"},{"label":"RFA Korean","value":"rfa_korean_rss"},{"label":"RFA Korean Video Scrape","value":"rfa_korean_video_scrape"},{"label":"RFA Lao","value":"rfa_lao_rss"},{"label":"RFA Lao Video Scrape","value":"rfa_lao_video_scrape"},{"label":"RFA Mandarin","value":"rfa_mandarin_rss"},{"label":"RFA Mandarin Video Scrape","value":"rfa_mandarin_video_scrape"},{"label":"RFA Tibetan","value":"rfa_tibetan_rss"},{"label":"RFA Tibetan Video Scrape","value":"rfa_tibetan_video_scrape"},{"label":"RFA Uyghur","value":"rfa_uyghur_rss"},{"label":"RFA Uyghur Video Scrape","value":"rfa_uyghur_video_scrape"},{"label":"RFA Vietnamese","value":"rfa_vietnamese_rss"},{"label":"RFA Vietnamese Video Scrape","value":"rfa_vietnamese_video_scrape"},{"label":"RFE/RL Direct","value":"rferl_direct"},{"label":"RFE/RL","value":"rferl_org_rss"},{"label":"Slobodnaevropa","value":"slobodnaevropa_org_direct"},{"label":"Slobodnaevropa","value":"slobodnaevropa_org_rss"},{"label":"Svoboda","value":"svoboda_org_direct"},{"label":"Svoboda","value":"svoboda_org_rss"},{"label":"Ukrainian VOA News","value":"ukrainian_voanews_com_rss"},{"label":"VOA Chinese Direct","value":"voa_chinese_direct"},{"label":"VOA Chinese RSS","value":"voa_chinese_rss"},{"label":"VOA Dari Direct","value":"voa_dari_direct"},{"label":"VOA Korea Direct","value":"voa_korea_direct"},{"label":"VOA Pashto Direct","value":"voa_pashto_direct"},{"label":"VOA Persian Direct","value":"voa_persian_direct"},{"label":"Voakorea","value":"voakorea_com_rss"}],"sources":["currenttime_tv_direct","currenttime_tv_rss","da_azadiradio_com_rss","darivoa_com_rss","dengeamerika_com_direct","dengeamerika_com_rss","dengiamerika_com_direct","dengiamerika_com_rss","editorials_voa_gov_rss","golosameriki_com_direct","golosameriki_com_rss","ir_voanews_com_rss","mashaalradio_com_direct","moldova_europalibera_org_direct","moldova_europalibera_org_rss","ocb_spanish_audio_html_scrape","ocb_spanish_audio_html_scrape_1001","ocb_spanish_audio_html_scrape_1016","ocb_spanish_audio_html_scrape_1028","ocb_spanish_audio_html_scrape_1056","ocb_spanish_audio_html_scrape_1061","ocb_spanish_audio_html_scrape_1077","ocb_spanish_audio_html_scrape_1078","ocb_spanish_audio_html_scrape_1103","ocb_spanish_audio_html_scrape_142","ocb_spanish_audio_html_scrape_562","ocb_spanish_audio_html_scrape_668","ocb_spanish_audio_scrape","ocb_spanish_video_scrape","pa_azadiradio_com_rss","pashtovoa_com_rss","radiofaarda_com_direct","radiofarda_com_direct","radiofarda_com_rss","radiosvoboda_org_rss","radiotavisupleba_ge_direct","radiotavisupleba_ge_rss","radiotelevisionmarti_com_direct","radiotelevisionmarti_com_rss","rfa_burmese_rss","rfa_burmese_video_scrape","rfa_cantonese_rss","rfa_cantonese_video_scrape","rfa_english_rss","rfa_english_video_scrape","rfa_khmer_rss","rfa_khmer_video_scrape","rfa_korean_rss","rfa_korean_video_scrape","rfa_lao_rss","rfa_lao_video_scrape","rfa_mandarin_rss","rfa_mandarin_video_scrape","rfa_tibetan_rss","rfa_tibetan_video_scrape","rfa_uyghur_rss","rfa_uyghur_video_scrape","rfa_vietnamese_rss","rfa_vietnamese_video_scrape","rferl_direct","rferl_org_rss","slobodnaevropa_org_direct","slobodnaevropa_org_rss","svoboda_org_direct","svoboda_org_rss","ukrainian_voanews_com_rss","voa_chinese_direct","voa_chinese_rss","voa_dari_direct","voa_korea_direct","voa_pashto_direct","voa_persian_direct","voakorea_com_rss"],"topics":["Am\u00e9rica Latina, VENEZUELA, Maiquetia","Asuntos de Estado","Audiovisuales Mart\u00ed","Audiovisuales Mart\u00ed, Cuba turismo, crisis del turismo en Cuba","Audiovisuales Mart\u00ed, VENEZUELA, apagones","Como Come Cuba, cuba, Como Come Cuba","Cuba Habla","Cuba Habla, Cuba","Cuba al D\u00eda, Cuba","Derechos Humanos, cuba, exilio, c\u00e1ncer, Ram\u00f3n Sa\u00fal S\u00e1nchez","Especiales, Exilio cubano, Freedom tower, \"Libertad\", Torre de la Libertad de Miami, Exilio cubano en Miami","Especiales, jos\u00e9 mart\u00ed, Exilio cubano","Esperando un techo, cuba, crisis, vivienda, derrumbes, techo, paredes, EsperandounTecho","Info Mart\u00ed","Info Mart\u00ed , Brigada 2506","Info Mart\u00ed , Cuba","Info Mart\u00ed , Estados Unidos, Colombia","Info Mart\u00ed , Estados Unidos, VENEZUELA","Info Mart\u00ed , estados unidos, Venezuela","Info Mart\u00ed , presos politicos, torturas, VENEZUELA","Kentu-Cubano, cuba, cubanos, Kentucky, migrantes, KentoCubano","Las Noticias Como Son, Cuba","Noticiero Mart\u00ed Noticias","Noticiero Mart\u00ed Noticias, Cuba","Ser Madre en cuba, cuba, hambre, r\u00e9gimen, madre, negligencia, Testimonios, Crisis Econ\u00f3mica, madre cubana, Crisis Alimentaria","Ser viejo en Cuba, cuba, cubanos, crisis, alimentos, ancianos, viejos, vejez"],"types":[["","All types"],["video","Videos"],["clips","Clips"],["media","Media"]]},"has_next":true,"has_prev":true,"items":[{"article_body_paragraphs":[],"audio_source_url":null,"author":"Mart\u00ed Noticias","available_dubs":[],"downloadable_assets":["https://ocb-video-ns.akamaized.net/pangeavideo/2026/08/4/40/4025d0e0-2d96-4557-cf8e-08decd5b38e4_1080p.mp4?cb=ee215965c"],"duration_display":"1:47","duration_seconds":107.0,"embed_url":null,"id":12722,"image_caption":null,"image_url":"https://gdb.martinoticias.com/4025d0e0-2d96-4557-cf8e-08decd5b38e4_tv_w1080_h608.jpg","is_clip":true,"item_type":"video","item_type_label":"Video","language_label":"Espa\u00f1ol","media_credit":"Mart\u00ed Noticias","micro_label":"Video report","micro_label_kind":"video","network_label":"OCB","network_logo_url":"/static/uploads/direct_network_logos/ocb_0888427dcb1d.svg","published_at":"2026-08-19T11:00:00","published_at_display":"19 Aug 2026, 11:00 GMT","sequence_badge_label":null,"sequence_count":null,"sequence_count_label":null,"sequence_frames":[],"sequence_kind":null,"source_name":"ocb_spanish_video_scrape","source_name_label":"OCB Spanish Video","source_type":"scrape","summary":"\"Van a venir momentos m\u00e1s dif\u00edciles\" asegura anciana cubana desde la capital del pa\u00eds.","title":"Cuba Habla: \u201cSon momentos dif\u00edciles\u201d","topic":"Cuba Habla","translation_language":"","url":"https://www.martinoticias.com/a/cuba-habla-son-momentos-dif%C3%ADciles/475660.html","video_url":"https://ocb-video-ns.akamaized.net/pangeavideo/2026/08/4/40/4025d0e0-2d96-4557-cf8e-08decd5b38e4_1080p.mp4?cb=ee215965c"},{"article_body_paragraphs":[],"audio_source_url":null,"author":"Mart\u00ed Noticias","available_dubs":[],"downloadable_assets":["https://ocb-video-ns.akamaized.net/pangeavideo/2026/08/4/42/42d1a03c-a596-4fae-7c48-08def2b1c8fe_1080p.mp4?cb=ee215940a"],"duration_display":"1:07","duration_seconds":67.0,"embed_url":null,"id":12723,"image_caption":null,"image_url":"https://gdb.martinoticias.com/42d1a03c-a596-4fae-7c48-08def2b1c8fe_tv_w1080_h608.jpg","is_clip":true,"item_type":"video","item_type_label":"Video","language_label":"Espa\u00f1ol","media_credit":"Mart\u00ed Noticias","micro_label":"Video report","micro_label_kind":"video","network_label":"OCB","network_logo_url":"/static/uploads/direct_network_logos/ocb_0888427dcb1d.svg","published_at":"2026-08-18T11:00:00","published_at_display":"18 Aug 2026, 11:00 GMT","sequence_badge_label":null,"sequence_count":null,"sequence_count_label":null,"sequence_frames":[],"sequence_kind":null,"source_name":"ocb_spanish_video_scrape","source_name_label":"OCB Spanish Video","source_type":"scrape","summary":"Desde la capital, joven cubano explica el impacto de la escasez de agua en la poblaci\u00f3n.","title":"Cuba Habla: \u201cDemasiado desfavorable el tema del agua en el pa\u00eds\u201d.","topic":"Cuba Habla, Cuba","translation_language":"","url":"https://www.martinoticias.com/a/cuba-habla-demasiado-desfavorable-el-tema-del-agua-en-el-pa%C3%ADs/475659.html","video_url":"https://ocb-video-ns.akamaized.net/pangeavideo/2026/08/4/42/42d1a03c-a596-4fae-7c48-08def2b1c8fe_1080p.mp4?cb=ee215940a"},{"article_body_paragraphs":[],"audio_source_url":null,"author":"Mart\u00ed Noticias","available_dubs":[],"downloadable_assets":["https://ocb-video-ns.akamaized.net/pangeavideo/2026/08/2/2b/2ba3498f-9587-4043-5a4c-08decd6ea425_1080p.mp4?cb=ee21180f7"],"duration_display":"1:20","duration_seconds":80.0,"embed_url":null,"id":12724,"image_caption":null,"image_url":"https://gdb.martinoticias.com/2ba3498f-9587-4043-5a4c-08decd6ea425_tv_w1080_h608.jpg","is_clip":true,"item_type":"video","item_type_label":"Video","language_label":"Espa\u00f1ol","media_credit":"Mart\u00ed Noticias","micro_label":"Video report","micro_label_kind":"video","network_label":"OCB","network_logo_url":"/static/uploads/direct_network_logos/ocb_0888427dcb1d.svg","published_at":"2026-08-17T11:00:00","published_at_display":"17 Aug 2026, 11:00 GMT","sequence_badge_label":null,"sequence_count":null,"sequence_count_label":null,"sequence_frames":[],"sequence_kind":null,"source_name":"ocb_spanish_video_scrape","source_name_label":"OCB Spanish Video","source_type":"scrape","summary":"Habanera refiere falta de conectividad a internet en Cuba y el impacto que esto tiene para la comunicaci\u00f3n con la familia.","title":"Cuba Habla: \"No entra la conexi\u00f3n por ning\u00fan lado\u201d","topic":"Cuba Habla, Cuba","translation_language":"","url":"https://www.martinoticias.com/a/cuba-habla-no-entra-la-conexi%C3%B3n-por-ning%C3%BAn-lado/475484.html","video_url":"https://ocb-video-ns.akamaized.net/pangeavideo/2026/08/2/2b/2ba3498f-9587-4043-5a4c-08decd6ea425_1080p.mp4?cb=ee21180f7"},{"article_body_paragraphs":[],"audio_source_url":null,"author":"Mart\u00ed Noticias","available_dubs":[],"downloadable_assets":["https://ocb-video-ns.akamaized.net/pangeavideo/2026/08/9/9b/9bf8831c-6fc2-45fb-6897-08def2ff2efe_1080p.mp4?cb=ee21169b4"],"duration_display":"1:46","duration_seconds":106.0,"embed_url":null,"id":12725,"image_caption":null,"image_url":"https://gdb.martinoticias.com/9bf8831c-6fc2-45fb-6897-08def2ff2efe_tv_w1080_h608.jpg","is_clip":true,"item_type":"video","item_type_label":"Video","language_label":"Espa\u00f1ol","media_credit":"Mart\u00ed Noticias","micro_label":"Video report","micro_label_kind":"video","network_label":"OCB","network_logo_url":"/static/uploads/direct_network_logos/ocb_0888427dcb1d.svg","published_at":"2026-08-16T11:00:00","published_at_display":"16 Aug 2026, 11:00 GMT","sequence_badge_label":null,"sequence_count":null,"sequence_count_label":null,"sequence_frames":[],"sequence_kind":null,"source_name":"ocb_spanish_video_scrape","source_name_label":"OCB Spanish Video","source_type":"scrape","summary":"Desde La Habana, joven habla de la falta de conectividad en la isla y exhorta a una \"protesta pac\u00edfica\".","title":"Cuba Habla: \" Exigiendo nuestros derechos\u201d","topic":"Cuba Habla, Cuba","translation_language":"","url":"https://www.martinoticias.com/a/cuba-habla-exigiendo-nuestros-derechos/475479.html","video_url":"https://ocb-video-ns.akamaized.net/pangeavideo/2026/08/9/9b/9bf8831c-6fc2-45fb-6897-08def2ff2efe_1080p.mp4?cb=ee21169b4"},{"article_body_paragraphs":[],"audio_source_url":null,"author":"Mart\u00ed Noticias","available_dubs":[],"downloadable_assets":["https://ocb-video-ns.akamaized.net/pangeavideo/2026/08/9/9e/9e0d0d44-35ba-4137-687c-08def2ff2efe_1080p.mp4?cb=ee20c6452"],"duration_display":"1:24","duration_seconds":84.0,"embed_url":null,"id":12726,"image_caption":null,"image_url":"https://gdb.martinoticias.com/9e0d0d44-35ba-4137-687c-08def2ff2efe_tv_w1080_h608.jpg","is_clip":true,"item_type":"video","item_type_label":"Video","language_label":"Espa\u00f1ol","media_credit":"Mart\u00ed Noticias","micro_label":"Video report","micro_label_kind":"video","network_label":"OCB","network_logo_url":"/static/uploads/direct_network_logos/ocb_0888427dcb1d.svg","published_at":"2026-08-14T11:00:00","published_at_display":"14 Aug 2026, 11:00 GMT","sequence_badge_label":null,"sequence_count":null,"sequence_count_label":null,"sequence_frames":[],"sequence_kind":null,"source_name":"ocb_spanish_video_scrape","source_name_label":"OCB Spanish Video","source_type":"scrape","summary":"De \u201cp\u00e9sima\" califica habanera la crisis por falta de suministro de agua en Cuba.","title":"Cuba Habla: \"Cuando no tengo ni agua ni luz, es a volverme loca\u201d","topic":"Cuba Habla, Cuba","translation_language":"","url":"https://www.martinoticias.com/a/cuba-habla-cuando-no-tengo-ni-agua-ni-luz-es-a-volverme-loca/474530.html","video_url":"https://ocb-video-ns.akamaized.net/pangeavideo/2026/08/9/9e/9e0d0d44-35ba-4137-687c-08def2ff2efe_1080p.mp4?cb=ee20c6452"},{"article_body_paragraphs":[],"audio_source_url":null,"author":"Mart\u00ed Noticias","available_dubs":[],"downloadable_assets":["https://ocb-video-ns.akamaized.net/pangeavideo/2026/08/2/2b/2bb33164-ebfd-49c8-7c1e-08def2b1c8fe_1080p.mp4?cb=ee20c5fba"],"duration_display":"1:40","duration_seconds":100.0,"embed_url":null,"id":12727,"image_caption":null,"image_url":"https://gdb.martinoticias.com/2bb33164-ebfd-49c8-7c1e-08def2b1c8fe_tv_w1080_h608.jpg","is_clip":true,"item_type":"video","item_type_label":"Video","language_label":"Espa\u00f1ol","media_credit":"Mart\u00ed Noticias","micro_label":"Video report","micro_label_kind":"video","network_label":"OCB","network_logo_url":"/static/uploads/direct_network_logos/ocb_0888427dcb1d.svg","published_at":"2026-08-13T11:00:00","published_at_display":"13 Aug 2026, 11:00 GMT","sequence_badge_label":null,"sequence_count":null,"sequence_count_label":null,"sequence_frames":[],"sequence_kind":null,"source_name":"ocb_spanish_video_scrape","source_name_label":"OCB Spanish Video","source_type":"scrape","summary":"Habanera da detalles de la falta de agua en Cuba y dice que cree que la situaci\u00f3n se resolver\u00e1 \"cuando esto se caiga\".","title":"Cuba Habla: \"Que venga otro gobernante\u201d","topic":"Cuba Habla, Cuba","translation_language":"","url":"https://www.martinoticias.com/a/cuba-habla-que-venga-otro-gobernante/474529.html","video_url":"https://ocb-video-ns.akamaized.net/pangeavideo/2026/08/2/2b/2bb33164-ebfd-49c8-7c1e-08def2b1c8fe_1080p.mp4?cb=ee20c5fba"},{"article_body_paragraphs":[],"audio_source_url":null,"author":"Mart\u00ed Noticias","available_dubs":[],"downloadable_assets":["https://ocb-video-ns.akamaized.net/pangeavideo/2026/08/f/f3/f307e319-47a1-4f6b-bc07-08def2b1d8dc_1080p.mp4?cb=ee20c5d34"],"duration_display":"1:00","duration_seconds":60.0,"embed_url":null,"id":12728,"image_caption":null,"image_url":"https://gdb.martinoticias.com/f307e319-47a1-4f6b-bc07-08def2b1d8dc_tv_w1080_h608.jpg","is_clip":true,"item_type":"video","item_type_label":"Video","language_label":"Espa\u00f1ol","media_credit":"Mart\u00ed Noticias","micro_label":"Video report","micro_label_kind":"video","network_label":"OCB","network_logo_url":"/static/uploads/direct_network_logos/ocb_0888427dcb1d.svg","published_at":"2026-08-12T11:00:00","published_at_display":"12 Aug 2026, 11:00 GMT","sequence_badge_label":null,"sequence_count":null,"sequence_count_label":null,"sequence_frames":[],"sequence_kind":null,"source_name":"ocb_spanish_video_scrape","source_name_label":"OCB Spanish Video","source_type":"scrape","summary":"Ciudadana desde La Habana habla de la crisis por falta de agua en Cuba.","title":"Cuba Habla: \"\u00bfTu crees que se puede hacer algo sin agua?\u201d","topic":"Cuba Habla, Cuba","translation_language":"","url":"https://www.martinoticias.com/a/cuba-habla-tu-crees-que-se-puede-hacer-algo-sin-agua/474484.html","video_url":"https://ocb-video-ns.akamaized.net/pangeavideo/2026/08/f/f3/f307e319-47a1-4f6b-bc07-08def2b1d8dc_1080p.mp4?cb=ee20c5d34"},{"article_body_paragraphs":[],"audio_source_url":null,"author":"Mart\u00ed Noticias","available_dubs":[],"downloadable_assets":["https://ocb-video-ns.akamaized.net/pangeavideo/2026/08/8/81/8152b060-1f7f-4e5c-5a32-08decd6ea425_1080p.mp4?cb=ee20c5ae8"],"duration_display":"0:38","duration_seconds":38.0,"embed_url":null,"id":12729,"image_caption":null,"image_url":"https://gdb.martinoticias.com/8152b060-1f7f-4e5c-5a32-08decd6ea425_tv_w1080_h608.jpg","is_clip":true,"item_type":"video","item_type_label":"Video","language_label":"Espa\u00f1ol","media_credit":"Mart\u00ed Noticias","micro_label":"Video report","micro_label_kind":"video","network_label":"OCB","network_logo_url":"/static/uploads/direct_network_logos/ocb_0888427dcb1d.svg","published_at":"2026-08-11T11:00:00","published_at_display":"11 Aug 2026, 11:00 GMT","sequence_badge_label":null,"sequence_count":null,"sequence_count_label":null,"sequence_frames":[],"sequence_kind":null,"source_name":"ocb_spanish_video_scrape","source_name_label":"OCB Spanish Video","source_type":"scrape","summary":"\u201cToda la culpa de todo la tiene el gobierno\u201d asevera habanero desde la isla.","title":"Cuba Habla: \"Quince d\u00edas\u201d","topic":"Cuba Habla, Cuba","translation_language":"","url":"https://www.martinoticias.com/a/cuba-habla-quince-d%C3%ADas/474483.html","video_url":"https://ocb-video-ns.akamaized.net/pangeavideo/2026/08/8/81/8152b060-1f7f-4e5c-5a32-08decd6ea425_1080p.mp4?cb=ee20c5ae8"},{"article_body_paragraphs":[],"audio_source_url":null,"author":"Mart\u00ed Noticias","available_dubs":[],"downloadable_assets":["https://ocb-video-ns.akamaized.net/pangeavideo/2026/08/2/2d/2df2ff2a-39d1-4e7c-5a10-08decd6ea425_1080p.mp4?cb=ee2045e37"],"duration_display":"1:21","duration_seconds":81.0,"embed_url":null,"id":12730,"image_caption":null,"image_url":"https://gdb.martinoticias.com/2df2ff2a-39d1-4e7c-5a10-08decd6ea425_tv_w1080_h608.jpg","is_clip":true,"item_type":"video","item_type_label":"Video","language_label":"Espa\u00f1ol","media_credit":"Mart\u00ed Noticias","micro_label":"Video report","micro_label_kind":"video","network_label":"OCB","network_logo_url":"/static/uploads/direct_network_logos/ocb_0888427dcb1d.svg","published_at":"2026-08-10T11:00:00","published_at_display":"10 Aug 2026, 11:00 GMT","sequence_badge_label":null,"sequence_count":null,"sequence_count_label":null,"sequence_frames":[],"sequence_kind":null,"source_name":"ocb_spanish_video_scrape","source_name_label":"OCB Spanish Video","source_type":"scrape","summary":"\"Es bestial\" asegura residente en la capital sobre la falta de agua.","title":"Cuba Habla: \"Uno se siente mal\"","topic":"Cuba Habla, Cuba","translation_language":"","url":"https://www.martinoticias.com/a/cuba-habla-uno-se-siente-mal/473667.html","video_url":"https://ocb-video-ns.akamaized.net/pangeavideo/2026/08/2/2d/2df2ff2a-39d1-4e7c-5a10-08decd6ea425_1080p.mp4?cb=ee2045e37"},{"article_body_paragraphs":[],"audio_source_url":null,"author":"Jany Gonz\u00e1lez","available_dubs":[],"downloadable_assets":["https://ocb-video-ns.akamaized.net/pangeavideo/2026/06/4/4a/4ac2c504-c984-4315-02b2-08decd63a0c8_1080p.mp4?cb=ee1d61e6b"],"duration_display":"17:29","duration_seconds":1049.0,"embed_url":null,"id":12736,"image_caption":null,"image_url":"https://gdb.martinoticias.com/4ac2c504-c984-4315-02b2-08decd63a0c8_tv_w1080_h608.jpg","is_clip":false,"item_type":"video","item_type_label":"Video","language_label":"Espa\u00f1ol","media_credit":"Jany Gonz\u00e1lez","micro_label":"Video report","micro_label_kind":"video","network_label":"OCB","network_logo_url":"/static/uploads/direct_network_logos/ocb_0888427dcb1d.svg","published_at":"2026-06-30T20:30:20","published_at_display":"30 Jun 2026, 20:30 GMT","sequence_badge_label":null,"sequence_count":null,"sequence_count_label":null,"sequence_frames":[],"sequence_kind":null,"source_name":"ocb_spanish_video_scrape","source_name_label":"OCB Spanish Video","source_type":"scrape","summary":"Jos\u00e9 Daniel Ferrer es mucho m\u00e1s que un l\u00edder opositor. Es un padre, un esposo y un hombre que ha pagado un alto precio por mantenerse firme en sus convicciones. Esta es la historia de su lucha y resistencia.","title":"\u201cMe humillaron pero no me doblegaron\u201d: La historia de Jos\u00e9 Daniel Ferrer","topic":"Audiovisuales Mart\u00ed","translation_language":"","url":"https://www.martinoticias.com/a/me-humillaron-pero-no-me-doblegaron-la-historia-de-jos%C3%A9-daniel-ferrer/469805.html","video_url":"https://ocb-video-ns.akamaized.net/pangeavideo/2026/06/4/4a/4ac2c504-c984-4315-02b2-08decd63a0c8_1080p.mp4?cb=ee1d61e6b"},{"article_body_paragraphs":[],"audio_source_url":null,"author":"Mart\u00ed Noticias","available_dubs":[],"downloadable_assets":["https://ocb-video-ns.akamaized.net/pangeavideo/2026/06/8/87/87953cd7-c533-4db5-abec-08decd4f1c2d_1080p.mp4?cb=ee1d61dcc"],"duration_display":"24:35","duration_seconds":1475.0,"embed_url":null,"id":12740,"image_caption":null,"image_url":"https://gdb.martinoticias.com/87953cd7-c533-4db5-abec-08decd4f1c2d_tv_w1080_h608.jpg","is_clip":false,"item_type":"video","item_type_label":"Video","language_label":"Espa\u00f1ol","media_credit":"Mart\u00ed Noticias","micro_label":"Video report","micro_label_kind":"video","network_label":"OCB","network_logo_url":"/static/uploads/direct_network_logos/ocb_0888427dcb1d.svg","published_at":"2026-06-30T20:27:56","published_at_display":"30 Jun 2026, 20:27 GMT","sequence_badge_label":null,"sequence_count":null,"sequence_count_label":null,"sequence_frames":[],"sequence_kind":null,"source_name":"ocb_spanish_video_scrape","source_name_label":"OCB Spanish Video","source_type":"scrape","summary":"Especial que sigue la trayectoria hist\u00f3rica de los 15 a\u00f1os de Jos\u00e9 Mart\u00ed en el exilio","title":"El Exilio de Mart\u00ed","topic":"Especiales, jos\u00e9 mart\u00ed, Exilio cubano","translation_language":"","url":"https://www.martinoticias.com/a/el-exilio-de-mart%C3%AD/469803.html","video_url":"https://ocb-video-ns.akamaized.net/pangeavideo/2026/06/8/87/87953cd7-c533-4db5-abec-08decd4f1c2d_1080p.mp4?cb=ee1d61dcc"},{"article_body_paragraphs":[],"audio_source_url":null,"author":"Mario J. Pent\u00f3n","available_dubs":[],"downloadable_assets":["https://ocb-video-ns.akamaized.net/pangeavideo/2026/06/e/eb/eb97d38d-cc14-49f4-593d-08decd6ea425_1080p.mp4?cb=ee1d4e212"],"duration_display":"9:38","duration_seconds":578.0,"embed_url":null,"id":12739,"image_caption":null,"image_url":"https://gdb.martinoticias.com/eb97d38d-cc14-49f4-593d-08decd6ea425_tv_w1080_h608.jpg","is_clip":false,"item_type":"video","item_type_label":"Video","language_label":"Espa\u00f1ol","media_credit":"Mario J. Pent\u00f3n","micro_label":"Video report","micro_label_kind":"video","network_label":"OCB","network_logo_url":"/static/uploads/direct_network_logos/ocb_0888427dcb1d.svg","published_at":"2026-06-29T21:54:51","published_at_display":"29 Jun 2026, 21:54 GMT","sequence_badge_label":null,"sequence_count":null,"sequence_count_label":null,"sequence_frames":[],"sequence_kind":null,"source_name":"ocb_spanish_video_scrape","source_name_label":"OCB Spanish Video","source_type":"scrape","summary":"Libertad: una palabra breve, pero inmensa. Para quienes han vivido bajo el autoritarismo, como en Cuba es una necesidad vital. En Miami, esa palabra tiene forma, silueta y memoria: la Torre de la Libertad, que acaba de cumplir 100 a\u00f1os de historia.","title":"Los 100 de la Torre","topic":"Especiales, Exilio cubano, Freedom tower, \"Libertad\", Torre de la Libertad de Miami, Exilio cubano en Miami","translation_language":"","url":"https://www.martinoticias.com/a/los-100-de-la-torre/469723.html","video_url":"https://ocb-video-ns.akamaized.net/pangeavideo/2026/06/e/eb/eb97d38d-cc14-49f4-593d-08decd6ea425_1080p.mp4?cb=ee1d4e212"},{"article_body_paragraphs":[],"audio_source_url":null,"author":"Rolando N\u00e1poles","available_dubs":[],"downloadable_assets":["https://ocb-video-ns.akamaized.net/pangeavideo/2026/06/5/5e/5e6451c6-27a2-44bd-fb57-08decd3a80a4_1080p.mp4?cb=ee1d48a19"],"duration_display":"9:42","duration_seconds":582.0,"embed_url":null,"id":12734,"image_caption":null,"image_url":"https://gdb.martinoticias.com/5e6451c6-27a2-44bd-fb57-08decd3a80a4_tv_w1080_h608.jpg","is_clip":false,"item_type":"video","item_type_label":"Video","language_label":"Espa\u00f1ol","media_credit":"Rolando N\u00e1poles","micro_label":"Video report","micro_label_kind":"video","network_label":"OCB","network_logo_url":"/static/uploads/direct_network_logos/ocb_0888427dcb1d.svg","published_at":"2026-06-29T15:45:29","published_at_display":"29 Jun 2026, 15:45 GMT","sequence_badge_label":null,"sequence_count":null,"sequence_count_label":null,"sequence_frames":[],"sequence_kind":null,"source_name":"ocb_spanish_video_scrape","source_name_label":"OCB Spanish Video","source_type":"scrape","summary":"Legado 2506: el nuevo museo que mantiene viva la gesta que pudo cambiar el destino de Cuba.","title":"El museo en Miami que mantiene vivo el Legado 2506","topic":"Info Mart\u00ed , Brigada 2506","translation_language":"","url":"https://www.martinoticias.com/a/el-museo-en-miami-que-mantiene-vivo-el-legado-2506/469706.html","video_url":"https://ocb-video-ns.akamaized.net/pangeavideo/2026/06/5/5e/5e6451c6-27a2-44bd-fb57-08decd3a80a4_1080p.mp4?cb=ee1d48a19"},{"article_body_paragraphs":[],"audio_source_url":null,"author":"Mart\u00ed Noticias","available_dubs":[],"downloadable_assets":["https://ocb-video-ns.akamaized.net/pangeavideo/2026/06/e/e7/e788bf4e-a46c-42de-abcb-08decd4f1c2d_1080p.mp4?cb=ee1e0a1bd"],"duration_display":"8:59","duration_seconds":539.0,"embed_url":null,"id":12735,"image_caption":null,"image_url":"https://gdb.martinoticias.com/e788bf4e-a46c-42de-abcb-08decd4f1c2d_tv_w1080_h608.jpg","is_clip":false,"item_type":"video","item_type_label":"Video","language_label":"Espa\u00f1ol","media_credit":"Mart\u00ed Noticias","micro_label":"Video report","micro_label_kind":"video","network_label":"OCB","network_logo_url":"/static/uploads/direct_network_logos/ocb_0888427dcb1d.svg","published_at":"2026-06-26T19:54:26","published_at_display":"26 Jun 2026, 19:54 GMT","sequence_badge_label":null,"sequence_count":null,"sequence_count_label":null,"sequence_frames":[],"sequence_kind":null,"source_name":"ocb_spanish_video_scrape","source_name_label":"OCB Spanish Video","source_type":"scrape","summary":"En este reportaje especial, el periodista Jos\u00e9 Pernalete nos sumerge en las historias de los \"Caza-Huracanes\": cient\u00edficos y tripulantes que desaf\u00edan turbulencias brutales y vientos de 250 km/h, arriesg\u00e1ndolo todo en el cielo para proteger a millones de vidas en tierra.","title":"Cazadores de huracanes: Los cient\u00edficos que vuelan al coraz\u00f3n del infierno.","topic":"Audiovisuales Mart\u00ed","translation_language":"","url":"https://www.martinoticias.com/a/cazadores-de-tormentas-los-cient%C3%ADficos-que-vuelan-al-coraz%C3%B3n-del-infierno/469528.html","video_url":"https://ocb-video-ns.akamaized.net/pangeavideo/2026/06/e/e7/e788bf4e-a46c-42de-abcb-08decd4f1c2d_1080p.mp4?cb=ee1e0a1bd"},{"article_body_paragraphs":[],"audio_source_url":null,"author":"Jany Gonz\u00e1lez","available_dubs":[],"downloadable_assets":["https://ocb-video-ns.akamaized.net/pangeavideo/2026/06/5/59/597d071d-a3c8-442a-e43d-08decd478c11_1080p.mp4?cb=ee1ec46b0"],"duration_display":"12:24","duration_seconds":744.0,"embed_url":null,"id":12731,"image_caption":null,"image_url":"https://gdb.martinoticias.com/597d071d-a3c8-442a-e43d-08decd478c11_tv_w1080_h608.jpg","is_clip":false,"item_type":"video","item_type_label":"Video","language_label":"Espa\u00f1ol","media_credit":"Jany Gonz\u00e1lez","micro_label":"Video report","micro_label_kind":"video","network_label":"OCB","network_logo_url":"/static/uploads/direct_network_logos/ocb_0888427dcb1d.svg","published_at":"2026-06-24T21:05:30","published_at_display":"24 Jun 2026, 21:05 GMT","sequence_badge_label":null,"sequence_count":null,"sequence_count_label":null,"sequence_frames":[],"sequence_kind":null,"source_name":"ocb_spanish_video_scrape","source_name_label":"OCB Spanish Video","source_type":"scrape","summary":"En un reportaje desde el Centro Espacial Kennedy, un equipo de Mart\u00ed Noticias documenta la huella, el talento y la pasi\u00f3n de los profesionales hispanos de la NASA que lideran el hist\u00f3rico regreso a la Luna con la misi\u00f3n Artemis II.","title":"Hispanos en la NASA: Regreso a la Luna con el Artemis II","topic":"Info Mart\u00ed","translation_language":"","url":"https://www.martinoticias.com/a/hispanos-en-la-nasa-regreso-a-la-luna-con-el-artemis-ii/469367.html","video_url":"https://ocb-video-ns.akamaized.net/pangeavideo/2026/06/5/59/597d071d-a3c8-442a-e43d-08decd478c11_1080p.mp4?cb=ee1ec46b0"},{"article_body_paragraphs":[],"audio_source_url":null,"author":"Mart\u00ed Noticias","available_dubs":[],"downloadable_assets":["https://ocb-video-ns.akamaized.net/pangeavideo/2026/06/d/de/de56b006-6f97-4769-5908-08decd6ea425_1080p.mp4?cb=ee1ca4806"],"duration_display":"13:33","duration_seconds":813.0,"embed_url":null,"id":12732,"image_caption":null,"image_url":"https://gdb.martinoticias.com/de56b006-6f97-4769-5908-08decd6ea425_tv_w1080_h608.jpg","is_clip":false,"item_type":"video","item_type_label":"Video","language_label":"Espa\u00f1ol","media_credit":"Mart\u00ed Noticias","micro_label":"Video report","micro_label_kind":"video","network_label":"OCB","network_logo_url":"/static/uploads/direct_network_logos/ocb_0888427dcb1d.svg","published_at":"2026-06-21T21:00:54","published_at_display":"21 Jun 2026, 21:00 GMT","sequence_badge_label":null,"sequence_count":null,"sequence_count_label":null,"sequence_frames":[],"sequence_kind":null,"source_name":"ocb_spanish_video_scrape","source_name_label":"OCB Spanish Video","source_type":"scrape","summary":"Desde los campos de Mount Vernon hasta el Capitolio y el Cementerio Nacional de Arlington, este reportaje explora los momentos, l\u00edderes pol\u00edticos y desaf\u00edos que han marcado a los Estados Unidos en sus 250 a\u00f1os de Independencia, una naci\u00f3n construida sobre las bases de la libertad.","title":"Estampas de Libertad: 250 a\u00f1os de Independencia","topic":"Audiovisuales Mart\u00ed","translation_language":"","url":"https://www.martinoticias.com/a/estampas-de-libertad-250-a%C3%B1os-de-independencia/469115.html","video_url":"https://ocb-video-ns.akamaized.net/pangeavideo/2026/06/d/de/de56b006-6f97-4769-5908-08decd6ea425_1080p.mp4?cb=ee1ca4806"},{"article_body_paragraphs":[],"audio_source_url":null,"author":"Mart\u00ed Noticias","available_dubs":[],"downloadable_assets":["https://ocb-video-ns.akamaized.net/pangeavideo/2026/06/b/b0/b0fcc9ab-62b3-4514-88b2-08decaf582f0_1080p.mp4?cb=ee1c3d96e"],"duration_display":"8:26","duration_seconds":506.0,"embed_url":null,"id":12737,"image_caption":null,"image_url":"https://gdb.martinoticias.com/b0fcc9ab-62b3-4514-88b2-08decaf582f0_tv_w1080_h608.jpg","is_clip":false,"item_type":"video","item_type_label":"Video","language_label":"Espa\u00f1ol","media_credit":"Mart\u00ed Noticias","micro_label":"Video report","micro_label_kind":"video","network_label":"OCB","network_logo_url":"/static/uploads/direct_network_logos/ocb_0888427dcb1d.svg","published_at":"2026-06-16T22:52:18","published_at_display":"16 Jun 2026, 22:52 GMT","sequence_badge_label":null,"sequence_count":null,"sequence_count_label":null,"sequence_frames":[],"sequence_kind":null,"source_name":"ocb_spanish_video_scrape","source_name_label":"OCB Spanish Video","source_type":"scrape","summary":"Hija del l\u00edder opositor Oswaldo Pay\u00e1, Rosa Mar\u00eda Pay\u00e1 ha dedicado su vida a la defensa de la libertad, los derechos humanos y la democracia en Cuba. En medio de la profunda crisis en la isla, conversa sobre los desaf\u00edos del cambio pol\u00edtico y la responsabilidad de construir un futuro democr\u00e1tico.","title":"Rosa Mar\u00eda Pay\u00e1: La libertad de Cuba como legado","topic":"Audiovisuales Mart\u00ed","translation_language":"","url":"https://www.martinoticias.com/a/rosa-mar%C3%ADa-pay%C3%A1-la-libertad-de-cuba-como-legado/468766.html","video_url":"https://ocb-video-ns.akamaized.net/pangeavideo/2026/06/b/b0/b0fcc9ab-62b3-4514-88b2-08decaf582f0_1080p.mp4?cb=ee1c3d96e"},{"article_body_paragraphs":[],"audio_source_url":null,"author":"Mart\u00ed Noticias","available_dubs":[],"downloadable_assets":["https://ocb-video-ns.akamaized.net/pangeavideo/2026/06/f/f7/f7aaf61b-2987-485c-2713-08decaf7ed85_1080p.mp4?cb=ee1c3ab36"],"duration_display":"12:29","duration_seconds":749.0,"embed_url":null,"id":12733,"image_caption":null,"image_url":"https://gdb.martinoticias.com/f7aaf61b-2987-485c-2713-08decaf7ed85_tv_w1080_h608.jpg","is_clip":false,"item_type":"video","item_type_label":"Video","language_label":"Espa\u00f1ol","media_credit":"Mart\u00ed Noticias","micro_label":"Video report","micro_label_kind":"video","network_label":"OCB","network_logo_url":"/static/uploads/direct_network_logos/ocb_0888427dcb1d.svg","published_at":"2026-06-16T20:38:14","published_at_display":"16 Jun 2026, 20:38 GMT","sequence_badge_label":null,"sequence_count":null,"sequence_count_label":null,"sequence_frames":[],"sequence_kind":null,"source_name":"ocb_spanish_video_scrape","source_name_label":"OCB Spanish Video","source_type":"scrape","summary":"En una democracia, la libertad tambi\u00e9n se construye en las aulas. El trabajo de Silvina Macho en Mater Academy refleja el poder de la educaci\u00f3n, el pensamiento libre y el compromiso con las nuevas generaciones. M\u00e1s que una consejera, es una gu\u00eda que ayuda a convertir el potencial en \u00e9xito.","title":"Estampas de Libertad: Silvina, la consejera","topic":"Info Mart\u00ed","translation_language":"","url":"https://www.martinoticias.com/a/estampas-de-libertad-silvina-la-consejera/468747.html","video_url":"https://ocb-video-ns.akamaized.net/pangeavideo/2026/06/f/f7/f7aaf61b-2987-485c-2713-08decaf7ed85_1080p.mp4?cb=ee1c3ab36"},{"article_body_paragraphs":[],"audio_source_url":null,"author":"Jos\u00e9 Pernalete","available_dubs":[],"downloadable_assets":["https://ocb-video-ns.akamaized.net/pangeavideo/2026/05/6/67/67647f67-7e7c-4c3f-6686-08de3c08cd61_1080p.mp4?cb=ee199dbef"],"duration_display":"13:48","duration_seconds":828.0,"embed_url":null,"id":12738,"image_caption":null,"image_url":"https://gdb.martinoticias.com/67647f67-7e7c-4c3f-6686-08de3c08cd61_tv_w1080_h608.jpg","is_clip":false,"item_type":"video","item_type_label":"Video","language_label":"Espa\u00f1ol","media_credit":"Jos\u00e9 Pernalete","micro_label":"Video report","micro_label_kind":"video","network_label":"OCB","network_logo_url":"/static/uploads/direct_network_logos/ocb_0888427dcb1d.svg","published_at":"2026-05-16T14:00:00","published_at_display":"16 May 2026, 14:00 GMT","sequence_badge_label":null,"sequence_count":null,"sequence_count_label":null,"sequence_frames":[],"sequence_kind":null,"source_name":"ocb_spanish_video_scrape","source_name_label":"OCB Spanish Video","source_type":"scrape","summary":"La producci\u00f3n de Mart\u00ed Noticias, conducida por la periodista Laura Artal, revela c\u00f3mo presos pol\u00edticos son trasladados a centros clandestinos como \u201cLa Tumba\u201d en Venezuela, donde enfrentan aislamiento extremo, tortura psicol\u00f3gica y un sistema dise\u00f1ado para quebrarlos y utilizarlos como rehenes.","title":"\u201cLa Tumba: muertos en vida\u201d, el documental que revela denuncias de tortura y represi\u00f3n en Venezuela","topic":"Info Mart\u00ed , presos politicos, torturas, VENEZUELA","translation_language":"","url":"https://www.martinoticias.com/a/la-tumba-muertos-en-vida-el-documental-que-revela-denuncias-de-tortura-y-represi%C3%B3n-en-venezuela/464018.html","video_url":"https://ocb-video-ns.akamaized.net/pangeavideo/2026/05/6/67/67647f67-7e7c-4c3f-6686-08de3c08cd61_1080p.mp4?cb=ee199dbef"},{"article_body_paragraphs":[],"audio_source_url":null,"author":"Mart\u00ed Noticias","available_dubs":[],"downloadable_assets":["https://ocb-video-ns.akamaized.net/pangeavideo/2025/06/c/c8/c80b2a9d-0f12-46da-eeef-08dda7eb04e4_1080p.mp4?cb=edfde8a08"],"duration_display":"12:45","duration_seconds":765.0,"embed_url":null,"id":12746,"image_caption":null,"image_url":"https://gdb.martinoticias.com/c80b2a9d-0f12-46da-eeef-08dda7eb04e4_tv_w1080_h608.jpg","is_clip":false,"item_type":"video","item_type_label":"Video","language_label":"Espa\u00f1ol","media_credit":"Mart\u00ed Noticias","micro_label":"Video report","micro_label_kind":"video","network_label":"OCB","network_logo_url":"/static/uploads/direct_network_logos/ocb_0888427dcb1d.svg","published_at":"2025-06-14T16:00:00","published_at_display":"14 Jun 2025, 16:00 GMT","sequence_badge_label":null,"sequence_count":null,"sequence_count_label":null,"sequence_frames":[],"sequence_kind":null,"source_name":"ocb_spanish_video_scrape","source_name_label":"OCB Spanish Video","source_type":"scrape","summary":"Mart\u00ed Noticias ofrece un acercamiento a la vida de Ram\u00f3n Sa\u00fal S\u00e1nchez, una de las figuras m\u00e1s sobresalientes del exilio cubano.","title":"Ram\u00f3n Sa\u00fal y su lucha","topic":"Derechos Humanos, cuba, exilio, c\u00e1ncer, Ram\u00f3n Sa\u00fal S\u00e1nchez","translation_language":"","url":"https://www.martinoticias.com/a/ramon-saul-y-su-lucha/419137.html","video_url":"https://ocb-video-ns.akamaized.net/pangeavideo/2025/06/c/c8/c80b2a9d-0f12-46da-eeef-08dda7eb04e4_1080p.mp4?cb=edfde8a08"}],"next_num":4,"page":3,"pages":4,"per_page":20,"prev_num":2,"total":65}
