{"applied_filters":{"end_date":"","lang":"","language":"","network":"","page":3,"per_page":20,"search":"","source":"radiotelevisionmarti_com_rss","start_date":"","topic":"","type":""},"available_filters":{"language_choices":[{"label":"Choose Language","value":""},{"label":"English","value":"English"},{"label":"Espa\u00f1ol","value":"Espa\u00f1ol"}],"network_choices":[{"label":"All networks","value":""},{"label":"OCB","value":"OCB"}],"source_choices":[{"label":"All sources","value":""},{"label":"Current Time","value":"currenttime_tv_direct"},{"label":"Current Time","value":"currenttime_tv_rss"},{"label":"Da Azadi Radio","value":"da_azadiradio_com_rss"},{"label":"Darivoa","value":"darivoa_com_rss"},{"label":"Dengeamerika","value":"dengeamerika_com_direct"},{"label":"Dengeamerika","value":"dengeamerika_com_rss"},{"label":"Dengiamerika","value":"dengiamerika_com_direct"},{"label":"Dengiamerika","value":"dengiamerika_com_rss"},{"label":"Editorials VOA","value":"editorials_voa_gov_rss"},{"label":"Golosameriki","value":"golosameriki_com_direct"},{"label":"Golosameriki","value":"golosameriki_com_rss"},{"label":"Ir VOA News","value":"ir_voanews_com_rss"},{"label":"Mashaalradio","value":"mashaalradio_com_direct"},{"label":"Moldova Europalibera","value":"moldova_europalibera_org_direct"},{"label":"Moldova Europalibera","value":"moldova_europalibera_org_rss"},{"label":"OCB \u00b7 Caf\u00e9 Digital","value":"ocb_spanish_audio_html_scrape"},{"label":"OCB \u00b7 Liberaci\u00f3n","value":"ocb_spanish_audio_html_scrape_1001"},{"label":"OCB \u00b7 Programas de Radio Nuestra Am\u00e9rica","value":"ocb_spanish_audio_html_scrape_1016"},{"label":"OCB \u00b7 Agenda hemisf\u00e9rica","value":"ocb_spanish_audio_html_scrape_1028"},{"label":"OCB \u00b7 El futuro es ya","value":"ocb_spanish_audio_html_scrape_1056"},{"label":"OCB \u00b7 Foro abierto","value":"ocb_spanish_audio_html_scrape_1061"},{"label":"OCB \u00b7 Nicaragua al d\u00eda","value":"ocb_spanish_audio_html_scrape_1077"},{"label":"OCB \u00b7 La bola nostra","value":"ocb_spanish_audio_html_scrape_1078"},{"label":"OCB \u00b7 Taller de prensa","value":"ocb_spanish_audio_html_scrape_1103"},{"label":"OCB \u00b7 Las noticias como son","value":"ocb_spanish_audio_html_scrape_142"},{"label":"OCB \u00b7 Abriendo Espacios","value":"ocb_spanish_audio_html_scrape_562"},{"label":"OCB \u00b7 Mart\u00ed Noticias A.M.","value":"ocb_spanish_audio_html_scrape_668"},{"label":"OCB Spanish Audio","value":"ocb_spanish_audio_scrape"},{"label":"OCB Spanish Video","value":"ocb_spanish_video_scrape"},{"label":"Pa Azadi Radio","value":"pa_azadiradio_com_rss"},{"label":"Pashtovoa","value":"pashtovoa_com_rss"},{"label":"Radiofaarda","value":"radiofaarda_com_direct"},{"label":"Radio Farda","value":"radiofarda_com_direct"},{"label":"Radio Farda","value":"radiofarda_com_rss"},{"label":"Radiosvoboda","value":"radiosvoboda_org_rss"},{"label":"Radiotavisupleba","value":"radiotavisupleba_ge_direct"},{"label":"Radiotavisupleba","value":"radiotavisupleba_ge_rss"},{"label":"Radiotelevisionmarti","value":"radiotelevisionmarti_com_direct"},{"label":"Radiotelevisionmarti","value":"radiotelevisionmarti_com_rss"},{"label":"RFA Burmese","value":"rfa_burmese_rss"},{"label":"RFA Burmese Video Scrape","value":"rfa_burmese_video_scrape"},{"label":"RFA Cantonese","value":"rfa_cantonese_rss"},{"label":"RFA Cantonese Video Scrape","value":"rfa_cantonese_video_scrape"},{"label":"RFA English RSS","value":"rfa_english_rss"},{"label":"RFA English Video","value":"rfa_english_video_scrape"},{"label":"RFA Khmer","value":"rfa_khmer_rss"},{"label":"RFA Khmer Video Scrape","value":"rfa_khmer_video_scrape"},{"label":"RFA Korean","value":"rfa_korean_rss"},{"label":"RFA Korean Video Scrape","value":"rfa_korean_video_scrape"},{"label":"RFA Lao","value":"rfa_lao_rss"},{"label":"RFA Lao Video Scrape","value":"rfa_lao_video_scrape"},{"label":"RFA Mandarin","value":"rfa_mandarin_rss"},{"label":"RFA Mandarin Video Scrape","value":"rfa_mandarin_video_scrape"},{"label":"RFA Tibetan","value":"rfa_tibetan_rss"},{"label":"RFA Tibetan Video Scrape","value":"rfa_tibetan_video_scrape"},{"label":"RFA Uyghur","value":"rfa_uyghur_rss"},{"label":"RFA Uyghur Video Scrape","value":"rfa_uyghur_video_scrape"},{"label":"RFA Vietnamese","value":"rfa_vietnamese_rss"},{"label":"RFA Vietnamese Video Scrape","value":"rfa_vietnamese_video_scrape"},{"label":"RFE/RL Direct","value":"rferl_direct"},{"label":"RFE/RL","value":"rferl_org_rss"},{"label":"Slobodnaevropa","value":"slobodnaevropa_org_direct"},{"label":"Slobodnaevropa","value":"slobodnaevropa_org_rss"},{"label":"Svoboda","value":"svoboda_org_direct"},{"label":"Svoboda","value":"svoboda_org_rss"},{"label":"Ukrainian VOA News","value":"ukrainian_voanews_com_rss"},{"label":"VOA Chinese Direct","value":"voa_chinese_direct"},{"label":"VOA Chinese RSS","value":"voa_chinese_rss"},{"label":"VOA Dari Direct","value":"voa_dari_direct"},{"label":"VOA Korea Direct","value":"voa_korea_direct"},{"label":"VOA Pashto Direct","value":"voa_pashto_direct"},{"label":"VOA Persian Direct","value":"voa_persian_direct"},{"label":"Voakorea","value":"voakorea_com_rss"}],"sources":["currenttime_tv_direct","currenttime_tv_rss","da_azadiradio_com_rss","darivoa_com_rss","dengeamerika_com_direct","dengeamerika_com_rss","dengiamerika_com_direct","dengiamerika_com_rss","editorials_voa_gov_rss","golosameriki_com_direct","golosameriki_com_rss","ir_voanews_com_rss","mashaalradio_com_direct","moldova_europalibera_org_direct","moldova_europalibera_org_rss","ocb_spanish_audio_html_scrape","ocb_spanish_audio_html_scrape_1001","ocb_spanish_audio_html_scrape_1016","ocb_spanish_audio_html_scrape_1028","ocb_spanish_audio_html_scrape_1056","ocb_spanish_audio_html_scrape_1061","ocb_spanish_audio_html_scrape_1077","ocb_spanish_audio_html_scrape_1078","ocb_spanish_audio_html_scrape_1103","ocb_spanish_audio_html_scrape_142","ocb_spanish_audio_html_scrape_562","ocb_spanish_audio_html_scrape_668","ocb_spanish_audio_scrape","ocb_spanish_video_scrape","pa_azadiradio_com_rss","pashtovoa_com_rss","radiofaarda_com_direct","radiofarda_com_direct","radiofarda_com_rss","radiosvoboda_org_rss","radiotavisupleba_ge_direct","radiotavisupleba_ge_rss","radiotelevisionmarti_com_direct","radiotelevisionmarti_com_rss","rfa_burmese_rss","rfa_burmese_video_scrape","rfa_cantonese_rss","rfa_cantonese_video_scrape","rfa_english_rss","rfa_english_video_scrape","rfa_khmer_rss","rfa_khmer_video_scrape","rfa_korean_rss","rfa_korean_video_scrape","rfa_lao_rss","rfa_lao_video_scrape","rfa_mandarin_rss","rfa_mandarin_video_scrape","rfa_tibetan_rss","rfa_tibetan_video_scrape","rfa_uyghur_rss","rfa_uyghur_video_scrape","rfa_vietnamese_rss","rfa_vietnamese_video_scrape","rferl_direct","rferl_org_rss","slobodnaevropa_org_direct","slobodnaevropa_org_rss","svoboda_org_direct","svoboda_org_rss","ukrainian_voanews_com_rss","voa_chinese_direct","voa_chinese_rss","voa_dari_direct","voa_korea_direct","voa_pashto_direct","voa_persian_direct","voakorea_com_rss"],"topics":[],"types":[["","All types"],["article","Articles"],["audio","Audio"],["video","Videos"],["clips","Clips"],["media","Media"]]},"has_next":false,"has_prev":true,"items":[{"article_body_paragraphs":[],"audio_source_url":null,"author":"Ariane Gonz\u00e1lez","available_dubs":[],"downloadable_assets":["https://gdb.martinoticias.com/b2c607fa-e327-4369-041f-08decd63a0c8_w1600_r1_n_s.jpeg"],"duration_display":"0:00","duration_seconds":null,"embed_url":null,"id":11258,"image_caption":"Citaci\u00f3n policial entregada a la periodista independiente Yunia Figueredo. Cortes\u00eda de Yunia Figueredo","image_url":"https://gdb.martinoticias.com/b2c607fa-e327-4369-041f-08decd63a0c8_w1600_r1_n_s.jpeg","is_clip":false,"item_type":"article","item_type_label":"Article","language_label":"Espa\u00f1ol","media_credit":"Ariane Gonz\u00e1lez","micro_label":"Photo","micro_label_kind":"gallery","network_label":"OCB","network_logo_url":"/static/uploads/direct_network_logos/ocb_0888427dcb1d.svg","published_at":"2026-09-01T11:55:20","published_at_display":"1 Sep 2026, 11:55 GMT","sequence_badge_label":null,"sequence_count":null,"sequence_count_label":null,"sequence_frames":[],"sequence_kind":null,"source_name":"radiotelevisionmarti_com_rss","source_name_label":"Radiotelevisionmarti","source_type":"rss","summary":"La periodista independiente y activista de derechos humanos Yunia Figueredo fue citada por la Polic\u00eda Nacional Revolucionaria para comparecer este martes, 1 de septiembre, a las 2:00 de la tarde, en una unidad policial de La Habana, seg\u00fan declar\u00f3 a Mart\u00ed Noticias. La citaci\u00f3n fue entregada el lunes en su vivienda por el jefe de sector de la zona, explic\u00f3 Figueredo, quien asegur\u00f3 que otras personas residentes en Jaimanitas tambi\u00e9n habr\u00edan sido convocadas por las autoridades debido a las recientes protestas ocurridas en esa comunidad habanera. \u201cHoy me volvi\u00f3 a venir el jefe de sector aqu\u00ed a la casa con una citaci\u00f3n para ma\u00f1ana a las dos de la tarde. Seg\u00fan veo, tambi\u00e9n varias personas aqu\u00ed en Jaimanitas fueron citadas para ma\u00f1ana debido a las recientes protestas que hubo aqu\u00ed\u201d, dijo la periodista. Figueredo se\u00f1al\u00f3 que el pasado 20 de julio ya hab\u00eda sido interrogada por agentes de la Seguridad del Estado, quienes le informaron sobre la apertura de un proceso judicial en su contra por las manifestaciones ocurridas en Jaimanitas. \u201cEl d\u00eda 20 de julio fui citada por la Seguridad del Estado para informarme que me hab\u00edan abierto un proceso judicial por las recientes protestas que comenzaron aqu\u00ed el d\u00eda 8\u201d, relat\u00f3. Seg\u00fan la periodista, las manifestaciones estuvieron motivadas por el deterioro de las condiciones de vida en la comunidad, incluidos los prolongados apagones, la falta de agua y la escasez de alimentos. \u201cLas protestas se hicieron muy seguidas por la extensi\u00f3n de los apagones, la falta de agua, los problemas de alimentaci\u00f3n y la comida echada a perder\u201d, afirm\u00f3 Figueredo. El Instituto Cubano por la Libertad de Expresi\u00f3n y Prensa (ICLEP) inform\u00f3 que la periodista deber\u00e1 presentarse en la unidad policial ubicada en 198, entre 13 y 15. Otra residente, identificada como Melba Su\u00e1rez Ram\u00edrez, habr\u00eda recibido una citaci\u00f3n para la misma fecha y hora, de acuerdo con una publicaci\u00f3n de la organizaci\u00f3n. El Observatorio Cubano de Libertad de Expresi\u00f3n (OCLE), proyecto del ICLEP, considera que las convocatorias podr\u00edan formar parte de una acci\u00f3n coordinada contra personas que han expresado opiniones cr\u00edticas sobre la situaci\u00f3n del pa\u00eds. La organizaci\u00f3n record\u00f3 que, durante la comparecencia del 20 de julio, las autoridades responsabilizaron a Figueredo de presuntamente liderar las protestas de Jaimanitas en reclamo del restablecimiento del servicio el\u00e9ctrico. El ICLEP tambi\u00e9n denunci\u00f3 que dos agentes de la Seguridad del Estado visitaron la vivienda de la periodista el 18 de agosto y la amenazaron por haber participado en una actividad organizada por la Embajada de Estados Unidos en La Habana. De acuerdo con la organizaci\u00f3n, los agentes habr\u00edan utilizado como mecanismo de presi\u00f3n los estudios de la hija mayor de Figueredo, quien debe comenzar la universidad en septiembre. El OCLE clasific\u00f3 el caso como un ataque, amenaza o agresi\u00f3n psicol\u00f3gica, debido a que la nueva citaci\u00f3n ocurre en medio de un proceso penal y despu\u00e9s de las presiones denunciadas contra la periodista y su familia. La organizaci\u00f3n exigi\u00f3 a las autoridades cubanas que cesen el hostigamiento contra Figueredo y garanticen que la comparecencia policial no derive en nuevas represalias. Hasta el momento, las autoridades cubanas no se han pronunciado p\u00fablicamente sobre las denuncias.","title":"Periodista independiente denuncia amenazas y una nueva citaci\u00f3n policial en La Habana","topic":null,"translation_language":"","url":"https://www.martinoticias.com/a/periodista-independiente-denuncia-amenazas-y-una-nueva-citaci%c3%b3n-policial-en-la-habana/476725.html","video_url":null},{"article_body_paragraphs":[],"audio_source_url":null,"author":"Rolando N\u00e1poles","available_dubs":[],"downloadable_assets":["https://gdb.martinoticias.com/bde0e9e1-f3fe-4c9b-7c92-08def2b1c8fe_w1600_r1_n_s.jpg"],"duration_display":"0:00","duration_seconds":null,"embed_url":null,"id":11121,"image_caption":"Turistas en La Habana Vieja. Foto: REUTERS/Norlys P\u00e9rez","image_url":"https://gdb.martinoticias.com/bde0e9e1-f3fe-4c9b-7c92-08def2b1c8fe_w1600_r1_n_s.jpg","is_clip":false,"item_type":"article","item_type_label":"Article","language_label":"Espa\u00f1ol","media_credit":"Rolando N\u00e1poles","micro_label":"Photo","micro_label_kind":"gallery","network_label":"OCB","network_logo_url":"/static/uploads/direct_network_logos/ocb_0888427dcb1d.svg","published_at":"2026-09-01T00:30:51","published_at_display":"1 Sep 2026, 00:30 GMT","sequence_badge_label":null,"sequence_count":null,"sequence_count_label":null,"sequence_frames":[],"sequence_kind":null,"source_name":"radiotelevisionmarti_com_rss","source_name_label":"Radiotelevisionmarti","source_type":"rss","summary":"La nueva cartera de inversiones extranjeras en Cuba, presentada por La Habana en noviembre de 2025, mostr\u00f3 el verdadero inter\u00e9s de la \u00e9lite militar gobernante en la isla: mientras m\u00e1s el 62 % de los fondos que buscaba eran para el sector tur\u00edstico, solo un 7 % estaban destinados a producir alimentos para los cubanos. As\u00ed lo revel\u00f3 \u201cPrioridades de papel\u201d, una investigaci\u00f3n de CubaChequea, la unidad de verificaci\u00f3n de \u00c1rbol Invertido y miembro de LatamChequea, sobre la cartera oficial cubana de inversi\u00f3n extranjera. \u201cEl resultado de nuestra investigaci\u00f3n arroja una contradicci\u00f3n enorme. Mientras el gobierno cubano proclama como prioridades la producci\u00f3n de alimentos, la recuperaci\u00f3n del sistema el\u00e9ctrico, las energ\u00edas renovables, la infraestructura y el desarrollo del pa\u00eds, o sea, todas esas necesidades b\u00e1sicas de la poblaci\u00f3n, su propia cartera dirige el grueso de la b\u00fasqueda hacia otro lugar muy diferente\u201d, explic\u00f3 Francis S\u00e1nchez, director ejecutivo de \u00c1rbol Invertido y autor del informe junto al periodista principal de la investigaci\u00f3n, Julio Gerardo Hun Longchong. El reporte de CubaChequea detalla que la nueva cartera de inversiones del r\u00e9gimen cubano, que prioriza sobre todo el turismo, sumaba para ese sector en su conjunto unos 10.669 millones de d\u00f3lares: casi nueve d\u00f3lares por cada d\u00f3lar que buscaba captar para producir alimentos, ir\u00f3nicamente en un pa\u00eds cuya poblaci\u00f3n sufre la m\u00e1s grave escasez de comida y productos b\u00e1sicos. \u201cHay proyectos tur\u00edsticos que buscan alrededor de mil millones de d\u00f3lares. Mientras que el 89,2 por ciento de los proyectos para producir alimentos no superan los 10 millones de d\u00f3lares\u201d, afirm\u00f3 S\u00e1nchez en un video publicado por \u00c1rbol Invertido, junto a los detalles de la investigaci\u00f3n. Gr\u00e1fica de resultado de investigaci\u00f3n sobre cartera de inversiones extranjeras en Cuba de CubaChequea La publicaci\u00f3n de esta investigaci\u00f3n se hizo posible despu\u00e9s que el equipo de CubaChequea recuper\u00f3, reconstruy\u00f3 y analiz\u00f3 308 proyectos oficiales que a\u00fan la plataforma oficial del r\u00e9gimen Invierta en Cuba manten\u00eda en internet. La Habana hab\u00eda presentado su nueva cartera de inversiones extranjeras el 25 de noviembre de 2025 con 426 proyectos, entre ellos 124 proyectos energ\u00e9ticos. Pero como detall\u00f3 en su video el director ejecutivo de CubaChequea, s\u00f3lo 15 d\u00edas despu\u00e9s, 118 de los proyectos de esa cartera, todos del sector energ\u00e9tico, hab\u00edan desaparecido del sitio oficial en internet. De esos 118, s\u00f3lo quedaron en la plataforma, seis proyectos, todos sobre la exploraci\u00f3n petrolera. Ninguno sobre el uso de energ\u00eda renovable. \u201cMeses despu\u00e9s ocurri\u00f3 algo todav\u00eda m\u00e1s grave: desapareci\u00f3 de internet toda la plataforma llamada Invierta en Cuba donde el gobierno publicaba su cartera de negocios para captar inversi\u00f3n extranjera\u201d, asegur\u00f3 S\u00e1nchez en su publicaci\u00f3n donde dijo adem\u00e1s que hasta hoy el gobierno cubano no hab\u00eda dado ninguna explicaci\u00f3n p\u00fablica sobre estas desapariciones. \u201cPero antes de que desapareciera, desde CubaChequea logramos presentar y reservar los 308 proyectos que todav\u00eda permanec\u00edan publicados\u201d, destac\u00f3 S\u00e1nchez. Gr\u00e1fica de resultado de investigaci\u00f3n sobre cartera de inversiones extranjeras en Cuba de CubaChequea Esta investigaci\u00f3n mostr\u00f3 tambi\u00e9n como en el cao de tema Infraestructura, el 91,4 % del capital incluido en esa rama, era igualmente para el turismo en Cuba. S\u00f3lo un proyecto hotelero en la pen\u00ednsula de Anc\u00f3n, Sancti Sp\u00edritus, ped\u00eda 1.094 millones de d\u00f3lares, el 82,9 % de del capital solicitado en ese t\u00f3pico. \u201cEstamos comparando lo que el gobierno cubano dice prioriza con los mismos negocios que el gobierno cubano ofrece a los inversionistas extranjeros. Y resulta que cuando seguimos ese rastro de dinero y negocios, descubrimos que los intereses reales del gobierno cubano no coinciden ni con sus propias declaraciones ni con las necesidades mayores de la poblaci\u00f3n cubana\u201d, asever\u00f3 el directivo de CubaChequea. De acuerdo con S\u00e1nchez, los intereses del r\u00e9gimen, con su nueva cartera de inversiones extranjeras muestran que \u201cno priorizan ni la alimentaci\u00f3n ni el desarrollo territorial ni la energ\u00eda y mucho menos la energ\u00eda renovable.\u201d El subsecretario de Estado para Asuntos del Hemisferio Occidental de EEUU, Juan Pablo Segura, record\u00f3 la semana pasada en una publicaci\u00f3n en la red social X que el emporio militar cubano GAESA, que tiene bajo su control, entre otros sectores en la isla, el turismo, ha operado por a\u00f1os fuera del del alcance de los mecanismos de fiscalizaci\u00f3n del Estado, lo que, se\u00f1al\u00f3, facilit\u00f3 el desv\u00edo de miles de millones de d\u00f3lares de recursos p\u00fablicos. Adem\u00e1s del turismo, GAESA controla amplios sectores de la econom\u00eda cubana, como el comercio minorista, los bienes ra\u00edces, los puertos y otros servicios estrat\u00e9gicos. En una publicaci\u00f3n anterior Segura, hab\u00eda advertido a las empresas extranjeras si hac\u00edan negocios con ese conglomerado militar cubano que ha estado en el foco de varias de las m\u00e1s recientes sanciones de Estados Unidos al r\u00e9gimen de La Habana. \u201cGAESA no es solo una empresa. Se trata de una amplia red corrupta que controla hoteles, tiendas, sector inmobiliario, transporte, finanzas y otros \u00e1mbitos del r\u00e9gimen\u201d, explic\u00f3.","title":"Investigaci\u00f3n revela c\u00f3mo el r\u00e9gimen prioriz\u00f3 la inversi\u00f3n extranjera en el turismo antes de producir alimentos","topic":null,"translation_language":"","url":"https://www.martinoticias.com/a/investigaci%c3%b3n-revela-c%c3%b3mo-el-r%c3%a9gimen-prioriz%c3%b3-la-inversi%c3%b3n-extranjera-en-el-turismo-antes-de-producir-alimentos/476676.html","video_url":null},{"article_body_paragraphs":[],"audio_source_url":null,"author":"Jos\u00e9 Pernalete","available_dubs":[],"downloadable_assets":["https://ocb-video-ns.akamaized.net/pangeavideo/2026/08/e/e5/e50b7384-5f37-47d9-7c91-08def2b1c8fe_1080p.mp4?cb=ee227dcec","https://gdb.martinoticias.com/80226a29-3f62-48c4-7c90-08def2b1c8fe_w1600_r1_n_s.png"],"duration_display":"0:00","duration_seconds":null,"embed_url":null,"id":11928,"image_caption":"Alcalde de Medell\u00edn, Federico Guti\u00e9rrez, durante rueda de prensa en Miami este lunes. (OCB)","image_url":"https://gdb.martinoticias.com/80226a29-3f62-48c4-7c90-08def2b1c8fe_w1600_r1_n_s.png","is_clip":true,"item_type":"video","item_type_label":"Video","language_label":"Espa\u00f1ol","media_credit":"Jos\u00e9 Pernalete","micro_label":"Video report","micro_label_kind":"video","network_label":"OCB","network_logo_url":"/static/uploads/direct_network_logos/ocb_0888427dcb1d.svg","published_at":"2026-09-01T00:17:05","published_at_display":"1 Sep 2026, 00:17 GMT","sequence_badge_label":null,"sequence_count":null,"sequence_count_label":null,"sequence_frames":[],"sequence_kind":null,"source_name":"radiotelevisionmarti_com_rss","source_name_label":"Radiotelevisionmarti","source_type":"rss","summary":"El alcalde de Medell\u00edn, Federico Guti\u00e9rrez, destac\u00f3 en Miami la importancia de la cooperaci\u00f3n con Estados Unidos para enfrentar a organizaciones criminales vinculadas al narcotr\u00e1fico y al terrorismo.","title":"Alcalde de Medell\u00edn: apoyo de EEUU es clave contra redes criminales hemisf\u00e9ricas","topic":null,"translation_language":"","url":"https://www.martinoticias.com/a/alcalde-de-medell%c3%adn-cuba-se-ha-prestado-para-el-terrorismo-y-el-narcotr%c3%a1fico/476674.html","video_url":"https://ocb-video-ns.akamaized.net/pangeavideo/2026/08/e/e5/e50b7384-5f37-47d9-7c91-08def2b1c8fe_1080p.mp4?cb=ee227dcec"},{"article_body_paragraphs":[],"audio_source_url":null,"author":"Jos\u00e9 Pernalete","available_dubs":[],"downloadable_assets":["https://gdb.martinoticias.com/80226a29-3f62-48c4-7c90-08def2b1c8fe_w1600_r1_n_s.png"],"duration_display":"0:00","duration_seconds":null,"embed_url":null,"id":11122,"image_caption":"Alcalde de Medell\u00edn, Federico Guti\u00e9rrez, durante rueda de prensa en Miami este lunes. (OCB)","image_url":"https://gdb.martinoticias.com/80226a29-3f62-48c4-7c90-08def2b1c8fe_w1600_r1_n_s.png","is_clip":false,"item_type":"article","item_type_label":"Article","language_label":"Espa\u00f1ol","media_credit":"Jos\u00e9 Pernalete","micro_label":"Photo","micro_label_kind":"gallery","network_label":"OCB","network_logo_url":"/static/uploads/direct_network_logos/ocb_0888427dcb1d.svg","published_at":"2026-09-01T00:17:05","published_at_display":"1 Sep 2026, 00:17 GMT","sequence_badge_label":null,"sequence_count":null,"sequence_count_label":null,"sequence_frames":[],"sequence_kind":null,"source_name":"radiotelevisionmarti_com_rss","source_name_label":"Radiotelevisionmarti","source_type":"rss","summary":"El alcalde de Medell\u00edn, Federico Guti\u00e9rrez, cuestion\u00f3 en Miami el papel de Cuba y asegur\u00f3 que el r\u00e9gimen de La Habana \u201cse ha prestado para el terrorismo, para los peores delitos y para el narcotr\u00e1fico\u201d. Durante su visita al sur de Florida, Guti\u00e9rrez insisti\u00f3 en que el Ej\u00e9rcito de Liberaci\u00f3n Nacional (ELN) y las disidencias de las Fuerzas Armadas Revolucionarias de Colombia (FARC) no son guerrillas, sino estructuras criminales, y dijo que la colaboraci\u00f3n con Estados Unidos es fundamental para enfrentarlas. El alcalde destac\u00f3 la importancia de fortalecer la cooperaci\u00f3n con Estados Unidos para combatir organizaciones vinculadas al narcotr\u00e1fico, el terrorismo y otras actividades criminales que operan en Colombia y otros pa\u00edses de la regi\u00f3n. \u201cEn Colombia no hay guerrilla. En Colombia hay estructuras criminales dedicadas al terrorismo, al narcotr\u00e1fico, al oro ilegal, a acabar con el medio ambiente, a secuestrar, a la extorsi\u00f3n. No son guerrillas... Simplemente hay que combatirlos\u201d, declar\u00f3. Asimismo, sostuvo que la colaboraci\u00f3n de Estados Unidos resulta fundamental para enfrentar organizaciones que, seg\u00fan denunci\u00f3, mantienen operaciones que trascienden las fronteras colombianas. \u201cLa colaboraci\u00f3n con el gobierno de Estados Unidos para Colombia es fundamental y se tiene que notar cada vez m\u00e1s\u201d, afirm\u00f3. Alcalde de Medell\u00edn: apoyo de EEUU es clave contra redes criminales hemisf\u00e9ricas Guti\u00e9rrez pide una Cuba libre Durante sus declaraciones en Miami, Guti\u00e9rrez cuestion\u00f3 el papel del r\u00e9gimen de La Habana frente a organizaciones armadas y actividades il\u00edcitas en la regi\u00f3n. \u201cPues ojal\u00e1 Cuba sea liberada. Yo creo que todas esas dictaduras se tienen que caer de una vez por todas. Se han prestado para el terrorismo, se han prestado para los peores delitos, se han prestado para el narcotr\u00e1fico, para proteger a todos estos criminales\u201d, expres\u00f3. Cuba ha sido durante a\u00f1os un punto central en las relaciones con Colombia por la presencia en la isla de integrantes del ELN, organizaci\u00f3n que particip\u00f3 en procesos de negociaci\u00f3n con distintos gobiernos colombianos. Guti\u00e9rrez insisti\u00f3 en que, desde su perspectiva, la actuaci\u00f3n actual de estos grupos responde fundamentalmente a intereses criminales y econ\u00f3micos y no a motivaciones ideol\u00f3gicas. Venezuela y el impacto regional de la captura de Maduro El alcalde de Medell\u00edn tambi\u00e9n vincul\u00f3 la situaci\u00f3n de seguridad de Colombia con Venezuela y sostuvo que la captura de Nicol\u00e1s Maduro por parte de Estados Unidos tuvo repercusiones m\u00e1s all\u00e1 de las fronteras venezolanas. Guti\u00e9rrez plante\u00f3 que, de no haberse producido la detenci\u00f3n de Maduro, este habr\u00eda podido intentar influir en las elecciones colombianas. El alcalde present\u00f3 esa posibilidad como un escenario hipot\u00e9tico y destac\u00f3 el estrecho margen con el que se defini\u00f3 la contienda presidencial. \u201cCuando uno mira el impacto de la captura de Nicol\u00e1s Maduro, no solo es un impacto en Venezuela, es un impacto en la regi\u00f3n\u201d, se\u00f1al\u00f3. Guti\u00e9rrez asegur\u00f3 que un cambio en Venezuela es tambi\u00e9n determinante para la seguridad colombiana debido a la hist\u00f3rica presencia denunciada por autoridades de Colombia de integrantes de grupos armados al otro lado de la frontera. \u201cPara nosotros poder acabar con las FARC, el ELN y esas organizaciones criminales necesitamos que cambie todo en Venezuela, porque de lo contrario es lo de siempre: cometen los actos terroristas en Colombia y se escudan al otro lado de la frontera, donde han estado escondi\u00e9ndose durante a\u00f1os y los protegieron tanto. Son unos criminales y tienen que responder\u201d, afirm\u00f3. El alcalde expres\u00f3 adem\u00e1s su solidaridad con los venezolanos y asegur\u00f3 que la crisis que atraves\u00f3 ese pa\u00eds debe servir como advertencia para Colombia sobre la importancia de preservar sus instituciones democr\u00e1ticas. Reuni\u00f3n con autoridades federales en Miami La visita de Federico Guti\u00e9rrez a Miami incluy\u00f3 encuentros con autoridades federales estadounidenses, entre ellas funcionarios del FBI, a quienes acudi\u00f3 para proporcionar informaci\u00f3n relacionada con presuntos hechos il\u00edcitos que, seg\u00fan sus denuncias, podr\u00edan tener conexiones en Estados Unidos. Guti\u00e9rrez ha se\u00f1alado que busca que las autoridades estadounidenses investiguen posibles movimientos de recursos y redes que habr\u00edan operado fuera de Colombia, adem\u00e1s de fortalecer la cooperaci\u00f3n internacional frente al narcotr\u00e1fico, el terrorismo y el crimen organizado. El alcalde enmarc\u00f3 esos encuentros en una estrategia para conseguir mayor colaboraci\u00f3n de Estados Unidos frente a organizaciones criminales con capacidad de operar a trav\u00e9s de diferentes pa\u00edses del hemisferio.","title":"Alcalde de Medell\u00edn: Cuba se ha prestado para el terrorismo y el narcotr\u00e1fico","topic":null,"translation_language":"","url":"https://www.martinoticias.com/a/alcalde-de-medell%c3%adn-cuba-se-ha-prestado-para-el-terrorismo-y-el-narcotr%c3%a1fico/476674.html","video_url":null},{"article_body_paragraphs":[],"audio_source_url":null,"author":"Redacci\u00f3n Mart\u00ed Noticias","available_dubs":[],"downloadable_assets":["https://gdb.martinoticias.com/f3773d0c-cc43-41aa-fa69-08debb0491f6_w1600_r1_n_s.png"],"duration_display":"0:00","duration_seconds":null,"embed_url":null,"id":11116,"image_caption":"L\u00edder ind\u00edgena Brooklyn Rivera","image_url":"https://gdb.martinoticias.com/f3773d0c-cc43-41aa-fa69-08debb0491f6_w1600_r1_n_s.png","is_clip":false,"item_type":"article","item_type_label":"Article","language_label":"Espa\u00f1ol","media_credit":"Redacci\u00f3n Mart\u00ed Noticias","micro_label":"Photo","micro_label_kind":"gallery","network_label":"OCB","network_logo_url":"/static/uploads/direct_network_logos/ocb_0888427dcb1d.svg","published_at":"2026-08-31T23:33:05","published_at_display":"31 Aug 2026, 23:33 GMT","sequence_badge_label":null,"sequence_count":null,"sequence_count_label":null,"sequence_frames":[],"sequence_kind":null,"source_name":"radiotelevisionmarti_com_rss","source_name_label":"Radiotelevisionmarti","source_type":"rss","summary":"Estados Unidos denunci\u00f3 que familiares y miembros de la comunidad del fallecido l\u00edder ind\u00edgena nicarag\u00fcense Brooklyn Rivera permanecen desaparecidos tres meses despu\u00e9s de haber sido detenidos cuando reclamaban la entrega de sus restos. Juan Pablo Segura, secretario adjunto de Estado para Asuntos del Hemisferio Occidental, denunci\u00f3 que las autoridades nicarag\u00fcenses hicieron desaparecer a Rivera mientras permanec\u00eda encarcelado y que posteriormente actuaron contra personas de su entorno que intentaron recuperar sus restos. \u201cLas autoridades de Murillo y Ortega desaparecieron a Brooklyn Rivera en las c\u00e1rceles de la dictadura, donde muri\u00f3 tr\u00e1gicamente. Posteriormente, la dictadura hizo desaparecer a los familiares y miembros de la comunidad de Rivera cuando estos solicitaron sus restos\u201d, escribi\u00f3 Segura. El funcionario identific\u00f3 entre los detenidos a Alda, Kurney, Jorbis, Jorge, Florencia y Glenis, y asegur\u00f3 que, tres meses despu\u00e9s, contin\u00faa sin conocerse su paradero. \u201cEsto es tiran\u00eda en su forma m\u00e1s cruel y cobarde\u201d, afirm\u00f3. \u201cLiberen incondicionalmente a la familia de Brooklyn y a todos los presos pol\u00edticos\u201d, indic\u00f3. Segura ya hab\u00eda denunciado el caso en julio, cuando se\u00f1al\u00f3 que ocho personas permanec\u00edan detenidas por reclamar la devoluci\u00f3n de los restos de Rivera a su familia y su comunidad. Rivera fue fundador de la organizaci\u00f3n ind\u00edgena YATAMA y una de las figuras pol\u00edticas m\u00e1s conocidas de la Costa Caribe de Nicaragua. Hab\u00eda sido detenido en septiembre de 2023 y durante un prolongado per\u00edodo permaneci\u00f3 incomunicado, mientras familiares, organizaciones internacionales y gobiernos extranjeros reclamaban informaci\u00f3n y pruebas de vida. Tras conocerse su muerte, el subsecretario de Estado estadounidense Christopher Landau responsabiliz\u00f3 directamente al gobierno nicarag\u00fcense. \u201cLa dictadura de Ortega y Murillo en Nicaragua es responsable de la muerte de Brooklyn Rivera, l\u00edder del partido pol\u00edtico YATAMA, alineado con los pueblos ind\u00edgenas\u201d, afirm\u00f3 Landau en ese momento. Amnist\u00eda Internacional pidi\u00f3 una investigaci\u00f3n independiente sobre las circunstancias de su muerte. Ana Piquer, directora para las Am\u00e9ricas de la organizaci\u00f3n, sostuvo que \u201cBrooklyn Rivera no deber\u00eda haber muerto bajo custodia del Estado nicarag\u00fcense\u201d y record\u00f3 que el dirigente permanec\u00eda \u201cdetenido arbitrariamente\u201d antes de su fallecimiento.","title":"EEUU denuncia desaparici\u00f3n de familiares de Brooklyn Rivera en Nicaragua","topic":null,"translation_language":"","url":"https://www.martinoticias.com/a/eeuu-denuncia-desaparici%c3%b3n-de-familiares-de-brooklyn-rivera-en-nicaragua/476679.html","video_url":null},{"article_body_paragraphs":[],"audio_source_url":null,"author":"Redacci\u00f3n Mart\u00ed Noticias","available_dubs":[],"downloadable_assets":["https://gdb.martinoticias.com/49d8c240-8fb1-4461-bc76-08def2b1d8dc_cx0_cy5_cw0_w1600_r1_n_s.png"],"duration_display":"0:00","duration_seconds":null,"embed_url":null,"id":11117,"image_caption":"El jefe de misi\u00f3n Mike Hammer se reuni\u00f3 con el secretario de Estado, Marco Rubio","image_url":"https://gdb.martinoticias.com/49d8c240-8fb1-4461-bc76-08def2b1d8dc_cx0_cy5_cw0_w1600_r1_n_s.png","is_clip":false,"item_type":"article","item_type_label":"Article","language_label":"Espa\u00f1ol","media_credit":"Redacci\u00f3n Mart\u00ed Noticias","micro_label":"Photo","micro_label_kind":"gallery","network_label":"OCB","network_logo_url":"/static/uploads/direct_network_logos/ocb_0888427dcb1d.svg","published_at":"2026-08-31T23:01:41","published_at_display":"31 Aug 2026, 23:01 GMT","sequence_badge_label":null,"sequence_count":null,"sequence_count_label":null,"sequence_frames":[],"sequence_kind":null,"source_name":"radiotelevisionmarti_com_rss","source_name_label":"Radiotelevisionmarti","source_type":"rss","summary":"El jefe de la misi\u00f3n diplom\u00e1tica de Estados Unidos en Cuba, Mike Hammer, se reuni\u00f3 con el secretario de Estado, Marco Rubio, para abordar la situaci\u00f3n en la isla y los esfuerzos de Washington por canalizar los 100 millones de d\u00f3lares en asistencia humanitaria, inform\u00f3 este lunes la Embajada estadounidense en La Habana. \u201cEl jefe de misi\u00f3n Mike Hammer se reuni\u00f3 con el secretario de Estado, Marco Rubio, y ofreci\u00f3 una actualizaci\u00f3n sobre la situaci\u00f3n actual en Cuba, as\u00ed como sobre nuestros esfuerzos para canalizar 100 millones de d\u00f3lares en ayuda humanitaria a trav\u00e9s de C\u00e1ritas y nuestro continuo apoyo a las aspiraciones del pueblo cubano de vivir con libertad y dignidad\u201d, se\u00f1al\u00f3 la sede diplom\u00e1tica en una publicaci\u00f3n. Estados Unidos avanza en la distribuci\u00f3n de la asistencia anunciada en mayo por Rubio y destinada a sectores vulnerables de la poblaci\u00f3n cubana. Como parte de ese programa, Washington envi\u00f3 en julio un nuevo cargamento que incluy\u00f3 700 kits de higiene y 700 paquetes de alimentos. Las autoridades estadounidenses han se\u00f1alado que la ayuda se distribuye mediante organizaciones independientes y religiosas, entre ellas Catholic Relief Services y C\u00e1ritas Cuba, con la intenci\u00f3n de hacerla llegar directamente a los beneficiarios y evitar que sea administrada por el gobierno cubano. El jefe de la misi\u00f3n diplom\u00e1tica de Estados Unidos en Cuba, Mike Hammer, se reuni\u00f3 con el secretario de Estado, Marco Rubio. La Embajada estadounidense ha difundido en las \u00faltimas semanas varios videos de Hammer durante recorridos por la isla para constatar el proceso de entrega de la asistencia y conversar con sus beneficiarios.","title":"Hammer habla con Rubio sobre la situaci\u00f3n en Cuba","topic":null,"translation_language":"","url":"https://www.martinoticias.com/a/hammer-se-re%c3%bane-con-rubio-sobre-situaci%c3%b3n-en-cuba-y-distribuci%c3%b3n-de-ayuda-humanitaria-de-eeuu/476677.html","video_url":null},{"article_body_paragraphs":[],"audio_source_url":"https://ocb-audio-ns.akamaized.net/cu/2026/08/31/20260831-153000-cu004-program_hq.mp3","author":"Janisset Rivero","available_dubs":[],"downloadable_assets":["https://ocb-audio-ns.akamaized.net/cu/2026/08/31/20260831-153000-cu004-program_hq.mp3","https://gdb.martinoticias.com/173e2a06-9b5a-4d10-bc73-08def2b1d8dc_w1600_r1_n_s.jpg"],"duration_display":"30:00","duration_seconds":1800.0,"embed_url":null,"id":11932,"image_caption":"Pen\u00e9lope N\u00fa\u00f1ez, estudiante cubana que iniciar\u00e1 el doceno grado ma\u00f1ana, sue\u00f1a con sus talentos cient\u00edficos en un pa\u00eds con libertad y oportunidades","image_url":"https://gdb.martinoticias.com/173e2a06-9b5a-4d10-bc73-08def2b1d8dc_w1600_r1_n_s.jpg","is_clip":false,"item_type":"audio","item_type_label":"Audio","language_label":"Espa\u00f1ol","media_credit":"Janisset Rivero","micro_label":"Audio program","micro_label_kind":"audio","network_label":"OCB","network_logo_url":"/static/uploads/direct_network_logos/ocb_0888427dcb1d.svg","published_at":"2026-08-31T21:20:00","published_at_display":"31 Aug 2026, 21:20 GMT","sequence_badge_label":null,"sequence_count":null,"sequence_count_label":null,"sequence_frames":[],"sequence_kind":null,"source_name":"radiotelevisionmarti_com_rss","source_name_label":"Radiotelevisionmarti","source_type":"rss","summary":"La realidad de Cuba a trav\u00e9s del testimonio de residentes dentro de la isla, quienes actualizar\u00e1n el panorama interno de la mano de su conductora, la activista y escritora cubana Janisset Rivero.","title":"Barrio adentro","topic":null,"translation_language":"","url":"https://www.martinoticias.com/a/joven-estudiante-cubana-hace-falta-un-cambio-para-que-se-abran-nuevas-oportunidades/476667.html","video_url":null},{"article_body_paragraphs":[],"audio_source_url":null,"author":"Janisset Rivero","available_dubs":[],"downloadable_assets":["https://gdb.martinoticias.com/173e2a06-9b5a-4d10-bc73-08def2b1d8dc_w1600_r1_n_s.jpg"],"duration_display":"0:00","duration_seconds":null,"embed_url":null,"id":11096,"image_caption":"Pen\u00e9lope N\u00fa\u00f1ez, estudiante cubana que iniciar\u00e1 el doceno grado ma\u00f1ana, sue\u00f1a con sus talentos cient\u00edficos en un pa\u00eds con libertad y oportunidades","image_url":"https://gdb.martinoticias.com/173e2a06-9b5a-4d10-bc73-08def2b1d8dc_w1600_r1_n_s.jpg","is_clip":false,"item_type":"article","item_type_label":"Article","language_label":"Espa\u00f1ol","media_credit":"Janisset Rivero","micro_label":"Photo","micro_label_kind":"gallery","network_label":"OCB","network_logo_url":"/static/uploads/direct_network_logos/ocb_0888427dcb1d.svg","published_at":"2026-08-31T21:20:00","published_at_display":"31 Aug 2026, 21:20 GMT","sequence_badge_label":null,"sequence_count":null,"sequence_count_label":null,"sequence_frames":[],"sequence_kind":null,"source_name":"radiotelevisionmarti_com_rss","source_name_label":"Radiotelevisionmarti","source_type":"rss","summary":"Pen\u00e9lope N\u00fa\u00f1ez tiene 18 a\u00f1os y vive en un barrio muy pobre de Boyeros, La Habana. Ama la F\u00edsica desde que es muy peque\u00f1a, y se ha dedicado a investigar las ciencias de forma autodidacta. Ha ideado el modelo aerodin\u00e1mico de una moto, estudiando el m\u00e9todo de Nikolas Tesla, aunque carece de las condiciones materiales para poner a prueba su experimento. Sue\u00f1a con estudiar F\u00edsica Cl\u00e1sica y Biotecnolog\u00eda pero sabe que se enfrenta a una realidad: los profesionales en Cuba no ganan suficiente como para poder pagar el costo de vida y, adem\u00e1s, existe un sistema que impide el desarrollo individual de los talentos. \u201cEl socialismo, el comunismo, esas cosas que plantea son ideas de pobreza. T\u00fa no puedes querer que todas las personas sean iguales y que tengan lo mismo porque es imposible. [\u2026] no hay igualdad. T\u00fa no puedes comparar a una persona con otra persona, no son iguales, son dos cerebros distintos, con ideales distintos, con morales distintas, con objetivos distintos, es decir, no somos iguales\u201d, afirm\u00f3 durante una entrevista en el programa \u201cBarrio Adentro\u201d de Radio Mart\u00ed. Este martes, al iniciar el curso escolar en Cuba, Pen\u00e9lope comenzar\u00e1 el \u00faltimo a\u00f1o del preuniversitario. La joven, quien considera que el pa\u00eds no est\u00e1 preparado para iniciar las clases, cuenta que la escuela a la que regresar\u00e1 tiene deficiencias en el servicio de agua, los ba\u00f1os y la estructura en general. \u201cAqu\u00ed hay talento y hay personas que se esfuerzan, pero no se dejan ver por la igualdad esa que quisieron imponer. Aqu\u00ed hay personas que se destacan porque se esfuerzan en lo que hacen y se preparan\u201d, asever\u00f3 la joven quien dijo adem\u00e1s que \u201cpara que haya sociedad tiene que haber diversidad\u201d. La falta de incentivos para que los j\u00f3venes estudien ha creado la visi\u00f3n de que es mejor no estudiar, lo cual genera mayores problemas para el presente y el futuro de Cuba. Para Pen\u00e9lope, crea una \u201cvaga moralidad\u201d y ayuda a la destrucci\u00f3n de la poblaci\u00f3n. De acuerdo a la joven estudiante, es necesario un cambio en la Isla para que se abran las oportunidades. \u201cLes quiero decir a todos que se preparen porque hoy Cuba es un pa\u00eds reprimido pero no saben ma\u00f1ana c\u00f3mo va a ser el pa\u00eds, ni las oportunidades que van a tener. Prep\u00e1rense siempre e intenten construir, descubran su pasi\u00f3n, que cada quien tiene una [\u2026] no se dejen llevar por la mala moral y por el declive de la sociedad, tengan una preparaci\u00f3n y la a\u00f1oranza de que alg\u00fan d\u00eda vamos a cambiar\u201d, concluy\u00f3.","title":"Joven estudiante cubana: Hace falta un cambio para que se abran nuevas oportunidades","topic":null,"translation_language":"","url":"https://www.martinoticias.com/a/joven-estudiante-cubana-hace-falta-un-cambio-para-que-se-abran-nuevas-oportunidades/476667.html","video_url":null},{"article_body_paragraphs":[],"audio_source_url":null,"author":"Jorge Morej\u00f3n","available_dubs":[],"downloadable_assets":["https://gdb.martinoticias.com/ed614afd-e431-42a5-b11c-1fdfc41534dc_w1600_r1_n_s.jpg"],"duration_display":"0:00","duration_seconds":null,"embed_url":null,"id":11073,"image_caption":"El cubano Luis Robert Jr. tiene una nueva oportunidad con los Orioles de Baltimore.","image_url":"https://gdb.martinoticias.com/ed614afd-e431-42a5-b11c-1fdfc41534dc_w1600_r1_n_s.jpg","is_clip":false,"item_type":"article","item_type_label":"Article","language_label":"Espa\u00f1ol","media_credit":"Jorge Morej\u00f3n","micro_label":"Photo","micro_label_kind":"gallery","network_label":"OCB","network_logo_url":"/static/uploads/direct_network_logos/ocb_0888427dcb1d.svg","published_at":"2026-08-31T20:39:50","published_at_display":"31 Aug 2026, 20:39 GMT","sequence_badge_label":null,"sequence_count":null,"sequence_count_label":null,"sequence_frames":[],"sequence_kind":null,"source_name":"radiotelevisionmarti_com_rss","source_name_label":"Radiotelevisionmarti","source_type":"rss","summary":"Los Orioles de Baltimore reclamaron al jardinero cubano Luis Robert Jr de la lista de waivers de los Mets de Nueva York. Robert fue puesto en la lista de transferibles por los Mets, equipo que ya no tiene posibilidades de llegar a la postemporada. La decisi\u00f3n de los Mets es una movida destinada a ahorrar dinero, luego de que el due\u00f1o Steve Cohen manifestara su disposici\u00f3n de ir tras el zurdo Tarik Skubal cuando abra la agencia libre, en una operaci\u00f3n que costar\u00eda alrededor de 400 millones de d\u00f3lares. Al cubano a\u00fan le corresponden aproximadamente tres millones de salario de esta temporada, que asumir\u00edan los Orioles. Adem\u00e1s, el jugador tiene una opci\u00f3n de equipo de 20 millones para la pr\u00f3xima campa\u00f1a, con una cl\u00e1usula de rescisi\u00f3n de dos millones. Si Robert se incorpora a la plantilla activa antes del martes 1 de septiembre, podr\u00e1 jugar en la postemporada, en caso de que Baltimore clasifique a los playoffs. Antes de los partidos de este lunes, los Orioles se encuentran a solo un juego de los Guardianes de Cleveland d por el tercer puesto de comod\u00edn en la Liga Americana. Robert fue firmado como agente libre por los Mets el pasado invierno, pero tuvo dificultades para encontrar su ritmo ofensivo a lo largo de la campa\u00f1a y perdi\u00f3 considerable tiempo de juego en la lista de lesionados. Sin embargo, mostr\u00f3 destellos de su considerable poder en las \u00faltimas semanas, al conectar cuatro jonrones en un lapso de seis juegos a mediados de agosto y Nueva York aprovech\u00f3 ese repunte para ponerlo en el mercado. Robert, de 29 a\u00f1os, tuvo su mejor temporada en el 2023, con los Medias Blancas de Chicago, cuando incluso fue al Juego de las Estrellas. Pero desde entonces no ha alcanzado su m\u00e1ximo potencial, debido a constantes lesiones. Con \u00e9l, los Orioles incorporan un bateador de poder a su alineaci\u00f3n para proteger a Pete Alonso y Gunnar Henderson.","title":"Los Orioles reclaman al cubano Luis Robert Jr. de la lista de waivers","topic":null,"translation_language":"","url":"https://www.martinoticias.com/a/los-orioles-reclaman-al-cubano-luis-robert-de-la-lista-de-waivers/476672.html","video_url":null},{"article_body_paragraphs":[],"audio_source_url":null,"author":"Redacci\u00f3n Mart\u00ed Noticias","available_dubs":[],"downloadable_assets":["https://gdb.martinoticias.com/782b30d8-b041-4a33-0417-08decd63a0c8_w1600_r1_n_s.png"],"duration_display":"0:00","duration_seconds":null,"embed_url":null,"id":11055,"image_caption":"Vecinos de Omaja protestan por falta de agua y apagones","image_url":"https://gdb.martinoticias.com/782b30d8-b041-4a33-0417-08decd63a0c8_w1600_r1_n_s.png","is_clip":false,"item_type":"article","item_type_label":"Article","language_label":"Espa\u00f1ol","media_credit":"Redacci\u00f3n Mart\u00ed Noticias","micro_label":"Photo","micro_label_kind":"gallery","network_label":"OCB","network_logo_url":"/static/uploads/direct_network_logos/ocb_0888427dcb1d.svg","published_at":"2026-08-31T19:44:05","published_at_display":"31 Aug 2026, 19:44 GMT","sequence_badge_label":null,"sequence_count":null,"sequence_count_label":null,"sequence_frames":[],"sequence_kind":null,"source_name":"radiotelevisionmarti_com_rss","source_name_label":"Radiotelevisionmarti","source_type":"rss","summary":"Vecinos del poblado de Omaja, en el municipio Majibacoa, provincia de Las Tunas, salieron a las calles para reclamar el restablecimiento del servicio de agua despu\u00e9s de meses sin suministro regular y prolongados apagones. Videos e im\u00e1genes difundidos en redes sociales muestran a residentes reunidos en las inmediaciones del parque, sonando cubos, tanques y otros recipientes utilizados habitualmente para almacenar agua. Un vecino del lugar confirm\u00f3 a Mart\u00ed Noticias que el domingo la protesta se extendi\u00f3 durante buena parte del d\u00eda y que en horas de la tarde, las autoridades enviaron pipas con agua a algunas zonas. \u201cNos estamos muriendo de sed, no tenemos agua, ya este pueblo no aguanta m\u00e1s\u201d, escribi\u00f3 en Facebook otro residente del poblado. Blas Gonz\u00e1lez, vecino de Omaja, dijo que los manifestantes se concentraron frente al parque. \u201cYa salimos hoy a reclamar un derecho y una necesidad de la vida del ser humano. Reclamamos agua\u201d, coment\u00f3 y asegur\u00f3 que en la localidad \u201cno hay agua ni para tomar ni para nada\u201d. A la escasez de agua se sumaron los apagones. Residentes dijeron que al momento de la protesta acumulaban m\u00e1s de 24 horas sin electricidad. Durante el fin de semana vecinos El Fanguito, ubicado a orillas del r\u00edo Almendares, y de la calle N, en El Vedado, salieron a protestaron tambi\u00e9n por los prolongados apagones. El mes pasado, el Observatorio Cubano de Conflictos (OCC) de la Fundaci\u00f3n para los Derechos Humanos en Cuba, registr\u00f3 1.415 protestas, denuncias y expresiones cr\u00edticas, la cifra m\u00e1s alta documentada por la organizaci\u00f3n hasta el momento. Seg\u00fan el informe, el calor extremo unido a los apagones, la falta de agua y los problemas de salud p\u00fablica y alimentaci\u00f3n, junto con el creciente malestar ciudadano, han impulsado el mayor nivel de conflictividad social registrado hasta la fecha.","title":"\"Este pueblo no aguanta m\u00e1s\": Vecinos de Omaja protestan por falta de agua y apagones","topic":null,"translation_language":"","url":"https://www.martinoticias.com/a/vecinos-de-omaja-protestan-por-falta-de-agua-y-apagones-tras-meses-sin-servicios/476664.html","video_url":null}],"next_num":null,"page":3,"pages":3,"per_page":20,"prev_num":2,"total":50}
