{"applied_filters":{"end_date":"","lang":"","language":"","network":"","page":3,"per_page":20,"search":"","source":"slobodnaevropa_org_direct","start_date":"","topic":"","type":""},"available_filters":{"language_choices":[{"label":"Choose Language","value":""},{"label":"Serbo-Croatian","value":"Serbo-Croatian"}],"network_choices":[{"label":"All networks","value":""},{"label":"RFE/RL","value":"RFE/RL"}],"source_choices":[{"label":"All sources","value":""},{"label":"Current Time","value":"currenttime_tv_direct"},{"label":"Current Time","value":"currenttime_tv_rss"},{"label":"Da Azadi Radio","value":"da_azadiradio_com_rss"},{"label":"Darivoa","value":"darivoa_com_rss"},{"label":"Dengeamerika","value":"dengeamerika_com_direct"},{"label":"Dengeamerika","value":"dengeamerika_com_rss"},{"label":"Dengiamerika","value":"dengiamerika_com_direct"},{"label":"Dengiamerika","value":"dengiamerika_com_rss"},{"label":"Editorials VOA","value":"editorials_voa_gov_rss"},{"label":"Golosameriki","value":"golosameriki_com_direct"},{"label":"Golosameriki","value":"golosameriki_com_rss"},{"label":"Ir VOA News","value":"ir_voanews_com_rss"},{"label":"Mashaalradio","value":"mashaalradio_com_direct"},{"label":"Moldova Europalibera","value":"moldova_europalibera_org_direct"},{"label":"Moldova Europalibera","value":"moldova_europalibera_org_rss"},{"label":"OCB \u00b7 Caf\u00e9 Digital","value":"ocb_spanish_audio_html_scrape"},{"label":"OCB \u00b7 Liberaci\u00f3n","value":"ocb_spanish_audio_html_scrape_1001"},{"label":"OCB \u00b7 Programas de Radio Nuestra Am\u00e9rica","value":"ocb_spanish_audio_html_scrape_1016"},{"label":"OCB \u00b7 Agenda hemisf\u00e9rica","value":"ocb_spanish_audio_html_scrape_1028"},{"label":"OCB \u00b7 El futuro es ya","value":"ocb_spanish_audio_html_scrape_1056"},{"label":"OCB \u00b7 Foro abierto","value":"ocb_spanish_audio_html_scrape_1061"},{"label":"OCB \u00b7 Nicaragua al d\u00eda","value":"ocb_spanish_audio_html_scrape_1077"},{"label":"OCB \u00b7 La bola nostra","value":"ocb_spanish_audio_html_scrape_1078"},{"label":"OCB \u00b7 Taller de prensa","value":"ocb_spanish_audio_html_scrape_1103"},{"label":"OCB \u00b7 Las noticias como son","value":"ocb_spanish_audio_html_scrape_142"},{"label":"OCB \u00b7 Abriendo Espacios","value":"ocb_spanish_audio_html_scrape_562"},{"label":"OCB \u00b7 Mart\u00ed Noticias A.M.","value":"ocb_spanish_audio_html_scrape_668"},{"label":"OCB Spanish Audio","value":"ocb_spanish_audio_scrape"},{"label":"OCB Spanish Video","value":"ocb_spanish_video_scrape"},{"label":"Pa Azadi Radio","value":"pa_azadiradio_com_rss"},{"label":"Pashtovoa","value":"pashtovoa_com_rss"},{"label":"Radiofaarda","value":"radiofaarda_com_direct"},{"label":"Radio Farda","value":"radiofarda_com_direct"},{"label":"Radio Farda","value":"radiofarda_com_rss"},{"label":"Radiosvoboda","value":"radiosvoboda_org_rss"},{"label":"Radiotavisupleba","value":"radiotavisupleba_ge_direct"},{"label":"Radiotavisupleba","value":"radiotavisupleba_ge_rss"},{"label":"Radiotelevisionmarti","value":"radiotelevisionmarti_com_direct"},{"label":"Radiotelevisionmarti","value":"radiotelevisionmarti_com_rss"},{"label":"RFA Burmese","value":"rfa_burmese_rss"},{"label":"RFA Burmese Video Scrape","value":"rfa_burmese_video_scrape"},{"label":"RFA Cantonese","value":"rfa_cantonese_rss"},{"label":"RFA Cantonese Video Scrape","value":"rfa_cantonese_video_scrape"},{"label":"RFA English RSS","value":"rfa_english_rss"},{"label":"RFA English Video","value":"rfa_english_video_scrape"},{"label":"RFA Khmer","value":"rfa_khmer_rss"},{"label":"RFA Khmer Video Scrape","value":"rfa_khmer_video_scrape"},{"label":"RFA Korean","value":"rfa_korean_rss"},{"label":"RFA Korean Video Scrape","value":"rfa_korean_video_scrape"},{"label":"RFA Lao","value":"rfa_lao_rss"},{"label":"RFA Lao Video Scrape","value":"rfa_lao_video_scrape"},{"label":"RFA Mandarin","value":"rfa_mandarin_rss"},{"label":"RFA Mandarin Video Scrape","value":"rfa_mandarin_video_scrape"},{"label":"RFA Tibetan","value":"rfa_tibetan_rss"},{"label":"RFA Tibetan Video Scrape","value":"rfa_tibetan_video_scrape"},{"label":"RFA Uyghur","value":"rfa_uyghur_rss"},{"label":"RFA Uyghur Video Scrape","value":"rfa_uyghur_video_scrape"},{"label":"RFA Vietnamese","value":"rfa_vietnamese_rss"},{"label":"RFA Vietnamese Video Scrape","value":"rfa_vietnamese_video_scrape"},{"label":"RFE/RL Direct","value":"rferl_direct"},{"label":"RFE/RL","value":"rferl_org_rss"},{"label":"Slobodnaevropa","value":"slobodnaevropa_org_direct"},{"label":"Slobodnaevropa","value":"slobodnaevropa_org_rss"},{"label":"Svoboda","value":"svoboda_org_direct"},{"label":"Svoboda","value":"svoboda_org_rss"},{"label":"Ukrainian VOA News","value":"ukrainian_voanews_com_rss"},{"label":"VOA Chinese Direct","value":"voa_chinese_direct"},{"label":"VOA Chinese RSS","value":"voa_chinese_rss"},{"label":"VOA Dari Direct","value":"voa_dari_direct"},{"label":"VOA Korea Direct","value":"voa_korea_direct"},{"label":"VOA Pashto Direct","value":"voa_pashto_direct"},{"label":"VOA Persian Direct","value":"voa_persian_direct"},{"label":"Voakorea","value":"voakorea_com_rss"}],"sources":["currenttime_tv_direct","currenttime_tv_rss","da_azadiradio_com_rss","darivoa_com_rss","dengeamerika_com_direct","dengeamerika_com_rss","dengiamerika_com_direct","dengiamerika_com_rss","editorials_voa_gov_rss","golosameriki_com_direct","golosameriki_com_rss","ir_voanews_com_rss","mashaalradio_com_direct","moldova_europalibera_org_direct","moldova_europalibera_org_rss","ocb_spanish_audio_html_scrape","ocb_spanish_audio_html_scrape_1001","ocb_spanish_audio_html_scrape_1016","ocb_spanish_audio_html_scrape_1028","ocb_spanish_audio_html_scrape_1056","ocb_spanish_audio_html_scrape_1061","ocb_spanish_audio_html_scrape_1077","ocb_spanish_audio_html_scrape_1078","ocb_spanish_audio_html_scrape_1103","ocb_spanish_audio_html_scrape_142","ocb_spanish_audio_html_scrape_562","ocb_spanish_audio_html_scrape_668","ocb_spanish_audio_scrape","ocb_spanish_video_scrape","pa_azadiradio_com_rss","pashtovoa_com_rss","radiofaarda_com_direct","radiofarda_com_direct","radiofarda_com_rss","radiosvoboda_org_rss","radiotavisupleba_ge_direct","radiotavisupleba_ge_rss","radiotelevisionmarti_com_direct","radiotelevisionmarti_com_rss","rfa_burmese_rss","rfa_burmese_video_scrape","rfa_cantonese_rss","rfa_cantonese_video_scrape","rfa_english_rss","rfa_english_video_scrape","rfa_khmer_rss","rfa_khmer_video_scrape","rfa_korean_rss","rfa_korean_video_scrape","rfa_lao_rss","rfa_lao_video_scrape","rfa_mandarin_rss","rfa_mandarin_video_scrape","rfa_tibetan_rss","rfa_tibetan_video_scrape","rfa_uyghur_rss","rfa_uyghur_video_scrape","rfa_vietnamese_rss","rfa_vietnamese_video_scrape","rferl_direct","rferl_org_rss","slobodnaevropa_org_direct","slobodnaevropa_org_rss","svoboda_org_direct","svoboda_org_rss","ukrainian_voanews_com_rss","voa_chinese_direct","voa_chinese_rss","voa_dari_direct","voa_korea_direct","voa_pashto_direct","voa_persian_direct","voakorea_com_rss"],"topics":["Iz RSE sveta","Izme\u0111u redova","Mozaik \u017eivota","Multimedija","Perspektiva","Srbija","Uvid","Video","Zaviri ispod povr\u0161ine"],"types":[["","All types"],["audio","Audio"],["video","Videos"],["clips","Clips"],["media","Media"]]},"has_next":false,"has_prev":true,"items":[{"article_body_paragraphs":[],"audio_source_url":"https://rfe-audio-ns.akamaized.net/sc/2026/07/09/8a71b09d-420b-4de4-7d1b-08decad17715_hq.mp3","author":"Una \u010cili\u0107, Katarina Vojnovi\u0107","available_dubs":[],"downloadable_assets":["https://rfe-audio-ns.akamaized.net/sc/2026/07/09/8a71b09d-420b-4de4-7d1b-08decad17715_hq.mp3"],"duration_display":"27:50","duration_seconds":1670.0,"embed_url":null,"id":251,"image_caption":null,"image_url":"https://gdb.rferl.org/5ea556b4-301e-4aa5-176f-08decd1d5d42_mw2048_mh2048_n.jpg","is_clip":false,"item_type":"audio","item_type_label":"Audio","language_label":"Serbo-Croatian","media_credit":"RFE","micro_label":"Audio program","micro_label_kind":"audio","network_label":"RFE/RL","network_logo_url":"/static/uploads/direct_network_logos/rfe_rl_e69d397fdd7d.png","published_at":"2026-07-09T08:48:05.910000","published_at_display":"9 Jul 2026, 08:48 GMT","sequence_badge_label":null,"sequence_count":null,"sequence_count_label":null,"sequence_frames":[],"sequence_kind":null,"source_name":"slobodnaevropa_org_direct","source_name_label":"Slobodnaevropa","source_type":"direct_api","summary":"Istraga, svjedo\u010denja, tri su\u0111enja, jedna presuda i \u017eena kojoj se gubi svaki trag. Kako je Svetlana \u010cabotarenko, \u0161irom Crne Gore poznata kao Moldavka S.\u010c. \u017eena koja je optu\u017eila \u010detvoricu utjecajnih mu\u0161karaca za primoravanje na prostituciju na kraju sama zavr\u0161ila na optu\u017eeni\u010dkoj klupi?","title":"\u017dena koju je Crna Gora zaboravila: Moldavka S.\u010c.","topic":"Mozaik \u017eivota","translation_language":"","url":"https://rfe-audio-ns.akamaized.net/sc/2026/07/09/8a71b09d-420b-4de4-7d1b-08decad17715_hq.mp3","video_url":null},{"article_body_paragraphs":[],"audio_source_url":null,"author":null,"available_dubs":[],"downloadable_assets":["https://rfe-video-ns.akamaized.net/pangeavideo/2026/07/3/36/3615db65-913f-4899-1413-08decad58b60_1080p.mp4?cb=ee1dc2b41"],"duration_display":"28:00","duration_seconds":1680.89,"embed_url":null,"id":254,"image_caption":null,"image_url":"https://gdb.rferl.org/3615db65-913f-4899-1413-08decad58b60_tv_mw2048_mh2048_n.jpg","is_clip":false,"item_type":"video","item_type_label":"Video","language_label":"Serbo-Croatian","media_credit":"RFE","micro_label":"Video report","micro_label_kind":"video","network_label":"RFE/RL","network_logo_url":"/static/uploads/direct_network_logos/rfe_rl_e69d397fdd7d.png","published_at":"2026-07-05T10:38:57.540000","published_at_display":"5 Jul 2026, 10:38 GMT","sequence_badge_label":null,"sequence_count":null,"sequence_count_label":null,"sequence_frames":[],"sequence_kind":null,"source_name":"slobodnaevropa_org_direct","source_name_label":"Slobodnaevropa","source_type":"direct_api","summary":"U Perspektivi zamjenik gradona\u010delnika Br\u010dko distrikta Dr. Anto Domi\u0107 razgovara sa studenticama i studentima EUBD-a o prilikama i izazovima mladih u BiH. Poru\u010dio je da se dru\u0161tvo i polo\u017eaj mladih moraju mijenjati iznutra i istaknuo je da uspjeh dolazi kroz li\u010dnu motivaciju i suo\u010davanje s problemima, poru\u010duju\u0107i da: \"Veliki ljudi se mjere prema te\u017eini problema koje rje\u0161avaju, a ne onih od kojih bje\u017ee\".","title":"Perspektiva u Br\u010dko distriktu: Probleme treba rje\u0161avati, a ne izbjegavati","topic":"Perspektiva","translation_language":"","url":"https://rfe-video-ns.akamaized.net/pangeavideo/2026/07/3/36/3615db65-913f-4899-1413-08decad58b60_1080p.mp4?cb=ee1dc2b41","video_url":"https://rfe-video-ns.akamaized.net/pangeavideo/2026/07/3/36/3615db65-913f-4899-1413-08decad58b60_1080p.mp4?cb=ee1dc2b41"},{"article_body_paragraphs":[],"audio_source_url":null,"author":"Current Time","available_dubs":[],"downloadable_assets":["https://rfe-video-ns.akamaized.net/pangeavideo/2026/07/2/2c/2c208334-b05d-4c1a-1673-08decd1d5d42_1080p.mp4?cb=ee1dc0457"],"duration_display":"1:25","duration_seconds":85.09,"embed_url":null,"id":255,"image_caption":null,"image_url":"https://gdb.rferl.org/434c0ad2-678d-464d-7bfa-08decad17715_cx0_cy57_cw0_mw2048_mh2048_n.jpg","is_clip":true,"item_type":"video","item_type_label":"Video","language_label":"Serbo-Croatian","media_credit":"RFE","micro_label":"Video report","micro_label_kind":"video","network_label":"RFE/RL","network_logo_url":"/static/uploads/direct_network_logos/rfe_rl_e69d397fdd7d.png","published_at":"2026-07-05T07:52:55.580000","published_at_display":"5 Jul 2026, 07:52 GMT","sequence_badge_label":null,"sequence_count":null,"sequence_count_label":null,"sequence_frames":[],"sequence_kind":null,"source_name":"slobodnaevropa_org_direct","source_name_label":"Slobodnaevropa","source_type":"direct_api","summary":"Na videu snimljenom u ruskom gradu Penzi, \u017eene jecaju dok regruteri sme\u0161taju njihove voljene u kombi, o\u010digledno nakon \u0161to su mu\u0161karci bili primorani da potpi\u0161u vojne ugovore. Sli\u010dni izve\u0161taji pojavili su se iz nekoliko ruskih regiona poslednjih nedelja, \u0161to je znak sve o\u0161trijih taktika koje Moskva koristi u nastojanju da odr\u017ei broj vojnika na bojnom polju posle sve ve\u0107ih \u017ertava.","title":"'Kradete nam mu\u017eeve': Rusi ka\u017eu da su im ro\u0111aci oteti na ulicama u novom poku\u0161aju regrutovanja","topic":"Iz RSE sveta","translation_language":"","url":"https://rfe-video-ns.akamaized.net/pangeavideo/2026/07/2/2c/2c208334-b05d-4c1a-1673-08decd1d5d42_1080p.mp4?cb=ee1dc0457","video_url":"https://rfe-video-ns.akamaized.net/pangeavideo/2026/07/2/2c/2c208334-b05d-4c1a-1673-08decd1d5d42_1080p.mp4?cb=ee1dc0457"},{"article_body_paragraphs":[],"audio_source_url":null,"author":"Sonja Go\u010danin","available_dubs":[],"downloadable_assets":["https://rfe-video-ns.akamaized.net/pangeavideo/2026/07/4/48/482b5bea-7f07-4c7a-3ff3-08decacf94d0_1080p.mp4?cb=ee1db2524"],"duration_display":"2:50","duration_seconds":170.68,"embed_url":null,"id":256,"image_caption":null,"image_url":"https://gdb.rferl.org/938bdb70-ee17-4554-13db-08decad58b60_mw2048_mh2048_n.jpg","is_clip":true,"item_type":"video","item_type_label":"Video","language_label":"Serbo-Croatian","media_credit":"RFE","micro_label":"Video report","micro_label_kind":"video","network_label":"RFE/RL","network_logo_url":"/static/uploads/direct_network_logos/rfe_rl_e69d397fdd7d.png","published_at":"2026-07-04T16:00:36.447000","published_at_display":"4 Jul 2026, 16:00 GMT","sequence_badge_label":null,"sequence_count":null,"sequence_count_label":null,"sequence_frames":[],"sequence_kind":null,"source_name":"slobodnaevropa_org_direct","source_name_label":"Slobodnaevropa","source_type":"direct_api","summary":"Srbija nastavlja da se oprema kineskim naoru\u017eanjem. Nabavku dodatnih supersoni\u010dnih balisti\u010dkih raketa, kao i kupovinu novih vazduhoplova, najavio je predsednik Srbije. Prema me\u0111unarodno dostupnim registrima naoru\u017eanja, Srbija je jedina zemlja u Evropi koja poseduje rakete CM-400, a Peking je najve\u0107i vojni snabdeva\u010d Beograda. Evropska unija i Sjedinjene Dr\u017eave vi\u0161e puta su upozoravale na opasnosti produbljivanja vojne saradnje sa Kinom, imaju\u0107i u vidu da je Srbija kandidatkinja za \u010dlanstvo u EU. (Snimatelj: Slaven Milju\u0161, monta\u017ea: Ana Toader)","title":"Peking najve\u0107i vojni snabdeva\u010d Beograda, Srbija najavljuje nove nabavke","topic":"Srbija","translation_language":"","url":"https://rfe-video-ns.akamaized.net/pangeavideo/2026/07/4/48/482b5bea-7f07-4c7a-3ff3-08decacf94d0_1080p.mp4?cb=ee1db2524","video_url":"https://rfe-video-ns.akamaized.net/pangeavideo/2026/07/4/48/482b5bea-7f07-4c7a-3ff3-08decacf94d0_1080p.mp4?cb=ee1db2524"},{"article_body_paragraphs":[],"audio_source_url":null,"author":null,"available_dubs":[],"downloadable_assets":["https://rfe-video-ns.akamaized.net/pangeavideo/2026/07/a/a1/a13c20c4-8192-45bb-1699-08decd1d5d42_1080p.mp4?cb=ee1d9c8ac"],"duration_display":"2:34","duration_seconds":154.24,"embed_url":null,"id":257,"image_caption":null,"image_url":"https://gdb.rferl.org/f8d68fdc-b526-412a-3fe3-08decacf94d0_mw2048_mh2048_n.jpg","is_clip":true,"item_type":"video","item_type_label":"Video","language_label":"Serbo-Croatian","media_credit":"RFE","micro_label":"Video report","micro_label_kind":"video","network_label":"RFE/RL","network_logo_url":"/static/uploads/direct_network_logos/rfe_rl_e69d397fdd7d.png","published_at":"2026-07-03T15:13:48.887000","published_at_display":"3 Jul 2026, 15:13 GMT","sequence_badge_label":null,"sequence_count":null,"sequence_count_label":null,"sequence_frames":[],"sequence_kind":null,"source_name":"slobodnaevropa_org_direct","source_name_label":"Slobodnaevropa","source_type":"direct_api","summary":"Iranska vlada priprema vi\u0161ednevnu pogrebnu ceremoniju za pokojnog vrhovnog vo\u0111u Alija Hamenejija, koji je ubijen u ameri\u010dkim i izraelskim napadima u februaru. Ali mnogi Iranci ne \u017eale zbog njegovog gubitka, ve\u0107 dele slo\u017eene reakcije na smrt \u010doveka koji je predvodio represivni teokratski re\u017eim.","title":"Dok se Iran sprema za rasko\u0161nu sahranu Hamenejija, mnogi se prise\u0107aju brutalnog lidera","topic":"Iz RSE sveta","translation_language":"","url":"https://rfe-video-ns.akamaized.net/pangeavideo/2026/07/a/a1/a13c20c4-8192-45bb-1699-08decd1d5d42_1080p.mp4?cb=ee1d9c8ac","video_url":"https://rfe-video-ns.akamaized.net/pangeavideo/2026/07/a/a1/a13c20c4-8192-45bb-1699-08decd1d5d42_1080p.mp4?cb=ee1d9c8ac"},{"article_body_paragraphs":[],"audio_source_url":null,"author":"Katarina Vojnovi\u0107, Ana Toader","available_dubs":[],"downloadable_assets":["https://rfe-video-ns.akamaized.net/pangeavideo/2026/07/6/68/685d0bd9-2239-4ecc-1352-08decad58b60_1080p.mp4?cb=ee1d831eb"],"duration_display":"2:24","duration_seconds":144.49,"embed_url":null,"id":258,"image_caption":null,"image_url":"https://gdb.rferl.org/412634e1-5a05-4914-1596-08decd1d5d42_mw2048_mh2048_n.jpg","is_clip":true,"item_type":"video","item_type_label":"Video","language_label":"Serbo-Croatian","media_credit":"RFE","micro_label":"Video report","micro_label_kind":"video","network_label":"RFE/RL","network_logo_url":"/static/uploads/direct_network_logos/rfe_rl_e69d397fdd7d.png","published_at":"2026-07-02T10:18:19.310000","published_at_display":"2 Jul 2026, 10:18 GMT","sequence_badge_label":null,"sequence_count":null,"sequence_count_label":null,"sequence_frames":[],"sequence_kind":null,"source_name":"slobodnaevropa_org_direct","source_name_label":"Slobodnaevropa","source_type":"direct_api","summary":"Nakon najave predsednika Srbije Aleksandra Vu\u010di\u0107a da \u0107e podneti ostavku na tu funkciju pre isteka mandata, otvara se pitanje da li to zna\u010di njegov odlazak u politi\u010dku penziju ili ipak prelazak na neku drugu funkciju. Analiti\u010dari ka\u017eu da je mogu\u0107 scenario u kom bi Vu\u010di\u0107 ovaj potez iskoristio da se zadr\u017ei na vlasti, s obzirom da, po Ustavu, ne mo\u017ee postati predsednik Srbije i po tre\u0107i put. Iz Srpske napredne stranke i Vu\u010di\u0107evog kabineta do sada nisu komentarisali ove mogu\u0107e scenarije.","title":"Mo\u017ee li Vu\u010di\u0107 ponovo postati premijer Srbije?","topic":"Srbija","translation_language":"","url":"https://rfe-video-ns.akamaized.net/pangeavideo/2026/07/6/68/685d0bd9-2239-4ecc-1352-08decad58b60_1080p.mp4?cb=ee1d831eb","video_url":"https://rfe-video-ns.akamaized.net/pangeavideo/2026/07/6/68/685d0bd9-2239-4ecc-1352-08decad58b60_1080p.mp4?cb=ee1d831eb"},{"article_body_paragraphs":[],"audio_source_url":null,"author":"Current Time","available_dubs":[],"downloadable_assets":["https://rfe-video-ns.akamaized.net/pangeavideo/2026/06/b/bd/bd996df3-ab17-4118-121c-08decad58b60_1080p.mp4?cb=ee1d32b6e"],"duration_display":"1:43","duration_seconds":103.4,"embed_url":null,"id":259,"image_caption":null,"image_url":"https://gdb.rferl.org/b71c579d-0fd1-4654-7a42-08decad17715_cx0_cy96_cw0_mw2048_mh2048_n.jpg","is_clip":true,"item_type":"video","item_type_label":"Video","language_label":"Serbo-Croatian","media_credit":"RFE","micro_label":"Video report","micro_label_kind":"video","network_label":"RFE/RL","network_logo_url":"/static/uploads/direct_network_logos/rfe_rl_e69d397fdd7d.png","published_at":"2026-06-28T14:49:18.950000","published_at_display":"28 Jun 2026, 14:49 GMT","sequence_badge_label":null,"sequence_count":null,"sequence_count_label":null,"sequence_frames":[],"sequence_kind":null,"source_name":"slobodnaevropa_org_direct","source_name_label":"Slobodnaevropa","source_type":"direct_api","summary":"Ukrajinski filmski umetnici su odlu\u010dni da nadoknade gubitak od 100.000 kostima, kori\u0161c\u0301enih u desetinama istorijskih filmova, koji su izgoreli u ruskom vazdu\u0161nom napadu na Nacionalni filmski studio Dov\u017eenko 15. juna. Julija \u017dukova iz emisije \"Current Time\" razgovarala je sa osobljem studija o njihovoj posvec\u0301enosti filmskom nasle\u0111u.","title":"Ukrajinski filmski radnici obec\u0301avaju da c\u0301e obnoviti veliku kolekciju kostima","topic":"Iz RSE sveta","translation_language":"","url":"https://rfe-video-ns.akamaized.net/pangeavideo/2026/06/b/bd/bd996df3-ab17-4118-121c-08decad58b60_1080p.mp4?cb=ee1d32b6e","video_url":"https://rfe-video-ns.akamaized.net/pangeavideo/2026/06/b/bd/bd996df3-ab17-4118-121c-08decad58b60_1080p.mp4?cb=ee1d32b6e"},{"article_body_paragraphs":[],"audio_source_url":null,"author":null,"available_dubs":[],"downloadable_assets":["https://rfe-video-ns.akamaized.net/pangeavideo/2026/06/9/99/99b59921-9d9c-4b46-5bfe-08decd277110_1080p.mp4?cb=ee1d2f1ca"],"duration_display":"25:23","duration_seconds":1523.74,"embed_url":null,"id":260,"image_caption":null,"image_url":"https://gdb.rferl.org/10040000-0aff-0242-6674-08da5d20f799_mw2048_mh2048_n.png","is_clip":false,"item_type":"video","item_type_label":"Video","language_label":"Serbo-Croatian","media_credit":"RFE","micro_label":"Video report","micro_label_kind":"video","network_label":"RFE/RL","network_logo_url":"/static/uploads/direct_network_logos/rfe_rl_e69d397fdd7d.png","published_at":"2026-06-28T10:39:19.303000","published_at_display":"28 Jun 2026, 10:39 GMT","sequence_badge_label":null,"sequence_count":null,"sequence_count_label":null,"sequence_frames":[],"sequence_kind":null,"source_name":"slobodnaevropa_org_direct","source_name_label":"Slobodnaevropa","source_type":"direct_api","summary":"U Perspektivi dr. Anto Domi\u0107, doktor medicine i zamjenik gradona\u010delnika Br\u010dko distrikta, razgovara sa studenticama i studentima EUBD-a o izazovima s kojima se suo\u010davaju mladi te njihovoj ulozi u razvoju dru\u0161tva.","title":"Perspektiva u Br\u010dkom: Sinergija novog i starog","topic":"Perspektiva","translation_language":"","url":"https://rfe-video-ns.akamaized.net/pangeavideo/2026/06/9/99/99b59921-9d9c-4b46-5bfe-08decd277110_1080p.mp4?cb=ee1d2f1ca","video_url":"https://rfe-video-ns.akamaized.net/pangeavideo/2026/06/9/99/99b59921-9d9c-4b46-5bfe-08decd277110_1080p.mp4?cb=ee1d2f1ca"},{"article_body_paragraphs":[],"audio_source_url":null,"author":"Bjeloruski servis RSE","available_dubs":[],"downloadable_assets":["https://rfe-video-ns.akamaized.net/pangeavideo/2026/06/a/a1/a1ba7746-b43d-4b6b-1531-08decd1d5d42_1080p.mp4?cb=ee1d19b89"],"duration_display":"2:17","duration_seconds":137.25,"embed_url":null,"id":261,"image_caption":null,"image_url":"https://gdb.rferl.org/0a7780b1-ec56-4d83-151b-08decd1d5d42_mw2048_mh2048_n.jpg","is_clip":true,"item_type":"video","item_type_label":"Video","language_label":"Serbo-Croatian","media_credit":"RFE","micro_label":"Video report","micro_label_kind":"video","network_label":"RFE/RL","network_logo_url":"/static/uploads/direct_network_logos/rfe_rl_e69d397fdd7d.png","published_at":"2026-06-27T10:23:05.760000","published_at_display":"27 Jun 2026, 10:23 GMT","sequence_badge_label":null,"sequence_count":null,"sequence_count_label":null,"sequence_frames":[],"sequence_kind":null,"source_name":"slobodnaevropa_org_direct","source_name_label":"Slobodnaevropa","source_type":"direct_api","summary":"Na po\u010detku ruske sveobuhvatne invazije na Ukrajinu, beloruski lider Aleksandar Luka\u0161enko predvi\u0111ao je brzu rusku pobedu, odbacivao ukrajinske napore otpora i o\u0161tro kritikovao ukrajinskog predsednika Volodimira Zelenskog. Sada, nakon \u0161to je Zelenski uputio ultimatum da se isklju\u010de repetitori signala u Belorusiji za moskovske dronove, Luka\u0161enko balansira kako bi spre\u010dio da njegova zemlja bude uvu\u010dena u ruski rat u Ukrajini.","title":"Beloruski lider ubla\u017eava ratnu retoriku nakon ultimatum\u0430 Zelenskog","topic":"Iz RSE sveta","translation_language":"","url":"https://rfe-video-ns.akamaized.net/pangeavideo/2026/06/a/a1/a1ba7746-b43d-4b6b-1531-08decd1d5d42_1080p.mp4?cb=ee1d19b89","video_url":"https://rfe-video-ns.akamaized.net/pangeavideo/2026/06/a/a1/a1ba7746-b43d-4b6b-1531-08decd1d5d42_1080p.mp4?cb=ee1d19b89"},{"article_body_paragraphs":[],"audio_source_url":null,"author":"Radio Farda, Margot Buff","available_dubs":[],"downloadable_assets":["https://rfe-video-ns.akamaized.net/pangeavideo/2026/06/a/a2/a2fcd629-7cb2-4950-5b0a-08decd277110_1080p.mp4?cb=ee1e029d4"],"duration_display":"2:10","duration_seconds":130.92,"embed_url":null,"id":252,"image_caption":null,"image_url":"https://gdb.rferl.org/fe89b4d0-ecf2-4684-5ad1-08decd277110_mw2048_mh2048_n.jpg","is_clip":true,"item_type":"video","item_type_label":"Video","language_label":"Serbo-Croatian","media_credit":"RFE","micro_label":"Video report","micro_label_kind":"video","network_label":"RFE/RL","network_logo_url":"/static/uploads/direct_network_logos/rfe_rl_e69d397fdd7d.png","published_at":"2026-06-23T15:26:25.703000","published_at_display":"23 Jun 2026, 15:26 GMT","sequence_badge_label":null,"sequence_count":null,"sequence_count_label":null,"sequence_frames":[],"sequence_kind":null,"source_name":"slobodnaevropa_org_direct","source_name_label":"Slobodnaevropa","source_type":"direct_api","summary":"Iranska peva\u010dica Parastu Ahmadi (Parastoo) osu\u0111ena je na kaznu od 74 udarca bi\u010dem zbog izvo\u0111enja pesme bez hid\u017eaba, ali njena koleginica smatra da bi kazna mogla da ima suprotan efekat. Hana Kamkar, iranska peva\u010dica koja danas \u017eivi u egzilu, rekla je za Radio Farda da \u017eene i devojke u Iranu i dalje pevaju uprkos zabrani solo nastupa, strogom kodeksu obla\u010denja i dugogodi\u0161njim pritiscima. Prema njenim re\u010dima, Ahmadin virtuelni koncert bez marame bio je \u010din prkosa koji je borbu Iranaca u\u010dinio vidljivijom na svetskoj sceni.","title":"'Devojke i dalje pevaju u Iranu': Poruka koleginice peva\u010dice osu\u0111ene na bi\u010devanje","topic":"Iz RSE sveta","translation_language":"","url":"https://rfe-video-ns.akamaized.net/pangeavideo/2026/06/a/a2/a2fcd629-7cb2-4950-5b0a-08decd277110_1080p.mp4?cb=ee1e029d4","video_url":"https://rfe-video-ns.akamaized.net/pangeavideo/2026/06/a/a2/a2fcd629-7cb2-4950-5b0a-08decd277110_1080p.mp4?cb=ee1e029d4"},{"article_body_paragraphs":[],"audio_source_url":null,"author":"Svetlana Bo\u017ei\u0107 Krain\u010dani\u0107","available_dubs":[],"downloadable_assets":["https://rfe-video-ns.akamaized.net/pangeavideo/2026/06/9/97/9794e044-e707-4703-a648-08debadd8a36_1080p.mp4?cb=ee1f5708f"],"duration_display":"3:23","duration_seconds":203.81,"embed_url":null,"id":1122,"image_caption":null,"image_url":"https://gdb.rferl.org/08530000-0a00-0242-eae6-08dafec22e98_mw2048_mh2048_n.jpg","is_clip":true,"item_type":"video","item_type_label":"Video","language_label":"Serbo-Croatian","media_credit":"RFE","micro_label":"Video report","micro_label_kind":"video","network_label":"RFE/RL","network_logo_url":"/static/uploads/direct_network_logos/rfe_rl_e69d397fdd7d.png","published_at":"2026-06-12T13:33:48.777000","published_at_display":"12 Jun 2026, 13:33 GMT","sequence_badge_label":null,"sequence_count":null,"sequence_count_label":null,"sequence_frames":[],"sequence_kind":null,"source_name":"slobodnaevropa_org_direct","source_name_label":"Slobodnaevropa","source_type":"direct_api","summary":"Vlada Srbije je od po\u010detka 2026. godine dodelila \u010detiri puta vi\u0161e dr\u017eavljanstava ruskim gra\u0111anima nego svima ostalima zajedno. Me\u0111u njima je troje Rusa pod me\u0111unarodnim sankcijama, utvrdio je Radio Slobodna Evropa uvidom u vladine odluke. Trend rasta broja ruskih gra\u0111ana sa srpskim paso\u0161ima, po\u010deo je od 2022. godine, s po\u010detkom rata u Ukrajini. Pored redovne procedure, u Srbiji je do dr\u017eavljanstva mogu\u0107e do\u0107i i po ubrzanom postupku - odlukom Vlade u slu\u010dajevima kada proceni da je to \"u interesu\" zemlje. (Monta\u017ea: Ana Toader)","title":"Ko su sankcionisani Rusi sa srpskim paso\u0161ima?","topic":"Srbija","translation_language":"","url":"https://rfe-video-ns.akamaized.net/pangeavideo/2026/06/9/97/9794e044-e707-4703-a648-08debadd8a36_1080p.mp4?cb=ee1f5708f","video_url":"https://rfe-video-ns.akamaized.net/pangeavideo/2026/06/9/97/9794e044-e707-4703-a648-08debadd8a36_1080p.mp4?cb=ee1f5708f"},{"article_body_paragraphs":[],"audio_source_url":null,"author":"Milo\u0161 Teodorovi\u0107, Sini\u0161a Nenadi\u0107","available_dubs":[],"downloadable_assets":["https://rfe-video-ns.akamaized.net/pangeavideo/2026/06/0/00/00fb693c-a526-403d-75ae-08debadc3b87_1080p.mp4?cb=ee1e6f598"],"duration_display":"24:03","duration_seconds":1443.69,"embed_url":null,"id":247,"image_caption":null,"image_url":"https://gdb.rferl.org/319e4c94-881d-4be2-a45e-08debadd8a36_cx9_cy5_cw87_mw2048_mh2048_n.jpg","is_clip":false,"item_type":"video","item_type_label":"Video","language_label":"Serbo-Croatian","media_credit":"RFE","micro_label":"Video report","micro_label_kind":"video","network_label":"RFE/RL","network_logo_url":"/static/uploads/direct_network_logos/rfe_rl_e69d397fdd7d.png","published_at":"2026-06-03T09:52:28.457000","published_at_display":"3 Jun 2026, 09:52 GMT","sequence_badge_label":null,"sequence_count":null,"sequence_count_label":null,"sequence_frames":[],"sequence_kind":null,"source_name":"slobodnaevropa_org_direct","source_name_label":"Slobodnaevropa","source_type":"direct_api","summary":"\"Mo\u0107ne grupe operi\u0161u na Zapadnom Balkanu, a balkanska ruta ostaje va\u017ena ulazna ruta za trgovinu drogom, oru\u017ejem i ljudima\", stoji u jednom od \u010desto citiranih izve\u0161taja Evropske unije, u kom se opisuju okolnosti u regiji koja se decenijama bori sa silama organizovanog kriminala. O tome u \"Uvidu\" su razgovarali Jelena Jankovi\u0107, novinarka podgori\u010dkih \"Vijesti\" koja pi\u0161e o organizovanom kriminalu, a pod merama je policijske za\u0161tite zbog pretnji koje dobija, i Du\u0161an Stankovi\u0107, iz Beogradskog centra za bezbednost, nekada zaposlen u policiji Srbije, danas na doktorskim studijama u \u0160vedskoj.","title":"Ko zna odgovore na slu\u010dajeve 'Mili\u0107' i 'Medenica'?","topic":"Uvid","translation_language":"","url":"https://rfe-video-ns.akamaized.net/pangeavideo/2026/06/0/00/00fb693c-a526-403d-75ae-08debadc3b87_1080p.mp4?cb=ee1e6f598","video_url":"https://rfe-video-ns.akamaized.net/pangeavideo/2026/06/0/00/00fb693c-a526-403d-75ae-08debadc3b87_1080p.mp4?cb=ee1e6f598"},{"article_body_paragraphs":[],"audio_source_url":"https://rfe-audio-ns.akamaized.net/sc/2026/02/23/da5e568d-e63b-4d14-2f8a-08de3be37656_hq.mp3","author":"Meliha Ke\u0161mer, Aida \u0110ugum","available_dubs":[],"downloadable_assets":["https://rfe-audio-ns.akamaized.net/sc/2026/02/23/da5e568d-e63b-4d14-2f8a-08de3be37656_hq.mp3"],"duration_display":"40:06","duration_seconds":2406.0,"embed_url":null,"id":242,"image_caption":null,"image_url":"https://gdb.rferl.org/0743c27f-b48e-4400-5791-08ddc38053ec_cx0_cy3_cw100_mw2048_mh2048_n.jpg","is_clip":false,"item_type":"audio","item_type_label":"Audio","language_label":"Serbo-Croatian","media_credit":"RFE","micro_label":"Audio program","micro_label_kind":"audio","network_label":"RFE/RL","network_logo_url":"/static/uploads/direct_network_logos/rfe_rl_e69d397fdd7d.png","published_at":"2026-02-24T06:31:42.573000","published_at_display":"24 Feb 2026, 06:31 GMT","sequence_badge_label":null,"sequence_count":null,"sequence_count_label":null,"sequence_frames":[],"sequence_kind":null,"source_name":"slobodnaevropa_org_direct","source_name_label":"Slobodnaevropa","source_type":"direct_api","summary":"Rat u Ukrajini traje pune \u010detiri godine. Prema procjenama zapadnih obavje\u0161tajnih slu\u017ebi poginulo je ili ranjeno vi\u0161e od milion i po vojnika. Dr\u017eavljani BiH bore se na obje strane. U podcastu Izme\u0111u redova govorimo o motivima odlaska dobrovoljaca i sigurnosnim rizicima za BiH.","title":"Bh. dr\u017eavljani u Ukrajini na strani Rusije: Koliko ko\u0161ta rat za tu\u0111u zastavu?","topic":"Izme\u0111u redova","translation_language":"","url":"https://rfe-audio-ns.akamaized.net/sc/2026/02/23/da5e568d-e63b-4d14-2f8a-08de3be37656_hq.mp3","video_url":null},{"article_body_paragraphs":[],"audio_source_url":null,"author":"Iva Martinovi\u0107","available_dubs":[],"downloadable_assets":["https://rfe-video-ns.akamaized.net/pangeavideo/2024/09/c/cc/cc71c7f6-ad36-4fe3-8dad-6fcd17108bf6_1080p.mp4?cb=ee1e6f81d"],"duration_display":"4:00","duration_seconds":240.47,"embed_url":null,"id":246,"image_caption":null,"image_url":"https://gdb.rferl.org/42336b75-3a5c-4425-8a78-9825d149177b_mw2048_mh2048_n.jpg","is_clip":true,"item_type":"video","item_type_label":"Video","language_label":"Serbo-Croatian","media_credit":"RFE","micro_label":"Video report","micro_label_kind":"video","network_label":"RFE/RL","network_logo_url":"/static/uploads/direct_network_logos/rfe_rl_e69d397fdd7d.png","published_at":"2024-09-13T16:02:42.497000","published_at_display":"13 Sep 2024, 16:02 GMT","sequence_badge_label":null,"sequence_count":null,"sequence_count_label":null,"sequence_frames":[],"sequence_kind":null,"source_name":"slobodnaevropa_org_direct","source_name_label":"Slobodnaevropa","source_type":"direct_api","summary":"Kineska fabrika auto guma Linglong u Zrenjaninu na severu Srbije sve\u010dano je otvorena 13. septembra iako bar jedan od tri njena pogona ve\u0107 vi\u0161e od godinu dana proizvodi i izvozi gume. Pet godina dugu izgradnju ove fabrike pratile su sumnje na radnu eksploaraciju i optu\u017ebe za kr\u0161enje zakona u oblasti gradnje i za\u0161tite \u017eivotne sredine. Saradnja: Jelena Jankovi\u0107 i Jovana Krsti\u0107, snimatelj: Dragan Kosti\u0107, monta\u017ea: Ana Toader.","title":"U Srbiji otvorena kineska fabrika guma: \u0160ta je sporno?","topic":"Video","translation_language":"","url":"https://rfe-video-ns.akamaized.net/pangeavideo/2024/09/c/cc/cc71c7f6-ad36-4fe3-8dad-6fcd17108bf6_1080p.mp4?cb=ee1e6f81d","video_url":"https://rfe-video-ns.akamaized.net/pangeavideo/2024/09/c/cc/cc71c7f6-ad36-4fe3-8dad-6fcd17108bf6_1080p.mp4?cb=ee1e6f81d"},{"article_body_paragraphs":[],"audio_source_url":"https://rfe-audio.rferl.org/sc/2022/07/29/01160000-0aff-0242-bca7-08da71adce86_hq.mp3","author":"Una \u010cili\u0107, Aida \u0110ugum","available_dubs":[],"downloadable_assets":["https://rfe-audio.rferl.org/sc/2022/07/29/01160000-0aff-0242-bca7-08da71adce86_hq.mp3"],"duration_display":"30:00","duration_seconds":1800.0,"embed_url":null,"id":253,"image_caption":null,"image_url":"https://gdb.rferl.org/80280000-c0a8-0242-e26a-08da721ebe66_mw2048_mh2048_n.png","is_clip":false,"item_type":"audio","item_type_label":"Audio","language_label":"Serbo-Croatian","media_credit":"RFE","micro_label":"Audio program","micro_label_kind":"audio","network_label":"RFE/RL","network_logo_url":"/static/uploads/direct_network_logos/rfe_rl_e69d397fdd7d.png","published_at":"2022-07-30T11:41:57.697000","published_at_display":"30 Jul 2022, 11:41 GMT","sequence_badge_label":null,"sequence_count":null,"sequence_count_label":null,"sequence_frames":[],"sequence_kind":null,"source_name":"slobodnaevropa_org_direct","source_name_label":"Slobodnaevropa","source_type":"direct_api","summary":"Pro\u0161lo je skoro 20 godina od kako je u Bosni i Hercegovini preminula Olena Popik, ukrajinska dr\u017eavljanka, \u017ertva trgovine ljudima i prisilne prostitucije, djevojka od 21 godinu. Na Me\u0111unarodni dan borbe protiv trgovine ljudima slu\u0161ajte: kako se se danas sje\u0107amo Olene Popik?","title":"Sje\u0107a\u0161 li se Olene Popik?","topic":"Mozaik \u017eivota","translation_language":"","url":"https://rfe-audio.rferl.org/sc/2022/07/29/01160000-0aff-0242-bca7-08da71adce86_hq.mp3","video_url":null}],"next_num":null,"page":3,"pages":3,"per_page":20,"prev_num":2,"total":55}
