{"applied_filters":{"end_date":"","lang":"","language":"","network":"","page":3,"per_page":20,"search":"","source":"","start_date":"","topic":"V\u00eedyo Galer\u00ee","type":""},"available_filters":{"language_choices":[{"label":"Choose Language","value":""},{"label":"English","value":"English"},{"label":"Espa\u00f1ol","value":"Espa\u00f1ol"},{"label":"Kurdish","value":"Kurdish"}],"network_choices":[{"label":"All networks","value":""},{"label":"VOA","value":"VOA"}],"source_choices":[{"label":"All sources","value":""},{"label":"Dengeamerika","value":"dengeamerika_com_direct"}],"sources":["dengeamerika_com_direct"],"topics":["250em\u00een Salvegera Serxweb\u00fbna Amer\u00eekay\u00ea","250\u0647\u06d5\u0645\u06cc\u0646 \u0633\u0627\u06b5\u06cc\u0627\u062f\u06cc \u0633\u06d5\u0631\u0628\u06d5\u062e\u06c6\u06cc\u06cc \u0626\u06d5\u0645\u06d5\u0631\u06cc\u06a9\u0627","8 \u10e4\u10dd\u10e2\u10dd \u10d0\u10e0\u10e5\u10d8\u10d5\u10d8\u10d3\u10d0\u10dc","Abriendo Espacios","Afghanistan","Agenda hemisf\u00e9rica","Amer\u00eeka","Am\u00e9rica Latina, VENEZUELA, Maiquetia","Asuntos de Estado","Audiovisuales Mart\u00ed","Audiovisuales Mart\u00ed, Cuba turismo, crisis del turismo en Cuba","Audiovisuales Mart\u00ed, VENEZUELA, apagones","Barrio Adentro","Bernameya Televizyon\u00ee ya Rojane","Bernamey\u00ean radyoy\u00ea y\u00ean rojane","B\u00ecnh lu\u1eadn","Caf\u00e9 Digital","China","Como Come Cuba, cuba, Como Come Cuba","Cuba Habla","Cuba Habla, Cuba","Cuba al D\u00eda","Cuba al D\u00eda, Cuba","Cuba en la Memoria","C\u00eehan","De cara al sol","Derechos Humanos, cuba, exilio, c\u00e1ncer, Ram\u00f3n Sa\u00fal S\u00e1nchez","El futuro es ya","Especiales, Exilio cubano, Freedom tower, \"Libertad\", Torre de la Libertad de Miami, Exilio cubano en Miami","Especiales, jos\u00e9 mart\u00ed, Exilio cubano","Esperando un techo, cuba, crisis, vivienda, derrumbes, techo, paredes, EsperandounTecho","Foro abierto","Hablando claro","Human Rights","Info Mart\u00ed","Info Mart\u00ed , Brigada 2506","Info Mart\u00ed , Cuba","Info Mart\u00ed , Estados Unidos, Colombia","Info Mart\u00ed , Estados Unidos, VENEZUELA","Info Mart\u00ed , estados unidos, Venezuela","Info Mart\u00ed , presos politicos, torturas, VENEZUELA","Iran","Iz RSE sveta","Izme\u0111u redova","Kentu-Cubano, cuba, cubanos, Kentucky, migrantes, KentoCubano","Korea","La libertad es una librer\u00eda","Laos","Las Noticias Como Son, Cuba","Las noticias como son","Lawton Libre","Liberaci\u00f3n","Mart\u00ed Noticias A.M.","Mozaik \u017eivota","Multimedija","Myanmar","Nicaragua al d\u00eda","Noticiero Mart\u00ed Noticias","Noticiero Mart\u00ed Noticias, Cuba","N\u00fb\u00e7ey\u00ean C\u00eehan\u00ea 1","N\u00fb\u00e7ey\u00ean C\u00eehan\u00ea 2","Pacific","Pe Agend\u0103","Pe Agend\u0103 cu Cristina Popu\u0219oi","Perspektiva","Programas de Radio Nuestra Am\u00e9rica","Radio Mart\u00ed","Radyo","Ser Madre en cuba, cuba, hambre, r\u00e9gimen, madre, negligencia, Testimonios, Crisis Econ\u00f3mica, madre cubana, Crisis Alimentaria","Ser viejo en Cuba, cuba, cubanos, crisis, alimentos, ancianos, viejos, vejez","South China Sea","Srbija","Taller de prensa","Th\u1eddi S\u1ef1","Tibet","Trong n\u01b0\u1edbc","Ukraine","Uvid","Uyghur","VOA \ud55c\uad6d\uc5b4 \ubcf4\uc774\ub294 \ub77c\ub514\uc624","VOA\u4eca\u65e5\u7126\u70b9","Video","Videos","V\u00eedyo Galer\u00ee","Zaviri ispod povr\u0161ine","adri%C3%A1n del sol mi padre est%C3%A1 muy d%C3%A9bil","atienden a mas de 50 personas en santiago de cuba por presunta intoxicacion alimentaria","auge en contagios de dengue en cuba","aumenta a 379 la cifra de desaparecidos por terremoto en colombia hay 285 fallecidos","banco mundial desembolsa millonaria ayuda para afectados por terremoto en colombia","casi 300 fallecidos almenos 4 000 heridos y 140 desaparecidos a 7 dias del terremoto en colombia","cifra de muertos por el terremoto en colombia supera las 200 personas seg%C3%BAn reporte","colombia declara estado de emergencia durante 30 dias por grave calamidad","colombia ingresa formalmente al escudo de las am%C3%A9ricas liderado por washington","convocan marcha pac%C3%ADfica por la libertad de todos los presos pol%C3%ADticos en venezuela","crece reclutamiento de ni%C3%B1os y ni%C3%B1as en colombia por parte de grupos ilegales seg%C3%BAn hrw","creo que el presidente trump ir%C3%A1 a la habana antes de que termine su mandato","eeuu cierra acuerdo petrolero que le dar%C3%A1 importante control de reservas venezolanas","eeuu ecuador y colombia se reunen para acordar lucha contra mafias del narcotr%C3%A1fico","eeuu sostiene operaciones militares junto a ecuador cerca de la frontera con colombia"],"types":[["","All types"],["video","Videos"],["clips","Clips"],["media","Media"]]},"has_next":true,"has_prev":true,"items":[{"article_body_paragraphs":[],"audio_source_url":null,"author":"Xetab Omer","available_dubs":[],"downloadable_assets":["https://voa-video-ns.akamaized.net/pangeavideo/2026/08/9/95/954b1c95-5958-4358-7f83-08def2ed48ad_1080p.mp4?cb=ee2263788"],"duration_display":"3:09","duration_seconds":189.5,"embed_url":null,"id":10571,"image_caption":null,"image_url":"https://gdb.voanews.com/954b1c95-5958-4358-7f83-08def2ed48ad_tv_mw2048_mh2048_n.jpg","is_clip":true,"item_type":"video","item_type_label":"Video","language_label":"Kurdish","media_credit":"VOA","micro_label":"Video report","micro_label_kind":"video","network_label":"VOA","network_logo_url":"/static/uploads/direct_network_logos/voa_1ef13eedbd2f.svg","published_at":"2026-08-30T14:37:52.160000","published_at_display":"30 Aug 2026, 14:37 GMT","sequence_badge_label":null,"sequence_count":null,"sequence_count_label":null,"sequence_frames":[],"sequence_kind":null,"source_name":"dengeamerika_com_direct","source_name_label":"Dengeamerika","source_type":"direct_api","summary":"Hec\u00ee Ferest \u00c7emcan\u00ee, ku xwed\u00eey\u00ea a\u015fek\u00ee \u00e7\u00eakirina teh\u00eena kezwan\u00ean ku dever\u00ean \u00e7iyay\u00ee y\u00ean nav\u00e7eya Am\u00ead\u00eey\u00ea p\u00ea naskir\u00ee ne, behsa proseya \u00e7\u00eakirina teh\u00een\u00ea dike. Raporta Xetab Omer, b\u00eahtir zanyar\u00ee hene.","title":"\u00c7\u00eakirina Teh\u00een\u00ea ji Kezwan\u00ean \u00c7iyay\u00ea Kurejar\u00ea","topic":"V\u00eedyo Galer\u00ee","translation_language":"","url":"https://voa-video-ns.akamaized.net/pangeavideo/2026/08/9/95/954b1c95-5958-4358-7f83-08def2ed48ad_1080p.mp4?cb=ee2263788","video_url":"https://voa-video-ns.akamaized.net/pangeavideo/2026/08/9/95/954b1c95-5958-4358-7f83-08def2ed48ad_1080p.mp4?cb=ee2263788"},{"article_body_paragraphs":[],"audio_source_url":null,"author":"B\u00ear\u00eevan Yusuf\u00ee","available_dubs":[],"downloadable_assets":["https://voa-video-ns.akamaized.net/pangeavideo/2026/08/8/87/8738f23b-a69a-44ff-8267-08decae8682a_1080p.mp4?cb=ee225049f"],"duration_display":"0:44","duration_seconds":44.76,"embed_url":null,"id":10417,"image_caption":null,"image_url":"https://gdb.voanews.com/8738f23b-a69a-44ff-8267-08decae8682a_tv_mw2048_mh2048_n.jpg","is_clip":true,"item_type":"video","item_type_label":"Video","language_label":"Kurdish","media_credit":"VOA","micro_label":"Video report","micro_label_kind":"video","network_label":"VOA","network_logo_url":"/static/uploads/direct_network_logos/voa_1ef13eedbd2f.svg","published_at":"2026-08-29T16:49:35.537000","published_at_display":"29 Aug 2026, 16:49 GMT","sequence_badge_label":null,"sequence_count":null,"sequence_count_label":null,"sequence_frames":[],"sequence_kind":null,"source_name":"dengeamerika_com_direct","source_name_label":"Dengeamerika","source_type":"direct_api","summary":"Douglas Silliman, Balyoz\u00ea ber\u00ea y\u00ea Amer\u00eeka li \u00ceraq\u00ea, behsa gir\u00eeng\u00eeya peywend\u00eey\u00ean di navbera Amer\u00eeka \u00fb Her\u00eama Kurdistan\u00ea de dike.","title":"Balyoz\u00ea Ber\u00ea y\u00ea Amer\u00eeka li \u00ceraq\u00ea: Peywend\u00eey\u00ean Washington \u00fb Hewl\u00ear\u00ea Ba\u015f in","topic":"V\u00eedyo Galer\u00ee","translation_language":"","url":"https://voa-video-ns.akamaized.net/pangeavideo/2026/08/8/87/8738f23b-a69a-44ff-8267-08decae8682a_1080p.mp4?cb=ee225049f","video_url":"https://voa-video-ns.akamaized.net/pangeavideo/2026/08/8/87/8738f23b-a69a-44ff-8267-08decae8682a_1080p.mp4?cb=ee225049f"},{"article_body_paragraphs":[],"audio_source_url":null,"author":"J\u00eero M\u00eetan\u00ee","available_dubs":[],"downloadable_assets":["https://voa-video-ns.akamaized.net/pangeavideo/2026/08/5/53/53fcaa66-674b-4b8f-4882-08decadaa577_1080p.mp4?cb=ee22503f3"],"duration_display":"2:10","duration_seconds":130.81,"embed_url":null,"id":10418,"image_caption":null,"image_url":"https://gdb.voanews.com/53fcaa66-674b-4b8f-4882-08decadaa577_tv_mw2048_mh2048_n.jpg","is_clip":true,"item_type":"video","item_type_label":"Video","language_label":"Kurdish","media_credit":"VOA","micro_label":"Video report","micro_label_kind":"video","network_label":"VOA","network_logo_url":"/static/uploads/direct_network_logos/voa_1ef13eedbd2f.svg","published_at":"2026-08-29T16:46:43.767000","published_at_display":"29 Aug 2026, 16:46 GMT","sequence_badge_label":null,"sequence_count":null,"sequence_count_label":null,"sequence_frames":[],"sequence_kind":null,"source_name":"dengeamerika_com_direct","source_name_label":"Dengeamerika","source_type":"direct_api","summary":"Li bajar\u00ea Girk\u00ea Leg\u00ea y\u00ea Rojava ev \u00e7end roj in nanp\u00eajxaney\u00ean hikumet\u00ea naxebitin. Di demek\u00ea de ku r\u00eaveber\u00eeya bazirgan\u00eeya hundir\u00een behsa bernameya ba\u015fkirina nan li her\u00eam\u00ea dike, peydakirina nan li dever\u00ea ji ber k\u00eamb\u00fbna perey\u00ean n\u00fb y\u00ean S\u00fbr\u00ee b\u00fbye derdek\u00ee rojane.","title":"Li Girk\u00ea Leg\u00ea K\u00eamb\u00fbna Perey\u00ean N\u00fb y\u00ean S\u00fbr\u00ee Kr\u00eeza Nan \u00c7\u00eadike","topic":"V\u00eedyo Galer\u00ee","translation_language":"","url":"https://voa-video-ns.akamaized.net/pangeavideo/2026/08/5/53/53fcaa66-674b-4b8f-4882-08decadaa577_1080p.mp4?cb=ee22503f3","video_url":"https://voa-video-ns.akamaized.net/pangeavideo/2026/08/5/53/53fcaa66-674b-4b8f-4882-08decadaa577_1080p.mp4?cb=ee22503f3"},{"article_body_paragraphs":[],"audio_source_url":null,"author":"Ridwan B\u00eazar","available_dubs":[],"downloadable_assets":["https://voa-video-ns.akamaized.net/pangeavideo/2026/08/8/84/84730ef5-6531-4b26-4881-08decadaa577_1080p.mp4?cb=ee2250529"],"duration_display":"2:59","duration_seconds":179.81,"embed_url":null,"id":10404,"image_caption":null,"image_url":"https://gdb.voanews.com/84730ef5-6531-4b26-4881-08decadaa577_tv_mw2048_mh2048_n.jpg","is_clip":true,"item_type":"video","item_type_label":"Video","language_label":"Kurdish","media_credit":"VOA","micro_label":"Video report","micro_label_kind":"video","network_label":"VOA","network_logo_url":"/static/uploads/direct_network_logos/voa_1ef13eedbd2f.svg","published_at":"2026-08-29T16:30:27.040000","published_at_display":"29 Aug 2026, 16:30 GMT","sequence_badge_label":null,"sequence_count":null,"sequence_count_label":null,"sequence_frames":[],"sequence_kind":null,"source_name":"dengeamerika_com_direct","source_name_label":"Dengeamerika","source_type":"direct_api","summary":"Pi\u015ft\u00ee 13 salan, malbat\u00ean winday\u00ean Koban\u00eey\u00ea h\u00een j\u00ee li zarok\u00ean xwe digerin. Di Roja Navnetew\u00ee ya Windayan de, ku dikeve 30'\u00ea Tebax\u00ea, ew daxwaz\u00ea ji hik\u00fbmeta S\u00fbr\u00eey\u00ea dikin ku gir\u00eeng\u00eey\u00ea bide dosyaya windayan.","title":"Li Koban\u00eey\u00ea Malbat\u00ean Windayan Dixwazin \u00c7aren\u00fbsa Zarok\u00ean Xwe Bizanin","topic":"V\u00eedyo Galer\u00ee","translation_language":"","url":"https://voa-video-ns.akamaized.net/pangeavideo/2026/08/8/84/84730ef5-6531-4b26-4881-08decadaa577_1080p.mp4?cb=ee2250529","video_url":"https://voa-video-ns.akamaized.net/pangeavideo/2026/08/8/84/84730ef5-6531-4b26-4881-08decadaa577_1080p.mp4?cb=ee2250529"},{"article_body_paragraphs":[],"audio_source_url":null,"author":"\u00cevan Hes\u00eeb","available_dubs":[],"downloadable_assets":["https://voa-video-ns.akamaized.net/pangeavideo/2026/08/2/21/21aaaba8-8d1b-4ce4-a2dd-08def2b10d93_1080p.mp4?cb=ee224f32c"],"duration_display":"3:41","duration_seconds":221.67,"embed_url":null,"id":10391,"image_caption":null,"image_url":"https://gdb.voanews.com/21aaaba8-8d1b-4ce4-a2dd-08def2b10d93_tv_mw2048_mh2048_n.jpg","is_clip":true,"item_type":"video","item_type_label":"Video","language_label":"Kurdish","media_credit":"VOA","micro_label":"Video report","micro_label_kind":"video","network_label":"VOA","network_logo_url":"/static/uploads/direct_network_logos/voa_1ef13eedbd2f.svg","published_at":"2026-08-29T15:35:08.337000","published_at_display":"29 Aug 2026, 15:35 GMT","sequence_badge_label":null,"sequence_count":null,"sequence_count_label":null,"sequence_frames":[],"sequence_kind":null,"source_name":"dengeamerika_com_direct","source_name_label":"Dengeamerika","source_type":"direct_api","summary":"Pi\u015ft\u00ee z\u00eadetir\u00ee salek\u00ea ji b\u00fbyer\u00ean tund\u00fbt\u00fbj\u00eeya li par\u00eazgeha Suweyda ya S\u00fbr\u00eey\u00ea h\u00een j\u00ee b\u00eatir 100 hezar Durz\u00ee ji mal \u00fb gund\u00ea xwe ko\u00e7ber b\u00fbne \u00fb di rew\u015feke mirov\u00ee ya dijwar de dij\u00een. Ew bi r\u00eaya Deng\u00ea Amer\u00eeka bang li hik\u00fbmeta S\u00fbr\u00eey\u00ea dikin ku r\u00ea bidin wan vegerin mal \u00fb gund\u00ean xwe.","title":"Ko\u00e7ber\u00ean Durz\u00ee Dixwazin Vegerin Mal \u00fb Gund\u00ean Xwe","topic":"V\u00eedyo Galer\u00ee","translation_language":"","url":"https://voa-video-ns.akamaized.net/pangeavideo/2026/08/2/21/21aaaba8-8d1b-4ce4-a2dd-08def2b10d93_1080p.mp4?cb=ee224f32c","video_url":"https://voa-video-ns.akamaized.net/pangeavideo/2026/08/2/21/21aaaba8-8d1b-4ce4-a2dd-08def2b10d93_1080p.mp4?cb=ee224f32c"},{"article_body_paragraphs":[],"audio_source_url":null,"author":"S\u00eenor Ker\u00eem","available_dubs":[],"downloadable_assets":["https://voa-video-ns.akamaized.net/pangeavideo/2026/08/b/bb/bba7964b-cb62-4902-8265-08decae8682a_1080p.mp4?cb=ee224e766"],"duration_display":"2:54","duration_seconds":174.97,"embed_url":null,"id":10374,"image_caption":null,"image_url":"https://gdb.voanews.com/bba7964b-cb62-4902-8265-08decae8682a_tv_mw2048_mh2048_n.jpg","is_clip":true,"item_type":"video","item_type_label":"Video","language_label":"Kurdish","media_credit":"VOA","micro_label":"Video report","micro_label_kind":"video","network_label":"VOA","network_logo_url":"/static/uploads/direct_network_logos/voa_1ef13eedbd2f.svg","published_at":"2026-08-29T14:44:54.730000","published_at_display":"29 Aug 2026, 14:44 GMT","sequence_badge_label":null,"sequence_count":null,"sequence_count_label":null,"sequence_frames":[],"sequence_kind":null,"source_name":"dengeamerika_com_direct","source_name_label":"Dengeamerika","source_type":"direct_api","summary":"Li devera \u00c7oman a Her\u00eama Kurdistan\u00ea projeyek t\u00ea kirin ji bo vejandina xan\u00eey\u00ean Kurd\u00ee \u00ean resen ku bi kelp\u00ee\u00e7an t\u00ean avakirin. Ev projeya ge\u015ftyar\u00ee hewl dide bi v\u00ea yek\u00ea van xan\u00eey\u00ean kevne\u015fop bide nas\u00een.","title":"Li Her\u00eama Kurdistan\u00ea Xan\u00eey\u00ean Kelp\u00ee\u00e7\u00ee bi Mebesta Ge\u015ftyar\u00eey\u00ea D\u00eesa Vedigerin","topic":"V\u00eedyo Galer\u00ee","translation_language":"","url":"https://voa-video-ns.akamaized.net/pangeavideo/2026/08/b/bb/bba7964b-cb62-4902-8265-08decae8682a_1080p.mp4?cb=ee224e766","video_url":"https://voa-video-ns.akamaized.net/pangeavideo/2026/08/b/bb/bba7964b-cb62-4902-8265-08decae8682a_1080p.mp4?cb=ee224e766"},{"article_body_paragraphs":[],"audio_source_url":null,"author":"Xec\u00eecan Farq\u00een","available_dubs":[],"downloadable_assets":["https://voa-video-ns.akamaized.net/pangeavideo/2026/08/8/8c/8c12fe42-90a0-490c-8264-08decae8682a_1080p.mp4?cb=ee224c28b"],"duration_display":"2:51","duration_seconds":171.24,"embed_url":null,"id":10345,"image_caption":null,"image_url":"https://gdb.voanews.com/8c12fe42-90a0-490c-8264-08decae8682a_tv_mw2048_mh2048_n.jpg","is_clip":true,"item_type":"video","item_type_label":"Video","language_label":"Kurdish","media_credit":"VOA","micro_label":"Video report","micro_label_kind":"video","network_label":"VOA","network_logo_url":"/static/uploads/direct_network_logos/voa_1ef13eedbd2f.svg","published_at":"2026-08-29T12:07:39.007000","published_at_display":"29 Aug 2026, 12:07 GMT","sequence_badge_label":null,"sequence_count":null,"sequence_count_label":null,"sequence_frames":[],"sequence_kind":null,"source_name":"dengeamerika_com_direct","source_name_label":"Dengeamerika","source_type":"direct_api","summary":"Ku\u015ftina jineke 32 sal\u00ee v\u00ea daw\u00eey\u00ea li Amed\u00ea li ser dest\u00ea hevj\u00een\u00ea xwe d\u00eesa dosyaya ku\u015ftina jinan li Bakur \u00fb Tirk\u00eey\u00ea germ dike. R\u00eaxistin\u00ean maf\u00ean jinan z\u00eadeb\u00fbna v\u00ea diyardey\u00ea \u015fermezar dikin.","title":"Ku\u015ftina Jinan li Tirk\u00eey\u00ea Z\u00eade B\u00fbye","topic":"V\u00eedyo Galer\u00ee","translation_language":"","url":"https://voa-video-ns.akamaized.net/pangeavideo/2026/08/8/8c/8c12fe42-90a0-490c-8264-08decae8682a_1080p.mp4?cb=ee224c28b","video_url":"https://voa-video-ns.akamaized.net/pangeavideo/2026/08/8/8c/8c12fe42-90a0-490c-8264-08decae8682a_1080p.mp4?cb=ee224c28b"},{"article_body_paragraphs":[],"audio_source_url":null,"author":"S\u00eenor Ker\u00eem","available_dubs":[],"downloadable_assets":["https://voa-video-ns.akamaized.net/pangeavideo/2026/08/4/4f/4ff2198e-9f9e-4386-7f78-08def2ed48ad_1080p.mp4?cb=ee224b68a"],"duration_display":"3:54","duration_seconds":234.34,"embed_url":null,"id":10227,"image_caption":null,"image_url":"https://gdb.voanews.com/4ff2198e-9f9e-4386-7f78-08def2ed48ad_tv_mw2048_mh2048_n.jpg","is_clip":true,"item_type":"video","item_type_label":"Video","language_label":"Kurdish","media_credit":"VOA","micro_label":"Video report","micro_label_kind":"video","network_label":"VOA","network_logo_url":"/static/uploads/direct_network_logos/voa_1ef13eedbd2f.svg","published_at":"2026-08-28T21:45:14.560000","published_at_display":"28 Aug 2026, 21:45 GMT","sequence_badge_label":null,"sequence_count":null,"sequence_count_label":null,"sequence_frames":[],"sequence_kind":null,"source_name":"dengeamerika_com_direct","source_name_label":"Dengeamerika","source_type":"direct_api","summary":"Ben\u00ee\u015ft\u00ea Kurd\u00ee berhemeke xwezay\u00ee ye ku li \u00e7iyay\u00ean Kurdistan\u00ea \u00e7\u00ea dibe. Ew di destp\u00eaka hav\u00een\u00ea de dest p\u00ea dike \u00fb di meha daw\u00ee de t\u00ea berhevkirin. Hin gund\u00eey\u00ean her\u00eam\u00ean cuda debara xwe bi \u00e7\u00eakirina ben\u00ee\u015ft dikin. Raporta S\u00eenor Ker\u00eem b\u00eahtir zanyar\u00ee hene.","title":"\u00c7\u00eakirina Ben\u00ee\u015ft\u00ea Kurd\u00ee li \u00c7iyay\u00ean Kurdistan\u00ea","topic":"V\u00eedyo Galer\u00ee","translation_language":"","url":"https://voa-video-ns.akamaized.net/pangeavideo/2026/08/4/4f/4ff2198e-9f9e-4386-7f78-08def2ed48ad_1080p.mp4?cb=ee224b68a","video_url":"https://voa-video-ns.akamaized.net/pangeavideo/2026/08/4/4f/4ff2198e-9f9e-4386-7f78-08def2ed48ad_1080p.mp4?cb=ee224b68a"},{"article_body_paragraphs":[],"audio_source_url":null,"author":null,"available_dubs":[],"downloadable_assets":["https://voa-video-ns.akamaized.net/pangeavideo/2026/08/5/52/52cd47d9-1cf6-471c-7f74-08def2ed48ad_1080p.mp4?cb=ee223e8b4"],"duration_display":"3:33","duration_seconds":213.01,"embed_url":null,"id":10203,"image_caption":null,"image_url":"https://gdb.voanews.com/52cd47d9-1cf6-471c-7f74-08def2ed48ad_tv_mw2048_mh2048_n.jpg","is_clip":true,"item_type":"video","item_type_label":"Video","language_label":"Kurdish","media_credit":"VOA","micro_label":"Video report","micro_label_kind":"video","network_label":"VOA","network_logo_url":"/static/uploads/direct_network_logos/voa_1ef13eedbd2f.svg","published_at":"2026-08-28T20:27:43.400000","published_at_display":"28 Aug 2026, 20:27 GMT","sequence_badge_label":null,"sequence_count":null,"sequence_count_label":null,"sequence_frames":[],"sequence_kind":null,"source_name":"dengeamerika_com_direct","source_name_label":"Dengeamerika","source_type":"direct_api","summary":"S\u00fbr\u00eey\u00ean xwed\u00ee pasport\u00ean d\u00eeplomat\u00eek \u00ead\u00ee dikarin b\u00ea v\u00eeza derbas\u00ee Tirk\u00eey\u00ea bibin. Peyamn\u00ear\u00ea Deng\u00ea Amer\u00eeka li Stenbol\u00ea Eyy\u00fbp Dem\u00eer zanyar\u00eey\u00ean b\u00eahtir li ser v\u00ea mijar\u00ea dide.","title":"Tirk\u00eey\u00ea R\u00ea Dide D\u00eeplomat\u00ean S\u00fbr\u00ee ku b\u00ea V\u00eeza Derbas\u00ee Wel\u00eat Bibin","topic":"V\u00eedyo Galer\u00ee","translation_language":"","url":"https://voa-video-ns.akamaized.net/pangeavideo/2026/08/5/52/52cd47d9-1cf6-471c-7f74-08def2ed48ad_1080p.mp4?cb=ee223e8b4","video_url":"https://voa-video-ns.akamaized.net/pangeavideo/2026/08/5/52/52cd47d9-1cf6-471c-7f74-08def2ed48ad_1080p.mp4?cb=ee223e8b4"},{"article_body_paragraphs":[],"audio_source_url":null,"author":null,"available_dubs":[],"downloadable_assets":["https://voa-video-ns.akamaized.net/pangeavideo/2026/08/5/5c/5ca2cb02-a686-4e7c-a2d3-08def2b10d93_1080p.mp4?cb=ee223e5b7"],"duration_display":"4:45","duration_seconds":285.7,"embed_url":null,"id":10204,"image_caption":null,"image_url":"https://gdb.voanews.com/5ca2cb02-a686-4e7c-a2d3-08def2b10d93_tv_mw2048_mh2048_n.jpg","is_clip":true,"item_type":"video","item_type_label":"Video","language_label":"Kurdish","media_credit":"VOA","micro_label":"Video report","micro_label_kind":"video","network_label":"VOA","network_logo_url":"/static/uploads/direct_network_logos/voa_1ef13eedbd2f.svg","published_at":"2026-08-28T20:19:25.277000","published_at_display":"28 Aug 2026, 20:19 GMT","sequence_badge_label":null,"sequence_count":null,"sequence_count_label":null,"sequence_frames":[],"sequence_kind":null,"source_name":"dengeamerika_com_direct","source_name_label":"Dengeamerika","source_type":"direct_api","summary":"\u015e\u00eawirmend\u00ea Serok\u00ea Tirk\u00eey\u00ea Mehmet U\u00e7um dib\u00eaje ku pi\u015ft\u00ee temamb\u00fbna proseya \"Tirk\u00eeya B\u00ea Teror\" div\u00ea reform\u00ean demokrat\u00eek \u00fb yasay\u00ee y\u00ean berfirehtir werin kirin. Ozlem Yasah behsa v\u00ea mijar\u00ea dike.","title":"\u015e\u00eawirmend\u00ea Erdogan: Pi\u015ft\u00ee Qan\u00fbna \u00c7ar\u00e7ovey\u00ee Div\u00ea Reform P\u00eak Werin","topic":"V\u00eedyo Galer\u00ee","translation_language":"","url":"https://voa-video-ns.akamaized.net/pangeavideo/2026/08/5/5c/5ca2cb02-a686-4e7c-a2d3-08def2b10d93_1080p.mp4?cb=ee223e5b7","video_url":"https://voa-video-ns.akamaized.net/pangeavideo/2026/08/5/5c/5ca2cb02-a686-4e7c-a2d3-08def2b10d93_1080p.mp4?cb=ee223e5b7"},{"article_body_paragraphs":[],"audio_source_url":null,"author":null,"available_dubs":[],"downloadable_assets":["https://voa-video-ns.akamaized.net/pangeavideo/2026/08/2/28/280bb848-031a-484e-a2d2-08def2b10d93_1080p.mp4?cb=ee223e382"],"duration_display":"5:30","duration_seconds":330.05,"embed_url":null,"id":10205,"image_caption":null,"image_url":"https://gdb.voanews.com/280bb848-031a-484e-a2d2-08def2b10d93_tv_mw2048_mh2048_n.jpg","is_clip":false,"item_type":"video","item_type_label":"Video","language_label":"Kurdish","media_credit":"VOA","micro_label":"Video report","micro_label_kind":"video","network_label":"VOA","network_logo_url":"/static/uploads/direct_network_logos/voa_1ef13eedbd2f.svg","published_at":"2026-08-28T20:02:17.280000","published_at_display":"28 Aug 2026, 20:02 GMT","sequence_badge_label":null,"sequence_count":null,"sequence_count_label":null,"sequence_frames":[],"sequence_kind":null,"source_name":"dengeamerika_com_direct","source_name_label":"Dengeamerika","source_type":"direct_api","summary":"Rojnamevan\u00ea Deng\u00ea Amer\u00eeka S\u00eerwan Qi\u00e7\u00e7o behsa biryara Hik\u00fbmeta Demk\u00ee ya S\u00fbr\u00eey\u00ea ya derbar\u00ea terxankirina waney\u00ean bi ziman\u00ea Kurd\u00ee dike.","title":"Hik\u00fbmeta S\u00fbr\u00eey\u00ea Biryara Waney\u00ean bi Ziman\u00ea Kurd\u00ee Dide","topic":"V\u00eedyo Galer\u00ee","translation_language":"","url":"https://voa-video-ns.akamaized.net/pangeavideo/2026/08/2/28/280bb848-031a-484e-a2d2-08def2b10d93_1080p.mp4?cb=ee223e382","video_url":"https://voa-video-ns.akamaized.net/pangeavideo/2026/08/2/28/280bb848-031a-484e-a2d2-08def2b10d93_1080p.mp4?cb=ee223e382"},{"article_body_paragraphs":[],"audio_source_url":null,"author":null,"available_dubs":[],"downloadable_assets":["https://voa-video-ns.akamaized.net/pangeavideo/2026/08/4/4b/4bddd97e-8da0-4019-8261-08decae8682a_1080p.mp4?cb=ee223dfde"],"duration_display":"6:31","duration_seconds":391.87,"embed_url":null,"id":10187,"image_caption":null,"image_url":"https://gdb.voanews.com/4bddd97e-8da0-4019-8261-08decae8682a_tv_mw2048_mh2048_n.jpg","is_clip":false,"item_type":"video","item_type_label":"Video","language_label":"Kurdish","media_credit":"VOA","micro_label":"Video report","micro_label_kind":"video","network_label":"VOA","network_logo_url":"/static/uploads/direct_network_logos/voa_1ef13eedbd2f.svg","published_at":"2026-08-28T19:53:28.173000","published_at_display":"28 Aug 2026, 19:53 GMT","sequence_badge_label":null,"sequence_count":null,"sequence_count_label":null,"sequence_frames":[],"sequence_kind":null,"source_name":"dengeamerika_com_direct","source_name_label":"Dengeamerika","source_type":"direct_api","summary":"\u015e\u00eerovekar\u00ea siyas\u00ee Dr. Azad Mihemedyan\u00ee ku li Holenday\u00ea dim\u00eene di v\u00ea hevpeyv\u00eena taybet de li gel Deng\u00ea Amer\u00eeka behsa k\u00ea\u015fey\u00ean di navbera opozisyona Kurd\u00ee \u00fb \u00ceran\u00ee de dike.","title":"K\u00ea\u015fey\u00ean Navbera Opozisyona Kurd\u00ee \u00fb \u00ceran\u00ee","topic":"V\u00eedyo Galer\u00ee","translation_language":"","url":"https://voa-video-ns.akamaized.net/pangeavideo/2026/08/4/4b/4bddd97e-8da0-4019-8261-08decae8682a_1080p.mp4?cb=ee223dfde","video_url":"https://voa-video-ns.akamaized.net/pangeavideo/2026/08/4/4b/4bddd97e-8da0-4019-8261-08decae8682a_1080p.mp4?cb=ee223dfde"},{"article_body_paragraphs":[],"audio_source_url":null,"author":null,"available_dubs":[],"downloadable_assets":["https://voa-video-ns.akamaized.net/pangeavideo/2026/08/5/51/51bd06e2-e84c-4343-f2ff-08def2b12219_1080p.mp4?cb=ee223dccf"],"duration_display":"4:09","duration_seconds":249.77,"embed_url":null,"id":10188,"image_caption":null,"image_url":"https://gdb.voanews.com/51bd06e2-e84c-4343-f2ff-08def2b12219_tv_mw2048_mh2048_n.jpg","is_clip":true,"item_type":"video","item_type_label":"Video","language_label":"Kurdish","media_credit":"VOA","micro_label":"Video report","micro_label_kind":"video","network_label":"VOA","network_logo_url":"/static/uploads/direct_network_logos/voa_1ef13eedbd2f.svg","published_at":"2026-08-28T19:46:00.500000","published_at_display":"28 Aug 2026, 19:46 GMT","sequence_badge_label":null,"sequence_count":null,"sequence_count_label":null,"sequence_frames":[],"sequence_kind":null,"source_name":"dengeamerika_com_direct","source_name_label":"Dengeamerika","source_type":"direct_api","summary":"Peyamn\u00ear\u00ea Deng\u00ea Amer\u00eeka y\u00ea Kongr\u00eas\u00ea Mer\u00eewan Heme zanyar\u00eey\u00ean daw\u00ee y\u00ean derbar\u00ea got\u00fbb\u00eajkirina budceya Federal ji al\u00eey\u00ea Kongr\u00eas\u00ea ve, dide.","title":"Pi\u015ft\u00ee Pi\u015f\u00fbya Hav\u00een\u00ea, Bernameyeke Dagirt\u00ee li P\u00ea\u015f Kongr\u00eas\u00ea ye","topic":"V\u00eedyo Galer\u00ee","translation_language":"","url":"https://voa-video-ns.akamaized.net/pangeavideo/2026/08/5/51/51bd06e2-e84c-4343-f2ff-08def2b12219_1080p.mp4?cb=ee223dccf","video_url":"https://voa-video-ns.akamaized.net/pangeavideo/2026/08/5/51/51bd06e2-e84c-4343-f2ff-08def2b12219_1080p.mp4?cb=ee223dccf"},{"article_body_paragraphs":[],"audio_source_url":null,"author":null,"available_dubs":[],"downloadable_assets":["https://voa-video-ns.akamaized.net/pangeavideo/2026/08/2/21/21b23fb5-48bc-4864-8260-08decae8682a_1080p.mp4?cb=ee223d8bd"],"duration_display":"4:19","duration_seconds":259.37,"embed_url":null,"id":10167,"image_caption":null,"image_url":"https://gdb.voanews.com/21b23fb5-48bc-4864-8260-08decae8682a_tv_mw2048_mh2048_n.jpg","is_clip":true,"item_type":"video","item_type_label":"Video","language_label":"Kurdish","media_credit":"VOA","micro_label":"Video report","micro_label_kind":"video","network_label":"VOA","network_logo_url":"/static/uploads/direct_network_logos/voa_1ef13eedbd2f.svg","published_at":"2026-08-28T19:28:13.320000","published_at_display":"28 Aug 2026, 19:28 GMT","sequence_badge_label":null,"sequence_count":null,"sequence_count_label":null,"sequence_frames":[],"sequence_kind":null,"source_name":"dengeamerika_com_direct","source_name_label":"Dengeamerika","source_type":"direct_api","summary":"Peyamn\u00ear\u00ea Deng\u00ea Amer\u00eeka li Wezareta derve Soran Xatir\u00ee n\u00fb\u00e7ey\u00ean daw\u00ee y\u00ean gir\u00eaday\u00ee \u00e7alak\u00eey\u00ean li wezareta derve \u00fb hewl\u00ean \u00eezolekirina abor\u00eeya \u00ceran\u00ea radigih\u00eene.","title":"Hewl\u00ean Amer\u00eeka y\u00ean \u00cezolekirina Abor\u00eeya \u00ceran\u00ea .","topic":"V\u00eedyo Galer\u00ee","translation_language":"","url":"https://voa-video-ns.akamaized.net/pangeavideo/2026/08/2/21/21b23fb5-48bc-4864-8260-08decae8682a_1080p.mp4?cb=ee223d8bd","video_url":"https://voa-video-ns.akamaized.net/pangeavideo/2026/08/2/21/21b23fb5-48bc-4864-8260-08decae8682a_1080p.mp4?cb=ee223d8bd"},{"article_body_paragraphs":[],"audio_source_url":null,"author":null,"available_dubs":[],"downloadable_assets":["https://voa-video-ns.akamaized.net/pangeavideo/2026/08/0/01/01bb941a-ab7d-4872-4870-08decadaa577_1080p.mp4?cb=ee223d590"],"duration_display":"4:00","duration_seconds":240.15,"embed_url":null,"id":10168,"image_caption":null,"image_url":"https://gdb.voanews.com/01bb941a-ab7d-4872-4870-08decadaa577_tv_mw2048_mh2048_n.jpg","is_clip":true,"item_type":"video","item_type_label":"Video","language_label":"Kurdish","media_credit":"VOA","micro_label":"Video report","micro_label_kind":"video","network_label":"VOA","network_logo_url":"/static/uploads/direct_network_logos/voa_1ef13eedbd2f.svg","published_at":"2026-08-28T19:16:32.867000","published_at_display":"28 Aug 2026, 19:16 GMT","sequence_badge_label":null,"sequence_count":null,"sequence_count_label":null,"sequence_frames":[],"sequence_kind":null,"source_name":"dengeamerika_com_direct","source_name_label":"Dengeamerika","source_type":"direct_api","summary":"Payamn\u00ear\u00ea Deng\u00ea Amer\u00eeka y\u00ea Ko\u015fka Sip\u00ee H\u00eewa Selam behsa n\u00fb\u00e7e \u00fb zanyar\u00eey\u00ean daw\u00ee y\u00ean \u00eero y\u00ean Ko\u015fka Sip\u00ee dike.","title":"Trump: Tengava Hormuz\u00ea Vekir\u00ee ye \u00fb Ti\u015ft\u00ean Din Ne Gir\u00eeng in","topic":"V\u00eedyo Galer\u00ee","translation_language":"","url":"https://voa-video-ns.akamaized.net/pangeavideo/2026/08/0/01/01bb941a-ab7d-4872-4870-08decadaa577_1080p.mp4?cb=ee223d590","video_url":"https://voa-video-ns.akamaized.net/pangeavideo/2026/08/0/01/01bb941a-ab7d-4872-4870-08decadaa577_1080p.mp4?cb=ee223d590"},{"article_body_paragraphs":[],"audio_source_url":null,"author":"\u00cevan Hes\u00eeb","available_dubs":[],"downloadable_assets":["https://voa-video-ns.akamaized.net/pangeavideo/2026/08/1/11/11a19247-7723-45c2-486c-08decadaa577_1080p.mp4?cb=ee223aa6e"],"duration_display":"3:15","duration_seconds":195.0,"embed_url":null,"id":10088,"image_caption":null,"image_url":"https://gdb.voanews.com/11a19247-7723-45c2-486c-08decadaa577_tv_mw2048_mh2048_n.jpg","is_clip":true,"item_type":"video","item_type_label":"Video","language_label":"Kurdish","media_credit":"VOA","micro_label":"Video report","micro_label_kind":"video","network_label":"VOA","network_logo_url":"/static/uploads/direct_network_logos/voa_1ef13eedbd2f.svg","published_at":"2026-08-28T16:10:57.800000","published_at_display":"28 Aug 2026, 16:10 GMT","sequence_badge_label":null,"sequence_count":null,"sequence_count_label":null,"sequence_frames":[],"sequence_kind":null,"source_name":"dengeamerika_com_direct","source_name_label":"Dengeamerika","source_type":"direct_api","summary":"Wezareta Perwerdey\u00ea ya hik\u00fbmeta demk\u00ee ya S\u00fbr\u00eey\u00ea biryar da ku ziman\u00ea Kurd\u00ee wek\u00ee zimanek\u00ee ni\u015ftiman\u00ee li dibistan\u00ean hik\u00fbm\u00ee \u00fb taybet, li her\u00eam\u00ean ku r\u00eajeya Kurdan l\u00ea mezin e, were xwendin. Raporta \u00cevan Hes\u00eeb b\u00eahtir agah\u00ee hene.","title":"Wezareta Perwerdey\u00ea ya S\u00fbr\u00eey\u00ea Waney\u00ean bi Kurd\u00ee Pesend Dike","topic":"V\u00eedyo Galer\u00ee","translation_language":"","url":"https://voa-video-ns.akamaized.net/pangeavideo/2026/08/1/11/11a19247-7723-45c2-486c-08decadaa577_1080p.mp4?cb=ee223aa6e","video_url":"https://voa-video-ns.akamaized.net/pangeavideo/2026/08/1/11/11a19247-7723-45c2-486c-08decadaa577_1080p.mp4?cb=ee223aa6e"},{"article_body_paragraphs":[],"audio_source_url":null,"author":"Emced Kurdo","available_dubs":[],"downloadable_assets":["https://voa-video-ns.akamaized.net/pangeavideo/2026/08/f/f3/f3e5490c-5ea6-4eed-caa0-08decaecd3b3_1080p.mp4?cb=ee22393e1"],"duration_display":"3:05","duration_seconds":185.96,"embed_url":null,"id":10015,"image_caption":null,"image_url":"https://gdb.voanews.com/f3e5490c-5ea6-4eed-caa0-08decaecd3b3_tv_mw2048_mh2048_n.jpg","is_clip":true,"item_type":"video","item_type_label":"Video","language_label":"Kurdish","media_credit":"VOA","micro_label":"Video report","micro_label_kind":"video","network_label":"VOA","network_logo_url":"/static/uploads/direct_network_logos/voa_1ef13eedbd2f.svg","published_at":"2026-08-28T14:35:48.470000","published_at_display":"28 Aug 2026, 14:35 GMT","sequence_badge_label":null,"sequence_count":null,"sequence_count_label":null,"sequence_frames":[],"sequence_kind":null,"source_name":"dengeamerika_com_direct","source_name_label":"Dengeamerika","source_type":"direct_api","summary":"Serok\u00ea S\u00fbr\u00eey\u00ea y\u00ea demk\u00ee Ehmed \u015eeri\u2019 Fermandar\u00ea ber\u00ea y\u00ea H\u00eaz\u00ean S\u00fbr\u00eeya Demokrat\u00eek Mezl\u00fbm Ebd\u00ee wek \u015f\u00eawirmend\u00ea serokat\u00eeya komar\u00ea destn\u00ee\u015fan kir. Ev biryar di nava kolan \u00fb part\u00eey\u00ean siyas\u00ee y\u00ean Kurd\u00ee de n\u00ear\u00een\u00ean cuda derxistin p\u00ea\u015f. Raporta Emced Kurdo ron\u00ee dide ser v\u00ea mijar\u00ea.","title":"Mezl\u00fbm Ebd\u00ee bi Ferm\u00ee Dibe \u015e\u00eawermend\u00ee Serokt\u00eeya S\u00fbr\u00eey\u00ea","topic":"V\u00eedyo Galer\u00ee","translation_language":"","url":"https://voa-video-ns.akamaized.net/pangeavideo/2026/08/f/f3/f3e5490c-5ea6-4eed-caa0-08decaecd3b3_1080p.mp4?cb=ee22393e1","video_url":"https://voa-video-ns.akamaized.net/pangeavideo/2026/08/f/f3/f3e5490c-5ea6-4eed-caa0-08decaecd3b3_1080p.mp4?cb=ee22393e1"},{"article_body_paragraphs":[],"audio_source_url":null,"author":"Ridwan B\u00eazar","available_dubs":[],"downloadable_assets":["https://voa-video-ns.akamaized.net/pangeavideo/2026/08/2/2c/2c93bc35-6b7a-4fb4-4867-08decadaa577_1080p.mp4?cb=ee22390d1"],"duration_display":"2:58","duration_seconds":178.93,"embed_url":null,"id":10016,"image_caption":null,"image_url":"https://gdb.voanews.com/2c93bc35-6b7a-4fb4-4867-08decadaa577_tv_mw2048_mh2048_n.jpg","is_clip":true,"item_type":"video","item_type_label":"Video","language_label":"Kurdish","media_credit":"VOA","micro_label":"Video report","micro_label_kind":"video","network_label":"VOA","network_logo_url":"/static/uploads/direct_network_logos/voa_1ef13eedbd2f.svg","published_at":"2026-08-28T14:20:05.107000","published_at_display":"28 Aug 2026, 14:20 GMT","sequence_badge_label":null,"sequence_count":null,"sequence_count_label":null,"sequence_frames":[],"sequence_kind":null,"source_name":"dengeamerika_com_direct","source_name_label":"Dengeamerika","source_type":"direct_api","summary":"Bi sedan par\u00e7ey\u00ean \u015f\u00fbnwar\u00ee y\u00ean gund\u00ea \u015e\u00earan\u00ea y\u00ea d\u00eerok\u00ee y\u00ea her\u00eama Koban\u00eey\u00ea di navbera S\u00fbr\u00eey\u00ea \u00fb Frensay\u00ea de belav b\u00fbne. Xelk\u00ea \u015e\u00earan\u00ea daxwaza vegerandina wan par\u00e7eyan \u00fb avakirina muzexaneyeke taybet bi gund dike.","title":"Xelk\u00ea \u015e\u00earan\u00ea Daxwaza Vegerandina Par\u00e7ey\u00ean xwe y\u00ean \u015e\u00fbnwar\u00ee Dike","topic":"V\u00eedyo Galer\u00ee","translation_language":"","url":"https://voa-video-ns.akamaized.net/pangeavideo/2026/08/2/2c/2c93bc35-6b7a-4fb4-4867-08decadaa577_1080p.mp4?cb=ee22390d1","video_url":"https://voa-video-ns.akamaized.net/pangeavideo/2026/08/2/2c/2c93bc35-6b7a-4fb4-4867-08decadaa577_1080p.mp4?cb=ee22390d1"},{"article_body_paragraphs":[],"audio_source_url":null,"author":"Del\u00eel Sil\u00eaman","available_dubs":[],"downloadable_assets":["https://voa-video-ns.akamaized.net/pangeavideo/2026/08/4/4e/4e41d8e6-59d2-427e-ca9f-08decaecd3b3_1080p.mp4?cb=ee2238067"],"duration_display":"3:27","duration_seconds":207.25,"embed_url":null,"id":9992,"image_caption":null,"image_url":"https://gdb.voanews.com/4e41d8e6-59d2-427e-ca9f-08decaecd3b3_tv_mw2048_mh2048_n.jpg","is_clip":true,"item_type":"video","item_type_label":"Video","language_label":"Kurdish","media_credit":"VOA","micro_label":"Video report","micro_label_kind":"video","network_label":"VOA","network_logo_url":"/static/uploads/direct_network_logos/voa_1ef13eedbd2f.svg","published_at":"2026-08-28T13:12:51.450000","published_at_display":"28 Aug 2026, 13:12 GMT","sequence_badge_label":null,"sequence_count":null,"sequence_count_label":null,"sequence_frames":[],"sequence_kind":null,"source_name":"dengeamerika_com_direct","source_name_label":"Dengeamerika","source_type":"direct_api","summary":"Gelek ciwan\u00ean Kurd li her\u00eam\u00ean Kurd\u00ean S\u00fbr\u00eey\u00ea dixwazin bi \u015f\u00eawey\u00ean cuda xizmeta civak\u00ean xwe bikin \u00fb hewil didin bi r\u00eaya medya civak\u00ee bala xelk\u00ea biki\u015f\u00eenin ser mijar\u00ean ku ew t\u00ea de \u015fareza ne. Del\u00eel Sil\u00eaman bi \u00e7end ciwanan re axiv\u00ee \u00fb raportek amade kir.","title":"Ciwan\u00ean Rojava bi R\u00eaya Medya Civak\u00ee Xizmeta Civak\u00ea Dikin","topic":"V\u00eedyo Galer\u00ee","translation_language":"","url":"https://voa-video-ns.akamaized.net/pangeavideo/2026/08/4/4e/4e41d8e6-59d2-427e-ca9f-08decaecd3b3_1080p.mp4?cb=ee2238067","video_url":"https://voa-video-ns.akamaized.net/pangeavideo/2026/08/4/4e/4e41d8e6-59d2-427e-ca9f-08decaecd3b3_1080p.mp4?cb=ee2238067"},{"article_body_paragraphs":[],"audio_source_url":null,"author":null,"available_dubs":[],"downloadable_assets":["https://voa-video-ns.akamaized.net/pangeavideo/2026/08/3/39/3982db18-da3d-447f-f2e5-08def2b12219_1080p.mp4?cb=ee222881f"],"duration_display":"5:04","duration_seconds":304.4,"embed_url":null,"id":9774,"image_caption":null,"image_url":"https://gdb.voanews.com/3982db18-da3d-447f-f2e5-08def2b12219_tv_mw2048_mh2048_n.jpg","is_clip":false,"item_type":"video","item_type_label":"Video","language_label":"Kurdish","media_credit":"VOA","micro_label":"Video report","micro_label_kind":"video","network_label":"VOA","network_logo_url":"/static/uploads/direct_network_logos/voa_1ef13eedbd2f.svg","published_at":"2026-08-27T19:33:51.837000","published_at_display":"27 Aug 2026, 19:33 GMT","sequence_badge_label":null,"sequence_count":null,"sequence_count_label":null,"sequence_frames":[],"sequence_kind":null,"source_name":"dengeamerika_com_direct","source_name_label":"Dengeamerika","source_type":"direct_api","summary":"Bexda \u00eero di qonaxek hestiyar \u00fb \u00e7aren\u00fbsaz de de ye. Ji ber ku Amer\u00eekay\u00ea li hem\u00fb welat\u00ean ku bazirganiy\u00ea bi \u00ceran\u00ea re dikin gef xwarin, \u00ceraq yek ji welat\u00ean ku her\u00ee z\u00eade t\u00eakil\u00eey\u00ean abor\u00ee bi \u00ceran\u00ea re hene. Sem\u00eera El\u00ee Mend\u00ee qala asteng\u00ee \u00fb zehmetiy\u00ean di r\u00eaya \u00ceraq\u00ea de dike.","title":"Sizay\u00ean Tund li ser \u00ceran\u00ea \u00fb Bandora Wan li ser Aboriya \u00ceraq\u00ea","topic":"V\u00eedyo Galer\u00ee","translation_language":"","url":"https://voa-video-ns.akamaized.net/pangeavideo/2026/08/3/39/3982db18-da3d-447f-f2e5-08def2b12219_1080p.mp4?cb=ee222881f","video_url":"https://voa-video-ns.akamaized.net/pangeavideo/2026/08/3/39/3982db18-da3d-447f-f2e5-08def2b12219_1080p.mp4?cb=ee222881f"}],"next_num":4,"page":3,"pages":15,"per_page":20,"prev_num":2,"total":298}
