{"applied_filters":{"end_date":"","lang":"","language":"","network":"","page":3,"per_page":20,"search":"","source":"","start_date":"","topic":"Video","type":""},"available_filters":{"language_choices":[{"label":"Choose Language","value":""},{"label":"English","value":"English"},{"label":"Serbo-Croatian","value":"Serbo-Croatian"},{"label":"Vietnamese","value":"Vietnamese"}],"network_choices":[{"label":"All networks","value":""},{"label":"RFA","value":"RFA"},{"label":"RFE/RL","value":"RFE/RL"}],"source_choices":[{"label":"All sources","value":""},{"label":"RFA English Video","value":"rfa_english_video_scrape"},{"label":"RFA Vietnamese Video Scrape","value":"rfa_vietnamese_video_scrape"},{"label":"Slobodnaevropa","value":"slobodnaevropa_org_direct"}],"sources":["rfa_english_video_scrape","rfa_vietnamese_video_scrape","slobodnaevropa_org_direct"],"topics":["250em\u00een Salvegera Serxweb\u00fbna Amer\u00eekay\u00ea","250\u0647\u06d5\u0645\u06cc\u0646 \u0633\u0627\u06b5\u06cc\u0627\u062f\u06cc \u0633\u06d5\u0631\u0628\u06d5\u062e\u06c6\u06cc\u06cc \u0626\u06d5\u0645\u06d5\u0631\u06cc\u06a9\u0627","8 \u10e4\u10dd\u10e2\u10dd \u10d0\u10e0\u10e5\u10d8\u10d5\u10d8\u10d3\u10d0\u10dc","Abriendo Espacios","Afghanistan","Agenda hemisf\u00e9rica","Amer\u00eeka","Am\u00e9rica Latina, VENEZUELA, Maiquetia","Asuntos de Estado","Audiovisuales Mart\u00ed","Audiovisuales Mart\u00ed, Cuba turismo, crisis del turismo en Cuba","Audiovisuales Mart\u00ed, VENEZUELA, apagones","Barrio Adentro","Bernameya Televizyon\u00ee ya Rojane","Bernamey\u00ean radyoy\u00ea y\u00ean rojane","B\u00ecnh lu\u1eadn","Caf\u00e9 Digital","China","Como Come Cuba, cuba, Como Come Cuba","Cuba Habla","Cuba Habla, Cuba","Cuba al D\u00eda","Cuba al D\u00eda, Cuba","Cuba en la Memoria","C\u00eehan","De cara al sol","Derechos Humanos, cuba, exilio, c\u00e1ncer, Ram\u00f3n Sa\u00fal S\u00e1nchez","El futuro es ya","Especiales, Exilio cubano, Freedom tower, \"Libertad\", Torre de la Libertad de Miami, Exilio cubano en Miami","Especiales, jos\u00e9 mart\u00ed, Exilio cubano","Esperando un techo, cuba, crisis, vivienda, derrumbes, techo, paredes, EsperandounTecho","Foro abierto","Hablando claro","Human Rights","Info Mart\u00ed","Info Mart\u00ed , Brigada 2506","Info Mart\u00ed , Cuba","Info Mart\u00ed , Estados Unidos, Colombia","Info Mart\u00ed , Estados Unidos, VENEZUELA","Info Mart\u00ed , estados unidos, Venezuela","Info Mart\u00ed , presos politicos, torturas, VENEZUELA","Iran","Iz RSE sveta","Izme\u0111u redova","Kentu-Cubano, cuba, cubanos, Kentucky, migrantes, KentoCubano","Korea","La libertad es una librer\u00eda","Laos","Las Noticias Como Son, Cuba","Las noticias como son","Lawton Libre","Liberaci\u00f3n","Mart\u00ed Noticias A.M.","Mozaik \u017eivota","Multimedija","Myanmar","Nicaragua al d\u00eda","Noticiero Mart\u00ed Noticias","Noticiero Mart\u00ed Noticias, Cuba","N\u00fb\u00e7ey\u00ean C\u00eehan\u00ea 1","N\u00fb\u00e7ey\u00ean C\u00eehan\u00ea 2","Pacific","Pe Agend\u0103","Pe Agend\u0103 cu Cristina Popu\u0219oi","Perspektiva","Programas de Radio Nuestra Am\u00e9rica","Radio Mart\u00ed","Radyo","Ser Madre en cuba, cuba, hambre, r\u00e9gimen, madre, negligencia, Testimonios, Crisis Econ\u00f3mica, madre cubana, Crisis Alimentaria","Ser viejo en Cuba, cuba, cubanos, crisis, alimentos, ancianos, viejos, vejez","South China Sea","Srbija","Taller de prensa","Th\u1eddi S\u1ef1","Tibet","Trong n\u01b0\u1edbc","Ukraine","Uvid","Uyghur","VOA \ud55c\uad6d\uc5b4 \ubcf4\uc774\ub294 \ub77c\ub514\uc624","VOA\u4eca\u65e5\u7126\u70b9","Video","Videos","V\u00eedyo Galer\u00ee","Zaviri ispod povr\u0161ine","adri%C3%A1n del sol mi padre est%C3%A1 muy d%C3%A9bil","atienden a mas de 50 personas en santiago de cuba por presunta intoxicacion alimentaria","auge en contagios de dengue en cuba","aumenta a 379 la cifra de desaparecidos por terremoto en colombia hay 285 fallecidos","banco mundial desembolsa millonaria ayuda para afectados por terremoto en colombia","casi 300 fallecidos almenos 4 000 heridos y 140 desaparecidos a 7 dias del terremoto en colombia","cifra de muertos por el terremoto en colombia supera las 200 personas seg%C3%BAn reporte","colombia declara estado de emergencia durante 30 dias por grave calamidad","colombia ingresa formalmente al escudo de las am%C3%A9ricas liderado por washington","convocan marcha pac%C3%ADfica por la libertad de todos los presos pol%C3%ADticos en venezuela","crece reclutamiento de ni%C3%B1os y ni%C3%B1as en colombia por parte de grupos ilegales seg%C3%BAn hrw","creo que el presidente trump ir%C3%A1 a la habana antes de que termine su mandato","eeuu cierra acuerdo petrolero que le dar%C3%A1 importante control de reservas venezolanas","eeuu ecuador y colombia se reunen para acordar lucha contra mafias del narcotr%C3%A1fico","eeuu sostiene operaciones militares junto a ecuador cerca de la frontera con colombia"],"types":[["","All types"],["video","Videos"],["clips","Clips"],["media","Media"]]},"has_next":false,"has_prev":true,"items":[{"article_body_paragraphs":[],"audio_source_url":null,"author":null,"available_dubs":[],"downloadable_assets":["https://d3ayjbmlrrjm3o.cloudfront.net/wp-radiofreeasia/20250204/67a2629d04c28008f30baad6/t_1e5c86ba1ccc4667a2699125bccb7691_name_RFA_IRF_2025_FINAL/file_960x540-1600-v4.mp4"],"duration_display":"5:02","duration_seconds":302.144,"embed_url":null,"id":1666,"image_caption":null,"image_url":"https://d2m6nhhu3fh4n6.cloudfront.net/02-04-2025/t_ed7f2d1eb0784fe186b5c0f56e66ae21_name_Thumb.jpg","is_clip":false,"item_type":"video","item_type_label":"Video","language_label":"Vietnamese","media_credit":null,"micro_label":"Video report","micro_label_kind":"video","network_label":"RFA","network_logo_url":"/static/uploads/direct_network_logos/rfa_ca00144ac549.png","published_at":"2025-02-04T20:11:09","published_at_display":"4 Feb 2025, 20:11 GMT","sequence_badge_label":null,"sequence_count":null,"sequence_count_label":null,"sequence_frames":[],"sequence_kind":null,"source_name":"rfa_vietnamese_video_scrape","source_name_label":"RFA Vietnamese Video Scrape","source_type":"scrape","summary":"H\u1ed9i ngh\u1ecb Th\u01b0\u1ee3ng \u0110\u1ec9nh V\u1ec1 T\u1ef1 Do T\u00f4n Gi\u00e1o Qu\u1ed1c T\u1ebf 2025 l\u00e0 c\u01a1 h\u1ed9i \u0111\u1ec3 n\u00e2ng cao nh\u1eadn th\u1ee9c v\u00e0 th\u00fac \u0111\u1ea9y h\u00e0nh \u0111\u1ed9ng. H\u00e3y c\u00f9ng Minh Tr\u00ed t\u00ecm hi\u1ec3u trong ch\u01b0\u01a1ng tr\u00ecnh h\u00f4m na","title":"T\u1ef1 do t\u00f4n gi\u00e1o t\u1ea1i Vi\u1ec7t Nam 'kh\u00f4ng c\u00f3 g\u00ec thay \u0111\u1ed5i'","topic":"Video","translation_language":"","url":"https://www.rfa.org/vietnamese/video/2025/02/04/4e288715-cc4d-4d1a-8c78-1d2f28ca1797/","video_url":"https://d3ayjbmlrrjm3o.cloudfront.net/wp-radiofreeasia/20250204/67a2629d04c28008f30baad6/t_1e5c86ba1ccc4667a2699125bccb7691_name_RFA_IRF_2025_FINAL/file_960x540-1600-v4.mp4"},{"article_body_paragraphs":[],"audio_source_url":null,"author":null,"available_dubs":[],"downloadable_assets":["https://d3ayjbmlrrjm3o.cloudfront.net/wp-radiofreeasia/20250128/6798e05a25d1694b724afc7d/t_abc9c10cd80f4c81955a38d7325c1a93_name_Feat012725_FIX/file_960x540-1600-v4.mp4"],"duration_display":"4:39","duration_seconds":279.616,"embed_url":null,"id":1667,"image_caption":null,"image_url":"https://d2m6nhhu3fh4n6.cloudfront.net/01-28-2025/t_2d7937cc16a3412aa52d80c5d5f47195_name_Feat012725_FIX.jpg","is_clip":true,"item_type":"video","item_type_label":"Video","language_label":"Vietnamese","media_credit":null,"micro_label":"Video report","micro_label_kind":"video","network_label":"RFA","network_logo_url":"/static/uploads/direct_network_logos/rfa_ca00144ac549.png","published_at":"2025-01-28T13:56:46","published_at_display":"28 Jan 2025, 13:56 GMT","sequence_badge_label":null,"sequence_count":null,"sequence_count_label":null,"sequence_frames":[],"sequence_kind":null,"source_name":"rfa_vietnamese_video_scrape","source_name_label":"RFA Vietnamese Video Scrape","source_type":"scrape","summary":"V\u1eeba qua, hai c\u1ef1u \u0111\u1ea1i bi\u1ec3u qu\u1ed1c h\u1ed9i \u0111\u00e3 ph\u1ea3i nh\u1eadn c\u00e1c b\u1ea3n \u00e1n t\u00f9 n\u1eb7ng n\u1ec1. Trong khi \u00f4ng L\u00ea Thanh V\u00e2n b\u1ecb tuy\u00ean ph\u1ea1t b\u1ea3y n\u0103m t\u00f9 v\u1ec1 t\u1ed9i l\u1ee3i d\u1ee5ng ch\u1ee9c v\u1ee5, quy\u1ec1n h\u1ea1n g\u00e2","title":"Ch\u1ed1ng tham nh\u0169ng th\u1eddi T\u00f4 L\u00e2m qua b\u1ea3n \u00e1n L\u01b0u B\u00ecnh Nh\u01b0\u1ee1ng v\u00e0 Mai Ti\u1ebfn D\u0169ng","topic":"Video","translation_language":"","url":"https://www.rfa.org/vietnamese/video/2025/01/28/f1f30f73-575c-410d-baaf-e77354ecbfb3/","video_url":"https://d3ayjbmlrrjm3o.cloudfront.net/wp-radiofreeasia/20250128/6798e05a25d1694b724afc7d/t_abc9c10cd80f4c81955a38d7325c1a93_name_Feat012725_FIX/file_960x540-1600-v4.mp4"},{"article_body_paragraphs":[],"audio_source_url":null,"author":"Iva Martinovi\u0107","available_dubs":[],"downloadable_assets":["https://rfe-video-ns.akamaized.net/pangeavideo/2024/09/c/cc/cc71c7f6-ad36-4fe3-8dad-6fcd17108bf6_1080p.mp4?cb=ee1e6f81d"],"duration_display":"4:00","duration_seconds":240.47,"embed_url":null,"id":246,"image_caption":null,"image_url":"https://gdb.rferl.org/42336b75-3a5c-4425-8a78-9825d149177b_mw2048_mh2048_n.jpg","is_clip":true,"item_type":"video","item_type_label":"Video","language_label":"Serbo-Croatian","media_credit":"RFE","micro_label":"Video report","micro_label_kind":"video","network_label":"RFE/RL","network_logo_url":"/static/uploads/direct_network_logos/rfe_rl_e69d397fdd7d.png","published_at":"2024-09-13T16:02:42.497000","published_at_display":"13 Sep 2024, 16:02 GMT","sequence_badge_label":null,"sequence_count":null,"sequence_count_label":null,"sequence_frames":[],"sequence_kind":null,"source_name":"slobodnaevropa_org_direct","source_name_label":"Slobodnaevropa","source_type":"direct_api","summary":"Kineska fabrika auto guma Linglong u Zrenjaninu na severu Srbije sve\u010dano je otvorena 13. septembra iako bar jedan od tri njena pogona ve\u0107 vi\u0161e od godinu dana proizvodi i izvozi gume. Pet godina dugu izgradnju ove fabrike pratile su sumnje na radnu eksploaraciju i optu\u017ebe za kr\u0161enje zakona u oblasti gradnje i za\u0161tite \u017eivotne sredine. Saradnja: Jelena Jankovi\u0107 i Jovana Krsti\u0107, snimatelj: Dragan Kosti\u0107, monta\u017ea: Ana Toader.","title":"U Srbiji otvorena kineska fabrika guma: \u0160ta je sporno?","topic":"Video","translation_language":"","url":"https://rfe-video-ns.akamaized.net/pangeavideo/2024/09/c/cc/cc71c7f6-ad36-4fe3-8dad-6fcd17108bf6_1080p.mp4?cb=ee1e6f81d","video_url":"https://rfe-video-ns.akamaized.net/pangeavideo/2024/09/c/cc/cc71c7f6-ad36-4fe3-8dad-6fcd17108bf6_1080p.mp4?cb=ee1e6f81d"}],"next_num":null,"page":3,"pages":3,"per_page":20,"prev_num":2,"total":43}
