{"applied_filters":{"end_date":"","lang":"","language":"","network":"","page":4,"per_page":20,"search":"","source":"dengeamerika_com_direct","start_date":"","topic":"","type":""},"available_filters":{"language_choices":[{"label":"Choose Language","value":""},{"label":"English","value":"English"},{"label":"Espa\u00f1ol","value":"Espa\u00f1ol"},{"label":"Kurdish","value":"Kurdish"}],"network_choices":[{"label":"All networks","value":""},{"label":"VOA","value":"VOA"}],"source_choices":[{"label":"All sources","value":""},{"label":"Current Time","value":"currenttime_tv_direct"},{"label":"Current Time","value":"currenttime_tv_rss"},{"label":"Da Azadi Radio","value":"da_azadiradio_com_rss"},{"label":"Darivoa","value":"darivoa_com_rss"},{"label":"Dengeamerika","value":"dengeamerika_com_direct"},{"label":"Dengeamerika","value":"dengeamerika_com_rss"},{"label":"Dengiamerika","value":"dengiamerika_com_direct"},{"label":"Dengiamerika","value":"dengiamerika_com_rss"},{"label":"Editorials VOA","value":"editorials_voa_gov_rss"},{"label":"Golosameriki","value":"golosameriki_com_direct"},{"label":"Golosameriki","value":"golosameriki_com_rss"},{"label":"Ir VOA News","value":"ir_voanews_com_rss"},{"label":"Mashaalradio","value":"mashaalradio_com_direct"},{"label":"Moldova Europalibera","value":"moldova_europalibera_org_direct"},{"label":"Moldova Europalibera","value":"moldova_europalibera_org_rss"},{"label":"OCB \u00b7 Caf\u00e9 Digital","value":"ocb_spanish_audio_html_scrape"},{"label":"OCB \u00b7 Liberaci\u00f3n","value":"ocb_spanish_audio_html_scrape_1001"},{"label":"OCB \u00b7 Programas de Radio Nuestra Am\u00e9rica","value":"ocb_spanish_audio_html_scrape_1016"},{"label":"OCB \u00b7 Agenda hemisf\u00e9rica","value":"ocb_spanish_audio_html_scrape_1028"},{"label":"OCB \u00b7 El futuro es ya","value":"ocb_spanish_audio_html_scrape_1056"},{"label":"OCB \u00b7 Foro abierto","value":"ocb_spanish_audio_html_scrape_1061"},{"label":"OCB \u00b7 Nicaragua al d\u00eda","value":"ocb_spanish_audio_html_scrape_1077"},{"label":"OCB \u00b7 La bola nostra","value":"ocb_spanish_audio_html_scrape_1078"},{"label":"OCB \u00b7 Taller de prensa","value":"ocb_spanish_audio_html_scrape_1103"},{"label":"OCB \u00b7 Las noticias como son","value":"ocb_spanish_audio_html_scrape_142"},{"label":"OCB \u00b7 Abriendo Espacios","value":"ocb_spanish_audio_html_scrape_562"},{"label":"OCB \u00b7 Mart\u00ed Noticias A.M.","value":"ocb_spanish_audio_html_scrape_668"},{"label":"OCB Spanish Audio","value":"ocb_spanish_audio_scrape"},{"label":"OCB Spanish Video","value":"ocb_spanish_video_scrape"},{"label":"Pa Azadi Radio","value":"pa_azadiradio_com_rss"},{"label":"Pashtovoa","value":"pashtovoa_com_rss"},{"label":"Radiofaarda","value":"radiofaarda_com_direct"},{"label":"Radio Farda","value":"radiofarda_com_direct"},{"label":"Radio Farda","value":"radiofarda_com_rss"},{"label":"Radiosvoboda","value":"radiosvoboda_org_rss"},{"label":"Radiotavisupleba","value":"radiotavisupleba_ge_direct"},{"label":"Radiotavisupleba","value":"radiotavisupleba_ge_rss"},{"label":"Radiotelevisionmarti","value":"radiotelevisionmarti_com_direct"},{"label":"Radiotelevisionmarti","value":"radiotelevisionmarti_com_rss"},{"label":"RFA Burmese","value":"rfa_burmese_rss"},{"label":"RFA Burmese Video Scrape","value":"rfa_burmese_video_scrape"},{"label":"RFA Cantonese","value":"rfa_cantonese_rss"},{"label":"RFA Cantonese Video Scrape","value":"rfa_cantonese_video_scrape"},{"label":"RFA English RSS","value":"rfa_english_rss"},{"label":"RFA English Video","value":"rfa_english_video_scrape"},{"label":"RFA Khmer","value":"rfa_khmer_rss"},{"label":"RFA Khmer Video Scrape","value":"rfa_khmer_video_scrape"},{"label":"RFA Korean","value":"rfa_korean_rss"},{"label":"RFA Korean Video Scrape","value":"rfa_korean_video_scrape"},{"label":"RFA Lao","value":"rfa_lao_rss"},{"label":"RFA Lao Video Scrape","value":"rfa_lao_video_scrape"},{"label":"RFA Mandarin","value":"rfa_mandarin_rss"},{"label":"RFA Mandarin Video Scrape","value":"rfa_mandarin_video_scrape"},{"label":"RFA Tibetan","value":"rfa_tibetan_rss"},{"label":"RFA Tibetan Video Scrape","value":"rfa_tibetan_video_scrape"},{"label":"RFA Uyghur","value":"rfa_uyghur_rss"},{"label":"RFA Uyghur Video Scrape","value":"rfa_uyghur_video_scrape"},{"label":"RFA Vietnamese","value":"rfa_vietnamese_rss"},{"label":"RFA Vietnamese Video Scrape","value":"rfa_vietnamese_video_scrape"},{"label":"RFE/RL Direct","value":"rferl_direct"},{"label":"RFE/RL","value":"rferl_org_rss"},{"label":"Slobodnaevropa","value":"slobodnaevropa_org_direct"},{"label":"Slobodnaevropa","value":"slobodnaevropa_org_rss"},{"label":"Svoboda","value":"svoboda_org_direct"},{"label":"Svoboda","value":"svoboda_org_rss"},{"label":"Ukrainian VOA News","value":"ukrainian_voanews_com_rss"},{"label":"VOA Chinese Direct","value":"voa_chinese_direct"},{"label":"VOA Chinese RSS","value":"voa_chinese_rss"},{"label":"VOA Dari Direct","value":"voa_dari_direct"},{"label":"VOA Korea Direct","value":"voa_korea_direct"},{"label":"VOA Pashto Direct","value":"voa_pashto_direct"},{"label":"VOA Persian Direct","value":"voa_persian_direct"},{"label":"Voakorea","value":"voakorea_com_rss"}],"sources":["currenttime_tv_direct","currenttime_tv_rss","da_azadiradio_com_rss","darivoa_com_rss","dengeamerika_com_direct","dengeamerika_com_rss","dengiamerika_com_direct","dengiamerika_com_rss","editorials_voa_gov_rss","golosameriki_com_direct","golosameriki_com_rss","ir_voanews_com_rss","mashaalradio_com_direct","moldova_europalibera_org_direct","moldova_europalibera_org_rss","ocb_spanish_audio_html_scrape","ocb_spanish_audio_html_scrape_1001","ocb_spanish_audio_html_scrape_1016","ocb_spanish_audio_html_scrape_1028","ocb_spanish_audio_html_scrape_1056","ocb_spanish_audio_html_scrape_1061","ocb_spanish_audio_html_scrape_1077","ocb_spanish_audio_html_scrape_1078","ocb_spanish_audio_html_scrape_1103","ocb_spanish_audio_html_scrape_142","ocb_spanish_audio_html_scrape_562","ocb_spanish_audio_html_scrape_668","ocb_spanish_audio_scrape","ocb_spanish_video_scrape","pa_azadiradio_com_rss","pashtovoa_com_rss","radiofaarda_com_direct","radiofarda_com_direct","radiofarda_com_rss","radiosvoboda_org_rss","radiotavisupleba_ge_direct","radiotavisupleba_ge_rss","radiotelevisionmarti_com_direct","radiotelevisionmarti_com_rss","rfa_burmese_rss","rfa_burmese_video_scrape","rfa_cantonese_rss","rfa_cantonese_video_scrape","rfa_english_rss","rfa_english_video_scrape","rfa_khmer_rss","rfa_khmer_video_scrape","rfa_korean_rss","rfa_korean_video_scrape","rfa_lao_rss","rfa_lao_video_scrape","rfa_mandarin_rss","rfa_mandarin_video_scrape","rfa_tibetan_rss","rfa_tibetan_video_scrape","rfa_uyghur_rss","rfa_uyghur_video_scrape","rfa_vietnamese_rss","rfa_vietnamese_video_scrape","rferl_direct","rferl_org_rss","slobodnaevropa_org_direct","slobodnaevropa_org_rss","svoboda_org_direct","svoboda_org_rss","ukrainian_voanews_com_rss","voa_chinese_direct","voa_chinese_rss","voa_dari_direct","voa_korea_direct","voa_pashto_direct","voa_persian_direct","voakorea_com_rss"],"topics":["250em\u00een Salvegera Serxweb\u00fbna Amer\u00eekay\u00ea","Amer\u00eeka","Bernameya Televizyon\u00ee ya Rojane","Bernamey\u00ean radyoy\u00ea y\u00ean rojane","C\u00eehan","N\u00fb\u00e7ey\u00ean C\u00eehan\u00ea 1","N\u00fb\u00e7ey\u00ean C\u00eehan\u00ea 2","Radyo","V\u00eedyo Galer\u00ee"],"types":[["","All types"],["audio","Audio"],["video","Videos"],["clips","Clips"],["media","Media"]]},"has_next":true,"has_prev":true,"items":[{"article_body_paragraphs":[],"audio_source_url":null,"author":"S\u00eenor Ker\u00eem","available_dubs":[],"downloadable_assets":["https://voa-video-ns.akamaized.net/pangeavideo/2026/08/4/4f/4ff2198e-9f9e-4386-7f78-08def2ed48ad_1080p.mp4?cb=ee224b68a"],"duration_display":"3:54","duration_seconds":234.34,"embed_url":null,"id":10227,"image_caption":null,"image_url":"https://gdb.voanews.com/4ff2198e-9f9e-4386-7f78-08def2ed48ad_tv_mw2048_mh2048_n.jpg","is_clip":true,"item_type":"video","item_type_label":"Video","language_label":"Kurdish","media_credit":"VOA","micro_label":"Video report","micro_label_kind":"video","network_label":"VOA","network_logo_url":"/static/uploads/direct_network_logos/voa_1ef13eedbd2f.svg","published_at":"2026-08-28T21:45:14.560000","published_at_display":"28 Aug 2026, 21:45 GMT","sequence_badge_label":null,"sequence_count":null,"sequence_count_label":null,"sequence_frames":[],"sequence_kind":null,"source_name":"dengeamerika_com_direct","source_name_label":"Dengeamerika","source_type":"direct_api","summary":"Ben\u00ee\u015ft\u00ea Kurd\u00ee berhemeke xwezay\u00ee ye ku li \u00e7iyay\u00ean Kurdistan\u00ea \u00e7\u00ea dibe. Ew di destp\u00eaka hav\u00een\u00ea de dest p\u00ea dike \u00fb di meha daw\u00ee de t\u00ea berhevkirin. Hin gund\u00eey\u00ean her\u00eam\u00ean cuda debara xwe bi \u00e7\u00eakirina ben\u00ee\u015ft dikin. Raporta S\u00eenor Ker\u00eem b\u00eahtir zanyar\u00ee hene.","title":"\u00c7\u00eakirina Ben\u00ee\u015ft\u00ea Kurd\u00ee li \u00c7iyay\u00ean Kurdistan\u00ea","topic":"V\u00eedyo Galer\u00ee","translation_language":"","url":"https://voa-video-ns.akamaized.net/pangeavideo/2026/08/4/4f/4ff2198e-9f9e-4386-7f78-08def2ed48ad_1080p.mp4?cb=ee224b68a","video_url":"https://voa-video-ns.akamaized.net/pangeavideo/2026/08/4/4f/4ff2198e-9f9e-4386-7f78-08def2ed48ad_1080p.mp4?cb=ee224b68a"},{"article_body_paragraphs":[],"audio_source_url":null,"author":null,"available_dubs":[],"downloadable_assets":["https://voa-video-ns.akamaized.net/pangeavideo/2026/08/0/0d/0d5328f5-a085-4b8e-7f75-08def2ed48ad_1080p.mp4?cb=ee223f576"],"duration_display":"59:59","duration_seconds":3599.44,"embed_url":null,"id":10228,"image_caption":null,"image_url":"https://gdb.voanews.com/0d5328f5-a085-4b8e-7f75-08def2ed48ad_tv_mw2048_mh2048_n.jpg","is_clip":false,"item_type":"video","item_type_label":"Video","language_label":"Kurdish","media_credit":"VOA","micro_label":"Video report","micro_label_kind":"video","network_label":"VOA","network_logo_url":"/static/uploads/direct_network_logos/voa_1ef13eedbd2f.svg","published_at":"2026-08-28T21:02:50.493000","published_at_display":"28 Aug 2026, 21:02 GMT","sequence_badge_label":null,"sequence_count":null,"sequence_count_label":null,"sequence_frames":[],"sequence_kind":null,"source_name":"dengeamerika_com_direct","source_name_label":"Dengeamerika","source_type":"direct_api","summary":"N\u00fb\u00e7e \u00fb agah\u00eey\u00ean n\u00fb y\u00ean derbar\u00ea Amer\u00eeka, her\u00eam\u00ean kurdan \u00fb c\u00eehan\u00ea di Bernameya Televizyon\u00ee ya 28\u2019\u00ea Tebaxa 2026\u2019an de.","title":"Bernameya Televizyon\u00ee ya 28\u2019\u00ea Tebaxa 2026\u2019an","topic":"Bernameya Televizyon\u00ee ya Rojane","translation_language":"","url":"https://voa-video-ns.akamaized.net/pangeavideo/2026/08/0/0d/0d5328f5-a085-4b8e-7f75-08def2ed48ad_1080p.mp4?cb=ee223f576","video_url":"https://voa-video-ns.akamaized.net/pangeavideo/2026/08/0/0d/0d5328f5-a085-4b8e-7f75-08def2ed48ad_1080p.mp4?cb=ee223f576"},{"article_body_paragraphs":[],"audio_source_url":null,"author":null,"available_dubs":[],"downloadable_assets":["https://voa-video-ns.akamaized.net/pangeavideo/2026/08/5/52/52cd47d9-1cf6-471c-7f74-08def2ed48ad_1080p.mp4?cb=ee223e8b4"],"duration_display":"3:33","duration_seconds":213.01,"embed_url":null,"id":10203,"image_caption":null,"image_url":"https://gdb.voanews.com/52cd47d9-1cf6-471c-7f74-08def2ed48ad_tv_mw2048_mh2048_n.jpg","is_clip":true,"item_type":"video","item_type_label":"Video","language_label":"Kurdish","media_credit":"VOA","micro_label":"Video report","micro_label_kind":"video","network_label":"VOA","network_logo_url":"/static/uploads/direct_network_logos/voa_1ef13eedbd2f.svg","published_at":"2026-08-28T20:27:43.400000","published_at_display":"28 Aug 2026, 20:27 GMT","sequence_badge_label":null,"sequence_count":null,"sequence_count_label":null,"sequence_frames":[],"sequence_kind":null,"source_name":"dengeamerika_com_direct","source_name_label":"Dengeamerika","source_type":"direct_api","summary":"S\u00fbr\u00eey\u00ean xwed\u00ee pasport\u00ean d\u00eeplomat\u00eek \u00ead\u00ee dikarin b\u00ea v\u00eeza derbas\u00ee Tirk\u00eey\u00ea bibin. Peyamn\u00ear\u00ea Deng\u00ea Amer\u00eeka li Stenbol\u00ea Eyy\u00fbp Dem\u00eer zanyar\u00eey\u00ean b\u00eahtir li ser v\u00ea mijar\u00ea dide.","title":"Tirk\u00eey\u00ea R\u00ea Dide D\u00eeplomat\u00ean S\u00fbr\u00ee ku b\u00ea V\u00eeza Derbas\u00ee Wel\u00eat Bibin","topic":"V\u00eedyo Galer\u00ee","translation_language":"","url":"https://voa-video-ns.akamaized.net/pangeavideo/2026/08/5/52/52cd47d9-1cf6-471c-7f74-08def2ed48ad_1080p.mp4?cb=ee223e8b4","video_url":"https://voa-video-ns.akamaized.net/pangeavideo/2026/08/5/52/52cd47d9-1cf6-471c-7f74-08def2ed48ad_1080p.mp4?cb=ee223e8b4"},{"article_body_paragraphs":[],"audio_source_url":null,"author":null,"available_dubs":[],"downloadable_assets":["https://voa-video-ns.akamaized.net/pangeavideo/2026/08/5/5c/5ca2cb02-a686-4e7c-a2d3-08def2b10d93_1080p.mp4?cb=ee223e5b7"],"duration_display":"4:45","duration_seconds":285.7,"embed_url":null,"id":10204,"image_caption":null,"image_url":"https://gdb.voanews.com/5ca2cb02-a686-4e7c-a2d3-08def2b10d93_tv_mw2048_mh2048_n.jpg","is_clip":true,"item_type":"video","item_type_label":"Video","language_label":"Kurdish","media_credit":"VOA","micro_label":"Video report","micro_label_kind":"video","network_label":"VOA","network_logo_url":"/static/uploads/direct_network_logos/voa_1ef13eedbd2f.svg","published_at":"2026-08-28T20:19:25.277000","published_at_display":"28 Aug 2026, 20:19 GMT","sequence_badge_label":null,"sequence_count":null,"sequence_count_label":null,"sequence_frames":[],"sequence_kind":null,"source_name":"dengeamerika_com_direct","source_name_label":"Dengeamerika","source_type":"direct_api","summary":"\u015e\u00eawirmend\u00ea Serok\u00ea Tirk\u00eey\u00ea Mehmet U\u00e7um dib\u00eaje ku pi\u015ft\u00ee temamb\u00fbna proseya \"Tirk\u00eeya B\u00ea Teror\" div\u00ea reform\u00ean demokrat\u00eek \u00fb yasay\u00ee y\u00ean berfirehtir werin kirin. Ozlem Yasah behsa v\u00ea mijar\u00ea dike.","title":"\u015e\u00eawirmend\u00ea Erdogan: Pi\u015ft\u00ee Qan\u00fbna \u00c7ar\u00e7ovey\u00ee Div\u00ea Reform P\u00eak Werin","topic":"V\u00eedyo Galer\u00ee","translation_language":"","url":"https://voa-video-ns.akamaized.net/pangeavideo/2026/08/5/5c/5ca2cb02-a686-4e7c-a2d3-08def2b10d93_1080p.mp4?cb=ee223e5b7","video_url":"https://voa-video-ns.akamaized.net/pangeavideo/2026/08/5/5c/5ca2cb02-a686-4e7c-a2d3-08def2b10d93_1080p.mp4?cb=ee223e5b7"},{"article_body_paragraphs":[],"audio_source_url":null,"author":null,"available_dubs":[],"downloadable_assets":["https://voa-video-ns.akamaized.net/pangeavideo/2026/08/2/28/280bb848-031a-484e-a2d2-08def2b10d93_1080p.mp4?cb=ee223e382"],"duration_display":"5:30","duration_seconds":330.05,"embed_url":null,"id":10205,"image_caption":null,"image_url":"https://gdb.voanews.com/280bb848-031a-484e-a2d2-08def2b10d93_tv_mw2048_mh2048_n.jpg","is_clip":false,"item_type":"video","item_type_label":"Video","language_label":"Kurdish","media_credit":"VOA","micro_label":"Video report","micro_label_kind":"video","network_label":"VOA","network_logo_url":"/static/uploads/direct_network_logos/voa_1ef13eedbd2f.svg","published_at":"2026-08-28T20:02:17.280000","published_at_display":"28 Aug 2026, 20:02 GMT","sequence_badge_label":null,"sequence_count":null,"sequence_count_label":null,"sequence_frames":[],"sequence_kind":null,"source_name":"dengeamerika_com_direct","source_name_label":"Dengeamerika","source_type":"direct_api","summary":"Rojnamevan\u00ea Deng\u00ea Amer\u00eeka S\u00eerwan Qi\u00e7\u00e7o behsa biryara Hik\u00fbmeta Demk\u00ee ya S\u00fbr\u00eey\u00ea ya derbar\u00ea terxankirina waney\u00ean bi ziman\u00ea Kurd\u00ee dike.","title":"Hik\u00fbmeta S\u00fbr\u00eey\u00ea Biryara Waney\u00ean bi Ziman\u00ea Kurd\u00ee Dide","topic":"V\u00eedyo Galer\u00ee","translation_language":"","url":"https://voa-video-ns.akamaized.net/pangeavideo/2026/08/2/28/280bb848-031a-484e-a2d2-08def2b10d93_1080p.mp4?cb=ee223e382","video_url":"https://voa-video-ns.akamaized.net/pangeavideo/2026/08/2/28/280bb848-031a-484e-a2d2-08def2b10d93_1080p.mp4?cb=ee223e382"},{"article_body_paragraphs":[],"audio_source_url":null,"author":null,"available_dubs":[],"downloadable_assets":["https://voa-video-ns.akamaized.net/pangeavideo/2026/08/4/4b/4bddd97e-8da0-4019-8261-08decae8682a_1080p.mp4?cb=ee223dfde"],"duration_display":"6:31","duration_seconds":391.87,"embed_url":null,"id":10187,"image_caption":null,"image_url":"https://gdb.voanews.com/4bddd97e-8da0-4019-8261-08decae8682a_tv_mw2048_mh2048_n.jpg","is_clip":false,"item_type":"video","item_type_label":"Video","language_label":"Kurdish","media_credit":"VOA","micro_label":"Video report","micro_label_kind":"video","network_label":"VOA","network_logo_url":"/static/uploads/direct_network_logos/voa_1ef13eedbd2f.svg","published_at":"2026-08-28T19:53:28.173000","published_at_display":"28 Aug 2026, 19:53 GMT","sequence_badge_label":null,"sequence_count":null,"sequence_count_label":null,"sequence_frames":[],"sequence_kind":null,"source_name":"dengeamerika_com_direct","source_name_label":"Dengeamerika","source_type":"direct_api","summary":"\u015e\u00eerovekar\u00ea siyas\u00ee Dr. Azad Mihemedyan\u00ee ku li Holenday\u00ea dim\u00eene di v\u00ea hevpeyv\u00eena taybet de li gel Deng\u00ea Amer\u00eeka behsa k\u00ea\u015fey\u00ean di navbera opozisyona Kurd\u00ee \u00fb \u00ceran\u00ee de dike.","title":"K\u00ea\u015fey\u00ean Navbera Opozisyona Kurd\u00ee \u00fb \u00ceran\u00ee","topic":"V\u00eedyo Galer\u00ee","translation_language":"","url":"https://voa-video-ns.akamaized.net/pangeavideo/2026/08/4/4b/4bddd97e-8da0-4019-8261-08decae8682a_1080p.mp4?cb=ee223dfde","video_url":"https://voa-video-ns.akamaized.net/pangeavideo/2026/08/4/4b/4bddd97e-8da0-4019-8261-08decae8682a_1080p.mp4?cb=ee223dfde"},{"article_body_paragraphs":[],"audio_source_url":null,"author":null,"available_dubs":[],"downloadable_assets":["https://voa-video-ns.akamaized.net/pangeavideo/2026/08/5/51/51bd06e2-e84c-4343-f2ff-08def2b12219_1080p.mp4?cb=ee223dccf"],"duration_display":"4:09","duration_seconds":249.77,"embed_url":null,"id":10188,"image_caption":null,"image_url":"https://gdb.voanews.com/51bd06e2-e84c-4343-f2ff-08def2b12219_tv_mw2048_mh2048_n.jpg","is_clip":true,"item_type":"video","item_type_label":"Video","language_label":"Kurdish","media_credit":"VOA","micro_label":"Video report","micro_label_kind":"video","network_label":"VOA","network_logo_url":"/static/uploads/direct_network_logos/voa_1ef13eedbd2f.svg","published_at":"2026-08-28T19:46:00.500000","published_at_display":"28 Aug 2026, 19:46 GMT","sequence_badge_label":null,"sequence_count":null,"sequence_count_label":null,"sequence_frames":[],"sequence_kind":null,"source_name":"dengeamerika_com_direct","source_name_label":"Dengeamerika","source_type":"direct_api","summary":"Peyamn\u00ear\u00ea Deng\u00ea Amer\u00eeka y\u00ea Kongr\u00eas\u00ea Mer\u00eewan Heme zanyar\u00eey\u00ean daw\u00ee y\u00ean derbar\u00ea got\u00fbb\u00eajkirina budceya Federal ji al\u00eey\u00ea Kongr\u00eas\u00ea ve, dide.","title":"Pi\u015ft\u00ee Pi\u015f\u00fbya Hav\u00een\u00ea, Bernameyeke Dagirt\u00ee li P\u00ea\u015f Kongr\u00eas\u00ea ye","topic":"V\u00eedyo Galer\u00ee","translation_language":"","url":"https://voa-video-ns.akamaized.net/pangeavideo/2026/08/5/51/51bd06e2-e84c-4343-f2ff-08def2b12219_1080p.mp4?cb=ee223dccf","video_url":"https://voa-video-ns.akamaized.net/pangeavideo/2026/08/5/51/51bd06e2-e84c-4343-f2ff-08def2b12219_1080p.mp4?cb=ee223dccf"},{"article_body_paragraphs":[],"audio_source_url":null,"author":null,"available_dubs":[],"downloadable_assets":["https://voa-video-ns.akamaized.net/pangeavideo/2026/08/2/21/21b23fb5-48bc-4864-8260-08decae8682a_1080p.mp4?cb=ee223d8bd"],"duration_display":"4:19","duration_seconds":259.37,"embed_url":null,"id":10167,"image_caption":null,"image_url":"https://gdb.voanews.com/21b23fb5-48bc-4864-8260-08decae8682a_tv_mw2048_mh2048_n.jpg","is_clip":true,"item_type":"video","item_type_label":"Video","language_label":"Kurdish","media_credit":"VOA","micro_label":"Video report","micro_label_kind":"video","network_label":"VOA","network_logo_url":"/static/uploads/direct_network_logos/voa_1ef13eedbd2f.svg","published_at":"2026-08-28T19:28:13.320000","published_at_display":"28 Aug 2026, 19:28 GMT","sequence_badge_label":null,"sequence_count":null,"sequence_count_label":null,"sequence_frames":[],"sequence_kind":null,"source_name":"dengeamerika_com_direct","source_name_label":"Dengeamerika","source_type":"direct_api","summary":"Peyamn\u00ear\u00ea Deng\u00ea Amer\u00eeka li Wezareta derve Soran Xatir\u00ee n\u00fb\u00e7ey\u00ean daw\u00ee y\u00ean gir\u00eaday\u00ee \u00e7alak\u00eey\u00ean li wezareta derve \u00fb hewl\u00ean \u00eezolekirina abor\u00eeya \u00ceran\u00ea radigih\u00eene.","title":"Hewl\u00ean Amer\u00eeka y\u00ean \u00cezolekirina Abor\u00eeya \u00ceran\u00ea .","topic":"V\u00eedyo Galer\u00ee","translation_language":"","url":"https://voa-video-ns.akamaized.net/pangeavideo/2026/08/2/21/21b23fb5-48bc-4864-8260-08decae8682a_1080p.mp4?cb=ee223d8bd","video_url":"https://voa-video-ns.akamaized.net/pangeavideo/2026/08/2/21/21b23fb5-48bc-4864-8260-08decae8682a_1080p.mp4?cb=ee223d8bd"},{"article_body_paragraphs":[],"audio_source_url":null,"author":null,"available_dubs":[],"downloadable_assets":["https://voa-video-ns.akamaized.net/pangeavideo/2026/08/0/01/01bb941a-ab7d-4872-4870-08decadaa577_1080p.mp4?cb=ee223d590"],"duration_display":"4:00","duration_seconds":240.15,"embed_url":null,"id":10168,"image_caption":null,"image_url":"https://gdb.voanews.com/01bb941a-ab7d-4872-4870-08decadaa577_tv_mw2048_mh2048_n.jpg","is_clip":true,"item_type":"video","item_type_label":"Video","language_label":"Kurdish","media_credit":"VOA","micro_label":"Video report","micro_label_kind":"video","network_label":"VOA","network_logo_url":"/static/uploads/direct_network_logos/voa_1ef13eedbd2f.svg","published_at":"2026-08-28T19:16:32.867000","published_at_display":"28 Aug 2026, 19:16 GMT","sequence_badge_label":null,"sequence_count":null,"sequence_count_label":null,"sequence_frames":[],"sequence_kind":null,"source_name":"dengeamerika_com_direct","source_name_label":"Dengeamerika","source_type":"direct_api","summary":"Payamn\u00ear\u00ea Deng\u00ea Amer\u00eeka y\u00ea Ko\u015fka Sip\u00ee H\u00eewa Selam behsa n\u00fb\u00e7e \u00fb zanyar\u00eey\u00ean daw\u00ee y\u00ean \u00eero y\u00ean Ko\u015fka Sip\u00ee dike.","title":"Trump: Tengava Hormuz\u00ea Vekir\u00ee ye \u00fb Ti\u015ft\u00ean Din Ne Gir\u00eeng in","topic":"V\u00eedyo Galer\u00ee","translation_language":"","url":"https://voa-video-ns.akamaized.net/pangeavideo/2026/08/0/01/01bb941a-ab7d-4872-4870-08decadaa577_1080p.mp4?cb=ee223d590","video_url":"https://voa-video-ns.akamaized.net/pangeavideo/2026/08/0/01/01bb941a-ab7d-4872-4870-08decadaa577_1080p.mp4?cb=ee223d590"},{"article_body_paragraphs":[],"audio_source_url":"https://voa-audio-ns.akamaized.net/vku/2026/08/28/20260828-190000-vku053-program_hq.mp3","author":null,"available_dubs":[],"downloadable_assets":["https://voa-audio-ns.akamaized.net/vku/2026/08/28/20260828-190000-vku053-program_hq.mp3"],"duration_display":"5:00","duration_seconds":300.0,"embed_url":null,"id":10169,"image_caption":null,"image_url":null,"is_clip":false,"item_type":"audio","item_type_label":"Audio","language_label":"Kurdish","media_credit":"VOA","micro_label":"Audio program","micro_label_kind":"audio","network_label":"VOA","network_logo_url":"/static/uploads/direct_network_logos/voa_1ef13eedbd2f.svg","published_at":"2026-08-28T19:00:00","published_at_display":"28 Aug 2026, 19:00 GMT","sequence_badge_label":null,"sequence_count":null,"sequence_count_label":null,"sequence_frames":[],"sequence_kind":null,"source_name":"dengeamerika_com_direct","source_name_label":"Dengeamerika","source_type":"direct_api","summary":"N\u00fb\u00e7ey\u00ean C\u00eehan\u00ea ji Deng\u00ea Amer\u00eeka","title":"N\u00fb\u00e7ey\u00ean 3\u2019y\u00ea pa\u015fn\u00eevro","topic":null,"translation_language":"","url":"https://voa-audio-ns.akamaized.net/vku/2026/08/28/20260828-190000-vku053-program_hq.mp3","video_url":null},{"article_body_paragraphs":[],"audio_source_url":"https://voa-audio-ns.akamaized.net/vku/2026/08/28/20260828-170500-vku053-program_hq.mp3","author":null,"available_dubs":[],"downloadable_assets":["https://voa-audio-ns.akamaized.net/vku/2026/08/28/20260828-170500-vku053-program_hq.mp3"],"duration_display":"54:59","duration_seconds":3299.0,"embed_url":null,"id":10139,"image_caption":null,"image_url":null,"is_clip":false,"item_type":"audio","item_type_label":"Audio","language_label":"Kurdish","media_credit":"VOA","micro_label":"Audio program","micro_label_kind":"audio","network_label":"VOA","network_logo_url":"/static/uploads/direct_network_logos/voa_1ef13eedbd2f.svg","published_at":"2026-08-28T17:05:00","published_at_display":"28 Aug 2026, 17:05 GMT","sequence_badge_label":null,"sequence_count":null,"sequence_count_label":null,"sequence_frames":[],"sequence_kind":null,"source_name":"dengeamerika_com_direct","source_name_label":"Dengeamerika","source_type":"direct_api","summary":null,"title":"Bernama Duy\u00ea","topic":null,"translation_language":"","url":"https://voa-audio-ns.akamaized.net/vku/2026/08/28/20260828-170500-vku053-program_hq.mp3","video_url":null},{"article_body_paragraphs":[],"audio_source_url":"https://voa-audio-ns.akamaized.net/vku/2026/08/28/20260828-170000-vku053-program_hq.mp3","author":null,"available_dubs":[],"downloadable_assets":["https://voa-audio-ns.akamaized.net/vku/2026/08/28/20260828-170000-vku053-program_hq.mp3"],"duration_display":"5:00","duration_seconds":300.0,"embed_url":null,"id":10120,"image_caption":null,"image_url":null,"is_clip":false,"item_type":"audio","item_type_label":"Audio","language_label":"Kurdish","media_credit":"VOA","micro_label":"Audio program","micro_label_kind":"audio","network_label":"VOA","network_logo_url":"/static/uploads/direct_network_logos/voa_1ef13eedbd2f.svg","published_at":"2026-08-28T17:00:00","published_at_display":"28 Aug 2026, 17:00 GMT","sequence_badge_label":null,"sequence_count":null,"sequence_count_label":null,"sequence_frames":[],"sequence_kind":null,"source_name":"dengeamerika_com_direct","source_name_label":"Dengeamerika","source_type":"direct_api","summary":"N\u00fb\u00e7ey\u00ean C\u00eehan\u00ea ji Deng\u00ea Amer\u00eeka","title":"N\u00fb\u00e7ey\u00ean 1\u2019\u00ea pa\u015fn\u00eevro","topic":"Radyo","translation_language":"","url":"https://voa-audio-ns.akamaized.net/vku/2026/08/28/20260828-170000-vku053-program_hq.mp3","video_url":null},{"article_body_paragraphs":[],"audio_source_url":null,"author":"\u00cevan Hes\u00eeb","available_dubs":[],"downloadable_assets":["https://voa-video-ns.akamaized.net/pangeavideo/2026/08/1/11/11a19247-7723-45c2-486c-08decadaa577_1080p.mp4?cb=ee223aa6e"],"duration_display":"3:15","duration_seconds":195.0,"embed_url":null,"id":10088,"image_caption":null,"image_url":"https://gdb.voanews.com/11a19247-7723-45c2-486c-08decadaa577_tv_mw2048_mh2048_n.jpg","is_clip":true,"item_type":"video","item_type_label":"Video","language_label":"Kurdish","media_credit":"VOA","micro_label":"Video report","micro_label_kind":"video","network_label":"VOA","network_logo_url":"/static/uploads/direct_network_logos/voa_1ef13eedbd2f.svg","published_at":"2026-08-28T16:10:57.800000","published_at_display":"28 Aug 2026, 16:10 GMT","sequence_badge_label":null,"sequence_count":null,"sequence_count_label":null,"sequence_frames":[],"sequence_kind":null,"source_name":"dengeamerika_com_direct","source_name_label":"Dengeamerika","source_type":"direct_api","summary":"Wezareta Perwerdey\u00ea ya hik\u00fbmeta demk\u00ee ya S\u00fbr\u00eey\u00ea biryar da ku ziman\u00ea Kurd\u00ee wek\u00ee zimanek\u00ee ni\u015ftiman\u00ee li dibistan\u00ean hik\u00fbm\u00ee \u00fb taybet, li her\u00eam\u00ean ku r\u00eajeya Kurdan l\u00ea mezin e, were xwendin. Raporta \u00cevan Hes\u00eeb b\u00eahtir agah\u00ee hene.","title":"Wezareta Perwerdey\u00ea ya S\u00fbr\u00eey\u00ea Waney\u00ean bi Kurd\u00ee Pesend Dike","topic":"V\u00eedyo Galer\u00ee","translation_language":"","url":"https://voa-video-ns.akamaized.net/pangeavideo/2026/08/1/11/11a19247-7723-45c2-486c-08decadaa577_1080p.mp4?cb=ee223aa6e","video_url":"https://voa-video-ns.akamaized.net/pangeavideo/2026/08/1/11/11a19247-7723-45c2-486c-08decadaa577_1080p.mp4?cb=ee223aa6e"},{"article_body_paragraphs":[],"audio_source_url":"https://voa-audio-ns.akamaized.net/vku/2026/08/28/20260828-150000-vku053-program_hq.mp3","author":null,"available_dubs":[],"downloadable_assets":["https://voa-audio-ns.akamaized.net/vku/2026/08/28/20260828-150000-vku053-program_hq.mp3"],"duration_display":"9:59","duration_seconds":599.0,"embed_url":null,"id":10055,"image_caption":null,"image_url":null,"is_clip":false,"item_type":"audio","item_type_label":"Audio","language_label":"Kurdish","media_credit":"VOA","micro_label":"Audio program","micro_label_kind":"audio","network_label":"VOA","network_logo_url":"/static/uploads/direct_network_logos/voa_1ef13eedbd2f.svg","published_at":"2026-08-28T15:00:00","published_at_display":"28 Aug 2026, 15:00 GMT","sequence_badge_label":null,"sequence_count":null,"sequence_count_label":null,"sequence_frames":[],"sequence_kind":null,"source_name":"dengeamerika_com_direct","source_name_label":"Dengeamerika","source_type":"direct_api","summary":"N\u00fb\u00e7ey\u00ean C\u00eehan\u00ea ji Deng\u00ea Amer\u00eeka","title":"N\u00fb\u00e7ey\u00ean C\u00eehan\u00ea 1","topic":"N\u00fb\u00e7ey\u00ean C\u00eehan\u00ea 1","translation_language":"","url":"https://voa-audio-ns.akamaized.net/vku/2026/08/28/20260828-150000-vku053-program_hq.mp3","video_url":null},{"article_body_paragraphs":[],"audio_source_url":null,"author":"Emced Kurdo","available_dubs":[],"downloadable_assets":["https://voa-video-ns.akamaized.net/pangeavideo/2026/08/f/f3/f3e5490c-5ea6-4eed-caa0-08decaecd3b3_1080p.mp4?cb=ee22393e1"],"duration_display":"3:05","duration_seconds":185.96,"embed_url":null,"id":10015,"image_caption":null,"image_url":"https://gdb.voanews.com/f3e5490c-5ea6-4eed-caa0-08decaecd3b3_tv_mw2048_mh2048_n.jpg","is_clip":true,"item_type":"video","item_type_label":"Video","language_label":"Kurdish","media_credit":"VOA","micro_label":"Video report","micro_label_kind":"video","network_label":"VOA","network_logo_url":"/static/uploads/direct_network_logos/voa_1ef13eedbd2f.svg","published_at":"2026-08-28T14:35:48.470000","published_at_display":"28 Aug 2026, 14:35 GMT","sequence_badge_label":null,"sequence_count":null,"sequence_count_label":null,"sequence_frames":[],"sequence_kind":null,"source_name":"dengeamerika_com_direct","source_name_label":"Dengeamerika","source_type":"direct_api","summary":"Serok\u00ea S\u00fbr\u00eey\u00ea y\u00ea demk\u00ee Ehmed \u015eeri\u2019 Fermandar\u00ea ber\u00ea y\u00ea H\u00eaz\u00ean S\u00fbr\u00eeya Demokrat\u00eek Mezl\u00fbm Ebd\u00ee wek \u015f\u00eawirmend\u00ea serokat\u00eeya komar\u00ea destn\u00ee\u015fan kir. Ev biryar di nava kolan \u00fb part\u00eey\u00ean siyas\u00ee y\u00ean Kurd\u00ee de n\u00ear\u00een\u00ean cuda derxistin p\u00ea\u015f. Raporta Emced Kurdo ron\u00ee dide ser v\u00ea mijar\u00ea.","title":"Mezl\u00fbm Ebd\u00ee bi Ferm\u00ee Dibe \u015e\u00eawermend\u00ee Serokt\u00eeya S\u00fbr\u00eey\u00ea","topic":"V\u00eedyo Galer\u00ee","translation_language":"","url":"https://voa-video-ns.akamaized.net/pangeavideo/2026/08/f/f3/f3e5490c-5ea6-4eed-caa0-08decaecd3b3_1080p.mp4?cb=ee22393e1","video_url":"https://voa-video-ns.akamaized.net/pangeavideo/2026/08/f/f3/f3e5490c-5ea6-4eed-caa0-08decaecd3b3_1080p.mp4?cb=ee22393e1"},{"article_body_paragraphs":[],"audio_source_url":null,"author":"Ridwan B\u00eazar","available_dubs":[],"downloadable_assets":["https://voa-video-ns.akamaized.net/pangeavideo/2026/08/2/2c/2c93bc35-6b7a-4fb4-4867-08decadaa577_1080p.mp4?cb=ee22390d1"],"duration_display":"2:58","duration_seconds":178.93,"embed_url":null,"id":10016,"image_caption":null,"image_url":"https://gdb.voanews.com/2c93bc35-6b7a-4fb4-4867-08decadaa577_tv_mw2048_mh2048_n.jpg","is_clip":true,"item_type":"video","item_type_label":"Video","language_label":"Kurdish","media_credit":"VOA","micro_label":"Video report","micro_label_kind":"video","network_label":"VOA","network_logo_url":"/static/uploads/direct_network_logos/voa_1ef13eedbd2f.svg","published_at":"2026-08-28T14:20:05.107000","published_at_display":"28 Aug 2026, 14:20 GMT","sequence_badge_label":null,"sequence_count":null,"sequence_count_label":null,"sequence_frames":[],"sequence_kind":null,"source_name":"dengeamerika_com_direct","source_name_label":"Dengeamerika","source_type":"direct_api","summary":"Bi sedan par\u00e7ey\u00ean \u015f\u00fbnwar\u00ee y\u00ean gund\u00ea \u015e\u00earan\u00ea y\u00ea d\u00eerok\u00ee y\u00ea her\u00eama Koban\u00eey\u00ea di navbera S\u00fbr\u00eey\u00ea \u00fb Frensay\u00ea de belav b\u00fbne. Xelk\u00ea \u015e\u00earan\u00ea daxwaza vegerandina wan par\u00e7eyan \u00fb avakirina muzexaneyeke taybet bi gund dike.","title":"Xelk\u00ea \u015e\u00earan\u00ea Daxwaza Vegerandina Par\u00e7ey\u00ean xwe y\u00ean \u015e\u00fbnwar\u00ee Dike","topic":"V\u00eedyo Galer\u00ee","translation_language":"","url":"https://voa-video-ns.akamaized.net/pangeavideo/2026/08/2/2c/2c93bc35-6b7a-4fb4-4867-08decadaa577_1080p.mp4?cb=ee22390d1","video_url":"https://voa-video-ns.akamaized.net/pangeavideo/2026/08/2/2c/2c93bc35-6b7a-4fb4-4867-08decadaa577_1080p.mp4?cb=ee22390d1"},{"article_body_paragraphs":[],"audio_source_url":"https://voa-audio-ns.akamaized.net/vku/2026/08/28/20260828-140000-vku053-program_hq.mp3","author":null,"available_dubs":[],"downloadable_assets":["https://voa-audio-ns.akamaized.net/vku/2026/08/28/20260828-140000-vku053-program_hq.mp3"],"duration_display":"59:59","duration_seconds":3599.0,"embed_url":null,"id":10056,"image_caption":null,"image_url":null,"is_clip":false,"item_type":"audio","item_type_label":"Audio","language_label":"Kurdish","media_credit":"VOA","micro_label":"Audio program","micro_label_kind":"audio","network_label":"VOA","network_logo_url":"/static/uploads/direct_network_logos/voa_1ef13eedbd2f.svg","published_at":"2026-08-28T14:00:00","published_at_display":"28 Aug 2026, 14:00 GMT","sequence_badge_label":null,"sequence_count":null,"sequence_count_label":null,"sequence_frames":[],"sequence_kind":null,"source_name":"dengeamerika_com_direct","source_name_label":"Dengeamerika","source_type":"direct_api","summary":null,"title":"Bernamey\u00ean radyoy\u00ea y\u00ean rojane","topic":"Bernamey\u00ean radyoy\u00ea y\u00ean rojane","translation_language":"","url":"https://voa-audio-ns.akamaized.net/vku/2026/08/28/20260828-140000-vku053-program_hq.mp3","video_url":null},{"article_body_paragraphs":[],"audio_source_url":null,"author":"Del\u00eel Sil\u00eaman","available_dubs":[],"downloadable_assets":["https://voa-video-ns.akamaized.net/pangeavideo/2026/08/4/4e/4e41d8e6-59d2-427e-ca9f-08decaecd3b3_1080p.mp4?cb=ee2238067"],"duration_display":"3:27","duration_seconds":207.25,"embed_url":null,"id":9992,"image_caption":null,"image_url":"https://gdb.voanews.com/4e41d8e6-59d2-427e-ca9f-08decaecd3b3_tv_mw2048_mh2048_n.jpg","is_clip":true,"item_type":"video","item_type_label":"Video","language_label":"Kurdish","media_credit":"VOA","micro_label":"Video report","micro_label_kind":"video","network_label":"VOA","network_logo_url":"/static/uploads/direct_network_logos/voa_1ef13eedbd2f.svg","published_at":"2026-08-28T13:12:51.450000","published_at_display":"28 Aug 2026, 13:12 GMT","sequence_badge_label":null,"sequence_count":null,"sequence_count_label":null,"sequence_frames":[],"sequence_kind":null,"source_name":"dengeamerika_com_direct","source_name_label":"Dengeamerika","source_type":"direct_api","summary":"Gelek ciwan\u00ean Kurd li her\u00eam\u00ean Kurd\u00ean S\u00fbr\u00eey\u00ea dixwazin bi \u015f\u00eawey\u00ean cuda xizmeta civak\u00ean xwe bikin \u00fb hewil didin bi r\u00eaya medya civak\u00ee bala xelk\u00ea biki\u015f\u00eenin ser mijar\u00ean ku ew t\u00ea de \u015fareza ne. Del\u00eel Sil\u00eaman bi \u00e7end ciwanan re axiv\u00ee \u00fb raportek amade kir.","title":"Ciwan\u00ean Rojava bi R\u00eaya Medya Civak\u00ee Xizmeta Civak\u00ea Dikin","topic":"V\u00eedyo Galer\u00ee","translation_language":"","url":"https://voa-video-ns.akamaized.net/pangeavideo/2026/08/4/4e/4e41d8e6-59d2-427e-ca9f-08decaecd3b3_1080p.mp4?cb=ee2238067","video_url":"https://voa-video-ns.akamaized.net/pangeavideo/2026/08/4/4e/4e41d8e6-59d2-427e-ca9f-08decaecd3b3_1080p.mp4?cb=ee2238067"},{"article_body_paragraphs":[],"audio_source_url":"https://voa-audio-ns.akamaized.net/vku/2026/08/28/20260828-050000-vku053-program_hq.mp3","author":null,"available_dubs":[],"downloadable_assets":["https://voa-audio-ns.akamaized.net/vku/2026/08/28/20260828-050000-vku053-program_hq.mp3"],"duration_display":"5:00","duration_seconds":300.0,"embed_url":null,"id":9885,"image_caption":null,"image_url":null,"is_clip":false,"item_type":"audio","item_type_label":"Audio","language_label":"Kurdish","media_credit":"VOA","micro_label":"Audio program","micro_label_kind":"audio","network_label":"VOA","network_logo_url":"/static/uploads/direct_network_logos/voa_1ef13eedbd2f.svg","published_at":"2026-08-28T05:00:00","published_at_display":"28 Aug 2026, 05:00 GMT","sequence_badge_label":null,"sequence_count":null,"sequence_count_label":null,"sequence_frames":[],"sequence_kind":null,"source_name":"dengeamerika_com_direct","source_name_label":"Dengeamerika","source_type":"direct_api","summary":"N\u00fb\u00e7ey\u00ean C\u00eehan\u00ea ji Deng\u00ea Amer\u00eeka","title":"N\u00fb\u00e7ey\u00ean C\u00eehan\u00ea 2","topic":"N\u00fb\u00e7ey\u00ean C\u00eehan\u00ea 2","translation_language":"","url":"https://voa-audio-ns.akamaized.net/vku/2026/08/28/20260828-050000-vku053-program_hq.mp3","video_url":null},{"article_body_paragraphs":[],"audio_source_url":null,"author":null,"available_dubs":[],"downloadable_assets":["https://voa-video-ns.akamaized.net/pangeavideo/2026/08/3/3a/3af92f44-177f-47be-a2bd-08def2b10d93_1080p.mp4?cb=ee222c914"],"duration_display":"59:59","duration_seconds":3599.33,"embed_url":null,"id":9858,"image_caption":null,"image_url":"https://gdb.voanews.com/3af92f44-177f-47be-a2bd-08def2b10d93_tv_mw2048_mh2048_n.jpg","is_clip":false,"item_type":"video","item_type_label":"Video","language_label":"Kurdish","media_credit":"VOA","micro_label":"Video report","micro_label_kind":"video","network_label":"VOA","network_logo_url":"/static/uploads/direct_network_logos/voa_1ef13eedbd2f.svg","published_at":"2026-08-27T23:51:01.603000","published_at_display":"27 Aug 2026, 23:51 GMT","sequence_badge_label":null,"sequence_count":null,"sequence_count_label":null,"sequence_frames":[],"sequence_kind":null,"source_name":"dengeamerika_com_direct","source_name_label":"Dengeamerika","source_type":"direct_api","summary":"N\u00fb\u00e7e \u00fb agah\u00eey\u00ean n\u00fb y\u00ean derbar\u00ea Amer\u00eeka, her\u00eam\u00ean kurdan \u00fb c\u00eehan\u00ea di Bernameya Televizyon\u00ee ya 27\u2019\u00ea Tebaxa 2026\u2019an de.","title":"Bernameya Televizyon\u00ee ya 27'\u00ea Tebaxa 2026\u2019an","topic":"Bernameya Televizyon\u00ee ya Rojane","translation_language":"","url":"https://voa-video-ns.akamaized.net/pangeavideo/2026/08/3/3a/3af92f44-177f-47be-a2bd-08def2b10d93_1080p.mp4?cb=ee222c914","video_url":"https://voa-video-ns.akamaized.net/pangeavideo/2026/08/3/3a/3af92f44-177f-47be-a2bd-08def2b10d93_1080p.mp4?cb=ee222c914"}],"next_num":5,"page":4,"pages":26,"per_page":20,"prev_num":3,"total":513}
