{"applied_filters":{"end_date":"","lang":"","language":"","network":"","page":4,"per_page":20,"search":"","source":"dengeamerika_com_direct","start_date":"","topic":"V\u00eedyo Galer\u00ee","type":""},"available_filters":{"language_choices":[{"label":"Choose Language","value":""},{"label":"English","value":"English"},{"label":"Espa\u00f1ol","value":"Espa\u00f1ol"},{"label":"Kurdish","value":"Kurdish"}],"network_choices":[{"label":"All networks","value":""},{"label":"VOA","value":"VOA"}],"source_choices":[{"label":"All sources","value":""},{"label":"Dengeamerika","value":"dengeamerika_com_direct"}],"sources":["dengeamerika_com_direct"],"topics":["250em\u00een Salvegera Serxweb\u00fbna Amer\u00eekay\u00ea","Amer\u00eeka","Bernameya Televizyon\u00ee ya Rojane","Bernamey\u00ean radyoy\u00ea y\u00ean rojane","C\u00eehan","N\u00fb\u00e7ey\u00ean C\u00eehan\u00ea 1","N\u00fb\u00e7ey\u00ean C\u00eehan\u00ea 2","Radyo","V\u00eedyo Galer\u00ee"],"types":[["","All types"],["video","Videos"],["clips","Clips"],["media","Media"]]},"has_next":true,"has_prev":true,"items":[{"article_body_paragraphs":[],"audio_source_url":null,"author":null,"available_dubs":[],"downloadable_assets":["https://voa-video-ns.akamaized.net/pangeavideo/2026/08/1/1c/1c3a3c62-c504-4e70-a2ba-08def2b10d93_1080p.mp4?cb=ee2228642"],"duration_display":"3:39","duration_seconds":219.22,"embed_url":null,"id":9775,"image_caption":null,"image_url":"https://gdb.voanews.com/1c3a3c62-c504-4e70-a2ba-08def2b10d93_tv_mw2048_mh2048_n.jpg","is_clip":true,"item_type":"video","item_type_label":"Video","language_label":"Kurdish","media_credit":"VOA","micro_label":"Video report","micro_label_kind":"video","network_label":"VOA","network_logo_url":"/static/uploads/direct_network_logos/voa_1ef13eedbd2f.svg","published_at":"2026-08-27T19:25:54.280000","published_at_display":"27 Aug 2026, 19:25 GMT","sequence_badge_label":null,"sequence_count":null,"sequence_count_label":null,"sequence_frames":[],"sequence_kind":null,"source_name":"dengeamerika_com_direct","source_name_label":"Dengeamerika","source_type":"direct_api","summary":"Ko\u015fka Sp\u00ee, roja P\u00eanc\u015fem\u00ea di daxuyan\u00eeyek\u00ea de ragihand ku niha di navbera Amer\u00eekay\u00ea \u00fb \u00ceran\u00ea de tu dan\u00fbstandin\u00ean \u00e7alak \u00fb n\u00fb tune ne. H\u00eewa Selam li ber avah\u00eey\u00ea Ko\u015fka Sp\u00ee qala daxuyaniy\u00ean n\u00fb y\u00ean r\u00eaveber\u00eeya Amer\u00eeka dike.","title":"Peyam\u00ean N\u00fb y\u00ean Ko\u015fka Sp\u00ee Radigih\u00eenin ku \u00ceran ji Her Al\u00ee de Lawaz Dibe","topic":"V\u00eedyo Galer\u00ee","translation_language":"","url":"https://voa-video-ns.akamaized.net/pangeavideo/2026/08/1/1c/1c3a3c62-c504-4e70-a2ba-08def2b10d93_1080p.mp4?cb=ee2228642","video_url":"https://voa-video-ns.akamaized.net/pangeavideo/2026/08/1/1c/1c3a3c62-c504-4e70-a2ba-08def2b10d93_1080p.mp4?cb=ee2228642"},{"article_body_paragraphs":[],"audio_source_url":null,"author":null,"available_dubs":[],"downloadable_assets":["https://voa-video-ns.akamaized.net/pangeavideo/2026/08/f/fd/fd2aa562-114d-4dd0-f2e6-08def2b12219_1080p.mp4?cb=ee2228547"],"duration_display":"3:00","duration_seconds":180.27,"embed_url":null,"id":9776,"image_caption":null,"image_url":"https://gdb.voanews.com/fd2aa562-114d-4dd0-f2e6-08def2b12219_tv_mw2048_mh2048_n.jpg","is_clip":true,"item_type":"video","item_type_label":"Video","language_label":"Kurdish","media_credit":"VOA","micro_label":"Video report","micro_label_kind":"video","network_label":"VOA","network_logo_url":"/static/uploads/direct_network_logos/voa_1ef13eedbd2f.svg","published_at":"2026-08-27T19:21:43.737000","published_at_display":"27 Aug 2026, 19:21 GMT","sequence_badge_label":null,"sequence_count":null,"sequence_count_label":null,"sequence_frames":[],"sequence_kind":null,"source_name":"dengeamerika_com_direct","source_name_label":"Dengeamerika","source_type":"direct_api","summary":"Karbidest\u00ean H\u00eaz\u00ean Deryay\u00ee y\u00ean Amer\u00eekay\u00ea ragihand ku ke\u015ft\u00eeya firokhilgir USS Theodore Roosevelt, bi t\u00eemeke ji n\u00eaz\u00eek\u00ee 5 hezar kesan, d\u00ea di heftey\u00ean p\u00ea\u015f de bi erk ber bi Rojhilata Nav\u00een ve bi\u00e7e. Soran Xatir\u00ee li ser dorp\u00ea\u00e7 \u00fb sizay\u00ean abor\u00ee y\u00ean Amer\u00eekay\u00ea y\u00ean n\u00fb li dij\u00ee \u00ceran\u00ea p\u00eazan\u00een\u00ean z\u00eadetir radigih\u00eene.","title":"CENTCOM Dorp\u00ea\u00e7a Abor\u00ee li Ser \u00ceran\u00ea Berfirehtir Dike","topic":"V\u00eedyo Galer\u00ee","translation_language":"","url":"https://voa-video-ns.akamaized.net/pangeavideo/2026/08/f/fd/fd2aa562-114d-4dd0-f2e6-08def2b12219_1080p.mp4?cb=ee2228547","video_url":"https://voa-video-ns.akamaized.net/pangeavideo/2026/08/f/fd/fd2aa562-114d-4dd0-f2e6-08def2b12219_1080p.mp4?cb=ee2228547"},{"article_body_paragraphs":[],"audio_source_url":null,"author":"\u00cevan Hes\u00eeb","available_dubs":[],"downloadable_assets":["https://voa-video-ns.akamaized.net/pangeavideo/2026/08/b/b9/b9948f75-06af-40c0-f2e7-08def2b12219_1080p.mp4?cb=ee22282e5"],"duration_display":"4:37","duration_seconds":277.08,"embed_url":null,"id":9777,"image_caption":null,"image_url":"https://gdb.voanews.com/b9948f75-06af-40c0-f2e7-08def2b12219_tv_mw2048_mh2048_n.jpg","is_clip":true,"item_type":"video","item_type_label":"Video","language_label":"Kurdish","media_credit":"VOA","micro_label":"Video report","micro_label_kind":"video","network_label":"VOA","network_logo_url":"/static/uploads/direct_network_logos/voa_1ef13eedbd2f.svg","published_at":"2026-08-27T19:11:33.870000","published_at_display":"27 Aug 2026, 19:11 GMT","sequence_badge_label":null,"sequence_count":null,"sequence_count_label":null,"sequence_frames":[],"sequence_kind":null,"source_name":"dengeamerika_com_direct","source_name_label":"Dengeamerika","source_type":"direct_api","summary":"Pi\u015ft\u00ee Fermandar\u00eeya HSD\u00ea biryara hilwe\u015fandina xwe da, niha \u00e7av li ser \u00e7aren\u00fbsa Yek\u00eeney\u00ean Parastina Jin\u00ea YPJ'\u00ea ne. \u00cevan Hes\u00eeb ji Qam\u00eelo zanyar\u00eeyan derbar\u00ea w\u00ea pirs\u00ea radigih\u00eene.","title":"\u00c7aren\u00fbsa YPJ'\u00ea Pi\u015ft\u00ee Hilwe\u015fandina HSD'\u00ea","topic":"V\u00eedyo Galer\u00ee","translation_language":"","url":"https://voa-video-ns.akamaized.net/pangeavideo/2026/08/b/b9/b9948f75-06af-40c0-f2e7-08def2b12219_1080p.mp4?cb=ee22282e5","video_url":"https://voa-video-ns.akamaized.net/pangeavideo/2026/08/b/b9/b9948f75-06af-40c0-f2e7-08def2b12219_1080p.mp4?cb=ee22282e5"},{"article_body_paragraphs":[],"audio_source_url":null,"author":null,"available_dubs":[],"downloadable_assets":["https://voa-video-ns.akamaized.net/pangeavideo/2026/08/9/96/9639dfd2-3d1e-460e-f2e8-08def2b12219_1080p.mp4?cb=ee222816e"],"duration_display":"4:54","duration_seconds":294.1,"embed_url":null,"id":9779,"image_caption":null,"image_url":"https://gdb.voanews.com/9639dfd2-3d1e-460e-f2e8-08def2b12219_tv_mw2048_mh2048_n.jpg","is_clip":true,"item_type":"video","item_type_label":"Video","language_label":"Kurdish","media_credit":"VOA","micro_label":"Video report","micro_label_kind":"video","network_label":"VOA","network_logo_url":"/static/uploads/direct_network_logos/voa_1ef13eedbd2f.svg","published_at":"2026-08-27T19:05:18.190000","published_at_display":"27 Aug 2026, 19:05 GMT","sequence_badge_label":null,"sequence_count":null,"sequence_count_label":null,"sequence_frames":[],"sequence_kind":null,"source_name":"dengeamerika_com_direct","source_name_label":"Dengeamerika","source_type":"direct_api","summary":"Berpirs\u00ean Tirk\u00eey\u00ea pi\u015ft\u00ee ku H\u00eaz\u00ean S\u00fbr\u00eeya Demokrat\u00eek HSD\u00ea li S\u00fbriy\u00ea biryara xwe hilwe\u015fandin\u00ea da daxuyan\u00eey\u00ean cuda ragihandin. Tirk\u00eeye p\u00eangava hilwe\u015fandina HSD\u00ea ba\u015f dib\u00eene. Ozlem Yasak P\u00eazan\u00een\u00ean z\u00eadetir dide.","title":"Helwesta Ferm\u00ee ya Tirk\u00eey\u00ea Derbar\u00ea Hilwe\u015fandina HSD'\u00ea","topic":"V\u00eedyo Galer\u00ee","translation_language":"","url":"https://voa-video-ns.akamaized.net/pangeavideo/2026/08/9/96/9639dfd2-3d1e-460e-f2e8-08def2b12219_1080p.mp4?cb=ee222816e","video_url":"https://voa-video-ns.akamaized.net/pangeavideo/2026/08/9/96/9639dfd2-3d1e-460e-f2e8-08def2b12219_1080p.mp4?cb=ee222816e"},{"article_body_paragraphs":[],"audio_source_url":null,"author":"Emced Kurdo","available_dubs":[],"downloadable_assets":["https://voa-video-ns.akamaized.net/pangeavideo/2026/08/3/35/35369513-459f-48f4-a2b7-08def2b10d93_1080p.mp4?cb=ee2226ae3"],"duration_display":"2:57","duration_seconds":177.36,"embed_url":null,"id":9354,"image_caption":null,"image_url":"https://gdb.voanews.com/35369513-459f-48f4-a2b7-08def2b10d93_tv_mw2048_mh2048_n.jpg","is_clip":true,"item_type":"video","item_type_label":"Video","language_label":"Kurdish","media_credit":"VOA","micro_label":"Video report","micro_label_kind":"video","network_label":"VOA","network_logo_url":"/static/uploads/direct_network_logos/voa_1ef13eedbd2f.svg","published_at":"2026-08-27T17:28:56.743000","published_at_display":"27 Aug 2026, 17:28 GMT","sequence_badge_label":null,"sequence_count":null,"sequence_count_label":null,"sequence_frames":[],"sequence_kind":null,"source_name":"dengeamerika_com_direct","source_name_label":"Dengeamerika","source_type":"direct_api","summary":"Li bajar\u00ea Am\u00fbd\u00ea, D\u00eara Mar Elyas h\u00een j\u00ee di nav kolanan de hazire, daku d\u00eeroka Kristiyanan li v\u00ee bajar\u00ee zind\u00ee bih\u00eale. Ev d\u00eara ku di sala 1927'an de hatib\u00fb avakirin, ne ten\u00ea cih\u00ea perwerdey\u00ea \u00fb olpar\u00eaz\u00eeya Kristyanan ne, l\u00ea ew dibe \u015fahida p\u00eakvejiyana civak\u00ean li her\u00eam\u00ea.","title":"D\u00eara Mar Elyas li Am\u00fbd\u00ea D\u00eeroka Kristiy\u00ean Her\u00eam\u00ea Zind\u00ee Dih\u00eale","topic":"V\u00eedyo Galer\u00ee","translation_language":"","url":"https://voa-video-ns.akamaized.net/pangeavideo/2026/08/3/35/35369513-459f-48f4-a2b7-08def2b10d93_1080p.mp4?cb=ee2226ae3","video_url":"https://voa-video-ns.akamaized.net/pangeavideo/2026/08/3/35/35369513-459f-48f4-a2b7-08def2b10d93_1080p.mp4?cb=ee2226ae3"},{"article_body_paragraphs":[],"audio_source_url":null,"author":"\u00cevan Hes\u00eeb","available_dubs":[],"downloadable_assets":["https://voa-video-ns.akamaized.net/pangeavideo/2026/08/a/a1/a1ef613d-ee3b-4c8a-f2d9-08def2b12219_1080p.mp4?cb=ee22267ee"],"duration_display":"3:12","duration_seconds":192.17,"embed_url":null,"id":9710,"image_caption":null,"image_url":"https://gdb.voanews.com/a1ef613d-ee3b-4c8a-f2d9-08def2b12219_tv_mw2048_mh2048_n.jpg","is_clip":true,"item_type":"video","item_type_label":"Video","language_label":"Kurdish","media_credit":"VOA","micro_label":"Video report","micro_label_kind":"video","network_label":"VOA","network_logo_url":"/static/uploads/direct_network_logos/voa_1ef13eedbd2f.svg","published_at":"2026-08-27T17:16:30.720000","published_at_display":"27 Aug 2026, 17:16 GMT","sequence_badge_label":null,"sequence_count":null,"sequence_count_label":null,"sequence_frames":[],"sequence_kind":null,"source_name":"dengeamerika_com_direct","source_name_label":"Dengeamerika","source_type":"direct_api","summary":"H\u00eal\u00een Hem\u00ea, ke\u00e7eke Kurd a 22 sal\u00ee ji bajar\u00ea Am\u00fbd\u00ea ye, w\u00ea dest bi projeyek perwerdehiy\u00ea ya ji bo ajokar\u00ean jin kiriye. W\u00ea heta niha bi dehan jin f\u00ear\u00ee p\u00ee\u015feya ajotina otomb\u00eelan kir\u00eeye.","title":"Ke\u00e7eke Kurd li Am\u00fbd\u00ea Dibe Yekem Mamosteya Perwerdeya Ajokar\u00eey\u00ea","topic":"V\u00eedyo Galer\u00ee","translation_language":"","url":"https://voa-video-ns.akamaized.net/pangeavideo/2026/08/a/a1/a1ef613d-ee3b-4c8a-f2d9-08def2b12219_1080p.mp4?cb=ee22267ee","video_url":"https://voa-video-ns.akamaized.net/pangeavideo/2026/08/a/a1/a1ef613d-ee3b-4c8a-f2d9-08def2b12219_1080p.mp4?cb=ee22267ee"},{"article_body_paragraphs":[],"audio_source_url":null,"author":"Xetab Omer","available_dubs":[],"downloadable_assets":["https://voa-video-ns.akamaized.net/pangeavideo/2026/08/f/f9/f96b389b-b003-423d-7f5a-08def2ed48ad_1080p.mp4?cb=ee2226222"],"duration_display":"3:24","duration_seconds":204.88,"embed_url":null,"id":9682,"image_caption":null,"image_url":"https://gdb.voanews.com/f96b389b-b003-423d-7f5a-08def2ed48ad_tv_mw2048_mh2048_n.jpg","is_clip":true,"item_type":"video","item_type_label":"Video","language_label":"Kurdish","media_credit":"VOA","micro_label":"Video report","micro_label_kind":"video","network_label":"VOA","network_logo_url":"/static/uploads/direct_network_logos/voa_1ef13eedbd2f.svg","published_at":"2026-08-27T16:11:39.753000","published_at_display":"27 Aug 2026, 16:11 GMT","sequence_badge_label":null,"sequence_count":null,"sequence_count_label":null,"sequence_frames":[],"sequence_kind":null,"source_name":"dengeamerika_com_direct","source_name_label":"Dengeamerika","source_type":"direct_api","summary":"Xwendingeha d\u00eerok\u00ee ya Q\u00fbbehan li S\u00eelava Am\u00ead\u00eey\u00ea sembola ro\u015fenb\u00eer\u00ee, zanist \u00fb baj\u00earvan\u00eey\u00ea b\u00fbye li her\u00eama Bad\u00eenan \u00fb bi taybet di serdem\u00ea M\u00eergeha Bad\u00eenan de. L\u00ea mixabin xwandingeh niha xirabe \u00fb kavil maye.","title":"Xwendingeha D\u00eerok\u00ee ya Q\u00fbbehan li Am\u00ead\u00eey\u00ea Nasnameya Rew\u015fenb\u00eer\u00eeya Her\u00eam\u00ea","topic":"V\u00eedyo Galer\u00ee","translation_language":"","url":"https://voa-video-ns.akamaized.net/pangeavideo/2026/08/f/f9/f96b389b-b003-423d-7f5a-08def2ed48ad_1080p.mp4?cb=ee2226222","video_url":"https://voa-video-ns.akamaized.net/pangeavideo/2026/08/f/f9/f96b389b-b003-423d-7f5a-08def2ed48ad_1080p.mp4?cb=ee2226222"},{"article_body_paragraphs":[],"audio_source_url":null,"author":"S\u00eenor Ker\u00eem","available_dubs":[],"downloadable_assets":["https://voa-video-ns.akamaized.net/pangeavideo/2026/08/4/4a/4a7c8802-7559-49d0-a2b1-08def2b10d93_1080p.mp4?cb=ee22254ac"],"duration_display":"3:09","duration_seconds":189.73,"embed_url":null,"id":9666,"image_caption":null,"image_url":"https://gdb.voanews.com/4a7c8802-7559-49d0-a2b1-08def2b10d93_tv_mw2048_mh2048_n.jpg","is_clip":true,"item_type":"video","item_type_label":"Video","language_label":"Kurdish","media_credit":"VOA","micro_label":"Video report","micro_label_kind":"video","network_label":"VOA","network_logo_url":"/static/uploads/direct_network_logos/voa_1ef13eedbd2f.svg","published_at":"2026-08-27T15:54:20.910000","published_at_display":"27 Aug 2026, 15:54 GMT","sequence_badge_label":null,"sequence_count":null,"sequence_count_label":null,"sequence_frames":[],"sequence_kind":null,"source_name":"dengeamerika_com_direct","source_name_label":"Dengeamerika","source_type":"direct_api","summary":"Pi\u015ft\u00ee biryara hilwe\u015fandina H\u00eaz\u00ean S\u00fbr\u00eeya Demokrat\u00eek (HSD)\u00ea, ev mijar di nava Kurdan de li Her\u00eama Kurdistan\u00ea b\u00fbye ciy\u00ea dan\u00fbstin\u00ean cuda, hin kes li gor rew\u015fa siyas\u00ee ba\u015f dib\u00eenin \u00fb hin j\u00ee dib\u00eaj\u00ean ne li ast\u00ea qurban\u00ee \u00fb xebata Kurdan e.","title":"Hilwe\u015fandina HSD'\u00ea, li Her\u00eama Kurdistan\u00ea B\u00fbye Mijara Got\u00fbb\u00eajan","topic":"V\u00eedyo Galer\u00ee","translation_language":"","url":"https://voa-video-ns.akamaized.net/pangeavideo/2026/08/4/4a/4a7c8802-7559-49d0-a2b1-08def2b10d93_1080p.mp4?cb=ee22254ac","video_url":"https://voa-video-ns.akamaized.net/pangeavideo/2026/08/4/4a/4a7c8802-7559-49d0-a2b1-08def2b10d93_1080p.mp4?cb=ee22254ac"},{"article_body_paragraphs":[],"audio_source_url":null,"author":"D\u00eeyar Cemal","available_dubs":[],"downloadable_assets":["https://voa-video-ns.akamaized.net/pangeavideo/2026/08/2/21/2144b8cd-5250-4625-a2aa-08def2b10d93_1080p.mp4?cb=ee22220f6"],"duration_display":"3:08","duration_seconds":188.0,"embed_url":null,"id":9559,"image_caption":null,"image_url":"https://gdb.voanews.com/2144b8cd-5250-4625-a2aa-08def2b10d93_tv_mw2048_mh2048_n.jpg","is_clip":true,"item_type":"video","item_type_label":"Video","language_label":"Kurdish","media_credit":"VOA","micro_label":"Video report","micro_label_kind":"video","network_label":"VOA","network_logo_url":"/static/uploads/direct_network_logos/voa_1ef13eedbd2f.svg","published_at":"2026-08-27T12:13:42.177000","published_at_display":"27 Aug 2026, 12:13 GMT","sequence_badge_label":null,"sequence_count":null,"sequence_count_label":null,"sequence_frames":[],"sequence_kind":null,"source_name":"dengeamerika_com_direct","source_name_label":"Dengeamerika","source_type":"direct_api","summary":"Pi\u015ft\u00ee ku di meh\u00ean daw\u00ee de Mihemed Sam'an ji p\u00eakhateya Tirkmenan posta par\u00eazgar\u00ea Kerkuk\u00ea wergirt, ji w\u00ea dem\u00ea ve tevger \u00fb helwest\u00ean par\u00eazgar \u00ean derbar\u00ea baj\u00ear de b\u00fbne mijara rexne \u00fb got\u00fbb\u00eajan di nava r\u00fbni\u015ftvan\u00ean Kerkuk\u00ea de. Raporta Diyar Cemal z\u00eadetir ron\u00ee dide ser mijar\u00ea.","title":"Destp\u00eakirina Neraz\u00eeb\u00fbn\u00ean li Dij\u00ee Tevger\u00ean Par\u00eazgar\u00ea Kerkuk\u00ea","topic":"V\u00eedyo Galer\u00ee","translation_language":"","url":"https://voa-video-ns.akamaized.net/pangeavideo/2026/08/2/21/2144b8cd-5250-4625-a2aa-08def2b10d93_1080p.mp4?cb=ee22220f6","video_url":"https://voa-video-ns.akamaized.net/pangeavideo/2026/08/2/21/2144b8cd-5250-4625-a2aa-08def2b10d93_1080p.mp4?cb=ee22220f6"},{"article_body_paragraphs":[],"audio_source_url":null,"author":null,"available_dubs":[],"downloadable_assets":["https://voa-video-ns.akamaized.net/pangeavideo/2026/08/9/98/98b6cf81-1b76-401e-a2a9-08def2b10d93_1080p.mp4?cb=ee221890b"],"duration_display":"6:30","duration_seconds":390.48,"embed_url":null,"id":9443,"image_caption":null,"image_url":"https://gdb.voanews.com/98b6cf81-1b76-401e-a2a9-08def2b10d93_tv_mw2048_mh2048_n.jpg","is_clip":false,"item_type":"video","item_type_label":"Video","language_label":"Kurdish","media_credit":"VOA","micro_label":"Video report","micro_label_kind":"video","network_label":"VOA","network_logo_url":"/static/uploads/direct_network_logos/voa_1ef13eedbd2f.svg","published_at":"2026-08-27T01:25:31.163000","published_at_display":"27 Aug 2026, 01:25 GMT","sequence_badge_label":null,"sequence_count":null,"sequence_count_label":null,"sequence_frames":[],"sequence_kind":null,"source_name":"dengeamerika_com_direct","source_name_label":"Dengeamerika","source_type":"direct_api","summary":"Pi\u015ft\u00ee ku qan\u00fbna \u00c7ar\u00e7ovey\u00ee li Tirk\u00eey\u00ea bi \u015f\u00eaweke gi\u015ft\u00ee hat pejirandin, gelek genge\u015fe li ser t\u00ean kirin, niha ank\u00eat \u00fb rapirs\u00ee derbar\u00ea prosey\u00ea t\u00ean encamdan. Ozlem Yasak qala wan ank\u00eat \u00fb rapirs\u00eeyan dike.","title":"Li Tirk\u00eey\u00ea Ank\u00eat \u00fb Rapirs\u00ee Derbar\u00ea Qan\u00fbna \u00c7ar\u00e7ovey\u00ee \u00c7i Dib\u00eajin?","topic":"V\u00eedyo Galer\u00ee","translation_language":"","url":"https://voa-video-ns.akamaized.net/pangeavideo/2026/08/9/98/98b6cf81-1b76-401e-a2a9-08def2b10d93_1080p.mp4?cb=ee221890b","video_url":"https://voa-video-ns.akamaized.net/pangeavideo/2026/08/9/98/98b6cf81-1b76-401e-a2a9-08def2b10d93_1080p.mp4?cb=ee221890b"},{"article_body_paragraphs":[],"audio_source_url":null,"author":"Eyy\u00fbp Dem\u00eer","available_dubs":[],"downloadable_assets":["https://voa-video-ns.akamaized.net/pangeavideo/2026/08/3/38/387ee73e-3d4d-4fbe-ca82-08decaecd3b3_1080p.mp4?cb=ee221856b"],"duration_display":"3:31","duration_seconds":211.4,"embed_url":null,"id":9444,"image_caption":null,"image_url":"https://gdb.voanews.com/387ee73e-3d4d-4fbe-ca82-08decaecd3b3_tv_mw2048_mh2048_n.jpg","is_clip":true,"item_type":"video","item_type_label":"Video","language_label":"Kurdish","media_credit":"VOA","micro_label":"Video report","micro_label_kind":"video","network_label":"VOA","network_logo_url":"/static/uploads/direct_network_logos/voa_1ef13eedbd2f.svg","published_at":"2026-08-27T01:07:12.970000","published_at_display":"27 Aug 2026, 01:07 GMT","sequence_badge_label":null,"sequence_count":null,"sequence_count_label":null,"sequence_frames":[],"sequence_kind":null,"source_name":"dengeamerika_com_direct","source_name_label":"Dengeamerika","source_type":"direct_api","summary":"Li Tirk\u00eey\u00ea Qan\u00fbna \u00c7ar\u00e7ovey\u00ee di qonax\u00ean cuda de derbas dibe, Eyy\u00fbp Dem\u00eer ji Stenbol\u00ea qala hin qonax \u00fb daxuyaniy\u00ean n\u00fb y\u00ean derbar\u00ea qan\u00fbn\u00ea de dike.","title":"Genge\u015fe li Ser Qan\u00fbna \u00c7ar\u00e7ovey\u00ee li Tirk\u00eey\u00ea Diddomin","topic":"V\u00eedyo Galer\u00ee","translation_language":"","url":"https://voa-video-ns.akamaized.net/pangeavideo/2026/08/3/38/387ee73e-3d4d-4fbe-ca82-08decaecd3b3_1080p.mp4?cb=ee221856b","video_url":"https://voa-video-ns.akamaized.net/pangeavideo/2026/08/3/38/387ee73e-3d4d-4fbe-ca82-08decaecd3b3_1080p.mp4?cb=ee221856b"},{"article_body_paragraphs":[],"audio_source_url":null,"author":null,"available_dubs":[],"downloadable_assets":["https://voa-video-ns.akamaized.net/pangeavideo/2026/08/6/6e/6eaf418b-fdf6-49f9-f2d3-08def2b12219_1080p.mp4?cb=ee2217eef"],"duration_display":"2:39","duration_seconds":159.74,"embed_url":null,"id":9428,"image_caption":null,"image_url":"https://gdb.voanews.com/6eaf418b-fdf6-49f9-f2d3-08def2b12219_tv_mw2048_mh2048_n.jpg","is_clip":true,"item_type":"video","item_type_label":"Video","language_label":"Kurdish","media_credit":"VOA","micro_label":"Video report","micro_label_kind":"video","network_label":"VOA","network_logo_url":"/static/uploads/direct_network_logos/voa_1ef13eedbd2f.svg","published_at":"2026-08-27T00:41:16.390000","published_at_display":"27 Aug 2026, 00:41 GMT","sequence_badge_label":null,"sequence_count":null,"sequence_count_label":null,"sequence_frames":[],"sequence_kind":null,"source_name":"dengeamerika_com_direct","source_name_label":"Dengeamerika","source_type":"direct_api","summary":"Reuters raportek we\u015fand \u00fb dib\u00eaje ku Kurd\u00ean S\u00fbriy\u00ea ji tevl\u00eeb\u00fbna HSD'\u00ea ya Hik\u00fbmeta S\u00fbriy\u00ea k\u00eafxwe\u015fin. \u0695aport\u00ean ji her\u00eam\u00ea j\u00ee dib\u00eajin li ser w\u00ea b\u00fbyer\u00ea n\u00ear\u00een\u00ean cuda hene. Di raport\u00ea de zanyar\u00eey\u00ean z\u00eadetir hene.","title":"HSD bi Ferm\u00ee Dibe Be\u015fek ji Le\u015fker\u00ea S\u00fbr\u00eey\u00ea","topic":"V\u00eedyo Galer\u00ee","translation_language":"","url":"https://voa-video-ns.akamaized.net/pangeavideo/2026/08/6/6e/6eaf418b-fdf6-49f9-f2d3-08def2b12219_1080p.mp4?cb=ee2217eef","video_url":"https://voa-video-ns.akamaized.net/pangeavideo/2026/08/6/6e/6eaf418b-fdf6-49f9-f2d3-08def2b12219_1080p.mp4?cb=ee2217eef"},{"article_body_paragraphs":[],"audio_source_url":null,"author":"Befraw N\u00fbr\u00ee","available_dubs":[],"downloadable_assets":["https://voa-video-ns.akamaized.net/pangeavideo/2026/08/a/ad/ad84a368-d86a-405a-ca79-08decaecd3b3_1080p.mp4?cb=ee2213ce4"],"duration_display":"8:43","duration_seconds":523.49,"embed_url":null,"id":9397,"image_caption":null,"image_url":"https://gdb.voanews.com/ad84a368-d86a-405a-ca79-08decaecd3b3_tv_mw2048_mh2048_n.jpg","is_clip":false,"item_type":"video","item_type_label":"Video","language_label":"Kurdish","media_credit":"VOA","micro_label":"Video report","micro_label_kind":"video","network_label":"VOA","network_logo_url":"/static/uploads/direct_network_logos/voa_1ef13eedbd2f.svg","published_at":"2026-08-26T20:00:36.097000","published_at_display":"26 Aug 2026, 20:00 GMT","sequence_badge_label":null,"sequence_count":null,"sequence_count_label":null,"sequence_frames":[],"sequence_kind":null,"source_name":"dengeamerika_com_direct","source_name_label":"Dengeamerika","source_type":"direct_api","summary":"Biryara hilwe\u015fandina H\u00eaz\u00ean S\u00fbr\u00eeya Demokrat\u00eek (HSD)\u00ea ne ten\u00ea li rojava, l\u00ea di heman dem\u00ea de li be\u015f\u00ean din \u00ean Kurdistan\u00ea j\u00ee bi n\u00eegeran\u00ee t\u00ea d\u00eetin. Dr. Ebas Wel\u00ee, L\u00eakoler\u00ea Pirs\u00ean Siyas\u00ee \u00fb Civak\u00ee li Stenbol\u00ea, li ser v\u00ea mijar\u00ea diaxive.","title":"Ji Qurbaniyan Ber Bi N\u00eegeraniyan Ve: \u00c7aren\u00fbsa Destkeftiy\u00ean Kurd\u00ea Rojava","topic":"V\u00eedyo Galer\u00ee","translation_language":"","url":"https://voa-video-ns.akamaized.net/pangeavideo/2026/08/a/ad/ad84a368-d86a-405a-ca79-08decaecd3b3_1080p.mp4?cb=ee2213ce4","video_url":"https://voa-video-ns.akamaized.net/pangeavideo/2026/08/a/ad/ad84a368-d86a-405a-ca79-08decaecd3b3_1080p.mp4?cb=ee2213ce4"},{"article_body_paragraphs":[],"audio_source_url":null,"author":null,"available_dubs":[],"downloadable_assets":["https://voa-video-ns.akamaized.net/pangeavideo/2026/08/5/55/557380bc-738c-4b94-ca75-08decaecd3b3_1080p.mp4?cb=ee22134eb"],"duration_display":"8:44","duration_seconds":524.05,"embed_url":null,"id":9371,"image_caption":null,"image_url":"https://gdb.voanews.com/557380bc-738c-4b94-ca75-08decaecd3b3_tv_mw2048_mh2048_n.jpg","is_clip":false,"item_type":"video","item_type_label":"Video","language_label":"Kurdish","media_credit":"VOA","micro_label":"Video report","micro_label_kind":"video","network_label":"VOA","network_logo_url":"/static/uploads/direct_network_logos/voa_1ef13eedbd2f.svg","published_at":"2026-08-26T19:26:35.183000","published_at_display":"26 Aug 2026, 19:26 GMT","sequence_badge_label":null,"sequence_count":null,"sequence_count_label":null,"sequence_frames":[],"sequence_kind":null,"source_name":"dengeamerika_com_direct","source_name_label":"Dengeamerika","source_type":"direct_api","summary":"Biryara daw\u00eena\u00eena erka H\u00eaz\u00ean S\u00fbr\u00eeya Demokrat\u00eek HSD'\u00ea b\u00fbye mijara roj\u00ea di nava Kurdan de. Dr. Serbest Neb\u00ee Mamostey\u00ea Zan\u00eengeha Koy\u00ea n\u00ear\u00een\u00ean xwe derbar\u00ea mijar\u00ea parve dike.","title":"Daw\u00eean\u00eena Erka H\u00eaz\u00ean S\u00fbr\u00eeya Demokrat\u00eek","topic":"V\u00eedyo Galer\u00ee","translation_language":"","url":"https://voa-video-ns.akamaized.net/pangeavideo/2026/08/5/55/557380bc-738c-4b94-ca75-08decaecd3b3_1080p.mp4?cb=ee22134eb","video_url":"https://voa-video-ns.akamaized.net/pangeavideo/2026/08/5/55/557380bc-738c-4b94-ca75-08decaecd3b3_1080p.mp4?cb=ee22134eb"},{"article_body_paragraphs":[],"audio_source_url":null,"author":null,"available_dubs":[],"downloadable_assets":["https://voa-video-ns.akamaized.net/pangeavideo/2026/08/7/7a/7a9b9868-d61c-478a-f2bd-08def2b12219_1080p.mp4?cb=ee2212a75"],"duration_display":"2:07","duration_seconds":127.24,"embed_url":null,"id":9334,"image_caption":null,"image_url":"https://gdb.voanews.com/7a9b9868-d61c-478a-f2bd-08def2b12219_tv_mw2048_mh2048_n.jpg","is_clip":true,"item_type":"video","item_type_label":"Video","language_label":"Kurdish","media_credit":"VOA","micro_label":"Video report","micro_label_kind":"video","network_label":"VOA","network_logo_url":"/static/uploads/direct_network_logos/voa_1ef13eedbd2f.svg","published_at":"2026-08-26T18:41:57.733000","published_at_display":"26 Aug 2026, 18:41 GMT","sequence_badge_label":null,"sequence_count":null,"sequence_count_label":null,"sequence_frames":[],"sequence_kind":null,"source_name":"dengeamerika_com_direct","source_name_label":"Dengeamerika","source_type":"direct_api","summary":"\u00c7ima her du Civat a N\u00fbneran \u00fb Civata Senator\u00ean Amer\u00eek\u00ee p\u00eadiv\u00ee ye ku heman p\u00ea\u015fniyaqan\u00fbna \u00eemze bikin ber\u00ee bibe qan\u00fbn. pesend bikin ber\u00ee ku ew bibe qan\u00fbn? Di v\u00ea rapor\u00ea de, Meriwan Heme li ser wan kevne\u015fop\u00eey\u00ean qan\u00fbn\u00ee y\u00ean dest\u00fbra Amer\u00eekay\u00ea radiweste.","title":"Cudahiya di Navbera Civata N\u00fbneran \u00fb Senatoya Amer\u00eekay\u00ea de \u00c7i Ye?","topic":"V\u00eedyo Galer\u00ee","translation_language":"","url":"https://voa-video-ns.akamaized.net/pangeavideo/2026/08/7/7a/7a9b9868-d61c-478a-f2bd-08def2b12219_1080p.mp4?cb=ee2212a75","video_url":"https://voa-video-ns.akamaized.net/pangeavideo/2026/08/7/7a/7a9b9868-d61c-478a-f2bd-08def2b12219_1080p.mp4?cb=ee2212a75"},{"article_body_paragraphs":[],"audio_source_url":null,"author":null,"available_dubs":[{"dubbed_video_url":"/static/video/direct_dubs/direct_dub_40_c879ae0e9d85.mp4","id":40,"label":"English","target_language":"en","target_language_label":"English","voice":"alloy"}],"downloadable_assets":["https://voa-video-ns.akamaized.net/pangeavideo/2026/08/7/7a/7aa56b35-2622-4415-7f49-08def2ed48ad_1080p.mp4?cb=ee2210eff"],"duration_display":"1:54","duration_seconds":114.9,"embed_url":null,"id":9266,"image_caption":null,"image_url":"https://gdb.voanews.com/7aa56b35-2622-4415-7f49-08def2ed48ad_tv_mw2048_mh2048_n.jpg","is_clip":true,"item_type":"video","item_type_label":"Video","language_label":"Kurdish","media_credit":"VOA","micro_label":"Video report","micro_label_kind":"video","network_label":"VOA","network_logo_url":"/static/uploads/direct_network_logos/voa_1ef13eedbd2f.svg","published_at":"2026-08-26T16:44:47.007000","published_at_display":"26 Aug 2026, 16:44 GMT","sequence_badge_label":null,"sequence_count":null,"sequence_count_label":null,"sequence_frames":[],"sequence_kind":null,"source_name":"dengeamerika_com_direct","source_name_label":"Dengeamerika","source_type":"direct_api","summary":"Biryara Amer\u00eekay\u00ea ya z\u00eadekirina fi\u015far\u00ean abor\u00ee li ser \u00ceran\u00ea \u00fb \u00eezolekirina w\u00ea, ji al\u00eey\u00ea civaka navnetew\u00ee ve bi er\u00ean\u00ee t\u00ea d\u00eetin. Are\u015f Salh di v\u00ea raport\u00ea de z\u00eadeteri zanyar\u00eeyan li ser mijar\u00ea dide.","title":"Reaksyon\u00ean Er\u00ean\u00ee Derbar\u00ea Biryara Amer\u00eekay\u00ea ya \u00cezolekirina \u00ceran\u00ea","topic":"V\u00eedyo Galer\u00ee","translation_language":"","url":"https://voa-video-ns.akamaized.net/pangeavideo/2026/08/7/7a/7aa56b35-2622-4415-7f49-08def2ed48ad_1080p.mp4?cb=ee2210eff","video_url":"https://voa-video-ns.akamaized.net/pangeavideo/2026/08/7/7a/7aa56b35-2622-4415-7f49-08def2ed48ad_1080p.mp4?cb=ee2210eff"},{"article_body_paragraphs":[],"audio_source_url":null,"author":"Ridwan B\u00eazar","available_dubs":[],"downloadable_assets":["https://voa-video-ns.akamaized.net/pangeavideo/2026/08/6/6e/6ef479d5-1616-4c8e-7f44-08def2ed48ad_1080p.mp4?cb=ee2210404"],"duration_display":"2:29","duration_seconds":149.46,"embed_url":null,"id":9252,"image_caption":null,"image_url":"https://gdb.voanews.com/6ef479d5-1616-4c8e-7f44-08def2ed48ad_tv_mw2048_mh2048_n.jpg","is_clip":true,"item_type":"video","item_type_label":"Video","language_label":"Kurdish","media_credit":"VOA","micro_label":"Video report","micro_label_kind":"video","network_label":"VOA","network_logo_url":"/static/uploads/direct_network_logos/voa_1ef13eedbd2f.svg","published_at":"2026-08-26T15:57:56.173000","published_at_display":"26 Aug 2026, 15:57 GMT","sequence_badge_label":null,"sequence_count":null,"sequence_count_label":null,"sequence_frames":[],"sequence_kind":null,"source_name":"dengeamerika_com_direct","source_name_label":"Dengeamerika","source_type":"direct_api","summary":"Hejmarek R\u00fbni\u015ftvan\u00ean bajar\u00ea Koban\u00eey\u00ea n\u00ear\u00eena xwe derbar\u00ea biryara hilwe\u015fandina HSD'\u00ea t\u00eenin ziman.","title":"Xelk\u00ea Koban\u00eey\u00ea bo Biryara Hilwe\u015fandina HSD'\u00ea \u00c7i Dib\u00eajin?","topic":"V\u00eedyo Galer\u00ee","translation_language":"","url":"https://voa-video-ns.akamaized.net/pangeavideo/2026/08/6/6e/6ef479d5-1616-4c8e-7f44-08def2ed48ad_1080p.mp4?cb=ee2210404","video_url":"https://voa-video-ns.akamaized.net/pangeavideo/2026/08/6/6e/6ef479d5-1616-4c8e-7f44-08def2ed48ad_1080p.mp4?cb=ee2210404"},{"article_body_paragraphs":[],"audio_source_url":null,"author":"Hem\u00eed Mistefa","available_dubs":[],"downloadable_assets":["https://voa-video-ns.akamaized.net/pangeavideo/2026/08/f/f2/f2f02956-9808-49a1-ca66-08decaecd3b3_1080p.mp4?cb=ee220fd0a"],"duration_display":"3:03","duration_seconds":183.16,"embed_url":null,"id":9220,"image_caption":null,"image_url":"https://gdb.voanews.com/f2f02956-9808-49a1-ca66-08decaecd3b3_tv_mw2048_mh2048_n.jpg","is_clip":true,"item_type":"video","item_type_label":"Video","language_label":"Kurdish","media_credit":"VOA","micro_label":"Video report","micro_label_kind":"video","network_label":"VOA","network_logo_url":"/static/uploads/direct_network_logos/voa_1ef13eedbd2f.svg","published_at":"2026-08-26T15:28:10.923000","published_at_display":"26 Aug 2026, 15:28 GMT","sequence_badge_label":null,"sequence_count":null,"sequence_count_label":null,"sequence_frames":[],"sequence_kind":null,"source_name":"dengeamerika_com_direct","source_name_label":"Dengeamerika","source_type":"direct_api","summary":"Kurd\u00ean li Belc\u00eekay\u00ea \u00fb li Ewrupa dij\u00een, Fest\u00eevalek \u00c7anda Kurd\u00ee lidar xistin, di fest\u00eeval\u00ea de gelek \u00e7alak\u00ee heb\u00fbn, \u00e7anda kurd\u00ee ji pir al\u00eeyan ve n\u00ee\u015fa tema\u015fevan \u00fb Ewrupiyan dida.","title":"Fest\u00eevala \u00c7anda Kurd\u00ee li Bruksel","topic":"V\u00eedyo Galer\u00ee","translation_language":"","url":"https://voa-video-ns.akamaized.net/pangeavideo/2026/08/f/f2/f2f02956-9808-49a1-ca66-08decaecd3b3_1080p.mp4?cb=ee220fd0a","video_url":"https://voa-video-ns.akamaized.net/pangeavideo/2026/08/f/f2/f2f02956-9808-49a1-ca66-08decaecd3b3_1080p.mp4?cb=ee220fd0a"},{"article_body_paragraphs":[],"audio_source_url":null,"author":"R\u00eaj\u00een Ehmed","available_dubs":[],"downloadable_assets":["https://voa-video-ns.akamaized.net/pangeavideo/2026/08/9/91/91d19736-614b-4ff1-f2bf-08def2b12219_1080p.mp4?cb=ee220f7cc"],"duration_display":"3:27","duration_seconds":207.04,"embed_url":null,"id":9222,"image_caption":null,"image_url":"https://gdb.voanews.com/91d19736-614b-4ff1-f2bf-08def2b12219_tv_mw2048_mh2048_n.jpg","is_clip":true,"item_type":"video","item_type_label":"Video","language_label":"Kurdish","media_credit":"VOA","micro_label":"Video report","micro_label_kind":"video","network_label":"VOA","network_logo_url":"/static/uploads/direct_network_logos/voa_1ef13eedbd2f.svg","published_at":"2026-08-26T15:05:48.013000","published_at_display":"26 Aug 2026, 15:05 GMT","sequence_badge_label":null,"sequence_count":null,"sequence_count_label":null,"sequence_frames":[],"sequence_kind":null,"source_name":"dengeamerika_com_direct","source_name_label":"Dengeamerika","source_type":"direct_api","summary":"Gund\u00ea M\u00earget\u00ee li par\u00eazgeha Duhok\u00ea yek ji hezaran gund\u00ean Kurdistan\u00ea b\u00fbye y\u00ean ku ket\u00eene ber operasyon\u00ean Enfalan. R\u00eaj\u00een Ehmed di raport\u00ea de \u00e7\u00eeroka qurban\u00eey\u00ean gund di Enfal\u00ean re\u015f de behs dike.","title":"\u00c7\u00eeroka Enfalkirina Gund\u00ea M\u00earget\u00eey\u00ea di Enfal\u00ean Bad\u00eenan de","topic":"V\u00eedyo Galer\u00ee","translation_language":"","url":"https://voa-video-ns.akamaized.net/pangeavideo/2026/08/9/91/91d19736-614b-4ff1-f2bf-08def2b12219_1080p.mp4?cb=ee220f7cc","video_url":"https://voa-video-ns.akamaized.net/pangeavideo/2026/08/9/91/91d19736-614b-4ff1-f2bf-08def2b12219_1080p.mp4?cb=ee220f7cc"},{"article_body_paragraphs":[],"audio_source_url":null,"author":"Emced Kurdo","available_dubs":[],"downloadable_assets":["https://voa-video-ns.akamaized.net/pangeavideo/2026/08/d/df/df0974bc-df4f-456f-f2be-08def2b12219_1080p.mp4?cb=ee220f339"],"duration_display":"3:19","duration_seconds":199.91,"embed_url":null,"id":9200,"image_caption":null,"image_url":"https://gdb.voanews.com/df0974bc-df4f-456f-f2be-08def2b12219_tv_mw2048_mh2048_n.jpg","is_clip":true,"item_type":"video","item_type_label":"Video","language_label":"Kurdish","media_credit":"VOA","micro_label":"Video report","micro_label_kind":"video","network_label":"VOA","network_logo_url":"/static/uploads/direct_network_logos/voa_1ef13eedbd2f.svg","published_at":"2026-08-26T14:45:42.580000","published_at_display":"26 Aug 2026, 14:45 GMT","sequence_badge_label":null,"sequence_count":null,"sequence_count_label":null,"sequence_frames":[],"sequence_kind":null,"source_name":"dengeamerika_com_direct","source_name_label":"Dengeamerika","source_type":"direct_api","summary":"Kurd\u00ean Rojava pi\u015ft\u00ee biryara hilwe\u015fandina HSD'\u00ea \u00fb tevl\u00eeb\u00fbna nava saziy\u00ean dewleta S\u00fbr\u00eey\u00ea n\u00ear\u00een\u00ean xwe t\u00eenin ziman.","title":"Al\u00eey\u00ean Siyas\u00ee y\u00ean Rojava Biryara Hilwe\u015fandina HSD'\u00ea Dinirx\u00eenin","topic":"V\u00eedyo Galer\u00ee","translation_language":"","url":"https://voa-video-ns.akamaized.net/pangeavideo/2026/08/d/df/df0974bc-df4f-456f-f2be-08def2b12219_1080p.mp4?cb=ee220f339","video_url":"https://voa-video-ns.akamaized.net/pangeavideo/2026/08/d/df/df0974bc-df4f-456f-f2be-08def2b12219_1080p.mp4?cb=ee220f339"}],"next_num":5,"page":4,"pages":15,"per_page":20,"prev_num":3,"total":298}
