{"applied_filters":{"end_date":"","lang":"","language":"","network":"","page":5,"per_page":20,"search":"","source":"dengeamerika_com_direct","start_date":"","topic":"","type":""},"available_filters":{"language_choices":[{"label":"Choose Language","value":""},{"label":"English","value":"English"},{"label":"Espa\u00f1ol","value":"Espa\u00f1ol"},{"label":"Kurdish","value":"Kurdish"}],"network_choices":[{"label":"All networks","value":""},{"label":"VOA","value":"VOA"}],"source_choices":[{"label":"All sources","value":""},{"label":"Current Time","value":"currenttime_tv_direct"},{"label":"Current Time","value":"currenttime_tv_rss"},{"label":"Da Azadi Radio","value":"da_azadiradio_com_rss"},{"label":"Darivoa","value":"darivoa_com_rss"},{"label":"Dengeamerika","value":"dengeamerika_com_direct"},{"label":"Dengeamerika","value":"dengeamerika_com_rss"},{"label":"Dengiamerika","value":"dengiamerika_com_direct"},{"label":"Dengiamerika","value":"dengiamerika_com_rss"},{"label":"Editorials VOA","value":"editorials_voa_gov_rss"},{"label":"Golosameriki","value":"golosameriki_com_direct"},{"label":"Golosameriki","value":"golosameriki_com_rss"},{"label":"Ir VOA News","value":"ir_voanews_com_rss"},{"label":"Mashaalradio","value":"mashaalradio_com_direct"},{"label":"Moldova Europalibera","value":"moldova_europalibera_org_direct"},{"label":"Moldova Europalibera","value":"moldova_europalibera_org_rss"},{"label":"OCB \u00b7 Caf\u00e9 Digital","value":"ocb_spanish_audio_html_scrape"},{"label":"OCB \u00b7 Liberaci\u00f3n","value":"ocb_spanish_audio_html_scrape_1001"},{"label":"OCB \u00b7 Programas de Radio Nuestra Am\u00e9rica","value":"ocb_spanish_audio_html_scrape_1016"},{"label":"OCB \u00b7 Agenda hemisf\u00e9rica","value":"ocb_spanish_audio_html_scrape_1028"},{"label":"OCB \u00b7 El futuro es ya","value":"ocb_spanish_audio_html_scrape_1056"},{"label":"OCB \u00b7 Foro abierto","value":"ocb_spanish_audio_html_scrape_1061"},{"label":"OCB \u00b7 Nicaragua al d\u00eda","value":"ocb_spanish_audio_html_scrape_1077"},{"label":"OCB \u00b7 La bola nostra","value":"ocb_spanish_audio_html_scrape_1078"},{"label":"OCB \u00b7 Taller de prensa","value":"ocb_spanish_audio_html_scrape_1103"},{"label":"OCB \u00b7 Las noticias como son","value":"ocb_spanish_audio_html_scrape_142"},{"label":"OCB \u00b7 Abriendo Espacios","value":"ocb_spanish_audio_html_scrape_562"},{"label":"OCB \u00b7 Mart\u00ed Noticias A.M.","value":"ocb_spanish_audio_html_scrape_668"},{"label":"OCB Spanish Audio","value":"ocb_spanish_audio_scrape"},{"label":"OCB Spanish Video","value":"ocb_spanish_video_scrape"},{"label":"Pa Azadi Radio","value":"pa_azadiradio_com_rss"},{"label":"Pashtovoa","value":"pashtovoa_com_rss"},{"label":"Radiofaarda","value":"radiofaarda_com_direct"},{"label":"Radio Farda","value":"radiofarda_com_direct"},{"label":"Radio Farda","value":"radiofarda_com_rss"},{"label":"Radiosvoboda","value":"radiosvoboda_org_rss"},{"label":"Radiotavisupleba","value":"radiotavisupleba_ge_direct"},{"label":"Radiotavisupleba","value":"radiotavisupleba_ge_rss"},{"label":"Radiotelevisionmarti","value":"radiotelevisionmarti_com_direct"},{"label":"Radiotelevisionmarti","value":"radiotelevisionmarti_com_rss"},{"label":"RFA Burmese","value":"rfa_burmese_rss"},{"label":"RFA Burmese Video Scrape","value":"rfa_burmese_video_scrape"},{"label":"RFA Cantonese","value":"rfa_cantonese_rss"},{"label":"RFA Cantonese Video Scrape","value":"rfa_cantonese_video_scrape"},{"label":"RFA English RSS","value":"rfa_english_rss"},{"label":"RFA English Video","value":"rfa_english_video_scrape"},{"label":"RFA Khmer","value":"rfa_khmer_rss"},{"label":"RFA Khmer Video Scrape","value":"rfa_khmer_video_scrape"},{"label":"RFA Korean","value":"rfa_korean_rss"},{"label":"RFA Korean Video Scrape","value":"rfa_korean_video_scrape"},{"label":"RFA Lao","value":"rfa_lao_rss"},{"label":"RFA Lao Video Scrape","value":"rfa_lao_video_scrape"},{"label":"RFA Mandarin","value":"rfa_mandarin_rss"},{"label":"RFA Mandarin Video Scrape","value":"rfa_mandarin_video_scrape"},{"label":"RFA Tibetan","value":"rfa_tibetan_rss"},{"label":"RFA Tibetan Video Scrape","value":"rfa_tibetan_video_scrape"},{"label":"RFA Uyghur","value":"rfa_uyghur_rss"},{"label":"RFA Uyghur Video Scrape","value":"rfa_uyghur_video_scrape"},{"label":"RFA Vietnamese","value":"rfa_vietnamese_rss"},{"label":"RFA Vietnamese Video Scrape","value":"rfa_vietnamese_video_scrape"},{"label":"RFE/RL Direct","value":"rferl_direct"},{"label":"RFE/RL","value":"rferl_org_rss"},{"label":"Slobodnaevropa","value":"slobodnaevropa_org_direct"},{"label":"Slobodnaevropa","value":"slobodnaevropa_org_rss"},{"label":"Svoboda","value":"svoboda_org_direct"},{"label":"Svoboda","value":"svoboda_org_rss"},{"label":"Ukrainian VOA News","value":"ukrainian_voanews_com_rss"},{"label":"VOA Chinese Direct","value":"voa_chinese_direct"},{"label":"VOA Chinese RSS","value":"voa_chinese_rss"},{"label":"VOA Dari Direct","value":"voa_dari_direct"},{"label":"VOA Korea Direct","value":"voa_korea_direct"},{"label":"VOA Pashto Direct","value":"voa_pashto_direct"},{"label":"VOA Persian Direct","value":"voa_persian_direct"},{"label":"Voakorea","value":"voakorea_com_rss"}],"sources":["currenttime_tv_direct","currenttime_tv_rss","da_azadiradio_com_rss","darivoa_com_rss","dengeamerika_com_direct","dengeamerika_com_rss","dengiamerika_com_direct","dengiamerika_com_rss","editorials_voa_gov_rss","golosameriki_com_direct","golosameriki_com_rss","ir_voanews_com_rss","mashaalradio_com_direct","moldova_europalibera_org_direct","moldova_europalibera_org_rss","ocb_spanish_audio_html_scrape","ocb_spanish_audio_html_scrape_1001","ocb_spanish_audio_html_scrape_1016","ocb_spanish_audio_html_scrape_1028","ocb_spanish_audio_html_scrape_1056","ocb_spanish_audio_html_scrape_1061","ocb_spanish_audio_html_scrape_1077","ocb_spanish_audio_html_scrape_1078","ocb_spanish_audio_html_scrape_1103","ocb_spanish_audio_html_scrape_142","ocb_spanish_audio_html_scrape_562","ocb_spanish_audio_html_scrape_668","ocb_spanish_audio_scrape","ocb_spanish_video_scrape","pa_azadiradio_com_rss","pashtovoa_com_rss","radiofaarda_com_direct","radiofarda_com_direct","radiofarda_com_rss","radiosvoboda_org_rss","radiotavisupleba_ge_direct","radiotavisupleba_ge_rss","radiotelevisionmarti_com_direct","radiotelevisionmarti_com_rss","rfa_burmese_rss","rfa_burmese_video_scrape","rfa_cantonese_rss","rfa_cantonese_video_scrape","rfa_english_rss","rfa_english_video_scrape","rfa_khmer_rss","rfa_khmer_video_scrape","rfa_korean_rss","rfa_korean_video_scrape","rfa_lao_rss","rfa_lao_video_scrape","rfa_mandarin_rss","rfa_mandarin_video_scrape","rfa_tibetan_rss","rfa_tibetan_video_scrape","rfa_uyghur_rss","rfa_uyghur_video_scrape","rfa_vietnamese_rss","rfa_vietnamese_video_scrape","rferl_direct","rferl_org_rss","slobodnaevropa_org_direct","slobodnaevropa_org_rss","svoboda_org_direct","svoboda_org_rss","ukrainian_voanews_com_rss","voa_chinese_direct","voa_chinese_rss","voa_dari_direct","voa_korea_direct","voa_pashto_direct","voa_persian_direct","voakorea_com_rss"],"topics":["250em\u00een Salvegera Serxweb\u00fbna Amer\u00eekay\u00ea","Amer\u00eeka","Bernameya Televizyon\u00ee ya Rojane","Bernamey\u00ean radyoy\u00ea y\u00ean rojane","C\u00eehan","N\u00fb\u00e7ey\u00ean C\u00eehan\u00ea 1","N\u00fb\u00e7ey\u00ean C\u00eehan\u00ea 2","Radyo","V\u00eedyo Galer\u00ee"],"types":[["","All types"],["audio","Audio"],["video","Videos"],["clips","Clips"],["media","Media"]]},"has_next":true,"has_prev":true,"items":[{"article_body_paragraphs":[],"audio_source_url":null,"author":null,"available_dubs":[],"downloadable_assets":["https://voa-video-ns.akamaized.net/pangeavideo/2026/08/3/39/3982db18-da3d-447f-f2e5-08def2b12219_1080p.mp4?cb=ee222881f"],"duration_display":"5:04","duration_seconds":304.4,"embed_url":null,"id":9774,"image_caption":null,"image_url":"https://gdb.voanews.com/3982db18-da3d-447f-f2e5-08def2b12219_tv_mw2048_mh2048_n.jpg","is_clip":false,"item_type":"video","item_type_label":"Video","language_label":"Kurdish","media_credit":"VOA","micro_label":"Video report","micro_label_kind":"video","network_label":"VOA","network_logo_url":"/static/uploads/direct_network_logos/voa_1ef13eedbd2f.svg","published_at":"2026-08-27T19:33:51.837000","published_at_display":"27 Aug 2026, 19:33 GMT","sequence_badge_label":null,"sequence_count":null,"sequence_count_label":null,"sequence_frames":[],"sequence_kind":null,"source_name":"dengeamerika_com_direct","source_name_label":"Dengeamerika","source_type":"direct_api","summary":"Bexda \u00eero di qonaxek hestiyar \u00fb \u00e7aren\u00fbsaz de de ye. Ji ber ku Amer\u00eekay\u00ea li hem\u00fb welat\u00ean ku bazirganiy\u00ea bi \u00ceran\u00ea re dikin gef xwarin, \u00ceraq yek ji welat\u00ean ku her\u00ee z\u00eade t\u00eakil\u00eey\u00ean abor\u00ee bi \u00ceran\u00ea re hene. Sem\u00eera El\u00ee Mend\u00ee qala asteng\u00ee \u00fb zehmetiy\u00ean di r\u00eaya \u00ceraq\u00ea de dike.","title":"Sizay\u00ean Tund li ser \u00ceran\u00ea \u00fb Bandora Wan li ser Aboriya \u00ceraq\u00ea","topic":"V\u00eedyo Galer\u00ee","translation_language":"","url":"https://voa-video-ns.akamaized.net/pangeavideo/2026/08/3/39/3982db18-da3d-447f-f2e5-08def2b12219_1080p.mp4?cb=ee222881f","video_url":"https://voa-video-ns.akamaized.net/pangeavideo/2026/08/3/39/3982db18-da3d-447f-f2e5-08def2b12219_1080p.mp4?cb=ee222881f"},{"article_body_paragraphs":[],"audio_source_url":null,"author":null,"available_dubs":[],"downloadable_assets":["https://voa-video-ns.akamaized.net/pangeavideo/2026/08/1/1c/1c3a3c62-c504-4e70-a2ba-08def2b10d93_1080p.mp4?cb=ee2228642"],"duration_display":"3:39","duration_seconds":219.22,"embed_url":null,"id":9775,"image_caption":null,"image_url":"https://gdb.voanews.com/1c3a3c62-c504-4e70-a2ba-08def2b10d93_tv_mw2048_mh2048_n.jpg","is_clip":true,"item_type":"video","item_type_label":"Video","language_label":"Kurdish","media_credit":"VOA","micro_label":"Video report","micro_label_kind":"video","network_label":"VOA","network_logo_url":"/static/uploads/direct_network_logos/voa_1ef13eedbd2f.svg","published_at":"2026-08-27T19:25:54.280000","published_at_display":"27 Aug 2026, 19:25 GMT","sequence_badge_label":null,"sequence_count":null,"sequence_count_label":null,"sequence_frames":[],"sequence_kind":null,"source_name":"dengeamerika_com_direct","source_name_label":"Dengeamerika","source_type":"direct_api","summary":"Ko\u015fka Sp\u00ee, roja P\u00eanc\u015fem\u00ea di daxuyan\u00eeyek\u00ea de ragihand ku niha di navbera Amer\u00eekay\u00ea \u00fb \u00ceran\u00ea de tu dan\u00fbstandin\u00ean \u00e7alak \u00fb n\u00fb tune ne. H\u00eewa Selam li ber avah\u00eey\u00ea Ko\u015fka Sp\u00ee qala daxuyaniy\u00ean n\u00fb y\u00ean r\u00eaveber\u00eeya Amer\u00eeka dike.","title":"Peyam\u00ean N\u00fb y\u00ean Ko\u015fka Sp\u00ee Radigih\u00eenin ku \u00ceran ji Her Al\u00ee de Lawaz Dibe","topic":"V\u00eedyo Galer\u00ee","translation_language":"","url":"https://voa-video-ns.akamaized.net/pangeavideo/2026/08/1/1c/1c3a3c62-c504-4e70-a2ba-08def2b10d93_1080p.mp4?cb=ee2228642","video_url":"https://voa-video-ns.akamaized.net/pangeavideo/2026/08/1/1c/1c3a3c62-c504-4e70-a2ba-08def2b10d93_1080p.mp4?cb=ee2228642"},{"article_body_paragraphs":[],"audio_source_url":null,"author":null,"available_dubs":[],"downloadable_assets":["https://voa-video-ns.akamaized.net/pangeavideo/2026/08/f/fd/fd2aa562-114d-4dd0-f2e6-08def2b12219_1080p.mp4?cb=ee2228547"],"duration_display":"3:00","duration_seconds":180.27,"embed_url":null,"id":9776,"image_caption":null,"image_url":"https://gdb.voanews.com/fd2aa562-114d-4dd0-f2e6-08def2b12219_tv_mw2048_mh2048_n.jpg","is_clip":true,"item_type":"video","item_type_label":"Video","language_label":"Kurdish","media_credit":"VOA","micro_label":"Video report","micro_label_kind":"video","network_label":"VOA","network_logo_url":"/static/uploads/direct_network_logos/voa_1ef13eedbd2f.svg","published_at":"2026-08-27T19:21:43.737000","published_at_display":"27 Aug 2026, 19:21 GMT","sequence_badge_label":null,"sequence_count":null,"sequence_count_label":null,"sequence_frames":[],"sequence_kind":null,"source_name":"dengeamerika_com_direct","source_name_label":"Dengeamerika","source_type":"direct_api","summary":"Karbidest\u00ean H\u00eaz\u00ean Deryay\u00ee y\u00ean Amer\u00eekay\u00ea ragihand ku ke\u015ft\u00eeya firokhilgir USS Theodore Roosevelt, bi t\u00eemeke ji n\u00eaz\u00eek\u00ee 5 hezar kesan, d\u00ea di heftey\u00ean p\u00ea\u015f de bi erk ber bi Rojhilata Nav\u00een ve bi\u00e7e. Soran Xatir\u00ee li ser dorp\u00ea\u00e7 \u00fb sizay\u00ean abor\u00ee y\u00ean Amer\u00eekay\u00ea y\u00ean n\u00fb li dij\u00ee \u00ceran\u00ea p\u00eazan\u00een\u00ean z\u00eadetir radigih\u00eene.","title":"CENTCOM Dorp\u00ea\u00e7a Abor\u00ee li Ser \u00ceran\u00ea Berfirehtir Dike","topic":"V\u00eedyo Galer\u00ee","translation_language":"","url":"https://voa-video-ns.akamaized.net/pangeavideo/2026/08/f/fd/fd2aa562-114d-4dd0-f2e6-08def2b12219_1080p.mp4?cb=ee2228547","video_url":"https://voa-video-ns.akamaized.net/pangeavideo/2026/08/f/fd/fd2aa562-114d-4dd0-f2e6-08def2b12219_1080p.mp4?cb=ee2228547"},{"article_body_paragraphs":[],"audio_source_url":null,"author":"\u00cevan Hes\u00eeb","available_dubs":[],"downloadable_assets":["https://voa-video-ns.akamaized.net/pangeavideo/2026/08/b/b9/b9948f75-06af-40c0-f2e7-08def2b12219_1080p.mp4?cb=ee22282e5"],"duration_display":"4:37","duration_seconds":277.08,"embed_url":null,"id":9777,"image_caption":null,"image_url":"https://gdb.voanews.com/b9948f75-06af-40c0-f2e7-08def2b12219_tv_mw2048_mh2048_n.jpg","is_clip":true,"item_type":"video","item_type_label":"Video","language_label":"Kurdish","media_credit":"VOA","micro_label":"Video report","micro_label_kind":"video","network_label":"VOA","network_logo_url":"/static/uploads/direct_network_logos/voa_1ef13eedbd2f.svg","published_at":"2026-08-27T19:11:33.870000","published_at_display":"27 Aug 2026, 19:11 GMT","sequence_badge_label":null,"sequence_count":null,"sequence_count_label":null,"sequence_frames":[],"sequence_kind":null,"source_name":"dengeamerika_com_direct","source_name_label":"Dengeamerika","source_type":"direct_api","summary":"Pi\u015ft\u00ee Fermandar\u00eeya HSD\u00ea biryara hilwe\u015fandina xwe da, niha \u00e7av li ser \u00e7aren\u00fbsa Yek\u00eeney\u00ean Parastina Jin\u00ea YPJ'\u00ea ne. \u00cevan Hes\u00eeb ji Qam\u00eelo zanyar\u00eeyan derbar\u00ea w\u00ea pirs\u00ea radigih\u00eene.","title":"\u00c7aren\u00fbsa YPJ'\u00ea Pi\u015ft\u00ee Hilwe\u015fandina HSD'\u00ea","topic":"V\u00eedyo Galer\u00ee","translation_language":"","url":"https://voa-video-ns.akamaized.net/pangeavideo/2026/08/b/b9/b9948f75-06af-40c0-f2e7-08def2b12219_1080p.mp4?cb=ee22282e5","video_url":"https://voa-video-ns.akamaized.net/pangeavideo/2026/08/b/b9/b9948f75-06af-40c0-f2e7-08def2b12219_1080p.mp4?cb=ee22282e5"},{"article_body_paragraphs":[],"audio_source_url":null,"author":null,"available_dubs":[],"downloadable_assets":["https://voa-video-ns.akamaized.net/pangeavideo/2026/08/9/96/9639dfd2-3d1e-460e-f2e8-08def2b12219_1080p.mp4?cb=ee222816e"],"duration_display":"4:54","duration_seconds":294.1,"embed_url":null,"id":9779,"image_caption":null,"image_url":"https://gdb.voanews.com/9639dfd2-3d1e-460e-f2e8-08def2b12219_tv_mw2048_mh2048_n.jpg","is_clip":true,"item_type":"video","item_type_label":"Video","language_label":"Kurdish","media_credit":"VOA","micro_label":"Video report","micro_label_kind":"video","network_label":"VOA","network_logo_url":"/static/uploads/direct_network_logos/voa_1ef13eedbd2f.svg","published_at":"2026-08-27T19:05:18.190000","published_at_display":"27 Aug 2026, 19:05 GMT","sequence_badge_label":null,"sequence_count":null,"sequence_count_label":null,"sequence_frames":[],"sequence_kind":null,"source_name":"dengeamerika_com_direct","source_name_label":"Dengeamerika","source_type":"direct_api","summary":"Berpirs\u00ean Tirk\u00eey\u00ea pi\u015ft\u00ee ku H\u00eaz\u00ean S\u00fbr\u00eeya Demokrat\u00eek HSD\u00ea li S\u00fbriy\u00ea biryara xwe hilwe\u015fandin\u00ea da daxuyan\u00eey\u00ean cuda ragihandin. Tirk\u00eeye p\u00eangava hilwe\u015fandina HSD\u00ea ba\u015f dib\u00eene. Ozlem Yasak P\u00eazan\u00een\u00ean z\u00eadetir dide.","title":"Helwesta Ferm\u00ee ya Tirk\u00eey\u00ea Derbar\u00ea Hilwe\u015fandina HSD'\u00ea","topic":"V\u00eedyo Galer\u00ee","translation_language":"","url":"https://voa-video-ns.akamaized.net/pangeavideo/2026/08/9/96/9639dfd2-3d1e-460e-f2e8-08def2b12219_1080p.mp4?cb=ee222816e","video_url":"https://voa-video-ns.akamaized.net/pangeavideo/2026/08/9/96/9639dfd2-3d1e-460e-f2e8-08def2b12219_1080p.mp4?cb=ee222816e"},{"article_body_paragraphs":[],"audio_source_url":"https://voa-audio-ns.akamaized.net/vku/2026/08/27/20260827-190000-vku053-program_hq.mp3","author":null,"available_dubs":[],"downloadable_assets":["https://voa-audio-ns.akamaized.net/vku/2026/08/27/20260827-190000-vku053-program_hq.mp3"],"duration_display":"5:00","duration_seconds":300.0,"embed_url":null,"id":9778,"image_caption":null,"image_url":null,"is_clip":false,"item_type":"audio","item_type_label":"Audio","language_label":"Kurdish","media_credit":"VOA","micro_label":"Audio program","micro_label_kind":"audio","network_label":"VOA","network_logo_url":"/static/uploads/direct_network_logos/voa_1ef13eedbd2f.svg","published_at":"2026-08-27T19:00:00","published_at_display":"27 Aug 2026, 19:00 GMT","sequence_badge_label":null,"sequence_count":null,"sequence_count_label":null,"sequence_frames":[],"sequence_kind":null,"source_name":"dengeamerika_com_direct","source_name_label":"Dengeamerika","source_type":"direct_api","summary":"N\u00fb\u00e7ey\u00ean C\u00eehan\u00ea ji Deng\u00ea Amer\u00eeka","title":"N\u00fb\u00e7ey\u00ean 3\u2019y\u00ea pa\u015fn\u00eevro","topic":null,"translation_language":"","url":"https://voa-audio-ns.akamaized.net/vku/2026/08/27/20260827-190000-vku053-program_hq.mp3","video_url":null},{"article_body_paragraphs":[],"audio_source_url":null,"author":"Emced Kurdo","available_dubs":[],"downloadable_assets":["https://voa-video-ns.akamaized.net/pangeavideo/2026/08/3/35/35369513-459f-48f4-a2b7-08def2b10d93_1080p.mp4?cb=ee2226ae3"],"duration_display":"2:57","duration_seconds":177.36,"embed_url":null,"id":9354,"image_caption":null,"image_url":"https://gdb.voanews.com/35369513-459f-48f4-a2b7-08def2b10d93_tv_mw2048_mh2048_n.jpg","is_clip":true,"item_type":"video","item_type_label":"Video","language_label":"Kurdish","media_credit":"VOA","micro_label":"Video report","micro_label_kind":"video","network_label":"VOA","network_logo_url":"/static/uploads/direct_network_logos/voa_1ef13eedbd2f.svg","published_at":"2026-08-27T17:28:56.743000","published_at_display":"27 Aug 2026, 17:28 GMT","sequence_badge_label":null,"sequence_count":null,"sequence_count_label":null,"sequence_frames":[],"sequence_kind":null,"source_name":"dengeamerika_com_direct","source_name_label":"Dengeamerika","source_type":"direct_api","summary":"Li bajar\u00ea Am\u00fbd\u00ea, D\u00eara Mar Elyas h\u00een j\u00ee di nav kolanan de hazire, daku d\u00eeroka Kristiyanan li v\u00ee bajar\u00ee zind\u00ee bih\u00eale. Ev d\u00eara ku di sala 1927'an de hatib\u00fb avakirin, ne ten\u00ea cih\u00ea perwerdey\u00ea \u00fb olpar\u00eaz\u00eeya Kristyanan ne, l\u00ea ew dibe \u015fahida p\u00eakvejiyana civak\u00ean li her\u00eam\u00ea.","title":"D\u00eara Mar Elyas li Am\u00fbd\u00ea D\u00eeroka Kristiy\u00ean Her\u00eam\u00ea Zind\u00ee Dih\u00eale","topic":"V\u00eedyo Galer\u00ee","translation_language":"","url":"https://voa-video-ns.akamaized.net/pangeavideo/2026/08/3/35/35369513-459f-48f4-a2b7-08def2b10d93_1080p.mp4?cb=ee2226ae3","video_url":"https://voa-video-ns.akamaized.net/pangeavideo/2026/08/3/35/35369513-459f-48f4-a2b7-08def2b10d93_1080p.mp4?cb=ee2226ae3"},{"article_body_paragraphs":[],"audio_source_url":null,"author":"\u00cevan Hes\u00eeb","available_dubs":[],"downloadable_assets":["https://voa-video-ns.akamaized.net/pangeavideo/2026/08/a/a1/a1ef613d-ee3b-4c8a-f2d9-08def2b12219_1080p.mp4?cb=ee22267ee"],"duration_display":"3:12","duration_seconds":192.17,"embed_url":null,"id":9710,"image_caption":null,"image_url":"https://gdb.voanews.com/a1ef613d-ee3b-4c8a-f2d9-08def2b12219_tv_mw2048_mh2048_n.jpg","is_clip":true,"item_type":"video","item_type_label":"Video","language_label":"Kurdish","media_credit":"VOA","micro_label":"Video report","micro_label_kind":"video","network_label":"VOA","network_logo_url":"/static/uploads/direct_network_logos/voa_1ef13eedbd2f.svg","published_at":"2026-08-27T17:16:30.720000","published_at_display":"27 Aug 2026, 17:16 GMT","sequence_badge_label":null,"sequence_count":null,"sequence_count_label":null,"sequence_frames":[],"sequence_kind":null,"source_name":"dengeamerika_com_direct","source_name_label":"Dengeamerika","source_type":"direct_api","summary":"H\u00eal\u00een Hem\u00ea, ke\u00e7eke Kurd a 22 sal\u00ee ji bajar\u00ea Am\u00fbd\u00ea ye, w\u00ea dest bi projeyek perwerdehiy\u00ea ya ji bo ajokar\u00ean jin kiriye. W\u00ea heta niha bi dehan jin f\u00ear\u00ee p\u00ee\u015feya ajotina otomb\u00eelan kir\u00eeye.","title":"Ke\u00e7eke Kurd li Am\u00fbd\u00ea Dibe Yekem Mamosteya Perwerdeya Ajokar\u00eey\u00ea","topic":"V\u00eedyo Galer\u00ee","translation_language":"","url":"https://voa-video-ns.akamaized.net/pangeavideo/2026/08/a/a1/a1ef613d-ee3b-4c8a-f2d9-08def2b12219_1080p.mp4?cb=ee22267ee","video_url":"https://voa-video-ns.akamaized.net/pangeavideo/2026/08/a/a1/a1ef613d-ee3b-4c8a-f2d9-08def2b12219_1080p.mp4?cb=ee22267ee"},{"article_body_paragraphs":[],"audio_source_url":"https://voa-audio-ns.akamaized.net/vku/2026/08/27/20260827-170500-vku053-program_hq.mp3","author":null,"available_dubs":[],"downloadable_assets":["https://voa-audio-ns.akamaized.net/vku/2026/08/27/20260827-170500-vku053-program_hq.mp3"],"duration_display":"54:59","duration_seconds":3299.0,"embed_url":null,"id":9745,"image_caption":null,"image_url":null,"is_clip":false,"item_type":"audio","item_type_label":"Audio","language_label":"Kurdish","media_credit":"VOA","micro_label":"Audio program","micro_label_kind":"audio","network_label":"VOA","network_logo_url":"/static/uploads/direct_network_logos/voa_1ef13eedbd2f.svg","published_at":"2026-08-27T17:05:00","published_at_display":"27 Aug 2026, 17:05 GMT","sequence_badge_label":null,"sequence_count":null,"sequence_count_label":null,"sequence_frames":[],"sequence_kind":null,"source_name":"dengeamerika_com_direct","source_name_label":"Dengeamerika","source_type":"direct_api","summary":null,"title":"Bernama Duy\u00ea","topic":null,"translation_language":"","url":"https://voa-audio-ns.akamaized.net/vku/2026/08/27/20260827-170500-vku053-program_hq.mp3","video_url":null},{"article_body_paragraphs":[],"audio_source_url":"https://voa-audio-ns.akamaized.net/vku/2026/08/27/20260827-170000-vku053-program_hq.mp3","author":null,"available_dubs":[],"downloadable_assets":["https://voa-audio-ns.akamaized.net/vku/2026/08/27/20260827-170000-vku053-program_hq.mp3"],"duration_display":"4:59","duration_seconds":299.0,"embed_url":null,"id":9711,"image_caption":null,"image_url":null,"is_clip":false,"item_type":"audio","item_type_label":"Audio","language_label":"Kurdish","media_credit":"VOA","micro_label":"Audio program","micro_label_kind":"audio","network_label":"VOA","network_logo_url":"/static/uploads/direct_network_logos/voa_1ef13eedbd2f.svg","published_at":"2026-08-27T17:00:00","published_at_display":"27 Aug 2026, 17:00 GMT","sequence_badge_label":null,"sequence_count":null,"sequence_count_label":null,"sequence_frames":[],"sequence_kind":null,"source_name":"dengeamerika_com_direct","source_name_label":"Dengeamerika","source_type":"direct_api","summary":"N\u00fb\u00e7ey\u00ean C\u00eehan\u00ea ji Deng\u00ea Amer\u00eeka","title":"N\u00fb\u00e7ey\u00ean 1\u2019\u00ea pa\u015fn\u00eevro","topic":"Radyo","translation_language":"","url":"https://voa-audio-ns.akamaized.net/vku/2026/08/27/20260827-170000-vku053-program_hq.mp3","video_url":null},{"article_body_paragraphs":[],"audio_source_url":null,"author":"Xetab Omer","available_dubs":[],"downloadable_assets":["https://voa-video-ns.akamaized.net/pangeavideo/2026/08/f/f9/f96b389b-b003-423d-7f5a-08def2ed48ad_1080p.mp4?cb=ee2226222"],"duration_display":"3:24","duration_seconds":204.88,"embed_url":null,"id":9682,"image_caption":null,"image_url":"https://gdb.voanews.com/f96b389b-b003-423d-7f5a-08def2ed48ad_tv_mw2048_mh2048_n.jpg","is_clip":true,"item_type":"video","item_type_label":"Video","language_label":"Kurdish","media_credit":"VOA","micro_label":"Video report","micro_label_kind":"video","network_label":"VOA","network_logo_url":"/static/uploads/direct_network_logos/voa_1ef13eedbd2f.svg","published_at":"2026-08-27T16:11:39.753000","published_at_display":"27 Aug 2026, 16:11 GMT","sequence_badge_label":null,"sequence_count":null,"sequence_count_label":null,"sequence_frames":[],"sequence_kind":null,"source_name":"dengeamerika_com_direct","source_name_label":"Dengeamerika","source_type":"direct_api","summary":"Xwendingeha d\u00eerok\u00ee ya Q\u00fbbehan li S\u00eelava Am\u00ead\u00eey\u00ea sembola ro\u015fenb\u00eer\u00ee, zanist \u00fb baj\u00earvan\u00eey\u00ea b\u00fbye li her\u00eama Bad\u00eenan \u00fb bi taybet di serdem\u00ea M\u00eergeha Bad\u00eenan de. L\u00ea mixabin xwandingeh niha xirabe \u00fb kavil maye.","title":"Xwendingeha D\u00eerok\u00ee ya Q\u00fbbehan li Am\u00ead\u00eey\u00ea Nasnameya Rew\u015fenb\u00eer\u00eeya Her\u00eam\u00ea","topic":"V\u00eedyo Galer\u00ee","translation_language":"","url":"https://voa-video-ns.akamaized.net/pangeavideo/2026/08/f/f9/f96b389b-b003-423d-7f5a-08def2ed48ad_1080p.mp4?cb=ee2226222","video_url":"https://voa-video-ns.akamaized.net/pangeavideo/2026/08/f/f9/f96b389b-b003-423d-7f5a-08def2ed48ad_1080p.mp4?cb=ee2226222"},{"article_body_paragraphs":[],"audio_source_url":null,"author":"S\u00eenor Ker\u00eem","available_dubs":[],"downloadable_assets":["https://voa-video-ns.akamaized.net/pangeavideo/2026/08/4/4a/4a7c8802-7559-49d0-a2b1-08def2b10d93_1080p.mp4?cb=ee22254ac"],"duration_display":"3:09","duration_seconds":189.73,"embed_url":null,"id":9666,"image_caption":null,"image_url":"https://gdb.voanews.com/4a7c8802-7559-49d0-a2b1-08def2b10d93_tv_mw2048_mh2048_n.jpg","is_clip":true,"item_type":"video","item_type_label":"Video","language_label":"Kurdish","media_credit":"VOA","micro_label":"Video report","micro_label_kind":"video","network_label":"VOA","network_logo_url":"/static/uploads/direct_network_logos/voa_1ef13eedbd2f.svg","published_at":"2026-08-27T15:54:20.910000","published_at_display":"27 Aug 2026, 15:54 GMT","sequence_badge_label":null,"sequence_count":null,"sequence_count_label":null,"sequence_frames":[],"sequence_kind":null,"source_name":"dengeamerika_com_direct","source_name_label":"Dengeamerika","source_type":"direct_api","summary":"Pi\u015ft\u00ee biryara hilwe\u015fandina H\u00eaz\u00ean S\u00fbr\u00eeya Demokrat\u00eek (HSD)\u00ea, ev mijar di nava Kurdan de li Her\u00eama Kurdistan\u00ea b\u00fbye ciy\u00ea dan\u00fbstin\u00ean cuda, hin kes li gor rew\u015fa siyas\u00ee ba\u015f dib\u00eenin \u00fb hin j\u00ee dib\u00eaj\u00ean ne li ast\u00ea qurban\u00ee \u00fb xebata Kurdan e.","title":"Hilwe\u015fandina HSD'\u00ea, li Her\u00eama Kurdistan\u00ea B\u00fbye Mijara Got\u00fbb\u00eajan","topic":"V\u00eedyo Galer\u00ee","translation_language":"","url":"https://voa-video-ns.akamaized.net/pangeavideo/2026/08/4/4a/4a7c8802-7559-49d0-a2b1-08def2b10d93_1080p.mp4?cb=ee22254ac","video_url":"https://voa-video-ns.akamaized.net/pangeavideo/2026/08/4/4a/4a7c8802-7559-49d0-a2b1-08def2b10d93_1080p.mp4?cb=ee22254ac"},{"article_body_paragraphs":[],"audio_source_url":"https://voa-audio-ns.akamaized.net/vku/2026/08/27/20260827-150000-vku053-program_hq.mp3","author":null,"available_dubs":[],"downloadable_assets":["https://voa-audio-ns.akamaized.net/vku/2026/08/27/20260827-150000-vku053-program_hq.mp3"],"duration_display":"9:59","duration_seconds":599.0,"embed_url":null,"id":9643,"image_caption":null,"image_url":null,"is_clip":false,"item_type":"audio","item_type_label":"Audio","language_label":"Kurdish","media_credit":"VOA","micro_label":"Audio program","micro_label_kind":"audio","network_label":"VOA","network_logo_url":"/static/uploads/direct_network_logos/voa_1ef13eedbd2f.svg","published_at":"2026-08-27T15:00:00","published_at_display":"27 Aug 2026, 15:00 GMT","sequence_badge_label":null,"sequence_count":null,"sequence_count_label":null,"sequence_frames":[],"sequence_kind":null,"source_name":"dengeamerika_com_direct","source_name_label":"Dengeamerika","source_type":"direct_api","summary":"N\u00fb\u00e7ey\u00ean C\u00eehan\u00ea ji Deng\u00ea Amer\u00eeka","title":"N\u00fb\u00e7ey\u00ean C\u00eehan\u00ea 1","topic":"N\u00fb\u00e7ey\u00ean C\u00eehan\u00ea 1","translation_language":"","url":"https://voa-audio-ns.akamaized.net/vku/2026/08/27/20260827-150000-vku053-program_hq.mp3","video_url":null},{"article_body_paragraphs":[],"audio_source_url":"https://voa-audio-ns.akamaized.net/vku/2026/08/27/20260827-140000-vku053-program_hq.mp3","author":null,"available_dubs":[],"downloadable_assets":["https://voa-audio-ns.akamaized.net/vku/2026/08/27/20260827-140000-vku053-program_hq.mp3"],"duration_display":"59:59","duration_seconds":3599.0,"embed_url":null,"id":9644,"image_caption":null,"image_url":null,"is_clip":false,"item_type":"audio","item_type_label":"Audio","language_label":"Kurdish","media_credit":"VOA","micro_label":"Audio program","micro_label_kind":"audio","network_label":"VOA","network_logo_url":"/static/uploads/direct_network_logos/voa_1ef13eedbd2f.svg","published_at":"2026-08-27T14:00:00","published_at_display":"27 Aug 2026, 14:00 GMT","sequence_badge_label":null,"sequence_count":null,"sequence_count_label":null,"sequence_frames":[],"sequence_kind":null,"source_name":"dengeamerika_com_direct","source_name_label":"Dengeamerika","source_type":"direct_api","summary":null,"title":"Bernamey\u00ean radyoy\u00ea y\u00ean rojane","topic":"Bernamey\u00ean radyoy\u00ea y\u00ean rojane","translation_language":"","url":"https://voa-audio-ns.akamaized.net/vku/2026/08/27/20260827-140000-vku053-program_hq.mp3","video_url":null},{"article_body_paragraphs":[],"audio_source_url":null,"author":"D\u00eeyar Cemal","available_dubs":[],"downloadable_assets":["https://voa-video-ns.akamaized.net/pangeavideo/2026/08/2/21/2144b8cd-5250-4625-a2aa-08def2b10d93_1080p.mp4?cb=ee22220f6"],"duration_display":"3:08","duration_seconds":188.0,"embed_url":null,"id":9559,"image_caption":null,"image_url":"https://gdb.voanews.com/2144b8cd-5250-4625-a2aa-08def2b10d93_tv_mw2048_mh2048_n.jpg","is_clip":true,"item_type":"video","item_type_label":"Video","language_label":"Kurdish","media_credit":"VOA","micro_label":"Video report","micro_label_kind":"video","network_label":"VOA","network_logo_url":"/static/uploads/direct_network_logos/voa_1ef13eedbd2f.svg","published_at":"2026-08-27T12:13:42.177000","published_at_display":"27 Aug 2026, 12:13 GMT","sequence_badge_label":null,"sequence_count":null,"sequence_count_label":null,"sequence_frames":[],"sequence_kind":null,"source_name":"dengeamerika_com_direct","source_name_label":"Dengeamerika","source_type":"direct_api","summary":"Pi\u015ft\u00ee ku di meh\u00ean daw\u00ee de Mihemed Sam'an ji p\u00eakhateya Tirkmenan posta par\u00eazgar\u00ea Kerkuk\u00ea wergirt, ji w\u00ea dem\u00ea ve tevger \u00fb helwest\u00ean par\u00eazgar \u00ean derbar\u00ea baj\u00ear de b\u00fbne mijara rexne \u00fb got\u00fbb\u00eajan di nava r\u00fbni\u015ftvan\u00ean Kerkuk\u00ea de. Raporta Diyar Cemal z\u00eadetir ron\u00ee dide ser mijar\u00ea.","title":"Destp\u00eakirina Neraz\u00eeb\u00fbn\u00ean li Dij\u00ee Tevger\u00ean Par\u00eazgar\u00ea Kerkuk\u00ea","topic":"V\u00eedyo Galer\u00ee","translation_language":"","url":"https://voa-video-ns.akamaized.net/pangeavideo/2026/08/2/21/2144b8cd-5250-4625-a2aa-08def2b10d93_1080p.mp4?cb=ee22220f6","video_url":"https://voa-video-ns.akamaized.net/pangeavideo/2026/08/2/21/2144b8cd-5250-4625-a2aa-08def2b10d93_1080p.mp4?cb=ee22220f6"},{"article_body_paragraphs":[],"audio_source_url":"https://voa-audio-ns.akamaized.net/vku/2026/08/27/20260827-050000-vku053-program_hq.mp3","author":null,"available_dubs":[],"downloadable_assets":["https://voa-audio-ns.akamaized.net/vku/2026/08/27/20260827-050000-vku053-program_hq.mp3"],"duration_display":"5:00","duration_seconds":300.0,"embed_url":null,"id":9462,"image_caption":null,"image_url":null,"is_clip":false,"item_type":"audio","item_type_label":"Audio","language_label":"Kurdish","media_credit":"VOA","micro_label":"Audio program","micro_label_kind":"audio","network_label":"VOA","network_logo_url":"/static/uploads/direct_network_logos/voa_1ef13eedbd2f.svg","published_at":"2026-08-27T05:00:00","published_at_display":"27 Aug 2026, 05:00 GMT","sequence_badge_label":null,"sequence_count":null,"sequence_count_label":null,"sequence_frames":[],"sequence_kind":null,"source_name":"dengeamerika_com_direct","source_name_label":"Dengeamerika","source_type":"direct_api","summary":"N\u00fb\u00e7ey\u00ean C\u00eehan\u00ea ji Deng\u00ea Amer\u00eeka","title":"N\u00fb\u00e7ey\u00ean C\u00eehan\u00ea 2","topic":"N\u00fb\u00e7ey\u00ean C\u00eehan\u00ea 2","translation_language":"","url":"https://voa-audio-ns.akamaized.net/vku/2026/08/27/20260827-050000-vku053-program_hq.mp3","video_url":null},{"article_body_paragraphs":[],"audio_source_url":null,"author":null,"available_dubs":[],"downloadable_assets":["https://voa-video-ns.akamaized.net/pangeavideo/2026/08/9/98/98b6cf81-1b76-401e-a2a9-08def2b10d93_1080p.mp4?cb=ee221890b"],"duration_display":"6:30","duration_seconds":390.48,"embed_url":null,"id":9443,"image_caption":null,"image_url":"https://gdb.voanews.com/98b6cf81-1b76-401e-a2a9-08def2b10d93_tv_mw2048_mh2048_n.jpg","is_clip":false,"item_type":"video","item_type_label":"Video","language_label":"Kurdish","media_credit":"VOA","micro_label":"Video report","micro_label_kind":"video","network_label":"VOA","network_logo_url":"/static/uploads/direct_network_logos/voa_1ef13eedbd2f.svg","published_at":"2026-08-27T01:25:31.163000","published_at_display":"27 Aug 2026, 01:25 GMT","sequence_badge_label":null,"sequence_count":null,"sequence_count_label":null,"sequence_frames":[],"sequence_kind":null,"source_name":"dengeamerika_com_direct","source_name_label":"Dengeamerika","source_type":"direct_api","summary":"Pi\u015ft\u00ee ku qan\u00fbna \u00c7ar\u00e7ovey\u00ee li Tirk\u00eey\u00ea bi \u015f\u00eaweke gi\u015ft\u00ee hat pejirandin, gelek genge\u015fe li ser t\u00ean kirin, niha ank\u00eat \u00fb rapirs\u00ee derbar\u00ea prosey\u00ea t\u00ean encamdan. Ozlem Yasak qala wan ank\u00eat \u00fb rapirs\u00eeyan dike.","title":"Li Tirk\u00eey\u00ea Ank\u00eat \u00fb Rapirs\u00ee Derbar\u00ea Qan\u00fbna \u00c7ar\u00e7ovey\u00ee \u00c7i Dib\u00eajin?","topic":"V\u00eedyo Galer\u00ee","translation_language":"","url":"https://voa-video-ns.akamaized.net/pangeavideo/2026/08/9/98/98b6cf81-1b76-401e-a2a9-08def2b10d93_1080p.mp4?cb=ee221890b","video_url":"https://voa-video-ns.akamaized.net/pangeavideo/2026/08/9/98/98b6cf81-1b76-401e-a2a9-08def2b10d93_1080p.mp4?cb=ee221890b"},{"article_body_paragraphs":[],"audio_source_url":null,"author":"Eyy\u00fbp Dem\u00eer","available_dubs":[],"downloadable_assets":["https://voa-video-ns.akamaized.net/pangeavideo/2026/08/3/38/387ee73e-3d4d-4fbe-ca82-08decaecd3b3_1080p.mp4?cb=ee221856b"],"duration_display":"3:31","duration_seconds":211.4,"embed_url":null,"id":9444,"image_caption":null,"image_url":"https://gdb.voanews.com/387ee73e-3d4d-4fbe-ca82-08decaecd3b3_tv_mw2048_mh2048_n.jpg","is_clip":true,"item_type":"video","item_type_label":"Video","language_label":"Kurdish","media_credit":"VOA","micro_label":"Video report","micro_label_kind":"video","network_label":"VOA","network_logo_url":"/static/uploads/direct_network_logos/voa_1ef13eedbd2f.svg","published_at":"2026-08-27T01:07:12.970000","published_at_display":"27 Aug 2026, 01:07 GMT","sequence_badge_label":null,"sequence_count":null,"sequence_count_label":null,"sequence_frames":[],"sequence_kind":null,"source_name":"dengeamerika_com_direct","source_name_label":"Dengeamerika","source_type":"direct_api","summary":"Li Tirk\u00eey\u00ea Qan\u00fbna \u00c7ar\u00e7ovey\u00ee di qonax\u00ean cuda de derbas dibe, Eyy\u00fbp Dem\u00eer ji Stenbol\u00ea qala hin qonax \u00fb daxuyaniy\u00ean n\u00fb y\u00ean derbar\u00ea qan\u00fbn\u00ea de dike.","title":"Genge\u015fe li Ser Qan\u00fbna \u00c7ar\u00e7ovey\u00ee li Tirk\u00eey\u00ea Diddomin","topic":"V\u00eedyo Galer\u00ee","translation_language":"","url":"https://voa-video-ns.akamaized.net/pangeavideo/2026/08/3/38/387ee73e-3d4d-4fbe-ca82-08decaecd3b3_1080p.mp4?cb=ee221856b","video_url":"https://voa-video-ns.akamaized.net/pangeavideo/2026/08/3/38/387ee73e-3d4d-4fbe-ca82-08decaecd3b3_1080p.mp4?cb=ee221856b"},{"article_body_paragraphs":[],"audio_source_url":null,"author":null,"available_dubs":[],"downloadable_assets":["https://voa-video-ns.akamaized.net/pangeavideo/2026/08/6/6e/6eaf418b-fdf6-49f9-f2d3-08def2b12219_1080p.mp4?cb=ee2217eef"],"duration_display":"2:39","duration_seconds":159.74,"embed_url":null,"id":9428,"image_caption":null,"image_url":"https://gdb.voanews.com/6eaf418b-fdf6-49f9-f2d3-08def2b12219_tv_mw2048_mh2048_n.jpg","is_clip":true,"item_type":"video","item_type_label":"Video","language_label":"Kurdish","media_credit":"VOA","micro_label":"Video report","micro_label_kind":"video","network_label":"VOA","network_logo_url":"/static/uploads/direct_network_logos/voa_1ef13eedbd2f.svg","published_at":"2026-08-27T00:41:16.390000","published_at_display":"27 Aug 2026, 00:41 GMT","sequence_badge_label":null,"sequence_count":null,"sequence_count_label":null,"sequence_frames":[],"sequence_kind":null,"source_name":"dengeamerika_com_direct","source_name_label":"Dengeamerika","source_type":"direct_api","summary":"Reuters raportek we\u015fand \u00fb dib\u00eaje ku Kurd\u00ean S\u00fbriy\u00ea ji tevl\u00eeb\u00fbna HSD'\u00ea ya Hik\u00fbmeta S\u00fbriy\u00ea k\u00eafxwe\u015fin. \u0695aport\u00ean ji her\u00eam\u00ea j\u00ee dib\u00eajin li ser w\u00ea b\u00fbyer\u00ea n\u00ear\u00een\u00ean cuda hene. Di raport\u00ea de zanyar\u00eey\u00ean z\u00eadetir hene.","title":"HSD bi Ferm\u00ee Dibe Be\u015fek ji Le\u015fker\u00ea S\u00fbr\u00eey\u00ea","topic":"V\u00eedyo Galer\u00ee","translation_language":"","url":"https://voa-video-ns.akamaized.net/pangeavideo/2026/08/6/6e/6eaf418b-fdf6-49f9-f2d3-08def2b12219_1080p.mp4?cb=ee2217eef","video_url":"https://voa-video-ns.akamaized.net/pangeavideo/2026/08/6/6e/6eaf418b-fdf6-49f9-f2d3-08def2b12219_1080p.mp4?cb=ee2217eef"},{"article_body_paragraphs":[],"audio_source_url":null,"author":"Befraw N\u00fbr\u00ee","available_dubs":[],"downloadable_assets":["https://voa-video-ns.akamaized.net/pangeavideo/2026/08/a/ad/ad84a368-d86a-405a-ca79-08decaecd3b3_1080p.mp4?cb=ee2213ce4"],"duration_display":"8:43","duration_seconds":523.49,"embed_url":null,"id":9397,"image_caption":null,"image_url":"https://gdb.voanews.com/ad84a368-d86a-405a-ca79-08decaecd3b3_tv_mw2048_mh2048_n.jpg","is_clip":false,"item_type":"video","item_type_label":"Video","language_label":"Kurdish","media_credit":"VOA","micro_label":"Video report","micro_label_kind":"video","network_label":"VOA","network_logo_url":"/static/uploads/direct_network_logos/voa_1ef13eedbd2f.svg","published_at":"2026-08-26T20:00:36.097000","published_at_display":"26 Aug 2026, 20:00 GMT","sequence_badge_label":null,"sequence_count":null,"sequence_count_label":null,"sequence_frames":[],"sequence_kind":null,"source_name":"dengeamerika_com_direct","source_name_label":"Dengeamerika","source_type":"direct_api","summary":"Biryara hilwe\u015fandina H\u00eaz\u00ean S\u00fbr\u00eeya Demokrat\u00eek (HSD)\u00ea ne ten\u00ea li rojava, l\u00ea di heman dem\u00ea de li be\u015f\u00ean din \u00ean Kurdistan\u00ea j\u00ee bi n\u00eegeran\u00ee t\u00ea d\u00eetin. Dr. Ebas Wel\u00ee, L\u00eakoler\u00ea Pirs\u00ean Siyas\u00ee \u00fb Civak\u00ee li Stenbol\u00ea, li ser v\u00ea mijar\u00ea diaxive.","title":"Ji Qurbaniyan Ber Bi N\u00eegeraniyan Ve: \u00c7aren\u00fbsa Destkeftiy\u00ean Kurd\u00ea Rojava","topic":"V\u00eedyo Galer\u00ee","translation_language":"","url":"https://voa-video-ns.akamaized.net/pangeavideo/2026/08/a/ad/ad84a368-d86a-405a-ca79-08decaecd3b3_1080p.mp4?cb=ee2213ce4","video_url":"https://voa-video-ns.akamaized.net/pangeavideo/2026/08/a/ad/ad84a368-d86a-405a-ca79-08decaecd3b3_1080p.mp4?cb=ee2213ce4"}],"next_num":6,"page":5,"pages":26,"per_page":20,"prev_num":4,"total":513}
