{"applied_filters":{"end_date":"","lang":"","language":"","network":"","page":5,"per_page":20,"search":"","source":"radiotelevisionmarti_com_direct","start_date":"","topic":"","type":""},"available_filters":{"language_choices":[{"label":"Choose Language","value":""},{"label":"Espa\u00f1ol","value":"Espa\u00f1ol"}],"network_choices":[{"label":"All networks","value":""},{"label":"OCB","value":"OCB"}],"source_choices":[{"label":"All sources","value":""},{"label":"Current Time","value":"currenttime_tv_direct"},{"label":"Current Time","value":"currenttime_tv_rss"},{"label":"Da Azadi Radio","value":"da_azadiradio_com_rss"},{"label":"Darivoa","value":"darivoa_com_rss"},{"label":"Dengeamerika","value":"dengeamerika_com_direct"},{"label":"Dengeamerika","value":"dengeamerika_com_rss"},{"label":"Dengiamerika","value":"dengiamerika_com_direct"},{"label":"Dengiamerika","value":"dengiamerika_com_rss"},{"label":"Editorials VOA","value":"editorials_voa_gov_rss"},{"label":"Golosameriki","value":"golosameriki_com_direct"},{"label":"Golosameriki","value":"golosameriki_com_rss"},{"label":"Ir VOA News","value":"ir_voanews_com_rss"},{"label":"Mashaalradio","value":"mashaalradio_com_direct"},{"label":"Moldova Europalibera","value":"moldova_europalibera_org_direct"},{"label":"Moldova Europalibera","value":"moldova_europalibera_org_rss"},{"label":"OCB \u00b7 Caf\u00e9 Digital","value":"ocb_spanish_audio_html_scrape"},{"label":"OCB \u00b7 Liberaci\u00f3n","value":"ocb_spanish_audio_html_scrape_1001"},{"label":"OCB \u00b7 Programas de Radio Nuestra Am\u00e9rica","value":"ocb_spanish_audio_html_scrape_1016"},{"label":"OCB \u00b7 Agenda hemisf\u00e9rica","value":"ocb_spanish_audio_html_scrape_1028"},{"label":"OCB \u00b7 El futuro es ya","value":"ocb_spanish_audio_html_scrape_1056"},{"label":"OCB \u00b7 Foro abierto","value":"ocb_spanish_audio_html_scrape_1061"},{"label":"OCB \u00b7 Nicaragua al d\u00eda","value":"ocb_spanish_audio_html_scrape_1077"},{"label":"OCB \u00b7 La bola nostra","value":"ocb_spanish_audio_html_scrape_1078"},{"label":"OCB \u00b7 Taller de prensa","value":"ocb_spanish_audio_html_scrape_1103"},{"label":"OCB \u00b7 Las noticias como son","value":"ocb_spanish_audio_html_scrape_142"},{"label":"OCB \u00b7 Abriendo Espacios","value":"ocb_spanish_audio_html_scrape_562"},{"label":"OCB \u00b7 Mart\u00ed Noticias A.M.","value":"ocb_spanish_audio_html_scrape_668"},{"label":"OCB Spanish Audio","value":"ocb_spanish_audio_scrape"},{"label":"OCB Spanish Video","value":"ocb_spanish_video_scrape"},{"label":"Pa Azadi Radio","value":"pa_azadiradio_com_rss"},{"label":"Pashtovoa","value":"pashtovoa_com_rss"},{"label":"Radiofaarda","value":"radiofaarda_com_direct"},{"label":"Radio Farda","value":"radiofarda_com_direct"},{"label":"Radio Farda","value":"radiofarda_com_rss"},{"label":"Radiosvoboda","value":"radiosvoboda_org_rss"},{"label":"Radiotavisupleba","value":"radiotavisupleba_ge_direct"},{"label":"Radiotavisupleba","value":"radiotavisupleba_ge_rss"},{"label":"Radiotelevisionmarti","value":"radiotelevisionmarti_com_direct"},{"label":"Radiotelevisionmarti","value":"radiotelevisionmarti_com_rss"},{"label":"RFA Burmese","value":"rfa_burmese_rss"},{"label":"RFA Burmese Video Scrape","value":"rfa_burmese_video_scrape"},{"label":"RFA Cantonese","value":"rfa_cantonese_rss"},{"label":"RFA Cantonese Video Scrape","value":"rfa_cantonese_video_scrape"},{"label":"RFA English RSS","value":"rfa_english_rss"},{"label":"RFA English Video","value":"rfa_english_video_scrape"},{"label":"RFA Khmer","value":"rfa_khmer_rss"},{"label":"RFA Khmer Video Scrape","value":"rfa_khmer_video_scrape"},{"label":"RFA Korean","value":"rfa_korean_rss"},{"label":"RFA Korean Video Scrape","value":"rfa_korean_video_scrape"},{"label":"RFA Lao","value":"rfa_lao_rss"},{"label":"RFA Lao Video Scrape","value":"rfa_lao_video_scrape"},{"label":"RFA Mandarin","value":"rfa_mandarin_rss"},{"label":"RFA Mandarin Video Scrape","value":"rfa_mandarin_video_scrape"},{"label":"RFA Tibetan","value":"rfa_tibetan_rss"},{"label":"RFA Tibetan Video Scrape","value":"rfa_tibetan_video_scrape"},{"label":"RFA Uyghur","value":"rfa_uyghur_rss"},{"label":"RFA Uyghur Video Scrape","value":"rfa_uyghur_video_scrape"},{"label":"RFA Vietnamese","value":"rfa_vietnamese_rss"},{"label":"RFA Vietnamese Video Scrape","value":"rfa_vietnamese_video_scrape"},{"label":"RFE/RL Direct","value":"rferl_direct"},{"label":"RFE/RL","value":"rferl_org_rss"},{"label":"Slobodnaevropa","value":"slobodnaevropa_org_direct"},{"label":"Slobodnaevropa","value":"slobodnaevropa_org_rss"},{"label":"Svoboda","value":"svoboda_org_direct"},{"label":"Svoboda","value":"svoboda_org_rss"},{"label":"Ukrainian VOA News","value":"ukrainian_voanews_com_rss"},{"label":"VOA Chinese Direct","value":"voa_chinese_direct"},{"label":"VOA Chinese RSS","value":"voa_chinese_rss"},{"label":"VOA Dari Direct","value":"voa_dari_direct"},{"label":"VOA Korea Direct","value":"voa_korea_direct"},{"label":"VOA Pashto Direct","value":"voa_pashto_direct"},{"label":"VOA Persian Direct","value":"voa_persian_direct"},{"label":"Voakorea","value":"voakorea_com_rss"}],"sources":["currenttime_tv_direct","currenttime_tv_rss","da_azadiradio_com_rss","darivoa_com_rss","dengeamerika_com_direct","dengeamerika_com_rss","dengiamerika_com_direct","dengiamerika_com_rss","editorials_voa_gov_rss","golosameriki_com_direct","golosameriki_com_rss","ir_voanews_com_rss","mashaalradio_com_direct","moldova_europalibera_org_direct","moldova_europalibera_org_rss","ocb_spanish_audio_html_scrape","ocb_spanish_audio_html_scrape_1001","ocb_spanish_audio_html_scrape_1016","ocb_spanish_audio_html_scrape_1028","ocb_spanish_audio_html_scrape_1056","ocb_spanish_audio_html_scrape_1061","ocb_spanish_audio_html_scrape_1077","ocb_spanish_audio_html_scrape_1078","ocb_spanish_audio_html_scrape_1103","ocb_spanish_audio_html_scrape_142","ocb_spanish_audio_html_scrape_562","ocb_spanish_audio_html_scrape_668","ocb_spanish_audio_scrape","ocb_spanish_video_scrape","pa_azadiradio_com_rss","pashtovoa_com_rss","radiofaarda_com_direct","radiofarda_com_direct","radiofarda_com_rss","radiosvoboda_org_rss","radiotavisupleba_ge_direct","radiotavisupleba_ge_rss","radiotelevisionmarti_com_direct","radiotelevisionmarti_com_rss","rfa_burmese_rss","rfa_burmese_video_scrape","rfa_cantonese_rss","rfa_cantonese_video_scrape","rfa_english_rss","rfa_english_video_scrape","rfa_khmer_rss","rfa_khmer_video_scrape","rfa_korean_rss","rfa_korean_video_scrape","rfa_lao_rss","rfa_lao_video_scrape","rfa_mandarin_rss","rfa_mandarin_video_scrape","rfa_tibetan_rss","rfa_tibetan_video_scrape","rfa_uyghur_rss","rfa_uyghur_video_scrape","rfa_vietnamese_rss","rfa_vietnamese_video_scrape","rferl_direct","rferl_org_rss","slobodnaevropa_org_direct","slobodnaevropa_org_rss","svoboda_org_direct","svoboda_org_rss","ukrainian_voanews_com_rss","voa_chinese_direct","voa_chinese_rss","voa_dari_direct","voa_korea_direct","voa_pashto_direct","voa_persian_direct","voakorea_com_rss"],"topics":["Barrio Adentro","Cuba al D\u00eda","Cuba en la Memoria","De cara al sol","Hablando claro","La libertad es una librer\u00eda","Lawton Libre","Liberaci\u00f3n","Taller de prensa"],"types":[["","All types"],["audio","Audio"],["media","Media"]]},"has_next":true,"has_prev":true,"items":[{"article_body_paragraphs":[],"audio_source_url":"https://ocb-audio-ns.akamaized.net/cu/2026/07/24/20260724-180000-cu004-program_hq.mp3","author":"Mario J. Pent\u00f3n","available_dubs":[],"downloadable_assets":["https://ocb-audio-ns.akamaized.net/cu/2026/07/24/20260724-180000-cu004-program_hq.mp3"],"duration_display":"29:59","duration_seconds":1799.0,"embed_url":null,"id":1141,"image_caption":null,"image_url":"https://gdb.martinoticias.com/cb75a074-a814-4e7a-df7e-08de31a8b205_mw2048_mh2048_n.jpg","is_clip":false,"item_type":"audio","item_type_label":"Audio","language_label":"Espa\u00f1ol","media_credit":"OCB","micro_label":"Audio program","micro_label_kind":"audio","network_label":"OCB","network_logo_url":"/static/uploads/direct_network_logos/ocb_0888427dcb1d.svg","published_at":"2026-07-24T18:00:00","published_at_display":"24 Jul 2026, 18:00 GMT","sequence_badge_label":null,"sequence_count":null,"sequence_count_label":null,"sequence_frames":[],"sequence_kind":null,"source_name":"radiotelevisionmarti_com_direct","source_name_label":"Radiotelevisionmarti","source_type":"direct_api","summary":"Despu\u00e9s de 36 a\u00f1os de operaciones, Meli\u00e1 abandona completamente Cuba. La mayor cadena hotelera extranjera de la isla pone fin a una etapa hist\u00f3rica marcada por el deterioro del turismo, la crisis econ\u00f3mica y las sanciones de Estados Unidos","title":"Cuba al D\u00eda con Elias Amor y Hugo Ach\u00e1","topic":"Cuba al D\u00eda","translation_language":"","url":"https://ocb-audio-ns.akamaized.net/cu/2026/07/24/20260724-180000-cu004-program_hq.mp3","video_url":null},{"article_body_paragraphs":[],"audio_source_url":"https://ocb-audio-ns.akamaized.net/cu/2026/07/24/20260724-153000-cu004-program_hq.mp3","author":"Janisset Rivero","available_dubs":[],"downloadable_assets":["https://ocb-audio-ns.akamaized.net/cu/2026/07/24/20260724-153000-cu004-program_hq.mp3"],"duration_display":"29:59","duration_seconds":1799.0,"embed_url":null,"id":1142,"image_caption":null,"image_url":"https://gdb.martinoticias.com/323ed315-36ac-4f65-0387-08decd63a0c8_mw2048_mh2048_n.jpg","is_clip":false,"item_type":"audio","item_type_label":"Audio","language_label":"Espa\u00f1ol","media_credit":"OCB","micro_label":"Audio program","micro_label_kind":"audio","network_label":"OCB","network_logo_url":"/static/uploads/direct_network_logos/ocb_0888427dcb1d.svg","published_at":"2026-07-24T15:30:00","published_at_display":"24 Jul 2026, 15:30 GMT","sequence_badge_label":null,"sequence_count":null,"sequence_count_label":null,"sequence_frames":[],"sequence_kind":null,"source_name":"radiotelevisionmarti_com_direct","source_name_label":"Radiotelevisionmarti","source_type":"direct_api","summary":"La realidad de Cuba a trav\u00e9s del testimonio de residentes dentro de la isla, quienes actualizar\u00e1n el panorama interno de la mano de su conductora, la activista y escritora cubana Janisset Rivero.","title":"Yanet Rodr\u00edguez Santos","topic":"Barrio Adentro","translation_language":"","url":"https://ocb-audio-ns.akamaized.net/cu/2026/07/24/20260724-153000-cu004-program_hq.mp3","video_url":null},{"article_body_paragraphs":[],"audio_source_url":"https://ocb-audio-ns.akamaized.net/cu/2026/07/23/20260723-223000-cu004-program_hq.mp3","author":"Regis Iglesias","available_dubs":[],"downloadable_assets":["https://ocb-audio-ns.akamaized.net/cu/2026/07/23/20260723-223000-cu004-program_hq.mp3"],"duration_display":"29:59","duration_seconds":1799.0,"embed_url":null,"id":1143,"image_caption":null,"image_url":"https://gdb.martinoticias.com/096178d6-ac3e-454d-263c-08de274e8135_mw2048_mh2048_n.jpg","is_clip":false,"item_type":"audio","item_type_label":"Audio","language_label":"Espa\u00f1ol","media_credit":"OCB","micro_label":"Audio program","micro_label_kind":"audio","network_label":"OCB","network_logo_url":"/static/uploads/direct_network_logos/ocb_0888427dcb1d.svg","published_at":"2026-07-23T22:30:00","published_at_display":"23 Jul 2026, 22:30 GMT","sequence_badge_label":null,"sequence_count":null,"sequence_count_label":null,"sequence_frames":[],"sequence_kind":null,"source_name":"radiotelevisionmarti_com_direct","source_name_label":"Radiotelevisionmarti","source_type":"direct_api","summary":"Liberaci\u00f3n es un espacio radial con Regis Iglesias, portavoz del Movimiento Cristiano Liberaci\u00f3n, para abordar temas de actualidad y fomentar las voces e iniciativas que buscan transformar positivamente la sociedad cubana.","title":"El Movimiento Cristiano Liberaci\u00f3n honra el legado de Oswaldo Pay\u00e1 y Harold Cepero: \"La noche no ser\u00e1 eterna\u201d","topic":"Liberaci\u00f3n","translation_language":"","url":"https://ocb-audio-ns.akamaized.net/cu/2026/07/23/20260723-223000-cu004-program_hq.mp3","video_url":null},{"article_body_paragraphs":[],"audio_source_url":"https://ocb-audio-ns.akamaized.net/cu/2026/07/23/20260723-180000-cu004-program_hq.mp3","author":"Mario J. Pent\u00f3n","available_dubs":[],"downloadable_assets":["https://ocb-audio-ns.akamaized.net/cu/2026/07/23/20260723-180000-cu004-program_hq.mp3"],"duration_display":"29:59","duration_seconds":1799.0,"embed_url":null,"id":709,"image_caption":null,"image_url":"https://gdb.martinoticias.com/cb75a074-a814-4e7a-df7e-08de31a8b205_mw2048_mh2048_n.jpg","is_clip":false,"item_type":"audio","item_type_label":"Audio","language_label":"Espa\u00f1ol","media_credit":"OCB","micro_label":"Audio program","micro_label_kind":"audio","network_label":"OCB","network_logo_url":"/static/uploads/direct_network_logos/ocb_0888427dcb1d.svg","published_at":"2026-07-23T18:00:00","published_at_display":"23 Jul 2026, 18:00 GMT","sequence_badge_label":null,"sequence_count":null,"sequence_count_label":null,"sequence_frames":[],"sequence_kind":null,"source_name":"radiotelevisionmarti_com_direct","source_name_label":"Radiotelevisionmarti","source_type":"direct_api","summary":"Cuba se queda vac\u00eda de habitantes, pues cuenta con una poblaci\u00f3n mayoritariamente anciana y en La Habana contin\u00faan las protestas ciudadanas en medio del colapso energ\u00e9tico","title":"Cuba al D\u00eda con Elaine Acosta","topic":"Cuba al D\u00eda","translation_language":"","url":"https://ocb-audio-ns.akamaized.net/cu/2026/07/23/20260723-180000-cu004-program_hq.mp3","video_url":null},{"article_body_paragraphs":[],"audio_source_url":"https://ocb-audio-ns.akamaized.net/cu/2026/07/23/20260723-153000-cu004-program_hq.mp3","author":"Janisset Rivero","available_dubs":[],"downloadable_assets":["https://ocb-audio-ns.akamaized.net/cu/2026/07/23/20260723-153000-cu004-program_hq.mp3"],"duration_display":"29:59","duration_seconds":1799.0,"embed_url":null,"id":262,"image_caption":null,"image_url":"https://gdb.martinoticias.com/58dad536-4428-485c-6860-08def2ff2efe_mw2048_mh2048_n.jpg","is_clip":false,"item_type":"audio","item_type_label":"Audio","language_label":"Espa\u00f1ol","media_credit":"OCB","micro_label":"Audio program","micro_label_kind":"audio","network_label":"OCB","network_logo_url":"/static/uploads/direct_network_logos/ocb_0888427dcb1d.svg","published_at":"2026-07-23T15:30:00","published_at_display":"23 Jul 2026, 15:30 GMT","sequence_badge_label":null,"sequence_count":null,"sequence_count_label":null,"sequence_frames":[],"sequence_kind":null,"source_name":"radiotelevisionmarti_com_direct","source_name_label":"Radiotelevisionmarti","source_type":"direct_api","summary":"La realidad de Cuba a trav\u00e9s del testimonio de residentes dentro de la isla, quienes actualizar\u00e1n el panorama interno de la mano de su conductora, la activista y escritora cubana Janisset Rivero.","title":"Padre Juan L\u00e1zaro Veliz","topic":"Barrio Adentro","translation_language":"","url":"https://ocb-audio-ns.akamaized.net/cu/2026/07/23/20260723-153000-cu004-program_hq.mp3","video_url":null},{"article_body_paragraphs":[],"audio_source_url":"https://ocb-audio-ns.akamaized.net/cu/2026/07/23/20260723-150000-cu004-program_hq.mp3","author":"Oscar El\u00edas Biscet","available_dubs":[],"downloadable_assets":["https://ocb-audio-ns.akamaized.net/cu/2026/07/23/20260723-150000-cu004-program_hq.mp3"],"duration_display":"29:59","duration_seconds":1799.0,"embed_url":null,"id":263,"image_caption":null,"image_url":"https://gdb.martinoticias.com/01000000-0aff-0242-2f63-08dbcb434ef2_mw2048_mh2048_n.png","is_clip":false,"item_type":"audio","item_type_label":"Audio","language_label":"Espa\u00f1ol","media_credit":"OCB","micro_label":"Audio program","micro_label_kind":"audio","network_label":"OCB","network_logo_url":"/static/uploads/direct_network_logos/ocb_0888427dcb1d.svg","published_at":"2026-07-23T15:00:00","published_at_display":"23 Jul 2026, 15:00 GMT","sequence_badge_label":null,"sequence_count":null,"sequence_count_label":null,"sequence_frames":[],"sequence_kind":null,"source_name":"radiotelevisionmarti_com_direct","source_name_label":"Radiotelevisionmarti","source_type":"direct_api","summary":"El reconocido opositor cubano Dr. Oscar El\u00edas Biscet aborda la situaci\u00f3n de los derechos humanos en Cuba y la conquista de las libertades b\u00e1sicas de los cubanos, bajo el precepto de que \u201csi aprendes a ser libre, todos los seremos\u201d. Correo Electr\u00f3nico: lawtonlibremarti@gmail.com","title":"Lawton Libre","topic":"Lawton Libre","translation_language":"","url":"https://ocb-audio-ns.akamaized.net/cu/2026/07/23/20260723-150000-cu004-program_hq.mp3","video_url":null},{"article_body_paragraphs":[],"audio_source_url":"https://ocb-audio-ns.akamaized.net/cu/2026/07/22/20260722-180000-cu004-program_hq.mp3","author":"Mario J. Pent\u00f3n","available_dubs":[],"downloadable_assets":["https://ocb-audio-ns.akamaized.net/cu/2026/07/22/20260722-180000-cu004-program_hq.mp3"],"duration_display":"29:58","duration_seconds":1798.0,"embed_url":null,"id":264,"image_caption":null,"image_url":"https://gdb.martinoticias.com/cb75a074-a814-4e7a-df7e-08de31a8b205_mw2048_mh2048_n.jpg","is_clip":false,"item_type":"audio","item_type_label":"Audio","language_label":"Espa\u00f1ol","media_credit":"OCB","micro_label":"Audio program","micro_label_kind":"audio","network_label":"OCB","network_logo_url":"/static/uploads/direct_network_logos/ocb_0888427dcb1d.svg","published_at":"2026-07-22T18:00:00","published_at_display":"22 Jul 2026, 18:00 GMT","sequence_badge_label":null,"sequence_count":null,"sequence_count_label":null,"sequence_frames":[],"sequence_kind":null,"source_name":"radiotelevisionmarti_com_direct","source_name_label":"Radiotelevisionmarti","source_type":"direct_api","summary":"Todas la grandes hoteleras se van de la isla tras las sanciones de Los Estados Unidos a Cuba","title":"Cuba al D\u00eda con Mauricio Miranda de Parrondo","topic":"Cuba al D\u00eda","translation_language":"","url":"https://ocb-audio-ns.akamaized.net/cu/2026/07/22/20260722-180000-cu004-program_hq.mp3","video_url":null},{"article_body_paragraphs":[],"audio_source_url":"https://ocb-audio-ns.akamaized.net/cu/2026/07/22/20260722-153000-cu004-program_hq.mp3","author":"Janisset Rivero","available_dubs":[],"downloadable_assets":["https://ocb-audio-ns.akamaized.net/cu/2026/07/22/20260722-153000-cu004-program_hq.mp3"],"duration_display":"29:59","duration_seconds":1799.0,"embed_url":null,"id":265,"image_caption":null,"image_url":"https://gdb.martinoticias.com/c011b80e-3d2e-416f-686c-08def2ff2efe_mw2048_mh2048_n.jpg","is_clip":false,"item_type":"audio","item_type_label":"Audio","language_label":"Espa\u00f1ol","media_credit":"OCB","micro_label":"Audio program","micro_label_kind":"audio","network_label":"OCB","network_logo_url":"/static/uploads/direct_network_logos/ocb_0888427dcb1d.svg","published_at":"2026-07-22T15:30:00","published_at_display":"22 Jul 2026, 15:30 GMT","sequence_badge_label":null,"sequence_count":null,"sequence_count_label":null,"sequence_frames":[],"sequence_kind":null,"source_name":"radiotelevisionmarti_com_direct","source_name_label":"Radiotelevisionmarti","source_type":"direct_api","summary":"La realidad de Cuba a trav\u00e9s del testimonio de residentes dentro de la isla, quienes actualizar\u00e1n el panorama interno de la mano de su conductora, la activista y escritora cubana Janisset Rivero.","title":"Yeris Curbelo Aguilera, Periodista Independiente desde Caimanera, Guant\u00e1namo","topic":"Barrio Adentro","translation_language":"","url":"https://ocb-audio-ns.akamaized.net/cu/2026/07/22/20260722-153000-cu004-program_hq.mp3","video_url":null},{"article_body_paragraphs":[],"audio_source_url":"https://ocb-audio-ns.akamaized.net/cu/2026/07/21/d722ff4f-bc84-417c-ceee-08decd5b38e4_hq.mp3","author":"Rolando Cartaya","available_dubs":[],"downloadable_assets":["https://ocb-audio-ns.akamaized.net/cu/2026/07/21/d722ff4f-bc84-417c-ceee-08decd5b38e4_hq.mp3"],"duration_display":"24:48","duration_seconds":1488.0,"embed_url":null,"id":266,"image_caption":null,"image_url":"https://gdb.martinoticias.com/b76d8c39-52a6-4ca4-d0f4-08debb53aba1_mw2048_mh2048_n.jpg","is_clip":false,"item_type":"audio","item_type_label":"Audio","language_label":"Espa\u00f1ol","media_credit":"OCB","micro_label":"Audio program","micro_label_kind":"audio","network_label":"OCB","network_logo_url":"/static/uploads/direct_network_logos/ocb_0888427dcb1d.svg","published_at":"2026-07-21T18:53:19.820000","published_at_display":"21 Jul 2026, 18:53 GMT","sequence_badge_label":null,"sequence_count":null,"sequence_count_label":null,"sequence_frames":[],"sequence_kind":null,"source_name":"radiotelevisionmarti_com_direct","source_name_label":"Radiotelevisionmarti","source_type":"direct_api","summary":"Este programa, conducido por el periodista Rolando Cartaya, recorre t\u00e9cnicas y principios de la comunicaci\u00f3n desde el periodismo cl\u00e1sico hasta las redes sociales. Ofrece herramientas para informar lo que ocurre en tu comunidad. \u201cNo odies a los medios: convi\u00e9rtete en ellos\u201d, invita Cartaya","title":"Taller de Prensa con la periodista independiente Iliana Hern\u00e1ndez","topic":"Taller de prensa","translation_language":"","url":"https://ocb-audio-ns.akamaized.net/cu/2026/07/21/d722ff4f-bc84-417c-ceee-08decd5b38e4_hq.mp3","video_url":null},{"article_body_paragraphs":[],"audio_source_url":"https://ocb-audio-ns.akamaized.net/cu/2026/07/21/20260721-180000-cu004-program_hq.mp3","author":"Mario J. Pent\u00f3n","available_dubs":[],"downloadable_assets":["https://ocb-audio-ns.akamaized.net/cu/2026/07/21/20260721-180000-cu004-program_hq.mp3"],"duration_display":"29:59","duration_seconds":1799.0,"embed_url":null,"id":267,"image_caption":null,"image_url":"https://gdb.martinoticias.com/cb75a074-a814-4e7a-df7e-08de31a8b205_mw2048_mh2048_n.jpg","is_clip":false,"item_type":"audio","item_type_label":"Audio","language_label":"Espa\u00f1ol","media_credit":"OCB","micro_label":"Audio program","micro_label_kind":"audio","network_label":"OCB","network_logo_url":"/static/uploads/direct_network_logos/ocb_0888427dcb1d.svg","published_at":"2026-07-21T18:00:00","published_at_display":"21 Jul 2026, 18:00 GMT","sequence_badge_label":null,"sequence_count":null,"sequence_count_label":null,"sequence_frames":[],"sequence_kind":null,"source_name":"radiotelevisionmarti_com_direct","source_name_label":"Radiotelevisionmarti","source_type":"direct_api","summary":"Activista cubano que decidi\u00f3 regresar a Cuba desde Miami, denuncia que le fue negada la entrada a La Habana y reporte investigativo refleja m\u00faltiples casos de incidentes que conllevaron a la muerte de jovenes, en el servicio militar obligatorio en Cuba","title":"Cuba al D\u00eda con Agust\u00edn L\u00f3pez y Jos\u00e9 Manuel Gonz\u00e1lez","topic":"Cuba al D\u00eda","translation_language":"","url":"https://ocb-audio-ns.akamaized.net/cu/2026/07/21/20260721-180000-cu004-program_hq.mp3","video_url":null},{"article_body_paragraphs":[],"audio_source_url":"https://ocb-audio-ns.akamaized.net/cu/2026/07/21/20260721-153000-cu004-program_hq.mp3","author":"Janisset Rivero","available_dubs":[],"downloadable_assets":["https://ocb-audio-ns.akamaized.net/cu/2026/07/21/20260721-153000-cu004-program_hq.mp3"],"duration_display":"29:59","duration_seconds":1799.0,"embed_url":null,"id":268,"image_caption":null,"image_url":"https://gdb.martinoticias.com/578bc7b2-61ff-447f-686d-08def2ff2efe_mw2048_mh2048_n.jpg","is_clip":false,"item_type":"audio","item_type_label":"Audio","language_label":"Espa\u00f1ol","media_credit":"OCB","micro_label":"Audio program","micro_label_kind":"audio","network_label":"OCB","network_logo_url":"/static/uploads/direct_network_logos/ocb_0888427dcb1d.svg","published_at":"2026-07-21T15:30:00","published_at_display":"21 Jul 2026, 15:30 GMT","sequence_badge_label":null,"sequence_count":null,"sequence_count_label":null,"sequence_frames":[],"sequence_kind":null,"source_name":"radiotelevisionmarti_com_direct","source_name_label":"Radiotelevisionmarti","source_type":"direct_api","summary":"La realidad de Cuba a trav\u00e9s del testimonio de residentes dentro de la isla, quienes actualizar\u00e1n el panorama interno de la mano de su conductora, la activista y escritora cubana Janisset Rivero.","title":"Aniesky Calder\u00edn Acosta, Hermano del preso pol\u00edtico, Alieski Calder\u00edn Acosta","topic":"Barrio Adentro","translation_language":"","url":"https://ocb-audio-ns.akamaized.net/cu/2026/07/21/20260721-153000-cu004-program_hq.mp3","video_url":null},{"article_body_paragraphs":[],"audio_source_url":"https://ocb-audio-ns.akamaized.net/cu/2026/07/21/20260721-150000-cu004-program_hq.mp3","author":"Oscar El\u00edas Biscet","available_dubs":[],"downloadable_assets":["https://ocb-audio-ns.akamaized.net/cu/2026/07/21/20260721-150000-cu004-program_hq.mp3"],"duration_display":"29:59","duration_seconds":1799.0,"embed_url":null,"id":269,"image_caption":null,"image_url":"https://gdb.martinoticias.com/01000000-0aff-0242-2f63-08dbcb434ef2_mw2048_mh2048_n.png","is_clip":false,"item_type":"audio","item_type_label":"Audio","language_label":"Espa\u00f1ol","media_credit":"OCB","micro_label":"Audio program","micro_label_kind":"audio","network_label":"OCB","network_logo_url":"/static/uploads/direct_network_logos/ocb_0888427dcb1d.svg","published_at":"2026-07-21T15:00:00","published_at_display":"21 Jul 2026, 15:00 GMT","sequence_badge_label":null,"sequence_count":null,"sequence_count_label":null,"sequence_frames":[],"sequence_kind":null,"source_name":"radiotelevisionmarti_com_direct","source_name_label":"Radiotelevisionmarti","source_type":"direct_api","summary":"El reconocido opositor cubano Dr. Oscar El\u00edas Biscet aborda la situaci\u00f3n de los derechos humanos en Cuba y la conquista de las libertades b\u00e1sicas de los cubanos, bajo el precepto de que \u201csi aprendes a ser libre, todos los seremos\u201d. Correo Electr\u00f3nico: lawtonlibremarti@gmail.com","title":"Lawton Libre","topic":"Lawton Libre","translation_language":"","url":"https://ocb-audio-ns.akamaized.net/cu/2026/07/21/20260721-150000-cu004-program_hq.mp3","video_url":null},{"article_body_paragraphs":[],"audio_source_url":"https://ocb-audio-ns.akamaized.net/cu/2026/07/20/5df517cb-a272-46ef-031f-08decd63a0c8_hq.mp3","author":"Ninoska P\u00e9rez Castell\u00f3n","available_dubs":[],"downloadable_assets":["https://ocb-audio-ns.akamaized.net/cu/2026/07/20/5df517cb-a272-46ef-031f-08decd63a0c8_hq.mp3"],"duration_display":"6:51","duration_seconds":411.0,"embed_url":null,"id":270,"image_caption":null,"image_url":"https://gdb.martinoticias.com/a76043c8-19cf-4ee8-2c38-08de3c04d4d2_mw2048_mh2048_n.png","is_clip":false,"item_type":"audio","item_type_label":"Audio","language_label":"Espa\u00f1ol","media_credit":"OCB","micro_label":"Audio program","micro_label_kind":"audio","network_label":"OCB","network_logo_url":"/static/uploads/direct_network_logos/ocb_0888427dcb1d.svg","published_at":"2026-07-21T14:00:00","published_at_display":"21 Jul 2026, 14:00 GMT","sequence_badge_label":null,"sequence_count":null,"sequence_count_label":null,"sequence_frames":[],"sequence_kind":null,"source_name":"radiotelevisionmarti_com_direct","source_name_label":"Radiotelevisionmarti","source_type":"direct_api","summary":"El ganador de un Grammy se pudre en prisi\u00f3n.","title":"D\u00f3nde est\u00e1 la indignaci\u00f3n ?","topic":"Hablando claro","translation_language":"","url":"https://ocb-audio-ns.akamaized.net/cu/2026/07/20/5df517cb-a272-46ef-031f-08decd63a0c8_hq.mp3","video_url":null},{"article_body_paragraphs":[],"audio_source_url":"https://ocb-audio-ns.akamaized.net/cu/2026/07/20/2bb1766d-45cd-4f48-59bd-08decd6ea425_hq.mp3","author":"Zo\u00e9 Vald\u00e9s","available_dubs":[],"downloadable_assets":["https://ocb-audio-ns.akamaized.net/cu/2026/07/20/2bb1766d-45cd-4f48-59bd-08decd6ea425_hq.mp3"],"duration_display":"22:34","duration_seconds":1354.0,"embed_url":null,"id":271,"image_caption":null,"image_url":"https://gdb.martinoticias.com/3d4c6dde-23e8-4f4d-0e56-08dd4aae873c_mw2048_mh2048_n.png","is_clip":false,"item_type":"audio","item_type_label":"Audio","language_label":"Espa\u00f1ol","media_credit":"OCB","micro_label":"Audio program","micro_label_kind":"audio","network_label":"OCB","network_logo_url":"/static/uploads/direct_network_logos/ocb_0888427dcb1d.svg","published_at":"2026-07-20T19:46:39.807000","published_at_display":"20 Jul 2026, 19:46 GMT","sequence_badge_label":null,"sequence_count":null,"sequence_count_label":null,"sequence_frames":[],"sequence_kind":null,"source_name":"radiotelevisionmarti_com_direct","source_name_label":"Radiotelevisionmarti","source_type":"direct_api","summary":"Publicaci\u00f3n oficiosas de la Capitan\u00eda General de la capital de las Antillas espa\u00f1olas, de las que desde finales del siglo XVIII se hab\u00eda hecho cargo de su propiedad, edici\u00f3n y direcci\u00f3n la Real Sociedad Patri\u00f3tica.","title":"Diario de La Habana. Autor: Gobierno Constitucional de Cuba.","topic":"La libertad es una librer\u00eda","translation_language":"","url":"https://ocb-audio-ns.akamaized.net/cu/2026/07/20/2bb1766d-45cd-4f48-59bd-08decd6ea425_hq.mp3","video_url":null},{"article_body_paragraphs":[],"audio_source_url":"https://ocb-audio-ns.akamaized.net/cu/2026/07/20/20260720-180000-cu004-program_hq.mp3","author":"Mario J. Pent\u00f3n","available_dubs":[],"downloadable_assets":["https://ocb-audio-ns.akamaized.net/cu/2026/07/20/20260720-180000-cu004-program_hq.mp3"],"duration_display":"29:59","duration_seconds":1799.0,"embed_url":null,"id":275,"image_caption":null,"image_url":"https://gdb.martinoticias.com/cb75a074-a814-4e7a-df7e-08de31a8b205_mw2048_mh2048_n.jpg","is_clip":false,"item_type":"audio","item_type_label":"Audio","language_label":"Espa\u00f1ol","media_credit":"OCB","micro_label":"Audio program","micro_label_kind":"audio","network_label":"OCB","network_logo_url":"/static/uploads/direct_network_logos/ocb_0888427dcb1d.svg","published_at":"2026-07-20T18:00:00","published_at_display":"20 Jul 2026, 18:00 GMT","sequence_badge_label":null,"sequence_count":null,"sequence_count_label":null,"sequence_frames":[],"sequence_kind":null,"source_name":"radiotelevisionmarti_com_direct","source_name_label":"Radiotelevisionmarti","source_type":"direct_api","summary":"Informe del Departamento de Estado sobre Cuba pone a La Habana en el centro de una red continental de influencia pol\u00edtica, de exportaci\u00f3n revolucionaria y de alianza antiestadounidense","title":"Cuba al D\u00eda con Hugo Ach\u00e1 y Pepe Cohen","topic":"Cuba al D\u00eda","translation_language":"","url":"https://ocb-audio-ns.akamaized.net/cu/2026/07/20/20260720-180000-cu004-program_hq.mp3","video_url":null},{"article_body_paragraphs":[],"audio_source_url":"https://ocb-audio-ns.akamaized.net/cu/2026/07/20/20260720-153000-cu004-program_hq.mp3","author":"Janisset Rivero","available_dubs":[],"downloadable_assets":["https://ocb-audio-ns.akamaized.net/cu/2026/07/20/20260720-153000-cu004-program_hq.mp3"],"duration_display":"29:59","duration_seconds":1799.0,"embed_url":null,"id":276,"image_caption":null,"image_url":"https://gdb.martinoticias.com/acd124a4-11bf-47dd-cf53-08decd5b38e4_mw2048_mh2048_n.jpg","is_clip":false,"item_type":"audio","item_type_label":"Audio","language_label":"Espa\u00f1ol","media_credit":"OCB","micro_label":"Audio program","micro_label_kind":"audio","network_label":"OCB","network_logo_url":"/static/uploads/direct_network_logos/ocb_0888427dcb1d.svg","published_at":"2026-07-20T15:30:00","published_at_display":"20 Jul 2026, 15:30 GMT","sequence_badge_label":null,"sequence_count":null,"sequence_count_label":null,"sequence_frames":[],"sequence_kind":null,"source_name":"radiotelevisionmarti_com_direct","source_name_label":"Radiotelevisionmarti","source_type":"direct_api","summary":"La realidad de Cuba a trav\u00e9s del testimonio de residentes dentro de la isla, quienes actualizar\u00e1n el panorama interno de la mano de su conductora, la activista y escritora cubana Janisset Rivero.","title":"Yadisley Rodr\u00edguez Ram\u00edrez, Periodista Independiente Camag\u00fcey","topic":"Barrio Adentro","translation_language":"","url":"https://ocb-audio-ns.akamaized.net/cu/2026/07/20/20260720-153000-cu004-program_hq.mp3","video_url":null},{"article_body_paragraphs":[],"audio_source_url":"https://ocb-audio-ns.akamaized.net/cu/2026/07/14/30328564-29b3-4a27-ceb8-08decd5b38e4_hq.mp3","author":null,"available_dubs":[],"downloadable_assets":["https://ocb-audio-ns.akamaized.net/cu/2026/07/14/30328564-29b3-4a27-ceb8-08decd5b38e4_hq.mp3"],"duration_display":"26:12","duration_seconds":1572.0,"embed_url":null,"id":277,"image_caption":null,"image_url":"https://gdb.martinoticias.com/4b6947ab-3f34-42ef-38ec-08de2c294a0f_mw2048_mh2048_n.png","is_clip":false,"item_type":"audio","item_type_label":"Audio","language_label":"Espa\u00f1ol","media_credit":"OCB","micro_label":"Audio program","micro_label_kind":"audio","network_label":"OCB","network_logo_url":"/static/uploads/direct_network_logos/ocb_0888427dcb1d.svg","published_at":"2026-07-18T16:30:00","published_at_display":"18 Jul 2026, 16:30 GMT","sequence_badge_label":null,"sequence_count":null,"sequence_count_label":null,"sequence_frames":[],"sequence_kind":null,"source_name":"radiotelevisionmarti_com_direct","source_name_label":"Radiotelevisionmarti","source_type":"direct_api","summary":null,"title":"Reflexiones sobre el 11J en su quinto aniversario","topic":"De cara al sol","translation_language":"","url":"https://ocb-audio-ns.akamaized.net/cu/2026/07/14/30328564-29b3-4a27-ceb8-08decd5b38e4_hq.mp3","video_url":null},{"article_body_paragraphs":[],"audio_source_url":"https://ocb-audio-ns.akamaized.net/cu/2026/07/17/20260717-180000-cu004-program_hq.mp3","author":"Mario J. Pent\u00f3n","available_dubs":[],"downloadable_assets":["https://ocb-audio-ns.akamaized.net/cu/2026/07/17/20260717-180000-cu004-program_hq.mp3"],"duration_display":"29:59","duration_seconds":1799.0,"embed_url":null,"id":278,"image_caption":null,"image_url":"https://gdb.martinoticias.com/cb75a074-a814-4e7a-df7e-08de31a8b205_mw2048_mh2048_n.jpg","is_clip":false,"item_type":"audio","item_type_label":"Audio","language_label":"Espa\u00f1ol","media_credit":"OCB","micro_label":"Audio program","micro_label_kind":"audio","network_label":"OCB","network_logo_url":"/static/uploads/direct_network_logos/ocb_0888427dcb1d.svg","published_at":"2026-07-17T18:00:00","published_at_display":"17 Jul 2026, 18:00 GMT","sequence_badge_label":null,"sequence_count":null,"sequence_count_label":null,"sequence_frames":[],"sequence_kind":null,"source_name":"radiotelevisionmarti_com_direct","source_name_label":"Radiotelevisionmarti","source_type":"direct_api","summary":"Activista cubana residente en Europa se propone demandar ante la justicia espa\u00f1ola a una defensora del r\u00e9gimen cubano","title":"Cuba al D\u00eda con Havana de la Torre","topic":"Cuba al D\u00eda","translation_language":"","url":"https://ocb-audio-ns.akamaized.net/cu/2026/07/17/20260717-180000-cu004-program_hq.mp3","video_url":null},{"article_body_paragraphs":[],"audio_source_url":"https://ocb-audio-ns.akamaized.net/cu/2026/07/17/20260717-153000-cu004-program_hq.mp3","author":"Janisset Rivero","available_dubs":[],"downloadable_assets":["https://ocb-audio-ns.akamaized.net/cu/2026/07/17/20260717-153000-cu004-program_hq.mp3"],"duration_display":"29:59","duration_seconds":1799.0,"embed_url":null,"id":280,"image_caption":null,"image_url":"https://gdb.martinoticias.com/f43d2f8d-a656-4095-cf56-08decd5b38e4_mw2048_mh2048_n.jpg","is_clip":false,"item_type":"audio","item_type_label":"Audio","language_label":"Espa\u00f1ol","media_credit":"OCB","micro_label":"Audio program","micro_label_kind":"audio","network_label":"OCB","network_logo_url":"/static/uploads/direct_network_logos/ocb_0888427dcb1d.svg","published_at":"2026-07-17T15:30:00","published_at_display":"17 Jul 2026, 15:30 GMT","sequence_badge_label":null,"sequence_count":null,"sequence_count_label":null,"sequence_frames":[],"sequence_kind":null,"source_name":"radiotelevisionmarti_com_direct","source_name_label":"Radiotelevisionmarti","source_type":"direct_api","summary":"La realidad de Cuba a trav\u00e9s del testimonio de residentes dentro de la isla, quienes actualizar\u00e1n el panorama interno de la mano de su conductora, la activista y escritora cubana Janisset Rivero.","title":"Esther Arzuaga Garc\u00eda, Hija de los prisioneros pol\u00edticos Ariel Arzuaga y Yaquelin Garc\u00eda Desde Bayamo","topic":"Barrio Adentro","translation_language":"","url":"https://ocb-audio-ns.akamaized.net/cu/2026/07/17/20260717-153000-cu004-program_hq.mp3","video_url":null},{"article_body_paragraphs":[],"audio_source_url":"https://ocb-audio-ns.akamaized.net/cu/2026/07/16/20260716-223000-cu004-program_hq.mp3","author":"Regis Iglesias","available_dubs":[],"downloadable_assets":["https://ocb-audio-ns.akamaized.net/cu/2026/07/16/20260716-223000-cu004-program_hq.mp3"],"duration_display":"29:59","duration_seconds":1799.0,"embed_url":null,"id":279,"image_caption":null,"image_url":"https://gdb.martinoticias.com/096178d6-ac3e-454d-263c-08de274e8135_mw2048_mh2048_n.jpg","is_clip":false,"item_type":"audio","item_type_label":"Audio","language_label":"Espa\u00f1ol","media_credit":"OCB","micro_label":"Audio program","micro_label_kind":"audio","network_label":"OCB","network_logo_url":"/static/uploads/direct_network_logos/ocb_0888427dcb1d.svg","published_at":"2026-07-16T22:30:00","published_at_display":"16 Jul 2026, 22:30 GMT","sequence_badge_label":null,"sequence_count":null,"sequence_count_label":null,"sequence_frames":[],"sequence_kind":null,"source_name":"radiotelevisionmarti_com_direct","source_name_label":"Radiotelevisionmarti","source_type":"direct_api","summary":"Liberaci\u00f3n es un espacio radial con Regis Iglesias, portavoz del Movimiento Cristiano Liberaci\u00f3n, para abordar temas de actualidad y fomentar las voces e iniciativas que buscan transformar positivamente la sociedad cubana.","title":"Liberaci\u00f3n con Jos\u00e9 Luis Orella y Juan Carlos Nieto","topic":"Liberaci\u00f3n","translation_language":"","url":"https://ocb-audio-ns.akamaized.net/cu/2026/07/16/20260716-223000-cu004-program_hq.mp3","video_url":null}],"next_num":6,"page":5,"pages":6,"per_page":20,"prev_num":4,"total":114}
