{"applied_filters":{"end_date":"","lang":"","language":"","network":"","page":5,"per_page":20,"search":"","source":"","start_date":"","topic":"V\u00eedyo Galer\u00ee","type":""},"available_filters":{"language_choices":[{"label":"Choose Language","value":""},{"label":"English","value":"English"},{"label":"Espa\u00f1ol","value":"Espa\u00f1ol"},{"label":"Kurdish","value":"Kurdish"}],"network_choices":[{"label":"All networks","value":""},{"label":"VOA","value":"VOA"}],"source_choices":[{"label":"All sources","value":""},{"label":"Dengeamerika","value":"dengeamerika_com_direct"}],"sources":["dengeamerika_com_direct"],"topics":["250em\u00een Salvegera Serxweb\u00fbna Amer\u00eekay\u00ea","250\u0647\u06d5\u0645\u06cc\u0646 \u0633\u0627\u06b5\u06cc\u0627\u062f\u06cc \u0633\u06d5\u0631\u0628\u06d5\u062e\u06c6\u06cc\u06cc \u0626\u06d5\u0645\u06d5\u0631\u06cc\u06a9\u0627","8 \u10e4\u10dd\u10e2\u10dd \u10d0\u10e0\u10e5\u10d8\u10d5\u10d8\u10d3\u10d0\u10dc","Abriendo Espacios","Afghanistan","Agenda hemisf\u00e9rica","Amer\u00eeka","Am\u00e9rica Latina, VENEZUELA, Maiquetia","Asuntos de Estado","Audiovisuales Mart\u00ed","Audiovisuales Mart\u00ed, Cuba turismo, crisis del turismo en Cuba","Audiovisuales Mart\u00ed, VENEZUELA, apagones","Barrio Adentro","Bernameya Televizyon\u00ee ya Rojane","Bernamey\u00ean radyoy\u00ea y\u00ean rojane","B\u00ecnh lu\u1eadn","Caf\u00e9 Digital","China","Como Come Cuba, cuba, Como Come Cuba","Cuba Habla","Cuba Habla, Cuba","Cuba al D\u00eda","Cuba al D\u00eda, Cuba","Cuba en la Memoria","C\u00eehan","De cara al sol","Derechos Humanos, cuba, exilio, c\u00e1ncer, Ram\u00f3n Sa\u00fal S\u00e1nchez","El futuro es ya","Especiales, Exilio cubano, Freedom tower, \"Libertad\", Torre de la Libertad de Miami, Exilio cubano en Miami","Especiales, jos\u00e9 mart\u00ed, Exilio cubano","Esperando un techo, cuba, crisis, vivienda, derrumbes, techo, paredes, EsperandounTecho","Foro abierto","Hablando claro","Human Rights","Info Mart\u00ed","Info Mart\u00ed , Brigada 2506","Info Mart\u00ed , Cuba","Info Mart\u00ed , Estados Unidos, Colombia","Info Mart\u00ed , Estados Unidos, VENEZUELA","Info Mart\u00ed , estados unidos, Venezuela","Info Mart\u00ed , presos politicos, torturas, VENEZUELA","Iran","Iz RSE sveta","Izme\u0111u redova","Kentu-Cubano, cuba, cubanos, Kentucky, migrantes, KentoCubano","Korea","La libertad es una librer\u00eda","Laos","Las Noticias Como Son, Cuba","Las noticias como son","Lawton Libre","Liberaci\u00f3n","Mart\u00ed Noticias A.M.","Mozaik \u017eivota","Multimedija","Myanmar","Nicaragua al d\u00eda","Noticiero Mart\u00ed Noticias","Noticiero Mart\u00ed Noticias, Cuba","N\u00fb\u00e7ey\u00ean C\u00eehan\u00ea 1","N\u00fb\u00e7ey\u00ean C\u00eehan\u00ea 2","Pacific","Pe Agend\u0103","Pe Agend\u0103 cu Cristina Popu\u0219oi","Perspektiva","Programas de Radio Nuestra Am\u00e9rica","Radio Mart\u00ed","Radyo","Ser Madre en cuba, cuba, hambre, r\u00e9gimen, madre, negligencia, Testimonios, Crisis Econ\u00f3mica, madre cubana, Crisis Alimentaria","Ser viejo en Cuba, cuba, cubanos, crisis, alimentos, ancianos, viejos, vejez","South China Sea","Srbija","Taller de prensa","Th\u1eddi S\u1ef1","Tibet","Trong n\u01b0\u1edbc","Ukraine","Uvid","Uyghur","VOA \ud55c\uad6d\uc5b4 \ubcf4\uc774\ub294 \ub77c\ub514\uc624","VOA\u4eca\u65e5\u7126\u70b9","Video","Videos","V\u00eedyo Galer\u00ee","Zaviri ispod povr\u0161ine","adri%C3%A1n del sol mi padre est%C3%A1 muy d%C3%A9bil","atienden a mas de 50 personas en santiago de cuba por presunta intoxicacion alimentaria","auge en contagios de dengue en cuba","aumenta a 379 la cifra de desaparecidos por terremoto en colombia hay 285 fallecidos","banco mundial desembolsa millonaria ayuda para afectados por terremoto en colombia","casi 300 fallecidos almenos 4 000 heridos y 140 desaparecidos a 7 dias del terremoto en colombia","cifra de muertos por el terremoto en colombia supera las 200 personas seg%C3%BAn reporte","colombia declara estado de emergencia durante 30 dias por grave calamidad","colombia ingresa formalmente al escudo de las am%C3%A9ricas liderado por washington","convocan marcha pac%C3%ADfica por la libertad de todos los presos pol%C3%ADticos en venezuela","crece reclutamiento de ni%C3%B1os y ni%C3%B1as en colombia por parte de grupos ilegales seg%C3%BAn hrw","creo que el presidente trump ir%C3%A1 a la habana antes de que termine su mandato","eeuu cierra acuerdo petrolero que le dar%C3%A1 importante control de reservas venezolanas","eeuu ecuador y colombia se reunen para acordar lucha contra mafias del narcotr%C3%A1fico","eeuu sostiene operaciones militares junto a ecuador cerca de la frontera con colombia"],"types":[["","All types"],["video","Videos"],["clips","Clips"],["media","Media"]]},"has_next":true,"has_prev":true,"items":[{"article_body_paragraphs":[],"audio_source_url":null,"author":null,"available_dubs":[],"downloadable_assets":["https://voa-video-ns.akamaized.net/pangeavideo/2026/08/b/bc/bc516c5a-081d-4d2f-a28e-08def2b10d93_1080p.mp4?cb=ee21fea53"],"duration_display":"4:15","duration_seconds":255.06,"embed_url":null,"id":8967,"image_caption":null,"image_url":"https://gdb.voanews.com/bc516c5a-081d-4d2f-a28e-08def2b10d93_tv_mw2048_mh2048_n.jpg","is_clip":true,"item_type":"video","item_type_label":"Video","language_label":"Kurdish","media_credit":"VOA","micro_label":"Video report","micro_label_kind":"video","network_label":"VOA","network_logo_url":"/static/uploads/direct_network_logos/voa_1ef13eedbd2f.svg","published_at":"2026-08-25T19:56:03.300000","published_at_display":"25 Aug 2026, 19:56 GMT","sequence_badge_label":null,"sequence_count":null,"sequence_count_label":null,"sequence_frames":[],"sequence_kind":null,"source_name":"dengeamerika_com_direct","source_name_label":"Dengeamerika","source_type":"direct_api","summary":"Serok\u00ea Demk\u00ee y\u00ea S\u00fbriy\u00ea Ehmed \u015eer'i \u00fb Fermandar\u00ea HSD'\u00ea Mezl\u00fbm Ebd\u00ee p\u00ea\u015fwaz\u00ee li biryara Amer\u00eekay\u00ea kir ku S\u00fbriy\u00ea ji l\u00eesta welat\u00ean pi\u015ftgir\u00ean teror\u00ea derxist. Emced Kurd ji Qami\u015flo qala reaksyon \u00fb n\u00ear\u00een\u00ean ser mijar\u00ea dike.","title":"Reaksyon\u00ean Navxwey\u00ee Derbar\u00ea Derxistina S\u00fbriy\u00ea ji L\u00eesta Welat\u00ean Pi\u015ftgir\u00ean Teror\u00ea","topic":"V\u00eedyo Galer\u00ee","translation_language":"","url":"https://voa-video-ns.akamaized.net/pangeavideo/2026/08/b/bc/bc516c5a-081d-4d2f-a28e-08def2b10d93_1080p.mp4?cb=ee21fea53","video_url":"https://voa-video-ns.akamaized.net/pangeavideo/2026/08/b/bc/bc516c5a-081d-4d2f-a28e-08def2b10d93_1080p.mp4?cb=ee21fea53"},{"article_body_paragraphs":[],"audio_source_url":null,"author":null,"available_dubs":[],"downloadable_assets":["https://voa-video-ns.akamaized.net/pangeavideo/2026/08/4/45/45326646-1aa4-4916-a28a-08def2b10d93_1080p.mp4?cb=ee21fe828"],"duration_display":"6:40","duration_seconds":400.23,"embed_url":null,"id":8968,"image_caption":null,"image_url":"https://gdb.voanews.com/45326646-1aa4-4916-a28a-08def2b10d93_tv_mw2048_mh2048_n.jpg","is_clip":false,"item_type":"video","item_type_label":"Video","language_label":"Kurdish","media_credit":"VOA","micro_label":"Video report","micro_label_kind":"video","network_label":"VOA","network_logo_url":"/static/uploads/direct_network_logos/voa_1ef13eedbd2f.svg","published_at":"2026-08-25T19:46:48.320000","published_at_display":"25 Aug 2026, 19:46 GMT","sequence_badge_label":null,"sequence_count":null,"sequence_count_label":null,"sequence_frames":[],"sequence_kind":null,"source_name":"dengeamerika_com_direct","source_name_label":"Dengeamerika","source_type":"direct_api","summary":"Rew\u015fa Kurd\u00ean S\u00fbriy\u00ea \u00fb Yekhelwest\u00eeya wan di qonaxa veguh\u00eaz a S\u00fbriy\u00ea de d\u00ea bi \u00e7i reng\u00ee be? Par\u00eazer Abdullah \u00cemam ji Almanyay\u00ea v\u00ea mijar\u00ea dinirx\u00eene.","title":"Rew\u015fa Kurdan di Qonaxa Veguh\u00eaz a S\u00fbriy\u00ea de","topic":"V\u00eedyo Galer\u00ee","translation_language":"","url":"https://voa-video-ns.akamaized.net/pangeavideo/2026/08/4/45/45326646-1aa4-4916-a28a-08def2b10d93_1080p.mp4?cb=ee21fe828","video_url":"https://voa-video-ns.akamaized.net/pangeavideo/2026/08/4/45/45326646-1aa4-4916-a28a-08def2b10d93_1080p.mp4?cb=ee21fe828"},{"article_body_paragraphs":[],"audio_source_url":null,"author":null,"available_dubs":[],"downloadable_assets":["https://voa-video-ns.akamaized.net/pangeavideo/2026/08/f/ff/ff070493-3385-44a2-a28c-08def2b10d93_1080p.mp4?cb=ee21fe753"],"duration_display":"5:49","duration_seconds":349.59,"embed_url":null,"id":8945,"image_caption":null,"image_url":"https://gdb.voanews.com/ff070493-3385-44a2-a28c-08def2b10d93_tv_mw2048_mh2048_n.jpg","is_clip":false,"item_type":"video","item_type_label":"Video","language_label":"Kurdish","media_credit":"VOA","micro_label":"Video report","micro_label_kind":"video","network_label":"VOA","network_logo_url":"/static/uploads/direct_network_logos/voa_1ef13eedbd2f.svg","published_at":"2026-08-25T19:43:15.803000","published_at_display":"25 Aug 2026, 19:43 GMT","sequence_badge_label":null,"sequence_count":null,"sequence_count_label":null,"sequence_frames":[],"sequence_kind":null,"source_name":"dengeamerika_com_direct","source_name_label":"Dengeamerika","source_type":"direct_api","summary":"Soran Xatir\u00ee Peyman\u00ear\u00ea Deng\u00ea Amer\u00eeka li Wezareta Derve P\u00eazan\u00een\u00ean Z\u00eadetir derbar\u00ea rojeva siyas\u00ee ya Wezareta Derve ya Amer\u00eekay\u00ea Radigih\u00eene.","title":"Zanyar\u00ee derabr\u00ea Fi\u015far\u00ean Abor\u00ee li Ser \u00ceran\u00ea \u00fb Derxistina S\u00fbriy\u00ea L\u00eesta Pi\u015ftg\u00eer\u00ean Teror\u00ea","topic":"V\u00eedyo Galer\u00ee","translation_language":"","url":"https://voa-video-ns.akamaized.net/pangeavideo/2026/08/f/ff/ff070493-3385-44a2-a28c-08def2b10d93_1080p.mp4?cb=ee21fe753","video_url":"https://voa-video-ns.akamaized.net/pangeavideo/2026/08/f/ff/ff070493-3385-44a2-a28c-08def2b10d93_1080p.mp4?cb=ee21fe753"},{"article_body_paragraphs":[],"audio_source_url":null,"author":null,"available_dubs":[],"downloadable_assets":["https://voa-video-ns.akamaized.net/pangeavideo/2026/08/b/b2/b238e1c1-9edc-478b-a28d-08def2b10d93_1080p.mp4?cb=ee21fe6af"],"duration_display":"7:20","duration_seconds":440.72,"embed_url":null,"id":8946,"image_caption":null,"image_url":"https://gdb.voanews.com/b238e1c1-9edc-478b-a28d-08def2b10d93_tv_mw2048_mh2048_n.jpg","is_clip":false,"item_type":"video","item_type_label":"Video","language_label":"Kurdish","media_credit":"VOA","micro_label":"Video report","micro_label_kind":"video","network_label":"VOA","network_logo_url":"/static/uploads/direct_network_logos/voa_1ef13eedbd2f.svg","published_at":"2026-08-25T19:40:31.157000","published_at_display":"25 Aug 2026, 19:40 GMT","sequence_badge_label":null,"sequence_count":null,"sequence_count_label":null,"sequence_frames":[],"sequence_kind":null,"source_name":"dengeamerika_com_direct","source_name_label":"Dengeamerika","source_type":"direct_api","summary":"Encam\u00ean dorp\u00ea\u00e7\u00ean n\u00fb y\u00ean Amer\u00eekay\u00ea y\u00ean li dij\u00ee Komara \u00ceslam\u00ee ya \u00ceran\u00ea, kar\u00eeger\u00eey\u00ean xwe y\u00ean rasterast li ser \u00ceraq\u00ea bi gi\u015ft\u00ee \u00fb li ser Her\u00eama Kurdistan\u00ea bi taybet\u00ee hene. Dr. Mihemed Salih, l\u00eakoler\u00ea payebilind \u00ea Enst\u00eetuya L\u00eakol\u00een\u00ean Siyaseta Derve li Virginia, mijar\u00ea dinirx\u00eene.","title":"Nirxandina Sizay\u00ean Amer\u00eeka li Ser \u00ceran\u00ea \u00fb Kar\u00eeger\u00eeya li Ser \u00ceraq \u00fb Her\u00eama Kurdistan\u00ea","topic":"V\u00eedyo Galer\u00ee","translation_language":"","url":"https://voa-video-ns.akamaized.net/pangeavideo/2026/08/b/b2/b238e1c1-9edc-478b-a28d-08def2b10d93_1080p.mp4?cb=ee21fe6af","video_url":"https://voa-video-ns.akamaized.net/pangeavideo/2026/08/b/b2/b238e1c1-9edc-478b-a28d-08def2b10d93_1080p.mp4?cb=ee21fe6af"},{"article_body_paragraphs":[],"audio_source_url":null,"author":null,"available_dubs":[],"downloadable_assets":["https://voa-video-ns.akamaized.net/pangeavideo/2026/08/a/ae/aef77cc1-174d-44a3-a28b-08def2b10d93_1080p.mp4?cb=ee21fe60a"],"duration_display":"5:28","duration_seconds":328.68,"embed_url":null,"id":8947,"image_caption":null,"image_url":"https://gdb.voanews.com/aef77cc1-174d-44a3-a28b-08def2b10d93_tv_mw2048_mh2048_n.jpg","is_clip":false,"item_type":"video","item_type_label":"Video","language_label":"Kurdish","media_credit":"VOA","micro_label":"Video report","micro_label_kind":"video","network_label":"VOA","network_logo_url":"/static/uploads/direct_network_logos/voa_1ef13eedbd2f.svg","published_at":"2026-08-25T19:37:46.093000","published_at_display":"25 Aug 2026, 19:37 GMT","sequence_badge_label":null,"sequence_count":null,"sequence_count_label":null,"sequence_frames":[],"sequence_kind":null,"source_name":"dengeamerika_com_direct","source_name_label":"Dengeamerika","source_type":"direct_api","summary":"Amer\u00eekay\u00ea dest bi operasyon\u00ean \u00cezolekirina \u00ceran\u00ea kir\u00eeye \u00fb Serok\u00ea Amer\u00eekay\u00ea Donald Trump dib\u00eaje, Rej\u00eema \u00ceran\u00ea ber bi ketin\u00ea ve di\u00e7e. Are\u015f Salih ser mijar\u00ea p\u00eazan\u00een\u00ean z\u00eadetir dide.","title":"Operasyon\u00ean Amer\u00eekay\u00ea y\u00ean \u00cezolekirina \u00ceran\u00ea","topic":"V\u00eedyo Galer\u00ee","translation_language":"","url":"https://voa-video-ns.akamaized.net/pangeavideo/2026/08/a/ae/aef77cc1-174d-44a3-a28b-08def2b10d93_1080p.mp4?cb=ee21fe60a","video_url":"https://voa-video-ns.akamaized.net/pangeavideo/2026/08/a/ae/aef77cc1-174d-44a3-a28b-08def2b10d93_1080p.mp4?cb=ee21fe60a"},{"article_body_paragraphs":[],"audio_source_url":null,"author":"R\u00eaj\u00een Ehmed","available_dubs":[],"downloadable_assets":["https://voa-video-ns.akamaized.net/pangeavideo/2026/08/5/5f/5faccce8-9e1b-4e95-f2ae-08def2b12219_1080p.mp4?cb=ee21fc6af"],"duration_display":"5:50","duration_seconds":350.78,"embed_url":null,"id":8874,"image_caption":null,"image_url":"https://gdb.voanews.com/5faccce8-9e1b-4e95-f2ae-08def2b12219_tv_mw2048_mh2048_n.jpg","is_clip":false,"item_type":"video","item_type_label":"Video","language_label":"Kurdish","media_credit":"VOA","micro_label":"Video report","micro_label_kind":"video","network_label":"VOA","network_logo_url":"/static/uploads/direct_network_logos/voa_1ef13eedbd2f.svg","published_at":"2026-08-25T17:15:17.803000","published_at_display":"25 Aug 2026, 17:15 GMT","sequence_badge_label":null,"sequence_count":null,"sequence_count_label":null,"sequence_frames":[],"sequence_kind":null,"source_name":"dengeamerika_com_direct","source_name_label":"Dengeamerika","source_type":"direct_api","summary":"Pi\u015ft\u00ee bidaw\u00eeb\u00fbna \u015fer\u00ea 8 sal\u00ee y\u00ea di navbera \u00ceraq \u00fb \u00ceran\u00ea de, rej\u00eema Ba'is bi hem\u00fb h\u00eaz\u00ean xwe ve, li Kurdistan\u00ea dest bi opresyon\u00ean Enfalan kir. Daw\u00eeya Tebaxa 1988\u00ea art\u00ea\u015fa \u00ceraq\u00ea destg bi qonaxa Enfalkirina her\u00eama Bad\u00eenan kir. \u00c7\u00eerok\u00ean qurban\u00eeyan di raporta R\u00eaj\u00een Ehmed de.","title":"\u00c7\u00eeroka Destp\u00eakirina Enfal\u00ean Bad\u00eenan","topic":"V\u00eedyo Galer\u00ee","translation_language":"","url":"https://voa-video-ns.akamaized.net/pangeavideo/2026/08/5/5f/5faccce8-9e1b-4e95-f2ae-08def2b12219_1080p.mp4?cb=ee21fc6af","video_url":"https://voa-video-ns.akamaized.net/pangeavideo/2026/08/5/5f/5faccce8-9e1b-4e95-f2ae-08def2b12219_1080p.mp4?cb=ee21fc6af"},{"article_body_paragraphs":[],"audio_source_url":null,"author":"S\u00eenor Ker\u00eem","available_dubs":[],"downloadable_assets":["https://voa-video-ns.akamaized.net/pangeavideo/2026/08/8/86/864d91be-c0d7-4ae6-4831-08decadaa577_1080p.mp4?cb=ee21fc1e4"],"duration_display":"3:24","duration_seconds":204.56,"embed_url":null,"id":8876,"image_caption":null,"image_url":"https://gdb.voanews.com/864d91be-c0d7-4ae6-4831-08decadaa577_tv_mw2048_mh2048_n.jpg","is_clip":true,"item_type":"video","item_type_label":"Video","language_label":"Kurdish","media_credit":"VOA","micro_label":"Video report","micro_label_kind":"video","network_label":"VOA","network_logo_url":"/static/uploads/direct_network_logos/voa_1ef13eedbd2f.svg","published_at":"2026-08-25T17:03:32.647000","published_at_display":"25 Aug 2026, 17:03 GMT","sequence_badge_label":null,"sequence_count":null,"sequence_count_label":null,"sequence_frames":[],"sequence_kind":null,"source_name":"dengeamerika_com_direct","source_name_label":"Dengeamerika","source_type":"direct_api","summary":"Diyar\u00ee, xortek\u00ee ji Ranyay\u00ea ye, ku ji derd\u00ea nexwe\u015fiyan diki\u015f\u00eene \u00fb debara xwe bi firotina av\u00ea derbas dike, dib\u00eaje ku ew rojane ten\u00ea 2,000 heta 3,000 d\u00eenaran qezenc dike.","title":"Xortek\u00ee li Ranyay\u00ea Tev\u00ee Nexwe\u015fiya Xwe bi Av Firotin\u00ea Debara Xwe Dike","topic":"V\u00eedyo Galer\u00ee","translation_language":"","url":"https://voa-video-ns.akamaized.net/pangeavideo/2026/08/8/86/864d91be-c0d7-4ae6-4831-08decadaa577_1080p.mp4?cb=ee21fc1e4","video_url":"https://voa-video-ns.akamaized.net/pangeavideo/2026/08/8/86/864d91be-c0d7-4ae6-4831-08decadaa577_1080p.mp4?cb=ee21fc1e4"},{"article_body_paragraphs":[],"audio_source_url":null,"author":"D\u00eeyar Cemal","available_dubs":[],"downloadable_assets":["https://voa-video-ns.akamaized.net/pangeavideo/2026/08/0/06/0605b05f-064e-4b3e-ca59-08decaecd3b3_1080p.mp4?cb=ee21fc051"],"duration_display":"2:47","duration_seconds":167.78,"embed_url":null,"id":8862,"image_caption":null,"image_url":"https://gdb.voanews.com/0605b05f-064e-4b3e-ca59-08decaecd3b3_tv_mw2048_mh2048_n.jpg","is_clip":true,"item_type":"video","item_type_label":"Video","language_label":"Kurdish","media_credit":"VOA","micro_label":"Video report","micro_label_kind":"video","network_label":"VOA","network_logo_url":"/static/uploads/direct_network_logos/voa_1ef13eedbd2f.svg","published_at":"2026-08-25T16:54:09.407000","published_at_display":"25 Aug 2026, 16:54 GMT","sequence_badge_label":null,"sequence_count":null,"sequence_count_label":null,"sequence_frames":[],"sequence_kind":null,"source_name":"dengeamerika_com_direct","source_name_label":"Dengeamerika","source_type":"direct_api","summary":"Li \u00ceraq\u00ea, dema nakokiy\u00ean siyas\u00ee derdikevin hol\u00ea, yekem bajar\u00ea ku bedela nakokiyan dide par\u00eazgeha Kerk\u00fbk\u00ea ye, welat\u00ee \u00fb rayedar dib\u00eajin van nakokiyan bandorek ney\u00een\u00ee li ser ewleh\u00ee, aramiya abor\u00ee \u00fb xizmetguzariyan heye.","title":"Kerk\u00fbk; Navenda Nakokiy\u00ean Siyas\u00ee li \u00ceraq\u00ea","topic":"V\u00eedyo Galer\u00ee","translation_language":"","url":"https://voa-video-ns.akamaized.net/pangeavideo/2026/08/0/06/0605b05f-064e-4b3e-ca59-08decaecd3b3_1080p.mp4?cb=ee21fc051","video_url":"https://voa-video-ns.akamaized.net/pangeavideo/2026/08/0/06/0605b05f-064e-4b3e-ca59-08decaecd3b3_1080p.mp4?cb=ee21fc051"},{"article_body_paragraphs":[],"audio_source_url":null,"author":"\u00cevan Hes\u00eeb","available_dubs":[],"downloadable_assets":["https://voa-video-ns.akamaized.net/pangeavideo/2026/08/0/09/09fdd598-4674-474d-f2ab-08def2b12219_1080p.mp4?cb=ee21fb4c6"],"duration_display":"3:39","duration_seconds":219.55,"embed_url":null,"id":8729,"image_caption":null,"image_url":"https://gdb.voanews.com/09fdd598-4674-474d-f2ab-08def2b12219_tv_mw2048_mh2048_n.jpg","is_clip":true,"item_type":"video","item_type_label":"Video","language_label":"Kurdish","media_credit":"VOA","micro_label":"Video report","micro_label_kind":"video","network_label":"VOA","network_logo_url":"/static/uploads/direct_network_logos/voa_1ef13eedbd2f.svg","published_at":"2026-08-25T16:07:22.203000","published_at_display":"25 Aug 2026, 16:07 GMT","sequence_badge_label":null,"sequence_count":null,"sequence_count_label":null,"sequence_frames":[],"sequence_kind":null,"source_name":"dengeamerika_com_direct","source_name_label":"Dengeamerika","source_type":"direct_api","summary":"Pi\u015ft\u00ee hilwe\u015f\u00eena rej\u00eema Esed nexwe\u015fxaneya ni\u015ftiman\u00ee ya Qami\u015flo ji aliy\u00ea Desteya Tenduristiy\u00ea ya R\u00eaveberiya Xweser ve hate n\u00fbjenkirin, \u00fb pi\u015ftre bi Wezareta Tenduristiy\u00ea ya S\u00fbriy\u00ea ve hate gir\u00eadan. Niha Nexwe\u015fxane b\u00ea pere xizmeta nexwe\u015fan dike.","title":"Nexwe\u015fxaneya Ni\u015ft\u00eeman\u00ee ya Qami\u015flo B\u00ea Pere Nexwe\u015fan Derman Dike","topic":"V\u00eedyo Galer\u00ee","translation_language":"","url":"https://voa-video-ns.akamaized.net/pangeavideo/2026/08/0/09/09fdd598-4674-474d-f2ab-08def2b12219_1080p.mp4?cb=ee21fb4c6","video_url":"https://voa-video-ns.akamaized.net/pangeavideo/2026/08/0/09/09fdd598-4674-474d-f2ab-08def2b12219_1080p.mp4?cb=ee21fb4c6"},{"article_body_paragraphs":[],"audio_source_url":null,"author":"\u00cevan Hes\u00eeb","available_dubs":[],"downloadable_assets":["https://voa-video-ns.akamaized.net/pangeavideo/2026/08/5/59/59bad8b6-34cb-4a08-f2a6-08def2b12219_1080p.mp4?cb=ee21f9050"],"duration_display":"3:33","duration_seconds":213.09,"embed_url":null,"id":8742,"image_caption":null,"image_url":"https://gdb.voanews.com/59bad8b6-34cb-4a08-f2a6-08def2b12219_tv_mw2048_mh2048_n.jpg","is_clip":true,"item_type":"video","item_type_label":"Video","language_label":"Kurdish","media_credit":"VOA","micro_label":"Video report","micro_label_kind":"video","network_label":"VOA","network_logo_url":"/static/uploads/direct_network_logos/voa_1ef13eedbd2f.svg","published_at":"2026-08-25T13:27:49.380000","published_at_display":"25 Aug 2026, 13:27 GMT","sequence_badge_label":null,"sequence_count":null,"sequence_count_label":null,"sequence_frames":[],"sequence_kind":null,"source_name":"dengeamerika_com_direct","source_name_label":"Dengeamerika","source_type":"direct_api","summary":"N\u00eaz\u00eek\u00ee \u00e7ar mehan e ku her du aliy\u00ean \u015fandeya hevbe\u015f a Kurd li S\u00fbriy\u00ea, Part\u00eey\u00ean Enc\u00fbmena Ni\u015ftiman\u00ee ya Kurd \u00fb Part\u00eey\u00ean Yek\u00eet\u00eeya Ni\u015ftiman\u00ee, neciviyane. P\u00eazan\u00een\u00ean z\u00eadetir di raporta \u00cevan Hes\u00eeb de.","title":"Aliy\u00ean ENKS \u00fb PYD'\u00ea Derabar\u00ea Neciv\u00eena \u015eandey\u00ean Hevbe\u015f Hevdu Tawanbar Dikin","topic":"V\u00eedyo Galer\u00ee","translation_language":"","url":"https://voa-video-ns.akamaized.net/pangeavideo/2026/08/5/59/59bad8b6-34cb-4a08-f2a6-08def2b12219_1080p.mp4?cb=ee21f9050","video_url":"https://voa-video-ns.akamaized.net/pangeavideo/2026/08/5/59/59bad8b6-34cb-4a08-f2a6-08def2b12219_1080p.mp4?cb=ee21f9050"},{"article_body_paragraphs":[],"audio_source_url":null,"author":"Hem\u00eed Mistefa","available_dubs":[],"downloadable_assets":["https://voa-video-ns.akamaized.net/pangeavideo/2026/08/b/b8/b8e5313a-6ad9-43f2-7f2d-08def2ed48ad_1080p.mp4?cb=ee21f8a72"],"duration_display":"3:04","duration_seconds":184.89,"embed_url":null,"id":8751,"image_caption":null,"image_url":"https://gdb.voanews.com/b8e5313a-6ad9-43f2-7f2d-08def2ed48ad_tv_mw2048_mh2048_n.jpg","is_clip":true,"item_type":"video","item_type_label":"Video","language_label":"Kurdish","media_credit":"VOA","micro_label":"Video report","micro_label_kind":"video","network_label":"VOA","network_logo_url":"/static/uploads/direct_network_logos/voa_1ef13eedbd2f.svg","published_at":"2026-08-25T13:06:58.367000","published_at_display":"25 Aug 2026, 13:06 GMT","sequence_badge_label":null,"sequence_count":null,"sequence_count_label":null,"sequence_frames":[],"sequence_kind":null,"source_name":"dengeamerika_com_direct","source_name_label":"Dengeamerika","source_type":"direct_api","summary":"Hunermend\u00ean Kurd weke \u00e7alak\u00eeyek kevne\u015fop\u00ee li Ewrupay\u00ea Re\u015fmal (Kon\u00ea Re\u015f) \u00ea \u00c7anda Kurd\u00ee vedigirin bi armanca ku alav \u00fb \u00e7anda Kurd\u00ee ya kevne\u015fop\u00ee bi Ewrup\u00ee \u00fb nif\u015f\u00ean n\u00fb y\u00ean Kurdan bidin naskirin.","title":"Li Belc\u00eekay\u00ea Re\u015fmal \u00c7anda Kurd\u00ee bi Ewrup\u00eeyan Dide Nas\u00een","topic":"V\u00eedyo Galer\u00ee","translation_language":"","url":"https://voa-video-ns.akamaized.net/pangeavideo/2026/08/b/b8/b8e5313a-6ad9-43f2-7f2d-08def2ed48ad_1080p.mp4?cb=ee21f8a72","video_url":"https://voa-video-ns.akamaized.net/pangeavideo/2026/08/b/b8/b8e5313a-6ad9-43f2-7f2d-08def2ed48ad_1080p.mp4?cb=ee21f8a72"},{"article_body_paragraphs":[],"audio_source_url":null,"author":null,"available_dubs":[],"downloadable_assets":["https://voa-video-ns.akamaized.net/pangeavideo/2026/08/6/6d/6db52e78-6a4f-48dc-820b-08decae8682a_1080p.mp4?cb=ee21ec74f"],"duration_display":"6:07","duration_seconds":367.85,"embed_url":null,"id":8594,"image_caption":null,"image_url":"https://gdb.voanews.com/6db52e78-6a4f-48dc-820b-08decae8682a_tv_mw2048_mh2048_n.jpg","is_clip":false,"item_type":"video","item_type_label":"Video","language_label":"Kurdish","media_credit":"VOA","micro_label":"Video report","micro_label_kind":"video","network_label":"VOA","network_logo_url":"/static/uploads/direct_network_logos/voa_1ef13eedbd2f.svg","published_at":"2026-08-24T23:10:52.407000","published_at_display":"24 Aug 2026, 23:10 GMT","sequence_badge_label":null,"sequence_count":null,"sequence_count_label":null,"sequence_frames":[],"sequence_kind":null,"source_name":"dengeamerika_com_direct","source_name_label":"Dengeamerika","source_type":"direct_api","summary":"Peyamn\u00ear\u00ea Deng\u00ea Amer\u00eeka y\u00ea Kongr\u00eas\u00ea Mer\u00eewan Heme zanyar\u00eey\u00ean daw\u00ee y\u00ean derbar\u00ea fi\u015far\u00ean abor\u00ee y\u00ean R\u00eaveber\u00eeya Trump li ser \u00ceran\u00ea dide.","title":"Washinghton Hewil Dide \u00c7avkan\u00eey\u00ean Dahata \u00ceran\u00ea Bibire","topic":"V\u00eedyo Galer\u00ee","translation_language":"","url":"https://voa-video-ns.akamaized.net/pangeavideo/2026/08/6/6d/6db52e78-6a4f-48dc-820b-08decae8682a_1080p.mp4?cb=ee21ec74f","video_url":"https://voa-video-ns.akamaized.net/pangeavideo/2026/08/6/6d/6db52e78-6a4f-48dc-820b-08decae8682a_1080p.mp4?cb=ee21ec74f"},{"article_body_paragraphs":[],"audio_source_url":null,"author":null,"available_dubs":[],"downloadable_assets":["https://voa-video-ns.akamaized.net/pangeavideo/2026/08/2/2a/2a194cf0-79b3-42f3-8206-08decae8682a_1080p.mp4?cb=ee21eadbf"],"duration_display":"3:19","duration_seconds":199.16,"embed_url":null,"id":8557,"image_caption":null,"image_url":"https://gdb.voanews.com/2a194cf0-79b3-42f3-8206-08decae8682a_tv_mw2048_mh2048_n.jpg","is_clip":true,"item_type":"video","item_type_label":"Video","language_label":"Kurdish","media_credit":"VOA","micro_label":"Video report","micro_label_kind":"video","network_label":"VOA","network_logo_url":"/static/uploads/direct_network_logos/voa_1ef13eedbd2f.svg","published_at":"2026-08-24T21:25:19.343000","published_at_display":"24 Aug 2026, 21:25 GMT","sequence_badge_label":null,"sequence_count":null,"sequence_count_label":null,"sequence_frames":[],"sequence_kind":null,"source_name":"dengeamerika_com_direct","source_name_label":"Dengeamerika","source_type":"direct_api","summary":"Peyamn\u00ear\u00ea Deng\u00ea Amer\u00eeka li Wezareta derve Soran Xatir\u00ee n\u00fb\u00e7ey\u00ean daw\u00ee y\u00ean gir\u00eaday\u00ee operasyona \u00eezolekarina abor\u00ee ya Amer\u00eeka li dij\u00ee \u00ceran\u00ea dide.","title":"Bessent Operasyona \u00cezolekirin\u00ea ya Abor\u00ee li Dij\u00ee \u00ceran\u00ea Ragihand","topic":"V\u00eedyo Galer\u00ee","translation_language":"","url":"https://voa-video-ns.akamaized.net/pangeavideo/2026/08/2/2a/2a194cf0-79b3-42f3-8206-08decae8682a_1080p.mp4?cb=ee21eadbf","video_url":"https://voa-video-ns.akamaized.net/pangeavideo/2026/08/2/2a/2a194cf0-79b3-42f3-8206-08decae8682a_1080p.mp4?cb=ee21eadbf"},{"article_body_paragraphs":[],"audio_source_url":null,"author":null,"available_dubs":[],"downloadable_assets":["https://voa-video-ns.akamaized.net/pangeavideo/2026/08/2/2f/2f3e414a-c9c1-42f3-ca46-08decaecd3b3_1080p.mp4?cb=ee21eab6b"],"duration_display":"3:04","duration_seconds":184.63,"embed_url":null,"id":8558,"image_caption":null,"image_url":"https://gdb.voanews.com/2f3e414a-c9c1-42f3-ca46-08decaecd3b3_tv_mw2048_mh2048_n.jpg","is_clip":true,"item_type":"video","item_type_label":"Video","language_label":"Kurdish","media_credit":"VOA","micro_label":"Video report","micro_label_kind":"video","network_label":"VOA","network_logo_url":"/static/uploads/direct_network_logos/voa_1ef13eedbd2f.svg","published_at":"2026-08-24T21:15:23.223000","published_at_display":"24 Aug 2026, 21:15 GMT","sequence_badge_label":null,"sequence_count":null,"sequence_count_label":null,"sequence_frames":[],"sequence_kind":null,"source_name":"dengeamerika_com_direct","source_name_label":"Dengeamerika","source_type":"direct_api","summary":"Peyamn\u00ear\u00ea Deng\u00ea Amer\u00eeka li Stenbol\u00ea Eyy\u00fbp Dem\u00eer zanyar\u00eey\u00ean daw\u00ee li dor civ\u00eena yekem a enc\u00fbmena bilind a Qan\u00fbna \u00c7ar\u00e7ovey\u00ee dide.","title":"Enc\u00fbmena Bilind a Qan\u00fbna \u00c7ar\u00e7ovey\u00ee Civ\u00eena Xwe ya Yekem Lidar Xist","topic":"V\u00eedyo Galer\u00ee","translation_language":"","url":"https://voa-video-ns.akamaized.net/pangeavideo/2026/08/2/2f/2f3e414a-c9c1-42f3-ca46-08decaecd3b3_1080p.mp4?cb=ee21eab6b","video_url":"https://voa-video-ns.akamaized.net/pangeavideo/2026/08/2/2f/2f3e414a-c9c1-42f3-ca46-08decaecd3b3_1080p.mp4?cb=ee21eab6b"},{"article_body_paragraphs":[],"audio_source_url":null,"author":null,"available_dubs":[],"downloadable_assets":["https://voa-video-ns.akamaized.net/pangeavideo/2026/08/c/c3/c3bd16de-7600-42e6-8205-08decae8682a_1080p.mp4?cb=ee21ea62c"],"duration_display":"3:03","duration_seconds":183.06,"embed_url":null,"id":8552,"image_caption":null,"image_url":"https://gdb.voanews.com/c3bd16de-7600-42e6-8205-08decae8682a_tv_mw2048_mh2048_n.jpg","is_clip":true,"item_type":"video","item_type_label":"Video","language_label":"Kurdish","media_credit":"VOA","micro_label":"Video report","micro_label_kind":"video","network_label":"VOA","network_logo_url":"/static/uploads/direct_network_logos/voa_1ef13eedbd2f.svg","published_at":"2026-08-24T20:52:25.757000","published_at_display":"24 Aug 2026, 20:52 GMT","sequence_badge_label":null,"sequence_count":null,"sequence_count_label":null,"sequence_frames":[],"sequence_kind":null,"source_name":"dengeamerika_com_direct","source_name_label":"Dengeamerika","source_type":"direct_api","summary":"Li bajar\u00ea Heleb \u00ea Bakur\u00ea S\u00fbr\u00eey\u00ea, projeya n\u00fbavakirina bazara kevin a baj\u00ear dest p\u00ea kiriye. Bazar kevin a Heleb\u00ea n\u00fbnerat\u00eeya nasname \u00fb d\u00eeroka kevnar a baj\u00ear dike. Fatima Sind\u00ee zanyar\u00eey\u00ean b\u00eahtir dide.","title":"Li Bajar\u00ea Heleb\u00ea Bazara Kevin T\u00ea N\u00fbavakirin","topic":"V\u00eedyo Galer\u00ee","translation_language":"","url":"https://voa-video-ns.akamaized.net/pangeavideo/2026/08/c/c3/c3bd16de-7600-42e6-8205-08decae8682a_1080p.mp4?cb=ee21ea62c","video_url":"https://voa-video-ns.akamaized.net/pangeavideo/2026/08/c/c3/c3bd16de-7600-42e6-8205-08decae8682a_1080p.mp4?cb=ee21ea62c"},{"article_body_paragraphs":[],"audio_source_url":null,"author":null,"available_dubs":[],"downloadable_assets":["https://voa-video-ns.akamaized.net/pangeavideo/2026/08/a/a9/a9b5911a-fb7b-4bff-4823-08decadaa577_1080p.mp4?cb=ee21ea440"],"duration_display":"8:14","duration_seconds":494.1,"embed_url":null,"id":8534,"image_caption":null,"image_url":"https://gdb.voanews.com/a9b5911a-fb7b-4bff-4823-08decadaa577_tv_mw2048_mh2048_n.jpg","is_clip":false,"item_type":"video","item_type_label":"Video","language_label":"Kurdish","media_credit":"VOA","micro_label":"Video report","micro_label_kind":"video","network_label":"VOA","network_logo_url":"/static/uploads/direct_network_logos/voa_1ef13eedbd2f.svg","published_at":"2026-08-24T20:41:36.680000","published_at_display":"24 Aug 2026, 20:41 GMT","sequence_badge_label":null,"sequence_count":null,"sequence_count_label":null,"sequence_frames":[],"sequence_kind":null,"source_name":"dengeamerika_com_direct","source_name_label":"Dengeamerika","source_type":"direct_api","summary":"Rojnamevan\u00ea Kar\u00fbbar\u00ean Abor\u00ee Sil\u00eaman Ta\u015fan ji Hewl\u00eara paytexta Her\u00eama Kurdistan\u00ea behsa v\u00ea gera daw\u00ee ya cezay\u00ean Amer\u00eeka y\u00ean dij\u00ee \u00ceran\u00ea dike.","title":"P\u00ealeke N\u00fb ya Fi\u015far\u00ean Abor\u00ee y\u00ea Amer\u00eeka li ser \u00ceran\u00ea","topic":"V\u00eedyo Galer\u00ee","translation_language":"","url":"https://voa-video-ns.akamaized.net/pangeavideo/2026/08/a/a9/a9b5911a-fb7b-4bff-4823-08decadaa577_1080p.mp4?cb=ee21ea440","video_url":"https://voa-video-ns.akamaized.net/pangeavideo/2026/08/a/a9/a9b5911a-fb7b-4bff-4823-08decadaa577_1080p.mp4?cb=ee21ea440"},{"article_body_paragraphs":[],"audio_source_url":null,"author":null,"available_dubs":[],"downloadable_assets":["https://voa-video-ns.akamaized.net/pangeavideo/2026/08/2/2b/2b05c33b-3a90-493c-f29e-08def2b12219_1080p.mp4?cb=ee21e9dc0"],"duration_display":"3:13","duration_seconds":193.4,"embed_url":null,"id":8535,"image_caption":null,"image_url":"https://gdb.voanews.com/2b05c33b-3a90-493c-f29e-08def2b12219_tv_mw2048_mh2048_n.jpg","is_clip":true,"item_type":"video","item_type_label":"Video","language_label":"Kurdish","media_credit":"VOA","micro_label":"Video report","micro_label_kind":"video","network_label":"VOA","network_logo_url":"/static/uploads/direct_network_logos/voa_1ef13eedbd2f.svg","published_at":"2026-08-24T20:17:04.070000","published_at_display":"24 Aug 2026, 20:17 GMT","sequence_badge_label":null,"sequence_count":null,"sequence_count_label":null,"sequence_frames":[],"sequence_kind":null,"source_name":"dengeamerika_com_direct","source_name_label":"Dengeamerika","source_type":"direct_api","summary":"Dadgeha Cezayan a \u00c7arem\u00een li \u015eam\u00ea \u00eero Du\u015fem\u00ea mift\u00eey\u00ea ber\u00ea y\u00ea S\u00fbr\u00eey\u00ea, Ehmed Bedred\u00een Hes\u00fbn, bi z\u00eendana hetahetay\u00ea ceza kir. Emced Kurdo agah\u00eey\u00ean daw\u00ee dide.","title":"Agah\u00eey\u00ean Daw\u00ee li dor Cezakirina Mift\u00eey\u00ea Ber\u00ea y\u00ea S\u00fbr\u00eey\u00ea","topic":"V\u00eedyo Galer\u00ee","translation_language":"","url":"https://voa-video-ns.akamaized.net/pangeavideo/2026/08/2/2b/2b05c33b-3a90-493c-f29e-08def2b12219_1080p.mp4?cb=ee21e9dc0","video_url":"https://voa-video-ns.akamaized.net/pangeavideo/2026/08/2/2b/2b05c33b-3a90-493c-f29e-08def2b12219_1080p.mp4?cb=ee21e9dc0"},{"article_body_paragraphs":[],"audio_source_url":null,"author":"S\u00eerwan Qi\u00e7o","available_dubs":[],"downloadable_assets":["https://voa-video-ns.akamaized.net/pangeavideo/2026/08/6/6b/6bdc0594-4c8c-479e-481f-08decadaa577_1080p.mp4?cb=ee21e96ba"],"duration_display":"6:00","duration_seconds":360.51,"embed_url":null,"id":8530,"image_caption":null,"image_url":"https://gdb.voanews.com/6bdc0594-4c8c-479e-481f-08decadaa577_tv_mw2048_mh2048_n.jpg","is_clip":false,"item_type":"video","item_type_label":"Video","language_label":"Kurdish","media_credit":"VOA","micro_label":"Video report","micro_label_kind":"video","network_label":"VOA","network_logo_url":"/static/uploads/direct_network_logos/voa_1ef13eedbd2f.svg","published_at":"2026-08-24T19:44:35.877000","published_at_display":"24 Aug 2026, 19:44 GMT","sequence_badge_label":null,"sequence_count":null,"sequence_count_label":null,"sequence_frames":[],"sequence_kind":null,"source_name":"dengeamerika_com_direct","source_name_label":"Dengeamerika","source_type":"direct_api","summary":"Hik\u00fbmeta demk\u00ee ya S\u00fbr\u00eey\u00ea \u00eero Du\u015fem\u00ea cezay\u00ea zindana hetahetay\u00ee li mift\u00eey\u00ea ber\u00ea y\u00ea S\u00fbr\u00eey\u00ea Ehmed hes\u00fbn bir\u00ee. Ev cezakirin ji ber rola Hes\u00fbn di tawan\u00ean dema \u015fer\u00ea navxwey\u00ee y\u00ea S\u00fbr\u00eey\u00ea de hate day\u00een. Par\u00eazer \u00cemran Mens\u00fbr dosyaya dadwer\u00eeya veguh\u00eaz li S\u00fbr\u00eey\u00ea dinirx\u00eene.","title":"Cezakirina Hes\u00fbn Dosyaya Dadwer\u00eeya Veguh\u00eaz li S\u00fbr\u00eey\u00ea D\u00eesa Vedike","topic":"V\u00eedyo Galer\u00ee","translation_language":"","url":"https://voa-video-ns.akamaized.net/pangeavideo/2026/08/6/6b/6bdc0594-4c8c-479e-481f-08decadaa577_1080p.mp4?cb=ee21e96ba","video_url":"https://voa-video-ns.akamaized.net/pangeavideo/2026/08/6/6b/6bdc0594-4c8c-479e-481f-08decadaa577_1080p.mp4?cb=ee21e96ba"},{"article_body_paragraphs":[],"audio_source_url":null,"author":"R\u00eaj\u00een Ehmed","available_dubs":[],"downloadable_assets":["https://voa-video-ns.akamaized.net/pangeavideo/2026/08/4/49/4963b70c-aaf6-475f-481c-08decadaa577_1080p.mp4?cb=ee21e7ff4"],"duration_display":"4:22","duration_seconds":262.18,"embed_url":null,"id":8479,"image_caption":null,"image_url":"https://gdb.voanews.com/4963b70c-aaf6-475f-481c-08decadaa577_tv_mw2048_mh2048_n.jpg","is_clip":true,"item_type":"video","item_type_label":"Video","language_label":"Kurdish","media_credit":"VOA","micro_label":"Video report","micro_label_kind":"video","network_label":"VOA","network_logo_url":"/static/uploads/direct_network_logos/voa_1ef13eedbd2f.svg","published_at":"2026-08-24T18:08:51","published_at_display":"24 Aug 2026, 18:08 GMT","sequence_badge_label":null,"sequence_count":null,"sequence_count_label":null,"sequence_frames":[],"sequence_kind":null,"source_name":"dengeamerika_com_direct","source_name_label":"Dengeamerika","source_type":"direct_api","summary":"Dergeh\u00ea Am\u00ead\u00eey\u00ea li nav\u00e7eya Behd\u00eenan yek ji \u015f\u00fbnwar\u00ean d\u00eerok\u00ee y\u00ean Her\u00eama Kurdistan\u00ea ye ku bi cih, taybetmend\u00ee \u00fb raz\u00ean xwe bala ge\u015ft\u00eeyar \u00fb serdaneran diki\u015f\u00eene. R\u00eaj\u00een Ehmed di v\u00ea raport\u00ea de ron\u00ee dide ser be\u015fek\u00ee ji d\u00eeroka v\u00ee dergeh\u00ee.","title":"Dergeh\u00ea Am\u00ead\u00eey\u00ea Yek ji Navdartir\u00een \u015e\u00fbnwar\u00ean Par\u00eazgeha Duhok\u00ea ye","topic":"V\u00eedyo Galer\u00ee","translation_language":"","url":"https://voa-video-ns.akamaized.net/pangeavideo/2026/08/4/49/4963b70c-aaf6-475f-481c-08decadaa577_1080p.mp4?cb=ee21e7ff4","video_url":"https://voa-video-ns.akamaized.net/pangeavideo/2026/08/4/49/4963b70c-aaf6-475f-481c-08decadaa577_1080p.mp4?cb=ee21e7ff4"},{"article_body_paragraphs":[],"audio_source_url":null,"author":"Eyy\u00fbp Dem\u00eer","available_dubs":[],"downloadable_assets":["https://voa-video-ns.akamaized.net/pangeavideo/2026/08/5/5b/5bebdf10-3025-4b6d-81f7-08decae8682a_1080p.mp4?cb=ee21e5c90"],"duration_display":"2:12","duration_seconds":132.31,"embed_url":null,"id":8392,"image_caption":null,"image_url":"https://gdb.voanews.com/5bebdf10-3025-4b6d-81f7-08decae8682a_tv_mw2048_mh2048_n.jpg","is_clip":true,"item_type":"video","item_type_label":"Video","language_label":"Kurdish","media_credit":"VOA","micro_label":"Video report","micro_label_kind":"video","network_label":"VOA","network_logo_url":"/static/uploads/direct_network_logos/voa_1ef13eedbd2f.svg","published_at":"2026-08-24T15:38:56.550000","published_at_display":"24 Aug 2026, 15:38 GMT","sequence_badge_label":null,"sequence_count":null,"sequence_count_label":null,"sequence_frames":[],"sequence_kind":null,"source_name":"dengeamerika_com_direct","source_name_label":"Dengeamerika","source_type":"direct_api","summary":"Di derbar\u00ea derbasb\u00fbna Qan\u00fbna \u00c7ar\u00e7ovey\u00ee de li Tirk\u00eey\u00ea, Kurd\u00ean w\u00ee welat\u00ee dib\u00eajin ku ew dixwazin li her\u00eam\u00ean wan a\u015ft\u00eeyeke may\u00eende \u00fb bi r\u00fbmet p\u00eak were. Raporta Eyy\u00fbp Dem\u00eer ron\u00ee dide ser v\u00ea mijar\u00ea.","title":"Kurd\u00ean Tirk\u00eey\u00ea Dib\u00eajin Ew A\u015ft\u00eeyeke May\u00eende Dixwazin","topic":"V\u00eedyo Galer\u00ee","translation_language":"","url":"https://voa-video-ns.akamaized.net/pangeavideo/2026/08/5/5b/5bebdf10-3025-4b6d-81f7-08decae8682a_1080p.mp4?cb=ee21e5c90","video_url":"https://voa-video-ns.akamaized.net/pangeavideo/2026/08/5/5b/5bebdf10-3025-4b6d-81f7-08decae8682a_1080p.mp4?cb=ee21e5c90"}],"next_num":6,"page":5,"pages":15,"per_page":20,"prev_num":4,"total":298}
