{"applied_filters":{"end_date":"","lang":"","language":"","network":"","page":6,"per_page":20,"search":"","source":"dengeamerika_com_direct","start_date":"","topic":"","type":""},"available_filters":{"language_choices":[{"label":"Choose Language","value":""},{"label":"English","value":"English"},{"label":"Espa\u00f1ol","value":"Espa\u00f1ol"},{"label":"Kurdish","value":"Kurdish"}],"network_choices":[{"label":"All networks","value":""},{"label":"VOA","value":"VOA"}],"source_choices":[{"label":"All sources","value":""},{"label":"Current Time","value":"currenttime_tv_direct"},{"label":"Current Time","value":"currenttime_tv_rss"},{"label":"Da Azadi Radio","value":"da_azadiradio_com_rss"},{"label":"Darivoa","value":"darivoa_com_rss"},{"label":"Dengeamerika","value":"dengeamerika_com_direct"},{"label":"Dengeamerika","value":"dengeamerika_com_rss"},{"label":"Dengiamerika","value":"dengiamerika_com_direct"},{"label":"Dengiamerika","value":"dengiamerika_com_rss"},{"label":"Editorials VOA","value":"editorials_voa_gov_rss"},{"label":"Golosameriki","value":"golosameriki_com_direct"},{"label":"Golosameriki","value":"golosameriki_com_rss"},{"label":"Ir VOA News","value":"ir_voanews_com_rss"},{"label":"Mashaalradio","value":"mashaalradio_com_direct"},{"label":"Moldova Europalibera","value":"moldova_europalibera_org_direct"},{"label":"Moldova Europalibera","value":"moldova_europalibera_org_rss"},{"label":"OCB \u00b7 Caf\u00e9 Digital","value":"ocb_spanish_audio_html_scrape"},{"label":"OCB \u00b7 Liberaci\u00f3n","value":"ocb_spanish_audio_html_scrape_1001"},{"label":"OCB \u00b7 Programas de Radio Nuestra Am\u00e9rica","value":"ocb_spanish_audio_html_scrape_1016"},{"label":"OCB \u00b7 Agenda hemisf\u00e9rica","value":"ocb_spanish_audio_html_scrape_1028"},{"label":"OCB \u00b7 El futuro es ya","value":"ocb_spanish_audio_html_scrape_1056"},{"label":"OCB \u00b7 Foro abierto","value":"ocb_spanish_audio_html_scrape_1061"},{"label":"OCB \u00b7 Nicaragua al d\u00eda","value":"ocb_spanish_audio_html_scrape_1077"},{"label":"OCB \u00b7 La bola nostra","value":"ocb_spanish_audio_html_scrape_1078"},{"label":"OCB \u00b7 Taller de prensa","value":"ocb_spanish_audio_html_scrape_1103"},{"label":"OCB \u00b7 Las noticias como son","value":"ocb_spanish_audio_html_scrape_142"},{"label":"OCB \u00b7 Abriendo Espacios","value":"ocb_spanish_audio_html_scrape_562"},{"label":"OCB \u00b7 Mart\u00ed Noticias A.M.","value":"ocb_spanish_audio_html_scrape_668"},{"label":"OCB Spanish Audio","value":"ocb_spanish_audio_scrape"},{"label":"OCB Spanish Video","value":"ocb_spanish_video_scrape"},{"label":"Pa Azadi Radio","value":"pa_azadiradio_com_rss"},{"label":"Pashtovoa","value":"pashtovoa_com_rss"},{"label":"Radiofaarda","value":"radiofaarda_com_direct"},{"label":"Radio Farda","value":"radiofarda_com_direct"},{"label":"Radio Farda","value":"radiofarda_com_rss"},{"label":"Radiosvoboda","value":"radiosvoboda_org_rss"},{"label":"Radiotavisupleba","value":"radiotavisupleba_ge_direct"},{"label":"Radiotavisupleba","value":"radiotavisupleba_ge_rss"},{"label":"Radiotelevisionmarti","value":"radiotelevisionmarti_com_direct"},{"label":"Radiotelevisionmarti","value":"radiotelevisionmarti_com_rss"},{"label":"RFA Burmese","value":"rfa_burmese_rss"},{"label":"RFA Burmese Video Scrape","value":"rfa_burmese_video_scrape"},{"label":"RFA Cantonese","value":"rfa_cantonese_rss"},{"label":"RFA Cantonese Video Scrape","value":"rfa_cantonese_video_scrape"},{"label":"RFA English RSS","value":"rfa_english_rss"},{"label":"RFA English Video","value":"rfa_english_video_scrape"},{"label":"RFA Khmer","value":"rfa_khmer_rss"},{"label":"RFA Khmer Video Scrape","value":"rfa_khmer_video_scrape"},{"label":"RFA Korean","value":"rfa_korean_rss"},{"label":"RFA Korean Video Scrape","value":"rfa_korean_video_scrape"},{"label":"RFA Lao","value":"rfa_lao_rss"},{"label":"RFA Lao Video Scrape","value":"rfa_lao_video_scrape"},{"label":"RFA Mandarin","value":"rfa_mandarin_rss"},{"label":"RFA Mandarin Video Scrape","value":"rfa_mandarin_video_scrape"},{"label":"RFA Tibetan","value":"rfa_tibetan_rss"},{"label":"RFA Tibetan Video Scrape","value":"rfa_tibetan_video_scrape"},{"label":"RFA Uyghur","value":"rfa_uyghur_rss"},{"label":"RFA Uyghur Video Scrape","value":"rfa_uyghur_video_scrape"},{"label":"RFA Vietnamese","value":"rfa_vietnamese_rss"},{"label":"RFA Vietnamese Video Scrape","value":"rfa_vietnamese_video_scrape"},{"label":"RFE/RL Direct","value":"rferl_direct"},{"label":"RFE/RL","value":"rferl_org_rss"},{"label":"Slobodnaevropa","value":"slobodnaevropa_org_direct"},{"label":"Slobodnaevropa","value":"slobodnaevropa_org_rss"},{"label":"Svoboda","value":"svoboda_org_direct"},{"label":"Svoboda","value":"svoboda_org_rss"},{"label":"Ukrainian VOA News","value":"ukrainian_voanews_com_rss"},{"label":"VOA Chinese Direct","value":"voa_chinese_direct"},{"label":"VOA Chinese RSS","value":"voa_chinese_rss"},{"label":"VOA Dari Direct","value":"voa_dari_direct"},{"label":"VOA Korea Direct","value":"voa_korea_direct"},{"label":"VOA Pashto Direct","value":"voa_pashto_direct"},{"label":"VOA Persian Direct","value":"voa_persian_direct"},{"label":"Voakorea","value":"voakorea_com_rss"}],"sources":["currenttime_tv_direct","currenttime_tv_rss","da_azadiradio_com_rss","darivoa_com_rss","dengeamerika_com_direct","dengeamerika_com_rss","dengiamerika_com_direct","dengiamerika_com_rss","editorials_voa_gov_rss","golosameriki_com_direct","golosameriki_com_rss","ir_voanews_com_rss","mashaalradio_com_direct","moldova_europalibera_org_direct","moldova_europalibera_org_rss","ocb_spanish_audio_html_scrape","ocb_spanish_audio_html_scrape_1001","ocb_spanish_audio_html_scrape_1016","ocb_spanish_audio_html_scrape_1028","ocb_spanish_audio_html_scrape_1056","ocb_spanish_audio_html_scrape_1061","ocb_spanish_audio_html_scrape_1077","ocb_spanish_audio_html_scrape_1078","ocb_spanish_audio_html_scrape_1103","ocb_spanish_audio_html_scrape_142","ocb_spanish_audio_html_scrape_562","ocb_spanish_audio_html_scrape_668","ocb_spanish_audio_scrape","ocb_spanish_video_scrape","pa_azadiradio_com_rss","pashtovoa_com_rss","radiofaarda_com_direct","radiofarda_com_direct","radiofarda_com_rss","radiosvoboda_org_rss","radiotavisupleba_ge_direct","radiotavisupleba_ge_rss","radiotelevisionmarti_com_direct","radiotelevisionmarti_com_rss","rfa_burmese_rss","rfa_burmese_video_scrape","rfa_cantonese_rss","rfa_cantonese_video_scrape","rfa_english_rss","rfa_english_video_scrape","rfa_khmer_rss","rfa_khmer_video_scrape","rfa_korean_rss","rfa_korean_video_scrape","rfa_lao_rss","rfa_lao_video_scrape","rfa_mandarin_rss","rfa_mandarin_video_scrape","rfa_tibetan_rss","rfa_tibetan_video_scrape","rfa_uyghur_rss","rfa_uyghur_video_scrape","rfa_vietnamese_rss","rfa_vietnamese_video_scrape","rferl_direct","rferl_org_rss","slobodnaevropa_org_direct","slobodnaevropa_org_rss","svoboda_org_direct","svoboda_org_rss","ukrainian_voanews_com_rss","voa_chinese_direct","voa_chinese_rss","voa_dari_direct","voa_korea_direct","voa_pashto_direct","voa_persian_direct","voakorea_com_rss"],"topics":["250em\u00een Salvegera Serxweb\u00fbna Amer\u00eekay\u00ea","Amer\u00eeka","Bernameya Televizyon\u00ee ya Rojane","Bernamey\u00ean radyoy\u00ea y\u00ean rojane","C\u00eehan","N\u00fb\u00e7ey\u00ean C\u00eehan\u00ea 1","N\u00fb\u00e7ey\u00ean C\u00eehan\u00ea 2","Radyo","V\u00eedyo Galer\u00ee"],"types":[["","All types"],["audio","Audio"],["video","Videos"],["clips","Clips"],["media","Media"]]},"has_next":true,"has_prev":true,"items":[{"article_body_paragraphs":[],"audio_source_url":null,"author":null,"available_dubs":[],"downloadable_assets":["https://voa-video-ns.akamaized.net/pangeavideo/2026/08/f/fd/fdad1f3c-37d4-41c1-7f50-08def2ed48ad_1080p.mp4?cb=ee2220b48"],"duration_display":"59:56","duration_seconds":3596.48,"embed_url":null,"id":9396,"image_caption":null,"image_url":"https://gdb.voanews.com/fdad1f3c-37d4-41c1-7f50-08def2ed48ad_tv_mw2048_mh2048_n.jpg","is_clip":false,"item_type":"video","item_type_label":"Video","language_label":"Kurdish","media_credit":"VOA","micro_label":"Video report","micro_label_kind":"video","network_label":"VOA","network_logo_url":"/static/uploads/direct_network_logos/voa_1ef13eedbd2f.svg","published_at":"2026-08-26T19:56:09.540000","published_at_display":"26 Aug 2026, 19:56 GMT","sequence_badge_label":null,"sequence_count":null,"sequence_count_label":null,"sequence_frames":[],"sequence_kind":null,"source_name":"dengeamerika_com_direct","source_name_label":"Dengeamerika","source_type":"direct_api","summary":"N\u00fb\u00e7e \u00fb agah\u00eey\u00ean n\u00fb y\u00ean derbar\u00ea Amer\u00eeka, her\u00eam\u00ean kurdan \u00fb c\u00eehan\u00ea di Bernameya Televizyon\u00ee ya 26\u2019\u00ea Tebaxa 2026\u2019an de.","title":"Bernameya Televizyon\u00ee ya 26'\u00ea Tebaxa 2026\u2019an","topic":"Bernameya Televizyon\u00ee ya Rojane","translation_language":"","url":"https://voa-video-ns.akamaized.net/pangeavideo/2026/08/f/fd/fdad1f3c-37d4-41c1-7f50-08def2ed48ad_1080p.mp4?cb=ee2220b48","video_url":"https://voa-video-ns.akamaized.net/pangeavideo/2026/08/f/fd/fdad1f3c-37d4-41c1-7f50-08def2ed48ad_1080p.mp4?cb=ee2220b48"},{"article_body_paragraphs":[],"audio_source_url":null,"author":null,"available_dubs":[],"downloadable_assets":["https://voa-video-ns.akamaized.net/pangeavideo/2026/08/5/55/557380bc-738c-4b94-ca75-08decaecd3b3_1080p.mp4?cb=ee22134eb"],"duration_display":"8:44","duration_seconds":524.05,"embed_url":null,"id":9371,"image_caption":null,"image_url":"https://gdb.voanews.com/557380bc-738c-4b94-ca75-08decaecd3b3_tv_mw2048_mh2048_n.jpg","is_clip":false,"item_type":"video","item_type_label":"Video","language_label":"Kurdish","media_credit":"VOA","micro_label":"Video report","micro_label_kind":"video","network_label":"VOA","network_logo_url":"/static/uploads/direct_network_logos/voa_1ef13eedbd2f.svg","published_at":"2026-08-26T19:26:35.183000","published_at_display":"26 Aug 2026, 19:26 GMT","sequence_badge_label":null,"sequence_count":null,"sequence_count_label":null,"sequence_frames":[],"sequence_kind":null,"source_name":"dengeamerika_com_direct","source_name_label":"Dengeamerika","source_type":"direct_api","summary":"Biryara daw\u00eena\u00eena erka H\u00eaz\u00ean S\u00fbr\u00eeya Demokrat\u00eek HSD'\u00ea b\u00fbye mijara roj\u00ea di nava Kurdan de. Dr. Serbest Neb\u00ee Mamostey\u00ea Zan\u00eengeha Koy\u00ea n\u00ear\u00een\u00ean xwe derbar\u00ea mijar\u00ea parve dike.","title":"Daw\u00eean\u00eena Erka H\u00eaz\u00ean S\u00fbr\u00eeya Demokrat\u00eek","topic":"V\u00eedyo Galer\u00ee","translation_language":"","url":"https://voa-video-ns.akamaized.net/pangeavideo/2026/08/5/55/557380bc-738c-4b94-ca75-08decaecd3b3_1080p.mp4?cb=ee22134eb","video_url":"https://voa-video-ns.akamaized.net/pangeavideo/2026/08/5/55/557380bc-738c-4b94-ca75-08decaecd3b3_1080p.mp4?cb=ee22134eb"},{"article_body_paragraphs":[],"audio_source_url":"https://voa-audio-ns.akamaized.net/vku/2026/08/26/20260826-190000-vku053-program_hq.mp3","author":null,"available_dubs":[],"downloadable_assets":["https://voa-audio-ns.akamaized.net/vku/2026/08/26/20260826-190000-vku053-program_hq.mp3"],"duration_display":"5:00","duration_seconds":300.0,"embed_url":null,"id":9372,"image_caption":null,"image_url":null,"is_clip":false,"item_type":"audio","item_type_label":"Audio","language_label":"Kurdish","media_credit":"VOA","micro_label":"Audio program","micro_label_kind":"audio","network_label":"VOA","network_logo_url":"/static/uploads/direct_network_logos/voa_1ef13eedbd2f.svg","published_at":"2026-08-26T19:00:00","published_at_display":"26 Aug 2026, 19:00 GMT","sequence_badge_label":null,"sequence_count":null,"sequence_count_label":null,"sequence_frames":[],"sequence_kind":null,"source_name":"dengeamerika_com_direct","source_name_label":"Dengeamerika","source_type":"direct_api","summary":"N\u00fb\u00e7ey\u00ean C\u00eehan\u00ea ji Deng\u00ea Amer\u00eeka","title":"N\u00fb\u00e7ey\u00ean 3\u2019y\u00ea pa\u015fn\u00eevro","topic":null,"translation_language":"","url":"https://voa-audio-ns.akamaized.net/vku/2026/08/26/20260826-190000-vku053-program_hq.mp3","video_url":null},{"article_body_paragraphs":[],"audio_source_url":null,"author":null,"available_dubs":[],"downloadable_assets":["https://voa-video-ns.akamaized.net/pangeavideo/2026/08/7/7a/7a9b9868-d61c-478a-f2bd-08def2b12219_1080p.mp4?cb=ee2212a75"],"duration_display":"2:07","duration_seconds":127.24,"embed_url":null,"id":9334,"image_caption":null,"image_url":"https://gdb.voanews.com/7a9b9868-d61c-478a-f2bd-08def2b12219_tv_mw2048_mh2048_n.jpg","is_clip":true,"item_type":"video","item_type_label":"Video","language_label":"Kurdish","media_credit":"VOA","micro_label":"Video report","micro_label_kind":"video","network_label":"VOA","network_logo_url":"/static/uploads/direct_network_logos/voa_1ef13eedbd2f.svg","published_at":"2026-08-26T18:41:57.733000","published_at_display":"26 Aug 2026, 18:41 GMT","sequence_badge_label":null,"sequence_count":null,"sequence_count_label":null,"sequence_frames":[],"sequence_kind":null,"source_name":"dengeamerika_com_direct","source_name_label":"Dengeamerika","source_type":"direct_api","summary":"\u00c7ima her du Civat a N\u00fbneran \u00fb Civata Senator\u00ean Amer\u00eek\u00ee p\u00eadiv\u00ee ye ku heman p\u00ea\u015fniyaqan\u00fbna \u00eemze bikin ber\u00ee bibe qan\u00fbn. pesend bikin ber\u00ee ku ew bibe qan\u00fbn? Di v\u00ea rapor\u00ea de, Meriwan Heme li ser wan kevne\u015fop\u00eey\u00ean qan\u00fbn\u00ee y\u00ean dest\u00fbra Amer\u00eekay\u00ea radiweste.","title":"Cudahiya di Navbera Civata N\u00fbneran \u00fb Senatoya Amer\u00eekay\u00ea de \u00c7i Ye?","topic":"V\u00eedyo Galer\u00ee","translation_language":"","url":"https://voa-video-ns.akamaized.net/pangeavideo/2026/08/7/7a/7a9b9868-d61c-478a-f2bd-08def2b12219_1080p.mp4?cb=ee2212a75","video_url":"https://voa-video-ns.akamaized.net/pangeavideo/2026/08/7/7a/7a9b9868-d61c-478a-f2bd-08def2b12219_1080p.mp4?cb=ee2212a75"},{"article_body_paragraphs":[],"audio_source_url":"https://voa-audio-ns.akamaized.net/vku/2026/08/26/20260826-170500-vku053-program_hq.mp3","author":null,"available_dubs":[],"downloadable_assets":["https://voa-audio-ns.akamaized.net/vku/2026/08/26/20260826-170500-vku053-program_hq.mp3"],"duration_display":"54:59","duration_seconds":3299.0,"embed_url":null,"id":9335,"image_caption":null,"image_url":null,"is_clip":false,"item_type":"audio","item_type_label":"Audio","language_label":"Kurdish","media_credit":"VOA","micro_label":"Audio program","micro_label_kind":"audio","network_label":"VOA","network_logo_url":"/static/uploads/direct_network_logos/voa_1ef13eedbd2f.svg","published_at":"2026-08-26T17:05:00","published_at_display":"26 Aug 2026, 17:05 GMT","sequence_badge_label":null,"sequence_count":null,"sequence_count_label":null,"sequence_frames":[],"sequence_kind":null,"source_name":"dengeamerika_com_direct","source_name_label":"Dengeamerika","source_type":"direct_api","summary":null,"title":"Bernama Duy\u00ea","topic":null,"translation_language":"","url":"https://voa-audio-ns.akamaized.net/vku/2026/08/26/20260826-170500-vku053-program_hq.mp3","video_url":null},{"article_body_paragraphs":[],"audio_source_url":"https://voa-audio-ns.akamaized.net/vku/2026/08/26/20260826-170000-vku053-program_hq.mp3","author":null,"available_dubs":[],"downloadable_assets":["https://voa-audio-ns.akamaized.net/vku/2026/08/26/20260826-170000-vku053-program_hq.mp3"],"duration_display":"4:59","duration_seconds":299.0,"embed_url":null,"id":9308,"image_caption":null,"image_url":null,"is_clip":false,"item_type":"audio","item_type_label":"Audio","language_label":"Kurdish","media_credit":"VOA","micro_label":"Audio program","micro_label_kind":"audio","network_label":"VOA","network_logo_url":"/static/uploads/direct_network_logos/voa_1ef13eedbd2f.svg","published_at":"2026-08-26T17:00:00","published_at_display":"26 Aug 2026, 17:00 GMT","sequence_badge_label":null,"sequence_count":null,"sequence_count_label":null,"sequence_frames":[],"sequence_kind":null,"source_name":"dengeamerika_com_direct","source_name_label":"Dengeamerika","source_type":"direct_api","summary":"N\u00fb\u00e7ey\u00ean C\u00eehan\u00ea ji Deng\u00ea Amer\u00eeka","title":"N\u00fb\u00e7ey\u00ean 1\u2019\u00ea pa\u015fn\u00eevro","topic":"Radyo","translation_language":"","url":"https://voa-audio-ns.akamaized.net/vku/2026/08/26/20260826-170000-vku053-program_hq.mp3","video_url":null},{"article_body_paragraphs":[],"audio_source_url":null,"author":null,"available_dubs":[{"dubbed_video_url":"/static/video/direct_dubs/direct_dub_40_c879ae0e9d85.mp4","id":40,"label":"English","target_language":"en","target_language_label":"English","voice":"alloy"}],"downloadable_assets":["https://voa-video-ns.akamaized.net/pangeavideo/2026/08/7/7a/7aa56b35-2622-4415-7f49-08def2ed48ad_1080p.mp4?cb=ee2210eff"],"duration_display":"1:54","duration_seconds":114.9,"embed_url":null,"id":9266,"image_caption":null,"image_url":"https://gdb.voanews.com/7aa56b35-2622-4415-7f49-08def2ed48ad_tv_mw2048_mh2048_n.jpg","is_clip":true,"item_type":"video","item_type_label":"Video","language_label":"Kurdish","media_credit":"VOA","micro_label":"Video report","micro_label_kind":"video","network_label":"VOA","network_logo_url":"/static/uploads/direct_network_logos/voa_1ef13eedbd2f.svg","published_at":"2026-08-26T16:44:47.007000","published_at_display":"26 Aug 2026, 16:44 GMT","sequence_badge_label":null,"sequence_count":null,"sequence_count_label":null,"sequence_frames":[],"sequence_kind":null,"source_name":"dengeamerika_com_direct","source_name_label":"Dengeamerika","source_type":"direct_api","summary":"Biryara Amer\u00eekay\u00ea ya z\u00eadekirina fi\u015far\u00ean abor\u00ee li ser \u00ceran\u00ea \u00fb \u00eezolekirina w\u00ea, ji al\u00eey\u00ea civaka navnetew\u00ee ve bi er\u00ean\u00ee t\u00ea d\u00eetin. Are\u015f Salh di v\u00ea raport\u00ea de z\u00eadeteri zanyar\u00eeyan li ser mijar\u00ea dide.","title":"Reaksyon\u00ean Er\u00ean\u00ee Derbar\u00ea Biryara Amer\u00eekay\u00ea ya \u00cezolekirina \u00ceran\u00ea","topic":"V\u00eedyo Galer\u00ee","translation_language":"","url":"https://voa-video-ns.akamaized.net/pangeavideo/2026/08/7/7a/7aa56b35-2622-4415-7f49-08def2ed48ad_1080p.mp4?cb=ee2210eff","video_url":"https://voa-video-ns.akamaized.net/pangeavideo/2026/08/7/7a/7aa56b35-2622-4415-7f49-08def2ed48ad_1080p.mp4?cb=ee2210eff"},{"article_body_paragraphs":[],"audio_source_url":null,"author":"Ridwan B\u00eazar","available_dubs":[],"downloadable_assets":["https://voa-video-ns.akamaized.net/pangeavideo/2026/08/6/6e/6ef479d5-1616-4c8e-7f44-08def2ed48ad_1080p.mp4?cb=ee2210404"],"duration_display":"2:29","duration_seconds":149.46,"embed_url":null,"id":9252,"image_caption":null,"image_url":"https://gdb.voanews.com/6ef479d5-1616-4c8e-7f44-08def2ed48ad_tv_mw2048_mh2048_n.jpg","is_clip":true,"item_type":"video","item_type_label":"Video","language_label":"Kurdish","media_credit":"VOA","micro_label":"Video report","micro_label_kind":"video","network_label":"VOA","network_logo_url":"/static/uploads/direct_network_logos/voa_1ef13eedbd2f.svg","published_at":"2026-08-26T15:57:56.173000","published_at_display":"26 Aug 2026, 15:57 GMT","sequence_badge_label":null,"sequence_count":null,"sequence_count_label":null,"sequence_frames":[],"sequence_kind":null,"source_name":"dengeamerika_com_direct","source_name_label":"Dengeamerika","source_type":"direct_api","summary":"Hejmarek R\u00fbni\u015ftvan\u00ean bajar\u00ea Koban\u00eey\u00ea n\u00ear\u00eena xwe derbar\u00ea biryara hilwe\u015fandina HSD'\u00ea t\u00eenin ziman.","title":"Xelk\u00ea Koban\u00eey\u00ea bo Biryara Hilwe\u015fandina HSD'\u00ea \u00c7i Dib\u00eajin?","topic":"V\u00eedyo Galer\u00ee","translation_language":"","url":"https://voa-video-ns.akamaized.net/pangeavideo/2026/08/6/6e/6ef479d5-1616-4c8e-7f44-08def2ed48ad_1080p.mp4?cb=ee2210404","video_url":"https://voa-video-ns.akamaized.net/pangeavideo/2026/08/6/6e/6ef479d5-1616-4c8e-7f44-08def2ed48ad_1080p.mp4?cb=ee2210404"},{"article_body_paragraphs":[],"audio_source_url":null,"author":"Hem\u00eed Mistefa","available_dubs":[],"downloadable_assets":["https://voa-video-ns.akamaized.net/pangeavideo/2026/08/f/f2/f2f02956-9808-49a1-ca66-08decaecd3b3_1080p.mp4?cb=ee220fd0a"],"duration_display":"3:03","duration_seconds":183.16,"embed_url":null,"id":9220,"image_caption":null,"image_url":"https://gdb.voanews.com/f2f02956-9808-49a1-ca66-08decaecd3b3_tv_mw2048_mh2048_n.jpg","is_clip":true,"item_type":"video","item_type_label":"Video","language_label":"Kurdish","media_credit":"VOA","micro_label":"Video report","micro_label_kind":"video","network_label":"VOA","network_logo_url":"/static/uploads/direct_network_logos/voa_1ef13eedbd2f.svg","published_at":"2026-08-26T15:28:10.923000","published_at_display":"26 Aug 2026, 15:28 GMT","sequence_badge_label":null,"sequence_count":null,"sequence_count_label":null,"sequence_frames":[],"sequence_kind":null,"source_name":"dengeamerika_com_direct","source_name_label":"Dengeamerika","source_type":"direct_api","summary":"Kurd\u00ean li Belc\u00eekay\u00ea \u00fb li Ewrupa dij\u00een, Fest\u00eevalek \u00c7anda Kurd\u00ee lidar xistin, di fest\u00eeval\u00ea de gelek \u00e7alak\u00ee heb\u00fbn, \u00e7anda kurd\u00ee ji pir al\u00eeyan ve n\u00ee\u015fa tema\u015fevan \u00fb Ewrupiyan dida.","title":"Fest\u00eevala \u00c7anda Kurd\u00ee li Bruksel","topic":"V\u00eedyo Galer\u00ee","translation_language":"","url":"https://voa-video-ns.akamaized.net/pangeavideo/2026/08/f/f2/f2f02956-9808-49a1-ca66-08decaecd3b3_1080p.mp4?cb=ee220fd0a","video_url":"https://voa-video-ns.akamaized.net/pangeavideo/2026/08/f/f2/f2f02956-9808-49a1-ca66-08decaecd3b3_1080p.mp4?cb=ee220fd0a"},{"article_body_paragraphs":[],"audio_source_url":null,"author":"R\u00eaj\u00een Ehmed","available_dubs":[],"downloadable_assets":["https://voa-video-ns.akamaized.net/pangeavideo/2026/08/9/91/91d19736-614b-4ff1-f2bf-08def2b12219_1080p.mp4?cb=ee220f7cc"],"duration_display":"3:27","duration_seconds":207.04,"embed_url":null,"id":9222,"image_caption":null,"image_url":"https://gdb.voanews.com/91d19736-614b-4ff1-f2bf-08def2b12219_tv_mw2048_mh2048_n.jpg","is_clip":true,"item_type":"video","item_type_label":"Video","language_label":"Kurdish","media_credit":"VOA","micro_label":"Video report","micro_label_kind":"video","network_label":"VOA","network_logo_url":"/static/uploads/direct_network_logos/voa_1ef13eedbd2f.svg","published_at":"2026-08-26T15:05:48.013000","published_at_display":"26 Aug 2026, 15:05 GMT","sequence_badge_label":null,"sequence_count":null,"sequence_count_label":null,"sequence_frames":[],"sequence_kind":null,"source_name":"dengeamerika_com_direct","source_name_label":"Dengeamerika","source_type":"direct_api","summary":"Gund\u00ea M\u00earget\u00ee li par\u00eazgeha Duhok\u00ea yek ji hezaran gund\u00ean Kurdistan\u00ea b\u00fbye y\u00ean ku ket\u00eene ber operasyon\u00ean Enfalan. R\u00eaj\u00een Ehmed di raport\u00ea de \u00e7\u00eeroka qurban\u00eey\u00ean gund di Enfal\u00ean re\u015f de behs dike.","title":"\u00c7\u00eeroka Enfalkirina Gund\u00ea M\u00earget\u00eey\u00ea di Enfal\u00ean Bad\u00eenan de","topic":"V\u00eedyo Galer\u00ee","translation_language":"","url":"https://voa-video-ns.akamaized.net/pangeavideo/2026/08/9/91/91d19736-614b-4ff1-f2bf-08def2b12219_1080p.mp4?cb=ee220f7cc","video_url":"https://voa-video-ns.akamaized.net/pangeavideo/2026/08/9/91/91d19736-614b-4ff1-f2bf-08def2b12219_1080p.mp4?cb=ee220f7cc"},{"article_body_paragraphs":[],"audio_source_url":"https://voa-audio-ns.akamaized.net/vku/2026/08/26/20260826-150000-vku053-program_hq.mp3","author":null,"available_dubs":[],"downloadable_assets":["https://voa-audio-ns.akamaized.net/vku/2026/08/26/20260826-150000-vku053-program_hq.mp3"],"duration_display":"9:59","duration_seconds":599.0,"embed_url":null,"id":9221,"image_caption":null,"image_url":null,"is_clip":false,"item_type":"audio","item_type_label":"Audio","language_label":"Kurdish","media_credit":"VOA","micro_label":"Audio program","micro_label_kind":"audio","network_label":"VOA","network_logo_url":"/static/uploads/direct_network_logos/voa_1ef13eedbd2f.svg","published_at":"2026-08-26T15:00:00","published_at_display":"26 Aug 2026, 15:00 GMT","sequence_badge_label":null,"sequence_count":null,"sequence_count_label":null,"sequence_frames":[],"sequence_kind":null,"source_name":"dengeamerika_com_direct","source_name_label":"Dengeamerika","source_type":"direct_api","summary":"N\u00fb\u00e7ey\u00ean C\u00eehan\u00ea ji Deng\u00ea Amer\u00eeka","title":"N\u00fb\u00e7ey\u00ean C\u00eehan\u00ea 1","topic":"N\u00fb\u00e7ey\u00ean C\u00eehan\u00ea 1","translation_language":"","url":"https://voa-audio-ns.akamaized.net/vku/2026/08/26/20260826-150000-vku053-program_hq.mp3","video_url":null},{"article_body_paragraphs":[],"audio_source_url":null,"author":"Emced Kurdo","available_dubs":[],"downloadable_assets":["https://voa-video-ns.akamaized.net/pangeavideo/2026/08/d/df/df0974bc-df4f-456f-f2be-08def2b12219_1080p.mp4?cb=ee220f339"],"duration_display":"3:19","duration_seconds":199.91,"embed_url":null,"id":9200,"image_caption":null,"image_url":"https://gdb.voanews.com/df0974bc-df4f-456f-f2be-08def2b12219_tv_mw2048_mh2048_n.jpg","is_clip":true,"item_type":"video","item_type_label":"Video","language_label":"Kurdish","media_credit":"VOA","micro_label":"Video report","micro_label_kind":"video","network_label":"VOA","network_logo_url":"/static/uploads/direct_network_logos/voa_1ef13eedbd2f.svg","published_at":"2026-08-26T14:45:42.580000","published_at_display":"26 Aug 2026, 14:45 GMT","sequence_badge_label":null,"sequence_count":null,"sequence_count_label":null,"sequence_frames":[],"sequence_kind":null,"source_name":"dengeamerika_com_direct","source_name_label":"Dengeamerika","source_type":"direct_api","summary":"Kurd\u00ean Rojava pi\u015ft\u00ee biryara hilwe\u015fandina HSD'\u00ea \u00fb tevl\u00eeb\u00fbna nava saziy\u00ean dewleta S\u00fbr\u00eey\u00ea n\u00ear\u00een\u00ean xwe t\u00eenin ziman.","title":"Al\u00eey\u00ean Siyas\u00ee y\u00ean Rojava Biryara Hilwe\u015fandina HSD'\u00ea Dinirx\u00eenin","topic":"V\u00eedyo Galer\u00ee","translation_language":"","url":"https://voa-video-ns.akamaized.net/pangeavideo/2026/08/d/df/df0974bc-df4f-456f-f2be-08def2b12219_1080p.mp4?cb=ee220f339","video_url":"https://voa-video-ns.akamaized.net/pangeavideo/2026/08/d/df/df0974bc-df4f-456f-f2be-08def2b12219_1080p.mp4?cb=ee220f339"},{"article_body_paragraphs":[],"audio_source_url":"https://voa-audio-ns.akamaized.net/vku/2026/08/26/20260826-140000-vku053-program_hq.mp3","author":null,"available_dubs":[],"downloadable_assets":["https://voa-audio-ns.akamaized.net/vku/2026/08/26/20260826-140000-vku053-program_hq.mp3"],"duration_display":"59:59","duration_seconds":3599.0,"embed_url":null,"id":9223,"image_caption":null,"image_url":null,"is_clip":false,"item_type":"audio","item_type_label":"Audio","language_label":"Kurdish","media_credit":"VOA","micro_label":"Audio program","micro_label_kind":"audio","network_label":"VOA","network_logo_url":"/static/uploads/direct_network_logos/voa_1ef13eedbd2f.svg","published_at":"2026-08-26T14:00:00","published_at_display":"26 Aug 2026, 14:00 GMT","sequence_badge_label":null,"sequence_count":null,"sequence_count_label":null,"sequence_frames":[],"sequence_kind":null,"source_name":"dengeamerika_com_direct","source_name_label":"Dengeamerika","source_type":"direct_api","summary":null,"title":"Bernamey\u00ean radyoy\u00ea y\u00ean rojane","topic":"Bernamey\u00ean radyoy\u00ea y\u00ean rojane","translation_language":"","url":"https://voa-audio-ns.akamaized.net/vku/2026/08/26/20260826-140000-vku053-program_hq.mp3","video_url":null},{"article_body_paragraphs":[],"audio_source_url":"https://voa-audio-ns.akamaized.net/vku/2026/08/26/20260826-050000-vku053-program_hq.mp3","author":null,"available_dubs":[],"downloadable_assets":["https://voa-audio-ns.akamaized.net/vku/2026/08/26/20260826-050000-vku053-program_hq.mp3"],"duration_display":"4:59","duration_seconds":299.0,"embed_url":null,"id":9042,"image_caption":null,"image_url":null,"is_clip":false,"item_type":"audio","item_type_label":"Audio","language_label":"Kurdish","media_credit":"VOA","micro_label":"Audio program","micro_label_kind":"audio","network_label":"VOA","network_logo_url":"/static/uploads/direct_network_logos/voa_1ef13eedbd2f.svg","published_at":"2026-08-26T05:00:00","published_at_display":"26 Aug 2026, 05:00 GMT","sequence_badge_label":null,"sequence_count":null,"sequence_count_label":null,"sequence_frames":[],"sequence_kind":null,"source_name":"dengeamerika_com_direct","source_name_label":"Dengeamerika","source_type":"direct_api","summary":"N\u00fb\u00e7ey\u00ean C\u00eehan\u00ea ji Deng\u00ea Amer\u00eeka","title":"N\u00fb\u00e7ey\u00ean C\u00eehan\u00ea 2","topic":"N\u00fb\u00e7ey\u00ean C\u00eehan\u00ea 2","translation_language":"","url":"https://voa-audio-ns.akamaized.net/vku/2026/08/26/20260826-050000-vku053-program_hq.mp3","video_url":null},{"article_body_paragraphs":[],"audio_source_url":null,"author":null,"available_dubs":[],"downloadable_assets":["https://voa-video-ns.akamaized.net/pangeavideo/2026/08/7/77/775e17c5-3772-4dd8-483c-08decadaa577.mp4?cb=ee220156b"],"duration_display":"59:51","duration_seconds":3591.05,"embed_url":null,"id":9007,"image_caption":null,"image_url":"https://gdb.voanews.com/775e17c5-3772-4dd8-483c-08decadaa577_tv_mw2048_mh2048_n.jpg","is_clip":false,"item_type":"video","item_type_label":"Video","language_label":"Kurdish","media_credit":"VOA","micro_label":"Video report","micro_label_kind":"video","network_label":"VOA","network_logo_url":"/static/uploads/direct_network_logos/voa_1ef13eedbd2f.svg","published_at":"2026-08-25T22:57:14.560000","published_at_display":"25 Aug 2026, 22:57 GMT","sequence_badge_label":null,"sequence_count":null,"sequence_count_label":null,"sequence_frames":[],"sequence_kind":null,"source_name":"dengeamerika_com_direct","source_name_label":"Dengeamerika","source_type":"direct_api","summary":"N\u00fb\u00e7e \u00fb agah\u00eey\u00ean n\u00fb y\u00ean derbar\u00ea Amer\u00eeka, her\u00eam\u00ean kurdan \u00fb c\u00eehan\u00ea di Bernameya Televizyon\u00ee ya 25\u2019\u00ea Tebaxa 2026\u2019an de.","title":"Bernameya Televizyon\u00ee ya 25'\u00ea Tebaxa 2026\u2019an","topic":"Bernameya Televizyon\u00ee ya Rojane","translation_language":"","url":"https://voa-video-ns.akamaized.net/pangeavideo/2026/08/7/77/775e17c5-3772-4dd8-483c-08decadaa577.mp4?cb=ee220156b","video_url":"https://voa-video-ns.akamaized.net/pangeavideo/2026/08/7/77/775e17c5-3772-4dd8-483c-08decadaa577.mp4?cb=ee220156b"},{"article_body_paragraphs":[],"audio_source_url":null,"author":null,"available_dubs":[],"downloadable_assets":["https://voa-video-ns.akamaized.net/pangeavideo/2026/08/b/bc/bc516c5a-081d-4d2f-a28e-08def2b10d93_1080p.mp4?cb=ee21fea53"],"duration_display":"4:15","duration_seconds":255.06,"embed_url":null,"id":8967,"image_caption":null,"image_url":"https://gdb.voanews.com/bc516c5a-081d-4d2f-a28e-08def2b10d93_tv_mw2048_mh2048_n.jpg","is_clip":true,"item_type":"video","item_type_label":"Video","language_label":"Kurdish","media_credit":"VOA","micro_label":"Video report","micro_label_kind":"video","network_label":"VOA","network_logo_url":"/static/uploads/direct_network_logos/voa_1ef13eedbd2f.svg","published_at":"2026-08-25T19:56:03.300000","published_at_display":"25 Aug 2026, 19:56 GMT","sequence_badge_label":null,"sequence_count":null,"sequence_count_label":null,"sequence_frames":[],"sequence_kind":null,"source_name":"dengeamerika_com_direct","source_name_label":"Dengeamerika","source_type":"direct_api","summary":"Serok\u00ea Demk\u00ee y\u00ea S\u00fbriy\u00ea Ehmed \u015eer'i \u00fb Fermandar\u00ea HSD'\u00ea Mezl\u00fbm Ebd\u00ee p\u00ea\u015fwaz\u00ee li biryara Amer\u00eekay\u00ea kir ku S\u00fbriy\u00ea ji l\u00eesta welat\u00ean pi\u015ftgir\u00ean teror\u00ea derxist. Emced Kurd ji Qami\u015flo qala reaksyon \u00fb n\u00ear\u00een\u00ean ser mijar\u00ea dike.","title":"Reaksyon\u00ean Navxwey\u00ee Derbar\u00ea Derxistina S\u00fbriy\u00ea ji L\u00eesta Welat\u00ean Pi\u015ftgir\u00ean Teror\u00ea","topic":"V\u00eedyo Galer\u00ee","translation_language":"","url":"https://voa-video-ns.akamaized.net/pangeavideo/2026/08/b/bc/bc516c5a-081d-4d2f-a28e-08def2b10d93_1080p.mp4?cb=ee21fea53","video_url":"https://voa-video-ns.akamaized.net/pangeavideo/2026/08/b/bc/bc516c5a-081d-4d2f-a28e-08def2b10d93_1080p.mp4?cb=ee21fea53"},{"article_body_paragraphs":[],"audio_source_url":null,"author":null,"available_dubs":[],"downloadable_assets":["https://voa-video-ns.akamaized.net/pangeavideo/2026/08/4/45/45326646-1aa4-4916-a28a-08def2b10d93_1080p.mp4?cb=ee21fe828"],"duration_display":"6:40","duration_seconds":400.23,"embed_url":null,"id":8968,"image_caption":null,"image_url":"https://gdb.voanews.com/45326646-1aa4-4916-a28a-08def2b10d93_tv_mw2048_mh2048_n.jpg","is_clip":false,"item_type":"video","item_type_label":"Video","language_label":"Kurdish","media_credit":"VOA","micro_label":"Video report","micro_label_kind":"video","network_label":"VOA","network_logo_url":"/static/uploads/direct_network_logos/voa_1ef13eedbd2f.svg","published_at":"2026-08-25T19:46:48.320000","published_at_display":"25 Aug 2026, 19:46 GMT","sequence_badge_label":null,"sequence_count":null,"sequence_count_label":null,"sequence_frames":[],"sequence_kind":null,"source_name":"dengeamerika_com_direct","source_name_label":"Dengeamerika","source_type":"direct_api","summary":"Rew\u015fa Kurd\u00ean S\u00fbriy\u00ea \u00fb Yekhelwest\u00eeya wan di qonaxa veguh\u00eaz a S\u00fbriy\u00ea de d\u00ea bi \u00e7i reng\u00ee be? Par\u00eazer Abdullah \u00cemam ji Almanyay\u00ea v\u00ea mijar\u00ea dinirx\u00eene.","title":"Rew\u015fa Kurdan di Qonaxa Veguh\u00eaz a S\u00fbriy\u00ea de","topic":"V\u00eedyo Galer\u00ee","translation_language":"","url":"https://voa-video-ns.akamaized.net/pangeavideo/2026/08/4/45/45326646-1aa4-4916-a28a-08def2b10d93_1080p.mp4?cb=ee21fe828","video_url":"https://voa-video-ns.akamaized.net/pangeavideo/2026/08/4/45/45326646-1aa4-4916-a28a-08def2b10d93_1080p.mp4?cb=ee21fe828"},{"article_body_paragraphs":[],"audio_source_url":null,"author":null,"available_dubs":[],"downloadable_assets":["https://voa-video-ns.akamaized.net/pangeavideo/2026/08/f/ff/ff070493-3385-44a2-a28c-08def2b10d93_1080p.mp4?cb=ee21fe753"],"duration_display":"5:49","duration_seconds":349.59,"embed_url":null,"id":8945,"image_caption":null,"image_url":"https://gdb.voanews.com/ff070493-3385-44a2-a28c-08def2b10d93_tv_mw2048_mh2048_n.jpg","is_clip":false,"item_type":"video","item_type_label":"Video","language_label":"Kurdish","media_credit":"VOA","micro_label":"Video report","micro_label_kind":"video","network_label":"VOA","network_logo_url":"/static/uploads/direct_network_logos/voa_1ef13eedbd2f.svg","published_at":"2026-08-25T19:43:15.803000","published_at_display":"25 Aug 2026, 19:43 GMT","sequence_badge_label":null,"sequence_count":null,"sequence_count_label":null,"sequence_frames":[],"sequence_kind":null,"source_name":"dengeamerika_com_direct","source_name_label":"Dengeamerika","source_type":"direct_api","summary":"Soran Xatir\u00ee Peyman\u00ear\u00ea Deng\u00ea Amer\u00eeka li Wezareta Derve P\u00eazan\u00een\u00ean Z\u00eadetir derbar\u00ea rojeva siyas\u00ee ya Wezareta Derve ya Amer\u00eekay\u00ea Radigih\u00eene.","title":"Zanyar\u00ee derabr\u00ea Fi\u015far\u00ean Abor\u00ee li Ser \u00ceran\u00ea \u00fb Derxistina S\u00fbriy\u00ea L\u00eesta Pi\u015ftg\u00eer\u00ean Teror\u00ea","topic":"V\u00eedyo Galer\u00ee","translation_language":"","url":"https://voa-video-ns.akamaized.net/pangeavideo/2026/08/f/ff/ff070493-3385-44a2-a28c-08def2b10d93_1080p.mp4?cb=ee21fe753","video_url":"https://voa-video-ns.akamaized.net/pangeavideo/2026/08/f/ff/ff070493-3385-44a2-a28c-08def2b10d93_1080p.mp4?cb=ee21fe753"},{"article_body_paragraphs":[],"audio_source_url":null,"author":null,"available_dubs":[],"downloadable_assets":["https://voa-video-ns.akamaized.net/pangeavideo/2026/08/b/b2/b238e1c1-9edc-478b-a28d-08def2b10d93_1080p.mp4?cb=ee21fe6af"],"duration_display":"7:20","duration_seconds":440.72,"embed_url":null,"id":8946,"image_caption":null,"image_url":"https://gdb.voanews.com/b238e1c1-9edc-478b-a28d-08def2b10d93_tv_mw2048_mh2048_n.jpg","is_clip":false,"item_type":"video","item_type_label":"Video","language_label":"Kurdish","media_credit":"VOA","micro_label":"Video report","micro_label_kind":"video","network_label":"VOA","network_logo_url":"/static/uploads/direct_network_logos/voa_1ef13eedbd2f.svg","published_at":"2026-08-25T19:40:31.157000","published_at_display":"25 Aug 2026, 19:40 GMT","sequence_badge_label":null,"sequence_count":null,"sequence_count_label":null,"sequence_frames":[],"sequence_kind":null,"source_name":"dengeamerika_com_direct","source_name_label":"Dengeamerika","source_type":"direct_api","summary":"Encam\u00ean dorp\u00ea\u00e7\u00ean n\u00fb y\u00ean Amer\u00eekay\u00ea y\u00ean li dij\u00ee Komara \u00ceslam\u00ee ya \u00ceran\u00ea, kar\u00eeger\u00eey\u00ean xwe y\u00ean rasterast li ser \u00ceraq\u00ea bi gi\u015ft\u00ee \u00fb li ser Her\u00eama Kurdistan\u00ea bi taybet\u00ee hene. Dr. Mihemed Salih, l\u00eakoler\u00ea payebilind \u00ea Enst\u00eetuya L\u00eakol\u00een\u00ean Siyaseta Derve li Virginia, mijar\u00ea dinirx\u00eene.","title":"Nirxandina Sizay\u00ean Amer\u00eeka li Ser \u00ceran\u00ea \u00fb Kar\u00eeger\u00eeya li Ser \u00ceraq \u00fb Her\u00eama Kurdistan\u00ea","topic":"V\u00eedyo Galer\u00ee","translation_language":"","url":"https://voa-video-ns.akamaized.net/pangeavideo/2026/08/b/b2/b238e1c1-9edc-478b-a28d-08def2b10d93_1080p.mp4?cb=ee21fe6af","video_url":"https://voa-video-ns.akamaized.net/pangeavideo/2026/08/b/b2/b238e1c1-9edc-478b-a28d-08def2b10d93_1080p.mp4?cb=ee21fe6af"},{"article_body_paragraphs":[],"audio_source_url":null,"author":null,"available_dubs":[],"downloadable_assets":["https://voa-video-ns.akamaized.net/pangeavideo/2026/08/a/ae/aef77cc1-174d-44a3-a28b-08def2b10d93_1080p.mp4?cb=ee21fe60a"],"duration_display":"5:28","duration_seconds":328.68,"embed_url":null,"id":8947,"image_caption":null,"image_url":"https://gdb.voanews.com/aef77cc1-174d-44a3-a28b-08def2b10d93_tv_mw2048_mh2048_n.jpg","is_clip":false,"item_type":"video","item_type_label":"Video","language_label":"Kurdish","media_credit":"VOA","micro_label":"Video report","micro_label_kind":"video","network_label":"VOA","network_logo_url":"/static/uploads/direct_network_logos/voa_1ef13eedbd2f.svg","published_at":"2026-08-25T19:37:46.093000","published_at_display":"25 Aug 2026, 19:37 GMT","sequence_badge_label":null,"sequence_count":null,"sequence_count_label":null,"sequence_frames":[],"sequence_kind":null,"source_name":"dengeamerika_com_direct","source_name_label":"Dengeamerika","source_type":"direct_api","summary":"Amer\u00eekay\u00ea dest bi operasyon\u00ean \u00cezolekirina \u00ceran\u00ea kir\u00eeye \u00fb Serok\u00ea Amer\u00eekay\u00ea Donald Trump dib\u00eaje, Rej\u00eema \u00ceran\u00ea ber bi ketin\u00ea ve di\u00e7e. Are\u015f Salih ser mijar\u00ea p\u00eazan\u00een\u00ean z\u00eadetir dide.","title":"Operasyon\u00ean Amer\u00eekay\u00ea y\u00ean \u00cezolekirina \u00ceran\u00ea","topic":"V\u00eedyo Galer\u00ee","translation_language":"","url":"https://voa-video-ns.akamaized.net/pangeavideo/2026/08/a/ae/aef77cc1-174d-44a3-a28b-08def2b10d93_1080p.mp4?cb=ee21fe60a","video_url":"https://voa-video-ns.akamaized.net/pangeavideo/2026/08/a/ae/aef77cc1-174d-44a3-a28b-08def2b10d93_1080p.mp4?cb=ee21fe60a"}],"next_num":7,"page":6,"pages":26,"per_page":20,"prev_num":5,"total":513}
