{"applied_filters":{"end_date":"","lang":"","language":"","network":"","page":7,"per_page":20,"search":"","source":"dengeamerika_com_direct","start_date":"","topic":"","type":""},"available_filters":{"language_choices":[{"label":"Choose Language","value":""},{"label":"English","value":"English"},{"label":"Espa\u00f1ol","value":"Espa\u00f1ol"},{"label":"Kurdish","value":"Kurdish"}],"network_choices":[{"label":"All networks","value":""},{"label":"VOA","value":"VOA"}],"source_choices":[{"label":"All sources","value":""},{"label":"Current Time","value":"currenttime_tv_direct"},{"label":"Current Time","value":"currenttime_tv_rss"},{"label":"Da Azadi Radio","value":"da_azadiradio_com_rss"},{"label":"Darivoa","value":"darivoa_com_rss"},{"label":"Dengeamerika","value":"dengeamerika_com_direct"},{"label":"Dengeamerika","value":"dengeamerika_com_rss"},{"label":"Dengiamerika","value":"dengiamerika_com_direct"},{"label":"Dengiamerika","value":"dengiamerika_com_rss"},{"label":"Editorials VOA","value":"editorials_voa_gov_rss"},{"label":"Golosameriki","value":"golosameriki_com_direct"},{"label":"Golosameriki","value":"golosameriki_com_rss"},{"label":"Ir VOA News","value":"ir_voanews_com_rss"},{"label":"Mashaalradio","value":"mashaalradio_com_direct"},{"label":"Moldova Europalibera","value":"moldova_europalibera_org_direct"},{"label":"Moldova Europalibera","value":"moldova_europalibera_org_rss"},{"label":"OCB \u00b7 Caf\u00e9 Digital","value":"ocb_spanish_audio_html_scrape"},{"label":"OCB \u00b7 Liberaci\u00f3n","value":"ocb_spanish_audio_html_scrape_1001"},{"label":"OCB \u00b7 Programas de Radio Nuestra Am\u00e9rica","value":"ocb_spanish_audio_html_scrape_1016"},{"label":"OCB \u00b7 Agenda hemisf\u00e9rica","value":"ocb_spanish_audio_html_scrape_1028"},{"label":"OCB \u00b7 El futuro es ya","value":"ocb_spanish_audio_html_scrape_1056"},{"label":"OCB \u00b7 Foro abierto","value":"ocb_spanish_audio_html_scrape_1061"},{"label":"OCB \u00b7 Nicaragua al d\u00eda","value":"ocb_spanish_audio_html_scrape_1077"},{"label":"OCB \u00b7 La bola nostra","value":"ocb_spanish_audio_html_scrape_1078"},{"label":"OCB \u00b7 Taller de prensa","value":"ocb_spanish_audio_html_scrape_1103"},{"label":"OCB \u00b7 Las noticias como son","value":"ocb_spanish_audio_html_scrape_142"},{"label":"OCB \u00b7 Abriendo Espacios","value":"ocb_spanish_audio_html_scrape_562"},{"label":"OCB \u00b7 Mart\u00ed Noticias A.M.","value":"ocb_spanish_audio_html_scrape_668"},{"label":"OCB Spanish Audio","value":"ocb_spanish_audio_scrape"},{"label":"OCB Spanish Video","value":"ocb_spanish_video_scrape"},{"label":"Pa Azadi Radio","value":"pa_azadiradio_com_rss"},{"label":"Pashtovoa","value":"pashtovoa_com_rss"},{"label":"Radiofaarda","value":"radiofaarda_com_direct"},{"label":"Radio Farda","value":"radiofarda_com_direct"},{"label":"Radio Farda","value":"radiofarda_com_rss"},{"label":"Radiosvoboda","value":"radiosvoboda_org_rss"},{"label":"Radiotavisupleba","value":"radiotavisupleba_ge_direct"},{"label":"Radiotavisupleba","value":"radiotavisupleba_ge_rss"},{"label":"Radiotelevisionmarti","value":"radiotelevisionmarti_com_direct"},{"label":"Radiotelevisionmarti","value":"radiotelevisionmarti_com_rss"},{"label":"RFA Burmese","value":"rfa_burmese_rss"},{"label":"RFA Burmese Video Scrape","value":"rfa_burmese_video_scrape"},{"label":"RFA Cantonese","value":"rfa_cantonese_rss"},{"label":"RFA Cantonese Video Scrape","value":"rfa_cantonese_video_scrape"},{"label":"RFA English RSS","value":"rfa_english_rss"},{"label":"RFA English Video","value":"rfa_english_video_scrape"},{"label":"RFA Khmer","value":"rfa_khmer_rss"},{"label":"RFA Khmer Video Scrape","value":"rfa_khmer_video_scrape"},{"label":"RFA Korean","value":"rfa_korean_rss"},{"label":"RFA Korean Video Scrape","value":"rfa_korean_video_scrape"},{"label":"RFA Lao","value":"rfa_lao_rss"},{"label":"RFA Lao Video Scrape","value":"rfa_lao_video_scrape"},{"label":"RFA Mandarin","value":"rfa_mandarin_rss"},{"label":"RFA Mandarin Video Scrape","value":"rfa_mandarin_video_scrape"},{"label":"RFA Tibetan","value":"rfa_tibetan_rss"},{"label":"RFA Tibetan Video Scrape","value":"rfa_tibetan_video_scrape"},{"label":"RFA Uyghur","value":"rfa_uyghur_rss"},{"label":"RFA Uyghur Video Scrape","value":"rfa_uyghur_video_scrape"},{"label":"RFA Vietnamese","value":"rfa_vietnamese_rss"},{"label":"RFA Vietnamese Video Scrape","value":"rfa_vietnamese_video_scrape"},{"label":"RFE/RL Direct","value":"rferl_direct"},{"label":"RFE/RL","value":"rferl_org_rss"},{"label":"Slobodnaevropa","value":"slobodnaevropa_org_direct"},{"label":"Slobodnaevropa","value":"slobodnaevropa_org_rss"},{"label":"Svoboda","value":"svoboda_org_direct"},{"label":"Svoboda","value":"svoboda_org_rss"},{"label":"Ukrainian VOA News","value":"ukrainian_voanews_com_rss"},{"label":"VOA Chinese Direct","value":"voa_chinese_direct"},{"label":"VOA Chinese RSS","value":"voa_chinese_rss"},{"label":"VOA Dari Direct","value":"voa_dari_direct"},{"label":"VOA Korea Direct","value":"voa_korea_direct"},{"label":"VOA Pashto Direct","value":"voa_pashto_direct"},{"label":"VOA Persian Direct","value":"voa_persian_direct"},{"label":"Voakorea","value":"voakorea_com_rss"}],"sources":["currenttime_tv_direct","currenttime_tv_rss","da_azadiradio_com_rss","darivoa_com_rss","dengeamerika_com_direct","dengeamerika_com_rss","dengiamerika_com_direct","dengiamerika_com_rss","editorials_voa_gov_rss","golosameriki_com_direct","golosameriki_com_rss","ir_voanews_com_rss","mashaalradio_com_direct","moldova_europalibera_org_direct","moldova_europalibera_org_rss","ocb_spanish_audio_html_scrape","ocb_spanish_audio_html_scrape_1001","ocb_spanish_audio_html_scrape_1016","ocb_spanish_audio_html_scrape_1028","ocb_spanish_audio_html_scrape_1056","ocb_spanish_audio_html_scrape_1061","ocb_spanish_audio_html_scrape_1077","ocb_spanish_audio_html_scrape_1078","ocb_spanish_audio_html_scrape_1103","ocb_spanish_audio_html_scrape_142","ocb_spanish_audio_html_scrape_562","ocb_spanish_audio_html_scrape_668","ocb_spanish_audio_scrape","ocb_spanish_video_scrape","pa_azadiradio_com_rss","pashtovoa_com_rss","radiofaarda_com_direct","radiofarda_com_direct","radiofarda_com_rss","radiosvoboda_org_rss","radiotavisupleba_ge_direct","radiotavisupleba_ge_rss","radiotelevisionmarti_com_direct","radiotelevisionmarti_com_rss","rfa_burmese_rss","rfa_burmese_video_scrape","rfa_cantonese_rss","rfa_cantonese_video_scrape","rfa_english_rss","rfa_english_video_scrape","rfa_khmer_rss","rfa_khmer_video_scrape","rfa_korean_rss","rfa_korean_video_scrape","rfa_lao_rss","rfa_lao_video_scrape","rfa_mandarin_rss","rfa_mandarin_video_scrape","rfa_tibetan_rss","rfa_tibetan_video_scrape","rfa_uyghur_rss","rfa_uyghur_video_scrape","rfa_vietnamese_rss","rfa_vietnamese_video_scrape","rferl_direct","rferl_org_rss","slobodnaevropa_org_direct","slobodnaevropa_org_rss","svoboda_org_direct","svoboda_org_rss","ukrainian_voanews_com_rss","voa_chinese_direct","voa_chinese_rss","voa_dari_direct","voa_korea_direct","voa_pashto_direct","voa_persian_direct","voakorea_com_rss"],"topics":["250em\u00een Salvegera Serxweb\u00fbna Amer\u00eekay\u00ea","Amer\u00eeka","Bernameya Televizyon\u00ee ya Rojane","Bernamey\u00ean radyoy\u00ea y\u00ean rojane","C\u00eehan","N\u00fb\u00e7ey\u00ean C\u00eehan\u00ea 1","N\u00fb\u00e7ey\u00ean C\u00eehan\u00ea 2","Radyo","V\u00eedyo Galer\u00ee"],"types":[["","All types"],["audio","Audio"],["video","Videos"],["clips","Clips"],["media","Media"]]},"has_next":true,"has_prev":true,"items":[{"article_body_paragraphs":[],"audio_source_url":"https://voa-audio-ns.akamaized.net/vku/2026/08/25/20260825-190000-vku053-program_hq.mp3","author":null,"available_dubs":[],"downloadable_assets":["https://voa-audio-ns.akamaized.net/vku/2026/08/25/20260825-190000-vku053-program_hq.mp3"],"duration_display":"4:59","duration_seconds":299.0,"embed_url":null,"id":8948,"image_caption":null,"image_url":null,"is_clip":false,"item_type":"audio","item_type_label":"Audio","language_label":"Kurdish","media_credit":"VOA","micro_label":"Audio program","micro_label_kind":"audio","network_label":"VOA","network_logo_url":"/static/uploads/direct_network_logos/voa_1ef13eedbd2f.svg","published_at":"2026-08-25T19:00:00","published_at_display":"25 Aug 2026, 19:00 GMT","sequence_badge_label":null,"sequence_count":null,"sequence_count_label":null,"sequence_frames":[],"sequence_kind":null,"source_name":"dengeamerika_com_direct","source_name_label":"Dengeamerika","source_type":"direct_api","summary":"N\u00fb\u00e7ey\u00ean C\u00eehan\u00ea ji Deng\u00ea Amer\u00eeka","title":"N\u00fb\u00e7ey\u00ean 3\u2019y\u00ea pa\u015fn\u00eevro","topic":null,"translation_language":"","url":"https://voa-audio-ns.akamaized.net/vku/2026/08/25/20260825-190000-vku053-program_hq.mp3","video_url":null},{"article_body_paragraphs":[],"audio_source_url":null,"author":"R\u00eaj\u00een Ehmed","available_dubs":[],"downloadable_assets":["https://voa-video-ns.akamaized.net/pangeavideo/2026/08/5/5f/5faccce8-9e1b-4e95-f2ae-08def2b12219_1080p.mp4?cb=ee21fc6af"],"duration_display":"5:50","duration_seconds":350.78,"embed_url":null,"id":8874,"image_caption":null,"image_url":"https://gdb.voanews.com/5faccce8-9e1b-4e95-f2ae-08def2b12219_tv_mw2048_mh2048_n.jpg","is_clip":false,"item_type":"video","item_type_label":"Video","language_label":"Kurdish","media_credit":"VOA","micro_label":"Video report","micro_label_kind":"video","network_label":"VOA","network_logo_url":"/static/uploads/direct_network_logos/voa_1ef13eedbd2f.svg","published_at":"2026-08-25T17:15:17.803000","published_at_display":"25 Aug 2026, 17:15 GMT","sequence_badge_label":null,"sequence_count":null,"sequence_count_label":null,"sequence_frames":[],"sequence_kind":null,"source_name":"dengeamerika_com_direct","source_name_label":"Dengeamerika","source_type":"direct_api","summary":"Pi\u015ft\u00ee bidaw\u00eeb\u00fbna \u015fer\u00ea 8 sal\u00ee y\u00ea di navbera \u00ceraq \u00fb \u00ceran\u00ea de, rej\u00eema Ba'is bi hem\u00fb h\u00eaz\u00ean xwe ve, li Kurdistan\u00ea dest bi opresyon\u00ean Enfalan kir. Daw\u00eeya Tebaxa 1988\u00ea art\u00ea\u015fa \u00ceraq\u00ea destg bi qonaxa Enfalkirina her\u00eama Bad\u00eenan kir. \u00c7\u00eerok\u00ean qurban\u00eeyan di raporta R\u00eaj\u00een Ehmed de.","title":"\u00c7\u00eeroka Destp\u00eakirina Enfal\u00ean Bad\u00eenan","topic":"V\u00eedyo Galer\u00ee","translation_language":"","url":"https://voa-video-ns.akamaized.net/pangeavideo/2026/08/5/5f/5faccce8-9e1b-4e95-f2ae-08def2b12219_1080p.mp4?cb=ee21fc6af","video_url":"https://voa-video-ns.akamaized.net/pangeavideo/2026/08/5/5f/5faccce8-9e1b-4e95-f2ae-08def2b12219_1080p.mp4?cb=ee21fc6af"},{"article_body_paragraphs":[],"audio_source_url":"https://voa-audio-ns.akamaized.net/vku/2026/08/25/20260825-170500-vku053-program_hq.mp3","author":null,"available_dubs":[],"downloadable_assets":["https://voa-audio-ns.akamaized.net/vku/2026/08/25/20260825-170500-vku053-program_hq.mp3"],"duration_display":"54:57","duration_seconds":3297.0,"embed_url":null,"id":8909,"image_caption":null,"image_url":null,"is_clip":false,"item_type":"audio","item_type_label":"Audio","language_label":"Kurdish","media_credit":"VOA","micro_label":"Audio program","micro_label_kind":"audio","network_label":"VOA","network_logo_url":"/static/uploads/direct_network_logos/voa_1ef13eedbd2f.svg","published_at":"2026-08-25T17:05:00","published_at_display":"25 Aug 2026, 17:05 GMT","sequence_badge_label":null,"sequence_count":null,"sequence_count_label":null,"sequence_frames":[],"sequence_kind":null,"source_name":"dengeamerika_com_direct","source_name_label":"Dengeamerika","source_type":"direct_api","summary":null,"title":"Bernama Duy\u00ea","topic":null,"translation_language":"","url":"https://voa-audio-ns.akamaized.net/vku/2026/08/25/20260825-170500-vku053-program_hq.mp3","video_url":null},{"article_body_paragraphs":[],"audio_source_url":null,"author":"S\u00eenor Ker\u00eem","available_dubs":[],"downloadable_assets":["https://voa-video-ns.akamaized.net/pangeavideo/2026/08/8/86/864d91be-c0d7-4ae6-4831-08decadaa577_1080p.mp4?cb=ee21fc1e4"],"duration_display":"3:24","duration_seconds":204.56,"embed_url":null,"id":8876,"image_caption":null,"image_url":"https://gdb.voanews.com/864d91be-c0d7-4ae6-4831-08decadaa577_tv_mw2048_mh2048_n.jpg","is_clip":true,"item_type":"video","item_type_label":"Video","language_label":"Kurdish","media_credit":"VOA","micro_label":"Video report","micro_label_kind":"video","network_label":"VOA","network_logo_url":"/static/uploads/direct_network_logos/voa_1ef13eedbd2f.svg","published_at":"2026-08-25T17:03:32.647000","published_at_display":"25 Aug 2026, 17:03 GMT","sequence_badge_label":null,"sequence_count":null,"sequence_count_label":null,"sequence_frames":[],"sequence_kind":null,"source_name":"dengeamerika_com_direct","source_name_label":"Dengeamerika","source_type":"direct_api","summary":"Diyar\u00ee, xortek\u00ee ji Ranyay\u00ea ye, ku ji derd\u00ea nexwe\u015fiyan diki\u015f\u00eene \u00fb debara xwe bi firotina av\u00ea derbas dike, dib\u00eaje ku ew rojane ten\u00ea 2,000 heta 3,000 d\u00eenaran qezenc dike.","title":"Xortek\u00ee li Ranyay\u00ea Tev\u00ee Nexwe\u015fiya Xwe bi Av Firotin\u00ea Debara Xwe Dike","topic":"V\u00eedyo Galer\u00ee","translation_language":"","url":"https://voa-video-ns.akamaized.net/pangeavideo/2026/08/8/86/864d91be-c0d7-4ae6-4831-08decadaa577_1080p.mp4?cb=ee21fc1e4","video_url":"https://voa-video-ns.akamaized.net/pangeavideo/2026/08/8/86/864d91be-c0d7-4ae6-4831-08decadaa577_1080p.mp4?cb=ee21fc1e4"},{"article_body_paragraphs":[],"audio_source_url":"https://voa-audio-ns.akamaized.net/vku/2026/08/25/20260825-170000-vku053-program_hq.mp3","author":null,"available_dubs":[],"downloadable_assets":["https://voa-audio-ns.akamaized.net/vku/2026/08/25/20260825-170000-vku053-program_hq.mp3"],"duration_display":"4:59","duration_seconds":299.0,"embed_url":null,"id":8875,"image_caption":null,"image_url":null,"is_clip":false,"item_type":"audio","item_type_label":"Audio","language_label":"Kurdish","media_credit":"VOA","micro_label":"Audio program","micro_label_kind":"audio","network_label":"VOA","network_logo_url":"/static/uploads/direct_network_logos/voa_1ef13eedbd2f.svg","published_at":"2026-08-25T17:00:00","published_at_display":"25 Aug 2026, 17:00 GMT","sequence_badge_label":null,"sequence_count":null,"sequence_count_label":null,"sequence_frames":[],"sequence_kind":null,"source_name":"dengeamerika_com_direct","source_name_label":"Dengeamerika","source_type":"direct_api","summary":"N\u00fb\u00e7ey\u00ean C\u00eehan\u00ea ji Deng\u00ea Amer\u00eeka","title":"N\u00fb\u00e7ey\u00ean 1\u2019\u00ea pa\u015fn\u00eevro","topic":"Radyo","translation_language":"","url":"https://voa-audio-ns.akamaized.net/vku/2026/08/25/20260825-170000-vku053-program_hq.mp3","video_url":null},{"article_body_paragraphs":[],"audio_source_url":null,"author":"D\u00eeyar Cemal","available_dubs":[],"downloadable_assets":["https://voa-video-ns.akamaized.net/pangeavideo/2026/08/0/06/0605b05f-064e-4b3e-ca59-08decaecd3b3_1080p.mp4?cb=ee21fc051"],"duration_display":"2:47","duration_seconds":167.78,"embed_url":null,"id":8862,"image_caption":null,"image_url":"https://gdb.voanews.com/0605b05f-064e-4b3e-ca59-08decaecd3b3_tv_mw2048_mh2048_n.jpg","is_clip":true,"item_type":"video","item_type_label":"Video","language_label":"Kurdish","media_credit":"VOA","micro_label":"Video report","micro_label_kind":"video","network_label":"VOA","network_logo_url":"/static/uploads/direct_network_logos/voa_1ef13eedbd2f.svg","published_at":"2026-08-25T16:54:09.407000","published_at_display":"25 Aug 2026, 16:54 GMT","sequence_badge_label":null,"sequence_count":null,"sequence_count_label":null,"sequence_frames":[],"sequence_kind":null,"source_name":"dengeamerika_com_direct","source_name_label":"Dengeamerika","source_type":"direct_api","summary":"Li \u00ceraq\u00ea, dema nakokiy\u00ean siyas\u00ee derdikevin hol\u00ea, yekem bajar\u00ea ku bedela nakokiyan dide par\u00eazgeha Kerk\u00fbk\u00ea ye, welat\u00ee \u00fb rayedar dib\u00eajin van nakokiyan bandorek ney\u00een\u00ee li ser ewleh\u00ee, aramiya abor\u00ee \u00fb xizmetguzariyan heye.","title":"Kerk\u00fbk; Navenda Nakokiy\u00ean Siyas\u00ee li \u00ceraq\u00ea","topic":"V\u00eedyo Galer\u00ee","translation_language":"","url":"https://voa-video-ns.akamaized.net/pangeavideo/2026/08/0/06/0605b05f-064e-4b3e-ca59-08decaecd3b3_1080p.mp4?cb=ee21fc051","video_url":"https://voa-video-ns.akamaized.net/pangeavideo/2026/08/0/06/0605b05f-064e-4b3e-ca59-08decaecd3b3_1080p.mp4?cb=ee21fc051"},{"article_body_paragraphs":[],"audio_source_url":null,"author":"\u00cevan Hes\u00eeb","available_dubs":[],"downloadable_assets":["https://voa-video-ns.akamaized.net/pangeavideo/2026/08/0/09/09fdd598-4674-474d-f2ab-08def2b12219_1080p.mp4?cb=ee21fb4c6"],"duration_display":"3:39","duration_seconds":219.55,"embed_url":null,"id":8729,"image_caption":null,"image_url":"https://gdb.voanews.com/09fdd598-4674-474d-f2ab-08def2b12219_tv_mw2048_mh2048_n.jpg","is_clip":true,"item_type":"video","item_type_label":"Video","language_label":"Kurdish","media_credit":"VOA","micro_label":"Video report","micro_label_kind":"video","network_label":"VOA","network_logo_url":"/static/uploads/direct_network_logos/voa_1ef13eedbd2f.svg","published_at":"2026-08-25T16:07:22.203000","published_at_display":"25 Aug 2026, 16:07 GMT","sequence_badge_label":null,"sequence_count":null,"sequence_count_label":null,"sequence_frames":[],"sequence_kind":null,"source_name":"dengeamerika_com_direct","source_name_label":"Dengeamerika","source_type":"direct_api","summary":"Pi\u015ft\u00ee hilwe\u015f\u00eena rej\u00eema Esed nexwe\u015fxaneya ni\u015ftiman\u00ee ya Qami\u015flo ji aliy\u00ea Desteya Tenduristiy\u00ea ya R\u00eaveberiya Xweser ve hate n\u00fbjenkirin, \u00fb pi\u015ftre bi Wezareta Tenduristiy\u00ea ya S\u00fbriy\u00ea ve hate gir\u00eadan. Niha Nexwe\u015fxane b\u00ea pere xizmeta nexwe\u015fan dike.","title":"Nexwe\u015fxaneya Ni\u015ft\u00eeman\u00ee ya Qami\u015flo B\u00ea Pere Nexwe\u015fan Derman Dike","topic":"V\u00eedyo Galer\u00ee","translation_language":"","url":"https://voa-video-ns.akamaized.net/pangeavideo/2026/08/0/09/09fdd598-4674-474d-f2ab-08def2b12219_1080p.mp4?cb=ee21fb4c6","video_url":"https://voa-video-ns.akamaized.net/pangeavideo/2026/08/0/09/09fdd598-4674-474d-f2ab-08def2b12219_1080p.mp4?cb=ee21fb4c6"},{"article_body_paragraphs":[],"audio_source_url":"https://voa-audio-ns.akamaized.net/vku/2026/08/25/20260825-150000-vku053-program_hq.mp3","author":null,"available_dubs":[],"downloadable_assets":["https://voa-audio-ns.akamaized.net/vku/2026/08/25/20260825-150000-vku053-program_hq.mp3"],"duration_display":"10:00","duration_seconds":600.0,"embed_url":null,"id":8804,"image_caption":null,"image_url":null,"is_clip":false,"item_type":"audio","item_type_label":"Audio","language_label":"Kurdish","media_credit":"VOA","micro_label":"Audio program","micro_label_kind":"audio","network_label":"VOA","network_logo_url":"/static/uploads/direct_network_logos/voa_1ef13eedbd2f.svg","published_at":"2026-08-25T15:00:00","published_at_display":"25 Aug 2026, 15:00 GMT","sequence_badge_label":null,"sequence_count":null,"sequence_count_label":null,"sequence_frames":[],"sequence_kind":null,"source_name":"dengeamerika_com_direct","source_name_label":"Dengeamerika","source_type":"direct_api","summary":"N\u00fb\u00e7ey\u00ean C\u00eehan\u00ea ji Deng\u00ea Amer\u00eeka","title":"N\u00fb\u00e7ey\u00ean C\u00eehan\u00ea 1","topic":"N\u00fb\u00e7ey\u00ean C\u00eehan\u00ea 1","translation_language":"","url":"https://voa-audio-ns.akamaized.net/vku/2026/08/25/20260825-150000-vku053-program_hq.mp3","video_url":null},{"article_body_paragraphs":[],"audio_source_url":"https://voa-audio-ns.akamaized.net/vku/2026/08/25/20260825-140000-vku053-program_hq.mp3","author":null,"available_dubs":[],"downloadable_assets":["https://voa-audio-ns.akamaized.net/vku/2026/08/25/20260825-140000-vku053-program_hq.mp3"],"duration_display":"59:59","duration_seconds":3599.0,"embed_url":null,"id":8805,"image_caption":null,"image_url":null,"is_clip":false,"item_type":"audio","item_type_label":"Audio","language_label":"Kurdish","media_credit":"VOA","micro_label":"Audio program","micro_label_kind":"audio","network_label":"VOA","network_logo_url":"/static/uploads/direct_network_logos/voa_1ef13eedbd2f.svg","published_at":"2026-08-25T14:00:00","published_at_display":"25 Aug 2026, 14:00 GMT","sequence_badge_label":null,"sequence_count":null,"sequence_count_label":null,"sequence_frames":[],"sequence_kind":null,"source_name":"dengeamerika_com_direct","source_name_label":"Dengeamerika","source_type":"direct_api","summary":null,"title":"Bernamey\u00ean radyoy\u00ea y\u00ean rojane","topic":"Bernamey\u00ean radyoy\u00ea y\u00ean rojane","translation_language":"","url":"https://voa-audio-ns.akamaized.net/vku/2026/08/25/20260825-140000-vku053-program_hq.mp3","video_url":null},{"article_body_paragraphs":[],"audio_source_url":null,"author":"\u00cevan Hes\u00eeb","available_dubs":[],"downloadable_assets":["https://voa-video-ns.akamaized.net/pangeavideo/2026/08/5/59/59bad8b6-34cb-4a08-f2a6-08def2b12219_1080p.mp4?cb=ee21f9050"],"duration_display":"3:33","duration_seconds":213.09,"embed_url":null,"id":8742,"image_caption":null,"image_url":"https://gdb.voanews.com/59bad8b6-34cb-4a08-f2a6-08def2b12219_tv_mw2048_mh2048_n.jpg","is_clip":true,"item_type":"video","item_type_label":"Video","language_label":"Kurdish","media_credit":"VOA","micro_label":"Video report","micro_label_kind":"video","network_label":"VOA","network_logo_url":"/static/uploads/direct_network_logos/voa_1ef13eedbd2f.svg","published_at":"2026-08-25T13:27:49.380000","published_at_display":"25 Aug 2026, 13:27 GMT","sequence_badge_label":null,"sequence_count":null,"sequence_count_label":null,"sequence_frames":[],"sequence_kind":null,"source_name":"dengeamerika_com_direct","source_name_label":"Dengeamerika","source_type":"direct_api","summary":"N\u00eaz\u00eek\u00ee \u00e7ar mehan e ku her du aliy\u00ean \u015fandeya hevbe\u015f a Kurd li S\u00fbriy\u00ea, Part\u00eey\u00ean Enc\u00fbmena Ni\u015ftiman\u00ee ya Kurd \u00fb Part\u00eey\u00ean Yek\u00eet\u00eeya Ni\u015ftiman\u00ee, neciviyane. P\u00eazan\u00een\u00ean z\u00eadetir di raporta \u00cevan Hes\u00eeb de.","title":"Aliy\u00ean ENKS \u00fb PYD'\u00ea Derabar\u00ea Neciv\u00eena \u015eandey\u00ean Hevbe\u015f Hevdu Tawanbar Dikin","topic":"V\u00eedyo Galer\u00ee","translation_language":"","url":"https://voa-video-ns.akamaized.net/pangeavideo/2026/08/5/59/59bad8b6-34cb-4a08-f2a6-08def2b12219_1080p.mp4?cb=ee21f9050","video_url":"https://voa-video-ns.akamaized.net/pangeavideo/2026/08/5/59/59bad8b6-34cb-4a08-f2a6-08def2b12219_1080p.mp4?cb=ee21f9050"},{"article_body_paragraphs":[],"audio_source_url":null,"author":"Hem\u00eed Mistefa","available_dubs":[],"downloadable_assets":["https://voa-video-ns.akamaized.net/pangeavideo/2026/08/b/b8/b8e5313a-6ad9-43f2-7f2d-08def2ed48ad_1080p.mp4?cb=ee21f8a72"],"duration_display":"3:04","duration_seconds":184.89,"embed_url":null,"id":8751,"image_caption":null,"image_url":"https://gdb.voanews.com/b8e5313a-6ad9-43f2-7f2d-08def2ed48ad_tv_mw2048_mh2048_n.jpg","is_clip":true,"item_type":"video","item_type_label":"Video","language_label":"Kurdish","media_credit":"VOA","micro_label":"Video report","micro_label_kind":"video","network_label":"VOA","network_logo_url":"/static/uploads/direct_network_logos/voa_1ef13eedbd2f.svg","published_at":"2026-08-25T13:06:58.367000","published_at_display":"25 Aug 2026, 13:06 GMT","sequence_badge_label":null,"sequence_count":null,"sequence_count_label":null,"sequence_frames":[],"sequence_kind":null,"source_name":"dengeamerika_com_direct","source_name_label":"Dengeamerika","source_type":"direct_api","summary":"Hunermend\u00ean Kurd weke \u00e7alak\u00eeyek kevne\u015fop\u00ee li Ewrupay\u00ea Re\u015fmal (Kon\u00ea Re\u015f) \u00ea \u00c7anda Kurd\u00ee vedigirin bi armanca ku alav \u00fb \u00e7anda Kurd\u00ee ya kevne\u015fop\u00ee bi Ewrup\u00ee \u00fb nif\u015f\u00ean n\u00fb y\u00ean Kurdan bidin naskirin.","title":"Li Belc\u00eekay\u00ea Re\u015fmal \u00c7anda Kurd\u00ee bi Ewrup\u00eeyan Dide Nas\u00een","topic":"V\u00eedyo Galer\u00ee","translation_language":"","url":"https://voa-video-ns.akamaized.net/pangeavideo/2026/08/b/b8/b8e5313a-6ad9-43f2-7f2d-08def2ed48ad_1080p.mp4?cb=ee21f8a72","video_url":"https://voa-video-ns.akamaized.net/pangeavideo/2026/08/b/b8/b8e5313a-6ad9-43f2-7f2d-08def2ed48ad_1080p.mp4?cb=ee21f8a72"},{"article_body_paragraphs":[],"audio_source_url":null,"author":null,"available_dubs":[],"downloadable_assets":["https://voa-video-ns.akamaized.net/pangeavideo/2026/08/6/6c/6cdedff6-0595-4a41-ca4f-08decaecd3b3_1080p.mp4?cb=ee21f75cb"],"duration_display":"0:31","duration_seconds":31.08,"embed_url":null,"id":8715,"image_caption":null,"image_url":"https://gdb.voanews.com/6cdedff6-0595-4a41-ca4f-08decaecd3b3_tv_mw2048_mh2048_n.jpg","is_clip":true,"item_type":"video","item_type_label":"Video","language_label":"Kurdish","media_credit":"VOA","micro_label":"Video report","micro_label_kind":"video","network_label":"VOA","network_logo_url":"/static/uploads/direct_network_logos/voa_1ef13eedbd2f.svg","published_at":"2026-08-25T11:38:51.350000","published_at_display":"25 Aug 2026, 11:38 GMT","sequence_badge_label":null,"sequence_count":null,"sequence_count_label":null,"sequence_frames":[],"sequence_kind":null,"source_name":"dengeamerika_com_direct","source_name_label":"Dengeamerika","source_type":"direct_api","summary":"Ge\u015ftiyar\u00ean t\u00ean bajar\u00ea M\u00eelano y\u00ee \u00cetalya, dema di\u00e7in meydana (Victoria Manual) li navenda baj\u00ear y\u00ea ku bixwaze bext\u00ea xwe bicerib\u00eene, div\u00ea 5 caran li ser pan\u00eeya p\u00ea xwe bizivire, y\u00ea ku kar\u00ee 5 caran bizivire \u00fb nekeve ew xwed\u00ee bextek sp\u00eeye.","title":"Meydana Victoria Manual Li Bajar\u00ea M\u00eelano, Meydana ge\u015ftiyaran ya Ceribandina Bext e","topic":"C\u00eehan","translation_language":"","url":"https://voa-video-ns.akamaized.net/pangeavideo/2026/08/6/6c/6cdedff6-0595-4a41-ca4f-08decaecd3b3_1080p.mp4?cb=ee21f75cb","video_url":"https://voa-video-ns.akamaized.net/pangeavideo/2026/08/6/6c/6cdedff6-0595-4a41-ca4f-08decaecd3b3_1080p.mp4?cb=ee21f75cb"},{"article_body_paragraphs":[],"audio_source_url":"https://voa-audio-ns.akamaized.net/vku/2026/08/25/20260825-050000-vku053-program_hq.mp3","author":null,"available_dubs":[],"downloadable_assets":["https://voa-audio-ns.akamaized.net/vku/2026/08/25/20260825-050000-vku053-program_hq.mp3"],"duration_display":"4:59","duration_seconds":299.0,"embed_url":null,"id":8632,"image_caption":null,"image_url":null,"is_clip":false,"item_type":"audio","item_type_label":"Audio","language_label":"Kurdish","media_credit":"VOA","micro_label":"Audio program","micro_label_kind":"audio","network_label":"VOA","network_logo_url":"/static/uploads/direct_network_logos/voa_1ef13eedbd2f.svg","published_at":"2026-08-25T05:00:00","published_at_display":"25 Aug 2026, 05:00 GMT","sequence_badge_label":null,"sequence_count":null,"sequence_count_label":null,"sequence_frames":[],"sequence_kind":null,"source_name":"dengeamerika_com_direct","source_name_label":"Dengeamerika","source_type":"direct_api","summary":"N\u00fb\u00e7ey\u00ean C\u00eehan\u00ea ji Deng\u00ea Amer\u00eeka","title":"N\u00fb\u00e7ey\u00ean C\u00eehan\u00ea 2","topic":"N\u00fb\u00e7ey\u00ean C\u00eehan\u00ea 2","translation_language":"","url":"https://voa-audio-ns.akamaized.net/vku/2026/08/25/20260825-050000-vku053-program_hq.mp3","video_url":null},{"article_body_paragraphs":[],"audio_source_url":null,"author":null,"available_dubs":[],"downloadable_assets":["https://voa-video-ns.akamaized.net/pangeavideo/2026/08/6/6d/6db52e78-6a4f-48dc-820b-08decae8682a_1080p.mp4?cb=ee21ec74f"],"duration_display":"6:07","duration_seconds":367.85,"embed_url":null,"id":8594,"image_caption":null,"image_url":"https://gdb.voanews.com/6db52e78-6a4f-48dc-820b-08decae8682a_tv_mw2048_mh2048_n.jpg","is_clip":false,"item_type":"video","item_type_label":"Video","language_label":"Kurdish","media_credit":"VOA","micro_label":"Video report","micro_label_kind":"video","network_label":"VOA","network_logo_url":"/static/uploads/direct_network_logos/voa_1ef13eedbd2f.svg","published_at":"2026-08-24T23:10:52.407000","published_at_display":"24 Aug 2026, 23:10 GMT","sequence_badge_label":null,"sequence_count":null,"sequence_count_label":null,"sequence_frames":[],"sequence_kind":null,"source_name":"dengeamerika_com_direct","source_name_label":"Dengeamerika","source_type":"direct_api","summary":"Peyamn\u00ear\u00ea Deng\u00ea Amer\u00eeka y\u00ea Kongr\u00eas\u00ea Mer\u00eewan Heme zanyar\u00eey\u00ean daw\u00ee y\u00ean derbar\u00ea fi\u015far\u00ean abor\u00ee y\u00ean R\u00eaveber\u00eeya Trump li ser \u00ceran\u00ea dide.","title":"Washinghton Hewil Dide \u00c7avkan\u00eey\u00ean Dahata \u00ceran\u00ea Bibire","topic":"V\u00eedyo Galer\u00ee","translation_language":"","url":"https://voa-video-ns.akamaized.net/pangeavideo/2026/08/6/6d/6db52e78-6a4f-48dc-820b-08decae8682a_1080p.mp4?cb=ee21ec74f","video_url":"https://voa-video-ns.akamaized.net/pangeavideo/2026/08/6/6d/6db52e78-6a4f-48dc-820b-08decae8682a_1080p.mp4?cb=ee21ec74f"},{"article_body_paragraphs":[],"audio_source_url":null,"author":null,"available_dubs":[],"downloadable_assets":["https://voa-video-ns.akamaized.net/pangeavideo/2026/08/8/8e/8ed9afcb-9205-4aa1-4825-08decadaa577_1080p.mp4?cb=ee21ec78d"],"duration_display":"59:55","duration_seconds":3595.71,"embed_url":null,"id":8593,"image_caption":null,"image_url":"https://gdb.voanews.com/8ed9afcb-9205-4aa1-4825-08decadaa577_tv_mw2048_mh2048_n.jpg","is_clip":false,"item_type":"video","item_type_label":"Video","language_label":"Kurdish","media_credit":"VOA","micro_label":"Video report","micro_label_kind":"video","network_label":"VOA","network_logo_url":"/static/uploads/direct_network_logos/voa_1ef13eedbd2f.svg","published_at":"2026-08-24T22:54:25.857000","published_at_display":"24 Aug 2026, 22:54 GMT","sequence_badge_label":null,"sequence_count":null,"sequence_count_label":null,"sequence_frames":[],"sequence_kind":null,"source_name":"dengeamerika_com_direct","source_name_label":"Dengeamerika","source_type":"direct_api","summary":"N\u00fb\u00e7e \u00fb agah\u00eey\u00ean n\u00fb y\u00ean derbar\u00ea Amer\u00eeka, her\u00eam\u00ean kurdan \u00fb c\u00eehan\u00ea di Bernameya Televizyon\u00ee ya 24\u2019\u00ea Tebaxa 2026\u2019an de.","title":"Bernameya Televizyon\u00ee ya 24'\u00ea Tebaxa 2026\u2019an","topic":"Bernameya Televizyon\u00ee ya Rojane","translation_language":"","url":"https://voa-video-ns.akamaized.net/pangeavideo/2026/08/8/8e/8ed9afcb-9205-4aa1-4825-08decadaa577_1080p.mp4?cb=ee21ec78d","video_url":"https://voa-video-ns.akamaized.net/pangeavideo/2026/08/8/8e/8ed9afcb-9205-4aa1-4825-08decadaa577_1080p.mp4?cb=ee21ec78d"},{"article_body_paragraphs":[],"audio_source_url":null,"author":null,"available_dubs":[],"downloadable_assets":["https://voa-video-ns.akamaized.net/pangeavideo/2026/08/2/2a/2a194cf0-79b3-42f3-8206-08decae8682a_1080p.mp4?cb=ee21eadbf"],"duration_display":"3:19","duration_seconds":199.16,"embed_url":null,"id":8557,"image_caption":null,"image_url":"https://gdb.voanews.com/2a194cf0-79b3-42f3-8206-08decae8682a_tv_mw2048_mh2048_n.jpg","is_clip":true,"item_type":"video","item_type_label":"Video","language_label":"Kurdish","media_credit":"VOA","micro_label":"Video report","micro_label_kind":"video","network_label":"VOA","network_logo_url":"/static/uploads/direct_network_logos/voa_1ef13eedbd2f.svg","published_at":"2026-08-24T21:25:19.343000","published_at_display":"24 Aug 2026, 21:25 GMT","sequence_badge_label":null,"sequence_count":null,"sequence_count_label":null,"sequence_frames":[],"sequence_kind":null,"source_name":"dengeamerika_com_direct","source_name_label":"Dengeamerika","source_type":"direct_api","summary":"Peyamn\u00ear\u00ea Deng\u00ea Amer\u00eeka li Wezareta derve Soran Xatir\u00ee n\u00fb\u00e7ey\u00ean daw\u00ee y\u00ean gir\u00eaday\u00ee operasyona \u00eezolekarina abor\u00ee ya Amer\u00eeka li dij\u00ee \u00ceran\u00ea dide.","title":"Bessent Operasyona \u00cezolekirin\u00ea ya Abor\u00ee li Dij\u00ee \u00ceran\u00ea Ragihand","topic":"V\u00eedyo Galer\u00ee","translation_language":"","url":"https://voa-video-ns.akamaized.net/pangeavideo/2026/08/2/2a/2a194cf0-79b3-42f3-8206-08decae8682a_1080p.mp4?cb=ee21eadbf","video_url":"https://voa-video-ns.akamaized.net/pangeavideo/2026/08/2/2a/2a194cf0-79b3-42f3-8206-08decae8682a_1080p.mp4?cb=ee21eadbf"},{"article_body_paragraphs":[],"audio_source_url":null,"author":null,"available_dubs":[],"downloadable_assets":["https://voa-video-ns.akamaized.net/pangeavideo/2026/08/2/2f/2f3e414a-c9c1-42f3-ca46-08decaecd3b3_1080p.mp4?cb=ee21eab6b"],"duration_display":"3:04","duration_seconds":184.63,"embed_url":null,"id":8558,"image_caption":null,"image_url":"https://gdb.voanews.com/2f3e414a-c9c1-42f3-ca46-08decaecd3b3_tv_mw2048_mh2048_n.jpg","is_clip":true,"item_type":"video","item_type_label":"Video","language_label":"Kurdish","media_credit":"VOA","micro_label":"Video report","micro_label_kind":"video","network_label":"VOA","network_logo_url":"/static/uploads/direct_network_logos/voa_1ef13eedbd2f.svg","published_at":"2026-08-24T21:15:23.223000","published_at_display":"24 Aug 2026, 21:15 GMT","sequence_badge_label":null,"sequence_count":null,"sequence_count_label":null,"sequence_frames":[],"sequence_kind":null,"source_name":"dengeamerika_com_direct","source_name_label":"Dengeamerika","source_type":"direct_api","summary":"Peyamn\u00ear\u00ea Deng\u00ea Amer\u00eeka li Stenbol\u00ea Eyy\u00fbp Dem\u00eer zanyar\u00eey\u00ean daw\u00ee li dor civ\u00eena yekem a enc\u00fbmena bilind a Qan\u00fbna \u00c7ar\u00e7ovey\u00ee dide.","title":"Enc\u00fbmena Bilind a Qan\u00fbna \u00c7ar\u00e7ovey\u00ee Civ\u00eena Xwe ya Yekem Lidar Xist","topic":"V\u00eedyo Galer\u00ee","translation_language":"","url":"https://voa-video-ns.akamaized.net/pangeavideo/2026/08/2/2f/2f3e414a-c9c1-42f3-ca46-08decaecd3b3_1080p.mp4?cb=ee21eab6b","video_url":"https://voa-video-ns.akamaized.net/pangeavideo/2026/08/2/2f/2f3e414a-c9c1-42f3-ca46-08decaecd3b3_1080p.mp4?cb=ee21eab6b"},{"article_body_paragraphs":[],"audio_source_url":null,"author":null,"available_dubs":[],"downloadable_assets":["https://voa-video-ns.akamaized.net/pangeavideo/2026/08/c/c3/c3bd16de-7600-42e6-8205-08decae8682a_1080p.mp4?cb=ee21ea62c"],"duration_display":"3:03","duration_seconds":183.06,"embed_url":null,"id":8552,"image_caption":null,"image_url":"https://gdb.voanews.com/c3bd16de-7600-42e6-8205-08decae8682a_tv_mw2048_mh2048_n.jpg","is_clip":true,"item_type":"video","item_type_label":"Video","language_label":"Kurdish","media_credit":"VOA","micro_label":"Video report","micro_label_kind":"video","network_label":"VOA","network_logo_url":"/static/uploads/direct_network_logos/voa_1ef13eedbd2f.svg","published_at":"2026-08-24T20:52:25.757000","published_at_display":"24 Aug 2026, 20:52 GMT","sequence_badge_label":null,"sequence_count":null,"sequence_count_label":null,"sequence_frames":[],"sequence_kind":null,"source_name":"dengeamerika_com_direct","source_name_label":"Dengeamerika","source_type":"direct_api","summary":"Li bajar\u00ea Heleb \u00ea Bakur\u00ea S\u00fbr\u00eey\u00ea, projeya n\u00fbavakirina bazara kevin a baj\u00ear dest p\u00ea kiriye. Bazar kevin a Heleb\u00ea n\u00fbnerat\u00eeya nasname \u00fb d\u00eeroka kevnar a baj\u00ear dike. Fatima Sind\u00ee zanyar\u00eey\u00ean b\u00eahtir dide.","title":"Li Bajar\u00ea Heleb\u00ea Bazara Kevin T\u00ea N\u00fbavakirin","topic":"V\u00eedyo Galer\u00ee","translation_language":"","url":"https://voa-video-ns.akamaized.net/pangeavideo/2026/08/c/c3/c3bd16de-7600-42e6-8205-08decae8682a_1080p.mp4?cb=ee21ea62c","video_url":"https://voa-video-ns.akamaized.net/pangeavideo/2026/08/c/c3/c3bd16de-7600-42e6-8205-08decae8682a_1080p.mp4?cb=ee21ea62c"},{"article_body_paragraphs":[],"audio_source_url":null,"author":null,"available_dubs":[],"downloadable_assets":["https://voa-video-ns.akamaized.net/pangeavideo/2026/08/a/a9/a9b5911a-fb7b-4bff-4823-08decadaa577_1080p.mp4?cb=ee21ea440"],"duration_display":"8:14","duration_seconds":494.1,"embed_url":null,"id":8534,"image_caption":null,"image_url":"https://gdb.voanews.com/a9b5911a-fb7b-4bff-4823-08decadaa577_tv_mw2048_mh2048_n.jpg","is_clip":false,"item_type":"video","item_type_label":"Video","language_label":"Kurdish","media_credit":"VOA","micro_label":"Video report","micro_label_kind":"video","network_label":"VOA","network_logo_url":"/static/uploads/direct_network_logos/voa_1ef13eedbd2f.svg","published_at":"2026-08-24T20:41:36.680000","published_at_display":"24 Aug 2026, 20:41 GMT","sequence_badge_label":null,"sequence_count":null,"sequence_count_label":null,"sequence_frames":[],"sequence_kind":null,"source_name":"dengeamerika_com_direct","source_name_label":"Dengeamerika","source_type":"direct_api","summary":"Rojnamevan\u00ea Kar\u00fbbar\u00ean Abor\u00ee Sil\u00eaman Ta\u015fan ji Hewl\u00eara paytexta Her\u00eama Kurdistan\u00ea behsa v\u00ea gera daw\u00ee ya cezay\u00ean Amer\u00eeka y\u00ean dij\u00ee \u00ceran\u00ea dike.","title":"P\u00ealeke N\u00fb ya Fi\u015far\u00ean Abor\u00ee y\u00ea Amer\u00eeka li ser \u00ceran\u00ea","topic":"V\u00eedyo Galer\u00ee","translation_language":"","url":"https://voa-video-ns.akamaized.net/pangeavideo/2026/08/a/a9/a9b5911a-fb7b-4bff-4823-08decadaa577_1080p.mp4?cb=ee21ea440","video_url":"https://voa-video-ns.akamaized.net/pangeavideo/2026/08/a/a9/a9b5911a-fb7b-4bff-4823-08decadaa577_1080p.mp4?cb=ee21ea440"},{"article_body_paragraphs":[],"audio_source_url":null,"author":null,"available_dubs":[],"downloadable_assets":["https://voa-video-ns.akamaized.net/pangeavideo/2026/08/2/2b/2b05c33b-3a90-493c-f29e-08def2b12219_1080p.mp4?cb=ee21e9dc0"],"duration_display":"3:13","duration_seconds":193.4,"embed_url":null,"id":8535,"image_caption":null,"image_url":"https://gdb.voanews.com/2b05c33b-3a90-493c-f29e-08def2b12219_tv_mw2048_mh2048_n.jpg","is_clip":true,"item_type":"video","item_type_label":"Video","language_label":"Kurdish","media_credit":"VOA","micro_label":"Video report","micro_label_kind":"video","network_label":"VOA","network_logo_url":"/static/uploads/direct_network_logos/voa_1ef13eedbd2f.svg","published_at":"2026-08-24T20:17:04.070000","published_at_display":"24 Aug 2026, 20:17 GMT","sequence_badge_label":null,"sequence_count":null,"sequence_count_label":null,"sequence_frames":[],"sequence_kind":null,"source_name":"dengeamerika_com_direct","source_name_label":"Dengeamerika","source_type":"direct_api","summary":"Dadgeha Cezayan a \u00c7arem\u00een li \u015eam\u00ea \u00eero Du\u015fem\u00ea mift\u00eey\u00ea ber\u00ea y\u00ea S\u00fbr\u00eey\u00ea, Ehmed Bedred\u00een Hes\u00fbn, bi z\u00eendana hetahetay\u00ea ceza kir. Emced Kurdo agah\u00eey\u00ean daw\u00ee dide.","title":"Agah\u00eey\u00ean Daw\u00ee li dor Cezakirina Mift\u00eey\u00ea Ber\u00ea y\u00ea S\u00fbr\u00eey\u00ea","topic":"V\u00eedyo Galer\u00ee","translation_language":"","url":"https://voa-video-ns.akamaized.net/pangeavideo/2026/08/2/2b/2b05c33b-3a90-493c-f29e-08def2b12219_1080p.mp4?cb=ee21e9dc0","video_url":"https://voa-video-ns.akamaized.net/pangeavideo/2026/08/2/2b/2b05c33b-3a90-493c-f29e-08def2b12219_1080p.mp4?cb=ee21e9dc0"}],"next_num":8,"page":7,"pages":26,"per_page":20,"prev_num":6,"total":513}
