{"applied_filters":{"end_date":"","lang":"","language":"","network":"","page":7,"per_page":20,"search":"","source":"","start_date":"","topic":"\ub274\uc2a4","type":""},"available_filters":{"language_choices":[{"label":"Choose Language","value":""},{"label":"Korean","value":"Korean"}],"network_choices":[{"label":"All networks","value":""},{"label":"RFA","value":"RFA"}],"source_choices":[{"label":"All sources","value":""},{"label":"RFA Korean","value":"rfa_korean_rss"}],"sources":["rfa_korean_rss"],"topics":["250em\u00een Salvegera Serxweb\u00fbna Amer\u00eekay\u00ea","250\u0647\u06d5\u0645\u06cc\u0646 \u0633\u0627\u06b5\u06cc\u0627\u062f\u06cc \u0633\u06d5\u0631\u0628\u06d5\u062e\u06c6\u06cc\u06cc \u0626\u06d5\u0645\u06d5\u0631\u06cc\u06a9\u0627","8 \u10e4\u10dd\u10e2\u10dd \u10d0\u10e0\u10e5\u10d8\u10d5\u10d8\u10d3\u10d0\u10dc","Abriendo Espacios","Afghanistan","Agenda hemisf\u00e9rica","Amer\u00eeka","Am\u00e9rica Latina, VENEZUELA, Maiquetia","Asuntos de Estado","Audiovisuales Mart\u00ed","Audiovisuales Mart\u00ed, Cuba turismo, crisis del turismo en Cuba","Audiovisuales Mart\u00ed, VENEZUELA, apagones","Barrio Adentro","Bernameya Televizyon\u00ee ya Rojane","Bernamey\u00ean radyoy\u00ea y\u00ean rojane","B\u00ecnh lu\u1eadn","Caf\u00e9 Digital","China","Como Come Cuba, cuba, Como Come Cuba","Cuba Habla","Cuba Habla, Cuba","Cuba al D\u00eda","Cuba al D\u00eda, Cuba","Cuba en la Memoria","C\u00eehan","De cara al sol","Derechos Humanos, cuba, exilio, c\u00e1ncer, Ram\u00f3n Sa\u00fal S\u00e1nchez","El futuro es ya","Especiales, Exilio cubano, Freedom tower, \"Libertad\", Torre de la Libertad de Miami, Exilio cubano en Miami","Especiales, jos\u00e9 mart\u00ed, Exilio cubano","Esperando un techo, cuba, crisis, vivienda, derrumbes, techo, paredes, EsperandounTecho","Foro abierto","Hablando claro","Human Rights","Info Mart\u00ed","Info Mart\u00ed , Brigada 2506","Info Mart\u00ed , Cuba","Info Mart\u00ed , Estados Unidos, Colombia","Info Mart\u00ed , Estados Unidos, VENEZUELA","Info Mart\u00ed , estados unidos, Venezuela","Info Mart\u00ed , presos politicos, torturas, VENEZUELA","Iran","Iz RSE sveta","Izme\u0111u redova","Kentu-Cubano, cuba, cubanos, Kentucky, migrantes, KentoCubano","Korea","La libertad es una librer\u00eda","Laos","Las Noticias Como Son, Cuba","Las noticias como son","Lawton Libre","Liberaci\u00f3n","Mart\u00ed Noticias A.M.","Mozaik \u017eivota","Multimedija","Myanmar","Nicaragua al d\u00eda","Noticiero Mart\u00ed Noticias","Noticiero Mart\u00ed Noticias, Cuba","N\u00fb\u00e7ey\u00ean C\u00eehan\u00ea 1","N\u00fb\u00e7ey\u00ean C\u00eehan\u00ea 2","Pacific","Pe Agend\u0103","Pe Agend\u0103 cu Cristina Popu\u0219oi","Perspektiva","Programas de Radio Nuestra Am\u00e9rica","Radio Mart\u00ed","Radyo","Ser Madre en cuba, cuba, hambre, r\u00e9gimen, madre, negligencia, Testimonios, Crisis Econ\u00f3mica, madre cubana, Crisis Alimentaria","Ser viejo en Cuba, cuba, cubanos, crisis, alimentos, ancianos, viejos, vejez","South China Sea","Srbija","Taller de prensa","Th\u1eddi S\u1ef1","Tibet","Trong n\u01b0\u1edbc","Ukraine","Uvid","Uyghur","VOA \ud55c\uad6d\uc5b4 \ubcf4\uc774\ub294 \ub77c\ub514\uc624","VOA\u4eca\u65e5\u7126\u70b9","Video","Videos","V\u00eedyo Galer\u00ee","Zaviri ispod povr\u0161ine","adri%C3%A1n del sol mi padre est%C3%A1 muy d%C3%A9bil","atienden a mas de 50 personas en santiago de cuba por presunta intoxicacion alimentaria","auge en contagios de dengue en cuba","aumenta a 379 la cifra de desaparecidos por terremoto en colombia hay 285 fallecidos","banco mundial desembolsa millonaria ayuda para afectados por terremoto en colombia","casi 300 fallecidos almenos 4 000 heridos y 140 desaparecidos a 7 dias del terremoto en colombia","cifra de muertos por el terremoto en colombia supera las 200 personas seg%C3%BAn reporte","colombia declara estado de emergencia durante 30 dias por grave calamidad","colombia ingresa formalmente al escudo de las am%C3%A9ricas liderado por washington","convocan marcha pac%C3%ADfica por la libertad de todos los presos pol%C3%ADticos en venezuela","crece reclutamiento de ni%C3%B1os y ni%C3%B1as en colombia por parte de grupos ilegales seg%C3%BAn hrw","creo que el presidente trump ir%C3%A1 a la habana antes de que termine su mandato","eeuu cierra acuerdo petrolero que le dar%C3%A1 importante control de reservas venezolanas","eeuu ecuador y colombia se reunen para acordar lucha contra mafias del narcotr%C3%A1fico","eeuu sostiene operaciones militares junto a ecuador cerca de la frontera con colombia"],"types":[["","All types"],["article","Articles"],["audio","Audio"],["video","Videos"],["clips","Clips"],["media","Media"]]},"has_next":false,"has_prev":true,"items":[{"article_body_paragraphs":[],"audio_source_url":"https://feeds.acast.com/public/streams/67a64812340a5590cdb71549/episodes/6a589bcfc152a357db129905.mp3","author":"\uc11c\uc6b8-\ud64d\uc2b9\uc6b1 hongs@rfa.org","available_dubs":[],"downloadable_assets":["https://feeds.acast.com/public/streams/67a64812340a5590cdb71549/episodes/6a589bcfc152a357db129905.mp3","https://www.rfa.org/resizer/v2/RBMW7WWZN5A7BNA5ZAI5XOY7GA.jpg?auth=ab1f64cebe05fc0d2a67427e4831918fa37a340e4245b813d984fc36e90215e2&smart=true&width=1500"],"duration_display":"0:00","duration_seconds":null,"embed_url":null,"id":548,"image_caption":null,"image_url":"https://www.rfa.org/resizer/v2/RBMW7WWZN5A7BNA5ZAI5XOY7GA.jpg?auth=ab1f64cebe05fc0d2a67427e4831918fa37a340e4245b813d984fc36e90215e2&smart=true&width=1500","is_clip":false,"item_type":"audio","item_type_label":"Audio","language_label":"Korean","media_credit":"\uc11c\uc6b8-\ud64d\uc2b9\uc6b1 hongs@rfa.org","micro_label":"Audio program","micro_label_kind":"audio","network_label":"RFA","network_logo_url":"/static/uploads/direct_network_logos/rfa_ca00144ac549.png","published_at":"2026-07-16T09:08:59","published_at_display":"16 Jul 2026, 09:08 GMT","sequence_badge_label":null,"sequence_count":null,"sequence_count_label":null,"sequence_frames":[],"sequence_kind":null,"source_name":"rfa_korean_rss","source_name_label":"RFA Korean","source_type":"rss","summary":"\ucd5c\uadfc \ubd81\ud55c\uacfc \uc911\uad6d\uc774 \ucd5c\uace0\uc704\uae09 \uad50\ub958\ub97c \uc774\uc5b4\uac00\ub294 \uac83\uacfc \uad00\ub828\ud574, \uc591\uad6d \uad00\uacc4\uac00 \uc815\uc138 \uc548\uc815\uacfc \uacbd\uc81c\ud611\ub825\uc744 \ud575\uc2ec\uc73c\ub85c \ud558\ub294 \uc0c8\ub85c\uc6b4 \uad6d\uba74\uc73c\ub85c \ub4e4\uc5b4\uc120 \uac83\uc774\ub780 \ubd84\uc11d\uc774 \ud55c\uad6d \ub0b4\uc5d0\uc11c \uc81c\uae30\ub410\uc2b5\ub2c8\ub2e4.","title":"\ubd81\uc911 \ubc00\ucc29 \uac00\uc18d\ud654...\u201c\uc591\uad6d \uc804\ub7b5\uc801 \uc774\ud574\uad00\uacc4 \uc218\ub834\u201d","topic":"\ub274\uc2a4","translation_language":"","url":"https://rfa.org/korean/in-focus/2026/07/16/china-exchange-strategic-converging-economy/","video_url":null},{"article_body_paragraphs":[],"audio_source_url":"https://feeds.acast.com/public/streams/67a64812340a5590cdb71549/episodes/6a584189e743c698001a7686.mp3","author":"\uc11c\uc6b8-\uc548\ucc3d\uaddc nk@rfa.org","available_dubs":[],"downloadable_assets":["https://feeds.acast.com/public/streams/67a64812340a5590cdb71549/episodes/6a584189e743c698001a7686.mp3","https://www.rfa.org/resizer/v2/YHRGV3ZPNRHSBFG5ROP5KTHJKU.jpg?auth=1d5bf0f5fa32eafdda8fa62854c47d95162f6f26caa5a34501d09d5908333339&smart=true&width=1500"],"duration_display":"0:00","duration_seconds":null,"embed_url":null,"id":549,"image_caption":null,"image_url":"https://www.rfa.org/resizer/v2/YHRGV3ZPNRHSBFG5ROP5KTHJKU.jpg?auth=1d5bf0f5fa32eafdda8fa62854c47d95162f6f26caa5a34501d09d5908333339&smart=true&width=1500","is_clip":false,"item_type":"audio","item_type_label":"Audio","language_label":"Korean","media_credit":"\uc11c\uc6b8-\uc548\ucc3d\uaddc nk@rfa.org","micro_label":"Audio program","micro_label_kind":"audio","network_label":"RFA","network_logo_url":"/static/uploads/direct_network_logos/rfa_ca00144ac549.png","published_at":"2026-07-16T05:01:42","published_at_display":"16 Jul 2026, 05:01 GMT","sequence_badge_label":null,"sequence_count":null,"sequence_count_label":null,"sequence_frames":[],"sequence_kind":null,"source_name":"rfa_korean_rss","source_name_label":"RFA Korean","source_type":"rss","summary":"\ubd81\ud55c\uc5d0\uc11c \uc8fc\ud0dd \ub9e4\ub9e4\uac00 \uc131\ud589\ud558\ub294 \uac00\uc6b4\ub370 \uc591\uac15\ub3c4 \ud61c\uc0b0\uc5d0 \ubcf4\uc628\uc744 \uac15\ud654\ud55c \uace0\uae09 \uc544\ud30c\ud2b8\uac00 \uac74\uc124\ub418\uace0 \uc788\uc2b5\ub2c8\ub2e4. \uac00\uaca9\uc774 \uc911\uad6d\ub3c8 60\ub9cc \uc704\uc548\uc5d0 \ub2ec\ud558\ub294 \uc774 \uc544\ud30c\ud2b8\ub97c \ubc14\ub77c\ubcf4\ub294 \uc77c\ubc18 \ubd81\ud55c \uc8fc\ubbfc\ub4e4\uc740 \ud5c8\ud0c8\ud574 \ud55c\ub2e4\ub294 \uc18c\uc2dd\uc785\ub2c8\ub2e4.","title":"\u201c\uc591\uac15\ub3c4 \ud61c\uc0b0\uc2dc\uc5d0 60\ub9cc \uc704\uc548 \uc8fc\ud0dd \ub4f1\uc7a5\u201d","topic":"\ub274\uc2a4","translation_language":"","url":"https://rfa.org/korean/in-focus/2026/07/16/north-korea-hyesan-luxury-apartment/","video_url":null},{"article_body_paragraphs":[],"audio_source_url":"https://feeds.acast.com/public/streams/67a64812340a5590cdb71549/episodes/6a5832f5c152a357dbf51a62.mp3","author":"\uc11c\uc6b8-\uae40\uc9c0\uc740 nk@rfa.org","available_dubs":[],"downloadable_assets":["https://feeds.acast.com/public/streams/67a64812340a5590cdb71549/episodes/6a5832f5c152a357dbf51a62.mp3","https://www.rfa.org/resizer/v2/WUKWKQX7DZH6RKW2VTY42JQ3FA.jpg?auth=93c3189f1e2a6a3eb115aacd539468de98c82e16add155d203b713aa2a3df491&smart=true&width=1500"],"duration_display":"0:00","duration_seconds":null,"embed_url":null,"id":550,"image_caption":null,"image_url":"https://www.rfa.org/resizer/v2/WUKWKQX7DZH6RKW2VTY42JQ3FA.jpg?auth=93c3189f1e2a6a3eb115aacd539468de98c82e16add155d203b713aa2a3df491&smart=true&width=1500","is_clip":false,"item_type":"audio","item_type_label":"Audio","language_label":"Korean","media_credit":"\uc11c\uc6b8-\uae40\uc9c0\uc740 nk@rfa.org","micro_label":"Audio program","micro_label_kind":"audio","network_label":"RFA","network_logo_url":"/static/uploads/direct_network_logos/rfa_ca00144ac549.png","published_at":"2026-07-15T22:35:23","published_at_display":"15 Jul 2026, 22:35 GMT","sequence_badge_label":null,"sequence_count":null,"sequence_count_label":null,"sequence_frames":[],"sequence_kind":null,"source_name":"rfa_korean_rss","source_name_label":"RFA Korean","source_type":"rss","summary":"\ubd81\ud55c \uae40\uc815\uc740 \ucd1d\ube44\uc11c\uac00 \uc2dd\ub7c9\ub09c \ud574\uacb0\ucc45\uc73c\ub85c \ub0b4\ub193\uc740 \uc54c\uace1\uc0dd\uc0b0 \uad6c\uc870 \ubcc0\uacbd \uc815\ucc45\uc5d0 \ub530\ub77c \ubd81\ud55c \uc8fc\ubbfc\ub4e4\uc740 \uc625\uc218\uc218 \ubc2d\uc5d0 \uc8fc\ub85c \ubcf4\ub9ac\ub97c \uc2ec\uc5c8\uc9c0\ub9cc \uc0dd\uc0b0\ub41c \ubcf4\ub9ac\uac00 \ub300\ubd80\ubd84 \ub9e5\uc8fc \uc0dd\uc0b0\uc5d0 \ud22c\uc785\ub418\uba74\uc11c \uc2dd\ub7c9\ub09c\uc774 \ub354 \uac00\uc911\ub410\ub2e4\ub294 \uc9c0\uc801\uc774 \ub098\uc624","title":"\ubd81 \uc8fc\ubbfc\ub4e4 \u201c\ub9e5\uc8fc \ub298\uace0 \ubc25 \uc904\uba74 \ubb34\uc2a8 \uc18c\uc6a9?\u201d","topic":"\ub274\uc2a4","translation_language":"","url":"https://rfa.org/korean/in-focus/2026/07/15/north-korea-barley-beer-food-shortage/","video_url":null},{"article_body_paragraphs":[],"audio_source_url":"https://feeds.acast.com/public/streams/67a64812340a5590cdb71549/episodes/6a573fc6f821a82109791594.mp3","author":"\uc11c\uc6b8-\ud64d\uc2b9\uc6b1 hongs@rfa.org","available_dubs":[],"downloadable_assets":["https://feeds.acast.com/public/streams/67a64812340a5590cdb71549/episodes/6a573fc6f821a82109791594.mp3","https://www.rfa.org/resizer/v2/GVYSHP5EQBG4TARD445QXWSJKQ.JPG?auth=bdf8ba01726f26eee297a383bcf9d59caf87043d9ac5bacecbbaabf542386a01&smart=true&width=1500"],"duration_display":"0:00","duration_seconds":null,"embed_url":null,"id":551,"image_caption":null,"image_url":"https://www.rfa.org/resizer/v2/GVYSHP5EQBG4TARD445QXWSJKQ.JPG?auth=bdf8ba01726f26eee297a383bcf9d59caf87043d9ac5bacecbbaabf542386a01&smart=true&width=1500","is_clip":false,"item_type":"audio","item_type_label":"Audio","language_label":"Korean","media_credit":"\uc11c\uc6b8-\ud64d\uc2b9\uc6b1 hongs@rfa.org","micro_label":"Audio program","micro_label_kind":"audio","network_label":"RFA","network_logo_url":"/static/uploads/direct_network_logos/rfa_ca00144ac549.png","published_at":"2026-07-15T09:03:05","published_at_display":"15 Jul 2026, 09:03 GMT","sequence_badge_label":null,"sequence_count":null,"sequence_count_label":null,"sequence_frames":[],"sequence_kind":null,"source_name":"rfa_korean_rss","source_name_label":"RFA Korean","source_type":"rss","summary":"\ud0c8\ubd81\ubbfc\ub4e4\uc774 \ubd81\ud55c\uc5d0 \ub0a8\uaca8\uc9c4 \uac00\uc871\ub4e4\uc5d0\uac8c \ub3c8\uc744 \ubcf4\ub0b8 \uac83\uc740 \uc678\uad6d\ud658\uac70\ub798\ubc95 \uc704\ubc18\uc774 \uc544\ub2c8\ub77c\ub294 \uc120\uace0\uac00 \ubc95\uc6d0\uc73c\ub85c\ubd80\ud130 \ub0b4\ub824\uc84c\uc2b5\ub2c8\ub2e4. \uc601\ub9ac\ub97c \ubaa9\uc801\uc73c\ub85c \uc601\uc5c5\uc744 \ud55c \uac83\uc774 \uc544\ub2c8\ub77c\uba74 \uc720\uc8c4\ub85c \ubcfc \uc218 \uc5c6\ub2e4\ub294 \ucde8\uc9c0\uc785\ub2c8\ub2e4.","title":"\ud0c8\ubd81\ubbfc \uc7ac\ubd81 \uac00\uc871 \uc1a1\uae08 \uc0ac\uac74, \ud56d\uc18c\uc2ec\uc11c \ubb34\uc8c4","topic":"\ub274\uc2a4","translation_language":"","url":"https://rfa.org/korean/in-focus/2026/07/15/court-appeals-acquit-defector-money/","video_url":null},{"article_body_paragraphs":[],"audio_source_url":"https://feeds.acast.com/public/streams/67a64812340a5590cdb71549/episodes/6a56f67670c881d75c25fe90.mp3","author":"\uc6cc\uc2f1\ud134-\uc815\uc601 jungy@rfa.org","available_dubs":[],"downloadable_assets":["https://feeds.acast.com/public/streams/67a64812340a5590cdb71549/episodes/6a56f67670c881d75c25fe90.mp3","https://www.rfa.org/resizer/v2/W5JJMEIMI5CCBPHGBS5FTP2MTM.JPG?auth=fd1f85082483d2f209a48d55bcef81e2e7d175152b1aeddf0ff4303b96b88990&smart=true&width=1500"],"duration_display":"0:00","duration_seconds":null,"embed_url":null,"id":552,"image_caption":null,"image_url":"https://www.rfa.org/resizer/v2/W5JJMEIMI5CCBPHGBS5FTP2MTM.JPG?auth=fd1f85082483d2f209a48d55bcef81e2e7d175152b1aeddf0ff4303b96b88990&smart=true&width=1500","is_clip":false,"item_type":"audio","item_type_label":"Audio","language_label":"Korean","media_credit":"\uc6cc\uc2f1\ud134-\uc815\uc601 jungy@rfa.org","micro_label":"Audio program","micro_label_kind":"audio","network_label":"RFA","network_logo_url":"/static/uploads/direct_network_logos/rfa_ca00144ac549.png","published_at":"2026-07-15T03:08:52","published_at_display":"15 Jul 2026, 03:08 GMT","sequence_badge_label":null,"sequence_count":null,"sequence_count_label":null,"sequence_frames":[],"sequence_kind":null,"source_name":"rfa_korean_rss","source_name_label":"RFA Korean","source_type":"rss","summary":"2025 \ud68c\uacc4\uc5f0\ub3c4\uc5d0 \uc774\uc5b4 \uc62c \ud68c\uacc4\uc5f0\ub3c4 6\uc6d4\uae4c\uc9c0\ub3c4 \ubbf8\uad6d\uc5d0 \uc785\uad6d\ud55c \ubd81\ud55c \ub09c\ubbfc\uc774 \ud55c \uba85\ub3c4 \uc5c6\ub294 \uac83\uc73c\ub85c \ub098\ud0c0\ub0ac\uc2b5\ub2c8\ub2e4.","title":"\ubbf8 \uc785\uad6d \ud0c8\ubd81\ub09c\ubbfc \uc62c \uc0c1\ubc18\uae30\uc5d0\ub3c4 \uc804\ubb34","topic":"\ub274\uc2a4","translation_language":"","url":"https://rfa.org/korean/in-focus/2026/07/15/us-refugee-admissions-zero-for-north-koreans/","video_url":null},{"article_body_paragraphs":[],"audio_source_url":"https://feeds.acast.com/public/streams/67a64812340a5590cdb71549/episodes/6a56b82070c881d75c1486d1.mp3","author":"\uc6cc\uc2f1\ud134-\uc790\ubbfc \uc564\ub354\uc2a8 andersonj@rfa.org","available_dubs":[],"downloadable_assets":["https://feeds.acast.com/public/streams/67a64812340a5590cdb71549/episodes/6a56b82070c881d75c1486d1.mp3","https://www.rfa.org/resizer/v2/NRIKI5QBJJGG7ASASGRIPH2ABY.png?auth=1a086b87d24361716456a480dcc5fa2a0c56586937491818d44e3fbe33af6f71&smart=true&width=1500"],"duration_display":"0:00","duration_seconds":null,"embed_url":null,"id":553,"image_caption":null,"image_url":"https://www.rfa.org/resizer/v2/NRIKI5QBJJGG7ASASGRIPH2ABY.png?auth=1a086b87d24361716456a480dcc5fa2a0c56586937491818d44e3fbe33af6f71&smart=true&width=1500","is_clip":false,"item_type":"audio","item_type_label":"Audio","language_label":"Korean","media_credit":"\uc6cc\uc2f1\ud134-\uc790\ubbfc \uc564\ub354\uc2a8 andersonj@rfa.org","micro_label":"Audio program","micro_label_kind":"audio","network_label":"RFA","network_logo_url":"/static/uploads/direct_network_logos/rfa_ca00144ac549.png","published_at":"2026-07-15T01:53:09","published_at_display":"15 Jul 2026, 01:53 GMT","sequence_badge_label":null,"sequence_count":null,"sequence_count_label":null,"sequence_frames":[],"sequence_kind":null,"source_name":"rfa_korean_rss","source_name_label":"RFA Korean","source_type":"rss","summary":"\ubd81\ud55c\uc774 2026 \ubd81\uc911\ubbf8 \uc6d4\ub4dc\ucef5\uc744 \uae30\ub150\ud574 \ub300\uaddc\ubaa8 \uc2a4\ud3ec\uce20 \ubcf5\uad8c\uc744 \ubc1c\ud589\ud55c \uac83\uc73c\ub85c \ud655\uc778\ub410\uc2b5\ub2c8\ub2e4. 1\ub4f1 \ub2f9\ucca8\uae08\uc740 \ubd81\ud55c \ub3c8 5\uc5b5 \uc6d0\uc5d0 \ub2ec\ud569\ub2c8\ub2e4. \uadf8\ub7f0\ub370 \uc815\uc791 \ubcf5\uad8c \ud3ec\uc2a4\ud130\uc5d0 \uc801\ud78c \uac1c\ucd5c\uad6d \uba85\ub2e8\uc5d0\ub294 \ubbf8\uad6d\uc774 \ube60\uc838 \uc788\uc2b5\ub2c8\ub2e4.","title":"\ud3c9\uc591 \uc2dc\ub0b4 \ub4f1\uc7a5\ud55c \u20185\uc5b5 \uc6d0\u2019 \uc6d4\ub4dc\ucef5 \ubcf5\uad8c...\ubbf8\uad6d\uc740 \uc3d9 \ube7c","topic":"\ub274\uc2a4","translation_language":"","url":"https://rfa.org/korean/in-focus/2026/07/15/north-korea-world-cup-sports-lottery/","video_url":null},{"article_body_paragraphs":[],"audio_source_url":"https://feeds.acast.com/public/streams/67a64812340a5590cdb71549/episodes/6a55e4f73f3beee86713e6bb.mp3","author":"\uc11c\uc6b8-\ud64d\uc2b9\uc6b1 hongs@rfa.org","available_dubs":[],"downloadable_assets":["https://feeds.acast.com/public/streams/67a64812340a5590cdb71549/episodes/6a55e4f73f3beee86713e6bb.mp3","https://www.rfa.org/resizer/v2/LQNUMCWMYFBBTPD623BG4LHWPU.jpg?auth=48285c902e69966a3afb130d389e28d23f9a9e58549862e329d3d45fed71494e&smart=true&width=1500"],"duration_display":"0:00","duration_seconds":null,"embed_url":null,"id":554,"image_caption":null,"image_url":"https://www.rfa.org/resizer/v2/LQNUMCWMYFBBTPD623BG4LHWPU.jpg?auth=48285c902e69966a3afb130d389e28d23f9a9e58549862e329d3d45fed71494e&smart=true&width=1500","is_clip":false,"item_type":"audio","item_type_label":"Audio","language_label":"Korean","media_credit":"\uc11c\uc6b8-\ud64d\uc2b9\uc6b1 hongs@rfa.org","micro_label":"Audio program","micro_label_kind":"audio","network_label":"RFA","network_logo_url":"/static/uploads/direct_network_logos/rfa_ca00144ac549.png","published_at":"2026-07-14T08:36:36","published_at_display":"14 Jul 2026, 08:36 GMT","sequence_badge_label":null,"sequence_count":null,"sequence_count_label":null,"sequence_frames":[],"sequence_kind":null,"source_name":"rfa_korean_rss","source_name_label":"RFA Korean","source_type":"rss","summary":"\uc138 \ubc88\uc9f8 '\ubd81\ud55c\uc774\ud0c8\uc8fc\ubbfc\uc758 \ub0a0'\uc744 \ub9de\uc544, \uc774\uc7ac\uba85 \ud55c\uad6d \ub300\ud1b5\ub839\uc740 \ud0c8\ubd81\ubbfc\ub4e4\uc758 \uacbd\ud5d8\uc774 \ubbf8\ub798\ub97c \uc900\ube44\ud558\ub294 \uc18c\uc911\ud55c \uc790\uc0b0\uc774\ub77c\uace0 \ub9d0\ud588\uc2b5\ub2c8\ub2e4. \uc774\ub0a0 \ud589\uc0ac\uc5d0\uc120 \ubd81\ud55c\uc774\ud0c8\uc8fc\ubbfc\uc744 \uac00\ub9ac\ud0a4\ub294 \ud1b5\uc77c\ubd80 \uacf5\uc2dd \uba85\uce6d\uc778 '\ubd81\ud5a5\ubbfc'\uc774 \uc0ac\uc6a9\ub410\uc2b5\ub2c8\ub2e4","title":"\uc774 \ub300\ud1b5\ub839 \u201c\u2018\ubd81\ud5a5\ubbfc\u2019 \uacbd\ud5d8, \ub0a8\ubd81 \ubbf8\ub798 \uc900\ube44 \uc790\uc0b0\u201d","topic":"\ub274\uc2a4","translation_language":"","url":"https://rfa.org/korean/in-focus/2026/07/14/3rd-day-for-defectors-kintex/","video_url":null},{"article_body_paragraphs":[],"audio_source_url":"https://feeds.acast.com/public/streams/67a64812340a5590cdb71549/episodes/6a55a832420a266ecb04f290.mp3","author":"\uc11c\uc6b8-\uc548\ucc3d\uaddc nk@rfa.org","available_dubs":[],"downloadable_assets":["https://feeds.acast.com/public/streams/67a64812340a5590cdb71549/episodes/6a55a832420a266ecb04f290.mp3","https://www.rfa.org/resizer/v2/L5VMP2PWX5CBXEB6YPJ5DWF6YE.jpg?auth=da74eb997279ddba95fe923f44794107e97bf0ad5c5aa7af095baa3f69dc9645&smart=true&width=1500"],"duration_display":"0:00","duration_seconds":null,"embed_url":null,"id":555,"image_caption":null,"image_url":"https://www.rfa.org/resizer/v2/L5VMP2PWX5CBXEB6YPJ5DWF6YE.jpg?auth=da74eb997279ddba95fe923f44794107e97bf0ad5c5aa7af095baa3f69dc9645&smart=true&width=1500","is_clip":false,"item_type":"audio","item_type_label":"Audio","language_label":"Korean","media_credit":"\uc11c\uc6b8-\uc548\ucc3d\uaddc nk@rfa.org","micro_label":"Audio program","micro_label_kind":"audio","network_label":"RFA","network_logo_url":"/static/uploads/direct_network_logos/rfa_ca00144ac549.png","published_at":"2026-07-14T04:57:33","published_at_display":"14 Jul 2026, 04:57 GMT","sequence_badge_label":null,"sequence_count":null,"sequence_count_label":null,"sequence_frames":[],"sequence_kind":null,"source_name":"rfa_korean_rss","source_name_label":"RFA Korean","source_type":"rss","summary":"\ubd81\ud55c \ub2f9\uad6d\uc774 \ub7ec\uc2dc\uc544 \ud30c\ubcd1 \uc804\uc0ac\uc790\ub97c \uae30\ub9ac\ub294 \u2018\ud574\uc678\uad70\uc0ac\uc791\uc804 \uc804\ud22c\uc704\ud6c8\uae30\ub150\uad00\u2019 \ucc38\uad00 \uc2dc \uc8fc\ubbfc\ub4e4\uc5d0\uac8c \uac80\uc740\uc0c9 \uc637\uc744 \uc785\uc744 \uac83\uc744 \uc9c0\uc2dc\ud55c \uc0ac\uc2e4\uc774 \ub4a4\ub2a6\uac8c \uc54c\ub824\uc84c\uc2b5\ub2c8\ub2e4.","title":"\ubd81 \uc8fc\ubbfc\ub4e4 \u201c\ub0a8\uc758 \ub098\ub77c \uc704\ud574 \uc2f8\uc6b4 \uad70\uc778\ub4e4\uc778\ub370\u2026\u201d","topic":"\ub274\uc2a4","translation_language":"","url":"https://rfa.org/korean/in-focus/2026/07/14/north-korea-people-soldier-russia-war/","video_url":null},{"article_body_paragraphs":[],"audio_source_url":"https://feeds.acast.com/public/streams/67a64812340a5590cdb71549/episodes/6a5554c63e018503d646d4b8.mp3","author":"\uc11c\uc6b8-\uae40\uc9c0\uc740 nk@rfa.org","available_dubs":[],"downloadable_assets":["https://feeds.acast.com/public/streams/67a64812340a5590cdb71549/episodes/6a5554c63e018503d646d4b8.mp3","https://www.rfa.org/resizer/v2/NI2KQV5WZ5AZLDBBT7KXCOHQTM.jpg?auth=2e029405e0557d4d1176b7be062e121168ce270ca90fdd3e333b4a449ff522e9&smart=true&width=1500"],"duration_display":"0:00","duration_seconds":null,"embed_url":null,"id":556,"image_caption":null,"image_url":"https://www.rfa.org/resizer/v2/NI2KQV5WZ5AZLDBBT7KXCOHQTM.jpg?auth=2e029405e0557d4d1176b7be062e121168ce270ca90fdd3e333b4a449ff522e9&smart=true&width=1500","is_clip":false,"item_type":"audio","item_type_label":"Audio","language_label":"Korean","media_credit":"\uc11c\uc6b8-\uae40\uc9c0\uc740 nk@rfa.org","micro_label":"Audio program","micro_label_kind":"audio","network_label":"RFA","network_logo_url":"/static/uploads/direct_network_logos/rfa_ca00144ac549.png","published_at":"2026-07-13T12:33:42","published_at_display":"13 Jul 2026, 12:33 GMT","sequence_badge_label":null,"sequence_count":null,"sequence_count_label":null,"sequence_frames":[],"sequence_kind":null,"source_name":"rfa_korean_rss","source_name_label":"RFA Korean","source_type":"rss","summary":"\ucd5c\uadfc \ubd81\ud55c \ub2f9\uad6d\uc774 \uc8fc\ubbfc\ub4e4\uc5d0\uac8c \uc2e0\ud615 \uad6c\ucd95\ud568 \uac74\uc870 \uacfc\uc815\uc5d0\uc11c \uc228\uc9c4 \ub178\ub3d9\uc790\uc758 \uc0ac\ub840\ub97c \ub300\ub300\uc801\uc73c\ub85c \uc120\uc804\ud558\uba70 \uad70\uc218\uc9c0\uc6d0\uc0ac\uc5c5 \ucc38\uc5ec\ub97c \ub3c5\ub824\ud558\uace0 \uc788\uc2b5\ub2c8\ub2e4.","title":"\ubd81, \ub178\ub3d9\uc790 \ud76c\uc0dd \ub0b4\uc138\uc6cc \uc8fc\ubbfc\ub4e4\uc5d0 \uad70\uc218\uc9c0\uc6d0 \ub3c5\ub824","topic":"\ub274\uc2a4","translation_language":"","url":"https://rfa.org/korean/in-focus/2026/07/13/north-korea-military-support-campaign/","video_url":null},{"article_body_paragraphs":[],"audio_source_url":"https://feeds.acast.com/public/streams/67a64812340a5590cdb71549/episodes/6a549bd09fd983917dd8071b.mp3","author":"\uc11c\uc6b8-\ud64d\uc2b9\uc6b1 hongs@rfa.org","available_dubs":[],"downloadable_assets":["https://feeds.acast.com/public/streams/67a64812340a5590cdb71549/episodes/6a549bd09fd983917dd8071b.mp3","https://www.rfa.org/resizer/v2/AKDFY4INWZEPRIUW5MNNBQ6MSM.JPG?auth=f29a5eb0d9671c6201669a678923a2b054141028fa663ce935ee2a06f54a7b4f&smart=true&width=1500"],"duration_display":"0:00","duration_seconds":null,"embed_url":null,"id":557,"image_caption":null,"image_url":"https://www.rfa.org/resizer/v2/AKDFY4INWZEPRIUW5MNNBQ6MSM.JPG?auth=f29a5eb0d9671c6201669a678923a2b054141028fa663ce935ee2a06f54a7b4f&smart=true&width=1500","is_clip":false,"item_type":"audio","item_type_label":"Audio","language_label":"Korean","media_credit":"\uc11c\uc6b8-\ud64d\uc2b9\uc6b1 hongs@rfa.org","micro_label":"Audio program","micro_label_kind":"audio","network_label":"RFA","network_logo_url":"/static/uploads/direct_network_logos/rfa_ca00144ac549.png","published_at":"2026-07-13T09:34:56","published_at_display":"13 Jul 2026, 09:34 GMT","sequence_badge_label":null,"sequence_count":null,"sequence_count_label":null,"sequence_frames":[],"sequence_kind":null,"source_name":"rfa_korean_rss","source_name_label":"RFA Korean","source_type":"rss","summary":"\ubd81\ud55c\uc778\uad8c\ubc95 \uc2dc\ud589 10\ub144\uc774 \uc9c0\ub0ac\uc9c0\ub9cc \uc7ac\ub2e8 \ucd9c\ubc94\uc774 \uacc4\uc18d \uc9c0\uc5f0\ub418\uace0 \uc788\ub294 \uac83\uacfc \uad00\ub828\ud574, \ud55c\uad6d \ubd81\ud55c\uc778\uad8c\ub2e8\uccb4\ub4e4\uc740 \uad6d\ud68c\uc758\uc6d0 \uc804\uc6d0\uc5d0\uac8c \uc785\uc7a5 \ud45c\uba85\uc744 \uc694\uad6c\ud558\ub294 \uc11c\uc2e0\uc744 \ubcf4\ub0bc \uc608\uc815\uc774\ub77c\uace0 \ubc1d\ud614\uc2b5\ub2c8\ub2e4.","title":"\ubd81\uc778\uad8c\ub2e8\uccb4, \uc758\uc6d0 \uc804\uc6d0\uc5d0 \u2018\ubd81\uc778\uad8c\uc7ac\ub2e8\u2019 \uc785\uc7a5\ud45c\uba85 \uc694\uad6c","topic":"\ub274\uc2a4","translation_language":"","url":"https://rfa.org/korean/in-focus/2026/07/13/rights-group-lawmaker-foundation-hacking/","video_url":null},{"article_body_paragraphs":[],"audio_source_url":"https://feeds.acast.com/public/streams/67a64812340a5590cdb71549/episodes/6a50a92381fe1f64607634f8.mp3","author":"\uc11c\uc6b8-\ud64d\uc2b9\uc6b1 hongs@rfa.org","available_dubs":[],"downloadable_assets":["https://feeds.acast.com/public/streams/67a64812340a5590cdb71549/episodes/6a50a92381fe1f64607634f8.mp3","https://www.rfa.org/resizer/v2/GM5WRUBDSBEYJK5POOCXOATMS4.jpg?auth=a51a34826b422740aa8ee31d0719daa5e18bbe205e1b4f3ca46241a57b4e6b7b&smart=true&width=1500"],"duration_display":"0:00","duration_seconds":null,"embed_url":null,"id":558,"image_caption":null,"image_url":"https://www.rfa.org/resizer/v2/GM5WRUBDSBEYJK5POOCXOATMS4.jpg?auth=a51a34826b422740aa8ee31d0719daa5e18bbe205e1b4f3ca46241a57b4e6b7b&smart=true&width=1500","is_clip":false,"item_type":"audio","item_type_label":"Audio","language_label":"Korean","media_credit":"\uc11c\uc6b8-\ud64d\uc2b9\uc6b1 hongs@rfa.org","micro_label":"Audio program","micro_label_kind":"audio","network_label":"RFA","network_logo_url":"/static/uploads/direct_network_logos/rfa_ca00144ac549.png","published_at":"2026-07-10T10:11:02","published_at_display":"10 Jul 2026, 10:11 GMT","sequence_badge_label":null,"sequence_count":null,"sequence_count_label":null,"sequence_frames":[],"sequence_kind":null,"source_name":"rfa_korean_rss","source_name_label":"RFA Korean","source_type":"rss","summary":"\ubd81\uc911\uc6b0\ud638\uc870\uc57d \uccb4\uacb0 65\uc8fc\ub144\uc744 \ub9de\uc544 \uc911\uad6d\uc5d0\uc11c \uc5f4\ub9ac\ub294 \uae30\ub150\ud589\uc0ac\uc5d0 \ubd81\ud55c\uc774 7\ub144 \ub9cc\uc5d0 \ub300\ud45c\ub2e8\uc744 \ud30c\uacac\ud588\uc2b5\ub2c8\ub2e4.","title":"\ud1b5\uc77c\ubd80 \u201c\ubd81, \ubd81\uc911\uc870\uc57d \uae30\ub150 \ud589\uc0ac 7\ub144\ub9cc\uc5d0 \ub300\ud45c\ub2e8\u201d","topic":"\ub274\uc2a4","translation_language":"","url":"https://rfa.org/korean/in-focus/2026/07/10/china-friendship-treaty-delegation-mongolia/","video_url":null},{"article_body_paragraphs":[],"audio_source_url":"https://feeds.acast.com/public/streams/67a64812340a5590cdb71549/episodes/6a54a8599fd983917ddc1016.mp3","author":"\uc11c\uc6b8-\uae40\uc9c0\uc740 nk@rfa.org","available_dubs":[],"downloadable_assets":["https://feeds.acast.com/public/streams/67a64812340a5590cdb71549/episodes/6a54a8599fd983917ddc1016.mp3","https://www.rfa.org/resizer/v2/RGDZ4REVLBHFNCGYAHLNRZY5W4.JPG?auth=f40d2635fce35be6a4c6454dc015d222e2b814d6e2927d182b62d6ca28cd2b95&smart=true&width=1500"],"duration_display":"0:00","duration_seconds":null,"embed_url":null,"id":559,"image_caption":null,"image_url":"https://www.rfa.org/resizer/v2/RGDZ4REVLBHFNCGYAHLNRZY5W4.JPG?auth=f40d2635fce35be6a4c6454dc015d222e2b814d6e2927d182b62d6ca28cd2b95&smart=true&width=1500","is_clip":false,"item_type":"audio","item_type_label":"Audio","language_label":"Korean","media_credit":"\uc11c\uc6b8-\uae40\uc9c0\uc740 nk@rfa.org","micro_label":"Audio program","micro_label_kind":"audio","network_label":"RFA","network_logo_url":"/static/uploads/direct_network_logos/rfa_ca00144ac549.png","published_at":"2026-07-10T04:55:25","published_at_display":"10 Jul 2026, 04:55 GMT","sequence_badge_label":null,"sequence_count":null,"sequence_count_label":null,"sequence_frames":[],"sequence_kind":null,"source_name":"rfa_korean_rss","source_name_label":"RFA Korean","source_type":"rss","summary":"\ucd5c\uadfc \ubd81\ud55c \ub2f9\uad6d\uc774 \uac00\uc9dc \ubc88\ud638\ud310\uc744 \ubd80\ucc29\ud55c \ub3d9\ub825 \uc790\uc804\uac70, \uc624\ud1a0\ubc14\uc774\uc5d0 \uc758\ud55c \ub3c8\ubc8c\uc774 \ud604\uc0c1\uc744 \uc9d1\uc911 \ub2e8\uc18d\ud558\uace0 \uc788\uc2b5\ub2c8\ub2e4.","title":"\ubd81 \ub2f9\uad6d, \u2018\uac00\uc9dc \ubc88\ud638\ud310\u2019 \uc774\ub3d9\uc218\ub2e8 \ub2e8\uc18d","topic":"\ub274\uc2a4","translation_language":"","url":"https://rfa.org/korean/in-focus/2026/07/10/north-korea-fake-license-plate-crackdown/","video_url":null},{"article_body_paragraphs":[],"audio_source_url":"https://feeds.acast.com/public/streams/67a64812340a5590cdb71549/episodes/6a4f59392b60482dd2368e4f.mp3","author":"\uc11c\uc6b8-\ud64d\uc2b9\uc6b1 hongs@rfa.org","available_dubs":[],"downloadable_assets":["https://feeds.acast.com/public/streams/67a64812340a5590cdb71549/episodes/6a4f59392b60482dd2368e4f.mp3","https://www.rfa.org/resizer/v2/GKI3RIXNLBFSFLGWEUHMH4LR2A.jpg?auth=509e257a3d08ca7791b50fafc2686519bb782c5b3bd055ffaadbb53f35400f13&smart=true&width=1500"],"duration_display":"0:00","duration_seconds":null,"embed_url":null,"id":560,"image_caption":null,"image_url":"https://www.rfa.org/resizer/v2/GKI3RIXNLBFSFLGWEUHMH4LR2A.jpg?auth=509e257a3d08ca7791b50fafc2686519bb782c5b3bd055ffaadbb53f35400f13&smart=true&width=1500","is_clip":false,"item_type":"audio","item_type_label":"Audio","language_label":"Korean","media_credit":"\uc11c\uc6b8-\ud64d\uc2b9\uc6b1 hongs@rfa.org","micro_label":"Audio program","micro_label_kind":"audio","network_label":"RFA","network_logo_url":"/static/uploads/direct_network_logos/rfa_ca00144ac549.png","published_at":"2026-07-09T09:35:49","published_at_display":"9 Jul 2026, 09:35 GMT","sequence_badge_label":null,"sequence_count":null,"sequence_count_label":null,"sequence_frames":[],"sequence_kind":null,"source_name":"rfa_korean_rss","source_name_label":"RFA Korean","source_type":"rss","summary":"\uc774\uc7ac\uba85 \ud55c\uad6d \ub300\ud1b5\ub839\uc774 15\ub144 \ub9cc\uc5d0 \ubabd\uace8\uc744 \uad6d\ube48 \ubc29\ubb38\ud588\uc2b5\ub2c8\ub2e4. \uc774 \ub300\ud1b5\ub839\uc740 \ub0a8\ubd81 \ubaa8\ub450\uc640 \uc6b0\ud638 \uad00\uacc4\ub97c \uc720\uc9c0\ud558\uace0 \uc788\ub294 \ubabd\uace8\uc5d0 \ud55c\ubc18\ub3c4 \ud3c9\ud654\uc5d0 \uae30\uc5ec\ud574\uc904 \uac83\uc744 \ub2f9\ubd80\ud588\uc2b5\ub2c8\ub2e4.","title":"\uc774 \ub300\ud1b5\ub839, \ubabd\uace8 \uad6d\ube48 \ubc29\ubb38\u2026\u201c\ud55c\ubc18\ub3c4 \ud3c9\ud654 \uae30\uc5ec\ud574\ub2ec\ub77c\u201d","topic":"\ub274\uc2a4","translation_language":"","url":"https://rfa.org/korean/in-focus/2026/07/09/mongolia-missile-russia-ukraine-nato/","video_url":null},{"article_body_paragraphs":[],"audio_source_url":"https://feeds.acast.com/public/streams/67a64812340a5590cdb71549/episodes/6a4f2c0d1c8f5a97d89c5d97.mp3","author":"\uc11c\uc6b8-\uc548\ucc3d\uaddc nk@rfa.org","available_dubs":[],"downloadable_assets":["https://feeds.acast.com/public/streams/67a64812340a5590cdb71549/episodes/6a4f2c0d1c8f5a97d89c5d97.mp3","https://www.rfa.org/resizer/v2/B6MW2H46RNGS7BUFNAC6PEQ2BI.JPG?auth=817efa55149fbd8a3f094d410bd9be169aa19c6e3ac664c0e58fa81e249818eb&smart=true&width=1500"],"duration_display":"0:00","duration_seconds":null,"embed_url":null,"id":561,"image_caption":null,"image_url":"https://www.rfa.org/resizer/v2/B6MW2H46RNGS7BUFNAC6PEQ2BI.JPG?auth=817efa55149fbd8a3f094d410bd9be169aa19c6e3ac664c0e58fa81e249818eb&smart=true&width=1500","is_clip":false,"item_type":"audio","item_type_label":"Audio","language_label":"Korean","media_credit":"\uc11c\uc6b8-\uc548\ucc3d\uaddc nk@rfa.org","micro_label":"Audio program","micro_label_kind":"audio","network_label":"RFA","network_logo_url":"/static/uploads/direct_network_logos/rfa_ca00144ac549.png","published_at":"2026-07-09T06:37:14","published_at_display":"9 Jul 2026, 06:37 GMT","sequence_badge_label":null,"sequence_count":null,"sequence_count_label":null,"sequence_frames":[],"sequence_kind":null,"source_name":"rfa_korean_rss","source_name_label":"RFA Korean","source_type":"rss","summary":"\ubd81\ud55c \uc8fc\uc694 \ub3c4\uc2dc \uc548\uc804\ubd80\uac00 \uc57c\uac04 \uc21c\ucc30\uc744 \uac15\ud654\ud55c \uac83\uc73c\ub85c \uc54c\ub824\uc84c\uc2b5\ub2c8\ub2e4. \ub178\ub3d9\uc790 \uaddc\ucc30\ub300\uae4c\uc9c0 \ub3d9\uc6d0\ud574 \uc57c\uac04\uc5d0 \uc774\ub3d9\ud558\ub294 \uc8fc\ubbfc\ub4e4\uc758 \uc99d\uba85\uc11c\ub294 \ubb3c\ub860 \uc9d0\uae4c\uc9c0 \uac80\uc5f4\ud558\uace0 \uc788\uc2b5\ub2c8\ub2e4.","title":"\ubd81 \uc8fc\uc694 \ub3c4\uc2dc \uc57c\uac04 \uc21c\ucc30 \uac15\ud654\u2026\ubc94\uc8c4 \ucc28\ub2e8 \ubaa9\uc801","topic":"\ub274\uc2a4","translation_language":"","url":"https://rfa.org/korean/in-focus/2026/07/09/north-korea-night-patrol-crime/","video_url":null},{"article_body_paragraphs":[],"audio_source_url":"https://feeds.acast.com/public/streams/67a64812340a5590cdb71549/episodes/6a4f0e801c8f5a97d894f795.mp3","author":"Young Jung","available_dubs":[],"downloadable_assets":["https://feeds.acast.com/public/streams/67a64812340a5590cdb71549/episodes/6a4f0e801c8f5a97d894f795.mp3","https://www.rfa.org/resizer/v2/FDI5IZZCNNHTVLPMFP2TYO45UQ.jpg?auth=74121b54f3c29dc8cf2293e8210510546a1e015578d9da09d1751e445d26a0d9&smart=true&width=1500"],"duration_display":"0:00","duration_seconds":null,"embed_url":null,"id":562,"image_caption":null,"image_url":"https://www.rfa.org/resizer/v2/FDI5IZZCNNHTVLPMFP2TYO45UQ.jpg?auth=74121b54f3c29dc8cf2293e8210510546a1e015578d9da09d1751e445d26a0d9&smart=true&width=1500","is_clip":false,"item_type":"audio","item_type_label":"Audio","language_label":"Korean","media_credit":"Young Jung","micro_label":"Audio program","micro_label_kind":"audio","network_label":"RFA","network_logo_url":"/static/uploads/direct_network_logos/rfa_ca00144ac549.png","published_at":"2026-07-09T03:25:16","published_at_display":"9 Jul 2026, 03:25 GMT","sequence_badge_label":null,"sequence_count":null,"sequence_count_label":null,"sequence_frames":[],"sequence_kind":null,"source_name":"rfa_korean_rss","source_name_label":"RFA Korean","source_type":"rss","summary":"\ub7ec\uc2dc\uc544\uac00 \uc6b0\ud06c\ub77c\uc774\ub098\uad70\uc5d0 \uc0dd\ud3ec\ub41c \ubd81\ud55c\uad70 \ud3ec\ub85c 2\uba85\uc744 \ub118\uaca8\ubc1b\uae30 \uc704\ud574 \uc774\ub4e4\uacfc \uc790\uad6d\uc5d0 \uc5b5\ub958\ub41c \uc218\ucc9c\uba85\uc758 \uc6b0\ud06c\ub77c\uc774\ub098 \uad6d\ubbfc\uc758 \ub9de\uad50\ud658\uc744 \uc81c\uc548\ud588\ub2e4\ub294 \uc5b8\ub860 \ubcf4\ub3c4\uac00 \ub098\uc654\uc2b5\ub2c8\ub2e4.","title":"\uc6b0\ud06c\ub77c \uc0dd\ud3ec \ubd81\ud55c\uad70 \ud3ec\ub85c \ub17c\ub780\u2026\u201c\ubbf8\uad6d\ub3c4 \uc790\uc720\uc1a1\ud658 \ub3c4\uc640\uc57c\u201d","topic":"\ub274\uc2a4","translation_language":"","url":"https://rfa.org/korean/in-focus/2026/07/09/north-korea-soldier-dispatched-russia-prisoners/","video_url":null},{"article_body_paragraphs":[],"audio_source_url":"https://feeds.acast.com/public/streams/67a64812340a5590cdb71549/episodes/6a4e05774d6f6e9e988993fb.mp3","author":"\uc11c\uc6b8-\ud64d\uc2b9\uc6b1 hongs@rfa.org","available_dubs":[],"downloadable_assets":["https://feeds.acast.com/public/streams/67a64812340a5590cdb71549/episodes/6a4e05774d6f6e9e988993fb.mp3","https://www.rfa.org/resizer/v2/4ZCPP66GENG65N4JPQS7EDE5SU.jpg?auth=c952cd276e5bfb433e4f71669b5b3a13eeb3bf5eea07b64ca9c113f7e0a6f4f8&smart=true&width=1500"],"duration_display":"0:00","duration_seconds":null,"embed_url":null,"id":563,"image_caption":null,"image_url":"https://www.rfa.org/resizer/v2/4ZCPP66GENG65N4JPQS7EDE5SU.jpg?auth=c952cd276e5bfb433e4f71669b5b3a13eeb3bf5eea07b64ca9c113f7e0a6f4f8&smart=true&width=1500","is_clip":false,"item_type":"audio","item_type_label":"Audio","language_label":"Korean","media_credit":"\uc11c\uc6b8-\ud64d\uc2b9\uc6b1 hongs@rfa.org","micro_label":"Audio program","micro_label_kind":"audio","network_label":"RFA","network_logo_url":"/static/uploads/direct_network_logos/rfa_ca00144ac549.png","published_at":"2026-07-08T09:07:11","published_at_display":"8 Jul 2026, 09:07 GMT","sequence_badge_label":null,"sequence_count":null,"sequence_count_label":null,"sequence_frames":[],"sequence_kind":null,"source_name":"rfa_korean_rss","source_name_label":"RFA Korean","source_type":"rss","summary":"\ud55c\ubbf8\uc77c 3\uad6d \uc678\uad50\uc7a5\uad00\uc774 \ub098\ud1a0(NATO), \uc989 \ubd81\ub300\uc11c\uc591\uc870\uc57d\uae30\uad6c \uc815\uc0c1\ud68c\uc758\ub97c \uacc4\uae30\ub85c \ub9cc\ub0ac\uc2b5\ub2c8\ub2e4. \uc7a5\uad00\ub4e4\uc740 \ubd81\ud55c \ube44\ud575\ud654 \uc6d0\uce59\uc744 \uacac\uc9c0\ud558\uace0 \ud55c\ubc18\ub3c4 \ud3c9\ud654\uc640 \uc548\uc815\uc744 \uc704\ud55c \ub178\ub825\uc744 \uacc4\uc18d\ud574 \ub098\uac00\uae30\ub85c \ud588\uc2b5\ub2c8\ub2e4.","title":"\ud55c\ubbf8\uc77c \uc678\uad50\uc7a5\uad00 \u201c\ubd81 \ube44\ud575\ud654 \uc6d0\uce59 \uacac\uc9c0...\uae34\ubc00 \uacf5\uc870\u201d","topic":"\ub274\uc2a4","translation_language":"","url":"https://rfa.org/korean/in-focus/2026/07/08/nato-diplomat-ukraine-denuclearization-support/","video_url":null}],"next_num":null,"page":7,"pages":7,"per_page":20,"prev_num":6,"total":136}
