{"applied_filters":{"end_date":"","lang":"","language":"","network":"","page":7,"per_page":20,"search":"","source":"","start_date":"","topic":"V\u00eedyo Galer\u00ee","type":""},"available_filters":{"language_choices":[{"label":"Choose Language","value":""},{"label":"English","value":"English"},{"label":"Espa\u00f1ol","value":"Espa\u00f1ol"},{"label":"Kurdish","value":"Kurdish"}],"network_choices":[{"label":"All networks","value":""},{"label":"VOA","value":"VOA"}],"source_choices":[{"label":"All sources","value":""},{"label":"Dengeamerika","value":"dengeamerika_com_direct"}],"sources":["dengeamerika_com_direct"],"topics":["250em\u00een Salvegera Serxweb\u00fbna Amer\u00eekay\u00ea","250\u0647\u06d5\u0645\u06cc\u0646 \u0633\u0627\u06b5\u06cc\u0627\u062f\u06cc \u0633\u06d5\u0631\u0628\u06d5\u062e\u06c6\u06cc\u06cc \u0626\u06d5\u0645\u06d5\u0631\u06cc\u06a9\u0627","8 \u10e4\u10dd\u10e2\u10dd \u10d0\u10e0\u10e5\u10d8\u10d5\u10d8\u10d3\u10d0\u10dc","Abriendo Espacios","Afghanistan","Agenda hemisf\u00e9rica","Amer\u00eeka","Am\u00e9rica Latina, VENEZUELA, Maiquetia","Asuntos de Estado","Audiovisuales Mart\u00ed","Audiovisuales Mart\u00ed, Cuba turismo, crisis del turismo en Cuba","Audiovisuales Mart\u00ed, VENEZUELA, apagones","Barrio Adentro","Bernameya Televizyon\u00ee ya Rojane","Bernamey\u00ean radyoy\u00ea y\u00ean rojane","B\u00ecnh lu\u1eadn","Caf\u00e9 Digital","China","Como Come Cuba, cuba, Como Come Cuba","Cuba Habla","Cuba Habla, Cuba","Cuba al D\u00eda","Cuba al D\u00eda, Cuba","Cuba en la Memoria","C\u00eehan","De cara al sol","Derechos Humanos, cuba, exilio, c\u00e1ncer, Ram\u00f3n Sa\u00fal S\u00e1nchez","El futuro es ya","Especiales, Exilio cubano, Freedom tower, \"Libertad\", Torre de la Libertad de Miami, Exilio cubano en Miami","Especiales, jos\u00e9 mart\u00ed, Exilio cubano","Esperando un techo, cuba, crisis, vivienda, derrumbes, techo, paredes, EsperandounTecho","Foro abierto","Hablando claro","Human Rights","Info Mart\u00ed","Info Mart\u00ed , Brigada 2506","Info Mart\u00ed , Cuba","Info Mart\u00ed , Estados Unidos, Colombia","Info Mart\u00ed , Estados Unidos, VENEZUELA","Info Mart\u00ed , estados unidos, Venezuela","Info Mart\u00ed , presos politicos, torturas, VENEZUELA","Iran","Iz RSE sveta","Izme\u0111u redova","Kentu-Cubano, cuba, cubanos, Kentucky, migrantes, KentoCubano","Korea","La libertad es una librer\u00eda","Laos","Las Noticias Como Son, Cuba","Las noticias como son","Lawton Libre","Liberaci\u00f3n","Mart\u00ed Noticias A.M.","Mozaik \u017eivota","Multimedija","Myanmar","Nicaragua al d\u00eda","Noticiero Mart\u00ed Noticias","Noticiero Mart\u00ed Noticias, Cuba","N\u00fb\u00e7ey\u00ean C\u00eehan\u00ea 1","N\u00fb\u00e7ey\u00ean C\u00eehan\u00ea 2","Pacific","Pe Agend\u0103","Pe Agend\u0103 cu Cristina Popu\u0219oi","Perspektiva","Programas de Radio Nuestra Am\u00e9rica","Radio Mart\u00ed","Radyo","Ser Madre en cuba, cuba, hambre, r\u00e9gimen, madre, negligencia, Testimonios, Crisis Econ\u00f3mica, madre cubana, Crisis Alimentaria","Ser viejo en Cuba, cuba, cubanos, crisis, alimentos, ancianos, viejos, vejez","South China Sea","Srbija","Taller de prensa","Th\u1eddi S\u1ef1","Tibet","Trong n\u01b0\u1edbc","Ukraine","Uvid","Uyghur","VOA \ud55c\uad6d\uc5b4 \ubcf4\uc774\ub294 \ub77c\ub514\uc624","VOA\u4eca\u65e5\u7126\u70b9","Video","Videos","V\u00eedyo Galer\u00ee","Zaviri ispod povr\u0161ine","adri%C3%A1n del sol mi padre est%C3%A1 muy d%C3%A9bil","atienden a mas de 50 personas en santiago de cuba por presunta intoxicacion alimentaria","auge en contagios de dengue en cuba","aumenta a 379 la cifra de desaparecidos por terremoto en colombia hay 285 fallecidos","banco mundial desembolsa millonaria ayuda para afectados por terremoto en colombia","casi 300 fallecidos almenos 4 000 heridos y 140 desaparecidos a 7 dias del terremoto en colombia","cifra de muertos por el terremoto en colombia supera las 200 personas seg%C3%BAn reporte","colombia declara estado de emergencia durante 30 dias por grave calamidad","colombia ingresa formalmente al escudo de las am%C3%A9ricas liderado por washington","convocan marcha pac%C3%ADfica por la libertad de todos los presos pol%C3%ADticos en venezuela","crece reclutamiento de ni%C3%B1os y ni%C3%B1as en colombia por parte de grupos ilegales seg%C3%BAn hrw","creo que el presidente trump ir%C3%A1 a la habana antes de que termine su mandato","eeuu cierra acuerdo petrolero que le dar%C3%A1 importante control de reservas venezolanas","eeuu ecuador y colombia se reunen para acordar lucha contra mafias del narcotr%C3%A1fico","eeuu sostiene operaciones militares junto a ecuador cerca de la frontera con colombia"],"types":[["","All types"],["video","Videos"],["clips","Clips"],["media","Media"]]},"has_next":true,"has_prev":true,"items":[{"article_body_paragraphs":[],"audio_source_url":null,"author":"R\u00eaj\u00een Ehmed","available_dubs":[],"downloadable_assets":["https://voa-video-ns.akamaized.net/pangeavideo/2026/08/5/54/5425c672-627c-4b69-7ee9-08def2ed48ad_1080p.mp4?cb=ee2193e22"],"duration_display":"3:30","duration_seconds":210.4,"embed_url":null,"id":7319,"image_caption":null,"image_url":"https://gdb.voanews.com/5425c672-627c-4b69-7ee9-08def2ed48ad_tv_mw2048_mh2048_n.jpg","is_clip":true,"item_type":"video","item_type_label":"Video","language_label":"Kurdish","media_credit":"VOA","micro_label":"Video report","micro_label_kind":"video","network_label":"VOA","network_logo_url":"/static/uploads/direct_network_logos/voa_1ef13eedbd2f.svg","published_at":"2026-08-20T18:27:37.280000","published_at_display":"20 Aug 2026, 18:27 GMT","sequence_badge_label":null,"sequence_count":null,"sequence_count_label":null,"sequence_frames":[],"sequence_kind":null,"source_name":"dengeamerika_com_direct","source_name_label":"Dengeamerika","source_type":"direct_api","summary":"Simaqa devera Z\u00eabar\u00ee li Akr\u00ea ya Her\u00eama Kurdistan\u00ea ne ten\u00ea behemeke \u00e7andin\u00ee, bazirgan\u00ee, \u00fb abor\u00ee ye, bel\u00ea ew be\u015feke ji nasname \u00fb kult\u00fbra dever\u00ea. L\u00ea \u00cesal berhema simaq\u00ea k\u00eam b\u00fbye. Raporta R\u00eaj\u00een Ehmed b\u00eahtir zanyar\u00ee hene.","title":"Werza \u00c7in\u00eena Simaq\u00ea li Devera Z\u00eabar\u00ee ya Her\u00eama Kurdistan\u00ea","topic":"V\u00eedyo Galer\u00ee","translation_language":"","url":"https://voa-video-ns.akamaized.net/pangeavideo/2026/08/5/54/5425c672-627c-4b69-7ee9-08def2ed48ad_1080p.mp4?cb=ee2193e22","video_url":"https://voa-video-ns.akamaized.net/pangeavideo/2026/08/5/54/5425c672-627c-4b69-7ee9-08def2ed48ad_1080p.mp4?cb=ee2193e22"},{"article_body_paragraphs":[],"audio_source_url":null,"author":"Sem\u00eera El\u00ee Mend\u00ee","available_dubs":[],"downloadable_assets":["https://voa-video-ns.akamaized.net/pangeavideo/2026/08/6/63/636f8ba4-afcd-41a4-a233-08def2b10d93_1080p.mp4?cb=ee2193d07"],"duration_display":"2:27","duration_seconds":147.16,"embed_url":null,"id":7320,"image_caption":null,"image_url":"https://gdb.voanews.com/636f8ba4-afcd-41a4-a233-08def2b10d93_tv_mw2048_mh2048_n.jpg","is_clip":true,"item_type":"video","item_type_label":"Video","language_label":"Kurdish","media_credit":"VOA","micro_label":"Video report","micro_label_kind":"video","network_label":"VOA","network_logo_url":"/static/uploads/direct_network_logos/voa_1ef13eedbd2f.svg","published_at":"2026-08-20T18:22:49.040000","published_at_display":"20 Aug 2026, 18:22 GMT","sequence_badge_label":null,"sequence_count":null,"sequence_count_label":null,"sequence_frames":[],"sequence_kind":null,"source_name":"dengeamerika_com_direct","source_name_label":"Dengeamerika","source_type":"direct_api","summary":"Serok\u00ea Amer\u00eekay\u00ea Donald Trump di peyameke tund de ku li ser hesab\u00ea w\u00ee y\u00ea ferm\u00ee y\u00ea Truth Social hate we\u015fandin, destp\u00eakirina \"operasyona abor\u00ee ya her\u00ee kujer\" a d\u00eerok\u00ea li dij\u00ee Komara \u00ceslam\u00ee ya \u00ceran\u00ea ragihand. Sem\u00eera El\u00ee Mend\u00ee b\u00eahtir zanyar\u00ee hene.","title":"Operasyona Abor\u00ee ya Amer\u00eeka li Dij\u00ee \u00ceran\u00ea","topic":"V\u00eedyo Galer\u00ee","translation_language":"","url":"https://voa-video-ns.akamaized.net/pangeavideo/2026/08/6/63/636f8ba4-afcd-41a4-a233-08def2b10d93_1080p.mp4?cb=ee2193d07","video_url":"https://voa-video-ns.akamaized.net/pangeavideo/2026/08/6/63/636f8ba4-afcd-41a4-a233-08def2b10d93_1080p.mp4?cb=ee2193d07"},{"article_body_paragraphs":[],"audio_source_url":null,"author":"D\u00eeyar Cemal","available_dubs":[],"downloadable_assets":["https://voa-video-ns.akamaized.net/pangeavideo/2026/08/3/30/306af7f8-5299-4f00-c9f8-08decaecd3b3_1080p.mp4?cb=ee219342d"],"duration_display":"2:41","duration_seconds":161.81,"embed_url":null,"id":7280,"image_caption":null,"image_url":"https://gdb.voanews.com/306af7f8-5299-4f00-c9f8-08decaecd3b3_tv_mw2048_mh2048_n.jpg","is_clip":true,"item_type":"video","item_type_label":"Video","language_label":"Kurdish","media_credit":"VOA","micro_label":"Video report","micro_label_kind":"video","network_label":"VOA","network_logo_url":"/static/uploads/direct_network_logos/voa_1ef13eedbd2f.svg","published_at":"2026-08-20T16:55:52.147000","published_at_display":"20 Aug 2026, 16:55 GMT","sequence_badge_label":null,"sequence_count":null,"sequence_count_label":null,"sequence_frames":[],"sequence_kind":null,"source_name":"dengeamerika_com_direct","source_name_label":"Dengeamerika","source_type":"direct_api","summary":"R\u00fbni\u015ftvanek\u00ee nav\u00e7eya Erbet a par\u00eazgeha Sil\u00eaman\u00eey\u00ea ji ber qelewb\u00fbn\u00ea \u00fb nexwe\u015f\u00eey\u00ean c\u00fbrbic\u00fbr di rew\u015feke tendurist\u00eeya neba\u015f re derbas dibe \u00fb rew\u015fa daray\u00ee ya xerab r\u00ea li ber \u00e7areser\u00eeyan girtiye. Raporta Diyar Cemal ron\u00ee dide ser \u00e7\u00eeroka w\u00ee.","title":"Hejar\u00ee R\u00eay\u00ean \u00c7areser\u00eey\u00ea li Nexwe\u015fek\u00ee Sil\u00eaman\u00eey\u00ea Digire","topic":"V\u00eedyo Galer\u00ee","translation_language":"","url":"https://voa-video-ns.akamaized.net/pangeavideo/2026/08/3/30/306af7f8-5299-4f00-c9f8-08decaecd3b3_1080p.mp4?cb=ee219342d","video_url":"https://voa-video-ns.akamaized.net/pangeavideo/2026/08/3/30/306af7f8-5299-4f00-c9f8-08decaecd3b3_1080p.mp4?cb=ee219342d"},{"article_body_paragraphs":[],"audio_source_url":null,"author":"Eyy\u00fbp Dem\u00eer","available_dubs":[],"downloadable_assets":["https://voa-video-ns.akamaized.net/pangeavideo/2026/08/e/ef/efe59d08-e98d-4bda-f262-08def2b12219_1080p.mp4?cb=ee219195b"],"duration_display":"2:17","duration_seconds":137.98,"embed_url":null,"id":7248,"image_caption":null,"image_url":"https://gdb.voanews.com/efe59d08-e98d-4bda-f262-08def2b12219_tv_mw2048_mh2048_n.jpg","is_clip":true,"item_type":"video","item_type_label":"Video","language_label":"Kurdish","media_credit":"VOA","micro_label":"Video report","micro_label_kind":"video","network_label":"VOA","network_logo_url":"/static/uploads/direct_network_logos/voa_1ef13eedbd2f.svg","published_at":"2026-08-20T15:50:51.460000","published_at_display":"20 Aug 2026, 15:50 GMT","sequence_badge_label":null,"sequence_count":null,"sequence_count_label":null,"sequence_frames":[],"sequence_kind":null,"source_name":"dengeamerika_com_direct","source_name_label":"Dengeamerika","source_type":"direct_api","summary":"Hunermend\u00ea Kurd Orhan Onuk di p\u00ea\u015fengeheke \u015f\u00eawekar\u00eey\u00ea de li Stenbol\u00ea bi fir\u00e7e \u00fb behreya xwe bala serdaneran diki\u015f\u00eene. Onuk dib\u00eaje ku ew xeyal\u00ean xwe y\u00ean wel\u00eat bi w\u00eaneyan ji n\u00fb ve vedij\u00eene. Raporta Eyy\u00fbp Dem\u00eer ron\u00ee dide ser v\u00ea p\u00ea\u015fangeh\u00ea.","title":"Orhan Onuk bi W\u00eanesaz\u00eey\u00ea B\u00eerewer\u00eeya xwe ya Kurd\u00ee Vedij\u00eene","topic":"V\u00eedyo Galer\u00ee","translation_language":"","url":"https://voa-video-ns.akamaized.net/pangeavideo/2026/08/e/ef/efe59d08-e98d-4bda-f262-08def2b12219_1080p.mp4?cb=ee219195b","video_url":"https://voa-video-ns.akamaized.net/pangeavideo/2026/08/e/ef/efe59d08-e98d-4bda-f262-08def2b12219_1080p.mp4?cb=ee219195b"},{"article_body_paragraphs":[],"audio_source_url":null,"author":"Del\u00eel Sil\u00eaman","available_dubs":[],"downloadable_assets":["https://voa-video-ns.akamaized.net/pangeavideo/2026/08/b/bc/bc58a2a9-b37d-4c13-47d9-08decadaa577_1080p.mp4?cb=ee2190bdc"],"duration_display":"3:18","duration_seconds":198.03,"embed_url":null,"id":7212,"image_caption":null,"image_url":"https://gdb.voanews.com/bc58a2a9-b37d-4c13-47d9-08decadaa577_tv_mw2048_mh2048_n.jpg","is_clip":true,"item_type":"video","item_type_label":"Video","language_label":"Kurdish","media_credit":"VOA","micro_label":"Video report","micro_label_kind":"video","network_label":"VOA","network_logo_url":"/static/uploads/direct_network_logos/voa_1ef13eedbd2f.svg","published_at":"2026-08-20T14:53:16.180000","published_at_display":"20 Aug 2026, 14:53 GMT","sequence_badge_label":null,"sequence_count":null,"sequence_count_label":null,"sequence_frames":[],"sequence_kind":null,"source_name":"dengeamerika_com_direct","source_name_label":"Dengeamerika","source_type":"direct_api","summary":"Di werza hav\u00een\u00ea de \u00fb bi bilindb\u00fbna piley\u00ean germ\u00ea re, \u00e7em\u00ea ku \u00e7avkan\u00eeya jiyan\u00ea b\u00fb li bajarok\u00ea Tirbesp\u00eey\u00ea, \u00eero b\u00fbye metirs\u00eeyeke mezin li ser jiyana welat\u00eeyan ji ber av\u00eatina gil\u00ea\u015f \u00fb \u00e7op\u00ea li nava \u00e7em. Raporta Del\u00eel Sil\u00eaman b\u00eahtir agah\u00ee hene.","title":"Av\u00eatina Gil\u00ea\u015f \u00fb \u00c7op\u00ea li Nav \u00c7em\u00ea Tirbesip\u00eey\u00ea","topic":"V\u00eedyo Galer\u00ee","translation_language":"","url":"https://voa-video-ns.akamaized.net/pangeavideo/2026/08/b/bc/bc58a2a9-b37d-4c13-47d9-08decadaa577_1080p.mp4?cb=ee2190bdc","video_url":"https://voa-video-ns.akamaized.net/pangeavideo/2026/08/b/bc/bc58a2a9-b37d-4c13-47d9-08decadaa577_1080p.mp4?cb=ee2190bdc"},{"article_body_paragraphs":[],"audio_source_url":null,"author":"Emced Kurdo","available_dubs":[],"downloadable_assets":["https://voa-video-ns.akamaized.net/pangeavideo/2026/08/5/5d/5d4d36f3-8d0c-4891-f25f-08def2b12219_1080p.mp4?cb=ee219056e"],"duration_display":"2:51","duration_seconds":171.8,"embed_url":null,"id":7194,"image_caption":null,"image_url":"https://gdb.voanews.com/5d4d36f3-8d0c-4891-f25f-08def2b12219_tv_mw2048_mh2048_n.jpg","is_clip":true,"item_type":"video","item_type_label":"Video","language_label":"Kurdish","media_credit":"VOA","micro_label":"Video report","micro_label_kind":"video","network_label":"VOA","network_logo_url":"/static/uploads/direct_network_logos/voa_1ef13eedbd2f.svg","published_at":"2026-08-20T14:25:43.160000","published_at_display":"20 Aug 2026, 14:25 GMT","sequence_badge_label":null,"sequence_count":null,"sequence_count_label":null,"sequence_frames":[],"sequence_kind":null,"source_name":"dengeamerika_com_direct","source_name_label":"Dengeamerika","source_type":"direct_api","summary":"Li bajar\u00ea Qami\u015flo, tevgera avakirin\u00ea \u00fb weberh\u00eanana abor\u00ee di van dem\u00ean daw\u00ee de guhertineke berbi\u00e7av dib\u00eene. Bi destp\u00eakirina projey\u00ean mezin \u00ean bazirgan\u00ee \u00fb ni\u015ftec\u00eeb\u00fbn\u00ea, bajar derbas\u00ee qonaxeke n\u00fb ya ge\u015fep\u00eadana avakirin\u00ea dibe, ku armanca w\u00ea n\u00fbjenkirina binesaz\u00eey\u00ea \u00fb afirandina derfet\u00ean kar e.","title":"Ge\u015fb\u00fbna Projey\u00ean Avakirin\u00ea li Bajar\u00ea Qami\u015flo","topic":"V\u00eedyo Galer\u00ee","translation_language":"","url":"https://voa-video-ns.akamaized.net/pangeavideo/2026/08/5/5d/5d4d36f3-8d0c-4891-f25f-08def2b12219_1080p.mp4?cb=ee219056e","video_url":"https://voa-video-ns.akamaized.net/pangeavideo/2026/08/5/5d/5d4d36f3-8d0c-4891-f25f-08def2b12219_1080p.mp4?cb=ee219056e"},{"article_body_paragraphs":[],"audio_source_url":null,"author":"\u00cevan Hes\u00eeb","available_dubs":[],"downloadable_assets":["https://voa-video-ns.akamaized.net/pangeavideo/2026/08/7/7f/7ff22675-ff30-4545-81b3-08decae8682a_1080p.mp4?cb=ee2190c3a"],"duration_display":"3:15","duration_seconds":195.96,"embed_url":null,"id":7195,"image_caption":null,"image_url":"https://gdb.voanews.com/7ff22675-ff30-4545-81b3-08decae8682a_tv_mw2048_mh2048_n.jpg","is_clip":true,"item_type":"video","item_type_label":"Video","language_label":"Kurdish","media_credit":"VOA","micro_label":"Video report","micro_label_kind":"video","network_label":"VOA","network_logo_url":"/static/uploads/direct_network_logos/voa_1ef13eedbd2f.svg","published_at":"2026-08-20T14:19:31.700000","published_at_display":"20 Aug 2026, 14:19 GMT","sequence_badge_label":null,"sequence_count":null,"sequence_count_label":null,"sequence_frames":[],"sequence_kind":null,"source_name":"dengeamerika_com_direct","source_name_label":"Dengeamerika","source_type":"direct_api","summary":"Tev\u00ee merc\u00ean ewleh\u00eey\u00ea y\u00ean dijwar, xwendekara Kurd Roz\u00eara Cewher a ji bajar\u00ea Hesek\u00ea amadekar\u00eeyan dike ku projeya xwe ya der\u00e7\u00fbn\u00ea di teknoloj\u00eeya endazyar\u00eey\u00ea de li Zan\u00eengeha \u015eam\u00ea p\u00ea\u015fk\u00ea\u015f bike. Ew tekane xwendekara Kurd e di nav 200 xwendekar\u00ean be\u015f\u00ea Hi\u015fber\u00eeya \u00c7\u00eakir\u00ee de ku bi z\u00eerek\u00eeya xwe bal\u00ea diki\u015f\u00eene.","title":"Xwendekareke Hi\u015fber\u00eeya \u00c7\u00eakir\u00ee ya Kurd li \u015eam\u00ea Bal\u00ea Diki\u015f\u00eene","topic":"V\u00eedyo Galer\u00ee","translation_language":"","url":"https://voa-video-ns.akamaized.net/pangeavideo/2026/08/7/7f/7ff22675-ff30-4545-81b3-08decae8682a_1080p.mp4?cb=ee2190c3a","video_url":"https://voa-video-ns.akamaized.net/pangeavideo/2026/08/7/7f/7ff22675-ff30-4545-81b3-08decae8682a_1080p.mp4?cb=ee2190c3a"},{"article_body_paragraphs":[],"audio_source_url":null,"author":null,"available_dubs":[],"downloadable_assets":["https://voa-video-ns.akamaized.net/pangeavideo/2026/08/8/80/80766164-e61b-43b5-a21b-08def2b10d93_1080p.mp4?cb=ee21804f4"],"duration_display":"1:06","duration_seconds":66.08,"embed_url":null,"id":6995,"image_caption":null,"image_url":"https://gdb.voanews.com/80766164-e61b-43b5-a21b-08def2b10d93_tv_mw2048_mh2048_n.jpg","is_clip":true,"item_type":"video","item_type_label":"Video","language_label":"Kurdish","media_credit":"VOA","micro_label":"Video report","micro_label_kind":"video","network_label":"VOA","network_logo_url":"/static/uploads/direct_network_logos/voa_1ef13eedbd2f.svg","published_at":"2026-08-19T20:11:32.573000","published_at_display":"19 Aug 2026, 20:11 GMT","sequence_badge_label":null,"sequence_count":null,"sequence_count_label":null,"sequence_frames":[],"sequence_kind":null,"source_name":"dengeamerika_com_direct","source_name_label":"Dengeamerika","source_type":"direct_api","summary":"Hik\u00fbmeta Amer\u00eekay\u00ea budeyek mezin ji bo weberh\u00eanan\u00fb hilber\u00eena \u00e7ek \u00fb alav\u00ean le\u015fker\u00ee vediqet\u00eene \u00fb bi s\u00ea kompaniy\u00ean mezin re bi milyaran dolar gir\u00eabest \u00eemze kirine.","title":"Amer\u00eeka Budceyek Mezin bo Hilber\u00eena \u00c7ek \u00fb Cebilxaneya Le\u015fker\u00ee Terxan Dike","topic":"V\u00eedyo Galer\u00ee","translation_language":"","url":"https://voa-video-ns.akamaized.net/pangeavideo/2026/08/8/80/80766164-e61b-43b5-a21b-08def2b10d93_1080p.mp4?cb=ee21804f4","video_url":"https://voa-video-ns.akamaized.net/pangeavideo/2026/08/8/80/80766164-e61b-43b5-a21b-08def2b10d93_1080p.mp4?cb=ee21804f4"},{"article_body_paragraphs":[],"audio_source_url":null,"author":"Eyy\u00fbp Dem\u00eer","available_dubs":[],"downloadable_assets":["https://voa-video-ns.akamaized.net/pangeavideo/2026/08/c/c1/c1fed13f-427c-4d5f-f251-08def2b12219_1080p.mp4?cb=ee217f33e"],"duration_display":"2:49","duration_seconds":169.24,"embed_url":null,"id":6963,"image_caption":null,"image_url":"https://gdb.voanews.com/c1fed13f-427c-4d5f-f251-08def2b12219_tv_mw2048_mh2048_n.jpg","is_clip":true,"item_type":"video","item_type_label":"Video","language_label":"Kurdish","media_credit":"VOA","micro_label":"Video report","micro_label_kind":"video","network_label":"VOA","network_logo_url":"/static/uploads/direct_network_logos/voa_1ef13eedbd2f.svg","published_at":"2026-08-19T18:55:58.507000","published_at_display":"19 Aug 2026, 18:55 GMT","sequence_badge_label":null,"sequence_count":null,"sequence_count_label":null,"sequence_frames":[],"sequence_kind":null,"source_name":"dengeamerika_com_direct","source_name_label":"Dengeamerika","source_type":"direct_api","summary":"Qan\u00fbna \u00c7ar\u00e7ovey\u00ee di rojnama resm\u00ee de hate we\u015fandin, ji vir \u00fb p\u00eada pi\u015ft\u00ee l\u00eakol\u00een\u00ea d\u00ea raportek were amadekirin \u00fb p\u00ea\u015fk\u00ea\u015f\u00ee Lijneya Ewlekar\u00eeya Netew\u00ee were kirin. Hiq\u00fbqnas biryarday\u00eena Lijneya Ewlekar\u00eeya Netew\u00ee hiq\u015fq\u00ee nab\u00eenin.","title":"Hiq\u00fbqnas Biryarday\u00eena Lijneya Ewlekar\u00eeya Netew\u00ee Dinirx\u00eenin","topic":"V\u00eedyo Galer\u00ee","translation_language":"","url":"https://voa-video-ns.akamaized.net/pangeavideo/2026/08/c/c1/c1fed13f-427c-4d5f-f251-08def2b12219_1080p.mp4?cb=ee217f33e","video_url":"https://voa-video-ns.akamaized.net/pangeavideo/2026/08/c/c1/c1fed13f-427c-4d5f-f251-08def2b12219_1080p.mp4?cb=ee217f33e"},{"article_body_paragraphs":[],"audio_source_url":null,"author":null,"available_dubs":[],"downloadable_assets":["https://voa-video-ns.akamaized.net/pangeavideo/2026/08/3/31/319edbcc-10c9-4094-f250-08def2b12219_1080p.mp4?cb=ee217f24a"],"duration_display":"2:38","duration_seconds":158.93,"embed_url":null,"id":6964,"image_caption":null,"image_url":"https://gdb.voanews.com/319edbcc-10c9-4094-f250-08def2b12219_tv_mw2048_mh2048_n.jpg","is_clip":true,"item_type":"video","item_type_label":"Video","language_label":"Kurdish","media_credit":"VOA","micro_label":"Video report","micro_label_kind":"video","network_label":"VOA","network_logo_url":"/static/uploads/direct_network_logos/voa_1ef13eedbd2f.svg","published_at":"2026-08-19T18:46:37.703000","published_at_display":"19 Aug 2026, 18:46 GMT","sequence_badge_label":null,"sequence_count":null,"sequence_count_label":null,"sequence_frames":[],"sequence_kind":null,"source_name":"dengeamerika_com_direct","source_name_label":"Dengeamerika","source_type":"direct_api","summary":"M\u00eergeh\u00ean Ereb\u00ee y\u00ean Yekb\u00fby\u00ee pi\u015ft\u00ee gef\u00ean m\u00fb\u015fek\u00ee hem\u00fb dan\u00fbstandin\u00ean bazirgan\u00ee \u00fb daray\u00ee y\u00ean bi \u00ceran\u00ea re rawestandin. Rayedar\u00ean Amer\u00eek\u00ee j\u00ee dib\u00eajin, ew \u00ea fi\u015far\u00ean abor\u00ee li ser \u00ceran\u00ea z\u00eadetir bikin.","title":"Amer\u00eeka \u00fb Welat\u00ean Her\u00eam\u00ea Fi\u015far\u00ean Abor\u00ee li Ser \u00ceran\u00ea Z\u00eade Dikin","topic":"V\u00eedyo Galer\u00ee","translation_language":"","url":"https://voa-video-ns.akamaized.net/pangeavideo/2026/08/3/31/319edbcc-10c9-4094-f250-08def2b12219_1080p.mp4?cb=ee217f24a","video_url":"https://voa-video-ns.akamaized.net/pangeavideo/2026/08/3/31/319edbcc-10c9-4094-f250-08def2b12219_1080p.mp4?cb=ee217f24a"},{"article_body_paragraphs":[],"audio_source_url":null,"author":"Emced Kurdo","available_dubs":[],"downloadable_assets":["https://voa-video-ns.akamaized.net/pangeavideo/2026/08/d/d6/d6dd3821-a05a-41c3-f24b-08def2b12219_1080p.mp4?cb=ee217d996"],"duration_display":"2:43","duration_seconds":163.92,"embed_url":null,"id":6924,"image_caption":null,"image_url":"https://gdb.voanews.com/d6dd3821-a05a-41c3-f24b-08def2b12219_tv_mw2048_mh2048_n.jpg","is_clip":true,"item_type":"video","item_type_label":"Video","language_label":"Kurdish","media_credit":"VOA","micro_label":"Video report","micro_label_kind":"video","network_label":"VOA","network_logo_url":"/static/uploads/direct_network_logos/voa_1ef13eedbd2f.svg","published_at":"2026-08-19T17:06:30.310000","published_at_display":"19 Aug 2026, 17:06 GMT","sequence_badge_label":null,"sequence_count":null,"sequence_count_label":null,"sequence_frames":[],"sequence_kind":null,"source_name":"dengeamerika_com_direct","source_name_label":"Dengeamerika","source_type":"direct_api","summary":"Li Qami\u015flo, St\u00fbdyoya El-Zehra, yek ji kevntir\u00een st\u00fbdyoy\u00ean w\u00eaneyan e, tev\u00ee p\u00ea\u015fketina teknolojiya n\u00fbjen h\u00een j\u00ee b\u00eeran\u00een\u00ean z\u00eadetir\u00ee 40 salan dipar\u00eaze. Bi boneya Roja C\u00eehan\u00ee ya Fotografiy\u00ea de, Emced Kurdo ev raport amade kiriye.","title":"\u00c7\u00eeroka St\u00fbdyoya El-Zehra li Qami\u015flo di Roja C\u00eehan\u00ee ya Fotografiy\u00ea de","topic":"V\u00eedyo Galer\u00ee","translation_language":"","url":"https://voa-video-ns.akamaized.net/pangeavideo/2026/08/d/d6/d6dd3821-a05a-41c3-f24b-08def2b12219_1080p.mp4?cb=ee217d996","video_url":"https://voa-video-ns.akamaized.net/pangeavideo/2026/08/d/d6/d6dd3821-a05a-41c3-f24b-08def2b12219_1080p.mp4?cb=ee217d996"},{"article_body_paragraphs":[],"audio_source_url":null,"author":"Xetab Omer","available_dubs":[],"downloadable_assets":["https://voa-video-ns.akamaized.net/pangeavideo/2026/08/2/28/28750d1d-0e27-4d43-c9d1-08decaecd3b3_1080p.mp4?cb=ee217c988"],"duration_display":"3:06","duration_seconds":186.96,"embed_url":null,"id":6881,"image_caption":null,"image_url":"https://gdb.voanews.com/28750d1d-0e27-4d43-c9d1-08decaecd3b3_tv_mw2048_mh2048_n.jpg","is_clip":true,"item_type":"video","item_type_label":"Video","language_label":"Kurdish","media_credit":"VOA","micro_label":"Video report","micro_label_kind":"video","network_label":"VOA","network_logo_url":"/static/uploads/direct_network_logos/voa_1ef13eedbd2f.svg","published_at":"2026-08-19T15:58:00.680000","published_at_display":"19 Aug 2026, 15:58 GMT","sequence_badge_label":null,"sequence_count":null,"sequence_count_label":null,"sequence_frames":[],"sequence_kind":null,"source_name":"dengeamerika_com_direct","source_name_label":"Dengeamerika","source_type":"direct_api","summary":"Li s\u00eenor\u00ea devera par\u00eazgeha Duhok \u00fb \u00cedareya Serbixwe ya Zaxo 341 gund ji ber pev\u00e7\u00fbn\u00ean ber\u00ea y\u00ean di navbera PKK\u00ea \u00fb Tirk\u00eey\u00ea de hatb\u00fbn valakirin. Niha ber\u00ea gund\u00eeyan li serkeftina p\u00eavajoya a\u015ftiy\u00ea ye da ku vegerin ser mal \u00fb war\u00ean xwe. Xetab Omer ji gund\u00ea \u015eerani\u015f y\u00ea \u00e7olkir\u00ee \u00fb ev raporte.","title":"Proseya A\u015ftiy\u00ea li Tirk\u00eey\u00ea d\u00ea Bibe Sedem ku R\u00fbni\u015ftvan\u00ean 341 Gund\u00ean S\u00eenor\u00ee Vegerin Mal\u00ean Xwe?","topic":"V\u00eedyo Galer\u00ee","translation_language":"","url":"https://voa-video-ns.akamaized.net/pangeavideo/2026/08/2/28/28750d1d-0e27-4d43-c9d1-08decaecd3b3_1080p.mp4?cb=ee217c988","video_url":"https://voa-video-ns.akamaized.net/pangeavideo/2026/08/2/28/28750d1d-0e27-4d43-c9d1-08decaecd3b3_1080p.mp4?cb=ee217c988"},{"article_body_paragraphs":[],"audio_source_url":null,"author":"Huner Ehmed","available_dubs":[],"downloadable_assets":["https://voa-video-ns.akamaized.net/pangeavideo/2026/08/7/79/797187a3-29db-42a8-819b-08decae8682a_1080p.mp4?cb=ee217ba3f"],"duration_display":"2:34","duration_seconds":154.04,"embed_url":null,"id":6844,"image_caption":null,"image_url":"https://gdb.voanews.com/797187a3-29db-42a8-819b-08decae8682a_tv_mw2048_mh2048_n.jpg","is_clip":true,"item_type":"video","item_type_label":"Video","language_label":"Kurdish","media_credit":"VOA","micro_label":"Video report","micro_label_kind":"video","network_label":"VOA","network_logo_url":"/static/uploads/direct_network_logos/voa_1ef13eedbd2f.svg","published_at":"2026-08-19T14:52:47.560000","published_at_display":"19 Aug 2026, 14:52 GMT","sequence_badge_label":null,"sequence_count":null,"sequence_count_label":null,"sequence_frames":[],"sequence_kind":null,"source_name":"dengeamerika_com_direct","source_name_label":"Dengeamerika","source_type":"direct_api","summary":"Bask\u00ea siyas\u00ee y\u00ea \u00ceran\u00ea, bi r\u00eaya Wez\u00eer\u00ea Derve Ebas Eraq\u00e7\u00ee, \u00ear\u00ee\u015f\u00ea red kir, l\u00ea Pasdar\u00ean \u00ceran\u00ea li ser v\u00ea mijar\u00ea b\u00eadeng man. \u00c7avkaniyek hik\u00fbmet\u00ea j\u00ee ji VOA re got ku guman tune ye \u00ear\u00ee\u015f ji h\u00eala \u00ceran\u00ea ve hatiye kirin. Serokwez\u00eer\u00ea Iraq\u00ea \u00ear\u00ee\u015f \u015fermezar kir.","title":"Reaksyon li Ser \u00car\u00ee\u015fa Dron\u00ee ya ser Of\u00eesa Serokwez\u00eer\u00ea Her\u00eama Kurdistan\u00ea","topic":"V\u00eedyo Galer\u00ee","translation_language":"","url":"https://voa-video-ns.akamaized.net/pangeavideo/2026/08/7/79/797187a3-29db-42a8-819b-08decae8682a_1080p.mp4?cb=ee217ba3f","video_url":"https://voa-video-ns.akamaized.net/pangeavideo/2026/08/7/79/797187a3-29db-42a8-819b-08decae8682a_1080p.mp4?cb=ee217ba3f"},{"article_body_paragraphs":[],"audio_source_url":null,"author":"D\u00eeyar Cemal","available_dubs":[],"downloadable_assets":["https://voa-video-ns.akamaized.net/pangeavideo/2026/08/f/f6/f67d4100-a236-4da2-819a-08decae8682a_1080p.mp4?cb=ee217b52a"],"duration_display":"3:14","duration_seconds":194.0,"embed_url":null,"id":6809,"image_caption":null,"image_url":"https://gdb.voanews.com/f67d4100-a236-4da2-819a-08decae8682a_tv_mw2048_mh2048_n.jpg","is_clip":true,"item_type":"video","item_type_label":"Video","language_label":"Kurdish","media_credit":"VOA","micro_label":"Video report","micro_label_kind":"video","network_label":"VOA","network_logo_url":"/static/uploads/direct_network_logos/voa_1ef13eedbd2f.svg","published_at":"2026-08-19T14:30:55.877000","published_at_display":"19 Aug 2026, 14:30 GMT","sequence_badge_label":null,"sequence_count":null,"sequence_count_label":null,"sequence_frames":[],"sequence_kind":null,"source_name":"dengeamerika_com_direct","source_name_label":"Dengeamerika","source_type":"direct_api","summary":"Li navenda tax\u00ea Eynkawe y\u00ea li Hewl\u00ear fest\u00eevalek tir\u00ee hate lidarxistin ku t\u00ea de 52 c\u00fbrey\u00ean c\u00fbda y\u00ean tir\u00ee hatin p\u00ea\u015fandan. Raporta Diyar Cemal qala serbora serkeft\u00ee ya cotkar\u00ean kr\u00eest\u00eeyan dike.","title":"Berhem\u00ea Tir\u00ee y\u00ea Cotkar\u00ean Kr\u00eest\u00eeyan li Hewl\u00ear Berhem\u00ea Her\u00ee Ba\u015f e","topic":"V\u00eedyo Galer\u00ee","translation_language":"","url":"https://voa-video-ns.akamaized.net/pangeavideo/2026/08/f/f6/f67d4100-a236-4da2-819a-08decae8682a_1080p.mp4?cb=ee217b52a","video_url":"https://voa-video-ns.akamaized.net/pangeavideo/2026/08/f/f6/f67d4100-a236-4da2-819a-08decae8682a_1080p.mp4?cb=ee217b52a"},{"article_body_paragraphs":[],"audio_source_url":null,"author":null,"available_dubs":[],"downloadable_assets":["https://voa-video-ns.akamaized.net/pangeavideo/2026/08/4/40/4063ece7-d8fc-41be-47b4-08decadaa577_1080p.mp4?cb=ee216b61e"],"duration_display":"8:02","duration_seconds":482.82,"embed_url":null,"id":6597,"image_caption":null,"image_url":"https://gdb.voanews.com/4063ece7-d8fc-41be-47b4-08decadaa577_tv_mw2048_mh2048_n.jpg","is_clip":false,"item_type":"video","item_type_label":"Video","language_label":"Kurdish","media_credit":"VOA","micro_label":"Video report","micro_label_kind":"video","network_label":"VOA","network_logo_url":"/static/uploads/direct_network_logos/voa_1ef13eedbd2f.svg","published_at":"2026-08-18T20:19:32.330000","published_at_display":"18 Aug 2026, 20:19 GMT","sequence_badge_label":null,"sequence_count":null,"sequence_count_label":null,"sequence_frames":[],"sequence_kind":null,"source_name":"dengeamerika_com_direct","source_name_label":"Dengeamerika","source_type":"direct_api","summary":"Serokomar\u00ea Tirk\u00eey\u00ea qala a\u015ftiya li Tirk\u00eey\u00ea kirb\u00fb \u00fb got ku Kurd\u00ean S\u00fbr\u00eey\u00ea d\u00ea para xwe ji a\u015ft\u00eeya li Tirk\u00eey\u00ea bigirin. Niv\u00eeskar \u015eivan \u00cebrah\u00eem ser mijar\u00ea diaxive.","title":"Bandora Proseya A\u015ft\u00eeya li Tirk\u00eey\u00ea li Kurd\u00ean S\u00fbr\u00eey\u00ea","topic":"V\u00eedyo Galer\u00ee","translation_language":"","url":"https://voa-video-ns.akamaized.net/pangeavideo/2026/08/4/40/4063ece7-d8fc-41be-47b4-08decadaa577_1080p.mp4?cb=ee216b61e","video_url":"https://voa-video-ns.akamaized.net/pangeavideo/2026/08/4/40/4063ece7-d8fc-41be-47b4-08decadaa577_1080p.mp4?cb=ee216b61e"},{"article_body_paragraphs":[],"audio_source_url":null,"author":"Huner Ehmed","available_dubs":[],"downloadable_assets":["https://voa-video-ns.akamaized.net/pangeavideo/2026/08/d/df/dffb7936-1575-4207-a20b-08def2b10d93_1080p.mp4?cb=ee216b3b6"],"duration_display":"4:33","duration_seconds":273.51,"embed_url":null,"id":6598,"image_caption":null,"image_url":"https://gdb.voanews.com/dffb7936-1575-4207-a20b-08def2b10d93_tv_mw2048_mh2048_n.jpg","is_clip":true,"item_type":"video","item_type_label":"Video","language_label":"Kurdish","media_credit":"VOA","micro_label":"Video report","micro_label_kind":"video","network_label":"VOA","network_logo_url":"/static/uploads/direct_network_logos/voa_1ef13eedbd2f.svg","published_at":"2026-08-18T20:12:38.673000","published_at_display":"18 Aug 2026, 20:12 GMT","sequence_badge_label":null,"sequence_count":null,"sequence_count_label":null,"sequence_frames":[],"sequence_kind":null,"source_name":"dengeamerika_com_direct","source_name_label":"Dengeamerika","source_type":"direct_api","summary":"Gr\u00fbp\u00ean \u00e7ekdar li \u00ceraq\u00ea dib\u00eajin, merc\u00ean wan hene bo radestkirina \u00e7ekdan, di nav de div\u00ea hem\u00ee le\u015fker\u00ean biyan\u00ee bi \u015f\u00eawrmend \u00fb \u00c7avd\u00ear ve derkevin \u00fb hin ji wan dib\u00eajin div\u00ea P\u00ea\u015fmerge j\u00ee \u00e7ek\u00ean xwe radest\u00ee dewlet\u00ea bike. Huner Ehmed ji Hewl\u00ear zanyar\u00eeyan dide.","title":"Merc\u00ean Gr\u00fbp\u00ean \u00c7ekdar bo Radestkirina \u00c7ekan li \u00ceraq\u00ea","topic":"V\u00eedyo Galer\u00ee","translation_language":"","url":"https://voa-video-ns.akamaized.net/pangeavideo/2026/08/d/df/dffb7936-1575-4207-a20b-08def2b10d93_1080p.mp4?cb=ee216b3b6","video_url":"https://voa-video-ns.akamaized.net/pangeavideo/2026/08/d/df/dffb7936-1575-4207-a20b-08def2b10d93_1080p.mp4?cb=ee216b3b6"},{"article_body_paragraphs":[],"audio_source_url":null,"author":null,"available_dubs":[],"downloadable_assets":["https://voa-video-ns.akamaized.net/pangeavideo/2026/08/0/01/01728d1e-42b1-496f-7ec8-08def2ed48ad_1080p.mp4?cb=ee216b146"],"duration_display":"7:08","duration_seconds":428.37,"embed_url":null,"id":6599,"image_caption":null,"image_url":"https://gdb.voanews.com/01728d1e-42b1-496f-7ec8-08def2ed48ad_tv_mw2048_mh2048_n.jpg","is_clip":false,"item_type":"video","item_type_label":"Video","language_label":"Kurdish","media_credit":"VOA","micro_label":"Video report","micro_label_kind":"video","network_label":"VOA","network_logo_url":"/static/uploads/direct_network_logos/voa_1ef13eedbd2f.svg","published_at":"2026-08-18T20:02:14.263000","published_at_display":"18 Aug 2026, 20:02 GMT","sequence_badge_label":null,"sequence_count":null,"sequence_count_label":null,"sequence_frames":[],"sequence_kind":null,"source_name":"dengeamerika_com_direct","source_name_label":"Dengeamerika","source_type":"direct_api","summary":"PDK li Washington DC sem\u00eenerek li ser p\u00ea\u015feroja \u00ceran\u00ea, rola Kurdan di p\u00eavajoya veguheztina demokrat\u00eek de, maf\u00ean gel\u00ean \u00ceran\u00ea \u00fb rola siyaseta Amer\u00eekay\u00ea encam da. Hejar Birinc\u00ee, N\u00fbner\u00ea PDKI li Washington qala \u00e7alak\u00eey\u00ea dike.","title":"Rola Kurdan di Siberjoa Siyas\u00ee ya \u00ceran\u00ea de","topic":"V\u00eedyo Galer\u00ee","translation_language":"","url":"https://voa-video-ns.akamaized.net/pangeavideo/2026/08/0/01/01728d1e-42b1-496f-7ec8-08def2ed48ad_1080p.mp4?cb=ee216b146","video_url":"https://voa-video-ns.akamaized.net/pangeavideo/2026/08/0/01/01728d1e-42b1-496f-7ec8-08def2ed48ad_1080p.mp4?cb=ee216b146"},{"article_body_paragraphs":[],"audio_source_url":null,"author":"Eyy\u00fbp Dem\u00eer","available_dubs":[],"downloadable_assets":["https://voa-video-ns.akamaized.net/pangeavideo/2026/08/6/65/65b18d22-9841-48a4-7ec7-08def2ed48ad_1080p.mp4?cb=ee216ae2c"],"duration_display":"3:26","duration_seconds":206.84,"embed_url":null,"id":6590,"image_caption":null,"image_url":"https://gdb.voanews.com/65b18d22-9841-48a4-7ec7-08def2ed48ad_tv_mw2048_mh2048_n.jpg","is_clip":true,"item_type":"video","item_type_label":"Video","language_label":"Kurdish","media_credit":"VOA","micro_label":"Video report","micro_label_kind":"video","network_label":"VOA","network_logo_url":"/static/uploads/direct_network_logos/voa_1ef13eedbd2f.svg","published_at":"2026-08-18T19:49:00.063000","published_at_display":"18 Aug 2026, 19:49 GMT","sequence_badge_label":null,"sequence_count":null,"sequence_count_label":null,"sequence_frames":[],"sequence_kind":null,"source_name":"dengeamerika_com_direct","source_name_label":"Dengeamerika","source_type":"direct_api","summary":"Pi\u015ft\u00ee ku qan\u00fbna \u00e7ar\u00e7ovey\u00ee ku ev demeke di rojeva Tirk\u00eey\u00ea de ye di rojnameya ferm\u00ee ya dewlet\u00ea de hat we\u015fandin, niha \u00e7av li ser p\u00eakan\u00eena w\u00ea qan\u00fbn\u00ea ye. Eyy\u00fbp Dem\u00eer ji Stenbol\u00ea agah\u00eey\u00ean z\u00eadetir dide.","title":"Ragihandina Qan\u00fbna \u00c7ar\u00e7ovey\u00ee di Ronameya Ferm\u00ee ya Tirk\u00eey\u00ea de Hat We\u015fandin","topic":"V\u00eedyo Galer\u00ee","translation_language":"","url":"https://voa-video-ns.akamaized.net/pangeavideo/2026/08/6/65/65b18d22-9841-48a4-7ec7-08def2ed48ad_1080p.mp4?cb=ee216ae2c","video_url":"https://voa-video-ns.akamaized.net/pangeavideo/2026/08/6/65/65b18d22-9841-48a4-7ec7-08def2ed48ad_1080p.mp4?cb=ee216ae2c"},{"article_body_paragraphs":[],"audio_source_url":null,"author":"\u00cevan Hes\u00eeb","available_dubs":[],"downloadable_assets":["https://voa-video-ns.akamaized.net/pangeavideo/2026/08/4/42/42d360a2-e2a2-46fb-7ec6-08def2ed48ad_1080p.mp4?cb=ee216a2fd"],"duration_display":"4:09","duration_seconds":249.62,"embed_url":null,"id":6571,"image_caption":null,"image_url":"https://gdb.voanews.com/42d360a2-e2a2-46fb-7ec6-08def2ed48ad_tv_mw2048_mh2048_n.jpg","is_clip":true,"item_type":"video","item_type_label":"Video","language_label":"Kurdish","media_credit":"VOA","micro_label":"Video report","micro_label_kind":"video","network_label":"VOA","network_logo_url":"/static/uploads/direct_network_logos/voa_1ef13eedbd2f.svg","published_at":"2026-08-18T19:01:17.633000","published_at_display":"18 Aug 2026, 19:01 GMT","sequence_badge_label":null,"sequence_count":null,"sequence_count_label":null,"sequence_frames":[],"sequence_kind":null,"source_name":"dengeamerika_com_direct","source_name_label":"Dengeamerika","source_type":"direct_api","summary":"Qami\u015flo yek ji wan bajar\u00ean Kurdan e ku di nava kolan\u00ean xwe de d\u00eeroka bihevre jiyan\u00ea ya p\u00eakhatey\u00ean cuda tomar kiriye. Niv\u00eeskar Faris Osman di 100 sal\u00eeya baj\u00ear\u00ea Qami\u015flo de, qala d\u00eeroka avakirin \u00fb rew\u015fa jiyana xelk\u00ea baj\u00ear dike.","title":"Niv\u00eeskar \u00fb D\u00eerokanas Faris Osman di 100 Sal\u00eeya Qami\u015flo de Qala D\u00eeroka Baj\u00ear Dike","topic":"V\u00eedyo Galer\u00ee","translation_language":"","url":"https://voa-video-ns.akamaized.net/pangeavideo/2026/08/4/42/42d360a2-e2a2-46fb-7ec6-08def2ed48ad_1080p.mp4?cb=ee216a2fd","video_url":"https://voa-video-ns.akamaized.net/pangeavideo/2026/08/4/42/42d360a2-e2a2-46fb-7ec6-08def2ed48ad_1080p.mp4?cb=ee216a2fd"},{"article_body_paragraphs":[],"audio_source_url":null,"author":null,"available_dubs":[],"downloadable_assets":["https://voa-video-ns.akamaized.net/pangeavideo/2026/08/6/6b/6b96a2b1-a9a3-44a2-c9c4-08decaecd3b3_1080p.mp4?cb=ee216a052"],"duration_display":"2:23","duration_seconds":143.51,"embed_url":null,"id":6566,"image_caption":null,"image_url":"https://gdb.voanews.com/6b96a2b1-a9a3-44a2-c9c4-08decaecd3b3_tv_mw2048_mh2048_n.jpg","is_clip":true,"item_type":"video","item_type_label":"Video","language_label":"Kurdish","media_credit":"VOA","micro_label":"Video report","micro_label_kind":"video","network_label":"VOA","network_logo_url":"/static/uploads/direct_network_logos/voa_1ef13eedbd2f.svg","published_at":"2026-08-18T18:49:54.343000","published_at_display":"18 Aug 2026, 18:49 GMT","sequence_badge_label":null,"sequence_count":null,"sequence_count_label":null,"sequence_frames":[],"sequence_kind":null,"source_name":"dengeamerika_com_direct","source_name_label":"Dengeamerika","source_type":"direct_api","summary":"Raporteke Wall Street Journal dib\u00eaje ku pi\u015ft\u00ee 60 rojan ji \u00eemzekirina peymana lihevt\u00eagih\u00ee\u015ftin\u00ea di navbera Amer\u00eeka \u00fb \u00ceran\u00ea de, girj\u00ee z\u00eade dibin \u00fb bawer\u00eeya r\u00eaveberiya Amer\u00eekay\u00ea bi \u00ceran\u00ea re k\u00eam dibe.","title":"60 Roj\u00eeya \u00cemzekirina Peymana Lihevt\u00eagih\u00ee\u015ftin\u00ea ya di Navbera Amer\u00eeka \u00fb \u00ceran\u00ea de","topic":"V\u00eedyo Galer\u00ee","translation_language":"","url":"https://voa-video-ns.akamaized.net/pangeavideo/2026/08/6/6b/6b96a2b1-a9a3-44a2-c9c4-08decaecd3b3_1080p.mp4?cb=ee216a052","video_url":"https://voa-video-ns.akamaized.net/pangeavideo/2026/08/6/6b/6b96a2b1-a9a3-44a2-c9c4-08decaecd3b3_1080p.mp4?cb=ee216a052"}],"next_num":8,"page":7,"pages":15,"per_page":20,"prev_num":6,"total":298}
