{"applied_filters":{"end_date":"","lang":"","language":"","network":"","page":8,"per_page":20,"search":"","source":"","start_date":"","topic":"V\u00eedyo Galer\u00ee","type":""},"available_filters":{"language_choices":[{"label":"Choose Language","value":""},{"label":"English","value":"English"},{"label":"Espa\u00f1ol","value":"Espa\u00f1ol"},{"label":"Kurdish","value":"Kurdish"}],"network_choices":[{"label":"All networks","value":""},{"label":"VOA","value":"VOA"}],"source_choices":[{"label":"All sources","value":""},{"label":"Dengeamerika","value":"dengeamerika_com_direct"}],"sources":["dengeamerika_com_direct"],"topics":["250em\u00een Salvegera Serxweb\u00fbna Amer\u00eekay\u00ea","250\u0647\u06d5\u0645\u06cc\u0646 \u0633\u0627\u06b5\u06cc\u0627\u062f\u06cc \u0633\u06d5\u0631\u0628\u06d5\u062e\u06c6\u06cc\u06cc \u0626\u06d5\u0645\u06d5\u0631\u06cc\u06a9\u0627","8 \u10e4\u10dd\u10e2\u10dd \u10d0\u10e0\u10e5\u10d8\u10d5\u10d8\u10d3\u10d0\u10dc","Abriendo Espacios","Afghanistan","Agenda hemisf\u00e9rica","Amer\u00eeka","Am\u00e9rica Latina, VENEZUELA, Maiquetia","Asuntos de Estado","Audiovisuales Mart\u00ed","Audiovisuales Mart\u00ed, Cuba turismo, crisis del turismo en Cuba","Audiovisuales Mart\u00ed, VENEZUELA, apagones","Barrio Adentro","Bernameya Televizyon\u00ee ya Rojane","Bernamey\u00ean radyoy\u00ea y\u00ean rojane","B\u00ecnh lu\u1eadn","Caf\u00e9 Digital","China","Como Come Cuba, cuba, Como Come Cuba","Cuba Habla","Cuba Habla, Cuba","Cuba al D\u00eda","Cuba al D\u00eda, Cuba","Cuba en la Memoria","C\u00eehan","De cara al sol","Derechos Humanos, cuba, exilio, c\u00e1ncer, Ram\u00f3n Sa\u00fal S\u00e1nchez","El futuro es ya","Especiales, Exilio cubano, Freedom tower, \"Libertad\", Torre de la Libertad de Miami, Exilio cubano en Miami","Especiales, jos\u00e9 mart\u00ed, Exilio cubano","Esperando un techo, cuba, crisis, vivienda, derrumbes, techo, paredes, EsperandounTecho","Foro abierto","Hablando claro","Human Rights","Info Mart\u00ed","Info Mart\u00ed , Brigada 2506","Info Mart\u00ed , Cuba","Info Mart\u00ed , Estados Unidos, Colombia","Info Mart\u00ed , Estados Unidos, VENEZUELA","Info Mart\u00ed , estados unidos, Venezuela","Info Mart\u00ed , presos politicos, torturas, VENEZUELA","Iran","Iz RSE sveta","Izme\u0111u redova","Kentu-Cubano, cuba, cubanos, Kentucky, migrantes, KentoCubano","Korea","La libertad es una librer\u00eda","Laos","Las Noticias Como Son, Cuba","Las noticias como son","Lawton Libre","Liberaci\u00f3n","Mart\u00ed Noticias A.M.","Mozaik \u017eivota","Multimedija","Myanmar","Nicaragua al d\u00eda","Noticiero Mart\u00ed Noticias","Noticiero Mart\u00ed Noticias, Cuba","N\u00fb\u00e7ey\u00ean C\u00eehan\u00ea 1","N\u00fb\u00e7ey\u00ean C\u00eehan\u00ea 2","Pacific","Pe Agend\u0103","Pe Agend\u0103 cu Cristina Popu\u0219oi","Perspektiva","Programas de Radio Nuestra Am\u00e9rica","Radio Mart\u00ed","Radyo","Ser Madre en cuba, cuba, hambre, r\u00e9gimen, madre, negligencia, Testimonios, Crisis Econ\u00f3mica, madre cubana, Crisis Alimentaria","Ser viejo en Cuba, cuba, cubanos, crisis, alimentos, ancianos, viejos, vejez","South China Sea","Srbija","Taller de prensa","Th\u1eddi S\u1ef1","Tibet","Trong n\u01b0\u1edbc","Ukraine","Uvid","Uyghur","VOA \ud55c\uad6d\uc5b4 \ubcf4\uc774\ub294 \ub77c\ub514\uc624","VOA\u4eca\u65e5\u7126\u70b9","Video","Videos","V\u00eedyo Galer\u00ee","Zaviri ispod povr\u0161ine","adri%C3%A1n del sol mi padre est%C3%A1 muy d%C3%A9bil","atienden a mas de 50 personas en santiago de cuba por presunta intoxicacion alimentaria","auge en contagios de dengue en cuba","aumenta a 379 la cifra de desaparecidos por terremoto en colombia hay 285 fallecidos","banco mundial desembolsa millonaria ayuda para afectados por terremoto en colombia","casi 300 fallecidos almenos 4 000 heridos y 140 desaparecidos a 7 dias del terremoto en colombia","cifra de muertos por el terremoto en colombia supera las 200 personas seg%C3%BAn reporte","colombia declara estado de emergencia durante 30 dias por grave calamidad","colombia ingresa formalmente al escudo de las am%C3%A9ricas liderado por washington","convocan marcha pac%C3%ADfica por la libertad de todos los presos pol%C3%ADticos en venezuela","crece reclutamiento de ni%C3%B1os y ni%C3%B1as en colombia por parte de grupos ilegales seg%C3%BAn hrw","creo que el presidente trump ir%C3%A1 a la habana antes de que termine su mandato","eeuu cierra acuerdo petrolero que le dar%C3%A1 importante control de reservas venezolanas","eeuu ecuador y colombia se reunen para acordar lucha contra mafias del narcotr%C3%A1fico","eeuu sostiene operaciones militares junto a ecuador cerca de la frontera con colombia"],"types":[["","All types"],["video","Videos"],["clips","Clips"],["media","Media"]]},"has_next":true,"has_prev":true,"items":[{"article_body_paragraphs":[],"audio_source_url":null,"author":null,"available_dubs":[],"downloadable_assets":["https://voa-video-ns.akamaized.net/pangeavideo/2026/08/9/95/956e097e-73ca-46d6-a20a-08def2b10d93_1080p.mp4?cb=ee216c703"],"duration_display":"1:36","duration_seconds":96.64,"embed_url":null,"id":6547,"image_caption":null,"image_url":"https://gdb.voanews.com/956e097e-73ca-46d6-a20a-08def2b10d93_tv_mw2048_mh2048_n.jpg","is_clip":true,"item_type":"video","item_type_label":"Video","language_label":"Kurdish","media_credit":"VOA","micro_label":"Video report","micro_label_kind":"video","network_label":"VOA","network_logo_url":"/static/uploads/direct_network_logos/voa_1ef13eedbd2f.svg","published_at":"2026-08-18T18:43:39.323000","published_at_display":"18 Aug 2026, 18:43 GMT","sequence_badge_label":null,"sequence_count":null,"sequence_count_label":null,"sequence_frames":[],"sequence_kind":null,"source_name":"dengeamerika_com_direct","source_name_label":"Dengeamerika","source_type":"direct_api","summary":"N\u00fbner\u00ea Taybet \u00ea Serok\u00ea Amer\u00eekay\u00ea Jared Kushner dib\u00eaje ku bala Serok Trump niha li ser zexta abor\u00ee ya li ser \u00ceran\u00ea \u00fb dorp\u00ea\u00e7a deryay\u00ee li Tengava Hurmuz\u00ea ye. \u00db serok her tim israr kiriye ku div\u00ea \u00ceran nebe xwed\u00ee \u00e7ek\u00ean navok\u00ee.","title":"Kushner N\u00fbner\u00ea Trump Ser Dan\u00fbstandin\u00eann Amer\u00eeka \u00fb \u00ceran\u00ea Axiv\u00ee","topic":"V\u00eedyo Galer\u00ee","translation_language":"","url":"https://voa-video-ns.akamaized.net/pangeavideo/2026/08/9/95/956e097e-73ca-46d6-a20a-08def2b10d93_1080p.mp4?cb=ee216c703","video_url":"https://voa-video-ns.akamaized.net/pangeavideo/2026/08/9/95/956e097e-73ca-46d6-a20a-08def2b10d93_1080p.mp4?cb=ee216c703"},{"article_body_paragraphs":[],"audio_source_url":null,"author":"D\u00eeyar Cemal","available_dubs":[],"downloadable_assets":["https://voa-video-ns.akamaized.net/pangeavideo/2026/08/9/94/94873ca2-18a5-4a02-8184-08decae8682a_1080p.mp4?cb=ee2169bd9"],"duration_display":"2:13","duration_seconds":133.18,"embed_url":null,"id":6548,"image_caption":null,"image_url":"https://gdb.voanews.com/94873ca2-18a5-4a02-8184-08decae8682a_tv_mw2048_mh2048_n.jpg","is_clip":true,"item_type":"video","item_type_label":"Video","language_label":"Kurdish","media_credit":"VOA","micro_label":"Video report","micro_label_kind":"video","network_label":"VOA","network_logo_url":"/static/uploads/direct_network_logos/voa_1ef13eedbd2f.svg","published_at":"2026-08-18T18:30:49.337000","published_at_display":"18 Aug 2026, 18:30 GMT","sequence_badge_label":null,"sequence_count":null,"sequence_count_label":null,"sequence_frames":[],"sequence_kind":null,"source_name":"dengeamerika_com_direct","source_name_label":"Dengeamerika","source_type":"direct_api","summary":"Fest\u00eevala De\u015fta Hewl\u00ear\u00ea bi amadeb\u00fbna hejmareke mezin ji gund\u00ee \u00fb welatiy\u00ean baj\u00ear hate lidarxistin. Di fest\u00eeval\u00ea de gelek \u00e7alak\u00eey\u00ean kevne\u015fop\u00ee y\u00ean weke hespsiwar\u00ee, Xwarin\u00ean Kurd\u00ee \u00fb kar\u00ean dest\u00ee y\u00ean jinan hatin p\u00ea\u015fke\u015fkirin.","title":"Fest\u00eevala De\u015fta Hewl\u00ear\u00ea ya \u00c7and \u00fb Huner\u00ea","topic":"V\u00eedyo Galer\u00ee","translation_language":"","url":"https://voa-video-ns.akamaized.net/pangeavideo/2026/08/9/94/94873ca2-18a5-4a02-8184-08decae8682a_1080p.mp4?cb=ee2169bd9","video_url":"https://voa-video-ns.akamaized.net/pangeavideo/2026/08/9/94/94873ca2-18a5-4a02-8184-08decae8682a_1080p.mp4?cb=ee2169bd9"},{"article_body_paragraphs":[],"audio_source_url":null,"author":"Ridwan B\u00eazar","available_dubs":[],"downloadable_assets":["https://voa-video-ns.akamaized.net/pangeavideo/2026/08/9/92/92c45ee9-b862-460b-479d-08decadaa577_1080p.mp4?cb=ee21691ad"],"duration_display":"2:43","duration_seconds":163.21,"embed_url":null,"id":6541,"image_caption":null,"image_url":"https://gdb.voanews.com/92c45ee9-b862-460b-479d-08decadaa577_tv_mw2048_mh2048_n.jpg","is_clip":true,"item_type":"video","item_type_label":"Video","language_label":"Kurdish","media_credit":"VOA","micro_label":"Video report","micro_label_kind":"video","network_label":"VOA","network_logo_url":"/static/uploads/direct_network_logos/voa_1ef13eedbd2f.svg","published_at":"2026-08-18T17:46:53.380000","published_at_display":"18 Aug 2026, 17:46 GMT","sequence_badge_label":null,"sequence_count":null,"sequence_count_label":null,"sequence_frames":[],"sequence_kind":null,"source_name":"dengeamerika_com_direct","source_name_label":"Dengeamerika","source_type":"direct_api","summary":"Bajar\u00ea Koban\u00ee di war\u00ea xizmetguzariy\u00ea de bi pirsgir\u00eak\u00ean mezin \u00fb k\u00eamasiy\u00ean giran re r\u00fb bi r\u00fb ye. \u015earedariya baj\u00ear j\u00ee dib\u00eaje ku derfet\u00ean p\u00eaw\u00eest n\u00eenin. Di Raporta Ridwan B\u00eazar de, zanyar\u00eey\u00ean b\u00eahtir hene.","title":"Bajar\u00ea Koban\u00ee Rast\u00ee Kr\u00eeza Xizmetguzariyan Hatiye","topic":"V\u00eedyo Galer\u00ee","translation_language":"","url":"https://voa-video-ns.akamaized.net/pangeavideo/2026/08/9/92/92c45ee9-b862-460b-479d-08decadaa577_1080p.mp4?cb=ee21691ad","video_url":"https://voa-video-ns.akamaized.net/pangeavideo/2026/08/9/92/92c45ee9-b862-460b-479d-08decadaa577_1080p.mp4?cb=ee21691ad"},{"article_body_paragraphs":[],"audio_source_url":null,"author":"Emced Kurdo","available_dubs":[],"downloadable_assets":["https://voa-video-ns.akamaized.net/pangeavideo/2026/08/1/11/11651b3f-de6d-44b1-8183-08decae8682a_1080p.mp4?cb=ee2167a0c"],"duration_display":"2:54","duration_seconds":174.29,"embed_url":null,"id":6488,"image_caption":null,"image_url":"https://gdb.voanews.com/11651b3f-de6d-44b1-8183-08decae8682a_tv_mw2048_mh2048_n.jpg","is_clip":true,"item_type":"video","item_type_label":"Video","language_label":"Kurdish","media_credit":"VOA","micro_label":"Video report","micro_label_kind":"video","network_label":"VOA","network_logo_url":"/static/uploads/direct_network_logos/voa_1ef13eedbd2f.svg","published_at":"2026-08-18T16:06:36.430000","published_at_display":"18 Aug 2026, 16:06 GMT","sequence_badge_label":null,"sequence_count":null,"sequence_count_label":null,"sequence_frames":[],"sequence_kind":null,"source_name":"dengeamerika_com_direct","source_name_label":"Dengeamerika","source_type":"direct_api","summary":"Bi boneya 100 saliya damezrandina Qami\u015flo, 15 hunermend\u00ean w\u00eanesaz be\u015fdar\u00ee komxebateke vekir\u00ee dibin da ku hezkirina xwe ji bo v\u00ee bajar\u00ee bi reng \u00fb tabloy\u00ean bijarde derbibirin.","title":"Li B\u00eeran\u00eena 100 Sal\u00eeya Qami\u015flo, 15 W\u00eanesaz Be\u015fdar\u00ee Komxebateke Huner\u00ee ya Vekir\u00ee Dibin","topic":"V\u00eedyo Galer\u00ee","translation_language":"","url":"https://voa-video-ns.akamaized.net/pangeavideo/2026/08/1/11/11651b3f-de6d-44b1-8183-08decae8682a_1080p.mp4?cb=ee2167a0c","video_url":"https://voa-video-ns.akamaized.net/pangeavideo/2026/08/1/11/11651b3f-de6d-44b1-8183-08decae8682a_1080p.mp4?cb=ee2167a0c"},{"article_body_paragraphs":[],"audio_source_url":null,"author":null,"available_dubs":[],"downloadable_assets":["https://voa-video-ns.akamaized.net/pangeavideo/2026/08/c/c0/c0455f3a-9ba7-46f3-4794-08decadaa577_1080p.mp4?cb=ee2163618"],"duration_display":"7:33","duration_seconds":453.63,"embed_url":null,"id":6216,"image_caption":null,"image_url":"https://gdb.voanews.com/c0455f3a-9ba7-46f3-4794-08decadaa577_tv_mw2048_mh2048_n.jpg","is_clip":false,"item_type":"video","item_type_label":"Video","language_label":"Kurdish","media_credit":"VOA","micro_label":"Video report","micro_label_kind":"video","network_label":"VOA","network_logo_url":"/static/uploads/direct_network_logos/voa_1ef13eedbd2f.svg","published_at":"2026-08-17T20:30:52.947000","published_at_display":"17 Aug 2026, 20:30 GMT","sequence_badge_label":null,"sequence_count":null,"sequence_count_label":null,"sequence_frames":[],"sequence_kind":null,"source_name":"dengeamerika_com_direct","source_name_label":"Dengeamerika","source_type":"direct_api","summary":"\u00ceran fi\u015far\u00ean xwe li ser Her\u00eama Kurdistan\u00ea bi \u00ear\u00ee\u015f\u00ean m\u00fb\u015fek \u00fb dronan z\u00eade dike \u00fb li ser \u00ceraq\u00ea bi gi\u015ft\u00ee zext\u00ean siyas\u00ee bikar t\u00eene. \u015earezay\u00ea Siyas\u00ee Helmet Palan\u00ee girjiy\u00ean li her\u00eam\u00ea \u00fb zext\u00ean \u00ceran\u00ea li ser her\u00eam\u00ea \u015firove dike.","title":"Nirxandin Derbar\u00ea Fi\u015far\u00ean \u00ceran\u00ea li ser Her\u00eama Kurdistan\u00ea \u00fb \u00ceraq\u00ea","topic":"V\u00eedyo Galer\u00ee","translation_language":"","url":"https://voa-video-ns.akamaized.net/pangeavideo/2026/08/c/c0/c0455f3a-9ba7-46f3-4794-08decadaa577_1080p.mp4?cb=ee2163618","video_url":"https://voa-video-ns.akamaized.net/pangeavideo/2026/08/c/c0/c0455f3a-9ba7-46f3-4794-08decadaa577_1080p.mp4?cb=ee2163618"},{"article_body_paragraphs":[],"audio_source_url":null,"author":"D\u00eeyar Cemal","available_dubs":[],"downloadable_assets":["https://voa-video-ns.akamaized.net/pangeavideo/2026/08/c/c2/c27ee565-b66e-4014-8175-08decae8682a_1080p.mp4?cb=ee215647e"],"duration_display":"4:58","duration_seconds":298.07,"embed_url":null,"id":6217,"image_caption":null,"image_url":"https://gdb.voanews.com/c27ee565-b66e-4014-8175-08decae8682a_tv_mw2048_mh2048_n.jpg","is_clip":true,"item_type":"video","item_type_label":"Video","language_label":"Kurdish","media_credit":"VOA","micro_label":"Video report","micro_label_kind":"video","network_label":"VOA","network_logo_url":"/static/uploads/direct_network_logos/voa_1ef13eedbd2f.svg","published_at":"2026-08-17T20:21:14.860000","published_at_display":"17 Aug 2026, 20:21 GMT","sequence_badge_label":null,"sequence_count":null,"sequence_count_label":null,"sequence_frames":[],"sequence_kind":null,"source_name":"dengeamerika_com_direct","source_name_label":"Dengeamerika","source_type":"direct_api","summary":"Pi\u015ft\u00ee ku \u00ear\u00ee\u015f\u00ean dronan bo ser P\u00eermam ku of\u00ees\u00ean Serokwez\u00eer\u00ea Her\u00eama Kurdistan\u00ea \u00fb serok\u00ea Dezgeha parastin\u00ea l\u00ea dim\u00eenin, reaksyon\u00ean cuda derketin hol\u00ea. Diyar Cemal ji Hewl\u00ear\u00ea p\u00eazan\u00een\u00ean n\u00fb radigih\u00eene.","title":"P\u00eazan\u00een\u00ean N\u00fb Derbar\u00ea \u00car\u00ee\u015f\u00ean ser Of\u00eesa Serokwez\u00eer\u00ea Her\u00eama Kurdistan\u00ea","topic":"V\u00eedyo Galer\u00ee","translation_language":"","url":"https://voa-video-ns.akamaized.net/pangeavideo/2026/08/c/c2/c27ee565-b66e-4014-8175-08decae8682a_1080p.mp4?cb=ee215647e","video_url":"https://voa-video-ns.akamaized.net/pangeavideo/2026/08/c/c2/c27ee565-b66e-4014-8175-08decae8682a_1080p.mp4?cb=ee215647e"},{"article_body_paragraphs":[],"audio_source_url":null,"author":"Eyy\u00fbp Dem\u00eer","available_dubs":[],"downloadable_assets":["https://voa-video-ns.akamaized.net/pangeavideo/2026/08/9/9c/9c62dfe8-197b-485a-8176-08decae8682a_1080p.mp4?cb=ee2155886"],"duration_display":"3:47","duration_seconds":227.26,"embed_url":null,"id":6190,"image_caption":null,"image_url":"https://gdb.voanews.com/9c62dfe8-197b-485a-8176-08decae8682a_tv_mw2048_mh2048_n.jpg","is_clip":true,"item_type":"video","item_type_label":"Video","language_label":"Kurdish","media_credit":"VOA","micro_label":"Video report","micro_label_kind":"video","network_label":"VOA","network_logo_url":"/static/uploads/direct_network_logos/voa_1ef13eedbd2f.svg","published_at":"2026-08-17T19:31:18.640000","published_at_display":"17 Aug 2026, 19:31 GMT","sequence_badge_label":null,"sequence_count":null,"sequence_count_label":null,"sequence_frames":[],"sequence_kind":null,"source_name":"dengeamerika_com_direct","source_name_label":"Dengeamerika","source_type":"direct_api","summary":"Serokomar\u00ea Tirk\u00eey\u00ea di hevpeyv\u00eenek\u00ea ya bi kanala 'Al-Jazeera' re got ku ew bi Kurd\u00ean li her\u00eam\u00ea dij\u00een re t\u00eakil\u00eey\u00ean xwe xurt bikin \u00fb al\u00eekar\u00eeya wan bikin. Eyy\u00fbp Dem\u00eer ji Stenbol\u00ea z\u00eadetir ser daxuyan\u00eey\u00ean Erdogan diaxive.","title":"Erdogan Dib\u00eaje, Kurd\u00ean S\u00fbriy\u00ea j\u00ee d\u00ea ji Proseya A\u015ftiy\u00ea S\u00fbdmend Bin","topic":"V\u00eedyo Galer\u00ee","translation_language":"","url":"https://voa-video-ns.akamaized.net/pangeavideo/2026/08/9/9c/9c62dfe8-197b-485a-8176-08decae8682a_1080p.mp4?cb=ee2155886","video_url":"https://voa-video-ns.akamaized.net/pangeavideo/2026/08/9/9c/9c62dfe8-197b-485a-8176-08decae8682a_1080p.mp4?cb=ee2155886"},{"article_body_paragraphs":[],"audio_source_url":null,"author":null,"available_dubs":[],"downloadable_assets":["https://voa-video-ns.akamaized.net/pangeavideo/2026/08/e/e8/e83e3b72-eb94-47e4-a1f0-08def2b10d93_1080p.mp4?cb=ee2154ae1"],"duration_display":"2:57","duration_seconds":177.81,"embed_url":null,"id":6167,"image_caption":null,"image_url":"https://gdb.voanews.com/e83e3b72-eb94-47e4-a1f0-08def2b10d93_tv_mw2048_mh2048_n.jpg","is_clip":true,"item_type":"video","item_type_label":"Video","language_label":"Kurdish","media_credit":"VOA","micro_label":"Video report","micro_label_kind":"video","network_label":"VOA","network_logo_url":"/static/uploads/direct_network_logos/voa_1ef13eedbd2f.svg","published_at":"2026-08-17T18:33:05.253000","published_at_display":"17 Aug 2026, 18:33 GMT","sequence_badge_label":null,"sequence_count":null,"sequence_count_label":null,"sequence_frames":[],"sequence_kind":null,"source_name":"dengeamerika_com_direct","source_name_label":"Dengeamerika","source_type":"direct_api","summary":"Serok Donald Trump peymana n\u00fb ya berevaniya hevbe\u015f ya di navbera Tirk\u00eey\u00ea, Erebistana Sa\u00fbd\u00ee \u00fb Pakistan\u00ea de p\u00ea\u015fwaz\u00ee kir \u00fb ew wek \"gaveke yekem a mezin, w\u00earek \u00fb gir\u00eeng\" bi nav kir.","title":"Trump P\u00ea\u015fwaz\u00eeya Peymana Berevan\u00eey\u00ea ya Mekkey\u00ea Dike","topic":"V\u00eedyo Galer\u00ee","translation_language":"","url":"https://voa-video-ns.akamaized.net/pangeavideo/2026/08/e/e8/e83e3b72-eb94-47e4-a1f0-08def2b10d93_1080p.mp4?cb=ee2154ae1","video_url":"https://voa-video-ns.akamaized.net/pangeavideo/2026/08/e/e8/e83e3b72-eb94-47e4-a1f0-08def2b10d93_1080p.mp4?cb=ee2154ae1"},{"article_body_paragraphs":[],"audio_source_url":null,"author":null,"available_dubs":[],"downloadable_assets":["https://voa-video-ns.akamaized.net/pangeavideo/2026/08/d/d3/d37a14dc-f142-4fe9-7eab-08def2ed48ad_1080p.mp4?cb=ee2154501"],"duration_display":"1:55","duration_seconds":115.13,"embed_url":null,"id":6168,"image_caption":null,"image_url":"https://gdb.voanews.com/d37a14dc-f142-4fe9-7eab-08def2ed48ad_tv_mw2048_mh2048_n.jpg","is_clip":true,"item_type":"video","item_type_label":"Video","language_label":"Kurdish","media_credit":"VOA","micro_label":"Video report","micro_label_kind":"video","network_label":"VOA","network_logo_url":"/static/uploads/direct_network_logos/voa_1ef13eedbd2f.svg","published_at":"2026-08-17T18:08:01.900000","published_at_display":"17 Aug 2026, 18:08 GMT","sequence_badge_label":null,"sequence_count":null,"sequence_count_label":null,"sequence_frames":[],"sequence_kind":null,"source_name":"dengeamerika_com_direct","source_name_label":"Dengeamerika","source_type":"direct_api","summary":"\u015e\u00eawirmend\u00ea Bilind \u00ea Serok\u00ea Amer\u00eekay\u00ea Jared Kushner \u00eero Du\u015fem\u00ea, li Or\u015fel\u00eem\u00ea(Quds) bi Serokwez\u00eer\u00ea Isra\u00eel Benjamin Netanyahu re civiya da ku plana Serok Donald Trump ji bo daw\u00eekirina \u015fer\u00ea Xezay\u00ea dan\u00fbstandinan bikin \u00fb plana a\u015ft\u00eey\u00ea p\u00ea\u015f bixin.","title":"Kushner Pi\u015ft\u00ee Hevd\u00eetina bi R\u00eaber\u00ea Hamas\u00ea re bi Serokwez\u00eer\u00ea \u00cesra\u00eel\u00ea re Civiya","topic":"V\u00eedyo Galer\u00ee","translation_language":"","url":"https://voa-video-ns.akamaized.net/pangeavideo/2026/08/d/d3/d37a14dc-f142-4fe9-7eab-08def2ed48ad_1080p.mp4?cb=ee2154501","video_url":"https://voa-video-ns.akamaized.net/pangeavideo/2026/08/d/d3/d37a14dc-f142-4fe9-7eab-08def2ed48ad_1080p.mp4?cb=ee2154501"},{"article_body_paragraphs":[],"audio_source_url":null,"author":"Emced Kurdo","available_dubs":[],"downloadable_assets":["https://voa-video-ns.akamaized.net/pangeavideo/2026/08/0/03/0366e292-6cd3-430c-c9a8-08decaecd3b3_1080p.mp4?cb=ee215292f"],"duration_display":"3:25","duration_seconds":205.24,"embed_url":null,"id":6116,"image_caption":null,"image_url":"https://gdb.voanews.com/0366e292-6cd3-430c-c9a8-08decaecd3b3_tv_mw2048_mh2048_n.jpg","is_clip":true,"item_type":"video","item_type_label":"Video","language_label":"Kurdish","media_credit":"VOA","micro_label":"Video report","micro_label_kind":"video","network_label":"VOA","network_logo_url":"/static/uploads/direct_network_logos/voa_1ef13eedbd2f.svg","published_at":"2026-08-17T16:09:19.793000","published_at_display":"17 Aug 2026, 16:09 GMT","sequence_badge_label":null,"sequence_count":null,"sequence_count_label":null,"sequence_frames":[],"sequence_kind":null,"source_name":"dengeamerika_com_direct","source_name_label":"Dengeamerika","source_type":"direct_api","summary":"Niv\u00eeskar\u00ea naskir\u00ee Kon\u00ea Re\u015f roleke berbi\u00e7av di parastina folklor, edebiyat \u00fb d\u00eeroka kurd\u00ee de l\u00eestiye, \u00fb yek ji wan kesan e ku nav\u00ean wan bi d\u00eeroka bajar\u00ea Qami\u015flo \u00fb m\u00eerateya Bederxaniyan e ve gir\u00eaday\u00ee ye. Ev raport di salvegera sedsal\u00eeya bajar\u00ea Qami\u015flo de, rola Kon\u00ea Re\u015f p\u00ea\u015f\u00e7av dike.","title":"\u00c7\u00eeroka Kon\u00ea Re\u015f \u00fb Serbora W\u00ee ya Niv\u00eeskar\u00eey\u00ea","topic":"V\u00eedyo Galer\u00ee","translation_language":"","url":"https://voa-video-ns.akamaized.net/pangeavideo/2026/08/0/03/0366e292-6cd3-430c-c9a8-08decaecd3b3_1080p.mp4?cb=ee215292f","video_url":"https://voa-video-ns.akamaized.net/pangeavideo/2026/08/0/03/0366e292-6cd3-430c-c9a8-08decaecd3b3_1080p.mp4?cb=ee215292f"},{"article_body_paragraphs":[],"audio_source_url":null,"author":"Hem\u00eed Mistefa","available_dubs":[],"downloadable_assets":["https://voa-video-ns.akamaized.net/pangeavideo/2026/08/6/61/61cb8795-a0f8-4904-4789-08decadaa577_1080p.mp4?cb=ee215213a"],"duration_display":"2:17","duration_seconds":137.24,"embed_url":null,"id":6063,"image_caption":null,"image_url":"https://gdb.voanews.com/61cb8795-a0f8-4904-4789-08decadaa577_tv_mw2048_mh2048_n.jpg","is_clip":true,"item_type":"video","item_type_label":"Video","language_label":"Kurdish","media_credit":"VOA","micro_label":"Video report","micro_label_kind":"video","network_label":"VOA","network_logo_url":"/static/uploads/direct_network_logos/voa_1ef13eedbd2f.svg","published_at":"2026-08-17T15:35:22.380000","published_at_display":"17 Aug 2026, 15:35 GMT","sequence_badge_label":null,"sequence_count":null,"sequence_count_label":null,"sequence_frames":[],"sequence_kind":null,"source_name":"dengeamerika_com_direct","source_name_label":"Dengeamerika","source_type":"direct_api","summary":"Bajar\u00ea M\u00eelano y\u00ea \u00cetal\u00ee, yek ji bajar\u00ean Ewropa y\u00ean her\u00ee z\u00eade bala ge\u015ftiyaran diki\u015f\u00eene, her sal\u00ea bi milyonan ge\u015ftiyar t\u00ean v\u00ee bajar\u00ee, l\u00ea rew\u015fa xirab ya abor\u00eeya Ewropay\u00ea bandor li jiyana xelk\u00ea baj\u00ear \u00fb bazaran kiriye.","title":"Bandora Abor\u00ee \u00fb Siyaseta Ewopay\u00ea li Ser Bajar\u00ea M\u00eelano y\u00ea Ge\u015ftiyar\u00ee","topic":"V\u00eedyo Galer\u00ee","translation_language":"","url":"https://voa-video-ns.akamaized.net/pangeavideo/2026/08/6/61/61cb8795-a0f8-4904-4789-08decadaa577_1080p.mp4?cb=ee215213a","video_url":"https://voa-video-ns.akamaized.net/pangeavideo/2026/08/6/61/61cb8795-a0f8-4904-4789-08decadaa577_1080p.mp4?cb=ee215213a"},{"article_body_paragraphs":[],"audio_source_url":null,"author":"Eyy\u00fbp Dem\u00eer","available_dubs":[],"downloadable_assets":["https://voa-video-ns.akamaized.net/pangeavideo/2026/08/f/f7/f787b124-ca86-4659-c9a0-08decaecd3b3_1080p.mp4?cb=ee2154c11"],"duration_display":"2:40","duration_seconds":160.17,"embed_url":null,"id":6065,"image_caption":null,"image_url":"https://gdb.voanews.com/f787b124-ca86-4659-c9a0-08decaecd3b3_tv_mw2048_mh2048_n.jpg","is_clip":true,"item_type":"video","item_type_label":"Video","language_label":"Kurdish","media_credit":"VOA","micro_label":"Video report","micro_label_kind":"video","network_label":"VOA","network_logo_url":"/static/uploads/direct_network_logos/voa_1ef13eedbd2f.svg","published_at":"2026-08-17T15:16:19.510000","published_at_display":"17 Aug 2026, 15:16 GMT","sequence_badge_label":null,"sequence_count":null,"sequence_count_label":null,"sequence_frames":[],"sequence_kind":null,"source_name":"dengeamerika_com_direct","source_name_label":"Dengeamerika","source_type":"direct_api","summary":"Bi hezaran girt\u00eey\u00ean siyas\u00ee niha di zindan\u00ean Tirk\u00eey\u00ea de ne, ku yek ji wan j\u00ee Siyasetmedar\u00ea Kurd y\u00ea naskir\u00ee Selahatt\u00een Dem\u00eerta\u015f e. Pirsa sereke ewe ku gelo Qan\u00fbna \u00c7ar\u00e7ovey\u00ee w\u00ea li p\u00ea\u015f\u00eeya derketina Dem\u00eerta\u015f r\u00ea veke an na?","title":"Rew\u015fa Selahattin Demirta\u015f Di Qan\u00fbna \u00c7ar\u00e7ovey\u00ee de","topic":"V\u00eedyo Galer\u00ee","translation_language":"","url":"https://voa-video-ns.akamaized.net/pangeavideo/2026/08/f/f7/f787b124-ca86-4659-c9a0-08decaecd3b3_1080p.mp4?cb=ee2154c11","video_url":"https://voa-video-ns.akamaized.net/pangeavideo/2026/08/f/f7/f787b124-ca86-4659-c9a0-08decaecd3b3_1080p.mp4?cb=ee2154c11"},{"article_body_paragraphs":[],"audio_source_url":null,"author":null,"available_dubs":[],"downloadable_assets":["https://voa-video-ns.akamaized.net/pangeavideo/2026/08/b/bc/bc7632f4-77cc-4ea0-4787-08decadaa577_1080p.mp4?cb=ee2151e3e"],"duration_display":"1:31","duration_seconds":91.54,"embed_url":null,"id":6064,"image_caption":null,"image_url":"https://gdb.voanews.com/bc7632f4-77cc-4ea0-4787-08decadaa577_tv_mw2048_mh2048_n.jpg","is_clip":true,"item_type":"video","item_type_label":"Video","language_label":"Kurdish","media_credit":"VOA","micro_label":"Video report","micro_label_kind":"video","network_label":"VOA","network_logo_url":"/static/uploads/direct_network_logos/voa_1ef13eedbd2f.svg","published_at":"2026-08-17T15:02:17.807000","published_at_display":"17 Aug 2026, 15:02 GMT","sequence_badge_label":null,"sequence_count":null,"sequence_count_label":null,"sequence_frames":[],"sequence_kind":null,"source_name":"dengeamerika_com_direct","source_name_label":"Dengeamerika","source_type":"direct_api","summary":"Serok\u00ea Amer\u00eekay\u00ea Donald Trump \u00eero roja Du\u015fem\u00ea ragihand ku div\u00ea \u00ceran bi ti away\u00ee nebe xwed\u00eeya \u00e7ek\u00ean navok\u00ee. Trump herwiha got, ku div\u00ea \u00ceran ala sip\u00ee hilde \u00fb radest bibe.","title":"Serok Trump Dib\u00eaje; Div\u00ea \u00ceran Ti Car\u00ee Nebe Xwed\u00eeya \u00c7ek\u00ean Navok\u00ee","topic":"V\u00eedyo Galer\u00ee","translation_language":"","url":"https://voa-video-ns.akamaized.net/pangeavideo/2026/08/b/bc/bc7632f4-77cc-4ea0-4787-08decadaa577_1080p.mp4?cb=ee2151e3e","video_url":"https://voa-video-ns.akamaized.net/pangeavideo/2026/08/b/bc/bc7632f4-77cc-4ea0-4787-08decadaa577_1080p.mp4?cb=ee2151e3e"},{"article_body_paragraphs":[],"audio_source_url":null,"author":"Ferhan Hamaxan","available_dubs":[],"downloadable_assets":["https://voa-video-ns.akamaized.net/pangeavideo/2026/08/d/dc/dc47dcce-d408-45f8-c9a2-08decaecd3b3_1080p.mp4?cb=ee21550ae"],"duration_display":"3:53","duration_seconds":233.62,"embed_url":null,"id":6045,"image_caption":null,"image_url":"https://gdb.voanews.com/dc47dcce-d408-45f8-c9a2-08decaecd3b3_tv_mw2048_mh2048_n.jpg","is_clip":true,"item_type":"video","item_type_label":"Video","language_label":"Kurdish","media_credit":"VOA","micro_label":"Video report","micro_label_kind":"video","network_label":"VOA","network_logo_url":"/static/uploads/direct_network_logos/voa_1ef13eedbd2f.svg","published_at":"2026-08-17T14:58:08.727000","published_at_display":"17 Aug 2026, 14:58 GMT","sequence_badge_label":null,"sequence_count":null,"sequence_count_label":null,"sequence_frames":[],"sequence_kind":null,"source_name":"dengeamerika_com_direct","source_name_label":"Dengeamerika","source_type":"direct_api","summary":"Bawermend\u00ean Kakey\u00ee y\u00ean li gundewar\u00ea Hewraman\u00ea dij\u00een, Daxwaza avakirina navende ol\u00ee taybet bo bawermend\u00ean Kakey\u00ee li her\u00eam\u00ea ava bikin.","title":"Bawermend\u00ean Kakey\u00ee Daxwaza Avakirina Navendeke Ol\u00ee Dikin","topic":"V\u00eedyo Galer\u00ee","translation_language":"","url":"https://voa-video-ns.akamaized.net/pangeavideo/2026/08/d/dc/dc47dcce-d408-45f8-c9a2-08decaecd3b3_1080p.mp4?cb=ee21550ae","video_url":"https://voa-video-ns.akamaized.net/pangeavideo/2026/08/d/dc/dc47dcce-d408-45f8-c9a2-08decaecd3b3_1080p.mp4?cb=ee21550ae"},{"article_body_paragraphs":[],"audio_source_url":null,"author":"D\u00eeyar Cemal","available_dubs":[],"downloadable_assets":["https://voa-video-ns.akamaized.net/pangeavideo/2026/08/6/62/6215c7a8-212d-42b3-4788-08decadaa577_1080p.mp4?cb=ee215169a"],"duration_display":"3:10","duration_seconds":190.24,"embed_url":null,"id":6046,"image_caption":null,"image_url":"https://gdb.voanews.com/6215c7a8-212d-42b3-4788-08decadaa577_tv_mw2048_mh2048_n.jpg","is_clip":true,"item_type":"video","item_type_label":"Video","language_label":"Kurdish","media_credit":"VOA","micro_label":"Video report","micro_label_kind":"video","network_label":"VOA","network_logo_url":"/static/uploads/direct_network_logos/voa_1ef13eedbd2f.svg","published_at":"2026-08-17T14:50:02.570000","published_at_display":"17 Aug 2026, 14:50 GMT","sequence_badge_label":null,"sequence_count":null,"sequence_count_label":null,"sequence_frames":[],"sequence_kind":null,"source_name":"dengeamerika_com_direct","source_name_label":"Dengeamerika","source_type":"direct_api","summary":"Tevgera \u00ceslam\u00ee ya siyas\u00ee li Her\u00eama Kurdistan\u00ea di pa\u015fve\u00e7\u00fbn \u00fb b\u00eabawr\u00eeya gel de ye, ji ber v\u00ea yek\u00ea ew nekar\u00eene xizmeta doza Kurd\u00ee bikin \u00fb li gor\u00ee anal\u00eest\u00ean siyas\u00ee, neb\u00fbna zelaliy\u00ea di bernamey\u00ean wan de sedema windakirina deng\u00ea gel e.","title":"Pi\u015ftevan\u00eeya Gel bo Tevgera \u00ceslam\u00ee ya Siyas\u00ee li Her\u00eama Kurdistan\u00ea K\u00eam Dibe","topic":"V\u00eedyo Galer\u00ee","translation_language":"","url":"https://voa-video-ns.akamaized.net/pangeavideo/2026/08/6/62/6215c7a8-212d-42b3-4788-08decadaa577_1080p.mp4?cb=ee215169a","video_url":"https://voa-video-ns.akamaized.net/pangeavideo/2026/08/6/62/6215c7a8-212d-42b3-4788-08decadaa577_1080p.mp4?cb=ee215169a"},{"article_body_paragraphs":[],"audio_source_url":null,"author":"Xetab Omer","available_dubs":[],"downloadable_assets":["https://voa-video-ns.akamaized.net/pangeavideo/2026/08/e/e6/e6243dd9-b2c6-40cf-4773-08decadaa577_1080p.mp4?cb=ee2129dbf"],"duration_display":"2:39","duration_seconds":159.88,"embed_url":null,"id":5560,"image_caption":null,"image_url":"https://gdb.voanews.com/e6243dd9-b2c6-40cf-4773-08decadaa577_tv_mw2048_mh2048_n.jpg","is_clip":true,"item_type":"video","item_type_label":"Video","language_label":"Kurdish","media_credit":"VOA","micro_label":"Video report","micro_label_kind":"video","network_label":"VOA","network_logo_url":"/static/uploads/direct_network_logos/voa_1ef13eedbd2f.svg","published_at":"2026-08-15T17:49:51.373000","published_at_display":"15 Aug 2026, 17:49 GMT","sequence_badge_label":null,"sequence_count":null,"sequence_count_label":null,"sequence_frames":[],"sequence_kind":null,"source_name":"dengeamerika_com_direct","source_name_label":"Dengeamerika","source_type":"direct_api","summary":"Eb\u00fb Eymen xiristiyanek\u00ee Keldan\u00ee y\u00ea bajar\u00ea Zaxoy\u00ea ye ku n\u00eeva temen\u00ea xwe ji bo komkirina kel\u00fbpel\u00ean kelepora ay\u00een \u00fb netewey\u00ean cuda y\u00ean her\u00eam\u00ea terxan kiriye. Raporta Xetab Omer zanyar\u00eey\u00ean b\u00eahtir hene.","title":"Xirist\u00eeyanek\u00ee Zaxoy\u00ea Mozexaneyeke Kelepor\u00ee Vekiriye","topic":"V\u00eedyo Galer\u00ee","translation_language":"","url":"https://voa-video-ns.akamaized.net/pangeavideo/2026/08/e/e6/e6243dd9-b2c6-40cf-4773-08decadaa577_1080p.mp4?cb=ee2129dbf","video_url":"https://voa-video-ns.akamaized.net/pangeavideo/2026/08/e/e6/e6243dd9-b2c6-40cf-4773-08decadaa577_1080p.mp4?cb=ee2129dbf"},{"article_body_paragraphs":[],"audio_source_url":null,"author":"R\u00eaj\u00een Ehmed","available_dubs":[],"downloadable_assets":["https://voa-video-ns.akamaized.net/pangeavideo/2026/08/2/29/295ecefc-670a-434c-7e94-08def2ed48ad_1080p.mp4?cb=ee2129de9"],"duration_display":"5:47","duration_seconds":347.37,"embed_url":null,"id":5550,"image_caption":null,"image_url":"https://gdb.voanews.com/295ecefc-670a-434c-7e94-08def2ed48ad_tv_mw2048_mh2048_n.jpg","is_clip":false,"item_type":"video","item_type_label":"Video","language_label":"Kurdish","media_credit":"VOA","micro_label":"Video report","micro_label_kind":"video","network_label":"VOA","network_logo_url":"/static/uploads/direct_network_logos/voa_1ef13eedbd2f.svg","published_at":"2026-08-15T17:34:21.947000","published_at_display":"15 Aug 2026, 17:34 GMT","sequence_badge_label":null,"sequence_count":null,"sequence_count_label":null,"sequence_frames":[],"sequence_kind":null,"source_name":"dengeamerika_com_direct","source_name_label":"Dengeamerika","source_type":"direct_api","summary":"Duwanzdeh salan pi\u015ft\u00ee komkuj\u00eeya gund\u00ea Ko\u00e7o y\u00ea \u015eingal\u00ea, rizgarb\u00fbya ji nav dest\u00ean Dai\u015f\u00ea Hed\u00eeye Xidir, ku vegeriyaye gund\u00ea xwe, \u00e7\u00eeroka revandin, \u00ee\u015fkence \u00fb \u00ea\u015f\u00ean xwe ji Deng\u00ea Amer\u00eekay\u00ea re vedib\u00eaje.","title":"Rizgarb\u00fbyeke ji Dest\u00ean Dai\u015f\u00ea Behsa Hov\u00eet\u00eeya R\u00eaxistin\u00ea Dike","topic":"V\u00eedyo Galer\u00ee","translation_language":"","url":"https://voa-video-ns.akamaized.net/pangeavideo/2026/08/2/29/295ecefc-670a-434c-7e94-08def2ed48ad_1080p.mp4?cb=ee2129de9","video_url":"https://voa-video-ns.akamaized.net/pangeavideo/2026/08/2/29/295ecefc-670a-434c-7e94-08def2ed48ad_1080p.mp4?cb=ee2129de9"},{"article_body_paragraphs":[],"audio_source_url":null,"author":"Ridwan B\u00eazar","available_dubs":[],"downloadable_assets":["https://voa-video-ns.akamaized.net/pangeavideo/2026/08/d/d5/d517c1dd-b914-4f17-f215-08def2b12219_1080p.mp4?cb=ee2129083"],"duration_display":"2:48","duration_seconds":168.06,"embed_url":null,"id":5546,"image_caption":null,"image_url":"https://gdb.voanews.com/d517c1dd-b914-4f17-f215-08def2b12219_tv_mw2048_mh2048_n.jpg","is_clip":true,"item_type":"video","item_type_label":"Video","language_label":"Kurdish","media_credit":"VOA","micro_label":"Video report","micro_label_kind":"video","network_label":"VOA","network_logo_url":"/static/uploads/direct_network_logos/voa_1ef13eedbd2f.svg","published_at":"2026-08-15T16:53:23.710000","published_at_display":"15 Aug 2026, 16:53 GMT","sequence_badge_label":null,"sequence_count":null,"sequence_count_label":null,"sequence_frames":[],"sequence_kind":null,"source_name":"dengeamerika_com_direct","source_name_label":"Dengeamerika","source_type":"direct_api","summary":"Roj\u00ean \u015fer \u00fb dorp\u00ea\u00e7a li ser Koban\u00eey\u00ea bandor li ser xwendekar\u00ean baj\u00ear kir, l\u00ea tev\u00ee w\u00ea j\u00ee, hin xwendekar\u00ean wek\u00ee El\u00ee Mihemed Qadir di xwendina xwe de serkeft\u00ee ne. Raporta Ridwan b\u00eazar zanyar\u00eey\u00ean b\u00eahtir hene.","title":"Xwendekar\u00ean Koban\u00eey\u00ea di Rew\u015f\u00ean Zehmet de Biser Dikevin","topic":"V\u00eedyo Galer\u00ee","translation_language":"","url":"https://voa-video-ns.akamaized.net/pangeavideo/2026/08/d/d5/d517c1dd-b914-4f17-f215-08def2b12219_1080p.mp4?cb=ee2129083","video_url":"https://voa-video-ns.akamaized.net/pangeavideo/2026/08/d/d5/d517c1dd-b914-4f17-f215-08def2b12219_1080p.mp4?cb=ee2129083"},{"article_body_paragraphs":[],"audio_source_url":null,"author":"\u00cevan Hes\u00eeb","available_dubs":[],"downloadable_assets":["https://voa-video-ns.akamaized.net/pangeavideo/2026/08/3/3b/3bbd4996-b3fc-4e2e-8155-08decae8682a_1080p.mp4?cb=ee2168221"],"duration_display":"3:29","duration_seconds":209.43,"embed_url":null,"id":5515,"image_caption":null,"image_url":"https://gdb.voanews.com/3bbd4996-b3fc-4e2e-8155-08decae8682a_tv_mw2048_mh2048_n.jpg","is_clip":true,"item_type":"video","item_type_label":"Video","language_label":"Kurdish","media_credit":"VOA","micro_label":"Video report","micro_label_kind":"video","network_label":"VOA","network_logo_url":"/static/uploads/direct_network_logos/voa_1ef13eedbd2f.svg","published_at":"2026-08-15T15:13:57.760000","published_at_display":"15 Aug 2026, 15:13 GMT","sequence_badge_label":null,"sequence_count":null,"sequence_count_label":null,"sequence_frames":[],"sequence_kind":null,"source_name":"dengeamerika_com_direct","source_name_label":"Dengeamerika","source_type":"direct_api","summary":"Li bajar\u00ea Qami\u015flo, ni\u015ftecih ji ber neb\u00fbna bankeke xw\u00een\u00ea zehmetyan diki\u015f\u00eenin \u00fb z\u00eeyan gihi\u015ft\u00eeye sektora tendurist\u00eey\u00ea. V\u00ea yek\u00ea bi taybet\u00ee rew\u015fa nexwe\u015f\u00ean talas\u00eema \u00fb pence\u015f\u00ear\u00ea xerabtir kiriye. Raporta \u00cevan Hes\u00eeb b\u00eahtir agah\u00ee hene.","title":"Neb\u00fbna Bankeke Xw\u00een\u00ea li Qami\u015flo Rew\u015fa Nexwe\u015fan Aloz Kiriye","topic":"V\u00eedyo Galer\u00ee","translation_language":"","url":"https://voa-video-ns.akamaized.net/pangeavideo/2026/08/3/3b/3bbd4996-b3fc-4e2e-8155-08decae8682a_1080p.mp4?cb=ee2168221","video_url":"https://voa-video-ns.akamaized.net/pangeavideo/2026/08/3/3b/3bbd4996-b3fc-4e2e-8155-08decae8682a_1080p.mp4?cb=ee2168221"},{"article_body_paragraphs":[],"audio_source_url":null,"author":null,"available_dubs":[],"downloadable_assets":["https://voa-video-ns.akamaized.net/pangeavideo/2026/08/8/80/8070532f-632d-48fd-7e8b-08def2ed48ad_1080p.mp4?cb=ee2116a35"],"duration_display":"2:26","duration_seconds":146.41,"embed_url":null,"id":5338,"image_caption":null,"image_url":"https://gdb.voanews.com/8070532f-632d-48fd-7e8b-08def2ed48ad_tv_mw2048_mh2048_n.jpg","is_clip":true,"item_type":"video","item_type_label":"Video","language_label":"Kurdish","media_credit":"VOA","micro_label":"Video report","micro_label_kind":"video","network_label":"VOA","network_logo_url":"/static/uploads/direct_network_logos/voa_1ef13eedbd2f.svg","published_at":"2026-08-14T19:57:41.797000","published_at_display":"14 Aug 2026, 19:57 GMT","sequence_badge_label":null,"sequence_count":null,"sequence_count_label":null,"sequence_frames":[],"sequence_kind":null,"source_name":"dengeamerika_com_direct","source_name_label":"Dengeamerika","source_type":"direct_api","summary":"Z\u00eadeb\u00fbna Giring\u00eeya Tengava Hormuz\u00ea di Opresyon\u00ean Le\u015fker\u00ea Amer\u00eekay\u00ea de, Are\u015f Salih di v\u00ea raport\u00ea de p\u00eazan\u00een\u00ean z\u00eadetir radigih\u00eene.","title":"Z\u00eadeb\u00fbna Giring\u00eeya Tengava Hormuz\u00ea di Opresyon\u00ean Le\u015fker\u00ea Amer\u00eekay\u00ea de","topic":"V\u00eedyo Galer\u00ee","translation_language":"","url":"https://voa-video-ns.akamaized.net/pangeavideo/2026/08/8/80/8070532f-632d-48fd-7e8b-08def2ed48ad_1080p.mp4?cb=ee2116a35","video_url":"https://voa-video-ns.akamaized.net/pangeavideo/2026/08/8/80/8070532f-632d-48fd-7e8b-08def2ed48ad_1080p.mp4?cb=ee2116a35"}],"next_num":9,"page":8,"pages":15,"per_page":20,"prev_num":7,"total":298}
